{"id":14886,"date":"2021-07-19T16:22:00","date_gmt":"2021-07-19T21:22:00","guid":{"rendered":"http:\/\/www.uartes.edu.ec\/sitio\/?p=14886"},"modified":"2024-07-04T11:26:04","modified_gmt":"2024-07-04T16:26:04","slug":"ministro-de-turismo-recorrio-mz14-y-hablo-de-la-reactivacion-turistica-de-guayaquil","status":"publish","type":"post","link":"https:\/\/www.uartes.edu.ec\/sitio\/en\/blog\/2021\/07\/19\/ministro-de-turismo-recorrio-mz14-y-hablo-de-la-reactivacion-turistica-de-guayaquil\/","title":{"rendered":"Ministro de Turismo recorri\u00f3 MZ14 y habl\u00f3 de la reactivaci\u00f3n tur\u00edstica de Guayaquil"},"content":{"rendered":"<p>\u201cSi est\u00e1s en el centro de Guayaquil (y si no, anda) pasa por MZ14 a vivir <em>Los Quincea\u00f1os de Villa Rosita<\/em> por Mar\u00eda Lorena Pe\u00f1a. Una historia y experiencia maravillosa. Hasta el 27\/Agosto. MZ14: 9 de Octubre y Panam\u00e1 (U. de las Artes)\u201d.<\/p>\n\n\n\n<p>El texto corresponde al tweet que el ministro de Turismo del Ecuador, Niels Olsen Peet, public\u00f3 en su cuenta de la red social de Twitter (@nielsolsenp) tras la visita que realiz\u00f3, el viernes 16 de julio de 2021, al Centro de Producci\u00f3n e Innovaci\u00f3n MZ14 de la Universidad de las Artes. Antes, el mismo d\u00eda, estuvo en la Biblioteca de las Artes.<\/p>\n\n\n\n<p>Olsen Peet fue recibido por autoridades y funcionarios de la UArtes, encabezados por su rector, el doctor William Herrera R\u00edos. Del patrimonial edificio \u2013que originalmente&nbsp;fue&nbsp;el Banco La Previsora, luego&nbsp;la Bolsa de Valores y en la actualidad MZ14\u2013 recorri\u00f3 todos sus espacios y conoci\u00f3, por su concepci\u00f3n y todo lo que ofrece, las razones por las cuales es considerado el contenedor cultural m\u00e1s importante de Guayaquil.&nbsp;<\/p>\n\n\n\n<div class=\"wp-block-image\"><figure class=\"aligncenter size-full\"><img fetchpriority=\"high\" decoding=\"async\" width=\"2000\" height=\"1333\" src=\"http:\/\/www.uartes.edu.ec\/sitio\/wp-content\/uploads\/2021\/07\/4-MINITRO-DE-TURISMO-UARTES.jpg\" alt=\"\" class=\"wp-image-14867\" srcset=\"https:\/\/www.uartes.edu.ec\/sitio\/wp-content\/uploads\/2021\/07\/4-MINITRO-DE-TURISMO-UARTES.jpg 2000w, https:\/\/www.uartes.edu.ec\/sitio\/wp-content\/uploads\/2021\/07\/4-MINITRO-DE-TURISMO-UARTES-300x200.jpg 300w, https:\/\/www.uartes.edu.ec\/sitio\/wp-content\/uploads\/2021\/07\/4-MINITRO-DE-TURISMO-UARTES-644x429.jpg 644w, https:\/\/www.uartes.edu.ec\/sitio\/wp-content\/uploads\/2021\/07\/4-MINITRO-DE-TURISMO-UARTES-768x512.jpg 768w, https:\/\/www.uartes.edu.ec\/sitio\/wp-content\/uploads\/2021\/07\/4-MINITRO-DE-TURISMO-UARTES-1536x1024.jpg 1536w, https:\/\/www.uartes.edu.ec\/sitio\/wp-content\/uploads\/2021\/07\/4-MINITRO-DE-TURISMO-UARTES-16x12.jpg 16w, https:\/\/www.uartes.edu.ec\/sitio\/wp-content\/uploads\/2021\/07\/4-MINITRO-DE-TURISMO-UARTES-600x400.jpg 600w, https:\/\/www.uartes.edu.ec\/sitio\/wp-content\/uploads\/2021\/07\/4-MINITRO-DE-TURISMO-UARTES-400x267.jpg 400w, https:\/\/www.uartes.edu.ec\/sitio\/wp-content\/uploads\/2021\/07\/4-MINITRO-DE-TURISMO-UARTES-272x182.jpg 272w\" sizes=\"(max-width: 2000px) 100vw, 2000px\" \/><\/figure><\/div>\n\n\n\n<p>Adem\u00e1s de apreciar en la Galer\u00eda del MZ14 <em>Los Quincea\u00f1os de Villa Rosita<\/em> de Mar\u00eda Lorena Pe\u00f1a, visit\u00f3 en el Project Room y las B\u00f3vedas la exposici\u00f3n&nbsp;<em>Duomining<\/em>&nbsp;del artista Juan Carlos Le\u00f3n. Ambas muestras estar\u00e1n, como bien indica el Ministro de Turismo en Twitter, hasta el 27 de agosto pr\u00f3ximo.<\/p>\n\n\n\n<div class=\"wp-block-image\"><figure class=\"aligncenter size-full\"><img decoding=\"async\" width=\"2000\" height=\"1333\" src=\"http:\/\/www.uartes.edu.ec\/sitio\/wp-content\/uploads\/2021\/07\/MINISTRO-CINE-MZ14.jpg\" alt=\"\" class=\"wp-image-14889\" srcset=\"https:\/\/www.uartes.edu.ec\/sitio\/wp-content\/uploads\/2021\/07\/MINISTRO-CINE-MZ14.jpg 2000w, https:\/\/www.uartes.edu.ec\/sitio\/wp-content\/uploads\/2021\/07\/MINISTRO-CINE-MZ14-300x200.jpg 300w, https:\/\/www.uartes.edu.ec\/sitio\/wp-content\/uploads\/2021\/07\/MINISTRO-CINE-MZ14-644x429.jpg 644w, https:\/\/www.uartes.edu.ec\/sitio\/wp-content\/uploads\/2021\/07\/MINISTRO-CINE-MZ14-768x512.jpg 768w, https:\/\/www.uartes.edu.ec\/sitio\/wp-content\/uploads\/2021\/07\/MINISTRO-CINE-MZ14-1536x1024.jpg 1536w, https:\/\/www.uartes.edu.ec\/sitio\/wp-content\/uploads\/2021\/07\/MINISTRO-CINE-MZ14-16x12.jpg 16w, https:\/\/www.uartes.edu.ec\/sitio\/wp-content\/uploads\/2021\/07\/MINISTRO-CINE-MZ14-600x400.jpg 600w, https:\/\/www.uartes.edu.ec\/sitio\/wp-content\/uploads\/2021\/07\/MINISTRO-CINE-MZ14-400x267.jpg 400w, https:\/\/www.uartes.edu.ec\/sitio\/wp-content\/uploads\/2021\/07\/MINISTRO-CINE-MZ14-272x182.jpg 272w\" sizes=\"(max-width: 2000px) 100vw, 2000px\" \/><\/figure><\/div>\n\n\n\n<p>La Sala de Cine, el Auditorio, el Sal\u00f3n Patrimonial, la Plaza P\u00fablica, la terraza y el balc\u00f3n tambi\u00e9n fueron recorridos por Niels Olsen, quien junto con las autoridades UArtes dialog\u00f3 acerca de la reactivaci\u00f3n tur\u00edstica de la ciudad, coment\u00f3 Pilar Estrada, directora del MZ14. En otro de sus tweets, el funcionario de Gobierno destac\u00f3 el excelente trabajo del Centro de Producci\u00f3n e Innovaci\u00f3n de la UArtes para impulsar el arte y la cultura en Guayaquil. \u201c(\u2026) Todos los que impulsen el arte y conviertan a nuestra ciudad en una m\u00e1s viva, tienen nuestro apoyo\u201d, se lee en @nielsolsenp.<\/p>\n\n\n\n<p>Cabe anotar que, observando todas las medidas de bioseguridad necesarias y aforos limitados, el MZ14 de la UArtes viene impulsando y acogiendo actividades culturales y art\u00edsticas desde el primer d\u00eda del presente mes. Su programaci\u00f3n es variada y dise\u00f1ada en coherencia con el trabajo que han desarrollado los artistas y gestores del pa\u00eds.<\/p>\n\n\n\n<p>Como Centro de Producci\u00f3n e Innovaci\u00f3n de la UArtes, el MZ14 pretende ser un actor de transformaci\u00f3n social y cultural, promoviendo el acercamiento ciudadano al arte y la cultura en todas sus manifestaciones. Su agenda es el resultado de un di\u00e1logo permanente con el espacio p\u00fablico y la comunidad.<\/p>\n\n\n\n<div class=\"wp-block-image\"><figure class=\"aligncenter size-full\"><img decoding=\"async\" width=\"2000\" height=\"1333\" src=\"http:\/\/www.uartes.edu.ec\/sitio\/wp-content\/uploads\/2021\/07\/MINISTRO-EXPOSICION-MZ14.jpg\" alt=\"\" class=\"wp-image-14891\" srcset=\"https:\/\/www.uartes.edu.ec\/sitio\/wp-content\/uploads\/2021\/07\/MINISTRO-EXPOSICION-MZ14.jpg 2000w, https:\/\/www.uartes.edu.ec\/sitio\/wp-content\/uploads\/2021\/07\/MINISTRO-EXPOSICION-MZ14-300x200.jpg 300w, https:\/\/www.uartes.edu.ec\/sitio\/wp-content\/uploads\/2021\/07\/MINISTRO-EXPOSICION-MZ14-644x429.jpg 644w, https:\/\/www.uartes.edu.ec\/sitio\/wp-content\/uploads\/2021\/07\/MINISTRO-EXPOSICION-MZ14-768x512.jpg 768w, https:\/\/www.uartes.edu.ec\/sitio\/wp-content\/uploads\/2021\/07\/MINISTRO-EXPOSICION-MZ14-1536x1024.jpg 1536w, https:\/\/www.uartes.edu.ec\/sitio\/wp-content\/uploads\/2021\/07\/MINISTRO-EXPOSICION-MZ14-16x12.jpg 16w, https:\/\/www.uartes.edu.ec\/sitio\/wp-content\/uploads\/2021\/07\/MINISTRO-EXPOSICION-MZ14-600x400.jpg 600w, https:\/\/www.uartes.edu.ec\/sitio\/wp-content\/uploads\/2021\/07\/MINISTRO-EXPOSICION-MZ14-400x267.jpg 400w, https:\/\/www.uartes.edu.ec\/sitio\/wp-content\/uploads\/2021\/07\/MINISTRO-EXPOSICION-MZ14-272x182.jpg 272w\" sizes=\"(max-width: 2000px) 100vw, 2000px\" \/><\/figure><\/div>\n\n\n\n<h3 class=\"wp-block-heading\"><strong>Apuntes<\/strong><\/h3>\n\n\n\n<p><em>Los Quincea\u00f1os de Villa Rosita, el registro, la memoria y lo importante<\/em> consiste en la recopilaci\u00f3n de documentos de la infraestructura, ubicada en Col\u00f3n entre Quito y Pedro Moncayo y convertida en una de las casas patrimoniales de Guayaquil que est\u00e1n abandonadas. Fotograf\u00edas, videos, intervenciones y entrevistas in situ, iniciadas por su autora en 2016, componen la muestra, cuya historia es una historia de amor. La exposici\u00f3n estuvo en el Sal\u00f3n de Julio del Museo Municipal de Guayaquil; la curadur\u00eda es de Pilar Estrada\u00a0\u00a0<\/p>\n\n\n\n<p>En <em>Duomining,<\/em>&nbsp;de Juan Carlos Le\u00f3n, la materialidad se convierte en una experiencia bajo una perspectiva de conocimiento que flexiona su naturaleza. El artista presenta varios proyectos en proceso que provienen de las series <em>Cat\u00e1logo de materiales<\/em> and <em>La ca\u00edda del Jaguar<\/em>, donde busca despertar esa tercera v\u00eda en el uso de la materia, algo que Graham Harman denomina \u201cduomining\u201d o duovacamiento. Lo mat\u00e9rico nos traspasa a todas las formas de vida, ya sea por su constituci\u00f3n como materia o por las relaciones y acciones f\u00edsicas que tengamos con esas materias-objetos. El artista toma esas normas y las combina en una relaci\u00f3n simbi\u00f3tica para revelar una \u201ctercera entidad\u201d que muestra una nueva materialidad constituida por su \u201cefecto simb\u00f3lico\u201d que permite reflexi\u00f3n po\u00e9tica y cr\u00edtica (tomado de <a href=\"http:\/\/masartegaleria.com\/\">http:\/\/masartegaleria.com\/<\/a>).<\/p>\n\n\n\n<p>Las muestras se pueden visitar de lunes a s\u00e1bado, de 10:00 a 17:30.<\/p>\n\n\n\n<div class=\"wp-block-image\"><figure class=\"aligncenter size-full\"><img loading=\"lazy\" decoding=\"async\" width=\"2000\" height=\"1333\" src=\"http:\/\/www.uartes.edu.ec\/sitio\/wp-content\/uploads\/2021\/07\/MINISTRO-expo-2-MZ14.jpg\" alt=\"\" class=\"wp-image-14890\" srcset=\"https:\/\/www.uartes.edu.ec\/sitio\/wp-content\/uploads\/2021\/07\/MINISTRO-expo-2-MZ14.jpg 2000w, https:\/\/www.uartes.edu.ec\/sitio\/wp-content\/uploads\/2021\/07\/MINISTRO-expo-2-MZ14-300x200.jpg 300w, https:\/\/www.uartes.edu.ec\/sitio\/wp-content\/uploads\/2021\/07\/MINISTRO-expo-2-MZ14-644x429.jpg 644w, https:\/\/www.uartes.edu.ec\/sitio\/wp-content\/uploads\/2021\/07\/MINISTRO-expo-2-MZ14-768x512.jpg 768w, https:\/\/www.uartes.edu.ec\/sitio\/wp-content\/uploads\/2021\/07\/MINISTRO-expo-2-MZ14-1536x1024.jpg 1536w, https:\/\/www.uartes.edu.ec\/sitio\/wp-content\/uploads\/2021\/07\/MINISTRO-expo-2-MZ14-16x12.jpg 16w, https:\/\/www.uartes.edu.ec\/sitio\/wp-content\/uploads\/2021\/07\/MINISTRO-expo-2-MZ14-600x400.jpg 600w, https:\/\/www.uartes.edu.ec\/sitio\/wp-content\/uploads\/2021\/07\/MINISTRO-expo-2-MZ14-400x267.jpg 400w, https:\/\/www.uartes.edu.ec\/sitio\/wp-content\/uploads\/2021\/07\/MINISTRO-expo-2-MZ14-272x182.jpg 272w\" sizes=\"(max-width: 2000px) 100vw, 2000px\" \/><\/figure><\/div>\n\n\n\n<p>En la imagen, el rector de la UArtes, doctor William Herrera (izq.), junto a Pilar Estrada, el ministro de Turismo, Niels Olsen; y, la artista Mar\u00eda Lorena Pe\u00f1a.<\/p>","protected":false},"excerpt":{"rendered":"<p>\u201cSi est\u00e1s en el centro de Guayaquil (y si no, anda) pasa por MZ14 a vivir Los Quincea\u00f1os de Villa Rosita por Mar\u00eda Lorena Pe\u00f1a. Una historia y experiencia maravillosa. Hasta el 27\/Agosto. MZ14: 9 de Octubre y Panam\u00e1 (U. de las Artes)\u201d.<\/p>","protected":false},"author":10,"featured_media":14890,"comment_status":"open","ping_status":"open","sticky":false,"template":"","format":"standard","meta":{"_acf_changed":false,"_uag_custom_page_level_css":"","_monsterinsights_skip_tracking":false,"_monsterinsights_sitenote_active":false,"_monsterinsights_sitenote_note":"","_monsterinsights_sitenote_category":0,"cybocfi_hide_featured_image":"","footnotes":""},"categories":[77,84],"tags":[106],"infouartes":[],"class_list":["post-14886","post","type-post","status-publish","format-standard","has-post-thumbnail","hentry","category-gestion","category-rectorado","tag-mz14"],"acf":[],"yoast_head":"<!-- This site is optimized with the Yoast SEO plugin v27.4 - https:\/\/yoast.com\/product\/yoast-seo-wordpress\/ -->\n<title>Universidad de las Artes - Ministro de Turismo recorri\u00f3 MZ14 y habl\u00f3 de la reactivaci\u00f3n tur\u00edstica de Guayaquil<\/title>\n<meta name=\"description\" content=\"Universidad de las Artes - Ministro de Turismo recorri\u00f3 MZ14 y habl\u00f3 de la reactivaci\u00f3n tur\u00edstica de Guayaquil\" \/>\n<meta name=\"robots\" content=\"index, follow, max-snippet:-1, max-image-preview:large, max-video-preview:-1\" \/>\n<link rel=\"canonical\" href=\"https:\/\/www.uartes.edu.ec\/sitio\/en\/blog\/2021\/07\/19\/ministro-de-turismo-recorrio-mz14-y-hablo-de-la-reactivacion-turistica-de-guayaquil\/\" \/>\n<meta property=\"og:locale\" content=\"en_US\" \/>\n<meta property=\"og:type\" content=\"article\" \/>\n<meta property=\"og:title\" content=\"Universidad de las Artes - Ministro de Turismo recorri\u00f3 MZ14 y habl\u00f3 de la reactivaci\u00f3n tur\u00edstica de Guayaquil\" \/>\n<meta property=\"og:description\" content=\"Universidad de las Artes - Ministro de Turismo recorri\u00f3 MZ14 y habl\u00f3 de la reactivaci\u00f3n tur\u00edstica de Guayaquil\" \/>\n<meta property=\"og:url\" content=\"https:\/\/www.uartes.edu.ec\/sitio\/en\/blog\/2021\/07\/19\/ministro-de-turismo-recorrio-mz14-y-hablo-de-la-reactivacion-turistica-de-guayaquil\/\" \/>\n<meta property=\"og:site_name\" content=\"Universidad de las Artes\" \/>\n<meta property=\"article:publisher\" content=\"https:\/\/www.facebook.com\/uartesec\" \/>\n<meta property=\"article:published_time\" content=\"2021-07-19T21:22:00+00:00\" \/>\n<meta property=\"article:modified_time\" content=\"2024-07-04T16:26:04+00:00\" \/>\n<meta property=\"og:image\" content=\"https:\/\/www.uartes.edu.ec\/sitio\/wp-content\/uploads\/2021\/07\/MINISTRO-expo-2-MZ14.jpg\" \/>\n\t<meta property=\"og:image:width\" content=\"2000\" \/>\n\t<meta property=\"og:image:height\" content=\"1333\" \/>\n\t<meta property=\"og:image:type\" content=\"image\/jpeg\" \/>\n<meta name=\"author\" content=\"ccortez\" \/>\n<meta name=\"twitter:card\" content=\"summary_large_image\" \/>\n<meta name=\"twitter:creator\" content=\"@uartesec\" \/>\n<meta name=\"twitter:site\" content=\"@uartesec\" \/>\n<meta name=\"twitter:label1\" content=\"Written by\" \/>\n\t<meta name=\"twitter:data1\" content=\"ccortez\" \/>\n\t<meta name=\"twitter:label2\" content=\"Est. reading time\" \/>\n\t<meta name=\"twitter:data2\" content=\"4 minutes\" \/>\n<script type=\"application\/ld+json\" class=\"yoast-schema-graph\">{\"@context\":\"https:\\\/\\\/schema.org\",\"@graph\":[{\"@type\":\"Article\",\"@id\":\"https:\\\/\\\/www.uartes.edu.ec\\\/sitio\\\/en\\\/blog\\\/2021\\\/07\\\/19\\\/ministro-de-turismo-recorrio-mz14-y-hablo-de-la-reactivacion-turistica-de-guayaquil\\\/#article\",\"isPartOf\":{\"@id\":\"https:\\\/\\\/www.uartes.edu.ec\\\/sitio\\\/en\\\/blog\\\/2021\\\/07\\\/19\\\/ministro-de-turismo-recorrio-mz14-y-hablo-de-la-reactivacion-turistica-de-guayaquil\\\/\"},\"author\":{\"name\":\"ccortez\",\"@id\":\"https:\\\/\\\/www.uartes.edu.ec\\\/sitio\\\/en\\\/#\\\/schema\\\/person\\\/efa1b8275797664fd7f13a79ccc0b1f4\"},\"headline\":\"Ministro de Turismo recorri\u00f3 MZ14 y habl\u00f3 de la reactivaci\u00f3n tur\u00edstica de Guayaquil\",\"datePublished\":\"2021-07-19T21:22:00+00:00\",\"dateModified\":\"2024-07-04T16:26:04+00:00\",\"mainEntityOfPage\":{\"@id\":\"https:\\\/\\\/www.uartes.edu.ec\\\/sitio\\\/en\\\/blog\\\/2021\\\/07\\\/19\\\/ministro-de-turismo-recorrio-mz14-y-hablo-de-la-reactivacion-turistica-de-guayaquil\\\/\"},\"wordCount\":756,\"commentCount\":0,\"publisher\":{\"@id\":\"https:\\\/\\\/www.uartes.edu.ec\\\/sitio\\\/en\\\/#organization\"},\"image\":{\"@id\":\"https:\\\/\\\/www.uartes.edu.ec\\\/sitio\\\/en\\\/blog\\\/2021\\\/07\\\/19\\\/ministro-de-turismo-recorrio-mz14-y-hablo-de-la-reactivacion-turistica-de-guayaquil\\\/#primaryimage\"},\"thumbnailUrl\":\"https:\\\/\\\/www.uartes.edu.ec\\\/sitio\\\/wp-content\\\/uploads\\\/2021\\\/07\\\/MINISTRO-expo-2-MZ14.jpg\",\"keywords\":[\"mz14\"],\"articleSection\":[\"Gesti\u00f3n\",\"Rectorado\"],\"inLanguage\":\"en-US\",\"potentialAction\":[{\"@type\":\"CommentAction\",\"name\":\"Comment\",\"target\":[\"https:\\\/\\\/www.uartes.edu.ec\\\/sitio\\\/en\\\/blog\\\/2021\\\/07\\\/19\\\/ministro-de-turismo-recorrio-mz14-y-hablo-de-la-reactivacion-turistica-de-guayaquil\\\/#respond\"]}]},{\"@type\":[\"WebPage\",\"ItemPage\"],\"@id\":\"https:\\\/\\\/www.uartes.edu.ec\\\/sitio\\\/en\\\/blog\\\/2021\\\/07\\\/19\\\/ministro-de-turismo-recorrio-mz14-y-hablo-de-la-reactivacion-turistica-de-guayaquil\\\/\",\"url\":\"https:\\\/\\\/www.uartes.edu.ec\\\/sitio\\\/en\\\/blog\\\/2021\\\/07\\\/19\\\/ministro-de-turismo-recorrio-mz14-y-hablo-de-la-reactivacion-turistica-de-guayaquil\\\/\",\"name\":\"Universidad de las Artes - Ministro de Turismo recorri\u00f3 MZ14 y habl\u00f3 de la reactivaci\u00f3n tur\u00edstica de Guayaquil\",\"isPartOf\":{\"@id\":\"https:\\\/\\\/www.uartes.edu.ec\\\/sitio\\\/en\\\/#website\"},\"primaryImageOfPage\":{\"@id\":\"https:\\\/\\\/www.uartes.edu.ec\\\/sitio\\\/en\\\/blog\\\/2021\\\/07\\\/19\\\/ministro-de-turismo-recorrio-mz14-y-hablo-de-la-reactivacion-turistica-de-guayaquil\\\/#primaryimage\"},\"image\":{\"@id\":\"https:\\\/\\\/www.uartes.edu.ec\\\/sitio\\\/en\\\/blog\\\/2021\\\/07\\\/19\\\/ministro-de-turismo-recorrio-mz14-y-hablo-de-la-reactivacion-turistica-de-guayaquil\\\/#primaryimage\"},\"thumbnailUrl\":\"https:\\\/\\\/www.uartes.edu.ec\\\/sitio\\\/wp-content\\\/uploads\\\/2021\\\/07\\\/MINISTRO-expo-2-MZ14.jpg\",\"datePublished\":\"2021-07-19T21:22:00+00:00\",\"dateModified\":\"2024-07-04T16:26:04+00:00\",\"description\":\"Universidad de las Artes - Ministro de Turismo recorri\u00f3 MZ14 y habl\u00f3 de la reactivaci\u00f3n tur\u00edstica de Guayaquil\",\"breadcrumb\":{\"@id\":\"https:\\\/\\\/www.uartes.edu.ec\\\/sitio\\\/en\\\/blog\\\/2021\\\/07\\\/19\\\/ministro-de-turismo-recorrio-mz14-y-hablo-de-la-reactivacion-turistica-de-guayaquil\\\/#breadcrumb\"},\"inLanguage\":\"en-US\",\"potentialAction\":[{\"@type\":\"ReadAction\",\"target\":[\"https:\\\/\\\/www.uartes.edu.ec\\\/sitio\\\/en\\\/blog\\\/2021\\\/07\\\/19\\\/ministro-de-turismo-recorrio-mz14-y-hablo-de-la-reactivacion-turistica-de-guayaquil\\\/\"]}]},{\"@type\":\"ImageObject\",\"inLanguage\":\"en-US\",\"@id\":\"https:\\\/\\\/www.uartes.edu.ec\\\/sitio\\\/en\\\/blog\\\/2021\\\/07\\\/19\\\/ministro-de-turismo-recorrio-mz14-y-hablo-de-la-reactivacion-turistica-de-guayaquil\\\/#primaryimage\",\"url\":\"https:\\\/\\\/www.uartes.edu.ec\\\/sitio\\\/wp-content\\\/uploads\\\/2021\\\/07\\\/MINISTRO-expo-2-MZ14.jpg\",\"contentUrl\":\"https:\\\/\\\/www.uartes.edu.ec\\\/sitio\\\/wp-content\\\/uploads\\\/2021\\\/07\\\/MINISTRO-expo-2-MZ14.jpg\",\"width\":2000,\"height\":1333},{\"@type\":\"BreadcrumbList\",\"@id\":\"https:\\\/\\\/www.uartes.edu.ec\\\/sitio\\\/en\\\/blog\\\/2021\\\/07\\\/19\\\/ministro-de-turismo-recorrio-mz14-y-hablo-de-la-reactivacion-turistica-de-guayaquil\\\/#breadcrumb\",\"itemListElement\":[{\"@type\":\"ListItem\",\"position\":1,\"name\":\"Inicio\",\"item\":\"https:\\\/\\\/www.uartes.edu.ec\\\/sitio\\\/\"},{\"@type\":\"ListItem\",\"position\":2,\"name\":\"Ministro de Turismo recorri\u00f3 MZ14 y habl\u00f3 de la reactivaci\u00f3n tur\u00edstica de Guayaquil\"}]},{\"@type\":\"WebSite\",\"@id\":\"https:\\\/\\\/www.uartes.edu.ec\\\/sitio\\\/en\\\/#website\",\"url\":\"https:\\\/\\\/www.uartes.edu.ec\\\/sitio\\\/en\\\/\",\"name\":\"Universidad de las Artes\",\"description\":\"Sitio oficial de la Universidad Nacional de las Artes del Ecuador\",\"publisher\":{\"@id\":\"https:\\\/\\\/www.uartes.edu.ec\\\/sitio\\\/en\\\/#organization\"},\"potentialAction\":[{\"@type\":\"SearchAction\",\"target\":{\"@type\":\"EntryPoint\",\"urlTemplate\":\"https:\\\/\\\/www.uartes.edu.ec\\\/sitio\\\/en\\\/?s={search_term_string}\"},\"query-input\":{\"@type\":\"PropertyValueSpecification\",\"valueRequired\":true,\"valueName\":\"search_term_string\"}}],\"inLanguage\":\"en-US\"},{\"@type\":\"Organization\",\"@id\":\"https:\\\/\\\/www.uartes.edu.ec\\\/sitio\\\/en\\\/#organization\",\"name\":\"Universidad de las Artes\",\"url\":\"https:\\\/\\\/www.uartes.edu.ec\\\/sitio\\\/en\\\/\",\"logo\":{\"@type\":\"ImageObject\",\"inLanguage\":\"en-US\",\"@id\":\"https:\\\/\\\/www.uartes.edu.ec\\\/sitio\\\/en\\\/#\\\/schema\\\/logo\\\/image\\\/\",\"url\":\"https:\\\/\\\/www.uartes.edu.ec\\\/sitio\\\/wp-content\\\/uploads\\\/2022\\\/07\\\/logo-ua-horizontal.png\",\"contentUrl\":\"https:\\\/\\\/www.uartes.edu.ec\\\/sitio\\\/wp-content\\\/uploads\\\/2022\\\/07\\\/logo-ua-horizontal.png\",\"width\":800,\"height\":276,\"caption\":\"Universidad de las Artes\"},\"image\":{\"@id\":\"https:\\\/\\\/www.uartes.edu.ec\\\/sitio\\\/en\\\/#\\\/schema\\\/logo\\\/image\\\/\"},\"sameAs\":[\"https:\\\/\\\/www.facebook.com\\\/uartesec\",\"https:\\\/\\\/x.com\\\/uartesec\",\"https:\\\/\\\/www.tiktok.com\\\/@uartesec\"]},{\"@type\":\"Person\",\"@id\":\"https:\\\/\\\/www.uartes.edu.ec\\\/sitio\\\/en\\\/#\\\/schema\\\/person\\\/efa1b8275797664fd7f13a79ccc0b1f4\",\"name\":\"ccortez\",\"image\":{\"@type\":\"ImageObject\",\"inLanguage\":\"en-US\",\"@id\":\"https:\\\/\\\/secure.gravatar.com\\\/avatar\\\/b2a6f664a3ae8e074346ef91775736c5ec479e637ecced6842de9dc98b5da9cd?s=96&d=mm&r=g\",\"url\":\"https:\\\/\\\/secure.gravatar.com\\\/avatar\\\/b2a6f664a3ae8e074346ef91775736c5ec479e637ecced6842de9dc98b5da9cd?s=96&d=mm&r=g\",\"contentUrl\":\"https:\\\/\\\/secure.gravatar.com\\\/avatar\\\/b2a6f664a3ae8e074346ef91775736c5ec479e637ecced6842de9dc98b5da9cd?s=96&d=mm&r=g\",\"caption\":\"ccortez\"},\"url\":\"https:\\\/\\\/www.uartes.edu.ec\\\/sitio\\\/en\\\/blog\\\/author\\\/ccortez\\\/\"}]}<\/script>\n<!-- \/ Yoast SEO plugin. -->","yoast_head_json":{"title":"Universidad de las Artes - Ministro de Turismo recorri\u00f3 MZ14 y habl\u00f3 de la reactivaci\u00f3n tur\u00edstica de Guayaquil","description":"Universidad de las Artes - Ministro de Turismo recorri\u00f3 MZ14 y habl\u00f3 de la reactivaci\u00f3n tur\u00edstica de Guayaquil","robots":{"index":"index","follow":"follow","max-snippet":"max-snippet:-1","max-image-preview":"max-image-preview:large","max-video-preview":"max-video-preview:-1"},"canonical":"https:\/\/www.uartes.edu.ec\/sitio\/en\/blog\/2021\/07\/19\/ministro-de-turismo-recorrio-mz14-y-hablo-de-la-reactivacion-turistica-de-guayaquil\/","og_locale":"en_US","og_type":"article","og_title":"Universidad de las Artes - Ministro de Turismo recorri\u00f3 MZ14 y habl\u00f3 de la reactivaci\u00f3n tur\u00edstica de Guayaquil","og_description":"Universidad de las Artes - Ministro de Turismo recorri\u00f3 MZ14 y habl\u00f3 de la reactivaci\u00f3n tur\u00edstica de Guayaquil","og_url":"https:\/\/www.uartes.edu.ec\/sitio\/en\/blog\/2021\/07\/19\/ministro-de-turismo-recorrio-mz14-y-hablo-de-la-reactivacion-turistica-de-guayaquil\/","og_site_name":"Universidad de las Artes","article_publisher":"https:\/\/www.facebook.com\/uartesec","article_published_time":"2021-07-19T21:22:00+00:00","article_modified_time":"2024-07-04T16:26:04+00:00","og_image":[{"width":2000,"height":1333,"url":"https:\/\/www.uartes.edu.ec\/sitio\/wp-content\/uploads\/2021\/07\/MINISTRO-expo-2-MZ14.jpg","type":"image\/jpeg"}],"author":"ccortez","twitter_card":"summary_large_image","twitter_creator":"@uartesec","twitter_site":"@uartesec","twitter_misc":{"Written by":"ccortez","Est. reading time":"4 minutes"},"schema":{"@context":"https:\/\/schema.org","@graph":[{"@type":"Article","@id":"https:\/\/www.uartes.edu.ec\/sitio\/en\/blog\/2021\/07\/19\/ministro-de-turismo-recorrio-mz14-y-hablo-de-la-reactivacion-turistica-de-guayaquil\/#article","isPartOf":{"@id":"https:\/\/www.uartes.edu.ec\/sitio\/en\/blog\/2021\/07\/19\/ministro-de-turismo-recorrio-mz14-y-hablo-de-la-reactivacion-turistica-de-guayaquil\/"},"author":{"name":"ccortez","@id":"https:\/\/www.uartes.edu.ec\/sitio\/en\/#\/schema\/person\/efa1b8275797664fd7f13a79ccc0b1f4"},"headline":"Ministro de Turismo recorri\u00f3 MZ14 y habl\u00f3 de la reactivaci\u00f3n tur\u00edstica de Guayaquil","datePublished":"2021-07-19T21:22:00+00:00","dateModified":"2024-07-04T16:26:04+00:00","mainEntityOfPage":{"@id":"https:\/\/www.uartes.edu.ec\/sitio\/en\/blog\/2021\/07\/19\/ministro-de-turismo-recorrio-mz14-y-hablo-de-la-reactivacion-turistica-de-guayaquil\/"},"wordCount":756,"commentCount":0,"publisher":{"@id":"https:\/\/www.uartes.edu.ec\/sitio\/en\/#organization"},"image":{"@id":"https:\/\/www.uartes.edu.ec\/sitio\/en\/blog\/2021\/07\/19\/ministro-de-turismo-recorrio-mz14-y-hablo-de-la-reactivacion-turistica-de-guayaquil\/#primaryimage"},"thumbnailUrl":"https:\/\/www.uartes.edu.ec\/sitio\/wp-content\/uploads\/2021\/07\/MINISTRO-expo-2-MZ14.jpg","keywords":["mz14"],"articleSection":["Gesti\u00f3n","Rectorado"],"inLanguage":"en-US","potentialAction":[{"@type":"CommentAction","name":"Comment","target":["https:\/\/www.uartes.edu.ec\/sitio\/en\/blog\/2021\/07\/19\/ministro-de-turismo-recorrio-mz14-y-hablo-de-la-reactivacion-turistica-de-guayaquil\/#respond"]}]},{"@type":["WebPage","ItemPage"],"@id":"https:\/\/www.uartes.edu.ec\/sitio\/en\/blog\/2021\/07\/19\/ministro-de-turismo-recorrio-mz14-y-hablo-de-la-reactivacion-turistica-de-guayaquil\/","url":"https:\/\/www.uartes.edu.ec\/sitio\/en\/blog\/2021\/07\/19\/ministro-de-turismo-recorrio-mz14-y-hablo-de-la-reactivacion-turistica-de-guayaquil\/","name":"Universidad de las Artes - Ministro de Turismo recorri\u00f3 MZ14 y habl\u00f3 de la reactivaci\u00f3n tur\u00edstica de Guayaquil","isPartOf":{"@id":"https:\/\/www.uartes.edu.ec\/sitio\/en\/#website"},"primaryImageOfPage":{"@id":"https:\/\/www.uartes.edu.ec\/sitio\/en\/blog\/2021\/07\/19\/ministro-de-turismo-recorrio-mz14-y-hablo-de-la-reactivacion-turistica-de-guayaquil\/#primaryimage"},"image":{"@id":"https:\/\/www.uartes.edu.ec\/sitio\/en\/blog\/2021\/07\/19\/ministro-de-turismo-recorrio-mz14-y-hablo-de-la-reactivacion-turistica-de-guayaquil\/#primaryimage"},"thumbnailUrl":"https:\/\/www.uartes.edu.ec\/sitio\/wp-content\/uploads\/2021\/07\/MINISTRO-expo-2-MZ14.jpg","datePublished":"2021-07-19T21:22:00+00:00","dateModified":"2024-07-04T16:26:04+00:00","description":"Universidad de las Artes - Ministro de Turismo recorri\u00f3 MZ14 y habl\u00f3 de la reactivaci\u00f3n tur\u00edstica de Guayaquil","breadcrumb":{"@id":"https:\/\/www.uartes.edu.ec\/sitio\/en\/blog\/2021\/07\/19\/ministro-de-turismo-recorrio-mz14-y-hablo-de-la-reactivacion-turistica-de-guayaquil\/#breadcrumb"},"inLanguage":"en-US","potentialAction":[{"@type":"ReadAction","target":["https:\/\/www.uartes.edu.ec\/sitio\/en\/blog\/2021\/07\/19\/ministro-de-turismo-recorrio-mz14-y-hablo-de-la-reactivacion-turistica-de-guayaquil\/"]}]},{"@type":"ImageObject","inLanguage":"en-US","@id":"https:\/\/www.uartes.edu.ec\/sitio\/en\/blog\/2021\/07\/19\/ministro-de-turismo-recorrio-mz14-y-hablo-de-la-reactivacion-turistica-de-guayaquil\/#primaryimage","url":"https:\/\/www.uartes.edu.ec\/sitio\/wp-content\/uploads\/2021\/07\/MINISTRO-expo-2-MZ14.jpg","contentUrl":"https:\/\/www.uartes.edu.ec\/sitio\/wp-content\/uploads\/2021\/07\/MINISTRO-expo-2-MZ14.jpg","width":2000,"height":1333},{"@type":"BreadcrumbList","@id":"https:\/\/www.uartes.edu.ec\/sitio\/en\/blog\/2021\/07\/19\/ministro-de-turismo-recorrio-mz14-y-hablo-de-la-reactivacion-turistica-de-guayaquil\/#breadcrumb","itemListElement":[{"@type":"ListItem","position":1,"name":"Inicio","item":"https:\/\/www.uartes.edu.ec\/sitio\/"},{"@type":"ListItem","position":2,"name":"Ministro de Turismo recorri\u00f3 MZ14 y habl\u00f3 de la reactivaci\u00f3n tur\u00edstica de Guayaquil"}]},{"@type":"WebSite","@id":"https:\/\/www.uartes.edu.ec\/sitio\/en\/#website","url":"https:\/\/www.uartes.edu.ec\/sitio\/en\/","name":"Universidad de las Artes","description":"Sitio oficial de la Universidad Nacional de las Artes del Ecuador","publisher":{"@id":"https:\/\/www.uartes.edu.ec\/sitio\/en\/#organization"},"potentialAction":[{"@type":"SearchAction","target":{"@type":"EntryPoint","urlTemplate":"https:\/\/www.uartes.edu.ec\/sitio\/en\/?s={search_term_string}"},"query-input":{"@type":"PropertyValueSpecification","valueRequired":true,"valueName":"search_term_string"}}],"inLanguage":"en-US"},{"@type":"Organization","@id":"https:\/\/www.uartes.edu.ec\/sitio\/en\/#organization","name":"Universidad de las Artes","url":"https:\/\/www.uartes.edu.ec\/sitio\/en\/","logo":{"@type":"ImageObject","inLanguage":"en-US","@id":"https:\/\/www.uartes.edu.ec\/sitio\/en\/#\/schema\/logo\/image\/","url":"https:\/\/www.uartes.edu.ec\/sitio\/wp-content\/uploads\/2022\/07\/logo-ua-horizontal.png","contentUrl":"https:\/\/www.uartes.edu.ec\/sitio\/wp-content\/uploads\/2022\/07\/logo-ua-horizontal.png","width":800,"height":276,"caption":"Universidad de las Artes"},"image":{"@id":"https:\/\/www.uartes.edu.ec\/sitio\/en\/#\/schema\/logo\/image\/"},"sameAs":["https:\/\/www.facebook.com\/uartesec","https:\/\/x.com\/uartesec","https:\/\/www.tiktok.com\/@uartesec"]},{"@type":"Person","@id":"https:\/\/www.uartes.edu.ec\/sitio\/en\/#\/schema\/person\/efa1b8275797664fd7f13a79ccc0b1f4","name":"ccortez","image":{"@type":"ImageObject","inLanguage":"en-US","@id":"https:\/\/secure.gravatar.com\/avatar\/b2a6f664a3ae8e074346ef91775736c5ec479e637ecced6842de9dc98b5da9cd?s=96&d=mm&r=g","url":"https:\/\/secure.gravatar.com\/avatar\/b2a6f664a3ae8e074346ef91775736c5ec479e637ecced6842de9dc98b5da9cd?s=96&d=mm&r=g","contentUrl":"https:\/\/secure.gravatar.com\/avatar\/b2a6f664a3ae8e074346ef91775736c5ec479e637ecced6842de9dc98b5da9cd?s=96&d=mm&r=g","caption":"ccortez"},"url":"https:\/\/www.uartes.edu.ec\/sitio\/en\/blog\/author\/ccortez\/"}]}},"uagb_featured_image_src":{"full":["https:\/\/www.uartes.edu.ec\/sitio\/wp-content\/uploads\/2021\/07\/MINISTRO-expo-2-MZ14.jpg",2000,1333,false],"thumbnail":["https:\/\/www.uartes.edu.ec\/sitio\/wp-content\/uploads\/2021\/07\/MINISTRO-expo-2-MZ14-150x150.jpg",150,150,true],"medium":["https:\/\/www.uartes.edu.ec\/sitio\/wp-content\/uploads\/2021\/07\/MINISTRO-expo-2-MZ14-300x200.jpg",300,200,true],"medium_large":["https:\/\/www.uartes.edu.ec\/sitio\/wp-content\/uploads\/2021\/07\/MINISTRO-expo-2-MZ14-768x512.jpg",768,512,true],"large":["https:\/\/www.uartes.edu.ec\/sitio\/wp-content\/uploads\/2021\/07\/MINISTRO-expo-2-MZ14-644x429.jpg",644,429,true],"1536x1536":["https:\/\/www.uartes.edu.ec\/sitio\/wp-content\/uploads\/2021\/07\/MINISTRO-expo-2-MZ14-1536x1024.jpg",1536,1024,true],"2048x2048":["https:\/\/www.uartes.edu.ec\/sitio\/wp-content\/uploads\/2021\/07\/MINISTRO-expo-2-MZ14.jpg",2000,1333,false],"trp-custom-language-flag":["https:\/\/www.uartes.edu.ec\/sitio\/wp-content\/uploads\/2021\/07\/MINISTRO-expo-2-MZ14-16x12.jpg",16,12,true],"htmega_size_585x295":["https:\/\/www.uartes.edu.ec\/sitio\/wp-content\/uploads\/2021\/07\/MINISTRO-expo-2-MZ14-585x295.jpg",585,295,true],"htmega_size_1170x536":["https:\/\/www.uartes.edu.ec\/sitio\/wp-content\/uploads\/2021\/07\/MINISTRO-expo-2-MZ14-1170x536.jpg",1170,536,true],"htmega_size_396x360":["https:\/\/www.uartes.edu.ec\/sitio\/wp-content\/uploads\/2021\/07\/MINISTRO-expo-2-MZ14-396x360.jpg",396,360,true],"gb-block-post-grid-landscape":["https:\/\/www.uartes.edu.ec\/sitio\/wp-content\/uploads\/2021\/07\/MINISTRO-expo-2-MZ14.jpg",600,400,false],"gb-block-post-grid-square":["https:\/\/www.uartes.edu.ec\/sitio\/wp-content\/uploads\/2021\/07\/MINISTRO-expo-2-MZ14.jpg",600,400,false],"university-hub-thumb":["https:\/\/www.uartes.edu.ec\/sitio\/wp-content\/uploads\/2021\/07\/MINISTRO-expo-2-MZ14-400x267.jpg",400,267,true],"mailpoet_newsletter_max":["https:\/\/www.uartes.edu.ec\/sitio\/wp-content\/uploads\/2021\/07\/MINISTRO-expo-2-MZ14.jpg",1320,880,false]},"uagb_author_info":{"display_name":"ccortez","author_link":"https:\/\/www.uartes.edu.ec\/sitio\/en\/blog\/author\/ccortez\/"},"uagb_comment_info":0,"uagb_excerpt":"\u201cSi est\u00e1s en el centro de Guayaquil (y si no, anda) pasa por MZ14 a vivir Los Quincea\u00f1os de Villa Rosita por Mar\u00eda Lorena Pe\u00f1a. Una historia y experiencia maravillosa. Hasta el 27\/Agosto. MZ14: 9 de Octubre y Panam\u00e1 (U. de las Artes)\u201d.","featured_image_src":"https:\/\/www.uartes.edu.ec\/sitio\/wp-content\/uploads\/2021\/07\/MINISTRO-expo-2-MZ14.jpg","featured_image_src_square":"https:\/\/www.uartes.edu.ec\/sitio\/wp-content\/uploads\/2021\/07\/MINISTRO-expo-2-MZ14.jpg","author_info":{"display_name":"ccortez","author_link":"https:\/\/www.uartes.edu.ec\/sitio\/en\/blog\/author\/ccortez\/"},"publishpress_future_workflow_manual_trigger":{"enabledWorkflows":[]},"distributor_meta":false,"distributor_terms":false,"distributor_media":false,"distributor_original_site_name":"Universidad de las Artes","distributor_original_site_url":"https:\/\/www.uartes.edu.ec\/sitio\/en","push-errors":false,"_links":{"self":[{"href":"https:\/\/www.uartes.edu.ec\/sitio\/en\/wp-json\/wp\/v2\/posts\/14886","targetHints":{"allow":["GET"]}}],"collection":[{"href":"https:\/\/www.uartes.edu.ec\/sitio\/en\/wp-json\/wp\/v2\/posts"}],"about":[{"href":"https:\/\/www.uartes.edu.ec\/sitio\/en\/wp-json\/wp\/v2\/types\/post"}],"author":[{"embeddable":true,"href":"https:\/\/www.uartes.edu.ec\/sitio\/en\/wp-json\/wp\/v2\/users\/10"}],"replies":[{"embeddable":true,"href":"https:\/\/www.uartes.edu.ec\/sitio\/en\/wp-json\/wp\/v2\/comments?post=14886"}],"version-history":[{"count":4,"href":"https:\/\/www.uartes.edu.ec\/sitio\/en\/wp-json\/wp\/v2\/posts\/14886\/revisions"}],"predecessor-version":[{"id":14900,"href":"https:\/\/www.uartes.edu.ec\/sitio\/en\/wp-json\/wp\/v2\/posts\/14886\/revisions\/14900"}],"wp:featuredmedia":[{"embeddable":true,"href":"https:\/\/www.uartes.edu.ec\/sitio\/en\/wp-json\/wp\/v2\/media\/14890"}],"wp:attachment":[{"href":"https:\/\/www.uartes.edu.ec\/sitio\/en\/wp-json\/wp\/v2\/media?parent=14886"}],"wp:term":[{"taxonomy":"category","embeddable":true,"href":"https:\/\/www.uartes.edu.ec\/sitio\/en\/wp-json\/wp\/v2\/categories?post=14886"},{"taxonomy":"post_tag","embeddable":true,"href":"https:\/\/www.uartes.edu.ec\/sitio\/en\/wp-json\/wp\/v2\/tags?post=14886"},{"taxonomy":"infouartes","embeddable":true,"href":"https:\/\/www.uartes.edu.ec\/sitio\/en\/wp-json\/wp\/v2\/infouartes?post=14886"}],"curies":[{"name":"wp","href":"https:\/\/api.w.org\/{rel}","templated":true}]}}