{"id":14950,"date":"2021-07-23T16:24:00","date_gmt":"2021-07-23T21:24:00","guid":{"rendered":"http:\/\/www.uartes.edu.ec\/sitio\/?p=14950"},"modified":"2024-07-04T11:26:03","modified_gmt":"2024-07-04T16:26:03","slug":"estudiantes-y-graduados-uartes-recibieron-la-primera-dosis-de-vacuna-contra-el-covid-19","status":"publish","type":"post","link":"https:\/\/www.uartes.edu.ec\/sitio\/en\/blog\/2021\/07\/23\/estudiantes-y-graduados-uartes-recibieron-la-primera-dosis-de-vacuna-contra-el-covid-19\/","title":{"rendered":"Estudiantes y graduados UArtes recibieron la primera dosis de vacuna contra el COVID-19"},"content":{"rendered":"<p>Hasta el domingo 25 de julio estudiantes y graduados de la Universidad de las Artes podr\u00e1n recibir la primera dosis de la vacuna contra el COVID-19. La inoculaci\u00f3n de la comunidad estudiantil, que se inici\u00f3 el martes 20, ha sido posible gracias a la gesti\u00f3n de la Direcci\u00f3n de Salud de la UArtes para propiciar el apoyo interinstitucional de la Escuela Superior Polit\u00e9cnica del Litoral (Espol) y el Ministerio de Salud P\u00fablica (MSP).<\/p>\n\n\n\n<p>La doctora Karla V\u00e1sconez Mero, encargada de la Direcci\u00f3n de Salud de nuestra instituci\u00f3n de educaci\u00f3n superior, explic\u00f3 que ante la falta de equipo t\u00e9cnico y humano para realizar el proceso por cuenta propia, se hizo el enlace, la comunicaci\u00f3n, el contacto y la gesti\u00f3n de manera interinstitucional con el MSP y la Direcci\u00f3n de Bienestar Universitario de la Espol, a fin de vacunar a nuestros estudiantes y egresados, lo cual es un pilar fundamental para generar una prevenci\u00f3n de contagio por COVID-19 y, sobre todo, minimizar los riesgos que pudiera ocasionar la enfermedad en quienes lleguen a contraerla.<\/p>\n\n\n\n<div class=\"wp-block-image\"><figure class=\"aligncenter size-full\"><img fetchpriority=\"high\" decoding=\"async\" width=\"2000\" height=\"1332\" src=\"http:\/\/www.uartes.edu.ec\/sitio\/wp-content\/uploads\/2021\/07\/03-VACUNACION-UARTES-WEB.jpg\" alt=\"\" class=\"wp-image-14954\" srcset=\"https:\/\/www.uartes.edu.ec\/sitio\/wp-content\/uploads\/2021\/07\/03-VACUNACION-UARTES-WEB.jpg 2000w, https:\/\/www.uartes.edu.ec\/sitio\/wp-content\/uploads\/2021\/07\/03-VACUNACION-UARTES-WEB-300x200.jpg 300w, https:\/\/www.uartes.edu.ec\/sitio\/wp-content\/uploads\/2021\/07\/03-VACUNACION-UARTES-WEB-644x429.jpg 644w, https:\/\/www.uartes.edu.ec\/sitio\/wp-content\/uploads\/2021\/07\/03-VACUNACION-UARTES-WEB-768x511.jpg 768w, https:\/\/www.uartes.edu.ec\/sitio\/wp-content\/uploads\/2021\/07\/03-VACUNACION-UARTES-WEB-1536x1023.jpg 1536w, https:\/\/www.uartes.edu.ec\/sitio\/wp-content\/uploads\/2021\/07\/03-VACUNACION-UARTES-WEB-16x12.jpg 16w, https:\/\/www.uartes.edu.ec\/sitio\/wp-content\/uploads\/2021\/07\/03-VACUNACION-UARTES-WEB-600x400.jpg 600w, https:\/\/www.uartes.edu.ec\/sitio\/wp-content\/uploads\/2021\/07\/03-VACUNACION-UARTES-WEB-400x266.jpg 400w, https:\/\/www.uartes.edu.ec\/sitio\/wp-content\/uploads\/2021\/07\/03-VACUNACION-UARTES-WEB-272x182.jpg 272w\" sizes=\"(max-width: 2000px) 100vw, 2000px\" \/><\/figure><\/div>\n\n\n\n<p>Coment\u00f3 que la Direcci\u00f3n de Salud de la UArtes tiene ya aprobado un plan piloto de retorno voluntario, por lo cual era importante iniciar lo antes posible la campa\u00f1a de vacunaci\u00f3n, lograda mediante la mencionada alianza entre las tres instituciones. \u201cA nuestros graduados le dimos esa cobertura y beneficio porque siempre ser\u00e1n parte de nuestra comunidad universitaria\u201d, agreg\u00f3.<\/p>\n\n\n\n<p>Los convenios interinstitucionales que la UArtes mantiene con su par permitieron que los estudiantes y graduados tuvieran acceso al edificio de posgrados Stem de la Espol (km 30.5 v\u00eda Perimetral), donde se instal\u00f3 el puesto de vacunaci\u00f3n.<\/p>\n\n\n\n<p>\u201cEsto agiliz\u00f3 el proceso para que los alumnos pudieran tener la primera dosis de la vacuna y lograr as\u00ed el gran objetivo que es la inmunizaci\u00f3n de la comunidad universitaria, d\u00e1ndole, adem\u00e1s, continuidad a cada uno de los estamentos que hemos podido lograr en la vacunaci\u00f3n: el personal acad\u00e9mico y administrativo\u201d, dijo la doctora y mencion\u00f3 la movilizaci\u00f3n que brind\u00f3 con sus buses la universidad previa inscripci\u00f3n, pues hab\u00eda que tener un aforo determinado.<\/p>\n\n\n\n<div class=\"wp-block-image\"><figure class=\"aligncenter size-full is-resized\"><img decoding=\"async\" src=\"http:\/\/www.uartes.edu.ec\/sitio\/wp-content\/uploads\/2021\/07\/02-VACUNACION-UARTES-WEB.jpg\" alt=\"\" class=\"wp-image-14953\" width=\"877\" height=\"583\" srcset=\"https:\/\/www.uartes.edu.ec\/sitio\/wp-content\/uploads\/2021\/07\/02-VACUNACION-UARTES-WEB.jpg 1108w, https:\/\/www.uartes.edu.ec\/sitio\/wp-content\/uploads\/2021\/07\/02-VACUNACION-UARTES-WEB-300x200.jpg 300w, https:\/\/www.uartes.edu.ec\/sitio\/wp-content\/uploads\/2021\/07\/02-VACUNACION-UARTES-WEB-644x429.jpg 644w, https:\/\/www.uartes.edu.ec\/sitio\/wp-content\/uploads\/2021\/07\/02-VACUNACION-UARTES-WEB-768x512.jpg 768w, https:\/\/www.uartes.edu.ec\/sitio\/wp-content\/uploads\/2021\/07\/02-VACUNACION-UARTES-WEB-16x12.jpg 16w, https:\/\/www.uartes.edu.ec\/sitio\/wp-content\/uploads\/2021\/07\/02-VACUNACION-UARTES-WEB-600x400.jpg 600w, https:\/\/www.uartes.edu.ec\/sitio\/wp-content\/uploads\/2021\/07\/02-VACUNACION-UARTES-WEB-400x266.jpg 400w, https:\/\/www.uartes.edu.ec\/sitio\/wp-content\/uploads\/2021\/07\/02-VACUNACION-UARTES-WEB-272x182.jpg 272w\" sizes=\"(max-width: 877px) 100vw, 877px\" \/><\/figure><\/div>\n\n\n\n<p>Acerca de la segunda dosis, la doctora V\u00e1sconez dijo estar en constante coordinaci\u00f3n con el MSP y la Espol para saber si esta se podr\u00eda dar all\u00ed o en puntos de vacunaci\u00f3n m\u00e1s cercanos para los estudiantes y graduados. Esto se estar\u00eda comunicando por los medios oficiales.<\/p>\n\n\n\n<p>Asimismo, para los docentes y administrativos se gestionaron cupos con el MSP y ya un grupo fue vacunado y espera su segunda dosis. \u201cEs importante que se complete el esquema de vacunaci\u00f3n para generar una real protecci\u00f3n hacia el virus, para que si llegamos a contagiarnos tengamos una enfermedad de manera leve, que puede ser tambi\u00e9n asintom\u00e1tica o moderada. Con la vacunaci\u00f3n disminuyen los casos graves y riesgos de muerte\u201d, precis\u00f3.<\/p>\n\n\n\n<p>La doctora V\u00e1sconez indic\u00f3 esperar que toda la comunidad universitaria se vacune, por bien propio, por sus familiares y por los compa\u00f1eros de banca y trabajo. \u201cLas vacunas que se ponen en el pa\u00eds son de dos dosis y se debe esperar quince d\u00edas luego de la segunda dosis para decir que nuestro cuerpo ha generado los anticuerpos necesarios para poder dar la garant\u00eda de la eficacia de la inoculaci\u00f3n\u201d.<\/p>\n\n\n\n<div class=\"wp-block-image\"><figure class=\"aligncenter size-full\"><img decoding=\"async\" width=\"1108\" height=\"738\" src=\"http:\/\/www.uartes.edu.ec\/sitio\/wp-content\/uploads\/2021\/07\/01-VACUNACION-UARTES-WEB.jpg\" alt=\"\" class=\"wp-image-14952\" srcset=\"https:\/\/www.uartes.edu.ec\/sitio\/wp-content\/uploads\/2021\/07\/01-VACUNACION-UARTES-WEB.jpg 1108w, https:\/\/www.uartes.edu.ec\/sitio\/wp-content\/uploads\/2021\/07\/01-VACUNACION-UARTES-WEB-300x200.jpg 300w, https:\/\/www.uartes.edu.ec\/sitio\/wp-content\/uploads\/2021\/07\/01-VACUNACION-UARTES-WEB-644x429.jpg 644w, https:\/\/www.uartes.edu.ec\/sitio\/wp-content\/uploads\/2021\/07\/01-VACUNACION-UARTES-WEB-768x512.jpg 768w, https:\/\/www.uartes.edu.ec\/sitio\/wp-content\/uploads\/2021\/07\/01-VACUNACION-UARTES-WEB-16x12.jpg 16w, https:\/\/www.uartes.edu.ec\/sitio\/wp-content\/uploads\/2021\/07\/01-VACUNACION-UARTES-WEB-600x400.jpg 600w, https:\/\/www.uartes.edu.ec\/sitio\/wp-content\/uploads\/2021\/07\/01-VACUNACION-UARTES-WEB-400x266.jpg 400w, https:\/\/www.uartes.edu.ec\/sitio\/wp-content\/uploads\/2021\/07\/01-VACUNACION-UARTES-WEB-272x182.jpg 272w\" sizes=\"(max-width: 1108px) 100vw, 1108px\" \/><\/figure><\/div>\n\n\n\n<p>Retomando el tema del plan piloto para el retorno de los estudiantes, la doctora indic\u00f3 que hay asistencia semipresencial por ciertas materias, sobre todo las pr\u00e1cticas, y que se est\u00e1 controlando e incentivando el autocuidado de cada uno de los miembros dela comunidad universitaria, como mantener el distanciamiento, realizar el constante aseo de manos y el uso obligatorio de la mascarilla. \u201cHasta no lograr la vacunaci\u00f3n masiva o inmunidad de reba\u00f1o no podemos bajar la guardia. No podemos quitarnos la mascarilla, as\u00ed sea con nuestros amigos m\u00e1s cercanos porque no sabemos qui\u00e9n puede estar asintom\u00e1tico o con s\u00edntomas de un simple resfriado\u201d, concluy\u00f3.<\/p>\n\n\n\n<p>Si a\u00fan no te has vacunado y perteneces a la comunidad estudiantil y de graduados de la UArtes, puedes acercarte este fin de semana al edificio STEM de la ESPOL con tu c\u00e9dula de identidad de 8:00 a 15:00.<\/p>","protected":false},"excerpt":{"rendered":"<p>Hasta el domingo 25 de julio estudiantes y graduados de la Universidad de las Artes podr\u00e1n recibir la primera dosis de la vacuna contra el COVID-19. La inoculaci\u00f3n de la comunidad estudiantil fue posible gracias a la gesti\u00f3n de la Direcci\u00f3n de Salud de la UArtes para propiciar el apoyo interinstitucional de la Escuela Superior Polit\u00e9cnica del Litoral (Espol) y el Ministerio de Salud P\u00fablica (MSP).<\/p>","protected":false},"author":10,"featured_media":14955,"comment_status":"open","ping_status":"open","sticky":false,"template":"","format":"standard","meta":{"_acf_changed":false,"_uag_custom_page_level_css":"","_monsterinsights_skip_tracking":false,"_monsterinsights_sitenote_active":false,"_monsterinsights_sitenote_note":"","_monsterinsights_sitenote_category":0,"cybocfi_hide_featured_image":"","footnotes":""},"categories":[265,76,77],"tags":[],"infouartes":[],"class_list":["post-14950","post","type-post","status-publish","format-standard","has-post-thumbnail","hentry","category-bienestar-universitario","category-estudiantes","category-gestion"],"acf":[],"yoast_head":"<!-- This site is optimized with the Yoast SEO plugin v27.4 - https:\/\/yoast.com\/product\/yoast-seo-wordpress\/ -->\n<title>Universidad de las Artes - Estudiantes y graduados UArtes recibieron la primera dosis de vacuna contra el COVID-19<\/title>\n<meta name=\"description\" content=\"Universidad de las Artes - Estudiantes y graduados UArtes recibieron la primera dosis de vacuna contra el COVID-19\" \/>\n<meta name=\"robots\" content=\"index, follow, max-snippet:-1, max-image-preview:large, max-video-preview:-1\" \/>\n<link rel=\"canonical\" href=\"https:\/\/www.uartes.edu.ec\/sitio\/en\/blog\/2021\/07\/23\/estudiantes-y-graduados-uartes-recibieron-la-primera-dosis-de-vacuna-contra-el-covid-19\/\" \/>\n<meta property=\"og:locale\" content=\"en_US\" \/>\n<meta property=\"og:type\" content=\"article\" \/>\n<meta property=\"og:title\" content=\"Universidad de las Artes - Estudiantes y graduados UArtes recibieron la primera dosis de vacuna contra el COVID-19\" \/>\n<meta property=\"og:description\" content=\"Universidad de las Artes - Estudiantes y graduados UArtes recibieron la primera dosis de vacuna contra el COVID-19\" \/>\n<meta property=\"og:url\" content=\"https:\/\/www.uartes.edu.ec\/sitio\/en\/blog\/2021\/07\/23\/estudiantes-y-graduados-uartes-recibieron-la-primera-dosis-de-vacuna-contra-el-covid-19\/\" \/>\n<meta property=\"og:site_name\" content=\"Universidad de las Artes\" \/>\n<meta property=\"article:publisher\" content=\"https:\/\/www.facebook.com\/uartesec\" \/>\n<meta property=\"article:published_time\" content=\"2021-07-23T21:24:00+00:00\" \/>\n<meta property=\"article:modified_time\" content=\"2024-07-04T16:26:03+00:00\" \/>\n<meta property=\"og:image\" content=\"https:\/\/www.uartes.edu.ec\/sitio\/wp-content\/uploads\/2021\/07\/04-VACUNACION-UARTES-WEB.jpg\" \/>\n\t<meta property=\"og:image:width\" content=\"2000\" \/>\n\t<meta property=\"og:image:height\" content=\"1332\" \/>\n\t<meta property=\"og:image:type\" content=\"image\/jpeg\" \/>\n<meta name=\"author\" content=\"ccortez\" \/>\n<meta name=\"twitter:card\" content=\"summary_large_image\" \/>\n<meta name=\"twitter:creator\" content=\"@uartesec\" \/>\n<meta name=\"twitter:site\" content=\"@uartesec\" \/>\n<meta name=\"twitter:label1\" content=\"Written by\" \/>\n\t<meta name=\"twitter:data1\" content=\"ccortez\" \/>\n\t<meta name=\"twitter:label2\" content=\"Est. reading time\" \/>\n\t<meta name=\"twitter:data2\" content=\"4 minutes\" \/>\n<script type=\"application\/ld+json\" class=\"yoast-schema-graph\">{\"@context\":\"https:\\\/\\\/schema.org\",\"@graph\":[{\"@type\":\"Article\",\"@id\":\"https:\\\/\\\/www.uartes.edu.ec\\\/sitio\\\/en\\\/blog\\\/2021\\\/07\\\/23\\\/estudiantes-y-graduados-uartes-recibieron-la-primera-dosis-de-vacuna-contra-el-covid-19\\\/#article\",\"isPartOf\":{\"@id\":\"https:\\\/\\\/www.uartes.edu.ec\\\/sitio\\\/en\\\/blog\\\/2021\\\/07\\\/23\\\/estudiantes-y-graduados-uartes-recibieron-la-primera-dosis-de-vacuna-contra-el-covid-19\\\/\"},\"author\":{\"name\":\"ccortez\",\"@id\":\"https:\\\/\\\/www.uartes.edu.ec\\\/sitio\\\/en\\\/#\\\/schema\\\/person\\\/efa1b8275797664fd7f13a79ccc0b1f4\"},\"headline\":\"Estudiantes y graduados UArtes recibieron la primera dosis de vacuna contra el COVID-19\",\"datePublished\":\"2021-07-23T21:24:00+00:00\",\"dateModified\":\"2024-07-04T16:26:03+00:00\",\"mainEntityOfPage\":{\"@id\":\"https:\\\/\\\/www.uartes.edu.ec\\\/sitio\\\/en\\\/blog\\\/2021\\\/07\\\/23\\\/estudiantes-y-graduados-uartes-recibieron-la-primera-dosis-de-vacuna-contra-el-covid-19\\\/\"},\"wordCount\":734,\"commentCount\":0,\"publisher\":{\"@id\":\"https:\\\/\\\/www.uartes.edu.ec\\\/sitio\\\/en\\\/#organization\"},\"image\":{\"@id\":\"https:\\\/\\\/www.uartes.edu.ec\\\/sitio\\\/en\\\/blog\\\/2021\\\/07\\\/23\\\/estudiantes-y-graduados-uartes-recibieron-la-primera-dosis-de-vacuna-contra-el-covid-19\\\/#primaryimage\"},\"thumbnailUrl\":\"https:\\\/\\\/www.uartes.edu.ec\\\/sitio\\\/wp-content\\\/uploads\\\/2021\\\/07\\\/04-VACUNACION-UARTES-WEB.jpg\",\"articleSection\":[\"Bienestar Universitario\",\"Estudiantes\",\"Gesti\u00f3n\"],\"inLanguage\":\"en-US\",\"potentialAction\":[{\"@type\":\"CommentAction\",\"name\":\"Comment\",\"target\":[\"https:\\\/\\\/www.uartes.edu.ec\\\/sitio\\\/en\\\/blog\\\/2021\\\/07\\\/23\\\/estudiantes-y-graduados-uartes-recibieron-la-primera-dosis-de-vacuna-contra-el-covid-19\\\/#respond\"]}]},{\"@type\":[\"WebPage\",\"ItemPage\"],\"@id\":\"https:\\\/\\\/www.uartes.edu.ec\\\/sitio\\\/en\\\/blog\\\/2021\\\/07\\\/23\\\/estudiantes-y-graduados-uartes-recibieron-la-primera-dosis-de-vacuna-contra-el-covid-19\\\/\",\"url\":\"https:\\\/\\\/www.uartes.edu.ec\\\/sitio\\\/en\\\/blog\\\/2021\\\/07\\\/23\\\/estudiantes-y-graduados-uartes-recibieron-la-primera-dosis-de-vacuna-contra-el-covid-19\\\/\",\"name\":\"Universidad de las Artes - Estudiantes y graduados UArtes recibieron la primera dosis de vacuna contra el COVID-19\",\"isPartOf\":{\"@id\":\"https:\\\/\\\/www.uartes.edu.ec\\\/sitio\\\/en\\\/#website\"},\"primaryImageOfPage\":{\"@id\":\"https:\\\/\\\/www.uartes.edu.ec\\\/sitio\\\/en\\\/blog\\\/2021\\\/07\\\/23\\\/estudiantes-y-graduados-uartes-recibieron-la-primera-dosis-de-vacuna-contra-el-covid-19\\\/#primaryimage\"},\"image\":{\"@id\":\"https:\\\/\\\/www.uartes.edu.ec\\\/sitio\\\/en\\\/blog\\\/2021\\\/07\\\/23\\\/estudiantes-y-graduados-uartes-recibieron-la-primera-dosis-de-vacuna-contra-el-covid-19\\\/#primaryimage\"},\"thumbnailUrl\":\"https:\\\/\\\/www.uartes.edu.ec\\\/sitio\\\/wp-content\\\/uploads\\\/2021\\\/07\\\/04-VACUNACION-UARTES-WEB.jpg\",\"datePublished\":\"2021-07-23T21:24:00+00:00\",\"dateModified\":\"2024-07-04T16:26:03+00:00\",\"description\":\"Universidad de las Artes - Estudiantes y graduados UArtes recibieron la primera dosis de vacuna contra el COVID-19\",\"breadcrumb\":{\"@id\":\"https:\\\/\\\/www.uartes.edu.ec\\\/sitio\\\/en\\\/blog\\\/2021\\\/07\\\/23\\\/estudiantes-y-graduados-uartes-recibieron-la-primera-dosis-de-vacuna-contra-el-covid-19\\\/#breadcrumb\"},\"inLanguage\":\"en-US\",\"potentialAction\":[{\"@type\":\"ReadAction\",\"target\":[\"https:\\\/\\\/www.uartes.edu.ec\\\/sitio\\\/en\\\/blog\\\/2021\\\/07\\\/23\\\/estudiantes-y-graduados-uartes-recibieron-la-primera-dosis-de-vacuna-contra-el-covid-19\\\/\"]}]},{\"@type\":\"ImageObject\",\"inLanguage\":\"en-US\",\"@id\":\"https:\\\/\\\/www.uartes.edu.ec\\\/sitio\\\/en\\\/blog\\\/2021\\\/07\\\/23\\\/estudiantes-y-graduados-uartes-recibieron-la-primera-dosis-de-vacuna-contra-el-covid-19\\\/#primaryimage\",\"url\":\"https:\\\/\\\/www.uartes.edu.ec\\\/sitio\\\/wp-content\\\/uploads\\\/2021\\\/07\\\/04-VACUNACION-UARTES-WEB.jpg\",\"contentUrl\":\"https:\\\/\\\/www.uartes.edu.ec\\\/sitio\\\/wp-content\\\/uploads\\\/2021\\\/07\\\/04-VACUNACION-UARTES-WEB.jpg\",\"width\":2000,\"height\":1332},{\"@type\":\"BreadcrumbList\",\"@id\":\"https:\\\/\\\/www.uartes.edu.ec\\\/sitio\\\/en\\\/blog\\\/2021\\\/07\\\/23\\\/estudiantes-y-graduados-uartes-recibieron-la-primera-dosis-de-vacuna-contra-el-covid-19\\\/#breadcrumb\",\"itemListElement\":[{\"@type\":\"ListItem\",\"position\":1,\"name\":\"Inicio\",\"item\":\"https:\\\/\\\/www.uartes.edu.ec\\\/sitio\\\/\"},{\"@type\":\"ListItem\",\"position\":2,\"name\":\"Estudiantes y graduados UArtes recibieron la primera dosis de vacuna contra el COVID-19\"}]},{\"@type\":\"WebSite\",\"@id\":\"https:\\\/\\\/www.uartes.edu.ec\\\/sitio\\\/en\\\/#website\",\"url\":\"https:\\\/\\\/www.uartes.edu.ec\\\/sitio\\\/en\\\/\",\"name\":\"Universidad de las Artes\",\"description\":\"Sitio oficial de la Universidad Nacional de las Artes del Ecuador\",\"publisher\":{\"@id\":\"https:\\\/\\\/www.uartes.edu.ec\\\/sitio\\\/en\\\/#organization\"},\"potentialAction\":[{\"@type\":\"SearchAction\",\"target\":{\"@type\":\"EntryPoint\",\"urlTemplate\":\"https:\\\/\\\/www.uartes.edu.ec\\\/sitio\\\/en\\\/?s={search_term_string}\"},\"query-input\":{\"@type\":\"PropertyValueSpecification\",\"valueRequired\":true,\"valueName\":\"search_term_string\"}}],\"inLanguage\":\"en-US\"},{\"@type\":\"Organization\",\"@id\":\"https:\\\/\\\/www.uartes.edu.ec\\\/sitio\\\/en\\\/#organization\",\"name\":\"Universidad de las Artes\",\"url\":\"https:\\\/\\\/www.uartes.edu.ec\\\/sitio\\\/en\\\/\",\"logo\":{\"@type\":\"ImageObject\",\"inLanguage\":\"en-US\",\"@id\":\"https:\\\/\\\/www.uartes.edu.ec\\\/sitio\\\/en\\\/#\\\/schema\\\/logo\\\/image\\\/\",\"url\":\"https:\\\/\\\/www.uartes.edu.ec\\\/sitio\\\/wp-content\\\/uploads\\\/2022\\\/07\\\/logo-ua-horizontal.png\",\"contentUrl\":\"https:\\\/\\\/www.uartes.edu.ec\\\/sitio\\\/wp-content\\\/uploads\\\/2022\\\/07\\\/logo-ua-horizontal.png\",\"width\":800,\"height\":276,\"caption\":\"Universidad de las Artes\"},\"image\":{\"@id\":\"https:\\\/\\\/www.uartes.edu.ec\\\/sitio\\\/en\\\/#\\\/schema\\\/logo\\\/image\\\/\"},\"sameAs\":[\"https:\\\/\\\/www.facebook.com\\\/uartesec\",\"https:\\\/\\\/x.com\\\/uartesec\",\"https:\\\/\\\/www.tiktok.com\\\/@uartesec\"]},{\"@type\":\"Person\",\"@id\":\"https:\\\/\\\/www.uartes.edu.ec\\\/sitio\\\/en\\\/#\\\/schema\\\/person\\\/efa1b8275797664fd7f13a79ccc0b1f4\",\"name\":\"ccortez\",\"image\":{\"@type\":\"ImageObject\",\"inLanguage\":\"en-US\",\"@id\":\"https:\\\/\\\/secure.gravatar.com\\\/avatar\\\/b2a6f664a3ae8e074346ef91775736c5ec479e637ecced6842de9dc98b5da9cd?s=96&d=mm&r=g\",\"url\":\"https:\\\/\\\/secure.gravatar.com\\\/avatar\\\/b2a6f664a3ae8e074346ef91775736c5ec479e637ecced6842de9dc98b5da9cd?s=96&d=mm&r=g\",\"contentUrl\":\"https:\\\/\\\/secure.gravatar.com\\\/avatar\\\/b2a6f664a3ae8e074346ef91775736c5ec479e637ecced6842de9dc98b5da9cd?s=96&d=mm&r=g\",\"caption\":\"ccortez\"},\"url\":\"https:\\\/\\\/www.uartes.edu.ec\\\/sitio\\\/en\\\/blog\\\/author\\\/ccortez\\\/\"}]}<\/script>\n<!-- \/ Yoast SEO plugin. -->","yoast_head_json":{"title":"Universidad de las Artes - Estudiantes y graduados UArtes recibieron la primera dosis de vacuna contra el COVID-19","description":"Universidad de las Artes - Estudiantes y graduados UArtes recibieron la primera dosis de vacuna contra el COVID-19","robots":{"index":"index","follow":"follow","max-snippet":"max-snippet:-1","max-image-preview":"max-image-preview:large","max-video-preview":"max-video-preview:-1"},"canonical":"https:\/\/www.uartes.edu.ec\/sitio\/en\/blog\/2021\/07\/23\/estudiantes-y-graduados-uartes-recibieron-la-primera-dosis-de-vacuna-contra-el-covid-19\/","og_locale":"en_US","og_type":"article","og_title":"Universidad de las Artes - Estudiantes y graduados UArtes recibieron la primera dosis de vacuna contra el COVID-19","og_description":"Universidad de las Artes - Estudiantes y graduados UArtes recibieron la primera dosis de vacuna contra el COVID-19","og_url":"https:\/\/www.uartes.edu.ec\/sitio\/en\/blog\/2021\/07\/23\/estudiantes-y-graduados-uartes-recibieron-la-primera-dosis-de-vacuna-contra-el-covid-19\/","og_site_name":"Universidad de las Artes","article_publisher":"https:\/\/www.facebook.com\/uartesec","article_published_time":"2021-07-23T21:24:00+00:00","article_modified_time":"2024-07-04T16:26:03+00:00","og_image":[{"width":2000,"height":1332,"url":"https:\/\/www.uartes.edu.ec\/sitio\/wp-content\/uploads\/2021\/07\/04-VACUNACION-UARTES-WEB.jpg","type":"image\/jpeg"}],"author":"ccortez","twitter_card":"summary_large_image","twitter_creator":"@uartesec","twitter_site":"@uartesec","twitter_misc":{"Written by":"ccortez","Est. reading time":"4 minutes"},"schema":{"@context":"https:\/\/schema.org","@graph":[{"@type":"Article","@id":"https:\/\/www.uartes.edu.ec\/sitio\/en\/blog\/2021\/07\/23\/estudiantes-y-graduados-uartes-recibieron-la-primera-dosis-de-vacuna-contra-el-covid-19\/#article","isPartOf":{"@id":"https:\/\/www.uartes.edu.ec\/sitio\/en\/blog\/2021\/07\/23\/estudiantes-y-graduados-uartes-recibieron-la-primera-dosis-de-vacuna-contra-el-covid-19\/"},"author":{"name":"ccortez","@id":"https:\/\/www.uartes.edu.ec\/sitio\/en\/#\/schema\/person\/efa1b8275797664fd7f13a79ccc0b1f4"},"headline":"Estudiantes y graduados UArtes recibieron la primera dosis de vacuna contra el COVID-19","datePublished":"2021-07-23T21:24:00+00:00","dateModified":"2024-07-04T16:26:03+00:00","mainEntityOfPage":{"@id":"https:\/\/www.uartes.edu.ec\/sitio\/en\/blog\/2021\/07\/23\/estudiantes-y-graduados-uartes-recibieron-la-primera-dosis-de-vacuna-contra-el-covid-19\/"},"wordCount":734,"commentCount":0,"publisher":{"@id":"https:\/\/www.uartes.edu.ec\/sitio\/en\/#organization"},"image":{"@id":"https:\/\/www.uartes.edu.ec\/sitio\/en\/blog\/2021\/07\/23\/estudiantes-y-graduados-uartes-recibieron-la-primera-dosis-de-vacuna-contra-el-covid-19\/#primaryimage"},"thumbnailUrl":"https:\/\/www.uartes.edu.ec\/sitio\/wp-content\/uploads\/2021\/07\/04-VACUNACION-UARTES-WEB.jpg","articleSection":["Bienestar Universitario","Estudiantes","Gesti\u00f3n"],"inLanguage":"en-US","potentialAction":[{"@type":"CommentAction","name":"Comment","target":["https:\/\/www.uartes.edu.ec\/sitio\/en\/blog\/2021\/07\/23\/estudiantes-y-graduados-uartes-recibieron-la-primera-dosis-de-vacuna-contra-el-covid-19\/#respond"]}]},{"@type":["WebPage","ItemPage"],"@id":"https:\/\/www.uartes.edu.ec\/sitio\/en\/blog\/2021\/07\/23\/estudiantes-y-graduados-uartes-recibieron-la-primera-dosis-de-vacuna-contra-el-covid-19\/","url":"https:\/\/www.uartes.edu.ec\/sitio\/en\/blog\/2021\/07\/23\/estudiantes-y-graduados-uartes-recibieron-la-primera-dosis-de-vacuna-contra-el-covid-19\/","name":"Universidad de las Artes - Estudiantes y graduados UArtes recibieron la primera dosis de vacuna contra el COVID-19","isPartOf":{"@id":"https:\/\/www.uartes.edu.ec\/sitio\/en\/#website"},"primaryImageOfPage":{"@id":"https:\/\/www.uartes.edu.ec\/sitio\/en\/blog\/2021\/07\/23\/estudiantes-y-graduados-uartes-recibieron-la-primera-dosis-de-vacuna-contra-el-covid-19\/#primaryimage"},"image":{"@id":"https:\/\/www.uartes.edu.ec\/sitio\/en\/blog\/2021\/07\/23\/estudiantes-y-graduados-uartes-recibieron-la-primera-dosis-de-vacuna-contra-el-covid-19\/#primaryimage"},"thumbnailUrl":"https:\/\/www.uartes.edu.ec\/sitio\/wp-content\/uploads\/2021\/07\/04-VACUNACION-UARTES-WEB.jpg","datePublished":"2021-07-23T21:24:00+00:00","dateModified":"2024-07-04T16:26:03+00:00","description":"Universidad de las Artes - Estudiantes y graduados UArtes recibieron la primera dosis de vacuna contra el COVID-19","breadcrumb":{"@id":"https:\/\/www.uartes.edu.ec\/sitio\/en\/blog\/2021\/07\/23\/estudiantes-y-graduados-uartes-recibieron-la-primera-dosis-de-vacuna-contra-el-covid-19\/#breadcrumb"},"inLanguage":"en-US","potentialAction":[{"@type":"ReadAction","target":["https:\/\/www.uartes.edu.ec\/sitio\/en\/blog\/2021\/07\/23\/estudiantes-y-graduados-uartes-recibieron-la-primera-dosis-de-vacuna-contra-el-covid-19\/"]}]},{"@type":"ImageObject","inLanguage":"en-US","@id":"https:\/\/www.uartes.edu.ec\/sitio\/en\/blog\/2021\/07\/23\/estudiantes-y-graduados-uartes-recibieron-la-primera-dosis-de-vacuna-contra-el-covid-19\/#primaryimage","url":"https:\/\/www.uartes.edu.ec\/sitio\/wp-content\/uploads\/2021\/07\/04-VACUNACION-UARTES-WEB.jpg","contentUrl":"https:\/\/www.uartes.edu.ec\/sitio\/wp-content\/uploads\/2021\/07\/04-VACUNACION-UARTES-WEB.jpg","width":2000,"height":1332},{"@type":"BreadcrumbList","@id":"https:\/\/www.uartes.edu.ec\/sitio\/en\/blog\/2021\/07\/23\/estudiantes-y-graduados-uartes-recibieron-la-primera-dosis-de-vacuna-contra-el-covid-19\/#breadcrumb","itemListElement":[{"@type":"ListItem","position":1,"name":"Inicio","item":"https:\/\/www.uartes.edu.ec\/sitio\/"},{"@type":"ListItem","position":2,"name":"Estudiantes y graduados UArtes recibieron la primera dosis de vacuna contra el COVID-19"}]},{"@type":"WebSite","@id":"https:\/\/www.uartes.edu.ec\/sitio\/en\/#website","url":"https:\/\/www.uartes.edu.ec\/sitio\/en\/","name":"Universidad de las Artes","description":"Sitio oficial de la Universidad Nacional de las Artes del Ecuador","publisher":{"@id":"https:\/\/www.uartes.edu.ec\/sitio\/en\/#organization"},"potentialAction":[{"@type":"SearchAction","target":{"@type":"EntryPoint","urlTemplate":"https:\/\/www.uartes.edu.ec\/sitio\/en\/?s={search_term_string}"},"query-input":{"@type":"PropertyValueSpecification","valueRequired":true,"valueName":"search_term_string"}}],"inLanguage":"en-US"},{"@type":"Organization","@id":"https:\/\/www.uartes.edu.ec\/sitio\/en\/#organization","name":"Universidad de las Artes","url":"https:\/\/www.uartes.edu.ec\/sitio\/en\/","logo":{"@type":"ImageObject","inLanguage":"en-US","@id":"https:\/\/www.uartes.edu.ec\/sitio\/en\/#\/schema\/logo\/image\/","url":"https:\/\/www.uartes.edu.ec\/sitio\/wp-content\/uploads\/2022\/07\/logo-ua-horizontal.png","contentUrl":"https:\/\/www.uartes.edu.ec\/sitio\/wp-content\/uploads\/2022\/07\/logo-ua-horizontal.png","width":800,"height":276,"caption":"Universidad de las Artes"},"image":{"@id":"https:\/\/www.uartes.edu.ec\/sitio\/en\/#\/schema\/logo\/image\/"},"sameAs":["https:\/\/www.facebook.com\/uartesec","https:\/\/x.com\/uartesec","https:\/\/www.tiktok.com\/@uartesec"]},{"@type":"Person","@id":"https:\/\/www.uartes.edu.ec\/sitio\/en\/#\/schema\/person\/efa1b8275797664fd7f13a79ccc0b1f4","name":"ccortez","image":{"@type":"ImageObject","inLanguage":"en-US","@id":"https:\/\/secure.gravatar.com\/avatar\/b2a6f664a3ae8e074346ef91775736c5ec479e637ecced6842de9dc98b5da9cd?s=96&d=mm&r=g","url":"https:\/\/secure.gravatar.com\/avatar\/b2a6f664a3ae8e074346ef91775736c5ec479e637ecced6842de9dc98b5da9cd?s=96&d=mm&r=g","contentUrl":"https:\/\/secure.gravatar.com\/avatar\/b2a6f664a3ae8e074346ef91775736c5ec479e637ecced6842de9dc98b5da9cd?s=96&d=mm&r=g","caption":"ccortez"},"url":"https:\/\/www.uartes.edu.ec\/sitio\/en\/blog\/author\/ccortez\/"}]}},"uagb_featured_image_src":{"full":["https:\/\/www.uartes.edu.ec\/sitio\/wp-content\/uploads\/2021\/07\/04-VACUNACION-UARTES-WEB.jpg",2000,1332,false],"thumbnail":["https:\/\/www.uartes.edu.ec\/sitio\/wp-content\/uploads\/2021\/07\/04-VACUNACION-UARTES-WEB-150x150.jpg",150,150,true],"medium":["https:\/\/www.uartes.edu.ec\/sitio\/wp-content\/uploads\/2021\/07\/04-VACUNACION-UARTES-WEB-300x200.jpg",300,200,true],"medium_large":["https:\/\/www.uartes.edu.ec\/sitio\/wp-content\/uploads\/2021\/07\/04-VACUNACION-UARTES-WEB-768x511.jpg",768,511,true],"large":["https:\/\/www.uartes.edu.ec\/sitio\/wp-content\/uploads\/2021\/07\/04-VACUNACION-UARTES-WEB-644x429.jpg",644,429,true],"1536x1536":["https:\/\/www.uartes.edu.ec\/sitio\/wp-content\/uploads\/2021\/07\/04-VACUNACION-UARTES-WEB-1536x1023.jpg",1536,1023,true],"2048x2048":["https:\/\/www.uartes.edu.ec\/sitio\/wp-content\/uploads\/2021\/07\/04-VACUNACION-UARTES-WEB.jpg",2000,1332,false],"trp-custom-language-flag":["https:\/\/www.uartes.edu.ec\/sitio\/wp-content\/uploads\/2021\/07\/04-VACUNACION-UARTES-WEB-16x12.jpg",16,12,true],"htmega_size_585x295":["https:\/\/www.uartes.edu.ec\/sitio\/wp-content\/uploads\/2021\/07\/04-VACUNACION-UARTES-WEB-585x295.jpg",585,295,true],"htmega_size_1170x536":["https:\/\/www.uartes.edu.ec\/sitio\/wp-content\/uploads\/2021\/07\/04-VACUNACION-UARTES-WEB-1170x536.jpg",1170,536,true],"htmega_size_396x360":["https:\/\/www.uartes.edu.ec\/sitio\/wp-content\/uploads\/2021\/07\/04-VACUNACION-UARTES-WEB-396x360.jpg",396,360,true],"gb-block-post-grid-landscape":["https:\/\/www.uartes.edu.ec\/sitio\/wp-content\/uploads\/2021\/07\/04-VACUNACION-UARTES-WEB.jpg",600,400,false],"gb-block-post-grid-square":["https:\/\/www.uartes.edu.ec\/sitio\/wp-content\/uploads\/2021\/07\/04-VACUNACION-UARTES-WEB.jpg",600,400,false],"university-hub-thumb":["https:\/\/www.uartes.edu.ec\/sitio\/wp-content\/uploads\/2021\/07\/04-VACUNACION-UARTES-WEB-400x266.jpg",400,266,true]},"uagb_author_info":{"display_name":"ccortez","author_link":"https:\/\/www.uartes.edu.ec\/sitio\/en\/blog\/author\/ccortez\/"},"uagb_comment_info":0,"uagb_excerpt":"Hasta el domingo 25 de julio estudiantes y graduados de la Universidad de las Artes podr\u00e1n recibir la primera dosis de la vacuna contra el COVID-19. La inoculaci\u00f3n de la comunidad estudiantil fue posible gracias a la gesti\u00f3n de la Direcci\u00f3n de Salud de la UArtes para propiciar el apoyo interinstitucional de la Escuela Superior&hellip;","featured_image_src":"https:\/\/www.uartes.edu.ec\/sitio\/wp-content\/uploads\/2021\/07\/04-VACUNACION-UARTES-WEB.jpg","featured_image_src_square":"https:\/\/www.uartes.edu.ec\/sitio\/wp-content\/uploads\/2021\/07\/04-VACUNACION-UARTES-WEB.jpg","author_info":{"display_name":"ccortez","author_link":"https:\/\/www.uartes.edu.ec\/sitio\/en\/blog\/author\/ccortez\/"},"publishpress_future_workflow_manual_trigger":{"enabledWorkflows":[]},"distributor_meta":false,"distributor_terms":false,"distributor_media":false,"distributor_original_site_name":"Universidad de las Artes","distributor_original_site_url":"https:\/\/www.uartes.edu.ec\/sitio\/en","push-errors":false,"_links":{"self":[{"href":"https:\/\/www.uartes.edu.ec\/sitio\/en\/wp-json\/wp\/v2\/posts\/14950","targetHints":{"allow":["GET"]}}],"collection":[{"href":"https:\/\/www.uartes.edu.ec\/sitio\/en\/wp-json\/wp\/v2\/posts"}],"about":[{"href":"https:\/\/www.uartes.edu.ec\/sitio\/en\/wp-json\/wp\/v2\/types\/post"}],"author":[{"embeddable":true,"href":"https:\/\/www.uartes.edu.ec\/sitio\/en\/wp-json\/wp\/v2\/users\/10"}],"replies":[{"embeddable":true,"href":"https:\/\/www.uartes.edu.ec\/sitio\/en\/wp-json\/wp\/v2\/comments?post=14950"}],"version-history":[{"count":6,"href":"https:\/\/www.uartes.edu.ec\/sitio\/en\/wp-json\/wp\/v2\/posts\/14950\/revisions"}],"predecessor-version":[{"id":14997,"href":"https:\/\/www.uartes.edu.ec\/sitio\/en\/wp-json\/wp\/v2\/posts\/14950\/revisions\/14997"}],"wp:featuredmedia":[{"embeddable":true,"href":"https:\/\/www.uartes.edu.ec\/sitio\/en\/wp-json\/wp\/v2\/media\/14955"}],"wp:attachment":[{"href":"https:\/\/www.uartes.edu.ec\/sitio\/en\/wp-json\/wp\/v2\/media?parent=14950"}],"wp:term":[{"taxonomy":"category","embeddable":true,"href":"https:\/\/www.uartes.edu.ec\/sitio\/en\/wp-json\/wp\/v2\/categories?post=14950"},{"taxonomy":"post_tag","embeddable":true,"href":"https:\/\/www.uartes.edu.ec\/sitio\/en\/wp-json\/wp\/v2\/tags?post=14950"},{"taxonomy":"infouartes","embeddable":true,"href":"https:\/\/www.uartes.edu.ec\/sitio\/en\/wp-json\/wp\/v2\/infouartes?post=14950"}],"curies":[{"name":"wp","href":"https:\/\/api.w.org\/{rel}","templated":true}]}}