{"id":15415,"date":"2021-08-04T15:59:00","date_gmt":"2021-08-04T20:59:00","guid":{"rendered":"http:\/\/www.uartes.edu.ec\/sitio\/?p=15415"},"modified":"2024-07-04T11:26:02","modified_gmt":"2024-07-04T16:26:02","slug":"rupert-von-mandrake-inaugura-la-muestra-dos-para-llevar-campion","status":"publish","type":"post","link":"https:\/\/www.uartes.edu.ec\/sitio\/en\/blog\/2021\/08\/06\/rupert-von-mandrake-inaugura-la-muestra-dos-para-llevar-campion\/","title":{"rendered":"Rupert von Mandrake inaugura la muestra \u201cDos Para Llevar, Campi\u00f3n\u201d"},"content":{"rendered":"<p>Es una selecci\u00f3n de pinturas, arte gr\u00e1fico, nuevos medios e Instalaci\u00f3n que se exhibir\u00e1 en la sala de exposiciones de la Universidad de las Artes, en el MAAC.<\/p>\n\n\n\n<p>En la sala de exposiciones Galo Galecio de la Universidad de las Artes, ubicada en las instalaciones del Museo Antropol\u00f3gico y de Arte Contempor\u00e1neo (MAAC), se inaugurar\u00e1 este s\u00e1bado 7 de agosto, a las 18:00, la muestra <em>Dos Para Llevar, Campi\u00f3n,<\/em> del artista Rupert von Mandrake. Se trata de una selecci\u00f3n de pinturas, arte gr\u00e1fico, nuevos medios e instalaciones que resumen el concepto y t\u00e9cnica de su quehacer art\u00edstico en varias disciplinas.<\/p>\n\n\n\n<p>El plan museol\u00f3gico de la exposici\u00f3n se presenta como una degustaci\u00f3n art\u00edstica contempor\u00e1nea, con obras transdisciplinarias, que integran, adem\u00e1s, performance o ensamblajes mixtos, apelando a la posibilidad de lo interdisciplinario en acci\u00f3n de detonantes h\u00edbridos que cuestionan, humorizan, vacilan el swing o critican de manera mordaz, con la iron\u00eda subversiva, todo el espectro del comportamiento antropol\u00f3gico, que constituye la estructura socio-cultural que le ha tocado sobrevivir como artista emergente y outsider.<\/p>\n\n\n\n<p>El autor, graduado en la Universidad de las Artes, cumple su pr\u00e1ctica profesional en el programa de Vinculaci\u00f3n Comunitaria del TAGEA UA y realizar\u00e1 visitas guiadas todos los d\u00edas, de 15:00 a 19:00, bajo un estricto protocolo de bioseguridad para el ingreso a la sala, en grupos separados de hasta diez personas durante 15 minutos. En la entrada se tomar\u00e1 la temperatura a todos los asistentes, habr\u00e1 gel y el uso de mascarilla ser\u00e1 obligatorio.<\/p>\n\n\n\n<p>La actividad es una producci\u00f3n del Taller de Artes Gr\u00e1ficas Eloy Alfaro de la Universidad de las Artes Guayaquil, Taller Facultad Arte Gesti\u00f3n y los Gusanos Telem\u00e1ticos, con el auspicio del Banco de Guayaquil.<\/p>\n\n\n\n<p><em>Texto: Docente-curador Hern\u00e1n Z\u00fa\u00f1iga Alb\u00e1n, Taller de Artes Gr\u00e1ficas Eloy Alfaro,<\/em><\/p>\n\n\n\n<p><em>Universidad de las Artes.<br>Imagen, cortes\u00eda<\/em><\/p>","protected":false},"excerpt":{"rendered":"<p>Es una selecci\u00f3n de pinturas, arte gr\u00e1fico, nuevos medios e Instalaci\u00f3n que se exhibir\u00e1 en la sala de exposiciones de la Universidad de las Artes, en el MAAC.<\/p>","protected":false},"author":10,"featured_media":15420,"comment_status":"open","ping_status":"open","sticky":false,"template":"","format":"standard","meta":{"_acf_changed":false,"_uag_custom_page_level_css":"","_monsterinsights_skip_tracking":false,"_monsterinsights_sitenote_active":false,"_monsterinsights_sitenote_note":"","_monsterinsights_sitenote_category":0,"cybocfi_hide_featured_image":"","footnotes":""},"categories":[490,82,157],"tags":[],"infouartes":[],"class_list":["post-15415","post","type-post","status-publish","format-standard","has-post-thumbnail","hentry","category-alumni","category-artes","category-artes-visuales"],"acf":[],"yoast_head":"<!-- This site is optimized with the Yoast SEO plugin v27.4 - https:\/\/yoast.com\/product\/yoast-seo-wordpress\/ -->\n<title>Universidad de las Artes - Rupert von Mandrake inaugura la muestra \u201cDos Para Llevar, Campi\u00f3n\u201d<\/title>\n<meta name=\"description\" content=\"Universidad de las Artes - Rupert von Mandrake inaugura la muestra \u201cDos Para Llevar, Campi\u00f3n\u201d\" \/>\n<meta name=\"robots\" content=\"index, follow, max-snippet:-1, max-image-preview:large, max-video-preview:-1\" \/>\n<link rel=\"canonical\" href=\"https:\/\/www.uartes.edu.ec\/sitio\/en\/blog\/2021\/08\/06\/rupert-von-mandrake-inaugura-la-muestra-dos-para-llevar-campion\/\" \/>\n<meta property=\"og:locale\" content=\"en_US\" \/>\n<meta property=\"og:type\" content=\"article\" \/>\n<meta property=\"og:title\" content=\"Universidad de las Artes - Rupert von Mandrake inaugura la muestra \u201cDos Para Llevar, Campi\u00f3n\u201d\" \/>\n<meta property=\"og:description\" content=\"Universidad de las Artes - Rupert von Mandrake inaugura la muestra \u201cDos Para Llevar, Campi\u00f3n\u201d\" \/>\n<meta property=\"og:url\" content=\"https:\/\/www.uartes.edu.ec\/sitio\/en\/blog\/2021\/08\/06\/rupert-von-mandrake-inaugura-la-muestra-dos-para-llevar-campion\/\" \/>\n<meta property=\"og:site_name\" content=\"Universidad de las Artes\" \/>\n<meta property=\"article:publisher\" content=\"https:\/\/www.facebook.com\/uartesec\" \/>\n<meta property=\"article:published_time\" content=\"2021-08-04T20:59:00+00:00\" \/>\n<meta property=\"article:modified_time\" content=\"2024-07-04T16:26:02+00:00\" \/>\n<meta property=\"og:image\" content=\"https:\/\/www.uartes.edu.ec\/sitio\/wp-content\/uploads\/2021\/08\/RUPERT-VON-MANDRAKE.jpg\" \/>\n\t<meta property=\"og:image:width\" content=\"2000\" \/>\n\t<meta property=\"og:image:height\" content=\"1333\" \/>\n\t<meta property=\"og:image:type\" content=\"image\/jpeg\" \/>\n<meta name=\"author\" content=\"ccortez\" \/>\n<meta name=\"twitter:card\" content=\"summary_large_image\" \/>\n<meta name=\"twitter:creator\" content=\"@uartesec\" \/>\n<meta name=\"twitter:site\" content=\"@uartesec\" \/>\n<meta name=\"twitter:label1\" content=\"Written by\" \/>\n\t<meta name=\"twitter:data1\" content=\"ccortez\" \/>\n\t<meta name=\"twitter:label2\" content=\"Est. reading time\" \/>\n\t<meta name=\"twitter:data2\" content=\"2 minutes\" \/>\n<script type=\"application\/ld+json\" class=\"yoast-schema-graph\">{\"@context\":\"https:\\\/\\\/schema.org\",\"@graph\":[{\"@type\":\"Article\",\"@id\":\"https:\\\/\\\/www.uartes.edu.ec\\\/sitio\\\/en\\\/blog\\\/2021\\\/08\\\/06\\\/rupert-von-mandrake-inaugura-la-muestra-dos-para-llevar-campion\\\/#article\",\"isPartOf\":{\"@id\":\"https:\\\/\\\/www.uartes.edu.ec\\\/sitio\\\/en\\\/blog\\\/2021\\\/08\\\/06\\\/rupert-von-mandrake-inaugura-la-muestra-dos-para-llevar-campion\\\/\"},\"author\":{\"name\":\"ccortez\",\"@id\":\"https:\\\/\\\/www.uartes.edu.ec\\\/sitio\\\/en\\\/#\\\/schema\\\/person\\\/efa1b8275797664fd7f13a79ccc0b1f4\"},\"headline\":\"Rupert von Mandrake inaugura la muestra \u201cDos Para Llevar, Campi\u00f3n\u201d\",\"datePublished\":\"2021-08-04T20:59:00+00:00\",\"dateModified\":\"2024-07-04T16:26:02+00:00\",\"mainEntityOfPage\":{\"@id\":\"https:\\\/\\\/www.uartes.edu.ec\\\/sitio\\\/en\\\/blog\\\/2021\\\/08\\\/06\\\/rupert-von-mandrake-inaugura-la-muestra-dos-para-llevar-campion\\\/\"},\"wordCount\":336,\"commentCount\":0,\"publisher\":{\"@id\":\"https:\\\/\\\/www.uartes.edu.ec\\\/sitio\\\/en\\\/#organization\"},\"image\":{\"@id\":\"https:\\\/\\\/www.uartes.edu.ec\\\/sitio\\\/en\\\/blog\\\/2021\\\/08\\\/06\\\/rupert-von-mandrake-inaugura-la-muestra-dos-para-llevar-campion\\\/#primaryimage\"},\"thumbnailUrl\":\"https:\\\/\\\/www.uartes.edu.ec\\\/sitio\\\/wp-content\\\/uploads\\\/2021\\\/08\\\/RUPERT-VON-MANDRAKE.jpg\",\"articleSection\":[\"Alumni\",\"Artes\",\"Artes Visuales\"],\"inLanguage\":\"en-US\",\"potentialAction\":[{\"@type\":\"CommentAction\",\"name\":\"Comment\",\"target\":[\"https:\\\/\\\/www.uartes.edu.ec\\\/sitio\\\/en\\\/blog\\\/2021\\\/08\\\/06\\\/rupert-von-mandrake-inaugura-la-muestra-dos-para-llevar-campion\\\/#respond\"]}]},{\"@type\":[\"WebPage\",\"ItemPage\"],\"@id\":\"https:\\\/\\\/www.uartes.edu.ec\\\/sitio\\\/en\\\/blog\\\/2021\\\/08\\\/06\\\/rupert-von-mandrake-inaugura-la-muestra-dos-para-llevar-campion\\\/\",\"url\":\"https:\\\/\\\/www.uartes.edu.ec\\\/sitio\\\/en\\\/blog\\\/2021\\\/08\\\/06\\\/rupert-von-mandrake-inaugura-la-muestra-dos-para-llevar-campion\\\/\",\"name\":\"Universidad de las Artes - Rupert von Mandrake inaugura la muestra \u201cDos Para Llevar, Campi\u00f3n\u201d\",\"isPartOf\":{\"@id\":\"https:\\\/\\\/www.uartes.edu.ec\\\/sitio\\\/en\\\/#website\"},\"primaryImageOfPage\":{\"@id\":\"https:\\\/\\\/www.uartes.edu.ec\\\/sitio\\\/en\\\/blog\\\/2021\\\/08\\\/06\\\/rupert-von-mandrake-inaugura-la-muestra-dos-para-llevar-campion\\\/#primaryimage\"},\"image\":{\"@id\":\"https:\\\/\\\/www.uartes.edu.ec\\\/sitio\\\/en\\\/blog\\\/2021\\\/08\\\/06\\\/rupert-von-mandrake-inaugura-la-muestra-dos-para-llevar-campion\\\/#primaryimage\"},\"thumbnailUrl\":\"https:\\\/\\\/www.uartes.edu.ec\\\/sitio\\\/wp-content\\\/uploads\\\/2021\\\/08\\\/RUPERT-VON-MANDRAKE.jpg\",\"datePublished\":\"2021-08-04T20:59:00+00:00\",\"dateModified\":\"2024-07-04T16:26:02+00:00\",\"description\":\"Universidad de las Artes - Rupert von Mandrake inaugura la muestra \u201cDos Para Llevar, Campi\u00f3n\u201d\",\"breadcrumb\":{\"@id\":\"https:\\\/\\\/www.uartes.edu.ec\\\/sitio\\\/en\\\/blog\\\/2021\\\/08\\\/06\\\/rupert-von-mandrake-inaugura-la-muestra-dos-para-llevar-campion\\\/#breadcrumb\"},\"inLanguage\":\"en-US\",\"potentialAction\":[{\"@type\":\"ReadAction\",\"target\":[\"https:\\\/\\\/www.uartes.edu.ec\\\/sitio\\\/en\\\/blog\\\/2021\\\/08\\\/06\\\/rupert-von-mandrake-inaugura-la-muestra-dos-para-llevar-campion\\\/\"]}]},{\"@type\":\"ImageObject\",\"inLanguage\":\"en-US\",\"@id\":\"https:\\\/\\\/www.uartes.edu.ec\\\/sitio\\\/en\\\/blog\\\/2021\\\/08\\\/06\\\/rupert-von-mandrake-inaugura-la-muestra-dos-para-llevar-campion\\\/#primaryimage\",\"url\":\"https:\\\/\\\/www.uartes.edu.ec\\\/sitio\\\/wp-content\\\/uploads\\\/2021\\\/08\\\/RUPERT-VON-MANDRAKE.jpg\",\"contentUrl\":\"https:\\\/\\\/www.uartes.edu.ec\\\/sitio\\\/wp-content\\\/uploads\\\/2021\\\/08\\\/RUPERT-VON-MANDRAKE.jpg\",\"width\":2000,\"height\":1333},{\"@type\":\"BreadcrumbList\",\"@id\":\"https:\\\/\\\/www.uartes.edu.ec\\\/sitio\\\/en\\\/blog\\\/2021\\\/08\\\/06\\\/rupert-von-mandrake-inaugura-la-muestra-dos-para-llevar-campion\\\/#breadcrumb\",\"itemListElement\":[{\"@type\":\"ListItem\",\"position\":1,\"name\":\"Inicio\",\"item\":\"https:\\\/\\\/www.uartes.edu.ec\\\/sitio\\\/\"},{\"@type\":\"ListItem\",\"position\":2,\"name\":\"Rupert von Mandrake inaugura la muestra \u201cDos Para Llevar, Campi\u00f3n\u201d\"}]},{\"@type\":\"WebSite\",\"@id\":\"https:\\\/\\\/www.uartes.edu.ec\\\/sitio\\\/en\\\/#website\",\"url\":\"https:\\\/\\\/www.uartes.edu.ec\\\/sitio\\\/en\\\/\",\"name\":\"Universidad de las Artes\",\"description\":\"Sitio oficial de la Universidad Nacional de las Artes del Ecuador\",\"publisher\":{\"@id\":\"https:\\\/\\\/www.uartes.edu.ec\\\/sitio\\\/en\\\/#organization\"},\"potentialAction\":[{\"@type\":\"SearchAction\",\"target\":{\"@type\":\"EntryPoint\",\"urlTemplate\":\"https:\\\/\\\/www.uartes.edu.ec\\\/sitio\\\/en\\\/?s={search_term_string}\"},\"query-input\":{\"@type\":\"PropertyValueSpecification\",\"valueRequired\":true,\"valueName\":\"search_term_string\"}}],\"inLanguage\":\"en-US\"},{\"@type\":\"Organization\",\"@id\":\"https:\\\/\\\/www.uartes.edu.ec\\\/sitio\\\/en\\\/#organization\",\"name\":\"Universidad de las Artes\",\"url\":\"https:\\\/\\\/www.uartes.edu.ec\\\/sitio\\\/en\\\/\",\"logo\":{\"@type\":\"ImageObject\",\"inLanguage\":\"en-US\",\"@id\":\"https:\\\/\\\/www.uartes.edu.ec\\\/sitio\\\/en\\\/#\\\/schema\\\/logo\\\/image\\\/\",\"url\":\"https:\\\/\\\/www.uartes.edu.ec\\\/sitio\\\/wp-content\\\/uploads\\\/2022\\\/07\\\/logo-ua-horizontal.png\",\"contentUrl\":\"https:\\\/\\\/www.uartes.edu.ec\\\/sitio\\\/wp-content\\\/uploads\\\/2022\\\/07\\\/logo-ua-horizontal.png\",\"width\":800,\"height\":276,\"caption\":\"Universidad de las Artes\"},\"image\":{\"@id\":\"https:\\\/\\\/www.uartes.edu.ec\\\/sitio\\\/en\\\/#\\\/schema\\\/logo\\\/image\\\/\"},\"sameAs\":[\"https:\\\/\\\/www.facebook.com\\\/uartesec\",\"https:\\\/\\\/x.com\\\/uartesec\",\"https:\\\/\\\/www.tiktok.com\\\/@uartesec\"]},{\"@type\":\"Person\",\"@id\":\"https:\\\/\\\/www.uartes.edu.ec\\\/sitio\\\/en\\\/#\\\/schema\\\/person\\\/efa1b8275797664fd7f13a79ccc0b1f4\",\"name\":\"ccortez\",\"image\":{\"@type\":\"ImageObject\",\"inLanguage\":\"en-US\",\"@id\":\"https:\\\/\\\/secure.gravatar.com\\\/avatar\\\/b2a6f664a3ae8e074346ef91775736c5ec479e637ecced6842de9dc98b5da9cd?s=96&d=mm&r=g\",\"url\":\"https:\\\/\\\/secure.gravatar.com\\\/avatar\\\/b2a6f664a3ae8e074346ef91775736c5ec479e637ecced6842de9dc98b5da9cd?s=96&d=mm&r=g\",\"contentUrl\":\"https:\\\/\\\/secure.gravatar.com\\\/avatar\\\/b2a6f664a3ae8e074346ef91775736c5ec479e637ecced6842de9dc98b5da9cd?s=96&d=mm&r=g\",\"caption\":\"ccortez\"},\"url\":\"https:\\\/\\\/www.uartes.edu.ec\\\/sitio\\\/en\\\/blog\\\/author\\\/ccortez\\\/\"}]}<\/script>\n<!-- \/ Yoast SEO plugin. -->","yoast_head_json":{"title":"Universidad de las Artes - Rupert von Mandrake inaugura la muestra \u201cDos Para Llevar, Campi\u00f3n\u201d","description":"Universidad de las Artes - Rupert von Mandrake inaugura la muestra \u201cDos Para Llevar, Campi\u00f3n\u201d","robots":{"index":"index","follow":"follow","max-snippet":"max-snippet:-1","max-image-preview":"max-image-preview:large","max-video-preview":"max-video-preview:-1"},"canonical":"https:\/\/www.uartes.edu.ec\/sitio\/en\/blog\/2021\/08\/06\/rupert-von-mandrake-inaugura-la-muestra-dos-para-llevar-campion\/","og_locale":"en_US","og_type":"article","og_title":"Universidad de las Artes - Rupert von Mandrake inaugura la muestra \u201cDos Para Llevar, Campi\u00f3n\u201d","og_description":"Universidad de las Artes - Rupert von Mandrake inaugura la muestra \u201cDos Para Llevar, Campi\u00f3n\u201d","og_url":"https:\/\/www.uartes.edu.ec\/sitio\/en\/blog\/2021\/08\/06\/rupert-von-mandrake-inaugura-la-muestra-dos-para-llevar-campion\/","og_site_name":"Universidad de las Artes","article_publisher":"https:\/\/www.facebook.com\/uartesec","article_published_time":"2021-08-04T20:59:00+00:00","article_modified_time":"2024-07-04T16:26:02+00:00","og_image":[{"width":2000,"height":1333,"url":"https:\/\/www.uartes.edu.ec\/sitio\/wp-content\/uploads\/2021\/08\/RUPERT-VON-MANDRAKE.jpg","type":"image\/jpeg"}],"author":"ccortez","twitter_card":"summary_large_image","twitter_creator":"@uartesec","twitter_site":"@uartesec","twitter_misc":{"Written by":"ccortez","Est. reading time":"2 minutes"},"schema":{"@context":"https:\/\/schema.org","@graph":[{"@type":"Article","@id":"https:\/\/www.uartes.edu.ec\/sitio\/en\/blog\/2021\/08\/06\/rupert-von-mandrake-inaugura-la-muestra-dos-para-llevar-campion\/#article","isPartOf":{"@id":"https:\/\/www.uartes.edu.ec\/sitio\/en\/blog\/2021\/08\/06\/rupert-von-mandrake-inaugura-la-muestra-dos-para-llevar-campion\/"},"author":{"name":"ccortez","@id":"https:\/\/www.uartes.edu.ec\/sitio\/en\/#\/schema\/person\/efa1b8275797664fd7f13a79ccc0b1f4"},"headline":"Rupert von Mandrake inaugura la muestra \u201cDos Para Llevar, Campi\u00f3n\u201d","datePublished":"2021-08-04T20:59:00+00:00","dateModified":"2024-07-04T16:26:02+00:00","mainEntityOfPage":{"@id":"https:\/\/www.uartes.edu.ec\/sitio\/en\/blog\/2021\/08\/06\/rupert-von-mandrake-inaugura-la-muestra-dos-para-llevar-campion\/"},"wordCount":336,"commentCount":0,"publisher":{"@id":"https:\/\/www.uartes.edu.ec\/sitio\/en\/#organization"},"image":{"@id":"https:\/\/www.uartes.edu.ec\/sitio\/en\/blog\/2021\/08\/06\/rupert-von-mandrake-inaugura-la-muestra-dos-para-llevar-campion\/#primaryimage"},"thumbnailUrl":"https:\/\/www.uartes.edu.ec\/sitio\/wp-content\/uploads\/2021\/08\/RUPERT-VON-MANDRAKE.jpg","articleSection":["Alumni","Artes","Artes Visuales"],"inLanguage":"en-US","potentialAction":[{"@type":"CommentAction","name":"Comment","target":["https:\/\/www.uartes.edu.ec\/sitio\/en\/blog\/2021\/08\/06\/rupert-von-mandrake-inaugura-la-muestra-dos-para-llevar-campion\/#respond"]}]},{"@type":["WebPage","ItemPage"],"@id":"https:\/\/www.uartes.edu.ec\/sitio\/en\/blog\/2021\/08\/06\/rupert-von-mandrake-inaugura-la-muestra-dos-para-llevar-campion\/","url":"https:\/\/www.uartes.edu.ec\/sitio\/en\/blog\/2021\/08\/06\/rupert-von-mandrake-inaugura-la-muestra-dos-para-llevar-campion\/","name":"Universidad de las Artes - Rupert von Mandrake inaugura la muestra \u201cDos Para Llevar, Campi\u00f3n\u201d","isPartOf":{"@id":"https:\/\/www.uartes.edu.ec\/sitio\/en\/#website"},"primaryImageOfPage":{"@id":"https:\/\/www.uartes.edu.ec\/sitio\/en\/blog\/2021\/08\/06\/rupert-von-mandrake-inaugura-la-muestra-dos-para-llevar-campion\/#primaryimage"},"image":{"@id":"https:\/\/www.uartes.edu.ec\/sitio\/en\/blog\/2021\/08\/06\/rupert-von-mandrake-inaugura-la-muestra-dos-para-llevar-campion\/#primaryimage"},"thumbnailUrl":"https:\/\/www.uartes.edu.ec\/sitio\/wp-content\/uploads\/2021\/08\/RUPERT-VON-MANDRAKE.jpg","datePublished":"2021-08-04T20:59:00+00:00","dateModified":"2024-07-04T16:26:02+00:00","description":"Universidad de las Artes - Rupert von Mandrake inaugura la muestra \u201cDos Para Llevar, Campi\u00f3n\u201d","breadcrumb":{"@id":"https:\/\/www.uartes.edu.ec\/sitio\/en\/blog\/2021\/08\/06\/rupert-von-mandrake-inaugura-la-muestra-dos-para-llevar-campion\/#breadcrumb"},"inLanguage":"en-US","potentialAction":[{"@type":"ReadAction","target":["https:\/\/www.uartes.edu.ec\/sitio\/en\/blog\/2021\/08\/06\/rupert-von-mandrake-inaugura-la-muestra-dos-para-llevar-campion\/"]}]},{"@type":"ImageObject","inLanguage":"en-US","@id":"https:\/\/www.uartes.edu.ec\/sitio\/en\/blog\/2021\/08\/06\/rupert-von-mandrake-inaugura-la-muestra-dos-para-llevar-campion\/#primaryimage","url":"https:\/\/www.uartes.edu.ec\/sitio\/wp-content\/uploads\/2021\/08\/RUPERT-VON-MANDRAKE.jpg","contentUrl":"https:\/\/www.uartes.edu.ec\/sitio\/wp-content\/uploads\/2021\/08\/RUPERT-VON-MANDRAKE.jpg","width":2000,"height":1333},{"@type":"BreadcrumbList","@id":"https:\/\/www.uartes.edu.ec\/sitio\/en\/blog\/2021\/08\/06\/rupert-von-mandrake-inaugura-la-muestra-dos-para-llevar-campion\/#breadcrumb","itemListElement":[{"@type":"ListItem","position":1,"name":"Inicio","item":"https:\/\/www.uartes.edu.ec\/sitio\/"},{"@type":"ListItem","position":2,"name":"Rupert von Mandrake inaugura la muestra \u201cDos Para Llevar, Campi\u00f3n\u201d"}]},{"@type":"WebSite","@id":"https:\/\/www.uartes.edu.ec\/sitio\/en\/#website","url":"https:\/\/www.uartes.edu.ec\/sitio\/en\/","name":"Universidad de las Artes","description":"Sitio oficial de la Universidad Nacional de las Artes del Ecuador","publisher":{"@id":"https:\/\/www.uartes.edu.ec\/sitio\/en\/#organization"},"potentialAction":[{"@type":"SearchAction","target":{"@type":"EntryPoint","urlTemplate":"https:\/\/www.uartes.edu.ec\/sitio\/en\/?s={search_term_string}"},"query-input":{"@type":"PropertyValueSpecification","valueRequired":true,"valueName":"search_term_string"}}],"inLanguage":"en-US"},{"@type":"Organization","@id":"https:\/\/www.uartes.edu.ec\/sitio\/en\/#organization","name":"Universidad de las Artes","url":"https:\/\/www.uartes.edu.ec\/sitio\/en\/","logo":{"@type":"ImageObject","inLanguage":"en-US","@id":"https:\/\/www.uartes.edu.ec\/sitio\/en\/#\/schema\/logo\/image\/","url":"https:\/\/www.uartes.edu.ec\/sitio\/wp-content\/uploads\/2022\/07\/logo-ua-horizontal.png","contentUrl":"https:\/\/www.uartes.edu.ec\/sitio\/wp-content\/uploads\/2022\/07\/logo-ua-horizontal.png","width":800,"height":276,"caption":"Universidad de las Artes"},"image":{"@id":"https:\/\/www.uartes.edu.ec\/sitio\/en\/#\/schema\/logo\/image\/"},"sameAs":["https:\/\/www.facebook.com\/uartesec","https:\/\/x.com\/uartesec","https:\/\/www.tiktok.com\/@uartesec"]},{"@type":"Person","@id":"https:\/\/www.uartes.edu.ec\/sitio\/en\/#\/schema\/person\/efa1b8275797664fd7f13a79ccc0b1f4","name":"ccortez","image":{"@type":"ImageObject","inLanguage":"en-US","@id":"https:\/\/secure.gravatar.com\/avatar\/b2a6f664a3ae8e074346ef91775736c5ec479e637ecced6842de9dc98b5da9cd?s=96&d=mm&r=g","url":"https:\/\/secure.gravatar.com\/avatar\/b2a6f664a3ae8e074346ef91775736c5ec479e637ecced6842de9dc98b5da9cd?s=96&d=mm&r=g","contentUrl":"https:\/\/secure.gravatar.com\/avatar\/b2a6f664a3ae8e074346ef91775736c5ec479e637ecced6842de9dc98b5da9cd?s=96&d=mm&r=g","caption":"ccortez"},"url":"https:\/\/www.uartes.edu.ec\/sitio\/en\/blog\/author\/ccortez\/"}]}},"uagb_featured_image_src":{"full":["https:\/\/www.uartes.edu.ec\/sitio\/wp-content\/uploads\/2021\/08\/RUPERT-VON-MANDRAKE.jpg",2000,1333,false],"thumbnail":["https:\/\/www.uartes.edu.ec\/sitio\/wp-content\/uploads\/2021\/08\/RUPERT-VON-MANDRAKE-150x150.jpg",150,150,true],"medium":["https:\/\/www.uartes.edu.ec\/sitio\/wp-content\/uploads\/2021\/08\/RUPERT-VON-MANDRAKE-300x200.jpg",300,200,true],"medium_large":["https:\/\/www.uartes.edu.ec\/sitio\/wp-content\/uploads\/2021\/08\/RUPERT-VON-MANDRAKE-768x512.jpg",768,512,true],"large":["https:\/\/www.uartes.edu.ec\/sitio\/wp-content\/uploads\/2021\/08\/RUPERT-VON-MANDRAKE-644x429.jpg",644,429,true],"1536x1536":["https:\/\/www.uartes.edu.ec\/sitio\/wp-content\/uploads\/2021\/08\/RUPERT-VON-MANDRAKE-1536x1024.jpg",1536,1024,true],"2048x2048":["https:\/\/www.uartes.edu.ec\/sitio\/wp-content\/uploads\/2021\/08\/RUPERT-VON-MANDRAKE.jpg",2000,1333,false],"trp-custom-language-flag":["https:\/\/www.uartes.edu.ec\/sitio\/wp-content\/uploads\/2021\/08\/RUPERT-VON-MANDRAKE-16x12.jpg",16,12,true],"htmega_size_585x295":["https:\/\/www.uartes.edu.ec\/sitio\/wp-content\/uploads\/2021\/08\/RUPERT-VON-MANDRAKE-585x295.jpg",585,295,true],"htmega_size_1170x536":["https:\/\/www.uartes.edu.ec\/sitio\/wp-content\/uploads\/2021\/08\/RUPERT-VON-MANDRAKE-1170x536.jpg",1170,536,true],"htmega_size_396x360":["https:\/\/www.uartes.edu.ec\/sitio\/wp-content\/uploads\/2021\/08\/RUPERT-VON-MANDRAKE-396x360.jpg",396,360,true],"gb-block-post-grid-landscape":["https:\/\/www.uartes.edu.ec\/sitio\/wp-content\/uploads\/2021\/08\/RUPERT-VON-MANDRAKE.jpg",600,400,false],"gb-block-post-grid-square":["https:\/\/www.uartes.edu.ec\/sitio\/wp-content\/uploads\/2021\/08\/RUPERT-VON-MANDRAKE.jpg",600,400,false],"university-hub-thumb":["https:\/\/www.uartes.edu.ec\/sitio\/wp-content\/uploads\/2021\/08\/RUPERT-VON-MANDRAKE-400x267.jpg",400,267,true]},"uagb_author_info":{"display_name":"ccortez","author_link":"https:\/\/www.uartes.edu.ec\/sitio\/en\/blog\/author\/ccortez\/"},"uagb_comment_info":0,"uagb_excerpt":"Es una selecci\u00f3n de pinturas, arte gr\u00e1fico, nuevos medios e Instalaci\u00f3n que se exhibir\u00e1 en la sala de exposiciones de la Universidad de las Artes, en el MAAC.","featured_image_src":"https:\/\/www.uartes.edu.ec\/sitio\/wp-content\/uploads\/2021\/08\/RUPERT-VON-MANDRAKE.jpg","featured_image_src_square":"https:\/\/www.uartes.edu.ec\/sitio\/wp-content\/uploads\/2021\/08\/RUPERT-VON-MANDRAKE.jpg","author_info":{"display_name":"ccortez","author_link":"https:\/\/www.uartes.edu.ec\/sitio\/en\/blog\/author\/ccortez\/"},"publishpress_future_workflow_manual_trigger":{"enabledWorkflows":[]},"distributor_meta":false,"distributor_terms":false,"distributor_media":false,"distributor_original_site_name":"Universidad de las Artes","distributor_original_site_url":"https:\/\/www.uartes.edu.ec\/sitio\/en","push-errors":false,"_links":{"self":[{"href":"https:\/\/www.uartes.edu.ec\/sitio\/en\/wp-json\/wp\/v2\/posts\/15415","targetHints":{"allow":["GET"]}}],"collection":[{"href":"https:\/\/www.uartes.edu.ec\/sitio\/en\/wp-json\/wp\/v2\/posts"}],"about":[{"href":"https:\/\/www.uartes.edu.ec\/sitio\/en\/wp-json\/wp\/v2\/types\/post"}],"author":[{"embeddable":true,"href":"https:\/\/www.uartes.edu.ec\/sitio\/en\/wp-json\/wp\/v2\/users\/10"}],"replies":[{"embeddable":true,"href":"https:\/\/www.uartes.edu.ec\/sitio\/en\/wp-json\/wp\/v2\/comments?post=15415"}],"version-history":[{"count":2,"href":"https:\/\/www.uartes.edu.ec\/sitio\/en\/wp-json\/wp\/v2\/posts\/15415\/revisions"}],"predecessor-version":[{"id":15426,"href":"https:\/\/www.uartes.edu.ec\/sitio\/en\/wp-json\/wp\/v2\/posts\/15415\/revisions\/15426"}],"wp:featuredmedia":[{"embeddable":true,"href":"https:\/\/www.uartes.edu.ec\/sitio\/en\/wp-json\/wp\/v2\/media\/15420"}],"wp:attachment":[{"href":"https:\/\/www.uartes.edu.ec\/sitio\/en\/wp-json\/wp\/v2\/media?parent=15415"}],"wp:term":[{"taxonomy":"category","embeddable":true,"href":"https:\/\/www.uartes.edu.ec\/sitio\/en\/wp-json\/wp\/v2\/categories?post=15415"},{"taxonomy":"post_tag","embeddable":true,"href":"https:\/\/www.uartes.edu.ec\/sitio\/en\/wp-json\/wp\/v2\/tags?post=15415"},{"taxonomy":"infouartes","embeddable":true,"href":"https:\/\/www.uartes.edu.ec\/sitio\/en\/wp-json\/wp\/v2\/infouartes?post=15415"}],"curies":[{"name":"wp","href":"https:\/\/api.w.org\/{rel}","templated":true}]}}