{"id":15787,"date":"2021-08-30T15:34:00","date_gmt":"2021-08-30T20:34:00","guid":{"rendered":"http:\/\/www.uartes.edu.ec\/sitio\/?p=15787"},"modified":"2024-07-04T11:25:57","modified_gmt":"2024-07-04T16:25:57","slug":"hasta-el-7-de-septiembre-se-vacunara-contra-covid-19-en-pasaje-illingworth","status":"publish","type":"post","link":"https:\/\/www.uartes.edu.ec\/sitio\/en\/blog\/2021\/08\/30\/hasta-el-7-de-septiembre-se-vacunara-contra-covid-19-en-pasaje-illingworth\/","title":{"rendered":"Hasta el 7 de septiembre se vacunar\u00e1 contra COVID-19 en Pasaje Illingworth"},"content":{"rendered":"<p>Como aporte a la campa\u00f1a de vacunaci\u00f3n contra el COVID-19 y en virtud de la cooperaci\u00f3n interinstitucional entre el Ministerio de Salud P\u00fablica, la Prefectura del Guayas y la Universidad de las Artes, en el Pasaje Illingworth se ha instalado un nuevo punto de vacunaci\u00f3n para acceso de los miembros de nuestra comunidad universitaria y la poblaci\u00f3n general que desee vacunarse.<\/p>\n\n\n\n<p>La doctora Karla V\u00e1sconez Mero, a cargo de la Direcci\u00f3n de Salud de la UArtes, se\u00f1al\u00f3 que se aplicar\u00e1n segundas dosis, de acuerdo a lo estipulado en el carnet de vacunaci\u00f3n y en concordancia con el cronograma establecido por el Ministerio de Salud P\u00fablica de las siguientes vacunas: Pfizer, Sinovac, Astrazeneca y primeras dosis a personas desde los 16 hasta los 60 a\u00f1os en monodosis de la vacuna Cansino.<\/p>\n\n\n\n<p>Los miembros de la comunidad universitaria de la UArtes y sus familiares podr\u00e1n vacunarse desde hoy, lunes 30 de agosto, hasta el 7 de septiembre pr\u00f3ximo.<\/p>\n\n\n\n<p>No deben olvidar acudir con la c\u00e9dula de identidad y el carnet de vacunaci\u00f3n.<\/p>","protected":false},"excerpt":{"rendered":"<p>Como aporte a la campa\u00f1a de vacunaci\u00f3n contra el COVID-19 y en virtud de la cooperaci\u00f3n interinstitucional entre el Ministerio de Salud P\u00fablica, la Prefectura del Guayas y la Universidad de las Artes, en el Pasaje Illingworth se ha instalado un nuevo punto de vacunaci\u00f3n para acceso de los miembros de nuestra comunidad universitaria y la poblaci\u00f3n general que desee vacunarse.<\/p>","protected":false},"author":9,"featured_media":11092,"comment_status":"open","ping_status":"open","sticky":false,"template":"","format":"standard","meta":{"_acf_changed":false,"_uag_custom_page_level_css":"","_monsterinsights_skip_tracking":false,"_monsterinsights_sitenote_active":false,"_monsterinsights_sitenote_note":"","_monsterinsights_sitenote_category":0,"cybocfi_hide_featured_image":"","footnotes":""},"categories":[438,75,76,85,79],"tags":[211],"infouartes":[],"class_list":["post-15787","post","type-post","status-publish","format-standard","has-post-thumbnail","hentry","category-administrativos","category-docentes","category-estudiantes","category-servicios","category-vinculo","tag-covid19"],"acf":[],"yoast_head":"<!-- This site is optimized with the Yoast SEO plugin v27.4 - https:\/\/yoast.com\/product\/yoast-seo-wordpress\/ -->\n<title>Universidad de las Artes - Hasta el 7 de septiembre se vacunar\u00e1 contra COVID-19 en Pasaje Illingworth<\/title>\n<meta name=\"description\" content=\"Universidad de las Artes - Hasta el 7 de septiembre se vacunar\u00e1 contra COVID-19 en Pasaje Illingworth\" \/>\n<meta name=\"robots\" content=\"index, follow, max-snippet:-1, max-image-preview:large, max-video-preview:-1\" \/>\n<link rel=\"canonical\" href=\"https:\/\/www.uartes.edu.ec\/sitio\/en\/blog\/2021\/08\/30\/hasta-el-7-de-septiembre-se-vacunara-contra-covid-19-en-pasaje-illingworth\/\" \/>\n<meta property=\"og:locale\" content=\"en_US\" \/>\n<meta property=\"og:type\" content=\"article\" \/>\n<meta property=\"og:title\" content=\"Universidad de las Artes - Hasta el 7 de septiembre se vacunar\u00e1 contra COVID-19 en Pasaje Illingworth\" \/>\n<meta property=\"og:description\" content=\"Universidad de las Artes - Hasta el 7 de septiembre se vacunar\u00e1 contra COVID-19 en Pasaje Illingworth\" \/>\n<meta property=\"og:url\" content=\"https:\/\/www.uartes.edu.ec\/sitio\/en\/blog\/2021\/08\/30\/hasta-el-7-de-septiembre-se-vacunara-contra-covid-19-en-pasaje-illingworth\/\" \/>\n<meta property=\"og:site_name\" content=\"Universidad de las Artes\" \/>\n<meta property=\"article:publisher\" content=\"https:\/\/www.facebook.com\/uartesec\" \/>\n<meta property=\"article:published_time\" content=\"2021-08-30T20:34:00+00:00\" \/>\n<meta property=\"article:modified_time\" content=\"2024-07-04T16:25:57+00:00\" \/>\n<meta property=\"og:image\" content=\"https:\/\/www.uartes.edu.ec\/sitio\/wp-content\/uploads\/2020\/11\/Fachada-UArtes-scaled.jpg\" \/>\n\t<meta property=\"og:image:width\" content=\"2560\" \/>\n\t<meta property=\"og:image:height\" content=\"1706\" \/>\n\t<meta property=\"og:image:type\" content=\"image\/jpeg\" \/>\n<meta name=\"author\" content=\"tmariduena\" \/>\n<meta name=\"twitter:card\" content=\"summary_large_image\" \/>\n<meta name=\"twitter:creator\" content=\"@uartesec\" \/>\n<meta name=\"twitter:site\" content=\"@uartesec\" \/>\n<meta name=\"twitter:label1\" content=\"Written by\" \/>\n\t<meta name=\"twitter:data1\" content=\"tmariduena\" \/>\n\t<meta name=\"twitter:label2\" content=\"Est. reading time\" \/>\n\t<meta name=\"twitter:data2\" content=\"1 minute\" \/>\n<script type=\"application\/ld+json\" class=\"yoast-schema-graph\">{\"@context\":\"https:\\\/\\\/schema.org\",\"@graph\":[{\"@type\":\"Article\",\"@id\":\"https:\\\/\\\/www.uartes.edu.ec\\\/sitio\\\/en\\\/blog\\\/2021\\\/08\\\/30\\\/hasta-el-7-de-septiembre-se-vacunara-contra-covid-19-en-pasaje-illingworth\\\/#article\",\"isPartOf\":{\"@id\":\"https:\\\/\\\/www.uartes.edu.ec\\\/sitio\\\/en\\\/blog\\\/2021\\\/08\\\/30\\\/hasta-el-7-de-septiembre-se-vacunara-contra-covid-19-en-pasaje-illingworth\\\/\"},\"author\":{\"name\":\"tmariduena\",\"@id\":\"https:\\\/\\\/www.uartes.edu.ec\\\/sitio\\\/en\\\/#\\\/schema\\\/person\\\/5374e8c901d217252e42ba3c04399dd6\"},\"headline\":\"Hasta el 7 de septiembre se vacunar\u00e1 contra COVID-19 en Pasaje Illingworth\",\"datePublished\":\"2021-08-30T20:34:00+00:00\",\"dateModified\":\"2024-07-04T16:25:57+00:00\",\"mainEntityOfPage\":{\"@id\":\"https:\\\/\\\/www.uartes.edu.ec\\\/sitio\\\/en\\\/blog\\\/2021\\\/08\\\/30\\\/hasta-el-7-de-septiembre-se-vacunara-contra-covid-19-en-pasaje-illingworth\\\/\"},\"wordCount\":194,\"commentCount\":0,\"publisher\":{\"@id\":\"https:\\\/\\\/www.uartes.edu.ec\\\/sitio\\\/en\\\/#organization\"},\"image\":{\"@id\":\"https:\\\/\\\/www.uartes.edu.ec\\\/sitio\\\/en\\\/blog\\\/2021\\\/08\\\/30\\\/hasta-el-7-de-septiembre-se-vacunara-contra-covid-19-en-pasaje-illingworth\\\/#primaryimage\"},\"thumbnailUrl\":\"https:\\\/\\\/www.uartes.edu.ec\\\/sitio\\\/wp-content\\\/uploads\\\/2020\\\/11\\\/Fachada-UArtes-scaled.jpg\",\"keywords\":[\"covid19\"],\"articleSection\":[\"Administrativos\",\"Docentes\",\"Estudiantes\",\"Servicios\",\"V\u00ednculo\"],\"inLanguage\":\"en-US\",\"potentialAction\":[{\"@type\":\"CommentAction\",\"name\":\"Comment\",\"target\":[\"https:\\\/\\\/www.uartes.edu.ec\\\/sitio\\\/en\\\/blog\\\/2021\\\/08\\\/30\\\/hasta-el-7-de-septiembre-se-vacunara-contra-covid-19-en-pasaje-illingworth\\\/#respond\"]}]},{\"@type\":[\"WebPage\",\"ItemPage\"],\"@id\":\"https:\\\/\\\/www.uartes.edu.ec\\\/sitio\\\/en\\\/blog\\\/2021\\\/08\\\/30\\\/hasta-el-7-de-septiembre-se-vacunara-contra-covid-19-en-pasaje-illingworth\\\/\",\"url\":\"https:\\\/\\\/www.uartes.edu.ec\\\/sitio\\\/en\\\/blog\\\/2021\\\/08\\\/30\\\/hasta-el-7-de-septiembre-se-vacunara-contra-covid-19-en-pasaje-illingworth\\\/\",\"name\":\"Universidad de las Artes - Hasta el 7 de septiembre se vacunar\u00e1 contra COVID-19 en Pasaje Illingworth\",\"isPartOf\":{\"@id\":\"https:\\\/\\\/www.uartes.edu.ec\\\/sitio\\\/en\\\/#website\"},\"primaryImageOfPage\":{\"@id\":\"https:\\\/\\\/www.uartes.edu.ec\\\/sitio\\\/en\\\/blog\\\/2021\\\/08\\\/30\\\/hasta-el-7-de-septiembre-se-vacunara-contra-covid-19-en-pasaje-illingworth\\\/#primaryimage\"},\"image\":{\"@id\":\"https:\\\/\\\/www.uartes.edu.ec\\\/sitio\\\/en\\\/blog\\\/2021\\\/08\\\/30\\\/hasta-el-7-de-septiembre-se-vacunara-contra-covid-19-en-pasaje-illingworth\\\/#primaryimage\"},\"thumbnailUrl\":\"https:\\\/\\\/www.uartes.edu.ec\\\/sitio\\\/wp-content\\\/uploads\\\/2020\\\/11\\\/Fachada-UArtes-scaled.jpg\",\"datePublished\":\"2021-08-30T20:34:00+00:00\",\"dateModified\":\"2024-07-04T16:25:57+00:00\",\"description\":\"Universidad de las Artes - Hasta el 7 de septiembre se vacunar\u00e1 contra COVID-19 en Pasaje Illingworth\",\"breadcrumb\":{\"@id\":\"https:\\\/\\\/www.uartes.edu.ec\\\/sitio\\\/en\\\/blog\\\/2021\\\/08\\\/30\\\/hasta-el-7-de-septiembre-se-vacunara-contra-covid-19-en-pasaje-illingworth\\\/#breadcrumb\"},\"inLanguage\":\"en-US\",\"potentialAction\":[{\"@type\":\"ReadAction\",\"target\":[\"https:\\\/\\\/www.uartes.edu.ec\\\/sitio\\\/en\\\/blog\\\/2021\\\/08\\\/30\\\/hasta-el-7-de-septiembre-se-vacunara-contra-covid-19-en-pasaje-illingworth\\\/\"]}]},{\"@type\":\"ImageObject\",\"inLanguage\":\"en-US\",\"@id\":\"https:\\\/\\\/www.uartes.edu.ec\\\/sitio\\\/en\\\/blog\\\/2021\\\/08\\\/30\\\/hasta-el-7-de-septiembre-se-vacunara-contra-covid-19-en-pasaje-illingworth\\\/#primaryimage\",\"url\":\"https:\\\/\\\/www.uartes.edu.ec\\\/sitio\\\/wp-content\\\/uploads\\\/2020\\\/11\\\/Fachada-UArtes-scaled.jpg\",\"contentUrl\":\"https:\\\/\\\/www.uartes.edu.ec\\\/sitio\\\/wp-content\\\/uploads\\\/2020\\\/11\\\/Fachada-UArtes-scaled.jpg\",\"width\":2560,\"height\":1706},{\"@type\":\"BreadcrumbList\",\"@id\":\"https:\\\/\\\/www.uartes.edu.ec\\\/sitio\\\/en\\\/blog\\\/2021\\\/08\\\/30\\\/hasta-el-7-de-septiembre-se-vacunara-contra-covid-19-en-pasaje-illingworth\\\/#breadcrumb\",\"itemListElement\":[{\"@type\":\"ListItem\",\"position\":1,\"name\":\"Inicio\",\"item\":\"https:\\\/\\\/www.uartes.edu.ec\\\/sitio\\\/\"},{\"@type\":\"ListItem\",\"position\":2,\"name\":\"Hasta el 7 de septiembre se vacunar\u00e1 contra COVID-19 en Pasaje Illingworth\"}]},{\"@type\":\"WebSite\",\"@id\":\"https:\\\/\\\/www.uartes.edu.ec\\\/sitio\\\/en\\\/#website\",\"url\":\"https:\\\/\\\/www.uartes.edu.ec\\\/sitio\\\/en\\\/\",\"name\":\"Universidad de las Artes\",\"description\":\"Sitio oficial de la Universidad Nacional de las Artes del Ecuador\",\"publisher\":{\"@id\":\"https:\\\/\\\/www.uartes.edu.ec\\\/sitio\\\/en\\\/#organization\"},\"potentialAction\":[{\"@type\":\"SearchAction\",\"target\":{\"@type\":\"EntryPoint\",\"urlTemplate\":\"https:\\\/\\\/www.uartes.edu.ec\\\/sitio\\\/en\\\/?s={search_term_string}\"},\"query-input\":{\"@type\":\"PropertyValueSpecification\",\"valueRequired\":true,\"valueName\":\"search_term_string\"}}],\"inLanguage\":\"en-US\"},{\"@type\":\"Organization\",\"@id\":\"https:\\\/\\\/www.uartes.edu.ec\\\/sitio\\\/en\\\/#organization\",\"name\":\"Universidad de las Artes\",\"url\":\"https:\\\/\\\/www.uartes.edu.ec\\\/sitio\\\/en\\\/\",\"logo\":{\"@type\":\"ImageObject\",\"inLanguage\":\"en-US\",\"@id\":\"https:\\\/\\\/www.uartes.edu.ec\\\/sitio\\\/en\\\/#\\\/schema\\\/logo\\\/image\\\/\",\"url\":\"https:\\\/\\\/www.uartes.edu.ec\\\/sitio\\\/wp-content\\\/uploads\\\/2022\\\/07\\\/logo-ua-horizontal.png\",\"contentUrl\":\"https:\\\/\\\/www.uartes.edu.ec\\\/sitio\\\/wp-content\\\/uploads\\\/2022\\\/07\\\/logo-ua-horizontal.png\",\"width\":800,\"height\":276,\"caption\":\"Universidad de las Artes\"},\"image\":{\"@id\":\"https:\\\/\\\/www.uartes.edu.ec\\\/sitio\\\/en\\\/#\\\/schema\\\/logo\\\/image\\\/\"},\"sameAs\":[\"https:\\\/\\\/www.facebook.com\\\/uartesec\",\"https:\\\/\\\/x.com\\\/uartesec\",\"https:\\\/\\\/www.tiktok.com\\\/@uartesec\"]},{\"@type\":\"Person\",\"@id\":\"https:\\\/\\\/www.uartes.edu.ec\\\/sitio\\\/en\\\/#\\\/schema\\\/person\\\/5374e8c901d217252e42ba3c04399dd6\",\"name\":\"tmariduena\",\"image\":{\"@type\":\"ImageObject\",\"inLanguage\":\"en-US\",\"@id\":\"https:\\\/\\\/secure.gravatar.com\\\/avatar\\\/20778b5ee784b2262381c66dd01e01078412c554f20b8232234574602e22ba24?s=96&d=mm&r=g\",\"url\":\"https:\\\/\\\/secure.gravatar.com\\\/avatar\\\/20778b5ee784b2262381c66dd01e01078412c554f20b8232234574602e22ba24?s=96&d=mm&r=g\",\"contentUrl\":\"https:\\\/\\\/secure.gravatar.com\\\/avatar\\\/20778b5ee784b2262381c66dd01e01078412c554f20b8232234574602e22ba24?s=96&d=mm&r=g\",\"caption\":\"tmariduena\"},\"url\":\"https:\\\/\\\/www.uartes.edu.ec\\\/sitio\\\/en\\\/blog\\\/author\\\/tmariduena\\\/\"}]}<\/script>\n<!-- \/ Yoast SEO plugin. -->","yoast_head_json":{"title":"Universidad de las Artes - Hasta el 7 de septiembre se vacunar\u00e1 contra COVID-19 en Pasaje Illingworth","description":"Universidad de las Artes - Hasta el 7 de septiembre se vacunar\u00e1 contra COVID-19 en Pasaje Illingworth","robots":{"index":"index","follow":"follow","max-snippet":"max-snippet:-1","max-image-preview":"max-image-preview:large","max-video-preview":"max-video-preview:-1"},"canonical":"https:\/\/www.uartes.edu.ec\/sitio\/en\/blog\/2021\/08\/30\/hasta-el-7-de-septiembre-se-vacunara-contra-covid-19-en-pasaje-illingworth\/","og_locale":"en_US","og_type":"article","og_title":"Universidad de las Artes - Hasta el 7 de septiembre se vacunar\u00e1 contra COVID-19 en Pasaje Illingworth","og_description":"Universidad de las Artes - Hasta el 7 de septiembre se vacunar\u00e1 contra COVID-19 en Pasaje Illingworth","og_url":"https:\/\/www.uartes.edu.ec\/sitio\/en\/blog\/2021\/08\/30\/hasta-el-7-de-septiembre-se-vacunara-contra-covid-19-en-pasaje-illingworth\/","og_site_name":"Universidad de las Artes","article_publisher":"https:\/\/www.facebook.com\/uartesec","article_published_time":"2021-08-30T20:34:00+00:00","article_modified_time":"2024-07-04T16:25:57+00:00","og_image":[{"width":2560,"height":1706,"url":"https:\/\/www.uartes.edu.ec\/sitio\/wp-content\/uploads\/2020\/11\/Fachada-UArtes-scaled.jpg","type":"image\/jpeg"}],"author":"tmariduena","twitter_card":"summary_large_image","twitter_creator":"@uartesec","twitter_site":"@uartesec","twitter_misc":{"Written by":"tmariduena","Est. reading time":"1 minute"},"schema":{"@context":"https:\/\/schema.org","@graph":[{"@type":"Article","@id":"https:\/\/www.uartes.edu.ec\/sitio\/en\/blog\/2021\/08\/30\/hasta-el-7-de-septiembre-se-vacunara-contra-covid-19-en-pasaje-illingworth\/#article","isPartOf":{"@id":"https:\/\/www.uartes.edu.ec\/sitio\/en\/blog\/2021\/08\/30\/hasta-el-7-de-septiembre-se-vacunara-contra-covid-19-en-pasaje-illingworth\/"},"author":{"name":"tmariduena","@id":"https:\/\/www.uartes.edu.ec\/sitio\/en\/#\/schema\/person\/5374e8c901d217252e42ba3c04399dd6"},"headline":"Hasta el 7 de septiembre se vacunar\u00e1 contra COVID-19 en Pasaje Illingworth","datePublished":"2021-08-30T20:34:00+00:00","dateModified":"2024-07-04T16:25:57+00:00","mainEntityOfPage":{"@id":"https:\/\/www.uartes.edu.ec\/sitio\/en\/blog\/2021\/08\/30\/hasta-el-7-de-septiembre-se-vacunara-contra-covid-19-en-pasaje-illingworth\/"},"wordCount":194,"commentCount":0,"publisher":{"@id":"https:\/\/www.uartes.edu.ec\/sitio\/en\/#organization"},"image":{"@id":"https:\/\/www.uartes.edu.ec\/sitio\/en\/blog\/2021\/08\/30\/hasta-el-7-de-septiembre-se-vacunara-contra-covid-19-en-pasaje-illingworth\/#primaryimage"},"thumbnailUrl":"https:\/\/www.uartes.edu.ec\/sitio\/wp-content\/uploads\/2020\/11\/Fachada-UArtes-scaled.jpg","keywords":["covid19"],"articleSection":["Administrativos","Docentes","Estudiantes","Servicios","V\u00ednculo"],"inLanguage":"en-US","potentialAction":[{"@type":"CommentAction","name":"Comment","target":["https:\/\/www.uartes.edu.ec\/sitio\/en\/blog\/2021\/08\/30\/hasta-el-7-de-septiembre-se-vacunara-contra-covid-19-en-pasaje-illingworth\/#respond"]}]},{"@type":["WebPage","ItemPage"],"@id":"https:\/\/www.uartes.edu.ec\/sitio\/en\/blog\/2021\/08\/30\/hasta-el-7-de-septiembre-se-vacunara-contra-covid-19-en-pasaje-illingworth\/","url":"https:\/\/www.uartes.edu.ec\/sitio\/en\/blog\/2021\/08\/30\/hasta-el-7-de-septiembre-se-vacunara-contra-covid-19-en-pasaje-illingworth\/","name":"Universidad de las Artes - Hasta el 7 de septiembre se vacunar\u00e1 contra COVID-19 en Pasaje Illingworth","isPartOf":{"@id":"https:\/\/www.uartes.edu.ec\/sitio\/en\/#website"},"primaryImageOfPage":{"@id":"https:\/\/www.uartes.edu.ec\/sitio\/en\/blog\/2021\/08\/30\/hasta-el-7-de-septiembre-se-vacunara-contra-covid-19-en-pasaje-illingworth\/#primaryimage"},"image":{"@id":"https:\/\/www.uartes.edu.ec\/sitio\/en\/blog\/2021\/08\/30\/hasta-el-7-de-septiembre-se-vacunara-contra-covid-19-en-pasaje-illingworth\/#primaryimage"},"thumbnailUrl":"https:\/\/www.uartes.edu.ec\/sitio\/wp-content\/uploads\/2020\/11\/Fachada-UArtes-scaled.jpg","datePublished":"2021-08-30T20:34:00+00:00","dateModified":"2024-07-04T16:25:57+00:00","description":"Universidad de las Artes - Hasta el 7 de septiembre se vacunar\u00e1 contra COVID-19 en Pasaje Illingworth","breadcrumb":{"@id":"https:\/\/www.uartes.edu.ec\/sitio\/en\/blog\/2021\/08\/30\/hasta-el-7-de-septiembre-se-vacunara-contra-covid-19-en-pasaje-illingworth\/#breadcrumb"},"inLanguage":"en-US","potentialAction":[{"@type":"ReadAction","target":["https:\/\/www.uartes.edu.ec\/sitio\/en\/blog\/2021\/08\/30\/hasta-el-7-de-septiembre-se-vacunara-contra-covid-19-en-pasaje-illingworth\/"]}]},{"@type":"ImageObject","inLanguage":"en-US","@id":"https:\/\/www.uartes.edu.ec\/sitio\/en\/blog\/2021\/08\/30\/hasta-el-7-de-septiembre-se-vacunara-contra-covid-19-en-pasaje-illingworth\/#primaryimage","url":"https:\/\/www.uartes.edu.ec\/sitio\/wp-content\/uploads\/2020\/11\/Fachada-UArtes-scaled.jpg","contentUrl":"https:\/\/www.uartes.edu.ec\/sitio\/wp-content\/uploads\/2020\/11\/Fachada-UArtes-scaled.jpg","width":2560,"height":1706},{"@type":"BreadcrumbList","@id":"https:\/\/www.uartes.edu.ec\/sitio\/en\/blog\/2021\/08\/30\/hasta-el-7-de-septiembre-se-vacunara-contra-covid-19-en-pasaje-illingworth\/#breadcrumb","itemListElement":[{"@type":"ListItem","position":1,"name":"Inicio","item":"https:\/\/www.uartes.edu.ec\/sitio\/"},{"@type":"ListItem","position":2,"name":"Hasta el 7 de septiembre se vacunar\u00e1 contra COVID-19 en Pasaje Illingworth"}]},{"@type":"WebSite","@id":"https:\/\/www.uartes.edu.ec\/sitio\/en\/#website","url":"https:\/\/www.uartes.edu.ec\/sitio\/en\/","name":"Universidad de las Artes","description":"Sitio oficial de la Universidad Nacional de las Artes del Ecuador","publisher":{"@id":"https:\/\/www.uartes.edu.ec\/sitio\/en\/#organization"},"potentialAction":[{"@type":"SearchAction","target":{"@type":"EntryPoint","urlTemplate":"https:\/\/www.uartes.edu.ec\/sitio\/en\/?s={search_term_string}"},"query-input":{"@type":"PropertyValueSpecification","valueRequired":true,"valueName":"search_term_string"}}],"inLanguage":"en-US"},{"@type":"Organization","@id":"https:\/\/www.uartes.edu.ec\/sitio\/en\/#organization","name":"Universidad de las Artes","url":"https:\/\/www.uartes.edu.ec\/sitio\/en\/","logo":{"@type":"ImageObject","inLanguage":"en-US","@id":"https:\/\/www.uartes.edu.ec\/sitio\/en\/#\/schema\/logo\/image\/","url":"https:\/\/www.uartes.edu.ec\/sitio\/wp-content\/uploads\/2022\/07\/logo-ua-horizontal.png","contentUrl":"https:\/\/www.uartes.edu.ec\/sitio\/wp-content\/uploads\/2022\/07\/logo-ua-horizontal.png","width":800,"height":276,"caption":"Universidad de las Artes"},"image":{"@id":"https:\/\/www.uartes.edu.ec\/sitio\/en\/#\/schema\/logo\/image\/"},"sameAs":["https:\/\/www.facebook.com\/uartesec","https:\/\/x.com\/uartesec","https:\/\/www.tiktok.com\/@uartesec"]},{"@type":"Person","@id":"https:\/\/www.uartes.edu.ec\/sitio\/en\/#\/schema\/person\/5374e8c901d217252e42ba3c04399dd6","name":"tmariduena","image":{"@type":"ImageObject","inLanguage":"en-US","@id":"https:\/\/secure.gravatar.com\/avatar\/20778b5ee784b2262381c66dd01e01078412c554f20b8232234574602e22ba24?s=96&d=mm&r=g","url":"https:\/\/secure.gravatar.com\/avatar\/20778b5ee784b2262381c66dd01e01078412c554f20b8232234574602e22ba24?s=96&d=mm&r=g","contentUrl":"https:\/\/secure.gravatar.com\/avatar\/20778b5ee784b2262381c66dd01e01078412c554f20b8232234574602e22ba24?s=96&d=mm&r=g","caption":"tmariduena"},"url":"https:\/\/www.uartes.edu.ec\/sitio\/en\/blog\/author\/tmariduena\/"}]}},"uagb_featured_image_src":{"full":["https:\/\/www.uartes.edu.ec\/sitio\/wp-content\/uploads\/2020\/11\/Fachada-UArtes-scaled.jpg",2560,1706,false],"thumbnail":["https:\/\/www.uartes.edu.ec\/sitio\/wp-content\/uploads\/2020\/11\/Fachada-UArtes-150x150.jpg",150,150,true],"medium":["https:\/\/www.uartes.edu.ec\/sitio\/wp-content\/uploads\/2020\/11\/Fachada-UArtes-300x200.jpg",300,200,true],"medium_large":["https:\/\/www.uartes.edu.ec\/sitio\/wp-content\/uploads\/2020\/11\/Fachada-UArtes-768x512.jpg",768,512,true],"large":["https:\/\/www.uartes.edu.ec\/sitio\/wp-content\/uploads\/2020\/11\/Fachada-UArtes-644x429.jpg",644,429,true],"1536x1536":["https:\/\/www.uartes.edu.ec\/sitio\/wp-content\/uploads\/2020\/11\/Fachada-UArtes-1536x1024.jpg",1536,1024,true],"2048x2048":["https:\/\/www.uartes.edu.ec\/sitio\/wp-content\/uploads\/2020\/11\/Fachada-UArtes-2048x1365.jpg",2048,1365,true],"trp-custom-language-flag":["https:\/\/www.uartes.edu.ec\/sitio\/wp-content\/uploads\/2020\/11\/Fachada-UArtes-scaled.jpg",18,12,false],"htmega_size_585x295":["https:\/\/www.uartes.edu.ec\/sitio\/wp-content\/uploads\/2020\/11\/Fachada-UArtes-585x295.jpg",585,295,true],"htmega_size_1170x536":["https:\/\/www.uartes.edu.ec\/sitio\/wp-content\/uploads\/2020\/11\/Fachada-UArtes-1170x536.jpg",1170,536,true],"htmega_size_396x360":["https:\/\/www.uartes.edu.ec\/sitio\/wp-content\/uploads\/2020\/11\/Fachada-UArtes-396x360.jpg",396,360,true],"gb-block-post-grid-landscape":["https:\/\/www.uartes.edu.ec\/sitio\/wp-content\/uploads\/2020\/11\/Fachada-UArtes-scaled.jpg",600,400,false],"gb-block-post-grid-square":["https:\/\/www.uartes.edu.ec\/sitio\/wp-content\/uploads\/2020\/11\/Fachada-UArtes-scaled.jpg",600,400,false],"university-hub-thumb":["https:\/\/www.uartes.edu.ec\/sitio\/wp-content\/uploads\/2020\/11\/Fachada-UArtes-scaled.jpg",400,267,false]},"uagb_author_info":{"display_name":"tmariduena","author_link":"https:\/\/www.uartes.edu.ec\/sitio\/en\/blog\/author\/tmariduena\/"},"uagb_comment_info":0,"uagb_excerpt":"Como aporte a la campa\u00f1a de vacunaci\u00f3n contra el COVID-19 y en virtud de la cooperaci\u00f3n interinstitucional entre el Ministerio de Salud P\u00fablica, la Prefectura del Guayas y la Universidad de las Artes, en el Pasaje Illingworth se ha instalado un nuevo punto de vacunaci\u00f3n para acceso de los miembros de nuestra comunidad universitaria y&hellip;","featured_image_src":"https:\/\/www.uartes.edu.ec\/sitio\/wp-content\/uploads\/2020\/11\/Fachada-UArtes-scaled.jpg","featured_image_src_square":"https:\/\/www.uartes.edu.ec\/sitio\/wp-content\/uploads\/2020\/11\/Fachada-UArtes-scaled.jpg","author_info":{"display_name":"tmariduena","author_link":"https:\/\/www.uartes.edu.ec\/sitio\/en\/blog\/author\/tmariduena\/"},"publishpress_future_workflow_manual_trigger":{"enabledWorkflows":[]},"distributor_meta":false,"distributor_terms":false,"distributor_media":false,"distributor_original_site_name":"Universidad de las Artes","distributor_original_site_url":"https:\/\/www.uartes.edu.ec\/sitio\/en","push-errors":false,"_links":{"self":[{"href":"https:\/\/www.uartes.edu.ec\/sitio\/en\/wp-json\/wp\/v2\/posts\/15787","targetHints":{"allow":["GET"]}}],"collection":[{"href":"https:\/\/www.uartes.edu.ec\/sitio\/en\/wp-json\/wp\/v2\/posts"}],"about":[{"href":"https:\/\/www.uartes.edu.ec\/sitio\/en\/wp-json\/wp\/v2\/types\/post"}],"author":[{"embeddable":true,"href":"https:\/\/www.uartes.edu.ec\/sitio\/en\/wp-json\/wp\/v2\/users\/9"}],"replies":[{"embeddable":true,"href":"https:\/\/www.uartes.edu.ec\/sitio\/en\/wp-json\/wp\/v2\/comments?post=15787"}],"version-history":[{"count":3,"href":"https:\/\/www.uartes.edu.ec\/sitio\/en\/wp-json\/wp\/v2\/posts\/15787\/revisions"}],"predecessor-version":[{"id":15844,"href":"https:\/\/www.uartes.edu.ec\/sitio\/en\/wp-json\/wp\/v2\/posts\/15787\/revisions\/15844"}],"wp:featuredmedia":[{"embeddable":true,"href":"https:\/\/www.uartes.edu.ec\/sitio\/en\/wp-json\/wp\/v2\/media\/11092"}],"wp:attachment":[{"href":"https:\/\/www.uartes.edu.ec\/sitio\/en\/wp-json\/wp\/v2\/media?parent=15787"}],"wp:term":[{"taxonomy":"category","embeddable":true,"href":"https:\/\/www.uartes.edu.ec\/sitio\/en\/wp-json\/wp\/v2\/categories?post=15787"},{"taxonomy":"post_tag","embeddable":true,"href":"https:\/\/www.uartes.edu.ec\/sitio\/en\/wp-json\/wp\/v2\/tags?post=15787"},{"taxonomy":"infouartes","embeddable":true,"href":"https:\/\/www.uartes.edu.ec\/sitio\/en\/wp-json\/wp\/v2\/infouartes?post=15787"}],"curies":[{"name":"wp","href":"https:\/\/api.w.org\/{rel}","templated":true}]}}