{"id":158,"date":"2017-04-28T16:48:08","date_gmt":"2017-04-28T21:48:08","guid":{"rendered":"http:\/\/www.uartes.edu.ec\/infouartes\/?p=158"},"modified":"2024-07-04T11:54:21","modified_gmt":"2024-07-04T16:54:21","slug":"juan-diego-illescas-docente-de-la-uartes-participa-en-festival-bafici-de-argentina","status":"publish","type":"post","link":"https:\/\/www.uartes.edu.ec\/sitio\/en\/blog\/2017\/04\/28\/juan-diego-illescas-docente-de-la-uartes-participa-en-festival-bafici-de-argentina\/","title":{"rendered":"Juan Diego Illescas, docente de la UArtes, participa en Festival BAFICI de Argentina"},"content":{"rendered":"<p><strong>Juan Diego Illescas<\/strong>, docente de la Escuela de Artes Sonoras de la Universidad de las Artes del Ecuador (UArtes), particip\u00f3 en la 19\u00aa edici\u00f3n del <strong>Buenos Aires Festival Internacional de Cine Independiente (BAFICI)<\/strong>, que se realiza del 19 al 30 de abril de 2017 en Argentina.<\/p>\n\n\n\n<p>Illescas es el productor del documental <a href=\"http:\/\/festivales.buenosaires.gob.ar\/2017\/bafici\/index.xhtml?pagename=movie%26movie.exhibitiontitle%3DSonido+mestizo\">\u2018<strong>Sonido Mestizo\u2019<\/strong><\/a> que se estren\u00f3 el s\u00e1bado 22 de abril en el marco del BAFICI, considerado como uno de los Festivales de cine m\u00e1s destacados del mundo, con una importante distinci\u00f3n y un lugar de privilegio en la agenda cinematogr\u00e1fica internacional.<\/p>\n\n\n\n<p>Sonido Mestizo es una road movie, un documental musical que realiza un recorrido a trav\u00e9s de las venas sonoras de Ecuador. Un viaje en busca de sus int\u00e9rpretes tradicionales y de los j\u00f3venes exponentes de una nueva movida que integra ra\u00edces y modernidad.<\/p>\n\n\n\n<p><a href=\"https:\/\/www.youtube.com\/watch?v=w9ZaOF5Gl6s\">Video <\/a><\/p>\n\n\n\n<p>El documental es un viaje exploratorio a trav\u00e9s de las tres regiones musicales de Ecuador: Andes, Amazon\u00eda y Costa, en busca de sus sonidos e int\u00e9rpretes tradicionales y los j\u00f3venes exponentes de una nueva movida que integra ra\u00edces y modernidad. Un recorrido por las ra\u00edces musicales ecuatorianas y sus vertientes m\u00e1s modernas y contempor\u00e1neas. Una discusi\u00f3n sobre el pasado, presente y futuro de la cultura musical latinoamericana, su apertura hacia el mundo y la defensa de su identidad.<\/p>\n\n\n<div class=\"wp-block-image\">\n<figure class=\"aligncenter\"><img decoding=\"async\" src=\"http:\/\/www.uartes.edu.ec\/infouartes\/wp-content\/uploads\/2017\/04\/SONIDO-MESTIZO-2.jpg\" alt=\"\" class=\"wp-image-160\" \/><\/figure>\n<\/div>\n\n\n<p><\/p>\n\n\n\n<p>En el marco del Festival, Juan Diego Illescas fue invitado adem\u00e1s a realizar un conversatorio y talleres sobre la m\u00fasica ancestral ecuatoriana.<\/p>\n\n\n\n<p><strong>Relacionado:<\/strong><br><a href=\"http:\/\/www.uartes.edu.ec\/Norberto-Bayo-docente-de-la-UArtes-participa-como-ponente-en-VIII-Congreso-de-la-SAF-en-Barcelona-Espana.php\"> Norberto Bayo, docente de la UArtes, participa como ponente en VIII Congreso de la SAF en Barcelona, Espa\u00f1a<\/a><\/p>","protected":false},"excerpt":{"rendered":"<p>Juan Diego Illescas, docente de la Escuela de Artes Sonoras de la Universidad de las Artes del Ecuador (UArtes), particip\u00f3 en la 19\u00aa edici\u00f3n del Buenos Aires Festival Internacional de Cine Independiente (BAFICI), que se realiza del 19 al 30 de abril de 2017 en Argentina. Illescas es el productor del documental \u2018Sonido Mestizo\u2019 que [&hellip;]<\/p>\n","protected":false},"author":1,"featured_media":56501,"comment_status":"closed","ping_status":"open","sticky":false,"template":"","format":"standard","meta":{"_acf_changed":false,"_uag_custom_page_level_css":"","_monsterinsights_skip_tracking":false,"_monsterinsights_sitenote_active":false,"_monsterinsights_sitenote_note":"","_monsterinsights_sitenote_category":0,"cybocfi_hide_featured_image":"","footnotes":""},"categories":[75],"tags":[],"infouartes":[],"class_list":["post-158","post","type-post","status-publish","format-standard","has-post-thumbnail","hentry","category-docentes"],"acf":[],"yoast_head":"<!-- This site is optimized with the Yoast SEO plugin v27.4 - https:\/\/yoast.com\/product\/yoast-seo-wordpress\/ -->\n<title>Universidad de las Artes - Juan Diego Illescas, docente de la UArtes, participa en Festival BAFICI de Argentina<\/title>\n<meta name=\"description\" content=\"Universidad de las Artes - Juan Diego Illescas, docente de la UArtes, participa en Festival BAFICI de Argentina\" \/>\n<meta name=\"robots\" content=\"index, follow, max-snippet:-1, max-image-preview:large, max-video-preview:-1\" \/>\n<link rel=\"canonical\" href=\"https:\/\/www.uartes.edu.ec\/sitio\/en\/blog\/2017\/04\/28\/juan-diego-illescas-docente-de-la-uartes-participa-en-festival-bafici-de-argentina\/\" \/>\n<meta property=\"og:locale\" content=\"en_US\" \/>\n<meta property=\"og:type\" content=\"article\" \/>\n<meta property=\"og:title\" content=\"Universidad de las Artes - Juan Diego Illescas, docente de la UArtes, participa en Festival BAFICI de Argentina\" \/>\n<meta property=\"og:description\" content=\"Universidad de las Artes - Juan Diego Illescas, docente de la UArtes, participa en Festival BAFICI de Argentina\" \/>\n<meta property=\"og:url\" content=\"https:\/\/www.uartes.edu.ec\/sitio\/en\/blog\/2017\/04\/28\/juan-diego-illescas-docente-de-la-uartes-participa-en-festival-bafici-de-argentina\/\" \/>\n<meta property=\"og:site_name\" content=\"Universidad de las Artes\" \/>\n<meta property=\"article:publisher\" content=\"https:\/\/www.facebook.com\/uartesec\" \/>\n<meta property=\"article:published_time\" content=\"2017-04-28T21:48:08+00:00\" \/>\n<meta property=\"article:modified_time\" content=\"2024-07-04T16:54:21+00:00\" \/>\n<meta property=\"og:image\" content=\"https:\/\/www.uartes.edu.ec\/sitio\/wp-content\/uploads\/2017\/04\/Juan-Diego-Illescas-docente-de-la-UArtes-participa-en-Festival-BAFICI-de-Argentina.jpg\" \/>\n\t<meta property=\"og:image:width\" content=\"582\" \/>\n\t<meta property=\"og:image:height\" content=\"270\" \/>\n\t<meta property=\"og:image:type\" content=\"image\/jpeg\" \/>\n<meta name=\"author\" content=\"Universidad de las Artes\" \/>\n<meta name=\"twitter:card\" content=\"summary_large_image\" \/>\n<meta name=\"twitter:creator\" content=\"@uartesec\" \/>\n<meta name=\"twitter:site\" content=\"@uartesec\" \/>\n<meta name=\"twitter:label1\" content=\"Written by\" \/>\n\t<meta name=\"twitter:data1\" content=\"Universidad de las Artes\" \/>\n\t<meta name=\"twitter:label2\" content=\"Est. reading time\" \/>\n\t<meta name=\"twitter:data2\" content=\"2 minutes\" \/>\n<script type=\"application\/ld+json\" class=\"yoast-schema-graph\">{\"@context\":\"https:\\\/\\\/schema.org\",\"@graph\":[{\"@type\":\"Article\",\"@id\":\"https:\\\/\\\/www.uartes.edu.ec\\\/sitio\\\/en\\\/blog\\\/2017\\\/04\\\/28\\\/juan-diego-illescas-docente-de-la-uartes-participa-en-festival-bafici-de-argentina\\\/#article\",\"isPartOf\":{\"@id\":\"https:\\\/\\\/www.uartes.edu.ec\\\/sitio\\\/en\\\/blog\\\/2017\\\/04\\\/28\\\/juan-diego-illescas-docente-de-la-uartes-participa-en-festival-bafici-de-argentina\\\/\"},\"author\":{\"name\":\"Universidad de las Artes\",\"@id\":\"https:\\\/\\\/www.uartes.edu.ec\\\/sitio\\\/en\\\/#\\\/schema\\\/person\\\/f33f8c1d2af0d5c80a38c8abf458184a\"},\"headline\":\"Juan Diego Illescas, docente de la UArtes, participa en Festival BAFICI de Argentina\",\"datePublished\":\"2017-04-28T21:48:08+00:00\",\"dateModified\":\"2024-07-04T16:54:21+00:00\",\"mainEntityOfPage\":{\"@id\":\"https:\\\/\\\/www.uartes.edu.ec\\\/sitio\\\/en\\\/blog\\\/2017\\\/04\\\/28\\\/juan-diego-illescas-docente-de-la-uartes-participa-en-festival-bafici-de-argentina\\\/\"},\"wordCount\":285,\"publisher\":{\"@id\":\"https:\\\/\\\/www.uartes.edu.ec\\\/sitio\\\/en\\\/#organization\"},\"image\":{\"@id\":\"https:\\\/\\\/www.uartes.edu.ec\\\/sitio\\\/en\\\/blog\\\/2017\\\/04\\\/28\\\/juan-diego-illescas-docente-de-la-uartes-participa-en-festival-bafici-de-argentina\\\/#primaryimage\"},\"thumbnailUrl\":\"https:\\\/\\\/www.uartes.edu.ec\\\/sitio\\\/wp-content\\\/uploads\\\/2017\\\/04\\\/Juan-Diego-Illescas-docente-de-la-UArtes-participa-en-Festival-BAFICI-de-Argentina.jpg\",\"articleSection\":[\"Docentes\"],\"inLanguage\":\"en-US\"},{\"@type\":[\"WebPage\",\"ItemPage\"],\"@id\":\"https:\\\/\\\/www.uartes.edu.ec\\\/sitio\\\/en\\\/blog\\\/2017\\\/04\\\/28\\\/juan-diego-illescas-docente-de-la-uartes-participa-en-festival-bafici-de-argentina\\\/\",\"url\":\"https:\\\/\\\/www.uartes.edu.ec\\\/sitio\\\/en\\\/blog\\\/2017\\\/04\\\/28\\\/juan-diego-illescas-docente-de-la-uartes-participa-en-festival-bafici-de-argentina\\\/\",\"name\":\"Universidad de las Artes - Juan Diego Illescas, docente de la UArtes, participa en Festival BAFICI de Argentina\",\"isPartOf\":{\"@id\":\"https:\\\/\\\/www.uartes.edu.ec\\\/sitio\\\/en\\\/#website\"},\"primaryImageOfPage\":{\"@id\":\"https:\\\/\\\/www.uartes.edu.ec\\\/sitio\\\/en\\\/blog\\\/2017\\\/04\\\/28\\\/juan-diego-illescas-docente-de-la-uartes-participa-en-festival-bafici-de-argentina\\\/#primaryimage\"},\"image\":{\"@id\":\"https:\\\/\\\/www.uartes.edu.ec\\\/sitio\\\/en\\\/blog\\\/2017\\\/04\\\/28\\\/juan-diego-illescas-docente-de-la-uartes-participa-en-festival-bafici-de-argentina\\\/#primaryimage\"},\"thumbnailUrl\":\"https:\\\/\\\/www.uartes.edu.ec\\\/sitio\\\/wp-content\\\/uploads\\\/2017\\\/04\\\/Juan-Diego-Illescas-docente-de-la-UArtes-participa-en-Festival-BAFICI-de-Argentina.jpg\",\"datePublished\":\"2017-04-28T21:48:08+00:00\",\"dateModified\":\"2024-07-04T16:54:21+00:00\",\"description\":\"Universidad de las Artes - Juan Diego Illescas, docente de la UArtes, participa en Festival BAFICI de Argentina\",\"breadcrumb\":{\"@id\":\"https:\\\/\\\/www.uartes.edu.ec\\\/sitio\\\/en\\\/blog\\\/2017\\\/04\\\/28\\\/juan-diego-illescas-docente-de-la-uartes-participa-en-festival-bafici-de-argentina\\\/#breadcrumb\"},\"inLanguage\":\"en-US\",\"potentialAction\":[{\"@type\":\"ReadAction\",\"target\":[\"https:\\\/\\\/www.uartes.edu.ec\\\/sitio\\\/en\\\/blog\\\/2017\\\/04\\\/28\\\/juan-diego-illescas-docente-de-la-uartes-participa-en-festival-bafici-de-argentina\\\/\"]}]},{\"@type\":\"ImageObject\",\"inLanguage\":\"en-US\",\"@id\":\"https:\\\/\\\/www.uartes.edu.ec\\\/sitio\\\/en\\\/blog\\\/2017\\\/04\\\/28\\\/juan-diego-illescas-docente-de-la-uartes-participa-en-festival-bafici-de-argentina\\\/#primaryimage\",\"url\":\"https:\\\/\\\/www.uartes.edu.ec\\\/sitio\\\/wp-content\\\/uploads\\\/2017\\\/04\\\/Juan-Diego-Illescas-docente-de-la-UArtes-participa-en-Festival-BAFICI-de-Argentina.jpg\",\"contentUrl\":\"https:\\\/\\\/www.uartes.edu.ec\\\/sitio\\\/wp-content\\\/uploads\\\/2017\\\/04\\\/Juan-Diego-Illescas-docente-de-la-UArtes-participa-en-Festival-BAFICI-de-Argentina.jpg\",\"width\":582,\"height\":270},{\"@type\":\"BreadcrumbList\",\"@id\":\"https:\\\/\\\/www.uartes.edu.ec\\\/sitio\\\/en\\\/blog\\\/2017\\\/04\\\/28\\\/juan-diego-illescas-docente-de-la-uartes-participa-en-festival-bafici-de-argentina\\\/#breadcrumb\",\"itemListElement\":[{\"@type\":\"ListItem\",\"position\":1,\"name\":\"Inicio\",\"item\":\"https:\\\/\\\/www.uartes.edu.ec\\\/sitio\\\/\"},{\"@type\":\"ListItem\",\"position\":2,\"name\":\"Juan Diego Illescas, docente de la UArtes, participa en Festival BAFICI de Argentina\"}]},{\"@type\":\"WebSite\",\"@id\":\"https:\\\/\\\/www.uartes.edu.ec\\\/sitio\\\/en\\\/#website\",\"url\":\"https:\\\/\\\/www.uartes.edu.ec\\\/sitio\\\/en\\\/\",\"name\":\"Universidad de las Artes\",\"description\":\"Sitio oficial de la Universidad Nacional de las Artes del Ecuador\",\"publisher\":{\"@id\":\"https:\\\/\\\/www.uartes.edu.ec\\\/sitio\\\/en\\\/#organization\"},\"potentialAction\":[{\"@type\":\"SearchAction\",\"target\":{\"@type\":\"EntryPoint\",\"urlTemplate\":\"https:\\\/\\\/www.uartes.edu.ec\\\/sitio\\\/en\\\/?s={search_term_string}\"},\"query-input\":{\"@type\":\"PropertyValueSpecification\",\"valueRequired\":true,\"valueName\":\"search_term_string\"}}],\"inLanguage\":\"en-US\"},{\"@type\":\"Organization\",\"@id\":\"https:\\\/\\\/www.uartes.edu.ec\\\/sitio\\\/en\\\/#organization\",\"name\":\"Universidad de las Artes\",\"url\":\"https:\\\/\\\/www.uartes.edu.ec\\\/sitio\\\/en\\\/\",\"logo\":{\"@type\":\"ImageObject\",\"inLanguage\":\"en-US\",\"@id\":\"https:\\\/\\\/www.uartes.edu.ec\\\/sitio\\\/en\\\/#\\\/schema\\\/logo\\\/image\\\/\",\"url\":\"https:\\\/\\\/www.uartes.edu.ec\\\/sitio\\\/wp-content\\\/uploads\\\/2022\\\/07\\\/logo-ua-horizontal.png\",\"contentUrl\":\"https:\\\/\\\/www.uartes.edu.ec\\\/sitio\\\/wp-content\\\/uploads\\\/2022\\\/07\\\/logo-ua-horizontal.png\",\"width\":800,\"height\":276,\"caption\":\"Universidad de las Artes\"},\"image\":{\"@id\":\"https:\\\/\\\/www.uartes.edu.ec\\\/sitio\\\/en\\\/#\\\/schema\\\/logo\\\/image\\\/\"},\"sameAs\":[\"https:\\\/\\\/www.facebook.com\\\/uartesec\",\"https:\\\/\\\/x.com\\\/uartesec\",\"https:\\\/\\\/www.tiktok.com\\\/@uartesec\"]},{\"@type\":\"Person\",\"@id\":\"https:\\\/\\\/www.uartes.edu.ec\\\/sitio\\\/en\\\/#\\\/schema\\\/person\\\/f33f8c1d2af0d5c80a38c8abf458184a\",\"name\":\"Universidad de las Artes\",\"image\":{\"@type\":\"ImageObject\",\"inLanguage\":\"en-US\",\"@id\":\"https:\\\/\\\/secure.gravatar.com\\\/avatar\\\/52e4757902f5cfa5ac52d020e5be83cae5487519154b6c35482fe08d589f3c13?s=96&d=mm&r=g\",\"url\":\"https:\\\/\\\/secure.gravatar.com\\\/avatar\\\/52e4757902f5cfa5ac52d020e5be83cae5487519154b6c35482fe08d589f3c13?s=96&d=mm&r=g\",\"contentUrl\":\"https:\\\/\\\/secure.gravatar.com\\\/avatar\\\/52e4757902f5cfa5ac52d020e5be83cae5487519154b6c35482fe08d589f3c13?s=96&d=mm&r=g\",\"caption\":\"Universidad de las Artes\"},\"url\":\"https:\\\/\\\/www.uartes.edu.ec\\\/sitio\\\/en\\\/blog\\\/author\\\/dircomadm\\\/\"}]}<\/script>\n<!-- \/ Yoast SEO plugin. -->","yoast_head_json":{"title":"Universidad de las Artes - Juan Diego Illescas, docente de la UArtes, participa en Festival BAFICI de Argentina","description":"Universidad de las Artes - Juan Diego Illescas, docente de la UArtes, participa en Festival BAFICI de Argentina","robots":{"index":"index","follow":"follow","max-snippet":"max-snippet:-1","max-image-preview":"max-image-preview:large","max-video-preview":"max-video-preview:-1"},"canonical":"https:\/\/www.uartes.edu.ec\/sitio\/en\/blog\/2017\/04\/28\/juan-diego-illescas-docente-de-la-uartes-participa-en-festival-bafici-de-argentina\/","og_locale":"en_US","og_type":"article","og_title":"Universidad de las Artes - Juan Diego Illescas, docente de la UArtes, participa en Festival BAFICI de Argentina","og_description":"Universidad de las Artes - Juan Diego Illescas, docente de la UArtes, participa en Festival BAFICI de Argentina","og_url":"https:\/\/www.uartes.edu.ec\/sitio\/en\/blog\/2017\/04\/28\/juan-diego-illescas-docente-de-la-uartes-participa-en-festival-bafici-de-argentina\/","og_site_name":"Universidad de las Artes","article_publisher":"https:\/\/www.facebook.com\/uartesec","article_published_time":"2017-04-28T21:48:08+00:00","article_modified_time":"2024-07-04T16:54:21+00:00","og_image":[{"width":582,"height":270,"url":"https:\/\/www.uartes.edu.ec\/sitio\/wp-content\/uploads\/2017\/04\/Juan-Diego-Illescas-docente-de-la-UArtes-participa-en-Festival-BAFICI-de-Argentina.jpg","type":"image\/jpeg"}],"author":"Universidad de las Artes","twitter_card":"summary_large_image","twitter_creator":"@uartesec","twitter_site":"@uartesec","twitter_misc":{"Written by":"Universidad de las Artes","Est. reading time":"2 minutes"},"schema":{"@context":"https:\/\/schema.org","@graph":[{"@type":"Article","@id":"https:\/\/www.uartes.edu.ec\/sitio\/en\/blog\/2017\/04\/28\/juan-diego-illescas-docente-de-la-uartes-participa-en-festival-bafici-de-argentina\/#article","isPartOf":{"@id":"https:\/\/www.uartes.edu.ec\/sitio\/en\/blog\/2017\/04\/28\/juan-diego-illescas-docente-de-la-uartes-participa-en-festival-bafici-de-argentina\/"},"author":{"name":"Universidad de las Artes","@id":"https:\/\/www.uartes.edu.ec\/sitio\/en\/#\/schema\/person\/f33f8c1d2af0d5c80a38c8abf458184a"},"headline":"Juan Diego Illescas, docente de la UArtes, participa en Festival BAFICI de Argentina","datePublished":"2017-04-28T21:48:08+00:00","dateModified":"2024-07-04T16:54:21+00:00","mainEntityOfPage":{"@id":"https:\/\/www.uartes.edu.ec\/sitio\/en\/blog\/2017\/04\/28\/juan-diego-illescas-docente-de-la-uartes-participa-en-festival-bafici-de-argentina\/"},"wordCount":285,"publisher":{"@id":"https:\/\/www.uartes.edu.ec\/sitio\/en\/#organization"},"image":{"@id":"https:\/\/www.uartes.edu.ec\/sitio\/en\/blog\/2017\/04\/28\/juan-diego-illescas-docente-de-la-uartes-participa-en-festival-bafici-de-argentina\/#primaryimage"},"thumbnailUrl":"https:\/\/www.uartes.edu.ec\/sitio\/wp-content\/uploads\/2017\/04\/Juan-Diego-Illescas-docente-de-la-UArtes-participa-en-Festival-BAFICI-de-Argentina.jpg","articleSection":["Docentes"],"inLanguage":"en-US"},{"@type":["WebPage","ItemPage"],"@id":"https:\/\/www.uartes.edu.ec\/sitio\/en\/blog\/2017\/04\/28\/juan-diego-illescas-docente-de-la-uartes-participa-en-festival-bafici-de-argentina\/","url":"https:\/\/www.uartes.edu.ec\/sitio\/en\/blog\/2017\/04\/28\/juan-diego-illescas-docente-de-la-uartes-participa-en-festival-bafici-de-argentina\/","name":"Universidad de las Artes - Juan Diego Illescas, docente de la UArtes, participa en Festival BAFICI de Argentina","isPartOf":{"@id":"https:\/\/www.uartes.edu.ec\/sitio\/en\/#website"},"primaryImageOfPage":{"@id":"https:\/\/www.uartes.edu.ec\/sitio\/en\/blog\/2017\/04\/28\/juan-diego-illescas-docente-de-la-uartes-participa-en-festival-bafici-de-argentina\/#primaryimage"},"image":{"@id":"https:\/\/www.uartes.edu.ec\/sitio\/en\/blog\/2017\/04\/28\/juan-diego-illescas-docente-de-la-uartes-participa-en-festival-bafici-de-argentina\/#primaryimage"},"thumbnailUrl":"https:\/\/www.uartes.edu.ec\/sitio\/wp-content\/uploads\/2017\/04\/Juan-Diego-Illescas-docente-de-la-UArtes-participa-en-Festival-BAFICI-de-Argentina.jpg","datePublished":"2017-04-28T21:48:08+00:00","dateModified":"2024-07-04T16:54:21+00:00","description":"Universidad de las Artes - Juan Diego Illescas, docente de la UArtes, participa en Festival BAFICI de Argentina","breadcrumb":{"@id":"https:\/\/www.uartes.edu.ec\/sitio\/en\/blog\/2017\/04\/28\/juan-diego-illescas-docente-de-la-uartes-participa-en-festival-bafici-de-argentina\/#breadcrumb"},"inLanguage":"en-US","potentialAction":[{"@type":"ReadAction","target":["https:\/\/www.uartes.edu.ec\/sitio\/en\/blog\/2017\/04\/28\/juan-diego-illescas-docente-de-la-uartes-participa-en-festival-bafici-de-argentina\/"]}]},{"@type":"ImageObject","inLanguage":"en-US","@id":"https:\/\/www.uartes.edu.ec\/sitio\/en\/blog\/2017\/04\/28\/juan-diego-illescas-docente-de-la-uartes-participa-en-festival-bafici-de-argentina\/#primaryimage","url":"https:\/\/www.uartes.edu.ec\/sitio\/wp-content\/uploads\/2017\/04\/Juan-Diego-Illescas-docente-de-la-UArtes-participa-en-Festival-BAFICI-de-Argentina.jpg","contentUrl":"https:\/\/www.uartes.edu.ec\/sitio\/wp-content\/uploads\/2017\/04\/Juan-Diego-Illescas-docente-de-la-UArtes-participa-en-Festival-BAFICI-de-Argentina.jpg","width":582,"height":270},{"@type":"BreadcrumbList","@id":"https:\/\/www.uartes.edu.ec\/sitio\/en\/blog\/2017\/04\/28\/juan-diego-illescas-docente-de-la-uartes-participa-en-festival-bafici-de-argentina\/#breadcrumb","itemListElement":[{"@type":"ListItem","position":1,"name":"Inicio","item":"https:\/\/www.uartes.edu.ec\/sitio\/"},{"@type":"ListItem","position":2,"name":"Juan Diego Illescas, docente de la UArtes, participa en Festival BAFICI de Argentina"}]},{"@type":"WebSite","@id":"https:\/\/www.uartes.edu.ec\/sitio\/en\/#website","url":"https:\/\/www.uartes.edu.ec\/sitio\/en\/","name":"Universidad de las Artes","description":"Sitio oficial de la Universidad Nacional de las Artes del Ecuador","publisher":{"@id":"https:\/\/www.uartes.edu.ec\/sitio\/en\/#organization"},"potentialAction":[{"@type":"SearchAction","target":{"@type":"EntryPoint","urlTemplate":"https:\/\/www.uartes.edu.ec\/sitio\/en\/?s={search_term_string}"},"query-input":{"@type":"PropertyValueSpecification","valueRequired":true,"valueName":"search_term_string"}}],"inLanguage":"en-US"},{"@type":"Organization","@id":"https:\/\/www.uartes.edu.ec\/sitio\/en\/#organization","name":"Universidad de las Artes","url":"https:\/\/www.uartes.edu.ec\/sitio\/en\/","logo":{"@type":"ImageObject","inLanguage":"en-US","@id":"https:\/\/www.uartes.edu.ec\/sitio\/en\/#\/schema\/logo\/image\/","url":"https:\/\/www.uartes.edu.ec\/sitio\/wp-content\/uploads\/2022\/07\/logo-ua-horizontal.png","contentUrl":"https:\/\/www.uartes.edu.ec\/sitio\/wp-content\/uploads\/2022\/07\/logo-ua-horizontal.png","width":800,"height":276,"caption":"Universidad de las Artes"},"image":{"@id":"https:\/\/www.uartes.edu.ec\/sitio\/en\/#\/schema\/logo\/image\/"},"sameAs":["https:\/\/www.facebook.com\/uartesec","https:\/\/x.com\/uartesec","https:\/\/www.tiktok.com\/@uartesec"]},{"@type":"Person","@id":"https:\/\/www.uartes.edu.ec\/sitio\/en\/#\/schema\/person\/f33f8c1d2af0d5c80a38c8abf458184a","name":"Universidad de las Artes","image":{"@type":"ImageObject","inLanguage":"en-US","@id":"https:\/\/secure.gravatar.com\/avatar\/52e4757902f5cfa5ac52d020e5be83cae5487519154b6c35482fe08d589f3c13?s=96&d=mm&r=g","url":"https:\/\/secure.gravatar.com\/avatar\/52e4757902f5cfa5ac52d020e5be83cae5487519154b6c35482fe08d589f3c13?s=96&d=mm&r=g","contentUrl":"https:\/\/secure.gravatar.com\/avatar\/52e4757902f5cfa5ac52d020e5be83cae5487519154b6c35482fe08d589f3c13?s=96&d=mm&r=g","caption":"Universidad de las Artes"},"url":"https:\/\/www.uartes.edu.ec\/sitio\/en\/blog\/author\/dircomadm\/"}]}},"uagb_featured_image_src":{"full":["https:\/\/www.uartes.edu.ec\/sitio\/wp-content\/uploads\/2017\/04\/Juan-Diego-Illescas-docente-de-la-UArtes-participa-en-Festival-BAFICI-de-Argentina.jpg",582,270,false],"thumbnail":["https:\/\/www.uartes.edu.ec\/sitio\/wp-content\/uploads\/2017\/04\/Juan-Diego-Illescas-docente-de-la-UArtes-participa-en-Festival-BAFICI-de-Argentina-150x150.jpg",150,150,true],"medium":["https:\/\/www.uartes.edu.ec\/sitio\/wp-content\/uploads\/2017\/04\/Juan-Diego-Illescas-docente-de-la-UArtes-participa-en-Festival-BAFICI-de-Argentina-300x139.jpg",300,139,true],"medium_large":["https:\/\/www.uartes.edu.ec\/sitio\/wp-content\/uploads\/2017\/04\/Juan-Diego-Illescas-docente-de-la-UArtes-participa-en-Festival-BAFICI-de-Argentina.jpg",582,270,false],"large":["https:\/\/www.uartes.edu.ec\/sitio\/wp-content\/uploads\/2017\/04\/Juan-Diego-Illescas-docente-de-la-UArtes-participa-en-Festival-BAFICI-de-Argentina.jpg",582,270,false],"1536x1536":["https:\/\/www.uartes.edu.ec\/sitio\/wp-content\/uploads\/2017\/04\/Juan-Diego-Illescas-docente-de-la-UArtes-participa-en-Festival-BAFICI-de-Argentina.jpg",582,270,false],"2048x2048":["https:\/\/www.uartes.edu.ec\/sitio\/wp-content\/uploads\/2017\/04\/Juan-Diego-Illescas-docente-de-la-UArtes-participa-en-Festival-BAFICI-de-Argentina.jpg",582,270,false],"trp-custom-language-flag":["https:\/\/www.uartes.edu.ec\/sitio\/wp-content\/uploads\/2017\/04\/Juan-Diego-Illescas-docente-de-la-UArtes-participa-en-Festival-BAFICI-de-Argentina-18x8.jpg",18,8,true],"htmega_size_585x295":["https:\/\/www.uartes.edu.ec\/sitio\/wp-content\/uploads\/2017\/04\/Juan-Diego-Illescas-docente-de-la-UArtes-participa-en-Festival-BAFICI-de-Argentina.jpg",582,270,false],"htmega_size_1170x536":["https:\/\/www.uartes.edu.ec\/sitio\/wp-content\/uploads\/2017\/04\/Juan-Diego-Illescas-docente-de-la-UArtes-participa-en-Festival-BAFICI-de-Argentina.jpg",582,270,false],"htmega_size_396x360":["https:\/\/www.uartes.edu.ec\/sitio\/wp-content\/uploads\/2017\/04\/Juan-Diego-Illescas-docente-de-la-UArtes-participa-en-Festival-BAFICI-de-Argentina-396x270.jpg",396,270,true],"gb-block-post-grid-landscape":["https:\/\/www.uartes.edu.ec\/sitio\/wp-content\/uploads\/2017\/04\/Juan-Diego-Illescas-docente-de-la-UArtes-participa-en-Festival-BAFICI-de-Argentina.jpg",582,270,false],"gb-block-post-grid-square":["https:\/\/www.uartes.edu.ec\/sitio\/wp-content\/uploads\/2017\/04\/Juan-Diego-Illescas-docente-de-la-UArtes-participa-en-Festival-BAFICI-de-Argentina.jpg",582,270,false],"university-hub-thumb":["https:\/\/www.uartes.edu.ec\/sitio\/wp-content\/uploads\/2017\/04\/Juan-Diego-Illescas-docente-de-la-UArtes-participa-en-Festival-BAFICI-de-Argentina-400x186.jpg",400,186,true]},"uagb_author_info":{"display_name":"Universidad de las Artes","author_link":"https:\/\/www.uartes.edu.ec\/sitio\/en\/blog\/author\/dircomadm\/"},"uagb_comment_info":0,"uagb_excerpt":"Juan Diego Illescas, docente de la Escuela de Artes Sonoras de la Universidad de las Artes del Ecuador (UArtes), particip\u00f3 en la 19\u00aa edici\u00f3n del Buenos Aires Festival Internacional de Cine Independiente (BAFICI), que se realiza del 19 al 30 de abril de 2017 en Argentina. Illescas es el productor del documental \u2018Sonido Mestizo\u2019 que&hellip;","featured_image_src":"https:\/\/www.uartes.edu.ec\/sitio\/wp-content\/uploads\/2017\/04\/Juan-Diego-Illescas-docente-de-la-UArtes-participa-en-Festival-BAFICI-de-Argentina.jpg","featured_image_src_square":"https:\/\/www.uartes.edu.ec\/sitio\/wp-content\/uploads\/2017\/04\/Juan-Diego-Illescas-docente-de-la-UArtes-participa-en-Festival-BAFICI-de-Argentina.jpg","author_info":{"display_name":"Universidad de las Artes","author_link":"https:\/\/www.uartes.edu.ec\/sitio\/en\/blog\/author\/dircomadm\/"},"publishpress_future_workflow_manual_trigger":{"enabledWorkflows":[]},"distributor_meta":false,"distributor_terms":false,"distributor_media":false,"distributor_original_site_name":"Universidad de las Artes","distributor_original_site_url":"https:\/\/www.uartes.edu.ec\/sitio\/en","push-errors":false,"_links":{"self":[{"href":"https:\/\/www.uartes.edu.ec\/sitio\/en\/wp-json\/wp\/v2\/posts\/158","targetHints":{"allow":["GET"]}}],"collection":[{"href":"https:\/\/www.uartes.edu.ec\/sitio\/en\/wp-json\/wp\/v2\/posts"}],"about":[{"href":"https:\/\/www.uartes.edu.ec\/sitio\/en\/wp-json\/wp\/v2\/types\/post"}],"author":[{"embeddable":true,"href":"https:\/\/www.uartes.edu.ec\/sitio\/en\/wp-json\/wp\/v2\/users\/1"}],"replies":[{"embeddable":true,"href":"https:\/\/www.uartes.edu.ec\/sitio\/en\/wp-json\/wp\/v2\/comments?post=158"}],"version-history":[{"count":6,"href":"https:\/\/www.uartes.edu.ec\/sitio\/en\/wp-json\/wp\/v2\/posts\/158\/revisions"}],"predecessor-version":[{"id":58068,"href":"https:\/\/www.uartes.edu.ec\/sitio\/en\/wp-json\/wp\/v2\/posts\/158\/revisions\/58068"}],"wp:featuredmedia":[{"embeddable":true,"href":"https:\/\/www.uartes.edu.ec\/sitio\/en\/wp-json\/wp\/v2\/media\/56501"}],"wp:attachment":[{"href":"https:\/\/www.uartes.edu.ec\/sitio\/en\/wp-json\/wp\/v2\/media?parent=158"}],"wp:term":[{"taxonomy":"category","embeddable":true,"href":"https:\/\/www.uartes.edu.ec\/sitio\/en\/wp-json\/wp\/v2\/categories?post=158"},{"taxonomy":"post_tag","embeddable":true,"href":"https:\/\/www.uartes.edu.ec\/sitio\/en\/wp-json\/wp\/v2\/tags?post=158"},{"taxonomy":"infouartes","embeddable":true,"href":"https:\/\/www.uartes.edu.ec\/sitio\/en\/wp-json\/wp\/v2\/infouartes?post=158"}],"curies":[{"name":"wp","href":"https:\/\/api.w.org\/{rel}","templated":true}]}}