{"id":15926,"date":"2021-09-08T14:36:46","date_gmt":"2021-09-08T19:36:46","guid":{"rendered":"http:\/\/www.uartes.edu.ec\/sitio\/?p=15926"},"modified":"2024-07-04T11:25:35","modified_gmt":"2024-07-04T16:25:35","slug":"benjamin-cortes-dirige-obras-de-los-miercoles-de-cervantes-en-tsa-participan-estudiantes-uartes","status":"publish","type":"post","link":"https:\/\/www.uartes.edu.ec\/sitio\/en\/blog\/2021\/09\/08\/benjamin-cortes-dirige-obras-de-los-miercoles-de-cervantes-en-tsa-participan-estudiantes-uartes\/","title":{"rendered":"Benjam\u00edn Cort\u00e9s dirige obras de los Mi\u00e9rcoles de Cervantes en TSA; participan estudiantes UArtes"},"content":{"rendered":"<p>V\u00eda correo electr\u00f3nico el docente Benjam\u00edn Cort\u00e9s, director de Planificaci\u00f3n Acad\u00e9mica de la Escuela de Artes Esc\u00e9nicas de la UArtes, extendi\u00f3 a la comunidad universitaria una invitaci\u00f3n para ser parte de los \u201cMi\u00e9rcoles de Cervantes; dos pasos y un entrem\u00e9s\u201d del Teatro S\u00e1nchez Aguilar (TSA), asistiendo a la presentaci\u00f3n de sus obras. Programada a las 20:00, la propuesta esc\u00e9nica es, asimismo, una exhortaci\u00f3n para viajar al pasado y vivir tiempos cl\u00e1sicos junto a historias divertidas, con m\u00fasica en vivo incluida.<\/p>\n\n\n\n<p>Que la direcci\u00f3n del montaje estaba a su cargo, anot\u00f3 en el correo electr\u00f3nico enviado y dio tambi\u00e9n cuenta de la participaci\u00f3n de cinco estudiantes de las escuelas de Artes Esc\u00e9nicas y Artes Sonoras de nuestra instituci\u00f3n de educaci\u00f3n superior.<\/p>\n\n\n\n<p>Para conocer el detalle de estas intervenciones, InfoUArtes dialog\u00f3 con Benjam\u00edn Cort\u00e9s, de quien hay que resaltar, primeramente, sus m\u00e1s de 20 a\u00f1os de trayectoria en el \u00e1mbito art\u00edstico y m\u00e1s de 50 actuaciones en proyectos para teatro, cine, televisi\u00f3n y radio, de los cuales ha dirigido m\u00e1s de una veintena. Ha tenido, adem\u00e1s, presencia internacional como int\u00e9rprete, congresista y tallerista en pa\u00edses como Dinamarca, Colombia, M\u00e9xico, Espa\u00f1a, Per\u00fa, Nicaragua, Estados Unidos, Argentina y Ecuador.<\/p>\n\n\n\n<p>Licenciado en docencia del Arte Esc\u00e9nico y Maestro en Arte por la Universidad Aut\u00f3noma de Quer\u00e9taro (M\u00e9xico) y PhD en Arte, especializado en Teatro por la Universidad de Guanajuato (M\u00e9xico), Benjam\u00edn Cort\u00e9s se\u00f1al\u00f3 como antecedente que en 2014 se fund\u00f3 en Quer\u00e9taro El hombre de la Luna, una productora y promotora esc\u00e9nica que a lo largo de estos a\u00f1os comenz\u00f3 a producir en Guayaquil.<\/p>\n\n\n\n<p>Agreg\u00f3 que durante la emergencia sanitaria por la pandemia del COVID-19, y tomando como ejemplo las manifestaciones cervantinas alrededor del mundo, se le hizo a la direcci\u00f3n del TSA la propuesta para llevar a cabo un espect\u00e1culo en las escalinatas del teatro, como antiguamente se realizaban los espect\u00e1culos teatrales. Esto, en asociaci\u00f3n con el Teatro Experimental Guayaquil, un grupo de gran tradici\u00f3n en la ciudad, dirigido por la actriz y docente (de la Universidad Casa Grande) Marina Salvarezza.<\/p>\n\n\n\n<p>El Teatro S\u00e1nchez Aguilar acept\u00f3 la propuesta y comenzaron a presentarse en octubre del 2020, con la aspiraci\u00f3n de que se convirtiera en una tradici\u00f3n. \u201cUn a\u00f1o despu\u00e9s recibimos la invitaci\u00f3n de hacer un espect\u00e1culo de la misma naturaleza, sin embargo, con otras obras. As\u00ed comenz\u00f3 la naciente tradici\u00f3n de los Mi\u00e9rcoles de Cervantes\u201d, explic\u00f3.<\/p>\n\n\n\n<p>Benjam\u00edn Cort\u00e9s indic\u00f3 que en este a\u00f1o la direcci\u00f3n esc\u00e9nica corre por su cuenta y en el inter\u00e9s por impulsar al talento novel, \u201ctanto Marina (Salvarezza) como yo, invitamos a estudiantes de \u00faltimo a\u00f1o de la UArtes y egresados de la Universidad Casa Grande, as\u00ed como a estudiantes de nuestra Escuela de Artes Sonoras para musicalizar y acompa\u00f1ar el montaje\u201d. Las obras que se presentan hoy son <em>Pagar y no pagar<\/em> and <em>Tierra de Jauja<\/em>, de Lope de Rueda; y, <em>La cueva de Salamanca<\/em>, de Miguel de Cervantes. En el elenco: Michelle Zamudio, quien tambi\u00e9n es asistente de producci\u00f3n, Karen Pel\u00e1ez, Melissa L\u00f3pez, Carlos Aragundi, Joe Robles (UArtes) y Merwin Heads (UArtes). M\u00fasica en vivo: Ninfa \u00c1lvarez (viol\u00edn), Xavier S\u00e1nchez (cuatro y teclado) y Gabriel L\u00f3pez (guitarra), todos de la EAS. Producci\u00f3n: El hombre de la Luna y Teatro Experimental Guayaquil. Boleto: $ 15.<\/p>","protected":false},"excerpt":{"rendered":"<p>V\u00eda correo electr\u00f3nico el docente Benjam\u00edn Cort\u00e9s, director de Planificaci\u00f3n Acad\u00e9mica de la Escuela de Artes Esc\u00e9nicas de la UArtes, extendi\u00f3 a la comunidad universitaria una invitaci\u00f3n para ser parte de los \u201cMi\u00e9rcoles de Cervantes; dos pasos y un entrem\u00e9s\u201d del Teatro S\u00e1nchez Aguilar (TSA), asistiendo a la presentaci\u00f3n de sus obras. Programada a las [&hellip;]<\/p>\n","protected":false},"author":10,"featured_media":15927,"comment_status":"open","ping_status":"open","sticky":false,"template":"","format":"standard","meta":{"_acf_changed":false,"_uag_custom_page_level_css":"","_monsterinsights_skip_tracking":false,"_monsterinsights_sitenote_active":false,"_monsterinsights_sitenote_note":"","_monsterinsights_sitenote_category":0,"cybocfi_hide_featured_image":"","footnotes":""},"categories":[159,75],"tags":[508],"infouartes":[],"class_list":["post-15926","post","type-post","status-publish","format-standard","has-post-thumbnail","hentry","category-artes-escenicas","category-docentes","tag-artes-escenicas"],"acf":[],"yoast_head":"<!-- This site is optimized with the Yoast SEO plugin v27.4 - https:\/\/yoast.com\/product\/yoast-seo-wordpress\/ -->\n<title>Universidad de las Artes - Benjam\u00edn Cort\u00e9s dirige obras de los Mi\u00e9rcoles de Cervantes en TSA; participan estudiantes UArtes<\/title>\n<meta name=\"description\" content=\"Universidad de las Artes - Benjam\u00edn Cort\u00e9s dirige obras de los Mi\u00e9rcoles de Cervantes en TSA; participan estudiantes UArtes\" \/>\n<meta name=\"robots\" content=\"index, follow, max-snippet:-1, max-image-preview:large, max-video-preview:-1\" \/>\n<link rel=\"canonical\" href=\"https:\/\/www.uartes.edu.ec\/sitio\/en\/blog\/2021\/09\/08\/benjamin-cortes-dirige-obras-de-los-miercoles-de-cervantes-en-tsa-participan-estudiantes-uartes\/\" \/>\n<meta property=\"og:locale\" content=\"en_US\" \/>\n<meta property=\"og:type\" content=\"article\" \/>\n<meta property=\"og:title\" content=\"Universidad de las Artes - Benjam\u00edn Cort\u00e9s dirige obras de los Mi\u00e9rcoles de Cervantes en TSA; participan estudiantes UArtes\" \/>\n<meta property=\"og:description\" content=\"Universidad de las Artes - Benjam\u00edn Cort\u00e9s dirige obras de los Mi\u00e9rcoles de Cervantes en TSA; participan estudiantes UArtes\" \/>\n<meta property=\"og:url\" content=\"https:\/\/www.uartes.edu.ec\/sitio\/en\/blog\/2021\/09\/08\/benjamin-cortes-dirige-obras-de-los-miercoles-de-cervantes-en-tsa-participan-estudiantes-uartes\/\" \/>\n<meta property=\"og:site_name\" content=\"Universidad de las Artes\" \/>\n<meta property=\"article:publisher\" content=\"https:\/\/www.facebook.com\/uartesec\" \/>\n<meta property=\"article:published_time\" content=\"2021-09-08T19:36:46+00:00\" \/>\n<meta property=\"article:modified_time\" content=\"2024-07-04T16:25:35+00:00\" \/>\n<meta property=\"og:image\" content=\"https:\/\/www.uartes.edu.ec\/sitio\/wp-content\/uploads\/2021\/09\/MIERCOLES-DE-CERVANTES.webp\" \/>\n\t<meta property=\"og:image:width\" content=\"2000\" \/>\n\t<meta property=\"og:image:height\" content=\"1333\" \/>\n\t<meta property=\"og:image:type\" content=\"image\/webp\" \/>\n<meta name=\"author\" content=\"ccortez\" \/>\n<meta name=\"twitter:card\" content=\"summary_large_image\" \/>\n<meta name=\"twitter:creator\" content=\"@uartesec\" \/>\n<meta name=\"twitter:site\" content=\"@uartesec\" \/>\n<meta name=\"twitter:label1\" content=\"Written by\" \/>\n\t<meta name=\"twitter:data1\" content=\"ccortez\" \/>\n\t<meta name=\"twitter:label2\" content=\"Est. reading time\" \/>\n\t<meta name=\"twitter:data2\" content=\"3 minutes\" \/>\n<script type=\"application\/ld+json\" class=\"yoast-schema-graph\">{\"@context\":\"https:\\\/\\\/schema.org\",\"@graph\":[{\"@type\":\"Article\",\"@id\":\"https:\\\/\\\/www.uartes.edu.ec\\\/sitio\\\/en\\\/blog\\\/2021\\\/09\\\/08\\\/benjamin-cortes-dirige-obras-de-los-miercoles-de-cervantes-en-tsa-participan-estudiantes-uartes\\\/#article\",\"isPartOf\":{\"@id\":\"https:\\\/\\\/www.uartes.edu.ec\\\/sitio\\\/en\\\/blog\\\/2021\\\/09\\\/08\\\/benjamin-cortes-dirige-obras-de-los-miercoles-de-cervantes-en-tsa-participan-estudiantes-uartes\\\/\"},\"author\":{\"name\":\"ccortez\",\"@id\":\"https:\\\/\\\/www.uartes.edu.ec\\\/sitio\\\/en\\\/#\\\/schema\\\/person\\\/efa1b8275797664fd7f13a79ccc0b1f4\"},\"headline\":\"Benjam\u00edn Cort\u00e9s dirige obras de los Mi\u00e9rcoles de Cervantes en TSA; participan estudiantes UArtes\",\"datePublished\":\"2021-09-08T19:36:46+00:00\",\"dateModified\":\"2024-07-04T16:25:35+00:00\",\"mainEntityOfPage\":{\"@id\":\"https:\\\/\\\/www.uartes.edu.ec\\\/sitio\\\/en\\\/blog\\\/2021\\\/09\\\/08\\\/benjamin-cortes-dirige-obras-de-los-miercoles-de-cervantes-en-tsa-participan-estudiantes-uartes\\\/\"},\"wordCount\":624,\"commentCount\":0,\"publisher\":{\"@id\":\"https:\\\/\\\/www.uartes.edu.ec\\\/sitio\\\/en\\\/#organization\"},\"image\":{\"@id\":\"https:\\\/\\\/www.uartes.edu.ec\\\/sitio\\\/en\\\/blog\\\/2021\\\/09\\\/08\\\/benjamin-cortes-dirige-obras-de-los-miercoles-de-cervantes-en-tsa-participan-estudiantes-uartes\\\/#primaryimage\"},\"thumbnailUrl\":\"https:\\\/\\\/www.uartes.edu.ec\\\/sitio\\\/wp-content\\\/uploads\\\/2021\\\/09\\\/MIERCOLES-DE-CERVANTES.webp\",\"keywords\":[\"artes esc\u00e9nicas\"],\"articleSection\":[\"Artes Esc\u00e9nicas\",\"Docentes\"],\"inLanguage\":\"en-US\",\"potentialAction\":[{\"@type\":\"CommentAction\",\"name\":\"Comment\",\"target\":[\"https:\\\/\\\/www.uartes.edu.ec\\\/sitio\\\/en\\\/blog\\\/2021\\\/09\\\/08\\\/benjamin-cortes-dirige-obras-de-los-miercoles-de-cervantes-en-tsa-participan-estudiantes-uartes\\\/#respond\"]}]},{\"@type\":[\"WebPage\",\"ItemPage\"],\"@id\":\"https:\\\/\\\/www.uartes.edu.ec\\\/sitio\\\/en\\\/blog\\\/2021\\\/09\\\/08\\\/benjamin-cortes-dirige-obras-de-los-miercoles-de-cervantes-en-tsa-participan-estudiantes-uartes\\\/\",\"url\":\"https:\\\/\\\/www.uartes.edu.ec\\\/sitio\\\/en\\\/blog\\\/2021\\\/09\\\/08\\\/benjamin-cortes-dirige-obras-de-los-miercoles-de-cervantes-en-tsa-participan-estudiantes-uartes\\\/\",\"name\":\"Universidad de las Artes - Benjam\u00edn Cort\u00e9s dirige obras de los Mi\u00e9rcoles de Cervantes en TSA; participan estudiantes UArtes\",\"isPartOf\":{\"@id\":\"https:\\\/\\\/www.uartes.edu.ec\\\/sitio\\\/en\\\/#website\"},\"primaryImageOfPage\":{\"@id\":\"https:\\\/\\\/www.uartes.edu.ec\\\/sitio\\\/en\\\/blog\\\/2021\\\/09\\\/08\\\/benjamin-cortes-dirige-obras-de-los-miercoles-de-cervantes-en-tsa-participan-estudiantes-uartes\\\/#primaryimage\"},\"image\":{\"@id\":\"https:\\\/\\\/www.uartes.edu.ec\\\/sitio\\\/en\\\/blog\\\/2021\\\/09\\\/08\\\/benjamin-cortes-dirige-obras-de-los-miercoles-de-cervantes-en-tsa-participan-estudiantes-uartes\\\/#primaryimage\"},\"thumbnailUrl\":\"https:\\\/\\\/www.uartes.edu.ec\\\/sitio\\\/wp-content\\\/uploads\\\/2021\\\/09\\\/MIERCOLES-DE-CERVANTES.webp\",\"datePublished\":\"2021-09-08T19:36:46+00:00\",\"dateModified\":\"2024-07-04T16:25:35+00:00\",\"description\":\"Universidad de las Artes - Benjam\u00edn Cort\u00e9s dirige obras de los Mi\u00e9rcoles de Cervantes en TSA; participan estudiantes UArtes\",\"breadcrumb\":{\"@id\":\"https:\\\/\\\/www.uartes.edu.ec\\\/sitio\\\/en\\\/blog\\\/2021\\\/09\\\/08\\\/benjamin-cortes-dirige-obras-de-los-miercoles-de-cervantes-en-tsa-participan-estudiantes-uartes\\\/#breadcrumb\"},\"inLanguage\":\"en-US\",\"potentialAction\":[{\"@type\":\"ReadAction\",\"target\":[\"https:\\\/\\\/www.uartes.edu.ec\\\/sitio\\\/en\\\/blog\\\/2021\\\/09\\\/08\\\/benjamin-cortes-dirige-obras-de-los-miercoles-de-cervantes-en-tsa-participan-estudiantes-uartes\\\/\"]}]},{\"@type\":\"ImageObject\",\"inLanguage\":\"en-US\",\"@id\":\"https:\\\/\\\/www.uartes.edu.ec\\\/sitio\\\/en\\\/blog\\\/2021\\\/09\\\/08\\\/benjamin-cortes-dirige-obras-de-los-miercoles-de-cervantes-en-tsa-participan-estudiantes-uartes\\\/#primaryimage\",\"url\":\"https:\\\/\\\/www.uartes.edu.ec\\\/sitio\\\/wp-content\\\/uploads\\\/2021\\\/09\\\/MIERCOLES-DE-CERVANTES.webp\",\"contentUrl\":\"https:\\\/\\\/www.uartes.edu.ec\\\/sitio\\\/wp-content\\\/uploads\\\/2021\\\/09\\\/MIERCOLES-DE-CERVANTES.webp\",\"width\":2000,\"height\":1333},{\"@type\":\"BreadcrumbList\",\"@id\":\"https:\\\/\\\/www.uartes.edu.ec\\\/sitio\\\/en\\\/blog\\\/2021\\\/09\\\/08\\\/benjamin-cortes-dirige-obras-de-los-miercoles-de-cervantes-en-tsa-participan-estudiantes-uartes\\\/#breadcrumb\",\"itemListElement\":[{\"@type\":\"ListItem\",\"position\":1,\"name\":\"Inicio\",\"item\":\"https:\\\/\\\/www.uartes.edu.ec\\\/sitio\\\/\"},{\"@type\":\"ListItem\",\"position\":2,\"name\":\"Benjam\u00edn Cort\u00e9s dirige obras de los Mi\u00e9rcoles de Cervantes en TSA; participan estudiantes UArtes\"}]},{\"@type\":\"WebSite\",\"@id\":\"https:\\\/\\\/www.uartes.edu.ec\\\/sitio\\\/en\\\/#website\",\"url\":\"https:\\\/\\\/www.uartes.edu.ec\\\/sitio\\\/en\\\/\",\"name\":\"Universidad de las Artes\",\"description\":\"Sitio oficial de la Universidad Nacional de las Artes del Ecuador\",\"publisher\":{\"@id\":\"https:\\\/\\\/www.uartes.edu.ec\\\/sitio\\\/en\\\/#organization\"},\"potentialAction\":[{\"@type\":\"SearchAction\",\"target\":{\"@type\":\"EntryPoint\",\"urlTemplate\":\"https:\\\/\\\/www.uartes.edu.ec\\\/sitio\\\/en\\\/?s={search_term_string}\"},\"query-input\":{\"@type\":\"PropertyValueSpecification\",\"valueRequired\":true,\"valueName\":\"search_term_string\"}}],\"inLanguage\":\"en-US\"},{\"@type\":\"Organization\",\"@id\":\"https:\\\/\\\/www.uartes.edu.ec\\\/sitio\\\/en\\\/#organization\",\"name\":\"Universidad de las Artes\",\"url\":\"https:\\\/\\\/www.uartes.edu.ec\\\/sitio\\\/en\\\/\",\"logo\":{\"@type\":\"ImageObject\",\"inLanguage\":\"en-US\",\"@id\":\"https:\\\/\\\/www.uartes.edu.ec\\\/sitio\\\/en\\\/#\\\/schema\\\/logo\\\/image\\\/\",\"url\":\"https:\\\/\\\/www.uartes.edu.ec\\\/sitio\\\/wp-content\\\/uploads\\\/2022\\\/07\\\/logo-ua-horizontal.png\",\"contentUrl\":\"https:\\\/\\\/www.uartes.edu.ec\\\/sitio\\\/wp-content\\\/uploads\\\/2022\\\/07\\\/logo-ua-horizontal.png\",\"width\":800,\"height\":276,\"caption\":\"Universidad de las Artes\"},\"image\":{\"@id\":\"https:\\\/\\\/www.uartes.edu.ec\\\/sitio\\\/en\\\/#\\\/schema\\\/logo\\\/image\\\/\"},\"sameAs\":[\"https:\\\/\\\/www.facebook.com\\\/uartesec\",\"https:\\\/\\\/x.com\\\/uartesec\",\"https:\\\/\\\/www.tiktok.com\\\/@uartesec\"]},{\"@type\":\"Person\",\"@id\":\"https:\\\/\\\/www.uartes.edu.ec\\\/sitio\\\/en\\\/#\\\/schema\\\/person\\\/efa1b8275797664fd7f13a79ccc0b1f4\",\"name\":\"ccortez\",\"image\":{\"@type\":\"ImageObject\",\"inLanguage\":\"en-US\",\"@id\":\"https:\\\/\\\/secure.gravatar.com\\\/avatar\\\/b2a6f664a3ae8e074346ef91775736c5ec479e637ecced6842de9dc98b5da9cd?s=96&d=mm&r=g\",\"url\":\"https:\\\/\\\/secure.gravatar.com\\\/avatar\\\/b2a6f664a3ae8e074346ef91775736c5ec479e637ecced6842de9dc98b5da9cd?s=96&d=mm&r=g\",\"contentUrl\":\"https:\\\/\\\/secure.gravatar.com\\\/avatar\\\/b2a6f664a3ae8e074346ef91775736c5ec479e637ecced6842de9dc98b5da9cd?s=96&d=mm&r=g\",\"caption\":\"ccortez\"},\"url\":\"https:\\\/\\\/www.uartes.edu.ec\\\/sitio\\\/en\\\/blog\\\/author\\\/ccortez\\\/\"}]}<\/script>\n<!-- \/ Yoast SEO plugin. -->","yoast_head_json":{"title":"Universidad de las Artes - Benjam\u00edn Cort\u00e9s dirige obras de los Mi\u00e9rcoles de Cervantes en TSA; participan estudiantes UArtes","description":"Universidad de las Artes - Benjam\u00edn Cort\u00e9s dirige obras de los Mi\u00e9rcoles de Cervantes en TSA; participan estudiantes UArtes","robots":{"index":"index","follow":"follow","max-snippet":"max-snippet:-1","max-image-preview":"max-image-preview:large","max-video-preview":"max-video-preview:-1"},"canonical":"https:\/\/www.uartes.edu.ec\/sitio\/en\/blog\/2021\/09\/08\/benjamin-cortes-dirige-obras-de-los-miercoles-de-cervantes-en-tsa-participan-estudiantes-uartes\/","og_locale":"en_US","og_type":"article","og_title":"Universidad de las Artes - Benjam\u00edn Cort\u00e9s dirige obras de los Mi\u00e9rcoles de Cervantes en TSA; participan estudiantes UArtes","og_description":"Universidad de las Artes - Benjam\u00edn Cort\u00e9s dirige obras de los Mi\u00e9rcoles de Cervantes en TSA; participan estudiantes UArtes","og_url":"https:\/\/www.uartes.edu.ec\/sitio\/en\/blog\/2021\/09\/08\/benjamin-cortes-dirige-obras-de-los-miercoles-de-cervantes-en-tsa-participan-estudiantes-uartes\/","og_site_name":"Universidad de las Artes","article_publisher":"https:\/\/www.facebook.com\/uartesec","article_published_time":"2021-09-08T19:36:46+00:00","article_modified_time":"2024-07-04T16:25:35+00:00","og_image":[{"width":2000,"height":1333,"url":"https:\/\/www.uartes.edu.ec\/sitio\/wp-content\/uploads\/2021\/09\/MIERCOLES-DE-CERVANTES.webp","type":"image\/webp"}],"author":"ccortez","twitter_card":"summary_large_image","twitter_creator":"@uartesec","twitter_site":"@uartesec","twitter_misc":{"Written by":"ccortez","Est. reading time":"3 minutes"},"schema":{"@context":"https:\/\/schema.org","@graph":[{"@type":"Article","@id":"https:\/\/www.uartes.edu.ec\/sitio\/en\/blog\/2021\/09\/08\/benjamin-cortes-dirige-obras-de-los-miercoles-de-cervantes-en-tsa-participan-estudiantes-uartes\/#article","isPartOf":{"@id":"https:\/\/www.uartes.edu.ec\/sitio\/en\/blog\/2021\/09\/08\/benjamin-cortes-dirige-obras-de-los-miercoles-de-cervantes-en-tsa-participan-estudiantes-uartes\/"},"author":{"name":"ccortez","@id":"https:\/\/www.uartes.edu.ec\/sitio\/en\/#\/schema\/person\/efa1b8275797664fd7f13a79ccc0b1f4"},"headline":"Benjam\u00edn Cort\u00e9s dirige obras de los Mi\u00e9rcoles de Cervantes en TSA; participan estudiantes UArtes","datePublished":"2021-09-08T19:36:46+00:00","dateModified":"2024-07-04T16:25:35+00:00","mainEntityOfPage":{"@id":"https:\/\/www.uartes.edu.ec\/sitio\/en\/blog\/2021\/09\/08\/benjamin-cortes-dirige-obras-de-los-miercoles-de-cervantes-en-tsa-participan-estudiantes-uartes\/"},"wordCount":624,"commentCount":0,"publisher":{"@id":"https:\/\/www.uartes.edu.ec\/sitio\/en\/#organization"},"image":{"@id":"https:\/\/www.uartes.edu.ec\/sitio\/en\/blog\/2021\/09\/08\/benjamin-cortes-dirige-obras-de-los-miercoles-de-cervantes-en-tsa-participan-estudiantes-uartes\/#primaryimage"},"thumbnailUrl":"https:\/\/www.uartes.edu.ec\/sitio\/wp-content\/uploads\/2021\/09\/MIERCOLES-DE-CERVANTES.webp","keywords":["artes esc\u00e9nicas"],"articleSection":["Artes Esc\u00e9nicas","Docentes"],"inLanguage":"en-US","potentialAction":[{"@type":"CommentAction","name":"Comment","target":["https:\/\/www.uartes.edu.ec\/sitio\/en\/blog\/2021\/09\/08\/benjamin-cortes-dirige-obras-de-los-miercoles-de-cervantes-en-tsa-participan-estudiantes-uartes\/#respond"]}]},{"@type":["WebPage","ItemPage"],"@id":"https:\/\/www.uartes.edu.ec\/sitio\/en\/blog\/2021\/09\/08\/benjamin-cortes-dirige-obras-de-los-miercoles-de-cervantes-en-tsa-participan-estudiantes-uartes\/","url":"https:\/\/www.uartes.edu.ec\/sitio\/en\/blog\/2021\/09\/08\/benjamin-cortes-dirige-obras-de-los-miercoles-de-cervantes-en-tsa-participan-estudiantes-uartes\/","name":"Universidad de las Artes - Benjam\u00edn Cort\u00e9s dirige obras de los Mi\u00e9rcoles de Cervantes en TSA; participan estudiantes UArtes","isPartOf":{"@id":"https:\/\/www.uartes.edu.ec\/sitio\/en\/#website"},"primaryImageOfPage":{"@id":"https:\/\/www.uartes.edu.ec\/sitio\/en\/blog\/2021\/09\/08\/benjamin-cortes-dirige-obras-de-los-miercoles-de-cervantes-en-tsa-participan-estudiantes-uartes\/#primaryimage"},"image":{"@id":"https:\/\/www.uartes.edu.ec\/sitio\/en\/blog\/2021\/09\/08\/benjamin-cortes-dirige-obras-de-los-miercoles-de-cervantes-en-tsa-participan-estudiantes-uartes\/#primaryimage"},"thumbnailUrl":"https:\/\/www.uartes.edu.ec\/sitio\/wp-content\/uploads\/2021\/09\/MIERCOLES-DE-CERVANTES.webp","datePublished":"2021-09-08T19:36:46+00:00","dateModified":"2024-07-04T16:25:35+00:00","description":"Universidad de las Artes - Benjam\u00edn Cort\u00e9s dirige obras de los Mi\u00e9rcoles de Cervantes en TSA; participan estudiantes UArtes","breadcrumb":{"@id":"https:\/\/www.uartes.edu.ec\/sitio\/en\/blog\/2021\/09\/08\/benjamin-cortes-dirige-obras-de-los-miercoles-de-cervantes-en-tsa-participan-estudiantes-uartes\/#breadcrumb"},"inLanguage":"en-US","potentialAction":[{"@type":"ReadAction","target":["https:\/\/www.uartes.edu.ec\/sitio\/en\/blog\/2021\/09\/08\/benjamin-cortes-dirige-obras-de-los-miercoles-de-cervantes-en-tsa-participan-estudiantes-uartes\/"]}]},{"@type":"ImageObject","inLanguage":"en-US","@id":"https:\/\/www.uartes.edu.ec\/sitio\/en\/blog\/2021\/09\/08\/benjamin-cortes-dirige-obras-de-los-miercoles-de-cervantes-en-tsa-participan-estudiantes-uartes\/#primaryimage","url":"https:\/\/www.uartes.edu.ec\/sitio\/wp-content\/uploads\/2021\/09\/MIERCOLES-DE-CERVANTES.webp","contentUrl":"https:\/\/www.uartes.edu.ec\/sitio\/wp-content\/uploads\/2021\/09\/MIERCOLES-DE-CERVANTES.webp","width":2000,"height":1333},{"@type":"BreadcrumbList","@id":"https:\/\/www.uartes.edu.ec\/sitio\/en\/blog\/2021\/09\/08\/benjamin-cortes-dirige-obras-de-los-miercoles-de-cervantes-en-tsa-participan-estudiantes-uartes\/#breadcrumb","itemListElement":[{"@type":"ListItem","position":1,"name":"Inicio","item":"https:\/\/www.uartes.edu.ec\/sitio\/"},{"@type":"ListItem","position":2,"name":"Benjam\u00edn Cort\u00e9s dirige obras de los Mi\u00e9rcoles de Cervantes en TSA; participan estudiantes UArtes"}]},{"@type":"WebSite","@id":"https:\/\/www.uartes.edu.ec\/sitio\/en\/#website","url":"https:\/\/www.uartes.edu.ec\/sitio\/en\/","name":"Universidad de las Artes","description":"Sitio oficial de la Universidad Nacional de las Artes del Ecuador","publisher":{"@id":"https:\/\/www.uartes.edu.ec\/sitio\/en\/#organization"},"potentialAction":[{"@type":"SearchAction","target":{"@type":"EntryPoint","urlTemplate":"https:\/\/www.uartes.edu.ec\/sitio\/en\/?s={search_term_string}"},"query-input":{"@type":"PropertyValueSpecification","valueRequired":true,"valueName":"search_term_string"}}],"inLanguage":"en-US"},{"@type":"Organization","@id":"https:\/\/www.uartes.edu.ec\/sitio\/en\/#organization","name":"Universidad de las Artes","url":"https:\/\/www.uartes.edu.ec\/sitio\/en\/","logo":{"@type":"ImageObject","inLanguage":"en-US","@id":"https:\/\/www.uartes.edu.ec\/sitio\/en\/#\/schema\/logo\/image\/","url":"https:\/\/www.uartes.edu.ec\/sitio\/wp-content\/uploads\/2022\/07\/logo-ua-horizontal.png","contentUrl":"https:\/\/www.uartes.edu.ec\/sitio\/wp-content\/uploads\/2022\/07\/logo-ua-horizontal.png","width":800,"height":276,"caption":"Universidad de las Artes"},"image":{"@id":"https:\/\/www.uartes.edu.ec\/sitio\/en\/#\/schema\/logo\/image\/"},"sameAs":["https:\/\/www.facebook.com\/uartesec","https:\/\/x.com\/uartesec","https:\/\/www.tiktok.com\/@uartesec"]},{"@type":"Person","@id":"https:\/\/www.uartes.edu.ec\/sitio\/en\/#\/schema\/person\/efa1b8275797664fd7f13a79ccc0b1f4","name":"ccortez","image":{"@type":"ImageObject","inLanguage":"en-US","@id":"https:\/\/secure.gravatar.com\/avatar\/b2a6f664a3ae8e074346ef91775736c5ec479e637ecced6842de9dc98b5da9cd?s=96&d=mm&r=g","url":"https:\/\/secure.gravatar.com\/avatar\/b2a6f664a3ae8e074346ef91775736c5ec479e637ecced6842de9dc98b5da9cd?s=96&d=mm&r=g","contentUrl":"https:\/\/secure.gravatar.com\/avatar\/b2a6f664a3ae8e074346ef91775736c5ec479e637ecced6842de9dc98b5da9cd?s=96&d=mm&r=g","caption":"ccortez"},"url":"https:\/\/www.uartes.edu.ec\/sitio\/en\/blog\/author\/ccortez\/"}]}},"uagb_featured_image_src":{"full":["https:\/\/www.uartes.edu.ec\/sitio\/wp-content\/uploads\/2021\/09\/MIERCOLES-DE-CERVANTES.webp",2000,1333,false],"thumbnail":["https:\/\/www.uartes.edu.ec\/sitio\/wp-content\/uploads\/2021\/09\/MIERCOLES-DE-CERVANTES.webp",150,100,false],"medium":["https:\/\/www.uartes.edu.ec\/sitio\/wp-content\/uploads\/2021\/09\/MIERCOLES-DE-CERVANTES.webp",300,200,false],"medium_large":["https:\/\/www.uartes.edu.ec\/sitio\/wp-content\/uploads\/2021\/09\/MIERCOLES-DE-CERVANTES.webp",768,512,false],"large":["https:\/\/www.uartes.edu.ec\/sitio\/wp-content\/uploads\/2021\/09\/MIERCOLES-DE-CERVANTES.webp",644,429,false],"1536x1536":["https:\/\/www.uartes.edu.ec\/sitio\/wp-content\/uploads\/2021\/09\/MIERCOLES-DE-CERVANTES.webp",1536,1024,false],"2048x2048":["https:\/\/www.uartes.edu.ec\/sitio\/wp-content\/uploads\/2021\/09\/MIERCOLES-DE-CERVANTES.webp",2000,1333,false],"trp-custom-language-flag":["https:\/\/www.uartes.edu.ec\/sitio\/wp-content\/uploads\/2021\/09\/MIERCOLES-DE-CERVANTES.webp",18,12,false],"htmega_size_585x295":["https:\/\/www.uartes.edu.ec\/sitio\/wp-content\/uploads\/2021\/09\/MIERCOLES-DE-CERVANTES.webp",443,295,false],"htmega_size_1170x536":["https:\/\/www.uartes.edu.ec\/sitio\/wp-content\/uploads\/2021\/09\/MIERCOLES-DE-CERVANTES.webp",804,536,false],"htmega_size_396x360":["https:\/\/www.uartes.edu.ec\/sitio\/wp-content\/uploads\/2021\/09\/MIERCOLES-DE-CERVANTES.webp",396,264,false],"gb-block-post-grid-landscape":["https:\/\/www.uartes.edu.ec\/sitio\/wp-content\/uploads\/2021\/09\/MIERCOLES-DE-CERVANTES.webp",600,400,false],"gb-block-post-grid-square":["https:\/\/www.uartes.edu.ec\/sitio\/wp-content\/uploads\/2021\/09\/MIERCOLES-DE-CERVANTES.webp",600,400,false],"university-hub-thumb":["https:\/\/www.uartes.edu.ec\/sitio\/wp-content\/uploads\/2021\/09\/MIERCOLES-DE-CERVANTES.webp",400,267,false],"mailpoet_newsletter_max":["https:\/\/www.uartes.edu.ec\/sitio\/wp-content\/uploads\/2021\/09\/MIERCOLES-DE-CERVANTES.webp",1320,880,false]},"uagb_author_info":{"display_name":"ccortez","author_link":"https:\/\/www.uartes.edu.ec\/sitio\/en\/blog\/author\/ccortez\/"},"uagb_comment_info":0,"uagb_excerpt":"V\u00eda correo electr\u00f3nico el docente Benjam\u00edn Cort\u00e9s, director de Planificaci\u00f3n Acad\u00e9mica de la Escuela de Artes Esc\u00e9nicas de la UArtes, extendi\u00f3 a la comunidad universitaria una invitaci\u00f3n para ser parte de los \u201cMi\u00e9rcoles de Cervantes; dos pasos y un entrem\u00e9s\u201d del Teatro S\u00e1nchez Aguilar (TSA), asistiendo a la presentaci\u00f3n de sus obras. Programada a las&hellip;","featured_image_src":"https:\/\/www.uartes.edu.ec\/sitio\/wp-content\/uploads\/2021\/09\/MIERCOLES-DE-CERVANTES.webp","featured_image_src_square":"https:\/\/www.uartes.edu.ec\/sitio\/wp-content\/uploads\/2021\/09\/MIERCOLES-DE-CERVANTES.webp","author_info":{"display_name":"ccortez","author_link":"https:\/\/www.uartes.edu.ec\/sitio\/en\/blog\/author\/ccortez\/"},"publishpress_future_workflow_manual_trigger":{"enabledWorkflows":[]},"distributor_meta":false,"distributor_terms":false,"distributor_media":false,"distributor_original_site_name":"Universidad de las Artes","distributor_original_site_url":"https:\/\/www.uartes.edu.ec\/sitio\/en","push-errors":false,"_links":{"self":[{"href":"https:\/\/www.uartes.edu.ec\/sitio\/en\/wp-json\/wp\/v2\/posts\/15926","targetHints":{"allow":["GET"]}}],"collection":[{"href":"https:\/\/www.uartes.edu.ec\/sitio\/en\/wp-json\/wp\/v2\/posts"}],"about":[{"href":"https:\/\/www.uartes.edu.ec\/sitio\/en\/wp-json\/wp\/v2\/types\/post"}],"author":[{"embeddable":true,"href":"https:\/\/www.uartes.edu.ec\/sitio\/en\/wp-json\/wp\/v2\/users\/10"}],"replies":[{"embeddable":true,"href":"https:\/\/www.uartes.edu.ec\/sitio\/en\/wp-json\/wp\/v2\/comments?post=15926"}],"version-history":[{"count":1,"href":"https:\/\/www.uartes.edu.ec\/sitio\/en\/wp-json\/wp\/v2\/posts\/15926\/revisions"}],"predecessor-version":[{"id":15928,"href":"https:\/\/www.uartes.edu.ec\/sitio\/en\/wp-json\/wp\/v2\/posts\/15926\/revisions\/15928"}],"wp:featuredmedia":[{"embeddable":true,"href":"https:\/\/www.uartes.edu.ec\/sitio\/en\/wp-json\/wp\/v2\/media\/15927"}],"wp:attachment":[{"href":"https:\/\/www.uartes.edu.ec\/sitio\/en\/wp-json\/wp\/v2\/media?parent=15926"}],"wp:term":[{"taxonomy":"category","embeddable":true,"href":"https:\/\/www.uartes.edu.ec\/sitio\/en\/wp-json\/wp\/v2\/categories?post=15926"},{"taxonomy":"post_tag","embeddable":true,"href":"https:\/\/www.uartes.edu.ec\/sitio\/en\/wp-json\/wp\/v2\/tags?post=15926"},{"taxonomy":"infouartes","embeddable":true,"href":"https:\/\/www.uartes.edu.ec\/sitio\/en\/wp-json\/wp\/v2\/infouartes?post=15926"}],"curies":[{"name":"wp","href":"https:\/\/api.w.org\/{rel}","templated":true}]}}