{"id":15929,"date":"2021-09-07T08:00:00","date_gmt":"2021-09-07T13:00:00","guid":{"rendered":"http:\/\/www.uartes.edu.ec\/sitio\/?p=15929"},"modified":"2024-07-04T11:25:35","modified_gmt":"2024-07-04T16:25:35","slug":"festival-cuando-las-actitudes-devienen-performances-ii-del-12-al-14-de-octubre","status":"publish","type":"post","link":"https:\/\/www.uartes.edu.ec\/sitio\/en\/blog\/2021\/09\/08\/monedas-vivas-concepto-a-tratar-en-la-ii-edicion-del-festival-cuando-las-actitudes-devienen-performances\/","title":{"rendered":"Festival Cuando las Actitudes Devienen Performances II, del 12 al 14 de octubre"},"content":{"rendered":"<p>Artistas, estudiantes, investigadores, gestores y profesores est\u00e1n convocados a reflexionar sobre los desaf\u00edos de un mundo que deber\u00e1 reorientar sus futuras maneras de producir bienes materiales y simb\u00f3licos, relacionarse con la naturaleza y manejar pr\u00e1cticas reivindicativas de remuneraci\u00f3n econ\u00f3mica.<\/p>\n\n\n\n<p>El llamado es para la segunda edici\u00f3n del Festival Cuando las Actitudes Devienen Performances: Como monedas vivas, programado del 12 al 14 de octubre de 2021 y curado por Amalina Bomnin, docente de la Universidad de las Artes. La aspiraci\u00f3n de la cita es reflexionar, desde propuestas de arte de acci\u00f3n y debates te\u00f3ricos, c\u00f3mo la pedagog\u00eda y la producci\u00f3n art\u00edstica podr\u00edan contribuir a colocarnos en estado de alerta respecto al rol que deben jugar los cuerpos, y sus voces, en las actuales condiciones globales.<\/p>\n\n\n\n<p>Esta segunda edici\u00f3n est\u00e1 concebida en l\u00ednea y a nivel internacional. Se eligi\u00f3 la problem\u00e1tica mencionada por la marcada incidencia de lo econ\u00f3mico en nuestras vidas, sobre todo, despu\u00e9s de los dos \u00faltimos a\u00f1os transcurridos en situaci\u00f3n de crisis sanitaria.<\/p>\n\n\n\n<p>El concepto Moneda Viva (Monnaie Vivante, 1970) es tomado del libro hom\u00f3nimo de Pierre Klossowski, donde el fil\u00f3sofo expone la necesidad de reordenar la forma en que nos relacionamos con el dinero (trabajo), una vez que la modernidad contribuy\u00f3, sobremanera, en la p\u00e9rdida del sentido del placer (eros) al esclavizar, o contratar al otro, en condiciones desventajosas.<\/p>\n\n\n\n<p>La dependencia del dinero, en general, desarroll\u00f3 la perversi\u00f3n en toda la extensi\u00f3n moral que puede acusar el t\u00e9rmino. Al mismo tiempo, el capitalismo g\u00e9nero falsas necesidades que, en el transcurso de la historia, han incidido en que ciertas labores ostenten altos y desmesurados niveles de remuneraci\u00f3n econ\u00f3mica, mientras que otras comportan situaciones de calamidad financiera, que desencadenan marginaciones de diversa \u00edndole. O sea, los individuos quedaban privados del placer, la posibilidad de razonar intuitivamente, y sus emociones se maniataban como consecuencia de establecer relaciones de trabajo alienantes, donde la econom\u00eda se convert\u00eda en el principal y \u00faltimo motivo. La creaci\u00f3n de falsas necesidades, por parte del capitalismo, era uno de los s\u00edntomas de este malestar generalizado.<\/p>\n\n\n\n<p>Este festival de performance propone pensar el cuerpo desde la posibilidad de su \u201cpresencia (\u2026)\u201d un lugar vuelto-sobre-s\u00ed, un lugar como relaci\u00f3n con-sigo, como tener-lugar de un s\u00ed-mismo, un lugar vibrante como el diapas\u00f3n de un sujeto, o mejor a\u00fan, como un diapas\u00f3n-sujeto\u201d y en consonancia con esta idea invite a ensayar las relaciones que establece dicho cuerpo, -en un contexto donde el propio arte minado por las medidas econ\u00f3micas- como intento de desentendernos de tal perversi\u00f3n.<\/p>\n\n\n\n<p>El evento comprender\u00e1 dos segmentos: uno dedicado a la exhibici\u00f3n de las propuestas creativas, y otro encaminado a reflexionar (ponencias, charlas) sobre las problem\u00e1ticas comentadas.<\/p>\n\n\n\n<p>Esta iniciativa se inserta dentro del trabajo de la Unidad Transversal de Teor\u00edas Cr\u00edticas y Pr\u00e1cticas Experimentales de la Universidad de las Artes, en su af\u00e1n por estimular la capacidad para construir procesos transdisciplinarios entre las artes y con la trama social. Esta ense\u00f1anza pretende convertirse en un canal para una mejor convivencia y crecimiento mutuos.<\/p>\n\n\n\n<p>Las propuestas art\u00edsticas del festival participar\u00e1n a trav\u00e9s de una invitaci\u00f3n realizada directamente por la curadora. En el caso de las ponencias podr\u00e1 presentarse un resumen previo (seg\u00fan se indica en las bases de la convocatoria) que ser\u00e1 sometido a revisi\u00f3n antes de ser presentado p\u00fablicamente.<\/p>\n\n\n\n<p><strong>Apuntes<\/strong><br>Durante la primera edici\u00f3n en 2019, Cuando las Actitudes Devienen Performance reuni\u00f3 a un grupo de estudiantes, artistas, docentes y p\u00fablico en general alrededor de la producci\u00f3n de acciones, performance, talleres y ponencias que reflexionaron sobre el arte de acci\u00f3n y su funci\u00f3n social dentro de las actuales coordenadas socio-pol\u00edticas y de cara a los desaf\u00edos de la educaci\u00f3n contempor\u00e1nea<\/p>\n\n\n\n<p>Teniendo en cuenta que esta \u00faltima a\u00fan adolece de priorizar los procesos racionalistas que dificultan la autoconciencia del cuerpo y un proceder situado, por encima de las posibilidades sensibles que \u00e9ste posee de ser, estar e interactuar en resonancia para convivir atento a cada episodio que transcurre, editamos la segunda edici\u00f3n de este evento en 2021.<\/p>","protected":false},"excerpt":{"rendered":"<p>Artistas, estudiantes, investigadores, gestores y profesores est\u00e1n convocados a reflexionar sobre los desaf\u00edos de un mundo que deber\u00e1 reorientar sus futuras maneras de producir bienes materiales y simb\u00f3licos, relacionarse con la naturaleza y manejar pr\u00e1cticas reivindicativas de remuneraci\u00f3n econ\u00f3mica. El llamado es para la segunda edici\u00f3n del Festival Cuando las Actitudes Devienen Performances: Como monedas [&hellip;]<\/p>\n","protected":false},"author":10,"featured_media":15942,"comment_status":"open","ping_status":"open","sticky":false,"template":"","format":"standard","meta":{"_acf_changed":false,"_uag_custom_page_level_css":"","_monsterinsights_skip_tracking":false,"_monsterinsights_sitenote_active":false,"_monsterinsights_sitenote_note":"","_monsterinsights_sitenote_category":0,"cybocfi_hide_featured_image":"","footnotes":""},"categories":[159,75,76],"tags":[508],"infouartes":[],"class_list":["post-15929","post","type-post","status-publish","format-standard","has-post-thumbnail","hentry","category-artes-escenicas","category-docentes","category-estudiantes","tag-artes-escenicas"],"acf":[],"yoast_head":"<!-- This site is optimized with the Yoast SEO plugin v27.4 - https:\/\/yoast.com\/product\/yoast-seo-wordpress\/ -->\n<title>Universidad de las Artes - Festival Cuando las Actitudes Devienen Performances II, del 12 al 14 de octubre<\/title>\n<meta name=\"description\" content=\"Universidad de las Artes - Festival Cuando las Actitudes Devienen Performances II, del 12 al 14 de octubre\" \/>\n<meta name=\"robots\" content=\"index, follow, max-snippet:-1, max-image-preview:large, max-video-preview:-1\" \/>\n<link rel=\"canonical\" href=\"https:\/\/www.uartes.edu.ec\/sitio\/en\/blog\/2021\/09\/08\/monedas-vivas-concepto-a-tratar-en-la-ii-edicion-del-festival-cuando-las-actitudes-devienen-performances\/\" \/>\n<meta property=\"og:locale\" content=\"en_US\" \/>\n<meta property=\"og:type\" content=\"article\" \/>\n<meta property=\"og:title\" content=\"Universidad de las Artes - Festival Cuando las Actitudes Devienen Performances II, del 12 al 14 de octubre\" \/>\n<meta property=\"og:description\" content=\"Universidad de las Artes - Festival Cuando las Actitudes Devienen Performances II, del 12 al 14 de octubre\" \/>\n<meta property=\"og:url\" content=\"https:\/\/www.uartes.edu.ec\/sitio\/en\/blog\/2021\/09\/08\/monedas-vivas-concepto-a-tratar-en-la-ii-edicion-del-festival-cuando-las-actitudes-devienen-performances\/\" \/>\n<meta property=\"og:site_name\" content=\"Universidad de las Artes\" \/>\n<meta property=\"article:publisher\" content=\"https:\/\/www.facebook.com\/uartesec\" \/>\n<meta property=\"article:published_time\" content=\"2021-09-07T13:00:00+00:00\" \/>\n<meta property=\"article:modified_time\" content=\"2024-07-04T16:25:35+00:00\" \/>\n<meta property=\"og:image\" content=\"https:\/\/www.uartes.edu.ec\/sitio\/wp-content\/uploads\/2021\/09\/2107-devenir-PEFROMANCE-DESTACADO.jpg\" \/>\n\t<meta property=\"og:image:width\" content=\"2000\" \/>\n\t<meta property=\"og:image:height\" content=\"1333\" \/>\n\t<meta property=\"og:image:type\" content=\"image\/jpeg\" \/>\n<meta name=\"author\" content=\"ccortez\" \/>\n<meta name=\"twitter:card\" content=\"summary_large_image\" \/>\n<meta name=\"twitter:creator\" content=\"@uartesec\" \/>\n<meta name=\"twitter:site\" content=\"@uartesec\" \/>\n<meta name=\"twitter:label1\" content=\"Written by\" \/>\n\t<meta name=\"twitter:data1\" content=\"ccortez\" \/>\n\t<meta name=\"twitter:label2\" content=\"Est. reading time\" \/>\n\t<meta name=\"twitter:data2\" content=\"3 minutes\" \/>\n<script type=\"application\/ld+json\" class=\"yoast-schema-graph\">{\"@context\":\"https:\\\/\\\/schema.org\",\"@graph\":[{\"@type\":\"Article\",\"@id\":\"https:\\\/\\\/www.uartes.edu.ec\\\/sitio\\\/en\\\/blog\\\/2021\\\/09\\\/08\\\/monedas-vivas-concepto-a-tratar-en-la-ii-edicion-del-festival-cuando-las-actitudes-devienen-performances\\\/#article\",\"isPartOf\":{\"@id\":\"https:\\\/\\\/www.uartes.edu.ec\\\/sitio\\\/en\\\/blog\\\/2021\\\/09\\\/08\\\/monedas-vivas-concepto-a-tratar-en-la-ii-edicion-del-festival-cuando-las-actitudes-devienen-performances\\\/\"},\"author\":{\"name\":\"ccortez\",\"@id\":\"https:\\\/\\\/www.uartes.edu.ec\\\/sitio\\\/en\\\/#\\\/schema\\\/person\\\/efa1b8275797664fd7f13a79ccc0b1f4\"},\"headline\":\"Festival Cuando las Actitudes Devienen Performances II, del 12 al 14 de octubre\",\"datePublished\":\"2021-09-07T13:00:00+00:00\",\"dateModified\":\"2024-07-04T16:25:35+00:00\",\"mainEntityOfPage\":{\"@id\":\"https:\\\/\\\/www.uartes.edu.ec\\\/sitio\\\/en\\\/blog\\\/2021\\\/09\\\/08\\\/monedas-vivas-concepto-a-tratar-en-la-ii-edicion-del-festival-cuando-las-actitudes-devienen-performances\\\/\"},\"wordCount\":730,\"commentCount\":1,\"publisher\":{\"@id\":\"https:\\\/\\\/www.uartes.edu.ec\\\/sitio\\\/en\\\/#organization\"},\"image\":{\"@id\":\"https:\\\/\\\/www.uartes.edu.ec\\\/sitio\\\/en\\\/blog\\\/2021\\\/09\\\/08\\\/monedas-vivas-concepto-a-tratar-en-la-ii-edicion-del-festival-cuando-las-actitudes-devienen-performances\\\/#primaryimage\"},\"thumbnailUrl\":\"https:\\\/\\\/www.uartes.edu.ec\\\/sitio\\\/wp-content\\\/uploads\\\/2021\\\/09\\\/2107-devenir-PEFROMANCE-DESTACADO.jpg\",\"keywords\":[\"artes esc\u00e9nicas\"],\"articleSection\":[\"Artes Esc\u00e9nicas\",\"Docentes\",\"Estudiantes\"],\"inLanguage\":\"en-US\",\"potentialAction\":[{\"@type\":\"CommentAction\",\"name\":\"Comment\",\"target\":[\"https:\\\/\\\/www.uartes.edu.ec\\\/sitio\\\/en\\\/blog\\\/2021\\\/09\\\/08\\\/monedas-vivas-concepto-a-tratar-en-la-ii-edicion-del-festival-cuando-las-actitudes-devienen-performances\\\/#respond\"]}]},{\"@type\":[\"WebPage\",\"ItemPage\"],\"@id\":\"https:\\\/\\\/www.uartes.edu.ec\\\/sitio\\\/en\\\/blog\\\/2021\\\/09\\\/08\\\/monedas-vivas-concepto-a-tratar-en-la-ii-edicion-del-festival-cuando-las-actitudes-devienen-performances\\\/\",\"url\":\"https:\\\/\\\/www.uartes.edu.ec\\\/sitio\\\/en\\\/blog\\\/2021\\\/09\\\/08\\\/monedas-vivas-concepto-a-tratar-en-la-ii-edicion-del-festival-cuando-las-actitudes-devienen-performances\\\/\",\"name\":\"Universidad de las Artes - Festival Cuando las Actitudes Devienen Performances II, del 12 al 14 de octubre\",\"isPartOf\":{\"@id\":\"https:\\\/\\\/www.uartes.edu.ec\\\/sitio\\\/en\\\/#website\"},\"primaryImageOfPage\":{\"@id\":\"https:\\\/\\\/www.uartes.edu.ec\\\/sitio\\\/en\\\/blog\\\/2021\\\/09\\\/08\\\/monedas-vivas-concepto-a-tratar-en-la-ii-edicion-del-festival-cuando-las-actitudes-devienen-performances\\\/#primaryimage\"},\"image\":{\"@id\":\"https:\\\/\\\/www.uartes.edu.ec\\\/sitio\\\/en\\\/blog\\\/2021\\\/09\\\/08\\\/monedas-vivas-concepto-a-tratar-en-la-ii-edicion-del-festival-cuando-las-actitudes-devienen-performances\\\/#primaryimage\"},\"thumbnailUrl\":\"https:\\\/\\\/www.uartes.edu.ec\\\/sitio\\\/wp-content\\\/uploads\\\/2021\\\/09\\\/2107-devenir-PEFROMANCE-DESTACADO.jpg\",\"datePublished\":\"2021-09-07T13:00:00+00:00\",\"dateModified\":\"2024-07-04T16:25:35+00:00\",\"description\":\"Universidad de las Artes - Festival Cuando las Actitudes Devienen Performances II, del 12 al 14 de octubre\",\"breadcrumb\":{\"@id\":\"https:\\\/\\\/www.uartes.edu.ec\\\/sitio\\\/en\\\/blog\\\/2021\\\/09\\\/08\\\/monedas-vivas-concepto-a-tratar-en-la-ii-edicion-del-festival-cuando-las-actitudes-devienen-performances\\\/#breadcrumb\"},\"inLanguage\":\"en-US\",\"potentialAction\":[{\"@type\":\"ReadAction\",\"target\":[\"https:\\\/\\\/www.uartes.edu.ec\\\/sitio\\\/en\\\/blog\\\/2021\\\/09\\\/08\\\/monedas-vivas-concepto-a-tratar-en-la-ii-edicion-del-festival-cuando-las-actitudes-devienen-performances\\\/\"]}]},{\"@type\":\"ImageObject\",\"inLanguage\":\"en-US\",\"@id\":\"https:\\\/\\\/www.uartes.edu.ec\\\/sitio\\\/en\\\/blog\\\/2021\\\/09\\\/08\\\/monedas-vivas-concepto-a-tratar-en-la-ii-edicion-del-festival-cuando-las-actitudes-devienen-performances\\\/#primaryimage\",\"url\":\"https:\\\/\\\/www.uartes.edu.ec\\\/sitio\\\/wp-content\\\/uploads\\\/2021\\\/09\\\/2107-devenir-PEFROMANCE-DESTACADO.jpg\",\"contentUrl\":\"https:\\\/\\\/www.uartes.edu.ec\\\/sitio\\\/wp-content\\\/uploads\\\/2021\\\/09\\\/2107-devenir-PEFROMANCE-DESTACADO.jpg\",\"width\":2000,\"height\":1333},{\"@type\":\"BreadcrumbList\",\"@id\":\"https:\\\/\\\/www.uartes.edu.ec\\\/sitio\\\/en\\\/blog\\\/2021\\\/09\\\/08\\\/monedas-vivas-concepto-a-tratar-en-la-ii-edicion-del-festival-cuando-las-actitudes-devienen-performances\\\/#breadcrumb\",\"itemListElement\":[{\"@type\":\"ListItem\",\"position\":1,\"name\":\"Inicio\",\"item\":\"https:\\\/\\\/www.uartes.edu.ec\\\/sitio\\\/\"},{\"@type\":\"ListItem\",\"position\":2,\"name\":\"Festival Cuando las Actitudes Devienen Performances II, del 12 al 14 de octubre\"}]},{\"@type\":\"WebSite\",\"@id\":\"https:\\\/\\\/www.uartes.edu.ec\\\/sitio\\\/en\\\/#website\",\"url\":\"https:\\\/\\\/www.uartes.edu.ec\\\/sitio\\\/en\\\/\",\"name\":\"Universidad de las Artes\",\"description\":\"Sitio oficial de la Universidad Nacional de las Artes del Ecuador\",\"publisher\":{\"@id\":\"https:\\\/\\\/www.uartes.edu.ec\\\/sitio\\\/en\\\/#organization\"},\"potentialAction\":[{\"@type\":\"SearchAction\",\"target\":{\"@type\":\"EntryPoint\",\"urlTemplate\":\"https:\\\/\\\/www.uartes.edu.ec\\\/sitio\\\/en\\\/?s={search_term_string}\"},\"query-input\":{\"@type\":\"PropertyValueSpecification\",\"valueRequired\":true,\"valueName\":\"search_term_string\"}}],\"inLanguage\":\"en-US\"},{\"@type\":\"Organization\",\"@id\":\"https:\\\/\\\/www.uartes.edu.ec\\\/sitio\\\/en\\\/#organization\",\"name\":\"Universidad de las Artes\",\"url\":\"https:\\\/\\\/www.uartes.edu.ec\\\/sitio\\\/en\\\/\",\"logo\":{\"@type\":\"ImageObject\",\"inLanguage\":\"en-US\",\"@id\":\"https:\\\/\\\/www.uartes.edu.ec\\\/sitio\\\/en\\\/#\\\/schema\\\/logo\\\/image\\\/\",\"url\":\"https:\\\/\\\/www.uartes.edu.ec\\\/sitio\\\/wp-content\\\/uploads\\\/2022\\\/07\\\/logo-ua-horizontal.png\",\"contentUrl\":\"https:\\\/\\\/www.uartes.edu.ec\\\/sitio\\\/wp-content\\\/uploads\\\/2022\\\/07\\\/logo-ua-horizontal.png\",\"width\":800,\"height\":276,\"caption\":\"Universidad de las Artes\"},\"image\":{\"@id\":\"https:\\\/\\\/www.uartes.edu.ec\\\/sitio\\\/en\\\/#\\\/schema\\\/logo\\\/image\\\/\"},\"sameAs\":[\"https:\\\/\\\/www.facebook.com\\\/uartesec\",\"https:\\\/\\\/x.com\\\/uartesec\",\"https:\\\/\\\/www.tiktok.com\\\/@uartesec\"]},{\"@type\":\"Person\",\"@id\":\"https:\\\/\\\/www.uartes.edu.ec\\\/sitio\\\/en\\\/#\\\/schema\\\/person\\\/efa1b8275797664fd7f13a79ccc0b1f4\",\"name\":\"ccortez\",\"image\":{\"@type\":\"ImageObject\",\"inLanguage\":\"en-US\",\"@id\":\"https:\\\/\\\/secure.gravatar.com\\\/avatar\\\/b2a6f664a3ae8e074346ef91775736c5ec479e637ecced6842de9dc98b5da9cd?s=96&d=mm&r=g\",\"url\":\"https:\\\/\\\/secure.gravatar.com\\\/avatar\\\/b2a6f664a3ae8e074346ef91775736c5ec479e637ecced6842de9dc98b5da9cd?s=96&d=mm&r=g\",\"contentUrl\":\"https:\\\/\\\/secure.gravatar.com\\\/avatar\\\/b2a6f664a3ae8e074346ef91775736c5ec479e637ecced6842de9dc98b5da9cd?s=96&d=mm&r=g\",\"caption\":\"ccortez\"},\"url\":\"https:\\\/\\\/www.uartes.edu.ec\\\/sitio\\\/en\\\/blog\\\/author\\\/ccortez\\\/\"}]}<\/script>\n<!-- \/ Yoast SEO plugin. -->","yoast_head_json":{"title":"Universidad de las Artes - Festival Cuando las Actitudes Devienen Performances II, del 12 al 14 de octubre","description":"Universidad de las Artes - Festival Cuando las Actitudes Devienen Performances II, del 12 al 14 de octubre","robots":{"index":"index","follow":"follow","max-snippet":"max-snippet:-1","max-image-preview":"max-image-preview:large","max-video-preview":"max-video-preview:-1"},"canonical":"https:\/\/www.uartes.edu.ec\/sitio\/en\/blog\/2021\/09\/08\/monedas-vivas-concepto-a-tratar-en-la-ii-edicion-del-festival-cuando-las-actitudes-devienen-performances\/","og_locale":"en_US","og_type":"article","og_title":"Universidad de las Artes - Festival Cuando las Actitudes Devienen Performances II, del 12 al 14 de octubre","og_description":"Universidad de las Artes - Festival Cuando las Actitudes Devienen Performances II, del 12 al 14 de octubre","og_url":"https:\/\/www.uartes.edu.ec\/sitio\/en\/blog\/2021\/09\/08\/monedas-vivas-concepto-a-tratar-en-la-ii-edicion-del-festival-cuando-las-actitudes-devienen-performances\/","og_site_name":"Universidad de las Artes","article_publisher":"https:\/\/www.facebook.com\/uartesec","article_published_time":"2021-09-07T13:00:00+00:00","article_modified_time":"2024-07-04T16:25:35+00:00","og_image":[{"width":2000,"height":1333,"url":"https:\/\/www.uartes.edu.ec\/sitio\/wp-content\/uploads\/2021\/09\/2107-devenir-PEFROMANCE-DESTACADO.jpg","type":"image\/jpeg"}],"author":"ccortez","twitter_card":"summary_large_image","twitter_creator":"@uartesec","twitter_site":"@uartesec","twitter_misc":{"Written by":"ccortez","Est. reading time":"3 minutes"},"schema":{"@context":"https:\/\/schema.org","@graph":[{"@type":"Article","@id":"https:\/\/www.uartes.edu.ec\/sitio\/en\/blog\/2021\/09\/08\/monedas-vivas-concepto-a-tratar-en-la-ii-edicion-del-festival-cuando-las-actitudes-devienen-performances\/#article","isPartOf":{"@id":"https:\/\/www.uartes.edu.ec\/sitio\/en\/blog\/2021\/09\/08\/monedas-vivas-concepto-a-tratar-en-la-ii-edicion-del-festival-cuando-las-actitudes-devienen-performances\/"},"author":{"name":"ccortez","@id":"https:\/\/www.uartes.edu.ec\/sitio\/en\/#\/schema\/person\/efa1b8275797664fd7f13a79ccc0b1f4"},"headline":"Festival Cuando las Actitudes Devienen Performances II, del 12 al 14 de octubre","datePublished":"2021-09-07T13:00:00+00:00","dateModified":"2024-07-04T16:25:35+00:00","mainEntityOfPage":{"@id":"https:\/\/www.uartes.edu.ec\/sitio\/en\/blog\/2021\/09\/08\/monedas-vivas-concepto-a-tratar-en-la-ii-edicion-del-festival-cuando-las-actitudes-devienen-performances\/"},"wordCount":730,"commentCount":1,"publisher":{"@id":"https:\/\/www.uartes.edu.ec\/sitio\/en\/#organization"},"image":{"@id":"https:\/\/www.uartes.edu.ec\/sitio\/en\/blog\/2021\/09\/08\/monedas-vivas-concepto-a-tratar-en-la-ii-edicion-del-festival-cuando-las-actitudes-devienen-performances\/#primaryimage"},"thumbnailUrl":"https:\/\/www.uartes.edu.ec\/sitio\/wp-content\/uploads\/2021\/09\/2107-devenir-PEFROMANCE-DESTACADO.jpg","keywords":["artes esc\u00e9nicas"],"articleSection":["Artes Esc\u00e9nicas","Docentes","Estudiantes"],"inLanguage":"en-US","potentialAction":[{"@type":"CommentAction","name":"Comment","target":["https:\/\/www.uartes.edu.ec\/sitio\/en\/blog\/2021\/09\/08\/monedas-vivas-concepto-a-tratar-en-la-ii-edicion-del-festival-cuando-las-actitudes-devienen-performances\/#respond"]}]},{"@type":["WebPage","ItemPage"],"@id":"https:\/\/www.uartes.edu.ec\/sitio\/en\/blog\/2021\/09\/08\/monedas-vivas-concepto-a-tratar-en-la-ii-edicion-del-festival-cuando-las-actitudes-devienen-performances\/","url":"https:\/\/www.uartes.edu.ec\/sitio\/en\/blog\/2021\/09\/08\/monedas-vivas-concepto-a-tratar-en-la-ii-edicion-del-festival-cuando-las-actitudes-devienen-performances\/","name":"Universidad de las Artes - Festival Cuando las Actitudes Devienen Performances II, del 12 al 14 de octubre","isPartOf":{"@id":"https:\/\/www.uartes.edu.ec\/sitio\/en\/#website"},"primaryImageOfPage":{"@id":"https:\/\/www.uartes.edu.ec\/sitio\/en\/blog\/2021\/09\/08\/monedas-vivas-concepto-a-tratar-en-la-ii-edicion-del-festival-cuando-las-actitudes-devienen-performances\/#primaryimage"},"image":{"@id":"https:\/\/www.uartes.edu.ec\/sitio\/en\/blog\/2021\/09\/08\/monedas-vivas-concepto-a-tratar-en-la-ii-edicion-del-festival-cuando-las-actitudes-devienen-performances\/#primaryimage"},"thumbnailUrl":"https:\/\/www.uartes.edu.ec\/sitio\/wp-content\/uploads\/2021\/09\/2107-devenir-PEFROMANCE-DESTACADO.jpg","datePublished":"2021-09-07T13:00:00+00:00","dateModified":"2024-07-04T16:25:35+00:00","description":"Universidad de las Artes - Festival Cuando las Actitudes Devienen Performances II, del 12 al 14 de octubre","breadcrumb":{"@id":"https:\/\/www.uartes.edu.ec\/sitio\/en\/blog\/2021\/09\/08\/monedas-vivas-concepto-a-tratar-en-la-ii-edicion-del-festival-cuando-las-actitudes-devienen-performances\/#breadcrumb"},"inLanguage":"en-US","potentialAction":[{"@type":"ReadAction","target":["https:\/\/www.uartes.edu.ec\/sitio\/en\/blog\/2021\/09\/08\/monedas-vivas-concepto-a-tratar-en-la-ii-edicion-del-festival-cuando-las-actitudes-devienen-performances\/"]}]},{"@type":"ImageObject","inLanguage":"en-US","@id":"https:\/\/www.uartes.edu.ec\/sitio\/en\/blog\/2021\/09\/08\/monedas-vivas-concepto-a-tratar-en-la-ii-edicion-del-festival-cuando-las-actitudes-devienen-performances\/#primaryimage","url":"https:\/\/www.uartes.edu.ec\/sitio\/wp-content\/uploads\/2021\/09\/2107-devenir-PEFROMANCE-DESTACADO.jpg","contentUrl":"https:\/\/www.uartes.edu.ec\/sitio\/wp-content\/uploads\/2021\/09\/2107-devenir-PEFROMANCE-DESTACADO.jpg","width":2000,"height":1333},{"@type":"BreadcrumbList","@id":"https:\/\/www.uartes.edu.ec\/sitio\/en\/blog\/2021\/09\/08\/monedas-vivas-concepto-a-tratar-en-la-ii-edicion-del-festival-cuando-las-actitudes-devienen-performances\/#breadcrumb","itemListElement":[{"@type":"ListItem","position":1,"name":"Inicio","item":"https:\/\/www.uartes.edu.ec\/sitio\/"},{"@type":"ListItem","position":2,"name":"Festival Cuando las Actitudes Devienen Performances II, del 12 al 14 de octubre"}]},{"@type":"WebSite","@id":"https:\/\/www.uartes.edu.ec\/sitio\/en\/#website","url":"https:\/\/www.uartes.edu.ec\/sitio\/en\/","name":"Universidad de las Artes","description":"Sitio oficial de la Universidad Nacional de las Artes del Ecuador","publisher":{"@id":"https:\/\/www.uartes.edu.ec\/sitio\/en\/#organization"},"potentialAction":[{"@type":"SearchAction","target":{"@type":"EntryPoint","urlTemplate":"https:\/\/www.uartes.edu.ec\/sitio\/en\/?s={search_term_string}"},"query-input":{"@type":"PropertyValueSpecification","valueRequired":true,"valueName":"search_term_string"}}],"inLanguage":"en-US"},{"@type":"Organization","@id":"https:\/\/www.uartes.edu.ec\/sitio\/en\/#organization","name":"Universidad de las Artes","url":"https:\/\/www.uartes.edu.ec\/sitio\/en\/","logo":{"@type":"ImageObject","inLanguage":"en-US","@id":"https:\/\/www.uartes.edu.ec\/sitio\/en\/#\/schema\/logo\/image\/","url":"https:\/\/www.uartes.edu.ec\/sitio\/wp-content\/uploads\/2022\/07\/logo-ua-horizontal.png","contentUrl":"https:\/\/www.uartes.edu.ec\/sitio\/wp-content\/uploads\/2022\/07\/logo-ua-horizontal.png","width":800,"height":276,"caption":"Universidad de las Artes"},"image":{"@id":"https:\/\/www.uartes.edu.ec\/sitio\/en\/#\/schema\/logo\/image\/"},"sameAs":["https:\/\/www.facebook.com\/uartesec","https:\/\/x.com\/uartesec","https:\/\/www.tiktok.com\/@uartesec"]},{"@type":"Person","@id":"https:\/\/www.uartes.edu.ec\/sitio\/en\/#\/schema\/person\/efa1b8275797664fd7f13a79ccc0b1f4","name":"ccortez","image":{"@type":"ImageObject","inLanguage":"en-US","@id":"https:\/\/secure.gravatar.com\/avatar\/b2a6f664a3ae8e074346ef91775736c5ec479e637ecced6842de9dc98b5da9cd?s=96&d=mm&r=g","url":"https:\/\/secure.gravatar.com\/avatar\/b2a6f664a3ae8e074346ef91775736c5ec479e637ecced6842de9dc98b5da9cd?s=96&d=mm&r=g","contentUrl":"https:\/\/secure.gravatar.com\/avatar\/b2a6f664a3ae8e074346ef91775736c5ec479e637ecced6842de9dc98b5da9cd?s=96&d=mm&r=g","caption":"ccortez"},"url":"https:\/\/www.uartes.edu.ec\/sitio\/en\/blog\/author\/ccortez\/"}]}},"uagb_featured_image_src":{"full":["https:\/\/www.uartes.edu.ec\/sitio\/wp-content\/uploads\/2021\/09\/2107-devenir-PEFROMANCE-DESTACADO.jpg",2000,1333,false],"thumbnail":["https:\/\/www.uartes.edu.ec\/sitio\/wp-content\/uploads\/2021\/09\/2107-devenir-PEFROMANCE-DESTACADO-150x150.jpg",150,150,true],"medium":["https:\/\/www.uartes.edu.ec\/sitio\/wp-content\/uploads\/2021\/09\/2107-devenir-PEFROMANCE-DESTACADO-300x200.jpg",300,200,true],"medium_large":["https:\/\/www.uartes.edu.ec\/sitio\/wp-content\/uploads\/2021\/09\/2107-devenir-PEFROMANCE-DESTACADO-768x512.jpg",768,512,true],"large":["https:\/\/www.uartes.edu.ec\/sitio\/wp-content\/uploads\/2021\/09\/2107-devenir-PEFROMANCE-DESTACADO-644x429.jpg",644,429,true],"1536x1536":["https:\/\/www.uartes.edu.ec\/sitio\/wp-content\/uploads\/2021\/09\/2107-devenir-PEFROMANCE-DESTACADO-1536x1024.jpg",1536,1024,true],"2048x2048":["https:\/\/www.uartes.edu.ec\/sitio\/wp-content\/uploads\/2021\/09\/2107-devenir-PEFROMANCE-DESTACADO.jpg",2000,1333,false],"trp-custom-language-flag":["https:\/\/www.uartes.edu.ec\/sitio\/wp-content\/uploads\/2021\/09\/2107-devenir-PEFROMANCE-DESTACADO-16x12.jpg",16,12,true],"htmega_size_585x295":["https:\/\/www.uartes.edu.ec\/sitio\/wp-content\/uploads\/2021\/09\/2107-devenir-PEFROMANCE-DESTACADO-585x295.jpg",585,295,true],"htmega_size_1170x536":["https:\/\/www.uartes.edu.ec\/sitio\/wp-content\/uploads\/2021\/09\/2107-devenir-PEFROMANCE-DESTACADO-1170x536.jpg",1170,536,true],"htmega_size_396x360":["https:\/\/www.uartes.edu.ec\/sitio\/wp-content\/uploads\/2021\/09\/2107-devenir-PEFROMANCE-DESTACADO-396x360.jpg",396,360,true],"gb-block-post-grid-landscape":["https:\/\/www.uartes.edu.ec\/sitio\/wp-content\/uploads\/2021\/09\/2107-devenir-PEFROMANCE-DESTACADO.jpg",600,400,false],"gb-block-post-grid-square":["https:\/\/www.uartes.edu.ec\/sitio\/wp-content\/uploads\/2021\/09\/2107-devenir-PEFROMANCE-DESTACADO.jpg",600,400,false],"university-hub-thumb":["https:\/\/www.uartes.edu.ec\/sitio\/wp-content\/uploads\/2021\/09\/2107-devenir-PEFROMANCE-DESTACADO-400x267.jpg",400,267,true],"mailpoet_newsletter_max":["https:\/\/www.uartes.edu.ec\/sitio\/wp-content\/uploads\/2021\/09\/2107-devenir-PEFROMANCE-DESTACADO.jpg",1320,880,false]},"uagb_author_info":{"display_name":"ccortez","author_link":"https:\/\/www.uartes.edu.ec\/sitio\/en\/blog\/author\/ccortez\/"},"uagb_comment_info":1,"uagb_excerpt":"Artistas, estudiantes, investigadores, gestores y profesores est\u00e1n convocados a reflexionar sobre los desaf\u00edos de un mundo que deber\u00e1 reorientar sus futuras maneras de producir bienes materiales y simb\u00f3licos, relacionarse con la naturaleza y manejar pr\u00e1cticas reivindicativas de remuneraci\u00f3n econ\u00f3mica. El llamado es para la segunda edici\u00f3n del Festival Cuando las Actitudes Devienen Performances: Como monedas&hellip;","featured_image_src":"https:\/\/www.uartes.edu.ec\/sitio\/wp-content\/uploads\/2021\/09\/2107-devenir-PEFROMANCE-DESTACADO.jpg","featured_image_src_square":"https:\/\/www.uartes.edu.ec\/sitio\/wp-content\/uploads\/2021\/09\/2107-devenir-PEFROMANCE-DESTACADO.jpg","author_info":{"display_name":"ccortez","author_link":"https:\/\/www.uartes.edu.ec\/sitio\/en\/blog\/author\/ccortez\/"},"publishpress_future_workflow_manual_trigger":{"enabledWorkflows":[]},"distributor_meta":false,"distributor_terms":false,"distributor_media":false,"distributor_original_site_name":"Universidad de las Artes","distributor_original_site_url":"https:\/\/www.uartes.edu.ec\/sitio\/en","push-errors":false,"_links":{"self":[{"href":"https:\/\/www.uartes.edu.ec\/sitio\/en\/wp-json\/wp\/v2\/posts\/15929","targetHints":{"allow":["GET"]}}],"collection":[{"href":"https:\/\/www.uartes.edu.ec\/sitio\/en\/wp-json\/wp\/v2\/posts"}],"about":[{"href":"https:\/\/www.uartes.edu.ec\/sitio\/en\/wp-json\/wp\/v2\/types\/post"}],"author":[{"embeddable":true,"href":"https:\/\/www.uartes.edu.ec\/sitio\/en\/wp-json\/wp\/v2\/users\/10"}],"replies":[{"embeddable":true,"href":"https:\/\/www.uartes.edu.ec\/sitio\/en\/wp-json\/wp\/v2\/comments?post=15929"}],"version-history":[{"count":2,"href":"https:\/\/www.uartes.edu.ec\/sitio\/en\/wp-json\/wp\/v2\/posts\/15929\/revisions"}],"predecessor-version":[{"id":15943,"href":"https:\/\/www.uartes.edu.ec\/sitio\/en\/wp-json\/wp\/v2\/posts\/15929\/revisions\/15943"}],"wp:featuredmedia":[{"embeddable":true,"href":"https:\/\/www.uartes.edu.ec\/sitio\/en\/wp-json\/wp\/v2\/media\/15942"}],"wp:attachment":[{"href":"https:\/\/www.uartes.edu.ec\/sitio\/en\/wp-json\/wp\/v2\/media?parent=15929"}],"wp:term":[{"taxonomy":"category","embeddable":true,"href":"https:\/\/www.uartes.edu.ec\/sitio\/en\/wp-json\/wp\/v2\/categories?post=15929"},{"taxonomy":"post_tag","embeddable":true,"href":"https:\/\/www.uartes.edu.ec\/sitio\/en\/wp-json\/wp\/v2\/tags?post=15929"},{"taxonomy":"infouartes","embeddable":true,"href":"https:\/\/www.uartes.edu.ec\/sitio\/en\/wp-json\/wp\/v2\/infouartes?post=15929"}],"curies":[{"name":"wp","href":"https:\/\/api.w.org\/{rel}","templated":true}]}}