{"id":15962,"date":"2021-09-10T17:00:00","date_gmt":"2021-09-10T22:00:00","guid":{"rendered":"http:\/\/www.uartes.edu.ec\/sitio\/?p=15962"},"modified":"2024-07-04T11:25:34","modified_gmt":"2024-07-04T16:25:34","slug":"un-acercamiento-con-el-arte-propuso-glenn-chica-en-la-escuela-de-ayampe","status":"publish","type":"post","link":"https:\/\/www.uartes.edu.ec\/sitio\/en\/blog\/2021\/09\/10\/un-acercamiento-con-el-arte-propuso-glenn-chica-en-la-escuela-de-ayampe\/","title":{"rendered":"Un acercamiento con el arte propuso Glenn Chica en la escuela de Ayampe"},"content":{"rendered":"<p>La playa de Ayampe est\u00e1 ubicada al sur de la provincia de Manab\u00ed y se ha convertido en un punto de encuentro para fomentar la educaci\u00f3n a trav\u00e9s de las artes. Es en esta localidad donde Glenn Chica, estudiante de la carrera de Creaci\u00f3n Teatral de la Universidad de las Artes, decidi\u00f3 realizar sus pr\u00e1cticas preprofesionales de V\u00ednculo con la Comunidad dando clases de movimiento en las que interviene el juego teatral. Esto para generar un acercamiento a las artes.<\/p>\n\n\n\n<p>\u201cEste es un espacio l\u00fadico para que las ni\u00f1as y los ni\u00f1os aprendan a expresar sus sentimientos, a reconocerse y reconocer al otro. A encontrar grupalidad y respeto mutuo\u201d, se\u00f1ala Glenn Chica acerca del objetivo de estos encuentros que fueron tambi\u00e9n \u00fatiles para sensibilizar a los ni\u00f1os y adolescentes por medio de la educaci\u00f3n art\u00edstica.<\/p>\n\n\n\n<p>Fueron quince ni\u00f1as y ni\u00f1os, de 8 a 10 a\u00f1os, quienes realizaron sus actividades con las medidas de bioseguridad pertinentes, por la pandemia del COVID-19, en los espacios de la Escuela Ernesto Vel\u00e1squez Kuff\u00f3 de Ayampe. Las y los estudiantes cursaban el cuarto y el quinto a\u00f1o b\u00e1sico y asist\u00edan a actividades promovidas por Glenn Chica, en las que ense\u00f1aba t\u00e9cnicas y juegos de movimiento que se realizan dentro del teatro. A los ni\u00f1os tambi\u00e9n los anim\u00f3 a experimentar pr\u00e1cticas del yoga. Estas actividades se realizaron los d\u00edas martes y jueves, de 10:30 a 12:30.<\/p>\n\n\n\n<p>Glenn Chica tuvo la oportunidad de viajar y relacionarse con la comunidad de Ayampe gracias a una experiencia personal de su tutora, la docente Mar\u00eda Coba, quien por motivos de la pandemia estuvo ocho meses en la comunidad manabita, donde trabaj\u00f3 con la escuela local desde dos perspectivas: como \u201cvecina\u201d y espectadora del movimiento y din\u00e1mica de la instituci\u00f3n educativa, y luego como participante de actividades all\u00ed organizadas. La profesora compart\u00eda talleres corporales de pr\u00e1cticas, como el yoga o la danza africana.<\/p>\n\n\n\n<p>\u201cMi conexi\u00f3n con Glenn Chica se dio en el \u00e1mbito docente-alumno mientras yo daba el taller de Ashtanga yoga, como un espacio de descubrimiento en la pr\u00e1ctica espiritual, en la materia de C\u00e1tedra Libre de la UArtes. Las y los estudiantes, como finalidad y parte de su trabajo de pr\u00e1cticas, pod\u00edan elegir con qui\u00e9n trabajar y dar clases para ense\u00f1ar el m\u00e9todo\u201d explic\u00f3 Mar\u00eda Coba.<\/p>\n\n\n\n<p>Fue as\u00ed como el estudiante qued\u00f3 enganchado con esta pr\u00e1ctica y a ra\u00edz de esa experiencia decidi\u00f3 trabajar con las ni\u00f1as, los ni\u00f1os y adolescentes de la escuela de Ayampe. Durante el tiempo en el que dict\u00f3 sus talleres de movimientos corporales y juegos teatrales, incluy\u00f3 la ense\u00f1anza del yoga.<\/p>\n\n\n\n<p>Agreg\u00f3 que la realizaci\u00f3n de este proyecto no hubiese sido posible sin la intervenci\u00f3n de Mariuxi \u00c1vila, quien es generadora de los diferentes v\u00ednculos con instituciones y fundaciones para el acceso y relaci\u00f3n de las y los estudiantes UArtes con las comunidades.<\/p>\n\n\n\n<p>Consultada al respecto, la funcionaria indic\u00f3 que la escuela de Ayampe es una \u201cexperiencia piloto\u201d de transformaci\u00f3n en la educaci\u00f3n rural, gestada entre la Fundaci\u00f3n Vueltas y Unidos por la Educaci\u00f3n. \u201cComo Universidad nos ha interesado iniciar una relaci\u00f3n interinstitucional para llevar una educaci\u00f3n de artes p\u00fablica de calidad a diferentes territorios, donde esta iniciativa de innovaci\u00f3n educativa se est\u00e1 aplicando\u201d, dijo.<\/p>\n\n\n\n<p>Inform\u00f3, adem\u00e1s, que estos proyectos est\u00e1n avanzando a m\u00e1s comunidades, como Engabao, y con alrededor de diez escuelas m\u00e1s de la regi\u00f3n Costa, las cuales forman parte de proyectos transformadores para la educaci\u00f3n.<\/p>\n\n\n\n<p>Siendo la Escuela Ernesto Vel\u00e1squez Kuff\u00f3 un modelo reconocido sobre educaci\u00f3n innovadora rural y p\u00fablica, y al reconocerse el inter\u00e9s de la Universidad de las Artes para la transformaci\u00f3n social cultural, \u00c9rika Petro, t\u00e9cnica de la instituci\u00f3n, coment\u00f3 que como parte del proceso de la Fundaci\u00f3n Vueltas de crear enlaces entre universidades p\u00fablicas y los territorios y&nbsp; de la UArtes de vincular al estudiante con las comunidades, se dio la conexi\u00f3n de estas dos voluntades para generar una relaci\u00f3n entre instituciones y la comunidad. De esta forma se fomentar\u00e1 la permanencia de este v\u00ednculo para que a futuro no se necesite precisamente la presencia de una fundaci\u00f3n para relacionarse con una comunidad en espec\u00edfico.<\/p>\n\n\n\n<p>\u201cLa universidad p\u00fablica debe seguir aportando a los territorios y, del mismo modo, estos territorios pueden aportar a la investigaci\u00f3n en la universidad p\u00fablica. Creemos que la investigaci\u00f3n sin pr\u00e1ctica contextualizada y el pensamiento sin vida no sirven de nada, pues estas investigaciones y estos pensamientos tienen much\u00edsimo que aportar a los territorios y a los diferentes contextos de las instituciones\u201d, anot\u00f3.<\/p>\n\n\n\n<p>La t\u00e9cnica de la escuela de Ayampe a\u00f1adi\u00f3 que acorde al modelo pedag\u00f3gico Chango, que se aplica como m\u00e9todo alternativo de ense\u00f1anza, \u201clas transformaciones se quedan cortas cuando se dan solo dentro de una instituci\u00f3n educativa de una forma convencional, sin intervenir con las comunidades\u201d.<\/p>\n\n\n\n<p>El modelo pedag\u00f3gico Chango consiste en que este tipo de transformaciones educativas partan de la comunidad y sean para la comunidad, mientras que promueven transformaciones dentro de la instituci\u00f3n educativa que permitan hacer cambios dentro de la comunidad. Se desenvuelve dentro de las pedagog\u00edas activas, donde ni\u00f1as y ni\u00f1os no tienen clases magistrales y aprenden en la etapa escolar de forma contextualizada, seg\u00fan la comunidad en la que se encuentren.<\/p>\n\n\n\n<p>\u00c9rika Petro explic\u00f3 tambi\u00e9n que el modelo pedag\u00f3gico Chango pone en el centro a la comunidad y que sus tres ejes son: el yo, los otros y el entorno, para intentar resolver problem\u00e1ticas sociales y de educaci\u00f3n convencionalmente ejercidas.<\/p>\n\n\n\n<p>Con las clases dictadas por Glenn Chica y las ventajas del modelo Chango se espera un convenio futuro que pueda ser puesto en marcha en pro de la educaci\u00f3n del pa\u00eds. El inter\u00e9s es buscar una disciplina no autoritaria, sino m\u00e1s bien de amor y dedicaci\u00f3n por jugar, aprender y compartir con las ni\u00f1as y los ni\u00f1os que cursan su etapa escolar y que, a la par, genere un aporte significativo para las universidades.<\/p>\n\n\n\n<p>Texto: Mar\u00eda Fernanda Hidalgo, estudiante de la Escuela de Literatura.<br>Fotos: Tomadas de video de Vinculaci\u00f3n con la Comunidad y Cortes\u00eda.<\/p>","protected":false},"excerpt":{"rendered":"<p>La playa de Ayampe est\u00e1 ubicada al sur de la provincia de Manab\u00ed y se ha convertido en un punto de encuentro para fomentar la educaci\u00f3n a trav\u00e9s de las artes. Es en esta localidad donde Glenn Chica, estudiante de la carrera de Creaci\u00f3n Teatral de la Universidad de las Artes, decidi\u00f3 realizar sus pr\u00e1cticas [&hellip;]<\/p>\n","protected":false},"author":10,"featured_media":15963,"comment_status":"open","ping_status":"open","sticky":false,"template":"","format":"standard","meta":{"_acf_changed":false,"_uag_custom_page_level_css":"","_monsterinsights_skip_tracking":false,"_monsterinsights_sitenote_active":false,"_monsterinsights_sitenote_note":"","_monsterinsights_sitenote_category":0,"cybocfi_hide_featured_image":"","footnotes":""},"categories":[159,76,79],"tags":[508,103],"infouartes":[],"class_list":["post-15962","post","type-post","status-publish","format-standard","has-post-thumbnail","hentry","category-artes-escenicas","category-estudiantes","category-vinculo","tag-artes-escenicas","tag-vinculo-con-la-comunidad"],"acf":[],"yoast_head":"<!-- This site is optimized with the Yoast SEO plugin v27.4 - https:\/\/yoast.com\/product\/yoast-seo-wordpress\/ -->\n<title>Universidad de las Artes - Un acercamiento con el arte propuso Glenn Chica en la escuela de Ayampe<\/title>\n<meta name=\"description\" content=\"Universidad de las Artes - Un acercamiento con el arte propuso Glenn Chica en la escuela de Ayampe\" \/>\n<meta name=\"robots\" content=\"index, follow, max-snippet:-1, max-image-preview:large, max-video-preview:-1\" \/>\n<link rel=\"canonical\" href=\"https:\/\/www.uartes.edu.ec\/sitio\/en\/blog\/2021\/09\/10\/un-acercamiento-con-el-arte-propuso-glenn-chica-en-la-escuela-de-ayampe\/\" \/>\n<meta property=\"og:locale\" content=\"en_US\" \/>\n<meta property=\"og:type\" content=\"article\" \/>\n<meta property=\"og:title\" content=\"Universidad de las Artes - Un acercamiento con el arte propuso Glenn Chica en la escuela de Ayampe\" \/>\n<meta property=\"og:description\" content=\"Universidad de las Artes - Un acercamiento con el arte propuso Glenn Chica en la escuela de Ayampe\" \/>\n<meta property=\"og:url\" content=\"https:\/\/www.uartes.edu.ec\/sitio\/en\/blog\/2021\/09\/10\/un-acercamiento-con-el-arte-propuso-glenn-chica-en-la-escuela-de-ayampe\/\" \/>\n<meta property=\"og:site_name\" content=\"Universidad de las Artes\" \/>\n<meta property=\"article:publisher\" content=\"https:\/\/www.facebook.com\/uartesec\" \/>\n<meta property=\"article:published_time\" content=\"2021-09-10T22:00:00+00:00\" \/>\n<meta property=\"article:modified_time\" content=\"2024-07-04T16:25:34+00:00\" \/>\n<meta property=\"og:image\" content=\"https:\/\/www.uartes.edu.ec\/sitio\/wp-content\/uploads\/2021\/09\/VINCULO-CON-LA-COMUNIDAD-1.webp\" \/>\n\t<meta property=\"og:image:width\" content=\"2000\" \/>\n\t<meta property=\"og:image:height\" content=\"1333\" \/>\n\t<meta property=\"og:image:type\" content=\"image\/webp\" \/>\n<meta name=\"author\" content=\"ccortez\" \/>\n<meta name=\"twitter:card\" content=\"summary_large_image\" \/>\n<meta name=\"twitter:creator\" content=\"@uartesec\" \/>\n<meta name=\"twitter:site\" content=\"@uartesec\" \/>\n<meta name=\"twitter:label1\" content=\"Written by\" \/>\n\t<meta name=\"twitter:data1\" content=\"ccortez\" \/>\n\t<meta name=\"twitter:label2\" content=\"Est. reading time\" \/>\n\t<meta name=\"twitter:data2\" content=\"5 minutes\" \/>\n<script type=\"application\/ld+json\" class=\"yoast-schema-graph\">{\"@context\":\"https:\\\/\\\/schema.org\",\"@graph\":[{\"@type\":\"Article\",\"@id\":\"https:\\\/\\\/www.uartes.edu.ec\\\/sitio\\\/en\\\/blog\\\/2021\\\/09\\\/10\\\/un-acercamiento-con-el-arte-propuso-glenn-chica-en-la-escuela-de-ayampe\\\/#article\",\"isPartOf\":{\"@id\":\"https:\\\/\\\/www.uartes.edu.ec\\\/sitio\\\/en\\\/blog\\\/2021\\\/09\\\/10\\\/un-acercamiento-con-el-arte-propuso-glenn-chica-en-la-escuela-de-ayampe\\\/\"},\"author\":{\"name\":\"ccortez\",\"@id\":\"https:\\\/\\\/www.uartes.edu.ec\\\/sitio\\\/en\\\/#\\\/schema\\\/person\\\/efa1b8275797664fd7f13a79ccc0b1f4\"},\"headline\":\"Un acercamiento con el arte propuso Glenn Chica en la escuela de Ayampe\",\"datePublished\":\"2021-09-10T22:00:00+00:00\",\"dateModified\":\"2024-07-04T16:25:34+00:00\",\"mainEntityOfPage\":{\"@id\":\"https:\\\/\\\/www.uartes.edu.ec\\\/sitio\\\/en\\\/blog\\\/2021\\\/09\\\/10\\\/un-acercamiento-con-el-arte-propuso-glenn-chica-en-la-escuela-de-ayampe\\\/\"},\"wordCount\":1108,\"commentCount\":0,\"publisher\":{\"@id\":\"https:\\\/\\\/www.uartes.edu.ec\\\/sitio\\\/en\\\/#organization\"},\"image\":{\"@id\":\"https:\\\/\\\/www.uartes.edu.ec\\\/sitio\\\/en\\\/blog\\\/2021\\\/09\\\/10\\\/un-acercamiento-con-el-arte-propuso-glenn-chica-en-la-escuela-de-ayampe\\\/#primaryimage\"},\"thumbnailUrl\":\"https:\\\/\\\/www.uartes.edu.ec\\\/sitio\\\/wp-content\\\/uploads\\\/2021\\\/09\\\/VINCULO-CON-LA-COMUNIDAD-1.webp\",\"keywords\":[\"artes esc\u00e9nicas\",\"v\u00ednculo con la comunidad\"],\"articleSection\":[\"Artes Esc\u00e9nicas\",\"Estudiantes\",\"V\u00ednculo\"],\"inLanguage\":\"en-US\",\"potentialAction\":[{\"@type\":\"CommentAction\",\"name\":\"Comment\",\"target\":[\"https:\\\/\\\/www.uartes.edu.ec\\\/sitio\\\/en\\\/blog\\\/2021\\\/09\\\/10\\\/un-acercamiento-con-el-arte-propuso-glenn-chica-en-la-escuela-de-ayampe\\\/#respond\"]}]},{\"@type\":[\"WebPage\",\"ItemPage\"],\"@id\":\"https:\\\/\\\/www.uartes.edu.ec\\\/sitio\\\/en\\\/blog\\\/2021\\\/09\\\/10\\\/un-acercamiento-con-el-arte-propuso-glenn-chica-en-la-escuela-de-ayampe\\\/\",\"url\":\"https:\\\/\\\/www.uartes.edu.ec\\\/sitio\\\/en\\\/blog\\\/2021\\\/09\\\/10\\\/un-acercamiento-con-el-arte-propuso-glenn-chica-en-la-escuela-de-ayampe\\\/\",\"name\":\"Universidad de las Artes - Un acercamiento con el arte propuso Glenn Chica en la escuela de Ayampe\",\"isPartOf\":{\"@id\":\"https:\\\/\\\/www.uartes.edu.ec\\\/sitio\\\/en\\\/#website\"},\"primaryImageOfPage\":{\"@id\":\"https:\\\/\\\/www.uartes.edu.ec\\\/sitio\\\/en\\\/blog\\\/2021\\\/09\\\/10\\\/un-acercamiento-con-el-arte-propuso-glenn-chica-en-la-escuela-de-ayampe\\\/#primaryimage\"},\"image\":{\"@id\":\"https:\\\/\\\/www.uartes.edu.ec\\\/sitio\\\/en\\\/blog\\\/2021\\\/09\\\/10\\\/un-acercamiento-con-el-arte-propuso-glenn-chica-en-la-escuela-de-ayampe\\\/#primaryimage\"},\"thumbnailUrl\":\"https:\\\/\\\/www.uartes.edu.ec\\\/sitio\\\/wp-content\\\/uploads\\\/2021\\\/09\\\/VINCULO-CON-LA-COMUNIDAD-1.webp\",\"datePublished\":\"2021-09-10T22:00:00+00:00\",\"dateModified\":\"2024-07-04T16:25:34+00:00\",\"description\":\"Universidad de las Artes - Un acercamiento con el arte propuso Glenn Chica en la escuela de Ayampe\",\"breadcrumb\":{\"@id\":\"https:\\\/\\\/www.uartes.edu.ec\\\/sitio\\\/en\\\/blog\\\/2021\\\/09\\\/10\\\/un-acercamiento-con-el-arte-propuso-glenn-chica-en-la-escuela-de-ayampe\\\/#breadcrumb\"},\"inLanguage\":\"en-US\",\"potentialAction\":[{\"@type\":\"ReadAction\",\"target\":[\"https:\\\/\\\/www.uartes.edu.ec\\\/sitio\\\/en\\\/blog\\\/2021\\\/09\\\/10\\\/un-acercamiento-con-el-arte-propuso-glenn-chica-en-la-escuela-de-ayampe\\\/\"]}]},{\"@type\":\"ImageObject\",\"inLanguage\":\"en-US\",\"@id\":\"https:\\\/\\\/www.uartes.edu.ec\\\/sitio\\\/en\\\/blog\\\/2021\\\/09\\\/10\\\/un-acercamiento-con-el-arte-propuso-glenn-chica-en-la-escuela-de-ayampe\\\/#primaryimage\",\"url\":\"https:\\\/\\\/www.uartes.edu.ec\\\/sitio\\\/wp-content\\\/uploads\\\/2021\\\/09\\\/VINCULO-CON-LA-COMUNIDAD-1.webp\",\"contentUrl\":\"https:\\\/\\\/www.uartes.edu.ec\\\/sitio\\\/wp-content\\\/uploads\\\/2021\\\/09\\\/VINCULO-CON-LA-COMUNIDAD-1.webp\",\"width\":2000,\"height\":1333},{\"@type\":\"BreadcrumbList\",\"@id\":\"https:\\\/\\\/www.uartes.edu.ec\\\/sitio\\\/en\\\/blog\\\/2021\\\/09\\\/10\\\/un-acercamiento-con-el-arte-propuso-glenn-chica-en-la-escuela-de-ayampe\\\/#breadcrumb\",\"itemListElement\":[{\"@type\":\"ListItem\",\"position\":1,\"name\":\"Inicio\",\"item\":\"https:\\\/\\\/www.uartes.edu.ec\\\/sitio\\\/\"},{\"@type\":\"ListItem\",\"position\":2,\"name\":\"Un acercamiento con el arte propuso Glenn Chica en la escuela de Ayampe\"}]},{\"@type\":\"WebSite\",\"@id\":\"https:\\\/\\\/www.uartes.edu.ec\\\/sitio\\\/en\\\/#website\",\"url\":\"https:\\\/\\\/www.uartes.edu.ec\\\/sitio\\\/en\\\/\",\"name\":\"Universidad de las Artes\",\"description\":\"Sitio oficial de la Universidad Nacional de las Artes del Ecuador\",\"publisher\":{\"@id\":\"https:\\\/\\\/www.uartes.edu.ec\\\/sitio\\\/en\\\/#organization\"},\"potentialAction\":[{\"@type\":\"SearchAction\",\"target\":{\"@type\":\"EntryPoint\",\"urlTemplate\":\"https:\\\/\\\/www.uartes.edu.ec\\\/sitio\\\/en\\\/?s={search_term_string}\"},\"query-input\":{\"@type\":\"PropertyValueSpecification\",\"valueRequired\":true,\"valueName\":\"search_term_string\"}}],\"inLanguage\":\"en-US\"},{\"@type\":\"Organization\",\"@id\":\"https:\\\/\\\/www.uartes.edu.ec\\\/sitio\\\/en\\\/#organization\",\"name\":\"Universidad de las Artes\",\"url\":\"https:\\\/\\\/www.uartes.edu.ec\\\/sitio\\\/en\\\/\",\"logo\":{\"@type\":\"ImageObject\",\"inLanguage\":\"en-US\",\"@id\":\"https:\\\/\\\/www.uartes.edu.ec\\\/sitio\\\/en\\\/#\\\/schema\\\/logo\\\/image\\\/\",\"url\":\"https:\\\/\\\/www.uartes.edu.ec\\\/sitio\\\/wp-content\\\/uploads\\\/2022\\\/07\\\/logo-ua-horizontal.png\",\"contentUrl\":\"https:\\\/\\\/www.uartes.edu.ec\\\/sitio\\\/wp-content\\\/uploads\\\/2022\\\/07\\\/logo-ua-horizontal.png\",\"width\":800,\"height\":276,\"caption\":\"Universidad de las Artes\"},\"image\":{\"@id\":\"https:\\\/\\\/www.uartes.edu.ec\\\/sitio\\\/en\\\/#\\\/schema\\\/logo\\\/image\\\/\"},\"sameAs\":[\"https:\\\/\\\/www.facebook.com\\\/uartesec\",\"https:\\\/\\\/x.com\\\/uartesec\",\"https:\\\/\\\/www.tiktok.com\\\/@uartesec\"]},{\"@type\":\"Person\",\"@id\":\"https:\\\/\\\/www.uartes.edu.ec\\\/sitio\\\/en\\\/#\\\/schema\\\/person\\\/efa1b8275797664fd7f13a79ccc0b1f4\",\"name\":\"ccortez\",\"image\":{\"@type\":\"ImageObject\",\"inLanguage\":\"en-US\",\"@id\":\"https:\\\/\\\/secure.gravatar.com\\\/avatar\\\/b2a6f664a3ae8e074346ef91775736c5ec479e637ecced6842de9dc98b5da9cd?s=96&d=mm&r=g\",\"url\":\"https:\\\/\\\/secure.gravatar.com\\\/avatar\\\/b2a6f664a3ae8e074346ef91775736c5ec479e637ecced6842de9dc98b5da9cd?s=96&d=mm&r=g\",\"contentUrl\":\"https:\\\/\\\/secure.gravatar.com\\\/avatar\\\/b2a6f664a3ae8e074346ef91775736c5ec479e637ecced6842de9dc98b5da9cd?s=96&d=mm&r=g\",\"caption\":\"ccortez\"},\"url\":\"https:\\\/\\\/www.uartes.edu.ec\\\/sitio\\\/en\\\/blog\\\/author\\\/ccortez\\\/\"}]}<\/script>\n<!-- \/ Yoast SEO plugin. -->","yoast_head_json":{"title":"Universidad de las Artes - Un acercamiento con el arte propuso Glenn Chica en la escuela de Ayampe","description":"Universidad de las Artes - Un acercamiento con el arte propuso Glenn Chica en la escuela de Ayampe","robots":{"index":"index","follow":"follow","max-snippet":"max-snippet:-1","max-image-preview":"max-image-preview:large","max-video-preview":"max-video-preview:-1"},"canonical":"https:\/\/www.uartes.edu.ec\/sitio\/en\/blog\/2021\/09\/10\/un-acercamiento-con-el-arte-propuso-glenn-chica-en-la-escuela-de-ayampe\/","og_locale":"en_US","og_type":"article","og_title":"Universidad de las Artes - Un acercamiento con el arte propuso Glenn Chica en la escuela de Ayampe","og_description":"Universidad de las Artes - Un acercamiento con el arte propuso Glenn Chica en la escuela de Ayampe","og_url":"https:\/\/www.uartes.edu.ec\/sitio\/en\/blog\/2021\/09\/10\/un-acercamiento-con-el-arte-propuso-glenn-chica-en-la-escuela-de-ayampe\/","og_site_name":"Universidad de las Artes","article_publisher":"https:\/\/www.facebook.com\/uartesec","article_published_time":"2021-09-10T22:00:00+00:00","article_modified_time":"2024-07-04T16:25:34+00:00","og_image":[{"width":2000,"height":1333,"url":"https:\/\/www.uartes.edu.ec\/sitio\/wp-content\/uploads\/2021\/09\/VINCULO-CON-LA-COMUNIDAD-1.webp","type":"image\/webp"}],"author":"ccortez","twitter_card":"summary_large_image","twitter_creator":"@uartesec","twitter_site":"@uartesec","twitter_misc":{"Written by":"ccortez","Est. reading time":"5 minutes"},"schema":{"@context":"https:\/\/schema.org","@graph":[{"@type":"Article","@id":"https:\/\/www.uartes.edu.ec\/sitio\/en\/blog\/2021\/09\/10\/un-acercamiento-con-el-arte-propuso-glenn-chica-en-la-escuela-de-ayampe\/#article","isPartOf":{"@id":"https:\/\/www.uartes.edu.ec\/sitio\/en\/blog\/2021\/09\/10\/un-acercamiento-con-el-arte-propuso-glenn-chica-en-la-escuela-de-ayampe\/"},"author":{"name":"ccortez","@id":"https:\/\/www.uartes.edu.ec\/sitio\/en\/#\/schema\/person\/efa1b8275797664fd7f13a79ccc0b1f4"},"headline":"Un acercamiento con el arte propuso Glenn Chica en la escuela de Ayampe","datePublished":"2021-09-10T22:00:00+00:00","dateModified":"2024-07-04T16:25:34+00:00","mainEntityOfPage":{"@id":"https:\/\/www.uartes.edu.ec\/sitio\/en\/blog\/2021\/09\/10\/un-acercamiento-con-el-arte-propuso-glenn-chica-en-la-escuela-de-ayampe\/"},"wordCount":1108,"commentCount":0,"publisher":{"@id":"https:\/\/www.uartes.edu.ec\/sitio\/en\/#organization"},"image":{"@id":"https:\/\/www.uartes.edu.ec\/sitio\/en\/blog\/2021\/09\/10\/un-acercamiento-con-el-arte-propuso-glenn-chica-en-la-escuela-de-ayampe\/#primaryimage"},"thumbnailUrl":"https:\/\/www.uartes.edu.ec\/sitio\/wp-content\/uploads\/2021\/09\/VINCULO-CON-LA-COMUNIDAD-1.webp","keywords":["artes esc\u00e9nicas","v\u00ednculo con la comunidad"],"articleSection":["Artes Esc\u00e9nicas","Estudiantes","V\u00ednculo"],"inLanguage":"en-US","potentialAction":[{"@type":"CommentAction","name":"Comment","target":["https:\/\/www.uartes.edu.ec\/sitio\/en\/blog\/2021\/09\/10\/un-acercamiento-con-el-arte-propuso-glenn-chica-en-la-escuela-de-ayampe\/#respond"]}]},{"@type":["WebPage","ItemPage"],"@id":"https:\/\/www.uartes.edu.ec\/sitio\/en\/blog\/2021\/09\/10\/un-acercamiento-con-el-arte-propuso-glenn-chica-en-la-escuela-de-ayampe\/","url":"https:\/\/www.uartes.edu.ec\/sitio\/en\/blog\/2021\/09\/10\/un-acercamiento-con-el-arte-propuso-glenn-chica-en-la-escuela-de-ayampe\/","name":"Universidad de las Artes - Un acercamiento con el arte propuso Glenn Chica en la escuela de Ayampe","isPartOf":{"@id":"https:\/\/www.uartes.edu.ec\/sitio\/en\/#website"},"primaryImageOfPage":{"@id":"https:\/\/www.uartes.edu.ec\/sitio\/en\/blog\/2021\/09\/10\/un-acercamiento-con-el-arte-propuso-glenn-chica-en-la-escuela-de-ayampe\/#primaryimage"},"image":{"@id":"https:\/\/www.uartes.edu.ec\/sitio\/en\/blog\/2021\/09\/10\/un-acercamiento-con-el-arte-propuso-glenn-chica-en-la-escuela-de-ayampe\/#primaryimage"},"thumbnailUrl":"https:\/\/www.uartes.edu.ec\/sitio\/wp-content\/uploads\/2021\/09\/VINCULO-CON-LA-COMUNIDAD-1.webp","datePublished":"2021-09-10T22:00:00+00:00","dateModified":"2024-07-04T16:25:34+00:00","description":"Universidad de las Artes - Un acercamiento con el arte propuso Glenn Chica en la escuela de Ayampe","breadcrumb":{"@id":"https:\/\/www.uartes.edu.ec\/sitio\/en\/blog\/2021\/09\/10\/un-acercamiento-con-el-arte-propuso-glenn-chica-en-la-escuela-de-ayampe\/#breadcrumb"},"inLanguage":"en-US","potentialAction":[{"@type":"ReadAction","target":["https:\/\/www.uartes.edu.ec\/sitio\/en\/blog\/2021\/09\/10\/un-acercamiento-con-el-arte-propuso-glenn-chica-en-la-escuela-de-ayampe\/"]}]},{"@type":"ImageObject","inLanguage":"en-US","@id":"https:\/\/www.uartes.edu.ec\/sitio\/en\/blog\/2021\/09\/10\/un-acercamiento-con-el-arte-propuso-glenn-chica-en-la-escuela-de-ayampe\/#primaryimage","url":"https:\/\/www.uartes.edu.ec\/sitio\/wp-content\/uploads\/2021\/09\/VINCULO-CON-LA-COMUNIDAD-1.webp","contentUrl":"https:\/\/www.uartes.edu.ec\/sitio\/wp-content\/uploads\/2021\/09\/VINCULO-CON-LA-COMUNIDAD-1.webp","width":2000,"height":1333},{"@type":"BreadcrumbList","@id":"https:\/\/www.uartes.edu.ec\/sitio\/en\/blog\/2021\/09\/10\/un-acercamiento-con-el-arte-propuso-glenn-chica-en-la-escuela-de-ayampe\/#breadcrumb","itemListElement":[{"@type":"ListItem","position":1,"name":"Inicio","item":"https:\/\/www.uartes.edu.ec\/sitio\/"},{"@type":"ListItem","position":2,"name":"Un acercamiento con el arte propuso Glenn Chica en la escuela de Ayampe"}]},{"@type":"WebSite","@id":"https:\/\/www.uartes.edu.ec\/sitio\/en\/#website","url":"https:\/\/www.uartes.edu.ec\/sitio\/en\/","name":"Universidad de las Artes","description":"Sitio oficial de la Universidad Nacional de las Artes del Ecuador","publisher":{"@id":"https:\/\/www.uartes.edu.ec\/sitio\/en\/#organization"},"potentialAction":[{"@type":"SearchAction","target":{"@type":"EntryPoint","urlTemplate":"https:\/\/www.uartes.edu.ec\/sitio\/en\/?s={search_term_string}"},"query-input":{"@type":"PropertyValueSpecification","valueRequired":true,"valueName":"search_term_string"}}],"inLanguage":"en-US"},{"@type":"Organization","@id":"https:\/\/www.uartes.edu.ec\/sitio\/en\/#organization","name":"Universidad de las Artes","url":"https:\/\/www.uartes.edu.ec\/sitio\/en\/","logo":{"@type":"ImageObject","inLanguage":"en-US","@id":"https:\/\/www.uartes.edu.ec\/sitio\/en\/#\/schema\/logo\/image\/","url":"https:\/\/www.uartes.edu.ec\/sitio\/wp-content\/uploads\/2022\/07\/logo-ua-horizontal.png","contentUrl":"https:\/\/www.uartes.edu.ec\/sitio\/wp-content\/uploads\/2022\/07\/logo-ua-horizontal.png","width":800,"height":276,"caption":"Universidad de las Artes"},"image":{"@id":"https:\/\/www.uartes.edu.ec\/sitio\/en\/#\/schema\/logo\/image\/"},"sameAs":["https:\/\/www.facebook.com\/uartesec","https:\/\/x.com\/uartesec","https:\/\/www.tiktok.com\/@uartesec"]},{"@type":"Person","@id":"https:\/\/www.uartes.edu.ec\/sitio\/en\/#\/schema\/person\/efa1b8275797664fd7f13a79ccc0b1f4","name":"ccortez","image":{"@type":"ImageObject","inLanguage":"en-US","@id":"https:\/\/secure.gravatar.com\/avatar\/b2a6f664a3ae8e074346ef91775736c5ec479e637ecced6842de9dc98b5da9cd?s=96&d=mm&r=g","url":"https:\/\/secure.gravatar.com\/avatar\/b2a6f664a3ae8e074346ef91775736c5ec479e637ecced6842de9dc98b5da9cd?s=96&d=mm&r=g","contentUrl":"https:\/\/secure.gravatar.com\/avatar\/b2a6f664a3ae8e074346ef91775736c5ec479e637ecced6842de9dc98b5da9cd?s=96&d=mm&r=g","caption":"ccortez"},"url":"https:\/\/www.uartes.edu.ec\/sitio\/en\/blog\/author\/ccortez\/"}]}},"uagb_featured_image_src":{"full":["https:\/\/www.uartes.edu.ec\/sitio\/wp-content\/uploads\/2021\/09\/VINCULO-CON-LA-COMUNIDAD-1.webp",2000,1333,false],"thumbnail":["https:\/\/www.uartes.edu.ec\/sitio\/wp-content\/uploads\/2021\/09\/VINCULO-CON-LA-COMUNIDAD-1.webp",150,100,false],"medium":["https:\/\/www.uartes.edu.ec\/sitio\/wp-content\/uploads\/2021\/09\/VINCULO-CON-LA-COMUNIDAD-1.webp",300,200,false],"medium_large":["https:\/\/www.uartes.edu.ec\/sitio\/wp-content\/uploads\/2021\/09\/VINCULO-CON-LA-COMUNIDAD-1.webp",768,512,false],"large":["https:\/\/www.uartes.edu.ec\/sitio\/wp-content\/uploads\/2021\/09\/VINCULO-CON-LA-COMUNIDAD-1.webp",644,429,false],"1536x1536":["https:\/\/www.uartes.edu.ec\/sitio\/wp-content\/uploads\/2021\/09\/VINCULO-CON-LA-COMUNIDAD-1.webp",1536,1024,false],"2048x2048":["https:\/\/www.uartes.edu.ec\/sitio\/wp-content\/uploads\/2021\/09\/VINCULO-CON-LA-COMUNIDAD-1.webp",2000,1333,false],"trp-custom-language-flag":["https:\/\/www.uartes.edu.ec\/sitio\/wp-content\/uploads\/2021\/09\/VINCULO-CON-LA-COMUNIDAD-1.webp",18,12,false],"htmega_size_585x295":["https:\/\/www.uartes.edu.ec\/sitio\/wp-content\/uploads\/2021\/09\/VINCULO-CON-LA-COMUNIDAD-1.webp",443,295,false],"htmega_size_1170x536":["https:\/\/www.uartes.edu.ec\/sitio\/wp-content\/uploads\/2021\/09\/VINCULO-CON-LA-COMUNIDAD-1.webp",804,536,false],"htmega_size_396x360":["https:\/\/www.uartes.edu.ec\/sitio\/wp-content\/uploads\/2021\/09\/VINCULO-CON-LA-COMUNIDAD-1.webp",396,264,false],"gb-block-post-grid-landscape":["https:\/\/www.uartes.edu.ec\/sitio\/wp-content\/uploads\/2021\/09\/VINCULO-CON-LA-COMUNIDAD-1.webp",600,400,false],"gb-block-post-grid-square":["https:\/\/www.uartes.edu.ec\/sitio\/wp-content\/uploads\/2021\/09\/VINCULO-CON-LA-COMUNIDAD-1.webp",600,400,false],"university-hub-thumb":["https:\/\/www.uartes.edu.ec\/sitio\/wp-content\/uploads\/2021\/09\/VINCULO-CON-LA-COMUNIDAD-1.webp",400,267,false]},"uagb_author_info":{"display_name":"ccortez","author_link":"https:\/\/www.uartes.edu.ec\/sitio\/en\/blog\/author\/ccortez\/"},"uagb_comment_info":0,"uagb_excerpt":"La playa de Ayampe est\u00e1 ubicada al sur de la provincia de Manab\u00ed y se ha convertido en un punto de encuentro para fomentar la educaci\u00f3n a trav\u00e9s de las artes. Es en esta localidad donde Glenn Chica, estudiante de la carrera de Creaci\u00f3n Teatral de la Universidad de las Artes, decidi\u00f3 realizar sus pr\u00e1cticas&hellip;","featured_image_src":"https:\/\/www.uartes.edu.ec\/sitio\/wp-content\/uploads\/2021\/09\/VINCULO-CON-LA-COMUNIDAD-1.webp","featured_image_src_square":"https:\/\/www.uartes.edu.ec\/sitio\/wp-content\/uploads\/2021\/09\/VINCULO-CON-LA-COMUNIDAD-1.webp","author_info":{"display_name":"ccortez","author_link":"https:\/\/www.uartes.edu.ec\/sitio\/en\/blog\/author\/ccortez\/"},"publishpress_future_workflow_manual_trigger":{"enabledWorkflows":[]},"distributor_meta":false,"distributor_terms":false,"distributor_media":false,"distributor_original_site_name":"Universidad de las Artes","distributor_original_site_url":"https:\/\/www.uartes.edu.ec\/sitio\/en","push-errors":false,"_links":{"self":[{"href":"https:\/\/www.uartes.edu.ec\/sitio\/en\/wp-json\/wp\/v2\/posts\/15962","targetHints":{"allow":["GET"]}}],"collection":[{"href":"https:\/\/www.uartes.edu.ec\/sitio\/en\/wp-json\/wp\/v2\/posts"}],"about":[{"href":"https:\/\/www.uartes.edu.ec\/sitio\/en\/wp-json\/wp\/v2\/types\/post"}],"author":[{"embeddable":true,"href":"https:\/\/www.uartes.edu.ec\/sitio\/en\/wp-json\/wp\/v2\/users\/10"}],"replies":[{"embeddable":true,"href":"https:\/\/www.uartes.edu.ec\/sitio\/en\/wp-json\/wp\/v2\/comments?post=15962"}],"version-history":[{"count":1,"href":"https:\/\/www.uartes.edu.ec\/sitio\/en\/wp-json\/wp\/v2\/posts\/15962\/revisions"}],"predecessor-version":[{"id":15964,"href":"https:\/\/www.uartes.edu.ec\/sitio\/en\/wp-json\/wp\/v2\/posts\/15962\/revisions\/15964"}],"wp:featuredmedia":[{"embeddable":true,"href":"https:\/\/www.uartes.edu.ec\/sitio\/en\/wp-json\/wp\/v2\/media\/15963"}],"wp:attachment":[{"href":"https:\/\/www.uartes.edu.ec\/sitio\/en\/wp-json\/wp\/v2\/media?parent=15962"}],"wp:term":[{"taxonomy":"category","embeddable":true,"href":"https:\/\/www.uartes.edu.ec\/sitio\/en\/wp-json\/wp\/v2\/categories?post=15962"},{"taxonomy":"post_tag","embeddable":true,"href":"https:\/\/www.uartes.edu.ec\/sitio\/en\/wp-json\/wp\/v2\/tags?post=15962"},{"taxonomy":"infouartes","embeddable":true,"href":"https:\/\/www.uartes.edu.ec\/sitio\/en\/wp-json\/wp\/v2\/infouartes?post=15962"}],"curies":[{"name":"wp","href":"https:\/\/api.w.org\/{rel}","templated":true}]}}