{"id":16033,"date":"2021-09-16T15:00:00","date_gmt":"2021-09-16T20:00:00","guid":{"rendered":"http:\/\/www.uartes.edu.ec\/sitio\/?p=16033"},"modified":"2024-07-04T11:25:33","modified_gmt":"2024-07-04T16:25:33","slug":"talento-y-preparacion-claves-en-conciertos-de-grado-de-jhon-yanqui-y-ronnie-hidalgo","status":"publish","type":"post","link":"https:\/\/www.uartes.edu.ec\/sitio\/en\/blog\/2021\/09\/16\/talento-y-preparacion-claves-en-conciertos-de-grado-de-jhon-yanqui-y-ronnie-hidalgo\/","title":{"rendered":"Talento y preparaci\u00f3n, en conciertos de Jhon Yanqui y Ronnie Hidalgo"},"content":{"rendered":"<p>Cinco estudiantes de la carrera de Artes Musicales y Sonoras de la Universidad de las Artes ofrecieron entre el martes 14 de septiembre y ayer, mi\u00e9rcoles 15, sus conciertos de graduaci\u00f3n. Estos se desarrollaron en modalidad virtual, a trav\u00e9s del Facebook Live de la Escuela de Artes Sonoras. En el primer d\u00eda, Jhon Yanqui y Ronnie Hidalgo; y, en el segundo, Nuria Meza, Mateo Torres y Wilson Cajo.&nbsp;&nbsp;<\/p>\n\n\n\n<p>El martes 14, previa a la presentaci\u00f3n de su tutorando, Jhon Yanqui, el docente de la EAS Norberto Bayo dijo que el trabajo de su alumno era el resultado performativo de una investigaci\u00f3n previa sobre el repertorio ecuatoriano para trompeta solista y que eligi\u00f3 una serie de piezas para, de alguna manera, entrar en un di\u00e1logo directo con la propia mediaci\u00f3n art\u00edstica. \u201cEste proyecto de titulaci\u00f3n est\u00e1 muy dirigido a generar una red de trompetistas que se desarrollan a nivel nacional, para conocer el repertorio propiamente dicho de trompeta y vincular a los estudiantes, docentes de conservatorios y escuelas de arte a nivel nacional. Un lujo haber trabajado en este primer periodo acad\u00e9mico del 2021 codo con codo a \u00e9l\u201d.<\/p>\n\n\n\n<p>Jhon Yanqui explic\u00f3 que la recopilaci\u00f3n y el trabajo de investigaci\u00f3n realizados est\u00e1n dirigidos a los conservatorios e instituciones de m\u00fasica del pa\u00eds, pues para el concierto de grado todos los alumnos deben interpretar una obra de g\u00e9nero ecuatoriano. \u201cLo que yo he buscado son compositores que hayan aportado al repertorio para la trompeta\u201d. Revel\u00f3 que en su investigaci\u00f3n hall\u00f3 de 8 a 10 y que para la presentaci\u00f3n eligi\u00f3 ocho obras, en las que se pueden apreciar varios g\u00e9neros ecuatorianos y conocer a varios compositores; en la parte final, dos arreglos: del maestro Diego Uyana y el suyo.<\/p>\n\n\n\n<p>\u201cToda esta compilaci\u00f3n ser\u00e1 entregada a los rectores y docentes del pa\u00eds en la c\u00e1tedra de trompeta\u201d, precis\u00f3. Estar\u00e1n en un formato bien organizado, dirigido tambi\u00e9n a las instituciones que lo ayudaron en su investigaci\u00f3n; con datos, entrevistas y textos. &nbsp;<\/p>\n\n\n\n<p>Le correspondi\u00f3 entonces al docente Giovanni Berm\u00fadez presentar a su tutorando, el estudiante Ronnie Hidalgo. Que tuvo el gusto de acompa\u00f1arlo en su proyecto de titulaci\u00f3n, anot\u00f3, un trabajo enfocado hacia la creaci\u00f3n art\u00edstica, fundamentada en la investigaci\u00f3n, que es otro de los caminos en los que se mueve la academia en las Artes Musicales. \u201cEl resultado es sorprendente, m\u00e1s a\u00fan en el contexto que se maneja en la actualidad por la pandemia; organizar a un gran n\u00famero de m\u00fasicos y t\u00e9cnicos ha sido tambi\u00e9n un logro. La producci\u00f3n del concierto es digna de aplaudir\u201d.<\/p>\n\n\n\n<p>Ronnie Hidalgo manifest\u00f3 que su proyecto, titulado \u201cA la cumbia con la big band\u201d, alude a tres creaciones musicales de su autor\u00eda: <em>Martina y Leonel, Pura borrachera<\/em> and <em>Mentiras,<\/em> concebidas en tiempos de pandemia y con letras inspiradas en situaciones reales vividas por amigos y conocidos. En el concierto ofreci\u00f3 tambi\u00e9n los arreglos musicales de Mix Billo\u2019s y Mix Cumsal.<\/p>\n\n\n\n<p>Sus propuestas tienen un contexto investigativo. Nacen del an\u00e1lisis de la obra del compositor Andr\u00e9s&nbsp;de Colbert, pues es en base a sus arreglos que han surgido composiciones ic\u00f3nicas a nivel del Ecuador y otros pa\u00edses, expres\u00f3 Ronnie Hidalgo, quien es m\u00fasico y autor, &nbsp;art\u00edsticamente conocido como Ron Alejandro. En el proceso que llev\u00f3 coincidi\u00f3 con Berm\u00fadez en las dificultades generadas por la pandemia. \u201cHa sido un proceso fuerte que ha dado los resultados esperados. Le hemos metido mucho coraz\u00f3n, queremos que lo vean y disfruten en todo el mundo\u201d, se\u00f1al\u00f3, d\u00e1ndole valor a la m\u00fasica in\u00e9dita.<\/p>\n\n\n\n<figure class=\"wp-block-image size-full\"><img fetchpriority=\"high\" decoding=\"async\" width=\"2000\" height=\"1333\" src=\"http:\/\/www.uartes.edu.ec\/sitio\/wp-content\/uploads\/2021\/09\/CONGRADO12-1.webp\" alt=\"\" class=\"wp-image-16036\" \/><\/figure>\n\n\n\n<p>Ya con trompeta en mano, Jhon Yanqui coment\u00f3 las razones que lo motivaron a realizar la investigaci\u00f3n con componente perform\u00e1tico. \u201cA &nbsp;lo largo de mis a\u00f1os como estudiante, tanto en el Conservatorio de Ambato como en la UArtes, busqu\u00e9 siempre interpretar m\u00fasica nacional llevada a conciertos dentro y fuera del pa\u00eds\u201d, dijo y reiter\u00f3 importante que las instituciones musicales reciban la recopilaci\u00f3n que hizo de obras para los conciertos de grado. Ahora, con mi trabajo, todos los trompetistas tendremos un repertorio escrito para nosotros\u201d.<\/p>\n\n\n\n<p>Como repertorio propuso seis obras escritas para trompeta y adaptaciones: <em>La Minga,<\/em> del compositor ambate\u00f1o Floresmilo Viteri, quien en un video presentado por Jhon Yanqui explic\u00f3 que originalmente fue escrita para cono franc\u00e9s, pero que a pedido de los profesores de trompeta y tromb\u00f3n se reescribi\u00f3 para esos instrumentos. Es un conjunto de danzas nacionales. En principio, una introducci\u00f3n y luego una tonada, una especie de yarav\u00ed y un albazo; finaliza con un yumbo.<\/p>\n\n\n\n<p>Tras interpretar <em>La Minga,<\/em> Jhon Yanqui deleit\u00f3 con su trompeta al hacer suyos los temas <em>Majestuoso Chimborazo <\/em>and <em>Mi vecino el Cotopaxi, <\/em>de Sixto Gallegos, a quien, asimismo, se lo vio en video hablando de sus obras. De Paquito Godoy, el estudiante UArtes comparti\u00f3 <em>Los Mayas.<\/em><\/p>\n\n\n\n<p>Vino entonces un intermedio, en el que Jhon Yanqui present\u00f3 libros que fueron de gran ayuda para su investigaci\u00f3n. De Floresmilo Viteri, cinco t\u00edtulos: <em>Lenguaje de la m\u00fasica, Formas y estilos musicales, Manual del compositor ecuatoriano, G\u00e9neros musicales del Ecuador<\/em> and <em>Tratado de armon\u00eda.<\/em> De David D\u00edaz, tambi\u00e9n compositor ambate\u00f1o, cuatro: <em>Obras musicales 1, 2 <\/em>and<em> 3,<\/em> and <em>Obras musicales vocales.<\/em> Seguidamente, <em>Viento en la colina,<\/em> obra de Luis Jim\u00e9nez; <em>Adagio,<\/em> de Gibran Santana, de la UArtes; <em>A la madrugada,<\/em> de Diego Uyana; y, <em>Danza ecuatoriana,<\/em> de su autor\u00eda.<\/p>\n\n\n\n<figure class=\"wp-block-image size-full\"><img decoding=\"async\" width=\"2000\" height=\"1333\" src=\"http:\/\/www.uartes.edu.ec\/sitio\/wp-content\/uploads\/2021\/09\/CONGRADO13.webp\" alt=\"\" class=\"wp-image-16037\" \/><\/figure>\n\n\n\n<p>Para su concierto de graduaci\u00f3n, Ronnie Hidalgo mostr\u00f3 en video al emblem\u00e1tico Teatro Capitol de Quito, as\u00ed como el montaje que en su escenario hizo de la Orquesta La Facultad, a la cual dirigi\u00f3 en la interpretaci\u00f3n de sus creaciones musicales y se le uni\u00f3 luego en el piano. &nbsp;&nbsp;<\/p>\n\n\n\n<p>\u201cA la cumbia con la big band\u201d la defini\u00f3 como una modalidad art\u00edstica con componente de investigaci\u00f3n y bajo su direcci\u00f3n sonaron <em>Martina y Leonel, Pura borrachera<\/em> and <em>Mentiras,<\/em> as\u00ed como los arreglos musicales de Mix Billo\u00b4s y Mix Cumsal.<\/p>\n\n\n\n<p>Su puesta en escena fue complementada con una entrevista en escenario (en un tras c\u00e1maras) realizada por el presentador Adri\u00e1n Sarmiento. Indic\u00f3 disfrutar del formato de big band, al cual &nbsp;considera de gran exigencia musical, con instrumentos como trombones, trompetas, saxof\u00f3n, piano, percusi\u00f3n menor y percusi\u00f3n latina. Coment\u00f3 con orgullo la oportunidad que tiene de compartir el escenario con su padre y recalc\u00f3 que en el pa\u00eds hay mucho talento. Aqu\u00ed el link de los conciertos en el Facebook de la EAS<br><a href=\"https:\/\/www.facebook.com\/eas.uartes\/videos\/1742705025930031\">https:\/\/www.facebook.com\/eas.uartes\/videos\/1742705025930031<\/a><\/p>","protected":false},"excerpt":{"rendered":"<p>Cinco estudiantes de la carrera de Artes Musicales y Sonoras de la Universidad de las Artes ofrecieron entre el martes 14 de septiembre y ayer, mi\u00e9rcoles 15, sus conciertos de graduaci\u00f3n. Estos se desarrollaron en modalidad virtual, a trav\u00e9s del Facebook Live de la Escuela de Artes Sonoras de la UArtes. En el primer d\u00eda presentaron sus propuestas Jhon Yanqui y Ronnie Hidalgo; y, en el segundo lo hicieros Nuria Meza, Mateo Torres y Wilson Cajo.\u00a0\u00a0<\/p>","protected":false},"author":10,"featured_media":16034,"comment_status":"open","ping_status":"open","sticky":false,"template":"","format":"standard","meta":{"_acf_changed":false,"_uag_custom_page_level_css":"","_monsterinsights_skip_tracking":false,"_monsterinsights_sitenote_active":false,"_monsterinsights_sitenote_note":"","_monsterinsights_sitenote_category":0,"cybocfi_hide_featured_image":"","footnotes":""},"categories":[80,150,76,284],"tags":[58],"infouartes":[],"class_list":["post-16033","post","type-post","status-publish","format-standard","has-post-thumbnail","hentry","category-academico","category-artes-sonoras","category-estudiantes","category-investigacion","tag-investigacion"],"acf":[],"yoast_head":"<!-- This site is optimized with the Yoast SEO plugin v27.4 - https:\/\/yoast.com\/product\/yoast-seo-wordpress\/ -->\n<title>Universidad de las Artes - Talento y preparaci\u00f3n, en conciertos de Jhon Yanqui y Ronnie Hidalgo<\/title>\n<meta name=\"description\" content=\"Universidad de las Artes - Talento y preparaci\u00f3n, en conciertos de Jhon Yanqui y Ronnie Hidalgo\" \/>\n<meta name=\"robots\" content=\"index, follow, max-snippet:-1, max-image-preview:large, max-video-preview:-1\" \/>\n<link rel=\"canonical\" href=\"https:\/\/www.uartes.edu.ec\/sitio\/en\/blog\/2021\/09\/16\/talento-y-preparacion-claves-en-conciertos-de-grado-de-jhon-yanqui-y-ronnie-hidalgo\/\" \/>\n<meta property=\"og:locale\" content=\"en_US\" \/>\n<meta property=\"og:type\" content=\"article\" \/>\n<meta property=\"og:title\" content=\"Universidad de las Artes - Talento y preparaci\u00f3n, en conciertos de Jhon Yanqui y Ronnie Hidalgo\" \/>\n<meta property=\"og:description\" content=\"Universidad de las Artes - Talento y preparaci\u00f3n, en conciertos de Jhon Yanqui y Ronnie Hidalgo\" \/>\n<meta property=\"og:url\" content=\"https:\/\/www.uartes.edu.ec\/sitio\/en\/blog\/2021\/09\/16\/talento-y-preparacion-claves-en-conciertos-de-grado-de-jhon-yanqui-y-ronnie-hidalgo\/\" \/>\n<meta property=\"og:site_name\" content=\"Universidad de las Artes\" \/>\n<meta property=\"article:publisher\" content=\"https:\/\/www.facebook.com\/uartesec\" \/>\n<meta property=\"article:published_time\" content=\"2021-09-16T20:00:00+00:00\" \/>\n<meta property=\"article:modified_time\" content=\"2024-07-04T16:25:33+00:00\" \/>\n<meta property=\"og:image\" content=\"https:\/\/www.uartes.edu.ec\/sitio\/wp-content\/uploads\/2021\/09\/CONGRADO1.webp\" \/>\n\t<meta property=\"og:image:width\" content=\"2000\" \/>\n\t<meta property=\"og:image:height\" content=\"1333\" \/>\n\t<meta property=\"og:image:type\" content=\"image\/webp\" \/>\n<meta name=\"author\" content=\"ccortez\" \/>\n<meta name=\"twitter:card\" content=\"summary_large_image\" \/>\n<meta name=\"twitter:creator\" content=\"@uartesec\" \/>\n<meta name=\"twitter:site\" content=\"@uartesec\" \/>\n<meta name=\"twitter:label1\" content=\"Written by\" \/>\n\t<meta name=\"twitter:data1\" content=\"ccortez\" \/>\n\t<meta name=\"twitter:label2\" content=\"Est. reading time\" \/>\n\t<meta name=\"twitter:data2\" content=\"6 minutes\" \/>\n<script type=\"application\/ld+json\" class=\"yoast-schema-graph\">{\"@context\":\"https:\\\/\\\/schema.org\",\"@graph\":[{\"@type\":\"Article\",\"@id\":\"https:\\\/\\\/www.uartes.edu.ec\\\/sitio\\\/en\\\/blog\\\/2021\\\/09\\\/16\\\/talento-y-preparacion-claves-en-conciertos-de-grado-de-jhon-yanqui-y-ronnie-hidalgo\\\/#article\",\"isPartOf\":{\"@id\":\"https:\\\/\\\/www.uartes.edu.ec\\\/sitio\\\/en\\\/blog\\\/2021\\\/09\\\/16\\\/talento-y-preparacion-claves-en-conciertos-de-grado-de-jhon-yanqui-y-ronnie-hidalgo\\\/\"},\"author\":{\"name\":\"ccortez\",\"@id\":\"https:\\\/\\\/www.uartes.edu.ec\\\/sitio\\\/en\\\/#\\\/schema\\\/person\\\/efa1b8275797664fd7f13a79ccc0b1f4\"},\"headline\":\"Talento y preparaci\u00f3n, en conciertos de Jhon Yanqui y Ronnie Hidalgo\",\"datePublished\":\"2021-09-16T20:00:00+00:00\",\"dateModified\":\"2024-07-04T16:25:33+00:00\",\"mainEntityOfPage\":{\"@id\":\"https:\\\/\\\/www.uartes.edu.ec\\\/sitio\\\/en\\\/blog\\\/2021\\\/09\\\/16\\\/talento-y-preparacion-claves-en-conciertos-de-grado-de-jhon-yanqui-y-ronnie-hidalgo\\\/\"},\"wordCount\":1149,\"commentCount\":0,\"publisher\":{\"@id\":\"https:\\\/\\\/www.uartes.edu.ec\\\/sitio\\\/en\\\/#organization\"},\"image\":{\"@id\":\"https:\\\/\\\/www.uartes.edu.ec\\\/sitio\\\/en\\\/blog\\\/2021\\\/09\\\/16\\\/talento-y-preparacion-claves-en-conciertos-de-grado-de-jhon-yanqui-y-ronnie-hidalgo\\\/#primaryimage\"},\"thumbnailUrl\":\"https:\\\/\\\/www.uartes.edu.ec\\\/sitio\\\/wp-content\\\/uploads\\\/2021\\\/09\\\/CONGRADO1.webp\",\"keywords\":[\"investigaci\u00f3n\"],\"articleSection\":[\"Acad\u00e9mico\",\"Artes Sonoras\",\"Estudiantes\",\"Investigaci\u00f3n\"],\"inLanguage\":\"en-US\",\"potentialAction\":[{\"@type\":\"CommentAction\",\"name\":\"Comment\",\"target\":[\"https:\\\/\\\/www.uartes.edu.ec\\\/sitio\\\/en\\\/blog\\\/2021\\\/09\\\/16\\\/talento-y-preparacion-claves-en-conciertos-de-grado-de-jhon-yanqui-y-ronnie-hidalgo\\\/#respond\"]}]},{\"@type\":[\"WebPage\",\"ItemPage\"],\"@id\":\"https:\\\/\\\/www.uartes.edu.ec\\\/sitio\\\/en\\\/blog\\\/2021\\\/09\\\/16\\\/talento-y-preparacion-claves-en-conciertos-de-grado-de-jhon-yanqui-y-ronnie-hidalgo\\\/\",\"url\":\"https:\\\/\\\/www.uartes.edu.ec\\\/sitio\\\/en\\\/blog\\\/2021\\\/09\\\/16\\\/talento-y-preparacion-claves-en-conciertos-de-grado-de-jhon-yanqui-y-ronnie-hidalgo\\\/\",\"name\":\"Universidad de las Artes - Talento y preparaci\u00f3n, en conciertos de Jhon Yanqui y Ronnie Hidalgo\",\"isPartOf\":{\"@id\":\"https:\\\/\\\/www.uartes.edu.ec\\\/sitio\\\/en\\\/#website\"},\"primaryImageOfPage\":{\"@id\":\"https:\\\/\\\/www.uartes.edu.ec\\\/sitio\\\/en\\\/blog\\\/2021\\\/09\\\/16\\\/talento-y-preparacion-claves-en-conciertos-de-grado-de-jhon-yanqui-y-ronnie-hidalgo\\\/#primaryimage\"},\"image\":{\"@id\":\"https:\\\/\\\/www.uartes.edu.ec\\\/sitio\\\/en\\\/blog\\\/2021\\\/09\\\/16\\\/talento-y-preparacion-claves-en-conciertos-de-grado-de-jhon-yanqui-y-ronnie-hidalgo\\\/#primaryimage\"},\"thumbnailUrl\":\"https:\\\/\\\/www.uartes.edu.ec\\\/sitio\\\/wp-content\\\/uploads\\\/2021\\\/09\\\/CONGRADO1.webp\",\"datePublished\":\"2021-09-16T20:00:00+00:00\",\"dateModified\":\"2024-07-04T16:25:33+00:00\",\"description\":\"Universidad de las Artes - Talento y preparaci\u00f3n, en conciertos de Jhon Yanqui y Ronnie Hidalgo\",\"breadcrumb\":{\"@id\":\"https:\\\/\\\/www.uartes.edu.ec\\\/sitio\\\/en\\\/blog\\\/2021\\\/09\\\/16\\\/talento-y-preparacion-claves-en-conciertos-de-grado-de-jhon-yanqui-y-ronnie-hidalgo\\\/#breadcrumb\"},\"inLanguage\":\"en-US\",\"potentialAction\":[{\"@type\":\"ReadAction\",\"target\":[\"https:\\\/\\\/www.uartes.edu.ec\\\/sitio\\\/en\\\/blog\\\/2021\\\/09\\\/16\\\/talento-y-preparacion-claves-en-conciertos-de-grado-de-jhon-yanqui-y-ronnie-hidalgo\\\/\"]}]},{\"@type\":\"ImageObject\",\"inLanguage\":\"en-US\",\"@id\":\"https:\\\/\\\/www.uartes.edu.ec\\\/sitio\\\/en\\\/blog\\\/2021\\\/09\\\/16\\\/talento-y-preparacion-claves-en-conciertos-de-grado-de-jhon-yanqui-y-ronnie-hidalgo\\\/#primaryimage\",\"url\":\"https:\\\/\\\/www.uartes.edu.ec\\\/sitio\\\/wp-content\\\/uploads\\\/2021\\\/09\\\/CONGRADO1.webp\",\"contentUrl\":\"https:\\\/\\\/www.uartes.edu.ec\\\/sitio\\\/wp-content\\\/uploads\\\/2021\\\/09\\\/CONGRADO1.webp\",\"width\":2000,\"height\":1333},{\"@type\":\"BreadcrumbList\",\"@id\":\"https:\\\/\\\/www.uartes.edu.ec\\\/sitio\\\/en\\\/blog\\\/2021\\\/09\\\/16\\\/talento-y-preparacion-claves-en-conciertos-de-grado-de-jhon-yanqui-y-ronnie-hidalgo\\\/#breadcrumb\",\"itemListElement\":[{\"@type\":\"ListItem\",\"position\":1,\"name\":\"Inicio\",\"item\":\"https:\\\/\\\/www.uartes.edu.ec\\\/sitio\\\/\"},{\"@type\":\"ListItem\",\"position\":2,\"name\":\"Talento y preparaci\u00f3n, en conciertos de Jhon Yanqui y Ronnie Hidalgo\"}]},{\"@type\":\"WebSite\",\"@id\":\"https:\\\/\\\/www.uartes.edu.ec\\\/sitio\\\/en\\\/#website\",\"url\":\"https:\\\/\\\/www.uartes.edu.ec\\\/sitio\\\/en\\\/\",\"name\":\"Universidad de las Artes\",\"description\":\"Sitio oficial de la Universidad Nacional de las Artes del Ecuador\",\"publisher\":{\"@id\":\"https:\\\/\\\/www.uartes.edu.ec\\\/sitio\\\/en\\\/#organization\"},\"potentialAction\":[{\"@type\":\"SearchAction\",\"target\":{\"@type\":\"EntryPoint\",\"urlTemplate\":\"https:\\\/\\\/www.uartes.edu.ec\\\/sitio\\\/en\\\/?s={search_term_string}\"},\"query-input\":{\"@type\":\"PropertyValueSpecification\",\"valueRequired\":true,\"valueName\":\"search_term_string\"}}],\"inLanguage\":\"en-US\"},{\"@type\":\"Organization\",\"@id\":\"https:\\\/\\\/www.uartes.edu.ec\\\/sitio\\\/en\\\/#organization\",\"name\":\"Universidad de las Artes\",\"url\":\"https:\\\/\\\/www.uartes.edu.ec\\\/sitio\\\/en\\\/\",\"logo\":{\"@type\":\"ImageObject\",\"inLanguage\":\"en-US\",\"@id\":\"https:\\\/\\\/www.uartes.edu.ec\\\/sitio\\\/en\\\/#\\\/schema\\\/logo\\\/image\\\/\",\"url\":\"https:\\\/\\\/www.uartes.edu.ec\\\/sitio\\\/wp-content\\\/uploads\\\/2022\\\/07\\\/logo-ua-horizontal.png\",\"contentUrl\":\"https:\\\/\\\/www.uartes.edu.ec\\\/sitio\\\/wp-content\\\/uploads\\\/2022\\\/07\\\/logo-ua-horizontal.png\",\"width\":800,\"height\":276,\"caption\":\"Universidad de las Artes\"},\"image\":{\"@id\":\"https:\\\/\\\/www.uartes.edu.ec\\\/sitio\\\/en\\\/#\\\/schema\\\/logo\\\/image\\\/\"},\"sameAs\":[\"https:\\\/\\\/www.facebook.com\\\/uartesec\",\"https:\\\/\\\/x.com\\\/uartesec\",\"https:\\\/\\\/www.tiktok.com\\\/@uartesec\"]},{\"@type\":\"Person\",\"@id\":\"https:\\\/\\\/www.uartes.edu.ec\\\/sitio\\\/en\\\/#\\\/schema\\\/person\\\/efa1b8275797664fd7f13a79ccc0b1f4\",\"name\":\"ccortez\",\"image\":{\"@type\":\"ImageObject\",\"inLanguage\":\"en-US\",\"@id\":\"https:\\\/\\\/secure.gravatar.com\\\/avatar\\\/b2a6f664a3ae8e074346ef91775736c5ec479e637ecced6842de9dc98b5da9cd?s=96&d=mm&r=g\",\"url\":\"https:\\\/\\\/secure.gravatar.com\\\/avatar\\\/b2a6f664a3ae8e074346ef91775736c5ec479e637ecced6842de9dc98b5da9cd?s=96&d=mm&r=g\",\"contentUrl\":\"https:\\\/\\\/secure.gravatar.com\\\/avatar\\\/b2a6f664a3ae8e074346ef91775736c5ec479e637ecced6842de9dc98b5da9cd?s=96&d=mm&r=g\",\"caption\":\"ccortez\"},\"url\":\"https:\\\/\\\/www.uartes.edu.ec\\\/sitio\\\/en\\\/blog\\\/author\\\/ccortez\\\/\"}]}<\/script>\n<!-- \/ Yoast SEO plugin. -->","yoast_head_json":{"title":"Universidad de las Artes - Talento y preparaci\u00f3n, en conciertos de Jhon Yanqui y Ronnie Hidalgo","description":"Universidad de las Artes - Talento y preparaci\u00f3n, en conciertos de Jhon Yanqui y Ronnie Hidalgo","robots":{"index":"index","follow":"follow","max-snippet":"max-snippet:-1","max-image-preview":"max-image-preview:large","max-video-preview":"max-video-preview:-1"},"canonical":"https:\/\/www.uartes.edu.ec\/sitio\/en\/blog\/2021\/09\/16\/talento-y-preparacion-claves-en-conciertos-de-grado-de-jhon-yanqui-y-ronnie-hidalgo\/","og_locale":"en_US","og_type":"article","og_title":"Universidad de las Artes - Talento y preparaci\u00f3n, en conciertos de Jhon Yanqui y Ronnie Hidalgo","og_description":"Universidad de las Artes - Talento y preparaci\u00f3n, en conciertos de Jhon Yanqui y Ronnie Hidalgo","og_url":"https:\/\/www.uartes.edu.ec\/sitio\/en\/blog\/2021\/09\/16\/talento-y-preparacion-claves-en-conciertos-de-grado-de-jhon-yanqui-y-ronnie-hidalgo\/","og_site_name":"Universidad de las Artes","article_publisher":"https:\/\/www.facebook.com\/uartesec","article_published_time":"2021-09-16T20:00:00+00:00","article_modified_time":"2024-07-04T16:25:33+00:00","og_image":[{"width":2000,"height":1333,"url":"https:\/\/www.uartes.edu.ec\/sitio\/wp-content\/uploads\/2021\/09\/CONGRADO1.webp","type":"image\/webp"}],"author":"ccortez","twitter_card":"summary_large_image","twitter_creator":"@uartesec","twitter_site":"@uartesec","twitter_misc":{"Written by":"ccortez","Est. reading time":"6 minutes"},"schema":{"@context":"https:\/\/schema.org","@graph":[{"@type":"Article","@id":"https:\/\/www.uartes.edu.ec\/sitio\/en\/blog\/2021\/09\/16\/talento-y-preparacion-claves-en-conciertos-de-grado-de-jhon-yanqui-y-ronnie-hidalgo\/#article","isPartOf":{"@id":"https:\/\/www.uartes.edu.ec\/sitio\/en\/blog\/2021\/09\/16\/talento-y-preparacion-claves-en-conciertos-de-grado-de-jhon-yanqui-y-ronnie-hidalgo\/"},"author":{"name":"ccortez","@id":"https:\/\/www.uartes.edu.ec\/sitio\/en\/#\/schema\/person\/efa1b8275797664fd7f13a79ccc0b1f4"},"headline":"Talento y preparaci\u00f3n, en conciertos de Jhon Yanqui y Ronnie Hidalgo","datePublished":"2021-09-16T20:00:00+00:00","dateModified":"2024-07-04T16:25:33+00:00","mainEntityOfPage":{"@id":"https:\/\/www.uartes.edu.ec\/sitio\/en\/blog\/2021\/09\/16\/talento-y-preparacion-claves-en-conciertos-de-grado-de-jhon-yanqui-y-ronnie-hidalgo\/"},"wordCount":1149,"commentCount":0,"publisher":{"@id":"https:\/\/www.uartes.edu.ec\/sitio\/en\/#organization"},"image":{"@id":"https:\/\/www.uartes.edu.ec\/sitio\/en\/blog\/2021\/09\/16\/talento-y-preparacion-claves-en-conciertos-de-grado-de-jhon-yanqui-y-ronnie-hidalgo\/#primaryimage"},"thumbnailUrl":"https:\/\/www.uartes.edu.ec\/sitio\/wp-content\/uploads\/2021\/09\/CONGRADO1.webp","keywords":["investigaci\u00f3n"],"articleSection":["Acad\u00e9mico","Artes Sonoras","Estudiantes","Investigaci\u00f3n"],"inLanguage":"en-US","potentialAction":[{"@type":"CommentAction","name":"Comment","target":["https:\/\/www.uartes.edu.ec\/sitio\/en\/blog\/2021\/09\/16\/talento-y-preparacion-claves-en-conciertos-de-grado-de-jhon-yanqui-y-ronnie-hidalgo\/#respond"]}]},{"@type":["WebPage","ItemPage"],"@id":"https:\/\/www.uartes.edu.ec\/sitio\/en\/blog\/2021\/09\/16\/talento-y-preparacion-claves-en-conciertos-de-grado-de-jhon-yanqui-y-ronnie-hidalgo\/","url":"https:\/\/www.uartes.edu.ec\/sitio\/en\/blog\/2021\/09\/16\/talento-y-preparacion-claves-en-conciertos-de-grado-de-jhon-yanqui-y-ronnie-hidalgo\/","name":"Universidad de las Artes - Talento y preparaci\u00f3n, en conciertos de Jhon Yanqui y Ronnie Hidalgo","isPartOf":{"@id":"https:\/\/www.uartes.edu.ec\/sitio\/en\/#website"},"primaryImageOfPage":{"@id":"https:\/\/www.uartes.edu.ec\/sitio\/en\/blog\/2021\/09\/16\/talento-y-preparacion-claves-en-conciertos-de-grado-de-jhon-yanqui-y-ronnie-hidalgo\/#primaryimage"},"image":{"@id":"https:\/\/www.uartes.edu.ec\/sitio\/en\/blog\/2021\/09\/16\/talento-y-preparacion-claves-en-conciertos-de-grado-de-jhon-yanqui-y-ronnie-hidalgo\/#primaryimage"},"thumbnailUrl":"https:\/\/www.uartes.edu.ec\/sitio\/wp-content\/uploads\/2021\/09\/CONGRADO1.webp","datePublished":"2021-09-16T20:00:00+00:00","dateModified":"2024-07-04T16:25:33+00:00","description":"Universidad de las Artes - Talento y preparaci\u00f3n, en conciertos de Jhon Yanqui y Ronnie Hidalgo","breadcrumb":{"@id":"https:\/\/www.uartes.edu.ec\/sitio\/en\/blog\/2021\/09\/16\/talento-y-preparacion-claves-en-conciertos-de-grado-de-jhon-yanqui-y-ronnie-hidalgo\/#breadcrumb"},"inLanguage":"en-US","potentialAction":[{"@type":"ReadAction","target":["https:\/\/www.uartes.edu.ec\/sitio\/en\/blog\/2021\/09\/16\/talento-y-preparacion-claves-en-conciertos-de-grado-de-jhon-yanqui-y-ronnie-hidalgo\/"]}]},{"@type":"ImageObject","inLanguage":"en-US","@id":"https:\/\/www.uartes.edu.ec\/sitio\/en\/blog\/2021\/09\/16\/talento-y-preparacion-claves-en-conciertos-de-grado-de-jhon-yanqui-y-ronnie-hidalgo\/#primaryimage","url":"https:\/\/www.uartes.edu.ec\/sitio\/wp-content\/uploads\/2021\/09\/CONGRADO1.webp","contentUrl":"https:\/\/www.uartes.edu.ec\/sitio\/wp-content\/uploads\/2021\/09\/CONGRADO1.webp","width":2000,"height":1333},{"@type":"BreadcrumbList","@id":"https:\/\/www.uartes.edu.ec\/sitio\/en\/blog\/2021\/09\/16\/talento-y-preparacion-claves-en-conciertos-de-grado-de-jhon-yanqui-y-ronnie-hidalgo\/#breadcrumb","itemListElement":[{"@type":"ListItem","position":1,"name":"Inicio","item":"https:\/\/www.uartes.edu.ec\/sitio\/"},{"@type":"ListItem","position":2,"name":"Talento y preparaci\u00f3n, en conciertos de Jhon Yanqui y Ronnie Hidalgo"}]},{"@type":"WebSite","@id":"https:\/\/www.uartes.edu.ec\/sitio\/en\/#website","url":"https:\/\/www.uartes.edu.ec\/sitio\/en\/","name":"Universidad de las Artes","description":"Sitio oficial de la Universidad Nacional de las Artes del Ecuador","publisher":{"@id":"https:\/\/www.uartes.edu.ec\/sitio\/en\/#organization"},"potentialAction":[{"@type":"SearchAction","target":{"@type":"EntryPoint","urlTemplate":"https:\/\/www.uartes.edu.ec\/sitio\/en\/?s={search_term_string}"},"query-input":{"@type":"PropertyValueSpecification","valueRequired":true,"valueName":"search_term_string"}}],"inLanguage":"en-US"},{"@type":"Organization","@id":"https:\/\/www.uartes.edu.ec\/sitio\/en\/#organization","name":"Universidad de las Artes","url":"https:\/\/www.uartes.edu.ec\/sitio\/en\/","logo":{"@type":"ImageObject","inLanguage":"en-US","@id":"https:\/\/www.uartes.edu.ec\/sitio\/en\/#\/schema\/logo\/image\/","url":"https:\/\/www.uartes.edu.ec\/sitio\/wp-content\/uploads\/2022\/07\/logo-ua-horizontal.png","contentUrl":"https:\/\/www.uartes.edu.ec\/sitio\/wp-content\/uploads\/2022\/07\/logo-ua-horizontal.png","width":800,"height":276,"caption":"Universidad de las Artes"},"image":{"@id":"https:\/\/www.uartes.edu.ec\/sitio\/en\/#\/schema\/logo\/image\/"},"sameAs":["https:\/\/www.facebook.com\/uartesec","https:\/\/x.com\/uartesec","https:\/\/www.tiktok.com\/@uartesec"]},{"@type":"Person","@id":"https:\/\/www.uartes.edu.ec\/sitio\/en\/#\/schema\/person\/efa1b8275797664fd7f13a79ccc0b1f4","name":"ccortez","image":{"@type":"ImageObject","inLanguage":"en-US","@id":"https:\/\/secure.gravatar.com\/avatar\/b2a6f664a3ae8e074346ef91775736c5ec479e637ecced6842de9dc98b5da9cd?s=96&d=mm&r=g","url":"https:\/\/secure.gravatar.com\/avatar\/b2a6f664a3ae8e074346ef91775736c5ec479e637ecced6842de9dc98b5da9cd?s=96&d=mm&r=g","contentUrl":"https:\/\/secure.gravatar.com\/avatar\/b2a6f664a3ae8e074346ef91775736c5ec479e637ecced6842de9dc98b5da9cd?s=96&d=mm&r=g","caption":"ccortez"},"url":"https:\/\/www.uartes.edu.ec\/sitio\/en\/blog\/author\/ccortez\/"}]}},"uagb_featured_image_src":{"full":["https:\/\/www.uartes.edu.ec\/sitio\/wp-content\/uploads\/2021\/09\/CONGRADO1.webp",2000,1333,false],"thumbnail":["https:\/\/www.uartes.edu.ec\/sitio\/wp-content\/uploads\/2021\/09\/CONGRADO1.webp",150,100,false],"medium":["https:\/\/www.uartes.edu.ec\/sitio\/wp-content\/uploads\/2021\/09\/CONGRADO1.webp",300,200,false],"medium_large":["https:\/\/www.uartes.edu.ec\/sitio\/wp-content\/uploads\/2021\/09\/CONGRADO1.webp",768,512,false],"large":["https:\/\/www.uartes.edu.ec\/sitio\/wp-content\/uploads\/2021\/09\/CONGRADO1.webp",644,429,false],"1536x1536":["https:\/\/www.uartes.edu.ec\/sitio\/wp-content\/uploads\/2021\/09\/CONGRADO1.webp",1536,1024,false],"2048x2048":["https:\/\/www.uartes.edu.ec\/sitio\/wp-content\/uploads\/2021\/09\/CONGRADO1.webp",2000,1333,false],"trp-custom-language-flag":["https:\/\/www.uartes.edu.ec\/sitio\/wp-content\/uploads\/2021\/09\/CONGRADO1.webp",18,12,false],"htmega_size_585x295":["https:\/\/www.uartes.edu.ec\/sitio\/wp-content\/uploads\/2021\/09\/CONGRADO1.webp",443,295,false],"htmega_size_1170x536":["https:\/\/www.uartes.edu.ec\/sitio\/wp-content\/uploads\/2021\/09\/CONGRADO1.webp",804,536,false],"htmega_size_396x360":["https:\/\/www.uartes.edu.ec\/sitio\/wp-content\/uploads\/2021\/09\/CONGRADO1.webp",396,264,false],"gb-block-post-grid-landscape":["https:\/\/www.uartes.edu.ec\/sitio\/wp-content\/uploads\/2021\/09\/CONGRADO1.webp",600,400,false],"gb-block-post-grid-square":["https:\/\/www.uartes.edu.ec\/sitio\/wp-content\/uploads\/2021\/09\/CONGRADO1.webp",600,400,false],"university-hub-thumb":["https:\/\/www.uartes.edu.ec\/sitio\/wp-content\/uploads\/2021\/09\/CONGRADO1.webp",400,267,false],"mailpoet_newsletter_max":["https:\/\/www.uartes.edu.ec\/sitio\/wp-content\/uploads\/2021\/09\/CONGRADO1.webp",1320,880,false]},"uagb_author_info":{"display_name":"ccortez","author_link":"https:\/\/www.uartes.edu.ec\/sitio\/en\/blog\/author\/ccortez\/"},"uagb_comment_info":0,"uagb_excerpt":"Cinco estudiantes de la carrera de Artes Musicales y Sonoras de la Universidad de las Artes ofrecieron entre el martes 14 de septiembre y ayer, mi\u00e9rcoles 15, sus conciertos de graduaci\u00f3n. Estos se desarrollaron en modalidad virtual, a trav\u00e9s del Facebook Live de la Escuela de Artes Sonoras de la UArtes. En el primer d\u00eda&hellip;","featured_image_src":"https:\/\/www.uartes.edu.ec\/sitio\/wp-content\/uploads\/2021\/09\/CONGRADO1.webp","featured_image_src_square":"https:\/\/www.uartes.edu.ec\/sitio\/wp-content\/uploads\/2021\/09\/CONGRADO1.webp","author_info":{"display_name":"ccortez","author_link":"https:\/\/www.uartes.edu.ec\/sitio\/en\/blog\/author\/ccortez\/"},"publishpress_future_workflow_manual_trigger":{"enabledWorkflows":[]},"distributor_meta":false,"distributor_terms":false,"distributor_media":false,"distributor_original_site_name":"Universidad de las Artes","distributor_original_site_url":"https:\/\/www.uartes.edu.ec\/sitio\/en","push-errors":false,"_links":{"self":[{"href":"https:\/\/www.uartes.edu.ec\/sitio\/en\/wp-json\/wp\/v2\/posts\/16033","targetHints":{"allow":["GET"]}}],"collection":[{"href":"https:\/\/www.uartes.edu.ec\/sitio\/en\/wp-json\/wp\/v2\/posts"}],"about":[{"href":"https:\/\/www.uartes.edu.ec\/sitio\/en\/wp-json\/wp\/v2\/types\/post"}],"author":[{"embeddable":true,"href":"https:\/\/www.uartes.edu.ec\/sitio\/en\/wp-json\/wp\/v2\/users\/10"}],"replies":[{"embeddable":true,"href":"https:\/\/www.uartes.edu.ec\/sitio\/en\/wp-json\/wp\/v2\/comments?post=16033"}],"version-history":[{"count":5,"href":"https:\/\/www.uartes.edu.ec\/sitio\/en\/wp-json\/wp\/v2\/posts\/16033\/revisions"}],"predecessor-version":[{"id":43955,"href":"https:\/\/www.uartes.edu.ec\/sitio\/en\/wp-json\/wp\/v2\/posts\/16033\/revisions\/43955"}],"wp:featuredmedia":[{"embeddable":true,"href":"https:\/\/www.uartes.edu.ec\/sitio\/en\/wp-json\/wp\/v2\/media\/16034"}],"wp:attachment":[{"href":"https:\/\/www.uartes.edu.ec\/sitio\/en\/wp-json\/wp\/v2\/media?parent=16033"}],"wp:term":[{"taxonomy":"category","embeddable":true,"href":"https:\/\/www.uartes.edu.ec\/sitio\/en\/wp-json\/wp\/v2\/categories?post=16033"},{"taxonomy":"post_tag","embeddable":true,"href":"https:\/\/www.uartes.edu.ec\/sitio\/en\/wp-json\/wp\/v2\/tags?post=16033"},{"taxonomy":"infouartes","embeddable":true,"href":"https:\/\/www.uartes.edu.ec\/sitio\/en\/wp-json\/wp\/v2\/infouartes?post=16033"}],"curies":[{"name":"wp","href":"https:\/\/api.w.org\/{rel}","templated":true}]}}