{"id":16046,"date":"2021-09-17T21:30:00","date_gmt":"2021-09-18T02:30:00","guid":{"rendered":"http:\/\/www.uartes.edu.ec\/sitio\/?p=16046"},"modified":"2024-07-04T11:25:33","modified_gmt":"2024-07-04T16:25:33","slug":"ybelice-briceno-participara-en-el-seminario-catedra-politicas-y-esteticas-de-la-memoria","status":"publish","type":"post","link":"https:\/\/www.uartes.edu.ec\/sitio\/en\/blog\/2021\/09\/17\/ybelice-briceno-participara-en-el-seminario-catedra-politicas-y-esteticas-de-la-memoria\/","title":{"rendered":"Ybelice Brice\u00f1o participar\u00e1 en el Seminario C\u00e1tedra Pol\u00edticas y Est\u00e9ticas de la Memoria"},"content":{"rendered":"<p><em>En la cita online, organizada por el Museo Nacional Centro de Arte Reina Sof\u00eda, la docente de la UArtes moderar\u00e1 mesa en la que se dialogar\u00e1 sobre los \u201cTrans\/feminismos hoy: conquistas y desaf\u00edos\u201d; ser\u00e1 el jueves 23, a las 11:00 (hora de Ecuador).<\/em><\/p>\n\n\n\n<p>A transitar desde las violencias y los miedos hacia la comunidad de los afectos (\u201cser afectado por\u201d y \u201cafectar a\u201d), recurriendo al activismo social, la creaci\u00f3n art\u00edstica y el pensamiento cr\u00edtico para cruzar sensibilidad, lenguaje, cuerpos, imaginaci\u00f3n y pol\u00edtica. Esa es la invitaci\u00f3n que desde el Seminario&nbsp;Internacional C\u00e1tedra Pol\u00edticas y Est\u00e9ticas de la Memoria se hace para justamente abordar la tem\u00e1tica \u201cViolencias, Miedos y Afectos\u201d.<\/p>\n\n\n\n<p>Organizada por el Museo Nacional Centro de Arte Reina Sof\u00eda, la cita se realizar\u00e1 en modalidad online del 20 al 24 de septiembre de 2021. Acorde a la informaci\u00f3n de su sitio web, ser\u00e1n tres las mesas de di\u00e1logo establecidas y habr\u00e1 una conferencia de inauguraci\u00f3n y otra de clausura.<\/p>\n\n\n\n<p>En la Mesa 3, con el tema \u201cTrans\/feminismos hoy: conquistas y desaf\u00edos\u201d, intervendr\u00e1 como moderadora la docente de la Universidad de las Artes Ybelice Brice\u00f1o, quien compartir\u00e1 panel con Ver\u00f3nica Gago, de Argentina; Clara Serra, de Espa\u00f1a; y, Elisa Fuenzalida, de Per\u00fa. Ser\u00e1 el jueves 23, a las 11:00 (hora de Ecuador).&nbsp;<\/p>\n\n\n\n<p>De \u201cTrans\/feminismos hoy: conquistas y desaf\u00edos\u201d, en el sitio web del seminario se indica que \u201cla potencia feminista (teor\u00eda y pr\u00e1ctica) ha sido clave para descifrar los nudos que amarran, de modo socio-estructural, el capitalismo y el patriarcado, reivindicando el g\u00e9nero como categor\u00eda anal\u00edtica. Tambi\u00e9n ha desplegado su fuerza colectiva generando formas cambiantes de intervenci\u00f3n: marchas, protestas, huelgas, asambleas, redes sociales, performances, etc.\u201d. As\u00ed tambi\u00e9n plantea una interrogante a desarrollar: \u00bfCu\u00e1les son los nuevos desaf\u00edos que enfrenta hoy el proyecto feminista para expandir y consolidar transversalmente sus conquistas?<\/p>\n\n\n\n<p>Igualmente en <a href=\"http:\/\/www.museoreinasofia.es\">www.museoreinasofia.es<\/a> se exponen las razones por las cuales el Seminario&nbsp;Internacional C\u00e1tedra Pol\u00edticas y Est\u00e9ticas de la Memoria aborda la tem\u00e1tica \u201cViolencias, Miedos y Afectos\u201d: La crisis sanitaria que afecta al planeta junto con el descalabro econ\u00f3mico y social que ha ocasionado, han dejado marcas imborrables en las vidas cotidianas, en los cuerpos que las habitan precariamente y en los circuitos de intercambios econ\u00f3micos y comerciales del capitalismo neoliberal que se han visto bruscamente frenados o interrumpidos. La pandemia, al instaurar cuarentenas que aislaron individuos y vaciaron ciudades, cre\u00f3 un escenario propicio para disciplinar a poblaciones enteras coloc\u00e1ndolas bajo vigilancia. Entre medio, se ha puesto de manifiesto la cara m\u00e1s vulnerable de aquellas existencias que sobreviven en la m\u00e1xima indefensi\u00f3n por la falta de recursos y derechos.&nbsp;&nbsp;&nbsp;&nbsp;&nbsp;&nbsp;&nbsp;&nbsp;<\/p>\n\n\n\n<p>La pandemia ha hecho estallar todas las violencias que la crueldad del sistema de dominaci\u00f3n capitalista aplica a aquellos sujetos juzgados como inservibles o descartables. Adem\u00e1s, ha difundido temores y activado miedos primarios que, en el contexto global de democracias fr\u00e1giles o viciadas, son utilizados por las derechas y ultraderechas para dirigir sus campa\u00f1as neofascistas contra quienes luchan por la emancipaci\u00f3n de los cuerpos y las mentes.&nbsp;<\/p>\n\n\n\n<p>Lo sabemos: el neoliberalismo no es solo una doctrina econ\u00f3mica ni un conjunto de t\u00e9cnicas de gobernanza, sino un r\u00e9gimen de los signos que captura las subjetividades en un dise\u00f1o de competencias profesionales y de gratificaciones publicitarias que promueven el individualismo del rendimiento y del consumo, rompiendo todos los v\u00ednculos comunitarios. La potencia feminista y sus organizaciones de mujeres han demostrado saber c\u00f3mo recrear los v\u00ednculos micropol\u00edticos que van desde las luchas colectivas de denuncia de la violencia sexual hasta la defensa de una \u00e9tica solidaria de los cuidados.&nbsp;&nbsp;<\/p>\n\n\n\n<p>En la jornada inaugural, del lunes 20, Suely Rolnik, de Brasil, dar\u00e1 la conferencia \u201c\u00bfC\u00f3mo liberar la subjetividad del cautiverio colonial-racializante-capital\u00edstico?\u201d. Presentaci\u00f3n y conversaci\u00f3n:&nbsp;Nelly Richard (Chile\/Espa\u00f1a)<\/p>\n\n\n\n<p>El martes 21, la Mesa 1 tratar\u00e1 sobre \u201cReconfigurar lo sensible\u201d. Participar\u00e1n:&nbsp;Gabriel Gatti&nbsp;(Uruguay\/Espa\u00f1a), Marina Garc\u00e9s (Espa\u00f1a) y Luis Ignacio Garc\u00eda (Argentina)<br>Moderar\u00e1:&nbsp;Janaina Carrer (Brasil)<\/p>\n\n\n\n<p>El mi\u00e9rcoles 22, en la Mesa 2, \u201cViolencia pol\u00edtica y conflictos de la memoria\u00b7. Participar\u00e1n:&nbsp;Ileana Di\u00e9guez (Cuba\/M\u00e9xico), Juan Guti\u00e9rrez (Espa\u00f1a) y Teresa Villar\u00f3s (Espa\u00f1a). Moderar\u00e1:&nbsp;Jos\u00e9 Miguel Neira (Chile)<\/p>\n\n\n\n<p>El viernes 24, la conferencia de clausura ser\u00e1 \u201cSignos barrocos\u201d, a cargo de Diamela Eltit (Chile). Presentaci\u00f3n y conversaci\u00f3n:&nbsp;Ana Longoni (Argentina)<\/p>\n\n\n\n<p>M\u00e1s informaci\u00f3n en el link:<br><a href=\"https:\/\/www.museoreinasofia.es\/actividades\/catedra-politicas-esteticas-memoria-2021\">https:\/\/www.museoreinasofia.es\/actividades\/catedra-politicas-esteticas-memoria-2021<\/a>&nbsp;<\/p>","protected":false},"excerpt":{"rendered":"<p>En la cita online, organizada por el Museo Nacional Centro de Arte Reina Sof\u00eda, la docente de la UArtes moderar\u00e1 mesa en la que se dialogar\u00e1 sobre los \u201cTrans\/feminismos hoy: conquistas y desaf\u00edos\u201d; ser\u00e1 el jueves 23, a las 11:00 (hora de Ecuador). <\/p>","protected":false},"author":10,"featured_media":16047,"comment_status":"open","ping_status":"open","sticky":false,"template":"","format":"standard","meta":{"_acf_changed":false,"_uag_custom_page_level_css":"","_monsterinsights_skip_tracking":false,"_monsterinsights_sitenote_active":false,"_monsterinsights_sitenote_note":"","_monsterinsights_sitenote_category":0,"cybocfi_hide_featured_image":"","footnotes":""},"categories":[80,75,76,284],"tags":[58],"infouartes":[],"class_list":["post-16046","post","type-post","status-publish","format-standard","has-post-thumbnail","hentry","category-academico","category-docentes","category-estudiantes","category-investigacion","tag-investigacion"],"acf":[],"yoast_head":"<!-- This site is optimized with the Yoast SEO plugin v27.4 - https:\/\/yoast.com\/product\/yoast-seo-wordpress\/ -->\n<title>Universidad de las Artes - Ybelice Brice\u00f1o participar\u00e1 en el Seminario C\u00e1tedra Pol\u00edticas y Est\u00e9ticas de la Memoria<\/title>\n<meta name=\"description\" content=\"Universidad de las Artes - Ybelice Brice\u00f1o participar\u00e1 en el Seminario C\u00e1tedra Pol\u00edticas y Est\u00e9ticas de la Memoria\" \/>\n<meta name=\"robots\" content=\"index, follow, max-snippet:-1, max-image-preview:large, max-video-preview:-1\" \/>\n<link rel=\"canonical\" href=\"https:\/\/www.uartes.edu.ec\/sitio\/en\/blog\/2021\/09\/17\/ybelice-briceno-participara-en-el-seminario-catedra-politicas-y-esteticas-de-la-memoria\/\" \/>\n<meta property=\"og:locale\" content=\"en_US\" \/>\n<meta property=\"og:type\" content=\"article\" \/>\n<meta property=\"og:title\" content=\"Universidad de las Artes - Ybelice Brice\u00f1o participar\u00e1 en el Seminario C\u00e1tedra Pol\u00edticas y Est\u00e9ticas de la Memoria\" \/>\n<meta property=\"og:description\" content=\"Universidad de las Artes - Ybelice Brice\u00f1o participar\u00e1 en el Seminario C\u00e1tedra Pol\u00edticas y Est\u00e9ticas de la Memoria\" \/>\n<meta property=\"og:url\" content=\"https:\/\/www.uartes.edu.ec\/sitio\/en\/blog\/2021\/09\/17\/ybelice-briceno-participara-en-el-seminario-catedra-politicas-y-esteticas-de-la-memoria\/\" \/>\n<meta property=\"og:site_name\" content=\"Universidad de las Artes\" \/>\n<meta property=\"article:publisher\" content=\"https:\/\/www.facebook.com\/uartesec\" \/>\n<meta property=\"article:published_time\" content=\"2021-09-18T02:30:00+00:00\" \/>\n<meta property=\"article:modified_time\" content=\"2024-07-04T16:25:33+00:00\" \/>\n<meta property=\"og:image\" content=\"https:\/\/www.uartes.edu.ec\/sitio\/wp-content\/uploads\/2021\/09\/YBELICE1.webp\" \/>\n\t<meta property=\"og:image:width\" content=\"2000\" \/>\n\t<meta property=\"og:image:height\" content=\"1333\" \/>\n\t<meta property=\"og:image:type\" content=\"image\/webp\" \/>\n<meta name=\"author\" content=\"ccortez\" \/>\n<meta name=\"twitter:card\" content=\"summary_large_image\" \/>\n<meta name=\"twitter:creator\" content=\"@uartesec\" \/>\n<meta name=\"twitter:site\" content=\"@uartesec\" \/>\n<meta name=\"twitter:label1\" content=\"Written by\" \/>\n\t<meta name=\"twitter:data1\" content=\"ccortez\" \/>\n\t<meta name=\"twitter:label2\" content=\"Est. reading time\" \/>\n\t<meta name=\"twitter:data2\" content=\"4 minutes\" \/>\n<script type=\"application\/ld+json\" class=\"yoast-schema-graph\">{\"@context\":\"https:\\\/\\\/schema.org\",\"@graph\":[{\"@type\":\"Article\",\"@id\":\"https:\\\/\\\/www.uartes.edu.ec\\\/sitio\\\/en\\\/blog\\\/2021\\\/09\\\/17\\\/ybelice-briceno-participara-en-el-seminario-catedra-politicas-y-esteticas-de-la-memoria\\\/#article\",\"isPartOf\":{\"@id\":\"https:\\\/\\\/www.uartes.edu.ec\\\/sitio\\\/en\\\/blog\\\/2021\\\/09\\\/17\\\/ybelice-briceno-participara-en-el-seminario-catedra-politicas-y-esteticas-de-la-memoria\\\/\"},\"author\":{\"name\":\"ccortez\",\"@id\":\"https:\\\/\\\/www.uartes.edu.ec\\\/sitio\\\/en\\\/#\\\/schema\\\/person\\\/efa1b8275797664fd7f13a79ccc0b1f4\"},\"headline\":\"Ybelice Brice\u00f1o participar\u00e1 en el Seminario C\u00e1tedra Pol\u00edticas y Est\u00e9ticas de la Memoria\",\"datePublished\":\"2021-09-18T02:30:00+00:00\",\"dateModified\":\"2024-07-04T16:25:33+00:00\",\"mainEntityOfPage\":{\"@id\":\"https:\\\/\\\/www.uartes.edu.ec\\\/sitio\\\/en\\\/blog\\\/2021\\\/09\\\/17\\\/ybelice-briceno-participara-en-el-seminario-catedra-politicas-y-esteticas-de-la-memoria\\\/\"},\"wordCount\":812,\"commentCount\":0,\"publisher\":{\"@id\":\"https:\\\/\\\/www.uartes.edu.ec\\\/sitio\\\/en\\\/#organization\"},\"image\":{\"@id\":\"https:\\\/\\\/www.uartes.edu.ec\\\/sitio\\\/en\\\/blog\\\/2021\\\/09\\\/17\\\/ybelice-briceno-participara-en-el-seminario-catedra-politicas-y-esteticas-de-la-memoria\\\/#primaryimage\"},\"thumbnailUrl\":\"https:\\\/\\\/www.uartes.edu.ec\\\/sitio\\\/wp-content\\\/uploads\\\/2021\\\/09\\\/YBELICE1.webp\",\"keywords\":[\"investigaci\u00f3n\"],\"articleSection\":[\"Acad\u00e9mico\",\"Docentes\",\"Estudiantes\",\"Investigaci\u00f3n\"],\"inLanguage\":\"en-US\",\"potentialAction\":[{\"@type\":\"CommentAction\",\"name\":\"Comment\",\"target\":[\"https:\\\/\\\/www.uartes.edu.ec\\\/sitio\\\/en\\\/blog\\\/2021\\\/09\\\/17\\\/ybelice-briceno-participara-en-el-seminario-catedra-politicas-y-esteticas-de-la-memoria\\\/#respond\"]}]},{\"@type\":[\"WebPage\",\"ItemPage\"],\"@id\":\"https:\\\/\\\/www.uartes.edu.ec\\\/sitio\\\/en\\\/blog\\\/2021\\\/09\\\/17\\\/ybelice-briceno-participara-en-el-seminario-catedra-politicas-y-esteticas-de-la-memoria\\\/\",\"url\":\"https:\\\/\\\/www.uartes.edu.ec\\\/sitio\\\/en\\\/blog\\\/2021\\\/09\\\/17\\\/ybelice-briceno-participara-en-el-seminario-catedra-politicas-y-esteticas-de-la-memoria\\\/\",\"name\":\"Universidad de las Artes - Ybelice Brice\u00f1o participar\u00e1 en el Seminario C\u00e1tedra Pol\u00edticas y Est\u00e9ticas de la Memoria\",\"isPartOf\":{\"@id\":\"https:\\\/\\\/www.uartes.edu.ec\\\/sitio\\\/en\\\/#website\"},\"primaryImageOfPage\":{\"@id\":\"https:\\\/\\\/www.uartes.edu.ec\\\/sitio\\\/en\\\/blog\\\/2021\\\/09\\\/17\\\/ybelice-briceno-participara-en-el-seminario-catedra-politicas-y-esteticas-de-la-memoria\\\/#primaryimage\"},\"image\":{\"@id\":\"https:\\\/\\\/www.uartes.edu.ec\\\/sitio\\\/en\\\/blog\\\/2021\\\/09\\\/17\\\/ybelice-briceno-participara-en-el-seminario-catedra-politicas-y-esteticas-de-la-memoria\\\/#primaryimage\"},\"thumbnailUrl\":\"https:\\\/\\\/www.uartes.edu.ec\\\/sitio\\\/wp-content\\\/uploads\\\/2021\\\/09\\\/YBELICE1.webp\",\"datePublished\":\"2021-09-18T02:30:00+00:00\",\"dateModified\":\"2024-07-04T16:25:33+00:00\",\"description\":\"Universidad de las Artes - Ybelice Brice\u00f1o participar\u00e1 en el Seminario C\u00e1tedra Pol\u00edticas y Est\u00e9ticas de la Memoria\",\"breadcrumb\":{\"@id\":\"https:\\\/\\\/www.uartes.edu.ec\\\/sitio\\\/en\\\/blog\\\/2021\\\/09\\\/17\\\/ybelice-briceno-participara-en-el-seminario-catedra-politicas-y-esteticas-de-la-memoria\\\/#breadcrumb\"},\"inLanguage\":\"en-US\",\"potentialAction\":[{\"@type\":\"ReadAction\",\"target\":[\"https:\\\/\\\/www.uartes.edu.ec\\\/sitio\\\/en\\\/blog\\\/2021\\\/09\\\/17\\\/ybelice-briceno-participara-en-el-seminario-catedra-politicas-y-esteticas-de-la-memoria\\\/\"]}]},{\"@type\":\"ImageObject\",\"inLanguage\":\"en-US\",\"@id\":\"https:\\\/\\\/www.uartes.edu.ec\\\/sitio\\\/en\\\/blog\\\/2021\\\/09\\\/17\\\/ybelice-briceno-participara-en-el-seminario-catedra-politicas-y-esteticas-de-la-memoria\\\/#primaryimage\",\"url\":\"https:\\\/\\\/www.uartes.edu.ec\\\/sitio\\\/wp-content\\\/uploads\\\/2021\\\/09\\\/YBELICE1.webp\",\"contentUrl\":\"https:\\\/\\\/www.uartes.edu.ec\\\/sitio\\\/wp-content\\\/uploads\\\/2021\\\/09\\\/YBELICE1.webp\",\"width\":2000,\"height\":1333},{\"@type\":\"BreadcrumbList\",\"@id\":\"https:\\\/\\\/www.uartes.edu.ec\\\/sitio\\\/en\\\/blog\\\/2021\\\/09\\\/17\\\/ybelice-briceno-participara-en-el-seminario-catedra-politicas-y-esteticas-de-la-memoria\\\/#breadcrumb\",\"itemListElement\":[{\"@type\":\"ListItem\",\"position\":1,\"name\":\"Inicio\",\"item\":\"https:\\\/\\\/www.uartes.edu.ec\\\/sitio\\\/\"},{\"@type\":\"ListItem\",\"position\":2,\"name\":\"Ybelice Brice\u00f1o participar\u00e1 en el Seminario C\u00e1tedra Pol\u00edticas y Est\u00e9ticas de la Memoria\"}]},{\"@type\":\"WebSite\",\"@id\":\"https:\\\/\\\/www.uartes.edu.ec\\\/sitio\\\/en\\\/#website\",\"url\":\"https:\\\/\\\/www.uartes.edu.ec\\\/sitio\\\/en\\\/\",\"name\":\"Universidad de las Artes\",\"description\":\"Sitio oficial de la Universidad Nacional de las Artes del Ecuador\",\"publisher\":{\"@id\":\"https:\\\/\\\/www.uartes.edu.ec\\\/sitio\\\/en\\\/#organization\"},\"potentialAction\":[{\"@type\":\"SearchAction\",\"target\":{\"@type\":\"EntryPoint\",\"urlTemplate\":\"https:\\\/\\\/www.uartes.edu.ec\\\/sitio\\\/en\\\/?s={search_term_string}\"},\"query-input\":{\"@type\":\"PropertyValueSpecification\",\"valueRequired\":true,\"valueName\":\"search_term_string\"}}],\"inLanguage\":\"en-US\"},{\"@type\":\"Organization\",\"@id\":\"https:\\\/\\\/www.uartes.edu.ec\\\/sitio\\\/en\\\/#organization\",\"name\":\"Universidad de las Artes\",\"url\":\"https:\\\/\\\/www.uartes.edu.ec\\\/sitio\\\/en\\\/\",\"logo\":{\"@type\":\"ImageObject\",\"inLanguage\":\"en-US\",\"@id\":\"https:\\\/\\\/www.uartes.edu.ec\\\/sitio\\\/en\\\/#\\\/schema\\\/logo\\\/image\\\/\",\"url\":\"https:\\\/\\\/www.uartes.edu.ec\\\/sitio\\\/wp-content\\\/uploads\\\/2022\\\/07\\\/logo-ua-horizontal.png\",\"contentUrl\":\"https:\\\/\\\/www.uartes.edu.ec\\\/sitio\\\/wp-content\\\/uploads\\\/2022\\\/07\\\/logo-ua-horizontal.png\",\"width\":800,\"height\":276,\"caption\":\"Universidad de las Artes\"},\"image\":{\"@id\":\"https:\\\/\\\/www.uartes.edu.ec\\\/sitio\\\/en\\\/#\\\/schema\\\/logo\\\/image\\\/\"},\"sameAs\":[\"https:\\\/\\\/www.facebook.com\\\/uartesec\",\"https:\\\/\\\/x.com\\\/uartesec\",\"https:\\\/\\\/www.tiktok.com\\\/@uartesec\"]},{\"@type\":\"Person\",\"@id\":\"https:\\\/\\\/www.uartes.edu.ec\\\/sitio\\\/en\\\/#\\\/schema\\\/person\\\/efa1b8275797664fd7f13a79ccc0b1f4\",\"name\":\"ccortez\",\"image\":{\"@type\":\"ImageObject\",\"inLanguage\":\"en-US\",\"@id\":\"https:\\\/\\\/secure.gravatar.com\\\/avatar\\\/b2a6f664a3ae8e074346ef91775736c5ec479e637ecced6842de9dc98b5da9cd?s=96&d=mm&r=g\",\"url\":\"https:\\\/\\\/secure.gravatar.com\\\/avatar\\\/b2a6f664a3ae8e074346ef91775736c5ec479e637ecced6842de9dc98b5da9cd?s=96&d=mm&r=g\",\"contentUrl\":\"https:\\\/\\\/secure.gravatar.com\\\/avatar\\\/b2a6f664a3ae8e074346ef91775736c5ec479e637ecced6842de9dc98b5da9cd?s=96&d=mm&r=g\",\"caption\":\"ccortez\"},\"url\":\"https:\\\/\\\/www.uartes.edu.ec\\\/sitio\\\/en\\\/blog\\\/author\\\/ccortez\\\/\"}]}<\/script>\n<!-- \/ Yoast SEO plugin. -->","yoast_head_json":{"title":"Universidad de las Artes - Ybelice Brice\u00f1o participar\u00e1 en el Seminario C\u00e1tedra Pol\u00edticas y Est\u00e9ticas de la Memoria","description":"Universidad de las Artes - Ybelice Brice\u00f1o participar\u00e1 en el Seminario C\u00e1tedra Pol\u00edticas y Est\u00e9ticas de la Memoria","robots":{"index":"index","follow":"follow","max-snippet":"max-snippet:-1","max-image-preview":"max-image-preview:large","max-video-preview":"max-video-preview:-1"},"canonical":"https:\/\/www.uartes.edu.ec\/sitio\/en\/blog\/2021\/09\/17\/ybelice-briceno-participara-en-el-seminario-catedra-politicas-y-esteticas-de-la-memoria\/","og_locale":"en_US","og_type":"article","og_title":"Universidad de las Artes - Ybelice Brice\u00f1o participar\u00e1 en el Seminario C\u00e1tedra Pol\u00edticas y Est\u00e9ticas de la Memoria","og_description":"Universidad de las Artes - Ybelice Brice\u00f1o participar\u00e1 en el Seminario C\u00e1tedra Pol\u00edticas y Est\u00e9ticas de la Memoria","og_url":"https:\/\/www.uartes.edu.ec\/sitio\/en\/blog\/2021\/09\/17\/ybelice-briceno-participara-en-el-seminario-catedra-politicas-y-esteticas-de-la-memoria\/","og_site_name":"Universidad de las Artes","article_publisher":"https:\/\/www.facebook.com\/uartesec","article_published_time":"2021-09-18T02:30:00+00:00","article_modified_time":"2024-07-04T16:25:33+00:00","og_image":[{"width":2000,"height":1333,"url":"https:\/\/www.uartes.edu.ec\/sitio\/wp-content\/uploads\/2021\/09\/YBELICE1.webp","type":"image\/webp"}],"author":"ccortez","twitter_card":"summary_large_image","twitter_creator":"@uartesec","twitter_site":"@uartesec","twitter_misc":{"Written by":"ccortez","Est. reading time":"4 minutes"},"schema":{"@context":"https:\/\/schema.org","@graph":[{"@type":"Article","@id":"https:\/\/www.uartes.edu.ec\/sitio\/en\/blog\/2021\/09\/17\/ybelice-briceno-participara-en-el-seminario-catedra-politicas-y-esteticas-de-la-memoria\/#article","isPartOf":{"@id":"https:\/\/www.uartes.edu.ec\/sitio\/en\/blog\/2021\/09\/17\/ybelice-briceno-participara-en-el-seminario-catedra-politicas-y-esteticas-de-la-memoria\/"},"author":{"name":"ccortez","@id":"https:\/\/www.uartes.edu.ec\/sitio\/en\/#\/schema\/person\/efa1b8275797664fd7f13a79ccc0b1f4"},"headline":"Ybelice Brice\u00f1o participar\u00e1 en el Seminario C\u00e1tedra Pol\u00edticas y Est\u00e9ticas de la Memoria","datePublished":"2021-09-18T02:30:00+00:00","dateModified":"2024-07-04T16:25:33+00:00","mainEntityOfPage":{"@id":"https:\/\/www.uartes.edu.ec\/sitio\/en\/blog\/2021\/09\/17\/ybelice-briceno-participara-en-el-seminario-catedra-politicas-y-esteticas-de-la-memoria\/"},"wordCount":812,"commentCount":0,"publisher":{"@id":"https:\/\/www.uartes.edu.ec\/sitio\/en\/#organization"},"image":{"@id":"https:\/\/www.uartes.edu.ec\/sitio\/en\/blog\/2021\/09\/17\/ybelice-briceno-participara-en-el-seminario-catedra-politicas-y-esteticas-de-la-memoria\/#primaryimage"},"thumbnailUrl":"https:\/\/www.uartes.edu.ec\/sitio\/wp-content\/uploads\/2021\/09\/YBELICE1.webp","keywords":["investigaci\u00f3n"],"articleSection":["Acad\u00e9mico","Docentes","Estudiantes","Investigaci\u00f3n"],"inLanguage":"en-US","potentialAction":[{"@type":"CommentAction","name":"Comment","target":["https:\/\/www.uartes.edu.ec\/sitio\/en\/blog\/2021\/09\/17\/ybelice-briceno-participara-en-el-seminario-catedra-politicas-y-esteticas-de-la-memoria\/#respond"]}]},{"@type":["WebPage","ItemPage"],"@id":"https:\/\/www.uartes.edu.ec\/sitio\/en\/blog\/2021\/09\/17\/ybelice-briceno-participara-en-el-seminario-catedra-politicas-y-esteticas-de-la-memoria\/","url":"https:\/\/www.uartes.edu.ec\/sitio\/en\/blog\/2021\/09\/17\/ybelice-briceno-participara-en-el-seminario-catedra-politicas-y-esteticas-de-la-memoria\/","name":"Universidad de las Artes - Ybelice Brice\u00f1o participar\u00e1 en el Seminario C\u00e1tedra Pol\u00edticas y Est\u00e9ticas de la Memoria","isPartOf":{"@id":"https:\/\/www.uartes.edu.ec\/sitio\/en\/#website"},"primaryImageOfPage":{"@id":"https:\/\/www.uartes.edu.ec\/sitio\/en\/blog\/2021\/09\/17\/ybelice-briceno-participara-en-el-seminario-catedra-politicas-y-esteticas-de-la-memoria\/#primaryimage"},"image":{"@id":"https:\/\/www.uartes.edu.ec\/sitio\/en\/blog\/2021\/09\/17\/ybelice-briceno-participara-en-el-seminario-catedra-politicas-y-esteticas-de-la-memoria\/#primaryimage"},"thumbnailUrl":"https:\/\/www.uartes.edu.ec\/sitio\/wp-content\/uploads\/2021\/09\/YBELICE1.webp","datePublished":"2021-09-18T02:30:00+00:00","dateModified":"2024-07-04T16:25:33+00:00","description":"Universidad de las Artes - Ybelice Brice\u00f1o participar\u00e1 en el Seminario C\u00e1tedra Pol\u00edticas y Est\u00e9ticas de la Memoria","breadcrumb":{"@id":"https:\/\/www.uartes.edu.ec\/sitio\/en\/blog\/2021\/09\/17\/ybelice-briceno-participara-en-el-seminario-catedra-politicas-y-esteticas-de-la-memoria\/#breadcrumb"},"inLanguage":"en-US","potentialAction":[{"@type":"ReadAction","target":["https:\/\/www.uartes.edu.ec\/sitio\/en\/blog\/2021\/09\/17\/ybelice-briceno-participara-en-el-seminario-catedra-politicas-y-esteticas-de-la-memoria\/"]}]},{"@type":"ImageObject","inLanguage":"en-US","@id":"https:\/\/www.uartes.edu.ec\/sitio\/en\/blog\/2021\/09\/17\/ybelice-briceno-participara-en-el-seminario-catedra-politicas-y-esteticas-de-la-memoria\/#primaryimage","url":"https:\/\/www.uartes.edu.ec\/sitio\/wp-content\/uploads\/2021\/09\/YBELICE1.webp","contentUrl":"https:\/\/www.uartes.edu.ec\/sitio\/wp-content\/uploads\/2021\/09\/YBELICE1.webp","width":2000,"height":1333},{"@type":"BreadcrumbList","@id":"https:\/\/www.uartes.edu.ec\/sitio\/en\/blog\/2021\/09\/17\/ybelice-briceno-participara-en-el-seminario-catedra-politicas-y-esteticas-de-la-memoria\/#breadcrumb","itemListElement":[{"@type":"ListItem","position":1,"name":"Inicio","item":"https:\/\/www.uartes.edu.ec\/sitio\/"},{"@type":"ListItem","position":2,"name":"Ybelice Brice\u00f1o participar\u00e1 en el Seminario C\u00e1tedra Pol\u00edticas y Est\u00e9ticas de la Memoria"}]},{"@type":"WebSite","@id":"https:\/\/www.uartes.edu.ec\/sitio\/en\/#website","url":"https:\/\/www.uartes.edu.ec\/sitio\/en\/","name":"Universidad de las Artes","description":"Sitio oficial de la Universidad Nacional de las Artes del Ecuador","publisher":{"@id":"https:\/\/www.uartes.edu.ec\/sitio\/en\/#organization"},"potentialAction":[{"@type":"SearchAction","target":{"@type":"EntryPoint","urlTemplate":"https:\/\/www.uartes.edu.ec\/sitio\/en\/?s={search_term_string}"},"query-input":{"@type":"PropertyValueSpecification","valueRequired":true,"valueName":"search_term_string"}}],"inLanguage":"en-US"},{"@type":"Organization","@id":"https:\/\/www.uartes.edu.ec\/sitio\/en\/#organization","name":"Universidad de las Artes","url":"https:\/\/www.uartes.edu.ec\/sitio\/en\/","logo":{"@type":"ImageObject","inLanguage":"en-US","@id":"https:\/\/www.uartes.edu.ec\/sitio\/en\/#\/schema\/logo\/image\/","url":"https:\/\/www.uartes.edu.ec\/sitio\/wp-content\/uploads\/2022\/07\/logo-ua-horizontal.png","contentUrl":"https:\/\/www.uartes.edu.ec\/sitio\/wp-content\/uploads\/2022\/07\/logo-ua-horizontal.png","width":800,"height":276,"caption":"Universidad de las Artes"},"image":{"@id":"https:\/\/www.uartes.edu.ec\/sitio\/en\/#\/schema\/logo\/image\/"},"sameAs":["https:\/\/www.facebook.com\/uartesec","https:\/\/x.com\/uartesec","https:\/\/www.tiktok.com\/@uartesec"]},{"@type":"Person","@id":"https:\/\/www.uartes.edu.ec\/sitio\/en\/#\/schema\/person\/efa1b8275797664fd7f13a79ccc0b1f4","name":"ccortez","image":{"@type":"ImageObject","inLanguage":"en-US","@id":"https:\/\/secure.gravatar.com\/avatar\/b2a6f664a3ae8e074346ef91775736c5ec479e637ecced6842de9dc98b5da9cd?s=96&d=mm&r=g","url":"https:\/\/secure.gravatar.com\/avatar\/b2a6f664a3ae8e074346ef91775736c5ec479e637ecced6842de9dc98b5da9cd?s=96&d=mm&r=g","contentUrl":"https:\/\/secure.gravatar.com\/avatar\/b2a6f664a3ae8e074346ef91775736c5ec479e637ecced6842de9dc98b5da9cd?s=96&d=mm&r=g","caption":"ccortez"},"url":"https:\/\/www.uartes.edu.ec\/sitio\/en\/blog\/author\/ccortez\/"}]}},"uagb_featured_image_src":{"full":["https:\/\/www.uartes.edu.ec\/sitio\/wp-content\/uploads\/2021\/09\/YBELICE1.webp",2000,1333,false],"thumbnail":["https:\/\/www.uartes.edu.ec\/sitio\/wp-content\/uploads\/2021\/09\/YBELICE1.webp",150,100,false],"medium":["https:\/\/www.uartes.edu.ec\/sitio\/wp-content\/uploads\/2021\/09\/YBELICE1.webp",300,200,false],"medium_large":["https:\/\/www.uartes.edu.ec\/sitio\/wp-content\/uploads\/2021\/09\/YBELICE1.webp",768,512,false],"large":["https:\/\/www.uartes.edu.ec\/sitio\/wp-content\/uploads\/2021\/09\/YBELICE1.webp",644,429,false],"1536x1536":["https:\/\/www.uartes.edu.ec\/sitio\/wp-content\/uploads\/2021\/09\/YBELICE1.webp",1536,1024,false],"2048x2048":["https:\/\/www.uartes.edu.ec\/sitio\/wp-content\/uploads\/2021\/09\/YBELICE1.webp",2000,1333,false],"trp-custom-language-flag":["https:\/\/www.uartes.edu.ec\/sitio\/wp-content\/uploads\/2021\/09\/YBELICE1.webp",18,12,false],"htmega_size_585x295":["https:\/\/www.uartes.edu.ec\/sitio\/wp-content\/uploads\/2021\/09\/YBELICE1.webp",443,295,false],"htmega_size_1170x536":["https:\/\/www.uartes.edu.ec\/sitio\/wp-content\/uploads\/2021\/09\/YBELICE1.webp",804,536,false],"htmega_size_396x360":["https:\/\/www.uartes.edu.ec\/sitio\/wp-content\/uploads\/2021\/09\/YBELICE1.webp",396,264,false],"gb-block-post-grid-landscape":["https:\/\/www.uartes.edu.ec\/sitio\/wp-content\/uploads\/2021\/09\/YBELICE1.webp",600,400,false],"gb-block-post-grid-square":["https:\/\/www.uartes.edu.ec\/sitio\/wp-content\/uploads\/2021\/09\/YBELICE1.webp",600,400,false],"university-hub-thumb":["https:\/\/www.uartes.edu.ec\/sitio\/wp-content\/uploads\/2021\/09\/YBELICE1.webp",400,267,false],"mailpoet_newsletter_max":["https:\/\/www.uartes.edu.ec\/sitio\/wp-content\/uploads\/2021\/09\/YBELICE1.webp",1320,880,false]},"uagb_author_info":{"display_name":"ccortez","author_link":"https:\/\/www.uartes.edu.ec\/sitio\/en\/blog\/author\/ccortez\/"},"uagb_comment_info":0,"uagb_excerpt":"En la cita online, organizada por el Museo Nacional Centro de Arte Reina Sof\u00eda, la docente de la UArtes moderar\u00e1 mesa en la que se dialogar\u00e1 sobre los \u201cTrans\/feminismos hoy: conquistas y desaf\u00edos\u201d; ser\u00e1 el jueves 23, a las 11:00 (hora de Ecuador).","featured_image_src":"https:\/\/www.uartes.edu.ec\/sitio\/wp-content\/uploads\/2021\/09\/YBELICE1.webp","featured_image_src_square":"https:\/\/www.uartes.edu.ec\/sitio\/wp-content\/uploads\/2021\/09\/YBELICE1.webp","author_info":{"display_name":"ccortez","author_link":"https:\/\/www.uartes.edu.ec\/sitio\/en\/blog\/author\/ccortez\/"},"publishpress_future_workflow_manual_trigger":{"enabledWorkflows":[]},"distributor_meta":false,"distributor_terms":false,"distributor_media":false,"distributor_original_site_name":"Universidad de las Artes","distributor_original_site_url":"https:\/\/www.uartes.edu.ec\/sitio\/en","push-errors":false,"_links":{"self":[{"href":"https:\/\/www.uartes.edu.ec\/sitio\/en\/wp-json\/wp\/v2\/posts\/16046","targetHints":{"allow":["GET"]}}],"collection":[{"href":"https:\/\/www.uartes.edu.ec\/sitio\/en\/wp-json\/wp\/v2\/posts"}],"about":[{"href":"https:\/\/www.uartes.edu.ec\/sitio\/en\/wp-json\/wp\/v2\/types\/post"}],"author":[{"embeddable":true,"href":"https:\/\/www.uartes.edu.ec\/sitio\/en\/wp-json\/wp\/v2\/users\/10"}],"replies":[{"embeddable":true,"href":"https:\/\/www.uartes.edu.ec\/sitio\/en\/wp-json\/wp\/v2\/comments?post=16046"}],"version-history":[{"count":1,"href":"https:\/\/www.uartes.edu.ec\/sitio\/en\/wp-json\/wp\/v2\/posts\/16046\/revisions"}],"predecessor-version":[{"id":16048,"href":"https:\/\/www.uartes.edu.ec\/sitio\/en\/wp-json\/wp\/v2\/posts\/16046\/revisions\/16048"}],"wp:featuredmedia":[{"embeddable":true,"href":"https:\/\/www.uartes.edu.ec\/sitio\/en\/wp-json\/wp\/v2\/media\/16047"}],"wp:attachment":[{"href":"https:\/\/www.uartes.edu.ec\/sitio\/en\/wp-json\/wp\/v2\/media?parent=16046"}],"wp:term":[{"taxonomy":"category","embeddable":true,"href":"https:\/\/www.uartes.edu.ec\/sitio\/en\/wp-json\/wp\/v2\/categories?post=16046"},{"taxonomy":"post_tag","embeddable":true,"href":"https:\/\/www.uartes.edu.ec\/sitio\/en\/wp-json\/wp\/v2\/tags?post=16046"},{"taxonomy":"infouartes","embeddable":true,"href":"https:\/\/www.uartes.edu.ec\/sitio\/en\/wp-json\/wp\/v2\/infouartes?post=16046"}],"curies":[{"name":"wp","href":"https:\/\/api.w.org\/{rel}","templated":true}]}}