{"id":16163,"date":"2021-10-11T11:30:00","date_gmt":"2021-10-11T16:30:00","guid":{"rendered":"http:\/\/www.uartes.edu.ec\/sitio\/?p=16163"},"modified":"2024-07-04T11:25:31","modified_gmt":"2024-07-04T16:25:31","slug":"en-nueva-cita-de-las-jornadas-de-cultura-urbana-se-dialogara-sobre-el-chapeteo","status":"publish","type":"post","link":"https:\/\/www.uartes.edu.ec\/sitio\/en\/blog\/2021\/10\/11\/en-nueva-cita-de-las-jornadas-de-cultura-urbana-se-dialogara-sobre-el-chapeteo\/","title":{"rendered":"En nueva cita de las Jornadas de Cultura Urbana se dialogar\u00e1 sobre \u201cel chapeteo\u201d"},"content":{"rendered":"<p>\u201cEl chapeteo como generador de memoria en la urbe\u201d es el tema del di\u00e1logo que sostendr\u00e1n Buxter 42 Contras, Letra 70 y Snop 10 GDN en la nueva cita de las Jornadas de Cultura Urbana que se vienen desarrollando en el MAAC, como parte del proyecto \u201cHaciendo calle\u201d que lidera la doctora Mar\u00eda Fernanda L\u00f3pez, docente de la Universidad de las Artes.<\/p>\n\n\n\n<p>La actividad tendr\u00e1 lugar este mi\u00e9rcoles 13 de octubre de 2021, a las &#xfe0f;18:00, en el &#xfe0f;Lobby del MAAC, con las debidas medidas de bioseguridad. En la mesa de di\u00e1logo se descubrir\u00e1n los procesos y metodolog\u00edas desarrolladas detr\u00e1s de un proyecto de arte urbano.<\/p>\n\n\n\n<p>Se explica que el chapeteo o letra pandillera guayaca es una caligraf\u00eda \u00fanica a nivel nacional y regional. Su an\u00e1lisis a trav\u00e9s de los estudios culturales se vuelve crucial para entender el desarrollo territorial del puerto y su memoria desde la cultura urbana.<br><br>Encontrar datos referenciales sobre sus inicios y principales exponentes es una cuesti\u00f3n no de uno, sino de varios trabajos de investigaci\u00f3n y mesas de di\u00e1logo, dada la diversidad de agrupaciones y c\u00e9lulas que conservaron y modificaron vocales y consonantes a lo largo y ancho de la urbe porte\u00f1a. Hojas de cuaderno, cartulinas, superficies de diverso formato, eran pasadas de generaci\u00f3n en generaci\u00f3n. La tipograf\u00eda cambiaba con cada aporte de estilo, vivencias personales y colectivas.<br><br>La circulaci\u00f3n de alfabetos modificados y trabajados por miembros de los cientos de agrupaciones fueron y son la esencia del chapeteo. Se trata, por tanto, de un legado caligr\u00e1fico que se disemin\u00f3 por toda la geograf\u00eda de la urbe. Iniciando los m\u00e1s j\u00f3venes entre los 9, 10, 11 o 12 a\u00f1os en adelante.<\/p>\n\n\n\n<p>La pr\u00f3xima cita de las Jornadas de Cultura Urbana ser\u00e1 el 22 de octubre, misma hora y lugar que la de este 13. Entonces se tratar\u00e1 sobre \u201cEl chapeteo en las nuevas generaciones de escritores en el Puerto\u201d y participar\u00e1n Amber Arias, Zerone GDN y Plomo Ams. &nbsp;<\/p>\n\n\n\n<figure class=\"wp-block-image size-full\"><img fetchpriority=\"high\" decoding=\"async\" width=\"2000\" height=\"1333\" src=\"http:\/\/www.uartes.edu.ec\/sitio\/wp-content\/uploads\/2021\/10\/02-CHAPETEO.webp\" alt=\"\" class=\"wp-image-16165\" \/><\/figure>\n\n\n\n<p><strong>Docente UArtes estuvo en M\u00e9xico como curadora de muestra<\/strong><br>Cabe anotar que la doctora Mar\u00eda Fernanda L\u00f3pez estuvo recientemente en M\u00e9xico, donde realiz\u00f3 la museograf\u00eda y museolog\u00eda de la muestra de Juan Pablo Vallejo (Zaruma, 1986), conocido art\u00edsticamente como <em>Ache.<\/em> Se trat\u00f3 de la primera exposici\u00f3n individual de un artista nacional con curadora igualmente ecuatoriana. En <em>Ritos, exploraciones itinerantes sobre el tiempo<\/em> \u2013nombre de la exhibici\u00f3n\u2013, su autor articula diversos momentos de su trayectoria y una profunda reflexi\u00f3n en torno a la dimensi\u00f3n ritual y metaf\u00edsica de la calle.<\/p>\n\n\n\n<p>Acerca de la propuesta art\u00edstica, la doctora L\u00f3pez destac\u00f3, entre otros puntos, que \u201c<em>Ritos<\/em> es el resultado de varias indagaciones que cuestionan los sistemas de comunicaci\u00f3n contempor\u00e1neos y fundacionales, pr\u00e1ctica de archivo que busca generar relatos anacr\u00f3nicos a partir de exploraciones con diversas t\u00e9cnicas y materiales\u201d.<\/p>\n\n\n\n<p>Para los especialistas, el arte de calle es un universo profundo, riguroso y complejo, que incluye sistemas de producci\u00f3n y curadur\u00eda especializada. Quiz\u00e1s pocos conocen que existe mercado del arte, coleccionismo y galer\u00edas enfocadas en su l\u00ednea. \u201cHaciendo Calle\u201d pretende aportar en nuestro contexto con valiosos exponentes que dar\u00e1n cuenta de estas tem\u00e1ticas desconocidas y poco tratadas en Ecuador.<br><br>En la cuenta de Facebook de la muestra se indica, adem\u00e1s, que el ejercicio curatorial y montaje de <em>Ritos<\/em> en Ciudad de M\u00e9xico \u201ces un esfuerzo autogestivo de Emergencias Curatoriales y Nudo Street Art Project, plataformas ecuatorianas dedicadas al estudio, desarrollo, difusi\u00f3n y circulaci\u00f3n del arte de calle\u201d.<\/p>\n\n\n\n<p>Tambi\u00e9n en Facebook (<a href=\"https:\/\/www.facebook.com\/mafomj\/posts\/10158041517160636\">https:\/\/www.facebook.com\/mafomj\/posts\/10158041517160636<\/a>), la docente UArtes se\u00f1al\u00f3 que \u201cdesde emergenciascuratoriales entendemos el trabajo curatorial como un sistema de acompa\u00f1amiento textual, gestivo y museogr\u00e1fico. Llevamos trabajando en este proyecto casi un a\u00f1o\u201d y agradeci\u00f3 \u201ca los aliados en M\u00e9xico <a href=\"https:\/\/l.facebook.com\/l.php?u=https%3A%2F%2Fwww.instagram.com%2F_u%2Fgama_crea%3Ffbclid%3DIwAR3ozMTqG1SCCcv9pYyy9lq3PxT3Z_FVk-B8eEyfpUhhAfeTDrIEOdjwTBQ&amp;h=AT0QXhi7qdwlhoLCx5y62pPlDeVntS1qB7UY7S-RLUOdmzjqVJY36oU7lNmWXQmnUCG_A5-SjNchEbaCfrSByaa1sfRGZJaM6oyRnR9utV8IHS8ip8RpHaBvl_YZC2kv_28&amp;__tn__=-UK-R&amp;c%5b0%5d=AT0FUyUGpBvbeEFq9zKR6qUBKWF_5fs4Ed2nVSMLuDbuUnTxqpjM6jZgh4rerR-hYbiO9-1zpQbUM1tCoS_W9LryWWWqlHSRhgjH_Fl6ufhCpuJe-JZ8c8znheUV7NE9kJYDoUXCuzP7OlKG4050LM5TkxBBylFD2xIGX79parnXQJR_\" target=\"_blank\" rel=\"noreferrer noopener\">@gama_crea<\/a> and <a href=\"https:\/\/l.facebook.com\/l.php?u=https%3A%2F%2Fwww.instagram.com%2F_u%2Fpanteonmx%3Ffbclid%3DIwAR12Z58QHzLiZl6Xnk3dgueXmlT0mCOmkF7ndJHsvKzb3tgrhl5AQ3mTFgY&amp;h=AT3JkHye31ygt0MC9WF6ykLEkh2HdbyDPQZeYsQN1DH0WfhL3N0y5ih75bVlX26VmH_egxSyXM2kLxMdeb9u8ksFmsZEocMYBdYm02ZIL6bc6CX5H1frryYqoEhtS0U3CWQ&amp;__tn__=-UK-R&amp;c%5b0%5d=AT0FUyUGpBvbeEFq9zKR6qUBKWF_5fs4Ed2nVSMLuDbuUnTxqpjM6jZgh4rerR-hYbiO9-1zpQbUM1tCoS_W9LryWWWqlHSRhgjH_Fl6ufhCpuJe-JZ8c8znheUV7NE9kJYDoUXCuzP7OlKG4050LM5TkxBBylFD2xIGX79parnXQJR_\" target=\"_blank\" rel=\"noreferrer noopener\">@panteonmx<\/a><\/p>","protected":false},"excerpt":{"rendered":"<p>\u201cEl chapeteo como generador de memoria en la urbe\u201d es el tema del di\u00e1logo que sostendr\u00e1n Buxter 42 Contras, Letra 70 y Snop 10 GDN en la nueva cita de las Jornadas de Cultura Urbana que se vienen desarrollando en el MAAC, como parte del proyecto \u201cHaciendo calle\u201d que lidera la doctora Mar\u00eda Fernanda L\u00f3pez, docente de la Universidad de las Artes.<\/p>","protected":false},"author":10,"featured_media":16166,"comment_status":"open","ping_status":"open","sticky":false,"template":"","format":"standard","meta":{"_acf_changed":false,"_uag_custom_page_level_css":"","_monsterinsights_skip_tracking":false,"_monsterinsights_sitenote_active":false,"_monsterinsights_sitenote_note":"","_monsterinsights_sitenote_category":0,"cybocfi_hide_featured_image":"","footnotes":""},"categories":[80,82,157,75,76,284],"tags":[128],"infouartes":[],"class_list":["post-16163","post","type-post","status-publish","format-standard","has-post-thumbnail","hentry","category-academico","category-artes","category-artes-visuales","category-docentes","category-estudiantes","category-investigacion","tag-dialogos"],"acf":[],"yoast_head":"<!-- This site is optimized with the Yoast SEO plugin v27.4 - https:\/\/yoast.com\/product\/yoast-seo-wordpress\/ -->\n<title>Universidad de las Artes - En nueva cita de las Jornadas de Cultura Urbana se dialogar\u00e1 sobre \u201cel chapeteo\u201d<\/title>\n<meta name=\"description\" content=\"Universidad de las Artes - En nueva cita de las Jornadas de Cultura Urbana se dialogar\u00e1 sobre \u201cel chapeteo\u201d\" \/>\n<meta name=\"robots\" content=\"index, follow, max-snippet:-1, max-image-preview:large, max-video-preview:-1\" \/>\n<link rel=\"canonical\" href=\"https:\/\/www.uartes.edu.ec\/sitio\/en\/blog\/2021\/10\/11\/en-nueva-cita-de-las-jornadas-de-cultura-urbana-se-dialogara-sobre-el-chapeteo\/\" \/>\n<meta property=\"og:locale\" content=\"en_US\" \/>\n<meta property=\"og:type\" content=\"article\" \/>\n<meta property=\"og:title\" content=\"Universidad de las Artes - En nueva cita de las Jornadas de Cultura Urbana se dialogar\u00e1 sobre \u201cel chapeteo\u201d\" \/>\n<meta property=\"og:description\" content=\"Universidad de las Artes - En nueva cita de las Jornadas de Cultura Urbana se dialogar\u00e1 sobre \u201cel chapeteo\u201d\" \/>\n<meta property=\"og:url\" content=\"https:\/\/www.uartes.edu.ec\/sitio\/en\/blog\/2021\/10\/11\/en-nueva-cita-de-las-jornadas-de-cultura-urbana-se-dialogara-sobre-el-chapeteo\/\" \/>\n<meta property=\"og:site_name\" content=\"Universidad de las Artes\" \/>\n<meta property=\"article:publisher\" content=\"https:\/\/www.facebook.com\/uartesec\" \/>\n<meta property=\"article:published_time\" content=\"2021-10-11T16:30:00+00:00\" \/>\n<meta property=\"article:modified_time\" content=\"2024-07-04T16:25:31+00:00\" \/>\n<meta property=\"og:image\" content=\"https:\/\/www.uartes.edu.ec\/sitio\/wp-content\/uploads\/2021\/10\/01-CHAPETEO.webp\" \/>\n\t<meta property=\"og:image:width\" content=\"2000\" \/>\n\t<meta property=\"og:image:height\" content=\"1333\" \/>\n\t<meta property=\"og:image:type\" content=\"image\/webp\" \/>\n<meta name=\"author\" content=\"ccortez\" \/>\n<meta name=\"twitter:card\" content=\"summary_large_image\" \/>\n<meta name=\"twitter:creator\" content=\"@uartesec\" \/>\n<meta name=\"twitter:site\" content=\"@uartesec\" \/>\n<meta name=\"twitter:label1\" content=\"Written by\" \/>\n\t<meta name=\"twitter:data1\" content=\"ccortez\" \/>\n\t<meta name=\"twitter:label2\" content=\"Est. reading time\" \/>\n\t<meta name=\"twitter:data2\" content=\"3 minutes\" \/>\n<script type=\"application\/ld+json\" class=\"yoast-schema-graph\">{\"@context\":\"https:\\\/\\\/schema.org\",\"@graph\":[{\"@type\":\"Article\",\"@id\":\"https:\\\/\\\/www.uartes.edu.ec\\\/sitio\\\/en\\\/blog\\\/2021\\\/10\\\/11\\\/en-nueva-cita-de-las-jornadas-de-cultura-urbana-se-dialogara-sobre-el-chapeteo\\\/#article\",\"isPartOf\":{\"@id\":\"https:\\\/\\\/www.uartes.edu.ec\\\/sitio\\\/en\\\/blog\\\/2021\\\/10\\\/11\\\/en-nueva-cita-de-las-jornadas-de-cultura-urbana-se-dialogara-sobre-el-chapeteo\\\/\"},\"author\":{\"name\":\"ccortez\",\"@id\":\"https:\\\/\\\/www.uartes.edu.ec\\\/sitio\\\/en\\\/#\\\/schema\\\/person\\\/efa1b8275797664fd7f13a79ccc0b1f4\"},\"headline\":\"En nueva cita de las Jornadas de Cultura Urbana se dialogar\u00e1 sobre \u201cel chapeteo\u201d\",\"datePublished\":\"2021-10-11T16:30:00+00:00\",\"dateModified\":\"2024-07-04T16:25:31+00:00\",\"mainEntityOfPage\":{\"@id\":\"https:\\\/\\\/www.uartes.edu.ec\\\/sitio\\\/en\\\/blog\\\/2021\\\/10\\\/11\\\/en-nueva-cita-de-las-jornadas-de-cultura-urbana-se-dialogara-sobre-el-chapeteo\\\/\"},\"wordCount\":683,\"commentCount\":0,\"publisher\":{\"@id\":\"https:\\\/\\\/www.uartes.edu.ec\\\/sitio\\\/en\\\/#organization\"},\"image\":{\"@id\":\"https:\\\/\\\/www.uartes.edu.ec\\\/sitio\\\/en\\\/blog\\\/2021\\\/10\\\/11\\\/en-nueva-cita-de-las-jornadas-de-cultura-urbana-se-dialogara-sobre-el-chapeteo\\\/#primaryimage\"},\"thumbnailUrl\":\"https:\\\/\\\/www.uartes.edu.ec\\\/sitio\\\/wp-content\\\/uploads\\\/2021\\\/10\\\/01-CHAPETEO.webp\",\"keywords\":[\"di\u00e1logos\"],\"articleSection\":[\"Acad\u00e9mico\",\"Artes\",\"Artes Visuales\",\"Docentes\",\"Estudiantes\",\"Investigaci\u00f3n\"],\"inLanguage\":\"en-US\",\"potentialAction\":[{\"@type\":\"CommentAction\",\"name\":\"Comment\",\"target\":[\"https:\\\/\\\/www.uartes.edu.ec\\\/sitio\\\/en\\\/blog\\\/2021\\\/10\\\/11\\\/en-nueva-cita-de-las-jornadas-de-cultura-urbana-se-dialogara-sobre-el-chapeteo\\\/#respond\"]}]},{\"@type\":[\"WebPage\",\"ItemPage\"],\"@id\":\"https:\\\/\\\/www.uartes.edu.ec\\\/sitio\\\/en\\\/blog\\\/2021\\\/10\\\/11\\\/en-nueva-cita-de-las-jornadas-de-cultura-urbana-se-dialogara-sobre-el-chapeteo\\\/\",\"url\":\"https:\\\/\\\/www.uartes.edu.ec\\\/sitio\\\/en\\\/blog\\\/2021\\\/10\\\/11\\\/en-nueva-cita-de-las-jornadas-de-cultura-urbana-se-dialogara-sobre-el-chapeteo\\\/\",\"name\":\"Universidad de las Artes - En nueva cita de las Jornadas de Cultura Urbana se dialogar\u00e1 sobre \u201cel chapeteo\u201d\",\"isPartOf\":{\"@id\":\"https:\\\/\\\/www.uartes.edu.ec\\\/sitio\\\/en\\\/#website\"},\"primaryImageOfPage\":{\"@id\":\"https:\\\/\\\/www.uartes.edu.ec\\\/sitio\\\/en\\\/blog\\\/2021\\\/10\\\/11\\\/en-nueva-cita-de-las-jornadas-de-cultura-urbana-se-dialogara-sobre-el-chapeteo\\\/#primaryimage\"},\"image\":{\"@id\":\"https:\\\/\\\/www.uartes.edu.ec\\\/sitio\\\/en\\\/blog\\\/2021\\\/10\\\/11\\\/en-nueva-cita-de-las-jornadas-de-cultura-urbana-se-dialogara-sobre-el-chapeteo\\\/#primaryimage\"},\"thumbnailUrl\":\"https:\\\/\\\/www.uartes.edu.ec\\\/sitio\\\/wp-content\\\/uploads\\\/2021\\\/10\\\/01-CHAPETEO.webp\",\"datePublished\":\"2021-10-11T16:30:00+00:00\",\"dateModified\":\"2024-07-04T16:25:31+00:00\",\"description\":\"Universidad de las Artes - En nueva cita de las Jornadas de Cultura Urbana se dialogar\u00e1 sobre \u201cel chapeteo\u201d\",\"breadcrumb\":{\"@id\":\"https:\\\/\\\/www.uartes.edu.ec\\\/sitio\\\/en\\\/blog\\\/2021\\\/10\\\/11\\\/en-nueva-cita-de-las-jornadas-de-cultura-urbana-se-dialogara-sobre-el-chapeteo\\\/#breadcrumb\"},\"inLanguage\":\"en-US\",\"potentialAction\":[{\"@type\":\"ReadAction\",\"target\":[\"https:\\\/\\\/www.uartes.edu.ec\\\/sitio\\\/en\\\/blog\\\/2021\\\/10\\\/11\\\/en-nueva-cita-de-las-jornadas-de-cultura-urbana-se-dialogara-sobre-el-chapeteo\\\/\"]}]},{\"@type\":\"ImageObject\",\"inLanguage\":\"en-US\",\"@id\":\"https:\\\/\\\/www.uartes.edu.ec\\\/sitio\\\/en\\\/blog\\\/2021\\\/10\\\/11\\\/en-nueva-cita-de-las-jornadas-de-cultura-urbana-se-dialogara-sobre-el-chapeteo\\\/#primaryimage\",\"url\":\"https:\\\/\\\/www.uartes.edu.ec\\\/sitio\\\/wp-content\\\/uploads\\\/2021\\\/10\\\/01-CHAPETEO.webp\",\"contentUrl\":\"https:\\\/\\\/www.uartes.edu.ec\\\/sitio\\\/wp-content\\\/uploads\\\/2021\\\/10\\\/01-CHAPETEO.webp\",\"width\":2000,\"height\":1333},{\"@type\":\"BreadcrumbList\",\"@id\":\"https:\\\/\\\/www.uartes.edu.ec\\\/sitio\\\/en\\\/blog\\\/2021\\\/10\\\/11\\\/en-nueva-cita-de-las-jornadas-de-cultura-urbana-se-dialogara-sobre-el-chapeteo\\\/#breadcrumb\",\"itemListElement\":[{\"@type\":\"ListItem\",\"position\":1,\"name\":\"Inicio\",\"item\":\"https:\\\/\\\/www.uartes.edu.ec\\\/sitio\\\/\"},{\"@type\":\"ListItem\",\"position\":2,\"name\":\"En nueva cita de las Jornadas de Cultura Urbana se dialogar\u00e1 sobre \u201cel chapeteo\u201d\"}]},{\"@type\":\"WebSite\",\"@id\":\"https:\\\/\\\/www.uartes.edu.ec\\\/sitio\\\/en\\\/#website\",\"url\":\"https:\\\/\\\/www.uartes.edu.ec\\\/sitio\\\/en\\\/\",\"name\":\"Universidad de las Artes\",\"description\":\"Sitio oficial de la Universidad Nacional de las Artes del Ecuador\",\"publisher\":{\"@id\":\"https:\\\/\\\/www.uartes.edu.ec\\\/sitio\\\/en\\\/#organization\"},\"potentialAction\":[{\"@type\":\"SearchAction\",\"target\":{\"@type\":\"EntryPoint\",\"urlTemplate\":\"https:\\\/\\\/www.uartes.edu.ec\\\/sitio\\\/en\\\/?s={search_term_string}\"},\"query-input\":{\"@type\":\"PropertyValueSpecification\",\"valueRequired\":true,\"valueName\":\"search_term_string\"}}],\"inLanguage\":\"en-US\"},{\"@type\":\"Organization\",\"@id\":\"https:\\\/\\\/www.uartes.edu.ec\\\/sitio\\\/en\\\/#organization\",\"name\":\"Universidad de las Artes\",\"url\":\"https:\\\/\\\/www.uartes.edu.ec\\\/sitio\\\/en\\\/\",\"logo\":{\"@type\":\"ImageObject\",\"inLanguage\":\"en-US\",\"@id\":\"https:\\\/\\\/www.uartes.edu.ec\\\/sitio\\\/en\\\/#\\\/schema\\\/logo\\\/image\\\/\",\"url\":\"https:\\\/\\\/www.uartes.edu.ec\\\/sitio\\\/wp-content\\\/uploads\\\/2022\\\/07\\\/logo-ua-horizontal.png\",\"contentUrl\":\"https:\\\/\\\/www.uartes.edu.ec\\\/sitio\\\/wp-content\\\/uploads\\\/2022\\\/07\\\/logo-ua-horizontal.png\",\"width\":800,\"height\":276,\"caption\":\"Universidad de las Artes\"},\"image\":{\"@id\":\"https:\\\/\\\/www.uartes.edu.ec\\\/sitio\\\/en\\\/#\\\/schema\\\/logo\\\/image\\\/\"},\"sameAs\":[\"https:\\\/\\\/www.facebook.com\\\/uartesec\",\"https:\\\/\\\/x.com\\\/uartesec\",\"https:\\\/\\\/www.tiktok.com\\\/@uartesec\"]},{\"@type\":\"Person\",\"@id\":\"https:\\\/\\\/www.uartes.edu.ec\\\/sitio\\\/en\\\/#\\\/schema\\\/person\\\/efa1b8275797664fd7f13a79ccc0b1f4\",\"name\":\"ccortez\",\"image\":{\"@type\":\"ImageObject\",\"inLanguage\":\"en-US\",\"@id\":\"https:\\\/\\\/secure.gravatar.com\\\/avatar\\\/b2a6f664a3ae8e074346ef91775736c5ec479e637ecced6842de9dc98b5da9cd?s=96&d=mm&r=g\",\"url\":\"https:\\\/\\\/secure.gravatar.com\\\/avatar\\\/b2a6f664a3ae8e074346ef91775736c5ec479e637ecced6842de9dc98b5da9cd?s=96&d=mm&r=g\",\"contentUrl\":\"https:\\\/\\\/secure.gravatar.com\\\/avatar\\\/b2a6f664a3ae8e074346ef91775736c5ec479e637ecced6842de9dc98b5da9cd?s=96&d=mm&r=g\",\"caption\":\"ccortez\"},\"url\":\"https:\\\/\\\/www.uartes.edu.ec\\\/sitio\\\/en\\\/blog\\\/author\\\/ccortez\\\/\"}]}<\/script>\n<!-- \/ Yoast SEO plugin. -->","yoast_head_json":{"title":"Universidad de las Artes - En nueva cita de las Jornadas de Cultura Urbana se dialogar\u00e1 sobre \u201cel chapeteo\u201d","description":"Universidad de las Artes - En nueva cita de las Jornadas de Cultura Urbana se dialogar\u00e1 sobre \u201cel chapeteo\u201d","robots":{"index":"index","follow":"follow","max-snippet":"max-snippet:-1","max-image-preview":"max-image-preview:large","max-video-preview":"max-video-preview:-1"},"canonical":"https:\/\/www.uartes.edu.ec\/sitio\/en\/blog\/2021\/10\/11\/en-nueva-cita-de-las-jornadas-de-cultura-urbana-se-dialogara-sobre-el-chapeteo\/","og_locale":"en_US","og_type":"article","og_title":"Universidad de las Artes - En nueva cita de las Jornadas de Cultura Urbana se dialogar\u00e1 sobre \u201cel chapeteo\u201d","og_description":"Universidad de las Artes - En nueva cita de las Jornadas de Cultura Urbana se dialogar\u00e1 sobre \u201cel chapeteo\u201d","og_url":"https:\/\/www.uartes.edu.ec\/sitio\/en\/blog\/2021\/10\/11\/en-nueva-cita-de-las-jornadas-de-cultura-urbana-se-dialogara-sobre-el-chapeteo\/","og_site_name":"Universidad de las Artes","article_publisher":"https:\/\/www.facebook.com\/uartesec","article_published_time":"2021-10-11T16:30:00+00:00","article_modified_time":"2024-07-04T16:25:31+00:00","og_image":[{"width":2000,"height":1333,"url":"https:\/\/www.uartes.edu.ec\/sitio\/wp-content\/uploads\/2021\/10\/01-CHAPETEO.webp","type":"image\/webp"}],"author":"ccortez","twitter_card":"summary_large_image","twitter_creator":"@uartesec","twitter_site":"@uartesec","twitter_misc":{"Written by":"ccortez","Est. reading time":"3 minutes"},"schema":{"@context":"https:\/\/schema.org","@graph":[{"@type":"Article","@id":"https:\/\/www.uartes.edu.ec\/sitio\/en\/blog\/2021\/10\/11\/en-nueva-cita-de-las-jornadas-de-cultura-urbana-se-dialogara-sobre-el-chapeteo\/#article","isPartOf":{"@id":"https:\/\/www.uartes.edu.ec\/sitio\/en\/blog\/2021\/10\/11\/en-nueva-cita-de-las-jornadas-de-cultura-urbana-se-dialogara-sobre-el-chapeteo\/"},"author":{"name":"ccortez","@id":"https:\/\/www.uartes.edu.ec\/sitio\/en\/#\/schema\/person\/efa1b8275797664fd7f13a79ccc0b1f4"},"headline":"En nueva cita de las Jornadas de Cultura Urbana se dialogar\u00e1 sobre \u201cel chapeteo\u201d","datePublished":"2021-10-11T16:30:00+00:00","dateModified":"2024-07-04T16:25:31+00:00","mainEntityOfPage":{"@id":"https:\/\/www.uartes.edu.ec\/sitio\/en\/blog\/2021\/10\/11\/en-nueva-cita-de-las-jornadas-de-cultura-urbana-se-dialogara-sobre-el-chapeteo\/"},"wordCount":683,"commentCount":0,"publisher":{"@id":"https:\/\/www.uartes.edu.ec\/sitio\/en\/#organization"},"image":{"@id":"https:\/\/www.uartes.edu.ec\/sitio\/en\/blog\/2021\/10\/11\/en-nueva-cita-de-las-jornadas-de-cultura-urbana-se-dialogara-sobre-el-chapeteo\/#primaryimage"},"thumbnailUrl":"https:\/\/www.uartes.edu.ec\/sitio\/wp-content\/uploads\/2021\/10\/01-CHAPETEO.webp","keywords":["di\u00e1logos"],"articleSection":["Acad\u00e9mico","Artes","Artes Visuales","Docentes","Estudiantes","Investigaci\u00f3n"],"inLanguage":"en-US","potentialAction":[{"@type":"CommentAction","name":"Comment","target":["https:\/\/www.uartes.edu.ec\/sitio\/en\/blog\/2021\/10\/11\/en-nueva-cita-de-las-jornadas-de-cultura-urbana-se-dialogara-sobre-el-chapeteo\/#respond"]}]},{"@type":["WebPage","ItemPage"],"@id":"https:\/\/www.uartes.edu.ec\/sitio\/en\/blog\/2021\/10\/11\/en-nueva-cita-de-las-jornadas-de-cultura-urbana-se-dialogara-sobre-el-chapeteo\/","url":"https:\/\/www.uartes.edu.ec\/sitio\/en\/blog\/2021\/10\/11\/en-nueva-cita-de-las-jornadas-de-cultura-urbana-se-dialogara-sobre-el-chapeteo\/","name":"Universidad de las Artes - En nueva cita de las Jornadas de Cultura Urbana se dialogar\u00e1 sobre \u201cel chapeteo\u201d","isPartOf":{"@id":"https:\/\/www.uartes.edu.ec\/sitio\/en\/#website"},"primaryImageOfPage":{"@id":"https:\/\/www.uartes.edu.ec\/sitio\/en\/blog\/2021\/10\/11\/en-nueva-cita-de-las-jornadas-de-cultura-urbana-se-dialogara-sobre-el-chapeteo\/#primaryimage"},"image":{"@id":"https:\/\/www.uartes.edu.ec\/sitio\/en\/blog\/2021\/10\/11\/en-nueva-cita-de-las-jornadas-de-cultura-urbana-se-dialogara-sobre-el-chapeteo\/#primaryimage"},"thumbnailUrl":"https:\/\/www.uartes.edu.ec\/sitio\/wp-content\/uploads\/2021\/10\/01-CHAPETEO.webp","datePublished":"2021-10-11T16:30:00+00:00","dateModified":"2024-07-04T16:25:31+00:00","description":"Universidad de las Artes - En nueva cita de las Jornadas de Cultura Urbana se dialogar\u00e1 sobre \u201cel chapeteo\u201d","breadcrumb":{"@id":"https:\/\/www.uartes.edu.ec\/sitio\/en\/blog\/2021\/10\/11\/en-nueva-cita-de-las-jornadas-de-cultura-urbana-se-dialogara-sobre-el-chapeteo\/#breadcrumb"},"inLanguage":"en-US","potentialAction":[{"@type":"ReadAction","target":["https:\/\/www.uartes.edu.ec\/sitio\/en\/blog\/2021\/10\/11\/en-nueva-cita-de-las-jornadas-de-cultura-urbana-se-dialogara-sobre-el-chapeteo\/"]}]},{"@type":"ImageObject","inLanguage":"en-US","@id":"https:\/\/www.uartes.edu.ec\/sitio\/en\/blog\/2021\/10\/11\/en-nueva-cita-de-las-jornadas-de-cultura-urbana-se-dialogara-sobre-el-chapeteo\/#primaryimage","url":"https:\/\/www.uartes.edu.ec\/sitio\/wp-content\/uploads\/2021\/10\/01-CHAPETEO.webp","contentUrl":"https:\/\/www.uartes.edu.ec\/sitio\/wp-content\/uploads\/2021\/10\/01-CHAPETEO.webp","width":2000,"height":1333},{"@type":"BreadcrumbList","@id":"https:\/\/www.uartes.edu.ec\/sitio\/en\/blog\/2021\/10\/11\/en-nueva-cita-de-las-jornadas-de-cultura-urbana-se-dialogara-sobre-el-chapeteo\/#breadcrumb","itemListElement":[{"@type":"ListItem","position":1,"name":"Inicio","item":"https:\/\/www.uartes.edu.ec\/sitio\/"},{"@type":"ListItem","position":2,"name":"En nueva cita de las Jornadas de Cultura Urbana se dialogar\u00e1 sobre \u201cel chapeteo\u201d"}]},{"@type":"WebSite","@id":"https:\/\/www.uartes.edu.ec\/sitio\/en\/#website","url":"https:\/\/www.uartes.edu.ec\/sitio\/en\/","name":"Universidad de las Artes","description":"Sitio oficial de la Universidad Nacional de las Artes del Ecuador","publisher":{"@id":"https:\/\/www.uartes.edu.ec\/sitio\/en\/#organization"},"potentialAction":[{"@type":"SearchAction","target":{"@type":"EntryPoint","urlTemplate":"https:\/\/www.uartes.edu.ec\/sitio\/en\/?s={search_term_string}"},"query-input":{"@type":"PropertyValueSpecification","valueRequired":true,"valueName":"search_term_string"}}],"inLanguage":"en-US"},{"@type":"Organization","@id":"https:\/\/www.uartes.edu.ec\/sitio\/en\/#organization","name":"Universidad de las Artes","url":"https:\/\/www.uartes.edu.ec\/sitio\/en\/","logo":{"@type":"ImageObject","inLanguage":"en-US","@id":"https:\/\/www.uartes.edu.ec\/sitio\/en\/#\/schema\/logo\/image\/","url":"https:\/\/www.uartes.edu.ec\/sitio\/wp-content\/uploads\/2022\/07\/logo-ua-horizontal.png","contentUrl":"https:\/\/www.uartes.edu.ec\/sitio\/wp-content\/uploads\/2022\/07\/logo-ua-horizontal.png","width":800,"height":276,"caption":"Universidad de las Artes"},"image":{"@id":"https:\/\/www.uartes.edu.ec\/sitio\/en\/#\/schema\/logo\/image\/"},"sameAs":["https:\/\/www.facebook.com\/uartesec","https:\/\/x.com\/uartesec","https:\/\/www.tiktok.com\/@uartesec"]},{"@type":"Person","@id":"https:\/\/www.uartes.edu.ec\/sitio\/en\/#\/schema\/person\/efa1b8275797664fd7f13a79ccc0b1f4","name":"ccortez","image":{"@type":"ImageObject","inLanguage":"en-US","@id":"https:\/\/secure.gravatar.com\/avatar\/b2a6f664a3ae8e074346ef91775736c5ec479e637ecced6842de9dc98b5da9cd?s=96&d=mm&r=g","url":"https:\/\/secure.gravatar.com\/avatar\/b2a6f664a3ae8e074346ef91775736c5ec479e637ecced6842de9dc98b5da9cd?s=96&d=mm&r=g","contentUrl":"https:\/\/secure.gravatar.com\/avatar\/b2a6f664a3ae8e074346ef91775736c5ec479e637ecced6842de9dc98b5da9cd?s=96&d=mm&r=g","caption":"ccortez"},"url":"https:\/\/www.uartes.edu.ec\/sitio\/en\/blog\/author\/ccortez\/"}]}},"uagb_featured_image_src":{"full":["https:\/\/www.uartes.edu.ec\/sitio\/wp-content\/uploads\/2021\/10\/01-CHAPETEO.webp",2000,1333,false],"thumbnail":["https:\/\/www.uartes.edu.ec\/sitio\/wp-content\/uploads\/2021\/10\/01-CHAPETEO.webp",150,100,false],"medium":["https:\/\/www.uartes.edu.ec\/sitio\/wp-content\/uploads\/2021\/10\/01-CHAPETEO.webp",300,200,false],"medium_large":["https:\/\/www.uartes.edu.ec\/sitio\/wp-content\/uploads\/2021\/10\/01-CHAPETEO.webp",768,512,false],"large":["https:\/\/www.uartes.edu.ec\/sitio\/wp-content\/uploads\/2021\/10\/01-CHAPETEO.webp",644,429,false],"1536x1536":["https:\/\/www.uartes.edu.ec\/sitio\/wp-content\/uploads\/2021\/10\/01-CHAPETEO.webp",1536,1024,false],"2048x2048":["https:\/\/www.uartes.edu.ec\/sitio\/wp-content\/uploads\/2021\/10\/01-CHAPETEO.webp",2000,1333,false],"trp-custom-language-flag":["https:\/\/www.uartes.edu.ec\/sitio\/wp-content\/uploads\/2021\/10\/01-CHAPETEO.webp",18,12,false],"htmega_size_585x295":["https:\/\/www.uartes.edu.ec\/sitio\/wp-content\/uploads\/2021\/10\/01-CHAPETEO.webp",443,295,false],"htmega_size_1170x536":["https:\/\/www.uartes.edu.ec\/sitio\/wp-content\/uploads\/2021\/10\/01-CHAPETEO.webp",804,536,false],"htmega_size_396x360":["https:\/\/www.uartes.edu.ec\/sitio\/wp-content\/uploads\/2021\/10\/01-CHAPETEO.webp",396,264,false],"gb-block-post-grid-landscape":["https:\/\/www.uartes.edu.ec\/sitio\/wp-content\/uploads\/2021\/10\/01-CHAPETEO.webp",600,400,false],"gb-block-post-grid-square":["https:\/\/www.uartes.edu.ec\/sitio\/wp-content\/uploads\/2021\/10\/01-CHAPETEO.webp",600,400,false],"university-hub-thumb":["https:\/\/www.uartes.edu.ec\/sitio\/wp-content\/uploads\/2021\/10\/01-CHAPETEO.webp",400,267,false],"mailpoet_newsletter_max":["https:\/\/www.uartes.edu.ec\/sitio\/wp-content\/uploads\/2021\/10\/01-CHAPETEO.webp",1320,880,false]},"uagb_author_info":{"display_name":"ccortez","author_link":"https:\/\/www.uartes.edu.ec\/sitio\/en\/blog\/author\/ccortez\/"},"uagb_comment_info":0,"uagb_excerpt":"\u201cEl chapeteo como generador de memoria en la urbe\u201d es el tema del di\u00e1logo que sostendr\u00e1n Buxter 42 Contras, Letra 70 y Snop 10 GDN en la nueva cita de las Jornadas de Cultura Urbana que se vienen desarrollando en el MAAC, como parte del proyecto \u201cHaciendo calle\u201d que lidera la doctora Mar\u00eda Fernanda L\u00f3pez,&hellip;","featured_image_src":"https:\/\/www.uartes.edu.ec\/sitio\/wp-content\/uploads\/2021\/10\/01-CHAPETEO.webp","featured_image_src_square":"https:\/\/www.uartes.edu.ec\/sitio\/wp-content\/uploads\/2021\/10\/01-CHAPETEO.webp","author_info":{"display_name":"ccortez","author_link":"https:\/\/www.uartes.edu.ec\/sitio\/en\/blog\/author\/ccortez\/"},"publishpress_future_workflow_manual_trigger":{"enabledWorkflows":[]},"distributor_meta":false,"distributor_terms":false,"distributor_media":false,"distributor_original_site_name":"Universidad de las Artes","distributor_original_site_url":"https:\/\/www.uartes.edu.ec\/sitio\/en","push-errors":false,"_links":{"self":[{"href":"https:\/\/www.uartes.edu.ec\/sitio\/en\/wp-json\/wp\/v2\/posts\/16163","targetHints":{"allow":["GET"]}}],"collection":[{"href":"https:\/\/www.uartes.edu.ec\/sitio\/en\/wp-json\/wp\/v2\/posts"}],"about":[{"href":"https:\/\/www.uartes.edu.ec\/sitio\/en\/wp-json\/wp\/v2\/types\/post"}],"author":[{"embeddable":true,"href":"https:\/\/www.uartes.edu.ec\/sitio\/en\/wp-json\/wp\/v2\/users\/10"}],"replies":[{"embeddable":true,"href":"https:\/\/www.uartes.edu.ec\/sitio\/en\/wp-json\/wp\/v2\/comments?post=16163"}],"version-history":[{"count":1,"href":"https:\/\/www.uartes.edu.ec\/sitio\/en\/wp-json\/wp\/v2\/posts\/16163\/revisions"}],"predecessor-version":[{"id":16167,"href":"https:\/\/www.uartes.edu.ec\/sitio\/en\/wp-json\/wp\/v2\/posts\/16163\/revisions\/16167"}],"wp:featuredmedia":[{"embeddable":true,"href":"https:\/\/www.uartes.edu.ec\/sitio\/en\/wp-json\/wp\/v2\/media\/16166"}],"wp:attachment":[{"href":"https:\/\/www.uartes.edu.ec\/sitio\/en\/wp-json\/wp\/v2\/media?parent=16163"}],"wp:term":[{"taxonomy":"category","embeddable":true,"href":"https:\/\/www.uartes.edu.ec\/sitio\/en\/wp-json\/wp\/v2\/categories?post=16163"},{"taxonomy":"post_tag","embeddable":true,"href":"https:\/\/www.uartes.edu.ec\/sitio\/en\/wp-json\/wp\/v2\/tags?post=16163"},{"taxonomy":"infouartes","embeddable":true,"href":"https:\/\/www.uartes.edu.ec\/sitio\/en\/wp-json\/wp\/v2\/infouartes?post=16163"}],"curies":[{"name":"wp","href":"https:\/\/api.w.org\/{rel}","templated":true}]}}