{"id":16170,"date":"2021-10-12T11:00:00","date_gmt":"2021-10-12T16:00:00","guid":{"rendered":"http:\/\/www.uartes.edu.ec\/sitio\/?p=16170"},"modified":"2024-07-04T11:25:30","modified_gmt":"2024-07-04T16:25:30","slug":"supuesto-noconsentido-junto-en-cuenca-a-cuatro-artistas-que-se-graduaron-en-la-uartes","status":"publish","type":"post","link":"https:\/\/www.uartes.edu.ec\/sitio\/en\/blog\/2021\/10\/12\/supuesto-noconsentido-junto-en-cuenca-a-cuatro-artistas-que-se-graduaron-en-la-uartes\/","title":{"rendered":"\u201cSupuesto noConsentido\u201d junt\u00f3 en Cuenca a cuatro artistas que se graduaron en la UArtes"},"content":{"rendered":"<p>Tayron Luna, Leo Moyano, Lorena Pe\u00f1a y Nikita F\u00e9lix, artistas que obtuvieron su licenciatura en Artes Visuales en la Universidad de las Artes, participan junto a sus pares Pedro Gavilanes, Gabriela Ch\u00e9rrez y Javier Gavilanes en una muestra colectiva organizada por Taller Maldonado y realizada en Cuenca.<\/p>\n\n\n\n<p>Inaugurada a mediados de septiembre pasado enTal\u014d Galer\u00eda de Arte Contempor\u00e1neo, donde permanecer\u00e1 abierta hasta el 17 de octubre pr\u00f3ximo, <em>Supuesto noConsentido<\/em> es el resultado de una alianza entre el espacio expositivo cuencano y el Taller Maldonado de Guayaquil, lo cual, comenta Nikita F\u00e9lix, constituye una alternativa que responde a las necesidades de los artistas emergentes. Iniciativa independiente que permite dar movimiento a la escena local, \u201caltamente enriquecedora, pues genera di\u00e1logos entre comunidades art\u00edsticas al presentar diversas investigaciones y devenires en la pr\u00e1ctica\u201d, anota.<\/p>\n\n\n\n<p>La autor\u00eda del texto curatorial de <em>Supuesto noConsentido<\/em> es de Ren\u00e9 Ponce Garc\u00eda, licenciado en Artes Visuales por la UArtes, quien, entre otros puntos, se\u00f1ala: \u201c(\u2026) Los artistas son como los dictadores, van derrocando jerarqu\u00edas, rompiendo los duros moldes de la historia. Los artistas nos abren a un mundo de anacron\u00edas que plantean otros tipos de \u00f3rdenes a la experiencia; en definitiva, se derrumba todo para instaurar un &#8216;supuesto&#8217;.&nbsp; (\u2026) Esta exposici\u00f3n, presenta \u2013y junta\u2013 a dos y hasta tres generaciones de artistas. Por un lado, Tayron Luna, Leo Moyano y Nikita F\u00e9lix, compa\u00f1eros de banca en el ITAE; Lorena Pe\u00f1a y Gabriela Ch\u00e9rrez, de las primeras promociones del ITAE tambi\u00e9n; y, los hermanos Pedro y Javier Gavilanes ya deambulaban por los caminos del arte antes de la creaci\u00f3n del ITAE, luego ser\u00edan parte tambi\u00e9n. Instituci\u00f3n y sujetos son, a la postre: influencia y significado\u201d.<\/p>\n\n\n\n<p><strong>Trayectoria de los alumnis UArtes<br><\/strong>Tayron Luna se gradu\u00f3 en 2019 y es un reconocido artista multidisciplinario que alimenta su \u201cfootage\u201d de trabajo a partir de la deriva y b\u00fasqueda de escenarios extra\u00f1os, gr\u00e1ficas remanentes y fen\u00f3menos ef\u00edmeros que puede brindar la ciudad. Particip\u00f3 en dos ediciones del Funka Fest (2017-2018), fue parte del proyecto de la calle Panam\u00e1 con el mural <em>Barrio del Baxo<\/em> (2020) y ha intervenido en ferias internacionales de arte, como Art Lima y ARTBO (2019). Ha realizado muestras individuales como <em>Collage &amp; D\u00e9collage, Inconcluso, El Paseante<\/em> and <em>Helios &amp; Sella<\/em> (2021) e intervenido en m\u00faltiples colectivas dentro y fuera del pa\u00eds. Forma parte del Colectivo Los Chivox desde el 2013 y en 2017 incursion\u00f3 en la gesti\u00f3n y direcci\u00f3n de espacios culturales autogestionados; primero en Violenta y, actualmente, en Taller Maldonado.<\/p>\n\n\n\n<p>Leo Moyano se form\u00f3 en el ITAE y en la UArtes. Entre los reconocimientos obtenidos constan los segundos lugares en el Sal\u00f3n de Octubre de la Casa de la Cultura del Guayas (2012) y en el Festival de Artes al Aire Libre (FAAL, 2015); segundo y tercer premio del Sal\u00f3n de Julio del Municipio de Guayaquil (2016 y 2017, respectivamente) y el primer lugar del Sal\u00f3n de Machala (2018). En la feria ArtLima 2019 gan\u00f3 el premio Ca.Sa. de incentivo a la producci\u00f3n de artistas emergentes. Ha realizado cuatro exposiciones individuales: <em>Campos de contemplaci\u00f3n<\/em> (2016), <em>Gula<\/em>g en DPM (2017), <em>L\u00edneas Vac\u00edas<\/em> (MAAC, 2018) y <em>Cr\u00f3nica<\/em>s (2019). Particip\u00f3 en las Ferias de Arte Contempor\u00e1neo PARC, Cha.Co, ArtBo y Pinta Miami. Tambi\u00e9n integra el Colectivo Los Chivox y, al igual que Luna, realiza trabajos de gesti\u00f3n y direcci\u00f3n en espacios culturales autogestionados.<\/p>\n\n\n\n<p>Lorena Pe\u00f1a se titul\u00f3 en 2018 y recientemente present\u00f3 en el Centro de Producci\u00f3n e Innovaci\u00f3n MZ14, de la Universidad de las Artes, la muestra <em>Los Quince A\u00f1os de Villa Rosita,<\/em> un proyecto que funciona como rescate a la memoria de una de las casas patrimoniales de Guayaquil. Tambi\u00e9n graduada en el ITAE, menci\u00f3n Escultura, su obra gira entorno a la instalaci\u00f3n, la caricatura y las intervenciones en el espacio p\u00fablico, y presenta intereses como la interacci\u00f3n del p\u00fablico y el arte, la resignificaci\u00f3n del uso del espacio p\u00fablico y la incorporaci\u00f3n de temas como la pedagog\u00eda en el museo. Paralelamente a su carrera de artista lleva una larga trayectoria en educaci\u00f3n en instituciones p\u00fablicas y privadas.<\/p>\n\n\n\n<p>Nikita F\u00e9lix tiene a su haber siete participaciones en exposiciones colectivas, una muestra individual, dos ponencias y tres publicaciones en cat\u00e1logos. En 2015 egres\u00f3 del ITAE, en 2018 obtuvo su licenciatura en Artes Visuales y en este 2021 el t\u00edtulo de mag\u00edster en Gesti\u00f3n y Emprendimiento de Proyectos Culturales en la Universidad Internacional de La Rioja. Se desempe\u00f1a como asistente t\u00e9cnico de bibliotecolog\u00eda de la Biblioteca de las Artes y a <em>Supuesto noConsentido <\/em>llev\u00f3 un fragmento de la serie <em>Pink Loop, n\u00ba 4,<\/em> obra en acr\u00edlico sobre lienzo (170 x 130 cm) que es parte de una serie de pinturas en la que, a partir de paisajes urbanos sobrepuestos, encara aquellas inquietudes que surgen en el diario vivir.<\/p>\n\n\n\n<p>Cabe indicar que Nikita F\u00e9lix particip\u00f3 en una de las mesas de di\u00e1logo de la Feria Internacional del Libro de Guayaquil (FIL), realizada del 8 al 12 de septiembre pasado. La artista abord\u00f3 el tema \u201cLecturas Vivas\u201d o \u201cC\u00f3mo crear comunidades lectoras\u201d. Esto a partir de su experiencia como coordinadora del C\u00edrculo de Lectura, proyecto que parte de la iniciativa conjunta de la Escuela de Literatura, el Departamento de Vinculaci\u00f3n de la Comunidad de la UArtes, La Casa Morada y la Biblioteca de las Artes. &nbsp;<\/p>\n\n\n\n<figure class=\"wp-block-image size-full\"><img fetchpriority=\"high\" decoding=\"async\" width=\"2000\" height=\"1333\" src=\"http:\/\/www.uartes.edu.ec\/sitio\/wp-content\/uploads\/2021\/10\/01-NIKITA.webp\" alt=\"\" class=\"wp-image-16172\" \/><\/figure>\n\n\n\n<p>Fotos cortes\u00eda. Arriba, los artistas en la inauguraci\u00f3n de la muestra colectiva <em>Supuesto noConsentido. <\/em>Sobre estas l\u00edneas, Nikita F\u00e9lix (izq.) durante su participaci\u00f3n en una de las mesas de di\u00e1logo de la FIL 2021.<\/p>","protected":false},"excerpt":{"rendered":"<p>Tayron Luna, Leo Moyano, Lorena Pe\u00f1a y Nikita F\u00e9lix, artistas que obtuvieron su licenciatura en Artes Visuales en la Universidad de las Artes, participan junto a sus pares Pedro Gavilanes, Gabriela Ch\u00e9rrez y Javier Gavilanes en una muestra colectiva organizada por Taller Maldonado y realizada en Cuenca.<\/p>","protected":false},"author":10,"featured_media":16171,"comment_status":"open","ping_status":"open","sticky":false,"template":"","format":"standard","meta":{"_acf_changed":false,"_uag_custom_page_level_css":"","_monsterinsights_skip_tracking":false,"_monsterinsights_sitenote_active":false,"_monsterinsights_sitenote_note":"","_monsterinsights_sitenote_category":0,"cybocfi_hide_featured_image":"","footnotes":""},"categories":[490,82,157,284],"tags":[507],"infouartes":[],"class_list":["post-16170","post","type-post","status-publish","format-standard","has-post-thumbnail","hentry","category-alumni","category-artes","category-artes-visuales","category-investigacion","tag-artes-visuales"],"acf":[],"yoast_head":"<!-- This site is optimized with the Yoast SEO plugin v27.4 - https:\/\/yoast.com\/product\/yoast-seo-wordpress\/ -->\n<title>Universidad de las Artes - \u201cSupuesto noConsentido\u201d junt\u00f3 en Cuenca a cuatro artistas que se graduaron en la UArtes<\/title>\n<meta name=\"description\" content=\"Universidad de las Artes - \u201cSupuesto noConsentido\u201d junt\u00f3 en Cuenca a cuatro artistas que se graduaron en la UArtes\" \/>\n<meta name=\"robots\" content=\"index, follow, max-snippet:-1, max-image-preview:large, max-video-preview:-1\" \/>\n<link rel=\"canonical\" href=\"https:\/\/www.uartes.edu.ec\/sitio\/en\/blog\/2021\/10\/12\/supuesto-noconsentido-junto-en-cuenca-a-cuatro-artistas-que-se-graduaron-en-la-uartes\/\" \/>\n<meta property=\"og:locale\" content=\"en_US\" \/>\n<meta property=\"og:type\" content=\"article\" \/>\n<meta property=\"og:title\" content=\"Universidad de las Artes - \u201cSupuesto noConsentido\u201d junt\u00f3 en Cuenca a cuatro artistas que se graduaron en la UArtes\" \/>\n<meta property=\"og:description\" content=\"Universidad de las Artes - \u201cSupuesto noConsentido\u201d junt\u00f3 en Cuenca a cuatro artistas que se graduaron en la UArtes\" \/>\n<meta property=\"og:url\" content=\"https:\/\/www.uartes.edu.ec\/sitio\/en\/blog\/2021\/10\/12\/supuesto-noconsentido-junto-en-cuenca-a-cuatro-artistas-que-se-graduaron-en-la-uartes\/\" \/>\n<meta property=\"og:site_name\" content=\"Universidad de las Artes\" \/>\n<meta property=\"article:publisher\" content=\"https:\/\/www.facebook.com\/uartesec\" \/>\n<meta property=\"article:published_time\" content=\"2021-10-12T16:00:00+00:00\" \/>\n<meta property=\"article:modified_time\" content=\"2024-07-04T16:25:30+00:00\" \/>\n<meta property=\"og:image\" content=\"https:\/\/www.uartes.edu.ec\/sitio\/wp-content\/uploads\/2021\/10\/02-NIKITA.webp\" \/>\n\t<meta property=\"og:image:width\" content=\"2000\" \/>\n\t<meta property=\"og:image:height\" content=\"1333\" \/>\n\t<meta property=\"og:image:type\" content=\"image\/webp\" \/>\n<meta name=\"author\" content=\"ccortez\" \/>\n<meta name=\"twitter:card\" content=\"summary_large_image\" \/>\n<meta name=\"twitter:creator\" content=\"@uartesec\" \/>\n<meta name=\"twitter:site\" content=\"@uartesec\" \/>\n<meta name=\"twitter:label1\" content=\"Written by\" \/>\n\t<meta name=\"twitter:data1\" content=\"ccortez\" \/>\n\t<meta name=\"twitter:label2\" content=\"Est. reading time\" \/>\n\t<meta name=\"twitter:data2\" content=\"5 minutes\" \/>\n<script type=\"application\/ld+json\" class=\"yoast-schema-graph\">{\"@context\":\"https:\\\/\\\/schema.org\",\"@graph\":[{\"@type\":\"Article\",\"@id\":\"https:\\\/\\\/www.uartes.edu.ec\\\/sitio\\\/en\\\/blog\\\/2021\\\/10\\\/12\\\/supuesto-noconsentido-junto-en-cuenca-a-cuatro-artistas-que-se-graduaron-en-la-uartes\\\/#article\",\"isPartOf\":{\"@id\":\"https:\\\/\\\/www.uartes.edu.ec\\\/sitio\\\/en\\\/blog\\\/2021\\\/10\\\/12\\\/supuesto-noconsentido-junto-en-cuenca-a-cuatro-artistas-que-se-graduaron-en-la-uartes\\\/\"},\"author\":{\"name\":\"ccortez\",\"@id\":\"https:\\\/\\\/www.uartes.edu.ec\\\/sitio\\\/en\\\/#\\\/schema\\\/person\\\/efa1b8275797664fd7f13a79ccc0b1f4\"},\"headline\":\"\u201cSupuesto noConsentido\u201d junt\u00f3 en Cuenca a cuatro artistas que se graduaron en la UArtes\",\"datePublished\":\"2021-10-12T16:00:00+00:00\",\"dateModified\":\"2024-07-04T16:25:30+00:00\",\"mainEntityOfPage\":{\"@id\":\"https:\\\/\\\/www.uartes.edu.ec\\\/sitio\\\/en\\\/blog\\\/2021\\\/10\\\/12\\\/supuesto-noconsentido-junto-en-cuenca-a-cuatro-artistas-que-se-graduaron-en-la-uartes\\\/\"},\"wordCount\":978,\"commentCount\":0,\"publisher\":{\"@id\":\"https:\\\/\\\/www.uartes.edu.ec\\\/sitio\\\/en\\\/#organization\"},\"image\":{\"@id\":\"https:\\\/\\\/www.uartes.edu.ec\\\/sitio\\\/en\\\/blog\\\/2021\\\/10\\\/12\\\/supuesto-noconsentido-junto-en-cuenca-a-cuatro-artistas-que-se-graduaron-en-la-uartes\\\/#primaryimage\"},\"thumbnailUrl\":\"https:\\\/\\\/www.uartes.edu.ec\\\/sitio\\\/wp-content\\\/uploads\\\/2021\\\/10\\\/02-NIKITA.webp\",\"keywords\":[\"artes visuales\"],\"articleSection\":[\"Alumni\",\"Artes\",\"Artes Visuales\",\"Investigaci\u00f3n\"],\"inLanguage\":\"en-US\",\"potentialAction\":[{\"@type\":\"CommentAction\",\"name\":\"Comment\",\"target\":[\"https:\\\/\\\/www.uartes.edu.ec\\\/sitio\\\/en\\\/blog\\\/2021\\\/10\\\/12\\\/supuesto-noconsentido-junto-en-cuenca-a-cuatro-artistas-que-se-graduaron-en-la-uartes\\\/#respond\"]}]},{\"@type\":[\"WebPage\",\"ItemPage\"],\"@id\":\"https:\\\/\\\/www.uartes.edu.ec\\\/sitio\\\/en\\\/blog\\\/2021\\\/10\\\/12\\\/supuesto-noconsentido-junto-en-cuenca-a-cuatro-artistas-que-se-graduaron-en-la-uartes\\\/\",\"url\":\"https:\\\/\\\/www.uartes.edu.ec\\\/sitio\\\/en\\\/blog\\\/2021\\\/10\\\/12\\\/supuesto-noconsentido-junto-en-cuenca-a-cuatro-artistas-que-se-graduaron-en-la-uartes\\\/\",\"name\":\"Universidad de las Artes - \u201cSupuesto noConsentido\u201d junt\u00f3 en Cuenca a cuatro artistas que se graduaron en la UArtes\",\"isPartOf\":{\"@id\":\"https:\\\/\\\/www.uartes.edu.ec\\\/sitio\\\/en\\\/#website\"},\"primaryImageOfPage\":{\"@id\":\"https:\\\/\\\/www.uartes.edu.ec\\\/sitio\\\/en\\\/blog\\\/2021\\\/10\\\/12\\\/supuesto-noconsentido-junto-en-cuenca-a-cuatro-artistas-que-se-graduaron-en-la-uartes\\\/#primaryimage\"},\"image\":{\"@id\":\"https:\\\/\\\/www.uartes.edu.ec\\\/sitio\\\/en\\\/blog\\\/2021\\\/10\\\/12\\\/supuesto-noconsentido-junto-en-cuenca-a-cuatro-artistas-que-se-graduaron-en-la-uartes\\\/#primaryimage\"},\"thumbnailUrl\":\"https:\\\/\\\/www.uartes.edu.ec\\\/sitio\\\/wp-content\\\/uploads\\\/2021\\\/10\\\/02-NIKITA.webp\",\"datePublished\":\"2021-10-12T16:00:00+00:00\",\"dateModified\":\"2024-07-04T16:25:30+00:00\",\"description\":\"Universidad de las Artes - \u201cSupuesto noConsentido\u201d junt\u00f3 en Cuenca a cuatro artistas que se graduaron en la UArtes\",\"breadcrumb\":{\"@id\":\"https:\\\/\\\/www.uartes.edu.ec\\\/sitio\\\/en\\\/blog\\\/2021\\\/10\\\/12\\\/supuesto-noconsentido-junto-en-cuenca-a-cuatro-artistas-que-se-graduaron-en-la-uartes\\\/#breadcrumb\"},\"inLanguage\":\"en-US\",\"potentialAction\":[{\"@type\":\"ReadAction\",\"target\":[\"https:\\\/\\\/www.uartes.edu.ec\\\/sitio\\\/en\\\/blog\\\/2021\\\/10\\\/12\\\/supuesto-noconsentido-junto-en-cuenca-a-cuatro-artistas-que-se-graduaron-en-la-uartes\\\/\"]}]},{\"@type\":\"ImageObject\",\"inLanguage\":\"en-US\",\"@id\":\"https:\\\/\\\/www.uartes.edu.ec\\\/sitio\\\/en\\\/blog\\\/2021\\\/10\\\/12\\\/supuesto-noconsentido-junto-en-cuenca-a-cuatro-artistas-que-se-graduaron-en-la-uartes\\\/#primaryimage\",\"url\":\"https:\\\/\\\/www.uartes.edu.ec\\\/sitio\\\/wp-content\\\/uploads\\\/2021\\\/10\\\/02-NIKITA.webp\",\"contentUrl\":\"https:\\\/\\\/www.uartes.edu.ec\\\/sitio\\\/wp-content\\\/uploads\\\/2021\\\/10\\\/02-NIKITA.webp\",\"width\":2000,\"height\":1333},{\"@type\":\"BreadcrumbList\",\"@id\":\"https:\\\/\\\/www.uartes.edu.ec\\\/sitio\\\/en\\\/blog\\\/2021\\\/10\\\/12\\\/supuesto-noconsentido-junto-en-cuenca-a-cuatro-artistas-que-se-graduaron-en-la-uartes\\\/#breadcrumb\",\"itemListElement\":[{\"@type\":\"ListItem\",\"position\":1,\"name\":\"Inicio\",\"item\":\"https:\\\/\\\/www.uartes.edu.ec\\\/sitio\\\/\"},{\"@type\":\"ListItem\",\"position\":2,\"name\":\"\u201cSupuesto noConsentido\u201d junt\u00f3 en Cuenca a cuatro artistas que se graduaron en la UArtes\"}]},{\"@type\":\"WebSite\",\"@id\":\"https:\\\/\\\/www.uartes.edu.ec\\\/sitio\\\/en\\\/#website\",\"url\":\"https:\\\/\\\/www.uartes.edu.ec\\\/sitio\\\/en\\\/\",\"name\":\"Universidad de las Artes\",\"description\":\"Sitio oficial de la Universidad Nacional de las Artes del Ecuador\",\"publisher\":{\"@id\":\"https:\\\/\\\/www.uartes.edu.ec\\\/sitio\\\/en\\\/#organization\"},\"potentialAction\":[{\"@type\":\"SearchAction\",\"target\":{\"@type\":\"EntryPoint\",\"urlTemplate\":\"https:\\\/\\\/www.uartes.edu.ec\\\/sitio\\\/en\\\/?s={search_term_string}\"},\"query-input\":{\"@type\":\"PropertyValueSpecification\",\"valueRequired\":true,\"valueName\":\"search_term_string\"}}],\"inLanguage\":\"en-US\"},{\"@type\":\"Organization\",\"@id\":\"https:\\\/\\\/www.uartes.edu.ec\\\/sitio\\\/en\\\/#organization\",\"name\":\"Universidad de las Artes\",\"url\":\"https:\\\/\\\/www.uartes.edu.ec\\\/sitio\\\/en\\\/\",\"logo\":{\"@type\":\"ImageObject\",\"inLanguage\":\"en-US\",\"@id\":\"https:\\\/\\\/www.uartes.edu.ec\\\/sitio\\\/en\\\/#\\\/schema\\\/logo\\\/image\\\/\",\"url\":\"https:\\\/\\\/www.uartes.edu.ec\\\/sitio\\\/wp-content\\\/uploads\\\/2022\\\/07\\\/logo-ua-horizontal.png\",\"contentUrl\":\"https:\\\/\\\/www.uartes.edu.ec\\\/sitio\\\/wp-content\\\/uploads\\\/2022\\\/07\\\/logo-ua-horizontal.png\",\"width\":800,\"height\":276,\"caption\":\"Universidad de las Artes\"},\"image\":{\"@id\":\"https:\\\/\\\/www.uartes.edu.ec\\\/sitio\\\/en\\\/#\\\/schema\\\/logo\\\/image\\\/\"},\"sameAs\":[\"https:\\\/\\\/www.facebook.com\\\/uartesec\",\"https:\\\/\\\/x.com\\\/uartesec\",\"https:\\\/\\\/www.tiktok.com\\\/@uartesec\"]},{\"@type\":\"Person\",\"@id\":\"https:\\\/\\\/www.uartes.edu.ec\\\/sitio\\\/en\\\/#\\\/schema\\\/person\\\/efa1b8275797664fd7f13a79ccc0b1f4\",\"name\":\"ccortez\",\"image\":{\"@type\":\"ImageObject\",\"inLanguage\":\"en-US\",\"@id\":\"https:\\\/\\\/secure.gravatar.com\\\/avatar\\\/b2a6f664a3ae8e074346ef91775736c5ec479e637ecced6842de9dc98b5da9cd?s=96&d=mm&r=g\",\"url\":\"https:\\\/\\\/secure.gravatar.com\\\/avatar\\\/b2a6f664a3ae8e074346ef91775736c5ec479e637ecced6842de9dc98b5da9cd?s=96&d=mm&r=g\",\"contentUrl\":\"https:\\\/\\\/secure.gravatar.com\\\/avatar\\\/b2a6f664a3ae8e074346ef91775736c5ec479e637ecced6842de9dc98b5da9cd?s=96&d=mm&r=g\",\"caption\":\"ccortez\"},\"url\":\"https:\\\/\\\/www.uartes.edu.ec\\\/sitio\\\/en\\\/blog\\\/author\\\/ccortez\\\/\"}]}<\/script>\n<!-- \/ Yoast SEO plugin. -->","yoast_head_json":{"title":"Universidad de las Artes - \u201cSupuesto noConsentido\u201d junt\u00f3 en Cuenca a cuatro artistas que se graduaron en la UArtes","description":"Universidad de las Artes - \u201cSupuesto noConsentido\u201d junt\u00f3 en Cuenca a cuatro artistas que se graduaron en la UArtes","robots":{"index":"index","follow":"follow","max-snippet":"max-snippet:-1","max-image-preview":"max-image-preview:large","max-video-preview":"max-video-preview:-1"},"canonical":"https:\/\/www.uartes.edu.ec\/sitio\/en\/blog\/2021\/10\/12\/supuesto-noconsentido-junto-en-cuenca-a-cuatro-artistas-que-se-graduaron-en-la-uartes\/","og_locale":"en_US","og_type":"article","og_title":"Universidad de las Artes - \u201cSupuesto noConsentido\u201d junt\u00f3 en Cuenca a cuatro artistas que se graduaron en la UArtes","og_description":"Universidad de las Artes - \u201cSupuesto noConsentido\u201d junt\u00f3 en Cuenca a cuatro artistas que se graduaron en la UArtes","og_url":"https:\/\/www.uartes.edu.ec\/sitio\/en\/blog\/2021\/10\/12\/supuesto-noconsentido-junto-en-cuenca-a-cuatro-artistas-que-se-graduaron-en-la-uartes\/","og_site_name":"Universidad de las Artes","article_publisher":"https:\/\/www.facebook.com\/uartesec","article_published_time":"2021-10-12T16:00:00+00:00","article_modified_time":"2024-07-04T16:25:30+00:00","og_image":[{"width":2000,"height":1333,"url":"https:\/\/www.uartes.edu.ec\/sitio\/wp-content\/uploads\/2021\/10\/02-NIKITA.webp","type":"image\/webp"}],"author":"ccortez","twitter_card":"summary_large_image","twitter_creator":"@uartesec","twitter_site":"@uartesec","twitter_misc":{"Written by":"ccortez","Est. reading time":"5 minutes"},"schema":{"@context":"https:\/\/schema.org","@graph":[{"@type":"Article","@id":"https:\/\/www.uartes.edu.ec\/sitio\/en\/blog\/2021\/10\/12\/supuesto-noconsentido-junto-en-cuenca-a-cuatro-artistas-que-se-graduaron-en-la-uartes\/#article","isPartOf":{"@id":"https:\/\/www.uartes.edu.ec\/sitio\/en\/blog\/2021\/10\/12\/supuesto-noconsentido-junto-en-cuenca-a-cuatro-artistas-que-se-graduaron-en-la-uartes\/"},"author":{"name":"ccortez","@id":"https:\/\/www.uartes.edu.ec\/sitio\/en\/#\/schema\/person\/efa1b8275797664fd7f13a79ccc0b1f4"},"headline":"\u201cSupuesto noConsentido\u201d junt\u00f3 en Cuenca a cuatro artistas que se graduaron en la UArtes","datePublished":"2021-10-12T16:00:00+00:00","dateModified":"2024-07-04T16:25:30+00:00","mainEntityOfPage":{"@id":"https:\/\/www.uartes.edu.ec\/sitio\/en\/blog\/2021\/10\/12\/supuesto-noconsentido-junto-en-cuenca-a-cuatro-artistas-que-se-graduaron-en-la-uartes\/"},"wordCount":978,"commentCount":0,"publisher":{"@id":"https:\/\/www.uartes.edu.ec\/sitio\/en\/#organization"},"image":{"@id":"https:\/\/www.uartes.edu.ec\/sitio\/en\/blog\/2021\/10\/12\/supuesto-noconsentido-junto-en-cuenca-a-cuatro-artistas-que-se-graduaron-en-la-uartes\/#primaryimage"},"thumbnailUrl":"https:\/\/www.uartes.edu.ec\/sitio\/wp-content\/uploads\/2021\/10\/02-NIKITA.webp","keywords":["artes visuales"],"articleSection":["Alumni","Artes","Artes Visuales","Investigaci\u00f3n"],"inLanguage":"en-US","potentialAction":[{"@type":"CommentAction","name":"Comment","target":["https:\/\/www.uartes.edu.ec\/sitio\/en\/blog\/2021\/10\/12\/supuesto-noconsentido-junto-en-cuenca-a-cuatro-artistas-que-se-graduaron-en-la-uartes\/#respond"]}]},{"@type":["WebPage","ItemPage"],"@id":"https:\/\/www.uartes.edu.ec\/sitio\/en\/blog\/2021\/10\/12\/supuesto-noconsentido-junto-en-cuenca-a-cuatro-artistas-que-se-graduaron-en-la-uartes\/","url":"https:\/\/www.uartes.edu.ec\/sitio\/en\/blog\/2021\/10\/12\/supuesto-noconsentido-junto-en-cuenca-a-cuatro-artistas-que-se-graduaron-en-la-uartes\/","name":"Universidad de las Artes - \u201cSupuesto noConsentido\u201d junt\u00f3 en Cuenca a cuatro artistas que se graduaron en la UArtes","isPartOf":{"@id":"https:\/\/www.uartes.edu.ec\/sitio\/en\/#website"},"primaryImageOfPage":{"@id":"https:\/\/www.uartes.edu.ec\/sitio\/en\/blog\/2021\/10\/12\/supuesto-noconsentido-junto-en-cuenca-a-cuatro-artistas-que-se-graduaron-en-la-uartes\/#primaryimage"},"image":{"@id":"https:\/\/www.uartes.edu.ec\/sitio\/en\/blog\/2021\/10\/12\/supuesto-noconsentido-junto-en-cuenca-a-cuatro-artistas-que-se-graduaron-en-la-uartes\/#primaryimage"},"thumbnailUrl":"https:\/\/www.uartes.edu.ec\/sitio\/wp-content\/uploads\/2021\/10\/02-NIKITA.webp","datePublished":"2021-10-12T16:00:00+00:00","dateModified":"2024-07-04T16:25:30+00:00","description":"Universidad de las Artes - \u201cSupuesto noConsentido\u201d junt\u00f3 en Cuenca a cuatro artistas que se graduaron en la UArtes","breadcrumb":{"@id":"https:\/\/www.uartes.edu.ec\/sitio\/en\/blog\/2021\/10\/12\/supuesto-noconsentido-junto-en-cuenca-a-cuatro-artistas-que-se-graduaron-en-la-uartes\/#breadcrumb"},"inLanguage":"en-US","potentialAction":[{"@type":"ReadAction","target":["https:\/\/www.uartes.edu.ec\/sitio\/en\/blog\/2021\/10\/12\/supuesto-noconsentido-junto-en-cuenca-a-cuatro-artistas-que-se-graduaron-en-la-uartes\/"]}]},{"@type":"ImageObject","inLanguage":"en-US","@id":"https:\/\/www.uartes.edu.ec\/sitio\/en\/blog\/2021\/10\/12\/supuesto-noconsentido-junto-en-cuenca-a-cuatro-artistas-que-se-graduaron-en-la-uartes\/#primaryimage","url":"https:\/\/www.uartes.edu.ec\/sitio\/wp-content\/uploads\/2021\/10\/02-NIKITA.webp","contentUrl":"https:\/\/www.uartes.edu.ec\/sitio\/wp-content\/uploads\/2021\/10\/02-NIKITA.webp","width":2000,"height":1333},{"@type":"BreadcrumbList","@id":"https:\/\/www.uartes.edu.ec\/sitio\/en\/blog\/2021\/10\/12\/supuesto-noconsentido-junto-en-cuenca-a-cuatro-artistas-que-se-graduaron-en-la-uartes\/#breadcrumb","itemListElement":[{"@type":"ListItem","position":1,"name":"Inicio","item":"https:\/\/www.uartes.edu.ec\/sitio\/"},{"@type":"ListItem","position":2,"name":"\u201cSupuesto noConsentido\u201d junt\u00f3 en Cuenca a cuatro artistas que se graduaron en la UArtes"}]},{"@type":"WebSite","@id":"https:\/\/www.uartes.edu.ec\/sitio\/en\/#website","url":"https:\/\/www.uartes.edu.ec\/sitio\/en\/","name":"Universidad de las Artes","description":"Sitio oficial de la Universidad Nacional de las Artes del Ecuador","publisher":{"@id":"https:\/\/www.uartes.edu.ec\/sitio\/en\/#organization"},"potentialAction":[{"@type":"SearchAction","target":{"@type":"EntryPoint","urlTemplate":"https:\/\/www.uartes.edu.ec\/sitio\/en\/?s={search_term_string}"},"query-input":{"@type":"PropertyValueSpecification","valueRequired":true,"valueName":"search_term_string"}}],"inLanguage":"en-US"},{"@type":"Organization","@id":"https:\/\/www.uartes.edu.ec\/sitio\/en\/#organization","name":"Universidad de las Artes","url":"https:\/\/www.uartes.edu.ec\/sitio\/en\/","logo":{"@type":"ImageObject","inLanguage":"en-US","@id":"https:\/\/www.uartes.edu.ec\/sitio\/en\/#\/schema\/logo\/image\/","url":"https:\/\/www.uartes.edu.ec\/sitio\/wp-content\/uploads\/2022\/07\/logo-ua-horizontal.png","contentUrl":"https:\/\/www.uartes.edu.ec\/sitio\/wp-content\/uploads\/2022\/07\/logo-ua-horizontal.png","width":800,"height":276,"caption":"Universidad de las Artes"},"image":{"@id":"https:\/\/www.uartes.edu.ec\/sitio\/en\/#\/schema\/logo\/image\/"},"sameAs":["https:\/\/www.facebook.com\/uartesec","https:\/\/x.com\/uartesec","https:\/\/www.tiktok.com\/@uartesec"]},{"@type":"Person","@id":"https:\/\/www.uartes.edu.ec\/sitio\/en\/#\/schema\/person\/efa1b8275797664fd7f13a79ccc0b1f4","name":"ccortez","image":{"@type":"ImageObject","inLanguage":"en-US","@id":"https:\/\/secure.gravatar.com\/avatar\/b2a6f664a3ae8e074346ef91775736c5ec479e637ecced6842de9dc98b5da9cd?s=96&d=mm&r=g","url":"https:\/\/secure.gravatar.com\/avatar\/b2a6f664a3ae8e074346ef91775736c5ec479e637ecced6842de9dc98b5da9cd?s=96&d=mm&r=g","contentUrl":"https:\/\/secure.gravatar.com\/avatar\/b2a6f664a3ae8e074346ef91775736c5ec479e637ecced6842de9dc98b5da9cd?s=96&d=mm&r=g","caption":"ccortez"},"url":"https:\/\/www.uartes.edu.ec\/sitio\/en\/blog\/author\/ccortez\/"}]}},"uagb_featured_image_src":{"full":["https:\/\/www.uartes.edu.ec\/sitio\/wp-content\/uploads\/2021\/10\/02-NIKITA.webp",2000,1333,false],"thumbnail":["https:\/\/www.uartes.edu.ec\/sitio\/wp-content\/uploads\/2021\/10\/02-NIKITA.webp",150,100,false],"medium":["https:\/\/www.uartes.edu.ec\/sitio\/wp-content\/uploads\/2021\/10\/02-NIKITA.webp",300,200,false],"medium_large":["https:\/\/www.uartes.edu.ec\/sitio\/wp-content\/uploads\/2021\/10\/02-NIKITA.webp",768,512,false],"large":["https:\/\/www.uartes.edu.ec\/sitio\/wp-content\/uploads\/2021\/10\/02-NIKITA.webp",644,429,false],"1536x1536":["https:\/\/www.uartes.edu.ec\/sitio\/wp-content\/uploads\/2021\/10\/02-NIKITA.webp",1536,1024,false],"2048x2048":["https:\/\/www.uartes.edu.ec\/sitio\/wp-content\/uploads\/2021\/10\/02-NIKITA.webp",2000,1333,false],"trp-custom-language-flag":["https:\/\/www.uartes.edu.ec\/sitio\/wp-content\/uploads\/2021\/10\/02-NIKITA.webp",18,12,false],"htmega_size_585x295":["https:\/\/www.uartes.edu.ec\/sitio\/wp-content\/uploads\/2021\/10\/02-NIKITA.webp",443,295,false],"htmega_size_1170x536":["https:\/\/www.uartes.edu.ec\/sitio\/wp-content\/uploads\/2021\/10\/02-NIKITA.webp",804,536,false],"htmega_size_396x360":["https:\/\/www.uartes.edu.ec\/sitio\/wp-content\/uploads\/2021\/10\/02-NIKITA.webp",396,264,false],"gb-block-post-grid-landscape":["https:\/\/www.uartes.edu.ec\/sitio\/wp-content\/uploads\/2021\/10\/02-NIKITA.webp",600,400,false],"gb-block-post-grid-square":["https:\/\/www.uartes.edu.ec\/sitio\/wp-content\/uploads\/2021\/10\/02-NIKITA.webp",600,400,false],"university-hub-thumb":["https:\/\/www.uartes.edu.ec\/sitio\/wp-content\/uploads\/2021\/10\/02-NIKITA.webp",400,267,false],"mailpoet_newsletter_max":["https:\/\/www.uartes.edu.ec\/sitio\/wp-content\/uploads\/2021\/10\/02-NIKITA.webp",1320,880,false]},"uagb_author_info":{"display_name":"ccortez","author_link":"https:\/\/www.uartes.edu.ec\/sitio\/en\/blog\/author\/ccortez\/"},"uagb_comment_info":0,"uagb_excerpt":"Tayron Luna, Leo Moyano, Lorena Pe\u00f1a y Nikita F\u00e9lix, artistas que obtuvieron su licenciatura en Artes Visuales en la Universidad de las Artes, participan junto a sus pares Pedro Gavilanes, Gabriela Ch\u00e9rrez y Javier Gavilanes en una muestra colectiva organizada por Taller Maldonado y realizada en Cuenca.","featured_image_src":"https:\/\/www.uartes.edu.ec\/sitio\/wp-content\/uploads\/2021\/10\/02-NIKITA.webp","featured_image_src_square":"https:\/\/www.uartes.edu.ec\/sitio\/wp-content\/uploads\/2021\/10\/02-NIKITA.webp","author_info":{"display_name":"ccortez","author_link":"https:\/\/www.uartes.edu.ec\/sitio\/en\/blog\/author\/ccortez\/"},"publishpress_future_workflow_manual_trigger":{"enabledWorkflows":[]},"distributor_meta":false,"distributor_terms":false,"distributor_media":false,"distributor_original_site_name":"Universidad de las Artes","distributor_original_site_url":"https:\/\/www.uartes.edu.ec\/sitio\/en","push-errors":false,"_links":{"self":[{"href":"https:\/\/www.uartes.edu.ec\/sitio\/en\/wp-json\/wp\/v2\/posts\/16170","targetHints":{"allow":["GET"]}}],"collection":[{"href":"https:\/\/www.uartes.edu.ec\/sitio\/en\/wp-json\/wp\/v2\/posts"}],"about":[{"href":"https:\/\/www.uartes.edu.ec\/sitio\/en\/wp-json\/wp\/v2\/types\/post"}],"author":[{"embeddable":true,"href":"https:\/\/www.uartes.edu.ec\/sitio\/en\/wp-json\/wp\/v2\/users\/10"}],"replies":[{"embeddable":true,"href":"https:\/\/www.uartes.edu.ec\/sitio\/en\/wp-json\/wp\/v2\/comments?post=16170"}],"version-history":[{"count":1,"href":"https:\/\/www.uartes.edu.ec\/sitio\/en\/wp-json\/wp\/v2\/posts\/16170\/revisions"}],"predecessor-version":[{"id":16175,"href":"https:\/\/www.uartes.edu.ec\/sitio\/en\/wp-json\/wp\/v2\/posts\/16170\/revisions\/16175"}],"wp:featuredmedia":[{"embeddable":true,"href":"https:\/\/www.uartes.edu.ec\/sitio\/en\/wp-json\/wp\/v2\/media\/16171"}],"wp:attachment":[{"href":"https:\/\/www.uartes.edu.ec\/sitio\/en\/wp-json\/wp\/v2\/media?parent=16170"}],"wp:term":[{"taxonomy":"category","embeddable":true,"href":"https:\/\/www.uartes.edu.ec\/sitio\/en\/wp-json\/wp\/v2\/categories?post=16170"},{"taxonomy":"post_tag","embeddable":true,"href":"https:\/\/www.uartes.edu.ec\/sitio\/en\/wp-json\/wp\/v2\/tags?post=16170"},{"taxonomy":"infouartes","embeddable":true,"href":"https:\/\/www.uartes.edu.ec\/sitio\/en\/wp-json\/wp\/v2\/infouartes?post=16170"}],"curies":[{"name":"wp","href":"https:\/\/api.w.org\/{rel}","templated":true}]}}