{"id":16405,"date":"2021-10-25T16:48:00","date_gmt":"2021-10-25T21:48:00","guid":{"rendered":"http:\/\/www.uartes.edu.ec\/sitio\/?p=16405"},"modified":"2024-07-04T11:25:28","modified_gmt":"2024-07-04T16:25:28","slug":"nuestro-pueblo-reune-en-san-rafael-a-estudiantes-de-artes-visuales-y-sus-obras","status":"publish","type":"post","link":"https:\/\/www.uartes.edu.ec\/sitio\/en\/blog\/2021\/10\/25\/nuestro-pueblo-reune-en-san-rafael-a-estudiantes-de-artes-visuales-y-sus-obras\/","title":{"rendered":"\u201cNuestro Pueblo\u201d re\u00fane en San Rafael a estudiantes de Artes Visuales y sus obras"},"content":{"rendered":"<p>En la comunidad de San Rafael, en la Escuela Comunitaria de Arte Integral Minkay Studio, se inaugur\u00f3 el pasado s\u00e1bado 23 de octubre de 2021 la muestra colectiva <em>Nuestro Pueblo (\u00d1ukanchik Llakta), <\/em>con obras de quince artistas; seis de ellos y la curadora, Jhuliana Calder\u00f3n, son estudiantes de la Universidad de las Artes.&nbsp;<\/p>\n\n\n\n<p>En el espacio expositivo de esta parroquia de la provincia del Ca\u00f1ar constan las propuestas de Sisa Mor\u00e1n, Valeria Lazo, Juan Santos, Franco Pillcorema, Juan Garc\u00eda, Marcelo Padilla, Hugo Torres, Jos\u00e9 Pinos y Jonathan Pe\u00f1arreta, as\u00ed como los trabajos de los alumnos de la Escuela de Artes Visuales de la UArtes Alexander Cevallos, Lorena Santamar\u00eda, Kimberly Yagual, Manuel Salda\u00f1a, Fernando Calle y Daniel Zambrano.<\/p>\n\n\n\n<p>Kimberly Yagual, quien se encuentra en el octavo semestre de la carrera de Artes Visuales, itinerario Creaci\u00f3n e Investigaci\u00f3n Pict\u00f3rica, comenta que la exposici\u00f3n permanecer\u00e1 abierta hasta el 3 de noviembre pr\u00f3ximo. Revela que su participaci\u00f3n se dio por invitaci\u00f3n de su compa\u00f1ero y amigo Fernando Calle, y que \u00e9l junto con Manuel Salda\u00f1a y Jhuliana Calder\u00f3n han venido presentando sus obras en Ca\u00f1ar; a una de sus muestras la titularon <em>Manifiestos ef\u00edmeros.<\/em><\/p>\n\n\n\n<figure class=\"wp-block-image size-full\"><img fetchpriority=\"high\" decoding=\"async\" width=\"2000\" height=\"1333\" src=\"http:\/\/www.uartes.edu.ec\/sitio\/wp-content\/uploads\/2021\/10\/NUESTRO-PUEBLO-1.webp\" alt=\"\" class=\"wp-image-16418\" \/><\/figure>\n\n\n\n<p>Sobre la propuesta colectiva, Jhuliana Calder\u00f3n, su curadora, inicia el an\u00e1lisis de su texto citando a Jorge Luis Borges: \u201c\u2026 Todo lo que nos sucede, incluso nuestras humillaciones, nuestras desgracias, nuestras verg\u00fcenzas, todo nos es dado como materia prima, como barro, para que podamos dar forma a nuestro arte\u2026\u201d. Luego se\u00f1ala que \u201cel acto de creaci\u00f3n desemboca en s\u00ed mismo un complejo y diversificado proceso de autoconciencia sobre aquello que forja nuestra realidad\u2026 Las formas, texturas y colores se convierten en organismos vivos de transformaci\u00f3n constante. Confluencias y encuentros enmarcados alrededor de reflejos y sombras, de lo visible y opaco, de lo biogr\u00e1fico y colectivo, van moldeando im\u00e1genes intermitentes cargadas de significantes\u201d.<\/p>\n\n\n\n<p>La curadora indica que <em>\u00abNuestro Pueblo <\/em>se enmarca como un recorrido formal y conceptual en torno a diferentes cuestionamientos e inquietudes de cada uno de los artistas participantes. Al mismo tiempo, \u00d1unkanchik Llakta se presenta como un espacio de convergencia alrededor de la producci\u00f3n art\u00edstica vinculada a la territorialidad y sus multiplicidades\u201d.<\/p>\n\n\n\n<p>Del trabajo de sus compa\u00f1eros de la UArtes, Jhuliana Calder\u00f3n opina: \u00abMemorias y relatos que se esconden en el inmenso mar, naufragan en busca de vestigios que reconstruyan vidas, que reconstruyan historias y que nos permitan navegar hacia un estado primigenio al de huellas y escombros\u2026 Alexander Cevallos explora estas dimensiones por medio de una instalaci\u00f3n. La obra de Kimberly Yagual nos remite hacia experiencias primigenias, englobadas en la ni\u00f1ez y sus diversas formas de expresi\u00f3n y manifestaci\u00f3n\u00bb. <\/p>\n\n\n\n<p>La remembranza, como idea principal en un plano de expresi\u00f3n subjetiva, se evidencia en los trabajos introspectivos de Manuel Salda\u00f1a, sostiene Calder\u00f3n y a\u00f1ade: \u00ab(\u2026) El conjunto de miradas y subjetividades que surgen en el proceso creativo, configuran una serie de elementos referenciales para Daniel Zambrano y su constante indagaci\u00f3n de fen\u00f3menos \u00f3pticos y visuales, que derivan en una suerte de \u201cpaisajes-puzzle\u201d con especial preponderancia en el uso del color. \u201c(\u2026) Fernando Calle y Lorena Santamar\u00eda reivindican lo microsc\u00f3pico como reflejo paisaj\u00edstico e identitario a partir de lo geogr\u00e1fico\u201d.<\/p>\n\n\n\n<figure class=\"wp-block-image size-full\"><img decoding=\"async\" width=\"2000\" height=\"1333\" src=\"http:\/\/www.uartes.edu.ec\/sitio\/wp-content\/uploads\/2021\/10\/NUESTRO-PUEBLO-2.webp\" alt=\"\" class=\"wp-image-16419\" \/><\/figure>\n\n\n\n<p>Respecto a su participaci\u00f3n. Kimberly Yagual comenta que la invitaci\u00f3n para ser parte de <em>Nuestro Pueblo (\u00d1ukanchik Llakta) <\/em>le pareci\u00f3 una gran oportunidad. M\u00e1s que por afinidad, porque su trabajo haya sido de inter\u00e9s y tomado en cuenta para proyectos conjuntos. \u201cMe anim\u00e9 a participar&nbsp;porque he podido captar el enfoque profesional y las ganas que mis compa\u00f1eros le ponen en la producci\u00f3n de las muestras\u201d. No haber expuesto en la provincia del Ca\u00f1ar tambi\u00e9n capt\u00f3 su atenci\u00f3n y consider\u00f3 atractiva la propuesta <em>Nuestro Pueblo<\/em>, pues no se enmarca a un pueblo en espec\u00edfico, sino en t\u00e9rminos m\u00e1s generales. Abarca distintas zonas geogr\u00e1ficas del pa\u00eds, por lo que se pueden apreciar obras de artistas emergentes de Costa y Sierra, y t\u00e9cnicas diversas, pintura, mixed media, fotograf\u00eda e instalaci\u00f3n.&nbsp; &nbsp;<\/p>\n\n\n\n<p>Para <em>Nuestro Pueblo, <\/em>Kimberly Yagual seleccion\u00f3 dos de las obras que expuso en septiembre pasado (del 3 al 15) en su primera muestra individual a la que denomin\u00f3 <em>Y Per \u25ca.<\/em> Tuvo lugar en la Casa de la Cultura N\u00facleo del Guayas, en la sala Araceli Gilbert.&nbsp;<\/p>","protected":false},"excerpt":{"rendered":"<p>En la comunidad de San Rafael, en la Escuela Comunitaria de Arte Integral Minkay Studio, se inaugur\u00f3 el pasado s\u00e1bado 23 de octubre de 2021 la muestra colectiva Nuestro Pueblo (\u00d1ukanchik Llakta), con obras de quince artistas; seis de ellos y la curadora, Jhuliana Calder\u00f3n, son estudiantes de la Universidad de las Artes.\u00a0<\/p>","protected":false},"author":10,"featured_media":16416,"comment_status":"open","ping_status":"open","sticky":false,"template":"","format":"standard","meta":{"_acf_changed":false,"_uag_custom_page_level_css":"","_monsterinsights_skip_tracking":false,"_monsterinsights_sitenote_active":false,"_monsterinsights_sitenote_note":"","_monsterinsights_sitenote_category":0,"cybocfi_hide_featured_image":"","footnotes":""},"categories":[82,157,76],"tags":[529],"infouartes":[],"class_list":["post-16405","post","type-post","status-publish","format-standard","has-post-thumbnail","hentry","category-artes","category-artes-visuales","category-estudiantes","tag-muestra-colectiva"],"acf":[],"yoast_head":"<!-- This site is optimized with the Yoast SEO plugin v27.4 - https:\/\/yoast.com\/product\/yoast-seo-wordpress\/ -->\n<title>Universidad de las Artes - \u201cNuestro Pueblo\u201d re\u00fane en San Rafael a estudiantes de Artes Visuales y sus obras<\/title>\n<meta name=\"description\" content=\"Universidad de las Artes - \u201cNuestro Pueblo\u201d re\u00fane en San Rafael a estudiantes de Artes Visuales y sus obras\" \/>\n<meta name=\"robots\" content=\"index, follow, max-snippet:-1, max-image-preview:large, max-video-preview:-1\" \/>\n<link rel=\"canonical\" href=\"https:\/\/www.uartes.edu.ec\/sitio\/en\/blog\/2021\/10\/25\/nuestro-pueblo-reune-en-san-rafael-a-estudiantes-de-artes-visuales-y-sus-obras\/\" \/>\n<meta property=\"og:locale\" content=\"en_US\" \/>\n<meta property=\"og:type\" content=\"article\" \/>\n<meta property=\"og:title\" content=\"Universidad de las Artes - \u201cNuestro Pueblo\u201d re\u00fane en San Rafael a estudiantes de Artes Visuales y sus obras\" \/>\n<meta property=\"og:description\" content=\"Universidad de las Artes - \u201cNuestro Pueblo\u201d re\u00fane en San Rafael a estudiantes de Artes Visuales y sus obras\" \/>\n<meta property=\"og:url\" content=\"https:\/\/www.uartes.edu.ec\/sitio\/en\/blog\/2021\/10\/25\/nuestro-pueblo-reune-en-san-rafael-a-estudiantes-de-artes-visuales-y-sus-obras\/\" \/>\n<meta property=\"og:site_name\" content=\"Universidad de las Artes\" \/>\n<meta property=\"article:publisher\" content=\"https:\/\/www.facebook.com\/uartesec\" \/>\n<meta property=\"article:published_time\" content=\"2021-10-25T21:48:00+00:00\" \/>\n<meta property=\"article:modified_time\" content=\"2024-07-04T16:25:28+00:00\" \/>\n<meta property=\"og:image\" content=\"https:\/\/www.uartes.edu.ec\/sitio\/wp-content\/uploads\/2021\/10\/NUESTRO-PUEBLO-3.webp\" \/>\n\t<meta property=\"og:image:width\" content=\"2000\" \/>\n\t<meta property=\"og:image:height\" content=\"1333\" \/>\n\t<meta property=\"og:image:type\" content=\"image\/webp\" \/>\n<meta name=\"author\" content=\"ccortez\" \/>\n<meta name=\"twitter:card\" content=\"summary_large_image\" \/>\n<meta name=\"twitter:creator\" content=\"@uartesec\" \/>\n<meta name=\"twitter:site\" content=\"@uartesec\" \/>\n<meta name=\"twitter:label1\" content=\"Written by\" \/>\n\t<meta name=\"twitter:data1\" content=\"ccortez\" \/>\n\t<meta name=\"twitter:label2\" content=\"Est. reading time\" \/>\n\t<meta name=\"twitter:data2\" content=\"4 minutes\" \/>\n<script type=\"application\/ld+json\" class=\"yoast-schema-graph\">{\"@context\":\"https:\\\/\\\/schema.org\",\"@graph\":[{\"@type\":\"Article\",\"@id\":\"https:\\\/\\\/www.uartes.edu.ec\\\/sitio\\\/en\\\/blog\\\/2021\\\/10\\\/25\\\/nuestro-pueblo-reune-en-san-rafael-a-estudiantes-de-artes-visuales-y-sus-obras\\\/#article\",\"isPartOf\":{\"@id\":\"https:\\\/\\\/www.uartes.edu.ec\\\/sitio\\\/en\\\/blog\\\/2021\\\/10\\\/25\\\/nuestro-pueblo-reune-en-san-rafael-a-estudiantes-de-artes-visuales-y-sus-obras\\\/\"},\"author\":{\"name\":\"ccortez\",\"@id\":\"https:\\\/\\\/www.uartes.edu.ec\\\/sitio\\\/en\\\/#\\\/schema\\\/person\\\/efa1b8275797664fd7f13a79ccc0b1f4\"},\"headline\":\"\u201cNuestro Pueblo\u201d re\u00fane en San Rafael a estudiantes de Artes Visuales y sus obras\",\"datePublished\":\"2021-10-25T21:48:00+00:00\",\"dateModified\":\"2024-07-04T16:25:28+00:00\",\"mainEntityOfPage\":{\"@id\":\"https:\\\/\\\/www.uartes.edu.ec\\\/sitio\\\/en\\\/blog\\\/2021\\\/10\\\/25\\\/nuestro-pueblo-reune-en-san-rafael-a-estudiantes-de-artes-visuales-y-sus-obras\\\/\"},\"wordCount\":771,\"commentCount\":0,\"publisher\":{\"@id\":\"https:\\\/\\\/www.uartes.edu.ec\\\/sitio\\\/en\\\/#organization\"},\"image\":{\"@id\":\"https:\\\/\\\/www.uartes.edu.ec\\\/sitio\\\/en\\\/blog\\\/2021\\\/10\\\/25\\\/nuestro-pueblo-reune-en-san-rafael-a-estudiantes-de-artes-visuales-y-sus-obras\\\/#primaryimage\"},\"thumbnailUrl\":\"https:\\\/\\\/www.uartes.edu.ec\\\/sitio\\\/wp-content\\\/uploads\\\/2021\\\/10\\\/NUESTRO-PUEBLO-3.webp\",\"keywords\":[\"muestra colectiva\"],\"articleSection\":[\"Artes\",\"Artes Visuales\",\"Estudiantes\"],\"inLanguage\":\"en-US\",\"potentialAction\":[{\"@type\":\"CommentAction\",\"name\":\"Comment\",\"target\":[\"https:\\\/\\\/www.uartes.edu.ec\\\/sitio\\\/en\\\/blog\\\/2021\\\/10\\\/25\\\/nuestro-pueblo-reune-en-san-rafael-a-estudiantes-de-artes-visuales-y-sus-obras\\\/#respond\"]}]},{\"@type\":[\"WebPage\",\"ItemPage\"],\"@id\":\"https:\\\/\\\/www.uartes.edu.ec\\\/sitio\\\/en\\\/blog\\\/2021\\\/10\\\/25\\\/nuestro-pueblo-reune-en-san-rafael-a-estudiantes-de-artes-visuales-y-sus-obras\\\/\",\"url\":\"https:\\\/\\\/www.uartes.edu.ec\\\/sitio\\\/en\\\/blog\\\/2021\\\/10\\\/25\\\/nuestro-pueblo-reune-en-san-rafael-a-estudiantes-de-artes-visuales-y-sus-obras\\\/\",\"name\":\"Universidad de las Artes - \u201cNuestro Pueblo\u201d re\u00fane en San Rafael a estudiantes de Artes Visuales y sus obras\",\"isPartOf\":{\"@id\":\"https:\\\/\\\/www.uartes.edu.ec\\\/sitio\\\/en\\\/#website\"},\"primaryImageOfPage\":{\"@id\":\"https:\\\/\\\/www.uartes.edu.ec\\\/sitio\\\/en\\\/blog\\\/2021\\\/10\\\/25\\\/nuestro-pueblo-reune-en-san-rafael-a-estudiantes-de-artes-visuales-y-sus-obras\\\/#primaryimage\"},\"image\":{\"@id\":\"https:\\\/\\\/www.uartes.edu.ec\\\/sitio\\\/en\\\/blog\\\/2021\\\/10\\\/25\\\/nuestro-pueblo-reune-en-san-rafael-a-estudiantes-de-artes-visuales-y-sus-obras\\\/#primaryimage\"},\"thumbnailUrl\":\"https:\\\/\\\/www.uartes.edu.ec\\\/sitio\\\/wp-content\\\/uploads\\\/2021\\\/10\\\/NUESTRO-PUEBLO-3.webp\",\"datePublished\":\"2021-10-25T21:48:00+00:00\",\"dateModified\":\"2024-07-04T16:25:28+00:00\",\"description\":\"Universidad de las Artes - \u201cNuestro Pueblo\u201d re\u00fane en San Rafael a estudiantes de Artes Visuales y sus obras\",\"breadcrumb\":{\"@id\":\"https:\\\/\\\/www.uartes.edu.ec\\\/sitio\\\/en\\\/blog\\\/2021\\\/10\\\/25\\\/nuestro-pueblo-reune-en-san-rafael-a-estudiantes-de-artes-visuales-y-sus-obras\\\/#breadcrumb\"},\"inLanguage\":\"en-US\",\"potentialAction\":[{\"@type\":\"ReadAction\",\"target\":[\"https:\\\/\\\/www.uartes.edu.ec\\\/sitio\\\/en\\\/blog\\\/2021\\\/10\\\/25\\\/nuestro-pueblo-reune-en-san-rafael-a-estudiantes-de-artes-visuales-y-sus-obras\\\/\"]}]},{\"@type\":\"ImageObject\",\"inLanguage\":\"en-US\",\"@id\":\"https:\\\/\\\/www.uartes.edu.ec\\\/sitio\\\/en\\\/blog\\\/2021\\\/10\\\/25\\\/nuestro-pueblo-reune-en-san-rafael-a-estudiantes-de-artes-visuales-y-sus-obras\\\/#primaryimage\",\"url\":\"https:\\\/\\\/www.uartes.edu.ec\\\/sitio\\\/wp-content\\\/uploads\\\/2021\\\/10\\\/NUESTRO-PUEBLO-3.webp\",\"contentUrl\":\"https:\\\/\\\/www.uartes.edu.ec\\\/sitio\\\/wp-content\\\/uploads\\\/2021\\\/10\\\/NUESTRO-PUEBLO-3.webp\",\"width\":2000,\"height\":1333},{\"@type\":\"BreadcrumbList\",\"@id\":\"https:\\\/\\\/www.uartes.edu.ec\\\/sitio\\\/en\\\/blog\\\/2021\\\/10\\\/25\\\/nuestro-pueblo-reune-en-san-rafael-a-estudiantes-de-artes-visuales-y-sus-obras\\\/#breadcrumb\",\"itemListElement\":[{\"@type\":\"ListItem\",\"position\":1,\"name\":\"Inicio\",\"item\":\"https:\\\/\\\/www.uartes.edu.ec\\\/sitio\\\/\"},{\"@type\":\"ListItem\",\"position\":2,\"name\":\"\u201cNuestro Pueblo\u201d re\u00fane en San Rafael a estudiantes de Artes Visuales y sus obras\"}]},{\"@type\":\"WebSite\",\"@id\":\"https:\\\/\\\/www.uartes.edu.ec\\\/sitio\\\/en\\\/#website\",\"url\":\"https:\\\/\\\/www.uartes.edu.ec\\\/sitio\\\/en\\\/\",\"name\":\"Universidad de las Artes\",\"description\":\"Sitio oficial de la Universidad Nacional de las Artes del Ecuador\",\"publisher\":{\"@id\":\"https:\\\/\\\/www.uartes.edu.ec\\\/sitio\\\/en\\\/#organization\"},\"potentialAction\":[{\"@type\":\"SearchAction\",\"target\":{\"@type\":\"EntryPoint\",\"urlTemplate\":\"https:\\\/\\\/www.uartes.edu.ec\\\/sitio\\\/en\\\/?s={search_term_string}\"},\"query-input\":{\"@type\":\"PropertyValueSpecification\",\"valueRequired\":true,\"valueName\":\"search_term_string\"}}],\"inLanguage\":\"en-US\"},{\"@type\":\"Organization\",\"@id\":\"https:\\\/\\\/www.uartes.edu.ec\\\/sitio\\\/en\\\/#organization\",\"name\":\"Universidad de las Artes\",\"url\":\"https:\\\/\\\/www.uartes.edu.ec\\\/sitio\\\/en\\\/\",\"logo\":{\"@type\":\"ImageObject\",\"inLanguage\":\"en-US\",\"@id\":\"https:\\\/\\\/www.uartes.edu.ec\\\/sitio\\\/en\\\/#\\\/schema\\\/logo\\\/image\\\/\",\"url\":\"https:\\\/\\\/www.uartes.edu.ec\\\/sitio\\\/wp-content\\\/uploads\\\/2022\\\/07\\\/logo-ua-horizontal.png\",\"contentUrl\":\"https:\\\/\\\/www.uartes.edu.ec\\\/sitio\\\/wp-content\\\/uploads\\\/2022\\\/07\\\/logo-ua-horizontal.png\",\"width\":800,\"height\":276,\"caption\":\"Universidad de las Artes\"},\"image\":{\"@id\":\"https:\\\/\\\/www.uartes.edu.ec\\\/sitio\\\/en\\\/#\\\/schema\\\/logo\\\/image\\\/\"},\"sameAs\":[\"https:\\\/\\\/www.facebook.com\\\/uartesec\",\"https:\\\/\\\/x.com\\\/uartesec\",\"https:\\\/\\\/www.tiktok.com\\\/@uartesec\"]},{\"@type\":\"Person\",\"@id\":\"https:\\\/\\\/www.uartes.edu.ec\\\/sitio\\\/en\\\/#\\\/schema\\\/person\\\/efa1b8275797664fd7f13a79ccc0b1f4\",\"name\":\"ccortez\",\"image\":{\"@type\":\"ImageObject\",\"inLanguage\":\"en-US\",\"@id\":\"https:\\\/\\\/secure.gravatar.com\\\/avatar\\\/b2a6f664a3ae8e074346ef91775736c5ec479e637ecced6842de9dc98b5da9cd?s=96&d=mm&r=g\",\"url\":\"https:\\\/\\\/secure.gravatar.com\\\/avatar\\\/b2a6f664a3ae8e074346ef91775736c5ec479e637ecced6842de9dc98b5da9cd?s=96&d=mm&r=g\",\"contentUrl\":\"https:\\\/\\\/secure.gravatar.com\\\/avatar\\\/b2a6f664a3ae8e074346ef91775736c5ec479e637ecced6842de9dc98b5da9cd?s=96&d=mm&r=g\",\"caption\":\"ccortez\"},\"url\":\"https:\\\/\\\/www.uartes.edu.ec\\\/sitio\\\/en\\\/blog\\\/author\\\/ccortez\\\/\"}]}<\/script>\n<!-- \/ Yoast SEO plugin. -->","yoast_head_json":{"title":"Universidad de las Artes - \u201cNuestro Pueblo\u201d re\u00fane en San Rafael a estudiantes de Artes Visuales y sus obras","description":"Universidad de las Artes - \u201cNuestro Pueblo\u201d re\u00fane en San Rafael a estudiantes de Artes Visuales y sus obras","robots":{"index":"index","follow":"follow","max-snippet":"max-snippet:-1","max-image-preview":"max-image-preview:large","max-video-preview":"max-video-preview:-1"},"canonical":"https:\/\/www.uartes.edu.ec\/sitio\/en\/blog\/2021\/10\/25\/nuestro-pueblo-reune-en-san-rafael-a-estudiantes-de-artes-visuales-y-sus-obras\/","og_locale":"en_US","og_type":"article","og_title":"Universidad de las Artes - \u201cNuestro Pueblo\u201d re\u00fane en San Rafael a estudiantes de Artes Visuales y sus obras","og_description":"Universidad de las Artes - \u201cNuestro Pueblo\u201d re\u00fane en San Rafael a estudiantes de Artes Visuales y sus obras","og_url":"https:\/\/www.uartes.edu.ec\/sitio\/en\/blog\/2021\/10\/25\/nuestro-pueblo-reune-en-san-rafael-a-estudiantes-de-artes-visuales-y-sus-obras\/","og_site_name":"Universidad de las Artes","article_publisher":"https:\/\/www.facebook.com\/uartesec","article_published_time":"2021-10-25T21:48:00+00:00","article_modified_time":"2024-07-04T16:25:28+00:00","og_image":[{"width":2000,"height":1333,"url":"https:\/\/www.uartes.edu.ec\/sitio\/wp-content\/uploads\/2021\/10\/NUESTRO-PUEBLO-3.webp","type":"image\/webp"}],"author":"ccortez","twitter_card":"summary_large_image","twitter_creator":"@uartesec","twitter_site":"@uartesec","twitter_misc":{"Written by":"ccortez","Est. reading time":"4 minutes"},"schema":{"@context":"https:\/\/schema.org","@graph":[{"@type":"Article","@id":"https:\/\/www.uartes.edu.ec\/sitio\/en\/blog\/2021\/10\/25\/nuestro-pueblo-reune-en-san-rafael-a-estudiantes-de-artes-visuales-y-sus-obras\/#article","isPartOf":{"@id":"https:\/\/www.uartes.edu.ec\/sitio\/en\/blog\/2021\/10\/25\/nuestro-pueblo-reune-en-san-rafael-a-estudiantes-de-artes-visuales-y-sus-obras\/"},"author":{"name":"ccortez","@id":"https:\/\/www.uartes.edu.ec\/sitio\/en\/#\/schema\/person\/efa1b8275797664fd7f13a79ccc0b1f4"},"headline":"\u201cNuestro Pueblo\u201d re\u00fane en San Rafael a estudiantes de Artes Visuales y sus obras","datePublished":"2021-10-25T21:48:00+00:00","dateModified":"2024-07-04T16:25:28+00:00","mainEntityOfPage":{"@id":"https:\/\/www.uartes.edu.ec\/sitio\/en\/blog\/2021\/10\/25\/nuestro-pueblo-reune-en-san-rafael-a-estudiantes-de-artes-visuales-y-sus-obras\/"},"wordCount":771,"commentCount":0,"publisher":{"@id":"https:\/\/www.uartes.edu.ec\/sitio\/en\/#organization"},"image":{"@id":"https:\/\/www.uartes.edu.ec\/sitio\/en\/blog\/2021\/10\/25\/nuestro-pueblo-reune-en-san-rafael-a-estudiantes-de-artes-visuales-y-sus-obras\/#primaryimage"},"thumbnailUrl":"https:\/\/www.uartes.edu.ec\/sitio\/wp-content\/uploads\/2021\/10\/NUESTRO-PUEBLO-3.webp","keywords":["muestra colectiva"],"articleSection":["Artes","Artes Visuales","Estudiantes"],"inLanguage":"en-US","potentialAction":[{"@type":"CommentAction","name":"Comment","target":["https:\/\/www.uartes.edu.ec\/sitio\/en\/blog\/2021\/10\/25\/nuestro-pueblo-reune-en-san-rafael-a-estudiantes-de-artes-visuales-y-sus-obras\/#respond"]}]},{"@type":["WebPage","ItemPage"],"@id":"https:\/\/www.uartes.edu.ec\/sitio\/en\/blog\/2021\/10\/25\/nuestro-pueblo-reune-en-san-rafael-a-estudiantes-de-artes-visuales-y-sus-obras\/","url":"https:\/\/www.uartes.edu.ec\/sitio\/en\/blog\/2021\/10\/25\/nuestro-pueblo-reune-en-san-rafael-a-estudiantes-de-artes-visuales-y-sus-obras\/","name":"Universidad de las Artes - \u201cNuestro Pueblo\u201d re\u00fane en San Rafael a estudiantes de Artes Visuales y sus obras","isPartOf":{"@id":"https:\/\/www.uartes.edu.ec\/sitio\/en\/#website"},"primaryImageOfPage":{"@id":"https:\/\/www.uartes.edu.ec\/sitio\/en\/blog\/2021\/10\/25\/nuestro-pueblo-reune-en-san-rafael-a-estudiantes-de-artes-visuales-y-sus-obras\/#primaryimage"},"image":{"@id":"https:\/\/www.uartes.edu.ec\/sitio\/en\/blog\/2021\/10\/25\/nuestro-pueblo-reune-en-san-rafael-a-estudiantes-de-artes-visuales-y-sus-obras\/#primaryimage"},"thumbnailUrl":"https:\/\/www.uartes.edu.ec\/sitio\/wp-content\/uploads\/2021\/10\/NUESTRO-PUEBLO-3.webp","datePublished":"2021-10-25T21:48:00+00:00","dateModified":"2024-07-04T16:25:28+00:00","description":"Universidad de las Artes - \u201cNuestro Pueblo\u201d re\u00fane en San Rafael a estudiantes de Artes Visuales y sus obras","breadcrumb":{"@id":"https:\/\/www.uartes.edu.ec\/sitio\/en\/blog\/2021\/10\/25\/nuestro-pueblo-reune-en-san-rafael-a-estudiantes-de-artes-visuales-y-sus-obras\/#breadcrumb"},"inLanguage":"en-US","potentialAction":[{"@type":"ReadAction","target":["https:\/\/www.uartes.edu.ec\/sitio\/en\/blog\/2021\/10\/25\/nuestro-pueblo-reune-en-san-rafael-a-estudiantes-de-artes-visuales-y-sus-obras\/"]}]},{"@type":"ImageObject","inLanguage":"en-US","@id":"https:\/\/www.uartes.edu.ec\/sitio\/en\/blog\/2021\/10\/25\/nuestro-pueblo-reune-en-san-rafael-a-estudiantes-de-artes-visuales-y-sus-obras\/#primaryimage","url":"https:\/\/www.uartes.edu.ec\/sitio\/wp-content\/uploads\/2021\/10\/NUESTRO-PUEBLO-3.webp","contentUrl":"https:\/\/www.uartes.edu.ec\/sitio\/wp-content\/uploads\/2021\/10\/NUESTRO-PUEBLO-3.webp","width":2000,"height":1333},{"@type":"BreadcrumbList","@id":"https:\/\/www.uartes.edu.ec\/sitio\/en\/blog\/2021\/10\/25\/nuestro-pueblo-reune-en-san-rafael-a-estudiantes-de-artes-visuales-y-sus-obras\/#breadcrumb","itemListElement":[{"@type":"ListItem","position":1,"name":"Inicio","item":"https:\/\/www.uartes.edu.ec\/sitio\/"},{"@type":"ListItem","position":2,"name":"\u201cNuestro Pueblo\u201d re\u00fane en San Rafael a estudiantes de Artes Visuales y sus obras"}]},{"@type":"WebSite","@id":"https:\/\/www.uartes.edu.ec\/sitio\/en\/#website","url":"https:\/\/www.uartes.edu.ec\/sitio\/en\/","name":"Universidad de las Artes","description":"Sitio oficial de la Universidad Nacional de las Artes del Ecuador","publisher":{"@id":"https:\/\/www.uartes.edu.ec\/sitio\/en\/#organization"},"potentialAction":[{"@type":"SearchAction","target":{"@type":"EntryPoint","urlTemplate":"https:\/\/www.uartes.edu.ec\/sitio\/en\/?s={search_term_string}"},"query-input":{"@type":"PropertyValueSpecification","valueRequired":true,"valueName":"search_term_string"}}],"inLanguage":"en-US"},{"@type":"Organization","@id":"https:\/\/www.uartes.edu.ec\/sitio\/en\/#organization","name":"Universidad de las Artes","url":"https:\/\/www.uartes.edu.ec\/sitio\/en\/","logo":{"@type":"ImageObject","inLanguage":"en-US","@id":"https:\/\/www.uartes.edu.ec\/sitio\/en\/#\/schema\/logo\/image\/","url":"https:\/\/www.uartes.edu.ec\/sitio\/wp-content\/uploads\/2022\/07\/logo-ua-horizontal.png","contentUrl":"https:\/\/www.uartes.edu.ec\/sitio\/wp-content\/uploads\/2022\/07\/logo-ua-horizontal.png","width":800,"height":276,"caption":"Universidad de las Artes"},"image":{"@id":"https:\/\/www.uartes.edu.ec\/sitio\/en\/#\/schema\/logo\/image\/"},"sameAs":["https:\/\/www.facebook.com\/uartesec","https:\/\/x.com\/uartesec","https:\/\/www.tiktok.com\/@uartesec"]},{"@type":"Person","@id":"https:\/\/www.uartes.edu.ec\/sitio\/en\/#\/schema\/person\/efa1b8275797664fd7f13a79ccc0b1f4","name":"ccortez","image":{"@type":"ImageObject","inLanguage":"en-US","@id":"https:\/\/secure.gravatar.com\/avatar\/b2a6f664a3ae8e074346ef91775736c5ec479e637ecced6842de9dc98b5da9cd?s=96&d=mm&r=g","url":"https:\/\/secure.gravatar.com\/avatar\/b2a6f664a3ae8e074346ef91775736c5ec479e637ecced6842de9dc98b5da9cd?s=96&d=mm&r=g","contentUrl":"https:\/\/secure.gravatar.com\/avatar\/b2a6f664a3ae8e074346ef91775736c5ec479e637ecced6842de9dc98b5da9cd?s=96&d=mm&r=g","caption":"ccortez"},"url":"https:\/\/www.uartes.edu.ec\/sitio\/en\/blog\/author\/ccortez\/"}]}},"uagb_featured_image_src":{"full":["https:\/\/www.uartes.edu.ec\/sitio\/wp-content\/uploads\/2021\/10\/NUESTRO-PUEBLO-3.webp",2000,1333,false],"thumbnail":["https:\/\/www.uartes.edu.ec\/sitio\/wp-content\/uploads\/2021\/10\/NUESTRO-PUEBLO-3.webp",150,100,false],"medium":["https:\/\/www.uartes.edu.ec\/sitio\/wp-content\/uploads\/2021\/10\/NUESTRO-PUEBLO-3.webp",300,200,false],"medium_large":["https:\/\/www.uartes.edu.ec\/sitio\/wp-content\/uploads\/2021\/10\/NUESTRO-PUEBLO-3.webp",768,512,false],"large":["https:\/\/www.uartes.edu.ec\/sitio\/wp-content\/uploads\/2021\/10\/NUESTRO-PUEBLO-3.webp",644,429,false],"1536x1536":["https:\/\/www.uartes.edu.ec\/sitio\/wp-content\/uploads\/2021\/10\/NUESTRO-PUEBLO-3.webp",1536,1024,false],"2048x2048":["https:\/\/www.uartes.edu.ec\/sitio\/wp-content\/uploads\/2021\/10\/NUESTRO-PUEBLO-3.webp",2000,1333,false],"trp-custom-language-flag":["https:\/\/www.uartes.edu.ec\/sitio\/wp-content\/uploads\/2021\/10\/NUESTRO-PUEBLO-3.webp",18,12,false],"htmega_size_585x295":["https:\/\/www.uartes.edu.ec\/sitio\/wp-content\/uploads\/2021\/10\/NUESTRO-PUEBLO-3.webp",443,295,false],"htmega_size_1170x536":["https:\/\/www.uartes.edu.ec\/sitio\/wp-content\/uploads\/2021\/10\/NUESTRO-PUEBLO-3.webp",804,536,false],"htmega_size_396x360":["https:\/\/www.uartes.edu.ec\/sitio\/wp-content\/uploads\/2021\/10\/NUESTRO-PUEBLO-3.webp",396,264,false],"gb-block-post-grid-landscape":["https:\/\/www.uartes.edu.ec\/sitio\/wp-content\/uploads\/2021\/10\/NUESTRO-PUEBLO-3.webp",600,400,false],"gb-block-post-grid-square":["https:\/\/www.uartes.edu.ec\/sitio\/wp-content\/uploads\/2021\/10\/NUESTRO-PUEBLO-3.webp",600,400,false],"university-hub-thumb":["https:\/\/www.uartes.edu.ec\/sitio\/wp-content\/uploads\/2021\/10\/NUESTRO-PUEBLO-3.webp",400,267,false],"mailpoet_newsletter_max":["https:\/\/www.uartes.edu.ec\/sitio\/wp-content\/uploads\/2021\/10\/NUESTRO-PUEBLO-3.webp",1320,880,false]},"uagb_author_info":{"display_name":"ccortez","author_link":"https:\/\/www.uartes.edu.ec\/sitio\/en\/blog\/author\/ccortez\/"},"uagb_comment_info":0,"uagb_excerpt":"En la comunidad de San Rafael, en la Escuela Comunitaria de Arte Integral Minkay Studio, se inaugur\u00f3 el pasado s\u00e1bado 23 de octubre de 2021 la muestra colectiva Nuestro Pueblo (\u00d1ukanchik Llakta), con obras de quince artistas; seis de ellos y la curadora, Jhuliana Calder\u00f3n, son estudiantes de la Universidad de las Artes.\u00a0","featured_image_src":"https:\/\/www.uartes.edu.ec\/sitio\/wp-content\/uploads\/2021\/10\/NUESTRO-PUEBLO-3.webp","featured_image_src_square":"https:\/\/www.uartes.edu.ec\/sitio\/wp-content\/uploads\/2021\/10\/NUESTRO-PUEBLO-3.webp","author_info":{"display_name":"ccortez","author_link":"https:\/\/www.uartes.edu.ec\/sitio\/en\/blog\/author\/ccortez\/"},"publishpress_future_workflow_manual_trigger":{"enabledWorkflows":[]},"distributor_meta":false,"distributor_terms":false,"distributor_media":false,"distributor_original_site_name":"Universidad de las Artes","distributor_original_site_url":"https:\/\/www.uartes.edu.ec\/sitio\/en","push-errors":false,"_links":{"self":[{"href":"https:\/\/www.uartes.edu.ec\/sitio\/en\/wp-json\/wp\/v2\/posts\/16405","targetHints":{"allow":["GET"]}}],"collection":[{"href":"https:\/\/www.uartes.edu.ec\/sitio\/en\/wp-json\/wp\/v2\/posts"}],"about":[{"href":"https:\/\/www.uartes.edu.ec\/sitio\/en\/wp-json\/wp\/v2\/types\/post"}],"author":[{"embeddable":true,"href":"https:\/\/www.uartes.edu.ec\/sitio\/en\/wp-json\/wp\/v2\/users\/10"}],"replies":[{"embeddable":true,"href":"https:\/\/www.uartes.edu.ec\/sitio\/en\/wp-json\/wp\/v2\/comments?post=16405"}],"version-history":[{"count":6,"href":"https:\/\/www.uartes.edu.ec\/sitio\/en\/wp-json\/wp\/v2\/posts\/16405\/revisions"}],"predecessor-version":[{"id":16441,"href":"https:\/\/www.uartes.edu.ec\/sitio\/en\/wp-json\/wp\/v2\/posts\/16405\/revisions\/16441"}],"wp:featuredmedia":[{"embeddable":true,"href":"https:\/\/www.uartes.edu.ec\/sitio\/en\/wp-json\/wp\/v2\/media\/16416"}],"wp:attachment":[{"href":"https:\/\/www.uartes.edu.ec\/sitio\/en\/wp-json\/wp\/v2\/media?parent=16405"}],"wp:term":[{"taxonomy":"category","embeddable":true,"href":"https:\/\/www.uartes.edu.ec\/sitio\/en\/wp-json\/wp\/v2\/categories?post=16405"},{"taxonomy":"post_tag","embeddable":true,"href":"https:\/\/www.uartes.edu.ec\/sitio\/en\/wp-json\/wp\/v2\/tags?post=16405"},{"taxonomy":"infouartes","embeddable":true,"href":"https:\/\/www.uartes.edu.ec\/sitio\/en\/wp-json\/wp\/v2\/infouartes?post=16405"}],"curies":[{"name":"wp","href":"https:\/\/api.w.org\/{rel}","templated":true}]}}