{"id":16409,"date":"2021-10-26T09:57:00","date_gmt":"2021-10-26T14:57:00","guid":{"rendered":"http:\/\/www.uartes.edu.ec\/sitio\/?p=16409"},"modified":"2024-07-04T11:25:28","modified_gmt":"2024-07-04T16:25:28","slug":"miradas-que-cuentan-alegria-tradiciones-aventuras-y-suenos-desde-la-sala-ria-este-29","status":"publish","type":"post","link":"https:\/\/www.uartes.edu.ec\/sitio\/en\/blog\/2021\/10\/26\/miradas-que-cuentan-alegria-tradiciones-aventuras-y-suenos-desde-la-sala-ria-este-29\/","title":{"rendered":"\u201cMiradas que cuentan\u2026 Alegr\u00eda, tradiciones, aventuras y sue\u00f1os\u201d, desde la Sala R\u00eda este 29"},"content":{"rendered":"<p>Organizada por la Direcci\u00f3n de Inclusi\u00f3n Social (DIS) de la Alcald\u00eda de Guayaquil, en coordinaci\u00f3n con las Mesas Cantonales de Concertaci\u00f3n de Discapacidad e Infancia y Adolescencia, el pr\u00f3ximo 29 de octubre tendr\u00e1 lugar en la Sala R\u00eda de la Biblioteca de las Artes la jornada \u201cMiradas que cuentan\u2026 Alegr\u00eda, tradiciones, aventuras y sue\u00f1os\u201d.<\/p>\n\n\n\n<p>Se desarrollar\u00e1 de 08:00 a 12:30 y de 14:00 a 16:00. Por la ma\u00f1ana, los protagonistas ser\u00e1n ni\u00f1as, ni\u00f1os y adolescentes, quienes compartir\u00e1n con 300 ni\u00f1as, ni\u00f1os y adolescentes de varios centros educativos de la ciudad la lectura, narraci\u00f3n y escenificaci\u00f3n de cuentos, adem\u00e1s de una presentaci\u00f3n de t\u00edteres.<\/p>\n\n\n\n<p>Los ejecutantes de la primera parte de \u201cMiradas que cuentan\u2026 Alegr\u00eda, tradiciones, aventuras y sue\u00f1os\u201d pertenecen a las organizaciones de las Mesas Cantonales de Concertaci\u00f3n de Discapacidad e Infancia y Adolescencia.<\/p>\n\n\n\n<p>Por la tarde habr\u00e1 un caf\u00e9 conversatorio dirigido a docentes, estudiantes de carreras pedag\u00f3gicas y literarias, padres\/madres de familia y p\u00fablico en general. El tema a tratar ser\u00e1 \u201cLa lectura en el contexto educativo, familiar y la inclusi\u00f3n\u201d y contar\u00e1 con la participaci\u00f3n del doctor Luis Alberto Williams, la educadora Rosa Pogo Romero y Milena Baque. Ellos compartir\u00e1n con los presentes sus conocimientos y experiencias en torno al mejoramiento de las estrategias y motivaciones para la lectura desde un lugar personal, interactivo y el intercambio de saberes.<\/p>\n\n\n\n<p>Desde la Alcald\u00eda de Guayaquil se indica que, a trav\u00e9s de la Direcci\u00f3n de Inclusi\u00f3n Social (DIS), se brinda respaldo al trabajo de las organizaciones antes mencionadas, acorde a lo establecido en la ordenanza Programa de Apoyo Econ\u00f3mico para la Inclusi\u00f3n e Integraci\u00f3n Social, a trav\u00e9s de espacios de sensibilizaci\u00f3n y reflexi\u00f3n desde las miradas de las ni\u00f1as, los ni\u00f1os, adolescentes y j\u00f3venes con discapacidad y protecci\u00f3n especial.<\/p>\n\n\n\n<figure class=\"wp-block-image size-full\"><img fetchpriority=\"high\" decoding=\"async\" width=\"2000\" height=\"1333\" src=\"http:\/\/www.uartes.edu.ec\/sitio\/wp-content\/uploads\/2021\/10\/RIA-NIKITA.webp\" alt=\"\" class=\"wp-image-16411\" \/><\/figure>\n\n\n\n<p>La participaci\u00f3n de la UArtes en \u201cMiradas que cuentan\u2026 Alegr\u00eda, tradiciones, aventuras y sue\u00f1os\u201d se da como parte de las relaciones interinstitucionales y el trabajo conjunto que fomenta la inclusi\u00f3n para estos grupos. En el caso de nuestra instituci\u00f3n de educaci\u00f3n superior, con talleres como el reciente de lenguas de se\u00f1as y el de Braille, que se est\u00e1 programando.<\/p>\n\n\n\n<p>Como parte de la jornada est\u00e1 previsto tambi\u00e9n un recorrido por las instalaciones de la Biblioteca de las Artes, ubicada en el patrimonial edificio que inicialmente fue el Banco de Descuento. El recorrido lo guiar\u00e1 Ana Mar\u00eda Gonz\u00e1lez, directora de la Sala R\u00eda.<\/p>","protected":false},"excerpt":{"rendered":"<p>Organizada por la Direcci\u00f3n de Inclusi\u00f3n Social (DIS) de la Alcald\u00eda de Guayaquil, en coordinaci\u00f3n con las Mesas Cantonales de Concertaci\u00f3n de Discapacidad e Infancia y Adolescencia, el pr\u00f3ximo 29 de octubre tendr\u00e1 lugar en la Sala R\u00eda de la Biblioteca de las Artes la jornada \u201cMiradas que cuentan\u2026 Alegr\u00eda, tradiciones, aventuras y sue\u00f1os\u201d.<\/p>","protected":false},"author":10,"featured_media":16410,"comment_status":"open","ping_status":"open","sticky":false,"template":"","format":"standard","meta":{"_acf_changed":false,"_uag_custom_page_level_css":"","_monsterinsights_skip_tracking":false,"_monsterinsights_sitenote_active":false,"_monsterinsights_sitenote_note":"","_monsterinsights_sitenote_category":0,"cybocfi_hide_featured_image":"","footnotes":""},"categories":[82],"tags":[41],"infouartes":[],"class_list":["post-16409","post","type-post","status-publish","format-standard","has-post-thumbnail","hentry","category-artes","tag-biblioteca"],"acf":[],"yoast_head":"<!-- This site is optimized with the Yoast SEO plugin v27.4 - https:\/\/yoast.com\/product\/yoast-seo-wordpress\/ -->\n<title>Universidad de las Artes - \u201cMiradas que cuentan\u2026 Alegr\u00eda, tradiciones, aventuras y sue\u00f1os\u201d, desde la Sala R\u00eda este 29<\/title>\n<meta name=\"description\" content=\"Universidad de las Artes - \u201cMiradas que cuentan\u2026 Alegr\u00eda, tradiciones, aventuras y sue\u00f1os\u201d, desde la Sala R\u00eda este 29\" \/>\n<meta name=\"robots\" content=\"index, follow, max-snippet:-1, max-image-preview:large, max-video-preview:-1\" \/>\n<link rel=\"canonical\" href=\"https:\/\/www.uartes.edu.ec\/sitio\/en\/blog\/2021\/10\/26\/miradas-que-cuentan-alegria-tradiciones-aventuras-y-suenos-desde-la-sala-ria-este-29\/\" \/>\n<meta property=\"og:locale\" content=\"en_US\" \/>\n<meta property=\"og:type\" content=\"article\" \/>\n<meta property=\"og:title\" content=\"Universidad de las Artes - \u201cMiradas que cuentan\u2026 Alegr\u00eda, tradiciones, aventuras y sue\u00f1os\u201d, desde la Sala R\u00eda este 29\" \/>\n<meta property=\"og:description\" content=\"Universidad de las Artes - \u201cMiradas que cuentan\u2026 Alegr\u00eda, tradiciones, aventuras y sue\u00f1os\u201d, desde la Sala R\u00eda este 29\" \/>\n<meta property=\"og:url\" content=\"https:\/\/www.uartes.edu.ec\/sitio\/en\/blog\/2021\/10\/26\/miradas-que-cuentan-alegria-tradiciones-aventuras-y-suenos-desde-la-sala-ria-este-29\/\" \/>\n<meta property=\"og:site_name\" content=\"Universidad de las Artes\" \/>\n<meta property=\"article:publisher\" content=\"https:\/\/www.facebook.com\/uartesec\" \/>\n<meta property=\"article:published_time\" content=\"2021-10-26T14:57:00+00:00\" \/>\n<meta property=\"article:modified_time\" content=\"2024-07-04T16:25:28+00:00\" \/>\n<meta property=\"og:image\" content=\"https:\/\/www.uartes.edu.ec\/sitio\/wp-content\/uploads\/2021\/10\/03-RIA-ANA-MARIA-1.webp\" \/>\n\t<meta property=\"og:image:width\" content=\"2000\" \/>\n\t<meta property=\"og:image:height\" content=\"1333\" \/>\n\t<meta property=\"og:image:type\" content=\"image\/webp\" \/>\n<meta name=\"author\" content=\"ccortez\" \/>\n<meta name=\"twitter:card\" content=\"summary_large_image\" \/>\n<meta name=\"twitter:creator\" content=\"@uartesec\" \/>\n<meta name=\"twitter:site\" content=\"@uartesec\" \/>\n<meta name=\"twitter:label1\" content=\"Written by\" \/>\n\t<meta name=\"twitter:data1\" content=\"ccortez\" \/>\n\t<meta name=\"twitter:label2\" content=\"Est. reading time\" \/>\n\t<meta name=\"twitter:data2\" content=\"2 minutes\" \/>\n<script type=\"application\/ld+json\" class=\"yoast-schema-graph\">{\"@context\":\"https:\\\/\\\/schema.org\",\"@graph\":[{\"@type\":\"Article\",\"@id\":\"https:\\\/\\\/www.uartes.edu.ec\\\/sitio\\\/en\\\/blog\\\/2021\\\/10\\\/26\\\/miradas-que-cuentan-alegria-tradiciones-aventuras-y-suenos-desde-la-sala-ria-este-29\\\/#article\",\"isPartOf\":{\"@id\":\"https:\\\/\\\/www.uartes.edu.ec\\\/sitio\\\/en\\\/blog\\\/2021\\\/10\\\/26\\\/miradas-que-cuentan-alegria-tradiciones-aventuras-y-suenos-desde-la-sala-ria-este-29\\\/\"},\"author\":{\"name\":\"ccortez\",\"@id\":\"https:\\\/\\\/www.uartes.edu.ec\\\/sitio\\\/en\\\/#\\\/schema\\\/person\\\/efa1b8275797664fd7f13a79ccc0b1f4\"},\"headline\":\"\u201cMiradas que cuentan\u2026 Alegr\u00eda, tradiciones, aventuras y sue\u00f1os\u201d, desde la Sala R\u00eda este 29\",\"datePublished\":\"2021-10-26T14:57:00+00:00\",\"dateModified\":\"2024-07-04T16:25:28+00:00\",\"mainEntityOfPage\":{\"@id\":\"https:\\\/\\\/www.uartes.edu.ec\\\/sitio\\\/en\\\/blog\\\/2021\\\/10\\\/26\\\/miradas-que-cuentan-alegria-tradiciones-aventuras-y-suenos-desde-la-sala-ria-este-29\\\/\"},\"wordCount\":456,\"commentCount\":0,\"publisher\":{\"@id\":\"https:\\\/\\\/www.uartes.edu.ec\\\/sitio\\\/en\\\/#organization\"},\"image\":{\"@id\":\"https:\\\/\\\/www.uartes.edu.ec\\\/sitio\\\/en\\\/blog\\\/2021\\\/10\\\/26\\\/miradas-que-cuentan-alegria-tradiciones-aventuras-y-suenos-desde-la-sala-ria-este-29\\\/#primaryimage\"},\"thumbnailUrl\":\"https:\\\/\\\/www.uartes.edu.ec\\\/sitio\\\/wp-content\\\/uploads\\\/2021\\\/10\\\/03-RIA-ANA-MARIA-1.webp\",\"keywords\":[\"biblioteca\"],\"articleSection\":[\"Artes\"],\"inLanguage\":\"en-US\",\"potentialAction\":[{\"@type\":\"CommentAction\",\"name\":\"Comment\",\"target\":[\"https:\\\/\\\/www.uartes.edu.ec\\\/sitio\\\/en\\\/blog\\\/2021\\\/10\\\/26\\\/miradas-que-cuentan-alegria-tradiciones-aventuras-y-suenos-desde-la-sala-ria-este-29\\\/#respond\"]}]},{\"@type\":[\"WebPage\",\"ItemPage\"],\"@id\":\"https:\\\/\\\/www.uartes.edu.ec\\\/sitio\\\/en\\\/blog\\\/2021\\\/10\\\/26\\\/miradas-que-cuentan-alegria-tradiciones-aventuras-y-suenos-desde-la-sala-ria-este-29\\\/\",\"url\":\"https:\\\/\\\/www.uartes.edu.ec\\\/sitio\\\/en\\\/blog\\\/2021\\\/10\\\/26\\\/miradas-que-cuentan-alegria-tradiciones-aventuras-y-suenos-desde-la-sala-ria-este-29\\\/\",\"name\":\"Universidad de las Artes - \u201cMiradas que cuentan\u2026 Alegr\u00eda, tradiciones, aventuras y sue\u00f1os\u201d, desde la Sala R\u00eda este 29\",\"isPartOf\":{\"@id\":\"https:\\\/\\\/www.uartes.edu.ec\\\/sitio\\\/en\\\/#website\"},\"primaryImageOfPage\":{\"@id\":\"https:\\\/\\\/www.uartes.edu.ec\\\/sitio\\\/en\\\/blog\\\/2021\\\/10\\\/26\\\/miradas-que-cuentan-alegria-tradiciones-aventuras-y-suenos-desde-la-sala-ria-este-29\\\/#primaryimage\"},\"image\":{\"@id\":\"https:\\\/\\\/www.uartes.edu.ec\\\/sitio\\\/en\\\/blog\\\/2021\\\/10\\\/26\\\/miradas-que-cuentan-alegria-tradiciones-aventuras-y-suenos-desde-la-sala-ria-este-29\\\/#primaryimage\"},\"thumbnailUrl\":\"https:\\\/\\\/www.uartes.edu.ec\\\/sitio\\\/wp-content\\\/uploads\\\/2021\\\/10\\\/03-RIA-ANA-MARIA-1.webp\",\"datePublished\":\"2021-10-26T14:57:00+00:00\",\"dateModified\":\"2024-07-04T16:25:28+00:00\",\"description\":\"Universidad de las Artes - \u201cMiradas que cuentan\u2026 Alegr\u00eda, tradiciones, aventuras y sue\u00f1os\u201d, desde la Sala R\u00eda este 29\",\"breadcrumb\":{\"@id\":\"https:\\\/\\\/www.uartes.edu.ec\\\/sitio\\\/en\\\/blog\\\/2021\\\/10\\\/26\\\/miradas-que-cuentan-alegria-tradiciones-aventuras-y-suenos-desde-la-sala-ria-este-29\\\/#breadcrumb\"},\"inLanguage\":\"en-US\",\"potentialAction\":[{\"@type\":\"ReadAction\",\"target\":[\"https:\\\/\\\/www.uartes.edu.ec\\\/sitio\\\/en\\\/blog\\\/2021\\\/10\\\/26\\\/miradas-que-cuentan-alegria-tradiciones-aventuras-y-suenos-desde-la-sala-ria-este-29\\\/\"]}]},{\"@type\":\"ImageObject\",\"inLanguage\":\"en-US\",\"@id\":\"https:\\\/\\\/www.uartes.edu.ec\\\/sitio\\\/en\\\/blog\\\/2021\\\/10\\\/26\\\/miradas-que-cuentan-alegria-tradiciones-aventuras-y-suenos-desde-la-sala-ria-este-29\\\/#primaryimage\",\"url\":\"https:\\\/\\\/www.uartes.edu.ec\\\/sitio\\\/wp-content\\\/uploads\\\/2021\\\/10\\\/03-RIA-ANA-MARIA-1.webp\",\"contentUrl\":\"https:\\\/\\\/www.uartes.edu.ec\\\/sitio\\\/wp-content\\\/uploads\\\/2021\\\/10\\\/03-RIA-ANA-MARIA-1.webp\",\"width\":2000,\"height\":1333},{\"@type\":\"BreadcrumbList\",\"@id\":\"https:\\\/\\\/www.uartes.edu.ec\\\/sitio\\\/en\\\/blog\\\/2021\\\/10\\\/26\\\/miradas-que-cuentan-alegria-tradiciones-aventuras-y-suenos-desde-la-sala-ria-este-29\\\/#breadcrumb\",\"itemListElement\":[{\"@type\":\"ListItem\",\"position\":1,\"name\":\"Inicio\",\"item\":\"https:\\\/\\\/www.uartes.edu.ec\\\/sitio\\\/\"},{\"@type\":\"ListItem\",\"position\":2,\"name\":\"\u201cMiradas que cuentan\u2026 Alegr\u00eda, tradiciones, aventuras y sue\u00f1os\u201d, desde la Sala R\u00eda este 29\"}]},{\"@type\":\"WebSite\",\"@id\":\"https:\\\/\\\/www.uartes.edu.ec\\\/sitio\\\/en\\\/#website\",\"url\":\"https:\\\/\\\/www.uartes.edu.ec\\\/sitio\\\/en\\\/\",\"name\":\"Universidad de las Artes\",\"description\":\"Sitio oficial de la Universidad Nacional de las Artes del Ecuador\",\"publisher\":{\"@id\":\"https:\\\/\\\/www.uartes.edu.ec\\\/sitio\\\/en\\\/#organization\"},\"potentialAction\":[{\"@type\":\"SearchAction\",\"target\":{\"@type\":\"EntryPoint\",\"urlTemplate\":\"https:\\\/\\\/www.uartes.edu.ec\\\/sitio\\\/en\\\/?s={search_term_string}\"},\"query-input\":{\"@type\":\"PropertyValueSpecification\",\"valueRequired\":true,\"valueName\":\"search_term_string\"}}],\"inLanguage\":\"en-US\"},{\"@type\":\"Organization\",\"@id\":\"https:\\\/\\\/www.uartes.edu.ec\\\/sitio\\\/en\\\/#organization\",\"name\":\"Universidad de las Artes\",\"url\":\"https:\\\/\\\/www.uartes.edu.ec\\\/sitio\\\/en\\\/\",\"logo\":{\"@type\":\"ImageObject\",\"inLanguage\":\"en-US\",\"@id\":\"https:\\\/\\\/www.uartes.edu.ec\\\/sitio\\\/en\\\/#\\\/schema\\\/logo\\\/image\\\/\",\"url\":\"https:\\\/\\\/www.uartes.edu.ec\\\/sitio\\\/wp-content\\\/uploads\\\/2022\\\/07\\\/logo-ua-horizontal.png\",\"contentUrl\":\"https:\\\/\\\/www.uartes.edu.ec\\\/sitio\\\/wp-content\\\/uploads\\\/2022\\\/07\\\/logo-ua-horizontal.png\",\"width\":800,\"height\":276,\"caption\":\"Universidad de las Artes\"},\"image\":{\"@id\":\"https:\\\/\\\/www.uartes.edu.ec\\\/sitio\\\/en\\\/#\\\/schema\\\/logo\\\/image\\\/\"},\"sameAs\":[\"https:\\\/\\\/www.facebook.com\\\/uartesec\",\"https:\\\/\\\/x.com\\\/uartesec\",\"https:\\\/\\\/www.tiktok.com\\\/@uartesec\"]},{\"@type\":\"Person\",\"@id\":\"https:\\\/\\\/www.uartes.edu.ec\\\/sitio\\\/en\\\/#\\\/schema\\\/person\\\/efa1b8275797664fd7f13a79ccc0b1f4\",\"name\":\"ccortez\",\"image\":{\"@type\":\"ImageObject\",\"inLanguage\":\"en-US\",\"@id\":\"https:\\\/\\\/secure.gravatar.com\\\/avatar\\\/b2a6f664a3ae8e074346ef91775736c5ec479e637ecced6842de9dc98b5da9cd?s=96&d=mm&r=g\",\"url\":\"https:\\\/\\\/secure.gravatar.com\\\/avatar\\\/b2a6f664a3ae8e074346ef91775736c5ec479e637ecced6842de9dc98b5da9cd?s=96&d=mm&r=g\",\"contentUrl\":\"https:\\\/\\\/secure.gravatar.com\\\/avatar\\\/b2a6f664a3ae8e074346ef91775736c5ec479e637ecced6842de9dc98b5da9cd?s=96&d=mm&r=g\",\"caption\":\"ccortez\"},\"url\":\"https:\\\/\\\/www.uartes.edu.ec\\\/sitio\\\/en\\\/blog\\\/author\\\/ccortez\\\/\"}]}<\/script>\n<!-- \/ Yoast SEO plugin. -->","yoast_head_json":{"title":"Universidad de las Artes - \u201cMiradas que cuentan\u2026 Alegr\u00eda, tradiciones, aventuras y sue\u00f1os\u201d, desde la Sala R\u00eda este 29","description":"Universidad de las Artes - \u201cMiradas que cuentan\u2026 Alegr\u00eda, tradiciones, aventuras y sue\u00f1os\u201d, desde la Sala R\u00eda este 29","robots":{"index":"index","follow":"follow","max-snippet":"max-snippet:-1","max-image-preview":"max-image-preview:large","max-video-preview":"max-video-preview:-1"},"canonical":"https:\/\/www.uartes.edu.ec\/sitio\/en\/blog\/2021\/10\/26\/miradas-que-cuentan-alegria-tradiciones-aventuras-y-suenos-desde-la-sala-ria-este-29\/","og_locale":"en_US","og_type":"article","og_title":"Universidad de las Artes - \u201cMiradas que cuentan\u2026 Alegr\u00eda, tradiciones, aventuras y sue\u00f1os\u201d, desde la Sala R\u00eda este 29","og_description":"Universidad de las Artes - \u201cMiradas que cuentan\u2026 Alegr\u00eda, tradiciones, aventuras y sue\u00f1os\u201d, desde la Sala R\u00eda este 29","og_url":"https:\/\/www.uartes.edu.ec\/sitio\/en\/blog\/2021\/10\/26\/miradas-que-cuentan-alegria-tradiciones-aventuras-y-suenos-desde-la-sala-ria-este-29\/","og_site_name":"Universidad de las Artes","article_publisher":"https:\/\/www.facebook.com\/uartesec","article_published_time":"2021-10-26T14:57:00+00:00","article_modified_time":"2024-07-04T16:25:28+00:00","og_image":[{"width":2000,"height":1333,"url":"https:\/\/www.uartes.edu.ec\/sitio\/wp-content\/uploads\/2021\/10\/03-RIA-ANA-MARIA-1.webp","type":"image\/webp"}],"author":"ccortez","twitter_card":"summary_large_image","twitter_creator":"@uartesec","twitter_site":"@uartesec","twitter_misc":{"Written by":"ccortez","Est. reading time":"2 minutes"},"schema":{"@context":"https:\/\/schema.org","@graph":[{"@type":"Article","@id":"https:\/\/www.uartes.edu.ec\/sitio\/en\/blog\/2021\/10\/26\/miradas-que-cuentan-alegria-tradiciones-aventuras-y-suenos-desde-la-sala-ria-este-29\/#article","isPartOf":{"@id":"https:\/\/www.uartes.edu.ec\/sitio\/en\/blog\/2021\/10\/26\/miradas-que-cuentan-alegria-tradiciones-aventuras-y-suenos-desde-la-sala-ria-este-29\/"},"author":{"name":"ccortez","@id":"https:\/\/www.uartes.edu.ec\/sitio\/en\/#\/schema\/person\/efa1b8275797664fd7f13a79ccc0b1f4"},"headline":"\u201cMiradas que cuentan\u2026 Alegr\u00eda, tradiciones, aventuras y sue\u00f1os\u201d, desde la Sala R\u00eda este 29","datePublished":"2021-10-26T14:57:00+00:00","dateModified":"2024-07-04T16:25:28+00:00","mainEntityOfPage":{"@id":"https:\/\/www.uartes.edu.ec\/sitio\/en\/blog\/2021\/10\/26\/miradas-que-cuentan-alegria-tradiciones-aventuras-y-suenos-desde-la-sala-ria-este-29\/"},"wordCount":456,"commentCount":0,"publisher":{"@id":"https:\/\/www.uartes.edu.ec\/sitio\/en\/#organization"},"image":{"@id":"https:\/\/www.uartes.edu.ec\/sitio\/en\/blog\/2021\/10\/26\/miradas-que-cuentan-alegria-tradiciones-aventuras-y-suenos-desde-la-sala-ria-este-29\/#primaryimage"},"thumbnailUrl":"https:\/\/www.uartes.edu.ec\/sitio\/wp-content\/uploads\/2021\/10\/03-RIA-ANA-MARIA-1.webp","keywords":["biblioteca"],"articleSection":["Artes"],"inLanguage":"en-US","potentialAction":[{"@type":"CommentAction","name":"Comment","target":["https:\/\/www.uartes.edu.ec\/sitio\/en\/blog\/2021\/10\/26\/miradas-que-cuentan-alegria-tradiciones-aventuras-y-suenos-desde-la-sala-ria-este-29\/#respond"]}]},{"@type":["WebPage","ItemPage"],"@id":"https:\/\/www.uartes.edu.ec\/sitio\/en\/blog\/2021\/10\/26\/miradas-que-cuentan-alegria-tradiciones-aventuras-y-suenos-desde-la-sala-ria-este-29\/","url":"https:\/\/www.uartes.edu.ec\/sitio\/en\/blog\/2021\/10\/26\/miradas-que-cuentan-alegria-tradiciones-aventuras-y-suenos-desde-la-sala-ria-este-29\/","name":"Universidad de las Artes - \u201cMiradas que cuentan\u2026 Alegr\u00eda, tradiciones, aventuras y sue\u00f1os\u201d, desde la Sala R\u00eda este 29","isPartOf":{"@id":"https:\/\/www.uartes.edu.ec\/sitio\/en\/#website"},"primaryImageOfPage":{"@id":"https:\/\/www.uartes.edu.ec\/sitio\/en\/blog\/2021\/10\/26\/miradas-que-cuentan-alegria-tradiciones-aventuras-y-suenos-desde-la-sala-ria-este-29\/#primaryimage"},"image":{"@id":"https:\/\/www.uartes.edu.ec\/sitio\/en\/blog\/2021\/10\/26\/miradas-que-cuentan-alegria-tradiciones-aventuras-y-suenos-desde-la-sala-ria-este-29\/#primaryimage"},"thumbnailUrl":"https:\/\/www.uartes.edu.ec\/sitio\/wp-content\/uploads\/2021\/10\/03-RIA-ANA-MARIA-1.webp","datePublished":"2021-10-26T14:57:00+00:00","dateModified":"2024-07-04T16:25:28+00:00","description":"Universidad de las Artes - \u201cMiradas que cuentan\u2026 Alegr\u00eda, tradiciones, aventuras y sue\u00f1os\u201d, desde la Sala R\u00eda este 29","breadcrumb":{"@id":"https:\/\/www.uartes.edu.ec\/sitio\/en\/blog\/2021\/10\/26\/miradas-que-cuentan-alegria-tradiciones-aventuras-y-suenos-desde-la-sala-ria-este-29\/#breadcrumb"},"inLanguage":"en-US","potentialAction":[{"@type":"ReadAction","target":["https:\/\/www.uartes.edu.ec\/sitio\/en\/blog\/2021\/10\/26\/miradas-que-cuentan-alegria-tradiciones-aventuras-y-suenos-desde-la-sala-ria-este-29\/"]}]},{"@type":"ImageObject","inLanguage":"en-US","@id":"https:\/\/www.uartes.edu.ec\/sitio\/en\/blog\/2021\/10\/26\/miradas-que-cuentan-alegria-tradiciones-aventuras-y-suenos-desde-la-sala-ria-este-29\/#primaryimage","url":"https:\/\/www.uartes.edu.ec\/sitio\/wp-content\/uploads\/2021\/10\/03-RIA-ANA-MARIA-1.webp","contentUrl":"https:\/\/www.uartes.edu.ec\/sitio\/wp-content\/uploads\/2021\/10\/03-RIA-ANA-MARIA-1.webp","width":2000,"height":1333},{"@type":"BreadcrumbList","@id":"https:\/\/www.uartes.edu.ec\/sitio\/en\/blog\/2021\/10\/26\/miradas-que-cuentan-alegria-tradiciones-aventuras-y-suenos-desde-la-sala-ria-este-29\/#breadcrumb","itemListElement":[{"@type":"ListItem","position":1,"name":"Inicio","item":"https:\/\/www.uartes.edu.ec\/sitio\/"},{"@type":"ListItem","position":2,"name":"\u201cMiradas que cuentan\u2026 Alegr\u00eda, tradiciones, aventuras y sue\u00f1os\u201d, desde la Sala R\u00eda este 29"}]},{"@type":"WebSite","@id":"https:\/\/www.uartes.edu.ec\/sitio\/en\/#website","url":"https:\/\/www.uartes.edu.ec\/sitio\/en\/","name":"Universidad de las Artes","description":"Sitio oficial de la Universidad Nacional de las Artes del Ecuador","publisher":{"@id":"https:\/\/www.uartes.edu.ec\/sitio\/en\/#organization"},"potentialAction":[{"@type":"SearchAction","target":{"@type":"EntryPoint","urlTemplate":"https:\/\/www.uartes.edu.ec\/sitio\/en\/?s={search_term_string}"},"query-input":{"@type":"PropertyValueSpecification","valueRequired":true,"valueName":"search_term_string"}}],"inLanguage":"en-US"},{"@type":"Organization","@id":"https:\/\/www.uartes.edu.ec\/sitio\/en\/#organization","name":"Universidad de las Artes","url":"https:\/\/www.uartes.edu.ec\/sitio\/en\/","logo":{"@type":"ImageObject","inLanguage":"en-US","@id":"https:\/\/www.uartes.edu.ec\/sitio\/en\/#\/schema\/logo\/image\/","url":"https:\/\/www.uartes.edu.ec\/sitio\/wp-content\/uploads\/2022\/07\/logo-ua-horizontal.png","contentUrl":"https:\/\/www.uartes.edu.ec\/sitio\/wp-content\/uploads\/2022\/07\/logo-ua-horizontal.png","width":800,"height":276,"caption":"Universidad de las Artes"},"image":{"@id":"https:\/\/www.uartes.edu.ec\/sitio\/en\/#\/schema\/logo\/image\/"},"sameAs":["https:\/\/www.facebook.com\/uartesec","https:\/\/x.com\/uartesec","https:\/\/www.tiktok.com\/@uartesec"]},{"@type":"Person","@id":"https:\/\/www.uartes.edu.ec\/sitio\/en\/#\/schema\/person\/efa1b8275797664fd7f13a79ccc0b1f4","name":"ccortez","image":{"@type":"ImageObject","inLanguage":"en-US","@id":"https:\/\/secure.gravatar.com\/avatar\/b2a6f664a3ae8e074346ef91775736c5ec479e637ecced6842de9dc98b5da9cd?s=96&d=mm&r=g","url":"https:\/\/secure.gravatar.com\/avatar\/b2a6f664a3ae8e074346ef91775736c5ec479e637ecced6842de9dc98b5da9cd?s=96&d=mm&r=g","contentUrl":"https:\/\/secure.gravatar.com\/avatar\/b2a6f664a3ae8e074346ef91775736c5ec479e637ecced6842de9dc98b5da9cd?s=96&d=mm&r=g","caption":"ccortez"},"url":"https:\/\/www.uartes.edu.ec\/sitio\/en\/blog\/author\/ccortez\/"}]}},"uagb_featured_image_src":{"full":["https:\/\/www.uartes.edu.ec\/sitio\/wp-content\/uploads\/2021\/10\/03-RIA-ANA-MARIA-1.webp",2000,1333,false],"thumbnail":["https:\/\/www.uartes.edu.ec\/sitio\/wp-content\/uploads\/2021\/10\/03-RIA-ANA-MARIA-1.webp",150,100,false],"medium":["https:\/\/www.uartes.edu.ec\/sitio\/wp-content\/uploads\/2021\/10\/03-RIA-ANA-MARIA-1.webp",300,200,false],"medium_large":["https:\/\/www.uartes.edu.ec\/sitio\/wp-content\/uploads\/2021\/10\/03-RIA-ANA-MARIA-1.webp",768,512,false],"large":["https:\/\/www.uartes.edu.ec\/sitio\/wp-content\/uploads\/2021\/10\/03-RIA-ANA-MARIA-1.webp",644,429,false],"1536x1536":["https:\/\/www.uartes.edu.ec\/sitio\/wp-content\/uploads\/2021\/10\/03-RIA-ANA-MARIA-1.webp",1536,1024,false],"2048x2048":["https:\/\/www.uartes.edu.ec\/sitio\/wp-content\/uploads\/2021\/10\/03-RIA-ANA-MARIA-1.webp",2000,1333,false],"trp-custom-language-flag":["https:\/\/www.uartes.edu.ec\/sitio\/wp-content\/uploads\/2021\/10\/03-RIA-ANA-MARIA-1.webp",18,12,false],"htmega_size_585x295":["https:\/\/www.uartes.edu.ec\/sitio\/wp-content\/uploads\/2021\/10\/03-RIA-ANA-MARIA-1.webp",443,295,false],"htmega_size_1170x536":["https:\/\/www.uartes.edu.ec\/sitio\/wp-content\/uploads\/2021\/10\/03-RIA-ANA-MARIA-1.webp",804,536,false],"htmega_size_396x360":["https:\/\/www.uartes.edu.ec\/sitio\/wp-content\/uploads\/2021\/10\/03-RIA-ANA-MARIA-1.webp",396,264,false],"gb-block-post-grid-landscape":["https:\/\/www.uartes.edu.ec\/sitio\/wp-content\/uploads\/2021\/10\/03-RIA-ANA-MARIA-1.webp",600,400,false],"gb-block-post-grid-square":["https:\/\/www.uartes.edu.ec\/sitio\/wp-content\/uploads\/2021\/10\/03-RIA-ANA-MARIA-1.webp",600,400,false],"university-hub-thumb":["https:\/\/www.uartes.edu.ec\/sitio\/wp-content\/uploads\/2021\/10\/03-RIA-ANA-MARIA-1.webp",400,267,false],"mailpoet_newsletter_max":["https:\/\/www.uartes.edu.ec\/sitio\/wp-content\/uploads\/2021\/10\/03-RIA-ANA-MARIA-1.webp",1320,880,false]},"uagb_author_info":{"display_name":"ccortez","author_link":"https:\/\/www.uartes.edu.ec\/sitio\/en\/blog\/author\/ccortez\/"},"uagb_comment_info":0,"uagb_excerpt":"Organizada por la Direcci\u00f3n de Inclusi\u00f3n Social (DIS) de la Alcald\u00eda de Guayaquil, en coordinaci\u00f3n con las Mesas Cantonales de Concertaci\u00f3n de Discapacidad e Infancia y Adolescencia, el pr\u00f3ximo 29 de octubre tendr\u00e1 lugar en la Sala R\u00eda de la Biblioteca de las Artes la jornada \u201cMiradas que cuentan\u2026 Alegr\u00eda, tradiciones, aventuras y sue\u00f1os\u201d.","featured_image_src":"https:\/\/www.uartes.edu.ec\/sitio\/wp-content\/uploads\/2021\/10\/03-RIA-ANA-MARIA-1.webp","featured_image_src_square":"https:\/\/www.uartes.edu.ec\/sitio\/wp-content\/uploads\/2021\/10\/03-RIA-ANA-MARIA-1.webp","author_info":{"display_name":"ccortez","author_link":"https:\/\/www.uartes.edu.ec\/sitio\/en\/blog\/author\/ccortez\/"},"publishpress_future_workflow_manual_trigger":{"enabledWorkflows":[]},"distributor_meta":false,"distributor_terms":false,"distributor_media":false,"distributor_original_site_name":"Universidad de las Artes","distributor_original_site_url":"https:\/\/www.uartes.edu.ec\/sitio\/en","push-errors":false,"_links":{"self":[{"href":"https:\/\/www.uartes.edu.ec\/sitio\/en\/wp-json\/wp\/v2\/posts\/16409","targetHints":{"allow":["GET"]}}],"collection":[{"href":"https:\/\/www.uartes.edu.ec\/sitio\/en\/wp-json\/wp\/v2\/posts"}],"about":[{"href":"https:\/\/www.uartes.edu.ec\/sitio\/en\/wp-json\/wp\/v2\/types\/post"}],"author":[{"embeddable":true,"href":"https:\/\/www.uartes.edu.ec\/sitio\/en\/wp-json\/wp\/v2\/users\/10"}],"replies":[{"embeddable":true,"href":"https:\/\/www.uartes.edu.ec\/sitio\/en\/wp-json\/wp\/v2\/comments?post=16409"}],"version-history":[{"count":1,"href":"https:\/\/www.uartes.edu.ec\/sitio\/en\/wp-json\/wp\/v2\/posts\/16409\/revisions"}],"predecessor-version":[{"id":16412,"href":"https:\/\/www.uartes.edu.ec\/sitio\/en\/wp-json\/wp\/v2\/posts\/16409\/revisions\/16412"}],"wp:featuredmedia":[{"embeddable":true,"href":"https:\/\/www.uartes.edu.ec\/sitio\/en\/wp-json\/wp\/v2\/media\/16410"}],"wp:attachment":[{"href":"https:\/\/www.uartes.edu.ec\/sitio\/en\/wp-json\/wp\/v2\/media?parent=16409"}],"wp:term":[{"taxonomy":"category","embeddable":true,"href":"https:\/\/www.uartes.edu.ec\/sitio\/en\/wp-json\/wp\/v2\/categories?post=16409"},{"taxonomy":"post_tag","embeddable":true,"href":"https:\/\/www.uartes.edu.ec\/sitio\/en\/wp-json\/wp\/v2\/tags?post=16409"},{"taxonomy":"infouartes","embeddable":true,"href":"https:\/\/www.uartes.edu.ec\/sitio\/en\/wp-json\/wp\/v2\/infouartes?post=16409"}],"curies":[{"name":"wp","href":"https:\/\/api.w.org\/{rel}","templated":true}]}}