{"id":16494,"date":"2021-11-04T14:58:00","date_gmt":"2021-11-04T19:58:00","guid":{"rendered":"http:\/\/www.uartes.edu.ec\/sitio\/?p=16494"},"modified":"2024-07-04T11:25:26","modified_gmt":"2024-07-04T16:25:26","slug":"validacion-de-trayectoria-tema-de-la-uartes-concito-interes-en-mesa-redonda-la-casa-de-las-universidades","status":"publish","type":"post","link":"https:\/\/www.uartes.edu.ec\/sitio\/en\/blog\/2021\/11\/04\/validacion-de-trayectoria-tema-de-la-uartes-concito-interes-en-mesa-redonda-la-casa-de-las-universidades\/","title":{"rendered":"Validaci\u00f3n de trayectoria, tema de la UArtes concit\u00f3 inter\u00e9s en mesa redonda La Casa de las Universidades"},"content":{"rendered":"<p>\u201cPensamos que debe existir un sistema nacional de cultura y que la Universidad de las Artes tiene un papel importante en \u00e9l, por eso nos parece tambi\u00e9n importante que la Casa de la Cultura Ecuatoriana (CCE) Benjam\u00edn Carri\u00f3n nos haya extendido la invitaci\u00f3n\u201d. El vicerrector Acad\u00e9mico de la UArtes, doctor Bradley Hilgert, hace referencia as\u00ed a la participaci\u00f3n que tuvo en la mesa redonda organizada por la matriz de la instituci\u00f3n cultural, con sede en Quito.<\/p>\n\n\n\n<p>Se trat\u00f3 de La Casa de las Universidades, una mesa de concertaci\u00f3n nacional con proyecci\u00f3n latinoamericana y global realizada en octubre pasado como un fomento al di\u00e1logo interdisciplinario entre la academia, la CCE, las pr\u00e1cticas art\u00edsticas culturales y un aporte al desarrollo de los espacios de las culturas que requieren ser fortalecidos de manera urgente.<\/p>\n\n\n\n<p>Hilgert comenta que, en di\u00e1logo con los directivos de la CCE, se concluy\u00f3 que no existe evidencia de reuniones anteriores con similares prop\u00f3sitos. Ya hab\u00edan existido conversaciones con Fernando Cer\u00f3n, su presidente, y hubo coincidencias con su visi\u00f3n sobre lo que puede hacer la Casa de la Cultura Ecuatoriana en el pa\u00eds. \u201cFuimos con mucho gusto porque somos la \u00fanica universidad p\u00fablica del Ecuador vinculada al arte\u201d.<\/p>\n\n\n\n<p>En la cita, Paola de la Vega, quien es docente en la Universidad Andina Sim\u00f3n Bol\u00edvar, ha impartido clases de posgrado en la UArtes y ha participado en actividades del ILIA y del Observatorio de Pol\u00edticas y Econom\u00eda de la Cultura, brind\u00f3 una mirada panor\u00e1mica de dos cosas: c\u00f3mo est\u00e1 funcionando la CCE y la situaci\u00f3n de los trabajadores culturales en el pa\u00eds. Ninguna, indica el Vicerrector Acad\u00e9mico, fue optimista.<\/p>\n\n\n\n<p>Luego, en mesas de di\u00e1logo y de trabajo se abordaron diferentes tem\u00e1ticas. La UArtes intervino en el tema de la profesionalizaci\u00f3n y validaci\u00f3n de trayectoria, centr\u00e1ndose en el segundo punto porque las otras universidades ten\u00edan muchas preguntas al respecto. Con la Universidad de las Artes estuvieron la Universidad San Francisco de Quito, que no tiene proceso similar, y la Universidad Central del Ecuador, a cuyo decano y al director de carrera les interes\u00f3 el tema. Indicaron ya haberlo planteado en su instituci\u00f3n el a\u00f1o pasado, pero su \u00d3rgano Colegiado Superior lo desestim\u00f3 y quer\u00edan m\u00e1s informaci\u00f3n a fin de volverlo a proponer. \u201cNos interesa que se haga en otras universidades porque no podemos validar la trayectoria de nuestros profesores y quisi\u00e9ramos que vayan a hacerlo a otro lado\u201d, precisa el doctor Hilgert.<\/p>\n\n\n\n<p>De validaci\u00f3n de trayectoria se habl\u00f3 mucho, no solo del antes, sino del despu\u00e9s. Hicieron se\u00f1alamientos por la noci\u00f3n de que con el t\u00edtulo los artistas ya van a conseguir trabajo. \u201cLes explicamos que lo importante era entender este proceso en el contexto de una deuda hist\u00f3rica, porque hay artistas que llevan 20 o 30 a\u00f1os de actividad, tiempo en el que no exist\u00eda una carrera en ese campo. Lo vemos como un tema de justicia y de dignidad\u201d.<\/p>\n\n\n\n<p>En la mesa de trabajo, a\u00f1ade, se adquiri\u00f3 el compromiso de hacer una revisi\u00f3n para entender qu\u00e9 pasa con los postulantes tras conseguir el t\u00edtulo, si hay una mejora de sus situaciones, si sus aspiraciones salariales cambiaron; entender para qu\u00e9 y de qu\u00e9 les ha servido su t\u00edtulo.&nbsp;&nbsp;<\/p>\n\n\n\n<p>Asimismo, se mencion\u00f3 la revisi\u00f3n que hizo Consejo de Educaci\u00f3n Superior (CES) a la normativa para reformar el reglamento, pues en los dos procesos anteriores en lugar de abrir posibilidades su rigidez las obstaculiz\u00f3. \u201cSe flexibilizaron un par de cosas. Nosotros, en la normativa interna, vamos a tratar de ser m\u00e1s asequibles y creativos para alcanzar a m\u00e1s artistas. Tenemos contemplado un curso virtual que cada postulante deber\u00eda cumplir. Se explicar\u00e1 requisito por requisito, as\u00ed como los medios de verificaci\u00f3n que podemos aceptar, as\u00ed el postulante no pagar\u00e1 hasta haber recibido toda la informaci\u00f3n. Nos parece que ayudar\u00e1 un poco\u201d, explica.<\/p>\n\n\n\n<p>Tras las mesas de di\u00e1logo, se cumpli\u00f3 con un extenso recorrido por el museo de la CCE y la cinemateca \u201cy quedamos en seguir conversando porque hay muchas cosas que podemos hacer en conjunto, por ejemplo, en el museo hay una sala amplia de instrumentos que est\u00e1n en estado grave por falta de mantenimiento y podr\u00edamos hacer un proyecto para rescatarlos\u201d, dice el Vicerrector Acad\u00e9mico y recuerda haber hallado all\u00ed una guitarra hecha de armadillo. Tambi\u00e9n destaca que quien est\u00e1 a cargo del museo hizo la maestr\u00eda de Pol\u00edticas Culturales y Gesti\u00f3n de las Artes en la UArtes.<\/p>\n\n\n\n<figure class=\"wp-block-image size-full\"><img fetchpriority=\"high\" decoding=\"async\" width=\"2000\" height=\"1333\" src=\"http:\/\/www.uartes.edu.ec\/sitio\/wp-content\/uploads\/2021\/11\/thumbnail_fotos-bradley-2.webp\" alt=\"\" class=\"wp-image-16498\" \/><\/figure>\n\n\n\n<p>En igual situaci\u00f3n cr\u00edtica est\u00e1 la cinemateca y se habl\u00f3 de la posibilidad de hacer una programaci\u00f3n nacional. \u201cSolo hay tres salas p\u00fablicas de cine en el pa\u00eds: en la CCE, en Manta y en MZ14 de la UArtes. La CCE tiene un mont\u00f3n de pel\u00edculas que son importantes para el cine nacional, pero que no se proyectan. Vamos a realizar un proyecto con ellos\u201d. Al finalizar la mesa redonda y los recorridos, Fernando Cer\u00f3n qued\u00f3 en visitar Guayaquil y la UArtes, lo cual cumpli\u00f3 en el marco del VI Encuentro Internacional de Investigaci\u00f3n en Artes, organizado por el ILIA, y conversaron m\u00e1s.<\/p>\n\n\n\n<p>Se plante\u00f3 la posibilidad de tener a los n\u00facleos de la CCE como centros para la difusi\u00f3n de la validaci\u00f3n de trayectoria, lo cual la UArtes realizar\u00e1 en diciembre pr\u00f3ximo. \u201cNo nos es posible ir a cada provincia, pero podemos a trav\u00e9s los n\u00facleos de la Casa de la Cultura Ecuatoriana hacer llegar la informaci\u00f3n a los artistas. Hay apertura para colaborar y hablamos incluso de habilitar una computadora en cada n\u00facleo para que los postulantes lleguen a enviar su informaci\u00f3n\u201d.<\/p>\n\n\n\n<p>En La Casa de las Universidades tambi\u00e9n se profundizaron en temas como la Ley de Cultura y su aplicaci\u00f3n y los procesos de cooperaci\u00f3n e interdependencia entre la academia y la instituci\u00f3n cultural (CCE). Entre las resoluciones m\u00e1s importantes constan el apoyo irrestricto a los actores y sectores culturales, la revisi\u00f3n de la Ley de Cultura, la integraci\u00f3n de una red universitaria para fortalecer el curr\u00edculo con contenidos sobre las diferentes culturas y la riqueza que estas representan para el desarrollo de la humanidad.&nbsp;<\/p>\n\n\n\n<p>Fotos: <a href=\"https:\/\/www.diariolosandes.com.ec\/\">https:\/\/www.diariolosandes.com.ec\/<\/a><br>Twitter de la CCE: @CasadelaCultura<\/p>","protected":false},"excerpt":{"rendered":"<p>\u201cPensamos que debe existir un sistema nacional de cultura y que la Universidad de las Artes tiene un papel importante en \u00e9l, por eso nos parece tambi\u00e9n importante que la Casa de la Cultura Ecuatoriana (CCE) Benjam\u00edn Carri\u00f3n nos haya extendido la invitaci\u00f3n\u201d. El vicerrector Acad\u00e9mico de la UArtes, doctor Bradley Hilgert, hace referencia as\u00ed a la participaci\u00f3n que tuvo en la mesa redonda organizada por la matriz de la instituci\u00f3n cultural, con sede en Quito. <\/p>","protected":false},"author":10,"featured_media":16496,"comment_status":"open","ping_status":"open","sticky":false,"template":"","format":"standard","meta":{"_acf_changed":false,"_uag_custom_page_level_css":"","_monsterinsights_skip_tracking":false,"_monsterinsights_sitenote_active":false,"_monsterinsights_sitenote_note":"","_monsterinsights_sitenote_category":0,"cybocfi_hide_featured_image":"","footnotes":""},"categories":[75,76,77],"tags":[535],"infouartes":[],"class_list":["post-16494","post","type-post","status-publish","format-standard","has-post-thumbnail","hentry","category-docentes","category-estudiantes","category-gestion","tag-mesa-redonda"],"acf":[],"yoast_head":"<!-- This site is optimized with the Yoast SEO plugin v27.4 - https:\/\/yoast.com\/product\/yoast-seo-wordpress\/ -->\n<title>Universidad de las Artes - Validaci\u00f3n de trayectoria, tema de la UArtes concit\u00f3 inter\u00e9s en mesa redonda La Casa de las Universidades<\/title>\n<meta name=\"description\" content=\"Universidad de las Artes - Validaci\u00f3n de trayectoria, tema de la UArtes concit\u00f3 inter\u00e9s en mesa redonda La Casa de las Universidades\" \/>\n<meta name=\"robots\" content=\"index, follow, max-snippet:-1, max-image-preview:large, max-video-preview:-1\" \/>\n<link rel=\"canonical\" href=\"https:\/\/www.uartes.edu.ec\/sitio\/en\/blog\/2021\/11\/04\/validacion-de-trayectoria-tema-de-la-uartes-concito-interes-en-mesa-redonda-la-casa-de-las-universidades\/\" \/>\n<meta property=\"og:locale\" content=\"en_US\" \/>\n<meta property=\"og:type\" content=\"article\" \/>\n<meta property=\"og:title\" content=\"Universidad de las Artes - Validaci\u00f3n de trayectoria, tema de la UArtes concit\u00f3 inter\u00e9s en mesa redonda La Casa de las Universidades\" \/>\n<meta property=\"og:description\" content=\"Universidad de las Artes - Validaci\u00f3n de trayectoria, tema de la UArtes concit\u00f3 inter\u00e9s en mesa redonda La Casa de las Universidades\" \/>\n<meta property=\"og:url\" content=\"https:\/\/www.uartes.edu.ec\/sitio\/en\/blog\/2021\/11\/04\/validacion-de-trayectoria-tema-de-la-uartes-concito-interes-en-mesa-redonda-la-casa-de-las-universidades\/\" \/>\n<meta property=\"og:site_name\" content=\"Universidad de las Artes\" \/>\n<meta property=\"article:publisher\" content=\"https:\/\/www.facebook.com\/uartesec\" \/>\n<meta property=\"article:published_time\" content=\"2021-11-04T19:58:00+00:00\" \/>\n<meta property=\"article:modified_time\" content=\"2024-07-04T16:25:26+00:00\" \/>\n<meta property=\"og:image\" content=\"https:\/\/www.uartes.edu.ec\/sitio\/wp-content\/uploads\/2021\/11\/thumbnail_fotos-bradley.webp\" \/>\n\t<meta property=\"og:image:width\" content=\"2000\" \/>\n\t<meta property=\"og:image:height\" content=\"1333\" \/>\n\t<meta property=\"og:image:type\" content=\"image\/webp\" \/>\n<meta name=\"author\" content=\"ccortez\" \/>\n<meta name=\"twitter:card\" content=\"summary_large_image\" \/>\n<meta name=\"twitter:creator\" content=\"@uartesec\" \/>\n<meta name=\"twitter:site\" content=\"@uartesec\" \/>\n<meta name=\"twitter:label1\" content=\"Written by\" \/>\n\t<meta name=\"twitter:data1\" content=\"ccortez\" \/>\n\t<meta name=\"twitter:label2\" content=\"Est. reading time\" \/>\n\t<meta name=\"twitter:data2\" content=\"5 minutes\" \/>\n<script type=\"application\/ld+json\" class=\"yoast-schema-graph\">{\"@context\":\"https:\\\/\\\/schema.org\",\"@graph\":[{\"@type\":\"Article\",\"@id\":\"https:\\\/\\\/www.uartes.edu.ec\\\/sitio\\\/en\\\/blog\\\/2021\\\/11\\\/04\\\/validacion-de-trayectoria-tema-de-la-uartes-concito-interes-en-mesa-redonda-la-casa-de-las-universidades\\\/#article\",\"isPartOf\":{\"@id\":\"https:\\\/\\\/www.uartes.edu.ec\\\/sitio\\\/en\\\/blog\\\/2021\\\/11\\\/04\\\/validacion-de-trayectoria-tema-de-la-uartes-concito-interes-en-mesa-redonda-la-casa-de-las-universidades\\\/\"},\"author\":{\"name\":\"ccortez\",\"@id\":\"https:\\\/\\\/www.uartes.edu.ec\\\/sitio\\\/en\\\/#\\\/schema\\\/person\\\/efa1b8275797664fd7f13a79ccc0b1f4\"},\"headline\":\"Validaci\u00f3n de trayectoria, tema de la UArtes concit\u00f3 inter\u00e9s en mesa redonda La Casa de las Universidades\",\"datePublished\":\"2021-11-04T19:58:00+00:00\",\"dateModified\":\"2024-07-04T16:25:26+00:00\",\"mainEntityOfPage\":{\"@id\":\"https:\\\/\\\/www.uartes.edu.ec\\\/sitio\\\/en\\\/blog\\\/2021\\\/11\\\/04\\\/validacion-de-trayectoria-tema-de-la-uartes-concito-interes-en-mesa-redonda-la-casa-de-las-universidades\\\/\"},\"wordCount\":1119,\"commentCount\":0,\"publisher\":{\"@id\":\"https:\\\/\\\/www.uartes.edu.ec\\\/sitio\\\/en\\\/#organization\"},\"image\":{\"@id\":\"https:\\\/\\\/www.uartes.edu.ec\\\/sitio\\\/en\\\/blog\\\/2021\\\/11\\\/04\\\/validacion-de-trayectoria-tema-de-la-uartes-concito-interes-en-mesa-redonda-la-casa-de-las-universidades\\\/#primaryimage\"},\"thumbnailUrl\":\"https:\\\/\\\/www.uartes.edu.ec\\\/sitio\\\/wp-content\\\/uploads\\\/2021\\\/11\\\/thumbnail_fotos-bradley.webp\",\"keywords\":[\"mesa redonda\"],\"articleSection\":[\"Docentes\",\"Estudiantes\",\"Gesti\u00f3n\"],\"inLanguage\":\"en-US\",\"potentialAction\":[{\"@type\":\"CommentAction\",\"name\":\"Comment\",\"target\":[\"https:\\\/\\\/www.uartes.edu.ec\\\/sitio\\\/en\\\/blog\\\/2021\\\/11\\\/04\\\/validacion-de-trayectoria-tema-de-la-uartes-concito-interes-en-mesa-redonda-la-casa-de-las-universidades\\\/#respond\"]}]},{\"@type\":[\"WebPage\",\"ItemPage\"],\"@id\":\"https:\\\/\\\/www.uartes.edu.ec\\\/sitio\\\/en\\\/blog\\\/2021\\\/11\\\/04\\\/validacion-de-trayectoria-tema-de-la-uartes-concito-interes-en-mesa-redonda-la-casa-de-las-universidades\\\/\",\"url\":\"https:\\\/\\\/www.uartes.edu.ec\\\/sitio\\\/en\\\/blog\\\/2021\\\/11\\\/04\\\/validacion-de-trayectoria-tema-de-la-uartes-concito-interes-en-mesa-redonda-la-casa-de-las-universidades\\\/\",\"name\":\"Universidad de las Artes - Validaci\u00f3n de trayectoria, tema de la UArtes concit\u00f3 inter\u00e9s en mesa redonda La Casa de las Universidades\",\"isPartOf\":{\"@id\":\"https:\\\/\\\/www.uartes.edu.ec\\\/sitio\\\/en\\\/#website\"},\"primaryImageOfPage\":{\"@id\":\"https:\\\/\\\/www.uartes.edu.ec\\\/sitio\\\/en\\\/blog\\\/2021\\\/11\\\/04\\\/validacion-de-trayectoria-tema-de-la-uartes-concito-interes-en-mesa-redonda-la-casa-de-las-universidades\\\/#primaryimage\"},\"image\":{\"@id\":\"https:\\\/\\\/www.uartes.edu.ec\\\/sitio\\\/en\\\/blog\\\/2021\\\/11\\\/04\\\/validacion-de-trayectoria-tema-de-la-uartes-concito-interes-en-mesa-redonda-la-casa-de-las-universidades\\\/#primaryimage\"},\"thumbnailUrl\":\"https:\\\/\\\/www.uartes.edu.ec\\\/sitio\\\/wp-content\\\/uploads\\\/2021\\\/11\\\/thumbnail_fotos-bradley.webp\",\"datePublished\":\"2021-11-04T19:58:00+00:00\",\"dateModified\":\"2024-07-04T16:25:26+00:00\",\"description\":\"Universidad de las Artes - Validaci\u00f3n de trayectoria, tema de la UArtes concit\u00f3 inter\u00e9s en mesa redonda La Casa de las Universidades\",\"breadcrumb\":{\"@id\":\"https:\\\/\\\/www.uartes.edu.ec\\\/sitio\\\/en\\\/blog\\\/2021\\\/11\\\/04\\\/validacion-de-trayectoria-tema-de-la-uartes-concito-interes-en-mesa-redonda-la-casa-de-las-universidades\\\/#breadcrumb\"},\"inLanguage\":\"en-US\",\"potentialAction\":[{\"@type\":\"ReadAction\",\"target\":[\"https:\\\/\\\/www.uartes.edu.ec\\\/sitio\\\/en\\\/blog\\\/2021\\\/11\\\/04\\\/validacion-de-trayectoria-tema-de-la-uartes-concito-interes-en-mesa-redonda-la-casa-de-las-universidades\\\/\"]}]},{\"@type\":\"ImageObject\",\"inLanguage\":\"en-US\",\"@id\":\"https:\\\/\\\/www.uartes.edu.ec\\\/sitio\\\/en\\\/blog\\\/2021\\\/11\\\/04\\\/validacion-de-trayectoria-tema-de-la-uartes-concito-interes-en-mesa-redonda-la-casa-de-las-universidades\\\/#primaryimage\",\"url\":\"https:\\\/\\\/www.uartes.edu.ec\\\/sitio\\\/wp-content\\\/uploads\\\/2021\\\/11\\\/thumbnail_fotos-bradley.webp\",\"contentUrl\":\"https:\\\/\\\/www.uartes.edu.ec\\\/sitio\\\/wp-content\\\/uploads\\\/2021\\\/11\\\/thumbnail_fotos-bradley.webp\",\"width\":2000,\"height\":1333},{\"@type\":\"BreadcrumbList\",\"@id\":\"https:\\\/\\\/www.uartes.edu.ec\\\/sitio\\\/en\\\/blog\\\/2021\\\/11\\\/04\\\/validacion-de-trayectoria-tema-de-la-uartes-concito-interes-en-mesa-redonda-la-casa-de-las-universidades\\\/#breadcrumb\",\"itemListElement\":[{\"@type\":\"ListItem\",\"position\":1,\"name\":\"Inicio\",\"item\":\"https:\\\/\\\/www.uartes.edu.ec\\\/sitio\\\/\"},{\"@type\":\"ListItem\",\"position\":2,\"name\":\"Validaci\u00f3n de trayectoria, tema de la UArtes concit\u00f3 inter\u00e9s en mesa redonda La Casa de las Universidades\"}]},{\"@type\":\"WebSite\",\"@id\":\"https:\\\/\\\/www.uartes.edu.ec\\\/sitio\\\/en\\\/#website\",\"url\":\"https:\\\/\\\/www.uartes.edu.ec\\\/sitio\\\/en\\\/\",\"name\":\"Universidad de las Artes\",\"description\":\"Sitio oficial de la Universidad Nacional de las Artes del Ecuador\",\"publisher\":{\"@id\":\"https:\\\/\\\/www.uartes.edu.ec\\\/sitio\\\/en\\\/#organization\"},\"potentialAction\":[{\"@type\":\"SearchAction\",\"target\":{\"@type\":\"EntryPoint\",\"urlTemplate\":\"https:\\\/\\\/www.uartes.edu.ec\\\/sitio\\\/en\\\/?s={search_term_string}\"},\"query-input\":{\"@type\":\"PropertyValueSpecification\",\"valueRequired\":true,\"valueName\":\"search_term_string\"}}],\"inLanguage\":\"en-US\"},{\"@type\":\"Organization\",\"@id\":\"https:\\\/\\\/www.uartes.edu.ec\\\/sitio\\\/en\\\/#organization\",\"name\":\"Universidad de las Artes\",\"url\":\"https:\\\/\\\/www.uartes.edu.ec\\\/sitio\\\/en\\\/\",\"logo\":{\"@type\":\"ImageObject\",\"inLanguage\":\"en-US\",\"@id\":\"https:\\\/\\\/www.uartes.edu.ec\\\/sitio\\\/en\\\/#\\\/schema\\\/logo\\\/image\\\/\",\"url\":\"https:\\\/\\\/www.uartes.edu.ec\\\/sitio\\\/wp-content\\\/uploads\\\/2022\\\/07\\\/logo-ua-horizontal.png\",\"contentUrl\":\"https:\\\/\\\/www.uartes.edu.ec\\\/sitio\\\/wp-content\\\/uploads\\\/2022\\\/07\\\/logo-ua-horizontal.png\",\"width\":800,\"height\":276,\"caption\":\"Universidad de las Artes\"},\"image\":{\"@id\":\"https:\\\/\\\/www.uartes.edu.ec\\\/sitio\\\/en\\\/#\\\/schema\\\/logo\\\/image\\\/\"},\"sameAs\":[\"https:\\\/\\\/www.facebook.com\\\/uartesec\",\"https:\\\/\\\/x.com\\\/uartesec\",\"https:\\\/\\\/www.tiktok.com\\\/@uartesec\"]},{\"@type\":\"Person\",\"@id\":\"https:\\\/\\\/www.uartes.edu.ec\\\/sitio\\\/en\\\/#\\\/schema\\\/person\\\/efa1b8275797664fd7f13a79ccc0b1f4\",\"name\":\"ccortez\",\"image\":{\"@type\":\"ImageObject\",\"inLanguage\":\"en-US\",\"@id\":\"https:\\\/\\\/secure.gravatar.com\\\/avatar\\\/b2a6f664a3ae8e074346ef91775736c5ec479e637ecced6842de9dc98b5da9cd?s=96&d=mm&r=g\",\"url\":\"https:\\\/\\\/secure.gravatar.com\\\/avatar\\\/b2a6f664a3ae8e074346ef91775736c5ec479e637ecced6842de9dc98b5da9cd?s=96&d=mm&r=g\",\"contentUrl\":\"https:\\\/\\\/secure.gravatar.com\\\/avatar\\\/b2a6f664a3ae8e074346ef91775736c5ec479e637ecced6842de9dc98b5da9cd?s=96&d=mm&r=g\",\"caption\":\"ccortez\"},\"url\":\"https:\\\/\\\/www.uartes.edu.ec\\\/sitio\\\/en\\\/blog\\\/author\\\/ccortez\\\/\"}]}<\/script>\n<!-- \/ Yoast SEO plugin. -->","yoast_head_json":{"title":"Universidad de las Artes - Validaci\u00f3n de trayectoria, tema de la UArtes concit\u00f3 inter\u00e9s en mesa redonda La Casa de las Universidades","description":"Universidad de las Artes - Validaci\u00f3n de trayectoria, tema de la UArtes concit\u00f3 inter\u00e9s en mesa redonda La Casa de las Universidades","robots":{"index":"index","follow":"follow","max-snippet":"max-snippet:-1","max-image-preview":"max-image-preview:large","max-video-preview":"max-video-preview:-1"},"canonical":"https:\/\/www.uartes.edu.ec\/sitio\/en\/blog\/2021\/11\/04\/validacion-de-trayectoria-tema-de-la-uartes-concito-interes-en-mesa-redonda-la-casa-de-las-universidades\/","og_locale":"en_US","og_type":"article","og_title":"Universidad de las Artes - Validaci\u00f3n de trayectoria, tema de la UArtes concit\u00f3 inter\u00e9s en mesa redonda La Casa de las Universidades","og_description":"Universidad de las Artes - Validaci\u00f3n de trayectoria, tema de la UArtes concit\u00f3 inter\u00e9s en mesa redonda La Casa de las Universidades","og_url":"https:\/\/www.uartes.edu.ec\/sitio\/en\/blog\/2021\/11\/04\/validacion-de-trayectoria-tema-de-la-uartes-concito-interes-en-mesa-redonda-la-casa-de-las-universidades\/","og_site_name":"Universidad de las Artes","article_publisher":"https:\/\/www.facebook.com\/uartesec","article_published_time":"2021-11-04T19:58:00+00:00","article_modified_time":"2024-07-04T16:25:26+00:00","og_image":[{"width":2000,"height":1333,"url":"https:\/\/www.uartes.edu.ec\/sitio\/wp-content\/uploads\/2021\/11\/thumbnail_fotos-bradley.webp","type":"image\/webp"}],"author":"ccortez","twitter_card":"summary_large_image","twitter_creator":"@uartesec","twitter_site":"@uartesec","twitter_misc":{"Written by":"ccortez","Est. reading time":"5 minutes"},"schema":{"@context":"https:\/\/schema.org","@graph":[{"@type":"Article","@id":"https:\/\/www.uartes.edu.ec\/sitio\/en\/blog\/2021\/11\/04\/validacion-de-trayectoria-tema-de-la-uartes-concito-interes-en-mesa-redonda-la-casa-de-las-universidades\/#article","isPartOf":{"@id":"https:\/\/www.uartes.edu.ec\/sitio\/en\/blog\/2021\/11\/04\/validacion-de-trayectoria-tema-de-la-uartes-concito-interes-en-mesa-redonda-la-casa-de-las-universidades\/"},"author":{"name":"ccortez","@id":"https:\/\/www.uartes.edu.ec\/sitio\/en\/#\/schema\/person\/efa1b8275797664fd7f13a79ccc0b1f4"},"headline":"Validaci\u00f3n de trayectoria, tema de la UArtes concit\u00f3 inter\u00e9s en mesa redonda La Casa de las Universidades","datePublished":"2021-11-04T19:58:00+00:00","dateModified":"2024-07-04T16:25:26+00:00","mainEntityOfPage":{"@id":"https:\/\/www.uartes.edu.ec\/sitio\/en\/blog\/2021\/11\/04\/validacion-de-trayectoria-tema-de-la-uartes-concito-interes-en-mesa-redonda-la-casa-de-las-universidades\/"},"wordCount":1119,"commentCount":0,"publisher":{"@id":"https:\/\/www.uartes.edu.ec\/sitio\/en\/#organization"},"image":{"@id":"https:\/\/www.uartes.edu.ec\/sitio\/en\/blog\/2021\/11\/04\/validacion-de-trayectoria-tema-de-la-uartes-concito-interes-en-mesa-redonda-la-casa-de-las-universidades\/#primaryimage"},"thumbnailUrl":"https:\/\/www.uartes.edu.ec\/sitio\/wp-content\/uploads\/2021\/11\/thumbnail_fotos-bradley.webp","keywords":["mesa redonda"],"articleSection":["Docentes","Estudiantes","Gesti\u00f3n"],"inLanguage":"en-US","potentialAction":[{"@type":"CommentAction","name":"Comment","target":["https:\/\/www.uartes.edu.ec\/sitio\/en\/blog\/2021\/11\/04\/validacion-de-trayectoria-tema-de-la-uartes-concito-interes-en-mesa-redonda-la-casa-de-las-universidades\/#respond"]}]},{"@type":["WebPage","ItemPage"],"@id":"https:\/\/www.uartes.edu.ec\/sitio\/en\/blog\/2021\/11\/04\/validacion-de-trayectoria-tema-de-la-uartes-concito-interes-en-mesa-redonda-la-casa-de-las-universidades\/","url":"https:\/\/www.uartes.edu.ec\/sitio\/en\/blog\/2021\/11\/04\/validacion-de-trayectoria-tema-de-la-uartes-concito-interes-en-mesa-redonda-la-casa-de-las-universidades\/","name":"Universidad de las Artes - Validaci\u00f3n de trayectoria, tema de la UArtes concit\u00f3 inter\u00e9s en mesa redonda La Casa de las Universidades","isPartOf":{"@id":"https:\/\/www.uartes.edu.ec\/sitio\/en\/#website"},"primaryImageOfPage":{"@id":"https:\/\/www.uartes.edu.ec\/sitio\/en\/blog\/2021\/11\/04\/validacion-de-trayectoria-tema-de-la-uartes-concito-interes-en-mesa-redonda-la-casa-de-las-universidades\/#primaryimage"},"image":{"@id":"https:\/\/www.uartes.edu.ec\/sitio\/en\/blog\/2021\/11\/04\/validacion-de-trayectoria-tema-de-la-uartes-concito-interes-en-mesa-redonda-la-casa-de-las-universidades\/#primaryimage"},"thumbnailUrl":"https:\/\/www.uartes.edu.ec\/sitio\/wp-content\/uploads\/2021\/11\/thumbnail_fotos-bradley.webp","datePublished":"2021-11-04T19:58:00+00:00","dateModified":"2024-07-04T16:25:26+00:00","description":"Universidad de las Artes - Validaci\u00f3n de trayectoria, tema de la UArtes concit\u00f3 inter\u00e9s en mesa redonda La Casa de las Universidades","breadcrumb":{"@id":"https:\/\/www.uartes.edu.ec\/sitio\/en\/blog\/2021\/11\/04\/validacion-de-trayectoria-tema-de-la-uartes-concito-interes-en-mesa-redonda-la-casa-de-las-universidades\/#breadcrumb"},"inLanguage":"en-US","potentialAction":[{"@type":"ReadAction","target":["https:\/\/www.uartes.edu.ec\/sitio\/en\/blog\/2021\/11\/04\/validacion-de-trayectoria-tema-de-la-uartes-concito-interes-en-mesa-redonda-la-casa-de-las-universidades\/"]}]},{"@type":"ImageObject","inLanguage":"en-US","@id":"https:\/\/www.uartes.edu.ec\/sitio\/en\/blog\/2021\/11\/04\/validacion-de-trayectoria-tema-de-la-uartes-concito-interes-en-mesa-redonda-la-casa-de-las-universidades\/#primaryimage","url":"https:\/\/www.uartes.edu.ec\/sitio\/wp-content\/uploads\/2021\/11\/thumbnail_fotos-bradley.webp","contentUrl":"https:\/\/www.uartes.edu.ec\/sitio\/wp-content\/uploads\/2021\/11\/thumbnail_fotos-bradley.webp","width":2000,"height":1333},{"@type":"BreadcrumbList","@id":"https:\/\/www.uartes.edu.ec\/sitio\/en\/blog\/2021\/11\/04\/validacion-de-trayectoria-tema-de-la-uartes-concito-interes-en-mesa-redonda-la-casa-de-las-universidades\/#breadcrumb","itemListElement":[{"@type":"ListItem","position":1,"name":"Inicio","item":"https:\/\/www.uartes.edu.ec\/sitio\/"},{"@type":"ListItem","position":2,"name":"Validaci\u00f3n de trayectoria, tema de la UArtes concit\u00f3 inter\u00e9s en mesa redonda La Casa de las Universidades"}]},{"@type":"WebSite","@id":"https:\/\/www.uartes.edu.ec\/sitio\/en\/#website","url":"https:\/\/www.uartes.edu.ec\/sitio\/en\/","name":"Universidad de las Artes","description":"Sitio oficial de la Universidad Nacional de las Artes del Ecuador","publisher":{"@id":"https:\/\/www.uartes.edu.ec\/sitio\/en\/#organization"},"potentialAction":[{"@type":"SearchAction","target":{"@type":"EntryPoint","urlTemplate":"https:\/\/www.uartes.edu.ec\/sitio\/en\/?s={search_term_string}"},"query-input":{"@type":"PropertyValueSpecification","valueRequired":true,"valueName":"search_term_string"}}],"inLanguage":"en-US"},{"@type":"Organization","@id":"https:\/\/www.uartes.edu.ec\/sitio\/en\/#organization","name":"Universidad de las Artes","url":"https:\/\/www.uartes.edu.ec\/sitio\/en\/","logo":{"@type":"ImageObject","inLanguage":"en-US","@id":"https:\/\/www.uartes.edu.ec\/sitio\/en\/#\/schema\/logo\/image\/","url":"https:\/\/www.uartes.edu.ec\/sitio\/wp-content\/uploads\/2022\/07\/logo-ua-horizontal.png","contentUrl":"https:\/\/www.uartes.edu.ec\/sitio\/wp-content\/uploads\/2022\/07\/logo-ua-horizontal.png","width":800,"height":276,"caption":"Universidad de las Artes"},"image":{"@id":"https:\/\/www.uartes.edu.ec\/sitio\/en\/#\/schema\/logo\/image\/"},"sameAs":["https:\/\/www.facebook.com\/uartesec","https:\/\/x.com\/uartesec","https:\/\/www.tiktok.com\/@uartesec"]},{"@type":"Person","@id":"https:\/\/www.uartes.edu.ec\/sitio\/en\/#\/schema\/person\/efa1b8275797664fd7f13a79ccc0b1f4","name":"ccortez","image":{"@type":"ImageObject","inLanguage":"en-US","@id":"https:\/\/secure.gravatar.com\/avatar\/b2a6f664a3ae8e074346ef91775736c5ec479e637ecced6842de9dc98b5da9cd?s=96&d=mm&r=g","url":"https:\/\/secure.gravatar.com\/avatar\/b2a6f664a3ae8e074346ef91775736c5ec479e637ecced6842de9dc98b5da9cd?s=96&d=mm&r=g","contentUrl":"https:\/\/secure.gravatar.com\/avatar\/b2a6f664a3ae8e074346ef91775736c5ec479e637ecced6842de9dc98b5da9cd?s=96&d=mm&r=g","caption":"ccortez"},"url":"https:\/\/www.uartes.edu.ec\/sitio\/en\/blog\/author\/ccortez\/"}]}},"uagb_featured_image_src":{"full":["https:\/\/www.uartes.edu.ec\/sitio\/wp-content\/uploads\/2021\/11\/thumbnail_fotos-bradley.webp",2000,1333,false],"thumbnail":["https:\/\/www.uartes.edu.ec\/sitio\/wp-content\/uploads\/2021\/11\/thumbnail_fotos-bradley.webp",150,100,false],"medium":["https:\/\/www.uartes.edu.ec\/sitio\/wp-content\/uploads\/2021\/11\/thumbnail_fotos-bradley.webp",300,200,false],"medium_large":["https:\/\/www.uartes.edu.ec\/sitio\/wp-content\/uploads\/2021\/11\/thumbnail_fotos-bradley.webp",768,512,false],"large":["https:\/\/www.uartes.edu.ec\/sitio\/wp-content\/uploads\/2021\/11\/thumbnail_fotos-bradley.webp",644,429,false],"1536x1536":["https:\/\/www.uartes.edu.ec\/sitio\/wp-content\/uploads\/2021\/11\/thumbnail_fotos-bradley.webp",1536,1024,false],"2048x2048":["https:\/\/www.uartes.edu.ec\/sitio\/wp-content\/uploads\/2021\/11\/thumbnail_fotos-bradley.webp",2000,1333,false],"trp-custom-language-flag":["https:\/\/www.uartes.edu.ec\/sitio\/wp-content\/uploads\/2021\/11\/thumbnail_fotos-bradley.webp",18,12,false],"htmega_size_585x295":["https:\/\/www.uartes.edu.ec\/sitio\/wp-content\/uploads\/2021\/11\/thumbnail_fotos-bradley.webp",443,295,false],"htmega_size_1170x536":["https:\/\/www.uartes.edu.ec\/sitio\/wp-content\/uploads\/2021\/11\/thumbnail_fotos-bradley.webp",804,536,false],"htmega_size_396x360":["https:\/\/www.uartes.edu.ec\/sitio\/wp-content\/uploads\/2021\/11\/thumbnail_fotos-bradley.webp",396,264,false],"gb-block-post-grid-landscape":["https:\/\/www.uartes.edu.ec\/sitio\/wp-content\/uploads\/2021\/11\/thumbnail_fotos-bradley.webp",600,400,false],"gb-block-post-grid-square":["https:\/\/www.uartes.edu.ec\/sitio\/wp-content\/uploads\/2021\/11\/thumbnail_fotos-bradley.webp",600,400,false],"university-hub-thumb":["https:\/\/www.uartes.edu.ec\/sitio\/wp-content\/uploads\/2021\/11\/thumbnail_fotos-bradley.webp",400,267,false],"mailpoet_newsletter_max":["https:\/\/www.uartes.edu.ec\/sitio\/wp-content\/uploads\/2021\/11\/thumbnail_fotos-bradley.webp",1320,880,false]},"uagb_author_info":{"display_name":"ccortez","author_link":"https:\/\/www.uartes.edu.ec\/sitio\/en\/blog\/author\/ccortez\/"},"uagb_comment_info":0,"uagb_excerpt":"\u201cPensamos que debe existir un sistema nacional de cultura y que la Universidad de las Artes tiene un papel importante en \u00e9l, por eso nos parece tambi\u00e9n importante que la Casa de la Cultura Ecuatoriana (CCE) Benjam\u00edn Carri\u00f3n nos haya extendido la invitaci\u00f3n\u201d. El vicerrector Acad\u00e9mico de la UArtes, doctor Bradley Hilgert, hace referencia as\u00ed&hellip;","featured_image_src":"https:\/\/www.uartes.edu.ec\/sitio\/wp-content\/uploads\/2021\/11\/thumbnail_fotos-bradley.webp","featured_image_src_square":"https:\/\/www.uartes.edu.ec\/sitio\/wp-content\/uploads\/2021\/11\/thumbnail_fotos-bradley.webp","author_info":{"display_name":"ccortez","author_link":"https:\/\/www.uartes.edu.ec\/sitio\/en\/blog\/author\/ccortez\/"},"publishpress_future_workflow_manual_trigger":{"enabledWorkflows":[]},"distributor_meta":false,"distributor_terms":false,"distributor_media":false,"distributor_original_site_name":"Universidad de las Artes","distributor_original_site_url":"https:\/\/www.uartes.edu.ec\/sitio\/en","push-errors":false,"_links":{"self":[{"href":"https:\/\/www.uartes.edu.ec\/sitio\/en\/wp-json\/wp\/v2\/posts\/16494","targetHints":{"allow":["GET"]}}],"collection":[{"href":"https:\/\/www.uartes.edu.ec\/sitio\/en\/wp-json\/wp\/v2\/posts"}],"about":[{"href":"https:\/\/www.uartes.edu.ec\/sitio\/en\/wp-json\/wp\/v2\/types\/post"}],"author":[{"embeddable":true,"href":"https:\/\/www.uartes.edu.ec\/sitio\/en\/wp-json\/wp\/v2\/users\/10"}],"replies":[{"embeddable":true,"href":"https:\/\/www.uartes.edu.ec\/sitio\/en\/wp-json\/wp\/v2\/comments?post=16494"}],"version-history":[{"count":2,"href":"https:\/\/www.uartes.edu.ec\/sitio\/en\/wp-json\/wp\/v2\/posts\/16494\/revisions"}],"predecessor-version":[{"id":16500,"href":"https:\/\/www.uartes.edu.ec\/sitio\/en\/wp-json\/wp\/v2\/posts\/16494\/revisions\/16500"}],"wp:featuredmedia":[{"embeddable":true,"href":"https:\/\/www.uartes.edu.ec\/sitio\/en\/wp-json\/wp\/v2\/media\/16496"}],"wp:attachment":[{"href":"https:\/\/www.uartes.edu.ec\/sitio\/en\/wp-json\/wp\/v2\/media?parent=16494"}],"wp:term":[{"taxonomy":"category","embeddable":true,"href":"https:\/\/www.uartes.edu.ec\/sitio\/en\/wp-json\/wp\/v2\/categories?post=16494"},{"taxonomy":"post_tag","embeddable":true,"href":"https:\/\/www.uartes.edu.ec\/sitio\/en\/wp-json\/wp\/v2\/tags?post=16494"},{"taxonomy":"infouartes","embeddable":true,"href":"https:\/\/www.uartes.edu.ec\/sitio\/en\/wp-json\/wp\/v2\/infouartes?post=16494"}],"curies":[{"name":"wp","href":"https:\/\/api.w.org\/{rel}","templated":true}]}}