{"id":16539,"date":"2021-11-08T18:15:00","date_gmt":"2021-11-08T23:15:00","guid":{"rendered":"http:\/\/www.uartes.edu.ec\/sitio\/?p=16539"},"modified":"2024-07-04T11:25:26","modified_gmt":"2024-07-04T16:25:26","slug":"en-ria-ninas-ninos-y-adolescentes-vivieron-con-entusiasmo-jornada-de-inclusion-social","status":"publish","type":"post","link":"https:\/\/www.uartes.edu.ec\/sitio\/en\/blog\/2021\/11\/08\/en-ria-ninas-ninos-y-adolescentes-vivieron-con-entusiasmo-jornada-de-inclusion-social\/","title":{"rendered":"En R\u00eda, ni\u00f1as, ni\u00f1os y adolescentes vivieron con entusiasmo jornada de inclusi\u00f3n social"},"content":{"rendered":"<p><em>Denominada \u201cMiradas que cuentan\u2026 Alegr\u00eda, tradiciones, aventuras y sue\u00f1os\u201d, la actividad la organiz\u00f3 la Direcci\u00f3n de Inclusi\u00f3n Social (DIS) de la Alcald\u00eda de Guayaquil, en coordinaci\u00f3n con las Mesas Cantonales de Concertaci\u00f3n de Discapacidad e Infancia y Adolescencia.<\/em><\/p>\n\n\n\n<p>Hubo ni\u00f1os cont\u00e1ndoles cuentos a otros ni\u00f1os, atrapando su atenci\u00f3n haciendo voces, gestos y ademanes. Hubo ni\u00f1os que decidieron buscar entre los estantes libros de autores nacionales e internacionales para, si no leerlos con detenimiento, al menos ojearlos. Unos se detuvieron frente a libros estrat\u00e9gicamente colgados, en una clara invitaci\u00f3n para ser descubiertos. Otros celebraron con algarab\u00eda las presentaciones de t\u00edteres y teatro, haciendo notorio su disfrute.<\/p>\n\n\n\n<p>Hubo risas, hubo emoci\u00f3n, hubo ganas de leer y de escuchar, hubo momentos para comentar lo que se hab\u00eda le\u00eddo o para admirar y sorprenderse de c\u00f3mo un ni\u00f1o con discapacidad visual pod\u00eda compartir con soltura y seguridad el contenido del libro en sistema braille que hab\u00eda llevado a la cita, o para aprender de la lengua de se\u00f1as.<\/p>\n\n\n\n<p>As\u00ed se vivi\u00f3 el pasado 29 de octubre en la Sala R\u00eda de la Biblioteca de las Artes la jornada \u201cMiradas que cuentan\u2026 Alegr\u00eda, tradiciones, aventuras y sue\u00f1os\u201d, organizada por la Direcci\u00f3n de Inclusi\u00f3n Social (DIS) de la Alcald\u00eda de Guayaquil, en coordinaci\u00f3n con las Mesas Cantonales de Concertaci\u00f3n de Discapacidad e Infancia y Adolescencia.<\/p>\n\n\n\n<p>Desde las 08:00 hasta pasado el mediod\u00eda, ni\u00f1as, ni\u00f1os y adolescentes compartieron con m\u00e1s de 300 ni\u00f1as, ni\u00f1os y adolescentes de varios centros educativos de la ciudad la lectura, narraci\u00f3n y escenificaci\u00f3n de cuentos, adem\u00e1s de una presentaci\u00f3n de t\u00edteres.<\/p>\n\n\n\n<p>Kathia Lara, coordinadora de Gesti\u00f3n Social del Municipio de Guayaquil, indic\u00f3 que la actividad hab\u00eda sido pensada para y por los ni\u00f1os como un momento de mucha luz y alegr\u00eda, para superar y recuperar el periodo de confinamiento por la pandemia de COVID-19, lo cual los mantuvo alejados.<\/p>\n\n\n\n<p>A la jornada la defini\u00f3 como encuentro y dijo que se recurri\u00f3 a la lectura para desarrollar en ni\u00f1as, ni\u00f1os y adolescentes creatividad e imaginaci\u00f3n. Mencion\u00f3 que tambi\u00e9n se busc\u00f3 que los docentes pudieran considerar a ese espacio tan bonito de la Biblioteca de la Universidad de las Artes, la Sala R\u00eda, como un lugar donde poder impulsar, en la parte pedag\u00f3gica, el desarrollo del pensamiento, \u201cque los chicos puedan tambi\u00e9n aprender a tener su propia palabra, saber argumentar y poder ir descubriendo el mundo que hay alrededor de ellos\u201d.<\/p>\n\n\n\n<figure class=\"wp-block-image size-full\"><img fetchpriority=\"high\" decoding=\"async\" width=\"2000\" height=\"1333\" src=\"http:\/\/www.uartes.edu.ec\/sitio\/wp-content\/uploads\/2021\/11\/RIA-INCLUSION-SOCIAL-2.webp\" alt=\"\" class=\"wp-image-16541\"\/><\/figure>\n\n\n\n<p>Que la propuesta de lectura tuvo tres miradas: la escenificaci\u00f3n del cuento \u2013hecha por ni\u00f1os para otros ni\u00f1os\u2013, la narraci\u00f3n del cuento y la lectura del cuento. \u201cSon diferentes herramientas para desarrollar. Hemos podido ver a ni\u00f1os con discapacidad visual c\u00f3mo han le\u00eddo braille a otros ni\u00f1os, los chicos puedan tener una experiencia de c\u00f3mo una persona con discapacidad sigue desarrollando habilidades e incluy\u00e9ndose\u201d.<\/p>\n\n\n\n<p>Patricia Toro, vicepresidenta de la Mesa Cantonal de Concertaci\u00f3n de Discapacidad e Infancia y Adolescencia, indic\u00f3 que la palabra aterriza en el mundo desde el teatro, desde la danza, desde los libros, desde la lectura braille y desde la lengua de se\u00f1as; c\u00f3mo podemos leer, c\u00f3mo lo podemos contar y hay alguien que est\u00e1 haciendo sobrevivir eso\u201d.<\/p>\n\n\n\n<p>Lara precis\u00f3 que las ni\u00f1as, los ni\u00f1os y adolescentes presentes en la jornada pertenec\u00edan a las organizaciones del Programa de Apoyo Econ\u00f3mico para la Inclusi\u00f3n e Integraci\u00f3n Social. \u201cSon chicos que vienen de las escuelas de protecci\u00f3n especial y escuelas de ni\u00f1os y adolescentes con discapacidad. Hacer arte cuesta y la idea es que sea accesible a todos; una manera de brindar la oportunidad de que se pueda mirar el mundo desde otra perspectiva\u201d.<\/p>\n\n\n\n<p>Ana Mar\u00eda Gonz\u00e1lez, directora de la Sala R\u00eda, coment\u00f3 que en \u201cMiradas que cuentan\u2026 Alegr\u00eda, tradiciones, aventuras y sue\u00f1os\u201d, los m\u00e1s de 300 ni\u00f1as y ni\u00f1os que acudieron rotaron entre las obras de teatro, la lectura de cuentos y las visitas guiadas por las instalaciones de la Biblioteca de las Artes.<\/p>\n\n\n\n<p>Por la tarde, como segunda parte de la cita, hubo \u2013entre las 14:00 y 16:00\u2013 un conversatorio para docentes y personas que hacen mediaci\u00f3n lectora sobre t\u00e9cnicas de mediaci\u00f3n. \u201cTambi\u00e9n nos pareci\u00f3 importante que ellos recorrieran la Biblioteca de las Artes\u201d, a\u00f1adi\u00f3 Gonz\u00e1lez.<\/p>\n\n\n\n<p>El tema que se trat\u00f3 en ese encuentro fue \u201cLa lectura en el contexto educativo, familiar y la inclusi\u00f3n\u201d, y sus expositores \u2013el doctor Luis Alberto Williams, la educadora Rosa Pogo Romero y Milena Baque\u2013&nbsp; compartieron con los presentes sus conocimientos y experiencias en torno al mejoramiento de las estrategias y motivaciones para la lectura desde un lugar personal, interactivo y el intercambio de saberes.<\/p>\n\n\n\n<p>Cabe indicar que la participaci\u00f3n de la UArtes en la jornada se dio por las relaciones interinstitucionales con el Municipio de Guayaquil y el trabajo conjunto que fomenta la inclusi\u00f3n. \u201cTras el evento establecimos alianzas con la Direcci\u00f3n de Inclusi\u00f3n Social y las instituciones con las que trabaja, como Hilarte, Fundaci\u00f3n Fasinarm, Escuela para Ciegos, Fundaci\u00f3n Acci\u00f3n Solidaria y Movimiento de Educaci\u00f3n Fe y Alegr\u00eda\u201d, anot\u00f3 la directora de la Sala R\u00eda de la Biblioteca de las Artes.<\/p>\n\n\n\n<p>Link de la jornada:<br><a href=\"https:\/\/www.facebook.com\/watch\/?extid=WA-UNK-UNK-UNK-AN_GK0T-GK1C&amp;v=307992344499455\">https:\/\/www.facebook.com\/watch\/?extid=WA-UNK-UNK-UNK-AN_GK0T-GK1C&amp;v=307992344499455<\/a><\/p>","protected":false},"excerpt":{"rendered":"<p>Denominada \u201cMiradas que cuentan\u2026 Alegr\u00eda, tradiciones, aventuras y sue\u00f1os\u201d, la actividad la organiz\u00f3 la Direcci\u00f3n de Inclusi\u00f3n Social (DIS) de la Alcald\u00eda de Guayaquil, en coordinaci\u00f3n con las Mesas Cantonales de Concertaci\u00f3n de Discapacidad e Infancia y Adolescencia. Concluy\u00f3 con un conversatorio dirigido a docentes y personas involucradas en la mediaci\u00f3n lectora.  <\/p>","protected":false},"author":10,"featured_media":16540,"comment_status":"open","ping_status":"open","sticky":false,"template":"","format":"standard","meta":{"_acf_changed":false,"_uag_custom_page_level_css":"","_monsterinsights_skip_tracking":false,"_monsterinsights_sitenote_active":false,"_monsterinsights_sitenote_note":"","_monsterinsights_sitenote_category":0,"cybocfi_hide_featured_image":"","footnotes":""},"categories":[82,75,76,79],"tags":[41],"infouartes":[],"class_list":["post-16539","post","type-post","status-publish","format-standard","has-post-thumbnail","hentry","category-artes","category-docentes","category-estudiantes","category-vinculo","tag-biblioteca"],"acf":[],"yoast_head":"<!-- This site is optimized with the Yoast SEO plugin v27.4 - https:\/\/yoast.com\/product\/yoast-seo-wordpress\/ -->\n<title>Universidad de las Artes - En R\u00eda, ni\u00f1as, ni\u00f1os y adolescentes vivieron con entusiasmo jornada de inclusi\u00f3n social<\/title>\n<meta name=\"description\" content=\"Universidad de las Artes - En R\u00eda, ni\u00f1as, ni\u00f1os y adolescentes vivieron con entusiasmo jornada de inclusi\u00f3n social\" \/>\n<meta name=\"robots\" content=\"index, follow, max-snippet:-1, max-image-preview:large, max-video-preview:-1\" \/>\n<link rel=\"canonical\" href=\"https:\/\/www.uartes.edu.ec\/sitio\/en\/blog\/2021\/11\/08\/en-ria-ninas-ninos-y-adolescentes-vivieron-con-entusiasmo-jornada-de-inclusion-social\/\" \/>\n<meta property=\"og:locale\" content=\"en_US\" \/>\n<meta property=\"og:type\" content=\"article\" \/>\n<meta property=\"og:title\" content=\"Universidad de las Artes - En R\u00eda, ni\u00f1as, ni\u00f1os y adolescentes vivieron con entusiasmo jornada de inclusi\u00f3n social\" \/>\n<meta property=\"og:description\" content=\"Universidad de las Artes - En R\u00eda, ni\u00f1as, ni\u00f1os y adolescentes vivieron con entusiasmo jornada de inclusi\u00f3n social\" \/>\n<meta property=\"og:url\" content=\"https:\/\/www.uartes.edu.ec\/sitio\/en\/blog\/2021\/11\/08\/en-ria-ninas-ninos-y-adolescentes-vivieron-con-entusiasmo-jornada-de-inclusion-social\/\" \/>\n<meta property=\"og:site_name\" content=\"Universidad de las Artes\" \/>\n<meta property=\"article:publisher\" content=\"https:\/\/www.facebook.com\/uartesec\" \/>\n<meta property=\"article:published_time\" content=\"2021-11-08T23:15:00+00:00\" \/>\n<meta property=\"article:modified_time\" content=\"2024-07-04T16:25:26+00:00\" \/>\n<meta property=\"og:image\" content=\"https:\/\/www.uartes.edu.ec\/sitio\/wp-content\/uploads\/2021\/11\/RIA-INCLUSION-SOCIAL-1.webp\" \/>\n\t<meta property=\"og:image:width\" content=\"2000\" \/>\n\t<meta property=\"og:image:height\" content=\"1333\" \/>\n\t<meta property=\"og:image:type\" content=\"image\/webp\" \/>\n<meta name=\"author\" content=\"ccortez\" \/>\n<meta name=\"twitter:card\" content=\"summary_large_image\" \/>\n<meta name=\"twitter:creator\" content=\"@uartesec\" \/>\n<meta name=\"twitter:site\" content=\"@uartesec\" \/>\n<meta name=\"twitter:label1\" content=\"Written by\" \/>\n\t<meta name=\"twitter:data1\" content=\"ccortez\" \/>\n\t<meta name=\"twitter:label2\" content=\"Est. reading time\" \/>\n\t<meta name=\"twitter:data2\" content=\"4 minutes\" \/>\n<script type=\"application\/ld+json\" class=\"yoast-schema-graph\">{\"@context\":\"https:\\\/\\\/schema.org\",\"@graph\":[{\"@type\":\"Article\",\"@id\":\"https:\\\/\\\/www.uartes.edu.ec\\\/sitio\\\/en\\\/blog\\\/2021\\\/11\\\/08\\\/en-ria-ninas-ninos-y-adolescentes-vivieron-con-entusiasmo-jornada-de-inclusion-social\\\/#article\",\"isPartOf\":{\"@id\":\"https:\\\/\\\/www.uartes.edu.ec\\\/sitio\\\/en\\\/blog\\\/2021\\\/11\\\/08\\\/en-ria-ninas-ninos-y-adolescentes-vivieron-con-entusiasmo-jornada-de-inclusion-social\\\/\"},\"author\":{\"name\":\"ccortez\",\"@id\":\"https:\\\/\\\/www.uartes.edu.ec\\\/sitio\\\/en\\\/#\\\/schema\\\/person\\\/efa1b8275797664fd7f13a79ccc0b1f4\"},\"headline\":\"En R\u00eda, ni\u00f1as, ni\u00f1os y adolescentes vivieron con entusiasmo jornada de inclusi\u00f3n social\",\"datePublished\":\"2021-11-08T23:15:00+00:00\",\"dateModified\":\"2024-07-04T16:25:26+00:00\",\"mainEntityOfPage\":{\"@id\":\"https:\\\/\\\/www.uartes.edu.ec\\\/sitio\\\/en\\\/blog\\\/2021\\\/11\\\/08\\\/en-ria-ninas-ninos-y-adolescentes-vivieron-con-entusiasmo-jornada-de-inclusion-social\\\/\"},\"wordCount\":958,\"commentCount\":0,\"publisher\":{\"@id\":\"https:\\\/\\\/www.uartes.edu.ec\\\/sitio\\\/en\\\/#organization\"},\"image\":{\"@id\":\"https:\\\/\\\/www.uartes.edu.ec\\\/sitio\\\/en\\\/blog\\\/2021\\\/11\\\/08\\\/en-ria-ninas-ninos-y-adolescentes-vivieron-con-entusiasmo-jornada-de-inclusion-social\\\/#primaryimage\"},\"thumbnailUrl\":\"https:\\\/\\\/www.uartes.edu.ec\\\/sitio\\\/wp-content\\\/uploads\\\/2021\\\/11\\\/RIA-INCLUSION-SOCIAL-1.webp\",\"keywords\":[\"biblioteca\"],\"articleSection\":[\"Artes\",\"Docentes\",\"Estudiantes\",\"V\u00ednculo\"],\"inLanguage\":\"en-US\",\"potentialAction\":[{\"@type\":\"CommentAction\",\"name\":\"Comment\",\"target\":[\"https:\\\/\\\/www.uartes.edu.ec\\\/sitio\\\/en\\\/blog\\\/2021\\\/11\\\/08\\\/en-ria-ninas-ninos-y-adolescentes-vivieron-con-entusiasmo-jornada-de-inclusion-social\\\/#respond\"]}]},{\"@type\":[\"WebPage\",\"ItemPage\"],\"@id\":\"https:\\\/\\\/www.uartes.edu.ec\\\/sitio\\\/en\\\/blog\\\/2021\\\/11\\\/08\\\/en-ria-ninas-ninos-y-adolescentes-vivieron-con-entusiasmo-jornada-de-inclusion-social\\\/\",\"url\":\"https:\\\/\\\/www.uartes.edu.ec\\\/sitio\\\/en\\\/blog\\\/2021\\\/11\\\/08\\\/en-ria-ninas-ninos-y-adolescentes-vivieron-con-entusiasmo-jornada-de-inclusion-social\\\/\",\"name\":\"Universidad de las Artes - En R\u00eda, ni\u00f1as, ni\u00f1os y adolescentes vivieron con entusiasmo jornada de inclusi\u00f3n social\",\"isPartOf\":{\"@id\":\"https:\\\/\\\/www.uartes.edu.ec\\\/sitio\\\/en\\\/#website\"},\"primaryImageOfPage\":{\"@id\":\"https:\\\/\\\/www.uartes.edu.ec\\\/sitio\\\/en\\\/blog\\\/2021\\\/11\\\/08\\\/en-ria-ninas-ninos-y-adolescentes-vivieron-con-entusiasmo-jornada-de-inclusion-social\\\/#primaryimage\"},\"image\":{\"@id\":\"https:\\\/\\\/www.uartes.edu.ec\\\/sitio\\\/en\\\/blog\\\/2021\\\/11\\\/08\\\/en-ria-ninas-ninos-y-adolescentes-vivieron-con-entusiasmo-jornada-de-inclusion-social\\\/#primaryimage\"},\"thumbnailUrl\":\"https:\\\/\\\/www.uartes.edu.ec\\\/sitio\\\/wp-content\\\/uploads\\\/2021\\\/11\\\/RIA-INCLUSION-SOCIAL-1.webp\",\"datePublished\":\"2021-11-08T23:15:00+00:00\",\"dateModified\":\"2024-07-04T16:25:26+00:00\",\"description\":\"Universidad de las Artes - En R\u00eda, ni\u00f1as, ni\u00f1os y adolescentes vivieron con entusiasmo jornada de inclusi\u00f3n social\",\"breadcrumb\":{\"@id\":\"https:\\\/\\\/www.uartes.edu.ec\\\/sitio\\\/en\\\/blog\\\/2021\\\/11\\\/08\\\/en-ria-ninas-ninos-y-adolescentes-vivieron-con-entusiasmo-jornada-de-inclusion-social\\\/#breadcrumb\"},\"inLanguage\":\"en-US\",\"potentialAction\":[{\"@type\":\"ReadAction\",\"target\":[\"https:\\\/\\\/www.uartes.edu.ec\\\/sitio\\\/en\\\/blog\\\/2021\\\/11\\\/08\\\/en-ria-ninas-ninos-y-adolescentes-vivieron-con-entusiasmo-jornada-de-inclusion-social\\\/\"]}]},{\"@type\":\"ImageObject\",\"inLanguage\":\"en-US\",\"@id\":\"https:\\\/\\\/www.uartes.edu.ec\\\/sitio\\\/en\\\/blog\\\/2021\\\/11\\\/08\\\/en-ria-ninas-ninos-y-adolescentes-vivieron-con-entusiasmo-jornada-de-inclusion-social\\\/#primaryimage\",\"url\":\"https:\\\/\\\/www.uartes.edu.ec\\\/sitio\\\/wp-content\\\/uploads\\\/2021\\\/11\\\/RIA-INCLUSION-SOCIAL-1.webp\",\"contentUrl\":\"https:\\\/\\\/www.uartes.edu.ec\\\/sitio\\\/wp-content\\\/uploads\\\/2021\\\/11\\\/RIA-INCLUSION-SOCIAL-1.webp\",\"width\":2000,\"height\":1333},{\"@type\":\"BreadcrumbList\",\"@id\":\"https:\\\/\\\/www.uartes.edu.ec\\\/sitio\\\/en\\\/blog\\\/2021\\\/11\\\/08\\\/en-ria-ninas-ninos-y-adolescentes-vivieron-con-entusiasmo-jornada-de-inclusion-social\\\/#breadcrumb\",\"itemListElement\":[{\"@type\":\"ListItem\",\"position\":1,\"name\":\"Inicio\",\"item\":\"https:\\\/\\\/www.uartes.edu.ec\\\/sitio\\\/\"},{\"@type\":\"ListItem\",\"position\":2,\"name\":\"En R\u00eda, ni\u00f1as, ni\u00f1os y adolescentes vivieron con entusiasmo jornada de inclusi\u00f3n social\"}]},{\"@type\":\"WebSite\",\"@id\":\"https:\\\/\\\/www.uartes.edu.ec\\\/sitio\\\/en\\\/#website\",\"url\":\"https:\\\/\\\/www.uartes.edu.ec\\\/sitio\\\/en\\\/\",\"name\":\"Universidad de las Artes\",\"description\":\"Sitio oficial de la Universidad Nacional de las Artes del Ecuador\",\"publisher\":{\"@id\":\"https:\\\/\\\/www.uartes.edu.ec\\\/sitio\\\/en\\\/#organization\"},\"potentialAction\":[{\"@type\":\"SearchAction\",\"target\":{\"@type\":\"EntryPoint\",\"urlTemplate\":\"https:\\\/\\\/www.uartes.edu.ec\\\/sitio\\\/en\\\/?s={search_term_string}\"},\"query-input\":{\"@type\":\"PropertyValueSpecification\",\"valueRequired\":true,\"valueName\":\"search_term_string\"}}],\"inLanguage\":\"en-US\"},{\"@type\":\"Organization\",\"@id\":\"https:\\\/\\\/www.uartes.edu.ec\\\/sitio\\\/en\\\/#organization\",\"name\":\"Universidad de las Artes\",\"url\":\"https:\\\/\\\/www.uartes.edu.ec\\\/sitio\\\/en\\\/\",\"logo\":{\"@type\":\"ImageObject\",\"inLanguage\":\"en-US\",\"@id\":\"https:\\\/\\\/www.uartes.edu.ec\\\/sitio\\\/en\\\/#\\\/schema\\\/logo\\\/image\\\/\",\"url\":\"https:\\\/\\\/www.uartes.edu.ec\\\/sitio\\\/wp-content\\\/uploads\\\/2022\\\/07\\\/logo-ua-horizontal.png\",\"contentUrl\":\"https:\\\/\\\/www.uartes.edu.ec\\\/sitio\\\/wp-content\\\/uploads\\\/2022\\\/07\\\/logo-ua-horizontal.png\",\"width\":800,\"height\":276,\"caption\":\"Universidad de las Artes\"},\"image\":{\"@id\":\"https:\\\/\\\/www.uartes.edu.ec\\\/sitio\\\/en\\\/#\\\/schema\\\/logo\\\/image\\\/\"},\"sameAs\":[\"https:\\\/\\\/www.facebook.com\\\/uartesec\",\"https:\\\/\\\/x.com\\\/uartesec\",\"https:\\\/\\\/www.tiktok.com\\\/@uartesec\"]},{\"@type\":\"Person\",\"@id\":\"https:\\\/\\\/www.uartes.edu.ec\\\/sitio\\\/en\\\/#\\\/schema\\\/person\\\/efa1b8275797664fd7f13a79ccc0b1f4\",\"name\":\"ccortez\",\"image\":{\"@type\":\"ImageObject\",\"inLanguage\":\"en-US\",\"@id\":\"https:\\\/\\\/secure.gravatar.com\\\/avatar\\\/b2a6f664a3ae8e074346ef91775736c5ec479e637ecced6842de9dc98b5da9cd?s=96&d=mm&r=g\",\"url\":\"https:\\\/\\\/secure.gravatar.com\\\/avatar\\\/b2a6f664a3ae8e074346ef91775736c5ec479e637ecced6842de9dc98b5da9cd?s=96&d=mm&r=g\",\"contentUrl\":\"https:\\\/\\\/secure.gravatar.com\\\/avatar\\\/b2a6f664a3ae8e074346ef91775736c5ec479e637ecced6842de9dc98b5da9cd?s=96&d=mm&r=g\",\"caption\":\"ccortez\"},\"url\":\"https:\\\/\\\/www.uartes.edu.ec\\\/sitio\\\/en\\\/blog\\\/author\\\/ccortez\\\/\"}]}<\/script>\n<!-- \/ Yoast SEO plugin. -->","yoast_head_json":{"title":"Universidad de las Artes - En R\u00eda, ni\u00f1as, ni\u00f1os y adolescentes vivieron con entusiasmo jornada de inclusi\u00f3n social","description":"Universidad de las Artes - En R\u00eda, ni\u00f1as, ni\u00f1os y adolescentes vivieron con entusiasmo jornada de inclusi\u00f3n social","robots":{"index":"index","follow":"follow","max-snippet":"max-snippet:-1","max-image-preview":"max-image-preview:large","max-video-preview":"max-video-preview:-1"},"canonical":"https:\/\/www.uartes.edu.ec\/sitio\/en\/blog\/2021\/11\/08\/en-ria-ninas-ninos-y-adolescentes-vivieron-con-entusiasmo-jornada-de-inclusion-social\/","og_locale":"en_US","og_type":"article","og_title":"Universidad de las Artes - En R\u00eda, ni\u00f1as, ni\u00f1os y adolescentes vivieron con entusiasmo jornada de inclusi\u00f3n social","og_description":"Universidad de las Artes - En R\u00eda, ni\u00f1as, ni\u00f1os y adolescentes vivieron con entusiasmo jornada de inclusi\u00f3n social","og_url":"https:\/\/www.uartes.edu.ec\/sitio\/en\/blog\/2021\/11\/08\/en-ria-ninas-ninos-y-adolescentes-vivieron-con-entusiasmo-jornada-de-inclusion-social\/","og_site_name":"Universidad de las Artes","article_publisher":"https:\/\/www.facebook.com\/uartesec","article_published_time":"2021-11-08T23:15:00+00:00","article_modified_time":"2024-07-04T16:25:26+00:00","og_image":[{"width":2000,"height":1333,"url":"https:\/\/www.uartes.edu.ec\/sitio\/wp-content\/uploads\/2021\/11\/RIA-INCLUSION-SOCIAL-1.webp","type":"image\/webp"}],"author":"ccortez","twitter_card":"summary_large_image","twitter_creator":"@uartesec","twitter_site":"@uartesec","twitter_misc":{"Written by":"ccortez","Est. reading time":"4 minutes"},"schema":{"@context":"https:\/\/schema.org","@graph":[{"@type":"Article","@id":"https:\/\/www.uartes.edu.ec\/sitio\/en\/blog\/2021\/11\/08\/en-ria-ninas-ninos-y-adolescentes-vivieron-con-entusiasmo-jornada-de-inclusion-social\/#article","isPartOf":{"@id":"https:\/\/www.uartes.edu.ec\/sitio\/en\/blog\/2021\/11\/08\/en-ria-ninas-ninos-y-adolescentes-vivieron-con-entusiasmo-jornada-de-inclusion-social\/"},"author":{"name":"ccortez","@id":"https:\/\/www.uartes.edu.ec\/sitio\/en\/#\/schema\/person\/efa1b8275797664fd7f13a79ccc0b1f4"},"headline":"En R\u00eda, ni\u00f1as, ni\u00f1os y adolescentes vivieron con entusiasmo jornada de inclusi\u00f3n social","datePublished":"2021-11-08T23:15:00+00:00","dateModified":"2024-07-04T16:25:26+00:00","mainEntityOfPage":{"@id":"https:\/\/www.uartes.edu.ec\/sitio\/en\/blog\/2021\/11\/08\/en-ria-ninas-ninos-y-adolescentes-vivieron-con-entusiasmo-jornada-de-inclusion-social\/"},"wordCount":958,"commentCount":0,"publisher":{"@id":"https:\/\/www.uartes.edu.ec\/sitio\/en\/#organization"},"image":{"@id":"https:\/\/www.uartes.edu.ec\/sitio\/en\/blog\/2021\/11\/08\/en-ria-ninas-ninos-y-adolescentes-vivieron-con-entusiasmo-jornada-de-inclusion-social\/#primaryimage"},"thumbnailUrl":"https:\/\/www.uartes.edu.ec\/sitio\/wp-content\/uploads\/2021\/11\/RIA-INCLUSION-SOCIAL-1.webp","keywords":["biblioteca"],"articleSection":["Artes","Docentes","Estudiantes","V\u00ednculo"],"inLanguage":"en-US","potentialAction":[{"@type":"CommentAction","name":"Comment","target":["https:\/\/www.uartes.edu.ec\/sitio\/en\/blog\/2021\/11\/08\/en-ria-ninas-ninos-y-adolescentes-vivieron-con-entusiasmo-jornada-de-inclusion-social\/#respond"]}]},{"@type":["WebPage","ItemPage"],"@id":"https:\/\/www.uartes.edu.ec\/sitio\/en\/blog\/2021\/11\/08\/en-ria-ninas-ninos-y-adolescentes-vivieron-con-entusiasmo-jornada-de-inclusion-social\/","url":"https:\/\/www.uartes.edu.ec\/sitio\/en\/blog\/2021\/11\/08\/en-ria-ninas-ninos-y-adolescentes-vivieron-con-entusiasmo-jornada-de-inclusion-social\/","name":"Universidad de las Artes - En R\u00eda, ni\u00f1as, ni\u00f1os y adolescentes vivieron con entusiasmo jornada de inclusi\u00f3n social","isPartOf":{"@id":"https:\/\/www.uartes.edu.ec\/sitio\/en\/#website"},"primaryImageOfPage":{"@id":"https:\/\/www.uartes.edu.ec\/sitio\/en\/blog\/2021\/11\/08\/en-ria-ninas-ninos-y-adolescentes-vivieron-con-entusiasmo-jornada-de-inclusion-social\/#primaryimage"},"image":{"@id":"https:\/\/www.uartes.edu.ec\/sitio\/en\/blog\/2021\/11\/08\/en-ria-ninas-ninos-y-adolescentes-vivieron-con-entusiasmo-jornada-de-inclusion-social\/#primaryimage"},"thumbnailUrl":"https:\/\/www.uartes.edu.ec\/sitio\/wp-content\/uploads\/2021\/11\/RIA-INCLUSION-SOCIAL-1.webp","datePublished":"2021-11-08T23:15:00+00:00","dateModified":"2024-07-04T16:25:26+00:00","description":"Universidad de las Artes - En R\u00eda, ni\u00f1as, ni\u00f1os y adolescentes vivieron con entusiasmo jornada de inclusi\u00f3n social","breadcrumb":{"@id":"https:\/\/www.uartes.edu.ec\/sitio\/en\/blog\/2021\/11\/08\/en-ria-ninas-ninos-y-adolescentes-vivieron-con-entusiasmo-jornada-de-inclusion-social\/#breadcrumb"},"inLanguage":"en-US","potentialAction":[{"@type":"ReadAction","target":["https:\/\/www.uartes.edu.ec\/sitio\/en\/blog\/2021\/11\/08\/en-ria-ninas-ninos-y-adolescentes-vivieron-con-entusiasmo-jornada-de-inclusion-social\/"]}]},{"@type":"ImageObject","inLanguage":"en-US","@id":"https:\/\/www.uartes.edu.ec\/sitio\/en\/blog\/2021\/11\/08\/en-ria-ninas-ninos-y-adolescentes-vivieron-con-entusiasmo-jornada-de-inclusion-social\/#primaryimage","url":"https:\/\/www.uartes.edu.ec\/sitio\/wp-content\/uploads\/2021\/11\/RIA-INCLUSION-SOCIAL-1.webp","contentUrl":"https:\/\/www.uartes.edu.ec\/sitio\/wp-content\/uploads\/2021\/11\/RIA-INCLUSION-SOCIAL-1.webp","width":2000,"height":1333},{"@type":"BreadcrumbList","@id":"https:\/\/www.uartes.edu.ec\/sitio\/en\/blog\/2021\/11\/08\/en-ria-ninas-ninos-y-adolescentes-vivieron-con-entusiasmo-jornada-de-inclusion-social\/#breadcrumb","itemListElement":[{"@type":"ListItem","position":1,"name":"Inicio","item":"https:\/\/www.uartes.edu.ec\/sitio\/"},{"@type":"ListItem","position":2,"name":"En R\u00eda, ni\u00f1as, ni\u00f1os y adolescentes vivieron con entusiasmo jornada de inclusi\u00f3n social"}]},{"@type":"WebSite","@id":"https:\/\/www.uartes.edu.ec\/sitio\/en\/#website","url":"https:\/\/www.uartes.edu.ec\/sitio\/en\/","name":"Universidad de las Artes","description":"Sitio oficial de la Universidad Nacional de las Artes del Ecuador","publisher":{"@id":"https:\/\/www.uartes.edu.ec\/sitio\/en\/#organization"},"potentialAction":[{"@type":"SearchAction","target":{"@type":"EntryPoint","urlTemplate":"https:\/\/www.uartes.edu.ec\/sitio\/en\/?s={search_term_string}"},"query-input":{"@type":"PropertyValueSpecification","valueRequired":true,"valueName":"search_term_string"}}],"inLanguage":"en-US"},{"@type":"Organization","@id":"https:\/\/www.uartes.edu.ec\/sitio\/en\/#organization","name":"Universidad de las Artes","url":"https:\/\/www.uartes.edu.ec\/sitio\/en\/","logo":{"@type":"ImageObject","inLanguage":"en-US","@id":"https:\/\/www.uartes.edu.ec\/sitio\/en\/#\/schema\/logo\/image\/","url":"https:\/\/www.uartes.edu.ec\/sitio\/wp-content\/uploads\/2022\/07\/logo-ua-horizontal.png","contentUrl":"https:\/\/www.uartes.edu.ec\/sitio\/wp-content\/uploads\/2022\/07\/logo-ua-horizontal.png","width":800,"height":276,"caption":"Universidad de las Artes"},"image":{"@id":"https:\/\/www.uartes.edu.ec\/sitio\/en\/#\/schema\/logo\/image\/"},"sameAs":["https:\/\/www.facebook.com\/uartesec","https:\/\/x.com\/uartesec","https:\/\/www.tiktok.com\/@uartesec"]},{"@type":"Person","@id":"https:\/\/www.uartes.edu.ec\/sitio\/en\/#\/schema\/person\/efa1b8275797664fd7f13a79ccc0b1f4","name":"ccortez","image":{"@type":"ImageObject","inLanguage":"en-US","@id":"https:\/\/secure.gravatar.com\/avatar\/b2a6f664a3ae8e074346ef91775736c5ec479e637ecced6842de9dc98b5da9cd?s=96&d=mm&r=g","url":"https:\/\/secure.gravatar.com\/avatar\/b2a6f664a3ae8e074346ef91775736c5ec479e637ecced6842de9dc98b5da9cd?s=96&d=mm&r=g","contentUrl":"https:\/\/secure.gravatar.com\/avatar\/b2a6f664a3ae8e074346ef91775736c5ec479e637ecced6842de9dc98b5da9cd?s=96&d=mm&r=g","caption":"ccortez"},"url":"https:\/\/www.uartes.edu.ec\/sitio\/en\/blog\/author\/ccortez\/"}]}},"uagb_featured_image_src":{"full":["https:\/\/www.uartes.edu.ec\/sitio\/wp-content\/uploads\/2021\/11\/RIA-INCLUSION-SOCIAL-1.webp",2000,1333,false],"thumbnail":["https:\/\/www.uartes.edu.ec\/sitio\/wp-content\/uploads\/2021\/11\/RIA-INCLUSION-SOCIAL-1.webp",150,100,false],"medium":["https:\/\/www.uartes.edu.ec\/sitio\/wp-content\/uploads\/2021\/11\/RIA-INCLUSION-SOCIAL-1.webp",300,200,false],"medium_large":["https:\/\/www.uartes.edu.ec\/sitio\/wp-content\/uploads\/2021\/11\/RIA-INCLUSION-SOCIAL-1.webp",768,512,false],"large":["https:\/\/www.uartes.edu.ec\/sitio\/wp-content\/uploads\/2021\/11\/RIA-INCLUSION-SOCIAL-1.webp",644,429,false],"1536x1536":["https:\/\/www.uartes.edu.ec\/sitio\/wp-content\/uploads\/2021\/11\/RIA-INCLUSION-SOCIAL-1.webp",1536,1024,false],"2048x2048":["https:\/\/www.uartes.edu.ec\/sitio\/wp-content\/uploads\/2021\/11\/RIA-INCLUSION-SOCIAL-1.webp",2000,1333,false],"trp-custom-language-flag":["https:\/\/www.uartes.edu.ec\/sitio\/wp-content\/uploads\/2021\/11\/RIA-INCLUSION-SOCIAL-1.webp",18,12,false],"htmega_size_585x295":["https:\/\/www.uartes.edu.ec\/sitio\/wp-content\/uploads\/2021\/11\/RIA-INCLUSION-SOCIAL-1.webp",443,295,false],"htmega_size_1170x536":["https:\/\/www.uartes.edu.ec\/sitio\/wp-content\/uploads\/2021\/11\/RIA-INCLUSION-SOCIAL-1.webp",804,536,false],"htmega_size_396x360":["https:\/\/www.uartes.edu.ec\/sitio\/wp-content\/uploads\/2021\/11\/RIA-INCLUSION-SOCIAL-1.webp",396,264,false],"gb-block-post-grid-landscape":["https:\/\/www.uartes.edu.ec\/sitio\/wp-content\/uploads\/2021\/11\/RIA-INCLUSION-SOCIAL-1.webp",600,400,false],"gb-block-post-grid-square":["https:\/\/www.uartes.edu.ec\/sitio\/wp-content\/uploads\/2021\/11\/RIA-INCLUSION-SOCIAL-1.webp",600,400,false],"university-hub-thumb":["https:\/\/www.uartes.edu.ec\/sitio\/wp-content\/uploads\/2021\/11\/RIA-INCLUSION-SOCIAL-1.webp",400,267,false],"mailpoet_newsletter_max":["https:\/\/www.uartes.edu.ec\/sitio\/wp-content\/uploads\/2021\/11\/RIA-INCLUSION-SOCIAL-1.webp",1320,880,false]},"uagb_author_info":{"display_name":"ccortez","author_link":"https:\/\/www.uartes.edu.ec\/sitio\/en\/blog\/author\/ccortez\/"},"uagb_comment_info":0,"uagb_excerpt":"Denominada \u201cMiradas que cuentan\u2026 Alegr\u00eda, tradiciones, aventuras y sue\u00f1os\u201d, la actividad la organiz\u00f3 la Direcci\u00f3n de Inclusi\u00f3n Social (DIS) de la Alcald\u00eda de Guayaquil, en coordinaci\u00f3n con las Mesas Cantonales de Concertaci\u00f3n de Discapacidad e Infancia y Adolescencia. Concluy\u00f3 con un conversatorio dirigido a docentes y personas involucradas en la mediaci\u00f3n lectora.","featured_image_src":"https:\/\/www.uartes.edu.ec\/sitio\/wp-content\/uploads\/2021\/11\/RIA-INCLUSION-SOCIAL-1.webp","featured_image_src_square":"https:\/\/www.uartes.edu.ec\/sitio\/wp-content\/uploads\/2021\/11\/RIA-INCLUSION-SOCIAL-1.webp","author_info":{"display_name":"ccortez","author_link":"https:\/\/www.uartes.edu.ec\/sitio\/en\/blog\/author\/ccortez\/"},"publishpress_future_workflow_manual_trigger":{"enabledWorkflows":[]},"distributor_meta":false,"distributor_terms":false,"distributor_media":false,"distributor_original_site_name":"Universidad de las Artes","distributor_original_site_url":"https:\/\/www.uartes.edu.ec\/sitio\/en","push-errors":false,"_links":{"self":[{"href":"https:\/\/www.uartes.edu.ec\/sitio\/en\/wp-json\/wp\/v2\/posts\/16539","targetHints":{"allow":["GET"]}}],"collection":[{"href":"https:\/\/www.uartes.edu.ec\/sitio\/en\/wp-json\/wp\/v2\/posts"}],"about":[{"href":"https:\/\/www.uartes.edu.ec\/sitio\/en\/wp-json\/wp\/v2\/types\/post"}],"author":[{"embeddable":true,"href":"https:\/\/www.uartes.edu.ec\/sitio\/en\/wp-json\/wp\/v2\/users\/10"}],"replies":[{"embeddable":true,"href":"https:\/\/www.uartes.edu.ec\/sitio\/en\/wp-json\/wp\/v2\/comments?post=16539"}],"version-history":[{"count":2,"href":"https:\/\/www.uartes.edu.ec\/sitio\/en\/wp-json\/wp\/v2\/posts\/16539\/revisions"}],"predecessor-version":[{"id":16555,"href":"https:\/\/www.uartes.edu.ec\/sitio\/en\/wp-json\/wp\/v2\/posts\/16539\/revisions\/16555"}],"wp:featuredmedia":[{"embeddable":true,"href":"https:\/\/www.uartes.edu.ec\/sitio\/en\/wp-json\/wp\/v2\/media\/16540"}],"wp:attachment":[{"href":"https:\/\/www.uartes.edu.ec\/sitio\/en\/wp-json\/wp\/v2\/media?parent=16539"}],"wp:term":[{"taxonomy":"category","embeddable":true,"href":"https:\/\/www.uartes.edu.ec\/sitio\/en\/wp-json\/wp\/v2\/categories?post=16539"},{"taxonomy":"post_tag","embeddable":true,"href":"https:\/\/www.uartes.edu.ec\/sitio\/en\/wp-json\/wp\/v2\/tags?post=16539"},{"taxonomy":"infouartes","embeddable":true,"href":"https:\/\/www.uartes.edu.ec\/sitio\/en\/wp-json\/wp\/v2\/infouartes?post=16539"}],"curies":[{"name":"wp","href":"https:\/\/api.w.org\/{rel}","templated":true}]}}