{"id":1657,"date":"2018-07-03T16:20:26","date_gmt":"2018-07-03T21:20:26","guid":{"rendered":"http:\/\/www.uartes.edu.ec\/infouartes\/?p=1657"},"modified":"2024-07-04T11:53:47","modified_gmt":"2024-07-04T16:53:47","slug":"juan-martin-cueva-dicta-curso-sobre-cine-ecuatoriano-en-la-universidad-nacional-de-colombia","status":"publish","type":"post","link":"https:\/\/www.uartes.edu.ec\/sitio\/en\/blog\/2018\/07\/03\/juan-martin-cueva-dicta-curso-sobre-cine-ecuatoriano-en-la-universidad-nacional-de-colombia\/","title":{"rendered":"Juan Mart\u00edn Cueva dicta curso sobre cine ecuatoriano en la Universidad Nacional de Colombia"},"content":{"rendered":"<p>Juan Mart\u00edn Cueva, Director de la Escuela de Cine de la Universidad de las Artes del Ecuador, impartir\u00e1 un curso sobre cine ecuatoriano en el contexto de la C\u00e1tedra de Cine Latinoamericano: Pasado, presente y futuro, organizada por la Facultad de Artes de la Universidad Nacional de Colombia, en el marco de XIV edici\u00f3n de la Escuela Internacional.<\/p>\n<p>EL objetivo de la C\u00e1tedra, que se realiza a prop\u00f3sito de la celebraci\u00f3n de los treinta a\u00f1os de la Escuela de Cine y Televisi\u00f3n de la UNC, es presentar una visi\u00f3n cultural, socioecon\u00f3mica, est\u00e9tica de lo que ha sido, es y ser\u00e1 el cine latinoamericano en la esfera mundial, desde una perspectiva propia e identitaria. Un recorrido hist\u00f3rico por todo el continente.<\/p>\n<p>En el curso, Cueva expondr\u00e1 sobre los hitos hist\u00f3ricos y culturales del cine ecuatoriano, el impacto social y pol\u00edtico de la filmograf\u00eda m\u00e1s relevante y la incidencia est\u00e9tica en la cultura visual de los ecuatorianos. Asimismo, analizar\u00e1 las estrategias pol\u00edticas y culturales implementadas en Am\u00e9rica Latina en pro del crecimiento de la cinematograf\u00eda y las industrias culturales.<\/p>\n<p>Participan junto a Juan Mart\u00edn Cueva, Guillermo Vaidovits de la Universidad de Guadalajara, Julio C\u00e9sar Lara de la Universidad del Magdalena, Efra\u00edn Baham\u00f3n, Juan Guillermo Buenaventura y Gabriel Alba de la Universidad Nacional de Colombia. La invitaci\u00f3n de Cueva se realiza tambi\u00e9n en el marco del convenio de cooperaci\u00f3n que mantiene la UArtes con la Universidad colombiana.<\/p>\n<p>En su estancia en Colombia, Cueva dictar\u00e1 una conferencia sobre el documental ecuatoriano en di\u00e1logo con un director colombiano. Esto gracias a la invitaci\u00f3n que recibiera el artista ecuatoriano del Instituto Distrital de las Artes de Bogot\u00e1, a trav\u00e9s de la Cinemateca. As\u00ed mismo, participar\u00e1 de la inauguraci\u00f3n de la IX edici\u00f3n del Bogot\u00e1 Audiovisual Market, organizado por Proimagenes Colombia.<\/p>\n<p>Las conferencias se realizan del 18 de junio al 13 de julio de 2018. Conoce m\u00e1s sobre la<a href=\"http:\/\/diracad.bogota.unal.edu.co\/einternacional18-2\"><strong> C\u00e1tedra de cine latinoamericano<\/strong><\/a>.<\/p>","protected":false},"excerpt":{"rendered":"<p>Juan Mart\u00edn Cueva, Director de la Escuela de Cine de la Universidad de las Artes del Ecuador, impartir\u00e1 un curso sobre cine ecuatoriano en el contexto de la C\u00e1tedra de Cine Latinoamericano: Pasado, presente y futuro, organizada por la Facultad de Artes de la Universidad Nacional de Colombia, en el marco de XIV edici\u00f3n de [&hellip;]<\/p>\n","protected":false},"author":1,"featured_media":0,"comment_status":"closed","ping_status":"closed","sticky":false,"template":"","format":"standard","meta":{"_acf_changed":false,"_uag_custom_page_level_css":"","_monsterinsights_skip_tracking":false,"_monsterinsights_sitenote_active":false,"_monsterinsights_sitenote_note":"","_monsterinsights_sitenote_category":0,"cybocfi_hide_featured_image":"","footnotes":""},"categories":[75],"tags":[],"infouartes":[],"class_list":["post-1657","post","type-post","status-publish","format-standard","hentry","category-docentes"],"acf":[],"yoast_head":"<!-- This site is optimized with the Yoast SEO plugin v27.4 - https:\/\/yoast.com\/product\/yoast-seo-wordpress\/ -->\n<title>Universidad de las Artes - Juan Mart\u00edn Cueva dicta curso sobre cine ecuatoriano en la Universidad Nacional de Colombia<\/title>\n<meta name=\"description\" content=\"Universidad de las Artes - Juan Mart\u00edn Cueva dicta curso sobre cine ecuatoriano en la Universidad Nacional de Colombia\" \/>\n<meta name=\"robots\" content=\"index, follow, max-snippet:-1, max-image-preview:large, max-video-preview:-1\" \/>\n<link rel=\"canonical\" href=\"https:\/\/www.uartes.edu.ec\/sitio\/en\/blog\/2018\/07\/03\/juan-martin-cueva-dicta-curso-sobre-cine-ecuatoriano-en-la-universidad-nacional-de-colombia\/\" \/>\n<meta property=\"og:locale\" content=\"en_US\" \/>\n<meta property=\"og:type\" content=\"article\" \/>\n<meta property=\"og:title\" content=\"Universidad de las Artes - Juan Mart\u00edn Cueva dicta curso sobre cine ecuatoriano en la Universidad Nacional de Colombia\" \/>\n<meta property=\"og:description\" content=\"Universidad de las Artes - Juan Mart\u00edn Cueva dicta curso sobre cine ecuatoriano en la Universidad Nacional de Colombia\" \/>\n<meta property=\"og:url\" content=\"https:\/\/www.uartes.edu.ec\/sitio\/en\/blog\/2018\/07\/03\/juan-martin-cueva-dicta-curso-sobre-cine-ecuatoriano-en-la-universidad-nacional-de-colombia\/\" \/>\n<meta property=\"og:site_name\" content=\"Universidad de las Artes\" \/>\n<meta property=\"article:publisher\" content=\"https:\/\/www.facebook.com\/uartesec\" \/>\n<meta property=\"article:published_time\" content=\"2018-07-03T21:20:26+00:00\" \/>\n<meta property=\"article:modified_time\" content=\"2024-07-04T16:53:47+00:00\" \/>\n<meta name=\"author\" content=\"Universidad de las Artes\" \/>\n<meta name=\"twitter:card\" content=\"summary_large_image\" \/>\n<meta name=\"twitter:creator\" content=\"@uartesec\" \/>\n<meta name=\"twitter:site\" content=\"@uartesec\" \/>\n<meta name=\"twitter:label1\" content=\"Written by\" \/>\n\t<meta name=\"twitter:data1\" content=\"Universidad de las Artes\" \/>\n\t<meta name=\"twitter:label2\" content=\"Est. reading time\" \/>\n\t<meta name=\"twitter:data2\" content=\"2 minutes\" \/>\n<script type=\"application\/ld+json\" class=\"yoast-schema-graph\">{\"@context\":\"https:\\\/\\\/schema.org\",\"@graph\":[{\"@type\":\"Article\",\"@id\":\"https:\\\/\\\/www.uartes.edu.ec\\\/sitio\\\/en\\\/blog\\\/2018\\\/07\\\/03\\\/juan-martin-cueva-dicta-curso-sobre-cine-ecuatoriano-en-la-universidad-nacional-de-colombia\\\/#article\",\"isPartOf\":{\"@id\":\"https:\\\/\\\/www.uartes.edu.ec\\\/sitio\\\/en\\\/blog\\\/2018\\\/07\\\/03\\\/juan-martin-cueva-dicta-curso-sobre-cine-ecuatoriano-en-la-universidad-nacional-de-colombia\\\/\"},\"author\":{\"name\":\"Universidad de las Artes\",\"@id\":\"https:\\\/\\\/www.uartes.edu.ec\\\/sitio\\\/en\\\/#\\\/schema\\\/person\\\/f33f8c1d2af0d5c80a38c8abf458184a\"},\"headline\":\"Juan Mart\u00edn Cueva dicta curso sobre cine ecuatoriano en la Universidad Nacional de Colombia\",\"datePublished\":\"2018-07-03T21:20:26+00:00\",\"dateModified\":\"2024-07-04T16:53:47+00:00\",\"mainEntityOfPage\":{\"@id\":\"https:\\\/\\\/www.uartes.edu.ec\\\/sitio\\\/en\\\/blog\\\/2018\\\/07\\\/03\\\/juan-martin-cueva-dicta-curso-sobre-cine-ecuatoriano-en-la-universidad-nacional-de-colombia\\\/\"},\"wordCount\":362,\"publisher\":{\"@id\":\"https:\\\/\\\/www.uartes.edu.ec\\\/sitio\\\/en\\\/#organization\"},\"articleSection\":[\"Docentes\"],\"inLanguage\":\"en-US\"},{\"@type\":[\"WebPage\",\"ItemPage\"],\"@id\":\"https:\\\/\\\/www.uartes.edu.ec\\\/sitio\\\/en\\\/blog\\\/2018\\\/07\\\/03\\\/juan-martin-cueva-dicta-curso-sobre-cine-ecuatoriano-en-la-universidad-nacional-de-colombia\\\/\",\"url\":\"https:\\\/\\\/www.uartes.edu.ec\\\/sitio\\\/en\\\/blog\\\/2018\\\/07\\\/03\\\/juan-martin-cueva-dicta-curso-sobre-cine-ecuatoriano-en-la-universidad-nacional-de-colombia\\\/\",\"name\":\"Universidad de las Artes - Juan Mart\u00edn Cueva dicta curso sobre cine ecuatoriano en la Universidad Nacional de Colombia\",\"isPartOf\":{\"@id\":\"https:\\\/\\\/www.uartes.edu.ec\\\/sitio\\\/en\\\/#website\"},\"datePublished\":\"2018-07-03T21:20:26+00:00\",\"dateModified\":\"2024-07-04T16:53:47+00:00\",\"description\":\"Universidad de las Artes - Juan Mart\u00edn Cueva dicta curso sobre cine ecuatoriano en la Universidad Nacional de Colombia\",\"breadcrumb\":{\"@id\":\"https:\\\/\\\/www.uartes.edu.ec\\\/sitio\\\/en\\\/blog\\\/2018\\\/07\\\/03\\\/juan-martin-cueva-dicta-curso-sobre-cine-ecuatoriano-en-la-universidad-nacional-de-colombia\\\/#breadcrumb\"},\"inLanguage\":\"en-US\",\"potentialAction\":[{\"@type\":\"ReadAction\",\"target\":[\"https:\\\/\\\/www.uartes.edu.ec\\\/sitio\\\/en\\\/blog\\\/2018\\\/07\\\/03\\\/juan-martin-cueva-dicta-curso-sobre-cine-ecuatoriano-en-la-universidad-nacional-de-colombia\\\/\"]}]},{\"@type\":\"BreadcrumbList\",\"@id\":\"https:\\\/\\\/www.uartes.edu.ec\\\/sitio\\\/en\\\/blog\\\/2018\\\/07\\\/03\\\/juan-martin-cueva-dicta-curso-sobre-cine-ecuatoriano-en-la-universidad-nacional-de-colombia\\\/#breadcrumb\",\"itemListElement\":[{\"@type\":\"ListItem\",\"position\":1,\"name\":\"Inicio\",\"item\":\"https:\\\/\\\/www.uartes.edu.ec\\\/sitio\\\/\"},{\"@type\":\"ListItem\",\"position\":2,\"name\":\"Juan Mart\u00edn Cueva dicta curso sobre cine ecuatoriano en la Universidad Nacional de Colombia\"}]},{\"@type\":\"WebSite\",\"@id\":\"https:\\\/\\\/www.uartes.edu.ec\\\/sitio\\\/en\\\/#website\",\"url\":\"https:\\\/\\\/www.uartes.edu.ec\\\/sitio\\\/en\\\/\",\"name\":\"Universidad de las Artes\",\"description\":\"Sitio oficial de la Universidad Nacional de las Artes del Ecuador\",\"publisher\":{\"@id\":\"https:\\\/\\\/www.uartes.edu.ec\\\/sitio\\\/en\\\/#organization\"},\"potentialAction\":[{\"@type\":\"SearchAction\",\"target\":{\"@type\":\"EntryPoint\",\"urlTemplate\":\"https:\\\/\\\/www.uartes.edu.ec\\\/sitio\\\/en\\\/?s={search_term_string}\"},\"query-input\":{\"@type\":\"PropertyValueSpecification\",\"valueRequired\":true,\"valueName\":\"search_term_string\"}}],\"inLanguage\":\"en-US\"},{\"@type\":\"Organization\",\"@id\":\"https:\\\/\\\/www.uartes.edu.ec\\\/sitio\\\/en\\\/#organization\",\"name\":\"Universidad de las Artes\",\"url\":\"https:\\\/\\\/www.uartes.edu.ec\\\/sitio\\\/en\\\/\",\"logo\":{\"@type\":\"ImageObject\",\"inLanguage\":\"en-US\",\"@id\":\"https:\\\/\\\/www.uartes.edu.ec\\\/sitio\\\/en\\\/#\\\/schema\\\/logo\\\/image\\\/\",\"url\":\"https:\\\/\\\/www.uartes.edu.ec\\\/sitio\\\/wp-content\\\/uploads\\\/2022\\\/07\\\/logo-ua-horizontal.png\",\"contentUrl\":\"https:\\\/\\\/www.uartes.edu.ec\\\/sitio\\\/wp-content\\\/uploads\\\/2022\\\/07\\\/logo-ua-horizontal.png\",\"width\":800,\"height\":276,\"caption\":\"Universidad de las Artes\"},\"image\":{\"@id\":\"https:\\\/\\\/www.uartes.edu.ec\\\/sitio\\\/en\\\/#\\\/schema\\\/logo\\\/image\\\/\"},\"sameAs\":[\"https:\\\/\\\/www.facebook.com\\\/uartesec\",\"https:\\\/\\\/x.com\\\/uartesec\",\"https:\\\/\\\/www.tiktok.com\\\/@uartesec\"]},{\"@type\":\"Person\",\"@id\":\"https:\\\/\\\/www.uartes.edu.ec\\\/sitio\\\/en\\\/#\\\/schema\\\/person\\\/f33f8c1d2af0d5c80a38c8abf458184a\",\"name\":\"Universidad de las Artes\",\"image\":{\"@type\":\"ImageObject\",\"inLanguage\":\"en-US\",\"@id\":\"https:\\\/\\\/secure.gravatar.com\\\/avatar\\\/52e4757902f5cfa5ac52d020e5be83cae5487519154b6c35482fe08d589f3c13?s=96&d=mm&r=g\",\"url\":\"https:\\\/\\\/secure.gravatar.com\\\/avatar\\\/52e4757902f5cfa5ac52d020e5be83cae5487519154b6c35482fe08d589f3c13?s=96&d=mm&r=g\",\"contentUrl\":\"https:\\\/\\\/secure.gravatar.com\\\/avatar\\\/52e4757902f5cfa5ac52d020e5be83cae5487519154b6c35482fe08d589f3c13?s=96&d=mm&r=g\",\"caption\":\"Universidad de las Artes\"},\"url\":\"https:\\\/\\\/www.uartes.edu.ec\\\/sitio\\\/en\\\/blog\\\/author\\\/dircomadm\\\/\"}]}<\/script>\n<!-- \/ Yoast SEO plugin. -->","yoast_head_json":{"title":"Universidad de las Artes - Juan Mart\u00edn Cueva dicta curso sobre cine ecuatoriano en la Universidad Nacional de Colombia","description":"Universidad de las Artes - Juan Mart\u00edn Cueva dicta curso sobre cine ecuatoriano en la Universidad Nacional de Colombia","robots":{"index":"index","follow":"follow","max-snippet":"max-snippet:-1","max-image-preview":"max-image-preview:large","max-video-preview":"max-video-preview:-1"},"canonical":"https:\/\/www.uartes.edu.ec\/sitio\/en\/blog\/2018\/07\/03\/juan-martin-cueva-dicta-curso-sobre-cine-ecuatoriano-en-la-universidad-nacional-de-colombia\/","og_locale":"en_US","og_type":"article","og_title":"Universidad de las Artes - Juan Mart\u00edn Cueva dicta curso sobre cine ecuatoriano en la Universidad Nacional de Colombia","og_description":"Universidad de las Artes - Juan Mart\u00edn Cueva dicta curso sobre cine ecuatoriano en la Universidad Nacional de Colombia","og_url":"https:\/\/www.uartes.edu.ec\/sitio\/en\/blog\/2018\/07\/03\/juan-martin-cueva-dicta-curso-sobre-cine-ecuatoriano-en-la-universidad-nacional-de-colombia\/","og_site_name":"Universidad de las Artes","article_publisher":"https:\/\/www.facebook.com\/uartesec","article_published_time":"2018-07-03T21:20:26+00:00","article_modified_time":"2024-07-04T16:53:47+00:00","author":"Universidad de las Artes","twitter_card":"summary_large_image","twitter_creator":"@uartesec","twitter_site":"@uartesec","twitter_misc":{"Written by":"Universidad de las Artes","Est. reading time":"2 minutes"},"schema":{"@context":"https:\/\/schema.org","@graph":[{"@type":"Article","@id":"https:\/\/www.uartes.edu.ec\/sitio\/en\/blog\/2018\/07\/03\/juan-martin-cueva-dicta-curso-sobre-cine-ecuatoriano-en-la-universidad-nacional-de-colombia\/#article","isPartOf":{"@id":"https:\/\/www.uartes.edu.ec\/sitio\/en\/blog\/2018\/07\/03\/juan-martin-cueva-dicta-curso-sobre-cine-ecuatoriano-en-la-universidad-nacional-de-colombia\/"},"author":{"name":"Universidad de las Artes","@id":"https:\/\/www.uartes.edu.ec\/sitio\/en\/#\/schema\/person\/f33f8c1d2af0d5c80a38c8abf458184a"},"headline":"Juan Mart\u00edn Cueva dicta curso sobre cine ecuatoriano en la Universidad Nacional de Colombia","datePublished":"2018-07-03T21:20:26+00:00","dateModified":"2024-07-04T16:53:47+00:00","mainEntityOfPage":{"@id":"https:\/\/www.uartes.edu.ec\/sitio\/en\/blog\/2018\/07\/03\/juan-martin-cueva-dicta-curso-sobre-cine-ecuatoriano-en-la-universidad-nacional-de-colombia\/"},"wordCount":362,"publisher":{"@id":"https:\/\/www.uartes.edu.ec\/sitio\/en\/#organization"},"articleSection":["Docentes"],"inLanguage":"en-US"},{"@type":["WebPage","ItemPage"],"@id":"https:\/\/www.uartes.edu.ec\/sitio\/en\/blog\/2018\/07\/03\/juan-martin-cueva-dicta-curso-sobre-cine-ecuatoriano-en-la-universidad-nacional-de-colombia\/","url":"https:\/\/www.uartes.edu.ec\/sitio\/en\/blog\/2018\/07\/03\/juan-martin-cueva-dicta-curso-sobre-cine-ecuatoriano-en-la-universidad-nacional-de-colombia\/","name":"Universidad de las Artes - Juan Mart\u00edn Cueva dicta curso sobre cine ecuatoriano en la Universidad Nacional de Colombia","isPartOf":{"@id":"https:\/\/www.uartes.edu.ec\/sitio\/en\/#website"},"datePublished":"2018-07-03T21:20:26+00:00","dateModified":"2024-07-04T16:53:47+00:00","description":"Universidad de las Artes - Juan Mart\u00edn Cueva dicta curso sobre cine ecuatoriano en la Universidad Nacional de Colombia","breadcrumb":{"@id":"https:\/\/www.uartes.edu.ec\/sitio\/en\/blog\/2018\/07\/03\/juan-martin-cueva-dicta-curso-sobre-cine-ecuatoriano-en-la-universidad-nacional-de-colombia\/#breadcrumb"},"inLanguage":"en-US","potentialAction":[{"@type":"ReadAction","target":["https:\/\/www.uartes.edu.ec\/sitio\/en\/blog\/2018\/07\/03\/juan-martin-cueva-dicta-curso-sobre-cine-ecuatoriano-en-la-universidad-nacional-de-colombia\/"]}]},{"@type":"BreadcrumbList","@id":"https:\/\/www.uartes.edu.ec\/sitio\/en\/blog\/2018\/07\/03\/juan-martin-cueva-dicta-curso-sobre-cine-ecuatoriano-en-la-universidad-nacional-de-colombia\/#breadcrumb","itemListElement":[{"@type":"ListItem","position":1,"name":"Inicio","item":"https:\/\/www.uartes.edu.ec\/sitio\/"},{"@type":"ListItem","position":2,"name":"Juan Mart\u00edn Cueva dicta curso sobre cine ecuatoriano en la Universidad Nacional de Colombia"}]},{"@type":"WebSite","@id":"https:\/\/www.uartes.edu.ec\/sitio\/en\/#website","url":"https:\/\/www.uartes.edu.ec\/sitio\/en\/","name":"Universidad de las Artes","description":"Sitio oficial de la Universidad Nacional de las Artes del Ecuador","publisher":{"@id":"https:\/\/www.uartes.edu.ec\/sitio\/en\/#organization"},"potentialAction":[{"@type":"SearchAction","target":{"@type":"EntryPoint","urlTemplate":"https:\/\/www.uartes.edu.ec\/sitio\/en\/?s={search_term_string}"},"query-input":{"@type":"PropertyValueSpecification","valueRequired":true,"valueName":"search_term_string"}}],"inLanguage":"en-US"},{"@type":"Organization","@id":"https:\/\/www.uartes.edu.ec\/sitio\/en\/#organization","name":"Universidad de las Artes","url":"https:\/\/www.uartes.edu.ec\/sitio\/en\/","logo":{"@type":"ImageObject","inLanguage":"en-US","@id":"https:\/\/www.uartes.edu.ec\/sitio\/en\/#\/schema\/logo\/image\/","url":"https:\/\/www.uartes.edu.ec\/sitio\/wp-content\/uploads\/2022\/07\/logo-ua-horizontal.png","contentUrl":"https:\/\/www.uartes.edu.ec\/sitio\/wp-content\/uploads\/2022\/07\/logo-ua-horizontal.png","width":800,"height":276,"caption":"Universidad de las Artes"},"image":{"@id":"https:\/\/www.uartes.edu.ec\/sitio\/en\/#\/schema\/logo\/image\/"},"sameAs":["https:\/\/www.facebook.com\/uartesec","https:\/\/x.com\/uartesec","https:\/\/www.tiktok.com\/@uartesec"]},{"@type":"Person","@id":"https:\/\/www.uartes.edu.ec\/sitio\/en\/#\/schema\/person\/f33f8c1d2af0d5c80a38c8abf458184a","name":"Universidad de las Artes","image":{"@type":"ImageObject","inLanguage":"en-US","@id":"https:\/\/secure.gravatar.com\/avatar\/52e4757902f5cfa5ac52d020e5be83cae5487519154b6c35482fe08d589f3c13?s=96&d=mm&r=g","url":"https:\/\/secure.gravatar.com\/avatar\/52e4757902f5cfa5ac52d020e5be83cae5487519154b6c35482fe08d589f3c13?s=96&d=mm&r=g","contentUrl":"https:\/\/secure.gravatar.com\/avatar\/52e4757902f5cfa5ac52d020e5be83cae5487519154b6c35482fe08d589f3c13?s=96&d=mm&r=g","caption":"Universidad de las Artes"},"url":"https:\/\/www.uartes.edu.ec\/sitio\/en\/blog\/author\/dircomadm\/"}]}},"uagb_featured_image_src":{"full":false,"thumbnail":false,"medium":false,"medium_large":false,"large":false,"1536x1536":false,"2048x2048":false,"trp-custom-language-flag":false,"htmega_size_585x295":false,"htmega_size_1170x536":false,"htmega_size_396x360":false,"gb-block-post-grid-landscape":false,"gb-block-post-grid-square":false,"university-hub-thumb":false},"uagb_author_info":{"display_name":"Universidad de las Artes","author_link":"https:\/\/www.uartes.edu.ec\/sitio\/en\/blog\/author\/dircomadm\/"},"uagb_comment_info":0,"uagb_excerpt":"Juan Mart\u00edn Cueva, Director de la Escuela de Cine de la Universidad de las Artes del Ecuador, impartir\u00e1 un curso sobre cine ecuatoriano en el contexto de la C\u00e1tedra de Cine Latinoamericano: Pasado, presente y futuro, organizada por la Facultad de Artes de la Universidad Nacional de Colombia, en el marco de XIV edici\u00f3n de&hellip;","featured_image_src":null,"featured_image_src_square":null,"author_info":{"display_name":"Universidad de las Artes","author_link":"https:\/\/www.uartes.edu.ec\/sitio\/en\/blog\/author\/dircomadm\/"},"publishpress_future_workflow_manual_trigger":{"enabledWorkflows":[]},"distributor_meta":false,"distributor_terms":false,"distributor_media":false,"distributor_original_site_name":"Universidad de las Artes","distributor_original_site_url":"https:\/\/www.uartes.edu.ec\/sitio\/en","push-errors":false,"_links":{"self":[{"href":"https:\/\/www.uartes.edu.ec\/sitio\/en\/wp-json\/wp\/v2\/posts\/1657","targetHints":{"allow":["GET"]}}],"collection":[{"href":"https:\/\/www.uartes.edu.ec\/sitio\/en\/wp-json\/wp\/v2\/posts"}],"about":[{"href":"https:\/\/www.uartes.edu.ec\/sitio\/en\/wp-json\/wp\/v2\/types\/post"}],"author":[{"embeddable":true,"href":"https:\/\/www.uartes.edu.ec\/sitio\/en\/wp-json\/wp\/v2\/users\/1"}],"replies":[{"embeddable":true,"href":"https:\/\/www.uartes.edu.ec\/sitio\/en\/wp-json\/wp\/v2\/comments?post=1657"}],"version-history":[{"count":1,"href":"https:\/\/www.uartes.edu.ec\/sitio\/en\/wp-json\/wp\/v2\/posts\/1657\/revisions"}],"predecessor-version":[{"id":3358,"href":"https:\/\/www.uartes.edu.ec\/sitio\/en\/wp-json\/wp\/v2\/posts\/1657\/revisions\/3358"}],"wp:attachment":[{"href":"https:\/\/www.uartes.edu.ec\/sitio\/en\/wp-json\/wp\/v2\/media?parent=1657"}],"wp:term":[{"taxonomy":"category","embeddable":true,"href":"https:\/\/www.uartes.edu.ec\/sitio\/en\/wp-json\/wp\/v2\/categories?post=1657"},{"taxonomy":"post_tag","embeddable":true,"href":"https:\/\/www.uartes.edu.ec\/sitio\/en\/wp-json\/wp\/v2\/tags?post=1657"},{"taxonomy":"infouartes","embeddable":true,"href":"https:\/\/www.uartes.edu.ec\/sitio\/en\/wp-json\/wp\/v2\/infouartes?post=1657"}],"curies":[{"name":"wp","href":"https:\/\/api.w.org\/{rel}","templated":true}]}}