{"id":16645,"date":"2021-11-12T18:11:00","date_gmt":"2021-11-12T23:11:00","guid":{"rendered":"http:\/\/www.uartes.edu.ec\/sitio\/?p=16645"},"modified":"2024-07-04T11:25:24","modified_gmt":"2024-07-04T16:25:24","slug":"las-editoriales-independientes-tienen-su-encuentro-en-vii-edicion-libre-libro-2021","status":"publish","type":"post","link":"https:\/\/www.uartes.edu.ec\/sitio\/en\/blog\/2021\/11\/12\/las-editoriales-independientes-tienen-su-encuentro-en-vii-edicion-libre-libro-2021\/","title":{"rendered":"Con la presentaci\u00f3n de la revista Pie de p\u00e1gina 6 y un recital de poes\u00eda se inaugura la VII edici\u00f3n de Libre Libro"},"content":{"rendered":"<p>La presentaci\u00f3n del sexto n\u00famero de <em>Pie de p\u00e1gina, <\/em>la revista literaria de creaci\u00f3n y cr\u00edtica de la Universidad de las Artes, ser\u00e1 parte \u2013junto con un recital de poes\u00eda y la ya tradicional fiesta de disfraces\u2013 del acto inaugural de la VII edici\u00f3n de Libre libro 2021. Est\u00e1 programado para el martes 16 de noviembre, a las 17:00, en la Sala R\u00eda de la Biblioteca de las Artes.<\/p>\n\n\n\n<p>El encuentro de editoriales independientes, organizado por la Escuela de Literatura de la UArtes tendr\u00e1 lugar del 17 al 20 de noviembre, siendo justamente el futuro de la edici\u00f3n independiente el tema en torno al cual se dialogar\u00e1.<\/p>\n\n\n\n<p>Dirigida a editores, investigadores, docentes, comunidad universitaria y personas interesadas en el campo editorial, en Libre Libro 2021 se realizar\u00e1n presentaciones de obras, simposios, talleres, charlas, conversatorios internacionales y espacios con y para los estudiantes.<\/p>\n\n\n\n<p>Habr\u00e1 tambi\u00e9n el \u00abMicr\u00f3fono abierto literario\u00bb propuesto por el Fondo de Cultura Econ\u00f3mica (FCE), cuyas dos librer\u00edas en Guayaquil se encuentran en las instalaciones de la UArtes. Una, con obras para ni\u00f1as, ni\u00f1os y adolescentes, en la Sala R\u00eda de la Biblioteca de la Artes; la segunda, en el Centro de Producci\u00f3n e Innovaci\u00f3n MZ14.<\/p>\n\n\n\n<p>La feria de los libros estar\u00e1 abierta en el repositorio de la UArtes de 10:00 a 18:30 los d\u00edas mi\u00e9rcoles 17, jueves 18 y viernes 19; y, de 10:00 a 15:00, el s\u00e1bado 20.<\/p>\n\n\n\n<p><strong>Programaci\u00f3n<\/strong><br>Las actividades de la VII edici\u00f3n de Libre libro 2021 ser\u00e1n h\u00edbridas, pues unas se desarrollar\u00e1n en el primer piso de la Biblioteca de las Artes \u2013excepto \u00abMicr\u00f3fono abierto literario\u00bb que ser\u00e1 en MZ14\u2013 y las otras, en modalidad virtual.<\/p>\n\n\n\n<p>De manera presencial, el mi\u00e9rcoles 17 de noviembre tendr\u00e1 lugar, de 11:00 a 12:30, el conversatorio \u201cProyectos de edici\u00f3n digital\u201d, con la participaci\u00f3n de Jos\u00e9 Luis J\u00e1come Guerrero, Laura Nivela, Gabriela Paredes y Paulina Pe\u00f1aherrera.<\/p>\n\n\n\n<p>Seguidamente se dar\u00e1n a conocer algunas obras. De 15:30 a 16:30, <em>Formas del tiempo, <\/em>publicado por UArtes Ediciones y de la autor\u00eda de Olga L\u00f3pez. De 16:30 a 17:30, <em>Yeguas y terneros, <\/em>de Editorial La Ca\u00edda y la autor\u00eda de Julia Rend\u00f3n. De 17:30 a 18:30, <em>400 metros. Arte, calle y comunidad, <\/em>de Mar\u00eda Fernanda L\u00f3pez. Las presentaciones correr\u00e1n a cargo, en ese orden, de Jos\u00e9 Miguel Cabrera, Solange Rodr\u00edguez y Fernando Montenegro y Yuliana Ortiz.<\/p>\n\n\n\n<p>Finalmente, el conversatorio online, programado de 19:00 a 20:00, \u201cEs pa\u00eds para cuentistas\u201d. Participan: Paulina Soto, Diego Maneza, Livina Santos y Leonardo Valencia. Modera: Solange Rodr\u00edguez.<\/p>\n\n\n\n<p>El jueves 18, las actividades se iniciar\u00e1n tambi\u00e9n con un conversatorio, ser\u00e1 de 11:00 a 12:30 sobre \u201cEl futuro de la edici\u00f3n independiente\u201d y entre Natalia Garc\u00eda Freire, Paulina Briones y Fernando Montenegro. Le seguir\u00e1 otro conversatorio, mismo que desarrollar\u00e1 v\u00eda online desde las 14:00 hasta las 15:30 con el novelista Gustavo Faver\u00f3n Patriu y la participaci\u00f3n de Andrea Crespo, Juan Mart\u00edn Riofr\u00edo y Andr\u00e9s Land\u00e1zuri.<\/p>\n\n\n\n<p>De manera presencial se dar\u00e1n a conocer las obras <em>La persona en el artista. Psicoterapia en el arte actual,<\/em> de Marin\u00e9s Cardoso, de 15:30 a 16:30; y, <em>Esas criaturas,<\/em> de Eduardo Varas, de 18:00 a 19:00, publicado por Cad\u00e1ver Exquisito Ediciones. Har\u00e1n las presentaciones Santiago Harris y Nicol\u00e1s Esparza, respectivamente.<\/p>\n\n\n\n<p>Le seguir\u00e1 la charla \u201cPropiedad intelectual y derechos de autor para editores y creadores\u201d, la cual ser\u00e1 de 18:00 a 19:00 con el Estudio Central Abogados y moderado por Camila Corral.<\/p>\n\n\n\n<p>El viernes 19, la conferencia virtual \u201cCreando entre comunes: charla introductoria a Creative Commons para productos creativos\u201d, prevista de 10:00 a 11:00, con la participaci\u00f3n de \u00c9dgar Rosero y Sara Bola\u00f1os. Habr\u00e1 luego cuatro presentaciones de obras. La primera, de 11:00 a 12:30, <em>Entrecortada,<\/em> de \u00c1ngeles Mart\u00ednez y Editorial La Ca\u00edda. La segunda, de 15:30 a 16:30,<em> Archivomancia,<\/em> de Jos\u00e9 Luis J\u00e1come y UArtes Ediciones. La tercera, de 16:30 a 17:30, <em>De un mundo raro,<\/em> de Solange Rodr\u00edguez e InLimbo Ediciones. Y, la cuarta, de 17:30 a 18:30, <em>Viernes\/00,<\/em> de Mar\u00eda del Pilar Gavilanes y Editorial Turbina.<\/p>\n\n\n\n<p>\u00abMicr\u00f3fono abierto literario\u00bb ser\u00e1 de 17:00 a 19:00 en la Plaza P\u00fablica del Centro de Producci\u00f3n e Innovaci\u00f3n MZ14. Cerrar\u00e1 jornada el conversatorio \u201cLinderos de la ficci\u00f3n: escritura y (no)ficci\u00f3n\u201d con Eduardo Varas y Miguel Aill\u00f3n, de 18:30 a 19:30.<\/p>\n\n\n\n<p>La VII edici\u00f3n de Libre libro 2021 concluir\u00e1 el s\u00e1bado 20 en la Sala R\u00eda con el taller \u201cCon licencia para crear: aplicando las licencias Creative Commons para productos creativos\u201d, con \u00c9dgar Rosero y Sara Bola\u00f1os, de 10:00 a 11:00, y la actividad Mediaci\u00f3n de lectura para ni\u00f1os y ni\u00f1as, organizada por el Fondo de Cultura Econ\u00f3mica (FCE).<\/p>","protected":false},"excerpt":{"rendered":"<p>La presentaci\u00f3n del sexto n\u00famero de Pie de p\u00e1gina, la revista literaria de creaci\u00f3n y cr\u00edtica de la Universidad de las Artes, ser\u00e1 parte \u2013junto con un recital de poes\u00eda y la ya tradicional fiesta de disfraces\u2013 del acto inaugural de la VII edici\u00f3n de Libre libro 2021. Est\u00e1 programado para el martes 16 de noviembre, a las 17:00, en la Sala R\u00eda de la Biblioteca de las Artes.<\/p>","protected":false},"author":10,"featured_media":16646,"comment_status":"open","ping_status":"open","sticky":false,"template":"","format":"standard","meta":{"_acf_changed":false,"_uag_custom_page_level_css":"","_monsterinsights_skip_tracking":false,"_monsterinsights_sitenote_active":false,"_monsterinsights_sitenote_note":"","_monsterinsights_sitenote_category":0,"cybocfi_hide_featured_image":"","footnotes":""},"categories":[82,75,76,175],"tags":[],"infouartes":[],"class_list":["post-16645","post","type-post","status-publish","format-standard","has-post-thumbnail","hentry","category-artes","category-docentes","category-estudiantes","category-literatura"],"acf":[],"yoast_head":"<!-- This site is optimized with the Yoast SEO plugin v27.4 - https:\/\/yoast.com\/product\/yoast-seo-wordpress\/ -->\n<title>Universidad de las Artes - Con la presentaci\u00f3n de la revista Pie de p\u00e1gina 6 y un recital de poes\u00eda se inaugura la VII edici\u00f3n de Libre Libro<\/title>\n<meta name=\"description\" content=\"Universidad de las Artes - Con la presentaci\u00f3n de la revista Pie de p\u00e1gina 6 y un recital de poes\u00eda se inaugura la VII edici\u00f3n de Libre Libro\" \/>\n<meta name=\"robots\" content=\"index, follow, max-snippet:-1, max-image-preview:large, max-video-preview:-1\" \/>\n<link rel=\"canonical\" href=\"https:\/\/www.uartes.edu.ec\/sitio\/en\/blog\/2021\/11\/12\/las-editoriales-independientes-tienen-su-encuentro-en-vii-edicion-libre-libro-2021\/\" \/>\n<meta property=\"og:locale\" content=\"en_US\" \/>\n<meta property=\"og:type\" content=\"article\" \/>\n<meta property=\"og:title\" content=\"Universidad de las Artes - Con la presentaci\u00f3n de la revista Pie de p\u00e1gina 6 y un recital de poes\u00eda se inaugura la VII edici\u00f3n de Libre Libro\" \/>\n<meta property=\"og:description\" content=\"Universidad de las Artes - Con la presentaci\u00f3n de la revista Pie de p\u00e1gina 6 y un recital de poes\u00eda se inaugura la VII edici\u00f3n de Libre Libro\" \/>\n<meta property=\"og:url\" content=\"https:\/\/www.uartes.edu.ec\/sitio\/en\/blog\/2021\/11\/12\/las-editoriales-independientes-tienen-su-encuentro-en-vii-edicion-libre-libro-2021\/\" \/>\n<meta property=\"og:site_name\" content=\"Universidad de las Artes\" \/>\n<meta property=\"article:publisher\" content=\"https:\/\/www.facebook.com\/uartesec\" \/>\n<meta property=\"article:published_time\" content=\"2021-11-12T23:11:00+00:00\" \/>\n<meta property=\"article:modified_time\" content=\"2024-07-04T16:25:24+00:00\" \/>\n<meta property=\"og:image\" content=\"https:\/\/www.uartes.edu.ec\/sitio\/wp-content\/uploads\/2021\/11\/LIBRE-LIBRO-2021-WEB.webp\" \/>\n\t<meta property=\"og:image:width\" content=\"2000\" \/>\n\t<meta property=\"og:image:height\" content=\"1333\" \/>\n\t<meta property=\"og:image:type\" content=\"image\/webp\" \/>\n<meta name=\"author\" content=\"ccortez\" \/>\n<meta name=\"twitter:card\" content=\"summary_large_image\" \/>\n<meta name=\"twitter:creator\" content=\"@uartesec\" \/>\n<meta name=\"twitter:site\" content=\"@uartesec\" \/>\n<meta name=\"twitter:label1\" content=\"Written by\" \/>\n\t<meta name=\"twitter:data1\" content=\"ccortez\" \/>\n\t<meta name=\"twitter:label2\" content=\"Est. reading time\" \/>\n\t<meta name=\"twitter:data2\" content=\"4 minutes\" \/>\n<script type=\"application\/ld+json\" class=\"yoast-schema-graph\">{\"@context\":\"https:\\\/\\\/schema.org\",\"@graph\":[{\"@type\":\"Article\",\"@id\":\"https:\\\/\\\/www.uartes.edu.ec\\\/sitio\\\/en\\\/blog\\\/2021\\\/11\\\/12\\\/las-editoriales-independientes-tienen-su-encuentro-en-vii-edicion-libre-libro-2021\\\/#article\",\"isPartOf\":{\"@id\":\"https:\\\/\\\/www.uartes.edu.ec\\\/sitio\\\/en\\\/blog\\\/2021\\\/11\\\/12\\\/las-editoriales-independientes-tienen-su-encuentro-en-vii-edicion-libre-libro-2021\\\/\"},\"author\":{\"name\":\"ccortez\",\"@id\":\"https:\\\/\\\/www.uartes.edu.ec\\\/sitio\\\/en\\\/#\\\/schema\\\/person\\\/efa1b8275797664fd7f13a79ccc0b1f4\"},\"headline\":\"Con la presentaci\u00f3n de la revista Pie de p\u00e1gina 6 y un recital de poes\u00eda se inaugura la VII edici\u00f3n de Libre Libro\",\"datePublished\":\"2021-11-12T23:11:00+00:00\",\"dateModified\":\"2024-07-04T16:25:24+00:00\",\"mainEntityOfPage\":{\"@id\":\"https:\\\/\\\/www.uartes.edu.ec\\\/sitio\\\/en\\\/blog\\\/2021\\\/11\\\/12\\\/las-editoriales-independientes-tienen-su-encuentro-en-vii-edicion-libre-libro-2021\\\/\"},\"wordCount\":804,\"commentCount\":0,\"publisher\":{\"@id\":\"https:\\\/\\\/www.uartes.edu.ec\\\/sitio\\\/en\\\/#organization\"},\"image\":{\"@id\":\"https:\\\/\\\/www.uartes.edu.ec\\\/sitio\\\/en\\\/blog\\\/2021\\\/11\\\/12\\\/las-editoriales-independientes-tienen-su-encuentro-en-vii-edicion-libre-libro-2021\\\/#primaryimage\"},\"thumbnailUrl\":\"https:\\\/\\\/www.uartes.edu.ec\\\/sitio\\\/wp-content\\\/uploads\\\/2021\\\/11\\\/LIBRE-LIBRO-2021-WEB.webp\",\"articleSection\":[\"Artes\",\"Docentes\",\"Estudiantes\",\"Literatura\"],\"inLanguage\":\"en-US\",\"potentialAction\":[{\"@type\":\"CommentAction\",\"name\":\"Comment\",\"target\":[\"https:\\\/\\\/www.uartes.edu.ec\\\/sitio\\\/en\\\/blog\\\/2021\\\/11\\\/12\\\/las-editoriales-independientes-tienen-su-encuentro-en-vii-edicion-libre-libro-2021\\\/#respond\"]}]},{\"@type\":[\"WebPage\",\"ItemPage\"],\"@id\":\"https:\\\/\\\/www.uartes.edu.ec\\\/sitio\\\/en\\\/blog\\\/2021\\\/11\\\/12\\\/las-editoriales-independientes-tienen-su-encuentro-en-vii-edicion-libre-libro-2021\\\/\",\"url\":\"https:\\\/\\\/www.uartes.edu.ec\\\/sitio\\\/en\\\/blog\\\/2021\\\/11\\\/12\\\/las-editoriales-independientes-tienen-su-encuentro-en-vii-edicion-libre-libro-2021\\\/\",\"name\":\"Universidad de las Artes - Con la presentaci\u00f3n de la revista Pie de p\u00e1gina 6 y un recital de poes\u00eda se inaugura la VII edici\u00f3n de Libre Libro\",\"isPartOf\":{\"@id\":\"https:\\\/\\\/www.uartes.edu.ec\\\/sitio\\\/en\\\/#website\"},\"primaryImageOfPage\":{\"@id\":\"https:\\\/\\\/www.uartes.edu.ec\\\/sitio\\\/en\\\/blog\\\/2021\\\/11\\\/12\\\/las-editoriales-independientes-tienen-su-encuentro-en-vii-edicion-libre-libro-2021\\\/#primaryimage\"},\"image\":{\"@id\":\"https:\\\/\\\/www.uartes.edu.ec\\\/sitio\\\/en\\\/blog\\\/2021\\\/11\\\/12\\\/las-editoriales-independientes-tienen-su-encuentro-en-vii-edicion-libre-libro-2021\\\/#primaryimage\"},\"thumbnailUrl\":\"https:\\\/\\\/www.uartes.edu.ec\\\/sitio\\\/wp-content\\\/uploads\\\/2021\\\/11\\\/LIBRE-LIBRO-2021-WEB.webp\",\"datePublished\":\"2021-11-12T23:11:00+00:00\",\"dateModified\":\"2024-07-04T16:25:24+00:00\",\"description\":\"Universidad de las Artes - Con la presentaci\u00f3n de la revista Pie de p\u00e1gina 6 y un recital de poes\u00eda se inaugura la VII edici\u00f3n de Libre Libro\",\"breadcrumb\":{\"@id\":\"https:\\\/\\\/www.uartes.edu.ec\\\/sitio\\\/en\\\/blog\\\/2021\\\/11\\\/12\\\/las-editoriales-independientes-tienen-su-encuentro-en-vii-edicion-libre-libro-2021\\\/#breadcrumb\"},\"inLanguage\":\"en-US\",\"potentialAction\":[{\"@type\":\"ReadAction\",\"target\":[\"https:\\\/\\\/www.uartes.edu.ec\\\/sitio\\\/en\\\/blog\\\/2021\\\/11\\\/12\\\/las-editoriales-independientes-tienen-su-encuentro-en-vii-edicion-libre-libro-2021\\\/\"]}]},{\"@type\":\"ImageObject\",\"inLanguage\":\"en-US\",\"@id\":\"https:\\\/\\\/www.uartes.edu.ec\\\/sitio\\\/en\\\/blog\\\/2021\\\/11\\\/12\\\/las-editoriales-independientes-tienen-su-encuentro-en-vii-edicion-libre-libro-2021\\\/#primaryimage\",\"url\":\"https:\\\/\\\/www.uartes.edu.ec\\\/sitio\\\/wp-content\\\/uploads\\\/2021\\\/11\\\/LIBRE-LIBRO-2021-WEB.webp\",\"contentUrl\":\"https:\\\/\\\/www.uartes.edu.ec\\\/sitio\\\/wp-content\\\/uploads\\\/2021\\\/11\\\/LIBRE-LIBRO-2021-WEB.webp\",\"width\":2000,\"height\":1333},{\"@type\":\"BreadcrumbList\",\"@id\":\"https:\\\/\\\/www.uartes.edu.ec\\\/sitio\\\/en\\\/blog\\\/2021\\\/11\\\/12\\\/las-editoriales-independientes-tienen-su-encuentro-en-vii-edicion-libre-libro-2021\\\/#breadcrumb\",\"itemListElement\":[{\"@type\":\"ListItem\",\"position\":1,\"name\":\"Inicio\",\"item\":\"https:\\\/\\\/www.uartes.edu.ec\\\/sitio\\\/\"},{\"@type\":\"ListItem\",\"position\":2,\"name\":\"Con la presentaci\u00f3n de la revista Pie de p\u00e1gina 6 y un recital de poes\u00eda se inaugura la VII edici\u00f3n de Libre Libro\"}]},{\"@type\":\"WebSite\",\"@id\":\"https:\\\/\\\/www.uartes.edu.ec\\\/sitio\\\/en\\\/#website\",\"url\":\"https:\\\/\\\/www.uartes.edu.ec\\\/sitio\\\/en\\\/\",\"name\":\"Universidad de las Artes\",\"description\":\"Sitio oficial de la Universidad Nacional de las Artes del Ecuador\",\"publisher\":{\"@id\":\"https:\\\/\\\/www.uartes.edu.ec\\\/sitio\\\/en\\\/#organization\"},\"potentialAction\":[{\"@type\":\"SearchAction\",\"target\":{\"@type\":\"EntryPoint\",\"urlTemplate\":\"https:\\\/\\\/www.uartes.edu.ec\\\/sitio\\\/en\\\/?s={search_term_string}\"},\"query-input\":{\"@type\":\"PropertyValueSpecification\",\"valueRequired\":true,\"valueName\":\"search_term_string\"}}],\"inLanguage\":\"en-US\"},{\"@type\":\"Organization\",\"@id\":\"https:\\\/\\\/www.uartes.edu.ec\\\/sitio\\\/en\\\/#organization\",\"name\":\"Universidad de las Artes\",\"url\":\"https:\\\/\\\/www.uartes.edu.ec\\\/sitio\\\/en\\\/\",\"logo\":{\"@type\":\"ImageObject\",\"inLanguage\":\"en-US\",\"@id\":\"https:\\\/\\\/www.uartes.edu.ec\\\/sitio\\\/en\\\/#\\\/schema\\\/logo\\\/image\\\/\",\"url\":\"https:\\\/\\\/www.uartes.edu.ec\\\/sitio\\\/wp-content\\\/uploads\\\/2022\\\/07\\\/logo-ua-horizontal.png\",\"contentUrl\":\"https:\\\/\\\/www.uartes.edu.ec\\\/sitio\\\/wp-content\\\/uploads\\\/2022\\\/07\\\/logo-ua-horizontal.png\",\"width\":800,\"height\":276,\"caption\":\"Universidad de las Artes\"},\"image\":{\"@id\":\"https:\\\/\\\/www.uartes.edu.ec\\\/sitio\\\/en\\\/#\\\/schema\\\/logo\\\/image\\\/\"},\"sameAs\":[\"https:\\\/\\\/www.facebook.com\\\/uartesec\",\"https:\\\/\\\/x.com\\\/uartesec\",\"https:\\\/\\\/www.tiktok.com\\\/@uartesec\"]},{\"@type\":\"Person\",\"@id\":\"https:\\\/\\\/www.uartes.edu.ec\\\/sitio\\\/en\\\/#\\\/schema\\\/person\\\/efa1b8275797664fd7f13a79ccc0b1f4\",\"name\":\"ccortez\",\"image\":{\"@type\":\"ImageObject\",\"inLanguage\":\"en-US\",\"@id\":\"https:\\\/\\\/secure.gravatar.com\\\/avatar\\\/b2a6f664a3ae8e074346ef91775736c5ec479e637ecced6842de9dc98b5da9cd?s=96&d=mm&r=g\",\"url\":\"https:\\\/\\\/secure.gravatar.com\\\/avatar\\\/b2a6f664a3ae8e074346ef91775736c5ec479e637ecced6842de9dc98b5da9cd?s=96&d=mm&r=g\",\"contentUrl\":\"https:\\\/\\\/secure.gravatar.com\\\/avatar\\\/b2a6f664a3ae8e074346ef91775736c5ec479e637ecced6842de9dc98b5da9cd?s=96&d=mm&r=g\",\"caption\":\"ccortez\"},\"url\":\"https:\\\/\\\/www.uartes.edu.ec\\\/sitio\\\/en\\\/blog\\\/author\\\/ccortez\\\/\"}]}<\/script>\n<!-- \/ Yoast SEO plugin. -->","yoast_head_json":{"title":"Universidad de las Artes - Con la presentaci\u00f3n de la revista Pie de p\u00e1gina 6 y un recital de poes\u00eda se inaugura la VII edici\u00f3n de Libre Libro","description":"Universidad de las Artes - Con la presentaci\u00f3n de la revista Pie de p\u00e1gina 6 y un recital de poes\u00eda se inaugura la VII edici\u00f3n de Libre Libro","robots":{"index":"index","follow":"follow","max-snippet":"max-snippet:-1","max-image-preview":"max-image-preview:large","max-video-preview":"max-video-preview:-1"},"canonical":"https:\/\/www.uartes.edu.ec\/sitio\/en\/blog\/2021\/11\/12\/las-editoriales-independientes-tienen-su-encuentro-en-vii-edicion-libre-libro-2021\/","og_locale":"en_US","og_type":"article","og_title":"Universidad de las Artes - Con la presentaci\u00f3n de la revista Pie de p\u00e1gina 6 y un recital de poes\u00eda se inaugura la VII edici\u00f3n de Libre Libro","og_description":"Universidad de las Artes - Con la presentaci\u00f3n de la revista Pie de p\u00e1gina 6 y un recital de poes\u00eda se inaugura la VII edici\u00f3n de Libre Libro","og_url":"https:\/\/www.uartes.edu.ec\/sitio\/en\/blog\/2021\/11\/12\/las-editoriales-independientes-tienen-su-encuentro-en-vii-edicion-libre-libro-2021\/","og_site_name":"Universidad de las Artes","article_publisher":"https:\/\/www.facebook.com\/uartesec","article_published_time":"2021-11-12T23:11:00+00:00","article_modified_time":"2024-07-04T16:25:24+00:00","og_image":[{"width":2000,"height":1333,"url":"https:\/\/www.uartes.edu.ec\/sitio\/wp-content\/uploads\/2021\/11\/LIBRE-LIBRO-2021-WEB.webp","type":"image\/webp"}],"author":"ccortez","twitter_card":"summary_large_image","twitter_creator":"@uartesec","twitter_site":"@uartesec","twitter_misc":{"Written by":"ccortez","Est. reading time":"4 minutes"},"schema":{"@context":"https:\/\/schema.org","@graph":[{"@type":"Article","@id":"https:\/\/www.uartes.edu.ec\/sitio\/en\/blog\/2021\/11\/12\/las-editoriales-independientes-tienen-su-encuentro-en-vii-edicion-libre-libro-2021\/#article","isPartOf":{"@id":"https:\/\/www.uartes.edu.ec\/sitio\/en\/blog\/2021\/11\/12\/las-editoriales-independientes-tienen-su-encuentro-en-vii-edicion-libre-libro-2021\/"},"author":{"name":"ccortez","@id":"https:\/\/www.uartes.edu.ec\/sitio\/en\/#\/schema\/person\/efa1b8275797664fd7f13a79ccc0b1f4"},"headline":"Con la presentaci\u00f3n de la revista Pie de p\u00e1gina 6 y un recital de poes\u00eda se inaugura la VII edici\u00f3n de Libre Libro","datePublished":"2021-11-12T23:11:00+00:00","dateModified":"2024-07-04T16:25:24+00:00","mainEntityOfPage":{"@id":"https:\/\/www.uartes.edu.ec\/sitio\/en\/blog\/2021\/11\/12\/las-editoriales-independientes-tienen-su-encuentro-en-vii-edicion-libre-libro-2021\/"},"wordCount":804,"commentCount":0,"publisher":{"@id":"https:\/\/www.uartes.edu.ec\/sitio\/en\/#organization"},"image":{"@id":"https:\/\/www.uartes.edu.ec\/sitio\/en\/blog\/2021\/11\/12\/las-editoriales-independientes-tienen-su-encuentro-en-vii-edicion-libre-libro-2021\/#primaryimage"},"thumbnailUrl":"https:\/\/www.uartes.edu.ec\/sitio\/wp-content\/uploads\/2021\/11\/LIBRE-LIBRO-2021-WEB.webp","articleSection":["Artes","Docentes","Estudiantes","Literatura"],"inLanguage":"en-US","potentialAction":[{"@type":"CommentAction","name":"Comment","target":["https:\/\/www.uartes.edu.ec\/sitio\/en\/blog\/2021\/11\/12\/las-editoriales-independientes-tienen-su-encuentro-en-vii-edicion-libre-libro-2021\/#respond"]}]},{"@type":["WebPage","ItemPage"],"@id":"https:\/\/www.uartes.edu.ec\/sitio\/en\/blog\/2021\/11\/12\/las-editoriales-independientes-tienen-su-encuentro-en-vii-edicion-libre-libro-2021\/","url":"https:\/\/www.uartes.edu.ec\/sitio\/en\/blog\/2021\/11\/12\/las-editoriales-independientes-tienen-su-encuentro-en-vii-edicion-libre-libro-2021\/","name":"Universidad de las Artes - Con la presentaci\u00f3n de la revista Pie de p\u00e1gina 6 y un recital de poes\u00eda se inaugura la VII edici\u00f3n de Libre Libro","isPartOf":{"@id":"https:\/\/www.uartes.edu.ec\/sitio\/en\/#website"},"primaryImageOfPage":{"@id":"https:\/\/www.uartes.edu.ec\/sitio\/en\/blog\/2021\/11\/12\/las-editoriales-independientes-tienen-su-encuentro-en-vii-edicion-libre-libro-2021\/#primaryimage"},"image":{"@id":"https:\/\/www.uartes.edu.ec\/sitio\/en\/blog\/2021\/11\/12\/las-editoriales-independientes-tienen-su-encuentro-en-vii-edicion-libre-libro-2021\/#primaryimage"},"thumbnailUrl":"https:\/\/www.uartes.edu.ec\/sitio\/wp-content\/uploads\/2021\/11\/LIBRE-LIBRO-2021-WEB.webp","datePublished":"2021-11-12T23:11:00+00:00","dateModified":"2024-07-04T16:25:24+00:00","description":"Universidad de las Artes - Con la presentaci\u00f3n de la revista Pie de p\u00e1gina 6 y un recital de poes\u00eda se inaugura la VII edici\u00f3n de Libre Libro","breadcrumb":{"@id":"https:\/\/www.uartes.edu.ec\/sitio\/en\/blog\/2021\/11\/12\/las-editoriales-independientes-tienen-su-encuentro-en-vii-edicion-libre-libro-2021\/#breadcrumb"},"inLanguage":"en-US","potentialAction":[{"@type":"ReadAction","target":["https:\/\/www.uartes.edu.ec\/sitio\/en\/blog\/2021\/11\/12\/las-editoriales-independientes-tienen-su-encuentro-en-vii-edicion-libre-libro-2021\/"]}]},{"@type":"ImageObject","inLanguage":"en-US","@id":"https:\/\/www.uartes.edu.ec\/sitio\/en\/blog\/2021\/11\/12\/las-editoriales-independientes-tienen-su-encuentro-en-vii-edicion-libre-libro-2021\/#primaryimage","url":"https:\/\/www.uartes.edu.ec\/sitio\/wp-content\/uploads\/2021\/11\/LIBRE-LIBRO-2021-WEB.webp","contentUrl":"https:\/\/www.uartes.edu.ec\/sitio\/wp-content\/uploads\/2021\/11\/LIBRE-LIBRO-2021-WEB.webp","width":2000,"height":1333},{"@type":"BreadcrumbList","@id":"https:\/\/www.uartes.edu.ec\/sitio\/en\/blog\/2021\/11\/12\/las-editoriales-independientes-tienen-su-encuentro-en-vii-edicion-libre-libro-2021\/#breadcrumb","itemListElement":[{"@type":"ListItem","position":1,"name":"Inicio","item":"https:\/\/www.uartes.edu.ec\/sitio\/"},{"@type":"ListItem","position":2,"name":"Con la presentaci\u00f3n de la revista Pie de p\u00e1gina 6 y un recital de poes\u00eda se inaugura la VII edici\u00f3n de Libre Libro"}]},{"@type":"WebSite","@id":"https:\/\/www.uartes.edu.ec\/sitio\/en\/#website","url":"https:\/\/www.uartes.edu.ec\/sitio\/en\/","name":"Universidad de las Artes","description":"Sitio oficial de la Universidad Nacional de las Artes del Ecuador","publisher":{"@id":"https:\/\/www.uartes.edu.ec\/sitio\/en\/#organization"},"potentialAction":[{"@type":"SearchAction","target":{"@type":"EntryPoint","urlTemplate":"https:\/\/www.uartes.edu.ec\/sitio\/en\/?s={search_term_string}"},"query-input":{"@type":"PropertyValueSpecification","valueRequired":true,"valueName":"search_term_string"}}],"inLanguage":"en-US"},{"@type":"Organization","@id":"https:\/\/www.uartes.edu.ec\/sitio\/en\/#organization","name":"Universidad de las Artes","url":"https:\/\/www.uartes.edu.ec\/sitio\/en\/","logo":{"@type":"ImageObject","inLanguage":"en-US","@id":"https:\/\/www.uartes.edu.ec\/sitio\/en\/#\/schema\/logo\/image\/","url":"https:\/\/www.uartes.edu.ec\/sitio\/wp-content\/uploads\/2022\/07\/logo-ua-horizontal.png","contentUrl":"https:\/\/www.uartes.edu.ec\/sitio\/wp-content\/uploads\/2022\/07\/logo-ua-horizontal.png","width":800,"height":276,"caption":"Universidad de las Artes"},"image":{"@id":"https:\/\/www.uartes.edu.ec\/sitio\/en\/#\/schema\/logo\/image\/"},"sameAs":["https:\/\/www.facebook.com\/uartesec","https:\/\/x.com\/uartesec","https:\/\/www.tiktok.com\/@uartesec"]},{"@type":"Person","@id":"https:\/\/www.uartes.edu.ec\/sitio\/en\/#\/schema\/person\/efa1b8275797664fd7f13a79ccc0b1f4","name":"ccortez","image":{"@type":"ImageObject","inLanguage":"en-US","@id":"https:\/\/secure.gravatar.com\/avatar\/b2a6f664a3ae8e074346ef91775736c5ec479e637ecced6842de9dc98b5da9cd?s=96&d=mm&r=g","url":"https:\/\/secure.gravatar.com\/avatar\/b2a6f664a3ae8e074346ef91775736c5ec479e637ecced6842de9dc98b5da9cd?s=96&d=mm&r=g","contentUrl":"https:\/\/secure.gravatar.com\/avatar\/b2a6f664a3ae8e074346ef91775736c5ec479e637ecced6842de9dc98b5da9cd?s=96&d=mm&r=g","caption":"ccortez"},"url":"https:\/\/www.uartes.edu.ec\/sitio\/en\/blog\/author\/ccortez\/"}]}},"uagb_featured_image_src":{"full":["https:\/\/www.uartes.edu.ec\/sitio\/wp-content\/uploads\/2021\/11\/LIBRE-LIBRO-2021-WEB.webp",2000,1333,false],"thumbnail":["https:\/\/www.uartes.edu.ec\/sitio\/wp-content\/uploads\/2021\/11\/LIBRE-LIBRO-2021-WEB.webp",150,100,false],"medium":["https:\/\/www.uartes.edu.ec\/sitio\/wp-content\/uploads\/2021\/11\/LIBRE-LIBRO-2021-WEB.webp",300,200,false],"medium_large":["https:\/\/www.uartes.edu.ec\/sitio\/wp-content\/uploads\/2021\/11\/LIBRE-LIBRO-2021-WEB.webp",768,512,false],"large":["https:\/\/www.uartes.edu.ec\/sitio\/wp-content\/uploads\/2021\/11\/LIBRE-LIBRO-2021-WEB.webp",644,429,false],"1536x1536":["https:\/\/www.uartes.edu.ec\/sitio\/wp-content\/uploads\/2021\/11\/LIBRE-LIBRO-2021-WEB.webp",1536,1024,false],"2048x2048":["https:\/\/www.uartes.edu.ec\/sitio\/wp-content\/uploads\/2021\/11\/LIBRE-LIBRO-2021-WEB.webp",2000,1333,false],"trp-custom-language-flag":["https:\/\/www.uartes.edu.ec\/sitio\/wp-content\/uploads\/2021\/11\/LIBRE-LIBRO-2021-WEB.webp",18,12,false],"htmega_size_585x295":["https:\/\/www.uartes.edu.ec\/sitio\/wp-content\/uploads\/2021\/11\/LIBRE-LIBRO-2021-WEB.webp",443,295,false],"htmega_size_1170x536":["https:\/\/www.uartes.edu.ec\/sitio\/wp-content\/uploads\/2021\/11\/LIBRE-LIBRO-2021-WEB.webp",804,536,false],"htmega_size_396x360":["https:\/\/www.uartes.edu.ec\/sitio\/wp-content\/uploads\/2021\/11\/LIBRE-LIBRO-2021-WEB.webp",396,264,false],"gb-block-post-grid-landscape":["https:\/\/www.uartes.edu.ec\/sitio\/wp-content\/uploads\/2021\/11\/LIBRE-LIBRO-2021-WEB.webp",600,400,false],"gb-block-post-grid-square":["https:\/\/www.uartes.edu.ec\/sitio\/wp-content\/uploads\/2021\/11\/LIBRE-LIBRO-2021-WEB.webp",600,400,false],"university-hub-thumb":["https:\/\/www.uartes.edu.ec\/sitio\/wp-content\/uploads\/2021\/11\/LIBRE-LIBRO-2021-WEB.webp",400,267,false],"mailpoet_newsletter_max":["https:\/\/www.uartes.edu.ec\/sitio\/wp-content\/uploads\/2021\/11\/LIBRE-LIBRO-2021-WEB.webp",1320,880,false]},"uagb_author_info":{"display_name":"ccortez","author_link":"https:\/\/www.uartes.edu.ec\/sitio\/en\/blog\/author\/ccortez\/"},"uagb_comment_info":0,"uagb_excerpt":"La presentaci\u00f3n del sexto n\u00famero de Pie de p\u00e1gina, la revista literaria de creaci\u00f3n y cr\u00edtica de la Universidad de las Artes, ser\u00e1 parte \u2013junto con un recital de poes\u00eda y la ya tradicional fiesta de disfraces\u2013 del acto inaugural de la VII edici\u00f3n de Libre libro 2021. Est\u00e1 programado para el martes 16 de&hellip;","featured_image_src":"https:\/\/www.uartes.edu.ec\/sitio\/wp-content\/uploads\/2021\/11\/LIBRE-LIBRO-2021-WEB.webp","featured_image_src_square":"https:\/\/www.uartes.edu.ec\/sitio\/wp-content\/uploads\/2021\/11\/LIBRE-LIBRO-2021-WEB.webp","author_info":{"display_name":"ccortez","author_link":"https:\/\/www.uartes.edu.ec\/sitio\/en\/blog\/author\/ccortez\/"},"publishpress_future_workflow_manual_trigger":{"enabledWorkflows":[]},"distributor_meta":false,"distributor_terms":false,"distributor_media":false,"distributor_original_site_name":"Universidad de las Artes","distributor_original_site_url":"https:\/\/www.uartes.edu.ec\/sitio\/en","push-errors":false,"_links":{"self":[{"href":"https:\/\/www.uartes.edu.ec\/sitio\/en\/wp-json\/wp\/v2\/posts\/16645","targetHints":{"allow":["GET"]}}],"collection":[{"href":"https:\/\/www.uartes.edu.ec\/sitio\/en\/wp-json\/wp\/v2\/posts"}],"about":[{"href":"https:\/\/www.uartes.edu.ec\/sitio\/en\/wp-json\/wp\/v2\/types\/post"}],"author":[{"embeddable":true,"href":"https:\/\/www.uartes.edu.ec\/sitio\/en\/wp-json\/wp\/v2\/users\/10"}],"replies":[{"embeddable":true,"href":"https:\/\/www.uartes.edu.ec\/sitio\/en\/wp-json\/wp\/v2\/comments?post=16645"}],"version-history":[{"count":11,"href":"https:\/\/www.uartes.edu.ec\/sitio\/en\/wp-json\/wp\/v2\/posts\/16645\/revisions"}],"predecessor-version":[{"id":37222,"href":"https:\/\/www.uartes.edu.ec\/sitio\/en\/wp-json\/wp\/v2\/posts\/16645\/revisions\/37222"}],"wp:featuredmedia":[{"embeddable":true,"href":"https:\/\/www.uartes.edu.ec\/sitio\/en\/wp-json\/wp\/v2\/media\/16646"}],"wp:attachment":[{"href":"https:\/\/www.uartes.edu.ec\/sitio\/en\/wp-json\/wp\/v2\/media?parent=16645"}],"wp:term":[{"taxonomy":"category","embeddable":true,"href":"https:\/\/www.uartes.edu.ec\/sitio\/en\/wp-json\/wp\/v2\/categories?post=16645"},{"taxonomy":"post_tag","embeddable":true,"href":"https:\/\/www.uartes.edu.ec\/sitio\/en\/wp-json\/wp\/v2\/tags?post=16645"},{"taxonomy":"infouartes","embeddable":true,"href":"https:\/\/www.uartes.edu.ec\/sitio\/en\/wp-json\/wp\/v2\/infouartes?post=16645"}],"curies":[{"name":"wp","href":"https:\/\/api.w.org\/{rel}","templated":true}]}}