{"id":16792,"date":"2021-11-18T18:45:00","date_gmt":"2021-11-18T23:45:00","guid":{"rendered":"http:\/\/www.uartes.edu.ec\/sitio\/?p=16792"},"modified":"2024-07-04T11:25:22","modified_gmt":"2024-07-04T16:25:22","slug":"la-lagartera-sello-discografico-uartes-retomaactividad-con-una-convocatoria-para-producir-4-eps","status":"publish","type":"post","link":"https:\/\/www.uartes.edu.ec\/sitio\/en\/blog\/2021\/11\/18\/la-lagartera-sello-discografico-uartes-retomaactividad-con-una-convocatoria-para-producir-4-eps\/","title":{"rendered":"La LAGARTERA, sello discogr\u00e1fico UArtes, retoma actividad con una convocatoria para producir 4 EP\u00b4s"},"content":{"rendered":"<p>El sello discogr\u00e1fico de la Universidad de las Artes, La LAGARTERA, est\u00e1 de regreso. El lunes 15 de noviembre lanz\u00f3 una convocatoria para producir cuatro EP\u00b4s en los estudios de MZ14 y al d\u00eda siguiente ya m\u00e1s de 30 estudiantes de la Escuela de Artes Sonoras hab\u00edan llenado el respectivo formulario. Los Extended Play ser\u00e1n de m\u00fasica urbana, rock, hip-hop y m\u00fasica de cantautor.<\/p>\n\n\n\n<p>Antonio Cepeda, actual director de La LAGARTERA cont\u00f3 con entusiasmo la acogida del anuncio. Detall\u00f3 que la convocatoria est\u00e1 dirigida a cantantes, instrumentistas y productores, y que se ha conformado un consejo editorial, el cual se encargar\u00e1 de la respectiva selecci\u00f3n del material a producir. La fecha l\u00edmite para postular es el 21 de noviembre.<\/p>\n\n\n\n<p>Tal como se\u00f1ala la convocatoria, quienes deseen presentar sus propuestas deber\u00e1n completar el formulario electr\u00f3nico, adjuntar una muestra del trabajo relacionado al \u00e1rea en la que deseen aplicar. Esta debe ser cargada en la carpeta del EP correspondiente al que desea postular del onedrive.<\/p>\n\n\n\n<p>Cabe indicar que la vigencia de La LAGARTERA se remonta al 13 de abril de 2018 cuando la UArtes realiz\u00f3 la presentaci\u00f3n del primer disco producido en la instituci\u00f3n, <em>EAS 001.<\/em> All\u00ed mismo hizo el lanzamiento del sello discogr\u00e1fico y la propuesta de fomentar con ello las industrias culturales en el pa\u00eds. El tambi\u00e9n docente de la EAS Daniel Orejuela fue su anterior director y durante su gesti\u00f3n se produjeron dos discos y cuatro quedaron por salir.<\/p>\n\n\n\n<p>Esto se debi\u00f3 a la falta de fondos, los cuales siguen siendo escasos. Lo que hab\u00eda se utiliz\u00f3 para crear CD\u00b4s, asegur\u00f3 Cepeda. La pandemia fue tambi\u00e9n causa para que La LAGARTERA detuviera su producci\u00f3n. No obstante, el \u00e1nimo nunca decay\u00f3 y por ello se est\u00e1n retomando las grabaciones y la producci\u00f3n mediante pr\u00e1cticas preprofesionales. Esto significa que ser\u00e1n los alumnos de semestres avanzados quienes, bajo las directrices de los docentes, trabajar\u00e1n el material que sus compa\u00f1eros de carrera y de escuela postulen.<\/p>\n\n\n\n<p>Lo que queremos, refiri\u00f3 Antonio Cepeda, es que La LAGARTERA sea como una disquera, edite contenido y lo suba a los sitios webs, y vincular as\u00ed a los estudiantes con la industria.<\/p>\n\n\n\n<figure class=\"wp-block-image size-large\"><img fetchpriority=\"high\" decoding=\"async\" width=\"644\" height=\"429\" src=\"http:\/\/www.uartes.edu.ec\/sitio\/wp-content\/uploads\/2021\/11\/ANTONIO-CEPEDA-644x429.webp\" alt=\"\" class=\"wp-image-16796\" srcset=\"https:\/\/www.uartes.edu.ec\/sitio\/wp-content\/uploads\/2021\/11\/ANTONIO-CEPEDA-644x429.webp 644w, https:\/\/www.uartes.edu.ec\/sitio\/wp-content\/uploads\/2021\/11\/ANTONIO-CEPEDA-768x511.webp 768w, https:\/\/www.uartes.edu.ec\/sitio\/wp-content\/uploads\/2021\/11\/ANTONIO-CEPEDA.webp 2000w, https:\/\/www.uartes.edu.ec\/sitio\/wp-content\/uploads\/2021\/11\/ANTONIO-CEPEDA-600x399.webp 600w, https:\/\/www.uartes.edu.ec\/sitio\/wp-content\/uploads\/2021\/11\/ANTONIO-CEPEDA-272x182.webp 272w\" sizes=\"(max-width: 644px) 100vw, 644px\" \/><\/figure>\n\n\n\n<p>Con ese prop\u00f3sito ya se analiza con las \u00e1reas legal y financiera de la UArtes una ruta para la institucionalizaci\u00f3n del sello discogr\u00e1fico, a fin de contar con los recursos y una figura legal y financiera que le permita a La LAGARTERA crear contenido y subirlo a los sitios webs. Para comprender su situaci\u00f3n actual, Cepeda explic\u00f3 que, si se quisiera subir material a Spotify, por ejemplo, no tendr\u00eda c\u00f3mo hacerlo porque si recibe recursos a d\u00f3nde ir\u00edan estos, se pregunt\u00f3.<\/p>\n\n\n\n<p>Y mientras se logra la pretendida institucionalizaci\u00f3n, se lanz\u00f3 la convocatoria para producir material discogr\u00e1fico. La selecci\u00f3n la har\u00e1 un consejo editorial, del cual Cepeda, como director del sello discogr\u00e1fico, es miembro.<\/p>\n\n\n\n<p>Vincular a los estudiantes y sus productos con gente de la industria y hacer colaboraciones, que se vean esos v\u00ednculos relevantes y no solo el proceso, que se muestre el talento y el trabajo de los alumnos son algunas de las metas que el nuevo director de La LAGARTERA y su consejo editorial se han marcado. \u201cHemos pensado en invitar a artistas externos de la UArtes para vincular a los estudiantes con quienes ya est\u00e1n metidos en la industria. La idea es que no se quede en lo interno, sino que podamos salir y relacionarnos con la industria\u201d.<\/p>\n\n\n\n<p>Como departamento t\u00e9cnico musical que es, en La LAGARTERA los estudiantes podr\u00e1n aplicar para hacer sus pr\u00e1cticas preprofesionales, en asistencia de producci\u00f3n, mezclas, muestras de audio.<\/p>\n\n\n\n<p>Igualmente han presentado sus proyectos varios docentes. Cepeda coment\u00f3 que \u00e9l ya tiene separadas las fechas para las grabaciones y que espera las decisiones del consejo editorial.<\/p>\n\n\n\n<p>En cuanto a los g\u00e9neros musicales se\u00f1alados en la convocatoria para producir los cuatro EP\u00b4s: m\u00fasica urbana, rock, hip hop y m\u00fasica de cantautor, el docente de la EAS manifest\u00f3 que se determinaron acorde a los intereses de los estudiantes. \u201cHay varios exponentes de rap, bastante gente que hace rock, gente muy interesada en m\u00fasica urbana y tambi\u00e9n cantautores de varios g\u00e9neros, desde el pop. Se pens\u00f3 en los intereses de los alumnos, a fin de que tengan la oportunidad de que sus trabajos puedan ser grabados y producidos profesionalmente\u201d.<\/p>","protected":false},"excerpt":{"rendered":"<p>El sello discogr\u00e1fico de la Universidad de las Artes, La LAGARTERA, est\u00e1 de regreso. El lunes 15 de noviembre lanz\u00f3 una convocatoria para producir cuatro EP\u00b4s en los estudios de MZ14 y al d\u00eda siguiente ya m\u00e1s de 30 estudiantes de la Escuela de Artes Sonoras hab\u00edan llenado el respectivo formulario. Los Extended Play ser\u00e1n de m\u00fasica urbana, rock, hip-hop y m\u00fasica de cantautor.<\/p>","protected":false},"author":10,"featured_media":16797,"comment_status":"open","ping_status":"open","sticky":false,"template":"","format":"standard","meta":{"_acf_changed":false,"_uag_custom_page_level_css":"","_monsterinsights_skip_tracking":false,"_monsterinsights_sitenote_active":false,"_monsterinsights_sitenote_note":"","_monsterinsights_sitenote_category":0,"cybocfi_hide_featured_image":"","footnotes":""},"categories":[75,76,175],"tags":[],"infouartes":[],"class_list":["post-16792","post","type-post","status-publish","format-standard","has-post-thumbnail","hentry","category-docentes","category-estudiantes","category-literatura"],"acf":[],"yoast_head":"<!-- This site is optimized with the Yoast SEO plugin v27.4 - https:\/\/yoast.com\/product\/yoast-seo-wordpress\/ -->\n<title>Universidad de las Artes - La LAGARTERA, sello discogr\u00e1fico UArtes, retoma actividad con una convocatoria para producir 4 EP\u00b4s<\/title>\n<meta name=\"description\" content=\"Universidad de las Artes - La LAGARTERA, sello discogr\u00e1fico UArtes, retoma actividad con una convocatoria para producir 4 EP\u00b4s\" \/>\n<meta name=\"robots\" content=\"index, follow, max-snippet:-1, max-image-preview:large, max-video-preview:-1\" \/>\n<link rel=\"canonical\" href=\"https:\/\/www.uartes.edu.ec\/sitio\/en\/blog\/2021\/11\/18\/la-lagartera-sello-discografico-uartes-retomaactividad-con-una-convocatoria-para-producir-4-eps\/\" \/>\n<meta property=\"og:locale\" content=\"en_US\" \/>\n<meta property=\"og:type\" content=\"article\" \/>\n<meta property=\"og:title\" content=\"Universidad de las Artes - La LAGARTERA, sello discogr\u00e1fico UArtes, retoma actividad con una convocatoria para producir 4 EP\u00b4s\" \/>\n<meta property=\"og:description\" content=\"Universidad de las Artes - La LAGARTERA, sello discogr\u00e1fico UArtes, retoma actividad con una convocatoria para producir 4 EP\u00b4s\" \/>\n<meta property=\"og:url\" content=\"https:\/\/www.uartes.edu.ec\/sitio\/en\/blog\/2021\/11\/18\/la-lagartera-sello-discografico-uartes-retomaactividad-con-una-convocatoria-para-producir-4-eps\/\" \/>\n<meta property=\"og:site_name\" content=\"Universidad de las Artes\" \/>\n<meta property=\"article:publisher\" content=\"https:\/\/www.facebook.com\/uartesec\" \/>\n<meta property=\"article:published_time\" content=\"2021-11-18T23:45:00+00:00\" \/>\n<meta property=\"article:modified_time\" content=\"2024-07-04T16:25:22+00:00\" \/>\n<meta property=\"og:image\" content=\"https:\/\/www.uartes.edu.ec\/sitio\/wp-content\/uploads\/2021\/11\/ANTONIO-CEPEDA-2-1.webp\" \/>\n\t<meta property=\"og:image:width\" content=\"2000\" \/>\n\t<meta property=\"og:image:height\" content=\"1333\" \/>\n\t<meta property=\"og:image:type\" content=\"image\/webp\" \/>\n<meta name=\"author\" content=\"ccortez\" \/>\n<meta name=\"twitter:card\" content=\"summary_large_image\" \/>\n<meta name=\"twitter:creator\" content=\"@uartesec\" \/>\n<meta name=\"twitter:site\" content=\"@uartesec\" \/>\n<meta name=\"twitter:label1\" content=\"Written by\" \/>\n\t<meta name=\"twitter:data1\" content=\"ccortez\" \/>\n\t<meta name=\"twitter:label2\" content=\"Est. reading time\" \/>\n\t<meta name=\"twitter:data2\" content=\"4 minutes\" \/>\n<script type=\"application\/ld+json\" class=\"yoast-schema-graph\">{\"@context\":\"https:\\\/\\\/schema.org\",\"@graph\":[{\"@type\":\"Article\",\"@id\":\"https:\\\/\\\/www.uartes.edu.ec\\\/sitio\\\/en\\\/blog\\\/2021\\\/11\\\/18\\\/la-lagartera-sello-discografico-uartes-retomaactividad-con-una-convocatoria-para-producir-4-eps\\\/#article\",\"isPartOf\":{\"@id\":\"https:\\\/\\\/www.uartes.edu.ec\\\/sitio\\\/en\\\/blog\\\/2021\\\/11\\\/18\\\/la-lagartera-sello-discografico-uartes-retomaactividad-con-una-convocatoria-para-producir-4-eps\\\/\"},\"author\":{\"name\":\"ccortez\",\"@id\":\"https:\\\/\\\/www.uartes.edu.ec\\\/sitio\\\/en\\\/#\\\/schema\\\/person\\\/efa1b8275797664fd7f13a79ccc0b1f4\"},\"headline\":\"La LAGARTERA, sello discogr\u00e1fico UArtes, retoma actividad con una convocatoria para producir 4 EP\u00b4s\",\"datePublished\":\"2021-11-18T23:45:00+00:00\",\"dateModified\":\"2024-07-04T16:25:22+00:00\",\"mainEntityOfPage\":{\"@id\":\"https:\\\/\\\/www.uartes.edu.ec\\\/sitio\\\/en\\\/blog\\\/2021\\\/11\\\/18\\\/la-lagartera-sello-discografico-uartes-retomaactividad-con-una-convocatoria-para-producir-4-eps\\\/\"},\"wordCount\":773,\"commentCount\":0,\"publisher\":{\"@id\":\"https:\\\/\\\/www.uartes.edu.ec\\\/sitio\\\/en\\\/#organization\"},\"image\":{\"@id\":\"https:\\\/\\\/www.uartes.edu.ec\\\/sitio\\\/en\\\/blog\\\/2021\\\/11\\\/18\\\/la-lagartera-sello-discografico-uartes-retomaactividad-con-una-convocatoria-para-producir-4-eps\\\/#primaryimage\"},\"thumbnailUrl\":\"https:\\\/\\\/www.uartes.edu.ec\\\/sitio\\\/wp-content\\\/uploads\\\/2021\\\/11\\\/ANTONIO-CEPEDA-2-1.webp\",\"articleSection\":[\"Docentes\",\"Estudiantes\",\"Literatura\"],\"inLanguage\":\"en-US\",\"potentialAction\":[{\"@type\":\"CommentAction\",\"name\":\"Comment\",\"target\":[\"https:\\\/\\\/www.uartes.edu.ec\\\/sitio\\\/en\\\/blog\\\/2021\\\/11\\\/18\\\/la-lagartera-sello-discografico-uartes-retomaactividad-con-una-convocatoria-para-producir-4-eps\\\/#respond\"]}]},{\"@type\":[\"WebPage\",\"ItemPage\"],\"@id\":\"https:\\\/\\\/www.uartes.edu.ec\\\/sitio\\\/en\\\/blog\\\/2021\\\/11\\\/18\\\/la-lagartera-sello-discografico-uartes-retomaactividad-con-una-convocatoria-para-producir-4-eps\\\/\",\"url\":\"https:\\\/\\\/www.uartes.edu.ec\\\/sitio\\\/en\\\/blog\\\/2021\\\/11\\\/18\\\/la-lagartera-sello-discografico-uartes-retomaactividad-con-una-convocatoria-para-producir-4-eps\\\/\",\"name\":\"Universidad de las Artes - La LAGARTERA, sello discogr\u00e1fico UArtes, retoma actividad con una convocatoria para producir 4 EP\u00b4s\",\"isPartOf\":{\"@id\":\"https:\\\/\\\/www.uartes.edu.ec\\\/sitio\\\/en\\\/#website\"},\"primaryImageOfPage\":{\"@id\":\"https:\\\/\\\/www.uartes.edu.ec\\\/sitio\\\/en\\\/blog\\\/2021\\\/11\\\/18\\\/la-lagartera-sello-discografico-uartes-retomaactividad-con-una-convocatoria-para-producir-4-eps\\\/#primaryimage\"},\"image\":{\"@id\":\"https:\\\/\\\/www.uartes.edu.ec\\\/sitio\\\/en\\\/blog\\\/2021\\\/11\\\/18\\\/la-lagartera-sello-discografico-uartes-retomaactividad-con-una-convocatoria-para-producir-4-eps\\\/#primaryimage\"},\"thumbnailUrl\":\"https:\\\/\\\/www.uartes.edu.ec\\\/sitio\\\/wp-content\\\/uploads\\\/2021\\\/11\\\/ANTONIO-CEPEDA-2-1.webp\",\"datePublished\":\"2021-11-18T23:45:00+00:00\",\"dateModified\":\"2024-07-04T16:25:22+00:00\",\"description\":\"Universidad de las Artes - La LAGARTERA, sello discogr\u00e1fico UArtes, retoma actividad con una convocatoria para producir 4 EP\u00b4s\",\"breadcrumb\":{\"@id\":\"https:\\\/\\\/www.uartes.edu.ec\\\/sitio\\\/en\\\/blog\\\/2021\\\/11\\\/18\\\/la-lagartera-sello-discografico-uartes-retomaactividad-con-una-convocatoria-para-producir-4-eps\\\/#breadcrumb\"},\"inLanguage\":\"en-US\",\"potentialAction\":[{\"@type\":\"ReadAction\",\"target\":[\"https:\\\/\\\/www.uartes.edu.ec\\\/sitio\\\/en\\\/blog\\\/2021\\\/11\\\/18\\\/la-lagartera-sello-discografico-uartes-retomaactividad-con-una-convocatoria-para-producir-4-eps\\\/\"]}]},{\"@type\":\"ImageObject\",\"inLanguage\":\"en-US\",\"@id\":\"https:\\\/\\\/www.uartes.edu.ec\\\/sitio\\\/en\\\/blog\\\/2021\\\/11\\\/18\\\/la-lagartera-sello-discografico-uartes-retomaactividad-con-una-convocatoria-para-producir-4-eps\\\/#primaryimage\",\"url\":\"https:\\\/\\\/www.uartes.edu.ec\\\/sitio\\\/wp-content\\\/uploads\\\/2021\\\/11\\\/ANTONIO-CEPEDA-2-1.webp\",\"contentUrl\":\"https:\\\/\\\/www.uartes.edu.ec\\\/sitio\\\/wp-content\\\/uploads\\\/2021\\\/11\\\/ANTONIO-CEPEDA-2-1.webp\",\"width\":2000,\"height\":1333},{\"@type\":\"BreadcrumbList\",\"@id\":\"https:\\\/\\\/www.uartes.edu.ec\\\/sitio\\\/en\\\/blog\\\/2021\\\/11\\\/18\\\/la-lagartera-sello-discografico-uartes-retomaactividad-con-una-convocatoria-para-producir-4-eps\\\/#breadcrumb\",\"itemListElement\":[{\"@type\":\"ListItem\",\"position\":1,\"name\":\"Inicio\",\"item\":\"https:\\\/\\\/www.uartes.edu.ec\\\/sitio\\\/\"},{\"@type\":\"ListItem\",\"position\":2,\"name\":\"La LAGARTERA, sello discogr\u00e1fico UArtes, retoma actividad con una convocatoria para producir 4 EP\u00b4s\"}]},{\"@type\":\"WebSite\",\"@id\":\"https:\\\/\\\/www.uartes.edu.ec\\\/sitio\\\/en\\\/#website\",\"url\":\"https:\\\/\\\/www.uartes.edu.ec\\\/sitio\\\/en\\\/\",\"name\":\"Universidad de las Artes\",\"description\":\"Sitio oficial de la Universidad Nacional de las Artes del Ecuador\",\"publisher\":{\"@id\":\"https:\\\/\\\/www.uartes.edu.ec\\\/sitio\\\/en\\\/#organization\"},\"potentialAction\":[{\"@type\":\"SearchAction\",\"target\":{\"@type\":\"EntryPoint\",\"urlTemplate\":\"https:\\\/\\\/www.uartes.edu.ec\\\/sitio\\\/en\\\/?s={search_term_string}\"},\"query-input\":{\"@type\":\"PropertyValueSpecification\",\"valueRequired\":true,\"valueName\":\"search_term_string\"}}],\"inLanguage\":\"en-US\"},{\"@type\":\"Organization\",\"@id\":\"https:\\\/\\\/www.uartes.edu.ec\\\/sitio\\\/en\\\/#organization\",\"name\":\"Universidad de las Artes\",\"url\":\"https:\\\/\\\/www.uartes.edu.ec\\\/sitio\\\/en\\\/\",\"logo\":{\"@type\":\"ImageObject\",\"inLanguage\":\"en-US\",\"@id\":\"https:\\\/\\\/www.uartes.edu.ec\\\/sitio\\\/en\\\/#\\\/schema\\\/logo\\\/image\\\/\",\"url\":\"https:\\\/\\\/www.uartes.edu.ec\\\/sitio\\\/wp-content\\\/uploads\\\/2022\\\/07\\\/logo-ua-horizontal.png\",\"contentUrl\":\"https:\\\/\\\/www.uartes.edu.ec\\\/sitio\\\/wp-content\\\/uploads\\\/2022\\\/07\\\/logo-ua-horizontal.png\",\"width\":800,\"height\":276,\"caption\":\"Universidad de las Artes\"},\"image\":{\"@id\":\"https:\\\/\\\/www.uartes.edu.ec\\\/sitio\\\/en\\\/#\\\/schema\\\/logo\\\/image\\\/\"},\"sameAs\":[\"https:\\\/\\\/www.facebook.com\\\/uartesec\",\"https:\\\/\\\/x.com\\\/uartesec\",\"https:\\\/\\\/www.tiktok.com\\\/@uartesec\"]},{\"@type\":\"Person\",\"@id\":\"https:\\\/\\\/www.uartes.edu.ec\\\/sitio\\\/en\\\/#\\\/schema\\\/person\\\/efa1b8275797664fd7f13a79ccc0b1f4\",\"name\":\"ccortez\",\"image\":{\"@type\":\"ImageObject\",\"inLanguage\":\"en-US\",\"@id\":\"https:\\\/\\\/secure.gravatar.com\\\/avatar\\\/b2a6f664a3ae8e074346ef91775736c5ec479e637ecced6842de9dc98b5da9cd?s=96&d=mm&r=g\",\"url\":\"https:\\\/\\\/secure.gravatar.com\\\/avatar\\\/b2a6f664a3ae8e074346ef91775736c5ec479e637ecced6842de9dc98b5da9cd?s=96&d=mm&r=g\",\"contentUrl\":\"https:\\\/\\\/secure.gravatar.com\\\/avatar\\\/b2a6f664a3ae8e074346ef91775736c5ec479e637ecced6842de9dc98b5da9cd?s=96&d=mm&r=g\",\"caption\":\"ccortez\"},\"url\":\"https:\\\/\\\/www.uartes.edu.ec\\\/sitio\\\/en\\\/blog\\\/author\\\/ccortez\\\/\"}]}<\/script>\n<!-- \/ Yoast SEO plugin. -->","yoast_head_json":{"title":"Universidad de las Artes - La LAGARTERA, sello discogr\u00e1fico UArtes, retoma actividad con una convocatoria para producir 4 EP\u00b4s","description":"Universidad de las Artes - La LAGARTERA, sello discogr\u00e1fico UArtes, retoma actividad con una convocatoria para producir 4 EP\u00b4s","robots":{"index":"index","follow":"follow","max-snippet":"max-snippet:-1","max-image-preview":"max-image-preview:large","max-video-preview":"max-video-preview:-1"},"canonical":"https:\/\/www.uartes.edu.ec\/sitio\/en\/blog\/2021\/11\/18\/la-lagartera-sello-discografico-uartes-retomaactividad-con-una-convocatoria-para-producir-4-eps\/","og_locale":"en_US","og_type":"article","og_title":"Universidad de las Artes - La LAGARTERA, sello discogr\u00e1fico UArtes, retoma actividad con una convocatoria para producir 4 EP\u00b4s","og_description":"Universidad de las Artes - La LAGARTERA, sello discogr\u00e1fico UArtes, retoma actividad con una convocatoria para producir 4 EP\u00b4s","og_url":"https:\/\/www.uartes.edu.ec\/sitio\/en\/blog\/2021\/11\/18\/la-lagartera-sello-discografico-uartes-retomaactividad-con-una-convocatoria-para-producir-4-eps\/","og_site_name":"Universidad de las Artes","article_publisher":"https:\/\/www.facebook.com\/uartesec","article_published_time":"2021-11-18T23:45:00+00:00","article_modified_time":"2024-07-04T16:25:22+00:00","og_image":[{"width":2000,"height":1333,"url":"https:\/\/www.uartes.edu.ec\/sitio\/wp-content\/uploads\/2021\/11\/ANTONIO-CEPEDA-2-1.webp","type":"image\/webp"}],"author":"ccortez","twitter_card":"summary_large_image","twitter_creator":"@uartesec","twitter_site":"@uartesec","twitter_misc":{"Written by":"ccortez","Est. reading time":"4 minutes"},"schema":{"@context":"https:\/\/schema.org","@graph":[{"@type":"Article","@id":"https:\/\/www.uartes.edu.ec\/sitio\/en\/blog\/2021\/11\/18\/la-lagartera-sello-discografico-uartes-retomaactividad-con-una-convocatoria-para-producir-4-eps\/#article","isPartOf":{"@id":"https:\/\/www.uartes.edu.ec\/sitio\/en\/blog\/2021\/11\/18\/la-lagartera-sello-discografico-uartes-retomaactividad-con-una-convocatoria-para-producir-4-eps\/"},"author":{"name":"ccortez","@id":"https:\/\/www.uartes.edu.ec\/sitio\/en\/#\/schema\/person\/efa1b8275797664fd7f13a79ccc0b1f4"},"headline":"La LAGARTERA, sello discogr\u00e1fico UArtes, retoma actividad con una convocatoria para producir 4 EP\u00b4s","datePublished":"2021-11-18T23:45:00+00:00","dateModified":"2024-07-04T16:25:22+00:00","mainEntityOfPage":{"@id":"https:\/\/www.uartes.edu.ec\/sitio\/en\/blog\/2021\/11\/18\/la-lagartera-sello-discografico-uartes-retomaactividad-con-una-convocatoria-para-producir-4-eps\/"},"wordCount":773,"commentCount":0,"publisher":{"@id":"https:\/\/www.uartes.edu.ec\/sitio\/en\/#organization"},"image":{"@id":"https:\/\/www.uartes.edu.ec\/sitio\/en\/blog\/2021\/11\/18\/la-lagartera-sello-discografico-uartes-retomaactividad-con-una-convocatoria-para-producir-4-eps\/#primaryimage"},"thumbnailUrl":"https:\/\/www.uartes.edu.ec\/sitio\/wp-content\/uploads\/2021\/11\/ANTONIO-CEPEDA-2-1.webp","articleSection":["Docentes","Estudiantes","Literatura"],"inLanguage":"en-US","potentialAction":[{"@type":"CommentAction","name":"Comment","target":["https:\/\/www.uartes.edu.ec\/sitio\/en\/blog\/2021\/11\/18\/la-lagartera-sello-discografico-uartes-retomaactividad-con-una-convocatoria-para-producir-4-eps\/#respond"]}]},{"@type":["WebPage","ItemPage"],"@id":"https:\/\/www.uartes.edu.ec\/sitio\/en\/blog\/2021\/11\/18\/la-lagartera-sello-discografico-uartes-retomaactividad-con-una-convocatoria-para-producir-4-eps\/","url":"https:\/\/www.uartes.edu.ec\/sitio\/en\/blog\/2021\/11\/18\/la-lagartera-sello-discografico-uartes-retomaactividad-con-una-convocatoria-para-producir-4-eps\/","name":"Universidad de las Artes - La LAGARTERA, sello discogr\u00e1fico UArtes, retoma actividad con una convocatoria para producir 4 EP\u00b4s","isPartOf":{"@id":"https:\/\/www.uartes.edu.ec\/sitio\/en\/#website"},"primaryImageOfPage":{"@id":"https:\/\/www.uartes.edu.ec\/sitio\/en\/blog\/2021\/11\/18\/la-lagartera-sello-discografico-uartes-retomaactividad-con-una-convocatoria-para-producir-4-eps\/#primaryimage"},"image":{"@id":"https:\/\/www.uartes.edu.ec\/sitio\/en\/blog\/2021\/11\/18\/la-lagartera-sello-discografico-uartes-retomaactividad-con-una-convocatoria-para-producir-4-eps\/#primaryimage"},"thumbnailUrl":"https:\/\/www.uartes.edu.ec\/sitio\/wp-content\/uploads\/2021\/11\/ANTONIO-CEPEDA-2-1.webp","datePublished":"2021-11-18T23:45:00+00:00","dateModified":"2024-07-04T16:25:22+00:00","description":"Universidad de las Artes - La LAGARTERA, sello discogr\u00e1fico UArtes, retoma actividad con una convocatoria para producir 4 EP\u00b4s","breadcrumb":{"@id":"https:\/\/www.uartes.edu.ec\/sitio\/en\/blog\/2021\/11\/18\/la-lagartera-sello-discografico-uartes-retomaactividad-con-una-convocatoria-para-producir-4-eps\/#breadcrumb"},"inLanguage":"en-US","potentialAction":[{"@type":"ReadAction","target":["https:\/\/www.uartes.edu.ec\/sitio\/en\/blog\/2021\/11\/18\/la-lagartera-sello-discografico-uartes-retomaactividad-con-una-convocatoria-para-producir-4-eps\/"]}]},{"@type":"ImageObject","inLanguage":"en-US","@id":"https:\/\/www.uartes.edu.ec\/sitio\/en\/blog\/2021\/11\/18\/la-lagartera-sello-discografico-uartes-retomaactividad-con-una-convocatoria-para-producir-4-eps\/#primaryimage","url":"https:\/\/www.uartes.edu.ec\/sitio\/wp-content\/uploads\/2021\/11\/ANTONIO-CEPEDA-2-1.webp","contentUrl":"https:\/\/www.uartes.edu.ec\/sitio\/wp-content\/uploads\/2021\/11\/ANTONIO-CEPEDA-2-1.webp","width":2000,"height":1333},{"@type":"BreadcrumbList","@id":"https:\/\/www.uartes.edu.ec\/sitio\/en\/blog\/2021\/11\/18\/la-lagartera-sello-discografico-uartes-retomaactividad-con-una-convocatoria-para-producir-4-eps\/#breadcrumb","itemListElement":[{"@type":"ListItem","position":1,"name":"Inicio","item":"https:\/\/www.uartes.edu.ec\/sitio\/"},{"@type":"ListItem","position":2,"name":"La LAGARTERA, sello discogr\u00e1fico UArtes, retoma actividad con una convocatoria para producir 4 EP\u00b4s"}]},{"@type":"WebSite","@id":"https:\/\/www.uartes.edu.ec\/sitio\/en\/#website","url":"https:\/\/www.uartes.edu.ec\/sitio\/en\/","name":"Universidad de las Artes","description":"Sitio oficial de la Universidad Nacional de las Artes del Ecuador","publisher":{"@id":"https:\/\/www.uartes.edu.ec\/sitio\/en\/#organization"},"potentialAction":[{"@type":"SearchAction","target":{"@type":"EntryPoint","urlTemplate":"https:\/\/www.uartes.edu.ec\/sitio\/en\/?s={search_term_string}"},"query-input":{"@type":"PropertyValueSpecification","valueRequired":true,"valueName":"search_term_string"}}],"inLanguage":"en-US"},{"@type":"Organization","@id":"https:\/\/www.uartes.edu.ec\/sitio\/en\/#organization","name":"Universidad de las Artes","url":"https:\/\/www.uartes.edu.ec\/sitio\/en\/","logo":{"@type":"ImageObject","inLanguage":"en-US","@id":"https:\/\/www.uartes.edu.ec\/sitio\/en\/#\/schema\/logo\/image\/","url":"https:\/\/www.uartes.edu.ec\/sitio\/wp-content\/uploads\/2022\/07\/logo-ua-horizontal.png","contentUrl":"https:\/\/www.uartes.edu.ec\/sitio\/wp-content\/uploads\/2022\/07\/logo-ua-horizontal.png","width":800,"height":276,"caption":"Universidad de las Artes"},"image":{"@id":"https:\/\/www.uartes.edu.ec\/sitio\/en\/#\/schema\/logo\/image\/"},"sameAs":["https:\/\/www.facebook.com\/uartesec","https:\/\/x.com\/uartesec","https:\/\/www.tiktok.com\/@uartesec"]},{"@type":"Person","@id":"https:\/\/www.uartes.edu.ec\/sitio\/en\/#\/schema\/person\/efa1b8275797664fd7f13a79ccc0b1f4","name":"ccortez","image":{"@type":"ImageObject","inLanguage":"en-US","@id":"https:\/\/secure.gravatar.com\/avatar\/b2a6f664a3ae8e074346ef91775736c5ec479e637ecced6842de9dc98b5da9cd?s=96&d=mm&r=g","url":"https:\/\/secure.gravatar.com\/avatar\/b2a6f664a3ae8e074346ef91775736c5ec479e637ecced6842de9dc98b5da9cd?s=96&d=mm&r=g","contentUrl":"https:\/\/secure.gravatar.com\/avatar\/b2a6f664a3ae8e074346ef91775736c5ec479e637ecced6842de9dc98b5da9cd?s=96&d=mm&r=g","caption":"ccortez"},"url":"https:\/\/www.uartes.edu.ec\/sitio\/en\/blog\/author\/ccortez\/"}]}},"uagb_featured_image_src":{"full":["https:\/\/www.uartes.edu.ec\/sitio\/wp-content\/uploads\/2021\/11\/ANTONIO-CEPEDA-2-1.webp",2000,1333,false],"thumbnail":["https:\/\/www.uartes.edu.ec\/sitio\/wp-content\/uploads\/2021\/11\/ANTONIO-CEPEDA-2-1-150x150.webp",150,150,true],"medium":["https:\/\/www.uartes.edu.ec\/sitio\/wp-content\/uploads\/2021\/11\/ANTONIO-CEPEDA-2-1-300x200.webp",300,200,true],"medium_large":["https:\/\/www.uartes.edu.ec\/sitio\/wp-content\/uploads\/2021\/11\/ANTONIO-CEPEDA-2-1-768x512.webp",768,512,true],"large":["https:\/\/www.uartes.edu.ec\/sitio\/wp-content\/uploads\/2021\/11\/ANTONIO-CEPEDA-2-1-644x429.webp",644,429,true],"1536x1536":["https:\/\/www.uartes.edu.ec\/sitio\/wp-content\/uploads\/2021\/11\/ANTONIO-CEPEDA-2-1-1536x1024.webp",1536,1024,true],"2048x2048":["https:\/\/www.uartes.edu.ec\/sitio\/wp-content\/uploads\/2021\/11\/ANTONIO-CEPEDA-2-1.webp",2000,1333,false],"trp-custom-language-flag":["https:\/\/www.uartes.edu.ec\/sitio\/wp-content\/uploads\/2021\/11\/ANTONIO-CEPEDA-2-1.webp",18,12,false],"htmega_size_585x295":["https:\/\/www.uartes.edu.ec\/sitio\/wp-content\/uploads\/2021\/11\/ANTONIO-CEPEDA-2-1.webp",443,295,false],"htmega_size_1170x536":["https:\/\/www.uartes.edu.ec\/sitio\/wp-content\/uploads\/2021\/11\/ANTONIO-CEPEDA-2-1.webp",804,536,false],"htmega_size_396x360":["https:\/\/www.uartes.edu.ec\/sitio\/wp-content\/uploads\/2021\/11\/ANTONIO-CEPEDA-2-1.webp",396,264,false],"gb-block-post-grid-landscape":["https:\/\/www.uartes.edu.ec\/sitio\/wp-content\/uploads\/2021\/11\/ANTONIO-CEPEDA-2-1.webp",600,400,false],"gb-block-post-grid-square":["https:\/\/www.uartes.edu.ec\/sitio\/wp-content\/uploads\/2021\/11\/ANTONIO-CEPEDA-2-1.webp",600,400,false],"university-hub-thumb":["https:\/\/www.uartes.edu.ec\/sitio\/wp-content\/uploads\/2021\/11\/ANTONIO-CEPEDA-2-1-400x267.webp",400,267,true],"mailpoet_newsletter_max":["https:\/\/www.uartes.edu.ec\/sitio\/wp-content\/uploads\/2021\/11\/ANTONIO-CEPEDA-2-1.webp",1320,880,false]},"uagb_author_info":{"display_name":"ccortez","author_link":"https:\/\/www.uartes.edu.ec\/sitio\/en\/blog\/author\/ccortez\/"},"uagb_comment_info":0,"uagb_excerpt":"El sello discogr\u00e1fico de la Universidad de las Artes, La LAGARTERA, est\u00e1 de regreso. El lunes 15 de noviembre lanz\u00f3 una convocatoria para producir cuatro EP\u00b4s en los estudios de MZ14 y al d\u00eda siguiente ya m\u00e1s de 30 estudiantes de la Escuela de Artes Sonoras hab\u00edan llenado el respectivo formulario. Los Extended Play ser\u00e1n&hellip;","featured_image_src":"https:\/\/www.uartes.edu.ec\/sitio\/wp-content\/uploads\/2021\/11\/ANTONIO-CEPEDA-2-1.webp","featured_image_src_square":"https:\/\/www.uartes.edu.ec\/sitio\/wp-content\/uploads\/2021\/11\/ANTONIO-CEPEDA-2-1.webp","author_info":{"display_name":"ccortez","author_link":"https:\/\/www.uartes.edu.ec\/sitio\/en\/blog\/author\/ccortez\/"},"publishpress_future_workflow_manual_trigger":{"enabledWorkflows":[]},"distributor_meta":false,"distributor_terms":false,"distributor_media":false,"distributor_original_site_name":"Universidad de las Artes","distributor_original_site_url":"https:\/\/www.uartes.edu.ec\/sitio\/en","push-errors":false,"_links":{"self":[{"href":"https:\/\/www.uartes.edu.ec\/sitio\/en\/wp-json\/wp\/v2\/posts\/16792","targetHints":{"allow":["GET"]}}],"collection":[{"href":"https:\/\/www.uartes.edu.ec\/sitio\/en\/wp-json\/wp\/v2\/posts"}],"about":[{"href":"https:\/\/www.uartes.edu.ec\/sitio\/en\/wp-json\/wp\/v2\/types\/post"}],"author":[{"embeddable":true,"href":"https:\/\/www.uartes.edu.ec\/sitio\/en\/wp-json\/wp\/v2\/users\/10"}],"replies":[{"embeddable":true,"href":"https:\/\/www.uartes.edu.ec\/sitio\/en\/wp-json\/wp\/v2\/comments?post=16792"}],"version-history":[{"count":2,"href":"https:\/\/www.uartes.edu.ec\/sitio\/en\/wp-json\/wp\/v2\/posts\/16792\/revisions"}],"predecessor-version":[{"id":16800,"href":"https:\/\/www.uartes.edu.ec\/sitio\/en\/wp-json\/wp\/v2\/posts\/16792\/revisions\/16800"}],"wp:featuredmedia":[{"embeddable":true,"href":"https:\/\/www.uartes.edu.ec\/sitio\/en\/wp-json\/wp\/v2\/media\/16797"}],"wp:attachment":[{"href":"https:\/\/www.uartes.edu.ec\/sitio\/en\/wp-json\/wp\/v2\/media?parent=16792"}],"wp:term":[{"taxonomy":"category","embeddable":true,"href":"https:\/\/www.uartes.edu.ec\/sitio\/en\/wp-json\/wp\/v2\/categories?post=16792"},{"taxonomy":"post_tag","embeddable":true,"href":"https:\/\/www.uartes.edu.ec\/sitio\/en\/wp-json\/wp\/v2\/tags?post=16792"},{"taxonomy":"infouartes","embeddable":true,"href":"https:\/\/www.uartes.edu.ec\/sitio\/en\/wp-json\/wp\/v2\/infouartes?post=16792"}],"curies":[{"name":"wp","href":"https:\/\/api.w.org\/{rel}","templated":true}]}}