{"id":16860,"date":"2021-11-19T18:03:00","date_gmt":"2021-11-19T23:03:00","guid":{"rendered":"http:\/\/www.uartes.edu.ec\/sitio\/?p=16860"},"modified":"2024-07-04T11:25:21","modified_gmt":"2024-07-04T16:25:21","slug":"docente-uartes-angela-arboleda-en-el-teatro-foro-el-expreso-de-la-tarde","status":"publish","type":"post","link":"https:\/\/www.uartes.edu.ec\/sitio\/en\/blog\/2021\/11\/19\/docente-uartes-angela-arboleda-en-el-teatro-foro-el-expreso-de-la-tarde\/","title":{"rendered":"Docente UArtes \u00c1ngela Arboleda, en el teatro foro \u00abEl expreso de la tarde\u00bb"},"content":{"rendered":"<p>El teatro foro \u00abEl expreso de la tarde\u00bb es una de las actividades que, por el D\u00eda Internacional de la Eliminaci\u00f3n de la Violencia contra la Mujer que se recordar\u00e1 este jueves 25 de noviembre, ha programado la Unidad \u00abAmiga Ya No Est\u00e1s Sola\u00bb (AYNES) de la Corporaci\u00f3n para la Seguridad Ciudadana de Guayaquil; participar\u00e1n j\u00f3venes de sectores populares, as\u00ed como entidades e instituciones p\u00fablicas y de la sociedad civil.<\/p>\n\n\n\n<p>\u00c1ngela Arboleda, artista, gestora cultural, docente y estudiante de la Universidad de las Artes, fue convocada por AYNES para participar en los procesos de sensibilizaci\u00f3n con adolescentes y j\u00f3venes, de entre 12 y 20 a\u00f1os. Esto mediante la creaci\u00f3n y presentaci\u00f3n de una obra de teatro, dirigida de manera conjunta con Bel\u00e9n De Santiago, integrante del grupo espa\u00f1ol The Cross Border Project.<\/p>\n\n\n\n<p>El libreto de la obra se basa en una historia real contada durante el proceso de realizaci\u00f3n, en los talleres efectuados con Semillero, un grupo de j\u00f3venes de la Fundaci\u00f3n Hilarte. \u00abEl expreso de la tarde\u00bb en el que interviene la docente de la UArtes se basa en un tipo de montaje que funciona si el p\u00fablico participa, pues es el elemento principal para reflexionar alrededor del conflicto que presenta la historia.<\/p>\n\n\n\n<p>Son alrededor de 1.500 los adolescentes y j\u00f3venes que participar\u00e1n en las catorce funciones que se ofrecer\u00e1n en diversos escenarios y barrios de la ciudad, a fin de promover una reflexi\u00f3n sobre la problem\u00e1tica y actuar frente a un caso concreto. El martes 23 de noviembre, a las 20:00, tendr\u00e1 lugar en el auditorio de MAAC una funci\u00f3n especial, en el marco de la rendici\u00f3n de cuentas de AYNES.<\/p>\n\n\n\n<p>Visibilizar en el debate p\u00fablico y en el quehacer del Estado la problem\u00e1tica de la violencia contra las mujeres basada en el g\u00e9nero, sus causas y consecuencias, es el prop\u00f3sito del teatro foro y de todas las actividades programadas, indican sus organizadores.<\/p>","protected":false},"excerpt":{"rendered":"<p>\u00c1ngela Arboleda, artista, gestora cultural, docente y estudiante de la Universidad de las Artes, participa junto a Bel\u00e9n De Santiago, integrante del grupo espa\u00f1ol The Cross Border Project, en la direcci\u00f3n del teatro foro \u201cEl expreso de la tarde\u201d. Esta es una de las actividades que por el D\u00eda Internacional de la Eliminaci\u00f3n de la Violencia contra la Mujer \u2013que se recordar\u00e1 este jueves 25 de noviembre\u2013 ha programado la Unidad \u201cAmiga Ya No Est\u00e1s Sola\u201d (AYNES) de la Corporaci\u00f3n para la Seguridad Ciudadana de Guayaquil.<\/p>","protected":false},"author":10,"featured_media":16861,"comment_status":"open","ping_status":"open","sticky":false,"template":"","format":"standard","meta":{"_acf_changed":false,"_uag_custom_page_level_css":"","_monsterinsights_skip_tracking":false,"_monsterinsights_sitenote_active":false,"_monsterinsights_sitenote_note":"","_monsterinsights_sitenote_category":0,"cybocfi_hide_featured_image":"","footnotes":""},"categories":[159,75,76],"tags":[554],"infouartes":[],"class_list":["post-16860","post","type-post","status-publish","format-standard","has-post-thumbnail","hentry","category-artes-escenicas","category-docentes","category-estudiantes","tag-teatro-foro-2"],"acf":[],"yoast_head":"<!-- This site is optimized with the Yoast SEO plugin v27.4 - https:\/\/yoast.com\/product\/yoast-seo-wordpress\/ -->\n<title>Universidad de las Artes - Docente UArtes \u00c1ngela Arboleda, en el teatro foro &quot;El expreso de la tarde&quot;<\/title>\n<meta name=\"description\" content=\"Universidad de las Artes - Docente UArtes \u00c1ngela Arboleda, en el teatro foro &quot;El expreso de la tarde&quot;\" \/>\n<meta name=\"robots\" content=\"index, follow, max-snippet:-1, max-image-preview:large, max-video-preview:-1\" \/>\n<link rel=\"canonical\" href=\"https:\/\/www.uartes.edu.ec\/sitio\/en\/blog\/2021\/11\/19\/docente-uartes-angela-arboleda-en-el-teatro-foro-el-expreso-de-la-tarde\/\" \/>\n<meta property=\"og:locale\" content=\"en_US\" \/>\n<meta property=\"og:type\" content=\"article\" \/>\n<meta property=\"og:title\" content=\"Universidad de las Artes - Docente UArtes \u00c1ngela Arboleda, en el teatro foro &quot;El expreso de la tarde&quot;\" \/>\n<meta property=\"og:description\" content=\"Universidad de las Artes - Docente UArtes \u00c1ngela Arboleda, en el teatro foro &quot;El expreso de la tarde&quot;\" \/>\n<meta property=\"og:url\" content=\"https:\/\/www.uartes.edu.ec\/sitio\/en\/blog\/2021\/11\/19\/docente-uartes-angela-arboleda-en-el-teatro-foro-el-expreso-de-la-tarde\/\" \/>\n<meta property=\"og:site_name\" content=\"Universidad de las Artes\" \/>\n<meta property=\"article:publisher\" content=\"https:\/\/www.facebook.com\/uartesec\" \/>\n<meta property=\"article:published_time\" content=\"2021-11-19T23:03:00+00:00\" \/>\n<meta property=\"article:modified_time\" content=\"2024-07-04T16:25:21+00:00\" \/>\n<meta property=\"og:image\" content=\"https:\/\/www.uartes.edu.ec\/sitio\/wp-content\/uploads\/2021\/11\/ANGELA-ARBOLEDA-WEB.webp\" \/>\n\t<meta property=\"og:image:width\" content=\"2000\" \/>\n\t<meta property=\"og:image:height\" content=\"1333\" \/>\n\t<meta property=\"og:image:type\" content=\"image\/webp\" \/>\n<meta name=\"author\" content=\"ccortez\" \/>\n<meta name=\"twitter:card\" content=\"summary_large_image\" \/>\n<meta name=\"twitter:creator\" content=\"@uartesec\" \/>\n<meta name=\"twitter:site\" content=\"@uartesec\" \/>\n<meta name=\"twitter:label1\" content=\"Written by\" \/>\n\t<meta name=\"twitter:data1\" content=\"ccortez\" \/>\n\t<meta name=\"twitter:label2\" content=\"Est. reading time\" \/>\n\t<meta name=\"twitter:data2\" content=\"2 minutes\" \/>\n<script type=\"application\/ld+json\" class=\"yoast-schema-graph\">{\"@context\":\"https:\\\/\\\/schema.org\",\"@graph\":[{\"@type\":\"Article\",\"@id\":\"https:\\\/\\\/www.uartes.edu.ec\\\/sitio\\\/en\\\/blog\\\/2021\\\/11\\\/19\\\/docente-uartes-angela-arboleda-en-el-teatro-foro-el-expreso-de-la-tarde\\\/#article\",\"isPartOf\":{\"@id\":\"https:\\\/\\\/www.uartes.edu.ec\\\/sitio\\\/en\\\/blog\\\/2021\\\/11\\\/19\\\/docente-uartes-angela-arboleda-en-el-teatro-foro-el-expreso-de-la-tarde\\\/\"},\"author\":{\"name\":\"ccortez\",\"@id\":\"https:\\\/\\\/www.uartes.edu.ec\\\/sitio\\\/en\\\/#\\\/schema\\\/person\\\/efa1b8275797664fd7f13a79ccc0b1f4\"},\"headline\":\"Docente UArtes \u00c1ngela Arboleda, en el teatro foro \u00abEl expreso de la tarde\u00bb\",\"datePublished\":\"2021-11-19T23:03:00+00:00\",\"dateModified\":\"2024-07-04T16:25:21+00:00\",\"mainEntityOfPage\":{\"@id\":\"https:\\\/\\\/www.uartes.edu.ec\\\/sitio\\\/en\\\/blog\\\/2021\\\/11\\\/19\\\/docente-uartes-angela-arboleda-en-el-teatro-foro-el-expreso-de-la-tarde\\\/\"},\"wordCount\":351,\"commentCount\":0,\"publisher\":{\"@id\":\"https:\\\/\\\/www.uartes.edu.ec\\\/sitio\\\/en\\\/#organization\"},\"image\":{\"@id\":\"https:\\\/\\\/www.uartes.edu.ec\\\/sitio\\\/en\\\/blog\\\/2021\\\/11\\\/19\\\/docente-uartes-angela-arboleda-en-el-teatro-foro-el-expreso-de-la-tarde\\\/#primaryimage\"},\"thumbnailUrl\":\"https:\\\/\\\/www.uartes.edu.ec\\\/sitio\\\/wp-content\\\/uploads\\\/2021\\\/11\\\/ANGELA-ARBOLEDA-WEB.webp\",\"keywords\":[\"teatro foro\"],\"articleSection\":[\"Artes Esc\u00e9nicas\",\"Docentes\",\"Estudiantes\"],\"inLanguage\":\"en-US\",\"potentialAction\":[{\"@type\":\"CommentAction\",\"name\":\"Comment\",\"target\":[\"https:\\\/\\\/www.uartes.edu.ec\\\/sitio\\\/en\\\/blog\\\/2021\\\/11\\\/19\\\/docente-uartes-angela-arboleda-en-el-teatro-foro-el-expreso-de-la-tarde\\\/#respond\"]}]},{\"@type\":[\"WebPage\",\"ItemPage\"],\"@id\":\"https:\\\/\\\/www.uartes.edu.ec\\\/sitio\\\/en\\\/blog\\\/2021\\\/11\\\/19\\\/docente-uartes-angela-arboleda-en-el-teatro-foro-el-expreso-de-la-tarde\\\/\",\"url\":\"https:\\\/\\\/www.uartes.edu.ec\\\/sitio\\\/en\\\/blog\\\/2021\\\/11\\\/19\\\/docente-uartes-angela-arboleda-en-el-teatro-foro-el-expreso-de-la-tarde\\\/\",\"name\":\"Universidad de las Artes - Docente UArtes \u00c1ngela Arboleda, en el teatro foro \\\"El expreso de la tarde\\\"\",\"isPartOf\":{\"@id\":\"https:\\\/\\\/www.uartes.edu.ec\\\/sitio\\\/en\\\/#website\"},\"primaryImageOfPage\":{\"@id\":\"https:\\\/\\\/www.uartes.edu.ec\\\/sitio\\\/en\\\/blog\\\/2021\\\/11\\\/19\\\/docente-uartes-angela-arboleda-en-el-teatro-foro-el-expreso-de-la-tarde\\\/#primaryimage\"},\"image\":{\"@id\":\"https:\\\/\\\/www.uartes.edu.ec\\\/sitio\\\/en\\\/blog\\\/2021\\\/11\\\/19\\\/docente-uartes-angela-arboleda-en-el-teatro-foro-el-expreso-de-la-tarde\\\/#primaryimage\"},\"thumbnailUrl\":\"https:\\\/\\\/www.uartes.edu.ec\\\/sitio\\\/wp-content\\\/uploads\\\/2021\\\/11\\\/ANGELA-ARBOLEDA-WEB.webp\",\"datePublished\":\"2021-11-19T23:03:00+00:00\",\"dateModified\":\"2024-07-04T16:25:21+00:00\",\"description\":\"Universidad de las Artes - Docente UArtes \u00c1ngela Arboleda, en el teatro foro \\\"El expreso de la tarde\\\"\",\"breadcrumb\":{\"@id\":\"https:\\\/\\\/www.uartes.edu.ec\\\/sitio\\\/en\\\/blog\\\/2021\\\/11\\\/19\\\/docente-uartes-angela-arboleda-en-el-teatro-foro-el-expreso-de-la-tarde\\\/#breadcrumb\"},\"inLanguage\":\"en-US\",\"potentialAction\":[{\"@type\":\"ReadAction\",\"target\":[\"https:\\\/\\\/www.uartes.edu.ec\\\/sitio\\\/en\\\/blog\\\/2021\\\/11\\\/19\\\/docente-uartes-angela-arboleda-en-el-teatro-foro-el-expreso-de-la-tarde\\\/\"]}]},{\"@type\":\"ImageObject\",\"inLanguage\":\"en-US\",\"@id\":\"https:\\\/\\\/www.uartes.edu.ec\\\/sitio\\\/en\\\/blog\\\/2021\\\/11\\\/19\\\/docente-uartes-angela-arboleda-en-el-teatro-foro-el-expreso-de-la-tarde\\\/#primaryimage\",\"url\":\"https:\\\/\\\/www.uartes.edu.ec\\\/sitio\\\/wp-content\\\/uploads\\\/2021\\\/11\\\/ANGELA-ARBOLEDA-WEB.webp\",\"contentUrl\":\"https:\\\/\\\/www.uartes.edu.ec\\\/sitio\\\/wp-content\\\/uploads\\\/2021\\\/11\\\/ANGELA-ARBOLEDA-WEB.webp\",\"width\":2000,\"height\":1333},{\"@type\":\"BreadcrumbList\",\"@id\":\"https:\\\/\\\/www.uartes.edu.ec\\\/sitio\\\/en\\\/blog\\\/2021\\\/11\\\/19\\\/docente-uartes-angela-arboleda-en-el-teatro-foro-el-expreso-de-la-tarde\\\/#breadcrumb\",\"itemListElement\":[{\"@type\":\"ListItem\",\"position\":1,\"name\":\"Inicio\",\"item\":\"https:\\\/\\\/www.uartes.edu.ec\\\/sitio\\\/\"},{\"@type\":\"ListItem\",\"position\":2,\"name\":\"Docente UArtes \u00c1ngela Arboleda, en el teatro foro \u00abEl expreso de la tarde\u00bb\"}]},{\"@type\":\"WebSite\",\"@id\":\"https:\\\/\\\/www.uartes.edu.ec\\\/sitio\\\/en\\\/#website\",\"url\":\"https:\\\/\\\/www.uartes.edu.ec\\\/sitio\\\/en\\\/\",\"name\":\"Universidad de las Artes\",\"description\":\"Sitio oficial de la Universidad Nacional de las Artes del Ecuador\",\"publisher\":{\"@id\":\"https:\\\/\\\/www.uartes.edu.ec\\\/sitio\\\/en\\\/#organization\"},\"potentialAction\":[{\"@type\":\"SearchAction\",\"target\":{\"@type\":\"EntryPoint\",\"urlTemplate\":\"https:\\\/\\\/www.uartes.edu.ec\\\/sitio\\\/en\\\/?s={search_term_string}\"},\"query-input\":{\"@type\":\"PropertyValueSpecification\",\"valueRequired\":true,\"valueName\":\"search_term_string\"}}],\"inLanguage\":\"en-US\"},{\"@type\":\"Organization\",\"@id\":\"https:\\\/\\\/www.uartes.edu.ec\\\/sitio\\\/en\\\/#organization\",\"name\":\"Universidad de las Artes\",\"url\":\"https:\\\/\\\/www.uartes.edu.ec\\\/sitio\\\/en\\\/\",\"logo\":{\"@type\":\"ImageObject\",\"inLanguage\":\"en-US\",\"@id\":\"https:\\\/\\\/www.uartes.edu.ec\\\/sitio\\\/en\\\/#\\\/schema\\\/logo\\\/image\\\/\",\"url\":\"https:\\\/\\\/www.uartes.edu.ec\\\/sitio\\\/wp-content\\\/uploads\\\/2022\\\/07\\\/logo-ua-horizontal.png\",\"contentUrl\":\"https:\\\/\\\/www.uartes.edu.ec\\\/sitio\\\/wp-content\\\/uploads\\\/2022\\\/07\\\/logo-ua-horizontal.png\",\"width\":800,\"height\":276,\"caption\":\"Universidad de las Artes\"},\"image\":{\"@id\":\"https:\\\/\\\/www.uartes.edu.ec\\\/sitio\\\/en\\\/#\\\/schema\\\/logo\\\/image\\\/\"},\"sameAs\":[\"https:\\\/\\\/www.facebook.com\\\/uartesec\",\"https:\\\/\\\/x.com\\\/uartesec\",\"https:\\\/\\\/www.tiktok.com\\\/@uartesec\"]},{\"@type\":\"Person\",\"@id\":\"https:\\\/\\\/www.uartes.edu.ec\\\/sitio\\\/en\\\/#\\\/schema\\\/person\\\/efa1b8275797664fd7f13a79ccc0b1f4\",\"name\":\"ccortez\",\"image\":{\"@type\":\"ImageObject\",\"inLanguage\":\"en-US\",\"@id\":\"https:\\\/\\\/secure.gravatar.com\\\/avatar\\\/b2a6f664a3ae8e074346ef91775736c5ec479e637ecced6842de9dc98b5da9cd?s=96&d=mm&r=g\",\"url\":\"https:\\\/\\\/secure.gravatar.com\\\/avatar\\\/b2a6f664a3ae8e074346ef91775736c5ec479e637ecced6842de9dc98b5da9cd?s=96&d=mm&r=g\",\"contentUrl\":\"https:\\\/\\\/secure.gravatar.com\\\/avatar\\\/b2a6f664a3ae8e074346ef91775736c5ec479e637ecced6842de9dc98b5da9cd?s=96&d=mm&r=g\",\"caption\":\"ccortez\"},\"url\":\"https:\\\/\\\/www.uartes.edu.ec\\\/sitio\\\/en\\\/blog\\\/author\\\/ccortez\\\/\"}]}<\/script>\n<!-- \/ Yoast SEO plugin. -->","yoast_head_json":{"title":"Universidad de las Artes - Docente UArtes \u00c1ngela Arboleda, en el teatro foro \"El expreso de la tarde\"","description":"Universidad de las Artes - Docente UArtes \u00c1ngela Arboleda, en el teatro foro \"El expreso de la tarde\"","robots":{"index":"index","follow":"follow","max-snippet":"max-snippet:-1","max-image-preview":"max-image-preview:large","max-video-preview":"max-video-preview:-1"},"canonical":"https:\/\/www.uartes.edu.ec\/sitio\/en\/blog\/2021\/11\/19\/docente-uartes-angela-arboleda-en-el-teatro-foro-el-expreso-de-la-tarde\/","og_locale":"en_US","og_type":"article","og_title":"Universidad de las Artes - Docente UArtes \u00c1ngela Arboleda, en el teatro foro \"El expreso de la tarde\"","og_description":"Universidad de las Artes - Docente UArtes \u00c1ngela Arboleda, en el teatro foro \"El expreso de la tarde\"","og_url":"https:\/\/www.uartes.edu.ec\/sitio\/en\/blog\/2021\/11\/19\/docente-uartes-angela-arboleda-en-el-teatro-foro-el-expreso-de-la-tarde\/","og_site_name":"Universidad de las Artes","article_publisher":"https:\/\/www.facebook.com\/uartesec","article_published_time":"2021-11-19T23:03:00+00:00","article_modified_time":"2024-07-04T16:25:21+00:00","og_image":[{"width":2000,"height":1333,"url":"https:\/\/www.uartes.edu.ec\/sitio\/wp-content\/uploads\/2021\/11\/ANGELA-ARBOLEDA-WEB.webp","type":"image\/webp"}],"author":"ccortez","twitter_card":"summary_large_image","twitter_creator":"@uartesec","twitter_site":"@uartesec","twitter_misc":{"Written by":"ccortez","Est. reading time":"2 minutes"},"schema":{"@context":"https:\/\/schema.org","@graph":[{"@type":"Article","@id":"https:\/\/www.uartes.edu.ec\/sitio\/en\/blog\/2021\/11\/19\/docente-uartes-angela-arboleda-en-el-teatro-foro-el-expreso-de-la-tarde\/#article","isPartOf":{"@id":"https:\/\/www.uartes.edu.ec\/sitio\/en\/blog\/2021\/11\/19\/docente-uartes-angela-arboleda-en-el-teatro-foro-el-expreso-de-la-tarde\/"},"author":{"name":"ccortez","@id":"https:\/\/www.uartes.edu.ec\/sitio\/en\/#\/schema\/person\/efa1b8275797664fd7f13a79ccc0b1f4"},"headline":"Docente UArtes \u00c1ngela Arboleda, en el teatro foro \u00abEl expreso de la tarde\u00bb","datePublished":"2021-11-19T23:03:00+00:00","dateModified":"2024-07-04T16:25:21+00:00","mainEntityOfPage":{"@id":"https:\/\/www.uartes.edu.ec\/sitio\/en\/blog\/2021\/11\/19\/docente-uartes-angela-arboleda-en-el-teatro-foro-el-expreso-de-la-tarde\/"},"wordCount":351,"commentCount":0,"publisher":{"@id":"https:\/\/www.uartes.edu.ec\/sitio\/en\/#organization"},"image":{"@id":"https:\/\/www.uartes.edu.ec\/sitio\/en\/blog\/2021\/11\/19\/docente-uartes-angela-arboleda-en-el-teatro-foro-el-expreso-de-la-tarde\/#primaryimage"},"thumbnailUrl":"https:\/\/www.uartes.edu.ec\/sitio\/wp-content\/uploads\/2021\/11\/ANGELA-ARBOLEDA-WEB.webp","keywords":["teatro foro"],"articleSection":["Artes Esc\u00e9nicas","Docentes","Estudiantes"],"inLanguage":"en-US","potentialAction":[{"@type":"CommentAction","name":"Comment","target":["https:\/\/www.uartes.edu.ec\/sitio\/en\/blog\/2021\/11\/19\/docente-uartes-angela-arboleda-en-el-teatro-foro-el-expreso-de-la-tarde\/#respond"]}]},{"@type":["WebPage","ItemPage"],"@id":"https:\/\/www.uartes.edu.ec\/sitio\/en\/blog\/2021\/11\/19\/docente-uartes-angela-arboleda-en-el-teatro-foro-el-expreso-de-la-tarde\/","url":"https:\/\/www.uartes.edu.ec\/sitio\/en\/blog\/2021\/11\/19\/docente-uartes-angela-arboleda-en-el-teatro-foro-el-expreso-de-la-tarde\/","name":"Universidad de las Artes - Docente UArtes \u00c1ngela Arboleda, en el teatro foro \"El expreso de la tarde\"","isPartOf":{"@id":"https:\/\/www.uartes.edu.ec\/sitio\/en\/#website"},"primaryImageOfPage":{"@id":"https:\/\/www.uartes.edu.ec\/sitio\/en\/blog\/2021\/11\/19\/docente-uartes-angela-arboleda-en-el-teatro-foro-el-expreso-de-la-tarde\/#primaryimage"},"image":{"@id":"https:\/\/www.uartes.edu.ec\/sitio\/en\/blog\/2021\/11\/19\/docente-uartes-angela-arboleda-en-el-teatro-foro-el-expreso-de-la-tarde\/#primaryimage"},"thumbnailUrl":"https:\/\/www.uartes.edu.ec\/sitio\/wp-content\/uploads\/2021\/11\/ANGELA-ARBOLEDA-WEB.webp","datePublished":"2021-11-19T23:03:00+00:00","dateModified":"2024-07-04T16:25:21+00:00","description":"Universidad de las Artes - Docente UArtes \u00c1ngela Arboleda, en el teatro foro \"El expreso de la tarde\"","breadcrumb":{"@id":"https:\/\/www.uartes.edu.ec\/sitio\/en\/blog\/2021\/11\/19\/docente-uartes-angela-arboleda-en-el-teatro-foro-el-expreso-de-la-tarde\/#breadcrumb"},"inLanguage":"en-US","potentialAction":[{"@type":"ReadAction","target":["https:\/\/www.uartes.edu.ec\/sitio\/en\/blog\/2021\/11\/19\/docente-uartes-angela-arboleda-en-el-teatro-foro-el-expreso-de-la-tarde\/"]}]},{"@type":"ImageObject","inLanguage":"en-US","@id":"https:\/\/www.uartes.edu.ec\/sitio\/en\/blog\/2021\/11\/19\/docente-uartes-angela-arboleda-en-el-teatro-foro-el-expreso-de-la-tarde\/#primaryimage","url":"https:\/\/www.uartes.edu.ec\/sitio\/wp-content\/uploads\/2021\/11\/ANGELA-ARBOLEDA-WEB.webp","contentUrl":"https:\/\/www.uartes.edu.ec\/sitio\/wp-content\/uploads\/2021\/11\/ANGELA-ARBOLEDA-WEB.webp","width":2000,"height":1333},{"@type":"BreadcrumbList","@id":"https:\/\/www.uartes.edu.ec\/sitio\/en\/blog\/2021\/11\/19\/docente-uartes-angela-arboleda-en-el-teatro-foro-el-expreso-de-la-tarde\/#breadcrumb","itemListElement":[{"@type":"ListItem","position":1,"name":"Inicio","item":"https:\/\/www.uartes.edu.ec\/sitio\/"},{"@type":"ListItem","position":2,"name":"Docente UArtes \u00c1ngela Arboleda, en el teatro foro \u00abEl expreso de la tarde\u00bb"}]},{"@type":"WebSite","@id":"https:\/\/www.uartes.edu.ec\/sitio\/en\/#website","url":"https:\/\/www.uartes.edu.ec\/sitio\/en\/","name":"Universidad de las Artes","description":"Sitio oficial de la Universidad Nacional de las Artes del Ecuador","publisher":{"@id":"https:\/\/www.uartes.edu.ec\/sitio\/en\/#organization"},"potentialAction":[{"@type":"SearchAction","target":{"@type":"EntryPoint","urlTemplate":"https:\/\/www.uartes.edu.ec\/sitio\/en\/?s={search_term_string}"},"query-input":{"@type":"PropertyValueSpecification","valueRequired":true,"valueName":"search_term_string"}}],"inLanguage":"en-US"},{"@type":"Organization","@id":"https:\/\/www.uartes.edu.ec\/sitio\/en\/#organization","name":"Universidad de las Artes","url":"https:\/\/www.uartes.edu.ec\/sitio\/en\/","logo":{"@type":"ImageObject","inLanguage":"en-US","@id":"https:\/\/www.uartes.edu.ec\/sitio\/en\/#\/schema\/logo\/image\/","url":"https:\/\/www.uartes.edu.ec\/sitio\/wp-content\/uploads\/2022\/07\/logo-ua-horizontal.png","contentUrl":"https:\/\/www.uartes.edu.ec\/sitio\/wp-content\/uploads\/2022\/07\/logo-ua-horizontal.png","width":800,"height":276,"caption":"Universidad de las Artes"},"image":{"@id":"https:\/\/www.uartes.edu.ec\/sitio\/en\/#\/schema\/logo\/image\/"},"sameAs":["https:\/\/www.facebook.com\/uartesec","https:\/\/x.com\/uartesec","https:\/\/www.tiktok.com\/@uartesec"]},{"@type":"Person","@id":"https:\/\/www.uartes.edu.ec\/sitio\/en\/#\/schema\/person\/efa1b8275797664fd7f13a79ccc0b1f4","name":"ccortez","image":{"@type":"ImageObject","inLanguage":"en-US","@id":"https:\/\/secure.gravatar.com\/avatar\/b2a6f664a3ae8e074346ef91775736c5ec479e637ecced6842de9dc98b5da9cd?s=96&d=mm&r=g","url":"https:\/\/secure.gravatar.com\/avatar\/b2a6f664a3ae8e074346ef91775736c5ec479e637ecced6842de9dc98b5da9cd?s=96&d=mm&r=g","contentUrl":"https:\/\/secure.gravatar.com\/avatar\/b2a6f664a3ae8e074346ef91775736c5ec479e637ecced6842de9dc98b5da9cd?s=96&d=mm&r=g","caption":"ccortez"},"url":"https:\/\/www.uartes.edu.ec\/sitio\/en\/blog\/author\/ccortez\/"}]}},"uagb_featured_image_src":{"full":["https:\/\/www.uartes.edu.ec\/sitio\/wp-content\/uploads\/2021\/11\/ANGELA-ARBOLEDA-WEB.webp",2000,1333,false],"thumbnail":["https:\/\/www.uartes.edu.ec\/sitio\/wp-content\/uploads\/2021\/11\/ANGELA-ARBOLEDA-WEB-150x150.webp",150,150,true],"medium":["https:\/\/www.uartes.edu.ec\/sitio\/wp-content\/uploads\/2021\/11\/ANGELA-ARBOLEDA-WEB-300x200.webp",300,200,true],"medium_large":["https:\/\/www.uartes.edu.ec\/sitio\/wp-content\/uploads\/2021\/11\/ANGELA-ARBOLEDA-WEB-768x512.webp",768,512,true],"large":["https:\/\/www.uartes.edu.ec\/sitio\/wp-content\/uploads\/2021\/11\/ANGELA-ARBOLEDA-WEB-644x429.webp",644,429,true],"1536x1536":["https:\/\/www.uartes.edu.ec\/sitio\/wp-content\/uploads\/2021\/11\/ANGELA-ARBOLEDA-WEB-1536x1024.webp",1536,1024,true],"2048x2048":["https:\/\/www.uartes.edu.ec\/sitio\/wp-content\/uploads\/2021\/11\/ANGELA-ARBOLEDA-WEB.webp",2000,1333,false],"trp-custom-language-flag":["https:\/\/www.uartes.edu.ec\/sitio\/wp-content\/uploads\/2021\/11\/ANGELA-ARBOLEDA-WEB.webp",18,12,false],"htmega_size_585x295":["https:\/\/www.uartes.edu.ec\/sitio\/wp-content\/uploads\/2021\/11\/ANGELA-ARBOLEDA-WEB.webp",443,295,false],"htmega_size_1170x536":["https:\/\/www.uartes.edu.ec\/sitio\/wp-content\/uploads\/2021\/11\/ANGELA-ARBOLEDA-WEB.webp",804,536,false],"htmega_size_396x360":["https:\/\/www.uartes.edu.ec\/sitio\/wp-content\/uploads\/2021\/11\/ANGELA-ARBOLEDA-WEB.webp",396,264,false],"gb-block-post-grid-landscape":["https:\/\/www.uartes.edu.ec\/sitio\/wp-content\/uploads\/2021\/11\/ANGELA-ARBOLEDA-WEB-600x400.webp",600,400,true],"gb-block-post-grid-square":["https:\/\/www.uartes.edu.ec\/sitio\/wp-content\/uploads\/2021\/11\/ANGELA-ARBOLEDA-WEB-600x600.webp",600,600,true],"university-hub-thumb":["https:\/\/www.uartes.edu.ec\/sitio\/wp-content\/uploads\/2021\/11\/ANGELA-ARBOLEDA-WEB-400x267.webp",400,267,true],"mailpoet_newsletter_max":["https:\/\/www.uartes.edu.ec\/sitio\/wp-content\/uploads\/2021\/11\/ANGELA-ARBOLEDA-WEB.webp",1320,880,false]},"uagb_author_info":{"display_name":"ccortez","author_link":"https:\/\/www.uartes.edu.ec\/sitio\/en\/blog\/author\/ccortez\/"},"uagb_comment_info":0,"uagb_excerpt":"\u00c1ngela Arboleda, artista, gestora cultural, docente y estudiante de la Universidad de las Artes, participa junto a Bel\u00e9n De Santiago, integrante del grupo espa\u00f1ol The Cross Border Project, en la direcci\u00f3n del teatro foro \u201cEl expreso de la tarde\u201d. Esta es una de las actividades que por el D\u00eda Internacional de la Eliminaci\u00f3n de la&hellip;","featured_image_src":"https:\/\/www.uartes.edu.ec\/sitio\/wp-content\/uploads\/2021\/11\/ANGELA-ARBOLEDA-WEB-600x400.webp","featured_image_src_square":"https:\/\/www.uartes.edu.ec\/sitio\/wp-content\/uploads\/2021\/11\/ANGELA-ARBOLEDA-WEB-600x600.webp","author_info":{"display_name":"ccortez","author_link":"https:\/\/www.uartes.edu.ec\/sitio\/en\/blog\/author\/ccortez\/"},"publishpress_future_workflow_manual_trigger":{"enabledWorkflows":[]},"distributor_meta":false,"distributor_terms":false,"distributor_media":false,"distributor_original_site_name":"Universidad de las Artes","distributor_original_site_url":"https:\/\/www.uartes.edu.ec\/sitio\/en","push-errors":false,"_links":{"self":[{"href":"https:\/\/www.uartes.edu.ec\/sitio\/en\/wp-json\/wp\/v2\/posts\/16860","targetHints":{"allow":["GET"]}}],"collection":[{"href":"https:\/\/www.uartes.edu.ec\/sitio\/en\/wp-json\/wp\/v2\/posts"}],"about":[{"href":"https:\/\/www.uartes.edu.ec\/sitio\/en\/wp-json\/wp\/v2\/types\/post"}],"author":[{"embeddable":true,"href":"https:\/\/www.uartes.edu.ec\/sitio\/en\/wp-json\/wp\/v2\/users\/10"}],"replies":[{"embeddable":true,"href":"https:\/\/www.uartes.edu.ec\/sitio\/en\/wp-json\/wp\/v2\/comments?post=16860"}],"version-history":[{"count":2,"href":"https:\/\/www.uartes.edu.ec\/sitio\/en\/wp-json\/wp\/v2\/posts\/16860\/revisions"}],"predecessor-version":[{"id":16864,"href":"https:\/\/www.uartes.edu.ec\/sitio\/en\/wp-json\/wp\/v2\/posts\/16860\/revisions\/16864"}],"wp:featuredmedia":[{"embeddable":true,"href":"https:\/\/www.uartes.edu.ec\/sitio\/en\/wp-json\/wp\/v2\/media\/16861"}],"wp:attachment":[{"href":"https:\/\/www.uartes.edu.ec\/sitio\/en\/wp-json\/wp\/v2\/media?parent=16860"}],"wp:term":[{"taxonomy":"category","embeddable":true,"href":"https:\/\/www.uartes.edu.ec\/sitio\/en\/wp-json\/wp\/v2\/categories?post=16860"},{"taxonomy":"post_tag","embeddable":true,"href":"https:\/\/www.uartes.edu.ec\/sitio\/en\/wp-json\/wp\/v2\/tags?post=16860"},{"taxonomy":"infouartes","embeddable":true,"href":"https:\/\/www.uartes.edu.ec\/sitio\/en\/wp-json\/wp\/v2\/infouartes?post=16860"}],"curies":[{"name":"wp","href":"https:\/\/api.w.org\/{rel}","templated":true}]}}