{"id":1688,"date":"2018-07-10T16:20:26","date_gmt":"2018-07-10T21:20:26","guid":{"rendered":"http:\/\/www.uartes.edu.ec\/infouartes\/?p=1688"},"modified":"2024-07-04T11:53:47","modified_gmt":"2024-07-04T16:53:47","slug":"colaboradores-de-la-uartes-se-capacitan-sobre-situaciones-de-riesgo-y-salud-ocupacional","status":"publish","type":"post","link":"https:\/\/www.uartes.edu.ec\/sitio\/en\/blog\/2018\/07\/10\/colaboradores-de-la-uartes-se-capacitan-sobre-situaciones-de-riesgo-y-salud-ocupacional\/","title":{"rendered":"Colaboradores de la UArtes se capacitan sobre situaciones de riesgo y salud ocupacional"},"content":{"rendered":"<p>La Universidad de las Artes del Ecuador, a trav\u00e9s de la Direcci\u00f3n de Talento Humano, ha venido gestionando procesos en beneficio de la seguridad y salud f\u00edsica y ocupacional de los colaboradores de la instituci\u00f3n. Para ello, ha realizado capacitaciones permanentes sobre situaciones de riesgo y ha conformado un grupo de brigadistas para emergencias en la UArtes.<\/p>\n<p>En el mes de abril de 2018, la instituci\u00f3n realiz\u00f3 un taller sobre seguridad y salud ocupacional en el que participaron 72 colaboradores quienes, divididos en 4 grupos, recibieron capacitaci\u00f3n en torno a la elaboraci\u00f3n de un reglamento interno de seguridad y salud ocupacional, la conformaci\u00f3n de un comit\u00e9 paritario SSO, un plan m\u00ednimo de prevenci\u00f3n de riesgo, un programa de prevenci\u00f3n y reducci\u00f3n del uso de drogas, entre otros temas.<\/p>\n<p>A trav\u00e9s de espacios como estos, que lleva delante de manera sostenida la Universidad, se busca identificar riesgos de accidentes laborales y enfermedades profesionales, para tomar las medidas correctivas sobre las mismas. Se busca tambi\u00e9n que los colaboradores utilicen de manera correcta las herramientas y equipos de trabajo, para as\u00ed generar cambios positivos en el entorno laboral.<\/p>\n<p><strong>Brigadas contra incendios y situaciones de riesgo<\/strong><\/p>\n<p>Este 3 y 4 de julio de 2018, el grupo de brigadistas de la UArtes, conformado a la fecha por 17 personas, participaron en una capacitaci\u00f3n contra incendios nivel uno impartida por la Academia de Bomberos de Guayaquil.<\/p>\n<p>En este curso, que tuvo una duraci\u00f3n de 16 horas, se impartieron clases te\u00f3rico-pr\u00e1cticas sobre el manejo de extintores, el uso de mangueras; as\u00ed mismo, se abordaron temas sobre primeros auxilios en materia de apoyo vital b\u00e1sico, RCP, control de hemorragias, fracturas, quemaduras, entre otros t\u00f3picos. Al final del curso, los colaboradores recibieron un certificado de aprobaci\u00f3n.<\/p>\n<p>A la fecha, el grupo de brigadistas, dirigido por el bombero y colaborador, Jonathan Pilay, ha realizado cerca de 10 capacitaciones y talleres. Adem\u00e1s, la comunidad de la UArtes particip\u00f3 activamente en el 8vo Simulacro de Evacuaci\u00f3n de los protocolos SCI del cant\u00f3n Guayaquil, el 17 de noviembre de 2017, el cual fue desarrollado por la Municipalidad de Guayaquil, CSCG y la Secretar\u00eda de Gesti\u00f3n de Riesgos.<\/p>\n<p>Conforman el grupo de brigadistas:<\/p>\n<ul>\n<li>Andrade Echeverr\u00eda Ingrid, Psic\u00f3loga<\/li>\n<li>Chiriboga Loor Juan, Analista<\/li>\n<li>Frias Serrano Luis Felipe, Director<\/li>\n<li>Juca Quintero Carlos, Conserje<\/li>\n<li>Lazo Rodr\u00edguez Brian, Asistente<\/li>\n<li>Mite del Rosario Eduardo, Conductor<\/li>\n<li>Pilay Baja\u00f1a Jonathan, T\u00e9cnico<\/li>\n<li>Recalde Escobar Stefano, Guardalmac\u00e9n<\/li>\n<li>Riera Cuenca Jerry, Electromec\u00e1nico<\/li>\n<li>Riera Esteban Ruben, Docente<\/li>\n<li>Rivadeneira Apolo Stephanie, Analista<\/li>\n<li>Romero Coronel Doris, Asistente<\/li>\n<li>Sanchez Villamar Guillermo, Conserje<\/li>\n<li>Vera Avil\u00e9s Alexander, Asistente<\/li>\n<li>V\u00e1sconez Mero Karla, M\u00e9dico<\/li>\n<li>Vecilla Aragundi Aldo, Conserje, y<\/li>\n<li>Yagual Pita Walter, Asistente<\/li>\n<\/ul>\n<p>Estas acciones a favor de los colaboradores y comunidad de la UArtes se enmarcan dentro de los requerimientos de los organismos de control y leyes establecidas, como es el Instrumento Andino de Seguridad y Salud en el Trabajo, as\u00ed como el Reglamento de Prevenci\u00f3n, Mitigaci\u00f3n y Protecci\u00f3n Contra Incendios, expedido en el 2009 por el Ministerio de Inclusi\u00f3n Econ\u00f3mica y Social del Ecuador.<\/p>\n<p style=\"text-align: center\">[metaslider id=1672]<\/p>\n","protected":false},"excerpt":{"rendered":"<p>La Universidad de las Artes del Ecuador, a trav\u00e9s de la Direcci\u00f3n de Talento Humano, ha venido gestionando procesos en beneficio de la seguridad y salud f\u00edsica y ocupacional de los colaboradores de la instituci\u00f3n. Para ello, ha realizado capacitaciones permanentes sobre situaciones de riesgo y ha conformado un grupo de brigadistas para emergencias en [&hellip;]<\/p>\n","protected":false},"author":1,"featured_media":1669,"comment_status":"closed","ping_status":"closed","sticky":false,"template":"","format":"standard","meta":{"_acf_changed":false,"_uag_custom_page_level_css":"","_monsterinsights_skip_tracking":false,"_monsterinsights_sitenote_active":false,"_monsterinsights_sitenote_note":"","_monsterinsights_sitenote_category":0,"cybocfi_hide_featured_image":"","footnotes":""},"categories":[77],"tags":[],"infouartes":[],"class_list":["post-1688","post","type-post","status-publish","format-standard","has-post-thumbnail","hentry","category-gestion"],"acf":[],"yoast_head":"<!-- This site is optimized with the Yoast SEO plugin v27.4 - https:\/\/yoast.com\/product\/yoast-seo-wordpress\/ -->\n<title>Universidad de las Artes - Colaboradores de la UArtes se capacitan sobre situaciones de riesgo y salud ocupacional<\/title>\n<meta name=\"description\" content=\"Universidad de las Artes - Colaboradores de la UArtes se capacitan sobre situaciones de riesgo y salud ocupacional\" \/>\n<meta name=\"robots\" content=\"index, follow, max-snippet:-1, max-image-preview:large, max-video-preview:-1\" \/>\n<link rel=\"canonical\" href=\"https:\/\/www.uartes.edu.ec\/sitio\/en\/blog\/2018\/07\/10\/colaboradores-de-la-uartes-se-capacitan-sobre-situaciones-de-riesgo-y-salud-ocupacional\/\" \/>\n<meta property=\"og:locale\" content=\"en_US\" \/>\n<meta property=\"og:type\" content=\"article\" \/>\n<meta property=\"og:title\" content=\"Universidad de las Artes - Colaboradores de la UArtes se capacitan sobre situaciones de riesgo y salud ocupacional\" \/>\n<meta property=\"og:description\" content=\"Universidad de las Artes - Colaboradores de la UArtes se capacitan sobre situaciones de riesgo y salud ocupacional\" \/>\n<meta property=\"og:url\" content=\"https:\/\/www.uartes.edu.ec\/sitio\/en\/blog\/2018\/07\/10\/colaboradores-de-la-uartes-se-capacitan-sobre-situaciones-de-riesgo-y-salud-ocupacional\/\" \/>\n<meta property=\"og:site_name\" content=\"Universidad de las Artes\" \/>\n<meta property=\"article:publisher\" content=\"https:\/\/www.facebook.com\/uartesec\" \/>\n<meta property=\"article:published_time\" content=\"2018-07-10T21:20:26+00:00\" \/>\n<meta property=\"article:modified_time\" content=\"2024-07-04T16:53:47+00:00\" \/>\n<meta name=\"author\" content=\"Universidad de las Artes\" \/>\n<meta name=\"twitter:card\" content=\"summary_large_image\" \/>\n<meta name=\"twitter:creator\" content=\"@uartesec\" \/>\n<meta name=\"twitter:site\" content=\"@uartesec\" \/>\n<meta name=\"twitter:label1\" content=\"Written by\" \/>\n\t<meta name=\"twitter:data1\" content=\"Universidad de las Artes\" \/>\n\t<meta name=\"twitter:label2\" content=\"Est. reading time\" \/>\n\t<meta name=\"twitter:data2\" content=\"3 minutes\" \/>\n<script type=\"application\/ld+json\" class=\"yoast-schema-graph\">{\"@context\":\"https:\\\/\\\/schema.org\",\"@graph\":[{\"@type\":\"Article\",\"@id\":\"https:\\\/\\\/www.uartes.edu.ec\\\/sitio\\\/en\\\/blog\\\/2018\\\/07\\\/10\\\/colaboradores-de-la-uartes-se-capacitan-sobre-situaciones-de-riesgo-y-salud-ocupacional\\\/#article\",\"isPartOf\":{\"@id\":\"https:\\\/\\\/www.uartes.edu.ec\\\/sitio\\\/en\\\/blog\\\/2018\\\/07\\\/10\\\/colaboradores-de-la-uartes-se-capacitan-sobre-situaciones-de-riesgo-y-salud-ocupacional\\\/\"},\"author\":{\"name\":\"Universidad de las Artes\",\"@id\":\"https:\\\/\\\/www.uartes.edu.ec\\\/sitio\\\/en\\\/#\\\/schema\\\/person\\\/f33f8c1d2af0d5c80a38c8abf458184a\"},\"headline\":\"Colaboradores de la UArtes se capacitan sobre situaciones de riesgo y salud ocupacional\",\"datePublished\":\"2018-07-10T21:20:26+00:00\",\"dateModified\":\"2024-07-04T16:53:47+00:00\",\"mainEntityOfPage\":{\"@id\":\"https:\\\/\\\/www.uartes.edu.ec\\\/sitio\\\/en\\\/blog\\\/2018\\\/07\\\/10\\\/colaboradores-de-la-uartes-se-capacitan-sobre-situaciones-de-riesgo-y-salud-ocupacional\\\/\"},\"wordCount\":537,\"publisher\":{\"@id\":\"https:\\\/\\\/www.uartes.edu.ec\\\/sitio\\\/en\\\/#organization\"},\"image\":{\"@id\":\"https:\\\/\\\/www.uartes.edu.ec\\\/sitio\\\/en\\\/blog\\\/2018\\\/07\\\/10\\\/colaboradores-de-la-uartes-se-capacitan-sobre-situaciones-de-riesgo-y-salud-ocupacional\\\/#primaryimage\"},\"thumbnailUrl\":\"\",\"articleSection\":[\"Gesti\u00f3n\"],\"inLanguage\":\"en-US\"},{\"@type\":[\"WebPage\",\"ItemPage\"],\"@id\":\"https:\\\/\\\/www.uartes.edu.ec\\\/sitio\\\/en\\\/blog\\\/2018\\\/07\\\/10\\\/colaboradores-de-la-uartes-se-capacitan-sobre-situaciones-de-riesgo-y-salud-ocupacional\\\/\",\"url\":\"https:\\\/\\\/www.uartes.edu.ec\\\/sitio\\\/en\\\/blog\\\/2018\\\/07\\\/10\\\/colaboradores-de-la-uartes-se-capacitan-sobre-situaciones-de-riesgo-y-salud-ocupacional\\\/\",\"name\":\"Universidad de las Artes - Colaboradores de la UArtes se capacitan sobre situaciones de riesgo y salud ocupacional\",\"isPartOf\":{\"@id\":\"https:\\\/\\\/www.uartes.edu.ec\\\/sitio\\\/en\\\/#website\"},\"primaryImageOfPage\":{\"@id\":\"https:\\\/\\\/www.uartes.edu.ec\\\/sitio\\\/en\\\/blog\\\/2018\\\/07\\\/10\\\/colaboradores-de-la-uartes-se-capacitan-sobre-situaciones-de-riesgo-y-salud-ocupacional\\\/#primaryimage\"},\"image\":{\"@id\":\"https:\\\/\\\/www.uartes.edu.ec\\\/sitio\\\/en\\\/blog\\\/2018\\\/07\\\/10\\\/colaboradores-de-la-uartes-se-capacitan-sobre-situaciones-de-riesgo-y-salud-ocupacional\\\/#primaryimage\"},\"thumbnailUrl\":\"\",\"datePublished\":\"2018-07-10T21:20:26+00:00\",\"dateModified\":\"2024-07-04T16:53:47+00:00\",\"description\":\"Universidad de las Artes - Colaboradores de la UArtes se capacitan sobre situaciones de riesgo y salud ocupacional\",\"breadcrumb\":{\"@id\":\"https:\\\/\\\/www.uartes.edu.ec\\\/sitio\\\/en\\\/blog\\\/2018\\\/07\\\/10\\\/colaboradores-de-la-uartes-se-capacitan-sobre-situaciones-de-riesgo-y-salud-ocupacional\\\/#breadcrumb\"},\"inLanguage\":\"en-US\",\"potentialAction\":[{\"@type\":\"ReadAction\",\"target\":[\"https:\\\/\\\/www.uartes.edu.ec\\\/sitio\\\/en\\\/blog\\\/2018\\\/07\\\/10\\\/colaboradores-de-la-uartes-se-capacitan-sobre-situaciones-de-riesgo-y-salud-ocupacional\\\/\"]}]},{\"@type\":\"ImageObject\",\"inLanguage\":\"en-US\",\"@id\":\"https:\\\/\\\/www.uartes.edu.ec\\\/sitio\\\/en\\\/blog\\\/2018\\\/07\\\/10\\\/colaboradores-de-la-uartes-se-capacitan-sobre-situaciones-de-riesgo-y-salud-ocupacional\\\/#primaryimage\",\"url\":\"\",\"contentUrl\":\"\"},{\"@type\":\"BreadcrumbList\",\"@id\":\"https:\\\/\\\/www.uartes.edu.ec\\\/sitio\\\/en\\\/blog\\\/2018\\\/07\\\/10\\\/colaboradores-de-la-uartes-se-capacitan-sobre-situaciones-de-riesgo-y-salud-ocupacional\\\/#breadcrumb\",\"itemListElement\":[{\"@type\":\"ListItem\",\"position\":1,\"name\":\"Inicio\",\"item\":\"https:\\\/\\\/www.uartes.edu.ec\\\/sitio\\\/\"},{\"@type\":\"ListItem\",\"position\":2,\"name\":\"Colaboradores de la UArtes se capacitan sobre situaciones de riesgo y salud ocupacional\"}]},{\"@type\":\"WebSite\",\"@id\":\"https:\\\/\\\/www.uartes.edu.ec\\\/sitio\\\/en\\\/#website\",\"url\":\"https:\\\/\\\/www.uartes.edu.ec\\\/sitio\\\/en\\\/\",\"name\":\"Universidad de las Artes\",\"description\":\"Sitio oficial de la Universidad Nacional de las Artes del Ecuador\",\"publisher\":{\"@id\":\"https:\\\/\\\/www.uartes.edu.ec\\\/sitio\\\/en\\\/#organization\"},\"potentialAction\":[{\"@type\":\"SearchAction\",\"target\":{\"@type\":\"EntryPoint\",\"urlTemplate\":\"https:\\\/\\\/www.uartes.edu.ec\\\/sitio\\\/en\\\/?s={search_term_string}\"},\"query-input\":{\"@type\":\"PropertyValueSpecification\",\"valueRequired\":true,\"valueName\":\"search_term_string\"}}],\"inLanguage\":\"en-US\"},{\"@type\":\"Organization\",\"@id\":\"https:\\\/\\\/www.uartes.edu.ec\\\/sitio\\\/en\\\/#organization\",\"name\":\"Universidad de las Artes\",\"url\":\"https:\\\/\\\/www.uartes.edu.ec\\\/sitio\\\/en\\\/\",\"logo\":{\"@type\":\"ImageObject\",\"inLanguage\":\"en-US\",\"@id\":\"https:\\\/\\\/www.uartes.edu.ec\\\/sitio\\\/en\\\/#\\\/schema\\\/logo\\\/image\\\/\",\"url\":\"https:\\\/\\\/www.uartes.edu.ec\\\/sitio\\\/wp-content\\\/uploads\\\/2022\\\/07\\\/logo-ua-horizontal.png\",\"contentUrl\":\"https:\\\/\\\/www.uartes.edu.ec\\\/sitio\\\/wp-content\\\/uploads\\\/2022\\\/07\\\/logo-ua-horizontal.png\",\"width\":800,\"height\":276,\"caption\":\"Universidad de las Artes\"},\"image\":{\"@id\":\"https:\\\/\\\/www.uartes.edu.ec\\\/sitio\\\/en\\\/#\\\/schema\\\/logo\\\/image\\\/\"},\"sameAs\":[\"https:\\\/\\\/www.facebook.com\\\/uartesec\",\"https:\\\/\\\/x.com\\\/uartesec\",\"https:\\\/\\\/www.tiktok.com\\\/@uartesec\"]},{\"@type\":\"Person\",\"@id\":\"https:\\\/\\\/www.uartes.edu.ec\\\/sitio\\\/en\\\/#\\\/schema\\\/person\\\/f33f8c1d2af0d5c80a38c8abf458184a\",\"name\":\"Universidad de las Artes\",\"image\":{\"@type\":\"ImageObject\",\"inLanguage\":\"en-US\",\"@id\":\"https:\\\/\\\/secure.gravatar.com\\\/avatar\\\/52e4757902f5cfa5ac52d020e5be83cae5487519154b6c35482fe08d589f3c13?s=96&d=mm&r=g\",\"url\":\"https:\\\/\\\/secure.gravatar.com\\\/avatar\\\/52e4757902f5cfa5ac52d020e5be83cae5487519154b6c35482fe08d589f3c13?s=96&d=mm&r=g\",\"contentUrl\":\"https:\\\/\\\/secure.gravatar.com\\\/avatar\\\/52e4757902f5cfa5ac52d020e5be83cae5487519154b6c35482fe08d589f3c13?s=96&d=mm&r=g\",\"caption\":\"Universidad de las Artes\"},\"url\":\"https:\\\/\\\/www.uartes.edu.ec\\\/sitio\\\/en\\\/blog\\\/author\\\/dircomadm\\\/\"}]}<\/script>\n<!-- \/ Yoast SEO plugin. -->","yoast_head_json":{"title":"Universidad de las Artes - Colaboradores de la UArtes se capacitan sobre situaciones de riesgo y salud ocupacional","description":"Universidad de las Artes - Colaboradores de la UArtes se capacitan sobre situaciones de riesgo y salud ocupacional","robots":{"index":"index","follow":"follow","max-snippet":"max-snippet:-1","max-image-preview":"max-image-preview:large","max-video-preview":"max-video-preview:-1"},"canonical":"https:\/\/www.uartes.edu.ec\/sitio\/en\/blog\/2018\/07\/10\/colaboradores-de-la-uartes-se-capacitan-sobre-situaciones-de-riesgo-y-salud-ocupacional\/","og_locale":"en_US","og_type":"article","og_title":"Universidad de las Artes - Colaboradores de la UArtes se capacitan sobre situaciones de riesgo y salud ocupacional","og_description":"Universidad de las Artes - Colaboradores de la UArtes se capacitan sobre situaciones de riesgo y salud ocupacional","og_url":"https:\/\/www.uartes.edu.ec\/sitio\/en\/blog\/2018\/07\/10\/colaboradores-de-la-uartes-se-capacitan-sobre-situaciones-de-riesgo-y-salud-ocupacional\/","og_site_name":"Universidad de las Artes","article_publisher":"https:\/\/www.facebook.com\/uartesec","article_published_time":"2018-07-10T21:20:26+00:00","article_modified_time":"2024-07-04T16:53:47+00:00","author":"Universidad de las Artes","twitter_card":"summary_large_image","twitter_creator":"@uartesec","twitter_site":"@uartesec","twitter_misc":{"Written by":"Universidad de las Artes","Est. reading time":"3 minutes"},"schema":{"@context":"https:\/\/schema.org","@graph":[{"@type":"Article","@id":"https:\/\/www.uartes.edu.ec\/sitio\/en\/blog\/2018\/07\/10\/colaboradores-de-la-uartes-se-capacitan-sobre-situaciones-de-riesgo-y-salud-ocupacional\/#article","isPartOf":{"@id":"https:\/\/www.uartes.edu.ec\/sitio\/en\/blog\/2018\/07\/10\/colaboradores-de-la-uartes-se-capacitan-sobre-situaciones-de-riesgo-y-salud-ocupacional\/"},"author":{"name":"Universidad de las Artes","@id":"https:\/\/www.uartes.edu.ec\/sitio\/en\/#\/schema\/person\/f33f8c1d2af0d5c80a38c8abf458184a"},"headline":"Colaboradores de la UArtes se capacitan sobre situaciones de riesgo y salud ocupacional","datePublished":"2018-07-10T21:20:26+00:00","dateModified":"2024-07-04T16:53:47+00:00","mainEntityOfPage":{"@id":"https:\/\/www.uartes.edu.ec\/sitio\/en\/blog\/2018\/07\/10\/colaboradores-de-la-uartes-se-capacitan-sobre-situaciones-de-riesgo-y-salud-ocupacional\/"},"wordCount":537,"publisher":{"@id":"https:\/\/www.uartes.edu.ec\/sitio\/en\/#organization"},"image":{"@id":"https:\/\/www.uartes.edu.ec\/sitio\/en\/blog\/2018\/07\/10\/colaboradores-de-la-uartes-se-capacitan-sobre-situaciones-de-riesgo-y-salud-ocupacional\/#primaryimage"},"thumbnailUrl":"","articleSection":["Gesti\u00f3n"],"inLanguage":"en-US"},{"@type":["WebPage","ItemPage"],"@id":"https:\/\/www.uartes.edu.ec\/sitio\/en\/blog\/2018\/07\/10\/colaboradores-de-la-uartes-se-capacitan-sobre-situaciones-de-riesgo-y-salud-ocupacional\/","url":"https:\/\/www.uartes.edu.ec\/sitio\/en\/blog\/2018\/07\/10\/colaboradores-de-la-uartes-se-capacitan-sobre-situaciones-de-riesgo-y-salud-ocupacional\/","name":"Universidad de las Artes - Colaboradores de la UArtes se capacitan sobre situaciones de riesgo y salud ocupacional","isPartOf":{"@id":"https:\/\/www.uartes.edu.ec\/sitio\/en\/#website"},"primaryImageOfPage":{"@id":"https:\/\/www.uartes.edu.ec\/sitio\/en\/blog\/2018\/07\/10\/colaboradores-de-la-uartes-se-capacitan-sobre-situaciones-de-riesgo-y-salud-ocupacional\/#primaryimage"},"image":{"@id":"https:\/\/www.uartes.edu.ec\/sitio\/en\/blog\/2018\/07\/10\/colaboradores-de-la-uartes-se-capacitan-sobre-situaciones-de-riesgo-y-salud-ocupacional\/#primaryimage"},"thumbnailUrl":"","datePublished":"2018-07-10T21:20:26+00:00","dateModified":"2024-07-04T16:53:47+00:00","description":"Universidad de las Artes - Colaboradores de la UArtes se capacitan sobre situaciones de riesgo y salud ocupacional","breadcrumb":{"@id":"https:\/\/www.uartes.edu.ec\/sitio\/en\/blog\/2018\/07\/10\/colaboradores-de-la-uartes-se-capacitan-sobre-situaciones-de-riesgo-y-salud-ocupacional\/#breadcrumb"},"inLanguage":"en-US","potentialAction":[{"@type":"ReadAction","target":["https:\/\/www.uartes.edu.ec\/sitio\/en\/blog\/2018\/07\/10\/colaboradores-de-la-uartes-se-capacitan-sobre-situaciones-de-riesgo-y-salud-ocupacional\/"]}]},{"@type":"ImageObject","inLanguage":"en-US","@id":"https:\/\/www.uartes.edu.ec\/sitio\/en\/blog\/2018\/07\/10\/colaboradores-de-la-uartes-se-capacitan-sobre-situaciones-de-riesgo-y-salud-ocupacional\/#primaryimage","url":"","contentUrl":""},{"@type":"BreadcrumbList","@id":"https:\/\/www.uartes.edu.ec\/sitio\/en\/blog\/2018\/07\/10\/colaboradores-de-la-uartes-se-capacitan-sobre-situaciones-de-riesgo-y-salud-ocupacional\/#breadcrumb","itemListElement":[{"@type":"ListItem","position":1,"name":"Inicio","item":"https:\/\/www.uartes.edu.ec\/sitio\/"},{"@type":"ListItem","position":2,"name":"Colaboradores de la UArtes se capacitan sobre situaciones de riesgo y salud ocupacional"}]},{"@type":"WebSite","@id":"https:\/\/www.uartes.edu.ec\/sitio\/en\/#website","url":"https:\/\/www.uartes.edu.ec\/sitio\/en\/","name":"Universidad de las Artes","description":"Sitio oficial de la Universidad Nacional de las Artes del Ecuador","publisher":{"@id":"https:\/\/www.uartes.edu.ec\/sitio\/en\/#organization"},"potentialAction":[{"@type":"SearchAction","target":{"@type":"EntryPoint","urlTemplate":"https:\/\/www.uartes.edu.ec\/sitio\/en\/?s={search_term_string}"},"query-input":{"@type":"PropertyValueSpecification","valueRequired":true,"valueName":"search_term_string"}}],"inLanguage":"en-US"},{"@type":"Organization","@id":"https:\/\/www.uartes.edu.ec\/sitio\/en\/#organization","name":"Universidad de las Artes","url":"https:\/\/www.uartes.edu.ec\/sitio\/en\/","logo":{"@type":"ImageObject","inLanguage":"en-US","@id":"https:\/\/www.uartes.edu.ec\/sitio\/en\/#\/schema\/logo\/image\/","url":"https:\/\/www.uartes.edu.ec\/sitio\/wp-content\/uploads\/2022\/07\/logo-ua-horizontal.png","contentUrl":"https:\/\/www.uartes.edu.ec\/sitio\/wp-content\/uploads\/2022\/07\/logo-ua-horizontal.png","width":800,"height":276,"caption":"Universidad de las Artes"},"image":{"@id":"https:\/\/www.uartes.edu.ec\/sitio\/en\/#\/schema\/logo\/image\/"},"sameAs":["https:\/\/www.facebook.com\/uartesec","https:\/\/x.com\/uartesec","https:\/\/www.tiktok.com\/@uartesec"]},{"@type":"Person","@id":"https:\/\/www.uartes.edu.ec\/sitio\/en\/#\/schema\/person\/f33f8c1d2af0d5c80a38c8abf458184a","name":"Universidad de las Artes","image":{"@type":"ImageObject","inLanguage":"en-US","@id":"https:\/\/secure.gravatar.com\/avatar\/52e4757902f5cfa5ac52d020e5be83cae5487519154b6c35482fe08d589f3c13?s=96&d=mm&r=g","url":"https:\/\/secure.gravatar.com\/avatar\/52e4757902f5cfa5ac52d020e5be83cae5487519154b6c35482fe08d589f3c13?s=96&d=mm&r=g","contentUrl":"https:\/\/secure.gravatar.com\/avatar\/52e4757902f5cfa5ac52d020e5be83cae5487519154b6c35482fe08d589f3c13?s=96&d=mm&r=g","caption":"Universidad de las Artes"},"url":"https:\/\/www.uartes.edu.ec\/sitio\/en\/blog\/author\/dircomadm\/"}]}},"uagb_featured_image_src":{"full":false,"thumbnail":false,"medium":false,"medium_large":false,"large":false,"1536x1536":false,"2048x2048":false,"trp-custom-language-flag":false,"htmega_size_585x295":false,"htmega_size_1170x536":false,"htmega_size_396x360":false,"gb-block-post-grid-landscape":false,"gb-block-post-grid-square":false,"university-hub-thumb":false},"uagb_author_info":{"display_name":"Universidad de las Artes","author_link":"https:\/\/www.uartes.edu.ec\/sitio\/en\/blog\/author\/dircomadm\/"},"uagb_comment_info":0,"uagb_excerpt":"La Universidad de las Artes del Ecuador, a trav\u00e9s de la Direcci\u00f3n de Talento Humano, ha venido gestionando procesos en beneficio de la seguridad y salud f\u00edsica y ocupacional de los colaboradores de la instituci\u00f3n. Para ello, ha realizado capacitaciones permanentes sobre situaciones de riesgo y ha conformado un grupo de brigadistas para emergencias en&hellip;","featured_image_src":null,"featured_image_src_square":null,"author_info":{"display_name":"Universidad de las Artes","author_link":"https:\/\/www.uartes.edu.ec\/sitio\/en\/blog\/author\/dircomadm\/"},"publishpress_future_workflow_manual_trigger":{"enabledWorkflows":[]},"distributor_meta":false,"distributor_terms":false,"distributor_media":false,"distributor_original_site_name":"Universidad de las Artes","distributor_original_site_url":"https:\/\/www.uartes.edu.ec\/sitio\/en","push-errors":false,"_links":{"self":[{"href":"https:\/\/www.uartes.edu.ec\/sitio\/en\/wp-json\/wp\/v2\/posts\/1688","targetHints":{"allow":["GET"]}}],"collection":[{"href":"https:\/\/www.uartes.edu.ec\/sitio\/en\/wp-json\/wp\/v2\/posts"}],"about":[{"href":"https:\/\/www.uartes.edu.ec\/sitio\/en\/wp-json\/wp\/v2\/types\/post"}],"author":[{"embeddable":true,"href":"https:\/\/www.uartes.edu.ec\/sitio\/en\/wp-json\/wp\/v2\/users\/1"}],"replies":[{"embeddable":true,"href":"https:\/\/www.uartes.edu.ec\/sitio\/en\/wp-json\/wp\/v2\/comments?post=1688"}],"version-history":[{"count":1,"href":"https:\/\/www.uartes.edu.ec\/sitio\/en\/wp-json\/wp\/v2\/posts\/1688\/revisions"}],"predecessor-version":[{"id":3354,"href":"https:\/\/www.uartes.edu.ec\/sitio\/en\/wp-json\/wp\/v2\/posts\/1688\/revisions\/3354"}],"wp:featuredmedia":[{"embeddable":true,"href":"https:\/\/www.uartes.edu.ec\/sitio\/en\/wp-json\/"}],"wp:attachment":[{"href":"https:\/\/www.uartes.edu.ec\/sitio\/en\/wp-json\/wp\/v2\/media?parent=1688"}],"wp:term":[{"taxonomy":"category","embeddable":true,"href":"https:\/\/www.uartes.edu.ec\/sitio\/en\/wp-json\/wp\/v2\/categories?post=1688"},{"taxonomy":"post_tag","embeddable":true,"href":"https:\/\/www.uartes.edu.ec\/sitio\/en\/wp-json\/wp\/v2\/tags?post=1688"},{"taxonomy":"infouartes","embeddable":true,"href":"https:\/\/www.uartes.edu.ec\/sitio\/en\/wp-json\/wp\/v2\/infouartes?post=1688"}],"curies":[{"name":"wp","href":"https:\/\/api.w.org\/{rel}","templated":true}]}}