{"id":16985,"date":"2021-11-19T15:00:00","date_gmt":"2021-11-19T20:00:00","guid":{"rendered":"http:\/\/www.uartes.edu.ec\/sitio\/?p=16985"},"modified":"2024-07-04T11:25:21","modified_gmt":"2024-07-04T16:25:21","slug":"en-cita-de-libre-libro-autores-concluyenque-ecuador-es-un-pais-para-cuentistas","status":"publish","type":"post","link":"https:\/\/www.uartes.edu.ec\/sitio\/en\/blog\/2021\/11\/19\/en-cita-de-libre-libro-autores-concluyenque-ecuador-es-un-pais-para-cuentistas\/","title":{"rendered":"En el VII encuentro de Libre Libro 2021, autores  concluyen que \u201cEcuador es un pa\u00eds para cuentistas\u201d"},"content":{"rendered":"<p>En la VII edici\u00f3n de Libre Libro 2021, las actividades se desarrollaron de manera presencial y virtual. La programada a las 19:00 del mi\u00e9rcoles 17 de noviembre, en el segundo de los cinco d\u00edas de la jornada, se desarroll\u00f3 de manera online. Fue la cita en la que se abord\u00f3 una inquietud que en el transcurso del di\u00e1logo se transform\u00f3 en certeza: \u201c\u00bfEcuador es un pa\u00eds para cuentistas?\u201d.&nbsp;<\/p>\n\n\n\n<p>Solange Rodr\u00edguez, escritora y docente de la Escuela de Literatura de la Universidad de las Artes, hizo la presentaci\u00f3n de los autores invitados y moder\u00f3 la cita. Intervinieron con ella tambi\u00e9n cuatro estudiantes: Mart\u00edn Riofr\u00edo, Rosa Quiroz, Anirys Sabagay y Luis Ponce, quienes hicieron preguntas e hicieron eco de las inquietudes de muchos.<\/p>\n\n\n\n<p>\u00bfEs Ecuador un pa\u00eds para cuentistas? La pregunta marc\u00f3 el inicio de la conversaci\u00f3n con Leonardo Valencia, autor de obras como <em>La luna N\u00f3mada;<\/em> Livina Santos, de <em>Una noche frente al espejo<\/em> (1989); Diego Maenza, de <em>Bestiario Americano<\/em> (2018), libro que condensa mitos y leyendas urbanas de todo el continente; y, Paulina Soto, de <em>Ciudad de V\u00edrgenes<\/em>.<\/p>\n\n\n\n<p>Durante m\u00e1s de una hora, los escritores compartieron sus opiniones y trabajos con el p\u00fablico a trav\u00e9s de Facebook Live. \u201cUn cuento es como un fantasma con esqueleto\u201d, dijo Valencia marcando el inicio de la primera ronda de preguntas encabezada por Riofr\u00edo. El estudiante le consult\u00f3 sobre la g\u00e9nesis del cuento y su relaci\u00f3n con la poes\u00eda. El escritor se\u00f1al\u00f3 que existe un paralelismo entre el cuento y el poema, pues ambos encuentran una \u201cemoci\u00f3n central que los articula e irradia y, a la vez, existe una imagen nuclear que estimula al cuento\u201d.<\/p>\n\n\n\n<p>Soto, por su parte, respondi\u00f3 con un determinante s\u00ed a la pregunta de Sabagay de la posibilidad de que surja una narrativa a partir de un g\u00e9nero l\u00edrico, pues \u201cnecesariamente una obra literaria va a tener siempre algo de l\u00edrico por lo expresiva que resulte ser. Es posible y deseable porque esta expresi\u00f3n de la est\u00e9tica y la belleza es lo que uno busca en la literatura\u201d.<\/p>\n\n\n\n<p>M\u00e1s adelante se refiri\u00f3 sobre la naturalidad al momento de escribir y explic\u00f3 que el ser humano es completamente artificial en el sentido de la literatura, la tecnolog\u00eda e incluso el lenguaje. \u201cSoy una artesana\u201d, expres\u00f3 en su demostraci\u00f3n de que cada obra escrita ha evolucionado con el tiempo y tanto sus errores como faltas ortogr\u00e1ficas de sus primeros textos son valiosos para la misma.<\/p>\n\n\n\n<p>Ponce pregunt\u00f3 a Maenza por qu\u00e9 escogi\u00f3 el terror como g\u00e9nero para sus textos. El autor respondi\u00f3 que el camino de lo fant\u00e1stico y lo terror\u00edfico fue una alternativa ideal para sustentar otras premisas de tono m\u00e1s profundo en el contexto de sus obras. \u201cHay mucho tab\u00fa con los g\u00e9neros\u201d, anot\u00f3 y admiti\u00f3 que trata de no recurrir en la superficialidad a la hora de escribir.<\/p>\n\n\n\n<p>Quiroz consult\u00f3 a Santos sobre la construcci\u00f3n del cuento y como respuesta de la autora obtuvo: \u201cNunca percibo el final, ni antes ni ahora, es como una idea central que se hace presente hasta que de repente surge el inicio y su proceso\u201d. Se\u00f1al\u00f3 tambi\u00e9n que los finales de sus cuentos siempre han sido una sorpresa y han tomado direcci\u00f3n por s\u00ed solos. \u201cMi escritura ha evolucionado como todos en la vida. Estuve quince a\u00f1os sin escribir porque tuve que romper con la escritura\u2026 No aguantaba la misma voz que escuchaba cada vez que me sentaba a escribir\u2026 Quiero explorar nuevos caminos, nuevas t\u00e9cnicas y nuevas voces\u201d.<\/p>\n\n\n\n<p>En la cita con los cuentistas ecuatorianos tambi\u00e9n se habl\u00f3 del regreso a las primeras obras. Leonardo Valencia dijo que no se considera un cuentista profesional, que escribe muchos cuentos camuflados en novelas y que sus novelas est\u00e1n cargadas de cuentos. Admiti\u00f3, adem\u00e1s, que sus cuentos le siguen remitiendo a la <em>Luna N\u00f3mada<\/em>. \u201cNo soy un autor que va de prisa, dejo mis libros en reposo\u201d.<\/p>\n\n\n\n<p>Para Valencia, la escritura crea una presencia de la que, si se desprende, le origina una especie de dolor como una p\u00e9rdida y en este sentido de escribir con detenimiento que se relaciona con la idea de la exploraci\u00f3n y del desplazamiento.<\/p>\n\n\n\n<p>Otras de los aspectos que tuvieron lugar en este foro fue el de la familia, presente sobre todo en <em>Arupos,<\/em> cuento de Paulina Soto, quien se refiri\u00f3 a este como el gran peso en todo lo que escribe. \u201cEs imposible separar a una persona en pedazos y eso se ve reflejado en la literatura\u201d.<\/p>\n\n\n\n<p>La escritura y el cuento como herramienta cr\u00edtica fue el tema abordado por Diego Maenza, para quien las impresiones pueden ser tomadas desde diferentes aristas seg\u00fan cada lector. \u201cLa postura del narrador no siempre significa la del autor\u201d.&nbsp;<\/p>\n\n\n\n<p>Livina Santos se pronunci\u00f3 sobre las etapas de la mujer y sus problemas sociales expuestos a trav\u00e9s de la voz femenina en sus obras. \u201cEstaba rodeada de un mundo muy patriarcal, ten\u00eda que abordarlo desde la experiencia\u2026 Es un tema que no voy a dejar de tratarlo por el hecho de ser mujer\u201d. La diferenciaci\u00f3n de la producci\u00f3n literaria feminista entre d\u00e9cadas radica en los niveles de violencia que se expresan a trav\u00e9s de la literatura, dijo.<\/p>\n\n\n\n<p>Al abordaje del g\u00e9nero en Ecuador y de si el pa\u00eds era realmente para cuentistas, la respuesta general fue que s\u00ed, pero que existen factores que ponen en controversia la pr\u00e1ctica del mismo. Para Santos es el sobrevivir al d\u00eda a d\u00eda, \u201cque nos impide por agotamiento o falta de disciplina convertirse en cuentistas sistem\u00e1ticos\u201d. Para Valencia, el cuento \u2013al menos en el pa\u00eds\u2013 puede verse como un recurso de la pereza; \u201ccuando la frontera de lo corto se confunde\u201d puede crear una comodidad por su extensi\u00f3n en comparaci\u00f3n a la novela, a pesar de que el g\u00e9nero sea de una \u201cexigencia brutal\u201d. Maenza, por su parte, afirm\u00f3 que hay que ver lo que se publica c\u00f3mo y d\u00f3nde con respecto a las editoriales que optan por la publicaci\u00f3n de novelas superficiales. Soto precis\u00f3 que \u201cel escritor es como una flor que da su perfume y no lo sabe, pero no puede evitar darlo\u201d.&nbsp;<\/p>\n\n\n\n<p>Cobertura\/Texto: Mar\u00eda Fernanda Hidalgo, estudiante de la Escuela de Literatura.<\/p>","protected":false},"excerpt":{"rendered":"<p>En la VII edici\u00f3n de Libre Libro 2021, las actividades se desarrollaron de manera presencial y virtual. La programada a las 19:00 del mi\u00e9rcoles 17 de noviembre, en el segundo de los cinco d\u00edas de la jornada, se desarroll\u00f3 de manera online. Fue la cita en la que se abord\u00f3 una inquietud que en el transcurso del di\u00e1logo se transform\u00f3 en certeza: \u201c\u00bfEcuador es un pa\u00eds para cuentistas?\u201d.\u00a0<\/p>","protected":false},"author":10,"featured_media":16989,"comment_status":"open","ping_status":"open","sticky":false,"template":"","format":"standard","meta":{"_acf_changed":false,"_uag_custom_page_level_css":"","_monsterinsights_skip_tracking":false,"_monsterinsights_sitenote_active":false,"_monsterinsights_sitenote_note":"","_monsterinsights_sitenote_category":0,"cybocfi_hide_featured_image":"","footnotes":""},"categories":[82,75,76,175],"tags":[547],"infouartes":[],"class_list":["post-16985","post","type-post","status-publish","format-standard","has-post-thumbnail","hentry","category-artes","category-docentes","category-estudiantes","category-literatura","tag-libre-libro"],"acf":[],"yoast_head":"<!-- This site is optimized with the Yoast SEO plugin v27.4 - https:\/\/yoast.com\/product\/yoast-seo-wordpress\/ -->\n<title>Universidad de las Artes - En el VII encuentro de Libre Libro 2021, autores concluyen que \u201cEcuador es un pa\u00eds para cuentistas\u201d<\/title>\n<meta name=\"description\" content=\"Universidad de las Artes - En el VII encuentro de Libre Libro 2021, autores concluyen que \u201cEcuador es un pa\u00eds para cuentistas\u201d\" \/>\n<meta name=\"robots\" content=\"index, follow, max-snippet:-1, max-image-preview:large, max-video-preview:-1\" \/>\n<link rel=\"canonical\" href=\"https:\/\/www.uartes.edu.ec\/sitio\/en\/blog\/2021\/11\/19\/en-cita-de-libre-libro-autores-concluyenque-ecuador-es-un-pais-para-cuentistas\/\" \/>\n<meta property=\"og:locale\" content=\"en_US\" \/>\n<meta property=\"og:type\" content=\"article\" \/>\n<meta property=\"og:title\" content=\"Universidad de las Artes - En el VII encuentro de Libre Libro 2021, autores concluyen que \u201cEcuador es un pa\u00eds para cuentistas\u201d\" \/>\n<meta property=\"og:description\" content=\"Universidad de las Artes - En el VII encuentro de Libre Libro 2021, autores concluyen que \u201cEcuador es un pa\u00eds para cuentistas\u201d\" \/>\n<meta property=\"og:url\" content=\"https:\/\/www.uartes.edu.ec\/sitio\/en\/blog\/2021\/11\/19\/en-cita-de-libre-libro-autores-concluyenque-ecuador-es-un-pais-para-cuentistas\/\" \/>\n<meta property=\"og:site_name\" content=\"Universidad de las Artes\" \/>\n<meta property=\"article:publisher\" content=\"https:\/\/www.facebook.com\/uartesec\" \/>\n<meta property=\"article:published_time\" content=\"2021-11-19T20:00:00+00:00\" \/>\n<meta property=\"article:modified_time\" content=\"2024-07-04T16:25:21+00:00\" \/>\n<meta property=\"og:image\" content=\"https:\/\/www.uartes.edu.ec\/sitio\/wp-content\/uploads\/2021\/11\/PAIS-PARA-CUENTISTAS-WEB.webp\" \/>\n\t<meta property=\"og:image:width\" content=\"2000\" \/>\n\t<meta property=\"og:image:height\" content=\"1333\" \/>\n\t<meta property=\"og:image:type\" content=\"image\/webp\" \/>\n<meta name=\"author\" content=\"ccortez\" \/>\n<meta name=\"twitter:card\" content=\"summary_large_image\" \/>\n<meta name=\"twitter:creator\" content=\"@uartesec\" \/>\n<meta name=\"twitter:site\" content=\"@uartesec\" \/>\n<meta name=\"twitter:label1\" content=\"Written by\" \/>\n\t<meta name=\"twitter:data1\" content=\"ccortez\" \/>\n\t<meta name=\"twitter:label2\" content=\"Est. reading time\" \/>\n\t<meta name=\"twitter:data2\" content=\"5 minutes\" \/>\n<script type=\"application\/ld+json\" class=\"yoast-schema-graph\">{\"@context\":\"https:\\\/\\\/schema.org\",\"@graph\":[{\"@type\":\"Article\",\"@id\":\"https:\\\/\\\/www.uartes.edu.ec\\\/sitio\\\/en\\\/blog\\\/2021\\\/11\\\/19\\\/en-cita-de-libre-libro-autores-concluyenque-ecuador-es-un-pais-para-cuentistas\\\/#article\",\"isPartOf\":{\"@id\":\"https:\\\/\\\/www.uartes.edu.ec\\\/sitio\\\/en\\\/blog\\\/2021\\\/11\\\/19\\\/en-cita-de-libre-libro-autores-concluyenque-ecuador-es-un-pais-para-cuentistas\\\/\"},\"author\":{\"name\":\"ccortez\",\"@id\":\"https:\\\/\\\/www.uartes.edu.ec\\\/sitio\\\/en\\\/#\\\/schema\\\/person\\\/efa1b8275797664fd7f13a79ccc0b1f4\"},\"headline\":\"En el VII encuentro de Libre Libro 2021, autores concluyen que \u201cEcuador es un pa\u00eds para cuentistas\u201d\",\"datePublished\":\"2021-11-19T20:00:00+00:00\",\"dateModified\":\"2024-07-04T16:25:21+00:00\",\"mainEntityOfPage\":{\"@id\":\"https:\\\/\\\/www.uartes.edu.ec\\\/sitio\\\/en\\\/blog\\\/2021\\\/11\\\/19\\\/en-cita-de-libre-libro-autores-concluyenque-ecuador-es-un-pais-para-cuentistas\\\/\"},\"wordCount\":1104,\"commentCount\":0,\"publisher\":{\"@id\":\"https:\\\/\\\/www.uartes.edu.ec\\\/sitio\\\/en\\\/#organization\"},\"image\":{\"@id\":\"https:\\\/\\\/www.uartes.edu.ec\\\/sitio\\\/en\\\/blog\\\/2021\\\/11\\\/19\\\/en-cita-de-libre-libro-autores-concluyenque-ecuador-es-un-pais-para-cuentistas\\\/#primaryimage\"},\"thumbnailUrl\":\"https:\\\/\\\/www.uartes.edu.ec\\\/sitio\\\/wp-content\\\/uploads\\\/2021\\\/11\\\/PAIS-PARA-CUENTISTAS-WEB.webp\",\"keywords\":[\"Libre Libro\"],\"articleSection\":[\"Artes\",\"Docentes\",\"Estudiantes\",\"Literatura\"],\"inLanguage\":\"en-US\",\"potentialAction\":[{\"@type\":\"CommentAction\",\"name\":\"Comment\",\"target\":[\"https:\\\/\\\/www.uartes.edu.ec\\\/sitio\\\/en\\\/blog\\\/2021\\\/11\\\/19\\\/en-cita-de-libre-libro-autores-concluyenque-ecuador-es-un-pais-para-cuentistas\\\/#respond\"]}]},{\"@type\":[\"WebPage\",\"ItemPage\"],\"@id\":\"https:\\\/\\\/www.uartes.edu.ec\\\/sitio\\\/en\\\/blog\\\/2021\\\/11\\\/19\\\/en-cita-de-libre-libro-autores-concluyenque-ecuador-es-un-pais-para-cuentistas\\\/\",\"url\":\"https:\\\/\\\/www.uartes.edu.ec\\\/sitio\\\/en\\\/blog\\\/2021\\\/11\\\/19\\\/en-cita-de-libre-libro-autores-concluyenque-ecuador-es-un-pais-para-cuentistas\\\/\",\"name\":\"Universidad de las Artes - En el VII encuentro de Libre Libro 2021, autores concluyen que \u201cEcuador es un pa\u00eds para cuentistas\u201d\",\"isPartOf\":{\"@id\":\"https:\\\/\\\/www.uartes.edu.ec\\\/sitio\\\/en\\\/#website\"},\"primaryImageOfPage\":{\"@id\":\"https:\\\/\\\/www.uartes.edu.ec\\\/sitio\\\/en\\\/blog\\\/2021\\\/11\\\/19\\\/en-cita-de-libre-libro-autores-concluyenque-ecuador-es-un-pais-para-cuentistas\\\/#primaryimage\"},\"image\":{\"@id\":\"https:\\\/\\\/www.uartes.edu.ec\\\/sitio\\\/en\\\/blog\\\/2021\\\/11\\\/19\\\/en-cita-de-libre-libro-autores-concluyenque-ecuador-es-un-pais-para-cuentistas\\\/#primaryimage\"},\"thumbnailUrl\":\"https:\\\/\\\/www.uartes.edu.ec\\\/sitio\\\/wp-content\\\/uploads\\\/2021\\\/11\\\/PAIS-PARA-CUENTISTAS-WEB.webp\",\"datePublished\":\"2021-11-19T20:00:00+00:00\",\"dateModified\":\"2024-07-04T16:25:21+00:00\",\"description\":\"Universidad de las Artes - En el VII encuentro de Libre Libro 2021, autores concluyen que \u201cEcuador es un pa\u00eds para cuentistas\u201d\",\"breadcrumb\":{\"@id\":\"https:\\\/\\\/www.uartes.edu.ec\\\/sitio\\\/en\\\/blog\\\/2021\\\/11\\\/19\\\/en-cita-de-libre-libro-autores-concluyenque-ecuador-es-un-pais-para-cuentistas\\\/#breadcrumb\"},\"inLanguage\":\"en-US\",\"potentialAction\":[{\"@type\":\"ReadAction\",\"target\":[\"https:\\\/\\\/www.uartes.edu.ec\\\/sitio\\\/en\\\/blog\\\/2021\\\/11\\\/19\\\/en-cita-de-libre-libro-autores-concluyenque-ecuador-es-un-pais-para-cuentistas\\\/\"]}]},{\"@type\":\"ImageObject\",\"inLanguage\":\"en-US\",\"@id\":\"https:\\\/\\\/www.uartes.edu.ec\\\/sitio\\\/en\\\/blog\\\/2021\\\/11\\\/19\\\/en-cita-de-libre-libro-autores-concluyenque-ecuador-es-un-pais-para-cuentistas\\\/#primaryimage\",\"url\":\"https:\\\/\\\/www.uartes.edu.ec\\\/sitio\\\/wp-content\\\/uploads\\\/2021\\\/11\\\/PAIS-PARA-CUENTISTAS-WEB.webp\",\"contentUrl\":\"https:\\\/\\\/www.uartes.edu.ec\\\/sitio\\\/wp-content\\\/uploads\\\/2021\\\/11\\\/PAIS-PARA-CUENTISTAS-WEB.webp\",\"width\":2000,\"height\":1333},{\"@type\":\"BreadcrumbList\",\"@id\":\"https:\\\/\\\/www.uartes.edu.ec\\\/sitio\\\/en\\\/blog\\\/2021\\\/11\\\/19\\\/en-cita-de-libre-libro-autores-concluyenque-ecuador-es-un-pais-para-cuentistas\\\/#breadcrumb\",\"itemListElement\":[{\"@type\":\"ListItem\",\"position\":1,\"name\":\"Inicio\",\"item\":\"https:\\\/\\\/www.uartes.edu.ec\\\/sitio\\\/\"},{\"@type\":\"ListItem\",\"position\":2,\"name\":\"En el VII encuentro de Libre Libro 2021, autores concluyen que \u201cEcuador es un pa\u00eds para cuentistas\u201d\"}]},{\"@type\":\"WebSite\",\"@id\":\"https:\\\/\\\/www.uartes.edu.ec\\\/sitio\\\/en\\\/#website\",\"url\":\"https:\\\/\\\/www.uartes.edu.ec\\\/sitio\\\/en\\\/\",\"name\":\"Universidad de las Artes\",\"description\":\"Sitio oficial de la Universidad Nacional de las Artes del Ecuador\",\"publisher\":{\"@id\":\"https:\\\/\\\/www.uartes.edu.ec\\\/sitio\\\/en\\\/#organization\"},\"potentialAction\":[{\"@type\":\"SearchAction\",\"target\":{\"@type\":\"EntryPoint\",\"urlTemplate\":\"https:\\\/\\\/www.uartes.edu.ec\\\/sitio\\\/en\\\/?s={search_term_string}\"},\"query-input\":{\"@type\":\"PropertyValueSpecification\",\"valueRequired\":true,\"valueName\":\"search_term_string\"}}],\"inLanguage\":\"en-US\"},{\"@type\":\"Organization\",\"@id\":\"https:\\\/\\\/www.uartes.edu.ec\\\/sitio\\\/en\\\/#organization\",\"name\":\"Universidad de las Artes\",\"url\":\"https:\\\/\\\/www.uartes.edu.ec\\\/sitio\\\/en\\\/\",\"logo\":{\"@type\":\"ImageObject\",\"inLanguage\":\"en-US\",\"@id\":\"https:\\\/\\\/www.uartes.edu.ec\\\/sitio\\\/en\\\/#\\\/schema\\\/logo\\\/image\\\/\",\"url\":\"https:\\\/\\\/www.uartes.edu.ec\\\/sitio\\\/wp-content\\\/uploads\\\/2022\\\/07\\\/logo-ua-horizontal.png\",\"contentUrl\":\"https:\\\/\\\/www.uartes.edu.ec\\\/sitio\\\/wp-content\\\/uploads\\\/2022\\\/07\\\/logo-ua-horizontal.png\",\"width\":800,\"height\":276,\"caption\":\"Universidad de las Artes\"},\"image\":{\"@id\":\"https:\\\/\\\/www.uartes.edu.ec\\\/sitio\\\/en\\\/#\\\/schema\\\/logo\\\/image\\\/\"},\"sameAs\":[\"https:\\\/\\\/www.facebook.com\\\/uartesec\",\"https:\\\/\\\/x.com\\\/uartesec\",\"https:\\\/\\\/www.tiktok.com\\\/@uartesec\"]},{\"@type\":\"Person\",\"@id\":\"https:\\\/\\\/www.uartes.edu.ec\\\/sitio\\\/en\\\/#\\\/schema\\\/person\\\/efa1b8275797664fd7f13a79ccc0b1f4\",\"name\":\"ccortez\",\"image\":{\"@type\":\"ImageObject\",\"inLanguage\":\"en-US\",\"@id\":\"https:\\\/\\\/secure.gravatar.com\\\/avatar\\\/b2a6f664a3ae8e074346ef91775736c5ec479e637ecced6842de9dc98b5da9cd?s=96&d=mm&r=g\",\"url\":\"https:\\\/\\\/secure.gravatar.com\\\/avatar\\\/b2a6f664a3ae8e074346ef91775736c5ec479e637ecced6842de9dc98b5da9cd?s=96&d=mm&r=g\",\"contentUrl\":\"https:\\\/\\\/secure.gravatar.com\\\/avatar\\\/b2a6f664a3ae8e074346ef91775736c5ec479e637ecced6842de9dc98b5da9cd?s=96&d=mm&r=g\",\"caption\":\"ccortez\"},\"url\":\"https:\\\/\\\/www.uartes.edu.ec\\\/sitio\\\/en\\\/blog\\\/author\\\/ccortez\\\/\"}]}<\/script>\n<!-- \/ Yoast SEO plugin. -->","yoast_head_json":{"title":"Universidad de las Artes - En el VII encuentro de Libre Libro 2021, autores concluyen que \u201cEcuador es un pa\u00eds para cuentistas\u201d","description":"Universidad de las Artes - En el VII encuentro de Libre Libro 2021, autores concluyen que \u201cEcuador es un pa\u00eds para cuentistas\u201d","robots":{"index":"index","follow":"follow","max-snippet":"max-snippet:-1","max-image-preview":"max-image-preview:large","max-video-preview":"max-video-preview:-1"},"canonical":"https:\/\/www.uartes.edu.ec\/sitio\/en\/blog\/2021\/11\/19\/en-cita-de-libre-libro-autores-concluyenque-ecuador-es-un-pais-para-cuentistas\/","og_locale":"en_US","og_type":"article","og_title":"Universidad de las Artes - En el VII encuentro de Libre Libro 2021, autores concluyen que \u201cEcuador es un pa\u00eds para cuentistas\u201d","og_description":"Universidad de las Artes - En el VII encuentro de Libre Libro 2021, autores concluyen que \u201cEcuador es un pa\u00eds para cuentistas\u201d","og_url":"https:\/\/www.uartes.edu.ec\/sitio\/en\/blog\/2021\/11\/19\/en-cita-de-libre-libro-autores-concluyenque-ecuador-es-un-pais-para-cuentistas\/","og_site_name":"Universidad de las Artes","article_publisher":"https:\/\/www.facebook.com\/uartesec","article_published_time":"2021-11-19T20:00:00+00:00","article_modified_time":"2024-07-04T16:25:21+00:00","og_image":[{"width":2000,"height":1333,"url":"https:\/\/www.uartes.edu.ec\/sitio\/wp-content\/uploads\/2021\/11\/PAIS-PARA-CUENTISTAS-WEB.webp","type":"image\/webp"}],"author":"ccortez","twitter_card":"summary_large_image","twitter_creator":"@uartesec","twitter_site":"@uartesec","twitter_misc":{"Written by":"ccortez","Est. reading time":"5 minutes"},"schema":{"@context":"https:\/\/schema.org","@graph":[{"@type":"Article","@id":"https:\/\/www.uartes.edu.ec\/sitio\/en\/blog\/2021\/11\/19\/en-cita-de-libre-libro-autores-concluyenque-ecuador-es-un-pais-para-cuentistas\/#article","isPartOf":{"@id":"https:\/\/www.uartes.edu.ec\/sitio\/en\/blog\/2021\/11\/19\/en-cita-de-libre-libro-autores-concluyenque-ecuador-es-un-pais-para-cuentistas\/"},"author":{"name":"ccortez","@id":"https:\/\/www.uartes.edu.ec\/sitio\/en\/#\/schema\/person\/efa1b8275797664fd7f13a79ccc0b1f4"},"headline":"En el VII encuentro de Libre Libro 2021, autores concluyen que \u201cEcuador es un pa\u00eds para cuentistas\u201d","datePublished":"2021-11-19T20:00:00+00:00","dateModified":"2024-07-04T16:25:21+00:00","mainEntityOfPage":{"@id":"https:\/\/www.uartes.edu.ec\/sitio\/en\/blog\/2021\/11\/19\/en-cita-de-libre-libro-autores-concluyenque-ecuador-es-un-pais-para-cuentistas\/"},"wordCount":1104,"commentCount":0,"publisher":{"@id":"https:\/\/www.uartes.edu.ec\/sitio\/en\/#organization"},"image":{"@id":"https:\/\/www.uartes.edu.ec\/sitio\/en\/blog\/2021\/11\/19\/en-cita-de-libre-libro-autores-concluyenque-ecuador-es-un-pais-para-cuentistas\/#primaryimage"},"thumbnailUrl":"https:\/\/www.uartes.edu.ec\/sitio\/wp-content\/uploads\/2021\/11\/PAIS-PARA-CUENTISTAS-WEB.webp","keywords":["Libre Libro"],"articleSection":["Artes","Docentes","Estudiantes","Literatura"],"inLanguage":"en-US","potentialAction":[{"@type":"CommentAction","name":"Comment","target":["https:\/\/www.uartes.edu.ec\/sitio\/en\/blog\/2021\/11\/19\/en-cita-de-libre-libro-autores-concluyenque-ecuador-es-un-pais-para-cuentistas\/#respond"]}]},{"@type":["WebPage","ItemPage"],"@id":"https:\/\/www.uartes.edu.ec\/sitio\/en\/blog\/2021\/11\/19\/en-cita-de-libre-libro-autores-concluyenque-ecuador-es-un-pais-para-cuentistas\/","url":"https:\/\/www.uartes.edu.ec\/sitio\/en\/blog\/2021\/11\/19\/en-cita-de-libre-libro-autores-concluyenque-ecuador-es-un-pais-para-cuentistas\/","name":"Universidad de las Artes - En el VII encuentro de Libre Libro 2021, autores concluyen que \u201cEcuador es un pa\u00eds para cuentistas\u201d","isPartOf":{"@id":"https:\/\/www.uartes.edu.ec\/sitio\/en\/#website"},"primaryImageOfPage":{"@id":"https:\/\/www.uartes.edu.ec\/sitio\/en\/blog\/2021\/11\/19\/en-cita-de-libre-libro-autores-concluyenque-ecuador-es-un-pais-para-cuentistas\/#primaryimage"},"image":{"@id":"https:\/\/www.uartes.edu.ec\/sitio\/en\/blog\/2021\/11\/19\/en-cita-de-libre-libro-autores-concluyenque-ecuador-es-un-pais-para-cuentistas\/#primaryimage"},"thumbnailUrl":"https:\/\/www.uartes.edu.ec\/sitio\/wp-content\/uploads\/2021\/11\/PAIS-PARA-CUENTISTAS-WEB.webp","datePublished":"2021-11-19T20:00:00+00:00","dateModified":"2024-07-04T16:25:21+00:00","description":"Universidad de las Artes - En el VII encuentro de Libre Libro 2021, autores concluyen que \u201cEcuador es un pa\u00eds para cuentistas\u201d","breadcrumb":{"@id":"https:\/\/www.uartes.edu.ec\/sitio\/en\/blog\/2021\/11\/19\/en-cita-de-libre-libro-autores-concluyenque-ecuador-es-un-pais-para-cuentistas\/#breadcrumb"},"inLanguage":"en-US","potentialAction":[{"@type":"ReadAction","target":["https:\/\/www.uartes.edu.ec\/sitio\/en\/blog\/2021\/11\/19\/en-cita-de-libre-libro-autores-concluyenque-ecuador-es-un-pais-para-cuentistas\/"]}]},{"@type":"ImageObject","inLanguage":"en-US","@id":"https:\/\/www.uartes.edu.ec\/sitio\/en\/blog\/2021\/11\/19\/en-cita-de-libre-libro-autores-concluyenque-ecuador-es-un-pais-para-cuentistas\/#primaryimage","url":"https:\/\/www.uartes.edu.ec\/sitio\/wp-content\/uploads\/2021\/11\/PAIS-PARA-CUENTISTAS-WEB.webp","contentUrl":"https:\/\/www.uartes.edu.ec\/sitio\/wp-content\/uploads\/2021\/11\/PAIS-PARA-CUENTISTAS-WEB.webp","width":2000,"height":1333},{"@type":"BreadcrumbList","@id":"https:\/\/www.uartes.edu.ec\/sitio\/en\/blog\/2021\/11\/19\/en-cita-de-libre-libro-autores-concluyenque-ecuador-es-un-pais-para-cuentistas\/#breadcrumb","itemListElement":[{"@type":"ListItem","position":1,"name":"Inicio","item":"https:\/\/www.uartes.edu.ec\/sitio\/"},{"@type":"ListItem","position":2,"name":"En el VII encuentro de Libre Libro 2021, autores concluyen que \u201cEcuador es un pa\u00eds para cuentistas\u201d"}]},{"@type":"WebSite","@id":"https:\/\/www.uartes.edu.ec\/sitio\/en\/#website","url":"https:\/\/www.uartes.edu.ec\/sitio\/en\/","name":"Universidad de las Artes","description":"Sitio oficial de la Universidad Nacional de las Artes del Ecuador","publisher":{"@id":"https:\/\/www.uartes.edu.ec\/sitio\/en\/#organization"},"potentialAction":[{"@type":"SearchAction","target":{"@type":"EntryPoint","urlTemplate":"https:\/\/www.uartes.edu.ec\/sitio\/en\/?s={search_term_string}"},"query-input":{"@type":"PropertyValueSpecification","valueRequired":true,"valueName":"search_term_string"}}],"inLanguage":"en-US"},{"@type":"Organization","@id":"https:\/\/www.uartes.edu.ec\/sitio\/en\/#organization","name":"Universidad de las Artes","url":"https:\/\/www.uartes.edu.ec\/sitio\/en\/","logo":{"@type":"ImageObject","inLanguage":"en-US","@id":"https:\/\/www.uartes.edu.ec\/sitio\/en\/#\/schema\/logo\/image\/","url":"https:\/\/www.uartes.edu.ec\/sitio\/wp-content\/uploads\/2022\/07\/logo-ua-horizontal.png","contentUrl":"https:\/\/www.uartes.edu.ec\/sitio\/wp-content\/uploads\/2022\/07\/logo-ua-horizontal.png","width":800,"height":276,"caption":"Universidad de las Artes"},"image":{"@id":"https:\/\/www.uartes.edu.ec\/sitio\/en\/#\/schema\/logo\/image\/"},"sameAs":["https:\/\/www.facebook.com\/uartesec","https:\/\/x.com\/uartesec","https:\/\/www.tiktok.com\/@uartesec"]},{"@type":"Person","@id":"https:\/\/www.uartes.edu.ec\/sitio\/en\/#\/schema\/person\/efa1b8275797664fd7f13a79ccc0b1f4","name":"ccortez","image":{"@type":"ImageObject","inLanguage":"en-US","@id":"https:\/\/secure.gravatar.com\/avatar\/b2a6f664a3ae8e074346ef91775736c5ec479e637ecced6842de9dc98b5da9cd?s=96&d=mm&r=g","url":"https:\/\/secure.gravatar.com\/avatar\/b2a6f664a3ae8e074346ef91775736c5ec479e637ecced6842de9dc98b5da9cd?s=96&d=mm&r=g","contentUrl":"https:\/\/secure.gravatar.com\/avatar\/b2a6f664a3ae8e074346ef91775736c5ec479e637ecced6842de9dc98b5da9cd?s=96&d=mm&r=g","caption":"ccortez"},"url":"https:\/\/www.uartes.edu.ec\/sitio\/en\/blog\/author\/ccortez\/"}]}},"uagb_featured_image_src":{"full":["https:\/\/www.uartes.edu.ec\/sitio\/wp-content\/uploads\/2021\/11\/PAIS-PARA-CUENTISTAS-WEB.webp",2000,1333,false],"thumbnail":["https:\/\/www.uartes.edu.ec\/sitio\/wp-content\/uploads\/2021\/11\/PAIS-PARA-CUENTISTAS-WEB-150x150.webp",150,150,true],"medium":["https:\/\/www.uartes.edu.ec\/sitio\/wp-content\/uploads\/2021\/11\/PAIS-PARA-CUENTISTAS-WEB-300x200.webp",300,200,true],"medium_large":["https:\/\/www.uartes.edu.ec\/sitio\/wp-content\/uploads\/2021\/11\/PAIS-PARA-CUENTISTAS-WEB-768x512.webp",768,512,true],"large":["https:\/\/www.uartes.edu.ec\/sitio\/wp-content\/uploads\/2021\/11\/PAIS-PARA-CUENTISTAS-WEB-644x429.webp",644,429,true],"1536x1536":["https:\/\/www.uartes.edu.ec\/sitio\/wp-content\/uploads\/2021\/11\/PAIS-PARA-CUENTISTAS-WEB-1536x1024.webp",1536,1024,true],"2048x2048":["https:\/\/www.uartes.edu.ec\/sitio\/wp-content\/uploads\/2021\/11\/PAIS-PARA-CUENTISTAS-WEB.webp",2000,1333,false],"trp-custom-language-flag":["https:\/\/www.uartes.edu.ec\/sitio\/wp-content\/uploads\/2021\/11\/PAIS-PARA-CUENTISTAS-WEB.webp",18,12,false],"htmega_size_585x295":["https:\/\/www.uartes.edu.ec\/sitio\/wp-content\/uploads\/2021\/11\/PAIS-PARA-CUENTISTAS-WEB.webp",443,295,false],"htmega_size_1170x536":["https:\/\/www.uartes.edu.ec\/sitio\/wp-content\/uploads\/2021\/11\/PAIS-PARA-CUENTISTAS-WEB.webp",804,536,false],"htmega_size_396x360":["https:\/\/www.uartes.edu.ec\/sitio\/wp-content\/uploads\/2021\/11\/PAIS-PARA-CUENTISTAS-WEB.webp",396,264,false],"gb-block-post-grid-landscape":["https:\/\/www.uartes.edu.ec\/sitio\/wp-content\/uploads\/2021\/11\/PAIS-PARA-CUENTISTAS-WEB-600x400.webp",600,400,true],"gb-block-post-grid-square":["https:\/\/www.uartes.edu.ec\/sitio\/wp-content\/uploads\/2021\/11\/PAIS-PARA-CUENTISTAS-WEB-600x600.webp",600,600,true],"university-hub-thumb":["https:\/\/www.uartes.edu.ec\/sitio\/wp-content\/uploads\/2021\/11\/PAIS-PARA-CUENTISTAS-WEB-400x267.webp",400,267,true],"mailpoet_newsletter_max":["https:\/\/www.uartes.edu.ec\/sitio\/wp-content\/uploads\/2021\/11\/PAIS-PARA-CUENTISTAS-WEB.webp",1320,880,false]},"uagb_author_info":{"display_name":"ccortez","author_link":"https:\/\/www.uartes.edu.ec\/sitio\/en\/blog\/author\/ccortez\/"},"uagb_comment_info":0,"uagb_excerpt":"En la VII edici\u00f3n de Libre Libro 2021, las actividades se desarrollaron de manera presencial y virtual. La programada a las 19:00 del mi\u00e9rcoles 17 de noviembre, en el segundo de los cinco d\u00edas de la jornada, se desarroll\u00f3 de manera online. Fue la cita en la que se abord\u00f3 una inquietud que en el&hellip;","featured_image_src":"https:\/\/www.uartes.edu.ec\/sitio\/wp-content\/uploads\/2021\/11\/PAIS-PARA-CUENTISTAS-WEB-600x400.webp","featured_image_src_square":"https:\/\/www.uartes.edu.ec\/sitio\/wp-content\/uploads\/2021\/11\/PAIS-PARA-CUENTISTAS-WEB-600x600.webp","author_info":{"display_name":"ccortez","author_link":"https:\/\/www.uartes.edu.ec\/sitio\/en\/blog\/author\/ccortez\/"},"publishpress_future_workflow_manual_trigger":{"enabledWorkflows":[]},"distributor_meta":false,"distributor_terms":false,"distributor_media":false,"distributor_original_site_name":"Universidad de las Artes","distributor_original_site_url":"https:\/\/www.uartes.edu.ec\/sitio\/en","push-errors":false,"_links":{"self":[{"href":"https:\/\/www.uartes.edu.ec\/sitio\/en\/wp-json\/wp\/v2\/posts\/16985","targetHints":{"allow":["GET"]}}],"collection":[{"href":"https:\/\/www.uartes.edu.ec\/sitio\/en\/wp-json\/wp\/v2\/posts"}],"about":[{"href":"https:\/\/www.uartes.edu.ec\/sitio\/en\/wp-json\/wp\/v2\/types\/post"}],"author":[{"embeddable":true,"href":"https:\/\/www.uartes.edu.ec\/sitio\/en\/wp-json\/wp\/v2\/users\/10"}],"replies":[{"embeddable":true,"href":"https:\/\/www.uartes.edu.ec\/sitio\/en\/wp-json\/wp\/v2\/comments?post=16985"}],"version-history":[{"count":3,"href":"https:\/\/www.uartes.edu.ec\/sitio\/en\/wp-json\/wp\/v2\/posts\/16985\/revisions"}],"predecessor-version":[{"id":16994,"href":"https:\/\/www.uartes.edu.ec\/sitio\/en\/wp-json\/wp\/v2\/posts\/16985\/revisions\/16994"}],"wp:featuredmedia":[{"embeddable":true,"href":"https:\/\/www.uartes.edu.ec\/sitio\/en\/wp-json\/wp\/v2\/media\/16989"}],"wp:attachment":[{"href":"https:\/\/www.uartes.edu.ec\/sitio\/en\/wp-json\/wp\/v2\/media?parent=16985"}],"wp:term":[{"taxonomy":"category","embeddable":true,"href":"https:\/\/www.uartes.edu.ec\/sitio\/en\/wp-json\/wp\/v2\/categories?post=16985"},{"taxonomy":"post_tag","embeddable":true,"href":"https:\/\/www.uartes.edu.ec\/sitio\/en\/wp-json\/wp\/v2\/tags?post=16985"},{"taxonomy":"infouartes","embeddable":true,"href":"https:\/\/www.uartes.edu.ec\/sitio\/en\/wp-json\/wp\/v2\/infouartes?post=16985"}],"curies":[{"name":"wp","href":"https:\/\/api.w.org\/{rel}","templated":true}]}}