{"id":17076,"date":"2021-11-26T17:25:00","date_gmt":"2021-11-26T22:25:00","guid":{"rendered":"http:\/\/www.uartes.edu.ec\/sitio\/?p=17076"},"modified":"2024-07-04T11:25:19","modified_gmt":"2024-07-04T16:25:19","slug":"janina-suarez-y-javier-garcia-representaran-a-lauartes-en-encuentro-sobre-derechos-humanos","status":"publish","type":"post","link":"https:\/\/www.uartes.edu.ec\/sitio\/en\/blog\/2021\/11\/26\/janina-suarez-y-javier-garcia-representaran-a-lauartes-en-encuentro-sobre-derechos-humanos\/","title":{"rendered":"Patricio S\u00e1nchez, Yanella Duarte y Janina Su\u00e1rez, representantes UArtes en cita por los DD.HH. y naturaleza"},"content":{"rendered":"<p><em>En la cita, que es organizada por la Universidad Andina Sim\u00f3n Bol\u00edvar e intervienen varias instituciones de educaci\u00f2n superior del pa\u00ecs, intervendr\u00e1 el Coro de Adultos Mayores que dirige la docente Yanella Duart<\/em>e.<\/p>\n\n\n\n<p>Los mag\u00edsteres Janina Su\u00e1rez, docente y jefa de Pr\u00e1cticas Preprofesionales, y Patricio S\u00e1nchez, especialista de proyectos de la Secretar\u00eda de Vinculaci\u00f3n con la Sociedad, participar\u00e1n en el II Encuentro Superior de Derechos Humanos y de la Naturaleza, que se desarrollar\u00e1 en modalidad virtual del 7 al 10 de diciembre de 2021 con la intervenci\u00f3n de varias instituciones de educaci\u00f3n superior del Ecuador. Ellos representar\u00e1n a la Universidad de las Artes. &nbsp;<\/p>\n\n\n\n<p>Su\u00e1rez expondr\u00e1 la experiencia comunitaria con defensores de Derechos Humanos y S\u00e1nchez moderar\u00e1 una mesa de trabajo. Est\u00e1 programada, adem\u00e1s, la presentaci\u00f3n del Coro de Adultos Mayores que se form\u00f3 en la UArtes y que coordina la tambi\u00e9n docente, MSc. Yanella Duarte.<\/p>\n\n\n\n<p>Todo es parte del proyecto \u201cCaja de herramientas para la educaci\u00f3n no formal de la Red Comunitaria de Defensoras y Defensores de Derechos Humanos y de la Naturaleza de Guayaquil\u201d, se\u00f1ala Su\u00e1rez.&nbsp;<\/p>\n\n\n\n<p>Es de anotar que la Universidad de las Artes mantiene una relaci\u00f3n de cooperaci\u00f3n con los Derechos Humanos, a partir de la ejecuci\u00f3n de actividades y proyectos de Vinculaci\u00f3n con la Sociedad desde el 2019. Estos son: Talleres de producci\u00f3n art\u00edstica y radial y un Kit DD.HH., concebido este como una caja de herramientas para la educaci\u00f3n no formal. Ambos para la Red Comunitaria de Defensoras y Defensores de Derechos Humanos y de la Naturaleza de Guayaquil.<\/p>\n\n\n\n<p>Los proyectos en menci\u00f3n han sido coordinados por Janina Su\u00e1rez y el tambi\u00e9n docente de la UArtes, doctor Jorge Tigrero.&nbsp;<\/p>\n\n\n\n<p>Sobre el segundo encuentro, el \u00e1rea de derecho de la Universidad Andina Sim\u00f3n Bol\u00edvar, sede Ecuador (UASB-E), que es su organizadora, indica en su sitio web que este se desarrollar\u00e1 de 09:00 a 13:00 y de 14:00 a 20:00, y que con su realizaci\u00f3n se busca fortalecer las capacidades de las comunidades universitarias para la comprensi\u00f3n, aplicaci\u00f3n e interrelaci\u00f3n de los enfoques de derechos humanos, naturaleza y de no violencia, y compartir experiencias te\u00f3ricas, metodol\u00f3gicas y pr\u00e1cticas de la aplicaci\u00f3n de los enfoques de derechos humanos, naturaleza y no violencia en la educaci\u00f3n superior.<\/p>\n\n\n\n<p>El encuentro est\u00e1 dirigido a estudiantes, docentes y funcionarios\/as de las IES ecuatorianas, as\u00ed como a personas que forman parte de comunidades universitarias de otros pa\u00edses y organizaciones de sociedad civil que trabajan con universidades o buscan propiciar espacios de colaboraci\u00f3n y encuentro con estas.<\/p>\n\n\n\n<p>Junto con la UArtes y la universidad anfitriona participan la Universidad Central del Ecuador (UCE), la Pontificia Universidad Cat\u00f3lica del Ecuador (PUCE), la Universidad T\u00e9cnica de Cotopaxi (UTC), la Universidad Nacional de Loja (UNL) y la Universidad Nacional de Educaci\u00f3n (UNAE).<\/p>\n\n\n\n<p>Link directo a las inscripciones:<br><a href=\"https:\/\/www.uasb.edu.ec\/uasb_agenda\/ii-encuentro-de-educacion-superior-en-derechos-humanos-y-de-la-naturaleza\/\">https:\/\/www.uasb.edu.ec\/uasb_agenda\/ii-encuentro-de-educacion-superior-en-derechos-humanos-y-de-la-naturaleza\/<\/a><\/p>","protected":false},"excerpt":{"rendered":"<p>Los mag\u00edsteres Janina Su\u00e1rez, docente y jefa de Pr\u00e1cticas Preprofesionales, y Patricio S\u00e1nchez, de la Secretar\u00eda de Vinculaci\u00f3n con la Sociedad, participar\u00e1n en el II Encuentro Superior de Derechos Humanos y de la Naturaleza, que se desarrollar\u00e1 en modalidad virtual del 7 al 10 de diciembre de 2021. El Coro de Adultos Mayores de la UArtes, que dirige Yanella Duarte, intervendr\u00e1 en la clausura de la cita.<\/p>","protected":false},"author":10,"featured_media":17145,"comment_status":"open","ping_status":"open","sticky":false,"template":"","format":"standard","meta":{"_acf_changed":false,"_uag_custom_page_level_css":"","_monsterinsights_skip_tracking":false,"_monsterinsights_sitenote_active":false,"_monsterinsights_sitenote_note":"","_monsterinsights_sitenote_category":0,"cybocfi_hide_featured_image":"","footnotes":""},"categories":[80,438,75,284],"tags":[],"infouartes":[],"class_list":["post-17076","post","type-post","status-publish","format-standard","has-post-thumbnail","hentry","category-academico","category-administrativos","category-docentes","category-investigacion"],"acf":[],"yoast_head":"<!-- This site is optimized with the Yoast SEO plugin v27.4 - https:\/\/yoast.com\/product\/yoast-seo-wordpress\/ -->\n<title>Universidad de las Artes - Patricio S\u00e1nchez, Yanella Duarte y Janina Su\u00e1rez, representantes UArtes en cita por los DD.HH. y naturaleza<\/title>\n<meta name=\"description\" content=\"Universidad de las Artes - Patricio S\u00e1nchez, Yanella Duarte y Janina Su\u00e1rez, representantes UArtes en cita por los DD.HH. y naturaleza\" \/>\n<meta name=\"robots\" content=\"index, follow, max-snippet:-1, max-image-preview:large, max-video-preview:-1\" \/>\n<link rel=\"canonical\" href=\"https:\/\/www.uartes.edu.ec\/sitio\/en\/blog\/2021\/11\/26\/janina-suarez-y-javier-garcia-representaran-a-lauartes-en-encuentro-sobre-derechos-humanos\/\" \/>\n<meta property=\"og:locale\" content=\"en_US\" \/>\n<meta property=\"og:type\" content=\"article\" \/>\n<meta property=\"og:title\" content=\"Universidad de las Artes - Patricio S\u00e1nchez, Yanella Duarte y Janina Su\u00e1rez, representantes UArtes en cita por los DD.HH. y naturaleza\" \/>\n<meta property=\"og:description\" content=\"Universidad de las Artes - Patricio S\u00e1nchez, Yanella Duarte y Janina Su\u00e1rez, representantes UArtes en cita por los DD.HH. y naturaleza\" \/>\n<meta property=\"og:url\" content=\"https:\/\/www.uartes.edu.ec\/sitio\/en\/blog\/2021\/11\/26\/janina-suarez-y-javier-garcia-representaran-a-lauartes-en-encuentro-sobre-derechos-humanos\/\" \/>\n<meta property=\"og:site_name\" content=\"Universidad de las Artes\" \/>\n<meta property=\"article:publisher\" content=\"https:\/\/www.facebook.com\/uartesec\" \/>\n<meta property=\"article:published_time\" content=\"2021-11-26T22:25:00+00:00\" \/>\n<meta property=\"article:modified_time\" content=\"2024-07-04T16:25:19+00:00\" \/>\n<meta property=\"og:image\" content=\"https:\/\/www.uartes.edu.ec\/sitio\/wp-content\/uploads\/2021\/11\/NOTA-WEB-CARMEN-2.webp\" \/>\n\t<meta property=\"og:image:width\" content=\"2000\" \/>\n\t<meta property=\"og:image:height\" content=\"1333\" \/>\n\t<meta property=\"og:image:type\" content=\"image\/webp\" \/>\n<meta name=\"author\" content=\"ccortez\" \/>\n<meta name=\"twitter:card\" content=\"summary_large_image\" \/>\n<meta name=\"twitter:creator\" content=\"@uartesec\" \/>\n<meta name=\"twitter:site\" content=\"@uartesec\" \/>\n<meta name=\"twitter:label1\" content=\"Written by\" \/>\n\t<meta name=\"twitter:data1\" content=\"ccortez\" \/>\n\t<meta name=\"twitter:label2\" content=\"Est. reading time\" \/>\n\t<meta name=\"twitter:data2\" content=\"3 minutes\" \/>\n<script type=\"application\/ld+json\" class=\"yoast-schema-graph\">{\"@context\":\"https:\\\/\\\/schema.org\",\"@graph\":[{\"@type\":\"Article\",\"@id\":\"https:\\\/\\\/www.uartes.edu.ec\\\/sitio\\\/en\\\/blog\\\/2021\\\/11\\\/26\\\/janina-suarez-y-javier-garcia-representaran-a-lauartes-en-encuentro-sobre-derechos-humanos\\\/#article\",\"isPartOf\":{\"@id\":\"https:\\\/\\\/www.uartes.edu.ec\\\/sitio\\\/en\\\/blog\\\/2021\\\/11\\\/26\\\/janina-suarez-y-javier-garcia-representaran-a-lauartes-en-encuentro-sobre-derechos-humanos\\\/\"},\"author\":{\"name\":\"ccortez\",\"@id\":\"https:\\\/\\\/www.uartes.edu.ec\\\/sitio\\\/en\\\/#\\\/schema\\\/person\\\/efa1b8275797664fd7f13a79ccc0b1f4\"},\"headline\":\"Patricio S\u00e1nchez, Yanella Duarte y Janina Su\u00e1rez, representantes UArtes en cita por los DD.HH. y naturaleza\",\"datePublished\":\"2021-11-26T22:25:00+00:00\",\"dateModified\":\"2024-07-04T16:25:19+00:00\",\"mainEntityOfPage\":{\"@id\":\"https:\\\/\\\/www.uartes.edu.ec\\\/sitio\\\/en\\\/blog\\\/2021\\\/11\\\/26\\\/janina-suarez-y-javier-garcia-representaran-a-lauartes-en-encuentro-sobre-derechos-humanos\\\/\"},\"wordCount\":531,\"commentCount\":0,\"publisher\":{\"@id\":\"https:\\\/\\\/www.uartes.edu.ec\\\/sitio\\\/en\\\/#organization\"},\"image\":{\"@id\":\"https:\\\/\\\/www.uartes.edu.ec\\\/sitio\\\/en\\\/blog\\\/2021\\\/11\\\/26\\\/janina-suarez-y-javier-garcia-representaran-a-lauartes-en-encuentro-sobre-derechos-humanos\\\/#primaryimage\"},\"thumbnailUrl\":\"https:\\\/\\\/www.uartes.edu.ec\\\/sitio\\\/wp-content\\\/uploads\\\/2021\\\/11\\\/NOTA-WEB-CARMEN-2.webp\",\"articleSection\":[\"Acad\u00e9mico\",\"Administrativos\",\"Docentes\",\"Investigaci\u00f3n\"],\"inLanguage\":\"en-US\",\"potentialAction\":[{\"@type\":\"CommentAction\",\"name\":\"Comment\",\"target\":[\"https:\\\/\\\/www.uartes.edu.ec\\\/sitio\\\/en\\\/blog\\\/2021\\\/11\\\/26\\\/janina-suarez-y-javier-garcia-representaran-a-lauartes-en-encuentro-sobre-derechos-humanos\\\/#respond\"]}]},{\"@type\":[\"WebPage\",\"ItemPage\"],\"@id\":\"https:\\\/\\\/www.uartes.edu.ec\\\/sitio\\\/en\\\/blog\\\/2021\\\/11\\\/26\\\/janina-suarez-y-javier-garcia-representaran-a-lauartes-en-encuentro-sobre-derechos-humanos\\\/\",\"url\":\"https:\\\/\\\/www.uartes.edu.ec\\\/sitio\\\/en\\\/blog\\\/2021\\\/11\\\/26\\\/janina-suarez-y-javier-garcia-representaran-a-lauartes-en-encuentro-sobre-derechos-humanos\\\/\",\"name\":\"Universidad de las Artes - Patricio S\u00e1nchez, Yanella Duarte y Janina Su\u00e1rez, representantes UArtes en cita por los DD.HH. y naturaleza\",\"isPartOf\":{\"@id\":\"https:\\\/\\\/www.uartes.edu.ec\\\/sitio\\\/en\\\/#website\"},\"primaryImageOfPage\":{\"@id\":\"https:\\\/\\\/www.uartes.edu.ec\\\/sitio\\\/en\\\/blog\\\/2021\\\/11\\\/26\\\/janina-suarez-y-javier-garcia-representaran-a-lauartes-en-encuentro-sobre-derechos-humanos\\\/#primaryimage\"},\"image\":{\"@id\":\"https:\\\/\\\/www.uartes.edu.ec\\\/sitio\\\/en\\\/blog\\\/2021\\\/11\\\/26\\\/janina-suarez-y-javier-garcia-representaran-a-lauartes-en-encuentro-sobre-derechos-humanos\\\/#primaryimage\"},\"thumbnailUrl\":\"https:\\\/\\\/www.uartes.edu.ec\\\/sitio\\\/wp-content\\\/uploads\\\/2021\\\/11\\\/NOTA-WEB-CARMEN-2.webp\",\"datePublished\":\"2021-11-26T22:25:00+00:00\",\"dateModified\":\"2024-07-04T16:25:19+00:00\",\"description\":\"Universidad de las Artes - Patricio S\u00e1nchez, Yanella Duarte y Janina Su\u00e1rez, representantes UArtes en cita por los DD.HH. y naturaleza\",\"breadcrumb\":{\"@id\":\"https:\\\/\\\/www.uartes.edu.ec\\\/sitio\\\/en\\\/blog\\\/2021\\\/11\\\/26\\\/janina-suarez-y-javier-garcia-representaran-a-lauartes-en-encuentro-sobre-derechos-humanos\\\/#breadcrumb\"},\"inLanguage\":\"en-US\",\"potentialAction\":[{\"@type\":\"ReadAction\",\"target\":[\"https:\\\/\\\/www.uartes.edu.ec\\\/sitio\\\/en\\\/blog\\\/2021\\\/11\\\/26\\\/janina-suarez-y-javier-garcia-representaran-a-lauartes-en-encuentro-sobre-derechos-humanos\\\/\"]}]},{\"@type\":\"ImageObject\",\"inLanguage\":\"en-US\",\"@id\":\"https:\\\/\\\/www.uartes.edu.ec\\\/sitio\\\/en\\\/blog\\\/2021\\\/11\\\/26\\\/janina-suarez-y-javier-garcia-representaran-a-lauartes-en-encuentro-sobre-derechos-humanos\\\/#primaryimage\",\"url\":\"https:\\\/\\\/www.uartes.edu.ec\\\/sitio\\\/wp-content\\\/uploads\\\/2021\\\/11\\\/NOTA-WEB-CARMEN-2.webp\",\"contentUrl\":\"https:\\\/\\\/www.uartes.edu.ec\\\/sitio\\\/wp-content\\\/uploads\\\/2021\\\/11\\\/NOTA-WEB-CARMEN-2.webp\",\"width\":2000,\"height\":1333},{\"@type\":\"BreadcrumbList\",\"@id\":\"https:\\\/\\\/www.uartes.edu.ec\\\/sitio\\\/en\\\/blog\\\/2021\\\/11\\\/26\\\/janina-suarez-y-javier-garcia-representaran-a-lauartes-en-encuentro-sobre-derechos-humanos\\\/#breadcrumb\",\"itemListElement\":[{\"@type\":\"ListItem\",\"position\":1,\"name\":\"Inicio\",\"item\":\"https:\\\/\\\/www.uartes.edu.ec\\\/sitio\\\/\"},{\"@type\":\"ListItem\",\"position\":2,\"name\":\"Patricio S\u00e1nchez, Yanella Duarte y Janina Su\u00e1rez, representantes UArtes en cita por los DD.HH. y naturaleza\"}]},{\"@type\":\"WebSite\",\"@id\":\"https:\\\/\\\/www.uartes.edu.ec\\\/sitio\\\/en\\\/#website\",\"url\":\"https:\\\/\\\/www.uartes.edu.ec\\\/sitio\\\/en\\\/\",\"name\":\"Universidad de las Artes\",\"description\":\"Sitio oficial de la Universidad Nacional de las Artes del Ecuador\",\"publisher\":{\"@id\":\"https:\\\/\\\/www.uartes.edu.ec\\\/sitio\\\/en\\\/#organization\"},\"potentialAction\":[{\"@type\":\"SearchAction\",\"target\":{\"@type\":\"EntryPoint\",\"urlTemplate\":\"https:\\\/\\\/www.uartes.edu.ec\\\/sitio\\\/en\\\/?s={search_term_string}\"},\"query-input\":{\"@type\":\"PropertyValueSpecification\",\"valueRequired\":true,\"valueName\":\"search_term_string\"}}],\"inLanguage\":\"en-US\"},{\"@type\":\"Organization\",\"@id\":\"https:\\\/\\\/www.uartes.edu.ec\\\/sitio\\\/en\\\/#organization\",\"name\":\"Universidad de las Artes\",\"url\":\"https:\\\/\\\/www.uartes.edu.ec\\\/sitio\\\/en\\\/\",\"logo\":{\"@type\":\"ImageObject\",\"inLanguage\":\"en-US\",\"@id\":\"https:\\\/\\\/www.uartes.edu.ec\\\/sitio\\\/en\\\/#\\\/schema\\\/logo\\\/image\\\/\",\"url\":\"https:\\\/\\\/www.uartes.edu.ec\\\/sitio\\\/wp-content\\\/uploads\\\/2022\\\/07\\\/logo-ua-horizontal.png\",\"contentUrl\":\"https:\\\/\\\/www.uartes.edu.ec\\\/sitio\\\/wp-content\\\/uploads\\\/2022\\\/07\\\/logo-ua-horizontal.png\",\"width\":800,\"height\":276,\"caption\":\"Universidad de las Artes\"},\"image\":{\"@id\":\"https:\\\/\\\/www.uartes.edu.ec\\\/sitio\\\/en\\\/#\\\/schema\\\/logo\\\/image\\\/\"},\"sameAs\":[\"https:\\\/\\\/www.facebook.com\\\/uartesec\",\"https:\\\/\\\/x.com\\\/uartesec\",\"https:\\\/\\\/www.tiktok.com\\\/@uartesec\"]},{\"@type\":\"Person\",\"@id\":\"https:\\\/\\\/www.uartes.edu.ec\\\/sitio\\\/en\\\/#\\\/schema\\\/person\\\/efa1b8275797664fd7f13a79ccc0b1f4\",\"name\":\"ccortez\",\"image\":{\"@type\":\"ImageObject\",\"inLanguage\":\"en-US\",\"@id\":\"https:\\\/\\\/secure.gravatar.com\\\/avatar\\\/b2a6f664a3ae8e074346ef91775736c5ec479e637ecced6842de9dc98b5da9cd?s=96&d=mm&r=g\",\"url\":\"https:\\\/\\\/secure.gravatar.com\\\/avatar\\\/b2a6f664a3ae8e074346ef91775736c5ec479e637ecced6842de9dc98b5da9cd?s=96&d=mm&r=g\",\"contentUrl\":\"https:\\\/\\\/secure.gravatar.com\\\/avatar\\\/b2a6f664a3ae8e074346ef91775736c5ec479e637ecced6842de9dc98b5da9cd?s=96&d=mm&r=g\",\"caption\":\"ccortez\"},\"url\":\"https:\\\/\\\/www.uartes.edu.ec\\\/sitio\\\/en\\\/blog\\\/author\\\/ccortez\\\/\"}]}<\/script>\n<!-- \/ Yoast SEO plugin. -->","yoast_head_json":{"title":"Universidad de las Artes - Patricio S\u00e1nchez, Yanella Duarte y Janina Su\u00e1rez, representantes UArtes en cita por los DD.HH. y naturaleza","description":"Universidad de las Artes - Patricio S\u00e1nchez, Yanella Duarte y Janina Su\u00e1rez, representantes UArtes en cita por los DD.HH. y naturaleza","robots":{"index":"index","follow":"follow","max-snippet":"max-snippet:-1","max-image-preview":"max-image-preview:large","max-video-preview":"max-video-preview:-1"},"canonical":"https:\/\/www.uartes.edu.ec\/sitio\/en\/blog\/2021\/11\/26\/janina-suarez-y-javier-garcia-representaran-a-lauartes-en-encuentro-sobre-derechos-humanos\/","og_locale":"en_US","og_type":"article","og_title":"Universidad de las Artes - Patricio S\u00e1nchez, Yanella Duarte y Janina Su\u00e1rez, representantes UArtes en cita por los DD.HH. y naturaleza","og_description":"Universidad de las Artes - Patricio S\u00e1nchez, Yanella Duarte y Janina Su\u00e1rez, representantes UArtes en cita por los DD.HH. y naturaleza","og_url":"https:\/\/www.uartes.edu.ec\/sitio\/en\/blog\/2021\/11\/26\/janina-suarez-y-javier-garcia-representaran-a-lauartes-en-encuentro-sobre-derechos-humanos\/","og_site_name":"Universidad de las Artes","article_publisher":"https:\/\/www.facebook.com\/uartesec","article_published_time":"2021-11-26T22:25:00+00:00","article_modified_time":"2024-07-04T16:25:19+00:00","og_image":[{"width":2000,"height":1333,"url":"https:\/\/www.uartes.edu.ec\/sitio\/wp-content\/uploads\/2021\/11\/NOTA-WEB-CARMEN-2.webp","type":"image\/webp"}],"author":"ccortez","twitter_card":"summary_large_image","twitter_creator":"@uartesec","twitter_site":"@uartesec","twitter_misc":{"Written by":"ccortez","Est. reading time":"3 minutes"},"schema":{"@context":"https:\/\/schema.org","@graph":[{"@type":"Article","@id":"https:\/\/www.uartes.edu.ec\/sitio\/en\/blog\/2021\/11\/26\/janina-suarez-y-javier-garcia-representaran-a-lauartes-en-encuentro-sobre-derechos-humanos\/#article","isPartOf":{"@id":"https:\/\/www.uartes.edu.ec\/sitio\/en\/blog\/2021\/11\/26\/janina-suarez-y-javier-garcia-representaran-a-lauartes-en-encuentro-sobre-derechos-humanos\/"},"author":{"name":"ccortez","@id":"https:\/\/www.uartes.edu.ec\/sitio\/en\/#\/schema\/person\/efa1b8275797664fd7f13a79ccc0b1f4"},"headline":"Patricio S\u00e1nchez, Yanella Duarte y Janina Su\u00e1rez, representantes UArtes en cita por los DD.HH. y naturaleza","datePublished":"2021-11-26T22:25:00+00:00","dateModified":"2024-07-04T16:25:19+00:00","mainEntityOfPage":{"@id":"https:\/\/www.uartes.edu.ec\/sitio\/en\/blog\/2021\/11\/26\/janina-suarez-y-javier-garcia-representaran-a-lauartes-en-encuentro-sobre-derechos-humanos\/"},"wordCount":531,"commentCount":0,"publisher":{"@id":"https:\/\/www.uartes.edu.ec\/sitio\/en\/#organization"},"image":{"@id":"https:\/\/www.uartes.edu.ec\/sitio\/en\/blog\/2021\/11\/26\/janina-suarez-y-javier-garcia-representaran-a-lauartes-en-encuentro-sobre-derechos-humanos\/#primaryimage"},"thumbnailUrl":"https:\/\/www.uartes.edu.ec\/sitio\/wp-content\/uploads\/2021\/11\/NOTA-WEB-CARMEN-2.webp","articleSection":["Acad\u00e9mico","Administrativos","Docentes","Investigaci\u00f3n"],"inLanguage":"en-US","potentialAction":[{"@type":"CommentAction","name":"Comment","target":["https:\/\/www.uartes.edu.ec\/sitio\/en\/blog\/2021\/11\/26\/janina-suarez-y-javier-garcia-representaran-a-lauartes-en-encuentro-sobre-derechos-humanos\/#respond"]}]},{"@type":["WebPage","ItemPage"],"@id":"https:\/\/www.uartes.edu.ec\/sitio\/en\/blog\/2021\/11\/26\/janina-suarez-y-javier-garcia-representaran-a-lauartes-en-encuentro-sobre-derechos-humanos\/","url":"https:\/\/www.uartes.edu.ec\/sitio\/en\/blog\/2021\/11\/26\/janina-suarez-y-javier-garcia-representaran-a-lauartes-en-encuentro-sobre-derechos-humanos\/","name":"Universidad de las Artes - Patricio S\u00e1nchez, Yanella Duarte y Janina Su\u00e1rez, representantes UArtes en cita por los DD.HH. y naturaleza","isPartOf":{"@id":"https:\/\/www.uartes.edu.ec\/sitio\/en\/#website"},"primaryImageOfPage":{"@id":"https:\/\/www.uartes.edu.ec\/sitio\/en\/blog\/2021\/11\/26\/janina-suarez-y-javier-garcia-representaran-a-lauartes-en-encuentro-sobre-derechos-humanos\/#primaryimage"},"image":{"@id":"https:\/\/www.uartes.edu.ec\/sitio\/en\/blog\/2021\/11\/26\/janina-suarez-y-javier-garcia-representaran-a-lauartes-en-encuentro-sobre-derechos-humanos\/#primaryimage"},"thumbnailUrl":"https:\/\/www.uartes.edu.ec\/sitio\/wp-content\/uploads\/2021\/11\/NOTA-WEB-CARMEN-2.webp","datePublished":"2021-11-26T22:25:00+00:00","dateModified":"2024-07-04T16:25:19+00:00","description":"Universidad de las Artes - Patricio S\u00e1nchez, Yanella Duarte y Janina Su\u00e1rez, representantes UArtes en cita por los DD.HH. y naturaleza","breadcrumb":{"@id":"https:\/\/www.uartes.edu.ec\/sitio\/en\/blog\/2021\/11\/26\/janina-suarez-y-javier-garcia-representaran-a-lauartes-en-encuentro-sobre-derechos-humanos\/#breadcrumb"},"inLanguage":"en-US","potentialAction":[{"@type":"ReadAction","target":["https:\/\/www.uartes.edu.ec\/sitio\/en\/blog\/2021\/11\/26\/janina-suarez-y-javier-garcia-representaran-a-lauartes-en-encuentro-sobre-derechos-humanos\/"]}]},{"@type":"ImageObject","inLanguage":"en-US","@id":"https:\/\/www.uartes.edu.ec\/sitio\/en\/blog\/2021\/11\/26\/janina-suarez-y-javier-garcia-representaran-a-lauartes-en-encuentro-sobre-derechos-humanos\/#primaryimage","url":"https:\/\/www.uartes.edu.ec\/sitio\/wp-content\/uploads\/2021\/11\/NOTA-WEB-CARMEN-2.webp","contentUrl":"https:\/\/www.uartes.edu.ec\/sitio\/wp-content\/uploads\/2021\/11\/NOTA-WEB-CARMEN-2.webp","width":2000,"height":1333},{"@type":"BreadcrumbList","@id":"https:\/\/www.uartes.edu.ec\/sitio\/en\/blog\/2021\/11\/26\/janina-suarez-y-javier-garcia-representaran-a-lauartes-en-encuentro-sobre-derechos-humanos\/#breadcrumb","itemListElement":[{"@type":"ListItem","position":1,"name":"Inicio","item":"https:\/\/www.uartes.edu.ec\/sitio\/"},{"@type":"ListItem","position":2,"name":"Patricio S\u00e1nchez, Yanella Duarte y Janina Su\u00e1rez, representantes UArtes en cita por los DD.HH. y naturaleza"}]},{"@type":"WebSite","@id":"https:\/\/www.uartes.edu.ec\/sitio\/en\/#website","url":"https:\/\/www.uartes.edu.ec\/sitio\/en\/","name":"Universidad de las Artes","description":"Sitio oficial de la Universidad Nacional de las Artes del Ecuador","publisher":{"@id":"https:\/\/www.uartes.edu.ec\/sitio\/en\/#organization"},"potentialAction":[{"@type":"SearchAction","target":{"@type":"EntryPoint","urlTemplate":"https:\/\/www.uartes.edu.ec\/sitio\/en\/?s={search_term_string}"},"query-input":{"@type":"PropertyValueSpecification","valueRequired":true,"valueName":"search_term_string"}}],"inLanguage":"en-US"},{"@type":"Organization","@id":"https:\/\/www.uartes.edu.ec\/sitio\/en\/#organization","name":"Universidad de las Artes","url":"https:\/\/www.uartes.edu.ec\/sitio\/en\/","logo":{"@type":"ImageObject","inLanguage":"en-US","@id":"https:\/\/www.uartes.edu.ec\/sitio\/en\/#\/schema\/logo\/image\/","url":"https:\/\/www.uartes.edu.ec\/sitio\/wp-content\/uploads\/2022\/07\/logo-ua-horizontal.png","contentUrl":"https:\/\/www.uartes.edu.ec\/sitio\/wp-content\/uploads\/2022\/07\/logo-ua-horizontal.png","width":800,"height":276,"caption":"Universidad de las Artes"},"image":{"@id":"https:\/\/www.uartes.edu.ec\/sitio\/en\/#\/schema\/logo\/image\/"},"sameAs":["https:\/\/www.facebook.com\/uartesec","https:\/\/x.com\/uartesec","https:\/\/www.tiktok.com\/@uartesec"]},{"@type":"Person","@id":"https:\/\/www.uartes.edu.ec\/sitio\/en\/#\/schema\/person\/efa1b8275797664fd7f13a79ccc0b1f4","name":"ccortez","image":{"@type":"ImageObject","inLanguage":"en-US","@id":"https:\/\/secure.gravatar.com\/avatar\/b2a6f664a3ae8e074346ef91775736c5ec479e637ecced6842de9dc98b5da9cd?s=96&d=mm&r=g","url":"https:\/\/secure.gravatar.com\/avatar\/b2a6f664a3ae8e074346ef91775736c5ec479e637ecced6842de9dc98b5da9cd?s=96&d=mm&r=g","contentUrl":"https:\/\/secure.gravatar.com\/avatar\/b2a6f664a3ae8e074346ef91775736c5ec479e637ecced6842de9dc98b5da9cd?s=96&d=mm&r=g","caption":"ccortez"},"url":"https:\/\/www.uartes.edu.ec\/sitio\/en\/blog\/author\/ccortez\/"}]}},"uagb_featured_image_src":{"full":["https:\/\/www.uartes.edu.ec\/sitio\/wp-content\/uploads\/2021\/11\/NOTA-WEB-CARMEN-2.webp",2000,1333,false],"thumbnail":["https:\/\/www.uartes.edu.ec\/sitio\/wp-content\/uploads\/2021\/11\/NOTA-WEB-CARMEN-2-150x150.webp",150,150,true],"medium":["https:\/\/www.uartes.edu.ec\/sitio\/wp-content\/uploads\/2021\/11\/NOTA-WEB-CARMEN-2-300x200.webp",300,200,true],"medium_large":["https:\/\/www.uartes.edu.ec\/sitio\/wp-content\/uploads\/2021\/11\/NOTA-WEB-CARMEN-2-768x512.webp",768,512,true],"large":["https:\/\/www.uartes.edu.ec\/sitio\/wp-content\/uploads\/2021\/11\/NOTA-WEB-CARMEN-2-644x429.webp",644,429,true],"1536x1536":["https:\/\/www.uartes.edu.ec\/sitio\/wp-content\/uploads\/2021\/11\/NOTA-WEB-CARMEN-2-1536x1024.webp",1536,1024,true],"2048x2048":["https:\/\/www.uartes.edu.ec\/sitio\/wp-content\/uploads\/2021\/11\/NOTA-WEB-CARMEN-2.webp",2000,1333,false],"trp-custom-language-flag":["https:\/\/www.uartes.edu.ec\/sitio\/wp-content\/uploads\/2021\/11\/NOTA-WEB-CARMEN-2.webp",18,12,false],"htmega_size_585x295":["https:\/\/www.uartes.edu.ec\/sitio\/wp-content\/uploads\/2021\/11\/NOTA-WEB-CARMEN-2.webp",443,295,false],"htmega_size_1170x536":["https:\/\/www.uartes.edu.ec\/sitio\/wp-content\/uploads\/2021\/11\/NOTA-WEB-CARMEN-2.webp",804,536,false],"htmega_size_396x360":["https:\/\/www.uartes.edu.ec\/sitio\/wp-content\/uploads\/2021\/11\/NOTA-WEB-CARMEN-2.webp",396,264,false],"gb-block-post-grid-landscape":["https:\/\/www.uartes.edu.ec\/sitio\/wp-content\/uploads\/2021\/11\/NOTA-WEB-CARMEN-2-600x400.webp",600,400,true],"gb-block-post-grid-square":["https:\/\/www.uartes.edu.ec\/sitio\/wp-content\/uploads\/2021\/11\/NOTA-WEB-CARMEN-2-600x600.webp",600,600,true],"university-hub-thumb":["https:\/\/www.uartes.edu.ec\/sitio\/wp-content\/uploads\/2021\/11\/NOTA-WEB-CARMEN-2-400x267.webp",400,267,true],"mailpoet_newsletter_max":["https:\/\/www.uartes.edu.ec\/sitio\/wp-content\/uploads\/2021\/11\/NOTA-WEB-CARMEN-2.webp",1320,880,false]},"uagb_author_info":{"display_name":"ccortez","author_link":"https:\/\/www.uartes.edu.ec\/sitio\/en\/blog\/author\/ccortez\/"},"uagb_comment_info":0,"uagb_excerpt":"Los mag\u00edsteres Janina Su\u00e1rez, docente y jefa de Pr\u00e1cticas Preprofesionales, y Patricio S\u00e1nchez, de la Secretar\u00eda de Vinculaci\u00f3n con la Sociedad, participar\u00e1n en el II Encuentro Superior de Derechos Humanos y de la Naturaleza, que se desarrollar\u00e1 en modalidad virtual del 7 al 10 de diciembre de 2021. El Coro de Adultos Mayores de la&hellip;","featured_image_src":"https:\/\/www.uartes.edu.ec\/sitio\/wp-content\/uploads\/2021\/11\/NOTA-WEB-CARMEN-2-600x400.webp","featured_image_src_square":"https:\/\/www.uartes.edu.ec\/sitio\/wp-content\/uploads\/2021\/11\/NOTA-WEB-CARMEN-2-600x600.webp","author_info":{"display_name":"ccortez","author_link":"https:\/\/www.uartes.edu.ec\/sitio\/en\/blog\/author\/ccortez\/"},"publishpress_future_workflow_manual_trigger":{"enabledWorkflows":[]},"distributor_meta":false,"distributor_terms":false,"distributor_media":false,"distributor_original_site_name":"Universidad de las Artes","distributor_original_site_url":"https:\/\/www.uartes.edu.ec\/sitio\/en","push-errors":false,"_links":{"self":[{"href":"https:\/\/www.uartes.edu.ec\/sitio\/en\/wp-json\/wp\/v2\/posts\/17076","targetHints":{"allow":["GET"]}}],"collection":[{"href":"https:\/\/www.uartes.edu.ec\/sitio\/en\/wp-json\/wp\/v2\/posts"}],"about":[{"href":"https:\/\/www.uartes.edu.ec\/sitio\/en\/wp-json\/wp\/v2\/types\/post"}],"author":[{"embeddable":true,"href":"https:\/\/www.uartes.edu.ec\/sitio\/en\/wp-json\/wp\/v2\/users\/10"}],"replies":[{"embeddable":true,"href":"https:\/\/www.uartes.edu.ec\/sitio\/en\/wp-json\/wp\/v2\/comments?post=17076"}],"version-history":[{"count":22,"href":"https:\/\/www.uartes.edu.ec\/sitio\/en\/wp-json\/wp\/v2\/posts\/17076\/revisions"}],"predecessor-version":[{"id":35537,"href":"https:\/\/www.uartes.edu.ec\/sitio\/en\/wp-json\/wp\/v2\/posts\/17076\/revisions\/35537"}],"wp:featuredmedia":[{"embeddable":true,"href":"https:\/\/www.uartes.edu.ec\/sitio\/en\/wp-json\/wp\/v2\/media\/17145"}],"wp:attachment":[{"href":"https:\/\/www.uartes.edu.ec\/sitio\/en\/wp-json\/wp\/v2\/media?parent=17076"}],"wp:term":[{"taxonomy":"category","embeddable":true,"href":"https:\/\/www.uartes.edu.ec\/sitio\/en\/wp-json\/wp\/v2\/categories?post=17076"},{"taxonomy":"post_tag","embeddable":true,"href":"https:\/\/www.uartes.edu.ec\/sitio\/en\/wp-json\/wp\/v2\/tags?post=17076"},{"taxonomy":"infouartes","embeddable":true,"href":"https:\/\/www.uartes.edu.ec\/sitio\/en\/wp-json\/wp\/v2\/infouartes?post=17076"}],"curies":[{"name":"wp","href":"https:\/\/api.w.org\/{rel}","templated":true}]}}