{"id":17205,"date":"2021-12-01T13:41:01","date_gmt":"2021-12-01T18:41:01","guid":{"rendered":"http:\/\/www.uartes.edu.ec\/sitio\/?p=17205"},"modified":"2024-07-04T11:25:18","modified_gmt":"2024-07-04T16:25:18","slug":"iii-encuentro-de-vinculacion-conla-sociedad-tejiendo-comunidad","status":"publish","type":"post","link":"https:\/\/www.uartes.edu.ec\/sitio\/en\/blog\/2021\/12\/01\/iii-encuentro-de-vinculacion-conla-sociedad-tejiendo-comunidad\/","title":{"rendered":"III Encuentro de Vinculaci\u00f3n con la Sociedad, Tejiendo Comunidad"},"content":{"rendered":"<p>Propuesto como un espacio para compartir aprendizajes y preguntas en el contexto de la crisis actual y la pospandemia, la Universidad de las Artes ha organizado para este viernes 3 de diciembre de 2021 el III Encuentro de Vinculaci\u00f3n con la Sociedad, Tejiendo Comunidad. Tendr\u00e1 lugar en la Sal\u00f3n de Usos M\u00faltiples, ubicado en el Pabell\u00f3n Araceli Gilbert del Palacio de la Gobernaci\u00f3n.<\/p>\n\n\n\n<p>Junto con las autoridades UArtes, los docentes, estudiantes, vicerrectorados Acad\u00e9micos y de Posgrado e Investigaci\u00f3n en Artes, secretar\u00edas Acad\u00e9mica, de Vinculaci\u00f3n con la Comunidad y Administrativa, MZ14, Biblioteca de las Artes y Bienestar Universitario, en la cita intervendr\u00e1n representantes de instituciones y organizaciones contrapartes en proyectos y actividades de vinculaci\u00f3n con la sociedad y de universidades con oferta de educaci\u00f3n superior en artes. Todos con el prop\u00f3sito de reconstruir \u2013a partir de la reflexi\u00f3n colectiva\u2013, pr\u00e1cticas y experiencias relacionadas con la educaci\u00f3n en artes en\/con comunidad.<\/p>\n\n\n\n<p>El encuentro se iniciar\u00e1 a las 09:00 y concluir\u00e1 a las 13:00. Durante su desarrollo, el di\u00e1logo con los representantes de organizaciones e instituciones convocadas ser\u00e1 determinante para el prop\u00f3sito de reconstituir nuestra visi\u00f3n de vinculaci\u00f3n con la sociedad, situ\u00e1ndonos en este nuevo momento de partida y en la necesidad de volvernos a ver, recordar la disposici\u00f3n para el aprendizaje y confiar en la posibilidad de la transformaci\u00f3n desde la educaci\u00f3n superior en artes.<\/p>\n\n\n\n<p>En su estructura, tres ser\u00e1n los momentos claves de la cita: \u201cCompartiendo reflexiones\u201d, que es la mesa de di\u00e1logo con representantes de la UArtes y de comunidades, organizaciones e instituciones en torno a una pregunta generadora; \u201cC\u00edrculos para el intercambio\u201d, con conversaciones grupales respecto de las experiencias de trabajo colectivo en torno a preguntas que ser\u00e1n resueltas colectivamente; e, \u201cIntegraci\u00f3n\u201d, un espacio de sistematizaci\u00f3n del trabajo colectivo en los c\u00edrculos de intercambio y mesa colectiva para compartir alimentos. &nbsp;<\/p>\n\n\n\n<p>La bienvenida la dar\u00e1n los doctores William Herrera, rector de la UArtes, y Bradley Hilgert, vicerrector Acad\u00e9mico. Mar\u00eda Jos\u00e9 Icaza, directora de Vinculaci\u00f3n con la Sociedad, har\u00e1 su presentaci\u00f3n.<\/p>\n\n\n\n<p>Seguidamente, en \u201cCompartiendo reflexiones\u201d, se analizar\u00e1 c\u00f3mo la universidad puede contribuir en la construcci\u00f3n de soluciones para dar respuesta a las necesidades de la sociedad. Participar\u00e1n: Byron Cevallos, docente y coordinador de la carrera de Pedagog\u00eda en Artes y Humanidades; Mariuxi \u00c1vila, directora de Fomento Art\u00edstico y Cultural de la Casa de la Cultura Ecuatoriana (CCE); Xavier Le\u00f3n, decano de la Facultad de Artes de la Universidad Central del Ecuador (FAUCE); Patricia Toro, directora de Fundaci\u00f3n Hilarte; Dayana G\u00e1lvez<strong>,<\/strong> estudiante UArtes que realiza sus pr\u00e1cticas preprofesionales en Ol\u00f3n Comunica; y, Carlos Valencia, del Centro Cultural Karib\u00fa,<\/p>\n\n\n\n<p>Desde las 10:40 hasta las 11:10, para el desarrollo de \u201cC\u00edrculos para el intercambio\u201d se instalar\u00e1n mesas de trabajo grupales, dirigidas por Laura Nivela, graduada de la Escuela de Literatura y asistente t\u00e9cnica de Secretar\u00eda Acad\u00e9mica, y los estudiantes Willy Lino, Lady S\u00e1nchez y Karla Guin, de la Escuela de Artes Esc\u00e9nicas. Entre los temas del di\u00e1logo constan el rol que debe cumplir la Universidad de las Artes en su relaci\u00f3n con las comunidades, c\u00f3mo las artes y la creaci\u00f3n pueden aportar en la construcci\u00f3n de nuevas relaciones para enfrentar a la crisis, qu\u00e9 pr\u00e1cticas organizativas pueden guiarnos, qu\u00e9 preocupaciones y expectativas son prioritarias en el momento actual y c\u00f3mo podemos relacionarnos mejor con organizaciones, comunidades y redes glocales.<\/p>\n\n\n\n<p>De 11:10 a 11:30 habr\u00e1 una plenaria; de 11:30 a 11:50, una pamba mesa; y, de 12:00 a 12:30, una visita a la Plaza P\u00fablica del Centro de Producci\u00f3n e Innovaci\u00f3n MZ14 (Panam\u00e1 y 9 de Octubre), donde se inaugurar\u00e1 la exposici\u00f3n de obras escult\u00f3ricas y artesanales de San Antonio de Ibarra, como parte del relacionamiento entre el Instituto Latinoamericano de Investigaci\u00f3n de Artes y el Centro Interamericano de Artesan\u00edas y Artes Populares (CIDAP).<\/p>\n\n\n\n<p>En consideraci\u00f3n del aforo limitado de los espacios, es necesario registrar la asistencia al encuentro en el siguiente formulario:&nbsp;<a href=\"https:\/\/forms.office.com\/r\/SLNjHVzqhc\" target=\"_blank\" rel=\"noreferrer noopener\">https:\/\/forms.office.com\/r\/SLNjHVzqhc<\/a><\/p>","protected":false},"excerpt":{"rendered":"<p>Propuesto como un espacio para compartir aprendizajes y preguntas en el contexto de la crisis actual y la pospandemia, la Universidad de las Artes ha organizado para este viernes 3 de diciembre de 2021 el III Encuentro de Vinculaci\u00f3n con la Sociedad, Tejiendo Comunidad. Tendr\u00e1 lugar en la Sal\u00f3n de Usos M\u00faltiples, ubicado en el Pabell\u00f3n Araceli Gilbert del Palacio de la Gobernaci\u00f3n.<\/p>","protected":false},"author":10,"featured_media":17206,"comment_status":"open","ping_status":"open","sticky":false,"template":"","format":"standard","meta":{"_acf_changed":false,"_uag_custom_page_level_css":"","_monsterinsights_skip_tracking":false,"_monsterinsights_sitenote_active":false,"_monsterinsights_sitenote_note":"","_monsterinsights_sitenote_category":0,"cybocfi_hide_featured_image":"","footnotes":""},"categories":[75,76,77,284,79],"tags":[521],"infouartes":[],"class_list":["post-17205","post","type-post","status-publish","format-standard","has-post-thumbnail","hentry","category-docentes","category-estudiantes","category-gestion","category-investigacion","category-vinculo","tag-encuentro"],"acf":[],"yoast_head":"<!-- This site is optimized with the Yoast SEO plugin v27.4 - https:\/\/yoast.com\/product\/yoast-seo-wordpress\/ -->\n<title>Universidad de las Artes - III Encuentro de Vinculaci\u00f3n con la Sociedad, Tejiendo Comunidad<\/title>\n<meta name=\"description\" content=\"Universidad de las Artes - III Encuentro de Vinculaci\u00f3n con la Sociedad, Tejiendo Comunidad\" \/>\n<meta name=\"robots\" content=\"index, follow, max-snippet:-1, max-image-preview:large, max-video-preview:-1\" \/>\n<link rel=\"canonical\" href=\"https:\/\/www.uartes.edu.ec\/sitio\/en\/blog\/2021\/12\/01\/iii-encuentro-de-vinculacion-conla-sociedad-tejiendo-comunidad\/\" \/>\n<meta property=\"og:locale\" content=\"en_US\" \/>\n<meta property=\"og:type\" content=\"article\" \/>\n<meta property=\"og:title\" content=\"Universidad de las Artes - III Encuentro de Vinculaci\u00f3n con la Sociedad, Tejiendo Comunidad\" \/>\n<meta property=\"og:description\" content=\"Universidad de las Artes - III Encuentro de Vinculaci\u00f3n con la Sociedad, Tejiendo Comunidad\" \/>\n<meta property=\"og:url\" content=\"https:\/\/www.uartes.edu.ec\/sitio\/en\/blog\/2021\/12\/01\/iii-encuentro-de-vinculacion-conla-sociedad-tejiendo-comunidad\/\" \/>\n<meta property=\"og:site_name\" content=\"Universidad de las Artes\" \/>\n<meta property=\"article:publisher\" content=\"https:\/\/www.facebook.com\/uartesec\" \/>\n<meta property=\"article:published_time\" content=\"2021-12-01T18:41:01+00:00\" \/>\n<meta property=\"article:modified_time\" content=\"2024-07-04T16:25:18+00:00\" \/>\n<meta property=\"og:image\" content=\"https:\/\/www.uartes.edu.ec\/sitio\/wp-content\/uploads\/2021\/12\/III-encuentro-vinculacion-con-la-sociedad.webp\" \/>\n\t<meta property=\"og:image:width\" content=\"2000\" \/>\n\t<meta property=\"og:image:height\" content=\"1333\" \/>\n\t<meta property=\"og:image:type\" content=\"image\/webp\" \/>\n<meta name=\"author\" content=\"ccortez\" \/>\n<meta name=\"twitter:card\" content=\"summary_large_image\" \/>\n<meta name=\"twitter:creator\" content=\"@uartesec\" \/>\n<meta name=\"twitter:site\" content=\"@uartesec\" \/>\n<meta name=\"twitter:label1\" content=\"Written by\" \/>\n\t<meta name=\"twitter:data1\" content=\"ccortez\" \/>\n\t<meta name=\"twitter:label2\" content=\"Est. reading time\" \/>\n\t<meta name=\"twitter:data2\" content=\"3 minutes\" \/>\n<script type=\"application\/ld+json\" class=\"yoast-schema-graph\">{\"@context\":\"https:\\\/\\\/schema.org\",\"@graph\":[{\"@type\":\"Article\",\"@id\":\"https:\\\/\\\/www.uartes.edu.ec\\\/sitio\\\/en\\\/blog\\\/2021\\\/12\\\/01\\\/iii-encuentro-de-vinculacion-conla-sociedad-tejiendo-comunidad\\\/#article\",\"isPartOf\":{\"@id\":\"https:\\\/\\\/www.uartes.edu.ec\\\/sitio\\\/en\\\/blog\\\/2021\\\/12\\\/01\\\/iii-encuentro-de-vinculacion-conla-sociedad-tejiendo-comunidad\\\/\"},\"author\":{\"name\":\"ccortez\",\"@id\":\"https:\\\/\\\/www.uartes.edu.ec\\\/sitio\\\/en\\\/#\\\/schema\\\/person\\\/efa1b8275797664fd7f13a79ccc0b1f4\"},\"headline\":\"III Encuentro de Vinculaci\u00f3n con la Sociedad, Tejiendo Comunidad\",\"datePublished\":\"2021-12-01T18:41:01+00:00\",\"dateModified\":\"2024-07-04T16:25:18+00:00\",\"mainEntityOfPage\":{\"@id\":\"https:\\\/\\\/www.uartes.edu.ec\\\/sitio\\\/en\\\/blog\\\/2021\\\/12\\\/01\\\/iii-encuentro-de-vinculacion-conla-sociedad-tejiendo-comunidad\\\/\"},\"wordCount\":713,\"commentCount\":0,\"publisher\":{\"@id\":\"https:\\\/\\\/www.uartes.edu.ec\\\/sitio\\\/en\\\/#organization\"},\"image\":{\"@id\":\"https:\\\/\\\/www.uartes.edu.ec\\\/sitio\\\/en\\\/blog\\\/2021\\\/12\\\/01\\\/iii-encuentro-de-vinculacion-conla-sociedad-tejiendo-comunidad\\\/#primaryimage\"},\"thumbnailUrl\":\"https:\\\/\\\/www.uartes.edu.ec\\\/sitio\\\/wp-content\\\/uploads\\\/2021\\\/12\\\/III-encuentro-vinculacion-con-la-sociedad.webp\",\"keywords\":[\"encuentro\"],\"articleSection\":[\"Docentes\",\"Estudiantes\",\"Gesti\u00f3n\",\"Investigaci\u00f3n\",\"V\u00ednculo\"],\"inLanguage\":\"en-US\",\"potentialAction\":[{\"@type\":\"CommentAction\",\"name\":\"Comment\",\"target\":[\"https:\\\/\\\/www.uartes.edu.ec\\\/sitio\\\/en\\\/blog\\\/2021\\\/12\\\/01\\\/iii-encuentro-de-vinculacion-conla-sociedad-tejiendo-comunidad\\\/#respond\"]}]},{\"@type\":[\"WebPage\",\"ItemPage\"],\"@id\":\"https:\\\/\\\/www.uartes.edu.ec\\\/sitio\\\/en\\\/blog\\\/2021\\\/12\\\/01\\\/iii-encuentro-de-vinculacion-conla-sociedad-tejiendo-comunidad\\\/\",\"url\":\"https:\\\/\\\/www.uartes.edu.ec\\\/sitio\\\/en\\\/blog\\\/2021\\\/12\\\/01\\\/iii-encuentro-de-vinculacion-conla-sociedad-tejiendo-comunidad\\\/\",\"name\":\"Universidad de las Artes - III Encuentro de Vinculaci\u00f3n con la Sociedad, Tejiendo Comunidad\",\"isPartOf\":{\"@id\":\"https:\\\/\\\/www.uartes.edu.ec\\\/sitio\\\/en\\\/#website\"},\"primaryImageOfPage\":{\"@id\":\"https:\\\/\\\/www.uartes.edu.ec\\\/sitio\\\/en\\\/blog\\\/2021\\\/12\\\/01\\\/iii-encuentro-de-vinculacion-conla-sociedad-tejiendo-comunidad\\\/#primaryimage\"},\"image\":{\"@id\":\"https:\\\/\\\/www.uartes.edu.ec\\\/sitio\\\/en\\\/blog\\\/2021\\\/12\\\/01\\\/iii-encuentro-de-vinculacion-conla-sociedad-tejiendo-comunidad\\\/#primaryimage\"},\"thumbnailUrl\":\"https:\\\/\\\/www.uartes.edu.ec\\\/sitio\\\/wp-content\\\/uploads\\\/2021\\\/12\\\/III-encuentro-vinculacion-con-la-sociedad.webp\",\"datePublished\":\"2021-12-01T18:41:01+00:00\",\"dateModified\":\"2024-07-04T16:25:18+00:00\",\"description\":\"Universidad de las Artes - III Encuentro de Vinculaci\u00f3n con la Sociedad, Tejiendo Comunidad\",\"breadcrumb\":{\"@id\":\"https:\\\/\\\/www.uartes.edu.ec\\\/sitio\\\/en\\\/blog\\\/2021\\\/12\\\/01\\\/iii-encuentro-de-vinculacion-conla-sociedad-tejiendo-comunidad\\\/#breadcrumb\"},\"inLanguage\":\"en-US\",\"potentialAction\":[{\"@type\":\"ReadAction\",\"target\":[\"https:\\\/\\\/www.uartes.edu.ec\\\/sitio\\\/en\\\/blog\\\/2021\\\/12\\\/01\\\/iii-encuentro-de-vinculacion-conla-sociedad-tejiendo-comunidad\\\/\"]}]},{\"@type\":\"ImageObject\",\"inLanguage\":\"en-US\",\"@id\":\"https:\\\/\\\/www.uartes.edu.ec\\\/sitio\\\/en\\\/blog\\\/2021\\\/12\\\/01\\\/iii-encuentro-de-vinculacion-conla-sociedad-tejiendo-comunidad\\\/#primaryimage\",\"url\":\"https:\\\/\\\/www.uartes.edu.ec\\\/sitio\\\/wp-content\\\/uploads\\\/2021\\\/12\\\/III-encuentro-vinculacion-con-la-sociedad.webp\",\"contentUrl\":\"https:\\\/\\\/www.uartes.edu.ec\\\/sitio\\\/wp-content\\\/uploads\\\/2021\\\/12\\\/III-encuentro-vinculacion-con-la-sociedad.webp\",\"width\":2000,\"height\":1333},{\"@type\":\"BreadcrumbList\",\"@id\":\"https:\\\/\\\/www.uartes.edu.ec\\\/sitio\\\/en\\\/blog\\\/2021\\\/12\\\/01\\\/iii-encuentro-de-vinculacion-conla-sociedad-tejiendo-comunidad\\\/#breadcrumb\",\"itemListElement\":[{\"@type\":\"ListItem\",\"position\":1,\"name\":\"Inicio\",\"item\":\"https:\\\/\\\/www.uartes.edu.ec\\\/sitio\\\/\"},{\"@type\":\"ListItem\",\"position\":2,\"name\":\"III Encuentro de Vinculaci\u00f3n con la Sociedad, Tejiendo Comunidad\"}]},{\"@type\":\"WebSite\",\"@id\":\"https:\\\/\\\/www.uartes.edu.ec\\\/sitio\\\/en\\\/#website\",\"url\":\"https:\\\/\\\/www.uartes.edu.ec\\\/sitio\\\/en\\\/\",\"name\":\"Universidad de las Artes\",\"description\":\"Sitio oficial de la Universidad Nacional de las Artes del Ecuador\",\"publisher\":{\"@id\":\"https:\\\/\\\/www.uartes.edu.ec\\\/sitio\\\/en\\\/#organization\"},\"potentialAction\":[{\"@type\":\"SearchAction\",\"target\":{\"@type\":\"EntryPoint\",\"urlTemplate\":\"https:\\\/\\\/www.uartes.edu.ec\\\/sitio\\\/en\\\/?s={search_term_string}\"},\"query-input\":{\"@type\":\"PropertyValueSpecification\",\"valueRequired\":true,\"valueName\":\"search_term_string\"}}],\"inLanguage\":\"en-US\"},{\"@type\":\"Organization\",\"@id\":\"https:\\\/\\\/www.uartes.edu.ec\\\/sitio\\\/en\\\/#organization\",\"name\":\"Universidad de las Artes\",\"url\":\"https:\\\/\\\/www.uartes.edu.ec\\\/sitio\\\/en\\\/\",\"logo\":{\"@type\":\"ImageObject\",\"inLanguage\":\"en-US\",\"@id\":\"https:\\\/\\\/www.uartes.edu.ec\\\/sitio\\\/en\\\/#\\\/schema\\\/logo\\\/image\\\/\",\"url\":\"https:\\\/\\\/www.uartes.edu.ec\\\/sitio\\\/wp-content\\\/uploads\\\/2022\\\/07\\\/logo-ua-horizontal.png\",\"contentUrl\":\"https:\\\/\\\/www.uartes.edu.ec\\\/sitio\\\/wp-content\\\/uploads\\\/2022\\\/07\\\/logo-ua-horizontal.png\",\"width\":800,\"height\":276,\"caption\":\"Universidad de las Artes\"},\"image\":{\"@id\":\"https:\\\/\\\/www.uartes.edu.ec\\\/sitio\\\/en\\\/#\\\/schema\\\/logo\\\/image\\\/\"},\"sameAs\":[\"https:\\\/\\\/www.facebook.com\\\/uartesec\",\"https:\\\/\\\/x.com\\\/uartesec\",\"https:\\\/\\\/www.tiktok.com\\\/@uartesec\"]},{\"@type\":\"Person\",\"@id\":\"https:\\\/\\\/www.uartes.edu.ec\\\/sitio\\\/en\\\/#\\\/schema\\\/person\\\/efa1b8275797664fd7f13a79ccc0b1f4\",\"name\":\"ccortez\",\"image\":{\"@type\":\"ImageObject\",\"inLanguage\":\"en-US\",\"@id\":\"https:\\\/\\\/secure.gravatar.com\\\/avatar\\\/b2a6f664a3ae8e074346ef91775736c5ec479e637ecced6842de9dc98b5da9cd?s=96&d=mm&r=g\",\"url\":\"https:\\\/\\\/secure.gravatar.com\\\/avatar\\\/b2a6f664a3ae8e074346ef91775736c5ec479e637ecced6842de9dc98b5da9cd?s=96&d=mm&r=g\",\"contentUrl\":\"https:\\\/\\\/secure.gravatar.com\\\/avatar\\\/b2a6f664a3ae8e074346ef91775736c5ec479e637ecced6842de9dc98b5da9cd?s=96&d=mm&r=g\",\"caption\":\"ccortez\"},\"url\":\"https:\\\/\\\/www.uartes.edu.ec\\\/sitio\\\/en\\\/blog\\\/author\\\/ccortez\\\/\"}]}<\/script>\n<!-- \/ Yoast SEO plugin. -->","yoast_head_json":{"title":"Universidad de las Artes - III Encuentro de Vinculaci\u00f3n con la Sociedad, Tejiendo Comunidad","description":"Universidad de las Artes - III Encuentro de Vinculaci\u00f3n con la Sociedad, Tejiendo Comunidad","robots":{"index":"index","follow":"follow","max-snippet":"max-snippet:-1","max-image-preview":"max-image-preview:large","max-video-preview":"max-video-preview:-1"},"canonical":"https:\/\/www.uartes.edu.ec\/sitio\/en\/blog\/2021\/12\/01\/iii-encuentro-de-vinculacion-conla-sociedad-tejiendo-comunidad\/","og_locale":"en_US","og_type":"article","og_title":"Universidad de las Artes - III Encuentro de Vinculaci\u00f3n con la Sociedad, Tejiendo Comunidad","og_description":"Universidad de las Artes - III Encuentro de Vinculaci\u00f3n con la Sociedad, Tejiendo Comunidad","og_url":"https:\/\/www.uartes.edu.ec\/sitio\/en\/blog\/2021\/12\/01\/iii-encuentro-de-vinculacion-conla-sociedad-tejiendo-comunidad\/","og_site_name":"Universidad de las Artes","article_publisher":"https:\/\/www.facebook.com\/uartesec","article_published_time":"2021-12-01T18:41:01+00:00","article_modified_time":"2024-07-04T16:25:18+00:00","og_image":[{"width":2000,"height":1333,"url":"https:\/\/www.uartes.edu.ec\/sitio\/wp-content\/uploads\/2021\/12\/III-encuentro-vinculacion-con-la-sociedad.webp","type":"image\/webp"}],"author":"ccortez","twitter_card":"summary_large_image","twitter_creator":"@uartesec","twitter_site":"@uartesec","twitter_misc":{"Written by":"ccortez","Est. reading time":"3 minutes"},"schema":{"@context":"https:\/\/schema.org","@graph":[{"@type":"Article","@id":"https:\/\/www.uartes.edu.ec\/sitio\/en\/blog\/2021\/12\/01\/iii-encuentro-de-vinculacion-conla-sociedad-tejiendo-comunidad\/#article","isPartOf":{"@id":"https:\/\/www.uartes.edu.ec\/sitio\/en\/blog\/2021\/12\/01\/iii-encuentro-de-vinculacion-conla-sociedad-tejiendo-comunidad\/"},"author":{"name":"ccortez","@id":"https:\/\/www.uartes.edu.ec\/sitio\/en\/#\/schema\/person\/efa1b8275797664fd7f13a79ccc0b1f4"},"headline":"III Encuentro de Vinculaci\u00f3n con la Sociedad, Tejiendo Comunidad","datePublished":"2021-12-01T18:41:01+00:00","dateModified":"2024-07-04T16:25:18+00:00","mainEntityOfPage":{"@id":"https:\/\/www.uartes.edu.ec\/sitio\/en\/blog\/2021\/12\/01\/iii-encuentro-de-vinculacion-conla-sociedad-tejiendo-comunidad\/"},"wordCount":713,"commentCount":0,"publisher":{"@id":"https:\/\/www.uartes.edu.ec\/sitio\/en\/#organization"},"image":{"@id":"https:\/\/www.uartes.edu.ec\/sitio\/en\/blog\/2021\/12\/01\/iii-encuentro-de-vinculacion-conla-sociedad-tejiendo-comunidad\/#primaryimage"},"thumbnailUrl":"https:\/\/www.uartes.edu.ec\/sitio\/wp-content\/uploads\/2021\/12\/III-encuentro-vinculacion-con-la-sociedad.webp","keywords":["encuentro"],"articleSection":["Docentes","Estudiantes","Gesti\u00f3n","Investigaci\u00f3n","V\u00ednculo"],"inLanguage":"en-US","potentialAction":[{"@type":"CommentAction","name":"Comment","target":["https:\/\/www.uartes.edu.ec\/sitio\/en\/blog\/2021\/12\/01\/iii-encuentro-de-vinculacion-conla-sociedad-tejiendo-comunidad\/#respond"]}]},{"@type":["WebPage","ItemPage"],"@id":"https:\/\/www.uartes.edu.ec\/sitio\/en\/blog\/2021\/12\/01\/iii-encuentro-de-vinculacion-conla-sociedad-tejiendo-comunidad\/","url":"https:\/\/www.uartes.edu.ec\/sitio\/en\/blog\/2021\/12\/01\/iii-encuentro-de-vinculacion-conla-sociedad-tejiendo-comunidad\/","name":"Universidad de las Artes - III Encuentro de Vinculaci\u00f3n con la Sociedad, Tejiendo Comunidad","isPartOf":{"@id":"https:\/\/www.uartes.edu.ec\/sitio\/en\/#website"},"primaryImageOfPage":{"@id":"https:\/\/www.uartes.edu.ec\/sitio\/en\/blog\/2021\/12\/01\/iii-encuentro-de-vinculacion-conla-sociedad-tejiendo-comunidad\/#primaryimage"},"image":{"@id":"https:\/\/www.uartes.edu.ec\/sitio\/en\/blog\/2021\/12\/01\/iii-encuentro-de-vinculacion-conla-sociedad-tejiendo-comunidad\/#primaryimage"},"thumbnailUrl":"https:\/\/www.uartes.edu.ec\/sitio\/wp-content\/uploads\/2021\/12\/III-encuentro-vinculacion-con-la-sociedad.webp","datePublished":"2021-12-01T18:41:01+00:00","dateModified":"2024-07-04T16:25:18+00:00","description":"Universidad de las Artes - III Encuentro de Vinculaci\u00f3n con la Sociedad, Tejiendo Comunidad","breadcrumb":{"@id":"https:\/\/www.uartes.edu.ec\/sitio\/en\/blog\/2021\/12\/01\/iii-encuentro-de-vinculacion-conla-sociedad-tejiendo-comunidad\/#breadcrumb"},"inLanguage":"en-US","potentialAction":[{"@type":"ReadAction","target":["https:\/\/www.uartes.edu.ec\/sitio\/en\/blog\/2021\/12\/01\/iii-encuentro-de-vinculacion-conla-sociedad-tejiendo-comunidad\/"]}]},{"@type":"ImageObject","inLanguage":"en-US","@id":"https:\/\/www.uartes.edu.ec\/sitio\/en\/blog\/2021\/12\/01\/iii-encuentro-de-vinculacion-conla-sociedad-tejiendo-comunidad\/#primaryimage","url":"https:\/\/www.uartes.edu.ec\/sitio\/wp-content\/uploads\/2021\/12\/III-encuentro-vinculacion-con-la-sociedad.webp","contentUrl":"https:\/\/www.uartes.edu.ec\/sitio\/wp-content\/uploads\/2021\/12\/III-encuentro-vinculacion-con-la-sociedad.webp","width":2000,"height":1333},{"@type":"BreadcrumbList","@id":"https:\/\/www.uartes.edu.ec\/sitio\/en\/blog\/2021\/12\/01\/iii-encuentro-de-vinculacion-conla-sociedad-tejiendo-comunidad\/#breadcrumb","itemListElement":[{"@type":"ListItem","position":1,"name":"Inicio","item":"https:\/\/www.uartes.edu.ec\/sitio\/"},{"@type":"ListItem","position":2,"name":"III Encuentro de Vinculaci\u00f3n con la Sociedad, Tejiendo Comunidad"}]},{"@type":"WebSite","@id":"https:\/\/www.uartes.edu.ec\/sitio\/en\/#website","url":"https:\/\/www.uartes.edu.ec\/sitio\/en\/","name":"Universidad de las Artes","description":"Sitio oficial de la Universidad Nacional de las Artes del Ecuador","publisher":{"@id":"https:\/\/www.uartes.edu.ec\/sitio\/en\/#organization"},"potentialAction":[{"@type":"SearchAction","target":{"@type":"EntryPoint","urlTemplate":"https:\/\/www.uartes.edu.ec\/sitio\/en\/?s={search_term_string}"},"query-input":{"@type":"PropertyValueSpecification","valueRequired":true,"valueName":"search_term_string"}}],"inLanguage":"en-US"},{"@type":"Organization","@id":"https:\/\/www.uartes.edu.ec\/sitio\/en\/#organization","name":"Universidad de las Artes","url":"https:\/\/www.uartes.edu.ec\/sitio\/en\/","logo":{"@type":"ImageObject","inLanguage":"en-US","@id":"https:\/\/www.uartes.edu.ec\/sitio\/en\/#\/schema\/logo\/image\/","url":"https:\/\/www.uartes.edu.ec\/sitio\/wp-content\/uploads\/2022\/07\/logo-ua-horizontal.png","contentUrl":"https:\/\/www.uartes.edu.ec\/sitio\/wp-content\/uploads\/2022\/07\/logo-ua-horizontal.png","width":800,"height":276,"caption":"Universidad de las Artes"},"image":{"@id":"https:\/\/www.uartes.edu.ec\/sitio\/en\/#\/schema\/logo\/image\/"},"sameAs":["https:\/\/www.facebook.com\/uartesec","https:\/\/x.com\/uartesec","https:\/\/www.tiktok.com\/@uartesec"]},{"@type":"Person","@id":"https:\/\/www.uartes.edu.ec\/sitio\/en\/#\/schema\/person\/efa1b8275797664fd7f13a79ccc0b1f4","name":"ccortez","image":{"@type":"ImageObject","inLanguage":"en-US","@id":"https:\/\/secure.gravatar.com\/avatar\/b2a6f664a3ae8e074346ef91775736c5ec479e637ecced6842de9dc98b5da9cd?s=96&d=mm&r=g","url":"https:\/\/secure.gravatar.com\/avatar\/b2a6f664a3ae8e074346ef91775736c5ec479e637ecced6842de9dc98b5da9cd?s=96&d=mm&r=g","contentUrl":"https:\/\/secure.gravatar.com\/avatar\/b2a6f664a3ae8e074346ef91775736c5ec479e637ecced6842de9dc98b5da9cd?s=96&d=mm&r=g","caption":"ccortez"},"url":"https:\/\/www.uartes.edu.ec\/sitio\/en\/blog\/author\/ccortez\/"}]}},"uagb_featured_image_src":{"full":["https:\/\/www.uartes.edu.ec\/sitio\/wp-content\/uploads\/2021\/12\/III-encuentro-vinculacion-con-la-sociedad.webp",2000,1333,false],"thumbnail":["https:\/\/www.uartes.edu.ec\/sitio\/wp-content\/uploads\/2021\/12\/III-encuentro-vinculacion-con-la-sociedad-150x150.webp",150,150,true],"medium":["https:\/\/www.uartes.edu.ec\/sitio\/wp-content\/uploads\/2021\/12\/III-encuentro-vinculacion-con-la-sociedad-300x200.webp",300,200,true],"medium_large":["https:\/\/www.uartes.edu.ec\/sitio\/wp-content\/uploads\/2021\/12\/III-encuentro-vinculacion-con-la-sociedad-768x512.webp",768,512,true],"large":["https:\/\/www.uartes.edu.ec\/sitio\/wp-content\/uploads\/2021\/12\/III-encuentro-vinculacion-con-la-sociedad-644x429.webp",644,429,true],"1536x1536":["https:\/\/www.uartes.edu.ec\/sitio\/wp-content\/uploads\/2021\/12\/III-encuentro-vinculacion-con-la-sociedad-1536x1024.webp",1536,1024,true],"2048x2048":["https:\/\/www.uartes.edu.ec\/sitio\/wp-content\/uploads\/2021\/12\/III-encuentro-vinculacion-con-la-sociedad.webp",2000,1333,false],"trp-custom-language-flag":["https:\/\/www.uartes.edu.ec\/sitio\/wp-content\/uploads\/2021\/12\/III-encuentro-vinculacion-con-la-sociedad.webp",18,12,false],"htmega_size_585x295":["https:\/\/www.uartes.edu.ec\/sitio\/wp-content\/uploads\/2021\/12\/III-encuentro-vinculacion-con-la-sociedad.webp",443,295,false],"htmega_size_1170x536":["https:\/\/www.uartes.edu.ec\/sitio\/wp-content\/uploads\/2021\/12\/III-encuentro-vinculacion-con-la-sociedad.webp",804,536,false],"htmega_size_396x360":["https:\/\/www.uartes.edu.ec\/sitio\/wp-content\/uploads\/2021\/12\/III-encuentro-vinculacion-con-la-sociedad.webp",396,264,false],"gb-block-post-grid-landscape":["https:\/\/www.uartes.edu.ec\/sitio\/wp-content\/uploads\/2021\/12\/III-encuentro-vinculacion-con-la-sociedad-600x400.webp",600,400,true],"gb-block-post-grid-square":["https:\/\/www.uartes.edu.ec\/sitio\/wp-content\/uploads\/2021\/12\/III-encuentro-vinculacion-con-la-sociedad-600x600.webp",600,600,true],"university-hub-thumb":["https:\/\/www.uartes.edu.ec\/sitio\/wp-content\/uploads\/2021\/12\/III-encuentro-vinculacion-con-la-sociedad-400x267.webp",400,267,true],"mailpoet_newsletter_max":["https:\/\/www.uartes.edu.ec\/sitio\/wp-content\/uploads\/2021\/12\/III-encuentro-vinculacion-con-la-sociedad.webp",1320,880,false]},"uagb_author_info":{"display_name":"ccortez","author_link":"https:\/\/www.uartes.edu.ec\/sitio\/en\/blog\/author\/ccortez\/"},"uagb_comment_info":0,"uagb_excerpt":"Propuesto como un espacio para compartir aprendizajes y preguntas en el contexto de la crisis actual y la pospandemia, la Universidad de las Artes ha organizado para este viernes 3 de diciembre de 2021 el III Encuentro de Vinculaci\u00f3n con la Sociedad, Tejiendo Comunidad. Tendr\u00e1 lugar en la Sal\u00f3n de Usos M\u00faltiples, ubicado en el&hellip;","featured_image_src":"https:\/\/www.uartes.edu.ec\/sitio\/wp-content\/uploads\/2021\/12\/III-encuentro-vinculacion-con-la-sociedad-600x400.webp","featured_image_src_square":"https:\/\/www.uartes.edu.ec\/sitio\/wp-content\/uploads\/2021\/12\/III-encuentro-vinculacion-con-la-sociedad-600x600.webp","author_info":{"display_name":"ccortez","author_link":"https:\/\/www.uartes.edu.ec\/sitio\/en\/blog\/author\/ccortez\/"},"publishpress_future_workflow_manual_trigger":{"enabledWorkflows":[]},"distributor_meta":false,"distributor_terms":false,"distributor_media":false,"distributor_original_site_name":"Universidad de las Artes","distributor_original_site_url":"https:\/\/www.uartes.edu.ec\/sitio\/en","push-errors":false,"_links":{"self":[{"href":"https:\/\/www.uartes.edu.ec\/sitio\/en\/wp-json\/wp\/v2\/posts\/17205","targetHints":{"allow":["GET"]}}],"collection":[{"href":"https:\/\/www.uartes.edu.ec\/sitio\/en\/wp-json\/wp\/v2\/posts"}],"about":[{"href":"https:\/\/www.uartes.edu.ec\/sitio\/en\/wp-json\/wp\/v2\/types\/post"}],"author":[{"embeddable":true,"href":"https:\/\/www.uartes.edu.ec\/sitio\/en\/wp-json\/wp\/v2\/users\/10"}],"replies":[{"embeddable":true,"href":"https:\/\/www.uartes.edu.ec\/sitio\/en\/wp-json\/wp\/v2\/comments?post=17205"}],"version-history":[{"count":2,"href":"https:\/\/www.uartes.edu.ec\/sitio\/en\/wp-json\/wp\/v2\/posts\/17205\/revisions"}],"predecessor-version":[{"id":17208,"href":"https:\/\/www.uartes.edu.ec\/sitio\/en\/wp-json\/wp\/v2\/posts\/17205\/revisions\/17208"}],"wp:featuredmedia":[{"embeddable":true,"href":"https:\/\/www.uartes.edu.ec\/sitio\/en\/wp-json\/wp\/v2\/media\/17206"}],"wp:attachment":[{"href":"https:\/\/www.uartes.edu.ec\/sitio\/en\/wp-json\/wp\/v2\/media?parent=17205"}],"wp:term":[{"taxonomy":"category","embeddable":true,"href":"https:\/\/www.uartes.edu.ec\/sitio\/en\/wp-json\/wp\/v2\/categories?post=17205"},{"taxonomy":"post_tag","embeddable":true,"href":"https:\/\/www.uartes.edu.ec\/sitio\/en\/wp-json\/wp\/v2\/tags?post=17205"},{"taxonomy":"infouartes","embeddable":true,"href":"https:\/\/www.uartes.edu.ec\/sitio\/en\/wp-json\/wp\/v2\/infouartes?post=17205"}],"curies":[{"name":"wp","href":"https:\/\/api.w.org\/{rel}","templated":true}]}}