{"id":17245,"date":"2021-12-01T12:43:00","date_gmt":"2021-12-01T17:43:00","guid":{"rendered":"http:\/\/www.uartes.edu.ec\/sitio\/?p=17245"},"modified":"2024-07-04T11:25:18","modified_gmt":"2024-07-04T16:25:18","slug":"por-alianza-con-la-ucr-juan-posso-y-andrey-astaiza-hicieron-diseno-sonoro-y-musicalizacion-de-videodanza","status":"publish","type":"post","link":"https:\/\/www.uartes.edu.ec\/sitio\/en\/blog\/2021\/12\/01\/strongpor-alianza-con-la-ucr-juan-posso-y-andrey-astaizahicieron-diseno-sonoro-y-musicalizacion-de-ofrendastrong\/","title":{"rendered":"Por alianza con la UCR, Juan Posso y Andrey Astaiza hicieron dise\u00f1o sonoro y musicalizaci\u00f3n de videodanza"},"content":{"rendered":"<p><em>Es una videodanza de creaci\u00f3n colectiva que Danza Universitaria, compa\u00f1\u00eda profesional de la instituci\u00f3n de educaci\u00f3n superior costarricense, estrena hoy en Facebook y YouTube.<\/em><\/p>\n\n\n\n<p>En un art\u00edculo publicado en la secci\u00f3n cultural del sitio web del semanario de la Universidad de Costa Rica (UCR), Ana Fern\u00e1ndez Gonz\u00e1lez, su autora, rese\u00f1a el proceso de creaci\u00f3n colectiva de la coreograf\u00eda <em>Ofrenda,<\/em> la cual cont\u00f3 con la alianza entre la instituci\u00f3n de educaci\u00f3n superior costarricense y la Universidad de las Artes (UArtes).<\/p>\n\n\n\n<p>Los docentes-artistas Juan Posso y Andrey Astaiza, quien es tambi\u00e9n director de la Escuela de Artes Sonoras de la UArtes, participaron en el dise\u00f1o sonoro y la musicalizaci\u00f3n de <em>Ofrenda,<\/em> videodanza en el que intervienen 26 personas adultas mayores y cuyo estreno est\u00e1 programado para hoy, jueves 1 de diciembre de 2021, en las plataformas Facebook y YouTube de Danza Universitaria (Danza U), compa\u00f1\u00eda profesional de&nbsp;danza&nbsp;contempor\u00e1nea de la UCR.<\/p>\n\n\n\n<p>En su publicaci\u00f3n, Fern\u00e1ndez indica que el proyecto dirigido por Esteban Richmond, integrante de Danza U, forma parte de las actividades de acci\u00f3n social que la UCR implementa para el desarrollo y bienestar de la comunidad. En este caso espec\u00edfico, para un colectivo de personas adultas mayores de Atenas, Sarapiqu\u00ed, Herradura, Ciudad Col\u00f3n, Acosta y el Valle Central, entre otros lugares del territorio nacional.<\/p>\n\n\n\n<p>En este marco universitario, Danza U emprendi\u00f3 el proyecto pedag\u00f3gico y de creaci\u00f3n art\u00edstica denominado Danzas Sagradas, dirigido a la poblaci\u00f3n adulta y adulta mayor. El bailar\u00edn y artista audiovisual y multimedia Esteban Richmond facilit\u00f3 el curso junto a la bailarina egresada de la Universidad Nacional (UNA) y tambi\u00e9n miembro de Danza U, Adriana Villalobos, quien se encarg\u00f3 de la preparaci\u00f3n f\u00edsica adaptada a esta poblaci\u00f3n.<\/p>\n\n\n\n<p>Como producto de cinco meses de aprendizaje en el taller coreogr\u00e1fico en modalidad virtual, el proceso culmin\u00f3 con la creaci\u00f3n colectiva basada en tres tipos de danza cl\u00e1sica india.<\/p>\n\n\n\n<div class=\"wp-block-image\"><figure class=\"aligncenter size-full\"><img fetchpriority=\"high\" decoding=\"async\" width=\"2000\" height=\"1333\" src=\"http:\/\/www.uartes.edu.ec\/sitio\/wp-content\/uploads\/2021\/12\/CUERPOS-SAGRADOS.webp\" alt=\"\" class=\"wp-image-17248\" srcset=\"https:\/\/www.uartes.edu.ec\/sitio\/wp-content\/uploads\/2021\/12\/CUERPOS-SAGRADOS.webp 2000w, https:\/\/www.uartes.edu.ec\/sitio\/wp-content\/uploads\/2021\/12\/CUERPOS-SAGRADOS-644x429.webp 644w, https:\/\/www.uartes.edu.ec\/sitio\/wp-content\/uploads\/2021\/12\/CUERPOS-SAGRADOS-768x511.webp 768w, https:\/\/www.uartes.edu.ec\/sitio\/wp-content\/uploads\/2021\/12\/CUERPOS-SAGRADOS-600x399.webp 600w, https:\/\/www.uartes.edu.ec\/sitio\/wp-content\/uploads\/2021\/12\/CUERPOS-SAGRADOS-272x182.webp 272w\" sizes=\"(max-width: 2000px) 100vw, 2000px\" \/><\/figure><\/div>\n\n\n\n<p>El punto de partida fue la cosmovisi\u00f3n de estas manifestaciones danc\u00edsticas que tienen una noci\u00f3n devocional, en el sentido de ser abordadas como una experiencia de comuni\u00f3n en sus dimensiones espiritual, de reconocimiento del cuerpo y toma de conciencia. Las personas adultas mayores participaron en diferentes m\u00f3dulos pedag\u00f3gicos mediante los cuales estudiaron el contexto de las danzas y su simbolismo, as\u00ed como los lenguajes de movimiento desde el punto de vista t\u00e9cnico.<\/p>\n\n\n\n<p>A lo largo del taller, las int\u00e9rpretes fueron estudiando y creando la coreograf\u00eda, e hicieron tres grabaciones que entregaron al facilitador: una primera grabaci\u00f3n individual, a la cual se le hizo una devoluci\u00f3n; luego, mediante el m\u00f3dulo de videodanza se les proporcion\u00f3 herramientas de filmaci\u00f3n y generaron otra prueba con los planos para la grabaci\u00f3n de la coreograf\u00eda, probando el vestuario, la locaci\u00f3n y los movimientos de c\u00e1mara.<\/p>\n\n\n\n<p>Esa grabaci\u00f3n se realiz\u00f3 como un ensayo y una prueba t\u00e9cnica, sobre la cual tambi\u00e9n se les envi\u00f3 retroalimentaci\u00f3n; posteriormente hicieron las grabaciones finales, que se convirti\u00f3 en el material con el cual se construy\u00f3 la videodanza.<\/p>\n\n\n\n<p>A partir de diferentes \u00e1reas tanto de la danza y del movimiento, como del arte que gener\u00f3, el colectivo pudo trabajar sus partes mental, emocional y psicol\u00f3gica. A la vez, el curso propici\u00f3 el aprendizaje del contexto hist\u00f3rico y cultural de d\u00f3nde nacieron los tres tipos de danzas cl\u00e1sicas de la India en las que se basaron para crear la coreograf\u00eda.<\/p>\n\n\n\n<p>En este link el art\u00edculo completo:<br><a href=\"https:\/\/semanariouniversidad.com\/cultura\/cuerpos-sagrados-ofrendan-danzas-indias\/\">https:\/\/semanariouniversidad.com\/cultura\/cuerpos-sagrados-ofrendan-danzas-indias\/<\/a><\/p>","protected":false},"excerpt":{"rendered":"<p>En un art\u00edculo publicado en la secci\u00f3n cultural del sitio web del semanario de la Universidad de Costa Rica (UCR), Ana Fern\u00e1ndez Gonz\u00e1lez\u00a0, su autora, rese\u00f1a el proceso de creaci\u00f3n colectiva de la coreograf\u00eda Ofrenda, la cual cont\u00f3 con la alianza entre la instituci\u00f3n de educaci\u00f3n superior costarricense y la Universidad de las Artes (UArtes).<\/p>","protected":false},"author":10,"featured_media":17247,"comment_status":"open","ping_status":"open","sticky":false,"template":"","format":"standard","meta":{"_acf_changed":false,"_uag_custom_page_level_css":"","_monsterinsights_skip_tracking":false,"_monsterinsights_sitenote_active":false,"_monsterinsights_sitenote_note":"","_monsterinsights_sitenote_category":0,"cybocfi_hide_featured_image":"","footnotes":""},"categories":[150,75,77,284],"tags":[569],"infouartes":[],"class_list":["post-17245","post","type-post","status-publish","format-standard","has-post-thumbnail","hentry","category-artes-sonoras","category-docentes","category-gestion","category-investigacion","tag-alianza"],"acf":[],"yoast_head":"<!-- This site is optimized with the Yoast SEO plugin v27.4 - https:\/\/yoast.com\/product\/yoast-seo-wordpress\/ -->\n<title>Universidad de las Artes - Por alianza con la UCR, Juan Posso y Andrey Astaiza hicieron dise\u00f1o sonoro y musicalizaci\u00f3n de videodanza<\/title>\n<meta name=\"description\" content=\"Universidad de las Artes - Por alianza con la UCR, Juan Posso y Andrey Astaiza hicieron dise\u00f1o sonoro y musicalizaci\u00f3n de videodanza\" \/>\n<meta name=\"robots\" content=\"index, follow, max-snippet:-1, max-image-preview:large, max-video-preview:-1\" \/>\n<link rel=\"canonical\" href=\"https:\/\/www.uartes.edu.ec\/sitio\/en\/blog\/2021\/12\/01\/strongpor-alianza-con-la-ucr-juan-posso-y-andrey-astaizahicieron-diseno-sonoro-y-musicalizacion-de-ofrendastrong\/\" \/>\n<meta property=\"og:locale\" content=\"en_US\" \/>\n<meta property=\"og:type\" content=\"article\" \/>\n<meta property=\"og:title\" content=\"Universidad de las Artes - Por alianza con la UCR, Juan Posso y Andrey Astaiza hicieron dise\u00f1o sonoro y musicalizaci\u00f3n de videodanza\" \/>\n<meta property=\"og:description\" content=\"Universidad de las Artes - Por alianza con la UCR, Juan Posso y Andrey Astaiza hicieron dise\u00f1o sonoro y musicalizaci\u00f3n de videodanza\" \/>\n<meta property=\"og:url\" content=\"https:\/\/www.uartes.edu.ec\/sitio\/en\/blog\/2021\/12\/01\/strongpor-alianza-con-la-ucr-juan-posso-y-andrey-astaizahicieron-diseno-sonoro-y-musicalizacion-de-ofrendastrong\/\" \/>\n<meta property=\"og:site_name\" content=\"Universidad de las Artes\" \/>\n<meta property=\"article:publisher\" content=\"https:\/\/www.facebook.com\/uartesec\" \/>\n<meta property=\"article:published_time\" content=\"2021-12-01T17:43:00+00:00\" \/>\n<meta property=\"article:modified_time\" content=\"2024-07-04T16:25:18+00:00\" \/>\n<meta property=\"og:image\" content=\"https:\/\/www.uartes.edu.ec\/sitio\/wp-content\/uploads\/2021\/12\/ANDREY-ASTAIZA-JUAN-POSSO.webp\" \/>\n\t<meta property=\"og:image:width\" content=\"2000\" \/>\n\t<meta property=\"og:image:height\" content=\"1333\" \/>\n\t<meta property=\"og:image:type\" content=\"image\/webp\" \/>\n<meta name=\"author\" content=\"ccortez\" \/>\n<meta name=\"twitter:card\" content=\"summary_large_image\" \/>\n<meta name=\"twitter:creator\" content=\"@uartesec\" \/>\n<meta name=\"twitter:site\" content=\"@uartesec\" \/>\n<meta name=\"twitter:label1\" content=\"Written by\" \/>\n\t<meta name=\"twitter:data1\" content=\"ccortez\" \/>\n\t<meta name=\"twitter:label2\" content=\"Est. reading time\" \/>\n\t<meta name=\"twitter:data2\" content=\"3 minutes\" \/>\n<script type=\"application\/ld+json\" class=\"yoast-schema-graph\">{\"@context\":\"https:\\\/\\\/schema.org\",\"@graph\":[{\"@type\":\"Article\",\"@id\":\"https:\\\/\\\/www.uartes.edu.ec\\\/sitio\\\/en\\\/blog\\\/2021\\\/12\\\/01\\\/strongpor-alianza-con-la-ucr-juan-posso-y-andrey-astaizahicieron-diseno-sonoro-y-musicalizacion-de-ofrendastrong\\\/#article\",\"isPartOf\":{\"@id\":\"https:\\\/\\\/www.uartes.edu.ec\\\/sitio\\\/en\\\/blog\\\/2021\\\/12\\\/01\\\/strongpor-alianza-con-la-ucr-juan-posso-y-andrey-astaizahicieron-diseno-sonoro-y-musicalizacion-de-ofrendastrong\\\/\"},\"author\":{\"name\":\"ccortez\",\"@id\":\"https:\\\/\\\/www.uartes.edu.ec\\\/sitio\\\/en\\\/#\\\/schema\\\/person\\\/efa1b8275797664fd7f13a79ccc0b1f4\"},\"headline\":\"Por alianza con la UCR, Juan Posso y Andrey Astaiza hicieron dise\u00f1o sonoro y musicalizaci\u00f3n de videodanza\",\"datePublished\":\"2021-12-01T17:43:00+00:00\",\"dateModified\":\"2024-07-04T16:25:18+00:00\",\"mainEntityOfPage\":{\"@id\":\"https:\\\/\\\/www.uartes.edu.ec\\\/sitio\\\/en\\\/blog\\\/2021\\\/12\\\/01\\\/strongpor-alianza-con-la-ucr-juan-posso-y-andrey-astaizahicieron-diseno-sonoro-y-musicalizacion-de-ofrendastrong\\\/\"},\"wordCount\":638,\"commentCount\":0,\"publisher\":{\"@id\":\"https:\\\/\\\/www.uartes.edu.ec\\\/sitio\\\/en\\\/#organization\"},\"image\":{\"@id\":\"https:\\\/\\\/www.uartes.edu.ec\\\/sitio\\\/en\\\/blog\\\/2021\\\/12\\\/01\\\/strongpor-alianza-con-la-ucr-juan-posso-y-andrey-astaizahicieron-diseno-sonoro-y-musicalizacion-de-ofrendastrong\\\/#primaryimage\"},\"thumbnailUrl\":\"https:\\\/\\\/www.uartes.edu.ec\\\/sitio\\\/wp-content\\\/uploads\\\/2021\\\/12\\\/ANDREY-ASTAIZA-JUAN-POSSO.webp\",\"keywords\":[\"alianza\"],\"articleSection\":[\"Artes Sonoras\",\"Docentes\",\"Gesti\u00f3n\",\"Investigaci\u00f3n\"],\"inLanguage\":\"en-US\",\"potentialAction\":[{\"@type\":\"CommentAction\",\"name\":\"Comment\",\"target\":[\"https:\\\/\\\/www.uartes.edu.ec\\\/sitio\\\/en\\\/blog\\\/2021\\\/12\\\/01\\\/strongpor-alianza-con-la-ucr-juan-posso-y-andrey-astaizahicieron-diseno-sonoro-y-musicalizacion-de-ofrendastrong\\\/#respond\"]}]},{\"@type\":[\"WebPage\",\"ItemPage\"],\"@id\":\"https:\\\/\\\/www.uartes.edu.ec\\\/sitio\\\/en\\\/blog\\\/2021\\\/12\\\/01\\\/strongpor-alianza-con-la-ucr-juan-posso-y-andrey-astaizahicieron-diseno-sonoro-y-musicalizacion-de-ofrendastrong\\\/\",\"url\":\"https:\\\/\\\/www.uartes.edu.ec\\\/sitio\\\/en\\\/blog\\\/2021\\\/12\\\/01\\\/strongpor-alianza-con-la-ucr-juan-posso-y-andrey-astaizahicieron-diseno-sonoro-y-musicalizacion-de-ofrendastrong\\\/\",\"name\":\"Universidad de las Artes - Por alianza con la UCR, Juan Posso y Andrey Astaiza hicieron dise\u00f1o sonoro y musicalizaci\u00f3n de videodanza\",\"isPartOf\":{\"@id\":\"https:\\\/\\\/www.uartes.edu.ec\\\/sitio\\\/en\\\/#website\"},\"primaryImageOfPage\":{\"@id\":\"https:\\\/\\\/www.uartes.edu.ec\\\/sitio\\\/en\\\/blog\\\/2021\\\/12\\\/01\\\/strongpor-alianza-con-la-ucr-juan-posso-y-andrey-astaizahicieron-diseno-sonoro-y-musicalizacion-de-ofrendastrong\\\/#primaryimage\"},\"image\":{\"@id\":\"https:\\\/\\\/www.uartes.edu.ec\\\/sitio\\\/en\\\/blog\\\/2021\\\/12\\\/01\\\/strongpor-alianza-con-la-ucr-juan-posso-y-andrey-astaizahicieron-diseno-sonoro-y-musicalizacion-de-ofrendastrong\\\/#primaryimage\"},\"thumbnailUrl\":\"https:\\\/\\\/www.uartes.edu.ec\\\/sitio\\\/wp-content\\\/uploads\\\/2021\\\/12\\\/ANDREY-ASTAIZA-JUAN-POSSO.webp\",\"datePublished\":\"2021-12-01T17:43:00+00:00\",\"dateModified\":\"2024-07-04T16:25:18+00:00\",\"description\":\"Universidad de las Artes - Por alianza con la UCR, Juan Posso y Andrey Astaiza hicieron dise\u00f1o sonoro y musicalizaci\u00f3n de videodanza\",\"breadcrumb\":{\"@id\":\"https:\\\/\\\/www.uartes.edu.ec\\\/sitio\\\/en\\\/blog\\\/2021\\\/12\\\/01\\\/strongpor-alianza-con-la-ucr-juan-posso-y-andrey-astaizahicieron-diseno-sonoro-y-musicalizacion-de-ofrendastrong\\\/#breadcrumb\"},\"inLanguage\":\"en-US\",\"potentialAction\":[{\"@type\":\"ReadAction\",\"target\":[\"https:\\\/\\\/www.uartes.edu.ec\\\/sitio\\\/en\\\/blog\\\/2021\\\/12\\\/01\\\/strongpor-alianza-con-la-ucr-juan-posso-y-andrey-astaizahicieron-diseno-sonoro-y-musicalizacion-de-ofrendastrong\\\/\"]}]},{\"@type\":\"ImageObject\",\"inLanguage\":\"en-US\",\"@id\":\"https:\\\/\\\/www.uartes.edu.ec\\\/sitio\\\/en\\\/blog\\\/2021\\\/12\\\/01\\\/strongpor-alianza-con-la-ucr-juan-posso-y-andrey-astaizahicieron-diseno-sonoro-y-musicalizacion-de-ofrendastrong\\\/#primaryimage\",\"url\":\"https:\\\/\\\/www.uartes.edu.ec\\\/sitio\\\/wp-content\\\/uploads\\\/2021\\\/12\\\/ANDREY-ASTAIZA-JUAN-POSSO.webp\",\"contentUrl\":\"https:\\\/\\\/www.uartes.edu.ec\\\/sitio\\\/wp-content\\\/uploads\\\/2021\\\/12\\\/ANDREY-ASTAIZA-JUAN-POSSO.webp\",\"width\":2000,\"height\":1333},{\"@type\":\"BreadcrumbList\",\"@id\":\"https:\\\/\\\/www.uartes.edu.ec\\\/sitio\\\/en\\\/blog\\\/2021\\\/12\\\/01\\\/strongpor-alianza-con-la-ucr-juan-posso-y-andrey-astaizahicieron-diseno-sonoro-y-musicalizacion-de-ofrendastrong\\\/#breadcrumb\",\"itemListElement\":[{\"@type\":\"ListItem\",\"position\":1,\"name\":\"Inicio\",\"item\":\"https:\\\/\\\/www.uartes.edu.ec\\\/sitio\\\/\"},{\"@type\":\"ListItem\",\"position\":2,\"name\":\"Por alianza con la UCR, Juan Posso y Andrey Astaiza hicieron dise\u00f1o sonoro y musicalizaci\u00f3n de videodanza\"}]},{\"@type\":\"WebSite\",\"@id\":\"https:\\\/\\\/www.uartes.edu.ec\\\/sitio\\\/en\\\/#website\",\"url\":\"https:\\\/\\\/www.uartes.edu.ec\\\/sitio\\\/en\\\/\",\"name\":\"Universidad de las Artes\",\"description\":\"Sitio oficial de la Universidad Nacional de las Artes del Ecuador\",\"publisher\":{\"@id\":\"https:\\\/\\\/www.uartes.edu.ec\\\/sitio\\\/en\\\/#organization\"},\"potentialAction\":[{\"@type\":\"SearchAction\",\"target\":{\"@type\":\"EntryPoint\",\"urlTemplate\":\"https:\\\/\\\/www.uartes.edu.ec\\\/sitio\\\/en\\\/?s={search_term_string}\"},\"query-input\":{\"@type\":\"PropertyValueSpecification\",\"valueRequired\":true,\"valueName\":\"search_term_string\"}}],\"inLanguage\":\"en-US\"},{\"@type\":\"Organization\",\"@id\":\"https:\\\/\\\/www.uartes.edu.ec\\\/sitio\\\/en\\\/#organization\",\"name\":\"Universidad de las Artes\",\"url\":\"https:\\\/\\\/www.uartes.edu.ec\\\/sitio\\\/en\\\/\",\"logo\":{\"@type\":\"ImageObject\",\"inLanguage\":\"en-US\",\"@id\":\"https:\\\/\\\/www.uartes.edu.ec\\\/sitio\\\/en\\\/#\\\/schema\\\/logo\\\/image\\\/\",\"url\":\"https:\\\/\\\/www.uartes.edu.ec\\\/sitio\\\/wp-content\\\/uploads\\\/2022\\\/07\\\/logo-ua-horizontal.png\",\"contentUrl\":\"https:\\\/\\\/www.uartes.edu.ec\\\/sitio\\\/wp-content\\\/uploads\\\/2022\\\/07\\\/logo-ua-horizontal.png\",\"width\":800,\"height\":276,\"caption\":\"Universidad de las Artes\"},\"image\":{\"@id\":\"https:\\\/\\\/www.uartes.edu.ec\\\/sitio\\\/en\\\/#\\\/schema\\\/logo\\\/image\\\/\"},\"sameAs\":[\"https:\\\/\\\/www.facebook.com\\\/uartesec\",\"https:\\\/\\\/x.com\\\/uartesec\",\"https:\\\/\\\/www.tiktok.com\\\/@uartesec\"]},{\"@type\":\"Person\",\"@id\":\"https:\\\/\\\/www.uartes.edu.ec\\\/sitio\\\/en\\\/#\\\/schema\\\/person\\\/efa1b8275797664fd7f13a79ccc0b1f4\",\"name\":\"ccortez\",\"image\":{\"@type\":\"ImageObject\",\"inLanguage\":\"en-US\",\"@id\":\"https:\\\/\\\/secure.gravatar.com\\\/avatar\\\/b2a6f664a3ae8e074346ef91775736c5ec479e637ecced6842de9dc98b5da9cd?s=96&d=mm&r=g\",\"url\":\"https:\\\/\\\/secure.gravatar.com\\\/avatar\\\/b2a6f664a3ae8e074346ef91775736c5ec479e637ecced6842de9dc98b5da9cd?s=96&d=mm&r=g\",\"contentUrl\":\"https:\\\/\\\/secure.gravatar.com\\\/avatar\\\/b2a6f664a3ae8e074346ef91775736c5ec479e637ecced6842de9dc98b5da9cd?s=96&d=mm&r=g\",\"caption\":\"ccortez\"},\"url\":\"https:\\\/\\\/www.uartes.edu.ec\\\/sitio\\\/en\\\/blog\\\/author\\\/ccortez\\\/\"}]}<\/script>\n<!-- \/ Yoast SEO plugin. -->","yoast_head_json":{"title":"Universidad de las Artes - Por alianza con la UCR, Juan Posso y Andrey Astaiza hicieron dise\u00f1o sonoro y musicalizaci\u00f3n de videodanza","description":"Universidad de las Artes - Por alianza con la UCR, Juan Posso y Andrey Astaiza hicieron dise\u00f1o sonoro y musicalizaci\u00f3n de videodanza","robots":{"index":"index","follow":"follow","max-snippet":"max-snippet:-1","max-image-preview":"max-image-preview:large","max-video-preview":"max-video-preview:-1"},"canonical":"https:\/\/www.uartes.edu.ec\/sitio\/en\/blog\/2021\/12\/01\/strongpor-alianza-con-la-ucr-juan-posso-y-andrey-astaizahicieron-diseno-sonoro-y-musicalizacion-de-ofrendastrong\/","og_locale":"en_US","og_type":"article","og_title":"Universidad de las Artes - Por alianza con la UCR, Juan Posso y Andrey Astaiza hicieron dise\u00f1o sonoro y musicalizaci\u00f3n de videodanza","og_description":"Universidad de las Artes - Por alianza con la UCR, Juan Posso y Andrey Astaiza hicieron dise\u00f1o sonoro y musicalizaci\u00f3n de videodanza","og_url":"https:\/\/www.uartes.edu.ec\/sitio\/en\/blog\/2021\/12\/01\/strongpor-alianza-con-la-ucr-juan-posso-y-andrey-astaizahicieron-diseno-sonoro-y-musicalizacion-de-ofrendastrong\/","og_site_name":"Universidad de las Artes","article_publisher":"https:\/\/www.facebook.com\/uartesec","article_published_time":"2021-12-01T17:43:00+00:00","article_modified_time":"2024-07-04T16:25:18+00:00","og_image":[{"width":2000,"height":1333,"url":"https:\/\/www.uartes.edu.ec\/sitio\/wp-content\/uploads\/2021\/12\/ANDREY-ASTAIZA-JUAN-POSSO.webp","type":"image\/webp"}],"author":"ccortez","twitter_card":"summary_large_image","twitter_creator":"@uartesec","twitter_site":"@uartesec","twitter_misc":{"Written by":"ccortez","Est. reading time":"3 minutes"},"schema":{"@context":"https:\/\/schema.org","@graph":[{"@type":"Article","@id":"https:\/\/www.uartes.edu.ec\/sitio\/en\/blog\/2021\/12\/01\/strongpor-alianza-con-la-ucr-juan-posso-y-andrey-astaizahicieron-diseno-sonoro-y-musicalizacion-de-ofrendastrong\/#article","isPartOf":{"@id":"https:\/\/www.uartes.edu.ec\/sitio\/en\/blog\/2021\/12\/01\/strongpor-alianza-con-la-ucr-juan-posso-y-andrey-astaizahicieron-diseno-sonoro-y-musicalizacion-de-ofrendastrong\/"},"author":{"name":"ccortez","@id":"https:\/\/www.uartes.edu.ec\/sitio\/en\/#\/schema\/person\/efa1b8275797664fd7f13a79ccc0b1f4"},"headline":"Por alianza con la UCR, Juan Posso y Andrey Astaiza hicieron dise\u00f1o sonoro y musicalizaci\u00f3n de videodanza","datePublished":"2021-12-01T17:43:00+00:00","dateModified":"2024-07-04T16:25:18+00:00","mainEntityOfPage":{"@id":"https:\/\/www.uartes.edu.ec\/sitio\/en\/blog\/2021\/12\/01\/strongpor-alianza-con-la-ucr-juan-posso-y-andrey-astaizahicieron-diseno-sonoro-y-musicalizacion-de-ofrendastrong\/"},"wordCount":638,"commentCount":0,"publisher":{"@id":"https:\/\/www.uartes.edu.ec\/sitio\/en\/#organization"},"image":{"@id":"https:\/\/www.uartes.edu.ec\/sitio\/en\/blog\/2021\/12\/01\/strongpor-alianza-con-la-ucr-juan-posso-y-andrey-astaizahicieron-diseno-sonoro-y-musicalizacion-de-ofrendastrong\/#primaryimage"},"thumbnailUrl":"https:\/\/www.uartes.edu.ec\/sitio\/wp-content\/uploads\/2021\/12\/ANDREY-ASTAIZA-JUAN-POSSO.webp","keywords":["alianza"],"articleSection":["Artes Sonoras","Docentes","Gesti\u00f3n","Investigaci\u00f3n"],"inLanguage":"en-US","potentialAction":[{"@type":"CommentAction","name":"Comment","target":["https:\/\/www.uartes.edu.ec\/sitio\/en\/blog\/2021\/12\/01\/strongpor-alianza-con-la-ucr-juan-posso-y-andrey-astaizahicieron-diseno-sonoro-y-musicalizacion-de-ofrendastrong\/#respond"]}]},{"@type":["WebPage","ItemPage"],"@id":"https:\/\/www.uartes.edu.ec\/sitio\/en\/blog\/2021\/12\/01\/strongpor-alianza-con-la-ucr-juan-posso-y-andrey-astaizahicieron-diseno-sonoro-y-musicalizacion-de-ofrendastrong\/","url":"https:\/\/www.uartes.edu.ec\/sitio\/en\/blog\/2021\/12\/01\/strongpor-alianza-con-la-ucr-juan-posso-y-andrey-astaizahicieron-diseno-sonoro-y-musicalizacion-de-ofrendastrong\/","name":"Universidad de las Artes - Por alianza con la UCR, Juan Posso y Andrey Astaiza hicieron dise\u00f1o sonoro y musicalizaci\u00f3n de videodanza","isPartOf":{"@id":"https:\/\/www.uartes.edu.ec\/sitio\/en\/#website"},"primaryImageOfPage":{"@id":"https:\/\/www.uartes.edu.ec\/sitio\/en\/blog\/2021\/12\/01\/strongpor-alianza-con-la-ucr-juan-posso-y-andrey-astaizahicieron-diseno-sonoro-y-musicalizacion-de-ofrendastrong\/#primaryimage"},"image":{"@id":"https:\/\/www.uartes.edu.ec\/sitio\/en\/blog\/2021\/12\/01\/strongpor-alianza-con-la-ucr-juan-posso-y-andrey-astaizahicieron-diseno-sonoro-y-musicalizacion-de-ofrendastrong\/#primaryimage"},"thumbnailUrl":"https:\/\/www.uartes.edu.ec\/sitio\/wp-content\/uploads\/2021\/12\/ANDREY-ASTAIZA-JUAN-POSSO.webp","datePublished":"2021-12-01T17:43:00+00:00","dateModified":"2024-07-04T16:25:18+00:00","description":"Universidad de las Artes - Por alianza con la UCR, Juan Posso y Andrey Astaiza hicieron dise\u00f1o sonoro y musicalizaci\u00f3n de videodanza","breadcrumb":{"@id":"https:\/\/www.uartes.edu.ec\/sitio\/en\/blog\/2021\/12\/01\/strongpor-alianza-con-la-ucr-juan-posso-y-andrey-astaizahicieron-diseno-sonoro-y-musicalizacion-de-ofrendastrong\/#breadcrumb"},"inLanguage":"en-US","potentialAction":[{"@type":"ReadAction","target":["https:\/\/www.uartes.edu.ec\/sitio\/en\/blog\/2021\/12\/01\/strongpor-alianza-con-la-ucr-juan-posso-y-andrey-astaizahicieron-diseno-sonoro-y-musicalizacion-de-ofrendastrong\/"]}]},{"@type":"ImageObject","inLanguage":"en-US","@id":"https:\/\/www.uartes.edu.ec\/sitio\/en\/blog\/2021\/12\/01\/strongpor-alianza-con-la-ucr-juan-posso-y-andrey-astaizahicieron-diseno-sonoro-y-musicalizacion-de-ofrendastrong\/#primaryimage","url":"https:\/\/www.uartes.edu.ec\/sitio\/wp-content\/uploads\/2021\/12\/ANDREY-ASTAIZA-JUAN-POSSO.webp","contentUrl":"https:\/\/www.uartes.edu.ec\/sitio\/wp-content\/uploads\/2021\/12\/ANDREY-ASTAIZA-JUAN-POSSO.webp","width":2000,"height":1333},{"@type":"BreadcrumbList","@id":"https:\/\/www.uartes.edu.ec\/sitio\/en\/blog\/2021\/12\/01\/strongpor-alianza-con-la-ucr-juan-posso-y-andrey-astaizahicieron-diseno-sonoro-y-musicalizacion-de-ofrendastrong\/#breadcrumb","itemListElement":[{"@type":"ListItem","position":1,"name":"Inicio","item":"https:\/\/www.uartes.edu.ec\/sitio\/"},{"@type":"ListItem","position":2,"name":"Por alianza con la UCR, Juan Posso y Andrey Astaiza hicieron dise\u00f1o sonoro y musicalizaci\u00f3n de videodanza"}]},{"@type":"WebSite","@id":"https:\/\/www.uartes.edu.ec\/sitio\/en\/#website","url":"https:\/\/www.uartes.edu.ec\/sitio\/en\/","name":"Universidad de las Artes","description":"Sitio oficial de la Universidad Nacional de las Artes del Ecuador","publisher":{"@id":"https:\/\/www.uartes.edu.ec\/sitio\/en\/#organization"},"potentialAction":[{"@type":"SearchAction","target":{"@type":"EntryPoint","urlTemplate":"https:\/\/www.uartes.edu.ec\/sitio\/en\/?s={search_term_string}"},"query-input":{"@type":"PropertyValueSpecification","valueRequired":true,"valueName":"search_term_string"}}],"inLanguage":"en-US"},{"@type":"Organization","@id":"https:\/\/www.uartes.edu.ec\/sitio\/en\/#organization","name":"Universidad de las Artes","url":"https:\/\/www.uartes.edu.ec\/sitio\/en\/","logo":{"@type":"ImageObject","inLanguage":"en-US","@id":"https:\/\/www.uartes.edu.ec\/sitio\/en\/#\/schema\/logo\/image\/","url":"https:\/\/www.uartes.edu.ec\/sitio\/wp-content\/uploads\/2022\/07\/logo-ua-horizontal.png","contentUrl":"https:\/\/www.uartes.edu.ec\/sitio\/wp-content\/uploads\/2022\/07\/logo-ua-horizontal.png","width":800,"height":276,"caption":"Universidad de las Artes"},"image":{"@id":"https:\/\/www.uartes.edu.ec\/sitio\/en\/#\/schema\/logo\/image\/"},"sameAs":["https:\/\/www.facebook.com\/uartesec","https:\/\/x.com\/uartesec","https:\/\/www.tiktok.com\/@uartesec"]},{"@type":"Person","@id":"https:\/\/www.uartes.edu.ec\/sitio\/en\/#\/schema\/person\/efa1b8275797664fd7f13a79ccc0b1f4","name":"ccortez","image":{"@type":"ImageObject","inLanguage":"en-US","@id":"https:\/\/secure.gravatar.com\/avatar\/b2a6f664a3ae8e074346ef91775736c5ec479e637ecced6842de9dc98b5da9cd?s=96&d=mm&r=g","url":"https:\/\/secure.gravatar.com\/avatar\/b2a6f664a3ae8e074346ef91775736c5ec479e637ecced6842de9dc98b5da9cd?s=96&d=mm&r=g","contentUrl":"https:\/\/secure.gravatar.com\/avatar\/b2a6f664a3ae8e074346ef91775736c5ec479e637ecced6842de9dc98b5da9cd?s=96&d=mm&r=g","caption":"ccortez"},"url":"https:\/\/www.uartes.edu.ec\/sitio\/en\/blog\/author\/ccortez\/"}]}},"uagb_featured_image_src":{"full":["https:\/\/www.uartes.edu.ec\/sitio\/wp-content\/uploads\/2021\/12\/ANDREY-ASTAIZA-JUAN-POSSO.webp",2000,1333,false],"thumbnail":["https:\/\/www.uartes.edu.ec\/sitio\/wp-content\/uploads\/2021\/12\/ANDREY-ASTAIZA-JUAN-POSSO-150x150.webp",150,150,true],"medium":["https:\/\/www.uartes.edu.ec\/sitio\/wp-content\/uploads\/2021\/12\/ANDREY-ASTAIZA-JUAN-POSSO-300x200.webp",300,200,true],"medium_large":["https:\/\/www.uartes.edu.ec\/sitio\/wp-content\/uploads\/2021\/12\/ANDREY-ASTAIZA-JUAN-POSSO-768x512.webp",768,512,true],"large":["https:\/\/www.uartes.edu.ec\/sitio\/wp-content\/uploads\/2021\/12\/ANDREY-ASTAIZA-JUAN-POSSO-644x429.webp",644,429,true],"1536x1536":["https:\/\/www.uartes.edu.ec\/sitio\/wp-content\/uploads\/2021\/12\/ANDREY-ASTAIZA-JUAN-POSSO-1536x1024.webp",1536,1024,true],"2048x2048":["https:\/\/www.uartes.edu.ec\/sitio\/wp-content\/uploads\/2021\/12\/ANDREY-ASTAIZA-JUAN-POSSO.webp",2000,1333,false],"trp-custom-language-flag":["https:\/\/www.uartes.edu.ec\/sitio\/wp-content\/uploads\/2021\/12\/ANDREY-ASTAIZA-JUAN-POSSO.webp",18,12,false],"htmega_size_585x295":["https:\/\/www.uartes.edu.ec\/sitio\/wp-content\/uploads\/2021\/12\/ANDREY-ASTAIZA-JUAN-POSSO.webp",443,295,false],"htmega_size_1170x536":["https:\/\/www.uartes.edu.ec\/sitio\/wp-content\/uploads\/2021\/12\/ANDREY-ASTAIZA-JUAN-POSSO.webp",804,536,false],"htmega_size_396x360":["https:\/\/www.uartes.edu.ec\/sitio\/wp-content\/uploads\/2021\/12\/ANDREY-ASTAIZA-JUAN-POSSO.webp",396,264,false],"gb-block-post-grid-landscape":["https:\/\/www.uartes.edu.ec\/sitio\/wp-content\/uploads\/2021\/12\/ANDREY-ASTAIZA-JUAN-POSSO-600x400.webp",600,400,true],"gb-block-post-grid-square":["https:\/\/www.uartes.edu.ec\/sitio\/wp-content\/uploads\/2021\/12\/ANDREY-ASTAIZA-JUAN-POSSO-600x600.webp",600,600,true],"university-hub-thumb":["https:\/\/www.uartes.edu.ec\/sitio\/wp-content\/uploads\/2021\/12\/ANDREY-ASTAIZA-JUAN-POSSO-400x267.webp",400,267,true],"mailpoet_newsletter_max":["https:\/\/www.uartes.edu.ec\/sitio\/wp-content\/uploads\/2021\/12\/ANDREY-ASTAIZA-JUAN-POSSO.webp",1320,880,false]},"uagb_author_info":{"display_name":"ccortez","author_link":"https:\/\/www.uartes.edu.ec\/sitio\/en\/blog\/author\/ccortez\/"},"uagb_comment_info":0,"uagb_excerpt":"En un art\u00edculo publicado en la secci\u00f3n cultural del sitio web del semanario de la Universidad de Costa Rica (UCR), Ana Fern\u00e1ndez Gonz\u00e1lez\u00a0, su autora, rese\u00f1a el proceso de creaci\u00f3n colectiva de la coreograf\u00eda Ofrenda, la cual cont\u00f3 con la alianza entre la instituci\u00f3n de educaci\u00f3n superior costarricense y la Universidad de las Artes (UArtes).","featured_image_src":"https:\/\/www.uartes.edu.ec\/sitio\/wp-content\/uploads\/2021\/12\/ANDREY-ASTAIZA-JUAN-POSSO-600x400.webp","featured_image_src_square":"https:\/\/www.uartes.edu.ec\/sitio\/wp-content\/uploads\/2021\/12\/ANDREY-ASTAIZA-JUAN-POSSO-600x600.webp","author_info":{"display_name":"ccortez","author_link":"https:\/\/www.uartes.edu.ec\/sitio\/en\/blog\/author\/ccortez\/"},"publishpress_future_workflow_manual_trigger":{"enabledWorkflows":[]},"distributor_meta":false,"distributor_terms":false,"distributor_media":false,"distributor_original_site_name":"Universidad de las Artes","distributor_original_site_url":"https:\/\/www.uartes.edu.ec\/sitio\/en","push-errors":false,"_links":{"self":[{"href":"https:\/\/www.uartes.edu.ec\/sitio\/en\/wp-json\/wp\/v2\/posts\/17245","targetHints":{"allow":["GET"]}}],"collection":[{"href":"https:\/\/www.uartes.edu.ec\/sitio\/en\/wp-json\/wp\/v2\/posts"}],"about":[{"href":"https:\/\/www.uartes.edu.ec\/sitio\/en\/wp-json\/wp\/v2\/types\/post"}],"author":[{"embeddable":true,"href":"https:\/\/www.uartes.edu.ec\/sitio\/en\/wp-json\/wp\/v2\/users\/10"}],"replies":[{"embeddable":true,"href":"https:\/\/www.uartes.edu.ec\/sitio\/en\/wp-json\/wp\/v2\/comments?post=17245"}],"version-history":[{"count":2,"href":"https:\/\/www.uartes.edu.ec\/sitio\/en\/wp-json\/wp\/v2\/posts\/17245\/revisions"}],"predecessor-version":[{"id":17249,"href":"https:\/\/www.uartes.edu.ec\/sitio\/en\/wp-json\/wp\/v2\/posts\/17245\/revisions\/17249"}],"wp:featuredmedia":[{"embeddable":true,"href":"https:\/\/www.uartes.edu.ec\/sitio\/en\/wp-json\/wp\/v2\/media\/17247"}],"wp:attachment":[{"href":"https:\/\/www.uartes.edu.ec\/sitio\/en\/wp-json\/wp\/v2\/media?parent=17245"}],"wp:term":[{"taxonomy":"category","embeddable":true,"href":"https:\/\/www.uartes.edu.ec\/sitio\/en\/wp-json\/wp\/v2\/categories?post=17245"},{"taxonomy":"post_tag","embeddable":true,"href":"https:\/\/www.uartes.edu.ec\/sitio\/en\/wp-json\/wp\/v2\/tags?post=17245"},{"taxonomy":"infouartes","embeddable":true,"href":"https:\/\/www.uartes.edu.ec\/sitio\/en\/wp-json\/wp\/v2\/infouartes?post=17245"}],"curies":[{"name":"wp","href":"https:\/\/api.w.org\/{rel}","templated":true}]}}