{"id":1730,"date":"2018-08-03T16:20:25","date_gmt":"2018-08-03T21:20:25","guid":{"rendered":"http:\/\/www.uartes.edu.ec\/infouartes\/?p=1730"},"modified":"2024-07-04T11:53:46","modified_gmt":"2024-07-04T16:53:46","slug":"uartes-y-centro-de-la-imagen-de-peru-firman-carta-de-intencion","status":"publish","type":"post","link":"https:\/\/www.uartes.edu.ec\/sitio\/en\/blog\/2018\/08\/03\/uartes-y-centro-de-la-imagen-de-peru-firman-carta-de-intencion\/","title":{"rendered":"UArtes y Centro de la Imagen de Per\u00fa firman Carta de Intenci\u00f3n"},"content":{"rendered":"<p>La Universidad de las Artes del Ecuador y el Centro de la Imagen de Per\u00fa firmaron, el pasado lunes 30 de julio de 2018, una Carta de Intenci\u00f3n que devendr\u00e1 en un acuerdo que permita, entre otros, el desarrollo colaborativo de proyectos de investigaci\u00f3n sobre fotograf\u00eda, en el marco de la constituci\u00f3n del Centro de Investigaci\u00f3n de la Fotograf\u00eda de la UArtes que se alojar\u00e1 en el Centro de Innovaci\u00f3n Cultural \u2013 MZ14, ubicado en el coraz\u00f3n de Guayaquil, y de la Maestr\u00eda en Fotograf\u00eda y Sociedad en Am\u00e9rica Latina de la instituci\u00f3n.<\/p>\n<p>La Carta establece el inter\u00e9s de ambas instituciones de suscribir el convenio marco que permita adem\u00e1s promover acciones conjuntas de formaci\u00f3n acad\u00e9mica, el intercambio de profesores, la movilidad de estudiantes de pregrado y posgrado, y el desarrollo colaborativo de cursos, talleres, seminarios, proyectos de investigaci\u00f3n y actividades acad\u00e9micas de mutuo inter\u00e9s. Una de las primeras acciones a realizarse, en el marco de esta cooperaci\u00f3n, es el intercambio de un docente de la UArtes hacia el Centro en Per\u00fa.<\/p>\n<p>\u201cEste acuerdo abre las puertas al fortalecimiento institucional del Centro de Investigaci\u00f3n de la Fotograf\u00eda, como un espacio para la exposici\u00f3n, investigaci\u00f3n, reflexi\u00f3n y difusi\u00f3n de la fotograf\u00eda tanto a nivel nacional como internacional. Adem\u00e1s, esto da pie para fortalecer una red de instituciones a nivel latinoamericano en torno a la fotograf\u00eda\u201d, indica Aurora Zanabria, coordinadora de la Maestr\u00eda en Fotograf\u00eda y Sociedad en Am\u00e9rica Latina de la UArtes.<\/p>\n<p>El Centro de la Imagen de Per\u00fa es uno de los espacios especializados m\u00e1s importantes en materia de formaci\u00f3n, investigaci\u00f3n, an\u00e1lisis, conservaci\u00f3n y divulgaci\u00f3n de la fotograf\u00eda y de la imagen en Am\u00e9rica Latina. Este Centro cuenta con una colecci\u00f3n de alrededor de 25,000 im\u00e1genes para el estudio de la fotograf\u00eda peruana del siglo XIX y XX. Cuenta con cuatro laboratorios digitales, dos laboratorios anal\u00f3gicos en blanco y negro, tres estudios fotogr\u00e1ficos, una biblioteca con cerca de mil libros relacionados a la fotograf\u00eda y las artes visuales y un \u00e1rea de impresiones especializada en trabajos fotogr\u00e1ficos.<\/p>\n<p>Esto adem\u00e1s del Centro de Conservaci\u00f3n de im\u00e1genes, que custodia 12 archivos de valor hist\u00f3rico \u2013entre ellos uno conformado por casi 24,000 negativos en placa de vidrio de fines del siglo XIX y principios del XX\u2013 y la galer\u00eda El Ojo Ajeno, que ofrece una programaci\u00f3n anual de exposiciones dedicadas a los distintos aspectos de la producci\u00f3n fotogr\u00e1fica, en especial la contempor\u00e1nea.<\/p>\n<p>Este acuerdo se logr\u00f3 en el marco de la gira acad\u00e9mica que realiza el Rector de la instituci\u00f3n, Ramiro Noriega, por algunos centros educativos y culturales de Per\u00fa, entre ellos, la Escuela Nacional del Folklore, la Universidad\u00a0Nacional de\u00a0M\u00fasica, la Universidad San Marcos, la Pontificia Universidad Cat\u00f3lica del Per\u00fa, el Museo Larco, el Museo de Arte de Lima (MALI) y la Direcci\u00f3n Desconcentrada de Cultura Cusco.<\/p>\n<p><em>*Fotograf\u00eda tomada de la p\u00e1gina web del Centro de la Imagen<\/em><\/p>","protected":false},"excerpt":{"rendered":"<p>La Universidad de las Artes del Ecuador y el Centro de la Imagen de Per\u00fa firmaron, el pasado lunes 30 de julio de 2018, una Carta de Intenci\u00f3n que devendr\u00e1 en un acuerdo que permita, entre otros, el desarrollo colaborativo de proyectos de investigaci\u00f3n sobre fotograf\u00eda, en el marco de la constituci\u00f3n del Centro de [&hellip;]<\/p>\n","protected":false},"author":1,"featured_media":1731,"comment_status":"closed","ping_status":"closed","sticky":false,"template":"","format":"standard","meta":{"_acf_changed":false,"_uag_custom_page_level_css":"","_monsterinsights_skip_tracking":false,"_monsterinsights_sitenote_active":false,"_monsterinsights_sitenote_note":"","_monsterinsights_sitenote_category":0,"cybocfi_hide_featured_image":"","footnotes":""},"categories":[77,84],"tags":[],"infouartes":[],"class_list":["post-1730","post","type-post","status-publish","format-standard","has-post-thumbnail","hentry","category-gestion","category-rectorado"],"acf":[],"yoast_head":"<!-- This site is optimized with the Yoast SEO plugin v27.4 - https:\/\/yoast.com\/product\/yoast-seo-wordpress\/ -->\n<title>Universidad de las Artes - UArtes y Centro de la Imagen de Per\u00fa firman Carta de Intenci\u00f3n<\/title>\n<meta name=\"description\" content=\"Universidad de las Artes - UArtes y Centro de la Imagen de Per\u00fa firman Carta de Intenci\u00f3n\" \/>\n<meta name=\"robots\" content=\"index, follow, max-snippet:-1, max-image-preview:large, max-video-preview:-1\" \/>\n<link rel=\"canonical\" href=\"https:\/\/www.uartes.edu.ec\/sitio\/en\/blog\/2018\/08\/03\/uartes-y-centro-de-la-imagen-de-peru-firman-carta-de-intencion\/\" \/>\n<meta property=\"og:locale\" content=\"en_US\" \/>\n<meta property=\"og:type\" content=\"article\" \/>\n<meta property=\"og:title\" content=\"Universidad de las Artes - UArtes y Centro de la Imagen de Per\u00fa firman Carta de Intenci\u00f3n\" \/>\n<meta property=\"og:description\" content=\"Universidad de las Artes - UArtes y Centro de la Imagen de Per\u00fa firman Carta de Intenci\u00f3n\" \/>\n<meta property=\"og:url\" content=\"https:\/\/www.uartes.edu.ec\/sitio\/en\/blog\/2018\/08\/03\/uartes-y-centro-de-la-imagen-de-peru-firman-carta-de-intencion\/\" \/>\n<meta property=\"og:site_name\" content=\"Universidad de las Artes\" \/>\n<meta property=\"article:publisher\" content=\"https:\/\/www.facebook.com\/uartesec\" \/>\n<meta property=\"article:published_time\" content=\"2018-08-03T21:20:25+00:00\" \/>\n<meta property=\"article:modified_time\" content=\"2024-07-04T16:53:46+00:00\" \/>\n<meta name=\"author\" content=\"Universidad de las Artes\" \/>\n<meta name=\"twitter:card\" content=\"summary_large_image\" \/>\n<meta name=\"twitter:creator\" content=\"@uartesec\" \/>\n<meta name=\"twitter:site\" content=\"@uartesec\" \/>\n<meta name=\"twitter:label1\" content=\"Written by\" \/>\n\t<meta name=\"twitter:data1\" content=\"Universidad de las Artes\" \/>\n\t<meta name=\"twitter:label2\" content=\"Est. reading time\" \/>\n\t<meta name=\"twitter:data2\" content=\"3 minutes\" \/>\n<script type=\"application\/ld+json\" class=\"yoast-schema-graph\">{\"@context\":\"https:\\\/\\\/schema.org\",\"@graph\":[{\"@type\":\"Article\",\"@id\":\"https:\\\/\\\/www.uartes.edu.ec\\\/sitio\\\/en\\\/blog\\\/2018\\\/08\\\/03\\\/uartes-y-centro-de-la-imagen-de-peru-firman-carta-de-intencion\\\/#article\",\"isPartOf\":{\"@id\":\"https:\\\/\\\/www.uartes.edu.ec\\\/sitio\\\/en\\\/blog\\\/2018\\\/08\\\/03\\\/uartes-y-centro-de-la-imagen-de-peru-firman-carta-de-intencion\\\/\"},\"author\":{\"name\":\"Universidad de las Artes\",\"@id\":\"https:\\\/\\\/www.uartes.edu.ec\\\/sitio\\\/en\\\/#\\\/schema\\\/person\\\/f33f8c1d2af0d5c80a38c8abf458184a\"},\"headline\":\"UArtes y Centro de la Imagen de Per\u00fa firman Carta de Intenci\u00f3n\",\"datePublished\":\"2018-08-03T21:20:25+00:00\",\"dateModified\":\"2024-07-04T16:53:46+00:00\",\"mainEntityOfPage\":{\"@id\":\"https:\\\/\\\/www.uartes.edu.ec\\\/sitio\\\/en\\\/blog\\\/2018\\\/08\\\/03\\\/uartes-y-centro-de-la-imagen-de-peru-firman-carta-de-intencion\\\/\"},\"wordCount\":546,\"publisher\":{\"@id\":\"https:\\\/\\\/www.uartes.edu.ec\\\/sitio\\\/en\\\/#organization\"},\"image\":{\"@id\":\"https:\\\/\\\/www.uartes.edu.ec\\\/sitio\\\/en\\\/blog\\\/2018\\\/08\\\/03\\\/uartes-y-centro-de-la-imagen-de-peru-firman-carta-de-intencion\\\/#primaryimage\"},\"thumbnailUrl\":\"\",\"articleSection\":[\"Gesti\u00f3n\",\"Rectorado\"],\"inLanguage\":\"en-US\"},{\"@type\":[\"WebPage\",\"ItemPage\"],\"@id\":\"https:\\\/\\\/www.uartes.edu.ec\\\/sitio\\\/en\\\/blog\\\/2018\\\/08\\\/03\\\/uartes-y-centro-de-la-imagen-de-peru-firman-carta-de-intencion\\\/\",\"url\":\"https:\\\/\\\/www.uartes.edu.ec\\\/sitio\\\/en\\\/blog\\\/2018\\\/08\\\/03\\\/uartes-y-centro-de-la-imagen-de-peru-firman-carta-de-intencion\\\/\",\"name\":\"Universidad de las Artes - UArtes y Centro de la Imagen de Per\u00fa firman Carta de Intenci\u00f3n\",\"isPartOf\":{\"@id\":\"https:\\\/\\\/www.uartes.edu.ec\\\/sitio\\\/en\\\/#website\"},\"primaryImageOfPage\":{\"@id\":\"https:\\\/\\\/www.uartes.edu.ec\\\/sitio\\\/en\\\/blog\\\/2018\\\/08\\\/03\\\/uartes-y-centro-de-la-imagen-de-peru-firman-carta-de-intencion\\\/#primaryimage\"},\"image\":{\"@id\":\"https:\\\/\\\/www.uartes.edu.ec\\\/sitio\\\/en\\\/blog\\\/2018\\\/08\\\/03\\\/uartes-y-centro-de-la-imagen-de-peru-firman-carta-de-intencion\\\/#primaryimage\"},\"thumbnailUrl\":\"\",\"datePublished\":\"2018-08-03T21:20:25+00:00\",\"dateModified\":\"2024-07-04T16:53:46+00:00\",\"description\":\"Universidad de las Artes - UArtes y Centro de la Imagen de Per\u00fa firman Carta de Intenci\u00f3n\",\"breadcrumb\":{\"@id\":\"https:\\\/\\\/www.uartes.edu.ec\\\/sitio\\\/en\\\/blog\\\/2018\\\/08\\\/03\\\/uartes-y-centro-de-la-imagen-de-peru-firman-carta-de-intencion\\\/#breadcrumb\"},\"inLanguage\":\"en-US\",\"potentialAction\":[{\"@type\":\"ReadAction\",\"target\":[\"https:\\\/\\\/www.uartes.edu.ec\\\/sitio\\\/en\\\/blog\\\/2018\\\/08\\\/03\\\/uartes-y-centro-de-la-imagen-de-peru-firman-carta-de-intencion\\\/\"]}]},{\"@type\":\"ImageObject\",\"inLanguage\":\"en-US\",\"@id\":\"https:\\\/\\\/www.uartes.edu.ec\\\/sitio\\\/en\\\/blog\\\/2018\\\/08\\\/03\\\/uartes-y-centro-de-la-imagen-de-peru-firman-carta-de-intencion\\\/#primaryimage\",\"url\":\"\",\"contentUrl\":\"\"},{\"@type\":\"BreadcrumbList\",\"@id\":\"https:\\\/\\\/www.uartes.edu.ec\\\/sitio\\\/en\\\/blog\\\/2018\\\/08\\\/03\\\/uartes-y-centro-de-la-imagen-de-peru-firman-carta-de-intencion\\\/#breadcrumb\",\"itemListElement\":[{\"@type\":\"ListItem\",\"position\":1,\"name\":\"Inicio\",\"item\":\"https:\\\/\\\/www.uartes.edu.ec\\\/sitio\\\/\"},{\"@type\":\"ListItem\",\"position\":2,\"name\":\"UArtes y Centro de la Imagen de Per\u00fa firman Carta de Intenci\u00f3n\"}]},{\"@type\":\"WebSite\",\"@id\":\"https:\\\/\\\/www.uartes.edu.ec\\\/sitio\\\/en\\\/#website\",\"url\":\"https:\\\/\\\/www.uartes.edu.ec\\\/sitio\\\/en\\\/\",\"name\":\"Universidad de las Artes\",\"description\":\"Sitio oficial de la Universidad Nacional de las Artes del Ecuador\",\"publisher\":{\"@id\":\"https:\\\/\\\/www.uartes.edu.ec\\\/sitio\\\/en\\\/#organization\"},\"potentialAction\":[{\"@type\":\"SearchAction\",\"target\":{\"@type\":\"EntryPoint\",\"urlTemplate\":\"https:\\\/\\\/www.uartes.edu.ec\\\/sitio\\\/en\\\/?s={search_term_string}\"},\"query-input\":{\"@type\":\"PropertyValueSpecification\",\"valueRequired\":true,\"valueName\":\"search_term_string\"}}],\"inLanguage\":\"en-US\"},{\"@type\":\"Organization\",\"@id\":\"https:\\\/\\\/www.uartes.edu.ec\\\/sitio\\\/en\\\/#organization\",\"name\":\"Universidad de las Artes\",\"url\":\"https:\\\/\\\/www.uartes.edu.ec\\\/sitio\\\/en\\\/\",\"logo\":{\"@type\":\"ImageObject\",\"inLanguage\":\"en-US\",\"@id\":\"https:\\\/\\\/www.uartes.edu.ec\\\/sitio\\\/en\\\/#\\\/schema\\\/logo\\\/image\\\/\",\"url\":\"https:\\\/\\\/www.uartes.edu.ec\\\/sitio\\\/wp-content\\\/uploads\\\/2022\\\/07\\\/logo-ua-horizontal.png\",\"contentUrl\":\"https:\\\/\\\/www.uartes.edu.ec\\\/sitio\\\/wp-content\\\/uploads\\\/2022\\\/07\\\/logo-ua-horizontal.png\",\"width\":800,\"height\":276,\"caption\":\"Universidad de las Artes\"},\"image\":{\"@id\":\"https:\\\/\\\/www.uartes.edu.ec\\\/sitio\\\/en\\\/#\\\/schema\\\/logo\\\/image\\\/\"},\"sameAs\":[\"https:\\\/\\\/www.facebook.com\\\/uartesec\",\"https:\\\/\\\/x.com\\\/uartesec\",\"https:\\\/\\\/www.tiktok.com\\\/@uartesec\"]},{\"@type\":\"Person\",\"@id\":\"https:\\\/\\\/www.uartes.edu.ec\\\/sitio\\\/en\\\/#\\\/schema\\\/person\\\/f33f8c1d2af0d5c80a38c8abf458184a\",\"name\":\"Universidad de las Artes\",\"image\":{\"@type\":\"ImageObject\",\"inLanguage\":\"en-US\",\"@id\":\"https:\\\/\\\/secure.gravatar.com\\\/avatar\\\/52e4757902f5cfa5ac52d020e5be83cae5487519154b6c35482fe08d589f3c13?s=96&d=mm&r=g\",\"url\":\"https:\\\/\\\/secure.gravatar.com\\\/avatar\\\/52e4757902f5cfa5ac52d020e5be83cae5487519154b6c35482fe08d589f3c13?s=96&d=mm&r=g\",\"contentUrl\":\"https:\\\/\\\/secure.gravatar.com\\\/avatar\\\/52e4757902f5cfa5ac52d020e5be83cae5487519154b6c35482fe08d589f3c13?s=96&d=mm&r=g\",\"caption\":\"Universidad de las Artes\"},\"url\":\"https:\\\/\\\/www.uartes.edu.ec\\\/sitio\\\/en\\\/blog\\\/author\\\/dircomadm\\\/\"}]}<\/script>\n<!-- \/ Yoast SEO plugin. -->","yoast_head_json":{"title":"Universidad de las Artes - UArtes y Centro de la Imagen de Per\u00fa firman Carta de Intenci\u00f3n","description":"Universidad de las Artes - UArtes y Centro de la Imagen de Per\u00fa firman Carta de Intenci\u00f3n","robots":{"index":"index","follow":"follow","max-snippet":"max-snippet:-1","max-image-preview":"max-image-preview:large","max-video-preview":"max-video-preview:-1"},"canonical":"https:\/\/www.uartes.edu.ec\/sitio\/en\/blog\/2018\/08\/03\/uartes-y-centro-de-la-imagen-de-peru-firman-carta-de-intencion\/","og_locale":"en_US","og_type":"article","og_title":"Universidad de las Artes - UArtes y Centro de la Imagen de Per\u00fa firman Carta de Intenci\u00f3n","og_description":"Universidad de las Artes - UArtes y Centro de la Imagen de Per\u00fa firman Carta de Intenci\u00f3n","og_url":"https:\/\/www.uartes.edu.ec\/sitio\/en\/blog\/2018\/08\/03\/uartes-y-centro-de-la-imagen-de-peru-firman-carta-de-intencion\/","og_site_name":"Universidad de las Artes","article_publisher":"https:\/\/www.facebook.com\/uartesec","article_published_time":"2018-08-03T21:20:25+00:00","article_modified_time":"2024-07-04T16:53:46+00:00","author":"Universidad de las Artes","twitter_card":"summary_large_image","twitter_creator":"@uartesec","twitter_site":"@uartesec","twitter_misc":{"Written by":"Universidad de las Artes","Est. reading time":"3 minutes"},"schema":{"@context":"https:\/\/schema.org","@graph":[{"@type":"Article","@id":"https:\/\/www.uartes.edu.ec\/sitio\/en\/blog\/2018\/08\/03\/uartes-y-centro-de-la-imagen-de-peru-firman-carta-de-intencion\/#article","isPartOf":{"@id":"https:\/\/www.uartes.edu.ec\/sitio\/en\/blog\/2018\/08\/03\/uartes-y-centro-de-la-imagen-de-peru-firman-carta-de-intencion\/"},"author":{"name":"Universidad de las Artes","@id":"https:\/\/www.uartes.edu.ec\/sitio\/en\/#\/schema\/person\/f33f8c1d2af0d5c80a38c8abf458184a"},"headline":"UArtes y Centro de la Imagen de Per\u00fa firman Carta de Intenci\u00f3n","datePublished":"2018-08-03T21:20:25+00:00","dateModified":"2024-07-04T16:53:46+00:00","mainEntityOfPage":{"@id":"https:\/\/www.uartes.edu.ec\/sitio\/en\/blog\/2018\/08\/03\/uartes-y-centro-de-la-imagen-de-peru-firman-carta-de-intencion\/"},"wordCount":546,"publisher":{"@id":"https:\/\/www.uartes.edu.ec\/sitio\/en\/#organization"},"image":{"@id":"https:\/\/www.uartes.edu.ec\/sitio\/en\/blog\/2018\/08\/03\/uartes-y-centro-de-la-imagen-de-peru-firman-carta-de-intencion\/#primaryimage"},"thumbnailUrl":"","articleSection":["Gesti\u00f3n","Rectorado"],"inLanguage":"en-US"},{"@type":["WebPage","ItemPage"],"@id":"https:\/\/www.uartes.edu.ec\/sitio\/en\/blog\/2018\/08\/03\/uartes-y-centro-de-la-imagen-de-peru-firman-carta-de-intencion\/","url":"https:\/\/www.uartes.edu.ec\/sitio\/en\/blog\/2018\/08\/03\/uartes-y-centro-de-la-imagen-de-peru-firman-carta-de-intencion\/","name":"Universidad de las Artes - UArtes y Centro de la Imagen de Per\u00fa firman Carta de Intenci\u00f3n","isPartOf":{"@id":"https:\/\/www.uartes.edu.ec\/sitio\/en\/#website"},"primaryImageOfPage":{"@id":"https:\/\/www.uartes.edu.ec\/sitio\/en\/blog\/2018\/08\/03\/uartes-y-centro-de-la-imagen-de-peru-firman-carta-de-intencion\/#primaryimage"},"image":{"@id":"https:\/\/www.uartes.edu.ec\/sitio\/en\/blog\/2018\/08\/03\/uartes-y-centro-de-la-imagen-de-peru-firman-carta-de-intencion\/#primaryimage"},"thumbnailUrl":"","datePublished":"2018-08-03T21:20:25+00:00","dateModified":"2024-07-04T16:53:46+00:00","description":"Universidad de las Artes - UArtes y Centro de la Imagen de Per\u00fa firman Carta de Intenci\u00f3n","breadcrumb":{"@id":"https:\/\/www.uartes.edu.ec\/sitio\/en\/blog\/2018\/08\/03\/uartes-y-centro-de-la-imagen-de-peru-firman-carta-de-intencion\/#breadcrumb"},"inLanguage":"en-US","potentialAction":[{"@type":"ReadAction","target":["https:\/\/www.uartes.edu.ec\/sitio\/en\/blog\/2018\/08\/03\/uartes-y-centro-de-la-imagen-de-peru-firman-carta-de-intencion\/"]}]},{"@type":"ImageObject","inLanguage":"en-US","@id":"https:\/\/www.uartes.edu.ec\/sitio\/en\/blog\/2018\/08\/03\/uartes-y-centro-de-la-imagen-de-peru-firman-carta-de-intencion\/#primaryimage","url":"","contentUrl":""},{"@type":"BreadcrumbList","@id":"https:\/\/www.uartes.edu.ec\/sitio\/en\/blog\/2018\/08\/03\/uartes-y-centro-de-la-imagen-de-peru-firman-carta-de-intencion\/#breadcrumb","itemListElement":[{"@type":"ListItem","position":1,"name":"Inicio","item":"https:\/\/www.uartes.edu.ec\/sitio\/"},{"@type":"ListItem","position":2,"name":"UArtes y Centro de la Imagen de Per\u00fa firman Carta de Intenci\u00f3n"}]},{"@type":"WebSite","@id":"https:\/\/www.uartes.edu.ec\/sitio\/en\/#website","url":"https:\/\/www.uartes.edu.ec\/sitio\/en\/","name":"Universidad de las Artes","description":"Sitio oficial de la Universidad Nacional de las Artes del Ecuador","publisher":{"@id":"https:\/\/www.uartes.edu.ec\/sitio\/en\/#organization"},"potentialAction":[{"@type":"SearchAction","target":{"@type":"EntryPoint","urlTemplate":"https:\/\/www.uartes.edu.ec\/sitio\/en\/?s={search_term_string}"},"query-input":{"@type":"PropertyValueSpecification","valueRequired":true,"valueName":"search_term_string"}}],"inLanguage":"en-US"},{"@type":"Organization","@id":"https:\/\/www.uartes.edu.ec\/sitio\/en\/#organization","name":"Universidad de las Artes","url":"https:\/\/www.uartes.edu.ec\/sitio\/en\/","logo":{"@type":"ImageObject","inLanguage":"en-US","@id":"https:\/\/www.uartes.edu.ec\/sitio\/en\/#\/schema\/logo\/image\/","url":"https:\/\/www.uartes.edu.ec\/sitio\/wp-content\/uploads\/2022\/07\/logo-ua-horizontal.png","contentUrl":"https:\/\/www.uartes.edu.ec\/sitio\/wp-content\/uploads\/2022\/07\/logo-ua-horizontal.png","width":800,"height":276,"caption":"Universidad de las Artes"},"image":{"@id":"https:\/\/www.uartes.edu.ec\/sitio\/en\/#\/schema\/logo\/image\/"},"sameAs":["https:\/\/www.facebook.com\/uartesec","https:\/\/x.com\/uartesec","https:\/\/www.tiktok.com\/@uartesec"]},{"@type":"Person","@id":"https:\/\/www.uartes.edu.ec\/sitio\/en\/#\/schema\/person\/f33f8c1d2af0d5c80a38c8abf458184a","name":"Universidad de las Artes","image":{"@type":"ImageObject","inLanguage":"en-US","@id":"https:\/\/secure.gravatar.com\/avatar\/52e4757902f5cfa5ac52d020e5be83cae5487519154b6c35482fe08d589f3c13?s=96&d=mm&r=g","url":"https:\/\/secure.gravatar.com\/avatar\/52e4757902f5cfa5ac52d020e5be83cae5487519154b6c35482fe08d589f3c13?s=96&d=mm&r=g","contentUrl":"https:\/\/secure.gravatar.com\/avatar\/52e4757902f5cfa5ac52d020e5be83cae5487519154b6c35482fe08d589f3c13?s=96&d=mm&r=g","caption":"Universidad de las Artes"},"url":"https:\/\/www.uartes.edu.ec\/sitio\/en\/blog\/author\/dircomadm\/"}]}},"uagb_featured_image_src":{"full":false,"thumbnail":false,"medium":false,"medium_large":false,"large":false,"1536x1536":false,"2048x2048":false,"trp-custom-language-flag":false,"htmega_size_585x295":false,"htmega_size_1170x536":false,"htmega_size_396x360":false,"gb-block-post-grid-landscape":false,"gb-block-post-grid-square":false,"university-hub-thumb":false},"uagb_author_info":{"display_name":"Universidad de las Artes","author_link":"https:\/\/www.uartes.edu.ec\/sitio\/en\/blog\/author\/dircomadm\/"},"uagb_comment_info":0,"uagb_excerpt":"La Universidad de las Artes del Ecuador y el Centro de la Imagen de Per\u00fa firmaron, el pasado lunes 30 de julio de 2018, una Carta de Intenci\u00f3n que devendr\u00e1 en un acuerdo que permita, entre otros, el desarrollo colaborativo de proyectos de investigaci\u00f3n sobre fotograf\u00eda, en el marco de la constituci\u00f3n del Centro de&hellip;","featured_image_src":null,"featured_image_src_square":null,"author_info":{"display_name":"Universidad de las Artes","author_link":"https:\/\/www.uartes.edu.ec\/sitio\/en\/blog\/author\/dircomadm\/"},"publishpress_future_workflow_manual_trigger":{"enabledWorkflows":[]},"distributor_meta":false,"distributor_terms":false,"distributor_media":false,"distributor_original_site_name":"Universidad de las Artes","distributor_original_site_url":"https:\/\/www.uartes.edu.ec\/sitio\/en","push-errors":false,"_links":{"self":[{"href":"https:\/\/www.uartes.edu.ec\/sitio\/en\/wp-json\/wp\/v2\/posts\/1730","targetHints":{"allow":["GET"]}}],"collection":[{"href":"https:\/\/www.uartes.edu.ec\/sitio\/en\/wp-json\/wp\/v2\/posts"}],"about":[{"href":"https:\/\/www.uartes.edu.ec\/sitio\/en\/wp-json\/wp\/v2\/types\/post"}],"author":[{"embeddable":true,"href":"https:\/\/www.uartes.edu.ec\/sitio\/en\/wp-json\/wp\/v2\/users\/1"}],"replies":[{"embeddable":true,"href":"https:\/\/www.uartes.edu.ec\/sitio\/en\/wp-json\/wp\/v2\/comments?post=1730"}],"version-history":[{"count":1,"href":"https:\/\/www.uartes.edu.ec\/sitio\/en\/wp-json\/wp\/v2\/posts\/1730\/revisions"}],"predecessor-version":[{"id":3345,"href":"https:\/\/www.uartes.edu.ec\/sitio\/en\/wp-json\/wp\/v2\/posts\/1730\/revisions\/3345"}],"wp:featuredmedia":[{"embeddable":true,"href":"https:\/\/www.uartes.edu.ec\/sitio\/en\/wp-json\/"}],"wp:attachment":[{"href":"https:\/\/www.uartes.edu.ec\/sitio\/en\/wp-json\/wp\/v2\/media?parent=1730"}],"wp:term":[{"taxonomy":"category","embeddable":true,"href":"https:\/\/www.uartes.edu.ec\/sitio\/en\/wp-json\/wp\/v2\/categories?post=1730"},{"taxonomy":"post_tag","embeddable":true,"href":"https:\/\/www.uartes.edu.ec\/sitio\/en\/wp-json\/wp\/v2\/tags?post=1730"},{"taxonomy":"infouartes","embeddable":true,"href":"https:\/\/www.uartes.edu.ec\/sitio\/en\/wp-json\/wp\/v2\/infouartes?post=1730"}],"curies":[{"name":"wp","href":"https:\/\/api.w.org\/{rel}","templated":true}]}}