{"id":17546,"date":"2021-12-02T15:37:00","date_gmt":"2021-12-02T20:37:00","guid":{"rendered":"http:\/\/www.uartes.edu.ec\/sitio\/?p=17546"},"modified":"2024-07-04T11:25:16","modified_gmt":"2024-07-04T16:25:16","slug":"6-dias-dedicados-a-la-presentacion-de-lostrabajos-de-titulacion-de-egresados-2021","status":"publish","type":"post","link":"https:\/\/www.uartes.edu.ec\/sitio\/en\/blog\/2021\/12\/02\/6-dias-dedicados-a-la-presentacion-de-lostrabajos-de-titulacion-de-egresados-2021\/","title":{"rendered":"Durante 6 d\u00edas se presentar\u00e1n en el MZ14 los trabajos de titulaci\u00f3n de los estudiantes que se grad\u00faan este a\u00f1o"},"content":{"rendered":"<p>Conversatorios, mesas de di\u00e1logo, proyecciones de cortos y videos, creaciones coreogr\u00e1ficas, talleres, exposiciones visuales e instalaciones sonoras constan entre las actividades programadas por las Escuelas de Artes Sonoras, Artes Visuales, Artes Esc\u00e9nicas, Literatura y Cine de la Universidad de las Artes y su Secretaria Acad\u00e9mica para las jornadas de presentaci\u00f3n de los trabajos de titulaci\u00f3n de los estudiantes egresados de pregrado.<\/p>\n\n\n\n<p>Se inician este viernes 3 de diciembre de 2021, con la muestra clown <em>Sobrevivientes a bordo,<\/em> dirigida por Cecilia Salazar, egresada de la Escuela de Artes Esc\u00e9nicas, y concluir\u00e1n el viernes 10 con el lanzamiento del cat\u00e1logo de graduadas y graduados, a cargo de UArtes Ediciones. Las ceremonias de graduaci\u00f3n ser\u00e1n el s\u00e1bado 11.<\/p>\n\n\n\n<p>Observando el l\u00edmite de aforos y todas las medidas de bioseguridad pertinentes, las jornadas tendr\u00e1n lugar en la Plaza P\u00fablica, las Cabinas de Experimentaci\u00f3n Sonora, el Sal\u00f3n Patrimonial, la Sala de Cine, el CIF, las B\u00f3vedas, el Project Room, el Coworking y la Terraza del Centro de Producci\u00f3n e Innovaci\u00f3n MZ14.<\/p>\n\n\n\n<h3 class=\"wp-block-heading\" id=\"agenda-de-actividades-todas-en-el-mz14\"><strong>Agenda de actividades, todas en el MZ14<\/strong><\/h3>\n\n\n\n<p><strong>LUNES 6:<\/strong> Mesa \u201cMedardo \u00c1ngel Silva, Sonia Manzano, C\u00e9sar D\u00e1vila Andrade: enfoques y perspectivas\u201d. Intervienen: Claudia Delgadillo, Zully Ord\u00f3\u00f1ez y Alondra Lahuatte, presencial; y, Carlos Rugel, virtual. Modera: Cecilia Velasco, docente UArtes. Hora: De 16:00 a 17:00. Lugar: Plaza P\u00fablica.<\/p>\n\n\n\n<p>Inauguraci\u00f3n de la instalaci\u00f3n \u201cLas \u00faltimas\u201d, de Malena Goya, Hora: 17:00. Lugar: Cabina Sala de Experimentaci\u00f3n Sonora. Tambi\u00e9n se presentar\u00e1, de 10:00 a 19:00, los d\u00edas martes 7, mi\u00e9rcoles 8, jueves 9 y viernes 10.<\/p>\n\n\n\n<p>Creaci\u00f3n Coreogr\u00e1fica<em> Acumulaci\u00f3n, <\/em>de Darashea Toala. La acompa\u00f1a Mauricio Bomb\u00f3n. Hora: 20:15, Sal\u00f3n Patrimonial. En mismo horario y lugar tendr\u00e1 una segunda presentaci\u00f3n el martes 7.<\/p>\n\n\n\n<p><strong>MARTES 7:<\/strong> Conversatorio y exposici\u00f3n de resultados: \u201cCarencias de piel, la ternura de tocar: Indagaci\u00f3n de principios metodol\u00f3gicos y pedag\u00f3gicos como herramientas para un primer acercamiento sensible al cuerpo de adultas mayores\u201d. Interviene Katy Niza. Moderadora: Sara Baranzoni, docente UArtes. Hora: 14:30. Lugar: Plaza P\u00fablica.<\/p>\n\n\n\n<p>Mesa \u201cNuevas lecturas de la literatura ecuatoriana\u201d. Intervienen: Carlos Cando, Melanie Moreira, Laura Nivela y Jos\u00e9 Gabriel S\u00e1nchez, presencial; y, Dayana Morocho, virtual. Moderador: Andr\u00e9s Land\u00e1zuri, docente UArtes. Hora: De 15:00 a 16:00. Lugar: Plaza P\u00fablica.<\/p>\n\n\n\n<p>Mesa \u201cLiteratura, fronteras y nuevos formatos\u201d. Intervienen: Cristian Alvarado, Margarethe Tirado y Mar\u00eda Beatriz Crespo, presencial; y, Andrea Torres, virtual. Moderador: Paolo Vignola, docente UArtes. Hora: De 16:00 a 17:00. Lugar: Plaza P\u00fablica.<\/p>\n\n\n\n<p>Muestra de Cortos de Graduadas\/os en Cine. Hora: De 17:30 a 19:00. Lugar: Sala de Cine. La presentaci\u00f3n se mantiene el mi\u00e9rcoles 8.<\/p>\n\n\n\n<p>Muestra <em>El Resto es Silencio<\/em>, obras de titulaci\u00f3n de la Escuela de Artes Sonoras. Hora: De 17:30 a 19:00. Lugar: Sala de Experimentaci\u00f3n Sonora.<\/p>\n\n\n\n<p>Muestras Clown <em>Sobrevivientes a bordo.<\/em> Hora: 19:30. Lugar: Sal\u00f3n Patrimonial.<\/p>\n\n\n\n<div class=\"wp-block-image\"><figure class=\"aligncenter size-full\"><img fetchpriority=\"high\" decoding=\"async\" width=\"2000\" height=\"1333\" src=\"http:\/\/www.uartes.edu.ec\/sitio\/wp-content\/uploads\/2021\/12\/CONCIERTO-EAS.webp\" alt=\"\" class=\"wp-image-17547\" srcset=\"https:\/\/www.uartes.edu.ec\/sitio\/wp-content\/uploads\/2021\/12\/CONCIERTO-EAS.webp 2000w, https:\/\/www.uartes.edu.ec\/sitio\/wp-content\/uploads\/2021\/12\/CONCIERTO-EAS-644x429.webp 644w, https:\/\/www.uartes.edu.ec\/sitio\/wp-content\/uploads\/2021\/12\/CONCIERTO-EAS-768x511.webp 768w, https:\/\/www.uartes.edu.ec\/sitio\/wp-content\/uploads\/2021\/12\/CONCIERTO-EAS-600x399.webp 600w, https:\/\/www.uartes.edu.ec\/sitio\/wp-content\/uploads\/2021\/12\/CONCIERTO-EAS-272x182.webp 272w\" sizes=\"(max-width: 2000px) 100vw, 2000px\" \/><\/figure><\/div>\n\n\n\n<p><strong>MI\u00c9RCOLES 8:<\/strong> Instalaci\u00f3n Sonora de la Escuela de Artes Sonoras. Hora: De 10:00 a 19:00. Lugar: Project Room y Sala de Experimentaci\u00f3n Sonora. Se mantiene el jueves 9 y viernes 10.<\/p>\n\n\n\n<p>Conversatorio \u201cGlobalizaci\u00f3n del arte esc\u00e9nico mediante el uso de nuevos medios digitales\u201d. Interviene: Wendy Lalangui. Modera Sara Baranzoni, docente UArtes. Hora: 10:00. Lugar: Plaza P\u00fablica.<\/p>\n\n\n\n<p>Conversatorio \u201cVideojuegos como dispositivos esc\u00e9nicos: un acercamiento te\u00f3rico al teatro desde los videojuegos\u201d. Interviene: Geovanny Ch\u00e1vez. Modera: Sara Baranzoni, docente UArtes. Hora: 10:30. Lugar: Plaza P\u00fablica.<\/p>\n\n\n\n<p>Conversatorio \u201cLa reescritura de Ant\u00edgona en am\u00e9rica latina: Ant\u00edgona furiosa, Ant\u00edgona (versi\u00f3n libre) y Ant\u00edgonas: tribunal de mujeres\u201d. Interviene: Daniela Delgado. Modera: Sara Baranzoni, docente UArtes. Hora: 15:00. Lugar: Plaza P\u00fablica.<\/p>\n\n\n\n<p>Conversatorio \u201cSuenan, nuestras cacerolas, m\u00e1s all\u00e1 del espacio vac\u00edo: acercamientos a una teatralidad del cacerolazo\u201d. Interviene: Pavel Villamar. Modera: Sara Baranzoni, docente UArtes. Hora: 15:30. Lugar: Plaza P\u00fablica.<\/p>\n\n\n\n<p>Taller de Pedagog\u00eda: Dirigido a estudiantes de la carrera de Danza, impartido por Angie Galleguillos. Hora: De 15:00 a 17:00. Lugar: Coworking.<\/p>\n\n\n\n<p>Mesa \u201cPedagog\u00eda y literatura\u201d. Intervienen: Joselin Naranjo, Gabriela Castro y Jefferson Cabrera. Modera: Maritza Cino, docente UArtes. Hora: De 16:00 a 17:00. Lugar: Plaza P\u00fablica.<\/p>\n\n\n\n<p>Inauguraci\u00f3n muestra de graduadas\/os en Artes Visuales. Hora: De 17:00 a 17:30. Lugar: CIF\/B\u00f3vedas. Seguir\u00e1 permanente el jueves 9 y viernes 10.<\/p>\n\n\n\n<p><strong>JUEVES 9:<\/strong> Lectura de texto y conversatorio de la obra \u201cTres sencillos requisitos para ser mujer\u201d. Intervienen: Rafael Guerrero, Jorge Salguero y Enrique Palas. Modera: Domenique Cede\u00f1o. Hora: 11:00. Lugar: Plaza P\u00fablica.<\/p>\n\n\n\n<p>Lectura de texto y conversatorio \u201cUna infecci\u00f3n de lo humano: proceso de creaci\u00f3n y lectura dramatizada\u201d. Intervienen: Daniela Delgado, Diana Lozano, Erika Guadalupe y Gabriel Ferr\u00edn. Hora: 12:00. Lugar: Plaza P\u00fablica.<\/p>\n\n\n\n<p>Presentaci\u00f3n videos <em>Harto Deseo,<\/em> de Diego Ayala, y <em>Voces de la Isla Trinitaria,<\/em> de Jenny Jaramillo. Modera: Sara Baranzoni, docente UArtes. Hora: De 16:00 a 17:00. Lugar: Plaza P\u00fablica.<\/p>\n\n\n\n<p>Intervenci\u00f3n y conversatorio sobre investigaci\u00f3n \u201cLa bit\u00e1cora en los procedimientos de transmisi\u00f3n en danza: signos gr\u00e1ficos alrededor de la danza\u201d. Intervienen: Tamia S\u00e1nchez y Tamia Guayasam\u00edn. Hora: 17:15. Lugar: Plaza P\u00fablica.<\/p>\n\n\n\n<p>Concierto de Graduadas\/os de la EAS. Hora: De 17:30 a 19:00. Lugar: Terraza.<\/p>\n\n\n\n<p>Presentaci\u00f3n esc\u00e9nica <em>Tejidos.<\/em> Intervienen: Tamara Gui\u00f1ansaca, Julio Maquil\u00f3n y Carlos Cede\u00f1o. Hora: De 19:00 a 19:25. Lugar: Sal\u00f3n Patrimonial.<\/p>\n\n\n\n<p><strong>VIERNES 10:<\/strong> Lanzamiento Cat\u00e1logo de Graduadas\/os. Intervenci\u00f3n musical: Megan Wong. Conversatorio: William Herrera, Bradley Hilgert, Laura Nivela, Karen Mac\u00edas y Tamia S\u00e1nchez. Hora: 17:00. Lugar: Sala de Cine.<\/p>","protected":false},"excerpt":{"rendered":"<p>Conversatorios, mesas de di\u00e1logo, proyecciones de cortos y videos, creaciones coreogr\u00e1ficas, talleres, exposiciones visuales e instalaciones sonoras constan entre las actividades programadas por las Escuelas de Artes Sonoras, Artes Visuales, Artes Esc\u00e9nicas, Literatura y Cine de la Universidad de las Artes y su Secretaria Acad\u00e9mica para las jornadas de presentaci\u00f3n de los trabajos de titulaci\u00f3n de los estudiantes egresados de pregrado.<\/p>","protected":false},"author":10,"featured_media":17211,"comment_status":"open","ping_status":"open","sticky":false,"template":"","format":"standard","meta":{"_acf_changed":false,"_uag_custom_page_level_css":"","_monsterinsights_skip_tracking":false,"_monsterinsights_sitenote_active":false,"_monsterinsights_sitenote_note":"","_monsterinsights_sitenote_category":0,"cybocfi_hide_featured_image":"","footnotes":""},"categories":[159,150,157,147,76,175],"tags":[],"infouartes":[],"class_list":["post-17546","post","type-post","status-publish","format-standard","has-post-thumbnail","hentry","category-artes-escenicas","category-artes-sonoras","category-artes-visuales","category-cine","category-estudiantes","category-literatura"],"acf":[],"yoast_head":"<!-- This site is optimized with the Yoast SEO plugin v27.4 - https:\/\/yoast.com\/product\/yoast-seo-wordpress\/ -->\n<title>Universidad de las Artes - Durante 6 d\u00edas se presentar\u00e1n en el MZ14 los trabajos de titulaci\u00f3n de los estudiantes que se grad\u00faan este a\u00f1o<\/title>\n<meta name=\"description\" content=\"Universidad de las Artes - Durante 6 d\u00edas se presentar\u00e1n en el MZ14 los trabajos de titulaci\u00f3n de los estudiantes que se grad\u00faan este a\u00f1o\" \/>\n<meta name=\"robots\" content=\"index, follow, max-snippet:-1, max-image-preview:large, max-video-preview:-1\" \/>\n<link rel=\"canonical\" href=\"https:\/\/www.uartes.edu.ec\/sitio\/en\/blog\/2021\/12\/02\/6-dias-dedicados-a-la-presentacion-de-lostrabajos-de-titulacion-de-egresados-2021\/\" \/>\n<meta property=\"og:locale\" content=\"en_US\" \/>\n<meta property=\"og:type\" content=\"article\" \/>\n<meta property=\"og:title\" content=\"Universidad de las Artes - Durante 6 d\u00edas se presentar\u00e1n en el MZ14 los trabajos de titulaci\u00f3n de los estudiantes que se grad\u00faan este a\u00f1o\" \/>\n<meta property=\"og:description\" content=\"Universidad de las Artes - Durante 6 d\u00edas se presentar\u00e1n en el MZ14 los trabajos de titulaci\u00f3n de los estudiantes que se grad\u00faan este a\u00f1o\" \/>\n<meta property=\"og:url\" content=\"https:\/\/www.uartes.edu.ec\/sitio\/en\/blog\/2021\/12\/02\/6-dias-dedicados-a-la-presentacion-de-lostrabajos-de-titulacion-de-egresados-2021\/\" \/>\n<meta property=\"og:site_name\" content=\"Universidad de las Artes\" \/>\n<meta property=\"article:publisher\" content=\"https:\/\/www.facebook.com\/uartesec\" \/>\n<meta property=\"article:published_time\" content=\"2021-12-02T20:37:00+00:00\" \/>\n<meta property=\"article:modified_time\" content=\"2024-07-04T16:25:16+00:00\" \/>\n<meta property=\"og:image\" content=\"https:\/\/www.uartes.edu.ec\/sitio\/wp-content\/uploads\/2021\/12\/211202-graduaciones.jpg\" \/>\n\t<meta property=\"og:image:width\" content=\"2000\" \/>\n\t<meta property=\"og:image:height\" content=\"1333\" \/>\n\t<meta property=\"og:image:type\" content=\"image\/jpeg\" \/>\n<meta name=\"author\" content=\"ccortez\" \/>\n<meta name=\"twitter:card\" content=\"summary_large_image\" \/>\n<meta name=\"twitter:creator\" content=\"@uartesec\" \/>\n<meta name=\"twitter:site\" content=\"@uartesec\" \/>\n<meta name=\"twitter:label1\" content=\"Written by\" \/>\n\t<meta name=\"twitter:data1\" content=\"ccortez\" \/>\n\t<meta name=\"twitter:label2\" content=\"Est. reading time\" \/>\n\t<meta name=\"twitter:data2\" content=\"4 minutes\" \/>\n<script type=\"application\/ld+json\" class=\"yoast-schema-graph\">{\"@context\":\"https:\\\/\\\/schema.org\",\"@graph\":[{\"@type\":\"Article\",\"@id\":\"https:\\\/\\\/www.uartes.edu.ec\\\/sitio\\\/en\\\/blog\\\/2021\\\/12\\\/02\\\/6-dias-dedicados-a-la-presentacion-de-lostrabajos-de-titulacion-de-egresados-2021\\\/#article\",\"isPartOf\":{\"@id\":\"https:\\\/\\\/www.uartes.edu.ec\\\/sitio\\\/en\\\/blog\\\/2021\\\/12\\\/02\\\/6-dias-dedicados-a-la-presentacion-de-lostrabajos-de-titulacion-de-egresados-2021\\\/\"},\"author\":{\"name\":\"ccortez\",\"@id\":\"https:\\\/\\\/www.uartes.edu.ec\\\/sitio\\\/en\\\/#\\\/schema\\\/person\\\/efa1b8275797664fd7f13a79ccc0b1f4\"},\"headline\":\"Durante 6 d\u00edas se presentar\u00e1n en el MZ14 los trabajos de titulaci\u00f3n de los estudiantes que se grad\u00faan este a\u00f1o\",\"datePublished\":\"2021-12-02T20:37:00+00:00\",\"dateModified\":\"2024-07-04T16:25:16+00:00\",\"mainEntityOfPage\":{\"@id\":\"https:\\\/\\\/www.uartes.edu.ec\\\/sitio\\\/en\\\/blog\\\/2021\\\/12\\\/02\\\/6-dias-dedicados-a-la-presentacion-de-lostrabajos-de-titulacion-de-egresados-2021\\\/\"},\"wordCount\":914,\"commentCount\":0,\"publisher\":{\"@id\":\"https:\\\/\\\/www.uartes.edu.ec\\\/sitio\\\/en\\\/#organization\"},\"image\":{\"@id\":\"https:\\\/\\\/www.uartes.edu.ec\\\/sitio\\\/en\\\/blog\\\/2021\\\/12\\\/02\\\/6-dias-dedicados-a-la-presentacion-de-lostrabajos-de-titulacion-de-egresados-2021\\\/#primaryimage\"},\"thumbnailUrl\":\"https:\\\/\\\/www.uartes.edu.ec\\\/sitio\\\/wp-content\\\/uploads\\\/2021\\\/12\\\/211202-graduaciones.jpg\",\"articleSection\":[\"Artes Esc\u00e9nicas\",\"Artes Sonoras\",\"Artes Visuales\",\"Cine\",\"Estudiantes\",\"Literatura\"],\"inLanguage\":\"en-US\",\"potentialAction\":[{\"@type\":\"CommentAction\",\"name\":\"Comment\",\"target\":[\"https:\\\/\\\/www.uartes.edu.ec\\\/sitio\\\/en\\\/blog\\\/2021\\\/12\\\/02\\\/6-dias-dedicados-a-la-presentacion-de-lostrabajos-de-titulacion-de-egresados-2021\\\/#respond\"]}]},{\"@type\":[\"WebPage\",\"ItemPage\"],\"@id\":\"https:\\\/\\\/www.uartes.edu.ec\\\/sitio\\\/en\\\/blog\\\/2021\\\/12\\\/02\\\/6-dias-dedicados-a-la-presentacion-de-lostrabajos-de-titulacion-de-egresados-2021\\\/\",\"url\":\"https:\\\/\\\/www.uartes.edu.ec\\\/sitio\\\/en\\\/blog\\\/2021\\\/12\\\/02\\\/6-dias-dedicados-a-la-presentacion-de-lostrabajos-de-titulacion-de-egresados-2021\\\/\",\"name\":\"Universidad de las Artes - Durante 6 d\u00edas se presentar\u00e1n en el MZ14 los trabajos de titulaci\u00f3n de los estudiantes que se grad\u00faan este a\u00f1o\",\"isPartOf\":{\"@id\":\"https:\\\/\\\/www.uartes.edu.ec\\\/sitio\\\/en\\\/#website\"},\"primaryImageOfPage\":{\"@id\":\"https:\\\/\\\/www.uartes.edu.ec\\\/sitio\\\/en\\\/blog\\\/2021\\\/12\\\/02\\\/6-dias-dedicados-a-la-presentacion-de-lostrabajos-de-titulacion-de-egresados-2021\\\/#primaryimage\"},\"image\":{\"@id\":\"https:\\\/\\\/www.uartes.edu.ec\\\/sitio\\\/en\\\/blog\\\/2021\\\/12\\\/02\\\/6-dias-dedicados-a-la-presentacion-de-lostrabajos-de-titulacion-de-egresados-2021\\\/#primaryimage\"},\"thumbnailUrl\":\"https:\\\/\\\/www.uartes.edu.ec\\\/sitio\\\/wp-content\\\/uploads\\\/2021\\\/12\\\/211202-graduaciones.jpg\",\"datePublished\":\"2021-12-02T20:37:00+00:00\",\"dateModified\":\"2024-07-04T16:25:16+00:00\",\"description\":\"Universidad de las Artes - Durante 6 d\u00edas se presentar\u00e1n en el MZ14 los trabajos de titulaci\u00f3n de los estudiantes que se grad\u00faan este a\u00f1o\",\"breadcrumb\":{\"@id\":\"https:\\\/\\\/www.uartes.edu.ec\\\/sitio\\\/en\\\/blog\\\/2021\\\/12\\\/02\\\/6-dias-dedicados-a-la-presentacion-de-lostrabajos-de-titulacion-de-egresados-2021\\\/#breadcrumb\"},\"inLanguage\":\"en-US\",\"potentialAction\":[{\"@type\":\"ReadAction\",\"target\":[\"https:\\\/\\\/www.uartes.edu.ec\\\/sitio\\\/en\\\/blog\\\/2021\\\/12\\\/02\\\/6-dias-dedicados-a-la-presentacion-de-lostrabajos-de-titulacion-de-egresados-2021\\\/\"]}]},{\"@type\":\"ImageObject\",\"inLanguage\":\"en-US\",\"@id\":\"https:\\\/\\\/www.uartes.edu.ec\\\/sitio\\\/en\\\/blog\\\/2021\\\/12\\\/02\\\/6-dias-dedicados-a-la-presentacion-de-lostrabajos-de-titulacion-de-egresados-2021\\\/#primaryimage\",\"url\":\"https:\\\/\\\/www.uartes.edu.ec\\\/sitio\\\/wp-content\\\/uploads\\\/2021\\\/12\\\/211202-graduaciones.jpg\",\"contentUrl\":\"https:\\\/\\\/www.uartes.edu.ec\\\/sitio\\\/wp-content\\\/uploads\\\/2021\\\/12\\\/211202-graduaciones.jpg\",\"width\":2000,\"height\":1333},{\"@type\":\"BreadcrumbList\",\"@id\":\"https:\\\/\\\/www.uartes.edu.ec\\\/sitio\\\/en\\\/blog\\\/2021\\\/12\\\/02\\\/6-dias-dedicados-a-la-presentacion-de-lostrabajos-de-titulacion-de-egresados-2021\\\/#breadcrumb\",\"itemListElement\":[{\"@type\":\"ListItem\",\"position\":1,\"name\":\"Inicio\",\"item\":\"https:\\\/\\\/www.uartes.edu.ec\\\/sitio\\\/\"},{\"@type\":\"ListItem\",\"position\":2,\"name\":\"Durante 6 d\u00edas se presentar\u00e1n en el MZ14 los trabajos de titulaci\u00f3n de los estudiantes que se grad\u00faan este a\u00f1o\"}]},{\"@type\":\"WebSite\",\"@id\":\"https:\\\/\\\/www.uartes.edu.ec\\\/sitio\\\/en\\\/#website\",\"url\":\"https:\\\/\\\/www.uartes.edu.ec\\\/sitio\\\/en\\\/\",\"name\":\"Universidad de las Artes\",\"description\":\"Sitio oficial de la Universidad Nacional de las Artes del Ecuador\",\"publisher\":{\"@id\":\"https:\\\/\\\/www.uartes.edu.ec\\\/sitio\\\/en\\\/#organization\"},\"potentialAction\":[{\"@type\":\"SearchAction\",\"target\":{\"@type\":\"EntryPoint\",\"urlTemplate\":\"https:\\\/\\\/www.uartes.edu.ec\\\/sitio\\\/en\\\/?s={search_term_string}\"},\"query-input\":{\"@type\":\"PropertyValueSpecification\",\"valueRequired\":true,\"valueName\":\"search_term_string\"}}],\"inLanguage\":\"en-US\"},{\"@type\":\"Organization\",\"@id\":\"https:\\\/\\\/www.uartes.edu.ec\\\/sitio\\\/en\\\/#organization\",\"name\":\"Universidad de las Artes\",\"url\":\"https:\\\/\\\/www.uartes.edu.ec\\\/sitio\\\/en\\\/\",\"logo\":{\"@type\":\"ImageObject\",\"inLanguage\":\"en-US\",\"@id\":\"https:\\\/\\\/www.uartes.edu.ec\\\/sitio\\\/en\\\/#\\\/schema\\\/logo\\\/image\\\/\",\"url\":\"https:\\\/\\\/www.uartes.edu.ec\\\/sitio\\\/wp-content\\\/uploads\\\/2022\\\/07\\\/logo-ua-horizontal.png\",\"contentUrl\":\"https:\\\/\\\/www.uartes.edu.ec\\\/sitio\\\/wp-content\\\/uploads\\\/2022\\\/07\\\/logo-ua-horizontal.png\",\"width\":800,\"height\":276,\"caption\":\"Universidad de las Artes\"},\"image\":{\"@id\":\"https:\\\/\\\/www.uartes.edu.ec\\\/sitio\\\/en\\\/#\\\/schema\\\/logo\\\/image\\\/\"},\"sameAs\":[\"https:\\\/\\\/www.facebook.com\\\/uartesec\",\"https:\\\/\\\/x.com\\\/uartesec\",\"https:\\\/\\\/www.tiktok.com\\\/@uartesec\"]},{\"@type\":\"Person\",\"@id\":\"https:\\\/\\\/www.uartes.edu.ec\\\/sitio\\\/en\\\/#\\\/schema\\\/person\\\/efa1b8275797664fd7f13a79ccc0b1f4\",\"name\":\"ccortez\",\"image\":{\"@type\":\"ImageObject\",\"inLanguage\":\"en-US\",\"@id\":\"https:\\\/\\\/secure.gravatar.com\\\/avatar\\\/b2a6f664a3ae8e074346ef91775736c5ec479e637ecced6842de9dc98b5da9cd?s=96&d=mm&r=g\",\"url\":\"https:\\\/\\\/secure.gravatar.com\\\/avatar\\\/b2a6f664a3ae8e074346ef91775736c5ec479e637ecced6842de9dc98b5da9cd?s=96&d=mm&r=g\",\"contentUrl\":\"https:\\\/\\\/secure.gravatar.com\\\/avatar\\\/b2a6f664a3ae8e074346ef91775736c5ec479e637ecced6842de9dc98b5da9cd?s=96&d=mm&r=g\",\"caption\":\"ccortez\"},\"url\":\"https:\\\/\\\/www.uartes.edu.ec\\\/sitio\\\/en\\\/blog\\\/author\\\/ccortez\\\/\"}]}<\/script>\n<!-- \/ Yoast SEO plugin. -->","yoast_head_json":{"title":"Universidad de las Artes - Durante 6 d\u00edas se presentar\u00e1n en el MZ14 los trabajos de titulaci\u00f3n de los estudiantes que se grad\u00faan este a\u00f1o","description":"Universidad de las Artes - Durante 6 d\u00edas se presentar\u00e1n en el MZ14 los trabajos de titulaci\u00f3n de los estudiantes que se grad\u00faan este a\u00f1o","robots":{"index":"index","follow":"follow","max-snippet":"max-snippet:-1","max-image-preview":"max-image-preview:large","max-video-preview":"max-video-preview:-1"},"canonical":"https:\/\/www.uartes.edu.ec\/sitio\/en\/blog\/2021\/12\/02\/6-dias-dedicados-a-la-presentacion-de-lostrabajos-de-titulacion-de-egresados-2021\/","og_locale":"en_US","og_type":"article","og_title":"Universidad de las Artes - Durante 6 d\u00edas se presentar\u00e1n en el MZ14 los trabajos de titulaci\u00f3n de los estudiantes que se grad\u00faan este a\u00f1o","og_description":"Universidad de las Artes - Durante 6 d\u00edas se presentar\u00e1n en el MZ14 los trabajos de titulaci\u00f3n de los estudiantes que se grad\u00faan este a\u00f1o","og_url":"https:\/\/www.uartes.edu.ec\/sitio\/en\/blog\/2021\/12\/02\/6-dias-dedicados-a-la-presentacion-de-lostrabajos-de-titulacion-de-egresados-2021\/","og_site_name":"Universidad de las Artes","article_publisher":"https:\/\/www.facebook.com\/uartesec","article_published_time":"2021-12-02T20:37:00+00:00","article_modified_time":"2024-07-04T16:25:16+00:00","og_image":[{"width":2000,"height":1333,"url":"https:\/\/www.uartes.edu.ec\/sitio\/wp-content\/uploads\/2021\/12\/211202-graduaciones.jpg","type":"image\/jpeg"}],"author":"ccortez","twitter_card":"summary_large_image","twitter_creator":"@uartesec","twitter_site":"@uartesec","twitter_misc":{"Written by":"ccortez","Est. reading time":"4 minutes"},"schema":{"@context":"https:\/\/schema.org","@graph":[{"@type":"Article","@id":"https:\/\/www.uartes.edu.ec\/sitio\/en\/blog\/2021\/12\/02\/6-dias-dedicados-a-la-presentacion-de-lostrabajos-de-titulacion-de-egresados-2021\/#article","isPartOf":{"@id":"https:\/\/www.uartes.edu.ec\/sitio\/en\/blog\/2021\/12\/02\/6-dias-dedicados-a-la-presentacion-de-lostrabajos-de-titulacion-de-egresados-2021\/"},"author":{"name":"ccortez","@id":"https:\/\/www.uartes.edu.ec\/sitio\/en\/#\/schema\/person\/efa1b8275797664fd7f13a79ccc0b1f4"},"headline":"Durante 6 d\u00edas se presentar\u00e1n en el MZ14 los trabajos de titulaci\u00f3n de los estudiantes que se grad\u00faan este a\u00f1o","datePublished":"2021-12-02T20:37:00+00:00","dateModified":"2024-07-04T16:25:16+00:00","mainEntityOfPage":{"@id":"https:\/\/www.uartes.edu.ec\/sitio\/en\/blog\/2021\/12\/02\/6-dias-dedicados-a-la-presentacion-de-lostrabajos-de-titulacion-de-egresados-2021\/"},"wordCount":914,"commentCount":0,"publisher":{"@id":"https:\/\/www.uartes.edu.ec\/sitio\/en\/#organization"},"image":{"@id":"https:\/\/www.uartes.edu.ec\/sitio\/en\/blog\/2021\/12\/02\/6-dias-dedicados-a-la-presentacion-de-lostrabajos-de-titulacion-de-egresados-2021\/#primaryimage"},"thumbnailUrl":"https:\/\/www.uartes.edu.ec\/sitio\/wp-content\/uploads\/2021\/12\/211202-graduaciones.jpg","articleSection":["Artes Esc\u00e9nicas","Artes Sonoras","Artes Visuales","Cine","Estudiantes","Literatura"],"inLanguage":"en-US","potentialAction":[{"@type":"CommentAction","name":"Comment","target":["https:\/\/www.uartes.edu.ec\/sitio\/en\/blog\/2021\/12\/02\/6-dias-dedicados-a-la-presentacion-de-lostrabajos-de-titulacion-de-egresados-2021\/#respond"]}]},{"@type":["WebPage","ItemPage"],"@id":"https:\/\/www.uartes.edu.ec\/sitio\/en\/blog\/2021\/12\/02\/6-dias-dedicados-a-la-presentacion-de-lostrabajos-de-titulacion-de-egresados-2021\/","url":"https:\/\/www.uartes.edu.ec\/sitio\/en\/blog\/2021\/12\/02\/6-dias-dedicados-a-la-presentacion-de-lostrabajos-de-titulacion-de-egresados-2021\/","name":"Universidad de las Artes - Durante 6 d\u00edas se presentar\u00e1n en el MZ14 los trabajos de titulaci\u00f3n de los estudiantes que se grad\u00faan este a\u00f1o","isPartOf":{"@id":"https:\/\/www.uartes.edu.ec\/sitio\/en\/#website"},"primaryImageOfPage":{"@id":"https:\/\/www.uartes.edu.ec\/sitio\/en\/blog\/2021\/12\/02\/6-dias-dedicados-a-la-presentacion-de-lostrabajos-de-titulacion-de-egresados-2021\/#primaryimage"},"image":{"@id":"https:\/\/www.uartes.edu.ec\/sitio\/en\/blog\/2021\/12\/02\/6-dias-dedicados-a-la-presentacion-de-lostrabajos-de-titulacion-de-egresados-2021\/#primaryimage"},"thumbnailUrl":"https:\/\/www.uartes.edu.ec\/sitio\/wp-content\/uploads\/2021\/12\/211202-graduaciones.jpg","datePublished":"2021-12-02T20:37:00+00:00","dateModified":"2024-07-04T16:25:16+00:00","description":"Universidad de las Artes - Durante 6 d\u00edas se presentar\u00e1n en el MZ14 los trabajos de titulaci\u00f3n de los estudiantes que se grad\u00faan este a\u00f1o","breadcrumb":{"@id":"https:\/\/www.uartes.edu.ec\/sitio\/en\/blog\/2021\/12\/02\/6-dias-dedicados-a-la-presentacion-de-lostrabajos-de-titulacion-de-egresados-2021\/#breadcrumb"},"inLanguage":"en-US","potentialAction":[{"@type":"ReadAction","target":["https:\/\/www.uartes.edu.ec\/sitio\/en\/blog\/2021\/12\/02\/6-dias-dedicados-a-la-presentacion-de-lostrabajos-de-titulacion-de-egresados-2021\/"]}]},{"@type":"ImageObject","inLanguage":"en-US","@id":"https:\/\/www.uartes.edu.ec\/sitio\/en\/blog\/2021\/12\/02\/6-dias-dedicados-a-la-presentacion-de-lostrabajos-de-titulacion-de-egresados-2021\/#primaryimage","url":"https:\/\/www.uartes.edu.ec\/sitio\/wp-content\/uploads\/2021\/12\/211202-graduaciones.jpg","contentUrl":"https:\/\/www.uartes.edu.ec\/sitio\/wp-content\/uploads\/2021\/12\/211202-graduaciones.jpg","width":2000,"height":1333},{"@type":"BreadcrumbList","@id":"https:\/\/www.uartes.edu.ec\/sitio\/en\/blog\/2021\/12\/02\/6-dias-dedicados-a-la-presentacion-de-lostrabajos-de-titulacion-de-egresados-2021\/#breadcrumb","itemListElement":[{"@type":"ListItem","position":1,"name":"Inicio","item":"https:\/\/www.uartes.edu.ec\/sitio\/"},{"@type":"ListItem","position":2,"name":"Durante 6 d\u00edas se presentar\u00e1n en el MZ14 los trabajos de titulaci\u00f3n de los estudiantes que se grad\u00faan este a\u00f1o"}]},{"@type":"WebSite","@id":"https:\/\/www.uartes.edu.ec\/sitio\/en\/#website","url":"https:\/\/www.uartes.edu.ec\/sitio\/en\/","name":"Universidad de las Artes","description":"Sitio oficial de la Universidad Nacional de las Artes del Ecuador","publisher":{"@id":"https:\/\/www.uartes.edu.ec\/sitio\/en\/#organization"},"potentialAction":[{"@type":"SearchAction","target":{"@type":"EntryPoint","urlTemplate":"https:\/\/www.uartes.edu.ec\/sitio\/en\/?s={search_term_string}"},"query-input":{"@type":"PropertyValueSpecification","valueRequired":true,"valueName":"search_term_string"}}],"inLanguage":"en-US"},{"@type":"Organization","@id":"https:\/\/www.uartes.edu.ec\/sitio\/en\/#organization","name":"Universidad de las Artes","url":"https:\/\/www.uartes.edu.ec\/sitio\/en\/","logo":{"@type":"ImageObject","inLanguage":"en-US","@id":"https:\/\/www.uartes.edu.ec\/sitio\/en\/#\/schema\/logo\/image\/","url":"https:\/\/www.uartes.edu.ec\/sitio\/wp-content\/uploads\/2022\/07\/logo-ua-horizontal.png","contentUrl":"https:\/\/www.uartes.edu.ec\/sitio\/wp-content\/uploads\/2022\/07\/logo-ua-horizontal.png","width":800,"height":276,"caption":"Universidad de las Artes"},"image":{"@id":"https:\/\/www.uartes.edu.ec\/sitio\/en\/#\/schema\/logo\/image\/"},"sameAs":["https:\/\/www.facebook.com\/uartesec","https:\/\/x.com\/uartesec","https:\/\/www.tiktok.com\/@uartesec"]},{"@type":"Person","@id":"https:\/\/www.uartes.edu.ec\/sitio\/en\/#\/schema\/person\/efa1b8275797664fd7f13a79ccc0b1f4","name":"ccortez","image":{"@type":"ImageObject","inLanguage":"en-US","@id":"https:\/\/secure.gravatar.com\/avatar\/b2a6f664a3ae8e074346ef91775736c5ec479e637ecced6842de9dc98b5da9cd?s=96&d=mm&r=g","url":"https:\/\/secure.gravatar.com\/avatar\/b2a6f664a3ae8e074346ef91775736c5ec479e637ecced6842de9dc98b5da9cd?s=96&d=mm&r=g","contentUrl":"https:\/\/secure.gravatar.com\/avatar\/b2a6f664a3ae8e074346ef91775736c5ec479e637ecced6842de9dc98b5da9cd?s=96&d=mm&r=g","caption":"ccortez"},"url":"https:\/\/www.uartes.edu.ec\/sitio\/en\/blog\/author\/ccortez\/"}]}},"uagb_featured_image_src":{"full":["https:\/\/www.uartes.edu.ec\/sitio\/wp-content\/uploads\/2021\/12\/211202-graduaciones.jpg",2000,1333,false],"thumbnail":["https:\/\/www.uartes.edu.ec\/sitio\/wp-content\/uploads\/2021\/12\/211202-graduaciones-150x150.jpg",150,150,true],"medium":["https:\/\/www.uartes.edu.ec\/sitio\/wp-content\/uploads\/2021\/12\/211202-graduaciones-300x200.jpg",300,200,true],"medium_large":["https:\/\/www.uartes.edu.ec\/sitio\/wp-content\/uploads\/2021\/12\/211202-graduaciones-768x512.jpg",768,512,true],"large":["https:\/\/www.uartes.edu.ec\/sitio\/wp-content\/uploads\/2021\/12\/211202-graduaciones-644x429.jpg",644,429,true],"1536x1536":["https:\/\/www.uartes.edu.ec\/sitio\/wp-content\/uploads\/2021\/12\/211202-graduaciones-1536x1024.jpg",1536,1024,true],"2048x2048":["https:\/\/www.uartes.edu.ec\/sitio\/wp-content\/uploads\/2021\/12\/211202-graduaciones.jpg",2000,1333,false],"trp-custom-language-flag":["https:\/\/www.uartes.edu.ec\/sitio\/wp-content\/uploads\/2021\/12\/211202-graduaciones.jpg",18,12,false],"htmega_size_585x295":["https:\/\/www.uartes.edu.ec\/sitio\/wp-content\/uploads\/2021\/12\/211202-graduaciones.jpg",443,295,false],"htmega_size_1170x536":["https:\/\/www.uartes.edu.ec\/sitio\/wp-content\/uploads\/2021\/12\/211202-graduaciones.jpg",804,536,false],"htmega_size_396x360":["https:\/\/www.uartes.edu.ec\/sitio\/wp-content\/uploads\/2021\/12\/211202-graduaciones.jpg",396,264,false],"gb-block-post-grid-landscape":["https:\/\/www.uartes.edu.ec\/sitio\/wp-content\/uploads\/2021\/12\/211202-graduaciones-600x400.jpg",600,400,true],"gb-block-post-grid-square":["https:\/\/www.uartes.edu.ec\/sitio\/wp-content\/uploads\/2021\/12\/211202-graduaciones-600x600.jpg",600,600,true],"university-hub-thumb":["https:\/\/www.uartes.edu.ec\/sitio\/wp-content\/uploads\/2021\/12\/211202-graduaciones-400x267.jpg",400,267,true],"mailpoet_newsletter_max":["https:\/\/www.uartes.edu.ec\/sitio\/wp-content\/uploads\/2021\/12\/211202-graduaciones.jpg",1320,880,false]},"uagb_author_info":{"display_name":"ccortez","author_link":"https:\/\/www.uartes.edu.ec\/sitio\/en\/blog\/author\/ccortez\/"},"uagb_comment_info":0,"uagb_excerpt":"Conversatorios, mesas de di\u00e1logo, proyecciones de cortos y videos, creaciones coreogr\u00e1ficas, talleres, exposiciones visuales e instalaciones sonoras constan entre las actividades programadas por las Escuelas de Artes Sonoras, Artes Visuales, Artes Esc\u00e9nicas, Literatura y Cine de la Universidad de las Artes y su Secretaria Acad\u00e9mica para las jornadas de presentaci\u00f3n de los trabajos de titulaci\u00f3n&hellip;","featured_image_src":"https:\/\/www.uartes.edu.ec\/sitio\/wp-content\/uploads\/2021\/12\/211202-graduaciones-600x400.jpg","featured_image_src_square":"https:\/\/www.uartes.edu.ec\/sitio\/wp-content\/uploads\/2021\/12\/211202-graduaciones-600x600.jpg","author_info":{"display_name":"ccortez","author_link":"https:\/\/www.uartes.edu.ec\/sitio\/en\/blog\/author\/ccortez\/"},"publishpress_future_workflow_manual_trigger":{"enabledWorkflows":[]},"distributor_meta":false,"distributor_terms":false,"distributor_media":false,"distributor_original_site_name":"Universidad de las Artes","distributor_original_site_url":"https:\/\/www.uartes.edu.ec\/sitio\/en","push-errors":false,"_links":{"self":[{"href":"https:\/\/www.uartes.edu.ec\/sitio\/en\/wp-json\/wp\/v2\/posts\/17546","targetHints":{"allow":["GET"]}}],"collection":[{"href":"https:\/\/www.uartes.edu.ec\/sitio\/en\/wp-json\/wp\/v2\/posts"}],"about":[{"href":"https:\/\/www.uartes.edu.ec\/sitio\/en\/wp-json\/wp\/v2\/types\/post"}],"author":[{"embeddable":true,"href":"https:\/\/www.uartes.edu.ec\/sitio\/en\/wp-json\/wp\/v2\/users\/10"}],"replies":[{"embeddable":true,"href":"https:\/\/www.uartes.edu.ec\/sitio\/en\/wp-json\/wp\/v2\/comments?post=17546"}],"version-history":[{"count":7,"href":"https:\/\/www.uartes.edu.ec\/sitio\/en\/wp-json\/wp\/v2\/posts\/17546\/revisions"}],"predecessor-version":[{"id":17556,"href":"https:\/\/www.uartes.edu.ec\/sitio\/en\/wp-json\/wp\/v2\/posts\/17546\/revisions\/17556"}],"wp:featuredmedia":[{"embeddable":true,"href":"https:\/\/www.uartes.edu.ec\/sitio\/en\/wp-json\/wp\/v2\/media\/17211"}],"wp:attachment":[{"href":"https:\/\/www.uartes.edu.ec\/sitio\/en\/wp-json\/wp\/v2\/media?parent=17546"}],"wp:term":[{"taxonomy":"category","embeddable":true,"href":"https:\/\/www.uartes.edu.ec\/sitio\/en\/wp-json\/wp\/v2\/categories?post=17546"},{"taxonomy":"post_tag","embeddable":true,"href":"https:\/\/www.uartes.edu.ec\/sitio\/en\/wp-json\/wp\/v2\/tags?post=17546"},{"taxonomy":"infouartes","embeddable":true,"href":"https:\/\/www.uartes.edu.ec\/sitio\/en\/wp-json\/wp\/v2\/infouartes?post=17546"}],"curies":[{"name":"wp","href":"https:\/\/api.w.org\/{rel}","templated":true}]}}