{"id":1756,"date":"2018-08-29T16:20:25","date_gmt":"2018-08-29T21:20:25","guid":{"rendered":"http:\/\/www.uartes.edu.ec\/infouartes\/?p=1756"},"modified":"2024-07-04T11:53:45","modified_gmt":"2024-07-04T16:53:45","slug":"la-seccion-estudiantil-de-la-uartes-acreditada-como-oficial-por-la-audio-engineering-society","status":"publish","type":"post","link":"https:\/\/www.uartes.edu.ec\/sitio\/en\/blog\/2018\/08\/29\/la-seccion-estudiantil-de-la-uartes-acreditada-como-oficial-por-la-audio-engineering-society\/","title":{"rendered":"La Secci\u00f3n Estudiantil de la UArtes acreditada como oficial por la Audio Engineering Society"},"content":{"rendered":"<p>La Secci\u00f3n Estudiantil de la Universidad de las Artes del Ecuador ha sido anunciada como oficial por la Audio Engineering Society (AES, por sus siglas en ingl\u00e9s). Las <a href=\"http:\/\/www.aes.org\/sections\/\">Secciones AES<\/a> est\u00e1n activas en todo el mundo y proporcionan un medio para que los miembros se re\u00fanan a nivel local. Las reuniones de la secci\u00f3n se llevan a cabo anualmente o incluso mensualmente y consisten desde presentaciones de especialistas, hasta visitas guiadas a instalaciones de f\u00e1bricas o eventos sociales.<\/p>\n<p>En la actualidad, forman parte de la AES la Secci\u00f3n Estudiantil de la Academia de M\u00fasica Fermatta, Ecos Escuela de Sonido, Escuela de M\u00fasica Fernando Sor, Universidad Javeriana, Instituto SAE de M\u00e9xico, Tecnol\u00f3gico de Monterrey, Universidad San Francisco de Quito, entre otras.<\/p>\n<p>Audio Engineering Society es la \u00fanica sociedad profesional dedicada exclusivamente a la tecnolog\u00eda de audio. Fundada en los Estados Unidos en 1948, AES ha crecido hasta convertirse en una organizaci\u00f3n internacional que re\u00fane a ingenieros de audio, artistas creativos, cient\u00edficos y estudiantes de todo el mundo promoviendo avances en audio y diseminando nuevos conocimientos e investigaciones.<\/p>\n<p>\u201cLa AES es una entidad mundial con 70 a\u00f1os de existencia. Su trabajo cient\u00edfico y de estandarizaci\u00f3n ha contribuido enormemente al desarrollo de la industria musical y de audio en todo el mundo. Particularmente, para los estudiantes es una organizaci\u00f3n muy atractiva, ya que cuenta con una gran biblioteca de papers y temas del campo, competencia internacional de grabaci\u00f3n y una gran oportunidad para gestionar contactos en el medio\u201d, afirma Daniel Orejuela, docente de la UArtes y Presidente de AES Ecuador.<\/p>\n<p>Las secciones estudiantiles de la AES organizan varios eventos acad\u00e9micos al a\u00f1o, organizando ponencias, charlas, visitas guiadas. Y tienen todo el apoyo de los profesionales en audio, aportando as\u00ed al desarrollo de la industria musical.<\/p>","protected":false},"excerpt":{"rendered":"<p>La Secci\u00f3n Estudiantil de la Universidad de las Artes del Ecuador ha sido anunciada como oficial por la Audio Engineering Society (AES, por sus siglas en ingl\u00e9s). Las Secciones AES est\u00e1n activas en todo el mundo y proporcionan un medio para que los miembros se re\u00fanan a nivel local. Las reuniones de la secci\u00f3n se [&hellip;]<\/p>\n","protected":false},"author":1,"featured_media":1757,"comment_status":"closed","ping_status":"closed","sticky":false,"template":"","format":"standard","meta":{"_acf_changed":false,"_uag_custom_page_level_css":"","_monsterinsights_skip_tracking":false,"_monsterinsights_sitenote_active":false,"_monsterinsights_sitenote_note":"","_monsterinsights_sitenote_category":0,"cybocfi_hide_featured_image":"","footnotes":""},"categories":[80,76],"tags":[],"infouartes":[],"class_list":["post-1756","post","type-post","status-publish","format-standard","has-post-thumbnail","hentry","category-academico","category-estudiantes"],"acf":[],"yoast_head":"<!-- This site is optimized with the Yoast SEO plugin v27.4 - https:\/\/yoast.com\/product\/yoast-seo-wordpress\/ -->\n<title>Universidad de las Artes - La Secci\u00f3n Estudiantil de la UArtes acreditada como oficial por la Audio Engineering Society<\/title>\n<meta name=\"description\" content=\"Universidad de las Artes - La Secci\u00f3n Estudiantil de la UArtes acreditada como oficial por la Audio Engineering Society\" \/>\n<meta name=\"robots\" content=\"index, follow, max-snippet:-1, max-image-preview:large, max-video-preview:-1\" \/>\n<link rel=\"canonical\" href=\"https:\/\/www.uartes.edu.ec\/sitio\/en\/blog\/2018\/08\/29\/la-seccion-estudiantil-de-la-uartes-acreditada-como-oficial-por-la-audio-engineering-society\/\" \/>\n<meta property=\"og:locale\" content=\"en_US\" \/>\n<meta property=\"og:type\" content=\"article\" \/>\n<meta property=\"og:title\" content=\"Universidad de las Artes - La Secci\u00f3n Estudiantil de la UArtes acreditada como oficial por la Audio Engineering Society\" \/>\n<meta property=\"og:description\" content=\"Universidad de las Artes - La Secci\u00f3n Estudiantil de la UArtes acreditada como oficial por la Audio Engineering Society\" \/>\n<meta property=\"og:url\" content=\"https:\/\/www.uartes.edu.ec\/sitio\/en\/blog\/2018\/08\/29\/la-seccion-estudiantil-de-la-uartes-acreditada-como-oficial-por-la-audio-engineering-society\/\" \/>\n<meta property=\"og:site_name\" content=\"Universidad de las Artes\" \/>\n<meta property=\"article:publisher\" content=\"https:\/\/www.facebook.com\/uartesec\" \/>\n<meta property=\"article:published_time\" content=\"2018-08-29T21:20:25+00:00\" \/>\n<meta property=\"article:modified_time\" content=\"2024-07-04T16:53:45+00:00\" \/>\n<meta name=\"author\" content=\"Universidad de las Artes\" \/>\n<meta name=\"twitter:card\" content=\"summary_large_image\" \/>\n<meta name=\"twitter:creator\" content=\"@uartesec\" \/>\n<meta name=\"twitter:site\" content=\"@uartesec\" \/>\n<meta name=\"twitter:label1\" content=\"Written by\" \/>\n\t<meta name=\"twitter:data1\" content=\"Universidad de las Artes\" \/>\n\t<meta name=\"twitter:label2\" content=\"Est. reading time\" \/>\n\t<meta name=\"twitter:data2\" content=\"2 minutes\" \/>\n<script type=\"application\/ld+json\" class=\"yoast-schema-graph\">{\"@context\":\"https:\\\/\\\/schema.org\",\"@graph\":[{\"@type\":\"Article\",\"@id\":\"https:\\\/\\\/www.uartes.edu.ec\\\/sitio\\\/en\\\/blog\\\/2018\\\/08\\\/29\\\/la-seccion-estudiantil-de-la-uartes-acreditada-como-oficial-por-la-audio-engineering-society\\\/#article\",\"isPartOf\":{\"@id\":\"https:\\\/\\\/www.uartes.edu.ec\\\/sitio\\\/en\\\/blog\\\/2018\\\/08\\\/29\\\/la-seccion-estudiantil-de-la-uartes-acreditada-como-oficial-por-la-audio-engineering-society\\\/\"},\"author\":{\"name\":\"Universidad de las Artes\",\"@id\":\"https:\\\/\\\/www.uartes.edu.ec\\\/sitio\\\/en\\\/#\\\/schema\\\/person\\\/f33f8c1d2af0d5c80a38c8abf458184a\"},\"headline\":\"La Secci\u00f3n Estudiantil de la UArtes acreditada como oficial por la Audio Engineering Society\",\"datePublished\":\"2018-08-29T21:20:25+00:00\",\"dateModified\":\"2024-07-04T16:53:45+00:00\",\"mainEntityOfPage\":{\"@id\":\"https:\\\/\\\/www.uartes.edu.ec\\\/sitio\\\/en\\\/blog\\\/2018\\\/08\\\/29\\\/la-seccion-estudiantil-de-la-uartes-acreditada-como-oficial-por-la-audio-engineering-society\\\/\"},\"wordCount\":327,\"publisher\":{\"@id\":\"https:\\\/\\\/www.uartes.edu.ec\\\/sitio\\\/en\\\/#organization\"},\"image\":{\"@id\":\"https:\\\/\\\/www.uartes.edu.ec\\\/sitio\\\/en\\\/blog\\\/2018\\\/08\\\/29\\\/la-seccion-estudiantil-de-la-uartes-acreditada-como-oficial-por-la-audio-engineering-society\\\/#primaryimage\"},\"thumbnailUrl\":\"\",\"articleSection\":[\"Acad\u00e9mico\",\"Estudiantes\"],\"inLanguage\":\"en-US\"},{\"@type\":[\"WebPage\",\"ItemPage\"],\"@id\":\"https:\\\/\\\/www.uartes.edu.ec\\\/sitio\\\/en\\\/blog\\\/2018\\\/08\\\/29\\\/la-seccion-estudiantil-de-la-uartes-acreditada-como-oficial-por-la-audio-engineering-society\\\/\",\"url\":\"https:\\\/\\\/www.uartes.edu.ec\\\/sitio\\\/en\\\/blog\\\/2018\\\/08\\\/29\\\/la-seccion-estudiantil-de-la-uartes-acreditada-como-oficial-por-la-audio-engineering-society\\\/\",\"name\":\"Universidad de las Artes - La Secci\u00f3n Estudiantil de la UArtes acreditada como oficial por la Audio Engineering Society\",\"isPartOf\":{\"@id\":\"https:\\\/\\\/www.uartes.edu.ec\\\/sitio\\\/en\\\/#website\"},\"primaryImageOfPage\":{\"@id\":\"https:\\\/\\\/www.uartes.edu.ec\\\/sitio\\\/en\\\/blog\\\/2018\\\/08\\\/29\\\/la-seccion-estudiantil-de-la-uartes-acreditada-como-oficial-por-la-audio-engineering-society\\\/#primaryimage\"},\"image\":{\"@id\":\"https:\\\/\\\/www.uartes.edu.ec\\\/sitio\\\/en\\\/blog\\\/2018\\\/08\\\/29\\\/la-seccion-estudiantil-de-la-uartes-acreditada-como-oficial-por-la-audio-engineering-society\\\/#primaryimage\"},\"thumbnailUrl\":\"\",\"datePublished\":\"2018-08-29T21:20:25+00:00\",\"dateModified\":\"2024-07-04T16:53:45+00:00\",\"description\":\"Universidad de las Artes - La Secci\u00f3n Estudiantil de la UArtes acreditada como oficial por la Audio Engineering Society\",\"breadcrumb\":{\"@id\":\"https:\\\/\\\/www.uartes.edu.ec\\\/sitio\\\/en\\\/blog\\\/2018\\\/08\\\/29\\\/la-seccion-estudiantil-de-la-uartes-acreditada-como-oficial-por-la-audio-engineering-society\\\/#breadcrumb\"},\"inLanguage\":\"en-US\",\"potentialAction\":[{\"@type\":\"ReadAction\",\"target\":[\"https:\\\/\\\/www.uartes.edu.ec\\\/sitio\\\/en\\\/blog\\\/2018\\\/08\\\/29\\\/la-seccion-estudiantil-de-la-uartes-acreditada-como-oficial-por-la-audio-engineering-society\\\/\"]}]},{\"@type\":\"ImageObject\",\"inLanguage\":\"en-US\",\"@id\":\"https:\\\/\\\/www.uartes.edu.ec\\\/sitio\\\/en\\\/blog\\\/2018\\\/08\\\/29\\\/la-seccion-estudiantil-de-la-uartes-acreditada-como-oficial-por-la-audio-engineering-society\\\/#primaryimage\",\"url\":\"\",\"contentUrl\":\"\"},{\"@type\":\"BreadcrumbList\",\"@id\":\"https:\\\/\\\/www.uartes.edu.ec\\\/sitio\\\/en\\\/blog\\\/2018\\\/08\\\/29\\\/la-seccion-estudiantil-de-la-uartes-acreditada-como-oficial-por-la-audio-engineering-society\\\/#breadcrumb\",\"itemListElement\":[{\"@type\":\"ListItem\",\"position\":1,\"name\":\"Inicio\",\"item\":\"https:\\\/\\\/www.uartes.edu.ec\\\/sitio\\\/\"},{\"@type\":\"ListItem\",\"position\":2,\"name\":\"La Secci\u00f3n Estudiantil de la UArtes acreditada como oficial por la Audio Engineering Society\"}]},{\"@type\":\"WebSite\",\"@id\":\"https:\\\/\\\/www.uartes.edu.ec\\\/sitio\\\/en\\\/#website\",\"url\":\"https:\\\/\\\/www.uartes.edu.ec\\\/sitio\\\/en\\\/\",\"name\":\"Universidad de las Artes\",\"description\":\"Sitio oficial de la Universidad Nacional de las Artes del Ecuador\",\"publisher\":{\"@id\":\"https:\\\/\\\/www.uartes.edu.ec\\\/sitio\\\/en\\\/#organization\"},\"potentialAction\":[{\"@type\":\"SearchAction\",\"target\":{\"@type\":\"EntryPoint\",\"urlTemplate\":\"https:\\\/\\\/www.uartes.edu.ec\\\/sitio\\\/en\\\/?s={search_term_string}\"},\"query-input\":{\"@type\":\"PropertyValueSpecification\",\"valueRequired\":true,\"valueName\":\"search_term_string\"}}],\"inLanguage\":\"en-US\"},{\"@type\":\"Organization\",\"@id\":\"https:\\\/\\\/www.uartes.edu.ec\\\/sitio\\\/en\\\/#organization\",\"name\":\"Universidad de las Artes\",\"url\":\"https:\\\/\\\/www.uartes.edu.ec\\\/sitio\\\/en\\\/\",\"logo\":{\"@type\":\"ImageObject\",\"inLanguage\":\"en-US\",\"@id\":\"https:\\\/\\\/www.uartes.edu.ec\\\/sitio\\\/en\\\/#\\\/schema\\\/logo\\\/image\\\/\",\"url\":\"https:\\\/\\\/www.uartes.edu.ec\\\/sitio\\\/wp-content\\\/uploads\\\/2022\\\/07\\\/logo-ua-horizontal.png\",\"contentUrl\":\"https:\\\/\\\/www.uartes.edu.ec\\\/sitio\\\/wp-content\\\/uploads\\\/2022\\\/07\\\/logo-ua-horizontal.png\",\"width\":800,\"height\":276,\"caption\":\"Universidad de las Artes\"},\"image\":{\"@id\":\"https:\\\/\\\/www.uartes.edu.ec\\\/sitio\\\/en\\\/#\\\/schema\\\/logo\\\/image\\\/\"},\"sameAs\":[\"https:\\\/\\\/www.facebook.com\\\/uartesec\",\"https:\\\/\\\/x.com\\\/uartesec\",\"https:\\\/\\\/www.tiktok.com\\\/@uartesec\"]},{\"@type\":\"Person\",\"@id\":\"https:\\\/\\\/www.uartes.edu.ec\\\/sitio\\\/en\\\/#\\\/schema\\\/person\\\/f33f8c1d2af0d5c80a38c8abf458184a\",\"name\":\"Universidad de las Artes\",\"image\":{\"@type\":\"ImageObject\",\"inLanguage\":\"en-US\",\"@id\":\"https:\\\/\\\/secure.gravatar.com\\\/avatar\\\/52e4757902f5cfa5ac52d020e5be83cae5487519154b6c35482fe08d589f3c13?s=96&d=mm&r=g\",\"url\":\"https:\\\/\\\/secure.gravatar.com\\\/avatar\\\/52e4757902f5cfa5ac52d020e5be83cae5487519154b6c35482fe08d589f3c13?s=96&d=mm&r=g\",\"contentUrl\":\"https:\\\/\\\/secure.gravatar.com\\\/avatar\\\/52e4757902f5cfa5ac52d020e5be83cae5487519154b6c35482fe08d589f3c13?s=96&d=mm&r=g\",\"caption\":\"Universidad de las Artes\"},\"url\":\"https:\\\/\\\/www.uartes.edu.ec\\\/sitio\\\/en\\\/blog\\\/author\\\/dircomadm\\\/\"}]}<\/script>\n<!-- \/ Yoast SEO plugin. -->","yoast_head_json":{"title":"Universidad de las Artes - La Secci\u00f3n Estudiantil de la UArtes acreditada como oficial por la Audio Engineering Society","description":"Universidad de las Artes - La Secci\u00f3n Estudiantil de la UArtes acreditada como oficial por la Audio Engineering Society","robots":{"index":"index","follow":"follow","max-snippet":"max-snippet:-1","max-image-preview":"max-image-preview:large","max-video-preview":"max-video-preview:-1"},"canonical":"https:\/\/www.uartes.edu.ec\/sitio\/en\/blog\/2018\/08\/29\/la-seccion-estudiantil-de-la-uartes-acreditada-como-oficial-por-la-audio-engineering-society\/","og_locale":"en_US","og_type":"article","og_title":"Universidad de las Artes - La Secci\u00f3n Estudiantil de la UArtes acreditada como oficial por la Audio Engineering Society","og_description":"Universidad de las Artes - La Secci\u00f3n Estudiantil de la UArtes acreditada como oficial por la Audio Engineering Society","og_url":"https:\/\/www.uartes.edu.ec\/sitio\/en\/blog\/2018\/08\/29\/la-seccion-estudiantil-de-la-uartes-acreditada-como-oficial-por-la-audio-engineering-society\/","og_site_name":"Universidad de las Artes","article_publisher":"https:\/\/www.facebook.com\/uartesec","article_published_time":"2018-08-29T21:20:25+00:00","article_modified_time":"2024-07-04T16:53:45+00:00","author":"Universidad de las Artes","twitter_card":"summary_large_image","twitter_creator":"@uartesec","twitter_site":"@uartesec","twitter_misc":{"Written by":"Universidad de las Artes","Est. reading time":"2 minutes"},"schema":{"@context":"https:\/\/schema.org","@graph":[{"@type":"Article","@id":"https:\/\/www.uartes.edu.ec\/sitio\/en\/blog\/2018\/08\/29\/la-seccion-estudiantil-de-la-uartes-acreditada-como-oficial-por-la-audio-engineering-society\/#article","isPartOf":{"@id":"https:\/\/www.uartes.edu.ec\/sitio\/en\/blog\/2018\/08\/29\/la-seccion-estudiantil-de-la-uartes-acreditada-como-oficial-por-la-audio-engineering-society\/"},"author":{"name":"Universidad de las Artes","@id":"https:\/\/www.uartes.edu.ec\/sitio\/en\/#\/schema\/person\/f33f8c1d2af0d5c80a38c8abf458184a"},"headline":"La Secci\u00f3n Estudiantil de la UArtes acreditada como oficial por la Audio Engineering Society","datePublished":"2018-08-29T21:20:25+00:00","dateModified":"2024-07-04T16:53:45+00:00","mainEntityOfPage":{"@id":"https:\/\/www.uartes.edu.ec\/sitio\/en\/blog\/2018\/08\/29\/la-seccion-estudiantil-de-la-uartes-acreditada-como-oficial-por-la-audio-engineering-society\/"},"wordCount":327,"publisher":{"@id":"https:\/\/www.uartes.edu.ec\/sitio\/en\/#organization"},"image":{"@id":"https:\/\/www.uartes.edu.ec\/sitio\/en\/blog\/2018\/08\/29\/la-seccion-estudiantil-de-la-uartes-acreditada-como-oficial-por-la-audio-engineering-society\/#primaryimage"},"thumbnailUrl":"","articleSection":["Acad\u00e9mico","Estudiantes"],"inLanguage":"en-US"},{"@type":["WebPage","ItemPage"],"@id":"https:\/\/www.uartes.edu.ec\/sitio\/en\/blog\/2018\/08\/29\/la-seccion-estudiantil-de-la-uartes-acreditada-como-oficial-por-la-audio-engineering-society\/","url":"https:\/\/www.uartes.edu.ec\/sitio\/en\/blog\/2018\/08\/29\/la-seccion-estudiantil-de-la-uartes-acreditada-como-oficial-por-la-audio-engineering-society\/","name":"Universidad de las Artes - La Secci\u00f3n Estudiantil de la UArtes acreditada como oficial por la Audio Engineering Society","isPartOf":{"@id":"https:\/\/www.uartes.edu.ec\/sitio\/en\/#website"},"primaryImageOfPage":{"@id":"https:\/\/www.uartes.edu.ec\/sitio\/en\/blog\/2018\/08\/29\/la-seccion-estudiantil-de-la-uartes-acreditada-como-oficial-por-la-audio-engineering-society\/#primaryimage"},"image":{"@id":"https:\/\/www.uartes.edu.ec\/sitio\/en\/blog\/2018\/08\/29\/la-seccion-estudiantil-de-la-uartes-acreditada-como-oficial-por-la-audio-engineering-society\/#primaryimage"},"thumbnailUrl":"","datePublished":"2018-08-29T21:20:25+00:00","dateModified":"2024-07-04T16:53:45+00:00","description":"Universidad de las Artes - La Secci\u00f3n Estudiantil de la UArtes acreditada como oficial por la Audio Engineering Society","breadcrumb":{"@id":"https:\/\/www.uartes.edu.ec\/sitio\/en\/blog\/2018\/08\/29\/la-seccion-estudiantil-de-la-uartes-acreditada-como-oficial-por-la-audio-engineering-society\/#breadcrumb"},"inLanguage":"en-US","potentialAction":[{"@type":"ReadAction","target":["https:\/\/www.uartes.edu.ec\/sitio\/en\/blog\/2018\/08\/29\/la-seccion-estudiantil-de-la-uartes-acreditada-como-oficial-por-la-audio-engineering-society\/"]}]},{"@type":"ImageObject","inLanguage":"en-US","@id":"https:\/\/www.uartes.edu.ec\/sitio\/en\/blog\/2018\/08\/29\/la-seccion-estudiantil-de-la-uartes-acreditada-como-oficial-por-la-audio-engineering-society\/#primaryimage","url":"","contentUrl":""},{"@type":"BreadcrumbList","@id":"https:\/\/www.uartes.edu.ec\/sitio\/en\/blog\/2018\/08\/29\/la-seccion-estudiantil-de-la-uartes-acreditada-como-oficial-por-la-audio-engineering-society\/#breadcrumb","itemListElement":[{"@type":"ListItem","position":1,"name":"Inicio","item":"https:\/\/www.uartes.edu.ec\/sitio\/"},{"@type":"ListItem","position":2,"name":"La Secci\u00f3n Estudiantil de la UArtes acreditada como oficial por la Audio Engineering Society"}]},{"@type":"WebSite","@id":"https:\/\/www.uartes.edu.ec\/sitio\/en\/#website","url":"https:\/\/www.uartes.edu.ec\/sitio\/en\/","name":"Universidad de las Artes","description":"Sitio oficial de la Universidad Nacional de las Artes del Ecuador","publisher":{"@id":"https:\/\/www.uartes.edu.ec\/sitio\/en\/#organization"},"potentialAction":[{"@type":"SearchAction","target":{"@type":"EntryPoint","urlTemplate":"https:\/\/www.uartes.edu.ec\/sitio\/en\/?s={search_term_string}"},"query-input":{"@type":"PropertyValueSpecification","valueRequired":true,"valueName":"search_term_string"}}],"inLanguage":"en-US"},{"@type":"Organization","@id":"https:\/\/www.uartes.edu.ec\/sitio\/en\/#organization","name":"Universidad de las Artes","url":"https:\/\/www.uartes.edu.ec\/sitio\/en\/","logo":{"@type":"ImageObject","inLanguage":"en-US","@id":"https:\/\/www.uartes.edu.ec\/sitio\/en\/#\/schema\/logo\/image\/","url":"https:\/\/www.uartes.edu.ec\/sitio\/wp-content\/uploads\/2022\/07\/logo-ua-horizontal.png","contentUrl":"https:\/\/www.uartes.edu.ec\/sitio\/wp-content\/uploads\/2022\/07\/logo-ua-horizontal.png","width":800,"height":276,"caption":"Universidad de las Artes"},"image":{"@id":"https:\/\/www.uartes.edu.ec\/sitio\/en\/#\/schema\/logo\/image\/"},"sameAs":["https:\/\/www.facebook.com\/uartesec","https:\/\/x.com\/uartesec","https:\/\/www.tiktok.com\/@uartesec"]},{"@type":"Person","@id":"https:\/\/www.uartes.edu.ec\/sitio\/en\/#\/schema\/person\/f33f8c1d2af0d5c80a38c8abf458184a","name":"Universidad de las Artes","image":{"@type":"ImageObject","inLanguage":"en-US","@id":"https:\/\/secure.gravatar.com\/avatar\/52e4757902f5cfa5ac52d020e5be83cae5487519154b6c35482fe08d589f3c13?s=96&d=mm&r=g","url":"https:\/\/secure.gravatar.com\/avatar\/52e4757902f5cfa5ac52d020e5be83cae5487519154b6c35482fe08d589f3c13?s=96&d=mm&r=g","contentUrl":"https:\/\/secure.gravatar.com\/avatar\/52e4757902f5cfa5ac52d020e5be83cae5487519154b6c35482fe08d589f3c13?s=96&d=mm&r=g","caption":"Universidad de las Artes"},"url":"https:\/\/www.uartes.edu.ec\/sitio\/en\/blog\/author\/dircomadm\/"}]}},"uagb_featured_image_src":{"full":false,"thumbnail":false,"medium":false,"medium_large":false,"large":false,"1536x1536":false,"2048x2048":false,"trp-custom-language-flag":false,"htmega_size_585x295":false,"htmega_size_1170x536":false,"htmega_size_396x360":false,"gb-block-post-grid-landscape":false,"gb-block-post-grid-square":false,"university-hub-thumb":false},"uagb_author_info":{"display_name":"Universidad de las Artes","author_link":"https:\/\/www.uartes.edu.ec\/sitio\/en\/blog\/author\/dircomadm\/"},"uagb_comment_info":0,"uagb_excerpt":"La Secci\u00f3n Estudiantil de la Universidad de las Artes del Ecuador ha sido anunciada como oficial por la Audio Engineering Society (AES, por sus siglas en ingl\u00e9s). Las Secciones AES est\u00e1n activas en todo el mundo y proporcionan un medio para que los miembros se re\u00fanan a nivel local. Las reuniones de la secci\u00f3n se&hellip;","featured_image_src":null,"featured_image_src_square":null,"author_info":{"display_name":"Universidad de las Artes","author_link":"https:\/\/www.uartes.edu.ec\/sitio\/en\/blog\/author\/dircomadm\/"},"publishpress_future_workflow_manual_trigger":{"enabledWorkflows":[]},"distributor_meta":false,"distributor_terms":false,"distributor_media":false,"distributor_original_site_name":"Universidad de las Artes","distributor_original_site_url":"https:\/\/www.uartes.edu.ec\/sitio\/en","push-errors":false,"_links":{"self":[{"href":"https:\/\/www.uartes.edu.ec\/sitio\/en\/wp-json\/wp\/v2\/posts\/1756","targetHints":{"allow":["GET"]}}],"collection":[{"href":"https:\/\/www.uartes.edu.ec\/sitio\/en\/wp-json\/wp\/v2\/posts"}],"about":[{"href":"https:\/\/www.uartes.edu.ec\/sitio\/en\/wp-json\/wp\/v2\/types\/post"}],"author":[{"embeddable":true,"href":"https:\/\/www.uartes.edu.ec\/sitio\/en\/wp-json\/wp\/v2\/users\/1"}],"replies":[{"embeddable":true,"href":"https:\/\/www.uartes.edu.ec\/sitio\/en\/wp-json\/wp\/v2\/comments?post=1756"}],"version-history":[{"count":1,"href":"https:\/\/www.uartes.edu.ec\/sitio\/en\/wp-json\/wp\/v2\/posts\/1756\/revisions"}],"predecessor-version":[{"id":3340,"href":"https:\/\/www.uartes.edu.ec\/sitio\/en\/wp-json\/wp\/v2\/posts\/1756\/revisions\/3340"}],"wp:featuredmedia":[{"embeddable":true,"href":"https:\/\/www.uartes.edu.ec\/sitio\/en\/wp-json\/"}],"wp:attachment":[{"href":"https:\/\/www.uartes.edu.ec\/sitio\/en\/wp-json\/wp\/v2\/media?parent=1756"}],"wp:term":[{"taxonomy":"category","embeddable":true,"href":"https:\/\/www.uartes.edu.ec\/sitio\/en\/wp-json\/wp\/v2\/categories?post=1756"},{"taxonomy":"post_tag","embeddable":true,"href":"https:\/\/www.uartes.edu.ec\/sitio\/en\/wp-json\/wp\/v2\/tags?post=1756"},{"taxonomy":"infouartes","embeddable":true,"href":"https:\/\/www.uartes.edu.ec\/sitio\/en\/wp-json\/wp\/v2\/infouartes?post=1756"}],"curies":[{"name":"wp","href":"https:\/\/api.w.org\/{rel}","templated":true}]}}