{"id":17600,"date":"2021-12-09T17:02:00","date_gmt":"2021-12-09T22:02:00","guid":{"rendered":"http:\/\/www.uartes.edu.ec\/sitio\/?p=17600"},"modified":"2024-07-04T11:24:59","modified_gmt":"2024-07-04T16:24:59","slug":"15-maestrantes-de-la-primera-cohorte-en-composicionmusical-y-artes-sonoras-presentan-sus-obras-de-titulacion","status":"publish","type":"post","link":"https:\/\/www.uartes.edu.ec\/sitio\/en\/blog\/2021\/12\/09\/15-maestrantes-de-la-primera-cohorte-en-composicionmusical-y-artes-sonoras-presentan-sus-obras-de-titulacion\/","title":{"rendered":"15 maestrantes de primera cohorte en Composici\u00f3n Musical y Artes Sonoras presentan sus trabajos de titulaci\u00f3n"},"content":{"rendered":"<p>\u201cEstamos ante un espacio para visibilizar y experimentar las obras de compositores\/as, dise\u00f1adas como trabajos para la titulaci\u00f3n. De este modo, han entrado al escenario ecuatoriano aportando calidad y profundidad en el arte musical, y ya atraen las miradas del p\u00fablico y de la cr\u00edtica especializada\u201d. Es el texto que acompa\u00f1a la invitaci\u00f3n que desde la Escuela de Posgrados de la Universidad de las Artes se hizo a la comunidad universitaria y al p\u00fablico en general para la presentaci\u00f3n de las obras de los maestrantes en Composici\u00f3n Musical y Artes Sonoras.<\/p>\n\n\n\n<p>Los protagonistas de esta puesta en escena musical son los quince maestrantes que este s\u00e1bado 11 de diciembre recibir\u00e1n sus t\u00edtulos de cuarto nivel, convirti\u00e9ndose, adem\u00e1s, en la primera cohorte de la Maestr\u00eda en Composici\u00f3n Musical y Artes Sonoras de la UArtes. Es tambi\u00e9n la primera y \u00fanica del Ecuador.<\/p>\n\n\n\n<p>\u201c(\u2026) Una nueva generaci\u00f3n de creadores que irrumpe presentando lenguajes diversos y mucha prestancia Sonora\u201d, prosigue el texto de la invitaci\u00f3n, donde se indica tambi\u00e9n que \u201cno es arriesgado considerar que un significativo n\u00famero estas obras son aportes al patrimonio sonoro ecuatoriano, m\u00e1s all\u00e1 del \u00e1mbito institucional y las salas de concierto. Tampoco se delimitan fronteras de orden est\u00e9tico ni compartimentos que impidan la valoraci\u00f3n y el calado justo y desprejuiciado de estas propuestas\u201d.<\/p>\n\n\n\n<p>La presentaci\u00f3n de la muestra se realizar\u00e1 este viernes 10 de diciembre, desde las 09:00 hasta las 18:00, en el Estudio A del Centro de Producci\u00f3n e Innovaci\u00f3n MZ14 de la UArtes.<\/p>\n\n\n\n<p>Acorde al cronograma de la presentaci\u00f3n de muestras de los maestrantes graduados, all\u00ed se podr\u00e1 disfrutar de las siguientes obras.<\/p>\n\n\n\n<p><em>Salmo,<\/em> de la autor\u00eda de \u00c1ngel Garc\u00eda Clavijo. <em>Sue\u00f1os de Illapa,<\/em> de Adri\u00e1n Rodr\u00edguez Maldonado. <em>Enigma,<\/em> de Maril\u00e9n Anciani. <em>Suite Andina para guitarra y cuarteto de cuerdas,<\/em> de Nelson Ortega Cedillo. Y <em>Recuerdos,<\/em> de Lenin Burneo.<\/p>\n\n\n\n<p>En el mismo espacio, las obras <em>Tiempo, agua y polvo<\/em> and <em>Umbral a un sue\u00f1o,<\/em> de Mar\u00eda de los \u00c1ngeles Herrera Bustes. <em>Suite ecuatoriana<\/em> &#8211; Homenaje a Luis Humberto Salgado, de Daniel Achig. <em>Matovelle,<\/em> tres escenas cinematogr\u00e1ficas musicalizadas, de Megan Wong. <em>Wayra,<\/em> de Dar\u00edo Rodr\u00edguez Maldonado. <em>Vientos de Cotacachi, <\/em>para tromb\u00f3n tenor y electr\u00f3nica, de Hugo Jefferson G\u00f3mez.<\/p>\n\n\n\n<p>Tambi\u00e9n las composiciones musicales <em>Ventana al m\u00e1s all\u00e1,<\/em> de Camilo S\u00e1nchez. <em>Alquimia, <\/em>de David Sarmiento. <em>Qui\u00e9reme. <\/em>Compendio de canciones &#8211; g\u00e9neros latinos, de Gabriela Manzo. La repetici\u00f3n legitimiza: experimentaciones con rock jazz y electr\u00f3nica a trav\u00e9s del <em>live looping<\/em>, de Sergio L\u00e1zaro Mej\u00eda.<\/p>","protected":false},"excerpt":{"rendered":"<p>\u201cEstamos ante un espacio para visibilizar y experimentar las obras de compositores\/as, dise\u00f1adas como trabajos para la titulaci\u00f3n\u201d. Es parte del texto que acompa\u00f1a la invitaci\u00f3n de la Escuela de Posgrados de la Universidad de las Artes para la presentaci\u00f3n de las obras de los maestrantes en Composici\u00f3n Musical y Artes Sonoras. Tiene lugar este 10 de diciembre, en el Estudio A del MZ14.<\/p>","protected":false},"author":10,"featured_media":17601,"comment_status":"open","ping_status":"open","sticky":false,"template":"","format":"standard","meta":{"_acf_changed":false,"_uag_custom_page_level_css":"","_monsterinsights_skip_tracking":false,"_monsterinsights_sitenote_active":false,"_monsterinsights_sitenote_note":"","_monsterinsights_sitenote_category":0,"cybocfi_hide_featured_image":"","footnotes":""},"categories":[80,82,76,284,264],"tags":[],"infouartes":[],"class_list":["post-17600","post","type-post","status-publish","format-standard","has-post-thumbnail","hentry","category-academico","category-artes","category-estudiantes","category-investigacion","category-maestrias"],"acf":[],"yoast_head":"<!-- This site is optimized with the Yoast SEO plugin v27.4 - https:\/\/yoast.com\/product\/yoast-seo-wordpress\/ -->\n<title>Universidad de las Artes - 15 maestrantes de primera cohorte en Composici\u00f3n Musical y Artes Sonoras presentan sus trabajos de titulaci\u00f3n<\/title>\n<meta name=\"description\" content=\"Universidad de las Artes - 15 maestrantes de primera cohorte en Composici\u00f3n Musical y Artes Sonoras presentan sus trabajos de titulaci\u00f3n\" \/>\n<meta name=\"robots\" content=\"index, follow, max-snippet:-1, max-image-preview:large, max-video-preview:-1\" \/>\n<link rel=\"canonical\" href=\"https:\/\/www.uartes.edu.ec\/sitio\/en\/blog\/2021\/12\/09\/15-maestrantes-de-la-primera-cohorte-en-composicionmusical-y-artes-sonoras-presentan-sus-obras-de-titulacion\/\" \/>\n<meta property=\"og:locale\" content=\"en_US\" \/>\n<meta property=\"og:type\" content=\"article\" \/>\n<meta property=\"og:title\" content=\"Universidad de las Artes - 15 maestrantes de primera cohorte en Composici\u00f3n Musical y Artes Sonoras presentan sus trabajos de titulaci\u00f3n\" \/>\n<meta property=\"og:description\" content=\"Universidad de las Artes - 15 maestrantes de primera cohorte en Composici\u00f3n Musical y Artes Sonoras presentan sus trabajos de titulaci\u00f3n\" \/>\n<meta property=\"og:url\" content=\"https:\/\/www.uartes.edu.ec\/sitio\/en\/blog\/2021\/12\/09\/15-maestrantes-de-la-primera-cohorte-en-composicionmusical-y-artes-sonoras-presentan-sus-obras-de-titulacion\/\" \/>\n<meta property=\"og:site_name\" content=\"Universidad de las Artes\" \/>\n<meta property=\"article:publisher\" content=\"https:\/\/www.facebook.com\/uartesec\" \/>\n<meta property=\"article:published_time\" content=\"2021-12-09T22:02:00+00:00\" \/>\n<meta property=\"article:modified_time\" content=\"2024-07-04T16:24:59+00:00\" \/>\n<meta property=\"og:image\" content=\"https:\/\/www.uartes.edu.ec\/sitio\/wp-content\/uploads\/2021\/12\/PRESENTACION-POSGRADO-OBRAS-WEB.jpg\" \/>\n\t<meta property=\"og:image:width\" content=\"2000\" \/>\n\t<meta property=\"og:image:height\" content=\"1333\" \/>\n\t<meta property=\"og:image:type\" content=\"image\/jpeg\" \/>\n<meta name=\"author\" content=\"ccortez\" \/>\n<meta name=\"twitter:card\" content=\"summary_large_image\" \/>\n<meta name=\"twitter:creator\" content=\"@uartesec\" \/>\n<meta name=\"twitter:site\" content=\"@uartesec\" \/>\n<meta name=\"twitter:label1\" content=\"Written by\" \/>\n\t<meta name=\"twitter:data1\" content=\"ccortez\" \/>\n\t<meta name=\"twitter:label2\" content=\"Est. reading time\" \/>\n\t<meta name=\"twitter:data2\" content=\"2 minutes\" \/>\n<script type=\"application\/ld+json\" class=\"yoast-schema-graph\">{\"@context\":\"https:\\\/\\\/schema.org\",\"@graph\":[{\"@type\":\"Article\",\"@id\":\"https:\\\/\\\/www.uartes.edu.ec\\\/sitio\\\/en\\\/blog\\\/2021\\\/12\\\/09\\\/15-maestrantes-de-la-primera-cohorte-en-composicionmusical-y-artes-sonoras-presentan-sus-obras-de-titulacion\\\/#article\",\"isPartOf\":{\"@id\":\"https:\\\/\\\/www.uartes.edu.ec\\\/sitio\\\/en\\\/blog\\\/2021\\\/12\\\/09\\\/15-maestrantes-de-la-primera-cohorte-en-composicionmusical-y-artes-sonoras-presentan-sus-obras-de-titulacion\\\/\"},\"author\":{\"name\":\"ccortez\",\"@id\":\"https:\\\/\\\/www.uartes.edu.ec\\\/sitio\\\/en\\\/#\\\/schema\\\/person\\\/efa1b8275797664fd7f13a79ccc0b1f4\"},\"headline\":\"15 maestrantes de primera cohorte en Composici\u00f3n Musical y Artes Sonoras presentan sus trabajos de titulaci\u00f3n\",\"datePublished\":\"2021-12-09T22:02:00+00:00\",\"dateModified\":\"2024-07-04T16:24:59+00:00\",\"mainEntityOfPage\":{\"@id\":\"https:\\\/\\\/www.uartes.edu.ec\\\/sitio\\\/en\\\/blog\\\/2021\\\/12\\\/09\\\/15-maestrantes-de-la-primera-cohorte-en-composicionmusical-y-artes-sonoras-presentan-sus-obras-de-titulacion\\\/\"},\"wordCount\":469,\"commentCount\":0,\"publisher\":{\"@id\":\"https:\\\/\\\/www.uartes.edu.ec\\\/sitio\\\/en\\\/#organization\"},\"image\":{\"@id\":\"https:\\\/\\\/www.uartes.edu.ec\\\/sitio\\\/en\\\/blog\\\/2021\\\/12\\\/09\\\/15-maestrantes-de-la-primera-cohorte-en-composicionmusical-y-artes-sonoras-presentan-sus-obras-de-titulacion\\\/#primaryimage\"},\"thumbnailUrl\":\"https:\\\/\\\/www.uartes.edu.ec\\\/sitio\\\/wp-content\\\/uploads\\\/2021\\\/12\\\/PRESENTACION-POSGRADO-OBRAS-WEB.jpg\",\"articleSection\":[\"Acad\u00e9mico\",\"Artes\",\"Estudiantes\",\"Investigaci\u00f3n\",\"Maestr\u00edas\"],\"inLanguage\":\"en-US\",\"potentialAction\":[{\"@type\":\"CommentAction\",\"name\":\"Comment\",\"target\":[\"https:\\\/\\\/www.uartes.edu.ec\\\/sitio\\\/en\\\/blog\\\/2021\\\/12\\\/09\\\/15-maestrantes-de-la-primera-cohorte-en-composicionmusical-y-artes-sonoras-presentan-sus-obras-de-titulacion\\\/#respond\"]}]},{\"@type\":[\"WebPage\",\"ItemPage\"],\"@id\":\"https:\\\/\\\/www.uartes.edu.ec\\\/sitio\\\/en\\\/blog\\\/2021\\\/12\\\/09\\\/15-maestrantes-de-la-primera-cohorte-en-composicionmusical-y-artes-sonoras-presentan-sus-obras-de-titulacion\\\/\",\"url\":\"https:\\\/\\\/www.uartes.edu.ec\\\/sitio\\\/en\\\/blog\\\/2021\\\/12\\\/09\\\/15-maestrantes-de-la-primera-cohorte-en-composicionmusical-y-artes-sonoras-presentan-sus-obras-de-titulacion\\\/\",\"name\":\"Universidad de las Artes - 15 maestrantes de primera cohorte en Composici\u00f3n Musical y Artes Sonoras presentan sus trabajos de titulaci\u00f3n\",\"isPartOf\":{\"@id\":\"https:\\\/\\\/www.uartes.edu.ec\\\/sitio\\\/en\\\/#website\"},\"primaryImageOfPage\":{\"@id\":\"https:\\\/\\\/www.uartes.edu.ec\\\/sitio\\\/en\\\/blog\\\/2021\\\/12\\\/09\\\/15-maestrantes-de-la-primera-cohorte-en-composicionmusical-y-artes-sonoras-presentan-sus-obras-de-titulacion\\\/#primaryimage\"},\"image\":{\"@id\":\"https:\\\/\\\/www.uartes.edu.ec\\\/sitio\\\/en\\\/blog\\\/2021\\\/12\\\/09\\\/15-maestrantes-de-la-primera-cohorte-en-composicionmusical-y-artes-sonoras-presentan-sus-obras-de-titulacion\\\/#primaryimage\"},\"thumbnailUrl\":\"https:\\\/\\\/www.uartes.edu.ec\\\/sitio\\\/wp-content\\\/uploads\\\/2021\\\/12\\\/PRESENTACION-POSGRADO-OBRAS-WEB.jpg\",\"datePublished\":\"2021-12-09T22:02:00+00:00\",\"dateModified\":\"2024-07-04T16:24:59+00:00\",\"description\":\"Universidad de las Artes - 15 maestrantes de primera cohorte en Composici\u00f3n Musical y Artes Sonoras presentan sus trabajos de titulaci\u00f3n\",\"breadcrumb\":{\"@id\":\"https:\\\/\\\/www.uartes.edu.ec\\\/sitio\\\/en\\\/blog\\\/2021\\\/12\\\/09\\\/15-maestrantes-de-la-primera-cohorte-en-composicionmusical-y-artes-sonoras-presentan-sus-obras-de-titulacion\\\/#breadcrumb\"},\"inLanguage\":\"en-US\",\"potentialAction\":[{\"@type\":\"ReadAction\",\"target\":[\"https:\\\/\\\/www.uartes.edu.ec\\\/sitio\\\/en\\\/blog\\\/2021\\\/12\\\/09\\\/15-maestrantes-de-la-primera-cohorte-en-composicionmusical-y-artes-sonoras-presentan-sus-obras-de-titulacion\\\/\"]}]},{\"@type\":\"ImageObject\",\"inLanguage\":\"en-US\",\"@id\":\"https:\\\/\\\/www.uartes.edu.ec\\\/sitio\\\/en\\\/blog\\\/2021\\\/12\\\/09\\\/15-maestrantes-de-la-primera-cohorte-en-composicionmusical-y-artes-sonoras-presentan-sus-obras-de-titulacion\\\/#primaryimage\",\"url\":\"https:\\\/\\\/www.uartes.edu.ec\\\/sitio\\\/wp-content\\\/uploads\\\/2021\\\/12\\\/PRESENTACION-POSGRADO-OBRAS-WEB.jpg\",\"contentUrl\":\"https:\\\/\\\/www.uartes.edu.ec\\\/sitio\\\/wp-content\\\/uploads\\\/2021\\\/12\\\/PRESENTACION-POSGRADO-OBRAS-WEB.jpg\",\"width\":2000,\"height\":1333},{\"@type\":\"BreadcrumbList\",\"@id\":\"https:\\\/\\\/www.uartes.edu.ec\\\/sitio\\\/en\\\/blog\\\/2021\\\/12\\\/09\\\/15-maestrantes-de-la-primera-cohorte-en-composicionmusical-y-artes-sonoras-presentan-sus-obras-de-titulacion\\\/#breadcrumb\",\"itemListElement\":[{\"@type\":\"ListItem\",\"position\":1,\"name\":\"Inicio\",\"item\":\"https:\\\/\\\/www.uartes.edu.ec\\\/sitio\\\/\"},{\"@type\":\"ListItem\",\"position\":2,\"name\":\"15 maestrantes de primera cohorte en Composici\u00f3n Musical y Artes Sonoras presentan sus trabajos de titulaci\u00f3n\"}]},{\"@type\":\"WebSite\",\"@id\":\"https:\\\/\\\/www.uartes.edu.ec\\\/sitio\\\/en\\\/#website\",\"url\":\"https:\\\/\\\/www.uartes.edu.ec\\\/sitio\\\/en\\\/\",\"name\":\"Universidad de las Artes\",\"description\":\"Sitio oficial de la Universidad Nacional de las Artes del Ecuador\",\"publisher\":{\"@id\":\"https:\\\/\\\/www.uartes.edu.ec\\\/sitio\\\/en\\\/#organization\"},\"potentialAction\":[{\"@type\":\"SearchAction\",\"target\":{\"@type\":\"EntryPoint\",\"urlTemplate\":\"https:\\\/\\\/www.uartes.edu.ec\\\/sitio\\\/en\\\/?s={search_term_string}\"},\"query-input\":{\"@type\":\"PropertyValueSpecification\",\"valueRequired\":true,\"valueName\":\"search_term_string\"}}],\"inLanguage\":\"en-US\"},{\"@type\":\"Organization\",\"@id\":\"https:\\\/\\\/www.uartes.edu.ec\\\/sitio\\\/en\\\/#organization\",\"name\":\"Universidad de las Artes\",\"url\":\"https:\\\/\\\/www.uartes.edu.ec\\\/sitio\\\/en\\\/\",\"logo\":{\"@type\":\"ImageObject\",\"inLanguage\":\"en-US\",\"@id\":\"https:\\\/\\\/www.uartes.edu.ec\\\/sitio\\\/en\\\/#\\\/schema\\\/logo\\\/image\\\/\",\"url\":\"https:\\\/\\\/www.uartes.edu.ec\\\/sitio\\\/wp-content\\\/uploads\\\/2022\\\/07\\\/logo-ua-horizontal.png\",\"contentUrl\":\"https:\\\/\\\/www.uartes.edu.ec\\\/sitio\\\/wp-content\\\/uploads\\\/2022\\\/07\\\/logo-ua-horizontal.png\",\"width\":800,\"height\":276,\"caption\":\"Universidad de las Artes\"},\"image\":{\"@id\":\"https:\\\/\\\/www.uartes.edu.ec\\\/sitio\\\/en\\\/#\\\/schema\\\/logo\\\/image\\\/\"},\"sameAs\":[\"https:\\\/\\\/www.facebook.com\\\/uartesec\",\"https:\\\/\\\/x.com\\\/uartesec\",\"https:\\\/\\\/www.tiktok.com\\\/@uartesec\"]},{\"@type\":\"Person\",\"@id\":\"https:\\\/\\\/www.uartes.edu.ec\\\/sitio\\\/en\\\/#\\\/schema\\\/person\\\/efa1b8275797664fd7f13a79ccc0b1f4\",\"name\":\"ccortez\",\"image\":{\"@type\":\"ImageObject\",\"inLanguage\":\"en-US\",\"@id\":\"https:\\\/\\\/secure.gravatar.com\\\/avatar\\\/b2a6f664a3ae8e074346ef91775736c5ec479e637ecced6842de9dc98b5da9cd?s=96&d=mm&r=g\",\"url\":\"https:\\\/\\\/secure.gravatar.com\\\/avatar\\\/b2a6f664a3ae8e074346ef91775736c5ec479e637ecced6842de9dc98b5da9cd?s=96&d=mm&r=g\",\"contentUrl\":\"https:\\\/\\\/secure.gravatar.com\\\/avatar\\\/b2a6f664a3ae8e074346ef91775736c5ec479e637ecced6842de9dc98b5da9cd?s=96&d=mm&r=g\",\"caption\":\"ccortez\"},\"url\":\"https:\\\/\\\/www.uartes.edu.ec\\\/sitio\\\/en\\\/blog\\\/author\\\/ccortez\\\/\"}]}<\/script>\n<!-- \/ Yoast SEO plugin. -->","yoast_head_json":{"title":"Universidad de las Artes - 15 maestrantes de primera cohorte en Composici\u00f3n Musical y Artes Sonoras presentan sus trabajos de titulaci\u00f3n","description":"Universidad de las Artes - 15 maestrantes de primera cohorte en Composici\u00f3n Musical y Artes Sonoras presentan sus trabajos de titulaci\u00f3n","robots":{"index":"index","follow":"follow","max-snippet":"max-snippet:-1","max-image-preview":"max-image-preview:large","max-video-preview":"max-video-preview:-1"},"canonical":"https:\/\/www.uartes.edu.ec\/sitio\/en\/blog\/2021\/12\/09\/15-maestrantes-de-la-primera-cohorte-en-composicionmusical-y-artes-sonoras-presentan-sus-obras-de-titulacion\/","og_locale":"en_US","og_type":"article","og_title":"Universidad de las Artes - 15 maestrantes de primera cohorte en Composici\u00f3n Musical y Artes Sonoras presentan sus trabajos de titulaci\u00f3n","og_description":"Universidad de las Artes - 15 maestrantes de primera cohorte en Composici\u00f3n Musical y Artes Sonoras presentan sus trabajos de titulaci\u00f3n","og_url":"https:\/\/www.uartes.edu.ec\/sitio\/en\/blog\/2021\/12\/09\/15-maestrantes-de-la-primera-cohorte-en-composicionmusical-y-artes-sonoras-presentan-sus-obras-de-titulacion\/","og_site_name":"Universidad de las Artes","article_publisher":"https:\/\/www.facebook.com\/uartesec","article_published_time":"2021-12-09T22:02:00+00:00","article_modified_time":"2024-07-04T16:24:59+00:00","og_image":[{"width":2000,"height":1333,"url":"https:\/\/www.uartes.edu.ec\/sitio\/wp-content\/uploads\/2021\/12\/PRESENTACION-POSGRADO-OBRAS-WEB.jpg","type":"image\/jpeg"}],"author":"ccortez","twitter_card":"summary_large_image","twitter_creator":"@uartesec","twitter_site":"@uartesec","twitter_misc":{"Written by":"ccortez","Est. reading time":"2 minutes"},"schema":{"@context":"https:\/\/schema.org","@graph":[{"@type":"Article","@id":"https:\/\/www.uartes.edu.ec\/sitio\/en\/blog\/2021\/12\/09\/15-maestrantes-de-la-primera-cohorte-en-composicionmusical-y-artes-sonoras-presentan-sus-obras-de-titulacion\/#article","isPartOf":{"@id":"https:\/\/www.uartes.edu.ec\/sitio\/en\/blog\/2021\/12\/09\/15-maestrantes-de-la-primera-cohorte-en-composicionmusical-y-artes-sonoras-presentan-sus-obras-de-titulacion\/"},"author":{"name":"ccortez","@id":"https:\/\/www.uartes.edu.ec\/sitio\/en\/#\/schema\/person\/efa1b8275797664fd7f13a79ccc0b1f4"},"headline":"15 maestrantes de primera cohorte en Composici\u00f3n Musical y Artes Sonoras presentan sus trabajos de titulaci\u00f3n","datePublished":"2021-12-09T22:02:00+00:00","dateModified":"2024-07-04T16:24:59+00:00","mainEntityOfPage":{"@id":"https:\/\/www.uartes.edu.ec\/sitio\/en\/blog\/2021\/12\/09\/15-maestrantes-de-la-primera-cohorte-en-composicionmusical-y-artes-sonoras-presentan-sus-obras-de-titulacion\/"},"wordCount":469,"commentCount":0,"publisher":{"@id":"https:\/\/www.uartes.edu.ec\/sitio\/en\/#organization"},"image":{"@id":"https:\/\/www.uartes.edu.ec\/sitio\/en\/blog\/2021\/12\/09\/15-maestrantes-de-la-primera-cohorte-en-composicionmusical-y-artes-sonoras-presentan-sus-obras-de-titulacion\/#primaryimage"},"thumbnailUrl":"https:\/\/www.uartes.edu.ec\/sitio\/wp-content\/uploads\/2021\/12\/PRESENTACION-POSGRADO-OBRAS-WEB.jpg","articleSection":["Acad\u00e9mico","Artes","Estudiantes","Investigaci\u00f3n","Maestr\u00edas"],"inLanguage":"en-US","potentialAction":[{"@type":"CommentAction","name":"Comment","target":["https:\/\/www.uartes.edu.ec\/sitio\/en\/blog\/2021\/12\/09\/15-maestrantes-de-la-primera-cohorte-en-composicionmusical-y-artes-sonoras-presentan-sus-obras-de-titulacion\/#respond"]}]},{"@type":["WebPage","ItemPage"],"@id":"https:\/\/www.uartes.edu.ec\/sitio\/en\/blog\/2021\/12\/09\/15-maestrantes-de-la-primera-cohorte-en-composicionmusical-y-artes-sonoras-presentan-sus-obras-de-titulacion\/","url":"https:\/\/www.uartes.edu.ec\/sitio\/en\/blog\/2021\/12\/09\/15-maestrantes-de-la-primera-cohorte-en-composicionmusical-y-artes-sonoras-presentan-sus-obras-de-titulacion\/","name":"Universidad de las Artes - 15 maestrantes de primera cohorte en Composici\u00f3n Musical y Artes Sonoras presentan sus trabajos de titulaci\u00f3n","isPartOf":{"@id":"https:\/\/www.uartes.edu.ec\/sitio\/en\/#website"},"primaryImageOfPage":{"@id":"https:\/\/www.uartes.edu.ec\/sitio\/en\/blog\/2021\/12\/09\/15-maestrantes-de-la-primera-cohorte-en-composicionmusical-y-artes-sonoras-presentan-sus-obras-de-titulacion\/#primaryimage"},"image":{"@id":"https:\/\/www.uartes.edu.ec\/sitio\/en\/blog\/2021\/12\/09\/15-maestrantes-de-la-primera-cohorte-en-composicionmusical-y-artes-sonoras-presentan-sus-obras-de-titulacion\/#primaryimage"},"thumbnailUrl":"https:\/\/www.uartes.edu.ec\/sitio\/wp-content\/uploads\/2021\/12\/PRESENTACION-POSGRADO-OBRAS-WEB.jpg","datePublished":"2021-12-09T22:02:00+00:00","dateModified":"2024-07-04T16:24:59+00:00","description":"Universidad de las Artes - 15 maestrantes de primera cohorte en Composici\u00f3n Musical y Artes Sonoras presentan sus trabajos de titulaci\u00f3n","breadcrumb":{"@id":"https:\/\/www.uartes.edu.ec\/sitio\/en\/blog\/2021\/12\/09\/15-maestrantes-de-la-primera-cohorte-en-composicionmusical-y-artes-sonoras-presentan-sus-obras-de-titulacion\/#breadcrumb"},"inLanguage":"en-US","potentialAction":[{"@type":"ReadAction","target":["https:\/\/www.uartes.edu.ec\/sitio\/en\/blog\/2021\/12\/09\/15-maestrantes-de-la-primera-cohorte-en-composicionmusical-y-artes-sonoras-presentan-sus-obras-de-titulacion\/"]}]},{"@type":"ImageObject","inLanguage":"en-US","@id":"https:\/\/www.uartes.edu.ec\/sitio\/en\/blog\/2021\/12\/09\/15-maestrantes-de-la-primera-cohorte-en-composicionmusical-y-artes-sonoras-presentan-sus-obras-de-titulacion\/#primaryimage","url":"https:\/\/www.uartes.edu.ec\/sitio\/wp-content\/uploads\/2021\/12\/PRESENTACION-POSGRADO-OBRAS-WEB.jpg","contentUrl":"https:\/\/www.uartes.edu.ec\/sitio\/wp-content\/uploads\/2021\/12\/PRESENTACION-POSGRADO-OBRAS-WEB.jpg","width":2000,"height":1333},{"@type":"BreadcrumbList","@id":"https:\/\/www.uartes.edu.ec\/sitio\/en\/blog\/2021\/12\/09\/15-maestrantes-de-la-primera-cohorte-en-composicionmusical-y-artes-sonoras-presentan-sus-obras-de-titulacion\/#breadcrumb","itemListElement":[{"@type":"ListItem","position":1,"name":"Inicio","item":"https:\/\/www.uartes.edu.ec\/sitio\/"},{"@type":"ListItem","position":2,"name":"15 maestrantes de primera cohorte en Composici\u00f3n Musical y Artes Sonoras presentan sus trabajos de titulaci\u00f3n"}]},{"@type":"WebSite","@id":"https:\/\/www.uartes.edu.ec\/sitio\/en\/#website","url":"https:\/\/www.uartes.edu.ec\/sitio\/en\/","name":"Universidad de las Artes","description":"Sitio oficial de la Universidad Nacional de las Artes del Ecuador","publisher":{"@id":"https:\/\/www.uartes.edu.ec\/sitio\/en\/#organization"},"potentialAction":[{"@type":"SearchAction","target":{"@type":"EntryPoint","urlTemplate":"https:\/\/www.uartes.edu.ec\/sitio\/en\/?s={search_term_string}"},"query-input":{"@type":"PropertyValueSpecification","valueRequired":true,"valueName":"search_term_string"}}],"inLanguage":"en-US"},{"@type":"Organization","@id":"https:\/\/www.uartes.edu.ec\/sitio\/en\/#organization","name":"Universidad de las Artes","url":"https:\/\/www.uartes.edu.ec\/sitio\/en\/","logo":{"@type":"ImageObject","inLanguage":"en-US","@id":"https:\/\/www.uartes.edu.ec\/sitio\/en\/#\/schema\/logo\/image\/","url":"https:\/\/www.uartes.edu.ec\/sitio\/wp-content\/uploads\/2022\/07\/logo-ua-horizontal.png","contentUrl":"https:\/\/www.uartes.edu.ec\/sitio\/wp-content\/uploads\/2022\/07\/logo-ua-horizontal.png","width":800,"height":276,"caption":"Universidad de las Artes"},"image":{"@id":"https:\/\/www.uartes.edu.ec\/sitio\/en\/#\/schema\/logo\/image\/"},"sameAs":["https:\/\/www.facebook.com\/uartesec","https:\/\/x.com\/uartesec","https:\/\/www.tiktok.com\/@uartesec"]},{"@type":"Person","@id":"https:\/\/www.uartes.edu.ec\/sitio\/en\/#\/schema\/person\/efa1b8275797664fd7f13a79ccc0b1f4","name":"ccortez","image":{"@type":"ImageObject","inLanguage":"en-US","@id":"https:\/\/secure.gravatar.com\/avatar\/b2a6f664a3ae8e074346ef91775736c5ec479e637ecced6842de9dc98b5da9cd?s=96&d=mm&r=g","url":"https:\/\/secure.gravatar.com\/avatar\/b2a6f664a3ae8e074346ef91775736c5ec479e637ecced6842de9dc98b5da9cd?s=96&d=mm&r=g","contentUrl":"https:\/\/secure.gravatar.com\/avatar\/b2a6f664a3ae8e074346ef91775736c5ec479e637ecced6842de9dc98b5da9cd?s=96&d=mm&r=g","caption":"ccortez"},"url":"https:\/\/www.uartes.edu.ec\/sitio\/en\/blog\/author\/ccortez\/"}]}},"uagb_featured_image_src":{"full":["https:\/\/www.uartes.edu.ec\/sitio\/wp-content\/uploads\/2021\/12\/PRESENTACION-POSGRADO-OBRAS-WEB.jpg",2000,1333,false],"thumbnail":["https:\/\/www.uartes.edu.ec\/sitio\/wp-content\/uploads\/2021\/12\/PRESENTACION-POSGRADO-OBRAS-WEB-150x150.jpg",150,150,true],"medium":["https:\/\/www.uartes.edu.ec\/sitio\/wp-content\/uploads\/2021\/12\/PRESENTACION-POSGRADO-OBRAS-WEB-300x200.jpg",300,200,true],"medium_large":["https:\/\/www.uartes.edu.ec\/sitio\/wp-content\/uploads\/2021\/12\/PRESENTACION-POSGRADO-OBRAS-WEB-768x512.jpg",768,512,true],"large":["https:\/\/www.uartes.edu.ec\/sitio\/wp-content\/uploads\/2021\/12\/PRESENTACION-POSGRADO-OBRAS-WEB-644x429.jpg",644,429,true],"1536x1536":["https:\/\/www.uartes.edu.ec\/sitio\/wp-content\/uploads\/2021\/12\/PRESENTACION-POSGRADO-OBRAS-WEB-1536x1024.jpg",1536,1024,true],"2048x2048":["https:\/\/www.uartes.edu.ec\/sitio\/wp-content\/uploads\/2021\/12\/PRESENTACION-POSGRADO-OBRAS-WEB.jpg",2000,1333,false],"trp-custom-language-flag":["https:\/\/www.uartes.edu.ec\/sitio\/wp-content\/uploads\/2021\/12\/PRESENTACION-POSGRADO-OBRAS-WEB.jpg",18,12,false],"htmega_size_585x295":["https:\/\/www.uartes.edu.ec\/sitio\/wp-content\/uploads\/2021\/12\/PRESENTACION-POSGRADO-OBRAS-WEB.jpg",443,295,false],"htmega_size_1170x536":["https:\/\/www.uartes.edu.ec\/sitio\/wp-content\/uploads\/2021\/12\/PRESENTACION-POSGRADO-OBRAS-WEB.jpg",804,536,false],"htmega_size_396x360":["https:\/\/www.uartes.edu.ec\/sitio\/wp-content\/uploads\/2021\/12\/PRESENTACION-POSGRADO-OBRAS-WEB.jpg",396,264,false],"gb-block-post-grid-landscape":["https:\/\/www.uartes.edu.ec\/sitio\/wp-content\/uploads\/2021\/12\/PRESENTACION-POSGRADO-OBRAS-WEB-600x400.jpg",600,400,true],"gb-block-post-grid-square":["https:\/\/www.uartes.edu.ec\/sitio\/wp-content\/uploads\/2021\/12\/PRESENTACION-POSGRADO-OBRAS-WEB-600x600.jpg",600,600,true],"university-hub-thumb":["https:\/\/www.uartes.edu.ec\/sitio\/wp-content\/uploads\/2021\/12\/PRESENTACION-POSGRADO-OBRAS-WEB-400x267.jpg",400,267,true],"mailpoet_newsletter_max":["https:\/\/www.uartes.edu.ec\/sitio\/wp-content\/uploads\/2021\/12\/PRESENTACION-POSGRADO-OBRAS-WEB.jpg",1320,880,false]},"uagb_author_info":{"display_name":"ccortez","author_link":"https:\/\/www.uartes.edu.ec\/sitio\/en\/blog\/author\/ccortez\/"},"uagb_comment_info":0,"uagb_excerpt":"\u201cEstamos ante un espacio para visibilizar y experimentar las obras de compositores\/as, dise\u00f1adas como trabajos para la titulaci\u00f3n\u201d. Es parte del texto que acompa\u00f1a la invitaci\u00f3n de la Escuela de Posgrados de la Universidad de las Artes para la presentaci\u00f3n de las obras de los maestrantes en Composici\u00f3n Musical y Artes Sonoras. Tiene lugar este&hellip;","featured_image_src":"https:\/\/www.uartes.edu.ec\/sitio\/wp-content\/uploads\/2021\/12\/PRESENTACION-POSGRADO-OBRAS-WEB-600x400.jpg","featured_image_src_square":"https:\/\/www.uartes.edu.ec\/sitio\/wp-content\/uploads\/2021\/12\/PRESENTACION-POSGRADO-OBRAS-WEB-600x600.jpg","author_info":{"display_name":"ccortez","author_link":"https:\/\/www.uartes.edu.ec\/sitio\/en\/blog\/author\/ccortez\/"},"publishpress_future_workflow_manual_trigger":{"enabledWorkflows":[]},"distributor_meta":false,"distributor_terms":false,"distributor_media":false,"distributor_original_site_name":"Universidad de las Artes","distributor_original_site_url":"https:\/\/www.uartes.edu.ec\/sitio\/en","push-errors":false,"_links":{"self":[{"href":"https:\/\/www.uartes.edu.ec\/sitio\/en\/wp-json\/wp\/v2\/posts\/17600","targetHints":{"allow":["GET"]}}],"collection":[{"href":"https:\/\/www.uartes.edu.ec\/sitio\/en\/wp-json\/wp\/v2\/posts"}],"about":[{"href":"https:\/\/www.uartes.edu.ec\/sitio\/en\/wp-json\/wp\/v2\/types\/post"}],"author":[{"embeddable":true,"href":"https:\/\/www.uartes.edu.ec\/sitio\/en\/wp-json\/wp\/v2\/users\/10"}],"replies":[{"embeddable":true,"href":"https:\/\/www.uartes.edu.ec\/sitio\/en\/wp-json\/wp\/v2\/comments?post=17600"}],"version-history":[{"count":4,"href":"https:\/\/www.uartes.edu.ec\/sitio\/en\/wp-json\/wp\/v2\/posts\/17600\/revisions"}],"predecessor-version":[{"id":17606,"href":"https:\/\/www.uartes.edu.ec\/sitio\/en\/wp-json\/wp\/v2\/posts\/17600\/revisions\/17606"}],"wp:featuredmedia":[{"embeddable":true,"href":"https:\/\/www.uartes.edu.ec\/sitio\/en\/wp-json\/wp\/v2\/media\/17601"}],"wp:attachment":[{"href":"https:\/\/www.uartes.edu.ec\/sitio\/en\/wp-json\/wp\/v2\/media?parent=17600"}],"wp:term":[{"taxonomy":"category","embeddable":true,"href":"https:\/\/www.uartes.edu.ec\/sitio\/en\/wp-json\/wp\/v2\/categories?post=17600"},{"taxonomy":"post_tag","embeddable":true,"href":"https:\/\/www.uartes.edu.ec\/sitio\/en\/wp-json\/wp\/v2\/tags?post=17600"},{"taxonomy":"infouartes","embeddable":true,"href":"https:\/\/www.uartes.edu.ec\/sitio\/en\/wp-json\/wp\/v2\/infouartes?post=17600"}],"curies":[{"name":"wp","href":"https:\/\/api.w.org\/{rel}","templated":true}]}}