{"id":17640,"date":"2021-12-14T13:32:00","date_gmt":"2021-12-14T18:32:00","guid":{"rendered":"http:\/\/www.uartes.edu.ec\/sitio\/?p=17640"},"modified":"2024-07-04T11:24:57","modified_gmt":"2024-07-04T16:24:57","slug":"escritores-docentes-de-la-uartes-en-la-filq-2021libro-trabajadores-de-la-cultura-propicia-dialogo","status":"publish","type":"post","link":"https:\/\/www.uartes.edu.ec\/sitio\/en\/blog\/2021\/12\/14\/escritores-docentes-de-la-uartes-en-la-filq-2021libro-trabajadores-de-la-cultura-propicia-dialogo\/","title":{"rendered":"Escritores docentes de la UArtes, en FILQ 2021; libro \u201cTrabajadores de la cultura\u201d propicia un conversatorio"},"content":{"rendered":"<p>La Universidad de las Artes est\u00e1 presente con sus docentes y los equipos del Instituto Latinoamericano de Investigaci\u00f3n en Artes (ILIA) y de UArtes Ediciones en la Feria del Libro de Quito, que en este a\u00f1o se denomina Fiesta Intercultural del Libro de Quito 2021 (FILQ 2021).<\/p>\n\n\n\n<p>Su inicio est\u00e1 previsto ma\u00f1ana, mi\u00e9rcoles 15 de diciembre, y durante cinco d\u00edas, hasta el domingo 19, habr\u00e1 conversatorios, charlas, lectura de poes\u00edas, lanzamientos de libros y una completa agenda infantil, con programaci\u00f3n permanente de cuentacuentos, espect\u00e1culo de t\u00edteres y cuenter\u00eda, talleres y obras de teatro.<\/p>\n\n\n\n<p>El formato de la FILQ 2021 es presencial y virtual,&nbsp;y se plantea como un encuentro cultural y art\u00edstico que congrega agrupaciones, emprendimientos, industrias y colectivos culturales y literarios locales y nacionales, en jornadas fundamentalmente festivas y centradas en la importancia del encuentro a trav\u00e9s de los libros.<\/p>\n\n\n\n<p>Previo a su realizaci\u00f3n, Juan Mart\u00edn Cueva, exdirector de la Escuela de Cine de la UArtes y actual secretario de Cultura del Municipio del Distrito Metropolitano de Quito, indic\u00f3 que este a\u00f1o la feria la coordinan el Ministerio de Cultura y la C\u00e1mara de Libro, y que su impronta es resaltar los conceptos de interculturalidad, procesos que tienen que ver con un di\u00e1logo entre diversos.  <\/p>\n\n\n\n<p>El eje principal de la FILQ 2021 es el&nbsp;trabajo de escritores, artistas, editores y libreros\/as independientes, que han mantenido viva la producci\u00f3n cultural del pa\u00eds en tiempos de crisis. Que los autores nacionales tienen preponderancia, se ha dicho, destacando as\u00ed sus intervenciones.<\/p>\n\n\n\n<p>Entre los autores ecuatorianos participantes figuran los docentes-escritores de la UArtes: Solange Rodr\u00edguez Pappe, Siomara Espa\u00f1a Mu\u00f1oz, \u00c1ngela Arboleda Jim\u00e9nez, Mar\u00eda Fernanda L\u00f3pez, Eduardo Varas Carvajal y Mar\u00eda Paulina Briones, quien est\u00e1 al frente de La Casa Morada, un espacio cultural independiente que fomenta la lectura y la escritura y que cuenta con la editorial Cad\u00e1ver Exquisito. Justamente, por su experiencia en ese \u00e1mbito es que intervendr\u00e1 este mi\u00e9rcoles 15, a las 17:00 en el Centro Cultural Metropolitano (CCM), en el di\u00e1logo \u201cEditar en tiempos de crisis.\u00a0Por qu\u00e9 seguir editando en tiempos de pandemia y c\u00f3mo sobrevivir al monopolio de las grandes editoriales\u201d.<\/p>\n\n\n\n<p>De Mar\u00eda Fernanda L\u00f3pez se presentar\u00e1, este viernes 17, el libro 400 metros. Arte, calle y comunidad. Se lo se\u00f1ala como el primer libro de arte urbano en Ecuador y dar\u00e1 paso a un conversatorio en el que la docente UArtes compartir\u00e1 criterios con Marcos Negrete, de Furia Editorial y la artista urbana Con C de Caro; ser\u00e1 de 18:00 a 19:00 en el CCM.  <\/p>\n\n\n\n<div class=\"wp-block-image\"><figure class=\"aligncenter size-full\"><img fetchpriority=\"high\" decoding=\"async\" width=\"2000\" height=\"1333\" src=\"http:\/\/www.uartes.edu.ec\/sitio\/wp-content\/uploads\/2021\/12\/Ecosistema-LIBRO-WEB.jpg\" alt=\"\" class=\"wp-image-17642\" srcset=\"https:\/\/www.uartes.edu.ec\/sitio\/wp-content\/uploads\/2021\/12\/Ecosistema-LIBRO-WEB.jpg 2000w, https:\/\/www.uartes.edu.ec\/sitio\/wp-content\/uploads\/2021\/12\/Ecosistema-LIBRO-WEB-644x429.jpg 644w, https:\/\/www.uartes.edu.ec\/sitio\/wp-content\/uploads\/2021\/12\/Ecosistema-LIBRO-WEB-768x511.jpg 768w, https:\/\/www.uartes.edu.ec\/sitio\/wp-content\/uploads\/2021\/12\/Ecosistema-LIBRO-WEB-600x399.jpg 600w, https:\/\/www.uartes.edu.ec\/sitio\/wp-content\/uploads\/2021\/12\/Ecosistema-LIBRO-WEB-272x182.jpg 272w\" sizes=\"(max-width: 2000px) 100vw, 2000px\" \/><\/figure><\/div>\n\n\n\n<h3 class=\"wp-block-heading\" id=\"dialogo-en-torno-al-libro-trabajadores-de-la-cultura\"><strong>Di\u00e1logo en torno al libro \u201cTrabajadores de la cultura\u201d<\/strong><\/h3>\n\n\n\n<p>Otro de los conversatorios con presencia UArtes es el programado para este viernes 17, a las 14:00, tambi\u00e9n en el CCM. Se realizar\u00e1 a partir de la obra <em>Trabajadores de la cultura: condiciones y perspectivas en Ecuador, <\/em>editada por el ILIA, y en su desarrollo se abordar\u00e1 \u201cEl ecosistema del libro\u201d. Lo moderar\u00e1 Jos\u00e9 Miguel Cabrera, director del sello editorial de la universidad, y participar\u00e1n Dami\u00e1n de la Torre, Abril Altamirano y Sebasti\u00e1n Concha.<\/p>\n\n\n\n<p>T<em>rabajadores de la cultura: condiciones y perspectiva<\/em> <em>en Ecuador,<\/em> una publicaci\u00f3n de UArtes Ediciones que recoge investigaciones sobre el estatus laboral de quienes se dedican al \u00e1mbito cultural en el pa\u00eds. Fue presentado el 25 de junio pasado durante el I Encuentro de Pol\u00edticas y Econom\u00eda de la Cultura, organizado por el Observatorio de Pol\u00edticas y Econom\u00eda de la Cultura del ILIA, con financiamiento de la Organizaci\u00f3n de Estados Iberoamericanos (OEI).<\/p>","protected":false},"excerpt":{"rendered":"<p>Los escritores Solange Rodr\u00edguez, Siomara Espa\u00f1a, \u00c1ngela Arboleda, Mar\u00eda Fernanda L\u00f3pez, Eduardo Varas y Mar\u00eda Paulina Briones, docentes de la UArtes, participan en las jornadas de la Fiesta Intercultural del Libro de Quito 2021. Este viernes 17 se propiciar\u00e1, adem\u00e1s, un conversatorio a partir de la obra \u00abTrabajadores de la cultura\u00bb, editada por el ILIA; ser\u00e1 a las 14:00, en Centro Cultural Metropolitano (CCM).<\/p>","protected":false},"author":10,"featured_media":17641,"comment_status":"open","ping_status":"open","sticky":false,"template":"","format":"standard","meta":{"_acf_changed":false,"_uag_custom_page_level_css":"","_monsterinsights_skip_tracking":false,"_monsterinsights_sitenote_active":false,"_monsterinsights_sitenote_note":"","_monsterinsights_sitenote_category":0,"cybocfi_hide_featured_image":"","footnotes":""},"categories":[75,175],"tags":[589],"infouartes":[],"class_list":["post-17640","post","type-post","status-publish","format-standard","has-post-thumbnail","hentry","category-docentes","category-literatura","tag-fiesta-intercultural"],"acf":[],"yoast_head":"<!-- This site is optimized with the Yoast SEO plugin v27.4 - https:\/\/yoast.com\/product\/yoast-seo-wordpress\/ -->\n<title>Universidad de las Artes - Escritores docentes de la UArtes, en FILQ 2021; libro \u201cTrabajadores de la cultura\u201d propicia un conversatorio<\/title>\n<meta name=\"description\" content=\"Universidad de las Artes - Escritores docentes de la UArtes, en FILQ 2021; libro \u201cTrabajadores de la cultura\u201d propicia un conversatorio\" \/>\n<meta name=\"robots\" content=\"index, follow, max-snippet:-1, max-image-preview:large, max-video-preview:-1\" \/>\n<link rel=\"canonical\" href=\"https:\/\/www.uartes.edu.ec\/sitio\/en\/blog\/2021\/12\/14\/escritores-docentes-de-la-uartes-en-la-filq-2021libro-trabajadores-de-la-cultura-propicia-dialogo\/\" \/>\n<meta property=\"og:locale\" content=\"en_US\" \/>\n<meta property=\"og:type\" content=\"article\" \/>\n<meta property=\"og:title\" content=\"Universidad de las Artes - Escritores docentes de la UArtes, en FILQ 2021; libro \u201cTrabajadores de la cultura\u201d propicia un conversatorio\" \/>\n<meta property=\"og:description\" content=\"Universidad de las Artes - Escritores docentes de la UArtes, en FILQ 2021; libro \u201cTrabajadores de la cultura\u201d propicia un conversatorio\" \/>\n<meta property=\"og:url\" content=\"https:\/\/www.uartes.edu.ec\/sitio\/en\/blog\/2021\/12\/14\/escritores-docentes-de-la-uartes-en-la-filq-2021libro-trabajadores-de-la-cultura-propicia-dialogo\/\" \/>\n<meta property=\"og:site_name\" content=\"Universidad de las Artes\" \/>\n<meta property=\"article:publisher\" content=\"https:\/\/www.facebook.com\/uartesec\" \/>\n<meta property=\"article:published_time\" content=\"2021-12-14T18:32:00+00:00\" \/>\n<meta property=\"article:modified_time\" content=\"2024-07-04T16:24:57+00:00\" \/>\n<meta property=\"og:image\" content=\"https:\/\/www.uartes.edu.ec\/sitio\/wp-content\/uploads\/2021\/12\/FIL-QUITO.jpg\" \/>\n\t<meta property=\"og:image:width\" content=\"2000\" \/>\n\t<meta property=\"og:image:height\" content=\"1333\" \/>\n\t<meta property=\"og:image:type\" content=\"image\/jpeg\" \/>\n<meta name=\"author\" content=\"ccortez\" \/>\n<meta name=\"twitter:card\" content=\"summary_large_image\" \/>\n<meta name=\"twitter:creator\" content=\"@uartesec\" \/>\n<meta name=\"twitter:site\" content=\"@uartesec\" \/>\n<meta name=\"twitter:label1\" content=\"Written by\" \/>\n\t<meta name=\"twitter:data1\" content=\"ccortez\" \/>\n\t<meta name=\"twitter:label2\" content=\"Est. reading time\" \/>\n\t<meta name=\"twitter:data2\" content=\"3 minutes\" \/>\n<script type=\"application\/ld+json\" class=\"yoast-schema-graph\">{\"@context\":\"https:\\\/\\\/schema.org\",\"@graph\":[{\"@type\":\"Article\",\"@id\":\"https:\\\/\\\/www.uartes.edu.ec\\\/sitio\\\/en\\\/blog\\\/2021\\\/12\\\/14\\\/escritores-docentes-de-la-uartes-en-la-filq-2021libro-trabajadores-de-la-cultura-propicia-dialogo\\\/#article\",\"isPartOf\":{\"@id\":\"https:\\\/\\\/www.uartes.edu.ec\\\/sitio\\\/en\\\/blog\\\/2021\\\/12\\\/14\\\/escritores-docentes-de-la-uartes-en-la-filq-2021libro-trabajadores-de-la-cultura-propicia-dialogo\\\/\"},\"author\":{\"name\":\"ccortez\",\"@id\":\"https:\\\/\\\/www.uartes.edu.ec\\\/sitio\\\/en\\\/#\\\/schema\\\/person\\\/efa1b8275797664fd7f13a79ccc0b1f4\"},\"headline\":\"Escritores docentes de la UArtes, en FILQ 2021; libro \u201cTrabajadores de la cultura\u201d propicia un conversatorio\",\"datePublished\":\"2021-12-14T18:32:00+00:00\",\"dateModified\":\"2024-07-04T16:24:57+00:00\",\"mainEntityOfPage\":{\"@id\":\"https:\\\/\\\/www.uartes.edu.ec\\\/sitio\\\/en\\\/blog\\\/2021\\\/12\\\/14\\\/escritores-docentes-de-la-uartes-en-la-filq-2021libro-trabajadores-de-la-cultura-propicia-dialogo\\\/\"},\"wordCount\":620,\"commentCount\":0,\"publisher\":{\"@id\":\"https:\\\/\\\/www.uartes.edu.ec\\\/sitio\\\/en\\\/#organization\"},\"image\":{\"@id\":\"https:\\\/\\\/www.uartes.edu.ec\\\/sitio\\\/en\\\/blog\\\/2021\\\/12\\\/14\\\/escritores-docentes-de-la-uartes-en-la-filq-2021libro-trabajadores-de-la-cultura-propicia-dialogo\\\/#primaryimage\"},\"thumbnailUrl\":\"https:\\\/\\\/www.uartes.edu.ec\\\/sitio\\\/wp-content\\\/uploads\\\/2021\\\/12\\\/FIL-QUITO.jpg\",\"keywords\":[\"fiesta intercultural\"],\"articleSection\":[\"Docentes\",\"Literatura\"],\"inLanguage\":\"en-US\",\"potentialAction\":[{\"@type\":\"CommentAction\",\"name\":\"Comment\",\"target\":[\"https:\\\/\\\/www.uartes.edu.ec\\\/sitio\\\/en\\\/blog\\\/2021\\\/12\\\/14\\\/escritores-docentes-de-la-uartes-en-la-filq-2021libro-trabajadores-de-la-cultura-propicia-dialogo\\\/#respond\"]}]},{\"@type\":[\"WebPage\",\"ItemPage\"],\"@id\":\"https:\\\/\\\/www.uartes.edu.ec\\\/sitio\\\/en\\\/blog\\\/2021\\\/12\\\/14\\\/escritores-docentes-de-la-uartes-en-la-filq-2021libro-trabajadores-de-la-cultura-propicia-dialogo\\\/\",\"url\":\"https:\\\/\\\/www.uartes.edu.ec\\\/sitio\\\/en\\\/blog\\\/2021\\\/12\\\/14\\\/escritores-docentes-de-la-uartes-en-la-filq-2021libro-trabajadores-de-la-cultura-propicia-dialogo\\\/\",\"name\":\"Universidad de las Artes - Escritores docentes de la UArtes, en FILQ 2021; libro \u201cTrabajadores de la cultura\u201d propicia un conversatorio\",\"isPartOf\":{\"@id\":\"https:\\\/\\\/www.uartes.edu.ec\\\/sitio\\\/en\\\/#website\"},\"primaryImageOfPage\":{\"@id\":\"https:\\\/\\\/www.uartes.edu.ec\\\/sitio\\\/en\\\/blog\\\/2021\\\/12\\\/14\\\/escritores-docentes-de-la-uartes-en-la-filq-2021libro-trabajadores-de-la-cultura-propicia-dialogo\\\/#primaryimage\"},\"image\":{\"@id\":\"https:\\\/\\\/www.uartes.edu.ec\\\/sitio\\\/en\\\/blog\\\/2021\\\/12\\\/14\\\/escritores-docentes-de-la-uartes-en-la-filq-2021libro-trabajadores-de-la-cultura-propicia-dialogo\\\/#primaryimage\"},\"thumbnailUrl\":\"https:\\\/\\\/www.uartes.edu.ec\\\/sitio\\\/wp-content\\\/uploads\\\/2021\\\/12\\\/FIL-QUITO.jpg\",\"datePublished\":\"2021-12-14T18:32:00+00:00\",\"dateModified\":\"2024-07-04T16:24:57+00:00\",\"description\":\"Universidad de las Artes - Escritores docentes de la UArtes, en FILQ 2021; libro \u201cTrabajadores de la cultura\u201d propicia un conversatorio\",\"breadcrumb\":{\"@id\":\"https:\\\/\\\/www.uartes.edu.ec\\\/sitio\\\/en\\\/blog\\\/2021\\\/12\\\/14\\\/escritores-docentes-de-la-uartes-en-la-filq-2021libro-trabajadores-de-la-cultura-propicia-dialogo\\\/#breadcrumb\"},\"inLanguage\":\"en-US\",\"potentialAction\":[{\"@type\":\"ReadAction\",\"target\":[\"https:\\\/\\\/www.uartes.edu.ec\\\/sitio\\\/en\\\/blog\\\/2021\\\/12\\\/14\\\/escritores-docentes-de-la-uartes-en-la-filq-2021libro-trabajadores-de-la-cultura-propicia-dialogo\\\/\"]}]},{\"@type\":\"ImageObject\",\"inLanguage\":\"en-US\",\"@id\":\"https:\\\/\\\/www.uartes.edu.ec\\\/sitio\\\/en\\\/blog\\\/2021\\\/12\\\/14\\\/escritores-docentes-de-la-uartes-en-la-filq-2021libro-trabajadores-de-la-cultura-propicia-dialogo\\\/#primaryimage\",\"url\":\"https:\\\/\\\/www.uartes.edu.ec\\\/sitio\\\/wp-content\\\/uploads\\\/2021\\\/12\\\/FIL-QUITO.jpg\",\"contentUrl\":\"https:\\\/\\\/www.uartes.edu.ec\\\/sitio\\\/wp-content\\\/uploads\\\/2021\\\/12\\\/FIL-QUITO.jpg\",\"width\":2000,\"height\":1333},{\"@type\":\"BreadcrumbList\",\"@id\":\"https:\\\/\\\/www.uartes.edu.ec\\\/sitio\\\/en\\\/blog\\\/2021\\\/12\\\/14\\\/escritores-docentes-de-la-uartes-en-la-filq-2021libro-trabajadores-de-la-cultura-propicia-dialogo\\\/#breadcrumb\",\"itemListElement\":[{\"@type\":\"ListItem\",\"position\":1,\"name\":\"Inicio\",\"item\":\"https:\\\/\\\/www.uartes.edu.ec\\\/sitio\\\/\"},{\"@type\":\"ListItem\",\"position\":2,\"name\":\"Escritores docentes de la UArtes, en FILQ 2021; libro \u201cTrabajadores de la cultura\u201d propicia un conversatorio\"}]},{\"@type\":\"WebSite\",\"@id\":\"https:\\\/\\\/www.uartes.edu.ec\\\/sitio\\\/en\\\/#website\",\"url\":\"https:\\\/\\\/www.uartes.edu.ec\\\/sitio\\\/en\\\/\",\"name\":\"Universidad de las Artes\",\"description\":\"Sitio oficial de la Universidad Nacional de las Artes del Ecuador\",\"publisher\":{\"@id\":\"https:\\\/\\\/www.uartes.edu.ec\\\/sitio\\\/en\\\/#organization\"},\"potentialAction\":[{\"@type\":\"SearchAction\",\"target\":{\"@type\":\"EntryPoint\",\"urlTemplate\":\"https:\\\/\\\/www.uartes.edu.ec\\\/sitio\\\/en\\\/?s={search_term_string}\"},\"query-input\":{\"@type\":\"PropertyValueSpecification\",\"valueRequired\":true,\"valueName\":\"search_term_string\"}}],\"inLanguage\":\"en-US\"},{\"@type\":\"Organization\",\"@id\":\"https:\\\/\\\/www.uartes.edu.ec\\\/sitio\\\/en\\\/#organization\",\"name\":\"Universidad de las Artes\",\"url\":\"https:\\\/\\\/www.uartes.edu.ec\\\/sitio\\\/en\\\/\",\"logo\":{\"@type\":\"ImageObject\",\"inLanguage\":\"en-US\",\"@id\":\"https:\\\/\\\/www.uartes.edu.ec\\\/sitio\\\/en\\\/#\\\/schema\\\/logo\\\/image\\\/\",\"url\":\"https:\\\/\\\/www.uartes.edu.ec\\\/sitio\\\/wp-content\\\/uploads\\\/2022\\\/07\\\/logo-ua-horizontal.png\",\"contentUrl\":\"https:\\\/\\\/www.uartes.edu.ec\\\/sitio\\\/wp-content\\\/uploads\\\/2022\\\/07\\\/logo-ua-horizontal.png\",\"width\":800,\"height\":276,\"caption\":\"Universidad de las Artes\"},\"image\":{\"@id\":\"https:\\\/\\\/www.uartes.edu.ec\\\/sitio\\\/en\\\/#\\\/schema\\\/logo\\\/image\\\/\"},\"sameAs\":[\"https:\\\/\\\/www.facebook.com\\\/uartesec\",\"https:\\\/\\\/x.com\\\/uartesec\",\"https:\\\/\\\/www.tiktok.com\\\/@uartesec\"]},{\"@type\":\"Person\",\"@id\":\"https:\\\/\\\/www.uartes.edu.ec\\\/sitio\\\/en\\\/#\\\/schema\\\/person\\\/efa1b8275797664fd7f13a79ccc0b1f4\",\"name\":\"ccortez\",\"image\":{\"@type\":\"ImageObject\",\"inLanguage\":\"en-US\",\"@id\":\"https:\\\/\\\/secure.gravatar.com\\\/avatar\\\/b2a6f664a3ae8e074346ef91775736c5ec479e637ecced6842de9dc98b5da9cd?s=96&d=mm&r=g\",\"url\":\"https:\\\/\\\/secure.gravatar.com\\\/avatar\\\/b2a6f664a3ae8e074346ef91775736c5ec479e637ecced6842de9dc98b5da9cd?s=96&d=mm&r=g\",\"contentUrl\":\"https:\\\/\\\/secure.gravatar.com\\\/avatar\\\/b2a6f664a3ae8e074346ef91775736c5ec479e637ecced6842de9dc98b5da9cd?s=96&d=mm&r=g\",\"caption\":\"ccortez\"},\"url\":\"https:\\\/\\\/www.uartes.edu.ec\\\/sitio\\\/en\\\/blog\\\/author\\\/ccortez\\\/\"}]}<\/script>\n<!-- \/ Yoast SEO plugin. -->","yoast_head_json":{"title":"Universidad de las Artes - Escritores docentes de la UArtes, en FILQ 2021; libro \u201cTrabajadores de la cultura\u201d propicia un conversatorio","description":"Universidad de las Artes - Escritores docentes de la UArtes, en FILQ 2021; libro \u201cTrabajadores de la cultura\u201d propicia un conversatorio","robots":{"index":"index","follow":"follow","max-snippet":"max-snippet:-1","max-image-preview":"max-image-preview:large","max-video-preview":"max-video-preview:-1"},"canonical":"https:\/\/www.uartes.edu.ec\/sitio\/en\/blog\/2021\/12\/14\/escritores-docentes-de-la-uartes-en-la-filq-2021libro-trabajadores-de-la-cultura-propicia-dialogo\/","og_locale":"en_US","og_type":"article","og_title":"Universidad de las Artes - Escritores docentes de la UArtes, en FILQ 2021; libro \u201cTrabajadores de la cultura\u201d propicia un conversatorio","og_description":"Universidad de las Artes - Escritores docentes de la UArtes, en FILQ 2021; libro \u201cTrabajadores de la cultura\u201d propicia un conversatorio","og_url":"https:\/\/www.uartes.edu.ec\/sitio\/en\/blog\/2021\/12\/14\/escritores-docentes-de-la-uartes-en-la-filq-2021libro-trabajadores-de-la-cultura-propicia-dialogo\/","og_site_name":"Universidad de las Artes","article_publisher":"https:\/\/www.facebook.com\/uartesec","article_published_time":"2021-12-14T18:32:00+00:00","article_modified_time":"2024-07-04T16:24:57+00:00","og_image":[{"width":2000,"height":1333,"url":"https:\/\/www.uartes.edu.ec\/sitio\/wp-content\/uploads\/2021\/12\/FIL-QUITO.jpg","type":"image\/jpeg"}],"author":"ccortez","twitter_card":"summary_large_image","twitter_creator":"@uartesec","twitter_site":"@uartesec","twitter_misc":{"Written by":"ccortez","Est. reading time":"3 minutes"},"schema":{"@context":"https:\/\/schema.org","@graph":[{"@type":"Article","@id":"https:\/\/www.uartes.edu.ec\/sitio\/en\/blog\/2021\/12\/14\/escritores-docentes-de-la-uartes-en-la-filq-2021libro-trabajadores-de-la-cultura-propicia-dialogo\/#article","isPartOf":{"@id":"https:\/\/www.uartes.edu.ec\/sitio\/en\/blog\/2021\/12\/14\/escritores-docentes-de-la-uartes-en-la-filq-2021libro-trabajadores-de-la-cultura-propicia-dialogo\/"},"author":{"name":"ccortez","@id":"https:\/\/www.uartes.edu.ec\/sitio\/en\/#\/schema\/person\/efa1b8275797664fd7f13a79ccc0b1f4"},"headline":"Escritores docentes de la UArtes, en FILQ 2021; libro \u201cTrabajadores de la cultura\u201d propicia un conversatorio","datePublished":"2021-12-14T18:32:00+00:00","dateModified":"2024-07-04T16:24:57+00:00","mainEntityOfPage":{"@id":"https:\/\/www.uartes.edu.ec\/sitio\/en\/blog\/2021\/12\/14\/escritores-docentes-de-la-uartes-en-la-filq-2021libro-trabajadores-de-la-cultura-propicia-dialogo\/"},"wordCount":620,"commentCount":0,"publisher":{"@id":"https:\/\/www.uartes.edu.ec\/sitio\/en\/#organization"},"image":{"@id":"https:\/\/www.uartes.edu.ec\/sitio\/en\/blog\/2021\/12\/14\/escritores-docentes-de-la-uartes-en-la-filq-2021libro-trabajadores-de-la-cultura-propicia-dialogo\/#primaryimage"},"thumbnailUrl":"https:\/\/www.uartes.edu.ec\/sitio\/wp-content\/uploads\/2021\/12\/FIL-QUITO.jpg","keywords":["fiesta intercultural"],"articleSection":["Docentes","Literatura"],"inLanguage":"en-US","potentialAction":[{"@type":"CommentAction","name":"Comment","target":["https:\/\/www.uartes.edu.ec\/sitio\/en\/blog\/2021\/12\/14\/escritores-docentes-de-la-uartes-en-la-filq-2021libro-trabajadores-de-la-cultura-propicia-dialogo\/#respond"]}]},{"@type":["WebPage","ItemPage"],"@id":"https:\/\/www.uartes.edu.ec\/sitio\/en\/blog\/2021\/12\/14\/escritores-docentes-de-la-uartes-en-la-filq-2021libro-trabajadores-de-la-cultura-propicia-dialogo\/","url":"https:\/\/www.uartes.edu.ec\/sitio\/en\/blog\/2021\/12\/14\/escritores-docentes-de-la-uartes-en-la-filq-2021libro-trabajadores-de-la-cultura-propicia-dialogo\/","name":"Universidad de las Artes - Escritores docentes de la UArtes, en FILQ 2021; libro \u201cTrabajadores de la cultura\u201d propicia un conversatorio","isPartOf":{"@id":"https:\/\/www.uartes.edu.ec\/sitio\/en\/#website"},"primaryImageOfPage":{"@id":"https:\/\/www.uartes.edu.ec\/sitio\/en\/blog\/2021\/12\/14\/escritores-docentes-de-la-uartes-en-la-filq-2021libro-trabajadores-de-la-cultura-propicia-dialogo\/#primaryimage"},"image":{"@id":"https:\/\/www.uartes.edu.ec\/sitio\/en\/blog\/2021\/12\/14\/escritores-docentes-de-la-uartes-en-la-filq-2021libro-trabajadores-de-la-cultura-propicia-dialogo\/#primaryimage"},"thumbnailUrl":"https:\/\/www.uartes.edu.ec\/sitio\/wp-content\/uploads\/2021\/12\/FIL-QUITO.jpg","datePublished":"2021-12-14T18:32:00+00:00","dateModified":"2024-07-04T16:24:57+00:00","description":"Universidad de las Artes - Escritores docentes de la UArtes, en FILQ 2021; libro \u201cTrabajadores de la cultura\u201d propicia un conversatorio","breadcrumb":{"@id":"https:\/\/www.uartes.edu.ec\/sitio\/en\/blog\/2021\/12\/14\/escritores-docentes-de-la-uartes-en-la-filq-2021libro-trabajadores-de-la-cultura-propicia-dialogo\/#breadcrumb"},"inLanguage":"en-US","potentialAction":[{"@type":"ReadAction","target":["https:\/\/www.uartes.edu.ec\/sitio\/en\/blog\/2021\/12\/14\/escritores-docentes-de-la-uartes-en-la-filq-2021libro-trabajadores-de-la-cultura-propicia-dialogo\/"]}]},{"@type":"ImageObject","inLanguage":"en-US","@id":"https:\/\/www.uartes.edu.ec\/sitio\/en\/blog\/2021\/12\/14\/escritores-docentes-de-la-uartes-en-la-filq-2021libro-trabajadores-de-la-cultura-propicia-dialogo\/#primaryimage","url":"https:\/\/www.uartes.edu.ec\/sitio\/wp-content\/uploads\/2021\/12\/FIL-QUITO.jpg","contentUrl":"https:\/\/www.uartes.edu.ec\/sitio\/wp-content\/uploads\/2021\/12\/FIL-QUITO.jpg","width":2000,"height":1333},{"@type":"BreadcrumbList","@id":"https:\/\/www.uartes.edu.ec\/sitio\/en\/blog\/2021\/12\/14\/escritores-docentes-de-la-uartes-en-la-filq-2021libro-trabajadores-de-la-cultura-propicia-dialogo\/#breadcrumb","itemListElement":[{"@type":"ListItem","position":1,"name":"Inicio","item":"https:\/\/www.uartes.edu.ec\/sitio\/"},{"@type":"ListItem","position":2,"name":"Escritores docentes de la UArtes, en FILQ 2021; libro \u201cTrabajadores de la cultura\u201d propicia un conversatorio"}]},{"@type":"WebSite","@id":"https:\/\/www.uartes.edu.ec\/sitio\/en\/#website","url":"https:\/\/www.uartes.edu.ec\/sitio\/en\/","name":"Universidad de las Artes","description":"Sitio oficial de la Universidad Nacional de las Artes del Ecuador","publisher":{"@id":"https:\/\/www.uartes.edu.ec\/sitio\/en\/#organization"},"potentialAction":[{"@type":"SearchAction","target":{"@type":"EntryPoint","urlTemplate":"https:\/\/www.uartes.edu.ec\/sitio\/en\/?s={search_term_string}"},"query-input":{"@type":"PropertyValueSpecification","valueRequired":true,"valueName":"search_term_string"}}],"inLanguage":"en-US"},{"@type":"Organization","@id":"https:\/\/www.uartes.edu.ec\/sitio\/en\/#organization","name":"Universidad de las Artes","url":"https:\/\/www.uartes.edu.ec\/sitio\/en\/","logo":{"@type":"ImageObject","inLanguage":"en-US","@id":"https:\/\/www.uartes.edu.ec\/sitio\/en\/#\/schema\/logo\/image\/","url":"https:\/\/www.uartes.edu.ec\/sitio\/wp-content\/uploads\/2022\/07\/logo-ua-horizontal.png","contentUrl":"https:\/\/www.uartes.edu.ec\/sitio\/wp-content\/uploads\/2022\/07\/logo-ua-horizontal.png","width":800,"height":276,"caption":"Universidad de las Artes"},"image":{"@id":"https:\/\/www.uartes.edu.ec\/sitio\/en\/#\/schema\/logo\/image\/"},"sameAs":["https:\/\/www.facebook.com\/uartesec","https:\/\/x.com\/uartesec","https:\/\/www.tiktok.com\/@uartesec"]},{"@type":"Person","@id":"https:\/\/www.uartes.edu.ec\/sitio\/en\/#\/schema\/person\/efa1b8275797664fd7f13a79ccc0b1f4","name":"ccortez","image":{"@type":"ImageObject","inLanguage":"en-US","@id":"https:\/\/secure.gravatar.com\/avatar\/b2a6f664a3ae8e074346ef91775736c5ec479e637ecced6842de9dc98b5da9cd?s=96&d=mm&r=g","url":"https:\/\/secure.gravatar.com\/avatar\/b2a6f664a3ae8e074346ef91775736c5ec479e637ecced6842de9dc98b5da9cd?s=96&d=mm&r=g","contentUrl":"https:\/\/secure.gravatar.com\/avatar\/b2a6f664a3ae8e074346ef91775736c5ec479e637ecced6842de9dc98b5da9cd?s=96&d=mm&r=g","caption":"ccortez"},"url":"https:\/\/www.uartes.edu.ec\/sitio\/en\/blog\/author\/ccortez\/"}]}},"uagb_featured_image_src":{"full":["https:\/\/www.uartes.edu.ec\/sitio\/wp-content\/uploads\/2021\/12\/FIL-QUITO.jpg",2000,1333,false],"thumbnail":["https:\/\/www.uartes.edu.ec\/sitio\/wp-content\/uploads\/2021\/12\/FIL-QUITO-150x150.jpg",150,150,true],"medium":["https:\/\/www.uartes.edu.ec\/sitio\/wp-content\/uploads\/2021\/12\/FIL-QUITO-300x200.jpg",300,200,true],"medium_large":["https:\/\/www.uartes.edu.ec\/sitio\/wp-content\/uploads\/2021\/12\/FIL-QUITO-768x512.jpg",768,512,true],"large":["https:\/\/www.uartes.edu.ec\/sitio\/wp-content\/uploads\/2021\/12\/FIL-QUITO-644x429.jpg",644,429,true],"1536x1536":["https:\/\/www.uartes.edu.ec\/sitio\/wp-content\/uploads\/2021\/12\/FIL-QUITO-1536x1024.jpg",1536,1024,true],"2048x2048":["https:\/\/www.uartes.edu.ec\/sitio\/wp-content\/uploads\/2021\/12\/FIL-QUITO.jpg",2000,1333,false],"trp-custom-language-flag":["https:\/\/www.uartes.edu.ec\/sitio\/wp-content\/uploads\/2021\/12\/FIL-QUITO.jpg",18,12,false],"htmega_size_585x295":["https:\/\/www.uartes.edu.ec\/sitio\/wp-content\/uploads\/2021\/12\/FIL-QUITO.jpg",443,295,false],"htmega_size_1170x536":["https:\/\/www.uartes.edu.ec\/sitio\/wp-content\/uploads\/2021\/12\/FIL-QUITO.jpg",804,536,false],"htmega_size_396x360":["https:\/\/www.uartes.edu.ec\/sitio\/wp-content\/uploads\/2021\/12\/FIL-QUITO.jpg",396,264,false],"gb-block-post-grid-landscape":["https:\/\/www.uartes.edu.ec\/sitio\/wp-content\/uploads\/2021\/12\/FIL-QUITO-600x400.jpg",600,400,true],"gb-block-post-grid-square":["https:\/\/www.uartes.edu.ec\/sitio\/wp-content\/uploads\/2021\/12\/FIL-QUITO-600x600.jpg",600,600,true],"university-hub-thumb":["https:\/\/www.uartes.edu.ec\/sitio\/wp-content\/uploads\/2021\/12\/FIL-QUITO-400x267.jpg",400,267,true],"mailpoet_newsletter_max":["https:\/\/www.uartes.edu.ec\/sitio\/wp-content\/uploads\/2021\/12\/FIL-QUITO.jpg",1320,880,false]},"uagb_author_info":{"display_name":"ccortez","author_link":"https:\/\/www.uartes.edu.ec\/sitio\/en\/blog\/author\/ccortez\/"},"uagb_comment_info":0,"uagb_excerpt":"Los escritores Solange Rodr\u00edguez, Siomara Espa\u00f1a, \u00c1ngela Arboleda, Mar\u00eda Fernanda L\u00f3pez, Eduardo Varas y Mar\u00eda Paulina Briones, docentes de la UArtes, participan en las jornadas de la Fiesta Intercultural del Libro de Quito 2021. Este viernes 17 se propiciar\u00e1, adem\u00e1s, un conversatorio a partir de la obra \"Trabajadores de la cultura\", editada por el ILIA;&hellip;","featured_image_src":"https:\/\/www.uartes.edu.ec\/sitio\/wp-content\/uploads\/2021\/12\/FIL-QUITO-600x400.jpg","featured_image_src_square":"https:\/\/www.uartes.edu.ec\/sitio\/wp-content\/uploads\/2021\/12\/FIL-QUITO-600x600.jpg","author_info":{"display_name":"ccortez","author_link":"https:\/\/www.uartes.edu.ec\/sitio\/en\/blog\/author\/ccortez\/"},"publishpress_future_workflow_manual_trigger":{"enabledWorkflows":[]},"distributor_meta":false,"distributor_terms":false,"distributor_media":false,"distributor_original_site_name":"Universidad de las Artes","distributor_original_site_url":"https:\/\/www.uartes.edu.ec\/sitio\/en","push-errors":false,"_links":{"self":[{"href":"https:\/\/www.uartes.edu.ec\/sitio\/en\/wp-json\/wp\/v2\/posts\/17640","targetHints":{"allow":["GET"]}}],"collection":[{"href":"https:\/\/www.uartes.edu.ec\/sitio\/en\/wp-json\/wp\/v2\/posts"}],"about":[{"href":"https:\/\/www.uartes.edu.ec\/sitio\/en\/wp-json\/wp\/v2\/types\/post"}],"author":[{"embeddable":true,"href":"https:\/\/www.uartes.edu.ec\/sitio\/en\/wp-json\/wp\/v2\/users\/10"}],"replies":[{"embeddable":true,"href":"https:\/\/www.uartes.edu.ec\/sitio\/en\/wp-json\/wp\/v2\/comments?post=17640"}],"version-history":[{"count":5,"href":"https:\/\/www.uartes.edu.ec\/sitio\/en\/wp-json\/wp\/v2\/posts\/17640\/revisions"}],"predecessor-version":[{"id":17784,"href":"https:\/\/www.uartes.edu.ec\/sitio\/en\/wp-json\/wp\/v2\/posts\/17640\/revisions\/17784"}],"wp:featuredmedia":[{"embeddable":true,"href":"https:\/\/www.uartes.edu.ec\/sitio\/en\/wp-json\/wp\/v2\/media\/17641"}],"wp:attachment":[{"href":"https:\/\/www.uartes.edu.ec\/sitio\/en\/wp-json\/wp\/v2\/media?parent=17640"}],"wp:term":[{"taxonomy":"category","embeddable":true,"href":"https:\/\/www.uartes.edu.ec\/sitio\/en\/wp-json\/wp\/v2\/categories?post=17640"},{"taxonomy":"post_tag","embeddable":true,"href":"https:\/\/www.uartes.edu.ec\/sitio\/en\/wp-json\/wp\/v2\/tags?post=17640"},{"taxonomy":"infouartes","embeddable":true,"href":"https:\/\/www.uartes.edu.ec\/sitio\/en\/wp-json\/wp\/v2\/infouartes?post=17640"}],"curies":[{"name":"wp","href":"https:\/\/api.w.org\/{rel}","templated":true}]}}