{"id":18022,"date":"2021-12-21T11:54:00","date_gmt":"2021-12-21T16:54:00","guid":{"rendered":"http:\/\/www.uartes.edu.ec\/sitio\/?p=18022"},"modified":"2024-07-04T11:24:53","modified_gmt":"2024-07-04T16:24:53","slug":"janina-suarez-uartes-y-johnny-molina-cdh-ganan-el-iv-premio-iberoamericano-de-educacion-en-ddhh","status":"publish","type":"post","link":"https:\/\/www.uartes.edu.ec\/sitio\/en\/blog\/2021\/12\/21\/janina-suarez-uartes-y-johnny-molina-cdh-ganan-el-iv-premio-iberoamericano-de-educacion-en-ddhh\/","title":{"rendered":"Janina Su\u00e1rez, docente de la UArtes, y Johnny Molina, representante del CDH, ganan premio iberoamericano"},"content":{"rendered":"<p>Por el proyecto \u00abCaja de herramientas para la educaci\u00f3n no formal de la red defensores y defensoras de los derechos humanos y de la naturaleza\u00bb, que dirige la docente Janina Su\u00e1rez Pinz\u00f3n y que est\u00e1 inscrito en la Direcci\u00f3n de V\u00ednculo con la Sociedad de la Universidad de las Artes, el Comit\u00e9 Permanente por la Defensa de los Derechos Humanos (Guayaquil) result\u00f3 \u00fanico ganador de la Categor\u00eda B del IV Premio Iberoamericano de Educaci\u00f3n en DDHH \u00d3scar Arnulfo Romero.<\/p>\n\n\n\n<p>Su\u00e1rez indica que en 2019 el CDH cre\u00f3 la Red Comunitaria de Defensores de DDHH y que, en octubre de ese a\u00f1o, involucr\u00f3 las pr\u00e1cticas preprofesionales de sus estudiantes UArtes con esa organizaci\u00f3n, a partir de la asignatura Laboratorio en Comunidad. &nbsp;<\/p>\n\n\n\n<p>En el proceso, agrega, cont\u00f3 con la colaboraci\u00f3n de Johnny Molina, t\u00e9cnico en estrategia comunitaria del CDH, y que la relaci\u00f3n de esta organizaci\u00f3n con la UArtes se fortaleci\u00f3 con la firma de un Convenio Marco de Cooperaci\u00f3n Interinstitucional realizada el 19 de junio de 2021, en la cooperativa Voluntad de Dios, ubicada al noroeste de Guayaquil, en el sector de Monte Sina\u00ed.<\/p>\n\n\n<div class=\"wp-block-image\">\n<figure class=\"aligncenter size-full\"><img fetchpriority=\"high\" decoding=\"async\" width=\"2000\" height=\"1334\" src=\"http:\/\/www.uartes.edu.ec\/sitio\/wp-content\/uploads\/2021\/12\/JANINA-4.jpg\" alt=\"\" class=\"wp-image-18024\" srcset=\"https:\/\/www.uartes.edu.ec\/sitio\/wp-content\/uploads\/2021\/12\/JANINA-4.jpg 2000w, https:\/\/www.uartes.edu.ec\/sitio\/wp-content\/uploads\/2021\/12\/JANINA-4-644x429.jpg 644w, https:\/\/www.uartes.edu.ec\/sitio\/wp-content\/uploads\/2021\/12\/JANINA-4-768x512.jpg 768w, https:\/\/www.uartes.edu.ec\/sitio\/wp-content\/uploads\/2021\/12\/JANINA-4-600x400.jpg 600w, https:\/\/www.uartes.edu.ec\/sitio\/wp-content\/uploads\/2021\/12\/JANINA-4-272x182.jpg 272w\" sizes=\"(max-width: 2000px) 100vw, 2000px\" \/><\/figure>\n<\/div>\n\n\n<p>\u00abCaja de herramientas para la educaci\u00f3n no formal de la red defensores y defensoras de los derechos humanos y de la naturaleza\u00bb, se\u00f1ala Su\u00e1rez, es un proyecto de V\u00ednculo con la Sociedad que dise\u00f1a y produce mancomunadamente con l\u00edderes y lideresas de barrios populares talleres transdisciplinares en temas de inclusi\u00f3n, permitiendo una transferencia y construcci\u00f3n de saberes, as\u00ed como la promoci\u00f3n y prevenci\u00f3n de derechos. En su realizaci\u00f3n cuenta con la participaci\u00f3n activa del estudiantado de la UArtes y con la presencia de t\u00e9cnicos en estrategia comunitaria y de promotores educativos, quienes est\u00e1n supervisando el trabajo en los puntos de apoyo.<\/p>\n\n\n\n<p>En cuanto al IV Premio Iberoamericano de Educaci\u00f3n en DDHH \u00d3scar Arnulfo Romero, la docente UArtes, quien es adem\u00e1s gestora cultural e investigadora independiente, comenta que su prop\u00f3sito es fomentar la toma de conciencia respecto a la educaci\u00f3n en valores en derechos humanos.<\/p>\n\n\n\n<p>El premio tiene dos categor\u00edas. La A, dirigida a los centros escolares (educaci\u00f3n formal) y la B, para ONGs y organizaciones de la sociedad civil, raz\u00f3n por la cual, explica Su\u00e1rez, se tom\u00f3 la decisi\u00f3n de postular a nombre del CDH. La convocatoria para participar se lanz\u00f3 en marzo de 2021 y el proceso de entrega y presentaci\u00f3n de propuestas cerr\u00f3 el 31 de octubre; pasaron a evaluaci\u00f3n un total de ocho proyectos, cuatro por cada apartado.<\/p>\n\n\n\n<p>Mediante comunicaci\u00f3n emitida desde la oficina en Ecuador de la Organizaci\u00f3n de Estados Iberoamericanos (OEI) y las instituciones organizadoras del premio a Su\u00e1rez y Molina, se indica que una vez cumplido con el proceso de calificaci\u00f3n de los proyectos participantes el jurado le otorg\u00f3 al CDH Guayaquil el reconocimiento en la categor\u00eda B, por \u00abCaja de herramientas para la educaci\u00f3n no formal de la red defensores y defensoras de los derechos humanos y de la naturaleza\u00bb. Integraron el jurado, representantes del Ministerio de Educaci\u00f3n (Minedu), de la Editorial SM y de la OEI.<\/p>\n\n\n<div class=\"wp-block-image\">\n<figure class=\"aligncenter size-full\"><img decoding=\"async\" width=\"2000\" height=\"1334\" src=\"http:\/\/www.uartes.edu.ec\/sitio\/wp-content\/uploads\/2021\/12\/JANINA-2.jpg\" alt=\"\" class=\"wp-image-18032\" srcset=\"https:\/\/www.uartes.edu.ec\/sitio\/wp-content\/uploads\/2021\/12\/JANINA-2.jpg 2000w, https:\/\/www.uartes.edu.ec\/sitio\/wp-content\/uploads\/2021\/12\/JANINA-2-644x429.jpg 644w, https:\/\/www.uartes.edu.ec\/sitio\/wp-content\/uploads\/2021\/12\/JANINA-2-768x512.jpg 768w, https:\/\/www.uartes.edu.ec\/sitio\/wp-content\/uploads\/2021\/12\/JANINA-2-600x400.jpg 600w, https:\/\/www.uartes.edu.ec\/sitio\/wp-content\/uploads\/2021\/12\/JANINA-2-272x182.jpg 272w\" sizes=\"(max-width: 2000px) 100vw, 2000px\" \/><\/figure>\n<\/div>\n\n\n<p>Por el primer lugar obtenido, Janina Su\u00e1rez y Johnny Molina representar\u00e1n al Ecuador en la fase internacional del premio y participar\u00e1n en el seminario internacional de Educaci\u00f3n en Derechos Humanos.<\/p>\n\n\n\n<p>La premiaci\u00f3n se realiz\u00f3 de manera virtual hoy, martes 21 de diciembre de 2021. Cont\u00f3 con las intervenciones de Sara Jaramillo, directora de la oficina en Ecuador de la OEI, y un representante del Mineduc, quien se refiri\u00f3 a la importancia de la educaci\u00f3n en Derechos Humanos para el sistema educativo ecuatoriano. Hubo, adem\u00e1s, un di\u00e1logo entre los ganadores de las categor\u00edas A y B y un representante de la Fundaci\u00f3n SM, con tem\u00e1ticas en las que se destac\u00f3 la importancia de la educaci\u00f3n de los DDHH.<\/p>","protected":false},"excerpt":{"rendered":"<p>Por el proyecto \u00abCaja de herramientas para la educaci\u00f3n no formal de la red defensores y defensoras de los derechos humanos y de la naturaleza\u00bb, que dirige la docente Janina Su\u00e1rez y est\u00e1 inscrito en Vinculaci\u00f3n con la Sociedad de la UArtes, el CDH Guayaquil gan\u00f3 el IV Premio Iberoamericano de Educaci\u00f3n en DDHH \u00d3scar Arnulfo Romero.<\/p>","protected":false},"author":10,"featured_media":18023,"comment_status":"open","ping_status":"open","sticky":false,"template":"","format":"standard","meta":{"_acf_changed":false,"_uag_custom_page_level_css":"","_monsterinsights_skip_tracking":false,"_monsterinsights_sitenote_active":false,"_monsterinsights_sitenote_note":"","_monsterinsights_sitenote_category":0,"cybocfi_hide_featured_image":"","footnotes":""},"categories":[75,284,79],"tags":[601],"infouartes":[],"class_list":["post-18022","post","type-post","status-publish","format-standard","has-post-thumbnail","hentry","category-docentes","category-investigacion","category-vinculo","tag-premiacion"],"acf":[],"yoast_head":"<!-- This site is optimized with the Yoast SEO plugin v27.4 - https:\/\/yoast.com\/product\/yoast-seo-wordpress\/ -->\n<title>Universidad de las Artes - Janina Su\u00e1rez, docente de la UArtes, y Johnny Molina, representante del CDH, ganan premio iberoamericano<\/title>\n<meta name=\"description\" content=\"Universidad de las Artes - Janina Su\u00e1rez, docente de la UArtes, y Johnny Molina, representante del CDH, ganan premio iberoamericano\" \/>\n<meta name=\"robots\" content=\"index, follow, max-snippet:-1, max-image-preview:large, max-video-preview:-1\" \/>\n<link rel=\"canonical\" href=\"https:\/\/www.uartes.edu.ec\/sitio\/en\/blog\/2021\/12\/21\/janina-suarez-uartes-y-johnny-molina-cdh-ganan-el-iv-premio-iberoamericano-de-educacion-en-ddhh\/\" \/>\n<meta property=\"og:locale\" content=\"en_US\" \/>\n<meta property=\"og:type\" content=\"article\" \/>\n<meta property=\"og:title\" content=\"Universidad de las Artes - Janina Su\u00e1rez, docente de la UArtes, y Johnny Molina, representante del CDH, ganan premio iberoamericano\" \/>\n<meta property=\"og:description\" content=\"Universidad de las Artes - Janina Su\u00e1rez, docente de la UArtes, y Johnny Molina, representante del CDH, ganan premio iberoamericano\" \/>\n<meta property=\"og:url\" content=\"https:\/\/www.uartes.edu.ec\/sitio\/en\/blog\/2021\/12\/21\/janina-suarez-uartes-y-johnny-molina-cdh-ganan-el-iv-premio-iberoamericano-de-educacion-en-ddhh\/\" \/>\n<meta property=\"og:site_name\" content=\"Universidad de las Artes\" \/>\n<meta property=\"article:publisher\" content=\"https:\/\/www.facebook.com\/uartesec\" \/>\n<meta property=\"article:published_time\" content=\"2021-12-21T16:54:00+00:00\" \/>\n<meta property=\"article:modified_time\" content=\"2024-07-04T16:24:53+00:00\" \/>\n<meta property=\"og:image\" content=\"https:\/\/www.uartes.edu.ec\/sitio\/wp-content\/uploads\/2021\/12\/JANINA-DOCENTE-GANADORA.jpg\" \/>\n\t<meta property=\"og:image:width\" content=\"2000\" \/>\n\t<meta property=\"og:image:height\" content=\"1334\" \/>\n\t<meta property=\"og:image:type\" content=\"image\/jpeg\" \/>\n<meta name=\"author\" content=\"ccortez\" \/>\n<meta name=\"twitter:card\" content=\"summary_large_image\" \/>\n<meta name=\"twitter:creator\" content=\"@uartesec\" \/>\n<meta name=\"twitter:site\" content=\"@uartesec\" \/>\n<meta name=\"twitter:label1\" content=\"Written by\" \/>\n\t<meta name=\"twitter:data1\" content=\"ccortez\" \/>\n\t<meta name=\"twitter:label2\" content=\"Est. reading time\" \/>\n\t<meta name=\"twitter:data2\" content=\"4 minutes\" \/>\n<script type=\"application\/ld+json\" class=\"yoast-schema-graph\">{\"@context\":\"https:\\\/\\\/schema.org\",\"@graph\":[{\"@type\":\"Article\",\"@id\":\"https:\\\/\\\/www.uartes.edu.ec\\\/sitio\\\/en\\\/blog\\\/2021\\\/12\\\/21\\\/janina-suarez-uartes-y-johnny-molina-cdh-ganan-el-iv-premio-iberoamericano-de-educacion-en-ddhh\\\/#article\",\"isPartOf\":{\"@id\":\"https:\\\/\\\/www.uartes.edu.ec\\\/sitio\\\/en\\\/blog\\\/2021\\\/12\\\/21\\\/janina-suarez-uartes-y-johnny-molina-cdh-ganan-el-iv-premio-iberoamericano-de-educacion-en-ddhh\\\/\"},\"author\":{\"name\":\"ccortez\",\"@id\":\"https:\\\/\\\/www.uartes.edu.ec\\\/sitio\\\/en\\\/#\\\/schema\\\/person\\\/efa1b8275797664fd7f13a79ccc0b1f4\"},\"headline\":\"Janina Su\u00e1rez, docente de la UArtes, y Johnny Molina, representante del CDH, ganan premio iberoamericano\",\"datePublished\":\"2021-12-21T16:54:00+00:00\",\"dateModified\":\"2024-07-04T16:24:53+00:00\",\"mainEntityOfPage\":{\"@id\":\"https:\\\/\\\/www.uartes.edu.ec\\\/sitio\\\/en\\\/blog\\\/2021\\\/12\\\/21\\\/janina-suarez-uartes-y-johnny-molina-cdh-ganan-el-iv-premio-iberoamericano-de-educacion-en-ddhh\\\/\"},\"wordCount\":684,\"commentCount\":0,\"publisher\":{\"@id\":\"https:\\\/\\\/www.uartes.edu.ec\\\/sitio\\\/en\\\/#organization\"},\"image\":{\"@id\":\"https:\\\/\\\/www.uartes.edu.ec\\\/sitio\\\/en\\\/blog\\\/2021\\\/12\\\/21\\\/janina-suarez-uartes-y-johnny-molina-cdh-ganan-el-iv-premio-iberoamericano-de-educacion-en-ddhh\\\/#primaryimage\"},\"thumbnailUrl\":\"https:\\\/\\\/www.uartes.edu.ec\\\/sitio\\\/wp-content\\\/uploads\\\/2021\\\/12\\\/JANINA-DOCENTE-GANADORA.jpg\",\"keywords\":[\"premiaci\u00f3n\"],\"articleSection\":[\"Docentes\",\"Investigaci\u00f3n\",\"V\u00ednculo\"],\"inLanguage\":\"en-US\",\"potentialAction\":[{\"@type\":\"CommentAction\",\"name\":\"Comment\",\"target\":[\"https:\\\/\\\/www.uartes.edu.ec\\\/sitio\\\/en\\\/blog\\\/2021\\\/12\\\/21\\\/janina-suarez-uartes-y-johnny-molina-cdh-ganan-el-iv-premio-iberoamericano-de-educacion-en-ddhh\\\/#respond\"]}]},{\"@type\":[\"WebPage\",\"ItemPage\"],\"@id\":\"https:\\\/\\\/www.uartes.edu.ec\\\/sitio\\\/en\\\/blog\\\/2021\\\/12\\\/21\\\/janina-suarez-uartes-y-johnny-molina-cdh-ganan-el-iv-premio-iberoamericano-de-educacion-en-ddhh\\\/\",\"url\":\"https:\\\/\\\/www.uartes.edu.ec\\\/sitio\\\/en\\\/blog\\\/2021\\\/12\\\/21\\\/janina-suarez-uartes-y-johnny-molina-cdh-ganan-el-iv-premio-iberoamericano-de-educacion-en-ddhh\\\/\",\"name\":\"Universidad de las Artes - Janina Su\u00e1rez, docente de la UArtes, y Johnny Molina, representante del CDH, ganan premio iberoamericano\",\"isPartOf\":{\"@id\":\"https:\\\/\\\/www.uartes.edu.ec\\\/sitio\\\/en\\\/#website\"},\"primaryImageOfPage\":{\"@id\":\"https:\\\/\\\/www.uartes.edu.ec\\\/sitio\\\/en\\\/blog\\\/2021\\\/12\\\/21\\\/janina-suarez-uartes-y-johnny-molina-cdh-ganan-el-iv-premio-iberoamericano-de-educacion-en-ddhh\\\/#primaryimage\"},\"image\":{\"@id\":\"https:\\\/\\\/www.uartes.edu.ec\\\/sitio\\\/en\\\/blog\\\/2021\\\/12\\\/21\\\/janina-suarez-uartes-y-johnny-molina-cdh-ganan-el-iv-premio-iberoamericano-de-educacion-en-ddhh\\\/#primaryimage\"},\"thumbnailUrl\":\"https:\\\/\\\/www.uartes.edu.ec\\\/sitio\\\/wp-content\\\/uploads\\\/2021\\\/12\\\/JANINA-DOCENTE-GANADORA.jpg\",\"datePublished\":\"2021-12-21T16:54:00+00:00\",\"dateModified\":\"2024-07-04T16:24:53+00:00\",\"description\":\"Universidad de las Artes - Janina Su\u00e1rez, docente de la UArtes, y Johnny Molina, representante del CDH, ganan premio iberoamericano\",\"breadcrumb\":{\"@id\":\"https:\\\/\\\/www.uartes.edu.ec\\\/sitio\\\/en\\\/blog\\\/2021\\\/12\\\/21\\\/janina-suarez-uartes-y-johnny-molina-cdh-ganan-el-iv-premio-iberoamericano-de-educacion-en-ddhh\\\/#breadcrumb\"},\"inLanguage\":\"en-US\",\"potentialAction\":[{\"@type\":\"ReadAction\",\"target\":[\"https:\\\/\\\/www.uartes.edu.ec\\\/sitio\\\/en\\\/blog\\\/2021\\\/12\\\/21\\\/janina-suarez-uartes-y-johnny-molina-cdh-ganan-el-iv-premio-iberoamericano-de-educacion-en-ddhh\\\/\"]}]},{\"@type\":\"ImageObject\",\"inLanguage\":\"en-US\",\"@id\":\"https:\\\/\\\/www.uartes.edu.ec\\\/sitio\\\/en\\\/blog\\\/2021\\\/12\\\/21\\\/janina-suarez-uartes-y-johnny-molina-cdh-ganan-el-iv-premio-iberoamericano-de-educacion-en-ddhh\\\/#primaryimage\",\"url\":\"https:\\\/\\\/www.uartes.edu.ec\\\/sitio\\\/wp-content\\\/uploads\\\/2021\\\/12\\\/JANINA-DOCENTE-GANADORA.jpg\",\"contentUrl\":\"https:\\\/\\\/www.uartes.edu.ec\\\/sitio\\\/wp-content\\\/uploads\\\/2021\\\/12\\\/JANINA-DOCENTE-GANADORA.jpg\",\"width\":2000,\"height\":1334},{\"@type\":\"BreadcrumbList\",\"@id\":\"https:\\\/\\\/www.uartes.edu.ec\\\/sitio\\\/en\\\/blog\\\/2021\\\/12\\\/21\\\/janina-suarez-uartes-y-johnny-molina-cdh-ganan-el-iv-premio-iberoamericano-de-educacion-en-ddhh\\\/#breadcrumb\",\"itemListElement\":[{\"@type\":\"ListItem\",\"position\":1,\"name\":\"Inicio\",\"item\":\"https:\\\/\\\/www.uartes.edu.ec\\\/sitio\\\/\"},{\"@type\":\"ListItem\",\"position\":2,\"name\":\"Janina Su\u00e1rez, docente de la UArtes, y Johnny Molina, representante del CDH, ganan premio iberoamericano\"}]},{\"@type\":\"WebSite\",\"@id\":\"https:\\\/\\\/www.uartes.edu.ec\\\/sitio\\\/en\\\/#website\",\"url\":\"https:\\\/\\\/www.uartes.edu.ec\\\/sitio\\\/en\\\/\",\"name\":\"Universidad de las Artes\",\"description\":\"Sitio oficial de la Universidad Nacional de las Artes del Ecuador\",\"publisher\":{\"@id\":\"https:\\\/\\\/www.uartes.edu.ec\\\/sitio\\\/en\\\/#organization\"},\"potentialAction\":[{\"@type\":\"SearchAction\",\"target\":{\"@type\":\"EntryPoint\",\"urlTemplate\":\"https:\\\/\\\/www.uartes.edu.ec\\\/sitio\\\/en\\\/?s={search_term_string}\"},\"query-input\":{\"@type\":\"PropertyValueSpecification\",\"valueRequired\":true,\"valueName\":\"search_term_string\"}}],\"inLanguage\":\"en-US\"},{\"@type\":\"Organization\",\"@id\":\"https:\\\/\\\/www.uartes.edu.ec\\\/sitio\\\/en\\\/#organization\",\"name\":\"Universidad de las Artes\",\"url\":\"https:\\\/\\\/www.uartes.edu.ec\\\/sitio\\\/en\\\/\",\"logo\":{\"@type\":\"ImageObject\",\"inLanguage\":\"en-US\",\"@id\":\"https:\\\/\\\/www.uartes.edu.ec\\\/sitio\\\/en\\\/#\\\/schema\\\/logo\\\/image\\\/\",\"url\":\"https:\\\/\\\/www.uartes.edu.ec\\\/sitio\\\/wp-content\\\/uploads\\\/2022\\\/07\\\/logo-ua-horizontal.png\",\"contentUrl\":\"https:\\\/\\\/www.uartes.edu.ec\\\/sitio\\\/wp-content\\\/uploads\\\/2022\\\/07\\\/logo-ua-horizontal.png\",\"width\":800,\"height\":276,\"caption\":\"Universidad de las Artes\"},\"image\":{\"@id\":\"https:\\\/\\\/www.uartes.edu.ec\\\/sitio\\\/en\\\/#\\\/schema\\\/logo\\\/image\\\/\"},\"sameAs\":[\"https:\\\/\\\/www.facebook.com\\\/uartesec\",\"https:\\\/\\\/x.com\\\/uartesec\",\"https:\\\/\\\/www.tiktok.com\\\/@uartesec\"]},{\"@type\":\"Person\",\"@id\":\"https:\\\/\\\/www.uartes.edu.ec\\\/sitio\\\/en\\\/#\\\/schema\\\/person\\\/efa1b8275797664fd7f13a79ccc0b1f4\",\"name\":\"ccortez\",\"image\":{\"@type\":\"ImageObject\",\"inLanguage\":\"en-US\",\"@id\":\"https:\\\/\\\/secure.gravatar.com\\\/avatar\\\/b2a6f664a3ae8e074346ef91775736c5ec479e637ecced6842de9dc98b5da9cd?s=96&d=mm&r=g\",\"url\":\"https:\\\/\\\/secure.gravatar.com\\\/avatar\\\/b2a6f664a3ae8e074346ef91775736c5ec479e637ecced6842de9dc98b5da9cd?s=96&d=mm&r=g\",\"contentUrl\":\"https:\\\/\\\/secure.gravatar.com\\\/avatar\\\/b2a6f664a3ae8e074346ef91775736c5ec479e637ecced6842de9dc98b5da9cd?s=96&d=mm&r=g\",\"caption\":\"ccortez\"},\"url\":\"https:\\\/\\\/www.uartes.edu.ec\\\/sitio\\\/en\\\/blog\\\/author\\\/ccortez\\\/\"}]}<\/script>\n<!-- \/ Yoast SEO plugin. -->","yoast_head_json":{"title":"Universidad de las Artes - Janina Su\u00e1rez, docente de la UArtes, y Johnny Molina, representante del CDH, ganan premio iberoamericano","description":"Universidad de las Artes - Janina Su\u00e1rez, docente de la UArtes, y Johnny Molina, representante del CDH, ganan premio iberoamericano","robots":{"index":"index","follow":"follow","max-snippet":"max-snippet:-1","max-image-preview":"max-image-preview:large","max-video-preview":"max-video-preview:-1"},"canonical":"https:\/\/www.uartes.edu.ec\/sitio\/en\/blog\/2021\/12\/21\/janina-suarez-uartes-y-johnny-molina-cdh-ganan-el-iv-premio-iberoamericano-de-educacion-en-ddhh\/","og_locale":"en_US","og_type":"article","og_title":"Universidad de las Artes - Janina Su\u00e1rez, docente de la UArtes, y Johnny Molina, representante del CDH, ganan premio iberoamericano","og_description":"Universidad de las Artes - Janina Su\u00e1rez, docente de la UArtes, y Johnny Molina, representante del CDH, ganan premio iberoamericano","og_url":"https:\/\/www.uartes.edu.ec\/sitio\/en\/blog\/2021\/12\/21\/janina-suarez-uartes-y-johnny-molina-cdh-ganan-el-iv-premio-iberoamericano-de-educacion-en-ddhh\/","og_site_name":"Universidad de las Artes","article_publisher":"https:\/\/www.facebook.com\/uartesec","article_published_time":"2021-12-21T16:54:00+00:00","article_modified_time":"2024-07-04T16:24:53+00:00","og_image":[{"width":2000,"height":1334,"url":"https:\/\/www.uartes.edu.ec\/sitio\/wp-content\/uploads\/2021\/12\/JANINA-DOCENTE-GANADORA.jpg","type":"image\/jpeg"}],"author":"ccortez","twitter_card":"summary_large_image","twitter_creator":"@uartesec","twitter_site":"@uartesec","twitter_misc":{"Written by":"ccortez","Est. reading time":"4 minutes"},"schema":{"@context":"https:\/\/schema.org","@graph":[{"@type":"Article","@id":"https:\/\/www.uartes.edu.ec\/sitio\/en\/blog\/2021\/12\/21\/janina-suarez-uartes-y-johnny-molina-cdh-ganan-el-iv-premio-iberoamericano-de-educacion-en-ddhh\/#article","isPartOf":{"@id":"https:\/\/www.uartes.edu.ec\/sitio\/en\/blog\/2021\/12\/21\/janina-suarez-uartes-y-johnny-molina-cdh-ganan-el-iv-premio-iberoamericano-de-educacion-en-ddhh\/"},"author":{"name":"ccortez","@id":"https:\/\/www.uartes.edu.ec\/sitio\/en\/#\/schema\/person\/efa1b8275797664fd7f13a79ccc0b1f4"},"headline":"Janina Su\u00e1rez, docente de la UArtes, y Johnny Molina, representante del CDH, ganan premio iberoamericano","datePublished":"2021-12-21T16:54:00+00:00","dateModified":"2024-07-04T16:24:53+00:00","mainEntityOfPage":{"@id":"https:\/\/www.uartes.edu.ec\/sitio\/en\/blog\/2021\/12\/21\/janina-suarez-uartes-y-johnny-molina-cdh-ganan-el-iv-premio-iberoamericano-de-educacion-en-ddhh\/"},"wordCount":684,"commentCount":0,"publisher":{"@id":"https:\/\/www.uartes.edu.ec\/sitio\/en\/#organization"},"image":{"@id":"https:\/\/www.uartes.edu.ec\/sitio\/en\/blog\/2021\/12\/21\/janina-suarez-uartes-y-johnny-molina-cdh-ganan-el-iv-premio-iberoamericano-de-educacion-en-ddhh\/#primaryimage"},"thumbnailUrl":"https:\/\/www.uartes.edu.ec\/sitio\/wp-content\/uploads\/2021\/12\/JANINA-DOCENTE-GANADORA.jpg","keywords":["premiaci\u00f3n"],"articleSection":["Docentes","Investigaci\u00f3n","V\u00ednculo"],"inLanguage":"en-US","potentialAction":[{"@type":"CommentAction","name":"Comment","target":["https:\/\/www.uartes.edu.ec\/sitio\/en\/blog\/2021\/12\/21\/janina-suarez-uartes-y-johnny-molina-cdh-ganan-el-iv-premio-iberoamericano-de-educacion-en-ddhh\/#respond"]}]},{"@type":["WebPage","ItemPage"],"@id":"https:\/\/www.uartes.edu.ec\/sitio\/en\/blog\/2021\/12\/21\/janina-suarez-uartes-y-johnny-molina-cdh-ganan-el-iv-premio-iberoamericano-de-educacion-en-ddhh\/","url":"https:\/\/www.uartes.edu.ec\/sitio\/en\/blog\/2021\/12\/21\/janina-suarez-uartes-y-johnny-molina-cdh-ganan-el-iv-premio-iberoamericano-de-educacion-en-ddhh\/","name":"Universidad de las Artes - Janina Su\u00e1rez, docente de la UArtes, y Johnny Molina, representante del CDH, ganan premio iberoamericano","isPartOf":{"@id":"https:\/\/www.uartes.edu.ec\/sitio\/en\/#website"},"primaryImageOfPage":{"@id":"https:\/\/www.uartes.edu.ec\/sitio\/en\/blog\/2021\/12\/21\/janina-suarez-uartes-y-johnny-molina-cdh-ganan-el-iv-premio-iberoamericano-de-educacion-en-ddhh\/#primaryimage"},"image":{"@id":"https:\/\/www.uartes.edu.ec\/sitio\/en\/blog\/2021\/12\/21\/janina-suarez-uartes-y-johnny-molina-cdh-ganan-el-iv-premio-iberoamericano-de-educacion-en-ddhh\/#primaryimage"},"thumbnailUrl":"https:\/\/www.uartes.edu.ec\/sitio\/wp-content\/uploads\/2021\/12\/JANINA-DOCENTE-GANADORA.jpg","datePublished":"2021-12-21T16:54:00+00:00","dateModified":"2024-07-04T16:24:53+00:00","description":"Universidad de las Artes - Janina Su\u00e1rez, docente de la UArtes, y Johnny Molina, representante del CDH, ganan premio iberoamericano","breadcrumb":{"@id":"https:\/\/www.uartes.edu.ec\/sitio\/en\/blog\/2021\/12\/21\/janina-suarez-uartes-y-johnny-molina-cdh-ganan-el-iv-premio-iberoamericano-de-educacion-en-ddhh\/#breadcrumb"},"inLanguage":"en-US","potentialAction":[{"@type":"ReadAction","target":["https:\/\/www.uartes.edu.ec\/sitio\/en\/blog\/2021\/12\/21\/janina-suarez-uartes-y-johnny-molina-cdh-ganan-el-iv-premio-iberoamericano-de-educacion-en-ddhh\/"]}]},{"@type":"ImageObject","inLanguage":"en-US","@id":"https:\/\/www.uartes.edu.ec\/sitio\/en\/blog\/2021\/12\/21\/janina-suarez-uartes-y-johnny-molina-cdh-ganan-el-iv-premio-iberoamericano-de-educacion-en-ddhh\/#primaryimage","url":"https:\/\/www.uartes.edu.ec\/sitio\/wp-content\/uploads\/2021\/12\/JANINA-DOCENTE-GANADORA.jpg","contentUrl":"https:\/\/www.uartes.edu.ec\/sitio\/wp-content\/uploads\/2021\/12\/JANINA-DOCENTE-GANADORA.jpg","width":2000,"height":1334},{"@type":"BreadcrumbList","@id":"https:\/\/www.uartes.edu.ec\/sitio\/en\/blog\/2021\/12\/21\/janina-suarez-uartes-y-johnny-molina-cdh-ganan-el-iv-premio-iberoamericano-de-educacion-en-ddhh\/#breadcrumb","itemListElement":[{"@type":"ListItem","position":1,"name":"Inicio","item":"https:\/\/www.uartes.edu.ec\/sitio\/"},{"@type":"ListItem","position":2,"name":"Janina Su\u00e1rez, docente de la UArtes, y Johnny Molina, representante del CDH, ganan premio iberoamericano"}]},{"@type":"WebSite","@id":"https:\/\/www.uartes.edu.ec\/sitio\/en\/#website","url":"https:\/\/www.uartes.edu.ec\/sitio\/en\/","name":"Universidad de las Artes","description":"Sitio oficial de la Universidad Nacional de las Artes del Ecuador","publisher":{"@id":"https:\/\/www.uartes.edu.ec\/sitio\/en\/#organization"},"potentialAction":[{"@type":"SearchAction","target":{"@type":"EntryPoint","urlTemplate":"https:\/\/www.uartes.edu.ec\/sitio\/en\/?s={search_term_string}"},"query-input":{"@type":"PropertyValueSpecification","valueRequired":true,"valueName":"search_term_string"}}],"inLanguage":"en-US"},{"@type":"Organization","@id":"https:\/\/www.uartes.edu.ec\/sitio\/en\/#organization","name":"Universidad de las Artes","url":"https:\/\/www.uartes.edu.ec\/sitio\/en\/","logo":{"@type":"ImageObject","inLanguage":"en-US","@id":"https:\/\/www.uartes.edu.ec\/sitio\/en\/#\/schema\/logo\/image\/","url":"https:\/\/www.uartes.edu.ec\/sitio\/wp-content\/uploads\/2022\/07\/logo-ua-horizontal.png","contentUrl":"https:\/\/www.uartes.edu.ec\/sitio\/wp-content\/uploads\/2022\/07\/logo-ua-horizontal.png","width":800,"height":276,"caption":"Universidad de las Artes"},"image":{"@id":"https:\/\/www.uartes.edu.ec\/sitio\/en\/#\/schema\/logo\/image\/"},"sameAs":["https:\/\/www.facebook.com\/uartesec","https:\/\/x.com\/uartesec","https:\/\/www.tiktok.com\/@uartesec"]},{"@type":"Person","@id":"https:\/\/www.uartes.edu.ec\/sitio\/en\/#\/schema\/person\/efa1b8275797664fd7f13a79ccc0b1f4","name":"ccortez","image":{"@type":"ImageObject","inLanguage":"en-US","@id":"https:\/\/secure.gravatar.com\/avatar\/b2a6f664a3ae8e074346ef91775736c5ec479e637ecced6842de9dc98b5da9cd?s=96&d=mm&r=g","url":"https:\/\/secure.gravatar.com\/avatar\/b2a6f664a3ae8e074346ef91775736c5ec479e637ecced6842de9dc98b5da9cd?s=96&d=mm&r=g","contentUrl":"https:\/\/secure.gravatar.com\/avatar\/b2a6f664a3ae8e074346ef91775736c5ec479e637ecced6842de9dc98b5da9cd?s=96&d=mm&r=g","caption":"ccortez"},"url":"https:\/\/www.uartes.edu.ec\/sitio\/en\/blog\/author\/ccortez\/"}]}},"uagb_featured_image_src":{"full":["https:\/\/www.uartes.edu.ec\/sitio\/wp-content\/uploads\/2021\/12\/JANINA-DOCENTE-GANADORA.jpg",2000,1334,false],"thumbnail":["https:\/\/www.uartes.edu.ec\/sitio\/wp-content\/uploads\/2021\/12\/JANINA-DOCENTE-GANADORA-150x150.jpg",150,150,true],"medium":["https:\/\/www.uartes.edu.ec\/sitio\/wp-content\/uploads\/2021\/12\/JANINA-DOCENTE-GANADORA-300x200.jpg",300,200,true],"medium_large":["https:\/\/www.uartes.edu.ec\/sitio\/wp-content\/uploads\/2021\/12\/JANINA-DOCENTE-GANADORA-768x512.jpg",768,512,true],"large":["https:\/\/www.uartes.edu.ec\/sitio\/wp-content\/uploads\/2021\/12\/JANINA-DOCENTE-GANADORA-644x430.jpg",644,430,true],"1536x1536":["https:\/\/www.uartes.edu.ec\/sitio\/wp-content\/uploads\/2021\/12\/JANINA-DOCENTE-GANADORA-1536x1025.jpg",1536,1025,true],"2048x2048":["https:\/\/www.uartes.edu.ec\/sitio\/wp-content\/uploads\/2021\/12\/JANINA-DOCENTE-GANADORA.jpg",2000,1334,false],"trp-custom-language-flag":["https:\/\/www.uartes.edu.ec\/sitio\/wp-content\/uploads\/2021\/12\/JANINA-DOCENTE-GANADORA.jpg",18,12,false],"htmega_size_585x295":["https:\/\/www.uartes.edu.ec\/sitio\/wp-content\/uploads\/2021\/12\/JANINA-DOCENTE-GANADORA.jpg",442,295,false],"htmega_size_1170x536":["https:\/\/www.uartes.edu.ec\/sitio\/wp-content\/uploads\/2021\/12\/JANINA-DOCENTE-GANADORA.jpg",804,536,false],"htmega_size_396x360":["https:\/\/www.uartes.edu.ec\/sitio\/wp-content\/uploads\/2021\/12\/JANINA-DOCENTE-GANADORA.jpg",396,264,false],"gb-block-post-grid-landscape":["https:\/\/www.uartes.edu.ec\/sitio\/wp-content\/uploads\/2021\/12\/JANINA-DOCENTE-GANADORA-600x400.jpg",600,400,true],"gb-block-post-grid-square":["https:\/\/www.uartes.edu.ec\/sitio\/wp-content\/uploads\/2021\/12\/JANINA-DOCENTE-GANADORA-600x600.jpg",600,600,true],"university-hub-thumb":["https:\/\/www.uartes.edu.ec\/sitio\/wp-content\/uploads\/2021\/12\/JANINA-DOCENTE-GANADORA-400x267.jpg",400,267,true]},"uagb_author_info":{"display_name":"ccortez","author_link":"https:\/\/www.uartes.edu.ec\/sitio\/en\/blog\/author\/ccortez\/"},"uagb_comment_info":0,"uagb_excerpt":"Por el proyecto \"Caja de herramientas para la educaci\u00f3n no formal de la red defensores y defensoras de los derechos humanos y de la naturaleza\", que dirige la docente Janina Su\u00e1rez y est\u00e1 inscrito en Vinculaci\u00f3n con la Sociedad de la UArtes, el CDH Guayaquil gan\u00f3 el IV Premio Iberoamericano de Educaci\u00f3n en DDHH \u00d3scar&hellip;","featured_image_src":"https:\/\/www.uartes.edu.ec\/sitio\/wp-content\/uploads\/2021\/12\/JANINA-DOCENTE-GANADORA-600x400.jpg","featured_image_src_square":"https:\/\/www.uartes.edu.ec\/sitio\/wp-content\/uploads\/2021\/12\/JANINA-DOCENTE-GANADORA-600x600.jpg","author_info":{"display_name":"ccortez","author_link":"https:\/\/www.uartes.edu.ec\/sitio\/en\/blog\/author\/ccortez\/"},"publishpress_future_workflow_manual_trigger":{"enabledWorkflows":[]},"distributor_meta":false,"distributor_terms":false,"distributor_media":false,"distributor_original_site_name":"Universidad de las Artes","distributor_original_site_url":"https:\/\/www.uartes.edu.ec\/sitio\/en","push-errors":false,"_links":{"self":[{"href":"https:\/\/www.uartes.edu.ec\/sitio\/en\/wp-json\/wp\/v2\/posts\/18022","targetHints":{"allow":["GET"]}}],"collection":[{"href":"https:\/\/www.uartes.edu.ec\/sitio\/en\/wp-json\/wp\/v2\/posts"}],"about":[{"href":"https:\/\/www.uartes.edu.ec\/sitio\/en\/wp-json\/wp\/v2\/types\/post"}],"author":[{"embeddable":true,"href":"https:\/\/www.uartes.edu.ec\/sitio\/en\/wp-json\/wp\/v2\/users\/10"}],"replies":[{"embeddable":true,"href":"https:\/\/www.uartes.edu.ec\/sitio\/en\/wp-json\/wp\/v2\/comments?post=18022"}],"version-history":[{"count":8,"href":"https:\/\/www.uartes.edu.ec\/sitio\/en\/wp-json\/wp\/v2\/posts\/18022\/revisions"}],"predecessor-version":[{"id":35488,"href":"https:\/\/www.uartes.edu.ec\/sitio\/en\/wp-json\/wp\/v2\/posts\/18022\/revisions\/35488"}],"wp:featuredmedia":[{"embeddable":true,"href":"https:\/\/www.uartes.edu.ec\/sitio\/en\/wp-json\/wp\/v2\/media\/18023"}],"wp:attachment":[{"href":"https:\/\/www.uartes.edu.ec\/sitio\/en\/wp-json\/wp\/v2\/media?parent=18022"}],"wp:term":[{"taxonomy":"category","embeddable":true,"href":"https:\/\/www.uartes.edu.ec\/sitio\/en\/wp-json\/wp\/v2\/categories?post=18022"},{"taxonomy":"post_tag","embeddable":true,"href":"https:\/\/www.uartes.edu.ec\/sitio\/en\/wp-json\/wp\/v2\/tags?post=18022"},{"taxonomy":"infouartes","embeddable":true,"href":"https:\/\/www.uartes.edu.ec\/sitio\/en\/wp-json\/wp\/v2\/infouartes?post=18022"}],"curies":[{"name":"wp","href":"https:\/\/api.w.org\/{rel}","templated":true}]}}