{"id":18150,"date":"2021-12-21T16:00:00","date_gmt":"2021-12-21T21:00:00","guid":{"rendered":"http:\/\/www.uartes.edu.ec\/sitio\/?p=18150"},"modified":"2024-07-04T11:24:52","modified_gmt":"2024-07-04T16:24:52","slug":"comunidad-uartes-recibio-en-el-mz14-taller-del-ifcisobre-segunda-convocatoria-a-fondos-concursables","status":"publish","type":"post","link":"https:\/\/www.uartes.edu.ec\/sitio\/en\/blog\/2021\/12\/21\/comunidad-uartes-recibio-en-el-mz14-taller-del-ifcisobre-segunda-convocatoria-a-fondos-concursables\/","title":{"rendered":"La comunidad UArtes recibi\u00f3 en el MZ14 taller del IFCI sobre la segunda convocatoria a fondos concursables"},"content":{"rendered":"<p>Alentando a los presentes a participar con sus proyectos en los fondos concursables del Instituto de Fomento a la Creatividad y la Innovaci\u00f3n (IFCI) y a revisar atentamente las bases que se encuentran en el sitio web de la entidad, as\u00ed concluyeron Andr\u00e9s Zerega y Andr\u00e9s Sierra, funcionarios del IFCI, el taller que sobre la segunda convocatoria a las l\u00edneas de fomento se realiz\u00f3 la ma\u00f1ana de este lunes 20 de diciembre de 2021 en MZ14.<\/p>\n\n\n\n<p>Que son 16 las l\u00edneas de fomento, se mencion\u00f3 y se\u00f1al\u00f3 que se destinar\u00e1n m\u00e1s de dos millones de d\u00f3lares para la reactivaci\u00f3n el sector art\u00edstico y cultural.<\/p>\n\n\n\n<p>Zerega, quien es coordinador T\u00e9cnico Zonal 2 del IFCI, mostr\u00f3 en im\u00e1genes el sitio web &nbsp;convocatoriascreatividad.gob.ec, en el cual se encuentra toda la informaci\u00f3n acerca de las l\u00edneas de fomento que son de inter\u00e9s para la comunidad universitaria de la UArtes: Transversal, Artes Literarias, Artes Audiovisuales, Artes Musicales, Artes Visuales y Artes Vivas, mismas que el funcionario fue detallando, al tiempo de responder inquietudes de los presentes.<\/p>\n\n\n\n<p>En las l\u00edneas de fomento Transversales, por ejemplo, indic\u00f3 se encuentran la de Movilidad y la de Cultura Viva Comunitaria Pueblos y Nacionalidades Ind\u00edgenas, Pueblo Afroecuatoriano y Pueblo Montubio.<\/p>\n\n\n\n<p>La primera busca fomentar el posicionamiento del cine y el audiovisual; artes visuales, artes pl\u00e1sticas y artesan\u00edas; artes esc\u00e9nicas y artes vivas ecuatorianas, as\u00ed como la vinculaci\u00f3n de sus profesionales en las industrias respectivas; la etapa de postulaci\u00f3n se inici\u00f3 el&nbsp;30 de noviembre pasado y finalizar\u00e1 hasta disponibilidad de recursos.<\/p>\n\n\n\n<p>La segunda se plante\u00f3 sustentada en la Ley Org\u00e1nica de Cultura, que en el Art\u00edculo 4 determina que se debe promover la cultura viva comunitaria, \u201cconcebida como las expresiones art\u00edsticas y culturales que surgen de las comunas, comunidades, pueblos y nacionalidades, a partir de su cotidianidad; es una experiencia que reconoce y potencia las identidades colectivas, el di\u00e1logo, la cooperaci\u00f3n, la constituci\u00f3n de redes y la construcci\u00f3n comunitaria a trav\u00e9s de la expresi\u00f3n de la cultura popular\u201d.<\/p>\n\n\n\n<div class=\"wp-block-image\"><figure class=\"aligncenter size-full\"><img fetchpriority=\"high\" decoding=\"async\" width=\"2000\" height=\"1333\" src=\"http:\/\/www.uartes.edu.ec\/sitio\/wp-content\/uploads\/2021\/12\/TALLER-IFCI-02.jpg\" alt=\"\" class=\"wp-image-18157\" srcset=\"https:\/\/www.uartes.edu.ec\/sitio\/wp-content\/uploads\/2021\/12\/TALLER-IFCI-02.jpg 2000w, https:\/\/www.uartes.edu.ec\/sitio\/wp-content\/uploads\/2021\/12\/TALLER-IFCI-02-644x429.jpg 644w, https:\/\/www.uartes.edu.ec\/sitio\/wp-content\/uploads\/2021\/12\/TALLER-IFCI-02-768x511.jpg 768w, https:\/\/www.uartes.edu.ec\/sitio\/wp-content\/uploads\/2021\/12\/TALLER-IFCI-02-600x399.jpg 600w, https:\/\/www.uartes.edu.ec\/sitio\/wp-content\/uploads\/2021\/12\/TALLER-IFCI-02-272x182.jpg 272w\" sizes=\"(max-width: 2000px) 100vw, 2000px\" \/><\/figure><\/div>\n\n\n\n<p>De las l\u00edneas de fomento de Artes Literarias, se indicaron los Procesos de Creaci\u00f3n y Producci\u00f3n, y los Procesos de Formaci\u00f3n de Autores en Escritura, Manejo Editorial y Repositorio.<\/p>\n\n\n\n<p>En las de Artes Audiovisuales, constan Coproducci\u00f3n Minoritaria; Producci\u00f3n de Cortometraje de Animaci\u00f3n; Desarrollo de Biblia: Largometraje de Animaci\u00f3n o Serie Animada; Postproducci\u00f3n de Largometraje: Ficci\u00f3n, Documental o Animaci\u00f3n; y, Producci\u00f3n de Largometraje de Ficci\u00f3n para Pueblos y Nacionalidades.<\/p>\n\n\n\n<p>En Artes Musicales, su segunda convocatoria para la creaci\u00f3n y producci\u00f3n de proyectos musicales: EP+Videoclip<a href=\"https:\/\/convocatoriascreatividad.gob.ec\/artesmusicales\/linea-de-fomento-produccion-2da-convocatoria-ep-musica-popular-academica-videoclip\/#_ftn2\"><\/a>, se da en respuesta a los resultados de un primer llamado para el que se postularon 129 propuestas a nivel nacional \u2013y se registraron 760 participantes en talleres-; son antecedentes que evidencian el inter\u00e9s del sector en este tipo de propuestas de fomento.<\/p>\n\n\n\n<p>En la l\u00ednea de fomento de las Artes Esc\u00e9nicas y Artes Vivas, se encuentran Producci\u00f3n y Montaje de Obras de Artes Esc\u00e9nicas y Artes Vivas; Procesos de Creaci\u00f3n en Artes Esc\u00e9nicas y Artes Vivas; Procesos de Formaci\u00f3n en Artes Esc\u00e9nicas y Artes Vivas; y, Red de Espacios Esc\u00e9nicos.<\/p>\n\n\n\n<p>En la l\u00ednea de fomento de las Artes Pl\u00e1sticas, Artes Visuales y Artesan\u00eda figuran los Procesos de Formaci\u00f3n en cada una de ellas y la Cocreaci\u00f3n: Dise\u00f1o y Artesan\u00eda.<\/p>\n\n\n\n<p>Hubo inquietudes muchas, sobre todo en lo que respecta a Movilidad, se\u00f1alada en las l\u00edneas de fomento Transversales. El aporte de esta es para cubrir gastos de pasajes, vi\u00e1ticos, subsistencias y\/o valores de inscripci\u00f3n para apoyar la presencia del cine, el audiovisual, las artes vivas y esc\u00e9nicas, y las artes visuales y artesan\u00edas ecuatorianas en mercados para la b\u00fasqueda de financiamiento, espacios de formaci\u00f3n no formal, espacios competitivos internacionales, festivales, muestras, exposiciones, etc.<\/p>\n\n\n\n<p>Sierra, como director de fomento cinematogr\u00e1fico y audiovisual (e), explic\u00f3 que esta l\u00ednea de fomento busca ampliar las posibilidades de circulaci\u00f3n de contenidos, distribuci\u00f3n y exhibici\u00f3n de obras ecuatorianas terminadas, as\u00ed como la participaci\u00f3n de nuestros profesionales en espacios de desarrollo de proyectos y de formaci\u00f3n no formal.<\/p>\n\n\n\n<p>En el sitio web del IFCI se indica, no obstante, que esta convocatoria no considera la participaci\u00f3n para actividades de curadur\u00eda para festivales o muestras. La postulaci\u00f3n se mantendr\u00e1 hasta la disponibilidad de recursos, lo cual la diferencia de las otras, aunque su principio de ser un concurso p\u00fablico no cambia. \u201cNo es un proyecto versus otro, como ocurre con las otras l\u00edneas de fomento, pero debe reunir los requisitos que est\u00e1n en la base y a quien los cumpla se le asigna el dinero y as\u00ed sucesivamente hasta que se acabe el monto\u201d.<\/p>\n\n\n\n<p>Para las otras l\u00edneas de fomento existe, obviamente, una cantidad determinada de recursos y todos compiten simult\u00e1neamente y se les reparte los premios una sola vez entre todos. \u201cEn ambos casos hay un proceso de evaluaci\u00f3n y un concurso\u201d, precis\u00f3 Andr\u00e9s Sierra.<\/p>\n\n\n\n<p>Zerega respondi\u00f3 preguntas en torno a las l\u00edneas de fomento de artes audiovisuales, pero, asimismo, reiter\u00f3 en que las bases deben revisarse detenidamente y manifest\u00f3 la disponibilidad del IFCI para atender casos individuales.<\/p>\n\n\n\n<p>Cabe anotar que, excepto Movilidad, todas las l\u00edneas de fomento tienen a enero de 2022 como fecha final para la etapa de postulaci\u00f3n.<\/p>\n\n\n\n<p>En este link se puede revisar la informaci\u00f3n completa del proceso y del l\u00edmite para postular en esta segunda convocatoria: <a href=\"https:\/\/convocatoriascreatividad.gob.ec\/\">https:\/\/convocatoriascreatividad.gob.ec\/<\/a><\/p>","protected":false},"excerpt":{"rendered":"<p>Alentando a los presentas a participar en los fondos concursables del Instituto de Fomento a la Creatividad y la Innovaci\u00f3n (IFCI) y a revisar las bases que est\u00e1n en el sitio web de la entidad, as\u00ed concluyeron Andr\u00e9s Zerega y Andr\u00e9s Sierra el taller que sobre la segunda convocatoria a las l\u00edneas de fomento se realiz\u00f3 este 20 de diciembre de 2021 en el MZ14. <\/p>","protected":false},"author":10,"featured_media":18154,"comment_status":"open","ping_status":"open","sticky":false,"template":"","format":"standard","meta":{"_acf_changed":false,"_uag_custom_page_level_css":"","_monsterinsights_skip_tracking":false,"_monsterinsights_sitenote_active":false,"_monsterinsights_sitenote_note":"","_monsterinsights_sitenote_category":0,"cybocfi_hide_featured_image":"","footnotes":""},"categories":[438,75,76,77],"tags":[522],"infouartes":[],"class_list":["post-18150","post","type-post","status-publish","format-standard","has-post-thumbnail","hentry","category-administrativos","category-docentes","category-estudiantes","category-gestion","tag-taller"],"acf":[],"yoast_head":"<!-- This site is optimized with the Yoast SEO plugin v27.4 - https:\/\/yoast.com\/product\/yoast-seo-wordpress\/ -->\n<title>Universidad de las Artes - La comunidad UArtes recibi\u00f3 en el MZ14 taller del IFCI sobre la segunda convocatoria a fondos concursables<\/title>\n<meta name=\"description\" content=\"Universidad de las Artes - La comunidad UArtes recibi\u00f3 en el MZ14 taller del IFCI sobre la segunda convocatoria a fondos concursables\" \/>\n<meta name=\"robots\" content=\"index, follow, max-snippet:-1, max-image-preview:large, max-video-preview:-1\" \/>\n<link rel=\"canonical\" href=\"https:\/\/www.uartes.edu.ec\/sitio\/en\/blog\/2021\/12\/21\/comunidad-uartes-recibio-en-el-mz14-taller-del-ifcisobre-segunda-convocatoria-a-fondos-concursables\/\" \/>\n<meta property=\"og:locale\" content=\"en_US\" \/>\n<meta property=\"og:type\" content=\"article\" \/>\n<meta property=\"og:title\" content=\"Universidad de las Artes - La comunidad UArtes recibi\u00f3 en el MZ14 taller del IFCI sobre la segunda convocatoria a fondos concursables\" \/>\n<meta property=\"og:description\" content=\"Universidad de las Artes - La comunidad UArtes recibi\u00f3 en el MZ14 taller del IFCI sobre la segunda convocatoria a fondos concursables\" \/>\n<meta property=\"og:url\" content=\"https:\/\/www.uartes.edu.ec\/sitio\/en\/blog\/2021\/12\/21\/comunidad-uartes-recibio-en-el-mz14-taller-del-ifcisobre-segunda-convocatoria-a-fondos-concursables\/\" \/>\n<meta property=\"og:site_name\" content=\"Universidad de las Artes\" \/>\n<meta property=\"article:publisher\" content=\"https:\/\/www.facebook.com\/uartesec\" \/>\n<meta property=\"article:published_time\" content=\"2021-12-21T21:00:00+00:00\" \/>\n<meta property=\"article:modified_time\" content=\"2024-07-04T16:24:52+00:00\" \/>\n<meta property=\"og:image\" content=\"https:\/\/www.uartes.edu.ec\/sitio\/wp-content\/uploads\/2021\/12\/TALLER-IFCI-01.jpg\" \/>\n\t<meta property=\"og:image:width\" content=\"2000\" \/>\n\t<meta property=\"og:image:height\" content=\"1333\" \/>\n\t<meta property=\"og:image:type\" content=\"image\/jpeg\" \/>\n<meta name=\"author\" content=\"ccortez\" \/>\n<meta name=\"twitter:card\" content=\"summary_large_image\" \/>\n<meta name=\"twitter:creator\" content=\"@uartesec\" \/>\n<meta name=\"twitter:site\" content=\"@uartesec\" \/>\n<meta name=\"twitter:label1\" content=\"Written by\" \/>\n\t<meta name=\"twitter:data1\" content=\"ccortez\" \/>\n\t<meta name=\"twitter:label2\" content=\"Est. reading time\" \/>\n\t<meta name=\"twitter:data2\" content=\"5 minutes\" \/>\n<script type=\"application\/ld+json\" class=\"yoast-schema-graph\">{\"@context\":\"https:\\\/\\\/schema.org\",\"@graph\":[{\"@type\":\"Article\",\"@id\":\"https:\\\/\\\/www.uartes.edu.ec\\\/sitio\\\/en\\\/blog\\\/2021\\\/12\\\/21\\\/comunidad-uartes-recibio-en-el-mz14-taller-del-ifcisobre-segunda-convocatoria-a-fondos-concursables\\\/#article\",\"isPartOf\":{\"@id\":\"https:\\\/\\\/www.uartes.edu.ec\\\/sitio\\\/en\\\/blog\\\/2021\\\/12\\\/21\\\/comunidad-uartes-recibio-en-el-mz14-taller-del-ifcisobre-segunda-convocatoria-a-fondos-concursables\\\/\"},\"author\":{\"name\":\"ccortez\",\"@id\":\"https:\\\/\\\/www.uartes.edu.ec\\\/sitio\\\/en\\\/#\\\/schema\\\/person\\\/efa1b8275797664fd7f13a79ccc0b1f4\"},\"headline\":\"La comunidad UArtes recibi\u00f3 en el MZ14 taller del IFCI sobre la segunda convocatoria a fondos concursables\",\"datePublished\":\"2021-12-21T21:00:00+00:00\",\"dateModified\":\"2024-07-04T16:24:52+00:00\",\"mainEntityOfPage\":{\"@id\":\"https:\\\/\\\/www.uartes.edu.ec\\\/sitio\\\/en\\\/blog\\\/2021\\\/12\\\/21\\\/comunidad-uartes-recibio-en-el-mz14-taller-del-ifcisobre-segunda-convocatoria-a-fondos-concursables\\\/\"},\"wordCount\":977,\"commentCount\":0,\"publisher\":{\"@id\":\"https:\\\/\\\/www.uartes.edu.ec\\\/sitio\\\/en\\\/#organization\"},\"image\":{\"@id\":\"https:\\\/\\\/www.uartes.edu.ec\\\/sitio\\\/en\\\/blog\\\/2021\\\/12\\\/21\\\/comunidad-uartes-recibio-en-el-mz14-taller-del-ifcisobre-segunda-convocatoria-a-fondos-concursables\\\/#primaryimage\"},\"thumbnailUrl\":\"https:\\\/\\\/www.uartes.edu.ec\\\/sitio\\\/wp-content\\\/uploads\\\/2021\\\/12\\\/TALLER-IFCI-01.jpg\",\"keywords\":[\"taller\"],\"articleSection\":[\"Administrativos\",\"Docentes\",\"Estudiantes\",\"Gesti\u00f3n\"],\"inLanguage\":\"en-US\",\"potentialAction\":[{\"@type\":\"CommentAction\",\"name\":\"Comment\",\"target\":[\"https:\\\/\\\/www.uartes.edu.ec\\\/sitio\\\/en\\\/blog\\\/2021\\\/12\\\/21\\\/comunidad-uartes-recibio-en-el-mz14-taller-del-ifcisobre-segunda-convocatoria-a-fondos-concursables\\\/#respond\"]}]},{\"@type\":[\"WebPage\",\"ItemPage\"],\"@id\":\"https:\\\/\\\/www.uartes.edu.ec\\\/sitio\\\/en\\\/blog\\\/2021\\\/12\\\/21\\\/comunidad-uartes-recibio-en-el-mz14-taller-del-ifcisobre-segunda-convocatoria-a-fondos-concursables\\\/\",\"url\":\"https:\\\/\\\/www.uartes.edu.ec\\\/sitio\\\/en\\\/blog\\\/2021\\\/12\\\/21\\\/comunidad-uartes-recibio-en-el-mz14-taller-del-ifcisobre-segunda-convocatoria-a-fondos-concursables\\\/\",\"name\":\"Universidad de las Artes - La comunidad UArtes recibi\u00f3 en el MZ14 taller del IFCI sobre la segunda convocatoria a fondos concursables\",\"isPartOf\":{\"@id\":\"https:\\\/\\\/www.uartes.edu.ec\\\/sitio\\\/en\\\/#website\"},\"primaryImageOfPage\":{\"@id\":\"https:\\\/\\\/www.uartes.edu.ec\\\/sitio\\\/en\\\/blog\\\/2021\\\/12\\\/21\\\/comunidad-uartes-recibio-en-el-mz14-taller-del-ifcisobre-segunda-convocatoria-a-fondos-concursables\\\/#primaryimage\"},\"image\":{\"@id\":\"https:\\\/\\\/www.uartes.edu.ec\\\/sitio\\\/en\\\/blog\\\/2021\\\/12\\\/21\\\/comunidad-uartes-recibio-en-el-mz14-taller-del-ifcisobre-segunda-convocatoria-a-fondos-concursables\\\/#primaryimage\"},\"thumbnailUrl\":\"https:\\\/\\\/www.uartes.edu.ec\\\/sitio\\\/wp-content\\\/uploads\\\/2021\\\/12\\\/TALLER-IFCI-01.jpg\",\"datePublished\":\"2021-12-21T21:00:00+00:00\",\"dateModified\":\"2024-07-04T16:24:52+00:00\",\"description\":\"Universidad de las Artes - La comunidad UArtes recibi\u00f3 en el MZ14 taller del IFCI sobre la segunda convocatoria a fondos concursables\",\"breadcrumb\":{\"@id\":\"https:\\\/\\\/www.uartes.edu.ec\\\/sitio\\\/en\\\/blog\\\/2021\\\/12\\\/21\\\/comunidad-uartes-recibio-en-el-mz14-taller-del-ifcisobre-segunda-convocatoria-a-fondos-concursables\\\/#breadcrumb\"},\"inLanguage\":\"en-US\",\"potentialAction\":[{\"@type\":\"ReadAction\",\"target\":[\"https:\\\/\\\/www.uartes.edu.ec\\\/sitio\\\/en\\\/blog\\\/2021\\\/12\\\/21\\\/comunidad-uartes-recibio-en-el-mz14-taller-del-ifcisobre-segunda-convocatoria-a-fondos-concursables\\\/\"]}]},{\"@type\":\"ImageObject\",\"inLanguage\":\"en-US\",\"@id\":\"https:\\\/\\\/www.uartes.edu.ec\\\/sitio\\\/en\\\/blog\\\/2021\\\/12\\\/21\\\/comunidad-uartes-recibio-en-el-mz14-taller-del-ifcisobre-segunda-convocatoria-a-fondos-concursables\\\/#primaryimage\",\"url\":\"https:\\\/\\\/www.uartes.edu.ec\\\/sitio\\\/wp-content\\\/uploads\\\/2021\\\/12\\\/TALLER-IFCI-01.jpg\",\"contentUrl\":\"https:\\\/\\\/www.uartes.edu.ec\\\/sitio\\\/wp-content\\\/uploads\\\/2021\\\/12\\\/TALLER-IFCI-01.jpg\",\"width\":2000,\"height\":1333},{\"@type\":\"BreadcrumbList\",\"@id\":\"https:\\\/\\\/www.uartes.edu.ec\\\/sitio\\\/en\\\/blog\\\/2021\\\/12\\\/21\\\/comunidad-uartes-recibio-en-el-mz14-taller-del-ifcisobre-segunda-convocatoria-a-fondos-concursables\\\/#breadcrumb\",\"itemListElement\":[{\"@type\":\"ListItem\",\"position\":1,\"name\":\"Inicio\",\"item\":\"https:\\\/\\\/www.uartes.edu.ec\\\/sitio\\\/\"},{\"@type\":\"ListItem\",\"position\":2,\"name\":\"La comunidad UArtes recibi\u00f3 en el MZ14 taller del IFCI sobre la segunda convocatoria a fondos concursables\"}]},{\"@type\":\"WebSite\",\"@id\":\"https:\\\/\\\/www.uartes.edu.ec\\\/sitio\\\/en\\\/#website\",\"url\":\"https:\\\/\\\/www.uartes.edu.ec\\\/sitio\\\/en\\\/\",\"name\":\"Universidad de las Artes\",\"description\":\"Sitio oficial de la Universidad Nacional de las Artes del Ecuador\",\"publisher\":{\"@id\":\"https:\\\/\\\/www.uartes.edu.ec\\\/sitio\\\/en\\\/#organization\"},\"potentialAction\":[{\"@type\":\"SearchAction\",\"target\":{\"@type\":\"EntryPoint\",\"urlTemplate\":\"https:\\\/\\\/www.uartes.edu.ec\\\/sitio\\\/en\\\/?s={search_term_string}\"},\"query-input\":{\"@type\":\"PropertyValueSpecification\",\"valueRequired\":true,\"valueName\":\"search_term_string\"}}],\"inLanguage\":\"en-US\"},{\"@type\":\"Organization\",\"@id\":\"https:\\\/\\\/www.uartes.edu.ec\\\/sitio\\\/en\\\/#organization\",\"name\":\"Universidad de las Artes\",\"url\":\"https:\\\/\\\/www.uartes.edu.ec\\\/sitio\\\/en\\\/\",\"logo\":{\"@type\":\"ImageObject\",\"inLanguage\":\"en-US\",\"@id\":\"https:\\\/\\\/www.uartes.edu.ec\\\/sitio\\\/en\\\/#\\\/schema\\\/logo\\\/image\\\/\",\"url\":\"https:\\\/\\\/www.uartes.edu.ec\\\/sitio\\\/wp-content\\\/uploads\\\/2022\\\/07\\\/logo-ua-horizontal.png\",\"contentUrl\":\"https:\\\/\\\/www.uartes.edu.ec\\\/sitio\\\/wp-content\\\/uploads\\\/2022\\\/07\\\/logo-ua-horizontal.png\",\"width\":800,\"height\":276,\"caption\":\"Universidad de las Artes\"},\"image\":{\"@id\":\"https:\\\/\\\/www.uartes.edu.ec\\\/sitio\\\/en\\\/#\\\/schema\\\/logo\\\/image\\\/\"},\"sameAs\":[\"https:\\\/\\\/www.facebook.com\\\/uartesec\",\"https:\\\/\\\/x.com\\\/uartesec\",\"https:\\\/\\\/www.tiktok.com\\\/@uartesec\"]},{\"@type\":\"Person\",\"@id\":\"https:\\\/\\\/www.uartes.edu.ec\\\/sitio\\\/en\\\/#\\\/schema\\\/person\\\/efa1b8275797664fd7f13a79ccc0b1f4\",\"name\":\"ccortez\",\"image\":{\"@type\":\"ImageObject\",\"inLanguage\":\"en-US\",\"@id\":\"https:\\\/\\\/secure.gravatar.com\\\/avatar\\\/b2a6f664a3ae8e074346ef91775736c5ec479e637ecced6842de9dc98b5da9cd?s=96&d=mm&r=g\",\"url\":\"https:\\\/\\\/secure.gravatar.com\\\/avatar\\\/b2a6f664a3ae8e074346ef91775736c5ec479e637ecced6842de9dc98b5da9cd?s=96&d=mm&r=g\",\"contentUrl\":\"https:\\\/\\\/secure.gravatar.com\\\/avatar\\\/b2a6f664a3ae8e074346ef91775736c5ec479e637ecced6842de9dc98b5da9cd?s=96&d=mm&r=g\",\"caption\":\"ccortez\"},\"url\":\"https:\\\/\\\/www.uartes.edu.ec\\\/sitio\\\/en\\\/blog\\\/author\\\/ccortez\\\/\"}]}<\/script>\n<!-- \/ Yoast SEO plugin. -->","yoast_head_json":{"title":"Universidad de las Artes - La comunidad UArtes recibi\u00f3 en el MZ14 taller del IFCI sobre la segunda convocatoria a fondos concursables","description":"Universidad de las Artes - La comunidad UArtes recibi\u00f3 en el MZ14 taller del IFCI sobre la segunda convocatoria a fondos concursables","robots":{"index":"index","follow":"follow","max-snippet":"max-snippet:-1","max-image-preview":"max-image-preview:large","max-video-preview":"max-video-preview:-1"},"canonical":"https:\/\/www.uartes.edu.ec\/sitio\/en\/blog\/2021\/12\/21\/comunidad-uartes-recibio-en-el-mz14-taller-del-ifcisobre-segunda-convocatoria-a-fondos-concursables\/","og_locale":"en_US","og_type":"article","og_title":"Universidad de las Artes - La comunidad UArtes recibi\u00f3 en el MZ14 taller del IFCI sobre la segunda convocatoria a fondos concursables","og_description":"Universidad de las Artes - La comunidad UArtes recibi\u00f3 en el MZ14 taller del IFCI sobre la segunda convocatoria a fondos concursables","og_url":"https:\/\/www.uartes.edu.ec\/sitio\/en\/blog\/2021\/12\/21\/comunidad-uartes-recibio-en-el-mz14-taller-del-ifcisobre-segunda-convocatoria-a-fondos-concursables\/","og_site_name":"Universidad de las Artes","article_publisher":"https:\/\/www.facebook.com\/uartesec","article_published_time":"2021-12-21T21:00:00+00:00","article_modified_time":"2024-07-04T16:24:52+00:00","og_image":[{"width":2000,"height":1333,"url":"https:\/\/www.uartes.edu.ec\/sitio\/wp-content\/uploads\/2021\/12\/TALLER-IFCI-01.jpg","type":"image\/jpeg"}],"author":"ccortez","twitter_card":"summary_large_image","twitter_creator":"@uartesec","twitter_site":"@uartesec","twitter_misc":{"Written by":"ccortez","Est. reading time":"5 minutes"},"schema":{"@context":"https:\/\/schema.org","@graph":[{"@type":"Article","@id":"https:\/\/www.uartes.edu.ec\/sitio\/en\/blog\/2021\/12\/21\/comunidad-uartes-recibio-en-el-mz14-taller-del-ifcisobre-segunda-convocatoria-a-fondos-concursables\/#article","isPartOf":{"@id":"https:\/\/www.uartes.edu.ec\/sitio\/en\/blog\/2021\/12\/21\/comunidad-uartes-recibio-en-el-mz14-taller-del-ifcisobre-segunda-convocatoria-a-fondos-concursables\/"},"author":{"name":"ccortez","@id":"https:\/\/www.uartes.edu.ec\/sitio\/en\/#\/schema\/person\/efa1b8275797664fd7f13a79ccc0b1f4"},"headline":"La comunidad UArtes recibi\u00f3 en el MZ14 taller del IFCI sobre la segunda convocatoria a fondos concursables","datePublished":"2021-12-21T21:00:00+00:00","dateModified":"2024-07-04T16:24:52+00:00","mainEntityOfPage":{"@id":"https:\/\/www.uartes.edu.ec\/sitio\/en\/blog\/2021\/12\/21\/comunidad-uartes-recibio-en-el-mz14-taller-del-ifcisobre-segunda-convocatoria-a-fondos-concursables\/"},"wordCount":977,"commentCount":0,"publisher":{"@id":"https:\/\/www.uartes.edu.ec\/sitio\/en\/#organization"},"image":{"@id":"https:\/\/www.uartes.edu.ec\/sitio\/en\/blog\/2021\/12\/21\/comunidad-uartes-recibio-en-el-mz14-taller-del-ifcisobre-segunda-convocatoria-a-fondos-concursables\/#primaryimage"},"thumbnailUrl":"https:\/\/www.uartes.edu.ec\/sitio\/wp-content\/uploads\/2021\/12\/TALLER-IFCI-01.jpg","keywords":["taller"],"articleSection":["Administrativos","Docentes","Estudiantes","Gesti\u00f3n"],"inLanguage":"en-US","potentialAction":[{"@type":"CommentAction","name":"Comment","target":["https:\/\/www.uartes.edu.ec\/sitio\/en\/blog\/2021\/12\/21\/comunidad-uartes-recibio-en-el-mz14-taller-del-ifcisobre-segunda-convocatoria-a-fondos-concursables\/#respond"]}]},{"@type":["WebPage","ItemPage"],"@id":"https:\/\/www.uartes.edu.ec\/sitio\/en\/blog\/2021\/12\/21\/comunidad-uartes-recibio-en-el-mz14-taller-del-ifcisobre-segunda-convocatoria-a-fondos-concursables\/","url":"https:\/\/www.uartes.edu.ec\/sitio\/en\/blog\/2021\/12\/21\/comunidad-uartes-recibio-en-el-mz14-taller-del-ifcisobre-segunda-convocatoria-a-fondos-concursables\/","name":"Universidad de las Artes - La comunidad UArtes recibi\u00f3 en el MZ14 taller del IFCI sobre la segunda convocatoria a fondos concursables","isPartOf":{"@id":"https:\/\/www.uartes.edu.ec\/sitio\/en\/#website"},"primaryImageOfPage":{"@id":"https:\/\/www.uartes.edu.ec\/sitio\/en\/blog\/2021\/12\/21\/comunidad-uartes-recibio-en-el-mz14-taller-del-ifcisobre-segunda-convocatoria-a-fondos-concursables\/#primaryimage"},"image":{"@id":"https:\/\/www.uartes.edu.ec\/sitio\/en\/blog\/2021\/12\/21\/comunidad-uartes-recibio-en-el-mz14-taller-del-ifcisobre-segunda-convocatoria-a-fondos-concursables\/#primaryimage"},"thumbnailUrl":"https:\/\/www.uartes.edu.ec\/sitio\/wp-content\/uploads\/2021\/12\/TALLER-IFCI-01.jpg","datePublished":"2021-12-21T21:00:00+00:00","dateModified":"2024-07-04T16:24:52+00:00","description":"Universidad de las Artes - La comunidad UArtes recibi\u00f3 en el MZ14 taller del IFCI sobre la segunda convocatoria a fondos concursables","breadcrumb":{"@id":"https:\/\/www.uartes.edu.ec\/sitio\/en\/blog\/2021\/12\/21\/comunidad-uartes-recibio-en-el-mz14-taller-del-ifcisobre-segunda-convocatoria-a-fondos-concursables\/#breadcrumb"},"inLanguage":"en-US","potentialAction":[{"@type":"ReadAction","target":["https:\/\/www.uartes.edu.ec\/sitio\/en\/blog\/2021\/12\/21\/comunidad-uartes-recibio-en-el-mz14-taller-del-ifcisobre-segunda-convocatoria-a-fondos-concursables\/"]}]},{"@type":"ImageObject","inLanguage":"en-US","@id":"https:\/\/www.uartes.edu.ec\/sitio\/en\/blog\/2021\/12\/21\/comunidad-uartes-recibio-en-el-mz14-taller-del-ifcisobre-segunda-convocatoria-a-fondos-concursables\/#primaryimage","url":"https:\/\/www.uartes.edu.ec\/sitio\/wp-content\/uploads\/2021\/12\/TALLER-IFCI-01.jpg","contentUrl":"https:\/\/www.uartes.edu.ec\/sitio\/wp-content\/uploads\/2021\/12\/TALLER-IFCI-01.jpg","width":2000,"height":1333},{"@type":"BreadcrumbList","@id":"https:\/\/www.uartes.edu.ec\/sitio\/en\/blog\/2021\/12\/21\/comunidad-uartes-recibio-en-el-mz14-taller-del-ifcisobre-segunda-convocatoria-a-fondos-concursables\/#breadcrumb","itemListElement":[{"@type":"ListItem","position":1,"name":"Inicio","item":"https:\/\/www.uartes.edu.ec\/sitio\/"},{"@type":"ListItem","position":2,"name":"La comunidad UArtes recibi\u00f3 en el MZ14 taller del IFCI sobre la segunda convocatoria a fondos concursables"}]},{"@type":"WebSite","@id":"https:\/\/www.uartes.edu.ec\/sitio\/en\/#website","url":"https:\/\/www.uartes.edu.ec\/sitio\/en\/","name":"Universidad de las Artes","description":"Sitio oficial de la Universidad Nacional de las Artes del Ecuador","publisher":{"@id":"https:\/\/www.uartes.edu.ec\/sitio\/en\/#organization"},"potentialAction":[{"@type":"SearchAction","target":{"@type":"EntryPoint","urlTemplate":"https:\/\/www.uartes.edu.ec\/sitio\/en\/?s={search_term_string}"},"query-input":{"@type":"PropertyValueSpecification","valueRequired":true,"valueName":"search_term_string"}}],"inLanguage":"en-US"},{"@type":"Organization","@id":"https:\/\/www.uartes.edu.ec\/sitio\/en\/#organization","name":"Universidad de las Artes","url":"https:\/\/www.uartes.edu.ec\/sitio\/en\/","logo":{"@type":"ImageObject","inLanguage":"en-US","@id":"https:\/\/www.uartes.edu.ec\/sitio\/en\/#\/schema\/logo\/image\/","url":"https:\/\/www.uartes.edu.ec\/sitio\/wp-content\/uploads\/2022\/07\/logo-ua-horizontal.png","contentUrl":"https:\/\/www.uartes.edu.ec\/sitio\/wp-content\/uploads\/2022\/07\/logo-ua-horizontal.png","width":800,"height":276,"caption":"Universidad de las Artes"},"image":{"@id":"https:\/\/www.uartes.edu.ec\/sitio\/en\/#\/schema\/logo\/image\/"},"sameAs":["https:\/\/www.facebook.com\/uartesec","https:\/\/x.com\/uartesec","https:\/\/www.tiktok.com\/@uartesec"]},{"@type":"Person","@id":"https:\/\/www.uartes.edu.ec\/sitio\/en\/#\/schema\/person\/efa1b8275797664fd7f13a79ccc0b1f4","name":"ccortez","image":{"@type":"ImageObject","inLanguage":"en-US","@id":"https:\/\/secure.gravatar.com\/avatar\/b2a6f664a3ae8e074346ef91775736c5ec479e637ecced6842de9dc98b5da9cd?s=96&d=mm&r=g","url":"https:\/\/secure.gravatar.com\/avatar\/b2a6f664a3ae8e074346ef91775736c5ec479e637ecced6842de9dc98b5da9cd?s=96&d=mm&r=g","contentUrl":"https:\/\/secure.gravatar.com\/avatar\/b2a6f664a3ae8e074346ef91775736c5ec479e637ecced6842de9dc98b5da9cd?s=96&d=mm&r=g","caption":"ccortez"},"url":"https:\/\/www.uartes.edu.ec\/sitio\/en\/blog\/author\/ccortez\/"}]}},"uagb_featured_image_src":{"full":["https:\/\/www.uartes.edu.ec\/sitio\/wp-content\/uploads\/2021\/12\/TALLER-IFCI-01.jpg",2000,1333,false],"thumbnail":["https:\/\/www.uartes.edu.ec\/sitio\/wp-content\/uploads\/2021\/12\/TALLER-IFCI-01-150x150.jpg",150,150,true],"medium":["https:\/\/www.uartes.edu.ec\/sitio\/wp-content\/uploads\/2021\/12\/TALLER-IFCI-01-300x200.jpg",300,200,true],"medium_large":["https:\/\/www.uartes.edu.ec\/sitio\/wp-content\/uploads\/2021\/12\/TALLER-IFCI-01-768x512.jpg",768,512,true],"large":["https:\/\/www.uartes.edu.ec\/sitio\/wp-content\/uploads\/2021\/12\/TALLER-IFCI-01-644x429.jpg",644,429,true],"1536x1536":["https:\/\/www.uartes.edu.ec\/sitio\/wp-content\/uploads\/2021\/12\/TALLER-IFCI-01-1536x1024.jpg",1536,1024,true],"2048x2048":["https:\/\/www.uartes.edu.ec\/sitio\/wp-content\/uploads\/2021\/12\/TALLER-IFCI-01.jpg",2000,1333,false],"trp-custom-language-flag":["https:\/\/www.uartes.edu.ec\/sitio\/wp-content\/uploads\/2021\/12\/TALLER-IFCI-01.jpg",18,12,false],"htmega_size_585x295":["https:\/\/www.uartes.edu.ec\/sitio\/wp-content\/uploads\/2021\/12\/TALLER-IFCI-01.jpg",443,295,false],"htmega_size_1170x536":["https:\/\/www.uartes.edu.ec\/sitio\/wp-content\/uploads\/2021\/12\/TALLER-IFCI-01.jpg",804,536,false],"htmega_size_396x360":["https:\/\/www.uartes.edu.ec\/sitio\/wp-content\/uploads\/2021\/12\/TALLER-IFCI-01.jpg",396,264,false],"gb-block-post-grid-landscape":["https:\/\/www.uartes.edu.ec\/sitio\/wp-content\/uploads\/2021\/12\/TALLER-IFCI-01-600x400.jpg",600,400,true],"gb-block-post-grid-square":["https:\/\/www.uartes.edu.ec\/sitio\/wp-content\/uploads\/2021\/12\/TALLER-IFCI-01-600x600.jpg",600,600,true],"university-hub-thumb":["https:\/\/www.uartes.edu.ec\/sitio\/wp-content\/uploads\/2021\/12\/TALLER-IFCI-01-400x267.jpg",400,267,true]},"uagb_author_info":{"display_name":"ccortez","author_link":"https:\/\/www.uartes.edu.ec\/sitio\/en\/blog\/author\/ccortez\/"},"uagb_comment_info":0,"uagb_excerpt":"Alentando a los presentas a participar en los fondos concursables del Instituto de Fomento a la Creatividad y la Innovaci\u00f3n (IFCI) y a revisar las bases que est\u00e1n en el sitio web de la entidad, as\u00ed concluyeron Andr\u00e9s Zerega y Andr\u00e9s Sierra el taller que sobre la segunda convocatoria a las l\u00edneas de fomento se&hellip;","featured_image_src":"https:\/\/www.uartes.edu.ec\/sitio\/wp-content\/uploads\/2021\/12\/TALLER-IFCI-01-600x400.jpg","featured_image_src_square":"https:\/\/www.uartes.edu.ec\/sitio\/wp-content\/uploads\/2021\/12\/TALLER-IFCI-01-600x600.jpg","author_info":{"display_name":"ccortez","author_link":"https:\/\/www.uartes.edu.ec\/sitio\/en\/blog\/author\/ccortez\/"},"publishpress_future_workflow_manual_trigger":{"enabledWorkflows":[]},"distributor_meta":false,"distributor_terms":false,"distributor_media":false,"distributor_original_site_name":"Universidad de las Artes","distributor_original_site_url":"https:\/\/www.uartes.edu.ec\/sitio\/en","push-errors":false,"_links":{"self":[{"href":"https:\/\/www.uartes.edu.ec\/sitio\/en\/wp-json\/wp\/v2\/posts\/18150","targetHints":{"allow":["GET"]}}],"collection":[{"href":"https:\/\/www.uartes.edu.ec\/sitio\/en\/wp-json\/wp\/v2\/posts"}],"about":[{"href":"https:\/\/www.uartes.edu.ec\/sitio\/en\/wp-json\/wp\/v2\/types\/post"}],"author":[{"embeddable":true,"href":"https:\/\/www.uartes.edu.ec\/sitio\/en\/wp-json\/wp\/v2\/users\/10"}],"replies":[{"embeddable":true,"href":"https:\/\/www.uartes.edu.ec\/sitio\/en\/wp-json\/wp\/v2\/comments?post=18150"}],"version-history":[{"count":6,"href":"https:\/\/www.uartes.edu.ec\/sitio\/en\/wp-json\/wp\/v2\/posts\/18150\/revisions"}],"predecessor-version":[{"id":18668,"href":"https:\/\/www.uartes.edu.ec\/sitio\/en\/wp-json\/wp\/v2\/posts\/18150\/revisions\/18668"}],"wp:featuredmedia":[{"embeddable":true,"href":"https:\/\/www.uartes.edu.ec\/sitio\/en\/wp-json\/wp\/v2\/media\/18154"}],"wp:attachment":[{"href":"https:\/\/www.uartes.edu.ec\/sitio\/en\/wp-json\/wp\/v2\/media?parent=18150"}],"wp:term":[{"taxonomy":"category","embeddable":true,"href":"https:\/\/www.uartes.edu.ec\/sitio\/en\/wp-json\/wp\/v2\/categories?post=18150"},{"taxonomy":"post_tag","embeddable":true,"href":"https:\/\/www.uartes.edu.ec\/sitio\/en\/wp-json\/wp\/v2\/tags?post=18150"},{"taxonomy":"infouartes","embeddable":true,"href":"https:\/\/www.uartes.edu.ec\/sitio\/en\/wp-json\/wp\/v2\/infouartes?post=18150"}],"curies":[{"name":"wp","href":"https:\/\/api.w.org\/{rel}","templated":true}]}}