{"id":19209,"date":"2022-01-25T15:52:00","date_gmt":"2022-01-25T20:52:00","guid":{"rendered":"http:\/\/www.uartes.edu.ec\/sitio\/?p=19209"},"modified":"2024-07-04T11:24:12","modified_gmt":"2024-07-04T16:24:12","slug":"universidad-de-las-artes-contribuye-conlas-reformas-a-la-ley-organica-de-cultura","status":"publish","type":"post","link":"https:\/\/www.uartes.edu.ec\/sitio\/en\/blog\/2022\/01\/25\/universidad-de-las-artes-contribuye-conlas-reformas-a-la-ley-organica-de-cultura\/","title":{"rendered":"UArtes contribuye con las reformas a la Ley Org\u00e1nica de Cultura (LOC)"},"content":{"rendered":"<p>La Universidad de las Artes recibi\u00f3 una invitaci\u00f3n de parte de la Comisi\u00f3n Especializada Permanente de Educaci\u00f3n, Cultura, Ciencia, Tecnolog\u00eda, Innovaci\u00f3n y Saberes Ancestrales de la Asamblea Nacional, para participar en un proceso de socializaci\u00f3n y generaci\u00f3n de propuestas que se incluir\u00e1n en la reforma a la Ley Org\u00e1nica de Cultura (LOC).<\/p>\n\n\n\n<p>Las autoridades y la comunidad acad\u00e9mica de la UArtes mantuvieron un primer encuentro virtual el pasado 21 de enero de 2022 y para ayer, lunes 24, el Observatorio de Pol\u00edticas y Econom\u00eda de la Cultura convoc\u00f3 a estudiantes, docentes y administrativos a participar en una cita online para informar de los resultados del acercamiento con la Comisi\u00f3n de la Asamblea Nacional y para pensar colectivamente en los alcances del aporte que la Universidad de las Artes puede realizar a esta iniciativa.<\/p>\n\n\n\n<p>La LOC fue aprobada en 2016 luego de varios a\u00f1os de espera para su expedici\u00f3n y en la actualidad la Asamblea Nacional trabaja en un proyecto para reformar dicho cuerpo legal. Hubo un primer debate del Pleno al respecto y es en miras a un segundo debate que la Comisi\u00f3n encargada de este proceso invit\u00f3 a la UArtes a la Mesa de Socializaci\u00f3n y Construcci\u00f3n para que hiciera aportes a la mencionada reforma.<\/p>\n\n\n\n<p>Pablo Cardoso, director del ILIA y del Observatorio de Pol\u00edticas y Econom\u00eda de la Cultura, indic\u00f3 que en la cita con los asamble\u00edstas se expusieron los avances y propuestas existentes de la reforma. En el encuentro se leyeron las l\u00edneas tem\u00e1ticas de lo planteado: el patrimonio tangible, el fomento y apoyo a los artistas ecuatorianos, el RUAC y la creaci\u00f3n de n\u00facleos de la Casa de la Cultura en el exterior.<\/p>\n\n\n\n<p>La UArtes se\u00f1al\u00f3 sus inquietudes y planteamientos en relaci\u00f3n a los insumos que se necesitan para los respectivos an\u00e1lisis que conlleven a una propuesta. Se enfatiz\u00f3, entre otros puntos, sobre la falta de pol\u00edticas p\u00fablicas y de control que permitan la aplicabilidad&nbsp;de la ley y se mencion\u00f3 los tiempos de ejecuci\u00f3n, pues nuestra instituci\u00f3n de educaci\u00f3n superior dispone de dos semanas para organizar mesas de trabajo y recoger las colaboraciones de su comunidad acad\u00e9mica y universitaria.&nbsp;&nbsp;&nbsp;<\/p>\n\n\n\n<p>En la reuni\u00f3n de ayer, se determin\u00f3 que los tiempos planteados por la Asamblea Nacional son demasiado cortos como para implementar procesos participativos incluyentes y obtener insumos con la profundidad requerida. Se acord\u00f3, entonces, responder de manera formal reafirmando la voluntad y el compromiso de involucrarse en el proceso y solicitando una extensi\u00f3n del plazo para poder cumplir con los respectivos est\u00e1ndares de calidad y llevar a cabo una convocatoria a la comunidad en general. Tambi\u00e9n se estableci\u00f3 la conformaci\u00f3n de grupos de trabajo para debatir y proponer reformas desde posturas cr\u00edticas de investigaci\u00f3n y periodismo.<\/p>\n\n\n\n<p>Justamente, en aras de obtener contribuciones necesarias para la reforma de la LOC, el Observatorio dise\u00f1\u00f3 una encuesta para su comunidad universitaria, a fin de determinar el conocimiento que se tiene sobre dicha reglamentaci\u00f3n y propiciar la participaci\u00f3n en las mesas de trabajo de estudiantes, docentes, administrativos y todos los involucrados en el sector educativo cultural de la instituci\u00f3n.<\/p>\n\n\n\n<p>Link de la encuesta para la comunidad UArtes:<br><a href=\"https:\/\/docs.google.com\/forms\/d\/e\/1FAIpQLSdAHgvzQ-KtAJp7WBE3lNkg6TSenzCL1HhM1sg1SdD6GZB7og\/viewform\">https:\/\/docs.google.com\/forms\/d\/e\/1FAIpQLSdAHgvzQ-KtAJp7WBE3lNkg6TSenzCL1HhM1sg1SdD6GZB7og\/viewform<\/a><\/p>","protected":false},"excerpt":{"rendered":"<p>Organizada por el Observatorio de Pol\u00edticas y Econom\u00eda de la Cultura, este lunes 24 de enero de 2022 se realiz\u00f3 una reuni\u00f3n con la comunidad UArtes para informar de los resultados del acercamiento con la Comisi\u00f3n de la Asamblea Nacional y para pensar colectivamente en los alcances del aporte que nuestra instituci\u00f3n de educaci\u00f3n superior puede realizar a la iniciativa de reformar la LOC. <\/p>","protected":false},"author":10,"featured_media":19210,"comment_status":"open","ping_status":"open","sticky":false,"template":"","format":"standard","meta":{"_acf_changed":false,"_uag_custom_page_level_css":"","_monsterinsights_skip_tracking":false,"_monsterinsights_sitenote_active":false,"_monsterinsights_sitenote_note":"","_monsterinsights_sitenote_category":0,"cybocfi_hide_featured_image":"","footnotes":""},"categories":[80,438,490,75,146,76],"tags":[608],"infouartes":[],"class_list":["post-19209","post","type-post","status-publish","format-standard","has-post-thumbnail","hentry","category-academico","category-administrativos","category-alumni","category-docentes","category-escuelas","category-estudiantes","tag-observatorio"],"acf":[],"yoast_head":"<!-- This site is optimized with the Yoast SEO plugin v27.4 - https:\/\/yoast.com\/product\/yoast-seo-wordpress\/ -->\n<title>Universidad de las Artes - UArtes contribuye con las reformas a la Ley Org\u00e1nica de Cultura (LOC)<\/title>\n<meta name=\"description\" content=\"Universidad de las Artes - UArtes contribuye con las reformas a la Ley Org\u00e1nica de Cultura (LOC)\" \/>\n<meta name=\"robots\" content=\"index, follow, max-snippet:-1, max-image-preview:large, max-video-preview:-1\" \/>\n<link rel=\"canonical\" href=\"https:\/\/www.uartes.edu.ec\/sitio\/en\/blog\/2022\/01\/25\/universidad-de-las-artes-contribuye-conlas-reformas-a-la-ley-organica-de-cultura\/\" \/>\n<meta property=\"og:locale\" content=\"en_US\" \/>\n<meta property=\"og:type\" content=\"article\" \/>\n<meta property=\"og:title\" content=\"Universidad de las Artes - UArtes contribuye con las reformas a la Ley Org\u00e1nica de Cultura (LOC)\" \/>\n<meta property=\"og:description\" content=\"Universidad de las Artes - UArtes contribuye con las reformas a la Ley Org\u00e1nica de Cultura (LOC)\" \/>\n<meta property=\"og:url\" content=\"https:\/\/www.uartes.edu.ec\/sitio\/en\/blog\/2022\/01\/25\/universidad-de-las-artes-contribuye-conlas-reformas-a-la-ley-organica-de-cultura\/\" \/>\n<meta property=\"og:site_name\" content=\"Universidad de las Artes\" \/>\n<meta property=\"article:publisher\" content=\"https:\/\/www.facebook.com\/uartesec\" \/>\n<meta property=\"article:published_time\" content=\"2022-01-25T20:52:00+00:00\" \/>\n<meta property=\"article:modified_time\" content=\"2024-07-04T16:24:12+00:00\" \/>\n<meta property=\"og:image\" content=\"https:\/\/www.uartes.edu.ec\/sitio\/wp-content\/uploads\/2022\/01\/UARTES-LEY-ORGANICA-DE-CULTURA.jpg\" \/>\n\t<meta property=\"og:image:width\" content=\"2000\" \/>\n\t<meta property=\"og:image:height\" content=\"1333\" \/>\n\t<meta property=\"og:image:type\" content=\"image\/jpeg\" \/>\n<meta name=\"author\" content=\"ccortez\" \/>\n<meta name=\"twitter:card\" content=\"summary_large_image\" \/>\n<meta name=\"twitter:creator\" content=\"@uartesec\" \/>\n<meta name=\"twitter:site\" content=\"@uartesec\" \/>\n<meta name=\"twitter:label1\" content=\"Written by\" \/>\n\t<meta name=\"twitter:data1\" content=\"ccortez\" \/>\n\t<meta name=\"twitter:label2\" content=\"Est. reading time\" \/>\n\t<meta name=\"twitter:data2\" content=\"3 minutes\" \/>\n<script type=\"application\/ld+json\" class=\"yoast-schema-graph\">{\"@context\":\"https:\\\/\\\/schema.org\",\"@graph\":[{\"@type\":\"Article\",\"@id\":\"https:\\\/\\\/www.uartes.edu.ec\\\/sitio\\\/en\\\/blog\\\/2022\\\/01\\\/25\\\/universidad-de-las-artes-contribuye-conlas-reformas-a-la-ley-organica-de-cultura\\\/#article\",\"isPartOf\":{\"@id\":\"https:\\\/\\\/www.uartes.edu.ec\\\/sitio\\\/en\\\/blog\\\/2022\\\/01\\\/25\\\/universidad-de-las-artes-contribuye-conlas-reformas-a-la-ley-organica-de-cultura\\\/\"},\"author\":{\"name\":\"ccortez\",\"@id\":\"https:\\\/\\\/www.uartes.edu.ec\\\/sitio\\\/en\\\/#\\\/schema\\\/person\\\/efa1b8275797664fd7f13a79ccc0b1f4\"},\"headline\":\"UArtes contribuye con las reformas a la Ley Org\u00e1nica de Cultura (LOC)\",\"datePublished\":\"2022-01-25T20:52:00+00:00\",\"dateModified\":\"2024-07-04T16:24:12+00:00\",\"mainEntityOfPage\":{\"@id\":\"https:\\\/\\\/www.uartes.edu.ec\\\/sitio\\\/en\\\/blog\\\/2022\\\/01\\\/25\\\/universidad-de-las-artes-contribuye-conlas-reformas-a-la-ley-organica-de-cultura\\\/\"},\"wordCount\":591,\"commentCount\":0,\"publisher\":{\"@id\":\"https:\\\/\\\/www.uartes.edu.ec\\\/sitio\\\/en\\\/#organization\"},\"image\":{\"@id\":\"https:\\\/\\\/www.uartes.edu.ec\\\/sitio\\\/en\\\/blog\\\/2022\\\/01\\\/25\\\/universidad-de-las-artes-contribuye-conlas-reformas-a-la-ley-organica-de-cultura\\\/#primaryimage\"},\"thumbnailUrl\":\"https:\\\/\\\/www.uartes.edu.ec\\\/sitio\\\/wp-content\\\/uploads\\\/2022\\\/01\\\/UARTES-LEY-ORGANICA-DE-CULTURA.jpg\",\"keywords\":[\"observatorio\"],\"articleSection\":[\"Acad\u00e9mico\",\"Administrativos\",\"Alumni\",\"Docentes\",\"Escuelas\",\"Estudiantes\"],\"inLanguage\":\"en-US\",\"potentialAction\":[{\"@type\":\"CommentAction\",\"name\":\"Comment\",\"target\":[\"https:\\\/\\\/www.uartes.edu.ec\\\/sitio\\\/en\\\/blog\\\/2022\\\/01\\\/25\\\/universidad-de-las-artes-contribuye-conlas-reformas-a-la-ley-organica-de-cultura\\\/#respond\"]}]},{\"@type\":[\"WebPage\",\"ItemPage\"],\"@id\":\"https:\\\/\\\/www.uartes.edu.ec\\\/sitio\\\/en\\\/blog\\\/2022\\\/01\\\/25\\\/universidad-de-las-artes-contribuye-conlas-reformas-a-la-ley-organica-de-cultura\\\/\",\"url\":\"https:\\\/\\\/www.uartes.edu.ec\\\/sitio\\\/en\\\/blog\\\/2022\\\/01\\\/25\\\/universidad-de-las-artes-contribuye-conlas-reformas-a-la-ley-organica-de-cultura\\\/\",\"name\":\"Universidad de las Artes - UArtes contribuye con las reformas a la Ley Org\u00e1nica de Cultura (LOC)\",\"isPartOf\":{\"@id\":\"https:\\\/\\\/www.uartes.edu.ec\\\/sitio\\\/en\\\/#website\"},\"primaryImageOfPage\":{\"@id\":\"https:\\\/\\\/www.uartes.edu.ec\\\/sitio\\\/en\\\/blog\\\/2022\\\/01\\\/25\\\/universidad-de-las-artes-contribuye-conlas-reformas-a-la-ley-organica-de-cultura\\\/#primaryimage\"},\"image\":{\"@id\":\"https:\\\/\\\/www.uartes.edu.ec\\\/sitio\\\/en\\\/blog\\\/2022\\\/01\\\/25\\\/universidad-de-las-artes-contribuye-conlas-reformas-a-la-ley-organica-de-cultura\\\/#primaryimage\"},\"thumbnailUrl\":\"https:\\\/\\\/www.uartes.edu.ec\\\/sitio\\\/wp-content\\\/uploads\\\/2022\\\/01\\\/UARTES-LEY-ORGANICA-DE-CULTURA.jpg\",\"datePublished\":\"2022-01-25T20:52:00+00:00\",\"dateModified\":\"2024-07-04T16:24:12+00:00\",\"description\":\"Universidad de las Artes - UArtes contribuye con las reformas a la Ley Org\u00e1nica de Cultura (LOC)\",\"breadcrumb\":{\"@id\":\"https:\\\/\\\/www.uartes.edu.ec\\\/sitio\\\/en\\\/blog\\\/2022\\\/01\\\/25\\\/universidad-de-las-artes-contribuye-conlas-reformas-a-la-ley-organica-de-cultura\\\/#breadcrumb\"},\"inLanguage\":\"en-US\",\"potentialAction\":[{\"@type\":\"ReadAction\",\"target\":[\"https:\\\/\\\/www.uartes.edu.ec\\\/sitio\\\/en\\\/blog\\\/2022\\\/01\\\/25\\\/universidad-de-las-artes-contribuye-conlas-reformas-a-la-ley-organica-de-cultura\\\/\"]}]},{\"@type\":\"ImageObject\",\"inLanguage\":\"en-US\",\"@id\":\"https:\\\/\\\/www.uartes.edu.ec\\\/sitio\\\/en\\\/blog\\\/2022\\\/01\\\/25\\\/universidad-de-las-artes-contribuye-conlas-reformas-a-la-ley-organica-de-cultura\\\/#primaryimage\",\"url\":\"https:\\\/\\\/www.uartes.edu.ec\\\/sitio\\\/wp-content\\\/uploads\\\/2022\\\/01\\\/UARTES-LEY-ORGANICA-DE-CULTURA.jpg\",\"contentUrl\":\"https:\\\/\\\/www.uartes.edu.ec\\\/sitio\\\/wp-content\\\/uploads\\\/2022\\\/01\\\/UARTES-LEY-ORGANICA-DE-CULTURA.jpg\",\"width\":2000,\"height\":1333},{\"@type\":\"BreadcrumbList\",\"@id\":\"https:\\\/\\\/www.uartes.edu.ec\\\/sitio\\\/en\\\/blog\\\/2022\\\/01\\\/25\\\/universidad-de-las-artes-contribuye-conlas-reformas-a-la-ley-organica-de-cultura\\\/#breadcrumb\",\"itemListElement\":[{\"@type\":\"ListItem\",\"position\":1,\"name\":\"Inicio\",\"item\":\"https:\\\/\\\/www.uartes.edu.ec\\\/sitio\\\/\"},{\"@type\":\"ListItem\",\"position\":2,\"name\":\"UArtes contribuye con las reformas a la Ley Org\u00e1nica de Cultura (LOC)\"}]},{\"@type\":\"WebSite\",\"@id\":\"https:\\\/\\\/www.uartes.edu.ec\\\/sitio\\\/en\\\/#website\",\"url\":\"https:\\\/\\\/www.uartes.edu.ec\\\/sitio\\\/en\\\/\",\"name\":\"Universidad de las Artes\",\"description\":\"Sitio oficial de la Universidad Nacional de las Artes del Ecuador\",\"publisher\":{\"@id\":\"https:\\\/\\\/www.uartes.edu.ec\\\/sitio\\\/en\\\/#organization\"},\"potentialAction\":[{\"@type\":\"SearchAction\",\"target\":{\"@type\":\"EntryPoint\",\"urlTemplate\":\"https:\\\/\\\/www.uartes.edu.ec\\\/sitio\\\/en\\\/?s={search_term_string}\"},\"query-input\":{\"@type\":\"PropertyValueSpecification\",\"valueRequired\":true,\"valueName\":\"search_term_string\"}}],\"inLanguage\":\"en-US\"},{\"@type\":\"Organization\",\"@id\":\"https:\\\/\\\/www.uartes.edu.ec\\\/sitio\\\/en\\\/#organization\",\"name\":\"Universidad de las Artes\",\"url\":\"https:\\\/\\\/www.uartes.edu.ec\\\/sitio\\\/en\\\/\",\"logo\":{\"@type\":\"ImageObject\",\"inLanguage\":\"en-US\",\"@id\":\"https:\\\/\\\/www.uartes.edu.ec\\\/sitio\\\/en\\\/#\\\/schema\\\/logo\\\/image\\\/\",\"url\":\"https:\\\/\\\/www.uartes.edu.ec\\\/sitio\\\/wp-content\\\/uploads\\\/2022\\\/07\\\/logo-ua-horizontal.png\",\"contentUrl\":\"https:\\\/\\\/www.uartes.edu.ec\\\/sitio\\\/wp-content\\\/uploads\\\/2022\\\/07\\\/logo-ua-horizontal.png\",\"width\":800,\"height\":276,\"caption\":\"Universidad de las Artes\"},\"image\":{\"@id\":\"https:\\\/\\\/www.uartes.edu.ec\\\/sitio\\\/en\\\/#\\\/schema\\\/logo\\\/image\\\/\"},\"sameAs\":[\"https:\\\/\\\/www.facebook.com\\\/uartesec\",\"https:\\\/\\\/x.com\\\/uartesec\",\"https:\\\/\\\/www.tiktok.com\\\/@uartesec\"]},{\"@type\":\"Person\",\"@id\":\"https:\\\/\\\/www.uartes.edu.ec\\\/sitio\\\/en\\\/#\\\/schema\\\/person\\\/efa1b8275797664fd7f13a79ccc0b1f4\",\"name\":\"ccortez\",\"image\":{\"@type\":\"ImageObject\",\"inLanguage\":\"en-US\",\"@id\":\"https:\\\/\\\/secure.gravatar.com\\\/avatar\\\/b2a6f664a3ae8e074346ef91775736c5ec479e637ecced6842de9dc98b5da9cd?s=96&d=mm&r=g\",\"url\":\"https:\\\/\\\/secure.gravatar.com\\\/avatar\\\/b2a6f664a3ae8e074346ef91775736c5ec479e637ecced6842de9dc98b5da9cd?s=96&d=mm&r=g\",\"contentUrl\":\"https:\\\/\\\/secure.gravatar.com\\\/avatar\\\/b2a6f664a3ae8e074346ef91775736c5ec479e637ecced6842de9dc98b5da9cd?s=96&d=mm&r=g\",\"caption\":\"ccortez\"},\"url\":\"https:\\\/\\\/www.uartes.edu.ec\\\/sitio\\\/en\\\/blog\\\/author\\\/ccortez\\\/\"}]}<\/script>\n<!-- \/ Yoast SEO plugin. -->","yoast_head_json":{"title":"Universidad de las Artes - UArtes contribuye con las reformas a la Ley Org\u00e1nica de Cultura (LOC)","description":"Universidad de las Artes - UArtes contribuye con las reformas a la Ley Org\u00e1nica de Cultura (LOC)","robots":{"index":"index","follow":"follow","max-snippet":"max-snippet:-1","max-image-preview":"max-image-preview:large","max-video-preview":"max-video-preview:-1"},"canonical":"https:\/\/www.uartes.edu.ec\/sitio\/en\/blog\/2022\/01\/25\/universidad-de-las-artes-contribuye-conlas-reformas-a-la-ley-organica-de-cultura\/","og_locale":"en_US","og_type":"article","og_title":"Universidad de las Artes - UArtes contribuye con las reformas a la Ley Org\u00e1nica de Cultura (LOC)","og_description":"Universidad de las Artes - UArtes contribuye con las reformas a la Ley Org\u00e1nica de Cultura (LOC)","og_url":"https:\/\/www.uartes.edu.ec\/sitio\/en\/blog\/2022\/01\/25\/universidad-de-las-artes-contribuye-conlas-reformas-a-la-ley-organica-de-cultura\/","og_site_name":"Universidad de las Artes","article_publisher":"https:\/\/www.facebook.com\/uartesec","article_published_time":"2022-01-25T20:52:00+00:00","article_modified_time":"2024-07-04T16:24:12+00:00","og_image":[{"width":2000,"height":1333,"url":"https:\/\/www.uartes.edu.ec\/sitio\/wp-content\/uploads\/2022\/01\/UARTES-LEY-ORGANICA-DE-CULTURA.jpg","type":"image\/jpeg"}],"author":"ccortez","twitter_card":"summary_large_image","twitter_creator":"@uartesec","twitter_site":"@uartesec","twitter_misc":{"Written by":"ccortez","Est. reading time":"3 minutes"},"schema":{"@context":"https:\/\/schema.org","@graph":[{"@type":"Article","@id":"https:\/\/www.uartes.edu.ec\/sitio\/en\/blog\/2022\/01\/25\/universidad-de-las-artes-contribuye-conlas-reformas-a-la-ley-organica-de-cultura\/#article","isPartOf":{"@id":"https:\/\/www.uartes.edu.ec\/sitio\/en\/blog\/2022\/01\/25\/universidad-de-las-artes-contribuye-conlas-reformas-a-la-ley-organica-de-cultura\/"},"author":{"name":"ccortez","@id":"https:\/\/www.uartes.edu.ec\/sitio\/en\/#\/schema\/person\/efa1b8275797664fd7f13a79ccc0b1f4"},"headline":"UArtes contribuye con las reformas a la Ley Org\u00e1nica de Cultura (LOC)","datePublished":"2022-01-25T20:52:00+00:00","dateModified":"2024-07-04T16:24:12+00:00","mainEntityOfPage":{"@id":"https:\/\/www.uartes.edu.ec\/sitio\/en\/blog\/2022\/01\/25\/universidad-de-las-artes-contribuye-conlas-reformas-a-la-ley-organica-de-cultura\/"},"wordCount":591,"commentCount":0,"publisher":{"@id":"https:\/\/www.uartes.edu.ec\/sitio\/en\/#organization"},"image":{"@id":"https:\/\/www.uartes.edu.ec\/sitio\/en\/blog\/2022\/01\/25\/universidad-de-las-artes-contribuye-conlas-reformas-a-la-ley-organica-de-cultura\/#primaryimage"},"thumbnailUrl":"https:\/\/www.uartes.edu.ec\/sitio\/wp-content\/uploads\/2022\/01\/UARTES-LEY-ORGANICA-DE-CULTURA.jpg","keywords":["observatorio"],"articleSection":["Acad\u00e9mico","Administrativos","Alumni","Docentes","Escuelas","Estudiantes"],"inLanguage":"en-US","potentialAction":[{"@type":"CommentAction","name":"Comment","target":["https:\/\/www.uartes.edu.ec\/sitio\/en\/blog\/2022\/01\/25\/universidad-de-las-artes-contribuye-conlas-reformas-a-la-ley-organica-de-cultura\/#respond"]}]},{"@type":["WebPage","ItemPage"],"@id":"https:\/\/www.uartes.edu.ec\/sitio\/en\/blog\/2022\/01\/25\/universidad-de-las-artes-contribuye-conlas-reformas-a-la-ley-organica-de-cultura\/","url":"https:\/\/www.uartes.edu.ec\/sitio\/en\/blog\/2022\/01\/25\/universidad-de-las-artes-contribuye-conlas-reformas-a-la-ley-organica-de-cultura\/","name":"Universidad de las Artes - UArtes contribuye con las reformas a la Ley Org\u00e1nica de Cultura (LOC)","isPartOf":{"@id":"https:\/\/www.uartes.edu.ec\/sitio\/en\/#website"},"primaryImageOfPage":{"@id":"https:\/\/www.uartes.edu.ec\/sitio\/en\/blog\/2022\/01\/25\/universidad-de-las-artes-contribuye-conlas-reformas-a-la-ley-organica-de-cultura\/#primaryimage"},"image":{"@id":"https:\/\/www.uartes.edu.ec\/sitio\/en\/blog\/2022\/01\/25\/universidad-de-las-artes-contribuye-conlas-reformas-a-la-ley-organica-de-cultura\/#primaryimage"},"thumbnailUrl":"https:\/\/www.uartes.edu.ec\/sitio\/wp-content\/uploads\/2022\/01\/UARTES-LEY-ORGANICA-DE-CULTURA.jpg","datePublished":"2022-01-25T20:52:00+00:00","dateModified":"2024-07-04T16:24:12+00:00","description":"Universidad de las Artes - UArtes contribuye con las reformas a la Ley Org\u00e1nica de Cultura (LOC)","breadcrumb":{"@id":"https:\/\/www.uartes.edu.ec\/sitio\/en\/blog\/2022\/01\/25\/universidad-de-las-artes-contribuye-conlas-reformas-a-la-ley-organica-de-cultura\/#breadcrumb"},"inLanguage":"en-US","potentialAction":[{"@type":"ReadAction","target":["https:\/\/www.uartes.edu.ec\/sitio\/en\/blog\/2022\/01\/25\/universidad-de-las-artes-contribuye-conlas-reformas-a-la-ley-organica-de-cultura\/"]}]},{"@type":"ImageObject","inLanguage":"en-US","@id":"https:\/\/www.uartes.edu.ec\/sitio\/en\/blog\/2022\/01\/25\/universidad-de-las-artes-contribuye-conlas-reformas-a-la-ley-organica-de-cultura\/#primaryimage","url":"https:\/\/www.uartes.edu.ec\/sitio\/wp-content\/uploads\/2022\/01\/UARTES-LEY-ORGANICA-DE-CULTURA.jpg","contentUrl":"https:\/\/www.uartes.edu.ec\/sitio\/wp-content\/uploads\/2022\/01\/UARTES-LEY-ORGANICA-DE-CULTURA.jpg","width":2000,"height":1333},{"@type":"BreadcrumbList","@id":"https:\/\/www.uartes.edu.ec\/sitio\/en\/blog\/2022\/01\/25\/universidad-de-las-artes-contribuye-conlas-reformas-a-la-ley-organica-de-cultura\/#breadcrumb","itemListElement":[{"@type":"ListItem","position":1,"name":"Inicio","item":"https:\/\/www.uartes.edu.ec\/sitio\/"},{"@type":"ListItem","position":2,"name":"UArtes contribuye con las reformas a la Ley Org\u00e1nica de Cultura (LOC)"}]},{"@type":"WebSite","@id":"https:\/\/www.uartes.edu.ec\/sitio\/en\/#website","url":"https:\/\/www.uartes.edu.ec\/sitio\/en\/","name":"Universidad de las Artes","description":"Sitio oficial de la Universidad Nacional de las Artes del Ecuador","publisher":{"@id":"https:\/\/www.uartes.edu.ec\/sitio\/en\/#organization"},"potentialAction":[{"@type":"SearchAction","target":{"@type":"EntryPoint","urlTemplate":"https:\/\/www.uartes.edu.ec\/sitio\/en\/?s={search_term_string}"},"query-input":{"@type":"PropertyValueSpecification","valueRequired":true,"valueName":"search_term_string"}}],"inLanguage":"en-US"},{"@type":"Organization","@id":"https:\/\/www.uartes.edu.ec\/sitio\/en\/#organization","name":"Universidad de las Artes","url":"https:\/\/www.uartes.edu.ec\/sitio\/en\/","logo":{"@type":"ImageObject","inLanguage":"en-US","@id":"https:\/\/www.uartes.edu.ec\/sitio\/en\/#\/schema\/logo\/image\/","url":"https:\/\/www.uartes.edu.ec\/sitio\/wp-content\/uploads\/2022\/07\/logo-ua-horizontal.png","contentUrl":"https:\/\/www.uartes.edu.ec\/sitio\/wp-content\/uploads\/2022\/07\/logo-ua-horizontal.png","width":800,"height":276,"caption":"Universidad de las Artes"},"image":{"@id":"https:\/\/www.uartes.edu.ec\/sitio\/en\/#\/schema\/logo\/image\/"},"sameAs":["https:\/\/www.facebook.com\/uartesec","https:\/\/x.com\/uartesec","https:\/\/www.tiktok.com\/@uartesec"]},{"@type":"Person","@id":"https:\/\/www.uartes.edu.ec\/sitio\/en\/#\/schema\/person\/efa1b8275797664fd7f13a79ccc0b1f4","name":"ccortez","image":{"@type":"ImageObject","inLanguage":"en-US","@id":"https:\/\/secure.gravatar.com\/avatar\/b2a6f664a3ae8e074346ef91775736c5ec479e637ecced6842de9dc98b5da9cd?s=96&d=mm&r=g","url":"https:\/\/secure.gravatar.com\/avatar\/b2a6f664a3ae8e074346ef91775736c5ec479e637ecced6842de9dc98b5da9cd?s=96&d=mm&r=g","contentUrl":"https:\/\/secure.gravatar.com\/avatar\/b2a6f664a3ae8e074346ef91775736c5ec479e637ecced6842de9dc98b5da9cd?s=96&d=mm&r=g","caption":"ccortez"},"url":"https:\/\/www.uartes.edu.ec\/sitio\/en\/blog\/author\/ccortez\/"}]}},"uagb_featured_image_src":{"full":["https:\/\/www.uartes.edu.ec\/sitio\/wp-content\/uploads\/2022\/01\/UARTES-LEY-ORGANICA-DE-CULTURA.jpg",2000,1333,false],"thumbnail":["https:\/\/www.uartes.edu.ec\/sitio\/wp-content\/uploads\/2022\/01\/UARTES-LEY-ORGANICA-DE-CULTURA-150x150.jpg",150,150,true],"medium":["https:\/\/www.uartes.edu.ec\/sitio\/wp-content\/uploads\/2022\/01\/UARTES-LEY-ORGANICA-DE-CULTURA-300x200.jpg",300,200,true],"medium_large":["https:\/\/www.uartes.edu.ec\/sitio\/wp-content\/uploads\/2022\/01\/UARTES-LEY-ORGANICA-DE-CULTURA-768x512.jpg",768,512,true],"large":["https:\/\/www.uartes.edu.ec\/sitio\/wp-content\/uploads\/2022\/01\/UARTES-LEY-ORGANICA-DE-CULTURA-644x429.jpg",644,429,true],"1536x1536":["https:\/\/www.uartes.edu.ec\/sitio\/wp-content\/uploads\/2022\/01\/UARTES-LEY-ORGANICA-DE-CULTURA-1536x1024.jpg",1536,1024,true],"2048x2048":["https:\/\/www.uartes.edu.ec\/sitio\/wp-content\/uploads\/2022\/01\/UARTES-LEY-ORGANICA-DE-CULTURA.jpg",2000,1333,false],"trp-custom-language-flag":["https:\/\/www.uartes.edu.ec\/sitio\/wp-content\/uploads\/2022\/01\/UARTES-LEY-ORGANICA-DE-CULTURA.jpg",18,12,false],"htmega_size_585x295":["https:\/\/www.uartes.edu.ec\/sitio\/wp-content\/uploads\/2022\/01\/UARTES-LEY-ORGANICA-DE-CULTURA.jpg",443,295,false],"htmega_size_1170x536":["https:\/\/www.uartes.edu.ec\/sitio\/wp-content\/uploads\/2022\/01\/UARTES-LEY-ORGANICA-DE-CULTURA.jpg",804,536,false],"htmega_size_396x360":["https:\/\/www.uartes.edu.ec\/sitio\/wp-content\/uploads\/2022\/01\/UARTES-LEY-ORGANICA-DE-CULTURA.jpg",396,264,false],"gb-block-post-grid-landscape":["https:\/\/www.uartes.edu.ec\/sitio\/wp-content\/uploads\/2022\/01\/UARTES-LEY-ORGANICA-DE-CULTURA-600x400.jpg",600,400,true],"gb-block-post-grid-square":["https:\/\/www.uartes.edu.ec\/sitio\/wp-content\/uploads\/2022\/01\/UARTES-LEY-ORGANICA-DE-CULTURA-600x600.jpg",600,600,true],"university-hub-thumb":["https:\/\/www.uartes.edu.ec\/sitio\/wp-content\/uploads\/2022\/01\/UARTES-LEY-ORGANICA-DE-CULTURA-400x267.jpg",400,267,true],"mailpoet_newsletter_max":["https:\/\/www.uartes.edu.ec\/sitio\/wp-content\/uploads\/2022\/01\/UARTES-LEY-ORGANICA-DE-CULTURA.jpg",1320,880,false]},"uagb_author_info":{"display_name":"ccortez","author_link":"https:\/\/www.uartes.edu.ec\/sitio\/en\/blog\/author\/ccortez\/"},"uagb_comment_info":0,"uagb_excerpt":"Organizada por el Observatorio de Pol\u00edticas y Econom\u00eda de la Cultura, este lunes 24 de enero de 2022 se realiz\u00f3 una reuni\u00f3n con la comunidad UArtes para informar de los resultados del acercamiento con la Comisi\u00f3n de la Asamblea Nacional y para pensar colectivamente en los alcances del aporte que nuestra instituci\u00f3n de educaci\u00f3n superior&hellip;","featured_image_src":"https:\/\/www.uartes.edu.ec\/sitio\/wp-content\/uploads\/2022\/01\/UARTES-LEY-ORGANICA-DE-CULTURA-600x400.jpg","featured_image_src_square":"https:\/\/www.uartes.edu.ec\/sitio\/wp-content\/uploads\/2022\/01\/UARTES-LEY-ORGANICA-DE-CULTURA-600x600.jpg","author_info":{"display_name":"ccortez","author_link":"https:\/\/www.uartes.edu.ec\/sitio\/en\/blog\/author\/ccortez\/"},"publishpress_future_workflow_manual_trigger":{"enabledWorkflows":[]},"distributor_meta":false,"distributor_terms":false,"distributor_media":false,"distributor_original_site_name":"Universidad de las Artes","distributor_original_site_url":"https:\/\/www.uartes.edu.ec\/sitio\/en","push-errors":false,"_links":{"self":[{"href":"https:\/\/www.uartes.edu.ec\/sitio\/en\/wp-json\/wp\/v2\/posts\/19209","targetHints":{"allow":["GET"]}}],"collection":[{"href":"https:\/\/www.uartes.edu.ec\/sitio\/en\/wp-json\/wp\/v2\/posts"}],"about":[{"href":"https:\/\/www.uartes.edu.ec\/sitio\/en\/wp-json\/wp\/v2\/types\/post"}],"author":[{"embeddable":true,"href":"https:\/\/www.uartes.edu.ec\/sitio\/en\/wp-json\/wp\/v2\/users\/10"}],"replies":[{"embeddable":true,"href":"https:\/\/www.uartes.edu.ec\/sitio\/en\/wp-json\/wp\/v2\/comments?post=19209"}],"version-history":[{"count":4,"href":"https:\/\/www.uartes.edu.ec\/sitio\/en\/wp-json\/wp\/v2\/posts\/19209\/revisions"}],"predecessor-version":[{"id":19214,"href":"https:\/\/www.uartes.edu.ec\/sitio\/en\/wp-json\/wp\/v2\/posts\/19209\/revisions\/19214"}],"wp:featuredmedia":[{"embeddable":true,"href":"https:\/\/www.uartes.edu.ec\/sitio\/en\/wp-json\/wp\/v2\/media\/19210"}],"wp:attachment":[{"href":"https:\/\/www.uartes.edu.ec\/sitio\/en\/wp-json\/wp\/v2\/media?parent=19209"}],"wp:term":[{"taxonomy":"category","embeddable":true,"href":"https:\/\/www.uartes.edu.ec\/sitio\/en\/wp-json\/wp\/v2\/categories?post=19209"},{"taxonomy":"post_tag","embeddable":true,"href":"https:\/\/www.uartes.edu.ec\/sitio\/en\/wp-json\/wp\/v2\/tags?post=19209"},{"taxonomy":"infouartes","embeddable":true,"href":"https:\/\/www.uartes.edu.ec\/sitio\/en\/wp-json\/wp\/v2\/infouartes?post=19209"}],"curies":[{"name":"wp","href":"https:\/\/api.w.org\/{rel}","templated":true}]}}