{"id":19781,"date":"2022-03-04T16:02:00","date_gmt":"2022-03-04T21:02:00","guid":{"rendered":"http:\/\/www.uartes.edu.ec\/sitio\/?p=19781"},"modified":"2024-07-04T11:23:55","modified_gmt":"2024-07-04T16:23:55","slug":"poeticas-de-lo-cotidiano-el-programa-quela-biblioteca-de-las-artes-puso-en-marcha","status":"publish","type":"post","link":"https:\/\/www.uartes.edu.ec\/sitio\/en\/blog\/2022\/03\/04\/poeticas-de-lo-cotidiano-el-programa-quela-biblioteca-de-las-artes-puso-en-marcha\/","title":{"rendered":"\u201cPo\u00e9ticas de lo cotidiano\u201d, propuesta literaria de la Biblioteca de las Artes"},"content":{"rendered":"<p>Con el prop\u00f3sito de ofrecer espacios&nbsp;de&nbsp;aproximaci\u00f3n al \u00e1mbito literario, la Biblioteca de las Artes viene desarrollando programas y talleres dirigidos no solo a su comunidad lectora, sino al p\u00fablico en general \u00e1vido por conocer m\u00e1s sobre las obras y la vida de destacados escritores.<\/p>\n\n\n\n<p>\u201cPo\u00e9ticas&nbsp;de&nbsp;lo cotidiano: Escritoras ecuatorianas&nbsp;del siglo XX\u201d es una de sus propuestas. Se trata de un programa de cuatro sesiones con frecuencia semanal \u2013los d\u00edas lunes\u2013 que invita a revisar el contexto de producci\u00f3n en el que se inscriben cuatro novelas de igual n\u00famero de autoras nacionales: <em>Bruna, soroche y los t\u00edos<\/em> (1973), de Alicia Y\u00e1nez Coss\u00edo; <em>Carta larga sin final<\/em> (1978), de Lupe Rumazo; <em>Azulinaciones<\/em> (1989), de Natasha Salguero; y, <em>Dar con ella<\/em> (2000), de Gilda Holst.<\/p>\n\n\n\n<p>El programa inici\u00f3 el pasado 7 de marzo de 2022 y se extender\u00e1 hasta el 28. Tiene lugar a las 15:30, en modalidad virtual y su desarrollo est\u00e1 a cargo de Margarethe Tirado Hartmann, licenciada en Literatura por la UArtes, quien es actualmente becaria de la Universidad Andina Sim\u00f3n Bol\u00edvar y realiza un masterado de Literatura. Ha escrito art\u00edculos y participado en coloquios literarios, recitales&nbsp;de&nbsp;poes\u00eda, proyectos vinculados a las&nbsp;artes&nbsp;transdisciplinarias.<\/p>\n\n\n\n<p>Con \u201cPo\u00e9ticas&nbsp;de&nbsp;lo cotidiano\u201d se busca revisar el contexto&nbsp;de&nbsp;producci\u00f3n en el que se inscriben&nbsp;las&nbsp;obras para generar un an\u00e1lisis cr\u00edtico&nbsp;del canon literario que permita trazar l\u00edneas renovadoras y se\u00f1alar el aporte&nbsp;de&nbsp;esas escrituras en el campo&nbsp;de&nbsp;las&nbsp;letras ecuatorianas.<\/p>\n\n\n\n<div class=\"wp-block-image\"><figure class=\"aligncenter size-full\"><img fetchpriority=\"high\" decoding=\"async\" width=\"2000\" height=\"1333\" src=\"http:\/\/www.uartes.edu.ec\/sitio\/wp-content\/uploads\/2022\/03\/03-ACTIVIDADES-BIBLIO-ARTES.jpg\" alt=\"\" class=\"wp-image-19783\" srcset=\"https:\/\/www.uartes.edu.ec\/sitio\/wp-content\/uploads\/2022\/03\/03-ACTIVIDADES-BIBLIO-ARTES.jpg 2000w, https:\/\/www.uartes.edu.ec\/sitio\/wp-content\/uploads\/2022\/03\/03-ACTIVIDADES-BIBLIO-ARTES-644x429.jpg 644w, https:\/\/www.uartes.edu.ec\/sitio\/wp-content\/uploads\/2022\/03\/03-ACTIVIDADES-BIBLIO-ARTES-768x511.jpg 768w, https:\/\/www.uartes.edu.ec\/sitio\/wp-content\/uploads\/2022\/03\/03-ACTIVIDADES-BIBLIO-ARTES-600x399.jpg 600w, https:\/\/www.uartes.edu.ec\/sitio\/wp-content\/uploads\/2022\/03\/03-ACTIVIDADES-BIBLIO-ARTES-272x182.jpg 272w\" sizes=\"(max-width: 2000px) 100vw, 2000px\" \/><figcaption>Margarethe Tirado Hartmann (i) y Cristian Alvarado, licenciados en Literatura por la UArtes.<\/figcaption><\/figure><\/div>\n\n\n\n<h3 class=\"wp-block-heading\" id=\"tambien-en-agenda\"><strong>Tambi\u00e9n en agenda<\/strong><\/h3>\n\n\n\n<p>Para el 8 de marzo, a las 10:30, la Biblioteca de las Artes ha programado una sesi\u00f3n de \u201cCreaci\u00f3n de im\u00e1genes po\u00e9ticas\u201d, que consiste en la realizaci\u00f3n de ejercicios que contribuyan a disparar la sensibilidad y los sentidos. Observando todas las medidas de bioseguridad, se realizar\u00e1 de manera presencial en la Terraza. Estar\u00e1 a cargo de Zully Ord\u00f3\u00f1ez, licenciada en Literatura por la UArtes, quien es funcionaria del repositorio de la UArtes y antes particip\u00f3 en el C\u00edrculo de lectura, as\u00ed como en actividades de la Feria del Libro de Guayaquil, la Casa de la Cultura N\u00facleo del Guayas, el Casal Catal\u00e1 de Guayaquil y la Casa Morada. Su poes\u00eda ha sido publicada en la antolog\u00eda <em>Caballos Nacidos de Polvo<\/em> de UArtes Ediciones y en las revistas literarias <em>Pixeletras <\/em>e<em> Innombrable<\/em>. Actualmente cursa una maestr\u00eda en la Universidad Internacional de la Rioja.<\/p>\n\n\n\n<p>Para el 16 de marzo, tambi\u00e9n a las 10:30 y de manera virtual, se dar\u00e1 una breve mirada a la obra de Alejandra Pizarnik bajo la conducci\u00f3n Dom\u00e9nica J\u00e1come, estudiante de la Escuela de Literatura de la UArtes, y dirigida a p\u00fablico de 15 a\u00f1os en adelante. La actividad se enmarca en el Picnic Literario que con bastante acogida por parte del p\u00fablico ha venido impulsado la Biblioteca de las Artes.<\/p>\n\n\n\n<p>Junto con J\u00e1come quienes participen har\u00e1n un breve recorrido hacia la biograf\u00eda de la poeta y el an\u00e1lisis de varios poemas de sus obras m\u00e1s prol\u00edficas. A partir de un enfoque cercano a la personalidad de la artista, se prev\u00e9 estudiar detenidamente de qu\u00e9 forma la compaginaci\u00f3n de sus rasgos m\u00e1s \u00edntimos son plasmados en sus poemas y desarrollar as\u00ed un pensamiento cr\u00edtico y anal\u00edtico frente a los rasgos de los textos le\u00eddos.<\/p>\n\n\n\n<p>Los d\u00edas 18 y 25 de marzo, 8 y 15 de abril, se desarrollar\u00e1 de manera virtual, a las 15:30, el taller \u00abSeremos monstruos monstruosos: intervenciones profanas en la narrativa de Copi\u00bb, dirigido por el alumnus Cristian Alvarado.<\/p>\n\n\n\n<p>La actividad es una invitaci\u00f3n a reflexionar sobre la forma de trabajo del escritor argentino Ra\u00fal Damonte Botana (conocido como Copi), articulando algunas nociones est\u00e9ticas y cr\u00edticas, como la sensibilidad camp y la (est)\u00e9tica neobarroca, cuya operatividad consiste en desmoronar lo dado y postular nuevos mundos sobre bases ontol\u00f3gicas fuera de quicio.<\/p>\n\n\n\n<p>Alvarado es licenciado en Literatura por la UArtes. Ha publicado art\u00edculos acad\u00e9micos y relatos de ficci\u00f3n en revistas como <em>La Deleuziana, Pixeletras y Pie de p\u00e1gina<\/em>. Menci\u00f3n de honor en el I Concurso de Cuento Libre Libro 2018, cuyo texto se incluy\u00f3 en la antolog\u00eda de cuentos <em>La \u00faltima hora<\/em> (2018). Ganador de la Beca Comuna para residencias estudiantiles (2019), es en la actualidad becario de la Universidad Andina Sim\u00f3n Bol\u00edvar y realiza un m\u00e1ster en Literatura Latinoamericana.<\/p>","protected":false},"excerpt":{"rendered":"<p>Con el prop\u00f3sito de ofrecer espacios de aproximaci\u00f3n al \u00e1mbito literario, la Biblioteca de las Artes viene desarrollando programas, cursos y talleres dirigidos no solo a su comunidad lectora, sino al p\u00fablico en general \u00e1vido por conocer m\u00e1s sobre las obras y la vida de destacados autores. \u201cPo\u00e9ticas de lo cotidiano: Escritoras ecuatorianas del siglo XX\u201d es una de sus propuestas.<\/p>","protected":false},"author":10,"featured_media":19782,"comment_status":"open","ping_status":"open","sticky":false,"template":"","format":"standard","meta":{"_acf_changed":false,"_uag_custom_page_level_css":"","_monsterinsights_skip_tracking":false,"_monsterinsights_sitenote_active":false,"_monsterinsights_sitenote_note":"","_monsterinsights_sitenote_category":0,"cybocfi_hide_featured_image":"","footnotes":""},"categories":[80,490,75,76,175],"tags":[41],"infouartes":[],"class_list":["post-19781","post","type-post","status-publish","format-standard","has-post-thumbnail","hentry","category-academico","category-alumni","category-docentes","category-estudiantes","category-literatura","tag-biblioteca"],"acf":[],"yoast_head":"<!-- This site is optimized with the Yoast SEO plugin v27.4 - https:\/\/yoast.com\/product\/yoast-seo-wordpress\/ -->\n<title>Universidad de las Artes - \u201cPo\u00e9ticas de lo cotidiano\u201d, propuesta literaria de la Biblioteca de las Artes<\/title>\n<meta name=\"description\" content=\"Universidad de las Artes - \u201cPo\u00e9ticas de lo cotidiano\u201d, propuesta literaria de la Biblioteca de las Artes\" \/>\n<meta name=\"robots\" content=\"index, follow, max-snippet:-1, max-image-preview:large, max-video-preview:-1\" \/>\n<link rel=\"canonical\" href=\"https:\/\/www.uartes.edu.ec\/sitio\/en\/blog\/2022\/03\/04\/poeticas-de-lo-cotidiano-el-programa-quela-biblioteca-de-las-artes-puso-en-marcha\/\" \/>\n<meta property=\"og:locale\" content=\"en_US\" \/>\n<meta property=\"og:type\" content=\"article\" \/>\n<meta property=\"og:title\" content=\"Universidad de las Artes - \u201cPo\u00e9ticas de lo cotidiano\u201d, propuesta literaria de la Biblioteca de las Artes\" \/>\n<meta property=\"og:description\" content=\"Universidad de las Artes - \u201cPo\u00e9ticas de lo cotidiano\u201d, propuesta literaria de la Biblioteca de las Artes\" \/>\n<meta property=\"og:url\" content=\"https:\/\/www.uartes.edu.ec\/sitio\/en\/blog\/2022\/03\/04\/poeticas-de-lo-cotidiano-el-programa-quela-biblioteca-de-las-artes-puso-en-marcha\/\" \/>\n<meta property=\"og:site_name\" content=\"Universidad de las Artes\" \/>\n<meta property=\"article:publisher\" content=\"https:\/\/www.facebook.com\/uartesec\" \/>\n<meta property=\"article:published_time\" content=\"2022-03-04T21:02:00+00:00\" \/>\n<meta property=\"article:modified_time\" content=\"2024-07-04T16:23:55+00:00\" \/>\n<meta property=\"og:image\" content=\"https:\/\/www.uartes.edu.ec\/sitio\/wp-content\/uploads\/2022\/03\/01-ACTIVIDADES-BIBLIO-ARTES.jpg\" \/>\n\t<meta property=\"og:image:width\" content=\"2000\" \/>\n\t<meta property=\"og:image:height\" content=\"1333\" \/>\n\t<meta property=\"og:image:type\" content=\"image\/jpeg\" \/>\n<meta name=\"author\" content=\"ccortez\" \/>\n<meta name=\"twitter:card\" content=\"summary_large_image\" \/>\n<meta name=\"twitter:creator\" content=\"@uartesec\" \/>\n<meta name=\"twitter:site\" content=\"@uartesec\" \/>\n<meta name=\"twitter:label1\" content=\"Written by\" \/>\n\t<meta name=\"twitter:data1\" content=\"ccortez\" \/>\n\t<meta name=\"twitter:label2\" content=\"Est. reading time\" \/>\n\t<meta name=\"twitter:data2\" content=\"4 minutes\" \/>\n<script type=\"application\/ld+json\" class=\"yoast-schema-graph\">{\"@context\":\"https:\\\/\\\/schema.org\",\"@graph\":[{\"@type\":\"Article\",\"@id\":\"https:\\\/\\\/www.uartes.edu.ec\\\/sitio\\\/en\\\/blog\\\/2022\\\/03\\\/04\\\/poeticas-de-lo-cotidiano-el-programa-quela-biblioteca-de-las-artes-puso-en-marcha\\\/#article\",\"isPartOf\":{\"@id\":\"https:\\\/\\\/www.uartes.edu.ec\\\/sitio\\\/en\\\/blog\\\/2022\\\/03\\\/04\\\/poeticas-de-lo-cotidiano-el-programa-quela-biblioteca-de-las-artes-puso-en-marcha\\\/\"},\"author\":{\"name\":\"ccortez\",\"@id\":\"https:\\\/\\\/www.uartes.edu.ec\\\/sitio\\\/en\\\/#\\\/schema\\\/person\\\/efa1b8275797664fd7f13a79ccc0b1f4\"},\"headline\":\"\u201cPo\u00e9ticas de lo cotidiano\u201d, propuesta literaria de la Biblioteca de las Artes\",\"datePublished\":\"2022-03-04T21:02:00+00:00\",\"dateModified\":\"2024-07-04T16:23:55+00:00\",\"mainEntityOfPage\":{\"@id\":\"https:\\\/\\\/www.uartes.edu.ec\\\/sitio\\\/en\\\/blog\\\/2022\\\/03\\\/04\\\/poeticas-de-lo-cotidiano-el-programa-quela-biblioteca-de-las-artes-puso-en-marcha\\\/\"},\"wordCount\":795,\"commentCount\":0,\"publisher\":{\"@id\":\"https:\\\/\\\/www.uartes.edu.ec\\\/sitio\\\/en\\\/#organization\"},\"image\":{\"@id\":\"https:\\\/\\\/www.uartes.edu.ec\\\/sitio\\\/en\\\/blog\\\/2022\\\/03\\\/04\\\/poeticas-de-lo-cotidiano-el-programa-quela-biblioteca-de-las-artes-puso-en-marcha\\\/#primaryimage\"},\"thumbnailUrl\":\"https:\\\/\\\/www.uartes.edu.ec\\\/sitio\\\/wp-content\\\/uploads\\\/2022\\\/03\\\/01-ACTIVIDADES-BIBLIO-ARTES.jpg\",\"keywords\":[\"biblioteca\"],\"articleSection\":[\"Acad\u00e9mico\",\"Alumni\",\"Docentes\",\"Estudiantes\",\"Literatura\"],\"inLanguage\":\"en-US\",\"potentialAction\":[{\"@type\":\"CommentAction\",\"name\":\"Comment\",\"target\":[\"https:\\\/\\\/www.uartes.edu.ec\\\/sitio\\\/en\\\/blog\\\/2022\\\/03\\\/04\\\/poeticas-de-lo-cotidiano-el-programa-quela-biblioteca-de-las-artes-puso-en-marcha\\\/#respond\"]}]},{\"@type\":[\"WebPage\",\"ItemPage\"],\"@id\":\"https:\\\/\\\/www.uartes.edu.ec\\\/sitio\\\/en\\\/blog\\\/2022\\\/03\\\/04\\\/poeticas-de-lo-cotidiano-el-programa-quela-biblioteca-de-las-artes-puso-en-marcha\\\/\",\"url\":\"https:\\\/\\\/www.uartes.edu.ec\\\/sitio\\\/en\\\/blog\\\/2022\\\/03\\\/04\\\/poeticas-de-lo-cotidiano-el-programa-quela-biblioteca-de-las-artes-puso-en-marcha\\\/\",\"name\":\"Universidad de las Artes - \u201cPo\u00e9ticas de lo cotidiano\u201d, propuesta literaria de la Biblioteca de las Artes\",\"isPartOf\":{\"@id\":\"https:\\\/\\\/www.uartes.edu.ec\\\/sitio\\\/en\\\/#website\"},\"primaryImageOfPage\":{\"@id\":\"https:\\\/\\\/www.uartes.edu.ec\\\/sitio\\\/en\\\/blog\\\/2022\\\/03\\\/04\\\/poeticas-de-lo-cotidiano-el-programa-quela-biblioteca-de-las-artes-puso-en-marcha\\\/#primaryimage\"},\"image\":{\"@id\":\"https:\\\/\\\/www.uartes.edu.ec\\\/sitio\\\/en\\\/blog\\\/2022\\\/03\\\/04\\\/poeticas-de-lo-cotidiano-el-programa-quela-biblioteca-de-las-artes-puso-en-marcha\\\/#primaryimage\"},\"thumbnailUrl\":\"https:\\\/\\\/www.uartes.edu.ec\\\/sitio\\\/wp-content\\\/uploads\\\/2022\\\/03\\\/01-ACTIVIDADES-BIBLIO-ARTES.jpg\",\"datePublished\":\"2022-03-04T21:02:00+00:00\",\"dateModified\":\"2024-07-04T16:23:55+00:00\",\"description\":\"Universidad de las Artes - \u201cPo\u00e9ticas de lo cotidiano\u201d, propuesta literaria de la Biblioteca de las Artes\",\"breadcrumb\":{\"@id\":\"https:\\\/\\\/www.uartes.edu.ec\\\/sitio\\\/en\\\/blog\\\/2022\\\/03\\\/04\\\/poeticas-de-lo-cotidiano-el-programa-quela-biblioteca-de-las-artes-puso-en-marcha\\\/#breadcrumb\"},\"inLanguage\":\"en-US\",\"potentialAction\":[{\"@type\":\"ReadAction\",\"target\":[\"https:\\\/\\\/www.uartes.edu.ec\\\/sitio\\\/en\\\/blog\\\/2022\\\/03\\\/04\\\/poeticas-de-lo-cotidiano-el-programa-quela-biblioteca-de-las-artes-puso-en-marcha\\\/\"]}]},{\"@type\":\"ImageObject\",\"inLanguage\":\"en-US\",\"@id\":\"https:\\\/\\\/www.uartes.edu.ec\\\/sitio\\\/en\\\/blog\\\/2022\\\/03\\\/04\\\/poeticas-de-lo-cotidiano-el-programa-quela-biblioteca-de-las-artes-puso-en-marcha\\\/#primaryimage\",\"url\":\"https:\\\/\\\/www.uartes.edu.ec\\\/sitio\\\/wp-content\\\/uploads\\\/2022\\\/03\\\/01-ACTIVIDADES-BIBLIO-ARTES.jpg\",\"contentUrl\":\"https:\\\/\\\/www.uartes.edu.ec\\\/sitio\\\/wp-content\\\/uploads\\\/2022\\\/03\\\/01-ACTIVIDADES-BIBLIO-ARTES.jpg\",\"width\":2000,\"height\":1333},{\"@type\":\"BreadcrumbList\",\"@id\":\"https:\\\/\\\/www.uartes.edu.ec\\\/sitio\\\/en\\\/blog\\\/2022\\\/03\\\/04\\\/poeticas-de-lo-cotidiano-el-programa-quela-biblioteca-de-las-artes-puso-en-marcha\\\/#breadcrumb\",\"itemListElement\":[{\"@type\":\"ListItem\",\"position\":1,\"name\":\"Inicio\",\"item\":\"https:\\\/\\\/www.uartes.edu.ec\\\/sitio\\\/\"},{\"@type\":\"ListItem\",\"position\":2,\"name\":\"\u201cPo\u00e9ticas de lo cotidiano\u201d, propuesta literaria de la Biblioteca de las Artes\"}]},{\"@type\":\"WebSite\",\"@id\":\"https:\\\/\\\/www.uartes.edu.ec\\\/sitio\\\/en\\\/#website\",\"url\":\"https:\\\/\\\/www.uartes.edu.ec\\\/sitio\\\/en\\\/\",\"name\":\"Universidad de las Artes\",\"description\":\"Sitio oficial de la Universidad Nacional de las Artes del Ecuador\",\"publisher\":{\"@id\":\"https:\\\/\\\/www.uartes.edu.ec\\\/sitio\\\/en\\\/#organization\"},\"potentialAction\":[{\"@type\":\"SearchAction\",\"target\":{\"@type\":\"EntryPoint\",\"urlTemplate\":\"https:\\\/\\\/www.uartes.edu.ec\\\/sitio\\\/en\\\/?s={search_term_string}\"},\"query-input\":{\"@type\":\"PropertyValueSpecification\",\"valueRequired\":true,\"valueName\":\"search_term_string\"}}],\"inLanguage\":\"en-US\"},{\"@type\":\"Organization\",\"@id\":\"https:\\\/\\\/www.uartes.edu.ec\\\/sitio\\\/en\\\/#organization\",\"name\":\"Universidad de las Artes\",\"url\":\"https:\\\/\\\/www.uartes.edu.ec\\\/sitio\\\/en\\\/\",\"logo\":{\"@type\":\"ImageObject\",\"inLanguage\":\"en-US\",\"@id\":\"https:\\\/\\\/www.uartes.edu.ec\\\/sitio\\\/en\\\/#\\\/schema\\\/logo\\\/image\\\/\",\"url\":\"https:\\\/\\\/www.uartes.edu.ec\\\/sitio\\\/wp-content\\\/uploads\\\/2022\\\/07\\\/logo-ua-horizontal.png\",\"contentUrl\":\"https:\\\/\\\/www.uartes.edu.ec\\\/sitio\\\/wp-content\\\/uploads\\\/2022\\\/07\\\/logo-ua-horizontal.png\",\"width\":800,\"height\":276,\"caption\":\"Universidad de las Artes\"},\"image\":{\"@id\":\"https:\\\/\\\/www.uartes.edu.ec\\\/sitio\\\/en\\\/#\\\/schema\\\/logo\\\/image\\\/\"},\"sameAs\":[\"https:\\\/\\\/www.facebook.com\\\/uartesec\",\"https:\\\/\\\/x.com\\\/uartesec\",\"https:\\\/\\\/www.tiktok.com\\\/@uartesec\"]},{\"@type\":\"Person\",\"@id\":\"https:\\\/\\\/www.uartes.edu.ec\\\/sitio\\\/en\\\/#\\\/schema\\\/person\\\/efa1b8275797664fd7f13a79ccc0b1f4\",\"name\":\"ccortez\",\"image\":{\"@type\":\"ImageObject\",\"inLanguage\":\"en-US\",\"@id\":\"https:\\\/\\\/secure.gravatar.com\\\/avatar\\\/b2a6f664a3ae8e074346ef91775736c5ec479e637ecced6842de9dc98b5da9cd?s=96&d=mm&r=g\",\"url\":\"https:\\\/\\\/secure.gravatar.com\\\/avatar\\\/b2a6f664a3ae8e074346ef91775736c5ec479e637ecced6842de9dc98b5da9cd?s=96&d=mm&r=g\",\"contentUrl\":\"https:\\\/\\\/secure.gravatar.com\\\/avatar\\\/b2a6f664a3ae8e074346ef91775736c5ec479e637ecced6842de9dc98b5da9cd?s=96&d=mm&r=g\",\"caption\":\"ccortez\"},\"url\":\"https:\\\/\\\/www.uartes.edu.ec\\\/sitio\\\/en\\\/blog\\\/author\\\/ccortez\\\/\"}]}<\/script>\n<!-- \/ Yoast SEO plugin. -->","yoast_head_json":{"title":"Universidad de las Artes - \u201cPo\u00e9ticas de lo cotidiano\u201d, propuesta literaria de la Biblioteca de las Artes","description":"Universidad de las Artes - \u201cPo\u00e9ticas de lo cotidiano\u201d, propuesta literaria de la Biblioteca de las Artes","robots":{"index":"index","follow":"follow","max-snippet":"max-snippet:-1","max-image-preview":"max-image-preview:large","max-video-preview":"max-video-preview:-1"},"canonical":"https:\/\/www.uartes.edu.ec\/sitio\/en\/blog\/2022\/03\/04\/poeticas-de-lo-cotidiano-el-programa-quela-biblioteca-de-las-artes-puso-en-marcha\/","og_locale":"en_US","og_type":"article","og_title":"Universidad de las Artes - \u201cPo\u00e9ticas de lo cotidiano\u201d, propuesta literaria de la Biblioteca de las Artes","og_description":"Universidad de las Artes - \u201cPo\u00e9ticas de lo cotidiano\u201d, propuesta literaria de la Biblioteca de las Artes","og_url":"https:\/\/www.uartes.edu.ec\/sitio\/en\/blog\/2022\/03\/04\/poeticas-de-lo-cotidiano-el-programa-quela-biblioteca-de-las-artes-puso-en-marcha\/","og_site_name":"Universidad de las Artes","article_publisher":"https:\/\/www.facebook.com\/uartesec","article_published_time":"2022-03-04T21:02:00+00:00","article_modified_time":"2024-07-04T16:23:55+00:00","og_image":[{"width":2000,"height":1333,"url":"https:\/\/www.uartes.edu.ec\/sitio\/wp-content\/uploads\/2022\/03\/01-ACTIVIDADES-BIBLIO-ARTES.jpg","type":"image\/jpeg"}],"author":"ccortez","twitter_card":"summary_large_image","twitter_creator":"@uartesec","twitter_site":"@uartesec","twitter_misc":{"Written by":"ccortez","Est. reading time":"4 minutes"},"schema":{"@context":"https:\/\/schema.org","@graph":[{"@type":"Article","@id":"https:\/\/www.uartes.edu.ec\/sitio\/en\/blog\/2022\/03\/04\/poeticas-de-lo-cotidiano-el-programa-quela-biblioteca-de-las-artes-puso-en-marcha\/#article","isPartOf":{"@id":"https:\/\/www.uartes.edu.ec\/sitio\/en\/blog\/2022\/03\/04\/poeticas-de-lo-cotidiano-el-programa-quela-biblioteca-de-las-artes-puso-en-marcha\/"},"author":{"name":"ccortez","@id":"https:\/\/www.uartes.edu.ec\/sitio\/en\/#\/schema\/person\/efa1b8275797664fd7f13a79ccc0b1f4"},"headline":"\u201cPo\u00e9ticas de lo cotidiano\u201d, propuesta literaria de la Biblioteca de las Artes","datePublished":"2022-03-04T21:02:00+00:00","dateModified":"2024-07-04T16:23:55+00:00","mainEntityOfPage":{"@id":"https:\/\/www.uartes.edu.ec\/sitio\/en\/blog\/2022\/03\/04\/poeticas-de-lo-cotidiano-el-programa-quela-biblioteca-de-las-artes-puso-en-marcha\/"},"wordCount":795,"commentCount":0,"publisher":{"@id":"https:\/\/www.uartes.edu.ec\/sitio\/en\/#organization"},"image":{"@id":"https:\/\/www.uartes.edu.ec\/sitio\/en\/blog\/2022\/03\/04\/poeticas-de-lo-cotidiano-el-programa-quela-biblioteca-de-las-artes-puso-en-marcha\/#primaryimage"},"thumbnailUrl":"https:\/\/www.uartes.edu.ec\/sitio\/wp-content\/uploads\/2022\/03\/01-ACTIVIDADES-BIBLIO-ARTES.jpg","keywords":["biblioteca"],"articleSection":["Acad\u00e9mico","Alumni","Docentes","Estudiantes","Literatura"],"inLanguage":"en-US","potentialAction":[{"@type":"CommentAction","name":"Comment","target":["https:\/\/www.uartes.edu.ec\/sitio\/en\/blog\/2022\/03\/04\/poeticas-de-lo-cotidiano-el-programa-quela-biblioteca-de-las-artes-puso-en-marcha\/#respond"]}]},{"@type":["WebPage","ItemPage"],"@id":"https:\/\/www.uartes.edu.ec\/sitio\/en\/blog\/2022\/03\/04\/poeticas-de-lo-cotidiano-el-programa-quela-biblioteca-de-las-artes-puso-en-marcha\/","url":"https:\/\/www.uartes.edu.ec\/sitio\/en\/blog\/2022\/03\/04\/poeticas-de-lo-cotidiano-el-programa-quela-biblioteca-de-las-artes-puso-en-marcha\/","name":"Universidad de las Artes - \u201cPo\u00e9ticas de lo cotidiano\u201d, propuesta literaria de la Biblioteca de las Artes","isPartOf":{"@id":"https:\/\/www.uartes.edu.ec\/sitio\/en\/#website"},"primaryImageOfPage":{"@id":"https:\/\/www.uartes.edu.ec\/sitio\/en\/blog\/2022\/03\/04\/poeticas-de-lo-cotidiano-el-programa-quela-biblioteca-de-las-artes-puso-en-marcha\/#primaryimage"},"image":{"@id":"https:\/\/www.uartes.edu.ec\/sitio\/en\/blog\/2022\/03\/04\/poeticas-de-lo-cotidiano-el-programa-quela-biblioteca-de-las-artes-puso-en-marcha\/#primaryimage"},"thumbnailUrl":"https:\/\/www.uartes.edu.ec\/sitio\/wp-content\/uploads\/2022\/03\/01-ACTIVIDADES-BIBLIO-ARTES.jpg","datePublished":"2022-03-04T21:02:00+00:00","dateModified":"2024-07-04T16:23:55+00:00","description":"Universidad de las Artes - \u201cPo\u00e9ticas de lo cotidiano\u201d, propuesta literaria de la Biblioteca de las Artes","breadcrumb":{"@id":"https:\/\/www.uartes.edu.ec\/sitio\/en\/blog\/2022\/03\/04\/poeticas-de-lo-cotidiano-el-programa-quela-biblioteca-de-las-artes-puso-en-marcha\/#breadcrumb"},"inLanguage":"en-US","potentialAction":[{"@type":"ReadAction","target":["https:\/\/www.uartes.edu.ec\/sitio\/en\/blog\/2022\/03\/04\/poeticas-de-lo-cotidiano-el-programa-quela-biblioteca-de-las-artes-puso-en-marcha\/"]}]},{"@type":"ImageObject","inLanguage":"en-US","@id":"https:\/\/www.uartes.edu.ec\/sitio\/en\/blog\/2022\/03\/04\/poeticas-de-lo-cotidiano-el-programa-quela-biblioteca-de-las-artes-puso-en-marcha\/#primaryimage","url":"https:\/\/www.uartes.edu.ec\/sitio\/wp-content\/uploads\/2022\/03\/01-ACTIVIDADES-BIBLIO-ARTES.jpg","contentUrl":"https:\/\/www.uartes.edu.ec\/sitio\/wp-content\/uploads\/2022\/03\/01-ACTIVIDADES-BIBLIO-ARTES.jpg","width":2000,"height":1333},{"@type":"BreadcrumbList","@id":"https:\/\/www.uartes.edu.ec\/sitio\/en\/blog\/2022\/03\/04\/poeticas-de-lo-cotidiano-el-programa-quela-biblioteca-de-las-artes-puso-en-marcha\/#breadcrumb","itemListElement":[{"@type":"ListItem","position":1,"name":"Inicio","item":"https:\/\/www.uartes.edu.ec\/sitio\/"},{"@type":"ListItem","position":2,"name":"\u201cPo\u00e9ticas de lo cotidiano\u201d, propuesta literaria de la Biblioteca de las Artes"}]},{"@type":"WebSite","@id":"https:\/\/www.uartes.edu.ec\/sitio\/en\/#website","url":"https:\/\/www.uartes.edu.ec\/sitio\/en\/","name":"Universidad de las Artes","description":"Sitio oficial de la Universidad Nacional de las Artes del Ecuador","publisher":{"@id":"https:\/\/www.uartes.edu.ec\/sitio\/en\/#organization"},"potentialAction":[{"@type":"SearchAction","target":{"@type":"EntryPoint","urlTemplate":"https:\/\/www.uartes.edu.ec\/sitio\/en\/?s={search_term_string}"},"query-input":{"@type":"PropertyValueSpecification","valueRequired":true,"valueName":"search_term_string"}}],"inLanguage":"en-US"},{"@type":"Organization","@id":"https:\/\/www.uartes.edu.ec\/sitio\/en\/#organization","name":"Universidad de las Artes","url":"https:\/\/www.uartes.edu.ec\/sitio\/en\/","logo":{"@type":"ImageObject","inLanguage":"en-US","@id":"https:\/\/www.uartes.edu.ec\/sitio\/en\/#\/schema\/logo\/image\/","url":"https:\/\/www.uartes.edu.ec\/sitio\/wp-content\/uploads\/2022\/07\/logo-ua-horizontal.png","contentUrl":"https:\/\/www.uartes.edu.ec\/sitio\/wp-content\/uploads\/2022\/07\/logo-ua-horizontal.png","width":800,"height":276,"caption":"Universidad de las Artes"},"image":{"@id":"https:\/\/www.uartes.edu.ec\/sitio\/en\/#\/schema\/logo\/image\/"},"sameAs":["https:\/\/www.facebook.com\/uartesec","https:\/\/x.com\/uartesec","https:\/\/www.tiktok.com\/@uartesec"]},{"@type":"Person","@id":"https:\/\/www.uartes.edu.ec\/sitio\/en\/#\/schema\/person\/efa1b8275797664fd7f13a79ccc0b1f4","name":"ccortez","image":{"@type":"ImageObject","inLanguage":"en-US","@id":"https:\/\/secure.gravatar.com\/avatar\/b2a6f664a3ae8e074346ef91775736c5ec479e637ecced6842de9dc98b5da9cd?s=96&d=mm&r=g","url":"https:\/\/secure.gravatar.com\/avatar\/b2a6f664a3ae8e074346ef91775736c5ec479e637ecced6842de9dc98b5da9cd?s=96&d=mm&r=g","contentUrl":"https:\/\/secure.gravatar.com\/avatar\/b2a6f664a3ae8e074346ef91775736c5ec479e637ecced6842de9dc98b5da9cd?s=96&d=mm&r=g","caption":"ccortez"},"url":"https:\/\/www.uartes.edu.ec\/sitio\/en\/blog\/author\/ccortez\/"}]}},"uagb_featured_image_src":{"full":["https:\/\/www.uartes.edu.ec\/sitio\/wp-content\/uploads\/2022\/03\/01-ACTIVIDADES-BIBLIO-ARTES.jpg",2000,1333,false],"thumbnail":["https:\/\/www.uartes.edu.ec\/sitio\/wp-content\/uploads\/2022\/03\/01-ACTIVIDADES-BIBLIO-ARTES-150x150.jpg",150,150,true],"medium":["https:\/\/www.uartes.edu.ec\/sitio\/wp-content\/uploads\/2022\/03\/01-ACTIVIDADES-BIBLIO-ARTES-300x200.jpg",300,200,true],"medium_large":["https:\/\/www.uartes.edu.ec\/sitio\/wp-content\/uploads\/2022\/03\/01-ACTIVIDADES-BIBLIO-ARTES-768x512.jpg",768,512,true],"large":["https:\/\/www.uartes.edu.ec\/sitio\/wp-content\/uploads\/2022\/03\/01-ACTIVIDADES-BIBLIO-ARTES-644x429.jpg",644,429,true],"1536x1536":["https:\/\/www.uartes.edu.ec\/sitio\/wp-content\/uploads\/2022\/03\/01-ACTIVIDADES-BIBLIO-ARTES-1536x1024.jpg",1536,1024,true],"2048x2048":["https:\/\/www.uartes.edu.ec\/sitio\/wp-content\/uploads\/2022\/03\/01-ACTIVIDADES-BIBLIO-ARTES.jpg",2000,1333,false],"trp-custom-language-flag":["https:\/\/www.uartes.edu.ec\/sitio\/wp-content\/uploads\/2022\/03\/01-ACTIVIDADES-BIBLIO-ARTES.jpg",18,12,false],"htmega_size_585x295":["https:\/\/www.uartes.edu.ec\/sitio\/wp-content\/uploads\/2022\/03\/01-ACTIVIDADES-BIBLIO-ARTES.jpg",443,295,false],"htmega_size_1170x536":["https:\/\/www.uartes.edu.ec\/sitio\/wp-content\/uploads\/2022\/03\/01-ACTIVIDADES-BIBLIO-ARTES.jpg",804,536,false],"htmega_size_396x360":["https:\/\/www.uartes.edu.ec\/sitio\/wp-content\/uploads\/2022\/03\/01-ACTIVIDADES-BIBLIO-ARTES.jpg",396,264,false],"gb-block-post-grid-landscape":["https:\/\/www.uartes.edu.ec\/sitio\/wp-content\/uploads\/2022\/03\/01-ACTIVIDADES-BIBLIO-ARTES-600x400.jpg",600,400,true],"gb-block-post-grid-square":["https:\/\/www.uartes.edu.ec\/sitio\/wp-content\/uploads\/2022\/03\/01-ACTIVIDADES-BIBLIO-ARTES-600x600.jpg",600,600,true],"university-hub-thumb":["https:\/\/www.uartes.edu.ec\/sitio\/wp-content\/uploads\/2022\/03\/01-ACTIVIDADES-BIBLIO-ARTES-400x267.jpg",400,267,true],"mailpoet_newsletter_max":["https:\/\/www.uartes.edu.ec\/sitio\/wp-content\/uploads\/2022\/03\/01-ACTIVIDADES-BIBLIO-ARTES.jpg",1320,880,false]},"uagb_author_info":{"display_name":"ccortez","author_link":"https:\/\/www.uartes.edu.ec\/sitio\/en\/blog\/author\/ccortez\/"},"uagb_comment_info":0,"uagb_excerpt":"Con el prop\u00f3sito de ofrecer espacios de aproximaci\u00f3n al \u00e1mbito literario, la Biblioteca de las Artes viene desarrollando programas, cursos y talleres dirigidos no solo a su comunidad lectora, sino al p\u00fablico en general \u00e1vido por conocer m\u00e1s sobre las obras y la vida de destacados autores. \u201cPo\u00e9ticas de lo cotidiano: Escritoras ecuatorianas del siglo&hellip;","featured_image_src":"https:\/\/www.uartes.edu.ec\/sitio\/wp-content\/uploads\/2022\/03\/01-ACTIVIDADES-BIBLIO-ARTES-600x400.jpg","featured_image_src_square":"https:\/\/www.uartes.edu.ec\/sitio\/wp-content\/uploads\/2022\/03\/01-ACTIVIDADES-BIBLIO-ARTES-600x600.jpg","author_info":{"display_name":"ccortez","author_link":"https:\/\/www.uartes.edu.ec\/sitio\/en\/blog\/author\/ccortez\/"},"publishpress_future_workflow_manual_trigger":{"enabledWorkflows":[]},"distributor_meta":false,"distributor_terms":false,"distributor_media":false,"distributor_original_site_name":"Universidad de las Artes","distributor_original_site_url":"https:\/\/www.uartes.edu.ec\/sitio\/en","push-errors":false,"_links":{"self":[{"href":"https:\/\/www.uartes.edu.ec\/sitio\/en\/wp-json\/wp\/v2\/posts\/19781","targetHints":{"allow":["GET"]}}],"collection":[{"href":"https:\/\/www.uartes.edu.ec\/sitio\/en\/wp-json\/wp\/v2\/posts"}],"about":[{"href":"https:\/\/www.uartes.edu.ec\/sitio\/en\/wp-json\/wp\/v2\/types\/post"}],"author":[{"embeddable":true,"href":"https:\/\/www.uartes.edu.ec\/sitio\/en\/wp-json\/wp\/v2\/users\/10"}],"replies":[{"embeddable":true,"href":"https:\/\/www.uartes.edu.ec\/sitio\/en\/wp-json\/wp\/v2\/comments?post=19781"}],"version-history":[{"count":5,"href":"https:\/\/www.uartes.edu.ec\/sitio\/en\/wp-json\/wp\/v2\/posts\/19781\/revisions"}],"predecessor-version":[{"id":20430,"href":"https:\/\/www.uartes.edu.ec\/sitio\/en\/wp-json\/wp\/v2\/posts\/19781\/revisions\/20430"}],"wp:featuredmedia":[{"embeddable":true,"href":"https:\/\/www.uartes.edu.ec\/sitio\/en\/wp-json\/wp\/v2\/media\/19782"}],"wp:attachment":[{"href":"https:\/\/www.uartes.edu.ec\/sitio\/en\/wp-json\/wp\/v2\/media?parent=19781"}],"wp:term":[{"taxonomy":"category","embeddable":true,"href":"https:\/\/www.uartes.edu.ec\/sitio\/en\/wp-json\/wp\/v2\/categories?post=19781"},{"taxonomy":"post_tag","embeddable":true,"href":"https:\/\/www.uartes.edu.ec\/sitio\/en\/wp-json\/wp\/v2\/tags?post=19781"},{"taxonomy":"infouartes","embeddable":true,"href":"https:\/\/www.uartes.edu.ec\/sitio\/en\/wp-json\/wp\/v2\/infouartes?post=19781"}],"curies":[{"name":"wp","href":"https:\/\/api.w.org\/{rel}","templated":true}]}}