{"id":20010,"date":"2022-03-14T16:17:00","date_gmt":"2022-03-14T21:17:00","guid":{"rendered":"http:\/\/www.uartes.edu.ec\/sitio\/?p=20010"},"modified":"2024-07-04T11:23:53","modified_gmt":"2024-07-04T16:23:53","slug":"termometro-cultural-del-observatorio-uartes-revela-baja-de-ingresos-de-trabajadores-culturales-resultados-de-2-a-medicion","status":"publish","type":"post","link":"https:\/\/www.uartes.edu.ec\/sitio\/en\/blog\/2022\/03\/14\/termometro-cultural-del-observatorio-uartes-revela-baja-de-ingresos-de-trabajadores-culturales-resultados-de-2-a-medicion\/","title":{"rendered":"Bajan los ingresos de los trabajadores culturales revela la 2.\u00aa medici\u00f3n del Term\u00f3metro Cultural de Observatorio"},"content":{"rendered":"<p>La Universidad de las Artes cuenta desde hace 2 a\u00f1os con el Observatorio de Pol\u00edticas y Econom\u00eda de la Cultura, cuyo objetivo es promover el an\u00e1lisis, la investigaci\u00f3n, el debate y la divulgaci\u00f3n de informaci\u00f3n estad\u00edstica relevante, as\u00ed como la generaci\u00f3n de indicadores cuantitativos y cualitativos que aporten al desarrollo de pol\u00edticas p\u00fablicas en fomento a las actividades art\u00edsticas, culturales y creativas a nivel regional y nacional.<\/p>\n\n\n\n<p>Uno de sus productos es el Term\u00f3metro Cultural, que en el 2020 \u2013en el marco del impacto causado por la pandemia por COVID-19 en todos los sectores de la econom\u00eda, tambi\u00e9n en el cultural\u2013 public\u00f3 los resultados de una primera medici\u00f3n de las condiciones laborales en los trabajadores de las artes y la cultura en el Ecuador.<\/p>\n\n\n\n<p>El Observatorio de la UArtes continu\u00f3 con su labor investigativa y en el 2021 realiz\u00f3 una segunda encuesta que permitiera estudiar la situaci\u00f3n de empleo e ingresos de los trabajadores de las artes y la cultura, esto tras la extensi\u00f3n de la crisis por un a\u00f1o m\u00e1s. A esta segunda medici\u00f3n respondieron 1.171 artistas.<\/p>\n\n\n\n<p>De los resultados m\u00e1s predominantes se desprende que: el 55.76% declar\u00f3 ejercer m\u00e1s de una actividad en este campo, es decir, ejercer el pluriempleo. El 75.09% dijo que sus ingresos en la actividad cultural fueron iguales o menores en relaci\u00f3n al 2020. El ingreso promedio baj\u00f3 de USD 591,64 a USD 563,48 para la actividad cultural principal. El 44.49% realiz\u00f3 actividades no culturales para equilibrar sus ingresos, cifra que en 2020 fue del 33.66%, lo cual evidencia la no recuperaci\u00f3n de acudir a fuentes de ingreso fuera del sector cultural. El 39.80% se encuentra paralizado en sus actividades culturales. El 36.81% recurri\u00f3 a pr\u00e9stamos y refinanciamiento de deudas. Y, el 84.73%, declar\u00f3 no haber recibido ayuda por parte del Estado.<\/p>\n\n\n\n<p>Bajo estos antecedentes, los artistas hacen un llamado al Estado para que consideren tomar medidas que aseguren su sostenibilidad y a la ciudadan\u00eda para que conecte nuevamente con el arte, en todas las actividades que se propicien: funciones art\u00edsticas de danza, teatro, conciertos, exposiciones de artes visuales, adquisici\u00f3n de libros, etc., ya que la remuneraci\u00f3n en este sector est\u00e1 en el tiempo y aprecio que se le dedique a la puesta en escena de los trabajadores culturales.<\/p>\n\n\n\n<p>Los resultados de la segunda medici\u00f3n de las condiciones laborales en los trabajadores de las artes y la cultura en el Ecuador ser\u00e1n discutidos en el Segundo Encuentro de Pol\u00edticas y Econom\u00eda de la Cultura, que se desarrollar\u00e1 en Quito del 21 al 24 de junio pr\u00f3ximo, en colaboraci\u00f3n con la Secretar\u00eda de Cultura del Distrito Metropolitano. La cita se presenta como una oportunidad para ampliar los debates colectivos en torno a estas y otras problem\u00e1ticas de gran relevancia para el campo cultural.<\/p>\n\n\n\n<p>Puede descargar la segunda encuesta en este link: <br><a href=\"http:\/\/observatorio.uartes.edu.ec\/termometro-cultural-2\/\">http:\/\/observatorio.uartes.edu.ec\/termometro-cultural-2\/<\/a><\/p>","protected":false},"excerpt":{"rendered":"<p>El Observatorio UArtes promueve el an\u00e1lisis, la investigaci\u00f3n, el debate y la divulgaci\u00f3n de informaci\u00f3n estad\u00edstica relevante. Uno de sus productos, el Term\u00f3metro Cultural, public\u00f3 que en 2020 \u2013en el marco del impacto pand\u00e9mico\u2013 los resultados de una 1.\u00aa medici\u00f3n de las condiciones laborales en los trabajadores de la cultura en el pa\u00eds. En 2021 hizo una 2.\u00aa encuesta. Aqu\u00ed los resultados.<\/p>","protected":false},"author":10,"featured_media":20011,"comment_status":"open","ping_status":"open","sticky":false,"template":"","format":"standard","meta":{"_acf_changed":false,"_uag_custom_page_level_css":"","_monsterinsights_skip_tracking":false,"_monsterinsights_sitenote_active":false,"_monsterinsights_sitenote_note":"","_monsterinsights_sitenote_category":0,"cybocfi_hide_featured_image":"","footnotes":""},"categories":[80,75,76,284],"tags":[608],"infouartes":[],"class_list":["post-20010","post","type-post","status-publish","format-standard","has-post-thumbnail","hentry","category-academico","category-docentes","category-estudiantes","category-investigacion","tag-observatorio"],"acf":[],"yoast_head":"<!-- This site is optimized with the Yoast SEO plugin v27.4 - https:\/\/yoast.com\/product\/yoast-seo-wordpress\/ -->\n<title>Universidad de las Artes - Bajan los ingresos de los trabajadores culturales revela la 2.\u00aa medici\u00f3n del Term\u00f3metro Cultural de Observatorio<\/title>\n<meta name=\"description\" content=\"Universidad de las Artes - Bajan los ingresos de los trabajadores culturales revela la 2.\u00aa medici\u00f3n del Term\u00f3metro Cultural de Observatorio\" \/>\n<meta name=\"robots\" content=\"index, follow, max-snippet:-1, max-image-preview:large, max-video-preview:-1\" \/>\n<link rel=\"canonical\" href=\"https:\/\/www.uartes.edu.ec\/sitio\/en\/blog\/2022\/03\/14\/termometro-cultural-del-observatorio-uartes-revela-baja-de-ingresos-de-trabajadores-culturales-resultados-de-2-a-medicion\/\" \/>\n<meta property=\"og:locale\" content=\"en_US\" \/>\n<meta property=\"og:type\" content=\"article\" \/>\n<meta property=\"og:title\" content=\"Universidad de las Artes - Bajan los ingresos de los trabajadores culturales revela la 2.\u00aa medici\u00f3n del Term\u00f3metro Cultural de Observatorio\" \/>\n<meta property=\"og:description\" content=\"Universidad de las Artes - Bajan los ingresos de los trabajadores culturales revela la 2.\u00aa medici\u00f3n del Term\u00f3metro Cultural de Observatorio\" \/>\n<meta property=\"og:url\" content=\"https:\/\/www.uartes.edu.ec\/sitio\/en\/blog\/2022\/03\/14\/termometro-cultural-del-observatorio-uartes-revela-baja-de-ingresos-de-trabajadores-culturales-resultados-de-2-a-medicion\/\" \/>\n<meta property=\"og:site_name\" content=\"Universidad de las Artes\" \/>\n<meta property=\"article:publisher\" content=\"https:\/\/www.facebook.com\/uartesec\" \/>\n<meta property=\"article:published_time\" content=\"2022-03-14T21:17:00+00:00\" \/>\n<meta property=\"article:modified_time\" content=\"2024-07-04T16:23:53+00:00\" \/>\n<meta property=\"og:image\" content=\"https:\/\/www.uartes.edu.ec\/sitio\/wp-content\/uploads\/2022\/03\/TERMOMETRO-CULTURAL-WEB.jpg\" \/>\n\t<meta property=\"og:image:width\" content=\"2000\" \/>\n\t<meta property=\"og:image:height\" content=\"1333\" \/>\n\t<meta property=\"og:image:type\" content=\"image\/jpeg\" \/>\n<meta name=\"author\" content=\"ccortez\" \/>\n<meta name=\"twitter:card\" content=\"summary_large_image\" \/>\n<meta name=\"twitter:creator\" content=\"@uartesec\" \/>\n<meta name=\"twitter:site\" content=\"@uartesec\" \/>\n<meta name=\"twitter:label1\" content=\"Written by\" \/>\n\t<meta name=\"twitter:data1\" content=\"ccortez\" \/>\n\t<meta name=\"twitter:label2\" content=\"Est. reading time\" \/>\n\t<meta name=\"twitter:data2\" content=\"3 minutes\" \/>\n<script type=\"application\/ld+json\" class=\"yoast-schema-graph\">{\"@context\":\"https:\\\/\\\/schema.org\",\"@graph\":[{\"@type\":\"Article\",\"@id\":\"https:\\\/\\\/www.uartes.edu.ec\\\/sitio\\\/en\\\/blog\\\/2022\\\/03\\\/14\\\/termometro-cultural-del-observatorio-uartes-revela-baja-de-ingresos-de-trabajadores-culturales-resultados-de-2-a-medicion\\\/#article\",\"isPartOf\":{\"@id\":\"https:\\\/\\\/www.uartes.edu.ec\\\/sitio\\\/en\\\/blog\\\/2022\\\/03\\\/14\\\/termometro-cultural-del-observatorio-uartes-revela-baja-de-ingresos-de-trabajadores-culturales-resultados-de-2-a-medicion\\\/\"},\"author\":{\"name\":\"ccortez\",\"@id\":\"https:\\\/\\\/www.uartes.edu.ec\\\/sitio\\\/en\\\/#\\\/schema\\\/person\\\/efa1b8275797664fd7f13a79ccc0b1f4\"},\"headline\":\"Bajan los ingresos de los trabajadores culturales revela la 2.\u00aa medici\u00f3n del Term\u00f3metro Cultural de Observatorio\",\"datePublished\":\"2022-03-14T21:17:00+00:00\",\"dateModified\":\"2024-07-04T16:23:53+00:00\",\"mainEntityOfPage\":{\"@id\":\"https:\\\/\\\/www.uartes.edu.ec\\\/sitio\\\/en\\\/blog\\\/2022\\\/03\\\/14\\\/termometro-cultural-del-observatorio-uartes-revela-baja-de-ingresos-de-trabajadores-culturales-resultados-de-2-a-medicion\\\/\"},\"wordCount\":510,\"commentCount\":0,\"publisher\":{\"@id\":\"https:\\\/\\\/www.uartes.edu.ec\\\/sitio\\\/en\\\/#organization\"},\"image\":{\"@id\":\"https:\\\/\\\/www.uartes.edu.ec\\\/sitio\\\/en\\\/blog\\\/2022\\\/03\\\/14\\\/termometro-cultural-del-observatorio-uartes-revela-baja-de-ingresos-de-trabajadores-culturales-resultados-de-2-a-medicion\\\/#primaryimage\"},\"thumbnailUrl\":\"https:\\\/\\\/www.uartes.edu.ec\\\/sitio\\\/wp-content\\\/uploads\\\/2022\\\/03\\\/TERMOMETRO-CULTURAL-WEB.jpg\",\"keywords\":[\"observatorio\"],\"articleSection\":[\"Acad\u00e9mico\",\"Docentes\",\"Estudiantes\",\"Investigaci\u00f3n\"],\"inLanguage\":\"en-US\",\"potentialAction\":[{\"@type\":\"CommentAction\",\"name\":\"Comment\",\"target\":[\"https:\\\/\\\/www.uartes.edu.ec\\\/sitio\\\/en\\\/blog\\\/2022\\\/03\\\/14\\\/termometro-cultural-del-observatorio-uartes-revela-baja-de-ingresos-de-trabajadores-culturales-resultados-de-2-a-medicion\\\/#respond\"]}]},{\"@type\":[\"WebPage\",\"ItemPage\"],\"@id\":\"https:\\\/\\\/www.uartes.edu.ec\\\/sitio\\\/en\\\/blog\\\/2022\\\/03\\\/14\\\/termometro-cultural-del-observatorio-uartes-revela-baja-de-ingresos-de-trabajadores-culturales-resultados-de-2-a-medicion\\\/\",\"url\":\"https:\\\/\\\/www.uartes.edu.ec\\\/sitio\\\/en\\\/blog\\\/2022\\\/03\\\/14\\\/termometro-cultural-del-observatorio-uartes-revela-baja-de-ingresos-de-trabajadores-culturales-resultados-de-2-a-medicion\\\/\",\"name\":\"Universidad de las Artes - Bajan los ingresos de los trabajadores culturales revela la 2.\u00aa medici\u00f3n del Term\u00f3metro Cultural de Observatorio\",\"isPartOf\":{\"@id\":\"https:\\\/\\\/www.uartes.edu.ec\\\/sitio\\\/en\\\/#website\"},\"primaryImageOfPage\":{\"@id\":\"https:\\\/\\\/www.uartes.edu.ec\\\/sitio\\\/en\\\/blog\\\/2022\\\/03\\\/14\\\/termometro-cultural-del-observatorio-uartes-revela-baja-de-ingresos-de-trabajadores-culturales-resultados-de-2-a-medicion\\\/#primaryimage\"},\"image\":{\"@id\":\"https:\\\/\\\/www.uartes.edu.ec\\\/sitio\\\/en\\\/blog\\\/2022\\\/03\\\/14\\\/termometro-cultural-del-observatorio-uartes-revela-baja-de-ingresos-de-trabajadores-culturales-resultados-de-2-a-medicion\\\/#primaryimage\"},\"thumbnailUrl\":\"https:\\\/\\\/www.uartes.edu.ec\\\/sitio\\\/wp-content\\\/uploads\\\/2022\\\/03\\\/TERMOMETRO-CULTURAL-WEB.jpg\",\"datePublished\":\"2022-03-14T21:17:00+00:00\",\"dateModified\":\"2024-07-04T16:23:53+00:00\",\"description\":\"Universidad de las Artes - Bajan los ingresos de los trabajadores culturales revela la 2.\u00aa medici\u00f3n del Term\u00f3metro Cultural de Observatorio\",\"breadcrumb\":{\"@id\":\"https:\\\/\\\/www.uartes.edu.ec\\\/sitio\\\/en\\\/blog\\\/2022\\\/03\\\/14\\\/termometro-cultural-del-observatorio-uartes-revela-baja-de-ingresos-de-trabajadores-culturales-resultados-de-2-a-medicion\\\/#breadcrumb\"},\"inLanguage\":\"en-US\",\"potentialAction\":[{\"@type\":\"ReadAction\",\"target\":[\"https:\\\/\\\/www.uartes.edu.ec\\\/sitio\\\/en\\\/blog\\\/2022\\\/03\\\/14\\\/termometro-cultural-del-observatorio-uartes-revela-baja-de-ingresos-de-trabajadores-culturales-resultados-de-2-a-medicion\\\/\"]}]},{\"@type\":\"ImageObject\",\"inLanguage\":\"en-US\",\"@id\":\"https:\\\/\\\/www.uartes.edu.ec\\\/sitio\\\/en\\\/blog\\\/2022\\\/03\\\/14\\\/termometro-cultural-del-observatorio-uartes-revela-baja-de-ingresos-de-trabajadores-culturales-resultados-de-2-a-medicion\\\/#primaryimage\",\"url\":\"https:\\\/\\\/www.uartes.edu.ec\\\/sitio\\\/wp-content\\\/uploads\\\/2022\\\/03\\\/TERMOMETRO-CULTURAL-WEB.jpg\",\"contentUrl\":\"https:\\\/\\\/www.uartes.edu.ec\\\/sitio\\\/wp-content\\\/uploads\\\/2022\\\/03\\\/TERMOMETRO-CULTURAL-WEB.jpg\",\"width\":2000,\"height\":1333},{\"@type\":\"BreadcrumbList\",\"@id\":\"https:\\\/\\\/www.uartes.edu.ec\\\/sitio\\\/en\\\/blog\\\/2022\\\/03\\\/14\\\/termometro-cultural-del-observatorio-uartes-revela-baja-de-ingresos-de-trabajadores-culturales-resultados-de-2-a-medicion\\\/#breadcrumb\",\"itemListElement\":[{\"@type\":\"ListItem\",\"position\":1,\"name\":\"Inicio\",\"item\":\"https:\\\/\\\/www.uartes.edu.ec\\\/sitio\\\/\"},{\"@type\":\"ListItem\",\"position\":2,\"name\":\"Bajan los ingresos de los trabajadores culturales revela la 2.\u00aa medici\u00f3n del Term\u00f3metro Cultural de Observatorio\"}]},{\"@type\":\"WebSite\",\"@id\":\"https:\\\/\\\/www.uartes.edu.ec\\\/sitio\\\/en\\\/#website\",\"url\":\"https:\\\/\\\/www.uartes.edu.ec\\\/sitio\\\/en\\\/\",\"name\":\"Universidad de las Artes\",\"description\":\"Sitio oficial de la Universidad Nacional de las Artes del Ecuador\",\"publisher\":{\"@id\":\"https:\\\/\\\/www.uartes.edu.ec\\\/sitio\\\/en\\\/#organization\"},\"potentialAction\":[{\"@type\":\"SearchAction\",\"target\":{\"@type\":\"EntryPoint\",\"urlTemplate\":\"https:\\\/\\\/www.uartes.edu.ec\\\/sitio\\\/en\\\/?s={search_term_string}\"},\"query-input\":{\"@type\":\"PropertyValueSpecification\",\"valueRequired\":true,\"valueName\":\"search_term_string\"}}],\"inLanguage\":\"en-US\"},{\"@type\":\"Organization\",\"@id\":\"https:\\\/\\\/www.uartes.edu.ec\\\/sitio\\\/en\\\/#organization\",\"name\":\"Universidad de las Artes\",\"url\":\"https:\\\/\\\/www.uartes.edu.ec\\\/sitio\\\/en\\\/\",\"logo\":{\"@type\":\"ImageObject\",\"inLanguage\":\"en-US\",\"@id\":\"https:\\\/\\\/www.uartes.edu.ec\\\/sitio\\\/en\\\/#\\\/schema\\\/logo\\\/image\\\/\",\"url\":\"https:\\\/\\\/www.uartes.edu.ec\\\/sitio\\\/wp-content\\\/uploads\\\/2022\\\/07\\\/logo-ua-horizontal.png\",\"contentUrl\":\"https:\\\/\\\/www.uartes.edu.ec\\\/sitio\\\/wp-content\\\/uploads\\\/2022\\\/07\\\/logo-ua-horizontal.png\",\"width\":800,\"height\":276,\"caption\":\"Universidad de las Artes\"},\"image\":{\"@id\":\"https:\\\/\\\/www.uartes.edu.ec\\\/sitio\\\/en\\\/#\\\/schema\\\/logo\\\/image\\\/\"},\"sameAs\":[\"https:\\\/\\\/www.facebook.com\\\/uartesec\",\"https:\\\/\\\/x.com\\\/uartesec\",\"https:\\\/\\\/www.tiktok.com\\\/@uartesec\"]},{\"@type\":\"Person\",\"@id\":\"https:\\\/\\\/www.uartes.edu.ec\\\/sitio\\\/en\\\/#\\\/schema\\\/person\\\/efa1b8275797664fd7f13a79ccc0b1f4\",\"name\":\"ccortez\",\"image\":{\"@type\":\"ImageObject\",\"inLanguage\":\"en-US\",\"@id\":\"https:\\\/\\\/secure.gravatar.com\\\/avatar\\\/b2a6f664a3ae8e074346ef91775736c5ec479e637ecced6842de9dc98b5da9cd?s=96&d=mm&r=g\",\"url\":\"https:\\\/\\\/secure.gravatar.com\\\/avatar\\\/b2a6f664a3ae8e074346ef91775736c5ec479e637ecced6842de9dc98b5da9cd?s=96&d=mm&r=g\",\"contentUrl\":\"https:\\\/\\\/secure.gravatar.com\\\/avatar\\\/b2a6f664a3ae8e074346ef91775736c5ec479e637ecced6842de9dc98b5da9cd?s=96&d=mm&r=g\",\"caption\":\"ccortez\"},\"url\":\"https:\\\/\\\/www.uartes.edu.ec\\\/sitio\\\/en\\\/blog\\\/author\\\/ccortez\\\/\"}]}<\/script>\n<!-- \/ Yoast SEO plugin. -->","yoast_head_json":{"title":"Universidad de las Artes - Bajan los ingresos de los trabajadores culturales revela la 2.\u00aa medici\u00f3n del Term\u00f3metro Cultural de Observatorio","description":"Universidad de las Artes - Bajan los ingresos de los trabajadores culturales revela la 2.\u00aa medici\u00f3n del Term\u00f3metro Cultural de Observatorio","robots":{"index":"index","follow":"follow","max-snippet":"max-snippet:-1","max-image-preview":"max-image-preview:large","max-video-preview":"max-video-preview:-1"},"canonical":"https:\/\/www.uartes.edu.ec\/sitio\/en\/blog\/2022\/03\/14\/termometro-cultural-del-observatorio-uartes-revela-baja-de-ingresos-de-trabajadores-culturales-resultados-de-2-a-medicion\/","og_locale":"en_US","og_type":"article","og_title":"Universidad de las Artes - Bajan los ingresos de los trabajadores culturales revela la 2.\u00aa medici\u00f3n del Term\u00f3metro Cultural de Observatorio","og_description":"Universidad de las Artes - Bajan los ingresos de los trabajadores culturales revela la 2.\u00aa medici\u00f3n del Term\u00f3metro Cultural de Observatorio","og_url":"https:\/\/www.uartes.edu.ec\/sitio\/en\/blog\/2022\/03\/14\/termometro-cultural-del-observatorio-uartes-revela-baja-de-ingresos-de-trabajadores-culturales-resultados-de-2-a-medicion\/","og_site_name":"Universidad de las Artes","article_publisher":"https:\/\/www.facebook.com\/uartesec","article_published_time":"2022-03-14T21:17:00+00:00","article_modified_time":"2024-07-04T16:23:53+00:00","og_image":[{"width":2000,"height":1333,"url":"https:\/\/www.uartes.edu.ec\/sitio\/wp-content\/uploads\/2022\/03\/TERMOMETRO-CULTURAL-WEB.jpg","type":"image\/jpeg"}],"author":"ccortez","twitter_card":"summary_large_image","twitter_creator":"@uartesec","twitter_site":"@uartesec","twitter_misc":{"Written by":"ccortez","Est. reading time":"3 minutes"},"schema":{"@context":"https:\/\/schema.org","@graph":[{"@type":"Article","@id":"https:\/\/www.uartes.edu.ec\/sitio\/en\/blog\/2022\/03\/14\/termometro-cultural-del-observatorio-uartes-revela-baja-de-ingresos-de-trabajadores-culturales-resultados-de-2-a-medicion\/#article","isPartOf":{"@id":"https:\/\/www.uartes.edu.ec\/sitio\/en\/blog\/2022\/03\/14\/termometro-cultural-del-observatorio-uartes-revela-baja-de-ingresos-de-trabajadores-culturales-resultados-de-2-a-medicion\/"},"author":{"name":"ccortez","@id":"https:\/\/www.uartes.edu.ec\/sitio\/en\/#\/schema\/person\/efa1b8275797664fd7f13a79ccc0b1f4"},"headline":"Bajan los ingresos de los trabajadores culturales revela la 2.\u00aa medici\u00f3n del Term\u00f3metro Cultural de Observatorio","datePublished":"2022-03-14T21:17:00+00:00","dateModified":"2024-07-04T16:23:53+00:00","mainEntityOfPage":{"@id":"https:\/\/www.uartes.edu.ec\/sitio\/en\/blog\/2022\/03\/14\/termometro-cultural-del-observatorio-uartes-revela-baja-de-ingresos-de-trabajadores-culturales-resultados-de-2-a-medicion\/"},"wordCount":510,"commentCount":0,"publisher":{"@id":"https:\/\/www.uartes.edu.ec\/sitio\/en\/#organization"},"image":{"@id":"https:\/\/www.uartes.edu.ec\/sitio\/en\/blog\/2022\/03\/14\/termometro-cultural-del-observatorio-uartes-revela-baja-de-ingresos-de-trabajadores-culturales-resultados-de-2-a-medicion\/#primaryimage"},"thumbnailUrl":"https:\/\/www.uartes.edu.ec\/sitio\/wp-content\/uploads\/2022\/03\/TERMOMETRO-CULTURAL-WEB.jpg","keywords":["observatorio"],"articleSection":["Acad\u00e9mico","Docentes","Estudiantes","Investigaci\u00f3n"],"inLanguage":"en-US","potentialAction":[{"@type":"CommentAction","name":"Comment","target":["https:\/\/www.uartes.edu.ec\/sitio\/en\/blog\/2022\/03\/14\/termometro-cultural-del-observatorio-uartes-revela-baja-de-ingresos-de-trabajadores-culturales-resultados-de-2-a-medicion\/#respond"]}]},{"@type":["WebPage","ItemPage"],"@id":"https:\/\/www.uartes.edu.ec\/sitio\/en\/blog\/2022\/03\/14\/termometro-cultural-del-observatorio-uartes-revela-baja-de-ingresos-de-trabajadores-culturales-resultados-de-2-a-medicion\/","url":"https:\/\/www.uartes.edu.ec\/sitio\/en\/blog\/2022\/03\/14\/termometro-cultural-del-observatorio-uartes-revela-baja-de-ingresos-de-trabajadores-culturales-resultados-de-2-a-medicion\/","name":"Universidad de las Artes - Bajan los ingresos de los trabajadores culturales revela la 2.\u00aa medici\u00f3n del Term\u00f3metro Cultural de Observatorio","isPartOf":{"@id":"https:\/\/www.uartes.edu.ec\/sitio\/en\/#website"},"primaryImageOfPage":{"@id":"https:\/\/www.uartes.edu.ec\/sitio\/en\/blog\/2022\/03\/14\/termometro-cultural-del-observatorio-uartes-revela-baja-de-ingresos-de-trabajadores-culturales-resultados-de-2-a-medicion\/#primaryimage"},"image":{"@id":"https:\/\/www.uartes.edu.ec\/sitio\/en\/blog\/2022\/03\/14\/termometro-cultural-del-observatorio-uartes-revela-baja-de-ingresos-de-trabajadores-culturales-resultados-de-2-a-medicion\/#primaryimage"},"thumbnailUrl":"https:\/\/www.uartes.edu.ec\/sitio\/wp-content\/uploads\/2022\/03\/TERMOMETRO-CULTURAL-WEB.jpg","datePublished":"2022-03-14T21:17:00+00:00","dateModified":"2024-07-04T16:23:53+00:00","description":"Universidad de las Artes - Bajan los ingresos de los trabajadores culturales revela la 2.\u00aa medici\u00f3n del Term\u00f3metro Cultural de Observatorio","breadcrumb":{"@id":"https:\/\/www.uartes.edu.ec\/sitio\/en\/blog\/2022\/03\/14\/termometro-cultural-del-observatorio-uartes-revela-baja-de-ingresos-de-trabajadores-culturales-resultados-de-2-a-medicion\/#breadcrumb"},"inLanguage":"en-US","potentialAction":[{"@type":"ReadAction","target":["https:\/\/www.uartes.edu.ec\/sitio\/en\/blog\/2022\/03\/14\/termometro-cultural-del-observatorio-uartes-revela-baja-de-ingresos-de-trabajadores-culturales-resultados-de-2-a-medicion\/"]}]},{"@type":"ImageObject","inLanguage":"en-US","@id":"https:\/\/www.uartes.edu.ec\/sitio\/en\/blog\/2022\/03\/14\/termometro-cultural-del-observatorio-uartes-revela-baja-de-ingresos-de-trabajadores-culturales-resultados-de-2-a-medicion\/#primaryimage","url":"https:\/\/www.uartes.edu.ec\/sitio\/wp-content\/uploads\/2022\/03\/TERMOMETRO-CULTURAL-WEB.jpg","contentUrl":"https:\/\/www.uartes.edu.ec\/sitio\/wp-content\/uploads\/2022\/03\/TERMOMETRO-CULTURAL-WEB.jpg","width":2000,"height":1333},{"@type":"BreadcrumbList","@id":"https:\/\/www.uartes.edu.ec\/sitio\/en\/blog\/2022\/03\/14\/termometro-cultural-del-observatorio-uartes-revela-baja-de-ingresos-de-trabajadores-culturales-resultados-de-2-a-medicion\/#breadcrumb","itemListElement":[{"@type":"ListItem","position":1,"name":"Inicio","item":"https:\/\/www.uartes.edu.ec\/sitio\/"},{"@type":"ListItem","position":2,"name":"Bajan los ingresos de los trabajadores culturales revela la 2.\u00aa medici\u00f3n del Term\u00f3metro Cultural de Observatorio"}]},{"@type":"WebSite","@id":"https:\/\/www.uartes.edu.ec\/sitio\/en\/#website","url":"https:\/\/www.uartes.edu.ec\/sitio\/en\/","name":"Universidad de las Artes","description":"Sitio oficial de la Universidad Nacional de las Artes del Ecuador","publisher":{"@id":"https:\/\/www.uartes.edu.ec\/sitio\/en\/#organization"},"potentialAction":[{"@type":"SearchAction","target":{"@type":"EntryPoint","urlTemplate":"https:\/\/www.uartes.edu.ec\/sitio\/en\/?s={search_term_string}"},"query-input":{"@type":"PropertyValueSpecification","valueRequired":true,"valueName":"search_term_string"}}],"inLanguage":"en-US"},{"@type":"Organization","@id":"https:\/\/www.uartes.edu.ec\/sitio\/en\/#organization","name":"Universidad de las Artes","url":"https:\/\/www.uartes.edu.ec\/sitio\/en\/","logo":{"@type":"ImageObject","inLanguage":"en-US","@id":"https:\/\/www.uartes.edu.ec\/sitio\/en\/#\/schema\/logo\/image\/","url":"https:\/\/www.uartes.edu.ec\/sitio\/wp-content\/uploads\/2022\/07\/logo-ua-horizontal.png","contentUrl":"https:\/\/www.uartes.edu.ec\/sitio\/wp-content\/uploads\/2022\/07\/logo-ua-horizontal.png","width":800,"height":276,"caption":"Universidad de las Artes"},"image":{"@id":"https:\/\/www.uartes.edu.ec\/sitio\/en\/#\/schema\/logo\/image\/"},"sameAs":["https:\/\/www.facebook.com\/uartesec","https:\/\/x.com\/uartesec","https:\/\/www.tiktok.com\/@uartesec"]},{"@type":"Person","@id":"https:\/\/www.uartes.edu.ec\/sitio\/en\/#\/schema\/person\/efa1b8275797664fd7f13a79ccc0b1f4","name":"ccortez","image":{"@type":"ImageObject","inLanguage":"en-US","@id":"https:\/\/secure.gravatar.com\/avatar\/b2a6f664a3ae8e074346ef91775736c5ec479e637ecced6842de9dc98b5da9cd?s=96&d=mm&r=g","url":"https:\/\/secure.gravatar.com\/avatar\/b2a6f664a3ae8e074346ef91775736c5ec479e637ecced6842de9dc98b5da9cd?s=96&d=mm&r=g","contentUrl":"https:\/\/secure.gravatar.com\/avatar\/b2a6f664a3ae8e074346ef91775736c5ec479e637ecced6842de9dc98b5da9cd?s=96&d=mm&r=g","caption":"ccortez"},"url":"https:\/\/www.uartes.edu.ec\/sitio\/en\/blog\/author\/ccortez\/"}]}},"uagb_featured_image_src":{"full":["https:\/\/www.uartes.edu.ec\/sitio\/wp-content\/uploads\/2022\/03\/TERMOMETRO-CULTURAL-WEB.jpg",2000,1333,false],"thumbnail":["https:\/\/www.uartes.edu.ec\/sitio\/wp-content\/uploads\/2022\/03\/TERMOMETRO-CULTURAL-WEB-150x150.jpg",150,150,true],"medium":["https:\/\/www.uartes.edu.ec\/sitio\/wp-content\/uploads\/2022\/03\/TERMOMETRO-CULTURAL-WEB-300x200.jpg",300,200,true],"medium_large":["https:\/\/www.uartes.edu.ec\/sitio\/wp-content\/uploads\/2022\/03\/TERMOMETRO-CULTURAL-WEB-768x512.jpg",768,512,true],"large":["https:\/\/www.uartes.edu.ec\/sitio\/wp-content\/uploads\/2022\/03\/TERMOMETRO-CULTURAL-WEB-644x429.jpg",644,429,true],"1536x1536":["https:\/\/www.uartes.edu.ec\/sitio\/wp-content\/uploads\/2022\/03\/TERMOMETRO-CULTURAL-WEB-1536x1024.jpg",1536,1024,true],"2048x2048":["https:\/\/www.uartes.edu.ec\/sitio\/wp-content\/uploads\/2022\/03\/TERMOMETRO-CULTURAL-WEB.jpg",2000,1333,false],"trp-custom-language-flag":["https:\/\/www.uartes.edu.ec\/sitio\/wp-content\/uploads\/2022\/03\/TERMOMETRO-CULTURAL-WEB.jpg",18,12,false],"htmega_size_585x295":["https:\/\/www.uartes.edu.ec\/sitio\/wp-content\/uploads\/2022\/03\/TERMOMETRO-CULTURAL-WEB.jpg",443,295,false],"htmega_size_1170x536":["https:\/\/www.uartes.edu.ec\/sitio\/wp-content\/uploads\/2022\/03\/TERMOMETRO-CULTURAL-WEB.jpg",804,536,false],"htmega_size_396x360":["https:\/\/www.uartes.edu.ec\/sitio\/wp-content\/uploads\/2022\/03\/TERMOMETRO-CULTURAL-WEB.jpg",396,264,false],"gb-block-post-grid-landscape":["https:\/\/www.uartes.edu.ec\/sitio\/wp-content\/uploads\/2022\/03\/TERMOMETRO-CULTURAL-WEB-600x400.jpg",600,400,true],"gb-block-post-grid-square":["https:\/\/www.uartes.edu.ec\/sitio\/wp-content\/uploads\/2022\/03\/TERMOMETRO-CULTURAL-WEB-600x600.jpg",600,600,true],"university-hub-thumb":["https:\/\/www.uartes.edu.ec\/sitio\/wp-content\/uploads\/2022\/03\/TERMOMETRO-CULTURAL-WEB-400x267.jpg",400,267,true],"mailpoet_newsletter_max":["https:\/\/www.uartes.edu.ec\/sitio\/wp-content\/uploads\/2022\/03\/TERMOMETRO-CULTURAL-WEB.jpg",1320,880,false]},"uagb_author_info":{"display_name":"ccortez","author_link":"https:\/\/www.uartes.edu.ec\/sitio\/en\/blog\/author\/ccortez\/"},"uagb_comment_info":0,"uagb_excerpt":"El Observatorio UArtes promueve el an\u00e1lisis, la investigaci\u00f3n, el debate y la divulgaci\u00f3n de informaci\u00f3n estad\u00edstica relevante. Uno de sus productos, el Term\u00f3metro Cultural, public\u00f3 que en 2020 \u2013en el marco del impacto pand\u00e9mico\u2013 los resultados de una 1.\u00aa medici\u00f3n de las condiciones laborales en los trabajadores de la cultura en el pa\u00eds. En 2021&hellip;","featured_image_src":"https:\/\/www.uartes.edu.ec\/sitio\/wp-content\/uploads\/2022\/03\/TERMOMETRO-CULTURAL-WEB-600x400.jpg","featured_image_src_square":"https:\/\/www.uartes.edu.ec\/sitio\/wp-content\/uploads\/2022\/03\/TERMOMETRO-CULTURAL-WEB-600x600.jpg","author_info":{"display_name":"ccortez","author_link":"https:\/\/www.uartes.edu.ec\/sitio\/en\/blog\/author\/ccortez\/"},"publishpress_future_workflow_manual_trigger":{"enabledWorkflows":[]},"distributor_meta":false,"distributor_terms":false,"distributor_media":false,"distributor_original_site_name":"Universidad de las Artes","distributor_original_site_url":"https:\/\/www.uartes.edu.ec\/sitio\/en","push-errors":false,"_links":{"self":[{"href":"https:\/\/www.uartes.edu.ec\/sitio\/en\/wp-json\/wp\/v2\/posts\/20010","targetHints":{"allow":["GET"]}}],"collection":[{"href":"https:\/\/www.uartes.edu.ec\/sitio\/en\/wp-json\/wp\/v2\/posts"}],"about":[{"href":"https:\/\/www.uartes.edu.ec\/sitio\/en\/wp-json\/wp\/v2\/types\/post"}],"author":[{"embeddable":true,"href":"https:\/\/www.uartes.edu.ec\/sitio\/en\/wp-json\/wp\/v2\/users\/10"}],"replies":[{"embeddable":true,"href":"https:\/\/www.uartes.edu.ec\/sitio\/en\/wp-json\/wp\/v2\/comments?post=20010"}],"version-history":[{"count":10,"href":"https:\/\/www.uartes.edu.ec\/sitio\/en\/wp-json\/wp\/v2\/posts\/20010\/revisions"}],"predecessor-version":[{"id":20041,"href":"https:\/\/www.uartes.edu.ec\/sitio\/en\/wp-json\/wp\/v2\/posts\/20010\/revisions\/20041"}],"wp:featuredmedia":[{"embeddable":true,"href":"https:\/\/www.uartes.edu.ec\/sitio\/en\/wp-json\/wp\/v2\/media\/20011"}],"wp:attachment":[{"href":"https:\/\/www.uartes.edu.ec\/sitio\/en\/wp-json\/wp\/v2\/media?parent=20010"}],"wp:term":[{"taxonomy":"category","embeddable":true,"href":"https:\/\/www.uartes.edu.ec\/sitio\/en\/wp-json\/wp\/v2\/categories?post=20010"},{"taxonomy":"post_tag","embeddable":true,"href":"https:\/\/www.uartes.edu.ec\/sitio\/en\/wp-json\/wp\/v2\/tags?post=20010"},{"taxonomy":"infouartes","embeddable":true,"href":"https:\/\/www.uartes.edu.ec\/sitio\/en\/wp-json\/wp\/v2\/infouartes?post=20010"}],"curies":[{"name":"wp","href":"https:\/\/api.w.org\/{rel}","templated":true}]}}