{"id":20026,"date":"2022-03-14T18:06:23","date_gmt":"2022-03-14T23:06:23","guid":{"rendered":"http:\/\/www.uartes.edu.ec\/sitio\/?p=20026"},"modified":"2024-07-04T11:23:53","modified_gmt":"2024-07-04T16:23:53","slug":"estudiantes-de-la-uartes-presentes-en-la-muestracolectiva-de-arte-actual-flacso-un-jardin-nuestro","status":"publish","type":"post","link":"https:\/\/www.uartes.edu.ec\/sitio\/en\/blog\/2022\/03\/14\/estudiantes-de-la-uartes-presentes-en-la-muestracolectiva-de-arte-actual-flacso-un-jardin-nuestro\/","title":{"rendered":"Estudiantes de la UArtes, presentes en la muestra colectiva de Arte Actual FLACSO \u201cUn Jard\u00edn Nuestro\u201d"},"content":{"rendered":"<p>En la sala MuCAO del Museo Nacional del Cacao permanecer\u00e1 abierta hasta el pr\u00f3ximo 17 de abril la exposici\u00f3n de Arte Actual FLACSO <em>Un Jard\u00edn Nuestro,<\/em> propuesta que explora la convivencia con las plantas y que re\u00fane a diecis\u00e9is artistas, tres de ellos estudiantes de la Universidad de las Artes. Su inauguraci\u00f3n se realiz\u00f3 el jueves 10 de marzo.<\/p>\n\n\n\n<p>Jos\u00e9 Luis J\u00e1come Guerrero, quien cursa en la UArtes la maestr\u00eda en Fotograf\u00eda y Sociedad en Am\u00e9rica Latina, participa con una activaci\u00f3n sonora: el proyecto podcast ciberpunk para beb\u00e9s \u00abEl viaje maravilloso al planeta de los hongos\u00bb.<\/p>\n\n\n\n<p>Antes de referirse al proceso y contenido de su trabajo, el maestrante UArtes hace suya la frase: \u201cla ciencia ficci\u00f3n es un espejo de lo que podemos llegar a ser y lo que tememos\u201d. Se\u00f1ala que el podcast ciberpunk para beb\u00e9s es un collage sonoro de 20 minutos, construido con fragmentos de sonidos, im\u00e1genes sonoras y efectos especiales del banco sonoro de la NASA, recortes de soundtracks de pel\u00edculas cl\u00e1sicas de Ciencia Ficci\u00f3n, remixeados con fragmentos de yarav\u00edes y nostalgia ecuatoriana.<\/p>\n\n\n\n<div class=\"wp-block-image\"><figure class=\"aligncenter size-large\"><img fetchpriority=\"high\" decoding=\"async\" width=\"644\" height=\"429\" src=\"http:\/\/www.uartes.edu.ec\/sitio\/wp-content\/uploads\/2022\/03\/03-J-WEB-644x429.jpg\" alt=\"\" class=\"wp-image-20028\" srcset=\"https:\/\/www.uartes.edu.ec\/sitio\/wp-content\/uploads\/2022\/03\/03-J-WEB-644x429.jpg 644w, https:\/\/www.uartes.edu.ec\/sitio\/wp-content\/uploads\/2022\/03\/03-J-WEB-768x511.jpg 768w, https:\/\/www.uartes.edu.ec\/sitio\/wp-content\/uploads\/2022\/03\/03-J-WEB.jpg 2000w, https:\/\/www.uartes.edu.ec\/sitio\/wp-content\/uploads\/2022\/03\/03-J-WEB-600x399.jpg 600w, https:\/\/www.uartes.edu.ec\/sitio\/wp-content\/uploads\/2022\/03\/03-J-WEB-272x182.jpg 272w\" sizes=\"(max-width: 644px) 100vw, 644px\" \/><\/figure><\/div>\n\n\n\n<p>Tambi\u00e9n contiene frases generadas por un bot, un sistema digital de s\u00edntesis de voz en espa\u00f1ol que parafrasea el cuento <em>Los enviados del cielo<\/em>, de Isaac Asimov; fragmentos del <em>Manifiesto Antrop\u00f3fago<\/em>, de Oswald de Andrade; el concepto de hipertici\u00f3n; el cuento <em>Aleph<\/em>, de Jorge Luis Borges; y, el poema <em>Catedral salvaje<\/em>, de C\u00e9sar D\u00e1vila Andrade.<\/p>\n\n\n\n<p>\u201cPretende ser una simulaci\u00f3n de una transmisi\u00f3n espacial desde el planeta de los hongos, pues, como dijo el visionario artista franc\u00e9s Christian Boltanski, &#8216;la \u00fanica forma de sobrevivir es transmitir&#8217;\u201d, se\u00f1ala J\u00e1come de su obra.<\/p>\n\n\n\n<p>De la UArtes, en la sala MuCAO del Museo Nacional del Cacao constan igualmente las propuestas de las artistas estudiantes Andrea Alejandro Freire y Lisbeth Carvajal Vera. Los otros exponentes son: Ra\u00fal Ayala, Tania Cort\u00e9s, Ana Fern\u00e1ndez Miranda, Pamela Jij\u00f3n, Daniel Kemeny, Gowara Minsa, Martina Mi\u00f1o P\u00e9rez, Teo Monsalve, Carolina Mu\u00f1oz, D\u00eda Mu\u00f1oz, Pamela Suasti, Elsye Suquilanda y Polett Zapata. La curadur\u00eda es de Paulina Le\u00f3n Crespo.<\/p>\n\n\n\n<div class=\"wp-block-image\"><figure class=\"aligncenter size-large\"><img decoding=\"async\" width=\"644\" height=\"429\" src=\"http:\/\/www.uartes.edu.ec\/sitio\/wp-content\/uploads\/2022\/03\/02-J-WEB-644x429.jpg\" alt=\"\" class=\"wp-image-20029\" srcset=\"https:\/\/www.uartes.edu.ec\/sitio\/wp-content\/uploads\/2022\/03\/02-J-WEB-644x429.jpg 644w, https:\/\/www.uartes.edu.ec\/sitio\/wp-content\/uploads\/2022\/03\/02-J-WEB-768x511.jpg 768w, https:\/\/www.uartes.edu.ec\/sitio\/wp-content\/uploads\/2022\/03\/02-J-WEB.jpg 2000w, https:\/\/www.uartes.edu.ec\/sitio\/wp-content\/uploads\/2022\/03\/02-J-WEB-600x399.jpg 600w, https:\/\/www.uartes.edu.ec\/sitio\/wp-content\/uploads\/2022\/03\/02-J-WEB-272x182.jpg 272w\" sizes=\"(max-width: 644px) 100vw, 644px\" \/><\/figure><\/div>\n\n\n\n<p>Descrita como una exposici\u00f3n de sensibilidad extraordinaria, la exposici\u00f3n de Arte Actual FLACSO es un espacio para reconectar y regenerar la vida en relaci\u00f3n y di\u00e1logo con el mundo vegetal y como plataforma para la generaci\u00f3n de colectividades humanas y no humanas.&nbsp;Sus organizadores complementan el concepto de la propuesta reflexionando en que, si en su momento Virginia Wolf reclam\u00f3 un cuarto propio para habitarnos, crear y descansar, ahora \u2013tras confinamientos, distanciamientos y nuevas cotidianidades\u2013 proponemos el concepto de Un Jard\u00edn Nuestro.<\/p>\n\n\n\n<p>La muestra colectiva estuvo en febrero pasado en el Museo de los Metales, en Cuenca. Para la inauguraci\u00f3n en Guayaquil se program\u00f3 la activaci\u00f3n art\u00edstica <em>El Hu\u00e9sped,<\/em> a cargo de Ra\u00fal Ayala, y la presentaci\u00f3n de Grecia Alb\u00e1n, con Miguel Gallardo como invitado especial. Permanecer\u00e1 abierta hasta el 17 de abril y se puede visitar de 10:00 a 17:00.<\/p>\n\n\n\n<p>Al igual que la UArtes y su Centro de Producci\u00f3n e Innovaci\u00f3n MZ14, la muestra colectiva cuenta con el apoyo de La Mula Ciega (@lamulaciega), Juliana (@juliana.gye) y La Suculenta (@lasuculenta_gye).<\/p>\n\n\n\n<p>En la imagen principal consta la activaci\u00f3n sonora propuesta por el maestrante Jos\u00e9 Luis J\u00e1come. Foto\/Cortes\u00eda<\/p>\n\n\n\n<div class=\"wp-block-image\"><figure class=\"aligncenter size-large\"><img decoding=\"async\" width=\"644\" height=\"429\" src=\"http:\/\/www.uartes.edu.ec\/sitio\/wp-content\/uploads\/2022\/03\/UN-JARDIN-NUESTRO-644x429.jpg\" alt=\"\" class=\"wp-image-20030\" srcset=\"https:\/\/www.uartes.edu.ec\/sitio\/wp-content\/uploads\/2022\/03\/UN-JARDIN-NUESTRO-644x429.jpg 644w, https:\/\/www.uartes.edu.ec\/sitio\/wp-content\/uploads\/2022\/03\/UN-JARDIN-NUESTRO-768x511.jpg 768w, https:\/\/www.uartes.edu.ec\/sitio\/wp-content\/uploads\/2022\/03\/UN-JARDIN-NUESTRO.jpg 2000w, https:\/\/www.uartes.edu.ec\/sitio\/wp-content\/uploads\/2022\/03\/UN-JARDIN-NUESTRO-600x399.jpg 600w, https:\/\/www.uartes.edu.ec\/sitio\/wp-content\/uploads\/2022\/03\/UN-JARDIN-NUESTRO-272x182.jpg 272w\" sizes=\"(max-width: 644px) 100vw, 644px\" \/><\/figure><\/div>","protected":false},"excerpt":{"rendered":"<p>En la sala MuCAO del Museo Nacional del Cacao permanecer\u00e1 abierta hasta el pr\u00f3ximo 17 de abril la exposici\u00f3n de Arte Actual FLACSO \u00abUn Jard\u00edn Nuestro\u00bb, que explora la convivencia con las plantas y que re\u00fane a diecis\u00e9is artistas, tres de ellos estudiantes de la UArtes. El maestrante Jos\u00e9 Luis J\u00e1come detalla la activaci\u00f3n sonora con la que interviene. <\/p>","protected":false},"author":10,"featured_media":20027,"comment_status":"open","ping_status":"open","sticky":false,"template":"","format":"standard","meta":{"_acf_changed":false,"_uag_custom_page_level_css":"","_monsterinsights_skip_tracking":false,"_monsterinsights_sitenote_active":false,"_monsterinsights_sitenote_note":"","_monsterinsights_sitenote_category":0,"cybocfi_hide_featured_image":"","footnotes":""},"categories":[80,157,76,264],"tags":[642],"infouartes":[],"class_list":["post-20026","post","type-post","status-publish","format-standard","has-post-thumbnail","hentry","category-academico","category-artes-visuales","category-estudiantes","category-maestrias","tag-exposicion-colectiva"],"acf":[],"yoast_head":"<!-- This site is optimized with the Yoast SEO plugin v27.4 - https:\/\/yoast.com\/product\/yoast-seo-wordpress\/ -->\n<title>Universidad de las Artes - Estudiantes de la UArtes, presentes en la muestra colectiva de Arte Actual FLACSO \u201cUn Jard\u00edn Nuestro\u201d<\/title>\n<meta name=\"description\" content=\"Universidad de las Artes - Estudiantes de la UArtes, presentes en la muestra colectiva de Arte Actual FLACSO \u201cUn Jard\u00edn Nuestro\u201d\" \/>\n<meta name=\"robots\" content=\"index, follow, max-snippet:-1, max-image-preview:large, max-video-preview:-1\" \/>\n<link rel=\"canonical\" href=\"https:\/\/www.uartes.edu.ec\/sitio\/en\/blog\/2022\/03\/14\/estudiantes-de-la-uartes-presentes-en-la-muestracolectiva-de-arte-actual-flacso-un-jardin-nuestro\/\" \/>\n<meta property=\"og:locale\" content=\"en_US\" \/>\n<meta property=\"og:type\" content=\"article\" \/>\n<meta property=\"og:title\" content=\"Universidad de las Artes - Estudiantes de la UArtes, presentes en la muestra colectiva de Arte Actual FLACSO \u201cUn Jard\u00edn Nuestro\u201d\" \/>\n<meta property=\"og:description\" content=\"Universidad de las Artes - Estudiantes de la UArtes, presentes en la muestra colectiva de Arte Actual FLACSO \u201cUn Jard\u00edn Nuestro\u201d\" \/>\n<meta property=\"og:url\" content=\"https:\/\/www.uartes.edu.ec\/sitio\/en\/blog\/2022\/03\/14\/estudiantes-de-la-uartes-presentes-en-la-muestracolectiva-de-arte-actual-flacso-un-jardin-nuestro\/\" \/>\n<meta property=\"og:site_name\" content=\"Universidad de las Artes\" \/>\n<meta property=\"article:publisher\" content=\"https:\/\/www.facebook.com\/uartesec\" \/>\n<meta property=\"article:published_time\" content=\"2022-03-14T23:06:23+00:00\" \/>\n<meta property=\"article:modified_time\" content=\"2024-07-04T16:23:53+00:00\" \/>\n<meta property=\"og:image\" content=\"https:\/\/www.uartes.edu.ec\/sitio\/wp-content\/uploads\/2022\/03\/01-J-WEB.jpg\" \/>\n\t<meta property=\"og:image:width\" content=\"2000\" \/>\n\t<meta property=\"og:image:height\" content=\"1333\" \/>\n\t<meta property=\"og:image:type\" content=\"image\/jpeg\" \/>\n<meta name=\"author\" content=\"ccortez\" \/>\n<meta name=\"twitter:card\" content=\"summary_large_image\" \/>\n<meta name=\"twitter:creator\" content=\"@uartesec\" \/>\n<meta name=\"twitter:site\" content=\"@uartesec\" \/>\n<meta name=\"twitter:label1\" content=\"Written by\" \/>\n\t<meta name=\"twitter:data1\" content=\"ccortez\" \/>\n\t<meta name=\"twitter:label2\" content=\"Est. reading time\" \/>\n\t<meta name=\"twitter:data2\" content=\"3 minutes\" \/>\n<script type=\"application\/ld+json\" class=\"yoast-schema-graph\">{\"@context\":\"https:\\\/\\\/schema.org\",\"@graph\":[{\"@type\":\"Article\",\"@id\":\"https:\\\/\\\/www.uartes.edu.ec\\\/sitio\\\/en\\\/blog\\\/2022\\\/03\\\/14\\\/estudiantes-de-la-uartes-presentes-en-la-muestracolectiva-de-arte-actual-flacso-un-jardin-nuestro\\\/#article\",\"isPartOf\":{\"@id\":\"https:\\\/\\\/www.uartes.edu.ec\\\/sitio\\\/en\\\/blog\\\/2022\\\/03\\\/14\\\/estudiantes-de-la-uartes-presentes-en-la-muestracolectiva-de-arte-actual-flacso-un-jardin-nuestro\\\/\"},\"author\":{\"name\":\"ccortez\",\"@id\":\"https:\\\/\\\/www.uartes.edu.ec\\\/sitio\\\/en\\\/#\\\/schema\\\/person\\\/efa1b8275797664fd7f13a79ccc0b1f4\"},\"headline\":\"Estudiantes de la UArtes, presentes en la muestra colectiva de Arte Actual FLACSO \u201cUn Jard\u00edn Nuestro\u201d\",\"datePublished\":\"2022-03-14T23:06:23+00:00\",\"dateModified\":\"2024-07-04T16:23:53+00:00\",\"mainEntityOfPage\":{\"@id\":\"https:\\\/\\\/www.uartes.edu.ec\\\/sitio\\\/en\\\/blog\\\/2022\\\/03\\\/14\\\/estudiantes-de-la-uartes-presentes-en-la-muestracolectiva-de-arte-actual-flacso-un-jardin-nuestro\\\/\"},\"wordCount\":598,\"commentCount\":0,\"publisher\":{\"@id\":\"https:\\\/\\\/www.uartes.edu.ec\\\/sitio\\\/en\\\/#organization\"},\"image\":{\"@id\":\"https:\\\/\\\/www.uartes.edu.ec\\\/sitio\\\/en\\\/blog\\\/2022\\\/03\\\/14\\\/estudiantes-de-la-uartes-presentes-en-la-muestracolectiva-de-arte-actual-flacso-un-jardin-nuestro\\\/#primaryimage\"},\"thumbnailUrl\":\"https:\\\/\\\/www.uartes.edu.ec\\\/sitio\\\/wp-content\\\/uploads\\\/2022\\\/03\\\/01-J-WEB.jpg\",\"keywords\":[\"exposici\u00f3n colectiva\"],\"articleSection\":[\"Acad\u00e9mico\",\"Artes Visuales\",\"Estudiantes\",\"Maestr\u00edas\"],\"inLanguage\":\"en-US\",\"potentialAction\":[{\"@type\":\"CommentAction\",\"name\":\"Comment\",\"target\":[\"https:\\\/\\\/www.uartes.edu.ec\\\/sitio\\\/en\\\/blog\\\/2022\\\/03\\\/14\\\/estudiantes-de-la-uartes-presentes-en-la-muestracolectiva-de-arte-actual-flacso-un-jardin-nuestro\\\/#respond\"]}]},{\"@type\":[\"WebPage\",\"ItemPage\"],\"@id\":\"https:\\\/\\\/www.uartes.edu.ec\\\/sitio\\\/en\\\/blog\\\/2022\\\/03\\\/14\\\/estudiantes-de-la-uartes-presentes-en-la-muestracolectiva-de-arte-actual-flacso-un-jardin-nuestro\\\/\",\"url\":\"https:\\\/\\\/www.uartes.edu.ec\\\/sitio\\\/en\\\/blog\\\/2022\\\/03\\\/14\\\/estudiantes-de-la-uartes-presentes-en-la-muestracolectiva-de-arte-actual-flacso-un-jardin-nuestro\\\/\",\"name\":\"Universidad de las Artes - Estudiantes de la UArtes, presentes en la muestra colectiva de Arte Actual FLACSO \u201cUn Jard\u00edn Nuestro\u201d\",\"isPartOf\":{\"@id\":\"https:\\\/\\\/www.uartes.edu.ec\\\/sitio\\\/en\\\/#website\"},\"primaryImageOfPage\":{\"@id\":\"https:\\\/\\\/www.uartes.edu.ec\\\/sitio\\\/en\\\/blog\\\/2022\\\/03\\\/14\\\/estudiantes-de-la-uartes-presentes-en-la-muestracolectiva-de-arte-actual-flacso-un-jardin-nuestro\\\/#primaryimage\"},\"image\":{\"@id\":\"https:\\\/\\\/www.uartes.edu.ec\\\/sitio\\\/en\\\/blog\\\/2022\\\/03\\\/14\\\/estudiantes-de-la-uartes-presentes-en-la-muestracolectiva-de-arte-actual-flacso-un-jardin-nuestro\\\/#primaryimage\"},\"thumbnailUrl\":\"https:\\\/\\\/www.uartes.edu.ec\\\/sitio\\\/wp-content\\\/uploads\\\/2022\\\/03\\\/01-J-WEB.jpg\",\"datePublished\":\"2022-03-14T23:06:23+00:00\",\"dateModified\":\"2024-07-04T16:23:53+00:00\",\"description\":\"Universidad de las Artes - Estudiantes de la UArtes, presentes en la muestra colectiva de Arte Actual FLACSO \u201cUn Jard\u00edn Nuestro\u201d\",\"breadcrumb\":{\"@id\":\"https:\\\/\\\/www.uartes.edu.ec\\\/sitio\\\/en\\\/blog\\\/2022\\\/03\\\/14\\\/estudiantes-de-la-uartes-presentes-en-la-muestracolectiva-de-arte-actual-flacso-un-jardin-nuestro\\\/#breadcrumb\"},\"inLanguage\":\"en-US\",\"potentialAction\":[{\"@type\":\"ReadAction\",\"target\":[\"https:\\\/\\\/www.uartes.edu.ec\\\/sitio\\\/en\\\/blog\\\/2022\\\/03\\\/14\\\/estudiantes-de-la-uartes-presentes-en-la-muestracolectiva-de-arte-actual-flacso-un-jardin-nuestro\\\/\"]}]},{\"@type\":\"ImageObject\",\"inLanguage\":\"en-US\",\"@id\":\"https:\\\/\\\/www.uartes.edu.ec\\\/sitio\\\/en\\\/blog\\\/2022\\\/03\\\/14\\\/estudiantes-de-la-uartes-presentes-en-la-muestracolectiva-de-arte-actual-flacso-un-jardin-nuestro\\\/#primaryimage\",\"url\":\"https:\\\/\\\/www.uartes.edu.ec\\\/sitio\\\/wp-content\\\/uploads\\\/2022\\\/03\\\/01-J-WEB.jpg\",\"contentUrl\":\"https:\\\/\\\/www.uartes.edu.ec\\\/sitio\\\/wp-content\\\/uploads\\\/2022\\\/03\\\/01-J-WEB.jpg\",\"width\":2000,\"height\":1333},{\"@type\":\"BreadcrumbList\",\"@id\":\"https:\\\/\\\/www.uartes.edu.ec\\\/sitio\\\/en\\\/blog\\\/2022\\\/03\\\/14\\\/estudiantes-de-la-uartes-presentes-en-la-muestracolectiva-de-arte-actual-flacso-un-jardin-nuestro\\\/#breadcrumb\",\"itemListElement\":[{\"@type\":\"ListItem\",\"position\":1,\"name\":\"Inicio\",\"item\":\"https:\\\/\\\/www.uartes.edu.ec\\\/sitio\\\/\"},{\"@type\":\"ListItem\",\"position\":2,\"name\":\"Estudiantes de la UArtes, presentes en la muestra colectiva de Arte Actual FLACSO \u201cUn Jard\u00edn Nuestro\u201d\"}]},{\"@type\":\"WebSite\",\"@id\":\"https:\\\/\\\/www.uartes.edu.ec\\\/sitio\\\/en\\\/#website\",\"url\":\"https:\\\/\\\/www.uartes.edu.ec\\\/sitio\\\/en\\\/\",\"name\":\"Universidad de las Artes\",\"description\":\"Sitio oficial de la Universidad Nacional de las Artes del Ecuador\",\"publisher\":{\"@id\":\"https:\\\/\\\/www.uartes.edu.ec\\\/sitio\\\/en\\\/#organization\"},\"potentialAction\":[{\"@type\":\"SearchAction\",\"target\":{\"@type\":\"EntryPoint\",\"urlTemplate\":\"https:\\\/\\\/www.uartes.edu.ec\\\/sitio\\\/en\\\/?s={search_term_string}\"},\"query-input\":{\"@type\":\"PropertyValueSpecification\",\"valueRequired\":true,\"valueName\":\"search_term_string\"}}],\"inLanguage\":\"en-US\"},{\"@type\":\"Organization\",\"@id\":\"https:\\\/\\\/www.uartes.edu.ec\\\/sitio\\\/en\\\/#organization\",\"name\":\"Universidad de las Artes\",\"url\":\"https:\\\/\\\/www.uartes.edu.ec\\\/sitio\\\/en\\\/\",\"logo\":{\"@type\":\"ImageObject\",\"inLanguage\":\"en-US\",\"@id\":\"https:\\\/\\\/www.uartes.edu.ec\\\/sitio\\\/en\\\/#\\\/schema\\\/logo\\\/image\\\/\",\"url\":\"https:\\\/\\\/www.uartes.edu.ec\\\/sitio\\\/wp-content\\\/uploads\\\/2022\\\/07\\\/logo-ua-horizontal.png\",\"contentUrl\":\"https:\\\/\\\/www.uartes.edu.ec\\\/sitio\\\/wp-content\\\/uploads\\\/2022\\\/07\\\/logo-ua-horizontal.png\",\"width\":800,\"height\":276,\"caption\":\"Universidad de las Artes\"},\"image\":{\"@id\":\"https:\\\/\\\/www.uartes.edu.ec\\\/sitio\\\/en\\\/#\\\/schema\\\/logo\\\/image\\\/\"},\"sameAs\":[\"https:\\\/\\\/www.facebook.com\\\/uartesec\",\"https:\\\/\\\/x.com\\\/uartesec\",\"https:\\\/\\\/www.tiktok.com\\\/@uartesec\"]},{\"@type\":\"Person\",\"@id\":\"https:\\\/\\\/www.uartes.edu.ec\\\/sitio\\\/en\\\/#\\\/schema\\\/person\\\/efa1b8275797664fd7f13a79ccc0b1f4\",\"name\":\"ccortez\",\"image\":{\"@type\":\"ImageObject\",\"inLanguage\":\"en-US\",\"@id\":\"https:\\\/\\\/secure.gravatar.com\\\/avatar\\\/b2a6f664a3ae8e074346ef91775736c5ec479e637ecced6842de9dc98b5da9cd?s=96&d=mm&r=g\",\"url\":\"https:\\\/\\\/secure.gravatar.com\\\/avatar\\\/b2a6f664a3ae8e074346ef91775736c5ec479e637ecced6842de9dc98b5da9cd?s=96&d=mm&r=g\",\"contentUrl\":\"https:\\\/\\\/secure.gravatar.com\\\/avatar\\\/b2a6f664a3ae8e074346ef91775736c5ec479e637ecced6842de9dc98b5da9cd?s=96&d=mm&r=g\",\"caption\":\"ccortez\"},\"url\":\"https:\\\/\\\/www.uartes.edu.ec\\\/sitio\\\/en\\\/blog\\\/author\\\/ccortez\\\/\"}]}<\/script>\n<!-- \/ Yoast SEO plugin. -->","yoast_head_json":{"title":"Universidad de las Artes - Estudiantes de la UArtes, presentes en la muestra colectiva de Arte Actual FLACSO \u201cUn Jard\u00edn Nuestro\u201d","description":"Universidad de las Artes - Estudiantes de la UArtes, presentes en la muestra colectiva de Arte Actual FLACSO \u201cUn Jard\u00edn Nuestro\u201d","robots":{"index":"index","follow":"follow","max-snippet":"max-snippet:-1","max-image-preview":"max-image-preview:large","max-video-preview":"max-video-preview:-1"},"canonical":"https:\/\/www.uartes.edu.ec\/sitio\/en\/blog\/2022\/03\/14\/estudiantes-de-la-uartes-presentes-en-la-muestracolectiva-de-arte-actual-flacso-un-jardin-nuestro\/","og_locale":"en_US","og_type":"article","og_title":"Universidad de las Artes - Estudiantes de la UArtes, presentes en la muestra colectiva de Arte Actual FLACSO \u201cUn Jard\u00edn Nuestro\u201d","og_description":"Universidad de las Artes - Estudiantes de la UArtes, presentes en la muestra colectiva de Arte Actual FLACSO \u201cUn Jard\u00edn Nuestro\u201d","og_url":"https:\/\/www.uartes.edu.ec\/sitio\/en\/blog\/2022\/03\/14\/estudiantes-de-la-uartes-presentes-en-la-muestracolectiva-de-arte-actual-flacso-un-jardin-nuestro\/","og_site_name":"Universidad de las Artes","article_publisher":"https:\/\/www.facebook.com\/uartesec","article_published_time":"2022-03-14T23:06:23+00:00","article_modified_time":"2024-07-04T16:23:53+00:00","og_image":[{"width":2000,"height":1333,"url":"https:\/\/www.uartes.edu.ec\/sitio\/wp-content\/uploads\/2022\/03\/01-J-WEB.jpg","type":"image\/jpeg"}],"author":"ccortez","twitter_card":"summary_large_image","twitter_creator":"@uartesec","twitter_site":"@uartesec","twitter_misc":{"Written by":"ccortez","Est. reading time":"3 minutes"},"schema":{"@context":"https:\/\/schema.org","@graph":[{"@type":"Article","@id":"https:\/\/www.uartes.edu.ec\/sitio\/en\/blog\/2022\/03\/14\/estudiantes-de-la-uartes-presentes-en-la-muestracolectiva-de-arte-actual-flacso-un-jardin-nuestro\/#article","isPartOf":{"@id":"https:\/\/www.uartes.edu.ec\/sitio\/en\/blog\/2022\/03\/14\/estudiantes-de-la-uartes-presentes-en-la-muestracolectiva-de-arte-actual-flacso-un-jardin-nuestro\/"},"author":{"name":"ccortez","@id":"https:\/\/www.uartes.edu.ec\/sitio\/en\/#\/schema\/person\/efa1b8275797664fd7f13a79ccc0b1f4"},"headline":"Estudiantes de la UArtes, presentes en la muestra colectiva de Arte Actual FLACSO \u201cUn Jard\u00edn Nuestro\u201d","datePublished":"2022-03-14T23:06:23+00:00","dateModified":"2024-07-04T16:23:53+00:00","mainEntityOfPage":{"@id":"https:\/\/www.uartes.edu.ec\/sitio\/en\/blog\/2022\/03\/14\/estudiantes-de-la-uartes-presentes-en-la-muestracolectiva-de-arte-actual-flacso-un-jardin-nuestro\/"},"wordCount":598,"commentCount":0,"publisher":{"@id":"https:\/\/www.uartes.edu.ec\/sitio\/en\/#organization"},"image":{"@id":"https:\/\/www.uartes.edu.ec\/sitio\/en\/blog\/2022\/03\/14\/estudiantes-de-la-uartes-presentes-en-la-muestracolectiva-de-arte-actual-flacso-un-jardin-nuestro\/#primaryimage"},"thumbnailUrl":"https:\/\/www.uartes.edu.ec\/sitio\/wp-content\/uploads\/2022\/03\/01-J-WEB.jpg","keywords":["exposici\u00f3n colectiva"],"articleSection":["Acad\u00e9mico","Artes Visuales","Estudiantes","Maestr\u00edas"],"inLanguage":"en-US","potentialAction":[{"@type":"CommentAction","name":"Comment","target":["https:\/\/www.uartes.edu.ec\/sitio\/en\/blog\/2022\/03\/14\/estudiantes-de-la-uartes-presentes-en-la-muestracolectiva-de-arte-actual-flacso-un-jardin-nuestro\/#respond"]}]},{"@type":["WebPage","ItemPage"],"@id":"https:\/\/www.uartes.edu.ec\/sitio\/en\/blog\/2022\/03\/14\/estudiantes-de-la-uartes-presentes-en-la-muestracolectiva-de-arte-actual-flacso-un-jardin-nuestro\/","url":"https:\/\/www.uartes.edu.ec\/sitio\/en\/blog\/2022\/03\/14\/estudiantes-de-la-uartes-presentes-en-la-muestracolectiva-de-arte-actual-flacso-un-jardin-nuestro\/","name":"Universidad de las Artes - Estudiantes de la UArtes, presentes en la muestra colectiva de Arte Actual FLACSO \u201cUn Jard\u00edn Nuestro\u201d","isPartOf":{"@id":"https:\/\/www.uartes.edu.ec\/sitio\/en\/#website"},"primaryImageOfPage":{"@id":"https:\/\/www.uartes.edu.ec\/sitio\/en\/blog\/2022\/03\/14\/estudiantes-de-la-uartes-presentes-en-la-muestracolectiva-de-arte-actual-flacso-un-jardin-nuestro\/#primaryimage"},"image":{"@id":"https:\/\/www.uartes.edu.ec\/sitio\/en\/blog\/2022\/03\/14\/estudiantes-de-la-uartes-presentes-en-la-muestracolectiva-de-arte-actual-flacso-un-jardin-nuestro\/#primaryimage"},"thumbnailUrl":"https:\/\/www.uartes.edu.ec\/sitio\/wp-content\/uploads\/2022\/03\/01-J-WEB.jpg","datePublished":"2022-03-14T23:06:23+00:00","dateModified":"2024-07-04T16:23:53+00:00","description":"Universidad de las Artes - Estudiantes de la UArtes, presentes en la muestra colectiva de Arte Actual FLACSO \u201cUn Jard\u00edn Nuestro\u201d","breadcrumb":{"@id":"https:\/\/www.uartes.edu.ec\/sitio\/en\/blog\/2022\/03\/14\/estudiantes-de-la-uartes-presentes-en-la-muestracolectiva-de-arte-actual-flacso-un-jardin-nuestro\/#breadcrumb"},"inLanguage":"en-US","potentialAction":[{"@type":"ReadAction","target":["https:\/\/www.uartes.edu.ec\/sitio\/en\/blog\/2022\/03\/14\/estudiantes-de-la-uartes-presentes-en-la-muestracolectiva-de-arte-actual-flacso-un-jardin-nuestro\/"]}]},{"@type":"ImageObject","inLanguage":"en-US","@id":"https:\/\/www.uartes.edu.ec\/sitio\/en\/blog\/2022\/03\/14\/estudiantes-de-la-uartes-presentes-en-la-muestracolectiva-de-arte-actual-flacso-un-jardin-nuestro\/#primaryimage","url":"https:\/\/www.uartes.edu.ec\/sitio\/wp-content\/uploads\/2022\/03\/01-J-WEB.jpg","contentUrl":"https:\/\/www.uartes.edu.ec\/sitio\/wp-content\/uploads\/2022\/03\/01-J-WEB.jpg","width":2000,"height":1333},{"@type":"BreadcrumbList","@id":"https:\/\/www.uartes.edu.ec\/sitio\/en\/blog\/2022\/03\/14\/estudiantes-de-la-uartes-presentes-en-la-muestracolectiva-de-arte-actual-flacso-un-jardin-nuestro\/#breadcrumb","itemListElement":[{"@type":"ListItem","position":1,"name":"Inicio","item":"https:\/\/www.uartes.edu.ec\/sitio\/"},{"@type":"ListItem","position":2,"name":"Estudiantes de la UArtes, presentes en la muestra colectiva de Arte Actual FLACSO \u201cUn Jard\u00edn Nuestro\u201d"}]},{"@type":"WebSite","@id":"https:\/\/www.uartes.edu.ec\/sitio\/en\/#website","url":"https:\/\/www.uartes.edu.ec\/sitio\/en\/","name":"Universidad de las Artes","description":"Sitio oficial de la Universidad Nacional de las Artes del Ecuador","publisher":{"@id":"https:\/\/www.uartes.edu.ec\/sitio\/en\/#organization"},"potentialAction":[{"@type":"SearchAction","target":{"@type":"EntryPoint","urlTemplate":"https:\/\/www.uartes.edu.ec\/sitio\/en\/?s={search_term_string}"},"query-input":{"@type":"PropertyValueSpecification","valueRequired":true,"valueName":"search_term_string"}}],"inLanguage":"en-US"},{"@type":"Organization","@id":"https:\/\/www.uartes.edu.ec\/sitio\/en\/#organization","name":"Universidad de las Artes","url":"https:\/\/www.uartes.edu.ec\/sitio\/en\/","logo":{"@type":"ImageObject","inLanguage":"en-US","@id":"https:\/\/www.uartes.edu.ec\/sitio\/en\/#\/schema\/logo\/image\/","url":"https:\/\/www.uartes.edu.ec\/sitio\/wp-content\/uploads\/2022\/07\/logo-ua-horizontal.png","contentUrl":"https:\/\/www.uartes.edu.ec\/sitio\/wp-content\/uploads\/2022\/07\/logo-ua-horizontal.png","width":800,"height":276,"caption":"Universidad de las Artes"},"image":{"@id":"https:\/\/www.uartes.edu.ec\/sitio\/en\/#\/schema\/logo\/image\/"},"sameAs":["https:\/\/www.facebook.com\/uartesec","https:\/\/x.com\/uartesec","https:\/\/www.tiktok.com\/@uartesec"]},{"@type":"Person","@id":"https:\/\/www.uartes.edu.ec\/sitio\/en\/#\/schema\/person\/efa1b8275797664fd7f13a79ccc0b1f4","name":"ccortez","image":{"@type":"ImageObject","inLanguage":"en-US","@id":"https:\/\/secure.gravatar.com\/avatar\/b2a6f664a3ae8e074346ef91775736c5ec479e637ecced6842de9dc98b5da9cd?s=96&d=mm&r=g","url":"https:\/\/secure.gravatar.com\/avatar\/b2a6f664a3ae8e074346ef91775736c5ec479e637ecced6842de9dc98b5da9cd?s=96&d=mm&r=g","contentUrl":"https:\/\/secure.gravatar.com\/avatar\/b2a6f664a3ae8e074346ef91775736c5ec479e637ecced6842de9dc98b5da9cd?s=96&d=mm&r=g","caption":"ccortez"},"url":"https:\/\/www.uartes.edu.ec\/sitio\/en\/blog\/author\/ccortez\/"}]}},"uagb_featured_image_src":{"full":["https:\/\/www.uartes.edu.ec\/sitio\/wp-content\/uploads\/2022\/03\/01-J-WEB.jpg",2000,1333,false],"thumbnail":["https:\/\/www.uartes.edu.ec\/sitio\/wp-content\/uploads\/2022\/03\/01-J-WEB-150x150.jpg",150,150,true],"medium":["https:\/\/www.uartes.edu.ec\/sitio\/wp-content\/uploads\/2022\/03\/01-J-WEB-300x200.jpg",300,200,true],"medium_large":["https:\/\/www.uartes.edu.ec\/sitio\/wp-content\/uploads\/2022\/03\/01-J-WEB-768x512.jpg",768,512,true],"large":["https:\/\/www.uartes.edu.ec\/sitio\/wp-content\/uploads\/2022\/03\/01-J-WEB-644x429.jpg",644,429,true],"1536x1536":["https:\/\/www.uartes.edu.ec\/sitio\/wp-content\/uploads\/2022\/03\/01-J-WEB-1536x1024.jpg",1536,1024,true],"2048x2048":["https:\/\/www.uartes.edu.ec\/sitio\/wp-content\/uploads\/2022\/03\/01-J-WEB.jpg",2000,1333,false],"trp-custom-language-flag":["https:\/\/www.uartes.edu.ec\/sitio\/wp-content\/uploads\/2022\/03\/01-J-WEB.jpg",18,12,false],"htmega_size_585x295":["https:\/\/www.uartes.edu.ec\/sitio\/wp-content\/uploads\/2022\/03\/01-J-WEB.jpg",443,295,false],"htmega_size_1170x536":["https:\/\/www.uartes.edu.ec\/sitio\/wp-content\/uploads\/2022\/03\/01-J-WEB.jpg",804,536,false],"htmega_size_396x360":["https:\/\/www.uartes.edu.ec\/sitio\/wp-content\/uploads\/2022\/03\/01-J-WEB.jpg",396,264,false],"gb-block-post-grid-landscape":["https:\/\/www.uartes.edu.ec\/sitio\/wp-content\/uploads\/2022\/03\/01-J-WEB-600x400.jpg",600,400,true],"gb-block-post-grid-square":["https:\/\/www.uartes.edu.ec\/sitio\/wp-content\/uploads\/2022\/03\/01-J-WEB-600x600.jpg",600,600,true],"university-hub-thumb":["https:\/\/www.uartes.edu.ec\/sitio\/wp-content\/uploads\/2022\/03\/01-J-WEB-400x267.jpg",400,267,true],"mailpoet_newsletter_max":["https:\/\/www.uartes.edu.ec\/sitio\/wp-content\/uploads\/2022\/03\/01-J-WEB.jpg",1320,880,false]},"uagb_author_info":{"display_name":"ccortez","author_link":"https:\/\/www.uartes.edu.ec\/sitio\/en\/blog\/author\/ccortez\/"},"uagb_comment_info":0,"uagb_excerpt":"En la sala MuCAO del Museo Nacional del Cacao permanecer\u00e1 abierta hasta el pr\u00f3ximo 17 de abril la exposici\u00f3n de Arte Actual FLACSO \"Un Jard\u00edn Nuestro\", que explora la convivencia con las plantas y que re\u00fane a diecis\u00e9is artistas, tres de ellos estudiantes de la UArtes. El maestrante Jos\u00e9 Luis J\u00e1come detalla la activaci\u00f3n sonora&hellip;","featured_image_src":"https:\/\/www.uartes.edu.ec\/sitio\/wp-content\/uploads\/2022\/03\/01-J-WEB-600x400.jpg","featured_image_src_square":"https:\/\/www.uartes.edu.ec\/sitio\/wp-content\/uploads\/2022\/03\/01-J-WEB-600x600.jpg","author_info":{"display_name":"ccortez","author_link":"https:\/\/www.uartes.edu.ec\/sitio\/en\/blog\/author\/ccortez\/"},"publishpress_future_workflow_manual_trigger":{"enabledWorkflows":[]},"distributor_meta":false,"distributor_terms":false,"distributor_media":false,"distributor_original_site_name":"Universidad de las Artes","distributor_original_site_url":"https:\/\/www.uartes.edu.ec\/sitio\/en","push-errors":false,"_links":{"self":[{"href":"https:\/\/www.uartes.edu.ec\/sitio\/en\/wp-json\/wp\/v2\/posts\/20026","targetHints":{"allow":["GET"]}}],"collection":[{"href":"https:\/\/www.uartes.edu.ec\/sitio\/en\/wp-json\/wp\/v2\/posts"}],"about":[{"href":"https:\/\/www.uartes.edu.ec\/sitio\/en\/wp-json\/wp\/v2\/types\/post"}],"author":[{"embeddable":true,"href":"https:\/\/www.uartes.edu.ec\/sitio\/en\/wp-json\/wp\/v2\/users\/10"}],"replies":[{"embeddable":true,"href":"https:\/\/www.uartes.edu.ec\/sitio\/en\/wp-json\/wp\/v2\/comments?post=20026"}],"version-history":[{"count":5,"href":"https:\/\/www.uartes.edu.ec\/sitio\/en\/wp-json\/wp\/v2\/posts\/20026\/revisions"}],"predecessor-version":[{"id":20037,"href":"https:\/\/www.uartes.edu.ec\/sitio\/en\/wp-json\/wp\/v2\/posts\/20026\/revisions\/20037"}],"wp:featuredmedia":[{"embeddable":true,"href":"https:\/\/www.uartes.edu.ec\/sitio\/en\/wp-json\/wp\/v2\/media\/20027"}],"wp:attachment":[{"href":"https:\/\/www.uartes.edu.ec\/sitio\/en\/wp-json\/wp\/v2\/media?parent=20026"}],"wp:term":[{"taxonomy":"category","embeddable":true,"href":"https:\/\/www.uartes.edu.ec\/sitio\/en\/wp-json\/wp\/v2\/categories?post=20026"},{"taxonomy":"post_tag","embeddable":true,"href":"https:\/\/www.uartes.edu.ec\/sitio\/en\/wp-json\/wp\/v2\/tags?post=20026"},{"taxonomy":"infouartes","embeddable":true,"href":"https:\/\/www.uartes.edu.ec\/sitio\/en\/wp-json\/wp\/v2\/infouartes?post=20026"}],"curies":[{"name":"wp","href":"https:\/\/api.w.org\/{rel}","templated":true}]}}