{"id":20782,"date":"2022-04-08T18:28:00","date_gmt":"2022-04-08T23:28:00","guid":{"rendered":"http:\/\/www.uartes.edu.ec\/sitio\/?p=20782"},"modified":"2024-07-04T11:23:47","modified_gmt":"2024-07-04T16:23:47","slug":"las-ppp-en-la-uartes-una-oportunidad-para-ganarexperiencia-y-fortalecer-el-perfil-de-egreso-academico","status":"publish","type":"post","link":"https:\/\/www.uartes.edu.ec\/sitio\/en\/blog\/2022\/04\/08\/las-ppp-en-la-uartes-una-oportunidad-para-ganarexperiencia-y-fortalecer-el-perfil-de-egreso-academico\/","title":{"rendered":"Pr\u00e1cticas Pre-Profesionales (PPP), una oportunidad para ganar experiencia y fortalecer el perfil de egreso"},"content":{"rendered":"<p>En redes sociales y a trav\u00e9s del correo electr\u00f3nico las escuelas, unidades y \u00e1reas de la Universidad de las Artes, as\u00ed como los departamentos y direcciones, est\u00e1n constantemente convocando a la comunidad estudiantil para que realice sus Pr\u00e1cticas Pre-Profesionales (PPP). Las propuestas son muchas y el objetivo uno: proveer las experiencias necesarias para una inserci\u00f3n efectiva en el campo laboral y fortalecer su perfil de egreso. &nbsp;<\/p>\n\n\n\n<p>Natalia Oca\u00f1a, Eudes Mera, Rebecca Valencia y Ricardo Castro respondieron a la convocatoria que hizo el Centro de Producci\u00f3n e Innovaci\u00f3n MZ14 y ya realizan sus PPP. Los dos primeros son alumnos de las escuelas de Artes Esc\u00e9nicas y Cine, respectivamente, y los otros dos est\u00e1n en Tecnolog\u00eda en Sonido y Ac\u00fastica del ITAE.<\/p>\n\n\n\n<p>Tania Navarrete, directora Ejecutiva del MZ14, comenta que innovar es algo que tienen presente y no pod\u00edan dejar de hacerlo en la convocatoria de este a\u00f1o para las PPP. Concibieron el llamado no solo para receptar las postulaciones de los chicos, sino para congregarlos en la Plaza P\u00fablica y en una inducci\u00f3n mostrarles el espacio e integrarlos en un solo grupo para ser parte de un sistema de voluntariado.<\/p>\n\n\n\n<div class=\"wp-block-image\"><figure class=\"aligncenter size-large\"><img fetchpriority=\"high\" decoding=\"async\" width=\"644\" height=\"429\" src=\"http:\/\/www.uartes.edu.ec\/sitio\/wp-content\/uploads\/2022\/04\/01-PPP-WEB-644x429.jpg\" alt=\"\" class=\"wp-image-20784\" srcset=\"https:\/\/www.uartes.edu.ec\/sitio\/wp-content\/uploads\/2022\/04\/01-PPP-WEB-644x429.jpg 644w, https:\/\/www.uartes.edu.ec\/sitio\/wp-content\/uploads\/2022\/04\/01-PPP-WEB-768x511.jpg 768w, https:\/\/www.uartes.edu.ec\/sitio\/wp-content\/uploads\/2022\/04\/01-PPP-WEB.jpg 2000w, https:\/\/www.uartes.edu.ec\/sitio\/wp-content\/uploads\/2022\/04\/01-PPP-WEB-600x399.jpg 600w, https:\/\/www.uartes.edu.ec\/sitio\/wp-content\/uploads\/2022\/04\/01-PPP-WEB-272x182.jpg 272w\" sizes=\"(max-width: 644px) 100vw, 644px\" \/><figcaption>Jornada de inducci\u00f3n del Centro de Producci\u00f3n e Innovaci\u00f3n MZ14 con estudiantes que postularon a las PPP.<\/figcaption><\/figure><\/div>\n\n\n\n<p>El estudiante UArtes debe cumplir 400 horas: 240 en PPP y 160 en servicio comunitario. \u201cY nos interesa que ese desarrollo se d\u00e9 en actividades relacionadas con el arte y la cultura\u201d, anota Navarrete, quien les hizo saber del inter\u00e9s del MZ14 de trabajar con ellas\/ellos para que aprendan haciendo. \u201cLos preceptos UArtes son saber cuidar, hacer y pensar y queremos transmitir estas ideas para que vayan prepar\u00e1ndose para lo que vendr\u00e1 cuando se grad\u00faen y enfrenten un grupo laboral.<\/p>\n\n\n\n<p>Al prop\u00f3sito de mejorar sus perfiles de artistas, gestores, educadores y emprendedores para cuando salgan al mundo laborar, Navarrete le a\u00f1ade el potencializar en los estudiantes UArtes la paciencia, la tolerancia, la voluntad, lo cual conlleva a ser mejores personas.<\/p>\n\n\n\n<p>Programaci\u00f3n de contenidos art\u00edsticos y culturales, realizaci\u00f3n de montajes de muestras de dise\u00f1o gr\u00e1fico, elaboraci\u00f3n de proyectos, difusor en redes sociales, mediaci\u00f3n de exposiciones de artes visuales, dise\u00f1o web, edici\u00f3n de art\u00edculos, producci\u00f3n de c\u00e1psulas audiovisuales para Tick Tock, FB e IG; producci\u00f3n de podcast, catalogaci\u00f3n de archivos, rodie, sonidista, log\u00edstica, presentador, asistente de curadur\u00eda, asistente de direcci\u00f3n ejecutiva, fotograf\u00eda, edici\u00f3n de textos y producci\u00f3n cultural son algunas de las actividades que ellos pudieron escoger para realizar sus PPP.<\/p>\n\n\n\n<div class=\"wp-block-image\"><figure class=\"aligncenter size-large\"><img decoding=\"async\" width=\"644\" height=\"429\" src=\"http:\/\/www.uartes.edu.ec\/sitio\/wp-content\/uploads\/2022\/04\/02-PPP-WEB-644x429.jpg\" alt=\"\" class=\"wp-image-20785\" srcset=\"https:\/\/www.uartes.edu.ec\/sitio\/wp-content\/uploads\/2022\/04\/02-PPP-WEB-644x429.jpg 644w, https:\/\/www.uartes.edu.ec\/sitio\/wp-content\/uploads\/2022\/04\/02-PPP-WEB-768x511.jpg 768w, https:\/\/www.uartes.edu.ec\/sitio\/wp-content\/uploads\/2022\/04\/02-PPP-WEB.jpg 2000w, https:\/\/www.uartes.edu.ec\/sitio\/wp-content\/uploads\/2022\/04\/02-PPP-WEB-600x399.jpg 600w, https:\/\/www.uartes.edu.ec\/sitio\/wp-content\/uploads\/2022\/04\/02-PPP-WEB-272x182.jpg 272w\" sizes=\"(max-width: 644px) 100vw, 644px\" \/><figcaption>Janina Su\u00e1rez (segunda izq.), jefa del Departamento de PPP, con los docentes que participan en el proceso. <\/figcaption><\/figure><\/div>\n\n\n\n<p>\u201cEn una jornada sabatina les dimos la inducci\u00f3n y separamos en grupos: Econom\u00edas creativas, Programaci\u00f3n, Log\u00edstica y Producci\u00f3n\u201d, se\u00f1ala Janina Su\u00e1rez, jefa del Departamento de PPP que junto a Navarrete sigui\u00f3 el proceso de convocatoria y los pasos posteriores, en los que tambi\u00e9n intervienen coordinadores de pr\u00e1cticas en cada carrera y el\/la tutor\/a para el proceso. &nbsp;<\/p>\n\n\n\n<p>Trayendo a la memoria las palabras del vicerrector Acad\u00e9mico, Bradley Hilgert, cuando asumi\u00f3 el cargo, de \u201cinclinarnos para escuchar lo que piensan los estudiantes y saber de sus necesidades\u201d, Navarrete comenta que as\u00ed se hizo en la inducci\u00f3n y se los dej\u00f3 decidir d\u00f3nde quer\u00edan hacer sus PPP. \u201cAceptamos sus solicitudes sin imponer nada, sino dej\u00e1ndolos hacer lo que les gusta. Hay artistas practicantes que optaron por dar talleres o algo m\u00e1s comunicacional, como podcats\u00bb.<\/p>\n\n\n\n<p>Sin embargo, agrega Navarrete, habr\u00e1 momentos en que deber\u00e1n hacer otras cosas, adem\u00e1s de las que les gusta. El pr\u00f3ximo hito UArtes ser\u00e1 el \u201cEncuentro de ciudades a trav\u00e9s del arte Guayaquil-Medell\u00edn\u201d y desarrollar\u00e1n acciones en conjunto.<\/p>\n\n\n\n<div class=\"wp-block-image\"><figure class=\"aligncenter size-large\"><img decoding=\"async\" width=\"644\" height=\"429\" src=\"http:\/\/www.uartes.edu.ec\/sitio\/wp-content\/uploads\/2022\/04\/05-PPP-WEB-644x429.jpg\" alt=\"\" class=\"wp-image-20786\" srcset=\"https:\/\/www.uartes.edu.ec\/sitio\/wp-content\/uploads\/2022\/04\/05-PPP-WEB-644x429.jpg 644w, https:\/\/www.uartes.edu.ec\/sitio\/wp-content\/uploads\/2022\/04\/05-PPP-WEB-768x511.jpg 768w, https:\/\/www.uartes.edu.ec\/sitio\/wp-content\/uploads\/2022\/04\/05-PPP-WEB.jpg 2000w, https:\/\/www.uartes.edu.ec\/sitio\/wp-content\/uploads\/2022\/04\/05-PPP-WEB-600x399.jpg 600w, https:\/\/www.uartes.edu.ec\/sitio\/wp-content\/uploads\/2022\/04\/05-PPP-WEB-272x182.jpg 272w\" sizes=\"(max-width: 644px) 100vw, 644px\" \/><figcaption>Los estudiantes junto a \u00c1ngel Murillo (segundo iz1.), funcionario del Centro de Producci\u00f3n e Innovaci\u00f3n MZ14.<\/figcaption><\/figure><\/div>\n\n\n\n<div class=\"wp-block-image\"><figure class=\"aligncenter size-large\"><img loading=\"lazy\" decoding=\"async\" width=\"644\" height=\"429\" src=\"http:\/\/www.uartes.edu.ec\/sitio\/wp-content\/uploads\/2022\/04\/03-PPP-WEB-644x429.jpg\" alt=\"\" class=\"wp-image-20787\" srcset=\"https:\/\/www.uartes.edu.ec\/sitio\/wp-content\/uploads\/2022\/04\/03-PPP-WEB-644x429.jpg 644w, https:\/\/www.uartes.edu.ec\/sitio\/wp-content\/uploads\/2022\/04\/03-PPP-WEB-768x511.jpg 768w, https:\/\/www.uartes.edu.ec\/sitio\/wp-content\/uploads\/2022\/04\/03-PPP-WEB.jpg 2000w, https:\/\/www.uartes.edu.ec\/sitio\/wp-content\/uploads\/2022\/04\/03-PPP-WEB-600x399.jpg 600w, https:\/\/www.uartes.edu.ec\/sitio\/wp-content\/uploads\/2022\/04\/03-PPP-WEB-272x182.jpg 272w\" sizes=\"(max-width: 644px) 100vw, 644px\" \/><figcaption>Ricardo Castro (izq.), Natalia Oca\u00f1a, Rebecca Valencia y Eudes Mera, estudiantes que compartieron con InfoUArtes la experiencia de realizar sus Pr\u00e1cticas Pre-Profesionales en el MZ14 de la UArtes. <\/figcaption><\/figure><\/div>\n\n\n\n<p>Oca\u00f1a, quien cursa el quinto semestre de Creaci\u00f3n Teatral, dice que aplic\u00f3 para Econom\u00edas Creativas, pero cuando enviaron la convocatoria dec\u00eda Log\u00edstica y pens\u00f3 que estar\u00eda en los eventos. \u201cLuego me di cuenta de que iba m\u00e1s all\u00e1, pues part\u00eda de cero, desde hacer las convocatorias y tener perfiles de aspirantes\u2026 estoy aprendiendo mucho de la gesti\u00f3n cultural\u201d, anota y enumera: entender el mundo que est\u00e1 detr\u00e1s, cotizaciones, planificaci\u00f3n\u2026 \u201cMe ha tocado incluso investigar\u201d, comenta con emoci\u00f3n del aprendizaje.<\/p>\n\n\n\n<p>Con igual entusiasmo, Mera, que est\u00e1 en quinto semestre de Cine, habla de su participaci\u00f3n en la Direcci\u00f3n Ejecutiva. Fue lo que aplic\u00f3 porque le interesa ver el arte desde ese punto, desde el proceso para llevar a cabo algo. \u201cAprendemos no solo a ejecutar\u201d, expresa el estudiante, quien est\u00e1 a cargo del acompa\u00f1amiento a sus compa\u00f1eros que hacen PPP. \u201cLes colaboro con la interacci\u00f3n necesaria con los directivos del MZ14\u201d.<\/p>\n\n\n\n<p>Valencia, del quinto semestre de Tecnolog\u00eda en Sonido y Ac\u00fastica del ITAE, est\u00e1 en el \u00e1rea de producci\u00f3n para eventos en vivo. Lleg\u00f3 al MZ14 antes de la convocatoria y sin conocimiento sobre temas de audio. Ni siquiera hab\u00eda visto las consolas. \u201cSent\u00eda miedo de hacer las cosas mal, pues desconoc\u00eda de los manejos t\u00e9cnicos, que ac\u00e1 son sumamente profesionales\u201d, indica y concluye sentirse satisfecha con la experiencia porque ha recibido mucha ayuda. Nadie le mezquina conocimientos, como en otros lugares donde tambi\u00e9n ha hecho pasant\u00edas. &nbsp;<\/p>\n\n\n\n<p>Castro ya egres\u00f3 de Tecnolog\u00eda en Sonido y Ac\u00fastica del ITAE, no necesita horas de PPP, pero est\u00e1 en el MZ14 porque quiere seguir aprendiendo. Se siente impactado porque tampoco conoc\u00eda siquiera los equipos, menos de producci\u00f3n y log\u00edstica. Disfruta de la adrenalina que se vive en el MZ14 en cada montaje, asegura.&nbsp;<\/p>","protected":false},"excerpt":{"rendered":"<p>En redes sociales y a trav\u00e9s del correo electr\u00f3nico las escuelas, unidades y \u00e1reas de la UArtes, as\u00ed como los departamentos y direcciones, est\u00e1n constantemente convocando a la comunidad estudiantil para que realice sus Pr\u00e1cticas Pre-Profesionales (PPP). Las propuestas son muchas y el objetivo uno: proveer las experiencias necesarias para una inserci\u00f3n efectiva en el campo laboral y fortalecer su perfil de egreso.  <\/p>","protected":false},"author":10,"featured_media":20783,"comment_status":"open","ping_status":"open","sticky":false,"template":"","format":"standard","meta":{"_acf_changed":false,"_uag_custom_page_level_css":"","_monsterinsights_skip_tracking":false,"_monsterinsights_sitenote_active":false,"_monsterinsights_sitenote_note":"","_monsterinsights_sitenote_category":0,"cybocfi_hide_featured_image":"","footnotes":""},"categories":[438,159,150,157,147,76,77,175],"tags":[416],"infouartes":[],"class_list":["post-20782","post","type-post","status-publish","format-standard","has-post-thumbnail","hentry","category-administrativos","category-artes-escenicas","category-artes-sonoras","category-artes-visuales","category-cine","category-estudiantes","category-gestion","category-literatura","tag-practicas-pre-profesionales"],"acf":[],"yoast_head":"<!-- This site is optimized with the Yoast SEO plugin v27.4 - https:\/\/yoast.com\/product\/yoast-seo-wordpress\/ -->\n<title>Universidad de las Artes - Pr\u00e1cticas Pre-Profesionales (PPP), una oportunidad para ganar experiencia y fortalecer el perfil de egreso<\/title>\n<meta name=\"description\" content=\"Universidad de las Artes - Pr\u00e1cticas Pre-Profesionales (PPP), una oportunidad para ganar experiencia y fortalecer el perfil de egreso\" \/>\n<meta name=\"robots\" content=\"index, follow, max-snippet:-1, max-image-preview:large, max-video-preview:-1\" \/>\n<link rel=\"canonical\" href=\"https:\/\/www.uartes.edu.ec\/sitio\/en\/blog\/2022\/04\/08\/las-ppp-en-la-uartes-una-oportunidad-para-ganarexperiencia-y-fortalecer-el-perfil-de-egreso-academico\/\" \/>\n<meta property=\"og:locale\" content=\"en_US\" \/>\n<meta property=\"og:type\" content=\"article\" \/>\n<meta property=\"og:title\" content=\"Universidad de las Artes - Pr\u00e1cticas Pre-Profesionales (PPP), una oportunidad para ganar experiencia y fortalecer el perfil de egreso\" \/>\n<meta property=\"og:description\" content=\"Universidad de las Artes - Pr\u00e1cticas Pre-Profesionales (PPP), una oportunidad para ganar experiencia y fortalecer el perfil de egreso\" \/>\n<meta property=\"og:url\" content=\"https:\/\/www.uartes.edu.ec\/sitio\/en\/blog\/2022\/04\/08\/las-ppp-en-la-uartes-una-oportunidad-para-ganarexperiencia-y-fortalecer-el-perfil-de-egreso-academico\/\" \/>\n<meta property=\"og:site_name\" content=\"Universidad de las Artes\" \/>\n<meta property=\"article:publisher\" content=\"https:\/\/www.facebook.com\/uartesec\" \/>\n<meta property=\"article:published_time\" content=\"2022-04-08T23:28:00+00:00\" \/>\n<meta property=\"article:modified_time\" content=\"2024-07-04T16:23:47+00:00\" \/>\n<meta property=\"og:image\" content=\"https:\/\/www.uartes.edu.ec\/sitio\/wp-content\/uploads\/2022\/04\/06-PPP-WEB.jpg\" \/>\n\t<meta property=\"og:image:width\" content=\"2000\" \/>\n\t<meta property=\"og:image:height\" content=\"1333\" \/>\n\t<meta property=\"og:image:type\" content=\"image\/jpeg\" \/>\n<meta name=\"author\" content=\"ccortez\" \/>\n<meta name=\"twitter:card\" content=\"summary_large_image\" \/>\n<meta name=\"twitter:creator\" content=\"@uartesec\" \/>\n<meta name=\"twitter:site\" content=\"@uartesec\" \/>\n<meta name=\"twitter:label1\" content=\"Written by\" \/>\n\t<meta name=\"twitter:data1\" content=\"ccortez\" \/>\n\t<meta name=\"twitter:label2\" content=\"Est. reading time\" \/>\n\t<meta name=\"twitter:data2\" content=\"6 minutes\" \/>\n<script type=\"application\/ld+json\" class=\"yoast-schema-graph\">{\"@context\":\"https:\\\/\\\/schema.org\",\"@graph\":[{\"@type\":\"Article\",\"@id\":\"https:\\\/\\\/www.uartes.edu.ec\\\/sitio\\\/en\\\/blog\\\/2022\\\/04\\\/08\\\/las-ppp-en-la-uartes-una-oportunidad-para-ganarexperiencia-y-fortalecer-el-perfil-de-egreso-academico\\\/#article\",\"isPartOf\":{\"@id\":\"https:\\\/\\\/www.uartes.edu.ec\\\/sitio\\\/en\\\/blog\\\/2022\\\/04\\\/08\\\/las-ppp-en-la-uartes-una-oportunidad-para-ganarexperiencia-y-fortalecer-el-perfil-de-egreso-academico\\\/\"},\"author\":{\"name\":\"ccortez\",\"@id\":\"https:\\\/\\\/www.uartes.edu.ec\\\/sitio\\\/en\\\/#\\\/schema\\\/person\\\/efa1b8275797664fd7f13a79ccc0b1f4\"},\"headline\":\"Pr\u00e1cticas Pre-Profesionales (PPP), una oportunidad para ganar experiencia y fortalecer el perfil de egreso\",\"datePublished\":\"2022-04-08T23:28:00+00:00\",\"dateModified\":\"2024-07-04T16:23:47+00:00\",\"mainEntityOfPage\":{\"@id\":\"https:\\\/\\\/www.uartes.edu.ec\\\/sitio\\\/en\\\/blog\\\/2022\\\/04\\\/08\\\/las-ppp-en-la-uartes-una-oportunidad-para-ganarexperiencia-y-fortalecer-el-perfil-de-egreso-academico\\\/\"},\"wordCount\":1043,\"commentCount\":0,\"publisher\":{\"@id\":\"https:\\\/\\\/www.uartes.edu.ec\\\/sitio\\\/en\\\/#organization\"},\"image\":{\"@id\":\"https:\\\/\\\/www.uartes.edu.ec\\\/sitio\\\/en\\\/blog\\\/2022\\\/04\\\/08\\\/las-ppp-en-la-uartes-una-oportunidad-para-ganarexperiencia-y-fortalecer-el-perfil-de-egreso-academico\\\/#primaryimage\"},\"thumbnailUrl\":\"https:\\\/\\\/www.uartes.edu.ec\\\/sitio\\\/wp-content\\\/uploads\\\/2022\\\/04\\\/06-PPP-WEB.jpg\",\"keywords\":[\"pr\u00e1cticas pre-profesionales\"],\"articleSection\":[\"Administrativos\",\"Artes Esc\u00e9nicas\",\"Artes Sonoras\",\"Artes Visuales\",\"Cine\",\"Estudiantes\",\"Gesti\u00f3n\",\"Literatura\"],\"inLanguage\":\"en-US\",\"potentialAction\":[{\"@type\":\"CommentAction\",\"name\":\"Comment\",\"target\":[\"https:\\\/\\\/www.uartes.edu.ec\\\/sitio\\\/en\\\/blog\\\/2022\\\/04\\\/08\\\/las-ppp-en-la-uartes-una-oportunidad-para-ganarexperiencia-y-fortalecer-el-perfil-de-egreso-academico\\\/#respond\"]}]},{\"@type\":[\"WebPage\",\"ItemPage\"],\"@id\":\"https:\\\/\\\/www.uartes.edu.ec\\\/sitio\\\/en\\\/blog\\\/2022\\\/04\\\/08\\\/las-ppp-en-la-uartes-una-oportunidad-para-ganarexperiencia-y-fortalecer-el-perfil-de-egreso-academico\\\/\",\"url\":\"https:\\\/\\\/www.uartes.edu.ec\\\/sitio\\\/en\\\/blog\\\/2022\\\/04\\\/08\\\/las-ppp-en-la-uartes-una-oportunidad-para-ganarexperiencia-y-fortalecer-el-perfil-de-egreso-academico\\\/\",\"name\":\"Universidad de las Artes - Pr\u00e1cticas Pre-Profesionales (PPP), una oportunidad para ganar experiencia y fortalecer el perfil de egreso\",\"isPartOf\":{\"@id\":\"https:\\\/\\\/www.uartes.edu.ec\\\/sitio\\\/en\\\/#website\"},\"primaryImageOfPage\":{\"@id\":\"https:\\\/\\\/www.uartes.edu.ec\\\/sitio\\\/en\\\/blog\\\/2022\\\/04\\\/08\\\/las-ppp-en-la-uartes-una-oportunidad-para-ganarexperiencia-y-fortalecer-el-perfil-de-egreso-academico\\\/#primaryimage\"},\"image\":{\"@id\":\"https:\\\/\\\/www.uartes.edu.ec\\\/sitio\\\/en\\\/blog\\\/2022\\\/04\\\/08\\\/las-ppp-en-la-uartes-una-oportunidad-para-ganarexperiencia-y-fortalecer-el-perfil-de-egreso-academico\\\/#primaryimage\"},\"thumbnailUrl\":\"https:\\\/\\\/www.uartes.edu.ec\\\/sitio\\\/wp-content\\\/uploads\\\/2022\\\/04\\\/06-PPP-WEB.jpg\",\"datePublished\":\"2022-04-08T23:28:00+00:00\",\"dateModified\":\"2024-07-04T16:23:47+00:00\",\"description\":\"Universidad de las Artes - Pr\u00e1cticas Pre-Profesionales (PPP), una oportunidad para ganar experiencia y fortalecer el perfil de egreso\",\"breadcrumb\":{\"@id\":\"https:\\\/\\\/www.uartes.edu.ec\\\/sitio\\\/en\\\/blog\\\/2022\\\/04\\\/08\\\/las-ppp-en-la-uartes-una-oportunidad-para-ganarexperiencia-y-fortalecer-el-perfil-de-egreso-academico\\\/#breadcrumb\"},\"inLanguage\":\"en-US\",\"potentialAction\":[{\"@type\":\"ReadAction\",\"target\":[\"https:\\\/\\\/www.uartes.edu.ec\\\/sitio\\\/en\\\/blog\\\/2022\\\/04\\\/08\\\/las-ppp-en-la-uartes-una-oportunidad-para-ganarexperiencia-y-fortalecer-el-perfil-de-egreso-academico\\\/\"]}]},{\"@type\":\"ImageObject\",\"inLanguage\":\"en-US\",\"@id\":\"https:\\\/\\\/www.uartes.edu.ec\\\/sitio\\\/en\\\/blog\\\/2022\\\/04\\\/08\\\/las-ppp-en-la-uartes-una-oportunidad-para-ganarexperiencia-y-fortalecer-el-perfil-de-egreso-academico\\\/#primaryimage\",\"url\":\"https:\\\/\\\/www.uartes.edu.ec\\\/sitio\\\/wp-content\\\/uploads\\\/2022\\\/04\\\/06-PPP-WEB.jpg\",\"contentUrl\":\"https:\\\/\\\/www.uartes.edu.ec\\\/sitio\\\/wp-content\\\/uploads\\\/2022\\\/04\\\/06-PPP-WEB.jpg\",\"width\":2000,\"height\":1333},{\"@type\":\"BreadcrumbList\",\"@id\":\"https:\\\/\\\/www.uartes.edu.ec\\\/sitio\\\/en\\\/blog\\\/2022\\\/04\\\/08\\\/las-ppp-en-la-uartes-una-oportunidad-para-ganarexperiencia-y-fortalecer-el-perfil-de-egreso-academico\\\/#breadcrumb\",\"itemListElement\":[{\"@type\":\"ListItem\",\"position\":1,\"name\":\"Inicio\",\"item\":\"https:\\\/\\\/www.uartes.edu.ec\\\/sitio\\\/\"},{\"@type\":\"ListItem\",\"position\":2,\"name\":\"Pr\u00e1cticas Pre-Profesionales (PPP), una oportunidad para ganar experiencia y fortalecer el perfil de egreso\"}]},{\"@type\":\"WebSite\",\"@id\":\"https:\\\/\\\/www.uartes.edu.ec\\\/sitio\\\/en\\\/#website\",\"url\":\"https:\\\/\\\/www.uartes.edu.ec\\\/sitio\\\/en\\\/\",\"name\":\"Universidad de las Artes\",\"description\":\"Sitio oficial de la Universidad Nacional de las Artes del Ecuador\",\"publisher\":{\"@id\":\"https:\\\/\\\/www.uartes.edu.ec\\\/sitio\\\/en\\\/#organization\"},\"potentialAction\":[{\"@type\":\"SearchAction\",\"target\":{\"@type\":\"EntryPoint\",\"urlTemplate\":\"https:\\\/\\\/www.uartes.edu.ec\\\/sitio\\\/en\\\/?s={search_term_string}\"},\"query-input\":{\"@type\":\"PropertyValueSpecification\",\"valueRequired\":true,\"valueName\":\"search_term_string\"}}],\"inLanguage\":\"en-US\"},{\"@type\":\"Organization\",\"@id\":\"https:\\\/\\\/www.uartes.edu.ec\\\/sitio\\\/en\\\/#organization\",\"name\":\"Universidad de las Artes\",\"url\":\"https:\\\/\\\/www.uartes.edu.ec\\\/sitio\\\/en\\\/\",\"logo\":{\"@type\":\"ImageObject\",\"inLanguage\":\"en-US\",\"@id\":\"https:\\\/\\\/www.uartes.edu.ec\\\/sitio\\\/en\\\/#\\\/schema\\\/logo\\\/image\\\/\",\"url\":\"https:\\\/\\\/www.uartes.edu.ec\\\/sitio\\\/wp-content\\\/uploads\\\/2022\\\/07\\\/logo-ua-horizontal.png\",\"contentUrl\":\"https:\\\/\\\/www.uartes.edu.ec\\\/sitio\\\/wp-content\\\/uploads\\\/2022\\\/07\\\/logo-ua-horizontal.png\",\"width\":800,\"height\":276,\"caption\":\"Universidad de las Artes\"},\"image\":{\"@id\":\"https:\\\/\\\/www.uartes.edu.ec\\\/sitio\\\/en\\\/#\\\/schema\\\/logo\\\/image\\\/\"},\"sameAs\":[\"https:\\\/\\\/www.facebook.com\\\/uartesec\",\"https:\\\/\\\/x.com\\\/uartesec\",\"https:\\\/\\\/www.tiktok.com\\\/@uartesec\"]},{\"@type\":\"Person\",\"@id\":\"https:\\\/\\\/www.uartes.edu.ec\\\/sitio\\\/en\\\/#\\\/schema\\\/person\\\/efa1b8275797664fd7f13a79ccc0b1f4\",\"name\":\"ccortez\",\"image\":{\"@type\":\"ImageObject\",\"inLanguage\":\"en-US\",\"@id\":\"https:\\\/\\\/secure.gravatar.com\\\/avatar\\\/b2a6f664a3ae8e074346ef91775736c5ec479e637ecced6842de9dc98b5da9cd?s=96&d=mm&r=g\",\"url\":\"https:\\\/\\\/secure.gravatar.com\\\/avatar\\\/b2a6f664a3ae8e074346ef91775736c5ec479e637ecced6842de9dc98b5da9cd?s=96&d=mm&r=g\",\"contentUrl\":\"https:\\\/\\\/secure.gravatar.com\\\/avatar\\\/b2a6f664a3ae8e074346ef91775736c5ec479e637ecced6842de9dc98b5da9cd?s=96&d=mm&r=g\",\"caption\":\"ccortez\"},\"url\":\"https:\\\/\\\/www.uartes.edu.ec\\\/sitio\\\/en\\\/blog\\\/author\\\/ccortez\\\/\"}]}<\/script>\n<!-- \/ Yoast SEO plugin. -->","yoast_head_json":{"title":"Universidad de las Artes - Pr\u00e1cticas Pre-Profesionales (PPP), una oportunidad para ganar experiencia y fortalecer el perfil de egreso","description":"Universidad de las Artes - Pr\u00e1cticas Pre-Profesionales (PPP), una oportunidad para ganar experiencia y fortalecer el perfil de egreso","robots":{"index":"index","follow":"follow","max-snippet":"max-snippet:-1","max-image-preview":"max-image-preview:large","max-video-preview":"max-video-preview:-1"},"canonical":"https:\/\/www.uartes.edu.ec\/sitio\/en\/blog\/2022\/04\/08\/las-ppp-en-la-uartes-una-oportunidad-para-ganarexperiencia-y-fortalecer-el-perfil-de-egreso-academico\/","og_locale":"en_US","og_type":"article","og_title":"Universidad de las Artes - Pr\u00e1cticas Pre-Profesionales (PPP), una oportunidad para ganar experiencia y fortalecer el perfil de egreso","og_description":"Universidad de las Artes - Pr\u00e1cticas Pre-Profesionales (PPP), una oportunidad para ganar experiencia y fortalecer el perfil de egreso","og_url":"https:\/\/www.uartes.edu.ec\/sitio\/en\/blog\/2022\/04\/08\/las-ppp-en-la-uartes-una-oportunidad-para-ganarexperiencia-y-fortalecer-el-perfil-de-egreso-academico\/","og_site_name":"Universidad de las Artes","article_publisher":"https:\/\/www.facebook.com\/uartesec","article_published_time":"2022-04-08T23:28:00+00:00","article_modified_time":"2024-07-04T16:23:47+00:00","og_image":[{"width":2000,"height":1333,"url":"https:\/\/www.uartes.edu.ec\/sitio\/wp-content\/uploads\/2022\/04\/06-PPP-WEB.jpg","type":"image\/jpeg"}],"author":"ccortez","twitter_card":"summary_large_image","twitter_creator":"@uartesec","twitter_site":"@uartesec","twitter_misc":{"Written by":"ccortez","Est. reading time":"6 minutes"},"schema":{"@context":"https:\/\/schema.org","@graph":[{"@type":"Article","@id":"https:\/\/www.uartes.edu.ec\/sitio\/en\/blog\/2022\/04\/08\/las-ppp-en-la-uartes-una-oportunidad-para-ganarexperiencia-y-fortalecer-el-perfil-de-egreso-academico\/#article","isPartOf":{"@id":"https:\/\/www.uartes.edu.ec\/sitio\/en\/blog\/2022\/04\/08\/las-ppp-en-la-uartes-una-oportunidad-para-ganarexperiencia-y-fortalecer-el-perfil-de-egreso-academico\/"},"author":{"name":"ccortez","@id":"https:\/\/www.uartes.edu.ec\/sitio\/en\/#\/schema\/person\/efa1b8275797664fd7f13a79ccc0b1f4"},"headline":"Pr\u00e1cticas Pre-Profesionales (PPP), una oportunidad para ganar experiencia y fortalecer el perfil de egreso","datePublished":"2022-04-08T23:28:00+00:00","dateModified":"2024-07-04T16:23:47+00:00","mainEntityOfPage":{"@id":"https:\/\/www.uartes.edu.ec\/sitio\/en\/blog\/2022\/04\/08\/las-ppp-en-la-uartes-una-oportunidad-para-ganarexperiencia-y-fortalecer-el-perfil-de-egreso-academico\/"},"wordCount":1043,"commentCount":0,"publisher":{"@id":"https:\/\/www.uartes.edu.ec\/sitio\/en\/#organization"},"image":{"@id":"https:\/\/www.uartes.edu.ec\/sitio\/en\/blog\/2022\/04\/08\/las-ppp-en-la-uartes-una-oportunidad-para-ganarexperiencia-y-fortalecer-el-perfil-de-egreso-academico\/#primaryimage"},"thumbnailUrl":"https:\/\/www.uartes.edu.ec\/sitio\/wp-content\/uploads\/2022\/04\/06-PPP-WEB.jpg","keywords":["pr\u00e1cticas pre-profesionales"],"articleSection":["Administrativos","Artes Esc\u00e9nicas","Artes Sonoras","Artes Visuales","Cine","Estudiantes","Gesti\u00f3n","Literatura"],"inLanguage":"en-US","potentialAction":[{"@type":"CommentAction","name":"Comment","target":["https:\/\/www.uartes.edu.ec\/sitio\/en\/blog\/2022\/04\/08\/las-ppp-en-la-uartes-una-oportunidad-para-ganarexperiencia-y-fortalecer-el-perfil-de-egreso-academico\/#respond"]}]},{"@type":["WebPage","ItemPage"],"@id":"https:\/\/www.uartes.edu.ec\/sitio\/en\/blog\/2022\/04\/08\/las-ppp-en-la-uartes-una-oportunidad-para-ganarexperiencia-y-fortalecer-el-perfil-de-egreso-academico\/","url":"https:\/\/www.uartes.edu.ec\/sitio\/en\/blog\/2022\/04\/08\/las-ppp-en-la-uartes-una-oportunidad-para-ganarexperiencia-y-fortalecer-el-perfil-de-egreso-academico\/","name":"Universidad de las Artes - Pr\u00e1cticas Pre-Profesionales (PPP), una oportunidad para ganar experiencia y fortalecer el perfil de egreso","isPartOf":{"@id":"https:\/\/www.uartes.edu.ec\/sitio\/en\/#website"},"primaryImageOfPage":{"@id":"https:\/\/www.uartes.edu.ec\/sitio\/en\/blog\/2022\/04\/08\/las-ppp-en-la-uartes-una-oportunidad-para-ganarexperiencia-y-fortalecer-el-perfil-de-egreso-academico\/#primaryimage"},"image":{"@id":"https:\/\/www.uartes.edu.ec\/sitio\/en\/blog\/2022\/04\/08\/las-ppp-en-la-uartes-una-oportunidad-para-ganarexperiencia-y-fortalecer-el-perfil-de-egreso-academico\/#primaryimage"},"thumbnailUrl":"https:\/\/www.uartes.edu.ec\/sitio\/wp-content\/uploads\/2022\/04\/06-PPP-WEB.jpg","datePublished":"2022-04-08T23:28:00+00:00","dateModified":"2024-07-04T16:23:47+00:00","description":"Universidad de las Artes - Pr\u00e1cticas Pre-Profesionales (PPP), una oportunidad para ganar experiencia y fortalecer el perfil de egreso","breadcrumb":{"@id":"https:\/\/www.uartes.edu.ec\/sitio\/en\/blog\/2022\/04\/08\/las-ppp-en-la-uartes-una-oportunidad-para-ganarexperiencia-y-fortalecer-el-perfil-de-egreso-academico\/#breadcrumb"},"inLanguage":"en-US","potentialAction":[{"@type":"ReadAction","target":["https:\/\/www.uartes.edu.ec\/sitio\/en\/blog\/2022\/04\/08\/las-ppp-en-la-uartes-una-oportunidad-para-ganarexperiencia-y-fortalecer-el-perfil-de-egreso-academico\/"]}]},{"@type":"ImageObject","inLanguage":"en-US","@id":"https:\/\/www.uartes.edu.ec\/sitio\/en\/blog\/2022\/04\/08\/las-ppp-en-la-uartes-una-oportunidad-para-ganarexperiencia-y-fortalecer-el-perfil-de-egreso-academico\/#primaryimage","url":"https:\/\/www.uartes.edu.ec\/sitio\/wp-content\/uploads\/2022\/04\/06-PPP-WEB.jpg","contentUrl":"https:\/\/www.uartes.edu.ec\/sitio\/wp-content\/uploads\/2022\/04\/06-PPP-WEB.jpg","width":2000,"height":1333},{"@type":"BreadcrumbList","@id":"https:\/\/www.uartes.edu.ec\/sitio\/en\/blog\/2022\/04\/08\/las-ppp-en-la-uartes-una-oportunidad-para-ganarexperiencia-y-fortalecer-el-perfil-de-egreso-academico\/#breadcrumb","itemListElement":[{"@type":"ListItem","position":1,"name":"Inicio","item":"https:\/\/www.uartes.edu.ec\/sitio\/"},{"@type":"ListItem","position":2,"name":"Pr\u00e1cticas Pre-Profesionales (PPP), una oportunidad para ganar experiencia y fortalecer el perfil de egreso"}]},{"@type":"WebSite","@id":"https:\/\/www.uartes.edu.ec\/sitio\/en\/#website","url":"https:\/\/www.uartes.edu.ec\/sitio\/en\/","name":"Universidad de las Artes","description":"Sitio oficial de la Universidad Nacional de las Artes del Ecuador","publisher":{"@id":"https:\/\/www.uartes.edu.ec\/sitio\/en\/#organization"},"potentialAction":[{"@type":"SearchAction","target":{"@type":"EntryPoint","urlTemplate":"https:\/\/www.uartes.edu.ec\/sitio\/en\/?s={search_term_string}"},"query-input":{"@type":"PropertyValueSpecification","valueRequired":true,"valueName":"search_term_string"}}],"inLanguage":"en-US"},{"@type":"Organization","@id":"https:\/\/www.uartes.edu.ec\/sitio\/en\/#organization","name":"Universidad de las Artes","url":"https:\/\/www.uartes.edu.ec\/sitio\/en\/","logo":{"@type":"ImageObject","inLanguage":"en-US","@id":"https:\/\/www.uartes.edu.ec\/sitio\/en\/#\/schema\/logo\/image\/","url":"https:\/\/www.uartes.edu.ec\/sitio\/wp-content\/uploads\/2022\/07\/logo-ua-horizontal.png","contentUrl":"https:\/\/www.uartes.edu.ec\/sitio\/wp-content\/uploads\/2022\/07\/logo-ua-horizontal.png","width":800,"height":276,"caption":"Universidad de las Artes"},"image":{"@id":"https:\/\/www.uartes.edu.ec\/sitio\/en\/#\/schema\/logo\/image\/"},"sameAs":["https:\/\/www.facebook.com\/uartesec","https:\/\/x.com\/uartesec","https:\/\/www.tiktok.com\/@uartesec"]},{"@type":"Person","@id":"https:\/\/www.uartes.edu.ec\/sitio\/en\/#\/schema\/person\/efa1b8275797664fd7f13a79ccc0b1f4","name":"ccortez","image":{"@type":"ImageObject","inLanguage":"en-US","@id":"https:\/\/secure.gravatar.com\/avatar\/b2a6f664a3ae8e074346ef91775736c5ec479e637ecced6842de9dc98b5da9cd?s=96&d=mm&r=g","url":"https:\/\/secure.gravatar.com\/avatar\/b2a6f664a3ae8e074346ef91775736c5ec479e637ecced6842de9dc98b5da9cd?s=96&d=mm&r=g","contentUrl":"https:\/\/secure.gravatar.com\/avatar\/b2a6f664a3ae8e074346ef91775736c5ec479e637ecced6842de9dc98b5da9cd?s=96&d=mm&r=g","caption":"ccortez"},"url":"https:\/\/www.uartes.edu.ec\/sitio\/en\/blog\/author\/ccortez\/"}]}},"uagb_featured_image_src":{"full":["https:\/\/www.uartes.edu.ec\/sitio\/wp-content\/uploads\/2022\/04\/06-PPP-WEB.jpg",2000,1333,false],"thumbnail":["https:\/\/www.uartes.edu.ec\/sitio\/wp-content\/uploads\/2022\/04\/06-PPP-WEB-150x150.jpg",150,150,true],"medium":["https:\/\/www.uartes.edu.ec\/sitio\/wp-content\/uploads\/2022\/04\/06-PPP-WEB-300x200.jpg",300,200,true],"medium_large":["https:\/\/www.uartes.edu.ec\/sitio\/wp-content\/uploads\/2022\/04\/06-PPP-WEB-768x512.jpg",768,512,true],"large":["https:\/\/www.uartes.edu.ec\/sitio\/wp-content\/uploads\/2022\/04\/06-PPP-WEB-644x429.jpg",644,429,true],"1536x1536":["https:\/\/www.uartes.edu.ec\/sitio\/wp-content\/uploads\/2022\/04\/06-PPP-WEB-1536x1024.jpg",1536,1024,true],"2048x2048":["https:\/\/www.uartes.edu.ec\/sitio\/wp-content\/uploads\/2022\/04\/06-PPP-WEB.jpg",2000,1333,false],"trp-custom-language-flag":["https:\/\/www.uartes.edu.ec\/sitio\/wp-content\/uploads\/2022\/04\/06-PPP-WEB.jpg",18,12,false],"htmega_size_585x295":["https:\/\/www.uartes.edu.ec\/sitio\/wp-content\/uploads\/2022\/04\/06-PPP-WEB.jpg",443,295,false],"htmega_size_1170x536":["https:\/\/www.uartes.edu.ec\/sitio\/wp-content\/uploads\/2022\/04\/06-PPP-WEB.jpg",804,536,false],"htmega_size_396x360":["https:\/\/www.uartes.edu.ec\/sitio\/wp-content\/uploads\/2022\/04\/06-PPP-WEB.jpg",396,264,false],"gb-block-post-grid-landscape":["https:\/\/www.uartes.edu.ec\/sitio\/wp-content\/uploads\/2022\/04\/06-PPP-WEB-600x400.jpg",600,400,true],"gb-block-post-grid-square":["https:\/\/www.uartes.edu.ec\/sitio\/wp-content\/uploads\/2022\/04\/06-PPP-WEB-600x600.jpg",600,600,true],"university-hub-thumb":["https:\/\/www.uartes.edu.ec\/sitio\/wp-content\/uploads\/2022\/04\/06-PPP-WEB-400x267.jpg",400,267,true]},"uagb_author_info":{"display_name":"ccortez","author_link":"https:\/\/www.uartes.edu.ec\/sitio\/en\/blog\/author\/ccortez\/"},"uagb_comment_info":0,"uagb_excerpt":"En redes sociales y a trav\u00e9s del correo electr\u00f3nico las escuelas, unidades y \u00e1reas de la UArtes, as\u00ed como los departamentos y direcciones, est\u00e1n constantemente convocando a la comunidad estudiantil para que realice sus Pr\u00e1cticas Pre-Profesionales (PPP). Las propuestas son muchas y el objetivo uno: proveer las experiencias necesarias para una inserci\u00f3n efectiva en el&hellip;","featured_image_src":"https:\/\/www.uartes.edu.ec\/sitio\/wp-content\/uploads\/2022\/04\/06-PPP-WEB-600x400.jpg","featured_image_src_square":"https:\/\/www.uartes.edu.ec\/sitio\/wp-content\/uploads\/2022\/04\/06-PPP-WEB-600x600.jpg","author_info":{"display_name":"ccortez","author_link":"https:\/\/www.uartes.edu.ec\/sitio\/en\/blog\/author\/ccortez\/"},"publishpress_future_workflow_manual_trigger":{"enabledWorkflows":[]},"distributor_meta":false,"distributor_terms":false,"distributor_media":false,"distributor_original_site_name":"Universidad de las Artes","distributor_original_site_url":"https:\/\/www.uartes.edu.ec\/sitio\/en","push-errors":false,"_links":{"self":[{"href":"https:\/\/www.uartes.edu.ec\/sitio\/en\/wp-json\/wp\/v2\/posts\/20782","targetHints":{"allow":["GET"]}}],"collection":[{"href":"https:\/\/www.uartes.edu.ec\/sitio\/en\/wp-json\/wp\/v2\/posts"}],"about":[{"href":"https:\/\/www.uartes.edu.ec\/sitio\/en\/wp-json\/wp\/v2\/types\/post"}],"author":[{"embeddable":true,"href":"https:\/\/www.uartes.edu.ec\/sitio\/en\/wp-json\/wp\/v2\/users\/10"}],"replies":[{"embeddable":true,"href":"https:\/\/www.uartes.edu.ec\/sitio\/en\/wp-json\/wp\/v2\/comments?post=20782"}],"version-history":[{"count":12,"href":"https:\/\/www.uartes.edu.ec\/sitio\/en\/wp-json\/wp\/v2\/posts\/20782\/revisions"}],"predecessor-version":[{"id":20802,"href":"https:\/\/www.uartes.edu.ec\/sitio\/en\/wp-json\/wp\/v2\/posts\/20782\/revisions\/20802"}],"wp:featuredmedia":[{"embeddable":true,"href":"https:\/\/www.uartes.edu.ec\/sitio\/en\/wp-json\/wp\/v2\/media\/20783"}],"wp:attachment":[{"href":"https:\/\/www.uartes.edu.ec\/sitio\/en\/wp-json\/wp\/v2\/media?parent=20782"}],"wp:term":[{"taxonomy":"category","embeddable":true,"href":"https:\/\/www.uartes.edu.ec\/sitio\/en\/wp-json\/wp\/v2\/categories?post=20782"},{"taxonomy":"post_tag","embeddable":true,"href":"https:\/\/www.uartes.edu.ec\/sitio\/en\/wp-json\/wp\/v2\/tags?post=20782"},{"taxonomy":"infouartes","embeddable":true,"href":"https:\/\/www.uartes.edu.ec\/sitio\/en\/wp-json\/wp\/v2\/infouartes?post=20782"}],"curies":[{"name":"wp","href":"https:\/\/api.w.org\/{rel}","templated":true}]}}