{"id":20838,"date":"2022-04-14T16:17:00","date_gmt":"2022-04-14T21:17:00","guid":{"rendered":"http:\/\/www.uartes.edu.ec\/sitio\/?p=20838"},"modified":"2024-07-04T11:23:45","modified_gmt":"2024-07-04T16:23:45","slug":"jornadas-culturales-artisticas-e-intercambio-de-librosde-lanfor-abierta-iniciativa-de-la-biblioteca-de-las-artes","status":"publish","type":"post","link":"https:\/\/www.uartes.edu.ec\/sitio\/en\/blog\/2022\/04\/14\/jornadas-culturales-artisticas-e-intercambio-de-librosde-lanfor-abierta-iniciativa-de-la-biblioteca-de-las-artes\/","title":{"rendered":"Jornadas culturales, art\u00edsticas e intercambio de libros en la Lanfor Abierta de la Biblioteca de las Artes"},"content":{"rendered":"<p>Con la \u201cCl\u00ednica de edici\u00f3n de cr\u00edtica cultural\u201d, a cargo de Jos\u00e9 Miguel Cabrera, director de UArtes Ediciones, se inician este lunes 18 de abril las actividades de Lanfor Abierta, una iniciativa de la Biblioteca de las Artes para fortalecer la lectura, constituy\u00e9ndose en un punto de encuentro con la comunidad universitaria y el p\u00fablico en general. Se extender\u00e1n hasta el s\u00e1bado 23, en el D\u00eda Internacional del Libro, por cuya conmemoraci\u00f3n justamente se realizan las jornadas.<\/p>\n\n\n\n<p>El repositorio de la UArtes le dio el nombre de Lanfor Abierta a su propuesta, por el sentido de abrir las puertas met\u00e1licas al p\u00fablico (lanfor es sin\u00f3nimo de puertas enrollables). Adem\u00e1s de invitar a la comunidad universitaria y colectividad a participar de lo programado, la Biblioteca de las Artes anima un intercambio: dar el libro que ya no se necesite y est\u00e1 a\u00fan en buen estado a quien pueda estarle dando a\u00fan valor.<\/p>\n\n\n\n<p>El intercambio se podr\u00e1 hacer del 18 al 23 de abril en un stand donde estar\u00e1n libros&nbsp;producto de donaciones realizadas a ra\u00edz de convenios interinstitucionales con otras bibliotecas, ejemplares&nbsp;de UArtes Ediciones&nbsp;y dem\u00e1s publicaciones donadas por la ciudadan\u00eda. Los d\u00edas y horarios para la donaci\u00f3n\/trueque son: lunes, de 08:00 a 17:00; de martes a viernes, desde las 08:00 hasta las 19:00; y, s\u00e1bado, de 09:00 a 17:00.<\/p>\n\n\n\n<p>Retomando la agenda de actividades de Lanfor Abierta, la \u201cCl\u00ednica de edici\u00f3n de cr\u00edtica cultural\u201d del lunes 18 ser\u00e1 a las 14:00 en la Terraza de la Biblioteca de las Artes (y se replicar\u00e1, a la misma hora, los d\u00edas 20 y 26). Le seguir\u00e1, a las 15:00, el Taller de Microcuentos dirigido a adolescentes, mismo que ser\u00e1 virtual v\u00eda zoom y continuar\u00e1 el martes 19 y el mi\u00e9rcoles 20.<\/p>\n\n\n\n<p>El concierto de Jennifer Villafuerte, cantautora y docente de la Escuela de Artes Sonoras, tomar\u00e1 la posta de Lanfor Abierta el 19, a las 15:00; se presentar\u00e1 en el tercer piso de la Biblioteca y compartir\u00e1 el escenario con la estudiante de la EAS Andrea Cede\u00f1o. Tambi\u00e9n, a las 15:30, tendr\u00e1 lugar en el primer piso la conferencia \u201cEl Fotolibro en Ecuador y Am\u00e9rica del Sur\u201d con Patricio Montaleza, director de Ecuadorfotofest, fot\u00f3grafo y realizador audiovisual. Esta actividad se transmitir\u00e1 por Facebook Live.<\/p>\n\n\n\n<p>El mi\u00e9rcoles 20 se desarrollar\u00e1, a las 09:30, de manera virtual v\u00eda zoom la conferencia \u201cLos 100 a\u00f1os del Ulises de James Joyce\u201d, con el escritor Marcelo B\u00e1ez; se transmitir\u00e1 por Facebook Live.<\/p>\n\n\n\n<p>El mismo 20 de abril, con r\u00e9plica el s\u00e1bado 23, se ha programado el taller \u201cTeatro para ni\u00f1as y ni\u00f1os\u201d, con edades comprendidas entre los 5 y 12 a\u00f1os; ser\u00e1 a las 10:00, en la Sala R\u00eda. All\u00ed tambi\u00e9n, a las 15:00, Andrea V\u00e9lez, de Tambo de Lectura, compartir\u00e1 con lectores de 6 a 13 a\u00f1os las \u201cHistorias del Arte, reconociendo a Joan Mir\u00f3\u201d. Y, a partir de la 16:00, en modalidad virtual v\u00eda zoom, Carlos Cando dialogar\u00e1 sobre la \u201cLiteratura fant\u00e1stica de Carlos B\u00e9jar Portilla\u201d; se transmitir\u00e1 por Facebook Live.<\/p>\n\n\n\n<p>El taller \u201cLectura de braille\u201d dar\u00e1 continuidad el jueves 21 a las actividades de Lanfor Abierta; se har\u00e1 en la terraza, a partir de las 10:00. Seguidamente, a las 11:00 en la Sala R\u00eda, Las \u201cF\u00e1bulas para la primera infancia\u201d. Y, por la tarde, desde las 15:00, se har\u00e1 el lanzamiento del libro \u201cPerlita tropical y otros cuentos\u201d, de la escritora Cecilia Velasco, docente de la Escuela de Literatura.<\/p>\n\n\n\n<p>La docente Mar\u00eda Fernanda L\u00f3pez, PhD., investigadora, gestora y curadora, estar\u00e1 en Lanfor Abierta tambi\u00e9n el 21 de abril, a las 17:30, con la clase magistral \u201cCuradur\u00eda y museolog\u00eda al servicio del arte de calle\u201d; ser\u00e1 en el primer piso y se transmitir\u00e1 por Facebook Live.<\/p>\n\n\n\n<p>El viernes 22, a las 14:00, se realizar\u00e1 el cine-foro del documental \u201cCon mi coraz\u00f3n en Yambo\u201d, de la directora Mar\u00eda Fernanda Restrepo; ser\u00e1 en el auditorio de la Biblioteca de las Artes y para p\u00fablico desde los 15 a\u00f1os. A las 15:00, dos actividades: el Tambo de Lectura \u201cContamos los viernes\u201d con el libro \u201cEl hombre p\u00e1jaro\u201d, de Marx Ernst, dirigido por Andrea V\u00e9lez desde la Sala R\u00eda; y, el taller \u201cPreshading, nociones aplicadas al dibujo art\u00edstico\u201d, con Harold Maridue\u00f1a, licenciado en Artes Visuales, desde la Galer\u00eda 4ta. Pared (tendr\u00e1 su r\u00e9plica el s\u00e1bado 23 en el mismo lugar y horario). Cerrar\u00e1 la jornada la clase magistral \u201cTransitando el movimiento\u201d que dar\u00e1 Omar Aguirre Le\u00f3n, bailar\u00edn con formaci\u00f3n en danza contempor\u00e1nea, a las 17:30, en el primer piso, con transmisi\u00f3n por Facebook Live.<\/p>\n\n\n\n<p>En el cierre de las actividades de Lanfor Abierta, el s\u00e1bado 23 se realizar\u00e1, a las 15:00, el taller \u201cJuego teatral y movimiento\u201d, dirigido por Julio Marquil\u00f3n, licenciado en Creaci\u00f3n Teatral por la UArtes. Este d\u00eda se replicar\u00e1n el taller \u201cTeatro para ni\u00f1as y ni\u00f1os\u201d, a las 10:00; y, la presentaci\u00f3n del libro \u201cPerlita tropical y otros cuentos\u201d, a las 11:00, ambos en la Sala R\u00eda. A las 15:00, en la Galer\u00eda 4ta Pared, la segunda sesi\u00f3n del taller \u201cPreshading nociones aplicadas al dibujo art\u00edstico\u201d.<\/p>\n\n\n\n<p>M\u00e1s informaci\u00f3n de las actividades y de c\u00f3mo participar:<br><a href=\"https:\/\/www.facebook.com\/bibliouartes\">https:\/\/www.facebook.com\/bibliouartes<\/a><br><a href=\"https:\/\/www.instagram.com\/bibliouartes\/?hl=es-la\">https:\/\/www.instagram.com\/bibliouartes\/?hl=es-la<\/a><\/p>","protected":false},"excerpt":{"rendered":"<p>Con la \u201cCl\u00ednica de edici\u00f3n de cr\u00edtica cultural\u201d, a cargo de Jos\u00e9 Miguel Cabrera, director de UArtes Ediciones, se iniciar\u00e1n el lunes 18 de abril las actividades de Lanfor Abierta, iniciativa de la Biblioteca de las Artes para fortalecer la lectura, constituyendo punto de encuentro con la comunidad universitaria y el p\u00fablico. Se extender\u00e1n hasta el 23, en el D\u00eda Internacional del Libro, por cuya celebraci\u00f3n se realizan las jornadas.<\/p>","protected":false},"author":10,"featured_media":20855,"comment_status":"open","ping_status":"open","sticky":false,"template":"","format":"standard","meta":{"_acf_changed":false,"_uag_custom_page_level_css":"","_monsterinsights_skip_tracking":false,"_monsterinsights_sitenote_active":false,"_monsterinsights_sitenote_note":"","_monsterinsights_sitenote_category":0,"cybocfi_hide_featured_image":"","footnotes":""},"categories":[80,159,150,157,147,75,76,175],"tags":[41],"infouartes":[],"class_list":["post-20838","post","type-post","status-publish","format-standard","has-post-thumbnail","hentry","category-academico","category-artes-escenicas","category-artes-sonoras","category-artes-visuales","category-cine","category-docentes","category-estudiantes","category-literatura","tag-biblioteca"],"acf":[],"yoast_head":"<!-- This site is optimized with the Yoast SEO plugin v27.4 - https:\/\/yoast.com\/product\/yoast-seo-wordpress\/ -->\n<title>Universidad de las Artes - Jornadas culturales, art\u00edsticas e intercambio de libros en la Lanfor Abierta de la Biblioteca de las Artes<\/title>\n<meta name=\"description\" content=\"Universidad de las Artes - Jornadas culturales, art\u00edsticas e intercambio de libros en la Lanfor Abierta de la Biblioteca de las Artes\" \/>\n<meta name=\"robots\" content=\"index, follow, max-snippet:-1, max-image-preview:large, max-video-preview:-1\" \/>\n<link rel=\"canonical\" href=\"https:\/\/www.uartes.edu.ec\/sitio\/en\/blog\/2022\/04\/14\/jornadas-culturales-artisticas-e-intercambio-de-librosde-lanfor-abierta-iniciativa-de-la-biblioteca-de-las-artes\/\" \/>\n<meta property=\"og:locale\" content=\"en_US\" \/>\n<meta property=\"og:type\" content=\"article\" \/>\n<meta property=\"og:title\" content=\"Universidad de las Artes - Jornadas culturales, art\u00edsticas e intercambio de libros en la Lanfor Abierta de la Biblioteca de las Artes\" \/>\n<meta property=\"og:description\" content=\"Universidad de las Artes - Jornadas culturales, art\u00edsticas e intercambio de libros en la Lanfor Abierta de la Biblioteca de las Artes\" \/>\n<meta property=\"og:url\" content=\"https:\/\/www.uartes.edu.ec\/sitio\/en\/blog\/2022\/04\/14\/jornadas-culturales-artisticas-e-intercambio-de-librosde-lanfor-abierta-iniciativa-de-la-biblioteca-de-las-artes\/\" \/>\n<meta property=\"og:site_name\" content=\"Universidad de las Artes\" \/>\n<meta property=\"article:publisher\" content=\"https:\/\/www.facebook.com\/uartesec\" \/>\n<meta property=\"article:published_time\" content=\"2022-04-14T21:17:00+00:00\" \/>\n<meta property=\"article:modified_time\" content=\"2024-07-04T16:23:45+00:00\" \/>\n<meta property=\"og:image\" content=\"https:\/\/www.uartes.edu.ec\/sitio\/wp-content\/uploads\/2022\/04\/lanfor-web-ok-1.jpg\" \/>\n\t<meta property=\"og:image:width\" content=\"2000\" \/>\n\t<meta property=\"og:image:height\" content=\"1333\" \/>\n\t<meta property=\"og:image:type\" content=\"image\/jpeg\" \/>\n<meta name=\"author\" content=\"ccortez\" \/>\n<meta name=\"twitter:card\" content=\"summary_large_image\" \/>\n<meta name=\"twitter:creator\" content=\"@uartesec\" \/>\n<meta name=\"twitter:site\" content=\"@uartesec\" \/>\n<meta name=\"twitter:label1\" content=\"Written by\" \/>\n\t<meta name=\"twitter:data1\" content=\"ccortez\" \/>\n\t<meta name=\"twitter:label2\" content=\"Est. reading time\" \/>\n\t<meta name=\"twitter:data2\" content=\"4 minutes\" \/>\n<script type=\"application\/ld+json\" class=\"yoast-schema-graph\">{\"@context\":\"https:\\\/\\\/schema.org\",\"@graph\":[{\"@type\":\"Article\",\"@id\":\"https:\\\/\\\/www.uartes.edu.ec\\\/sitio\\\/en\\\/blog\\\/2022\\\/04\\\/14\\\/jornadas-culturales-artisticas-e-intercambio-de-librosde-lanfor-abierta-iniciativa-de-la-biblioteca-de-las-artes\\\/#article\",\"isPartOf\":{\"@id\":\"https:\\\/\\\/www.uartes.edu.ec\\\/sitio\\\/en\\\/blog\\\/2022\\\/04\\\/14\\\/jornadas-culturales-artisticas-e-intercambio-de-librosde-lanfor-abierta-iniciativa-de-la-biblioteca-de-las-artes\\\/\"},\"author\":{\"name\":\"ccortez\",\"@id\":\"https:\\\/\\\/www.uartes.edu.ec\\\/sitio\\\/en\\\/#\\\/schema\\\/person\\\/efa1b8275797664fd7f13a79ccc0b1f4\"},\"headline\":\"Jornadas culturales, art\u00edsticas e intercambio de libros en la Lanfor Abierta de la Biblioteca de las Artes\",\"datePublished\":\"2022-04-14T21:17:00+00:00\",\"dateModified\":\"2024-07-04T16:23:45+00:00\",\"mainEntityOfPage\":{\"@id\":\"https:\\\/\\\/www.uartes.edu.ec\\\/sitio\\\/en\\\/blog\\\/2022\\\/04\\\/14\\\/jornadas-culturales-artisticas-e-intercambio-de-librosde-lanfor-abierta-iniciativa-de-la-biblioteca-de-las-artes\\\/\"},\"wordCount\":912,\"commentCount\":0,\"publisher\":{\"@id\":\"https:\\\/\\\/www.uartes.edu.ec\\\/sitio\\\/en\\\/#organization\"},\"image\":{\"@id\":\"https:\\\/\\\/www.uartes.edu.ec\\\/sitio\\\/en\\\/blog\\\/2022\\\/04\\\/14\\\/jornadas-culturales-artisticas-e-intercambio-de-librosde-lanfor-abierta-iniciativa-de-la-biblioteca-de-las-artes\\\/#primaryimage\"},\"thumbnailUrl\":\"https:\\\/\\\/www.uartes.edu.ec\\\/sitio\\\/wp-content\\\/uploads\\\/2022\\\/04\\\/lanfor-web-ok-1.jpg\",\"keywords\":[\"biblioteca\"],\"articleSection\":[\"Acad\u00e9mico\",\"Artes Esc\u00e9nicas\",\"Artes Sonoras\",\"Artes Visuales\",\"Cine\",\"Docentes\",\"Estudiantes\",\"Literatura\"],\"inLanguage\":\"en-US\",\"potentialAction\":[{\"@type\":\"CommentAction\",\"name\":\"Comment\",\"target\":[\"https:\\\/\\\/www.uartes.edu.ec\\\/sitio\\\/en\\\/blog\\\/2022\\\/04\\\/14\\\/jornadas-culturales-artisticas-e-intercambio-de-librosde-lanfor-abierta-iniciativa-de-la-biblioteca-de-las-artes\\\/#respond\"]}]},{\"@type\":[\"WebPage\",\"ItemPage\"],\"@id\":\"https:\\\/\\\/www.uartes.edu.ec\\\/sitio\\\/en\\\/blog\\\/2022\\\/04\\\/14\\\/jornadas-culturales-artisticas-e-intercambio-de-librosde-lanfor-abierta-iniciativa-de-la-biblioteca-de-las-artes\\\/\",\"url\":\"https:\\\/\\\/www.uartes.edu.ec\\\/sitio\\\/en\\\/blog\\\/2022\\\/04\\\/14\\\/jornadas-culturales-artisticas-e-intercambio-de-librosde-lanfor-abierta-iniciativa-de-la-biblioteca-de-las-artes\\\/\",\"name\":\"Universidad de las Artes - Jornadas culturales, art\u00edsticas e intercambio de libros en la Lanfor Abierta de la Biblioteca de las Artes\",\"isPartOf\":{\"@id\":\"https:\\\/\\\/www.uartes.edu.ec\\\/sitio\\\/en\\\/#website\"},\"primaryImageOfPage\":{\"@id\":\"https:\\\/\\\/www.uartes.edu.ec\\\/sitio\\\/en\\\/blog\\\/2022\\\/04\\\/14\\\/jornadas-culturales-artisticas-e-intercambio-de-librosde-lanfor-abierta-iniciativa-de-la-biblioteca-de-las-artes\\\/#primaryimage\"},\"image\":{\"@id\":\"https:\\\/\\\/www.uartes.edu.ec\\\/sitio\\\/en\\\/blog\\\/2022\\\/04\\\/14\\\/jornadas-culturales-artisticas-e-intercambio-de-librosde-lanfor-abierta-iniciativa-de-la-biblioteca-de-las-artes\\\/#primaryimage\"},\"thumbnailUrl\":\"https:\\\/\\\/www.uartes.edu.ec\\\/sitio\\\/wp-content\\\/uploads\\\/2022\\\/04\\\/lanfor-web-ok-1.jpg\",\"datePublished\":\"2022-04-14T21:17:00+00:00\",\"dateModified\":\"2024-07-04T16:23:45+00:00\",\"description\":\"Universidad de las Artes - Jornadas culturales, art\u00edsticas e intercambio de libros en la Lanfor Abierta de la Biblioteca de las Artes\",\"breadcrumb\":{\"@id\":\"https:\\\/\\\/www.uartes.edu.ec\\\/sitio\\\/en\\\/blog\\\/2022\\\/04\\\/14\\\/jornadas-culturales-artisticas-e-intercambio-de-librosde-lanfor-abierta-iniciativa-de-la-biblioteca-de-las-artes\\\/#breadcrumb\"},\"inLanguage\":\"en-US\",\"potentialAction\":[{\"@type\":\"ReadAction\",\"target\":[\"https:\\\/\\\/www.uartes.edu.ec\\\/sitio\\\/en\\\/blog\\\/2022\\\/04\\\/14\\\/jornadas-culturales-artisticas-e-intercambio-de-librosde-lanfor-abierta-iniciativa-de-la-biblioteca-de-las-artes\\\/\"]}]},{\"@type\":\"ImageObject\",\"inLanguage\":\"en-US\",\"@id\":\"https:\\\/\\\/www.uartes.edu.ec\\\/sitio\\\/en\\\/blog\\\/2022\\\/04\\\/14\\\/jornadas-culturales-artisticas-e-intercambio-de-librosde-lanfor-abierta-iniciativa-de-la-biblioteca-de-las-artes\\\/#primaryimage\",\"url\":\"https:\\\/\\\/www.uartes.edu.ec\\\/sitio\\\/wp-content\\\/uploads\\\/2022\\\/04\\\/lanfor-web-ok-1.jpg\",\"contentUrl\":\"https:\\\/\\\/www.uartes.edu.ec\\\/sitio\\\/wp-content\\\/uploads\\\/2022\\\/04\\\/lanfor-web-ok-1.jpg\",\"width\":2000,\"height\":1333},{\"@type\":\"BreadcrumbList\",\"@id\":\"https:\\\/\\\/www.uartes.edu.ec\\\/sitio\\\/en\\\/blog\\\/2022\\\/04\\\/14\\\/jornadas-culturales-artisticas-e-intercambio-de-librosde-lanfor-abierta-iniciativa-de-la-biblioteca-de-las-artes\\\/#breadcrumb\",\"itemListElement\":[{\"@type\":\"ListItem\",\"position\":1,\"name\":\"Inicio\",\"item\":\"https:\\\/\\\/www.uartes.edu.ec\\\/sitio\\\/\"},{\"@type\":\"ListItem\",\"position\":2,\"name\":\"Jornadas culturales, art\u00edsticas e intercambio de libros en la Lanfor Abierta de la Biblioteca de las Artes\"}]},{\"@type\":\"WebSite\",\"@id\":\"https:\\\/\\\/www.uartes.edu.ec\\\/sitio\\\/en\\\/#website\",\"url\":\"https:\\\/\\\/www.uartes.edu.ec\\\/sitio\\\/en\\\/\",\"name\":\"Universidad de las Artes\",\"description\":\"Sitio oficial de la Universidad Nacional de las Artes del Ecuador\",\"publisher\":{\"@id\":\"https:\\\/\\\/www.uartes.edu.ec\\\/sitio\\\/en\\\/#organization\"},\"potentialAction\":[{\"@type\":\"SearchAction\",\"target\":{\"@type\":\"EntryPoint\",\"urlTemplate\":\"https:\\\/\\\/www.uartes.edu.ec\\\/sitio\\\/en\\\/?s={search_term_string}\"},\"query-input\":{\"@type\":\"PropertyValueSpecification\",\"valueRequired\":true,\"valueName\":\"search_term_string\"}}],\"inLanguage\":\"en-US\"},{\"@type\":\"Organization\",\"@id\":\"https:\\\/\\\/www.uartes.edu.ec\\\/sitio\\\/en\\\/#organization\",\"name\":\"Universidad de las Artes\",\"url\":\"https:\\\/\\\/www.uartes.edu.ec\\\/sitio\\\/en\\\/\",\"logo\":{\"@type\":\"ImageObject\",\"inLanguage\":\"en-US\",\"@id\":\"https:\\\/\\\/www.uartes.edu.ec\\\/sitio\\\/en\\\/#\\\/schema\\\/logo\\\/image\\\/\",\"url\":\"https:\\\/\\\/www.uartes.edu.ec\\\/sitio\\\/wp-content\\\/uploads\\\/2022\\\/07\\\/logo-ua-horizontal.png\",\"contentUrl\":\"https:\\\/\\\/www.uartes.edu.ec\\\/sitio\\\/wp-content\\\/uploads\\\/2022\\\/07\\\/logo-ua-horizontal.png\",\"width\":800,\"height\":276,\"caption\":\"Universidad de las Artes\"},\"image\":{\"@id\":\"https:\\\/\\\/www.uartes.edu.ec\\\/sitio\\\/en\\\/#\\\/schema\\\/logo\\\/image\\\/\"},\"sameAs\":[\"https:\\\/\\\/www.facebook.com\\\/uartesec\",\"https:\\\/\\\/x.com\\\/uartesec\",\"https:\\\/\\\/www.tiktok.com\\\/@uartesec\"]},{\"@type\":\"Person\",\"@id\":\"https:\\\/\\\/www.uartes.edu.ec\\\/sitio\\\/en\\\/#\\\/schema\\\/person\\\/efa1b8275797664fd7f13a79ccc0b1f4\",\"name\":\"ccortez\",\"image\":{\"@type\":\"ImageObject\",\"inLanguage\":\"en-US\",\"@id\":\"https:\\\/\\\/secure.gravatar.com\\\/avatar\\\/b2a6f664a3ae8e074346ef91775736c5ec479e637ecced6842de9dc98b5da9cd?s=96&d=mm&r=g\",\"url\":\"https:\\\/\\\/secure.gravatar.com\\\/avatar\\\/b2a6f664a3ae8e074346ef91775736c5ec479e637ecced6842de9dc98b5da9cd?s=96&d=mm&r=g\",\"contentUrl\":\"https:\\\/\\\/secure.gravatar.com\\\/avatar\\\/b2a6f664a3ae8e074346ef91775736c5ec479e637ecced6842de9dc98b5da9cd?s=96&d=mm&r=g\",\"caption\":\"ccortez\"},\"url\":\"https:\\\/\\\/www.uartes.edu.ec\\\/sitio\\\/en\\\/blog\\\/author\\\/ccortez\\\/\"}]}<\/script>\n<!-- \/ Yoast SEO plugin. -->","yoast_head_json":{"title":"Universidad de las Artes - Jornadas culturales, art\u00edsticas e intercambio de libros en la Lanfor Abierta de la Biblioteca de las Artes","description":"Universidad de las Artes - Jornadas culturales, art\u00edsticas e intercambio de libros en la Lanfor Abierta de la Biblioteca de las Artes","robots":{"index":"index","follow":"follow","max-snippet":"max-snippet:-1","max-image-preview":"max-image-preview:large","max-video-preview":"max-video-preview:-1"},"canonical":"https:\/\/www.uartes.edu.ec\/sitio\/en\/blog\/2022\/04\/14\/jornadas-culturales-artisticas-e-intercambio-de-librosde-lanfor-abierta-iniciativa-de-la-biblioteca-de-las-artes\/","og_locale":"en_US","og_type":"article","og_title":"Universidad de las Artes - Jornadas culturales, art\u00edsticas e intercambio de libros en la Lanfor Abierta de la Biblioteca de las Artes","og_description":"Universidad de las Artes - Jornadas culturales, art\u00edsticas e intercambio de libros en la Lanfor Abierta de la Biblioteca de las Artes","og_url":"https:\/\/www.uartes.edu.ec\/sitio\/en\/blog\/2022\/04\/14\/jornadas-culturales-artisticas-e-intercambio-de-librosde-lanfor-abierta-iniciativa-de-la-biblioteca-de-las-artes\/","og_site_name":"Universidad de las Artes","article_publisher":"https:\/\/www.facebook.com\/uartesec","article_published_time":"2022-04-14T21:17:00+00:00","article_modified_time":"2024-07-04T16:23:45+00:00","og_image":[{"width":2000,"height":1333,"url":"https:\/\/www.uartes.edu.ec\/sitio\/wp-content\/uploads\/2022\/04\/lanfor-web-ok-1.jpg","type":"image\/jpeg"}],"author":"ccortez","twitter_card":"summary_large_image","twitter_creator":"@uartesec","twitter_site":"@uartesec","twitter_misc":{"Written by":"ccortez","Est. reading time":"4 minutes"},"schema":{"@context":"https:\/\/schema.org","@graph":[{"@type":"Article","@id":"https:\/\/www.uartes.edu.ec\/sitio\/en\/blog\/2022\/04\/14\/jornadas-culturales-artisticas-e-intercambio-de-librosde-lanfor-abierta-iniciativa-de-la-biblioteca-de-las-artes\/#article","isPartOf":{"@id":"https:\/\/www.uartes.edu.ec\/sitio\/en\/blog\/2022\/04\/14\/jornadas-culturales-artisticas-e-intercambio-de-librosde-lanfor-abierta-iniciativa-de-la-biblioteca-de-las-artes\/"},"author":{"name":"ccortez","@id":"https:\/\/www.uartes.edu.ec\/sitio\/en\/#\/schema\/person\/efa1b8275797664fd7f13a79ccc0b1f4"},"headline":"Jornadas culturales, art\u00edsticas e intercambio de libros en la Lanfor Abierta de la Biblioteca de las Artes","datePublished":"2022-04-14T21:17:00+00:00","dateModified":"2024-07-04T16:23:45+00:00","mainEntityOfPage":{"@id":"https:\/\/www.uartes.edu.ec\/sitio\/en\/blog\/2022\/04\/14\/jornadas-culturales-artisticas-e-intercambio-de-librosde-lanfor-abierta-iniciativa-de-la-biblioteca-de-las-artes\/"},"wordCount":912,"commentCount":0,"publisher":{"@id":"https:\/\/www.uartes.edu.ec\/sitio\/en\/#organization"},"image":{"@id":"https:\/\/www.uartes.edu.ec\/sitio\/en\/blog\/2022\/04\/14\/jornadas-culturales-artisticas-e-intercambio-de-librosde-lanfor-abierta-iniciativa-de-la-biblioteca-de-las-artes\/#primaryimage"},"thumbnailUrl":"https:\/\/www.uartes.edu.ec\/sitio\/wp-content\/uploads\/2022\/04\/lanfor-web-ok-1.jpg","keywords":["biblioteca"],"articleSection":["Acad\u00e9mico","Artes Esc\u00e9nicas","Artes Sonoras","Artes Visuales","Cine","Docentes","Estudiantes","Literatura"],"inLanguage":"en-US","potentialAction":[{"@type":"CommentAction","name":"Comment","target":["https:\/\/www.uartes.edu.ec\/sitio\/en\/blog\/2022\/04\/14\/jornadas-culturales-artisticas-e-intercambio-de-librosde-lanfor-abierta-iniciativa-de-la-biblioteca-de-las-artes\/#respond"]}]},{"@type":["WebPage","ItemPage"],"@id":"https:\/\/www.uartes.edu.ec\/sitio\/en\/blog\/2022\/04\/14\/jornadas-culturales-artisticas-e-intercambio-de-librosde-lanfor-abierta-iniciativa-de-la-biblioteca-de-las-artes\/","url":"https:\/\/www.uartes.edu.ec\/sitio\/en\/blog\/2022\/04\/14\/jornadas-culturales-artisticas-e-intercambio-de-librosde-lanfor-abierta-iniciativa-de-la-biblioteca-de-las-artes\/","name":"Universidad de las Artes - Jornadas culturales, art\u00edsticas e intercambio de libros en la Lanfor Abierta de la Biblioteca de las Artes","isPartOf":{"@id":"https:\/\/www.uartes.edu.ec\/sitio\/en\/#website"},"primaryImageOfPage":{"@id":"https:\/\/www.uartes.edu.ec\/sitio\/en\/blog\/2022\/04\/14\/jornadas-culturales-artisticas-e-intercambio-de-librosde-lanfor-abierta-iniciativa-de-la-biblioteca-de-las-artes\/#primaryimage"},"image":{"@id":"https:\/\/www.uartes.edu.ec\/sitio\/en\/blog\/2022\/04\/14\/jornadas-culturales-artisticas-e-intercambio-de-librosde-lanfor-abierta-iniciativa-de-la-biblioteca-de-las-artes\/#primaryimage"},"thumbnailUrl":"https:\/\/www.uartes.edu.ec\/sitio\/wp-content\/uploads\/2022\/04\/lanfor-web-ok-1.jpg","datePublished":"2022-04-14T21:17:00+00:00","dateModified":"2024-07-04T16:23:45+00:00","description":"Universidad de las Artes - Jornadas culturales, art\u00edsticas e intercambio de libros en la Lanfor Abierta de la Biblioteca de las Artes","breadcrumb":{"@id":"https:\/\/www.uartes.edu.ec\/sitio\/en\/blog\/2022\/04\/14\/jornadas-culturales-artisticas-e-intercambio-de-librosde-lanfor-abierta-iniciativa-de-la-biblioteca-de-las-artes\/#breadcrumb"},"inLanguage":"en-US","potentialAction":[{"@type":"ReadAction","target":["https:\/\/www.uartes.edu.ec\/sitio\/en\/blog\/2022\/04\/14\/jornadas-culturales-artisticas-e-intercambio-de-librosde-lanfor-abierta-iniciativa-de-la-biblioteca-de-las-artes\/"]}]},{"@type":"ImageObject","inLanguage":"en-US","@id":"https:\/\/www.uartes.edu.ec\/sitio\/en\/blog\/2022\/04\/14\/jornadas-culturales-artisticas-e-intercambio-de-librosde-lanfor-abierta-iniciativa-de-la-biblioteca-de-las-artes\/#primaryimage","url":"https:\/\/www.uartes.edu.ec\/sitio\/wp-content\/uploads\/2022\/04\/lanfor-web-ok-1.jpg","contentUrl":"https:\/\/www.uartes.edu.ec\/sitio\/wp-content\/uploads\/2022\/04\/lanfor-web-ok-1.jpg","width":2000,"height":1333},{"@type":"BreadcrumbList","@id":"https:\/\/www.uartes.edu.ec\/sitio\/en\/blog\/2022\/04\/14\/jornadas-culturales-artisticas-e-intercambio-de-librosde-lanfor-abierta-iniciativa-de-la-biblioteca-de-las-artes\/#breadcrumb","itemListElement":[{"@type":"ListItem","position":1,"name":"Inicio","item":"https:\/\/www.uartes.edu.ec\/sitio\/"},{"@type":"ListItem","position":2,"name":"Jornadas culturales, art\u00edsticas e intercambio de libros en la Lanfor Abierta de la Biblioteca de las Artes"}]},{"@type":"WebSite","@id":"https:\/\/www.uartes.edu.ec\/sitio\/en\/#website","url":"https:\/\/www.uartes.edu.ec\/sitio\/en\/","name":"Universidad de las Artes","description":"Sitio oficial de la Universidad Nacional de las Artes del Ecuador","publisher":{"@id":"https:\/\/www.uartes.edu.ec\/sitio\/en\/#organization"},"potentialAction":[{"@type":"SearchAction","target":{"@type":"EntryPoint","urlTemplate":"https:\/\/www.uartes.edu.ec\/sitio\/en\/?s={search_term_string}"},"query-input":{"@type":"PropertyValueSpecification","valueRequired":true,"valueName":"search_term_string"}}],"inLanguage":"en-US"},{"@type":"Organization","@id":"https:\/\/www.uartes.edu.ec\/sitio\/en\/#organization","name":"Universidad de las Artes","url":"https:\/\/www.uartes.edu.ec\/sitio\/en\/","logo":{"@type":"ImageObject","inLanguage":"en-US","@id":"https:\/\/www.uartes.edu.ec\/sitio\/en\/#\/schema\/logo\/image\/","url":"https:\/\/www.uartes.edu.ec\/sitio\/wp-content\/uploads\/2022\/07\/logo-ua-horizontal.png","contentUrl":"https:\/\/www.uartes.edu.ec\/sitio\/wp-content\/uploads\/2022\/07\/logo-ua-horizontal.png","width":800,"height":276,"caption":"Universidad de las Artes"},"image":{"@id":"https:\/\/www.uartes.edu.ec\/sitio\/en\/#\/schema\/logo\/image\/"},"sameAs":["https:\/\/www.facebook.com\/uartesec","https:\/\/x.com\/uartesec","https:\/\/www.tiktok.com\/@uartesec"]},{"@type":"Person","@id":"https:\/\/www.uartes.edu.ec\/sitio\/en\/#\/schema\/person\/efa1b8275797664fd7f13a79ccc0b1f4","name":"ccortez","image":{"@type":"ImageObject","inLanguage":"en-US","@id":"https:\/\/secure.gravatar.com\/avatar\/b2a6f664a3ae8e074346ef91775736c5ec479e637ecced6842de9dc98b5da9cd?s=96&d=mm&r=g","url":"https:\/\/secure.gravatar.com\/avatar\/b2a6f664a3ae8e074346ef91775736c5ec479e637ecced6842de9dc98b5da9cd?s=96&d=mm&r=g","contentUrl":"https:\/\/secure.gravatar.com\/avatar\/b2a6f664a3ae8e074346ef91775736c5ec479e637ecced6842de9dc98b5da9cd?s=96&d=mm&r=g","caption":"ccortez"},"url":"https:\/\/www.uartes.edu.ec\/sitio\/en\/blog\/author\/ccortez\/"}]}},"uagb_featured_image_src":{"full":["https:\/\/www.uartes.edu.ec\/sitio\/wp-content\/uploads\/2022\/04\/lanfor-web-ok-1.jpg",2000,1333,false],"thumbnail":["https:\/\/www.uartes.edu.ec\/sitio\/wp-content\/uploads\/2022\/04\/lanfor-web-ok-1-150x150.jpg",150,150,true],"medium":["https:\/\/www.uartes.edu.ec\/sitio\/wp-content\/uploads\/2022\/04\/lanfor-web-ok-1-300x200.jpg",300,200,true],"medium_large":["https:\/\/www.uartes.edu.ec\/sitio\/wp-content\/uploads\/2022\/04\/lanfor-web-ok-1-768x512.jpg",768,512,true],"large":["https:\/\/www.uartes.edu.ec\/sitio\/wp-content\/uploads\/2022\/04\/lanfor-web-ok-1-644x429.jpg",644,429,true],"1536x1536":["https:\/\/www.uartes.edu.ec\/sitio\/wp-content\/uploads\/2022\/04\/lanfor-web-ok-1-1536x1024.jpg",1536,1024,true],"2048x2048":["https:\/\/www.uartes.edu.ec\/sitio\/wp-content\/uploads\/2022\/04\/lanfor-web-ok-1.jpg",2000,1333,false],"trp-custom-language-flag":["https:\/\/www.uartes.edu.ec\/sitio\/wp-content\/uploads\/2022\/04\/lanfor-web-ok-1.jpg",18,12,false],"htmega_size_585x295":["https:\/\/www.uartes.edu.ec\/sitio\/wp-content\/uploads\/2022\/04\/lanfor-web-ok-1.jpg",443,295,false],"htmega_size_1170x536":["https:\/\/www.uartes.edu.ec\/sitio\/wp-content\/uploads\/2022\/04\/lanfor-web-ok-1.jpg",804,536,false],"htmega_size_396x360":["https:\/\/www.uartes.edu.ec\/sitio\/wp-content\/uploads\/2022\/04\/lanfor-web-ok-1.jpg",396,264,false],"gb-block-post-grid-landscape":["https:\/\/www.uartes.edu.ec\/sitio\/wp-content\/uploads\/2022\/04\/lanfor-web-ok-1-600x400.jpg",600,400,true],"gb-block-post-grid-square":["https:\/\/www.uartes.edu.ec\/sitio\/wp-content\/uploads\/2022\/04\/lanfor-web-ok-1-600x600.jpg",600,600,true],"university-hub-thumb":["https:\/\/www.uartes.edu.ec\/sitio\/wp-content\/uploads\/2022\/04\/lanfor-web-ok-1-400x267.jpg",400,267,true],"mailpoet_newsletter_max":["https:\/\/www.uartes.edu.ec\/sitio\/wp-content\/uploads\/2022\/04\/lanfor-web-ok-1.jpg",1320,880,false]},"uagb_author_info":{"display_name":"ccortez","author_link":"https:\/\/www.uartes.edu.ec\/sitio\/en\/blog\/author\/ccortez\/"},"uagb_comment_info":0,"uagb_excerpt":"Con la \u201cCl\u00ednica de edici\u00f3n de cr\u00edtica cultural\u201d, a cargo de Jos\u00e9 Miguel Cabrera, director de UArtes Ediciones, se iniciar\u00e1n el lunes 18 de abril las actividades de Lanfor Abierta, iniciativa de la Biblioteca de las Artes para fortalecer la lectura, constituyendo punto de encuentro con la comunidad universitaria y el p\u00fablico. Se extender\u00e1n hasta&hellip;","featured_image_src":"https:\/\/www.uartes.edu.ec\/sitio\/wp-content\/uploads\/2022\/04\/lanfor-web-ok-1-600x400.jpg","featured_image_src_square":"https:\/\/www.uartes.edu.ec\/sitio\/wp-content\/uploads\/2022\/04\/lanfor-web-ok-1-600x600.jpg","author_info":{"display_name":"ccortez","author_link":"https:\/\/www.uartes.edu.ec\/sitio\/en\/blog\/author\/ccortez\/"},"publishpress_future_workflow_manual_trigger":{"enabledWorkflows":[]},"distributor_meta":false,"distributor_terms":false,"distributor_media":false,"distributor_original_site_name":"Universidad de las Artes","distributor_original_site_url":"https:\/\/www.uartes.edu.ec\/sitio\/en","push-errors":false,"_links":{"self":[{"href":"https:\/\/www.uartes.edu.ec\/sitio\/en\/wp-json\/wp\/v2\/posts\/20838","targetHints":{"allow":["GET"]}}],"collection":[{"href":"https:\/\/www.uartes.edu.ec\/sitio\/en\/wp-json\/wp\/v2\/posts"}],"about":[{"href":"https:\/\/www.uartes.edu.ec\/sitio\/en\/wp-json\/wp\/v2\/types\/post"}],"author":[{"embeddable":true,"href":"https:\/\/www.uartes.edu.ec\/sitio\/en\/wp-json\/wp\/v2\/users\/10"}],"replies":[{"embeddable":true,"href":"https:\/\/www.uartes.edu.ec\/sitio\/en\/wp-json\/wp\/v2\/comments?post=20838"}],"version-history":[{"count":8,"href":"https:\/\/www.uartes.edu.ec\/sitio\/en\/wp-json\/wp\/v2\/posts\/20838\/revisions"}],"predecessor-version":[{"id":20854,"href":"https:\/\/www.uartes.edu.ec\/sitio\/en\/wp-json\/wp\/v2\/posts\/20838\/revisions\/20854"}],"wp:featuredmedia":[{"embeddable":true,"href":"https:\/\/www.uartes.edu.ec\/sitio\/en\/wp-json\/wp\/v2\/media\/20855"}],"wp:attachment":[{"href":"https:\/\/www.uartes.edu.ec\/sitio\/en\/wp-json\/wp\/v2\/media?parent=20838"}],"wp:term":[{"taxonomy":"category","embeddable":true,"href":"https:\/\/www.uartes.edu.ec\/sitio\/en\/wp-json\/wp\/v2\/categories?post=20838"},{"taxonomy":"post_tag","embeddable":true,"href":"https:\/\/www.uartes.edu.ec\/sitio\/en\/wp-json\/wp\/v2\/tags?post=20838"},{"taxonomy":"infouartes","embeddable":true,"href":"https:\/\/www.uartes.edu.ec\/sitio\/en\/wp-json\/wp\/v2\/infouartes?post=20838"}],"curies":[{"name":"wp","href":"https:\/\/api.w.org\/{rel}","templated":true}]}}