{"id":20898,"date":"2022-04-19T18:18:00","date_gmt":"2022-04-19T23:18:00","guid":{"rendered":"http:\/\/www.uartes.edu.ec\/sitio\/?p=20898"},"modified":"2024-07-04T11:23:45","modified_gmt":"2024-07-04T16:23:45","slug":"las-charlas-y-la-feria-de-servicios-de-la-uartes-en-su-semana-cero","status":"publish","type":"post","link":"https:\/\/www.uartes.edu.ec\/sitio\/en\/blog\/2022\/04\/19\/las-charlas-y-la-feria-de-servicios-de-la-uartes-en-su-semana-cero\/","title":{"rendered":"Las charlas y la Feria de Servicios de la Universidad de las Artes en Semana 0"},"content":{"rendered":"<p>Organizadas por la DAESCU (Direcci\u00f3n de Asuntos Estudiantiles y Comunidad Universitaria de la UArtes), en el Sal\u00f3n de Usos M\u00faltiples del pabell\u00f3n Araceli Gilbert y el Pasaje Illingworth tienen lugar las actividades de la Semana Cero, la cual marca el inicio de clases del I Semestre que en este 2022 ser\u00e1n presenciales. Se iniciaron ayer, lunes 18 de abril, y se mantendr\u00e1n hasta este jueves 21.<\/p>\n\n\n\n<p>Para el primero de los sitios mencionados se han programado charlas con temas como las oportunidades de trabajo y vacantes en el Consulado de los Estados Unidos, las sensibilidades en violencia de g\u00e9nero y el seguro de vida y accidentes para estudiantes, as\u00ed como la presentaci\u00f3n del Consejo Estudiantil. En el segundo, la Feria de Servicios de la UArtes, la cual congrega a varias de las \u00e1reas de nuestra instituci\u00f3n de educaci\u00f3n superior.<\/p>\n\n\n\n<p>All\u00ed, atendiendo las inquietudes de los estudiantes e incluso de quienes aspiran a integrarse a nuestra comunidad universitaria, se encuentran funcionarios de la Direcci\u00f3n de Salud, de la Secretar\u00eda Acad\u00e9mica, del Departamento de Lenguas Extranjeras, del Centro de Producci\u00f3n e Innovaci\u00f3n MZ14, de V\u00ednculos con la Comunidad, de Formaci\u00f3n Continua, de UArtes Ediciones, de la Biblioteca de las Artes, de la Direcci\u00f3n de Relaciones Internacionales (DRI) y del Centro de Escritura Acad\u00e9mica y Traducci\u00f3n (CEAT).<\/p>\n\n\n\n<div class=\"wp-block-image\"><figure class=\"aligncenter size-large\"><img fetchpriority=\"high\" decoding=\"async\" width=\"644\" height=\"429\" src=\"http:\/\/www.uartes.edu.ec\/sitio\/wp-content\/uploads\/2022\/04\/FERIA-DE-SERVICIOS-WEB-2-644x429.jpg\" alt=\"\" class=\"wp-image-20900\" srcset=\"https:\/\/www.uartes.edu.ec\/sitio\/wp-content\/uploads\/2022\/04\/FERIA-DE-SERVICIOS-WEB-2-644x429.jpg 644w, https:\/\/www.uartes.edu.ec\/sitio\/wp-content\/uploads\/2022\/04\/FERIA-DE-SERVICIOS-WEB-2-300x200.jpg 300w, https:\/\/www.uartes.edu.ec\/sitio\/wp-content\/uploads\/2022\/04\/FERIA-DE-SERVICIOS-WEB-2-768x512.jpg 768w, https:\/\/www.uartes.edu.ec\/sitio\/wp-content\/uploads\/2022\/04\/FERIA-DE-SERVICIOS-WEB-2-1536x1024.jpg 1536w, https:\/\/www.uartes.edu.ec\/sitio\/wp-content\/uploads\/2022\/04\/FERIA-DE-SERVICIOS-WEB-2-600x400.jpg 600w, https:\/\/www.uartes.edu.ec\/sitio\/wp-content\/uploads\/2022\/04\/FERIA-DE-SERVICIOS-WEB-2-400x267.jpg 400w, https:\/\/www.uartes.edu.ec\/sitio\/wp-content\/uploads\/2022\/04\/FERIA-DE-SERVICIOS-WEB-2-272x182.jpg 272w, https:\/\/www.uartes.edu.ec\/sitio\/wp-content\/uploads\/2022\/04\/FERIA-DE-SERVICIOS-WEB-2.jpg 2000w\" sizes=\"(max-width: 644px) 100vw, 644px\" \/><\/figure><\/div>\n\n\n\n<div class=\"wp-block-image\"><figure class=\"aligncenter size-large\"><img decoding=\"async\" width=\"644\" height=\"483\" src=\"http:\/\/www.uartes.edu.ec\/sitio\/wp-content\/uploads\/2022\/04\/feria333-644x483.jpeg\" alt=\"\" class=\"wp-image-20908\" srcset=\"https:\/\/www.uartes.edu.ec\/sitio\/wp-content\/uploads\/2022\/04\/feria333-644x483.jpeg 644w, https:\/\/www.uartes.edu.ec\/sitio\/wp-content\/uploads\/2022\/04\/feria333-768x576.jpeg 768w, https:\/\/www.uartes.edu.ec\/sitio\/wp-content\/uploads\/2022\/04\/feria333.jpeg 1600w, https:\/\/www.uartes.edu.ec\/sitio\/wp-content\/uploads\/2022\/04\/feria333-400x300.jpeg 400w, https:\/\/www.uartes.edu.ec\/sitio\/wp-content\/uploads\/2022\/04\/feria333-600x450.jpeg 600w\" sizes=\"(max-width: 644px) 100vw, 644px\" \/><\/figure><\/div>\n\n\n\n<p>En los stands de la Feria de Servicios es notorio el esmero de los equipos, no solo por proporcionar la informaci\u00f3n necesaria al p\u00fablico que circula por el Pasaje Illingworth, sino por la presentaci\u00f3n de los lugares asignados. La Direcci\u00f3n de Salud y el DLE, por ejemplo, proponen juegos de destreza y de conocimiento del ingl\u00e9s y franc\u00e9s, respectivamente. Quienes tienen \u00e9xito y responden acertadamente reciben simb\u00f3licas recompensas, como el caso de Gabriela Sarmiento, bachiller que aspira a ser parte de la comunidad estudiantil de la UArtes.<\/p>\n\n\n\n<p>Se han ubicado tambi\u00e9n pantallas para mostrar productos audiovisuales que dan cuenta de las actividades de nuestra instituci\u00f3n. Doris Romero, de la Secretar\u00eda Acad\u00e9mica, muestra en una laptop el sitio web de la UArtes y c\u00f3mo acceder a la informaci\u00f3n sobre las carreras de pregrado y posgrado y su proceso de postulaci\u00f3n.<\/p>\n\n\n\n<p>Ar\u00f3n Coronel fue uno de los que solicit\u00f3 la gu\u00eda de Romero. \u00c9l acudi\u00f3 ayer (lunes 18) y cont\u00f3 que desde los 12 a\u00f1os le gustaba tocar la bater\u00eda, lo cual aprendi\u00f3 a hacer de manera autodidacta y que ahora buscaba estudiar en nuestra Escuela de Artes Sonoras. Revel\u00f3 que desconoc\u00eda de la Feria de Servicios y que le cay\u00f3 \u201ccomo anillo al dedo\u201d hallarla en el Pasaje Illingworth y saber c\u00f3mo postularse para esa carrera de pregrado.<\/p>\n\n\n\n<div class=\"wp-block-image\"><figure class=\"aligncenter size-large\"><img decoding=\"async\" width=\"644\" height=\"429\" src=\"http:\/\/www.uartes.edu.ec\/sitio\/wp-content\/uploads\/2022\/04\/FERIA-DE-SERVICIOS-WEB-8-644x429.jpg\" alt=\"\" class=\"wp-image-20901\" srcset=\"https:\/\/www.uartes.edu.ec\/sitio\/wp-content\/uploads\/2022\/04\/FERIA-DE-SERVICIOS-WEB-8-644x429.jpg 644w, https:\/\/www.uartes.edu.ec\/sitio\/wp-content\/uploads\/2022\/04\/FERIA-DE-SERVICIOS-WEB-8-300x200.jpg 300w, https:\/\/www.uartes.edu.ec\/sitio\/wp-content\/uploads\/2022\/04\/FERIA-DE-SERVICIOS-WEB-8-768x512.jpg 768w, https:\/\/www.uartes.edu.ec\/sitio\/wp-content\/uploads\/2022\/04\/FERIA-DE-SERVICIOS-WEB-8-1536x1024.jpg 1536w, https:\/\/www.uartes.edu.ec\/sitio\/wp-content\/uploads\/2022\/04\/FERIA-DE-SERVICIOS-WEB-8-600x400.jpg 600w, https:\/\/www.uartes.edu.ec\/sitio\/wp-content\/uploads\/2022\/04\/FERIA-DE-SERVICIOS-WEB-8-400x267.jpg 400w, https:\/\/www.uartes.edu.ec\/sitio\/wp-content\/uploads\/2022\/04\/FERIA-DE-SERVICIOS-WEB-8-272x182.jpg 272w, https:\/\/www.uartes.edu.ec\/sitio\/wp-content\/uploads\/2022\/04\/FERIA-DE-SERVICIOS-WEB-8.jpg 2000w\" sizes=\"(max-width: 644px) 100vw, 644px\" \/><\/figure><\/div>\n\n\n\n<p>Igualmente, en busca de informaci\u00f3n sobre la oferta acad\u00e9mica de la UArtes llegaron \u2013hoy, martes 19\u2013 M\u00f3nica Jim\u00e9nez y Carlos Acevedo, quienes quer\u00edan saber sobre los programas de posgrado. Ella por la de Escritura Creativa y \u00e9l por Fotograf\u00eda y Sociedad en Am\u00e9rica Latina.<\/p>\n\n\n\n<p>Cabe indicar que el video de la charla que brind\u00f3 Andrea Negrete, coordinadora de la oficina de Recursos Humanos del Consulado de EEUU, est\u00e1 en la cuenta de Facebook de la Direcci\u00f3n de Relaciones Internacionales de la UArtes. En su exposici\u00f3n, y luego de presentar a las autoridades de las sedes diplom\u00e1ticas americanas en Guayaquil y Quito, ella invit\u00f3 a la audiencia a entrar a su sitio web institucional para informarse sobre las vacantes y todos los requisitos para postularse. Entre estos consta la experiencia, para lo cual, anot\u00f3, eran v\u00e1lidas las pr\u00e1cticas preprofesionales que los estudiantes realizan, que todos los trabajos efectuados en ese proceso \u2013a\u00fan sin paga\u2013 cuentan y que depende del postulante proporcionar toda la informaci\u00f3n necesaria al momento de aplicar. El link de la DRI de la UArtes es: <a href=\"https:\/\/www.facebook.com\/UArtes\/videos\/1370860570044975\">https:\/\/www.facebook.com\/UArtes\/videos\/1370860570044975<\/a><\/p>\n\n\n\n<div class=\"wp-block-image\"><figure class=\"aligncenter size-large\"><img loading=\"lazy\" decoding=\"async\" width=\"644\" height=\"429\" src=\"http:\/\/www.uartes.edu.ec\/sitio\/wp-content\/uploads\/2022\/04\/RECORRIDO-UARTES-01-644x429.jpg\" alt=\"\" class=\"wp-image-20909\" srcset=\"https:\/\/www.uartes.edu.ec\/sitio\/wp-content\/uploads\/2022\/04\/RECORRIDO-UARTES-01-644x429.jpg 644w, https:\/\/www.uartes.edu.ec\/sitio\/wp-content\/uploads\/2022\/04\/RECORRIDO-UARTES-01-768x511.jpg 768w, https:\/\/www.uartes.edu.ec\/sitio\/wp-content\/uploads\/2022\/04\/RECORRIDO-UARTES-01.jpg 2000w, https:\/\/www.uartes.edu.ec\/sitio\/wp-content\/uploads\/2022\/04\/RECORRIDO-UARTES-01-600x399.jpg 600w, https:\/\/www.uartes.edu.ec\/sitio\/wp-content\/uploads\/2022\/04\/RECORRIDO-UARTES-01-272x182.jpg 272w\" sizes=\"(max-width: 644px) 100vw, 644px\" \/><\/figure><\/div>\n\n\n\n<div class=\"wp-block-image\"><figure class=\"aligncenter size-large\"><img loading=\"lazy\" decoding=\"async\" width=\"644\" height=\"429\" src=\"http:\/\/www.uartes.edu.ec\/sitio\/wp-content\/uploads\/2022\/04\/RECORRIDO-UARTES-02-644x429.jpg\" alt=\"\" class=\"wp-image-20910\" srcset=\"https:\/\/www.uartes.edu.ec\/sitio\/wp-content\/uploads\/2022\/04\/RECORRIDO-UARTES-02-644x429.jpg 644w, https:\/\/www.uartes.edu.ec\/sitio\/wp-content\/uploads\/2022\/04\/RECORRIDO-UARTES-02-768x511.jpg 768w, https:\/\/www.uartes.edu.ec\/sitio\/wp-content\/uploads\/2022\/04\/RECORRIDO-UARTES-02.jpg 2000w, https:\/\/www.uartes.edu.ec\/sitio\/wp-content\/uploads\/2022\/04\/RECORRIDO-UARTES-02-600x399.jpg 600w, https:\/\/www.uartes.edu.ec\/sitio\/wp-content\/uploads\/2022\/04\/RECORRIDO-UARTES-02-272x182.jpg 272w\" sizes=\"(max-width: 644px) 100vw, 644px\" \/><\/figure><\/div>\n\n\n\n<p>En im\u00e1genes, foto principal funcionarias del Departamento de Lenguas Extranjeras. En la fotos siguientes, las profesionales del Direcci\u00f3n de Salud; de la Direcci\u00f3n de Relaciones Internacionales; y, de la Secretaria Acad\u00e9mica. Tambi\u00e9n constan los recorridos por las instalaciones de la UArtes que la DAESCU realiz\u00f3 con los estudiantes.<\/p>","protected":false},"excerpt":{"rendered":"<p>Charlas con temas como las oportunidades de trabajo y vacantes en el Consulado de Estados Unidos, las sensibilidades en violencia de g\u00e9nero y el seguro de vida y accidentes para estudiantes, as\u00ed como la presentaci\u00f3n del Consejo Estudiantil, constan entre las actividades de la Semana Cero organizadas por la DAESCU. Tienen lugar en el Sal\u00f3n de Usos M\u00faltiples del pabell\u00f3n Araceli Gilbert. En el Pasaje Illingworth, en cambio, est\u00e1 la Feria de Servicios de la UArtes.<\/p>","protected":false},"author":10,"featured_media":20899,"comment_status":"open","ping_status":"open","sticky":false,"template":"","format":"standard","meta":{"_acf_changed":false,"_uag_custom_page_level_css":"","_monsterinsights_skip_tracking":false,"_monsterinsights_sitenote_active":false,"_monsterinsights_sitenote_note":"","_monsterinsights_sitenote_category":0,"cybocfi_hide_featured_image":"","footnotes":""},"categories":[265,85],"tags":[45],"infouartes":[],"class_list":["post-20898","post","type-post","status-publish","format-standard","has-post-thumbnail","hentry","category-bienestar-universitario","category-servicios","tag-bienestar-universitario"],"acf":[],"yoast_head":"<!-- This site is optimized with the Yoast SEO plugin v27.4 - https:\/\/yoast.com\/product\/yoast-seo-wordpress\/ -->\n<title>Universidad de las Artes - Las charlas y la Feria de Servicios de la Universidad de las Artes en Semana 0<\/title>\n<meta name=\"description\" content=\"Universidad de las Artes - Las charlas y la Feria de Servicios de la Universidad de las Artes en Semana 0\" \/>\n<meta name=\"robots\" content=\"index, follow, max-snippet:-1, max-image-preview:large, max-video-preview:-1\" \/>\n<link rel=\"canonical\" href=\"https:\/\/www.uartes.edu.ec\/sitio\/en\/blog\/2022\/04\/19\/las-charlas-y-la-feria-de-servicios-de-la-uartes-en-su-semana-cero\/\" \/>\n<meta property=\"og:locale\" content=\"en_US\" \/>\n<meta property=\"og:type\" content=\"article\" \/>\n<meta property=\"og:title\" content=\"Universidad de las Artes - Las charlas y la Feria de Servicios de la Universidad de las Artes en Semana 0\" \/>\n<meta property=\"og:description\" content=\"Universidad de las Artes - Las charlas y la Feria de Servicios de la Universidad de las Artes en Semana 0\" \/>\n<meta property=\"og:url\" content=\"https:\/\/www.uartes.edu.ec\/sitio\/en\/blog\/2022\/04\/19\/las-charlas-y-la-feria-de-servicios-de-la-uartes-en-su-semana-cero\/\" \/>\n<meta property=\"og:site_name\" content=\"Universidad de las Artes\" \/>\n<meta property=\"article:publisher\" content=\"https:\/\/www.facebook.com\/uartesec\" \/>\n<meta property=\"article:published_time\" content=\"2022-04-19T23:18:00+00:00\" \/>\n<meta property=\"article:modified_time\" content=\"2024-07-04T16:23:45+00:00\" \/>\n<meta property=\"og:image\" content=\"https:\/\/www.uartes.edu.ec\/sitio\/wp-content\/uploads\/2022\/04\/FERIA-DE-SERVICIOS-WEB.jpg\" \/>\n\t<meta property=\"og:image:width\" content=\"2000\" \/>\n\t<meta property=\"og:image:height\" content=\"1333\" \/>\n\t<meta property=\"og:image:type\" content=\"image\/jpeg\" \/>\n<meta name=\"author\" content=\"ccortez\" \/>\n<meta name=\"twitter:card\" content=\"summary_large_image\" \/>\n<meta name=\"twitter:creator\" content=\"@uartesec\" \/>\n<meta name=\"twitter:site\" content=\"@uartesec\" \/>\n<meta name=\"twitter:label1\" content=\"Written by\" \/>\n\t<meta name=\"twitter:data1\" content=\"ccortez\" \/>\n\t<meta name=\"twitter:label2\" content=\"Est. reading time\" \/>\n\t<meta name=\"twitter:data2\" content=\"5 minutes\" \/>\n<script type=\"application\/ld+json\" class=\"yoast-schema-graph\">{\"@context\":\"https:\\\/\\\/schema.org\",\"@graph\":[{\"@type\":\"Article\",\"@id\":\"https:\\\/\\\/www.uartes.edu.ec\\\/sitio\\\/en\\\/blog\\\/2022\\\/04\\\/19\\\/las-charlas-y-la-feria-de-servicios-de-la-uartes-en-su-semana-cero\\\/#article\",\"isPartOf\":{\"@id\":\"https:\\\/\\\/www.uartes.edu.ec\\\/sitio\\\/en\\\/blog\\\/2022\\\/04\\\/19\\\/las-charlas-y-la-feria-de-servicios-de-la-uartes-en-su-semana-cero\\\/\"},\"author\":{\"name\":\"ccortez\",\"@id\":\"https:\\\/\\\/www.uartes.edu.ec\\\/sitio\\\/en\\\/#\\\/schema\\\/person\\\/efa1b8275797664fd7f13a79ccc0b1f4\"},\"headline\":\"Las charlas y la Feria de Servicios de la Universidad de las Artes en Semana 0\",\"datePublished\":\"2022-04-19T23:18:00+00:00\",\"dateModified\":\"2024-07-04T16:23:45+00:00\",\"mainEntityOfPage\":{\"@id\":\"https:\\\/\\\/www.uartes.edu.ec\\\/sitio\\\/en\\\/blog\\\/2022\\\/04\\\/19\\\/las-charlas-y-la-feria-de-servicios-de-la-uartes-en-su-semana-cero\\\/\"},\"wordCount\":730,\"commentCount\":0,\"publisher\":{\"@id\":\"https:\\\/\\\/www.uartes.edu.ec\\\/sitio\\\/en\\\/#organization\"},\"image\":{\"@id\":\"https:\\\/\\\/www.uartes.edu.ec\\\/sitio\\\/en\\\/blog\\\/2022\\\/04\\\/19\\\/las-charlas-y-la-feria-de-servicios-de-la-uartes-en-su-semana-cero\\\/#primaryimage\"},\"thumbnailUrl\":\"https:\\\/\\\/www.uartes.edu.ec\\\/sitio\\\/wp-content\\\/uploads\\\/2022\\\/04\\\/FERIA-DE-SERVICIOS-WEB.jpg\",\"keywords\":[\"bienestar universitario\"],\"articleSection\":[\"Bienestar Universitario\",\"Servicios\"],\"inLanguage\":\"en-US\",\"potentialAction\":[{\"@type\":\"CommentAction\",\"name\":\"Comment\",\"target\":[\"https:\\\/\\\/www.uartes.edu.ec\\\/sitio\\\/en\\\/blog\\\/2022\\\/04\\\/19\\\/las-charlas-y-la-feria-de-servicios-de-la-uartes-en-su-semana-cero\\\/#respond\"]}]},{\"@type\":[\"WebPage\",\"ItemPage\"],\"@id\":\"https:\\\/\\\/www.uartes.edu.ec\\\/sitio\\\/en\\\/blog\\\/2022\\\/04\\\/19\\\/las-charlas-y-la-feria-de-servicios-de-la-uartes-en-su-semana-cero\\\/\",\"url\":\"https:\\\/\\\/www.uartes.edu.ec\\\/sitio\\\/en\\\/blog\\\/2022\\\/04\\\/19\\\/las-charlas-y-la-feria-de-servicios-de-la-uartes-en-su-semana-cero\\\/\",\"name\":\"Universidad de las Artes - Las charlas y la Feria de Servicios de la Universidad de las Artes en Semana 0\",\"isPartOf\":{\"@id\":\"https:\\\/\\\/www.uartes.edu.ec\\\/sitio\\\/en\\\/#website\"},\"primaryImageOfPage\":{\"@id\":\"https:\\\/\\\/www.uartes.edu.ec\\\/sitio\\\/en\\\/blog\\\/2022\\\/04\\\/19\\\/las-charlas-y-la-feria-de-servicios-de-la-uartes-en-su-semana-cero\\\/#primaryimage\"},\"image\":{\"@id\":\"https:\\\/\\\/www.uartes.edu.ec\\\/sitio\\\/en\\\/blog\\\/2022\\\/04\\\/19\\\/las-charlas-y-la-feria-de-servicios-de-la-uartes-en-su-semana-cero\\\/#primaryimage\"},\"thumbnailUrl\":\"https:\\\/\\\/www.uartes.edu.ec\\\/sitio\\\/wp-content\\\/uploads\\\/2022\\\/04\\\/FERIA-DE-SERVICIOS-WEB.jpg\",\"datePublished\":\"2022-04-19T23:18:00+00:00\",\"dateModified\":\"2024-07-04T16:23:45+00:00\",\"description\":\"Universidad de las Artes - Las charlas y la Feria de Servicios de la Universidad de las Artes en Semana 0\",\"breadcrumb\":{\"@id\":\"https:\\\/\\\/www.uartes.edu.ec\\\/sitio\\\/en\\\/blog\\\/2022\\\/04\\\/19\\\/las-charlas-y-la-feria-de-servicios-de-la-uartes-en-su-semana-cero\\\/#breadcrumb\"},\"inLanguage\":\"en-US\",\"potentialAction\":[{\"@type\":\"ReadAction\",\"target\":[\"https:\\\/\\\/www.uartes.edu.ec\\\/sitio\\\/en\\\/blog\\\/2022\\\/04\\\/19\\\/las-charlas-y-la-feria-de-servicios-de-la-uartes-en-su-semana-cero\\\/\"]}]},{\"@type\":\"ImageObject\",\"inLanguage\":\"en-US\",\"@id\":\"https:\\\/\\\/www.uartes.edu.ec\\\/sitio\\\/en\\\/blog\\\/2022\\\/04\\\/19\\\/las-charlas-y-la-feria-de-servicios-de-la-uartes-en-su-semana-cero\\\/#primaryimage\",\"url\":\"https:\\\/\\\/www.uartes.edu.ec\\\/sitio\\\/wp-content\\\/uploads\\\/2022\\\/04\\\/FERIA-DE-SERVICIOS-WEB.jpg\",\"contentUrl\":\"https:\\\/\\\/www.uartes.edu.ec\\\/sitio\\\/wp-content\\\/uploads\\\/2022\\\/04\\\/FERIA-DE-SERVICIOS-WEB.jpg\",\"width\":2000,\"height\":1333},{\"@type\":\"BreadcrumbList\",\"@id\":\"https:\\\/\\\/www.uartes.edu.ec\\\/sitio\\\/en\\\/blog\\\/2022\\\/04\\\/19\\\/las-charlas-y-la-feria-de-servicios-de-la-uartes-en-su-semana-cero\\\/#breadcrumb\",\"itemListElement\":[{\"@type\":\"ListItem\",\"position\":1,\"name\":\"Inicio\",\"item\":\"https:\\\/\\\/www.uartes.edu.ec\\\/sitio\\\/\"},{\"@type\":\"ListItem\",\"position\":2,\"name\":\"Las charlas y la Feria de Servicios de la Universidad de las Artes en Semana 0\"}]},{\"@type\":\"WebSite\",\"@id\":\"https:\\\/\\\/www.uartes.edu.ec\\\/sitio\\\/en\\\/#website\",\"url\":\"https:\\\/\\\/www.uartes.edu.ec\\\/sitio\\\/en\\\/\",\"name\":\"Universidad de las Artes\",\"description\":\"Sitio oficial de la Universidad Nacional de las Artes del Ecuador\",\"publisher\":{\"@id\":\"https:\\\/\\\/www.uartes.edu.ec\\\/sitio\\\/en\\\/#organization\"},\"potentialAction\":[{\"@type\":\"SearchAction\",\"target\":{\"@type\":\"EntryPoint\",\"urlTemplate\":\"https:\\\/\\\/www.uartes.edu.ec\\\/sitio\\\/en\\\/?s={search_term_string}\"},\"query-input\":{\"@type\":\"PropertyValueSpecification\",\"valueRequired\":true,\"valueName\":\"search_term_string\"}}],\"inLanguage\":\"en-US\"},{\"@type\":\"Organization\",\"@id\":\"https:\\\/\\\/www.uartes.edu.ec\\\/sitio\\\/en\\\/#organization\",\"name\":\"Universidad de las Artes\",\"url\":\"https:\\\/\\\/www.uartes.edu.ec\\\/sitio\\\/en\\\/\",\"logo\":{\"@type\":\"ImageObject\",\"inLanguage\":\"en-US\",\"@id\":\"https:\\\/\\\/www.uartes.edu.ec\\\/sitio\\\/en\\\/#\\\/schema\\\/logo\\\/image\\\/\",\"url\":\"https:\\\/\\\/www.uartes.edu.ec\\\/sitio\\\/wp-content\\\/uploads\\\/2022\\\/07\\\/logo-ua-horizontal.png\",\"contentUrl\":\"https:\\\/\\\/www.uartes.edu.ec\\\/sitio\\\/wp-content\\\/uploads\\\/2022\\\/07\\\/logo-ua-horizontal.png\",\"width\":800,\"height\":276,\"caption\":\"Universidad de las Artes\"},\"image\":{\"@id\":\"https:\\\/\\\/www.uartes.edu.ec\\\/sitio\\\/en\\\/#\\\/schema\\\/logo\\\/image\\\/\"},\"sameAs\":[\"https:\\\/\\\/www.facebook.com\\\/uartesec\",\"https:\\\/\\\/x.com\\\/uartesec\",\"https:\\\/\\\/www.tiktok.com\\\/@uartesec\"]},{\"@type\":\"Person\",\"@id\":\"https:\\\/\\\/www.uartes.edu.ec\\\/sitio\\\/en\\\/#\\\/schema\\\/person\\\/efa1b8275797664fd7f13a79ccc0b1f4\",\"name\":\"ccortez\",\"image\":{\"@type\":\"ImageObject\",\"inLanguage\":\"en-US\",\"@id\":\"https:\\\/\\\/secure.gravatar.com\\\/avatar\\\/b2a6f664a3ae8e074346ef91775736c5ec479e637ecced6842de9dc98b5da9cd?s=96&d=mm&r=g\",\"url\":\"https:\\\/\\\/secure.gravatar.com\\\/avatar\\\/b2a6f664a3ae8e074346ef91775736c5ec479e637ecced6842de9dc98b5da9cd?s=96&d=mm&r=g\",\"contentUrl\":\"https:\\\/\\\/secure.gravatar.com\\\/avatar\\\/b2a6f664a3ae8e074346ef91775736c5ec479e637ecced6842de9dc98b5da9cd?s=96&d=mm&r=g\",\"caption\":\"ccortez\"},\"url\":\"https:\\\/\\\/www.uartes.edu.ec\\\/sitio\\\/en\\\/blog\\\/author\\\/ccortez\\\/\"}]}<\/script>\n<!-- \/ Yoast SEO plugin. -->","yoast_head_json":{"title":"Universidad de las Artes - Las charlas y la Feria de Servicios de la Universidad de las Artes en Semana 0","description":"Universidad de las Artes - Las charlas y la Feria de Servicios de la Universidad de las Artes en Semana 0","robots":{"index":"index","follow":"follow","max-snippet":"max-snippet:-1","max-image-preview":"max-image-preview:large","max-video-preview":"max-video-preview:-1"},"canonical":"https:\/\/www.uartes.edu.ec\/sitio\/en\/blog\/2022\/04\/19\/las-charlas-y-la-feria-de-servicios-de-la-uartes-en-su-semana-cero\/","og_locale":"en_US","og_type":"article","og_title":"Universidad de las Artes - Las charlas y la Feria de Servicios de la Universidad de las Artes en Semana 0","og_description":"Universidad de las Artes - Las charlas y la Feria de Servicios de la Universidad de las Artes en Semana 0","og_url":"https:\/\/www.uartes.edu.ec\/sitio\/en\/blog\/2022\/04\/19\/las-charlas-y-la-feria-de-servicios-de-la-uartes-en-su-semana-cero\/","og_site_name":"Universidad de las Artes","article_publisher":"https:\/\/www.facebook.com\/uartesec","article_published_time":"2022-04-19T23:18:00+00:00","article_modified_time":"2024-07-04T16:23:45+00:00","og_image":[{"width":2000,"height":1333,"url":"https:\/\/www.uartes.edu.ec\/sitio\/wp-content\/uploads\/2022\/04\/FERIA-DE-SERVICIOS-WEB.jpg","type":"image\/jpeg"}],"author":"ccortez","twitter_card":"summary_large_image","twitter_creator":"@uartesec","twitter_site":"@uartesec","twitter_misc":{"Written by":"ccortez","Est. reading time":"5 minutes"},"schema":{"@context":"https:\/\/schema.org","@graph":[{"@type":"Article","@id":"https:\/\/www.uartes.edu.ec\/sitio\/en\/blog\/2022\/04\/19\/las-charlas-y-la-feria-de-servicios-de-la-uartes-en-su-semana-cero\/#article","isPartOf":{"@id":"https:\/\/www.uartes.edu.ec\/sitio\/en\/blog\/2022\/04\/19\/las-charlas-y-la-feria-de-servicios-de-la-uartes-en-su-semana-cero\/"},"author":{"name":"ccortez","@id":"https:\/\/www.uartes.edu.ec\/sitio\/en\/#\/schema\/person\/efa1b8275797664fd7f13a79ccc0b1f4"},"headline":"Las charlas y la Feria de Servicios de la Universidad de las Artes en Semana 0","datePublished":"2022-04-19T23:18:00+00:00","dateModified":"2024-07-04T16:23:45+00:00","mainEntityOfPage":{"@id":"https:\/\/www.uartes.edu.ec\/sitio\/en\/blog\/2022\/04\/19\/las-charlas-y-la-feria-de-servicios-de-la-uartes-en-su-semana-cero\/"},"wordCount":730,"commentCount":0,"publisher":{"@id":"https:\/\/www.uartes.edu.ec\/sitio\/en\/#organization"},"image":{"@id":"https:\/\/www.uartes.edu.ec\/sitio\/en\/blog\/2022\/04\/19\/las-charlas-y-la-feria-de-servicios-de-la-uartes-en-su-semana-cero\/#primaryimage"},"thumbnailUrl":"https:\/\/www.uartes.edu.ec\/sitio\/wp-content\/uploads\/2022\/04\/FERIA-DE-SERVICIOS-WEB.jpg","keywords":["bienestar universitario"],"articleSection":["Bienestar Universitario","Servicios"],"inLanguage":"en-US","potentialAction":[{"@type":"CommentAction","name":"Comment","target":["https:\/\/www.uartes.edu.ec\/sitio\/en\/blog\/2022\/04\/19\/las-charlas-y-la-feria-de-servicios-de-la-uartes-en-su-semana-cero\/#respond"]}]},{"@type":["WebPage","ItemPage"],"@id":"https:\/\/www.uartes.edu.ec\/sitio\/en\/blog\/2022\/04\/19\/las-charlas-y-la-feria-de-servicios-de-la-uartes-en-su-semana-cero\/","url":"https:\/\/www.uartes.edu.ec\/sitio\/en\/blog\/2022\/04\/19\/las-charlas-y-la-feria-de-servicios-de-la-uartes-en-su-semana-cero\/","name":"Universidad de las Artes - Las charlas y la Feria de Servicios de la Universidad de las Artes en Semana 0","isPartOf":{"@id":"https:\/\/www.uartes.edu.ec\/sitio\/en\/#website"},"primaryImageOfPage":{"@id":"https:\/\/www.uartes.edu.ec\/sitio\/en\/blog\/2022\/04\/19\/las-charlas-y-la-feria-de-servicios-de-la-uartes-en-su-semana-cero\/#primaryimage"},"image":{"@id":"https:\/\/www.uartes.edu.ec\/sitio\/en\/blog\/2022\/04\/19\/las-charlas-y-la-feria-de-servicios-de-la-uartes-en-su-semana-cero\/#primaryimage"},"thumbnailUrl":"https:\/\/www.uartes.edu.ec\/sitio\/wp-content\/uploads\/2022\/04\/FERIA-DE-SERVICIOS-WEB.jpg","datePublished":"2022-04-19T23:18:00+00:00","dateModified":"2024-07-04T16:23:45+00:00","description":"Universidad de las Artes - Las charlas y la Feria de Servicios de la Universidad de las Artes en Semana 0","breadcrumb":{"@id":"https:\/\/www.uartes.edu.ec\/sitio\/en\/blog\/2022\/04\/19\/las-charlas-y-la-feria-de-servicios-de-la-uartes-en-su-semana-cero\/#breadcrumb"},"inLanguage":"en-US","potentialAction":[{"@type":"ReadAction","target":["https:\/\/www.uartes.edu.ec\/sitio\/en\/blog\/2022\/04\/19\/las-charlas-y-la-feria-de-servicios-de-la-uartes-en-su-semana-cero\/"]}]},{"@type":"ImageObject","inLanguage":"en-US","@id":"https:\/\/www.uartes.edu.ec\/sitio\/en\/blog\/2022\/04\/19\/las-charlas-y-la-feria-de-servicios-de-la-uartes-en-su-semana-cero\/#primaryimage","url":"https:\/\/www.uartes.edu.ec\/sitio\/wp-content\/uploads\/2022\/04\/FERIA-DE-SERVICIOS-WEB.jpg","contentUrl":"https:\/\/www.uartes.edu.ec\/sitio\/wp-content\/uploads\/2022\/04\/FERIA-DE-SERVICIOS-WEB.jpg","width":2000,"height":1333},{"@type":"BreadcrumbList","@id":"https:\/\/www.uartes.edu.ec\/sitio\/en\/blog\/2022\/04\/19\/las-charlas-y-la-feria-de-servicios-de-la-uartes-en-su-semana-cero\/#breadcrumb","itemListElement":[{"@type":"ListItem","position":1,"name":"Inicio","item":"https:\/\/www.uartes.edu.ec\/sitio\/"},{"@type":"ListItem","position":2,"name":"Las charlas y la Feria de Servicios de la Universidad de las Artes en Semana 0"}]},{"@type":"WebSite","@id":"https:\/\/www.uartes.edu.ec\/sitio\/en\/#website","url":"https:\/\/www.uartes.edu.ec\/sitio\/en\/","name":"Universidad de las Artes","description":"Sitio oficial de la Universidad Nacional de las Artes del Ecuador","publisher":{"@id":"https:\/\/www.uartes.edu.ec\/sitio\/en\/#organization"},"potentialAction":[{"@type":"SearchAction","target":{"@type":"EntryPoint","urlTemplate":"https:\/\/www.uartes.edu.ec\/sitio\/en\/?s={search_term_string}"},"query-input":{"@type":"PropertyValueSpecification","valueRequired":true,"valueName":"search_term_string"}}],"inLanguage":"en-US"},{"@type":"Organization","@id":"https:\/\/www.uartes.edu.ec\/sitio\/en\/#organization","name":"Universidad de las Artes","url":"https:\/\/www.uartes.edu.ec\/sitio\/en\/","logo":{"@type":"ImageObject","inLanguage":"en-US","@id":"https:\/\/www.uartes.edu.ec\/sitio\/en\/#\/schema\/logo\/image\/","url":"https:\/\/www.uartes.edu.ec\/sitio\/wp-content\/uploads\/2022\/07\/logo-ua-horizontal.png","contentUrl":"https:\/\/www.uartes.edu.ec\/sitio\/wp-content\/uploads\/2022\/07\/logo-ua-horizontal.png","width":800,"height":276,"caption":"Universidad de las Artes"},"image":{"@id":"https:\/\/www.uartes.edu.ec\/sitio\/en\/#\/schema\/logo\/image\/"},"sameAs":["https:\/\/www.facebook.com\/uartesec","https:\/\/x.com\/uartesec","https:\/\/www.tiktok.com\/@uartesec"]},{"@type":"Person","@id":"https:\/\/www.uartes.edu.ec\/sitio\/en\/#\/schema\/person\/efa1b8275797664fd7f13a79ccc0b1f4","name":"ccortez","image":{"@type":"ImageObject","inLanguage":"en-US","@id":"https:\/\/secure.gravatar.com\/avatar\/b2a6f664a3ae8e074346ef91775736c5ec479e637ecced6842de9dc98b5da9cd?s=96&d=mm&r=g","url":"https:\/\/secure.gravatar.com\/avatar\/b2a6f664a3ae8e074346ef91775736c5ec479e637ecced6842de9dc98b5da9cd?s=96&d=mm&r=g","contentUrl":"https:\/\/secure.gravatar.com\/avatar\/b2a6f664a3ae8e074346ef91775736c5ec479e637ecced6842de9dc98b5da9cd?s=96&d=mm&r=g","caption":"ccortez"},"url":"https:\/\/www.uartes.edu.ec\/sitio\/en\/blog\/author\/ccortez\/"}]}},"uagb_featured_image_src":{"full":["https:\/\/www.uartes.edu.ec\/sitio\/wp-content\/uploads\/2022\/04\/FERIA-DE-SERVICIOS-WEB.jpg",2000,1333,false],"thumbnail":["https:\/\/www.uartes.edu.ec\/sitio\/wp-content\/uploads\/2022\/04\/FERIA-DE-SERVICIOS-WEB-150x150.jpg",150,150,true],"medium":["https:\/\/www.uartes.edu.ec\/sitio\/wp-content\/uploads\/2022\/04\/FERIA-DE-SERVICIOS-WEB-300x200.jpg",300,200,true],"medium_large":["https:\/\/www.uartes.edu.ec\/sitio\/wp-content\/uploads\/2022\/04\/FERIA-DE-SERVICIOS-WEB-768x512.jpg",768,512,true],"large":["https:\/\/www.uartes.edu.ec\/sitio\/wp-content\/uploads\/2022\/04\/FERIA-DE-SERVICIOS-WEB-644x429.jpg",644,429,true],"1536x1536":["https:\/\/www.uartes.edu.ec\/sitio\/wp-content\/uploads\/2022\/04\/FERIA-DE-SERVICIOS-WEB-1536x1024.jpg",1536,1024,true],"2048x2048":["https:\/\/www.uartes.edu.ec\/sitio\/wp-content\/uploads\/2022\/04\/FERIA-DE-SERVICIOS-WEB.jpg",2000,1333,false],"trp-custom-language-flag":["https:\/\/www.uartes.edu.ec\/sitio\/wp-content\/uploads\/2022\/04\/FERIA-DE-SERVICIOS-WEB.jpg",18,12,false],"htmega_size_585x295":["https:\/\/www.uartes.edu.ec\/sitio\/wp-content\/uploads\/2022\/04\/FERIA-DE-SERVICIOS-WEB.jpg",443,295,false],"htmega_size_1170x536":["https:\/\/www.uartes.edu.ec\/sitio\/wp-content\/uploads\/2022\/04\/FERIA-DE-SERVICIOS-WEB.jpg",804,536,false],"htmega_size_396x360":["https:\/\/www.uartes.edu.ec\/sitio\/wp-content\/uploads\/2022\/04\/FERIA-DE-SERVICIOS-WEB.jpg",396,264,false],"gb-block-post-grid-landscape":["https:\/\/www.uartes.edu.ec\/sitio\/wp-content\/uploads\/2022\/04\/FERIA-DE-SERVICIOS-WEB-600x400.jpg",600,400,true],"gb-block-post-grid-square":["https:\/\/www.uartes.edu.ec\/sitio\/wp-content\/uploads\/2022\/04\/FERIA-DE-SERVICIOS-WEB-600x600.jpg",600,600,true],"university-hub-thumb":["https:\/\/www.uartes.edu.ec\/sitio\/wp-content\/uploads\/2022\/04\/FERIA-DE-SERVICIOS-WEB-400x267.jpg",400,267,true]},"uagb_author_info":{"display_name":"ccortez","author_link":"https:\/\/www.uartes.edu.ec\/sitio\/en\/blog\/author\/ccortez\/"},"uagb_comment_info":0,"uagb_excerpt":"Charlas con temas como las oportunidades de trabajo y vacantes en el Consulado de Estados Unidos, las sensibilidades en violencia de g\u00e9nero y el seguro de vida y accidentes para estudiantes, as\u00ed como la presentaci\u00f3n del Consejo Estudiantil, constan entre las actividades de la Semana Cero organizadas por la DAESCU. Tienen lugar en el Sal\u00f3n&hellip;","featured_image_src":"https:\/\/www.uartes.edu.ec\/sitio\/wp-content\/uploads\/2022\/04\/FERIA-DE-SERVICIOS-WEB-600x400.jpg","featured_image_src_square":"https:\/\/www.uartes.edu.ec\/sitio\/wp-content\/uploads\/2022\/04\/FERIA-DE-SERVICIOS-WEB-600x600.jpg","author_info":{"display_name":"ccortez","author_link":"https:\/\/www.uartes.edu.ec\/sitio\/en\/blog\/author\/ccortez\/"},"publishpress_future_workflow_manual_trigger":{"enabledWorkflows":[]},"distributor_meta":false,"distributor_terms":false,"distributor_media":false,"distributor_original_site_name":"Universidad de las Artes","distributor_original_site_url":"https:\/\/www.uartes.edu.ec\/sitio\/en","push-errors":false,"_links":{"self":[{"href":"https:\/\/www.uartes.edu.ec\/sitio\/en\/wp-json\/wp\/v2\/posts\/20898","targetHints":{"allow":["GET"]}}],"collection":[{"href":"https:\/\/www.uartes.edu.ec\/sitio\/en\/wp-json\/wp\/v2\/posts"}],"about":[{"href":"https:\/\/www.uartes.edu.ec\/sitio\/en\/wp-json\/wp\/v2\/types\/post"}],"author":[{"embeddable":true,"href":"https:\/\/www.uartes.edu.ec\/sitio\/en\/wp-json\/wp\/v2\/users\/10"}],"replies":[{"embeddable":true,"href":"https:\/\/www.uartes.edu.ec\/sitio\/en\/wp-json\/wp\/v2\/comments?post=20898"}],"version-history":[{"count":6,"href":"https:\/\/www.uartes.edu.ec\/sitio\/en\/wp-json\/wp\/v2\/posts\/20898\/revisions"}],"predecessor-version":[{"id":20912,"href":"https:\/\/www.uartes.edu.ec\/sitio\/en\/wp-json\/wp\/v2\/posts\/20898\/revisions\/20912"}],"wp:featuredmedia":[{"embeddable":true,"href":"https:\/\/www.uartes.edu.ec\/sitio\/en\/wp-json\/wp\/v2\/media\/20899"}],"wp:attachment":[{"href":"https:\/\/www.uartes.edu.ec\/sitio\/en\/wp-json\/wp\/v2\/media?parent=20898"}],"wp:term":[{"taxonomy":"category","embeddable":true,"href":"https:\/\/www.uartes.edu.ec\/sitio\/en\/wp-json\/wp\/v2\/categories?post=20898"},{"taxonomy":"post_tag","embeddable":true,"href":"https:\/\/www.uartes.edu.ec\/sitio\/en\/wp-json\/wp\/v2\/tags?post=20898"},{"taxonomy":"infouartes","embeddable":true,"href":"https:\/\/www.uartes.edu.ec\/sitio\/en\/wp-json\/wp\/v2\/infouartes?post=20898"}],"curies":[{"name":"wp","href":"https:\/\/api.w.org\/{rel}","templated":true}]}}