{"id":21333,"date":"2022-05-10T15:10:00","date_gmt":"2022-05-10T20:10:00","guid":{"rendered":"http:\/\/www.uartes.edu.ec\/sitio\/?p=21333"},"modified":"2024-07-04T11:23:41","modified_gmt":"2024-07-04T16:23:41","slug":"con-los-ganadores-de-la-competencia-de-remix-en-la-ultima-jornada-de-case","status":"publish","type":"post","link":"https:\/\/www.uartes.edu.ec\/sitio\/en\/blog\/2022\/05\/10\/con-los-ganadores-de-la-competencia-de-remix-en-la-ultima-jornada-de-case\/","title":{"rendered":"Con los ganadores de la competencia de remix en la \u00faltima jornada de CASE"},"content":{"rendered":"<p>Juan Cabrera, Juan Jos\u00e9 Mart\u00ednez y Ezequiel V\u00e9liz obtuvieron, en ese orden, el primer, segundo y tercer lugar en la \u201cCompetencia de remix: <em>\u00danica<\/em>\u201d que se realiz\u00f3 en el marco de las Conferencias de Audio y Sonido del Ecuador (CASE), organizadas por la Universidad de las Artes y su Escuela de Artes Sonoras. Sus nombres se dieron a conocer durante el concierto que dio t\u00e9rmino a la cita, el jueves 5 de mayo, en la Plaza P\u00fablica del MZ14.<\/p>\n\n\n\n<p>Las CASE llegaron en este 2022 a su quinta edici\u00f3n. Fueron tres d\u00edas, desde el martes 3, de talleres, charlas, conferencias, inducciones diarias al Estudio A de la EAS y residencia art\u00edstica, en la que participaron profesionales del audio y del sonido reconocidos a nivel nacional e internacional. As\u00ed como en su clausura, los dos d\u00edas anteriores hubo conciertos.<\/p>\n\n\n<div class=\"wp-block-image\">\n<figure class=\"aligncenter size-large\"><img fetchpriority=\"high\" decoding=\"async\" width=\"644\" height=\"429\" src=\"http:\/\/www.uartes.edu.ec\/sitio\/wp-content\/uploads\/2022\/05\/TERCER-DIA-CASE-01-644x429.jpg\" alt=\"\" class=\"wp-image-21346\" srcset=\"https:\/\/www.uartes.edu.ec\/sitio\/wp-content\/uploads\/2022\/05\/TERCER-DIA-CASE-01-644x429.jpg 644w, https:\/\/www.uartes.edu.ec\/sitio\/wp-content\/uploads\/2022\/05\/TERCER-DIA-CASE-01-768x512.jpg 768w, https:\/\/www.uartes.edu.ec\/sitio\/wp-content\/uploads\/2022\/05\/TERCER-DIA-CASE-01.jpg 2000w, https:\/\/www.uartes.edu.ec\/sitio\/wp-content\/uploads\/2022\/05\/TERCER-DIA-CASE-01-600x400.jpg 600w, https:\/\/www.uartes.edu.ec\/sitio\/wp-content\/uploads\/2022\/05\/TERCER-DIA-CASE-01-272x182.jpg 272w\" sizes=\"(max-width: 644px) 100vw, 644px\" \/><\/figure>\n<\/div>\n\n\n<p>Cabe indicar que la competencia y las CASE son enteramente organizados por la UArtes y la EAS. Ha sido as\u00ed desde el 2020, que se realiz\u00f3 de manera virtual debido a la pandemia, al igual que en 2021. En la edici\u00f3n del 2019 se hicieron conjuntamente con Audio Engineering Society Ecuador (AES), en una alianza estrat\u00e9gica a\u00fan vigente. El docente Daniel Orejuela era entonces presidente de la mencionada asociaci\u00f3n. La edici\u00f3n de este a\u00f1o es la primera presencial, pospandemia, \u201cy confiamos continuar desarrollando las siguientes ediciones en ese formato\u201d, anot\u00f3 Orejuela, quien destac\u00f3 el reconocimiento que las conferencias tienen ya en el mundo del audio a nivel de Latinoam\u00e9rica.<\/p>\n\n\n\n<p>Antes del concierto, entre las actividades del 5 de mayo constaron las charlas \u201cEl pensamiento musical lagartero\u201d, con el pianista, productor musical y docente UArtes Omar Dom\u00ednguez. \u201cEducaci\u00f3n musical y sonora en el metaverso\u201d, con Gorki Alarc\u00f3n. \u201cLa producci\u00f3n musical en el Ecuador\u201d, con Andr\u00e9s Bracero. \u201cLa producci\u00f3n musical de Los Nin\u201d, con Juan Daniel Proa\u00f1o. \u201cUn recorrido por el sonido envolvente\u201d, con Janina Canalis. Y \u201cD&amp;B Soundscape\u201d, con Luis Caban\u00e9.<\/p>\n\n\n<div class=\"wp-block-image\">\n<figure class=\"aligncenter size-large\"><img decoding=\"async\" width=\"644\" height=\"429\" src=\"http:\/\/www.uartes.edu.ec\/sitio\/wp-content\/uploads\/2022\/05\/TERCER-DIA-CASE-02-644x429.jpg\" alt=\"\" class=\"wp-image-21347\" srcset=\"https:\/\/www.uartes.edu.ec\/sitio\/wp-content\/uploads\/2022\/05\/TERCER-DIA-CASE-02-644x429.jpg 644w, https:\/\/www.uartes.edu.ec\/sitio\/wp-content\/uploads\/2022\/05\/TERCER-DIA-CASE-02-768x512.jpg 768w, https:\/\/www.uartes.edu.ec\/sitio\/wp-content\/uploads\/2022\/05\/TERCER-DIA-CASE-02.jpg 2000w, https:\/\/www.uartes.edu.ec\/sitio\/wp-content\/uploads\/2022\/05\/TERCER-DIA-CASE-02-600x400.jpg 600w, https:\/\/www.uartes.edu.ec\/sitio\/wp-content\/uploads\/2022\/05\/TERCER-DIA-CASE-02-272x182.jpg 272w\" sizes=\"(max-width: 644px) 100vw, 644px\" \/><figcaption class=\"wp-element-caption\">En la foto principal, los ganadores de la \u00abCompetencia de remix: \u00danica\u00bb. Estas im\u00e1genes corresponden algunas de las actividades realizadas en la tercera y \u00faltima jornada de las Conferencias de Audio y Sonido del Ecuador.<\/figcaption><\/figure>\n<\/div>\n\n<div class=\"wp-block-image\">\n<figure class=\"aligncenter size-large\"><img decoding=\"async\" width=\"644\" height=\"429\" src=\"http:\/\/www.uartes.edu.ec\/sitio\/wp-content\/uploads\/2022\/05\/TERCER-DIA-CASE-03-644x429.jpg\" alt=\"\" class=\"wp-image-21348\" srcset=\"https:\/\/www.uartes.edu.ec\/sitio\/wp-content\/uploads\/2022\/05\/TERCER-DIA-CASE-03-644x429.jpg 644w, https:\/\/www.uartes.edu.ec\/sitio\/wp-content\/uploads\/2022\/05\/TERCER-DIA-CASE-03-768x512.jpg 768w, https:\/\/www.uartes.edu.ec\/sitio\/wp-content\/uploads\/2022\/05\/TERCER-DIA-CASE-03.jpg 2000w, https:\/\/www.uartes.edu.ec\/sitio\/wp-content\/uploads\/2022\/05\/TERCER-DIA-CASE-03-600x400.jpg 600w, https:\/\/www.uartes.edu.ec\/sitio\/wp-content\/uploads\/2022\/05\/TERCER-DIA-CASE-03-272x182.jpg 272w\" sizes=\"(max-width: 644px) 100vw, 644px\" \/><\/figure>\n<\/div>\n\n\n<h3 class=\"wp-block-heading has-text-align-center\" id=\"en-dialogo-con-los-ganadores-del-concurso-musical\"><strong>En di\u00e1logo con los ganadores del concurso musical<\/strong><\/h3>\n\n\n\n<p>La originalidad, creatividad y calidad t\u00e9cnica en mezcla con las que realizaron sus propuestas prim\u00f3 a la hora de seleccionar a Cabrera, Mart\u00ednez y V\u00e9liz como finalistas, en cuya lid intervinieron unos 15 participantes de varias ciudades. Y es que la convocatoria que lanz\u00f3 la EAS en sus sitios webs fue nacional; una invitaci\u00f3n para trabajar una reversi\u00f3n o rework en cualquier estilo o g\u00e9nero del tema <em>\u00danica<\/em> de la artista Paola Navarrete, quien integr\u00f3 el jurado junto al ingeniero de sonido Sebasti\u00e1n Ontaneda y el licenciado V\u00edctor Espinosa, graduado en la UArtes y ganador de cert\u00e1menes similares dentro y fuera del pa\u00eds, en muchos de los cuales sali\u00f3 triunfante.<\/p>\n\n\n\n<p>Primero se preseleccionaron 10 concursantes y luego cinco, quienes un d\u00eda antes de la clausura de CASE \u2013el mi\u00e9rcoles 4 de mayo\u2013 compitieron ante los jueces, en la Sala de Experimentaci\u00f3n Sonora del MZ14.<\/p>\n\n\n\n<p>Tras conocerse los nombres de los ganadores de la \u201cCompetencia de remix: <em>\u00danica<\/em>\u201d, InfoUArtes dialog\u00f3 con ellos. Juan Cabrera, quien logr\u00f3 el primer lugar, cursa el primer semestre de Producci\u00f3n Musical en la EAS. Se\u00f1al\u00f3 al concurso como su primera experiencia. Le entusiasm\u00f3 conocer a Paola Navarrete y su impresi\u00f3n sobre la propuesta que present\u00f3, con lo cual ya se sent\u00eda ganador. Dijo que busc\u00f3 enfocarse en algo m\u00e1s experimental para impresionar al jurado<em>.<\/em> \u201cSon actividades y momentos que dejan huellas incre\u00edbles. Fui trabajando d\u00eda a d\u00eda el material que envi\u00e9\u201d.<\/p>\n\n\n\n<p>A su trabajo no le hab\u00eda puesto nombre, pero durante la entrevista, Cabrera, quien en la producci\u00f3n musical se da a conocer como <em>Samy,<\/em> indic\u00f3 haber encontrado uno: <em>Atrapado,<\/em> \u201cporque as\u00ed me sent\u00ed al concentrarme en su producci\u00f3n\u201d.<\/p>\n\n\n<div class=\"wp-block-image\">\n<figure class=\"aligncenter size-large\"><img loading=\"lazy\" decoding=\"async\" width=\"644\" height=\"429\" src=\"http:\/\/www.uartes.edu.ec\/sitio\/wp-content\/uploads\/2022\/05\/ganador-remix-3-644x429.jpg\" alt=\"\" class=\"wp-image-21344\" srcset=\"https:\/\/www.uartes.edu.ec\/sitio\/wp-content\/uploads\/2022\/05\/ganador-remix-3-644x429.jpg 644w, https:\/\/www.uartes.edu.ec\/sitio\/wp-content\/uploads\/2022\/05\/ganador-remix-3-768x512.jpg 768w, https:\/\/www.uartes.edu.ec\/sitio\/wp-content\/uploads\/2022\/05\/ganador-remix-3.jpg 2000w, https:\/\/www.uartes.edu.ec\/sitio\/wp-content\/uploads\/2022\/05\/ganador-remix-3-600x400.jpg 600w, https:\/\/www.uartes.edu.ec\/sitio\/wp-content\/uploads\/2022\/05\/ganador-remix-3-272x182.jpg 272w\" sizes=\"(max-width: 644px) 100vw, 644px\" \/><figcaption class=\"wp-element-caption\">Juan Cabrera, ganador del primer lugar. En la producci\u00f3n musical se da a conocer como <em>Samy,<\/em> <\/figcaption><\/figure>\n<\/div>\n\n\n<p>Juan Jos\u00e9 Mart\u00ednez, quien obtuvo el segundo lugar, est\u00e1 en quinto semestre de Producci\u00f3n Musical. Antes de dar sus impresiones sobre la competencia, expres\u00f3 una enorme alegr\u00eda por estar en presencialidad \u201cy ver lo rostros de los profesores y amigos&#8230;\u201d. No es la primera vez participando en las competencias de las CASE, confes\u00f3. El a\u00f1o pasado intervino y gan\u00f3 en las categor\u00edas nacional y m\u00fasicas contempor\u00e1neas del concurso planteado entonces.<\/p>\n\n\n\n<p>\u201cMe interes\u00f3 intervenir tambi\u00e9n este a\u00f1o porque avizoraba una experiencia totalmente nueva. Soy percusionista y baterista y quer\u00eda imprimirle (a su propuesta) ese sonido que llevo por dentro. T\u00e9cnicamente trato de buscar el arreglo y que sea muy musical con respecto a la voz\u201d, indic\u00f3 Mart\u00ednez y motiv\u00f3 a los estudiantes a intervenir y hacer de la UArtes una plataforma para que todos puedan verlos y reconocerlos. \u201cHay gente con mucho talento, pero, lamentablemente, no se anima a participar\u201d. Al intervenir dio un paso importante en su carrera porque poco a poco va haciendo un curriculum, anot\u00f3. \u201cLo que dijo el jurado, el feeback, quedan presentes. La experiencia es algo que no se gana con t\u00edtulos y papeles, sino desde los estudios, concursos, hacer diario y dedicarse a la profesi\u00f3n enteramente\u201d.<\/p>\n\n\n\n<p>Ezequiel V\u00e9liz, tercer lugar, agradeci\u00f3 a los organizadores por la oportunidad de participar. Personalmente, a\u00f1adi\u00f3, aprendi\u00f3 muchas cosas nuevas haciendo el remix de <em>\u00danica;<\/em> los consejos que recibi\u00f3 de los jueces los consider\u00f3 muy \u00fatiles para futuros proyectos. Fue su primera intervenci\u00f3n presencial en un concurso de m\u00fasica, pues ha tomado parte en un par de cert\u00e1menes informales con productores de otros pa\u00edses. \u201cNo ten\u00edan un fin, realmente. Esta es la primera vez que intervengo en uno formal y con fines educativos\u201d, sostuvo y a\u00f1adi\u00f3 haber disfrutado de la libertad creativa y de recursos que ten\u00edan a disposici\u00f3n, acorde a lo se\u00f1alado en las bases. \u201cEs un acierto para que cualquiera pueda participar\u201d.&nbsp;<\/p>\n\n\n<div class=\"wp-block-image\">\n<figure class=\"aligncenter size-large\"><img loading=\"lazy\" decoding=\"async\" width=\"644\" height=\"429\" src=\"http:\/\/www.uartes.edu.ec\/sitio\/wp-content\/uploads\/2022\/05\/ganador-remix-644x429.jpg\" alt=\"\" class=\"wp-image-21345\" srcset=\"https:\/\/www.uartes.edu.ec\/sitio\/wp-content\/uploads\/2022\/05\/ganador-remix-644x429.jpg 644w, https:\/\/www.uartes.edu.ec\/sitio\/wp-content\/uploads\/2022\/05\/ganador-remix-768x512.jpg 768w, https:\/\/www.uartes.edu.ec\/sitio\/wp-content\/uploads\/2022\/05\/ganador-remix.jpg 2000w, https:\/\/www.uartes.edu.ec\/sitio\/wp-content\/uploads\/2022\/05\/ganador-remix-600x400.jpg 600w, https:\/\/www.uartes.edu.ec\/sitio\/wp-content\/uploads\/2022\/05\/ganador-remix-272x182.jpg 272w\" sizes=\"(max-width: 644px) 100vw, 644px\" \/><figcaption class=\"wp-element-caption\">Juan Cabrera (d) saluda a los otros finalistas de la competencia: Juan Jos\u00e9 Mart\u00ednez (c) y Ezequiel V\u00e9liz. Con ellos, Andrey Astaiza (izq.), director de la Escuela de Artes Sonoras, y la docente Bernarda Ubidia. <\/figcaption><\/figure>\n<\/div>","protected":false},"excerpt":{"rendered":"<p>Estudian en la Escuela de Artes Sonoras y participaron en la \u201cCompetencia de remix: \u00danica\u201d, realizada en el marco de las Conferencias de Audio y Sonido del Ecuador (CASE). Juan Cabrera, Juan Jos\u00e9 Mart\u00ednez y Ezequiel V\u00e9liz supieron el jueves 5 de mayo, durante el concierto de clausura de la cita, que hab\u00edan logrado conquistar el primero, segundo y tercer lugar, respectivamente. Ellos nos comparten la experiencia.<\/p>","protected":false},"author":10,"featured_media":21343,"comment_status":"open","ping_status":"open","sticky":false,"template":"","format":"standard","meta":{"_acf_changed":false,"_uag_custom_page_level_css":"","_monsterinsights_skip_tracking":false,"_monsterinsights_sitenote_active":false,"_monsterinsights_sitenote_note":"","_monsterinsights_sitenote_category":0,"cybocfi_hide_featured_image":"","footnotes":""},"categories":[490,150,75,76],"tags":[683],"infouartes":[],"class_list":["post-21333","post","type-post","status-publish","format-standard","has-post-thumbnail","hentry","category-alumni","category-artes-sonoras","category-docentes","category-estudiantes","tag-competencia"],"acf":[],"yoast_head":"<!-- This site is optimized with the Yoast SEO plugin v27.4 - https:\/\/yoast.com\/product\/yoast-seo-wordpress\/ -->\n<title>Universidad de las Artes - Con los ganadores de la competencia de remix en la \u00faltima jornada de CASE<\/title>\n<meta name=\"description\" content=\"Universidad de las Artes - Con los ganadores de la competencia de remix en la \u00faltima jornada de CASE\" \/>\n<meta name=\"robots\" content=\"index, follow, max-snippet:-1, max-image-preview:large, max-video-preview:-1\" \/>\n<link rel=\"canonical\" href=\"https:\/\/www.uartes.edu.ec\/sitio\/en\/blog\/2022\/05\/10\/con-los-ganadores-de-la-competencia-de-remix-en-la-ultima-jornada-de-case\/\" \/>\n<meta property=\"og:locale\" content=\"en_US\" \/>\n<meta property=\"og:type\" content=\"article\" \/>\n<meta property=\"og:title\" content=\"Universidad de las Artes - Con los ganadores de la competencia de remix en la \u00faltima jornada de CASE\" \/>\n<meta property=\"og:description\" content=\"Universidad de las Artes - Con los ganadores de la competencia de remix en la \u00faltima jornada de CASE\" \/>\n<meta property=\"og:url\" content=\"https:\/\/www.uartes.edu.ec\/sitio\/en\/blog\/2022\/05\/10\/con-los-ganadores-de-la-competencia-de-remix-en-la-ultima-jornada-de-case\/\" \/>\n<meta property=\"og:site_name\" content=\"Universidad de las Artes\" \/>\n<meta property=\"article:publisher\" content=\"https:\/\/www.facebook.com\/uartesec\" \/>\n<meta property=\"article:published_time\" content=\"2022-05-10T20:10:00+00:00\" \/>\n<meta property=\"article:modified_time\" content=\"2024-07-04T16:23:41+00:00\" \/>\n<meta property=\"og:image\" content=\"https:\/\/www.uartes.edu.ec\/sitio\/wp-content\/uploads\/2022\/05\/ganador-remix-2.jpg\" \/>\n\t<meta property=\"og:image:width\" content=\"2000\" \/>\n\t<meta property=\"og:image:height\" content=\"1334\" \/>\n\t<meta property=\"og:image:type\" content=\"image\/jpeg\" \/>\n<meta name=\"author\" content=\"ccortez\" \/>\n<meta name=\"twitter:card\" content=\"summary_large_image\" \/>\n<meta name=\"twitter:creator\" content=\"@uartesec\" \/>\n<meta name=\"twitter:site\" content=\"@uartesec\" \/>\n<meta name=\"twitter:label1\" content=\"Written by\" \/>\n\t<meta name=\"twitter:data1\" content=\"ccortez\" \/>\n\t<meta name=\"twitter:label2\" content=\"Est. reading time\" \/>\n\t<meta name=\"twitter:data2\" content=\"6 minutes\" \/>\n<script type=\"application\/ld+json\" class=\"yoast-schema-graph\">{\"@context\":\"https:\\\/\\\/schema.org\",\"@graph\":[{\"@type\":\"Article\",\"@id\":\"https:\\\/\\\/www.uartes.edu.ec\\\/sitio\\\/en\\\/blog\\\/2022\\\/05\\\/10\\\/con-los-ganadores-de-la-competencia-de-remix-en-la-ultima-jornada-de-case\\\/#article\",\"isPartOf\":{\"@id\":\"https:\\\/\\\/www.uartes.edu.ec\\\/sitio\\\/en\\\/blog\\\/2022\\\/05\\\/10\\\/con-los-ganadores-de-la-competencia-de-remix-en-la-ultima-jornada-de-case\\\/\"},\"author\":{\"name\":\"ccortez\",\"@id\":\"https:\\\/\\\/www.uartes.edu.ec\\\/sitio\\\/en\\\/#\\\/schema\\\/person\\\/efa1b8275797664fd7f13a79ccc0b1f4\"},\"headline\":\"Con los ganadores de la competencia de remix en la \u00faltima jornada de CASE\",\"datePublished\":\"2022-05-10T20:10:00+00:00\",\"dateModified\":\"2024-07-04T16:23:41+00:00\",\"mainEntityOfPage\":{\"@id\":\"https:\\\/\\\/www.uartes.edu.ec\\\/sitio\\\/en\\\/blog\\\/2022\\\/05\\\/10\\\/con-los-ganadores-de-la-competencia-de-remix-en-la-ultima-jornada-de-case\\\/\"},\"wordCount\":1082,\"commentCount\":0,\"publisher\":{\"@id\":\"https:\\\/\\\/www.uartes.edu.ec\\\/sitio\\\/en\\\/#organization\"},\"image\":{\"@id\":\"https:\\\/\\\/www.uartes.edu.ec\\\/sitio\\\/en\\\/blog\\\/2022\\\/05\\\/10\\\/con-los-ganadores-de-la-competencia-de-remix-en-la-ultima-jornada-de-case\\\/#primaryimage\"},\"thumbnailUrl\":\"https:\\\/\\\/www.uartes.edu.ec\\\/sitio\\\/wp-content\\\/uploads\\\/2022\\\/05\\\/ganador-remix-2.jpg\",\"keywords\":[\"competencia\"],\"articleSection\":[\"Alumni\",\"Artes Sonoras\",\"Docentes\",\"Estudiantes\"],\"inLanguage\":\"en-US\",\"potentialAction\":[{\"@type\":\"CommentAction\",\"name\":\"Comment\",\"target\":[\"https:\\\/\\\/www.uartes.edu.ec\\\/sitio\\\/en\\\/blog\\\/2022\\\/05\\\/10\\\/con-los-ganadores-de-la-competencia-de-remix-en-la-ultima-jornada-de-case\\\/#respond\"]}]},{\"@type\":[\"WebPage\",\"ItemPage\"],\"@id\":\"https:\\\/\\\/www.uartes.edu.ec\\\/sitio\\\/en\\\/blog\\\/2022\\\/05\\\/10\\\/con-los-ganadores-de-la-competencia-de-remix-en-la-ultima-jornada-de-case\\\/\",\"url\":\"https:\\\/\\\/www.uartes.edu.ec\\\/sitio\\\/en\\\/blog\\\/2022\\\/05\\\/10\\\/con-los-ganadores-de-la-competencia-de-remix-en-la-ultima-jornada-de-case\\\/\",\"name\":\"Universidad de las Artes - Con los ganadores de la competencia de remix en la \u00faltima jornada de CASE\",\"isPartOf\":{\"@id\":\"https:\\\/\\\/www.uartes.edu.ec\\\/sitio\\\/en\\\/#website\"},\"primaryImageOfPage\":{\"@id\":\"https:\\\/\\\/www.uartes.edu.ec\\\/sitio\\\/en\\\/blog\\\/2022\\\/05\\\/10\\\/con-los-ganadores-de-la-competencia-de-remix-en-la-ultima-jornada-de-case\\\/#primaryimage\"},\"image\":{\"@id\":\"https:\\\/\\\/www.uartes.edu.ec\\\/sitio\\\/en\\\/blog\\\/2022\\\/05\\\/10\\\/con-los-ganadores-de-la-competencia-de-remix-en-la-ultima-jornada-de-case\\\/#primaryimage\"},\"thumbnailUrl\":\"https:\\\/\\\/www.uartes.edu.ec\\\/sitio\\\/wp-content\\\/uploads\\\/2022\\\/05\\\/ganador-remix-2.jpg\",\"datePublished\":\"2022-05-10T20:10:00+00:00\",\"dateModified\":\"2024-07-04T16:23:41+00:00\",\"description\":\"Universidad de las Artes - Con los ganadores de la competencia de remix en la \u00faltima jornada de CASE\",\"breadcrumb\":{\"@id\":\"https:\\\/\\\/www.uartes.edu.ec\\\/sitio\\\/en\\\/blog\\\/2022\\\/05\\\/10\\\/con-los-ganadores-de-la-competencia-de-remix-en-la-ultima-jornada-de-case\\\/#breadcrumb\"},\"inLanguage\":\"en-US\",\"potentialAction\":[{\"@type\":\"ReadAction\",\"target\":[\"https:\\\/\\\/www.uartes.edu.ec\\\/sitio\\\/en\\\/blog\\\/2022\\\/05\\\/10\\\/con-los-ganadores-de-la-competencia-de-remix-en-la-ultima-jornada-de-case\\\/\"]}]},{\"@type\":\"ImageObject\",\"inLanguage\":\"en-US\",\"@id\":\"https:\\\/\\\/www.uartes.edu.ec\\\/sitio\\\/en\\\/blog\\\/2022\\\/05\\\/10\\\/con-los-ganadores-de-la-competencia-de-remix-en-la-ultima-jornada-de-case\\\/#primaryimage\",\"url\":\"https:\\\/\\\/www.uartes.edu.ec\\\/sitio\\\/wp-content\\\/uploads\\\/2022\\\/05\\\/ganador-remix-2.jpg\",\"contentUrl\":\"https:\\\/\\\/www.uartes.edu.ec\\\/sitio\\\/wp-content\\\/uploads\\\/2022\\\/05\\\/ganador-remix-2.jpg\",\"width\":2000,\"height\":1334},{\"@type\":\"BreadcrumbList\",\"@id\":\"https:\\\/\\\/www.uartes.edu.ec\\\/sitio\\\/en\\\/blog\\\/2022\\\/05\\\/10\\\/con-los-ganadores-de-la-competencia-de-remix-en-la-ultima-jornada-de-case\\\/#breadcrumb\",\"itemListElement\":[{\"@type\":\"ListItem\",\"position\":1,\"name\":\"Inicio\",\"item\":\"https:\\\/\\\/www.uartes.edu.ec\\\/sitio\\\/\"},{\"@type\":\"ListItem\",\"position\":2,\"name\":\"Con los ganadores de la competencia de remix en la \u00faltima jornada de CASE\"}]},{\"@type\":\"WebSite\",\"@id\":\"https:\\\/\\\/www.uartes.edu.ec\\\/sitio\\\/en\\\/#website\",\"url\":\"https:\\\/\\\/www.uartes.edu.ec\\\/sitio\\\/en\\\/\",\"name\":\"Universidad de las Artes\",\"description\":\"Sitio oficial de la Universidad Nacional de las Artes del Ecuador\",\"publisher\":{\"@id\":\"https:\\\/\\\/www.uartes.edu.ec\\\/sitio\\\/en\\\/#organization\"},\"potentialAction\":[{\"@type\":\"SearchAction\",\"target\":{\"@type\":\"EntryPoint\",\"urlTemplate\":\"https:\\\/\\\/www.uartes.edu.ec\\\/sitio\\\/en\\\/?s={search_term_string}\"},\"query-input\":{\"@type\":\"PropertyValueSpecification\",\"valueRequired\":true,\"valueName\":\"search_term_string\"}}],\"inLanguage\":\"en-US\"},{\"@type\":\"Organization\",\"@id\":\"https:\\\/\\\/www.uartes.edu.ec\\\/sitio\\\/en\\\/#organization\",\"name\":\"Universidad de las Artes\",\"url\":\"https:\\\/\\\/www.uartes.edu.ec\\\/sitio\\\/en\\\/\",\"logo\":{\"@type\":\"ImageObject\",\"inLanguage\":\"en-US\",\"@id\":\"https:\\\/\\\/www.uartes.edu.ec\\\/sitio\\\/en\\\/#\\\/schema\\\/logo\\\/image\\\/\",\"url\":\"https:\\\/\\\/www.uartes.edu.ec\\\/sitio\\\/wp-content\\\/uploads\\\/2022\\\/07\\\/logo-ua-horizontal.png\",\"contentUrl\":\"https:\\\/\\\/www.uartes.edu.ec\\\/sitio\\\/wp-content\\\/uploads\\\/2022\\\/07\\\/logo-ua-horizontal.png\",\"width\":800,\"height\":276,\"caption\":\"Universidad de las Artes\"},\"image\":{\"@id\":\"https:\\\/\\\/www.uartes.edu.ec\\\/sitio\\\/en\\\/#\\\/schema\\\/logo\\\/image\\\/\"},\"sameAs\":[\"https:\\\/\\\/www.facebook.com\\\/uartesec\",\"https:\\\/\\\/x.com\\\/uartesec\",\"https:\\\/\\\/www.tiktok.com\\\/@uartesec\"]},{\"@type\":\"Person\",\"@id\":\"https:\\\/\\\/www.uartes.edu.ec\\\/sitio\\\/en\\\/#\\\/schema\\\/person\\\/efa1b8275797664fd7f13a79ccc0b1f4\",\"name\":\"ccortez\",\"image\":{\"@type\":\"ImageObject\",\"inLanguage\":\"en-US\",\"@id\":\"https:\\\/\\\/secure.gravatar.com\\\/avatar\\\/b2a6f664a3ae8e074346ef91775736c5ec479e637ecced6842de9dc98b5da9cd?s=96&d=mm&r=g\",\"url\":\"https:\\\/\\\/secure.gravatar.com\\\/avatar\\\/b2a6f664a3ae8e074346ef91775736c5ec479e637ecced6842de9dc98b5da9cd?s=96&d=mm&r=g\",\"contentUrl\":\"https:\\\/\\\/secure.gravatar.com\\\/avatar\\\/b2a6f664a3ae8e074346ef91775736c5ec479e637ecced6842de9dc98b5da9cd?s=96&d=mm&r=g\",\"caption\":\"ccortez\"},\"url\":\"https:\\\/\\\/www.uartes.edu.ec\\\/sitio\\\/en\\\/blog\\\/author\\\/ccortez\\\/\"}]}<\/script>\n<!-- \/ Yoast SEO plugin. -->","yoast_head_json":{"title":"Universidad de las Artes - Con los ganadores de la competencia de remix en la \u00faltima jornada de CASE","description":"Universidad de las Artes - Con los ganadores de la competencia de remix en la \u00faltima jornada de CASE","robots":{"index":"index","follow":"follow","max-snippet":"max-snippet:-1","max-image-preview":"max-image-preview:large","max-video-preview":"max-video-preview:-1"},"canonical":"https:\/\/www.uartes.edu.ec\/sitio\/en\/blog\/2022\/05\/10\/con-los-ganadores-de-la-competencia-de-remix-en-la-ultima-jornada-de-case\/","og_locale":"en_US","og_type":"article","og_title":"Universidad de las Artes - Con los ganadores de la competencia de remix en la \u00faltima jornada de CASE","og_description":"Universidad de las Artes - Con los ganadores de la competencia de remix en la \u00faltima jornada de CASE","og_url":"https:\/\/www.uartes.edu.ec\/sitio\/en\/blog\/2022\/05\/10\/con-los-ganadores-de-la-competencia-de-remix-en-la-ultima-jornada-de-case\/","og_site_name":"Universidad de las Artes","article_publisher":"https:\/\/www.facebook.com\/uartesec","article_published_time":"2022-05-10T20:10:00+00:00","article_modified_time":"2024-07-04T16:23:41+00:00","og_image":[{"width":2000,"height":1334,"url":"https:\/\/www.uartes.edu.ec\/sitio\/wp-content\/uploads\/2022\/05\/ganador-remix-2.jpg","type":"image\/jpeg"}],"author":"ccortez","twitter_card":"summary_large_image","twitter_creator":"@uartesec","twitter_site":"@uartesec","twitter_misc":{"Written by":"ccortez","Est. reading time":"6 minutes"},"schema":{"@context":"https:\/\/schema.org","@graph":[{"@type":"Article","@id":"https:\/\/www.uartes.edu.ec\/sitio\/en\/blog\/2022\/05\/10\/con-los-ganadores-de-la-competencia-de-remix-en-la-ultima-jornada-de-case\/#article","isPartOf":{"@id":"https:\/\/www.uartes.edu.ec\/sitio\/en\/blog\/2022\/05\/10\/con-los-ganadores-de-la-competencia-de-remix-en-la-ultima-jornada-de-case\/"},"author":{"name":"ccortez","@id":"https:\/\/www.uartes.edu.ec\/sitio\/en\/#\/schema\/person\/efa1b8275797664fd7f13a79ccc0b1f4"},"headline":"Con los ganadores de la competencia de remix en la \u00faltima jornada de CASE","datePublished":"2022-05-10T20:10:00+00:00","dateModified":"2024-07-04T16:23:41+00:00","mainEntityOfPage":{"@id":"https:\/\/www.uartes.edu.ec\/sitio\/en\/blog\/2022\/05\/10\/con-los-ganadores-de-la-competencia-de-remix-en-la-ultima-jornada-de-case\/"},"wordCount":1082,"commentCount":0,"publisher":{"@id":"https:\/\/www.uartes.edu.ec\/sitio\/en\/#organization"},"image":{"@id":"https:\/\/www.uartes.edu.ec\/sitio\/en\/blog\/2022\/05\/10\/con-los-ganadores-de-la-competencia-de-remix-en-la-ultima-jornada-de-case\/#primaryimage"},"thumbnailUrl":"https:\/\/www.uartes.edu.ec\/sitio\/wp-content\/uploads\/2022\/05\/ganador-remix-2.jpg","keywords":["competencia"],"articleSection":["Alumni","Artes Sonoras","Docentes","Estudiantes"],"inLanguage":"en-US","potentialAction":[{"@type":"CommentAction","name":"Comment","target":["https:\/\/www.uartes.edu.ec\/sitio\/en\/blog\/2022\/05\/10\/con-los-ganadores-de-la-competencia-de-remix-en-la-ultima-jornada-de-case\/#respond"]}]},{"@type":["WebPage","ItemPage"],"@id":"https:\/\/www.uartes.edu.ec\/sitio\/en\/blog\/2022\/05\/10\/con-los-ganadores-de-la-competencia-de-remix-en-la-ultima-jornada-de-case\/","url":"https:\/\/www.uartes.edu.ec\/sitio\/en\/blog\/2022\/05\/10\/con-los-ganadores-de-la-competencia-de-remix-en-la-ultima-jornada-de-case\/","name":"Universidad de las Artes - Con los ganadores de la competencia de remix en la \u00faltima jornada de CASE","isPartOf":{"@id":"https:\/\/www.uartes.edu.ec\/sitio\/en\/#website"},"primaryImageOfPage":{"@id":"https:\/\/www.uartes.edu.ec\/sitio\/en\/blog\/2022\/05\/10\/con-los-ganadores-de-la-competencia-de-remix-en-la-ultima-jornada-de-case\/#primaryimage"},"image":{"@id":"https:\/\/www.uartes.edu.ec\/sitio\/en\/blog\/2022\/05\/10\/con-los-ganadores-de-la-competencia-de-remix-en-la-ultima-jornada-de-case\/#primaryimage"},"thumbnailUrl":"https:\/\/www.uartes.edu.ec\/sitio\/wp-content\/uploads\/2022\/05\/ganador-remix-2.jpg","datePublished":"2022-05-10T20:10:00+00:00","dateModified":"2024-07-04T16:23:41+00:00","description":"Universidad de las Artes - Con los ganadores de la competencia de remix en la \u00faltima jornada de CASE","breadcrumb":{"@id":"https:\/\/www.uartes.edu.ec\/sitio\/en\/blog\/2022\/05\/10\/con-los-ganadores-de-la-competencia-de-remix-en-la-ultima-jornada-de-case\/#breadcrumb"},"inLanguage":"en-US","potentialAction":[{"@type":"ReadAction","target":["https:\/\/www.uartes.edu.ec\/sitio\/en\/blog\/2022\/05\/10\/con-los-ganadores-de-la-competencia-de-remix-en-la-ultima-jornada-de-case\/"]}]},{"@type":"ImageObject","inLanguage":"en-US","@id":"https:\/\/www.uartes.edu.ec\/sitio\/en\/blog\/2022\/05\/10\/con-los-ganadores-de-la-competencia-de-remix-en-la-ultima-jornada-de-case\/#primaryimage","url":"https:\/\/www.uartes.edu.ec\/sitio\/wp-content\/uploads\/2022\/05\/ganador-remix-2.jpg","contentUrl":"https:\/\/www.uartes.edu.ec\/sitio\/wp-content\/uploads\/2022\/05\/ganador-remix-2.jpg","width":2000,"height":1334},{"@type":"BreadcrumbList","@id":"https:\/\/www.uartes.edu.ec\/sitio\/en\/blog\/2022\/05\/10\/con-los-ganadores-de-la-competencia-de-remix-en-la-ultima-jornada-de-case\/#breadcrumb","itemListElement":[{"@type":"ListItem","position":1,"name":"Inicio","item":"https:\/\/www.uartes.edu.ec\/sitio\/"},{"@type":"ListItem","position":2,"name":"Con los ganadores de la competencia de remix en la \u00faltima jornada de CASE"}]},{"@type":"WebSite","@id":"https:\/\/www.uartes.edu.ec\/sitio\/en\/#website","url":"https:\/\/www.uartes.edu.ec\/sitio\/en\/","name":"Universidad de las Artes","description":"Sitio oficial de la Universidad Nacional de las Artes del Ecuador","publisher":{"@id":"https:\/\/www.uartes.edu.ec\/sitio\/en\/#organization"},"potentialAction":[{"@type":"SearchAction","target":{"@type":"EntryPoint","urlTemplate":"https:\/\/www.uartes.edu.ec\/sitio\/en\/?s={search_term_string}"},"query-input":{"@type":"PropertyValueSpecification","valueRequired":true,"valueName":"search_term_string"}}],"inLanguage":"en-US"},{"@type":"Organization","@id":"https:\/\/www.uartes.edu.ec\/sitio\/en\/#organization","name":"Universidad de las Artes","url":"https:\/\/www.uartes.edu.ec\/sitio\/en\/","logo":{"@type":"ImageObject","inLanguage":"en-US","@id":"https:\/\/www.uartes.edu.ec\/sitio\/en\/#\/schema\/logo\/image\/","url":"https:\/\/www.uartes.edu.ec\/sitio\/wp-content\/uploads\/2022\/07\/logo-ua-horizontal.png","contentUrl":"https:\/\/www.uartes.edu.ec\/sitio\/wp-content\/uploads\/2022\/07\/logo-ua-horizontal.png","width":800,"height":276,"caption":"Universidad de las Artes"},"image":{"@id":"https:\/\/www.uartes.edu.ec\/sitio\/en\/#\/schema\/logo\/image\/"},"sameAs":["https:\/\/www.facebook.com\/uartesec","https:\/\/x.com\/uartesec","https:\/\/www.tiktok.com\/@uartesec"]},{"@type":"Person","@id":"https:\/\/www.uartes.edu.ec\/sitio\/en\/#\/schema\/person\/efa1b8275797664fd7f13a79ccc0b1f4","name":"ccortez","image":{"@type":"ImageObject","inLanguage":"en-US","@id":"https:\/\/secure.gravatar.com\/avatar\/b2a6f664a3ae8e074346ef91775736c5ec479e637ecced6842de9dc98b5da9cd?s=96&d=mm&r=g","url":"https:\/\/secure.gravatar.com\/avatar\/b2a6f664a3ae8e074346ef91775736c5ec479e637ecced6842de9dc98b5da9cd?s=96&d=mm&r=g","contentUrl":"https:\/\/secure.gravatar.com\/avatar\/b2a6f664a3ae8e074346ef91775736c5ec479e637ecced6842de9dc98b5da9cd?s=96&d=mm&r=g","caption":"ccortez"},"url":"https:\/\/www.uartes.edu.ec\/sitio\/en\/blog\/author\/ccortez\/"}]}},"uagb_featured_image_src":{"full":["https:\/\/www.uartes.edu.ec\/sitio\/wp-content\/uploads\/2022\/05\/ganador-remix-2.jpg",2000,1334,false],"thumbnail":["https:\/\/www.uartes.edu.ec\/sitio\/wp-content\/uploads\/2022\/05\/ganador-remix-2-150x150.jpg",150,150,true],"medium":["https:\/\/www.uartes.edu.ec\/sitio\/wp-content\/uploads\/2022\/05\/ganador-remix-2-300x200.jpg",300,200,true],"medium_large":["https:\/\/www.uartes.edu.ec\/sitio\/wp-content\/uploads\/2022\/05\/ganador-remix-2-768x512.jpg",768,512,true],"large":["https:\/\/www.uartes.edu.ec\/sitio\/wp-content\/uploads\/2022\/05\/ganador-remix-2-644x430.jpg",644,430,true],"1536x1536":["https:\/\/www.uartes.edu.ec\/sitio\/wp-content\/uploads\/2022\/05\/ganador-remix-2-1536x1025.jpg",1536,1025,true],"2048x2048":["https:\/\/www.uartes.edu.ec\/sitio\/wp-content\/uploads\/2022\/05\/ganador-remix-2.jpg",2000,1334,false],"trp-custom-language-flag":["https:\/\/www.uartes.edu.ec\/sitio\/wp-content\/uploads\/2022\/05\/ganador-remix-2.jpg",18,12,false],"htmega_size_585x295":["https:\/\/www.uartes.edu.ec\/sitio\/wp-content\/uploads\/2022\/05\/ganador-remix-2.jpg",442,295,false],"htmega_size_1170x536":["https:\/\/www.uartes.edu.ec\/sitio\/wp-content\/uploads\/2022\/05\/ganador-remix-2.jpg",804,536,false],"htmega_size_396x360":["https:\/\/www.uartes.edu.ec\/sitio\/wp-content\/uploads\/2022\/05\/ganador-remix-2.jpg",396,264,false],"gb-block-post-grid-landscape":["https:\/\/www.uartes.edu.ec\/sitio\/wp-content\/uploads\/2022\/05\/ganador-remix-2-600x400.jpg",600,400,true],"gb-block-post-grid-square":["https:\/\/www.uartes.edu.ec\/sitio\/wp-content\/uploads\/2022\/05\/ganador-remix-2-600x600.jpg",600,600,true],"university-hub-thumb":["https:\/\/www.uartes.edu.ec\/sitio\/wp-content\/uploads\/2022\/05\/ganador-remix-2-400x267.jpg",400,267,true],"mailpoet_newsletter_max":["https:\/\/www.uartes.edu.ec\/sitio\/wp-content\/uploads\/2022\/05\/ganador-remix-2.jpg",1320,880,false]},"uagb_author_info":{"display_name":"ccortez","author_link":"https:\/\/www.uartes.edu.ec\/sitio\/en\/blog\/author\/ccortez\/"},"uagb_comment_info":0,"uagb_excerpt":"Estudian en la Escuela de Artes Sonoras y participaron en la \u201cCompetencia de remix: \u00danica\u201d, realizada en el marco de las Conferencias de Audio y Sonido del Ecuador (CASE). Juan Cabrera, Juan Jos\u00e9 Mart\u00ednez y Ezequiel V\u00e9liz supieron el jueves 5 de mayo, durante el concierto de clausura de la cita, que hab\u00edan logrado conquistar&hellip;","featured_image_src":"https:\/\/www.uartes.edu.ec\/sitio\/wp-content\/uploads\/2022\/05\/ganador-remix-2-600x400.jpg","featured_image_src_square":"https:\/\/www.uartes.edu.ec\/sitio\/wp-content\/uploads\/2022\/05\/ganador-remix-2-600x600.jpg","author_info":{"display_name":"ccortez","author_link":"https:\/\/www.uartes.edu.ec\/sitio\/en\/blog\/author\/ccortez\/"},"publishpress_future_workflow_manual_trigger":{"enabledWorkflows":[]},"distributor_meta":false,"distributor_terms":false,"distributor_media":false,"distributor_original_site_name":"Universidad de las Artes","distributor_original_site_url":"https:\/\/www.uartes.edu.ec\/sitio\/en","push-errors":false,"_links":{"self":[{"href":"https:\/\/www.uartes.edu.ec\/sitio\/en\/wp-json\/wp\/v2\/posts\/21333","targetHints":{"allow":["GET"]}}],"collection":[{"href":"https:\/\/www.uartes.edu.ec\/sitio\/en\/wp-json\/wp\/v2\/posts"}],"about":[{"href":"https:\/\/www.uartes.edu.ec\/sitio\/en\/wp-json\/wp\/v2\/types\/post"}],"author":[{"embeddable":true,"href":"https:\/\/www.uartes.edu.ec\/sitio\/en\/wp-json\/wp\/v2\/users\/10"}],"replies":[{"embeddable":true,"href":"https:\/\/www.uartes.edu.ec\/sitio\/en\/wp-json\/wp\/v2\/comments?post=21333"}],"version-history":[{"count":10,"href":"https:\/\/www.uartes.edu.ec\/sitio\/en\/wp-json\/wp\/v2\/posts\/21333\/revisions"}],"predecessor-version":[{"id":41707,"href":"https:\/\/www.uartes.edu.ec\/sitio\/en\/wp-json\/wp\/v2\/posts\/21333\/revisions\/41707"}],"wp:featuredmedia":[{"embeddable":true,"href":"https:\/\/www.uartes.edu.ec\/sitio\/en\/wp-json\/wp\/v2\/media\/21343"}],"wp:attachment":[{"href":"https:\/\/www.uartes.edu.ec\/sitio\/en\/wp-json\/wp\/v2\/media?parent=21333"}],"wp:term":[{"taxonomy":"category","embeddable":true,"href":"https:\/\/www.uartes.edu.ec\/sitio\/en\/wp-json\/wp\/v2\/categories?post=21333"},{"taxonomy":"post_tag","embeddable":true,"href":"https:\/\/www.uartes.edu.ec\/sitio\/en\/wp-json\/wp\/v2\/tags?post=21333"},{"taxonomy":"infouartes","embeddable":true,"href":"https:\/\/www.uartes.edu.ec\/sitio\/en\/wp-json\/wp\/v2\/infouartes?post=21333"}],"curies":[{"name":"wp","href":"https:\/\/api.w.org\/{rel}","templated":true}]}}