{"id":21384,"date":"2022-05-09T14:56:00","date_gmt":"2022-05-09T19:56:00","guid":{"rendered":"http:\/\/www.uartes.edu.ec\/sitio\/?p=21384"},"modified":"2024-07-04T11:23:42","modified_gmt":"2024-07-04T16:23:42","slug":"invitado-por-la-eae-jose-antonio-sanchez-ahondo-sobrela-investigacion-en-artes-dicto-seminario-y-conferencia","status":"publish","type":"post","link":"https:\/\/www.uartes.edu.ec\/sitio\/en\/blog\/2022\/05\/09\/invitado-por-la-eae-jose-antonio-sanchez-ahondo-sobrela-investigacion-en-artes-dicto-seminario-y-conferencia\/","title":{"rendered":"Investigaci\u00f3n en artes, tema que Jos\u00e9 Antonio S\u00e1nchez abord\u00f3 en seminario con docentes de EAE y en conferencia"},"content":{"rendered":"<p>La presencia en la Universidad de las Artes de Jos\u00e9 Antonio S\u00e1nchez fue concebida como una respuesta a la necesidad de pensar en la investigaci\u00f3n en artes. \u00c9l, doctor en Filosof\u00eda y catedr\u00e1tico de la Facultad de Bellas Artes de Cuenca (Espa\u00f1a), dict\u00f3 la conferencia p\u00fablica \u201cCuerpos po\u00e9ticos: voces y lenguas\u201d y el seminario \u201cLa ficci\u00f3n como procedimiento de investigaci\u00f3n\u201d, dirigido este a los docentes de la Escuela de Artes Esc\u00e9nicas.<\/p>\n\n\n\n<p>Previo a la conferencia, que tuvo lugar el viernes 6 de mayo en la Sal\u00f3n Patrimonial del Centro de Producci\u00f3n e Innovaci\u00f3n MZ14 de la UArtes, Bertha D\u00edaz, directora de la Escuela de Artes Esc\u00e9nicas, record\u00f3 que el prop\u00f3sito de nuestra instituci\u00f3n de educaci\u00f3n superior es implementar el ejercicio de investigar en artes y no solo sobre y para las artes. \u201cJos\u00e9 Antonio S\u00e1nchez ha vitalizado esa discusi\u00f3n en el campo de las artes esc\u00e9nicas en el mundo hispanohablante. Es el fundador y director de un grupo muy importante que se llama Artea, Investigaci\u00f3n y Creaci\u00f3n en Artes Esc\u00e9nicas y del Archivo Artea de Artes Vivas y Artes Esc\u00e9nicas, que tiene a disposici\u00f3n m\u00e1s de 500 textos de descargas libre que registra procesos en los que se reconoce la escena como un organismo vivo y pensante\u201d.<\/p>\n\n\n\n<p>D\u00edaz reiter\u00f3 que tanto la conferencia como el seminario constituyen la manera de responder que tiene la Escuela de Artes Esc\u00e9nicas al inter\u00e9s de abocarse a la investigaci\u00f3n. Es una forma de involucrarnos en el ejercitar esta pr\u00e1ctica en artes entre las y los docentes, refiri\u00f3.<\/p>\n\n\n\n<div class=\"wp-block-image\"><figure class=\"aligncenter size-large\"><img fetchpriority=\"high\" decoding=\"async\" width=\"644\" height=\"429\" src=\"http:\/\/www.uartes.edu.ec\/sitio\/wp-content\/uploads\/2022\/05\/JOSE-ANTONIO-SANCHEZ-4-644x429.jpg\" alt=\"\" class=\"wp-image-21386\" srcset=\"https:\/\/www.uartes.edu.ec\/sitio\/wp-content\/uploads\/2022\/05\/JOSE-ANTONIO-SANCHEZ-4-644x429.jpg 644w, https:\/\/www.uartes.edu.ec\/sitio\/wp-content\/uploads\/2022\/05\/JOSE-ANTONIO-SANCHEZ-4-768x512.jpg 768w, https:\/\/www.uartes.edu.ec\/sitio\/wp-content\/uploads\/2022\/05\/JOSE-ANTONIO-SANCHEZ-4.jpg 2000w, https:\/\/www.uartes.edu.ec\/sitio\/wp-content\/uploads\/2022\/05\/JOSE-ANTONIO-SANCHEZ-4-600x400.jpg 600w, https:\/\/www.uartes.edu.ec\/sitio\/wp-content\/uploads\/2022\/05\/JOSE-ANTONIO-SANCHEZ-4-272x182.jpg 272w\" sizes=\"(max-width: 644px) 100vw, 644px\" \/><figcaption>Jos\u00e9 Antonio S\u00e1nchez durante su conferencia en la Sal\u00f3n Patrimonial del MZ14.<\/figcaption><\/figure><\/div>\n\n\n\n<p>A \u201cCuerpos po\u00e9ticos: voces y lenguas\u201d asistieron no solo estudiantes, sino tambi\u00e9n docentes y autoridades. En su disertaci\u00f3n, el doctor S\u00e1nchez indic\u00f3 que la idea de cuerpos po\u00e9ticos refiere a la potencia transformadora de los cuerpos en su proposici\u00f3n de otros modos de relaci\u00f3n y comprensi\u00f3n de la realidad.<\/p>\n\n\n\n<p>Cuerpos po\u00e9ticos son aquellos que se exponen a s\u00ed mismos en su vulnerabilidad para producir leves desplazamientos de lo sensible mediante su pr\u00e1ctica art\u00edstica. Pero tambi\u00e9n lo son quienes colectivamente se re\u00fanen para se\u00f1alar, denunciar y actuar. Los cuerpos po\u00e9ticos sostienen solidariamente el aliento de la vida, en la mera inspiraci\u00f3n, pero tambi\u00e9n por medio de una polifon\u00eda de voces. La voz, siendo un atributo com\u00fan, manifiesta la unicidad de cada cuerpo, as\u00ed como la naturaleza corporal del lenguaje.<\/p>\n\n\n\n<p>Para S\u00e1nchez, la celebraci\u00f3n del multiling\u00fcismo coexiste con la multiplicidad de voces, incluso aquellas no o\u00eddas, pero percibidas o descifradas, y que a\u00f1aden nuevos retos a la tarea imposible de la traducci\u00f3n. Esta reflexi\u00f3n tiene su origen en una colaboraci\u00f3n con la artista espa\u00f1ola Cuqui Jerez, as\u00ed como en la experiencia de puesta en voz de <em>Palabras ajenas,<\/em> de Le\u00f3n Ferrari. Un resultado de ese proyecto fue una serie de laboratorios titulados \u201cTorre de Babel\u201d, trabajados con la idea de un coro de cuerpo po\u00e9ticos y pol\u00edticos.<\/p>\n\n\n\n<div class=\"wp-block-image\"><figure class=\"aligncenter size-large\"><img decoding=\"async\" width=\"644\" height=\"483\" src=\"http:\/\/www.uartes.edu.ec\/sitio\/wp-content\/uploads\/2022\/05\/seminario-644x483.jpeg\" alt=\"\" class=\"wp-image-21387\" srcset=\"https:\/\/www.uartes.edu.ec\/sitio\/wp-content\/uploads\/2022\/05\/seminario-644x483.jpeg 644w, https:\/\/www.uartes.edu.ec\/sitio\/wp-content\/uploads\/2022\/05\/seminario-768x576.jpeg 768w, https:\/\/www.uartes.edu.ec\/sitio\/wp-content\/uploads\/2022\/05\/seminario.jpeg 1032w, https:\/\/www.uartes.edu.ec\/sitio\/wp-content\/uploads\/2022\/05\/seminario-400x300.jpeg 400w, https:\/\/www.uartes.edu.ec\/sitio\/wp-content\/uploads\/2022\/05\/seminario-600x450.jpeg 600w\" sizes=\"(max-width: 644px) 100vw, 644px\" \/><figcaption>Docentes de la Escuela de Artes Esc\u00e9nicas en el seminario con Jos\u00e9 Antonio S\u00e1nchez.<\/figcaption><\/figure><\/div>\n\n\n\n<p>En el texto de la exposici\u00f3n de Jos\u00e9 Antonio S\u00e1nchez se pueden leer nombres de artistas, poetas y pensadoras, como Heiner Goebbels, Italo Calvino, Adriana Cavarero, Hannah Arendt, Suely Rolnik, Pier Paolo Pasolini, Jean Luc Nancy, Carol Gilligan, Itziar Okariz, Anne Carson y \u00c9douard Glissant. Constan entre sus libros: <em>Brecht y el expresionismo<\/em> (1992), <em>Dramaturgias de la imagen<\/em> (1994 y 1999), <em>La escena moderna<\/em> (1999), <em>Cuerpos sobre blanco<\/em> (2003), <em>Pr\u00e1cticas de lo real<\/em> (2007, 2012 y 2014-versi\u00f3n inglesa) y <em>\u00c9tica y representaci\u00f3n<\/em> (2016 \/ <em>Cuerpos ajenos,<\/em> 2017 \/ <em>The Bodies of Others,<\/em> 2022).<\/p>\n\n\n\n<p>De sus recientes actividades destacan la direcci\u00f3n de la versi\u00f3n esc\u00e9nica de <em>Palabras ajenas,<\/em> del artista argentino Le\u00f3n Ferrari, en colaboraci\u00f3n con Ruth Est\u00e9vez y Juan Ernesto D\u00edaz (Los \u00c1ngeles y Miami, 2017\/Madrid, M\u00e9xico y Bogot\u00e1, 2018), y la edici\u00f3n (junto con Esther Belvis) de un n\u00famero monogr\u00e1fico de la revista <em>Performance Research: \u201cOn Disappearance\u201d<\/em> (2019).<\/p>\n\n\n\n<p>En el desarrollo del seminario \u201cLa ficci\u00f3n como procedimiento de investigaci\u00f3n\u201d, que se organiz\u00f3 con el objetivo de compartir metodolog\u00edas de investigaci\u00f3n con los docentes UArtes en el \u00e1mbito de las artes esc\u00e9nicas, S\u00e1nchez contempl\u00f3 una serie de encuentros de debate, a partir de la lectura de determinados textos y de los propios materiales de investigaci\u00f3n propuestos por los participantes.<\/p>\n\n\n\n<p>En foto principal, presentaci\u00f3n de Jos\u00e9 Antonio S\u00e1nchez a cargo de Bertha D\u00edaz, directora de la Escuela de Artes Esc\u00e9nicas.<\/p>\n\n\n\n<p>M\u00e1s informaci\u00f3n sobre el conferencista y catedr\u00e1tico en:&nbsp; <a href=\"http:\/\/blog.uclm.es\/joseasanchez\/\">http:\/\/blog.uclm.es\/joseasanchez\/<\/a><\/p>","protected":false},"excerpt":{"rendered":"<p>Doctor en Filosof\u00eda, catedr\u00e1tico de la Facultad de Bellas Artes de Cuenca (Espa\u00f1a) y fundador de Artea, Investigaci\u00f3n y Creaci\u00f3n en Artes Esc\u00e9nicas, Jos\u00e9 Antonio S\u00e1nchez dict\u00f3 la conferencia p\u00fablica \u201cCuerpos po\u00e9ticos: voces y lenguas\u201d y el seminario \u201cLa ficci\u00f3n como procedimiento de investigaci\u00f3n\u201d a docentes de la EAE. Su visita es una respuesta a la necesidad de pensar en la investigaci\u00f3n en artes.<\/p>","protected":false},"author":10,"featured_media":21385,"comment_status":"open","ping_status":"open","sticky":false,"template":"","format":"standard","meta":{"_acf_changed":false,"_uag_custom_page_level_css":"","_monsterinsights_skip_tracking":false,"_monsterinsights_sitenote_active":false,"_monsterinsights_sitenote_note":"","_monsterinsights_sitenote_category":0,"cybocfi_hide_featured_image":"","footnotes":""},"categories":[80,159,75,76,284],"tags":[58],"infouartes":[],"class_list":["post-21384","post","type-post","status-publish","format-standard","has-post-thumbnail","hentry","category-academico","category-artes-escenicas","category-docentes","category-estudiantes","category-investigacion","tag-investigacion"],"acf":[],"yoast_head":"<!-- This site is optimized with the Yoast SEO plugin v27.4 - https:\/\/yoast.com\/product\/yoast-seo-wordpress\/ -->\n<title>Universidad de las Artes - Investigaci\u00f3n en artes, tema que Jos\u00e9 Antonio S\u00e1nchez abord\u00f3 en seminario con docentes de EAE y en conferencia<\/title>\n<meta name=\"description\" content=\"Universidad de las Artes - Investigaci\u00f3n en artes, tema que Jos\u00e9 Antonio S\u00e1nchez abord\u00f3 en seminario con docentes de EAE y en conferencia\" \/>\n<meta name=\"robots\" content=\"index, follow, max-snippet:-1, max-image-preview:large, max-video-preview:-1\" \/>\n<link rel=\"canonical\" href=\"https:\/\/www.uartes.edu.ec\/sitio\/en\/blog\/2022\/05\/09\/invitado-por-la-eae-jose-antonio-sanchez-ahondo-sobrela-investigacion-en-artes-dicto-seminario-y-conferencia\/\" \/>\n<meta property=\"og:locale\" content=\"en_US\" \/>\n<meta property=\"og:type\" content=\"article\" \/>\n<meta property=\"og:title\" content=\"Universidad de las Artes - Investigaci\u00f3n en artes, tema que Jos\u00e9 Antonio S\u00e1nchez abord\u00f3 en seminario con docentes de EAE y en conferencia\" \/>\n<meta property=\"og:description\" content=\"Universidad de las Artes - Investigaci\u00f3n en artes, tema que Jos\u00e9 Antonio S\u00e1nchez abord\u00f3 en seminario con docentes de EAE y en conferencia\" \/>\n<meta property=\"og:url\" content=\"https:\/\/www.uartes.edu.ec\/sitio\/en\/blog\/2022\/05\/09\/invitado-por-la-eae-jose-antonio-sanchez-ahondo-sobrela-investigacion-en-artes-dicto-seminario-y-conferencia\/\" \/>\n<meta property=\"og:site_name\" content=\"Universidad de las Artes\" \/>\n<meta property=\"article:publisher\" content=\"https:\/\/www.facebook.com\/uartesec\" \/>\n<meta property=\"article:published_time\" content=\"2022-05-09T19:56:00+00:00\" \/>\n<meta property=\"article:modified_time\" content=\"2024-07-04T16:23:42+00:00\" \/>\n<meta property=\"og:image\" content=\"https:\/\/www.uartes.edu.ec\/sitio\/wp-content\/uploads\/2022\/05\/JOSE-ANTONIO-SANCHEZ-2.jpg\" \/>\n\t<meta property=\"og:image:width\" content=\"2000\" \/>\n\t<meta property=\"og:image:height\" content=\"1334\" \/>\n\t<meta property=\"og:image:type\" content=\"image\/jpeg\" \/>\n<meta name=\"author\" content=\"ccortez\" \/>\n<meta name=\"twitter:card\" content=\"summary_large_image\" \/>\n<meta name=\"twitter:creator\" content=\"@uartesec\" \/>\n<meta name=\"twitter:site\" content=\"@uartesec\" \/>\n<meta name=\"twitter:label1\" content=\"Written by\" \/>\n\t<meta name=\"twitter:data1\" content=\"ccortez\" \/>\n\t<meta name=\"twitter:label2\" content=\"Est. reading time\" \/>\n\t<meta name=\"twitter:data2\" content=\"4 minutes\" \/>\n<script type=\"application\/ld+json\" class=\"yoast-schema-graph\">{\"@context\":\"https:\\\/\\\/schema.org\",\"@graph\":[{\"@type\":\"Article\",\"@id\":\"https:\\\/\\\/www.uartes.edu.ec\\\/sitio\\\/en\\\/blog\\\/2022\\\/05\\\/09\\\/invitado-por-la-eae-jose-antonio-sanchez-ahondo-sobrela-investigacion-en-artes-dicto-seminario-y-conferencia\\\/#article\",\"isPartOf\":{\"@id\":\"https:\\\/\\\/www.uartes.edu.ec\\\/sitio\\\/en\\\/blog\\\/2022\\\/05\\\/09\\\/invitado-por-la-eae-jose-antonio-sanchez-ahondo-sobrela-investigacion-en-artes-dicto-seminario-y-conferencia\\\/\"},\"author\":{\"name\":\"ccortez\",\"@id\":\"https:\\\/\\\/www.uartes.edu.ec\\\/sitio\\\/en\\\/#\\\/schema\\\/person\\\/efa1b8275797664fd7f13a79ccc0b1f4\"},\"headline\":\"Investigaci\u00f3n en artes, tema que Jos\u00e9 Antonio S\u00e1nchez abord\u00f3 en seminario con docentes de EAE y en conferencia\",\"datePublished\":\"2022-05-09T19:56:00+00:00\",\"dateModified\":\"2024-07-04T16:23:42+00:00\",\"mainEntityOfPage\":{\"@id\":\"https:\\\/\\\/www.uartes.edu.ec\\\/sitio\\\/en\\\/blog\\\/2022\\\/05\\\/09\\\/invitado-por-la-eae-jose-antonio-sanchez-ahondo-sobrela-investigacion-en-artes-dicto-seminario-y-conferencia\\\/\"},\"wordCount\":838,\"commentCount\":0,\"publisher\":{\"@id\":\"https:\\\/\\\/www.uartes.edu.ec\\\/sitio\\\/en\\\/#organization\"},\"image\":{\"@id\":\"https:\\\/\\\/www.uartes.edu.ec\\\/sitio\\\/en\\\/blog\\\/2022\\\/05\\\/09\\\/invitado-por-la-eae-jose-antonio-sanchez-ahondo-sobrela-investigacion-en-artes-dicto-seminario-y-conferencia\\\/#primaryimage\"},\"thumbnailUrl\":\"https:\\\/\\\/www.uartes.edu.ec\\\/sitio\\\/wp-content\\\/uploads\\\/2022\\\/05\\\/JOSE-ANTONIO-SANCHEZ-2.jpg\",\"keywords\":[\"investigaci\u00f3n\"],\"articleSection\":[\"Acad\u00e9mico\",\"Artes Esc\u00e9nicas\",\"Docentes\",\"Estudiantes\",\"Investigaci\u00f3n\"],\"inLanguage\":\"en-US\",\"potentialAction\":[{\"@type\":\"CommentAction\",\"name\":\"Comment\",\"target\":[\"https:\\\/\\\/www.uartes.edu.ec\\\/sitio\\\/en\\\/blog\\\/2022\\\/05\\\/09\\\/invitado-por-la-eae-jose-antonio-sanchez-ahondo-sobrela-investigacion-en-artes-dicto-seminario-y-conferencia\\\/#respond\"]}]},{\"@type\":[\"WebPage\",\"ItemPage\"],\"@id\":\"https:\\\/\\\/www.uartes.edu.ec\\\/sitio\\\/en\\\/blog\\\/2022\\\/05\\\/09\\\/invitado-por-la-eae-jose-antonio-sanchez-ahondo-sobrela-investigacion-en-artes-dicto-seminario-y-conferencia\\\/\",\"url\":\"https:\\\/\\\/www.uartes.edu.ec\\\/sitio\\\/en\\\/blog\\\/2022\\\/05\\\/09\\\/invitado-por-la-eae-jose-antonio-sanchez-ahondo-sobrela-investigacion-en-artes-dicto-seminario-y-conferencia\\\/\",\"name\":\"Universidad de las Artes - Investigaci\u00f3n en artes, tema que Jos\u00e9 Antonio S\u00e1nchez abord\u00f3 en seminario con docentes de EAE y en conferencia\",\"isPartOf\":{\"@id\":\"https:\\\/\\\/www.uartes.edu.ec\\\/sitio\\\/en\\\/#website\"},\"primaryImageOfPage\":{\"@id\":\"https:\\\/\\\/www.uartes.edu.ec\\\/sitio\\\/en\\\/blog\\\/2022\\\/05\\\/09\\\/invitado-por-la-eae-jose-antonio-sanchez-ahondo-sobrela-investigacion-en-artes-dicto-seminario-y-conferencia\\\/#primaryimage\"},\"image\":{\"@id\":\"https:\\\/\\\/www.uartes.edu.ec\\\/sitio\\\/en\\\/blog\\\/2022\\\/05\\\/09\\\/invitado-por-la-eae-jose-antonio-sanchez-ahondo-sobrela-investigacion-en-artes-dicto-seminario-y-conferencia\\\/#primaryimage\"},\"thumbnailUrl\":\"https:\\\/\\\/www.uartes.edu.ec\\\/sitio\\\/wp-content\\\/uploads\\\/2022\\\/05\\\/JOSE-ANTONIO-SANCHEZ-2.jpg\",\"datePublished\":\"2022-05-09T19:56:00+00:00\",\"dateModified\":\"2024-07-04T16:23:42+00:00\",\"description\":\"Universidad de las Artes - Investigaci\u00f3n en artes, tema que Jos\u00e9 Antonio S\u00e1nchez abord\u00f3 en seminario con docentes de EAE y en conferencia\",\"breadcrumb\":{\"@id\":\"https:\\\/\\\/www.uartes.edu.ec\\\/sitio\\\/en\\\/blog\\\/2022\\\/05\\\/09\\\/invitado-por-la-eae-jose-antonio-sanchez-ahondo-sobrela-investigacion-en-artes-dicto-seminario-y-conferencia\\\/#breadcrumb\"},\"inLanguage\":\"en-US\",\"potentialAction\":[{\"@type\":\"ReadAction\",\"target\":[\"https:\\\/\\\/www.uartes.edu.ec\\\/sitio\\\/en\\\/blog\\\/2022\\\/05\\\/09\\\/invitado-por-la-eae-jose-antonio-sanchez-ahondo-sobrela-investigacion-en-artes-dicto-seminario-y-conferencia\\\/\"]}]},{\"@type\":\"ImageObject\",\"inLanguage\":\"en-US\",\"@id\":\"https:\\\/\\\/www.uartes.edu.ec\\\/sitio\\\/en\\\/blog\\\/2022\\\/05\\\/09\\\/invitado-por-la-eae-jose-antonio-sanchez-ahondo-sobrela-investigacion-en-artes-dicto-seminario-y-conferencia\\\/#primaryimage\",\"url\":\"https:\\\/\\\/www.uartes.edu.ec\\\/sitio\\\/wp-content\\\/uploads\\\/2022\\\/05\\\/JOSE-ANTONIO-SANCHEZ-2.jpg\",\"contentUrl\":\"https:\\\/\\\/www.uartes.edu.ec\\\/sitio\\\/wp-content\\\/uploads\\\/2022\\\/05\\\/JOSE-ANTONIO-SANCHEZ-2.jpg\",\"width\":2000,\"height\":1334},{\"@type\":\"BreadcrumbList\",\"@id\":\"https:\\\/\\\/www.uartes.edu.ec\\\/sitio\\\/en\\\/blog\\\/2022\\\/05\\\/09\\\/invitado-por-la-eae-jose-antonio-sanchez-ahondo-sobrela-investigacion-en-artes-dicto-seminario-y-conferencia\\\/#breadcrumb\",\"itemListElement\":[{\"@type\":\"ListItem\",\"position\":1,\"name\":\"Inicio\",\"item\":\"https:\\\/\\\/www.uartes.edu.ec\\\/sitio\\\/\"},{\"@type\":\"ListItem\",\"position\":2,\"name\":\"Investigaci\u00f3n en artes, tema que Jos\u00e9 Antonio S\u00e1nchez abord\u00f3 en seminario con docentes de EAE y en conferencia\"}]},{\"@type\":\"WebSite\",\"@id\":\"https:\\\/\\\/www.uartes.edu.ec\\\/sitio\\\/en\\\/#website\",\"url\":\"https:\\\/\\\/www.uartes.edu.ec\\\/sitio\\\/en\\\/\",\"name\":\"Universidad de las Artes\",\"description\":\"Sitio oficial de la Universidad Nacional de las Artes del Ecuador\",\"publisher\":{\"@id\":\"https:\\\/\\\/www.uartes.edu.ec\\\/sitio\\\/en\\\/#organization\"},\"potentialAction\":[{\"@type\":\"SearchAction\",\"target\":{\"@type\":\"EntryPoint\",\"urlTemplate\":\"https:\\\/\\\/www.uartes.edu.ec\\\/sitio\\\/en\\\/?s={search_term_string}\"},\"query-input\":{\"@type\":\"PropertyValueSpecification\",\"valueRequired\":true,\"valueName\":\"search_term_string\"}}],\"inLanguage\":\"en-US\"},{\"@type\":\"Organization\",\"@id\":\"https:\\\/\\\/www.uartes.edu.ec\\\/sitio\\\/en\\\/#organization\",\"name\":\"Universidad de las Artes\",\"url\":\"https:\\\/\\\/www.uartes.edu.ec\\\/sitio\\\/en\\\/\",\"logo\":{\"@type\":\"ImageObject\",\"inLanguage\":\"en-US\",\"@id\":\"https:\\\/\\\/www.uartes.edu.ec\\\/sitio\\\/en\\\/#\\\/schema\\\/logo\\\/image\\\/\",\"url\":\"https:\\\/\\\/www.uartes.edu.ec\\\/sitio\\\/wp-content\\\/uploads\\\/2022\\\/07\\\/logo-ua-horizontal.png\",\"contentUrl\":\"https:\\\/\\\/www.uartes.edu.ec\\\/sitio\\\/wp-content\\\/uploads\\\/2022\\\/07\\\/logo-ua-horizontal.png\",\"width\":800,\"height\":276,\"caption\":\"Universidad de las Artes\"},\"image\":{\"@id\":\"https:\\\/\\\/www.uartes.edu.ec\\\/sitio\\\/en\\\/#\\\/schema\\\/logo\\\/image\\\/\"},\"sameAs\":[\"https:\\\/\\\/www.facebook.com\\\/uartesec\",\"https:\\\/\\\/x.com\\\/uartesec\",\"https:\\\/\\\/www.tiktok.com\\\/@uartesec\"]},{\"@type\":\"Person\",\"@id\":\"https:\\\/\\\/www.uartes.edu.ec\\\/sitio\\\/en\\\/#\\\/schema\\\/person\\\/efa1b8275797664fd7f13a79ccc0b1f4\",\"name\":\"ccortez\",\"image\":{\"@type\":\"ImageObject\",\"inLanguage\":\"en-US\",\"@id\":\"https:\\\/\\\/secure.gravatar.com\\\/avatar\\\/b2a6f664a3ae8e074346ef91775736c5ec479e637ecced6842de9dc98b5da9cd?s=96&d=mm&r=g\",\"url\":\"https:\\\/\\\/secure.gravatar.com\\\/avatar\\\/b2a6f664a3ae8e074346ef91775736c5ec479e637ecced6842de9dc98b5da9cd?s=96&d=mm&r=g\",\"contentUrl\":\"https:\\\/\\\/secure.gravatar.com\\\/avatar\\\/b2a6f664a3ae8e074346ef91775736c5ec479e637ecced6842de9dc98b5da9cd?s=96&d=mm&r=g\",\"caption\":\"ccortez\"},\"url\":\"https:\\\/\\\/www.uartes.edu.ec\\\/sitio\\\/en\\\/blog\\\/author\\\/ccortez\\\/\"}]}<\/script>\n<!-- \/ Yoast SEO plugin. -->","yoast_head_json":{"title":"Universidad de las Artes - Investigaci\u00f3n en artes, tema que Jos\u00e9 Antonio S\u00e1nchez abord\u00f3 en seminario con docentes de EAE y en conferencia","description":"Universidad de las Artes - Investigaci\u00f3n en artes, tema que Jos\u00e9 Antonio S\u00e1nchez abord\u00f3 en seminario con docentes de EAE y en conferencia","robots":{"index":"index","follow":"follow","max-snippet":"max-snippet:-1","max-image-preview":"max-image-preview:large","max-video-preview":"max-video-preview:-1"},"canonical":"https:\/\/www.uartes.edu.ec\/sitio\/en\/blog\/2022\/05\/09\/invitado-por-la-eae-jose-antonio-sanchez-ahondo-sobrela-investigacion-en-artes-dicto-seminario-y-conferencia\/","og_locale":"en_US","og_type":"article","og_title":"Universidad de las Artes - Investigaci\u00f3n en artes, tema que Jos\u00e9 Antonio S\u00e1nchez abord\u00f3 en seminario con docentes de EAE y en conferencia","og_description":"Universidad de las Artes - Investigaci\u00f3n en artes, tema que Jos\u00e9 Antonio S\u00e1nchez abord\u00f3 en seminario con docentes de EAE y en conferencia","og_url":"https:\/\/www.uartes.edu.ec\/sitio\/en\/blog\/2022\/05\/09\/invitado-por-la-eae-jose-antonio-sanchez-ahondo-sobrela-investigacion-en-artes-dicto-seminario-y-conferencia\/","og_site_name":"Universidad de las Artes","article_publisher":"https:\/\/www.facebook.com\/uartesec","article_published_time":"2022-05-09T19:56:00+00:00","article_modified_time":"2024-07-04T16:23:42+00:00","og_image":[{"width":2000,"height":1334,"url":"https:\/\/www.uartes.edu.ec\/sitio\/wp-content\/uploads\/2022\/05\/JOSE-ANTONIO-SANCHEZ-2.jpg","type":"image\/jpeg"}],"author":"ccortez","twitter_card":"summary_large_image","twitter_creator":"@uartesec","twitter_site":"@uartesec","twitter_misc":{"Written by":"ccortez","Est. reading time":"4 minutes"},"schema":{"@context":"https:\/\/schema.org","@graph":[{"@type":"Article","@id":"https:\/\/www.uartes.edu.ec\/sitio\/en\/blog\/2022\/05\/09\/invitado-por-la-eae-jose-antonio-sanchez-ahondo-sobrela-investigacion-en-artes-dicto-seminario-y-conferencia\/#article","isPartOf":{"@id":"https:\/\/www.uartes.edu.ec\/sitio\/en\/blog\/2022\/05\/09\/invitado-por-la-eae-jose-antonio-sanchez-ahondo-sobrela-investigacion-en-artes-dicto-seminario-y-conferencia\/"},"author":{"name":"ccortez","@id":"https:\/\/www.uartes.edu.ec\/sitio\/en\/#\/schema\/person\/efa1b8275797664fd7f13a79ccc0b1f4"},"headline":"Investigaci\u00f3n en artes, tema que Jos\u00e9 Antonio S\u00e1nchez abord\u00f3 en seminario con docentes de EAE y en conferencia","datePublished":"2022-05-09T19:56:00+00:00","dateModified":"2024-07-04T16:23:42+00:00","mainEntityOfPage":{"@id":"https:\/\/www.uartes.edu.ec\/sitio\/en\/blog\/2022\/05\/09\/invitado-por-la-eae-jose-antonio-sanchez-ahondo-sobrela-investigacion-en-artes-dicto-seminario-y-conferencia\/"},"wordCount":838,"commentCount":0,"publisher":{"@id":"https:\/\/www.uartes.edu.ec\/sitio\/en\/#organization"},"image":{"@id":"https:\/\/www.uartes.edu.ec\/sitio\/en\/blog\/2022\/05\/09\/invitado-por-la-eae-jose-antonio-sanchez-ahondo-sobrela-investigacion-en-artes-dicto-seminario-y-conferencia\/#primaryimage"},"thumbnailUrl":"https:\/\/www.uartes.edu.ec\/sitio\/wp-content\/uploads\/2022\/05\/JOSE-ANTONIO-SANCHEZ-2.jpg","keywords":["investigaci\u00f3n"],"articleSection":["Acad\u00e9mico","Artes Esc\u00e9nicas","Docentes","Estudiantes","Investigaci\u00f3n"],"inLanguage":"en-US","potentialAction":[{"@type":"CommentAction","name":"Comment","target":["https:\/\/www.uartes.edu.ec\/sitio\/en\/blog\/2022\/05\/09\/invitado-por-la-eae-jose-antonio-sanchez-ahondo-sobrela-investigacion-en-artes-dicto-seminario-y-conferencia\/#respond"]}]},{"@type":["WebPage","ItemPage"],"@id":"https:\/\/www.uartes.edu.ec\/sitio\/en\/blog\/2022\/05\/09\/invitado-por-la-eae-jose-antonio-sanchez-ahondo-sobrela-investigacion-en-artes-dicto-seminario-y-conferencia\/","url":"https:\/\/www.uartes.edu.ec\/sitio\/en\/blog\/2022\/05\/09\/invitado-por-la-eae-jose-antonio-sanchez-ahondo-sobrela-investigacion-en-artes-dicto-seminario-y-conferencia\/","name":"Universidad de las Artes - Investigaci\u00f3n en artes, tema que Jos\u00e9 Antonio S\u00e1nchez abord\u00f3 en seminario con docentes de EAE y en conferencia","isPartOf":{"@id":"https:\/\/www.uartes.edu.ec\/sitio\/en\/#website"},"primaryImageOfPage":{"@id":"https:\/\/www.uartes.edu.ec\/sitio\/en\/blog\/2022\/05\/09\/invitado-por-la-eae-jose-antonio-sanchez-ahondo-sobrela-investigacion-en-artes-dicto-seminario-y-conferencia\/#primaryimage"},"image":{"@id":"https:\/\/www.uartes.edu.ec\/sitio\/en\/blog\/2022\/05\/09\/invitado-por-la-eae-jose-antonio-sanchez-ahondo-sobrela-investigacion-en-artes-dicto-seminario-y-conferencia\/#primaryimage"},"thumbnailUrl":"https:\/\/www.uartes.edu.ec\/sitio\/wp-content\/uploads\/2022\/05\/JOSE-ANTONIO-SANCHEZ-2.jpg","datePublished":"2022-05-09T19:56:00+00:00","dateModified":"2024-07-04T16:23:42+00:00","description":"Universidad de las Artes - Investigaci\u00f3n en artes, tema que Jos\u00e9 Antonio S\u00e1nchez abord\u00f3 en seminario con docentes de EAE y en conferencia","breadcrumb":{"@id":"https:\/\/www.uartes.edu.ec\/sitio\/en\/blog\/2022\/05\/09\/invitado-por-la-eae-jose-antonio-sanchez-ahondo-sobrela-investigacion-en-artes-dicto-seminario-y-conferencia\/#breadcrumb"},"inLanguage":"en-US","potentialAction":[{"@type":"ReadAction","target":["https:\/\/www.uartes.edu.ec\/sitio\/en\/blog\/2022\/05\/09\/invitado-por-la-eae-jose-antonio-sanchez-ahondo-sobrela-investigacion-en-artes-dicto-seminario-y-conferencia\/"]}]},{"@type":"ImageObject","inLanguage":"en-US","@id":"https:\/\/www.uartes.edu.ec\/sitio\/en\/blog\/2022\/05\/09\/invitado-por-la-eae-jose-antonio-sanchez-ahondo-sobrela-investigacion-en-artes-dicto-seminario-y-conferencia\/#primaryimage","url":"https:\/\/www.uartes.edu.ec\/sitio\/wp-content\/uploads\/2022\/05\/JOSE-ANTONIO-SANCHEZ-2.jpg","contentUrl":"https:\/\/www.uartes.edu.ec\/sitio\/wp-content\/uploads\/2022\/05\/JOSE-ANTONIO-SANCHEZ-2.jpg","width":2000,"height":1334},{"@type":"BreadcrumbList","@id":"https:\/\/www.uartes.edu.ec\/sitio\/en\/blog\/2022\/05\/09\/invitado-por-la-eae-jose-antonio-sanchez-ahondo-sobrela-investigacion-en-artes-dicto-seminario-y-conferencia\/#breadcrumb","itemListElement":[{"@type":"ListItem","position":1,"name":"Inicio","item":"https:\/\/www.uartes.edu.ec\/sitio\/"},{"@type":"ListItem","position":2,"name":"Investigaci\u00f3n en artes, tema que Jos\u00e9 Antonio S\u00e1nchez abord\u00f3 en seminario con docentes de EAE y en conferencia"}]},{"@type":"WebSite","@id":"https:\/\/www.uartes.edu.ec\/sitio\/en\/#website","url":"https:\/\/www.uartes.edu.ec\/sitio\/en\/","name":"Universidad de las Artes","description":"Sitio oficial de la Universidad Nacional de las Artes del Ecuador","publisher":{"@id":"https:\/\/www.uartes.edu.ec\/sitio\/en\/#organization"},"potentialAction":[{"@type":"SearchAction","target":{"@type":"EntryPoint","urlTemplate":"https:\/\/www.uartes.edu.ec\/sitio\/en\/?s={search_term_string}"},"query-input":{"@type":"PropertyValueSpecification","valueRequired":true,"valueName":"search_term_string"}}],"inLanguage":"en-US"},{"@type":"Organization","@id":"https:\/\/www.uartes.edu.ec\/sitio\/en\/#organization","name":"Universidad de las Artes","url":"https:\/\/www.uartes.edu.ec\/sitio\/en\/","logo":{"@type":"ImageObject","inLanguage":"en-US","@id":"https:\/\/www.uartes.edu.ec\/sitio\/en\/#\/schema\/logo\/image\/","url":"https:\/\/www.uartes.edu.ec\/sitio\/wp-content\/uploads\/2022\/07\/logo-ua-horizontal.png","contentUrl":"https:\/\/www.uartes.edu.ec\/sitio\/wp-content\/uploads\/2022\/07\/logo-ua-horizontal.png","width":800,"height":276,"caption":"Universidad de las Artes"},"image":{"@id":"https:\/\/www.uartes.edu.ec\/sitio\/en\/#\/schema\/logo\/image\/"},"sameAs":["https:\/\/www.facebook.com\/uartesec","https:\/\/x.com\/uartesec","https:\/\/www.tiktok.com\/@uartesec"]},{"@type":"Person","@id":"https:\/\/www.uartes.edu.ec\/sitio\/en\/#\/schema\/person\/efa1b8275797664fd7f13a79ccc0b1f4","name":"ccortez","image":{"@type":"ImageObject","inLanguage":"en-US","@id":"https:\/\/secure.gravatar.com\/avatar\/b2a6f664a3ae8e074346ef91775736c5ec479e637ecced6842de9dc98b5da9cd?s=96&d=mm&r=g","url":"https:\/\/secure.gravatar.com\/avatar\/b2a6f664a3ae8e074346ef91775736c5ec479e637ecced6842de9dc98b5da9cd?s=96&d=mm&r=g","contentUrl":"https:\/\/secure.gravatar.com\/avatar\/b2a6f664a3ae8e074346ef91775736c5ec479e637ecced6842de9dc98b5da9cd?s=96&d=mm&r=g","caption":"ccortez"},"url":"https:\/\/www.uartes.edu.ec\/sitio\/en\/blog\/author\/ccortez\/"}]}},"uagb_featured_image_src":{"full":["https:\/\/www.uartes.edu.ec\/sitio\/wp-content\/uploads\/2022\/05\/JOSE-ANTONIO-SANCHEZ-2.jpg",2000,1334,false],"thumbnail":["https:\/\/www.uartes.edu.ec\/sitio\/wp-content\/uploads\/2022\/05\/JOSE-ANTONIO-SANCHEZ-2-150x150.jpg",150,150,true],"medium":["https:\/\/www.uartes.edu.ec\/sitio\/wp-content\/uploads\/2022\/05\/JOSE-ANTONIO-SANCHEZ-2-300x200.jpg",300,200,true],"medium_large":["https:\/\/www.uartes.edu.ec\/sitio\/wp-content\/uploads\/2022\/05\/JOSE-ANTONIO-SANCHEZ-2-768x512.jpg",768,512,true],"large":["https:\/\/www.uartes.edu.ec\/sitio\/wp-content\/uploads\/2022\/05\/JOSE-ANTONIO-SANCHEZ-2-644x430.jpg",644,430,true],"1536x1536":["https:\/\/www.uartes.edu.ec\/sitio\/wp-content\/uploads\/2022\/05\/JOSE-ANTONIO-SANCHEZ-2-1536x1025.jpg",1536,1025,true],"2048x2048":["https:\/\/www.uartes.edu.ec\/sitio\/wp-content\/uploads\/2022\/05\/JOSE-ANTONIO-SANCHEZ-2.jpg",2000,1334,false],"trp-custom-language-flag":["https:\/\/www.uartes.edu.ec\/sitio\/wp-content\/uploads\/2022\/05\/JOSE-ANTONIO-SANCHEZ-2.jpg",18,12,false],"htmega_size_585x295":["https:\/\/www.uartes.edu.ec\/sitio\/wp-content\/uploads\/2022\/05\/JOSE-ANTONIO-SANCHEZ-2.jpg",442,295,false],"htmega_size_1170x536":["https:\/\/www.uartes.edu.ec\/sitio\/wp-content\/uploads\/2022\/05\/JOSE-ANTONIO-SANCHEZ-2.jpg",804,536,false],"htmega_size_396x360":["https:\/\/www.uartes.edu.ec\/sitio\/wp-content\/uploads\/2022\/05\/JOSE-ANTONIO-SANCHEZ-2.jpg",396,264,false],"gb-block-post-grid-landscape":["https:\/\/www.uartes.edu.ec\/sitio\/wp-content\/uploads\/2022\/05\/JOSE-ANTONIO-SANCHEZ-2-600x400.jpg",600,400,true],"gb-block-post-grid-square":["https:\/\/www.uartes.edu.ec\/sitio\/wp-content\/uploads\/2022\/05\/JOSE-ANTONIO-SANCHEZ-2-600x600.jpg",600,600,true],"university-hub-thumb":["https:\/\/www.uartes.edu.ec\/sitio\/wp-content\/uploads\/2022\/05\/JOSE-ANTONIO-SANCHEZ-2-400x267.jpg",400,267,true],"mailpoet_newsletter_max":["https:\/\/www.uartes.edu.ec\/sitio\/wp-content\/uploads\/2022\/05\/JOSE-ANTONIO-SANCHEZ-2.jpg",1320,880,false]},"uagb_author_info":{"display_name":"ccortez","author_link":"https:\/\/www.uartes.edu.ec\/sitio\/en\/blog\/author\/ccortez\/"},"uagb_comment_info":0,"uagb_excerpt":"Doctor en Filosof\u00eda, catedr\u00e1tico de la Facultad de Bellas Artes de Cuenca (Espa\u00f1a) y fundador de Artea, Investigaci\u00f3n y Creaci\u00f3n en Artes Esc\u00e9nicas, Jos\u00e9 Antonio S\u00e1nchez dict\u00f3 la conferencia p\u00fablica \u201cCuerpos po\u00e9ticos: voces y lenguas\u201d y el seminario \u201cLa ficci\u00f3n como procedimiento de investigaci\u00f3n\u201d a docentes de la EAE. Su visita es una respuesta a&hellip;","featured_image_src":"https:\/\/www.uartes.edu.ec\/sitio\/wp-content\/uploads\/2022\/05\/JOSE-ANTONIO-SANCHEZ-2-600x400.jpg","featured_image_src_square":"https:\/\/www.uartes.edu.ec\/sitio\/wp-content\/uploads\/2022\/05\/JOSE-ANTONIO-SANCHEZ-2-600x600.jpg","author_info":{"display_name":"ccortez","author_link":"https:\/\/www.uartes.edu.ec\/sitio\/en\/blog\/author\/ccortez\/"},"publishpress_future_workflow_manual_trigger":{"enabledWorkflows":[]},"distributor_meta":false,"distributor_terms":false,"distributor_media":false,"distributor_original_site_name":"Universidad de las Artes","distributor_original_site_url":"https:\/\/www.uartes.edu.ec\/sitio\/en","push-errors":false,"_links":{"self":[{"href":"https:\/\/www.uartes.edu.ec\/sitio\/en\/wp-json\/wp\/v2\/posts\/21384","targetHints":{"allow":["GET"]}}],"collection":[{"href":"https:\/\/www.uartes.edu.ec\/sitio\/en\/wp-json\/wp\/v2\/posts"}],"about":[{"href":"https:\/\/www.uartes.edu.ec\/sitio\/en\/wp-json\/wp\/v2\/types\/post"}],"author":[{"embeddable":true,"href":"https:\/\/www.uartes.edu.ec\/sitio\/en\/wp-json\/wp\/v2\/users\/10"}],"replies":[{"embeddable":true,"href":"https:\/\/www.uartes.edu.ec\/sitio\/en\/wp-json\/wp\/v2\/comments?post=21384"}],"version-history":[{"count":9,"href":"https:\/\/www.uartes.edu.ec\/sitio\/en\/wp-json\/wp\/v2\/posts\/21384\/revisions"}],"predecessor-version":[{"id":21402,"href":"https:\/\/www.uartes.edu.ec\/sitio\/en\/wp-json\/wp\/v2\/posts\/21384\/revisions\/21402"}],"wp:featuredmedia":[{"embeddable":true,"href":"https:\/\/www.uartes.edu.ec\/sitio\/en\/wp-json\/wp\/v2\/media\/21385"}],"wp:attachment":[{"href":"https:\/\/www.uartes.edu.ec\/sitio\/en\/wp-json\/wp\/v2\/media?parent=21384"}],"wp:term":[{"taxonomy":"category","embeddable":true,"href":"https:\/\/www.uartes.edu.ec\/sitio\/en\/wp-json\/wp\/v2\/categories?post=21384"},{"taxonomy":"post_tag","embeddable":true,"href":"https:\/\/www.uartes.edu.ec\/sitio\/en\/wp-json\/wp\/v2\/tags?post=21384"},{"taxonomy":"infouartes","embeddable":true,"href":"https:\/\/www.uartes.edu.ec\/sitio\/en\/wp-json\/wp\/v2\/infouartes?post=21384"}],"curies":[{"name":"wp","href":"https:\/\/api.w.org\/{rel}","templated":true}]}}