{"id":21415,"date":"2022-05-09T18:30:00","date_gmt":"2022-05-09T23:30:00","guid":{"rendered":"http:\/\/www.uartes.edu.ec\/sitio\/?p=21415"},"modified":"2024-07-04T11:23:42","modified_gmt":"2024-07-04T16:23:42","slug":"a-proposito-de-un-cine-fluvial-dos-nuevas-sesiones-derialecticas-jornadas-cinematograficas-de-guayaquil","status":"publish","type":"post","link":"https:\/\/www.uartes.edu.ec\/sitio\/en\/blog\/2022\/05\/09\/a-proposito-de-un-cine-fluvial-dos-nuevas-sesiones-derialecticas-jornadas-cinematograficas-de-guayaquil\/","title":{"rendered":"A prop\u00f3sito de un cine fluvial, nuevo encuentro con Rial\u00e9cticas, Jornadas Cinematogr\u00e1ficas de Guayaquil"},"content":{"rendered":"<p>Una invitaci\u00f3n para pensar el r\u00edo y la r\u00eda en el cine extiende <a href=\"https:\/\/www.facebook.com\/rialecticas\" target=\"_blank\" rel=\"noreferrer noopener\">Rial\u00e9cticas, Jornadas Cinematogr\u00e1ficas de Guayaquil<\/a> a la comunidad de la Universidad de las Artes y al p\u00fablico en general. Se trata de la proyecci\u00f3n de cortometrajes que, dividida en dos sesiones, forma parte del programa \u201cA prop\u00f3sito de un cine fluvial\u201d.<\/p>\n\n\n\n<p>Las presentaciones tendr\u00e1n lugar este mi\u00e9rcoles 11 de mayo y el viernes 13, ambas a las 17:00, en la Sala de Cine del Centro de Producci\u00f3n e Innovaci\u00f3n MZ14 (9 de Octubre y Panam\u00e1, tercer piso).&nbsp;<\/p>\n\n\n\n<p>\u201cLos cortometrajes exploran los v\u00ednculos del cine con las r\u00edas&#8230; vaguadas profundas y cauces dominados, corrientes salvajes y mareas desatadas, superficies reflejantes y opacas a la vez&#8230; orillas, riveras, todas desbordadas&#8230; R\u00edas que se filtran por los terrenos del celuloide. Que se inunde el cine&#8230;\u201d, se lee en la publicaci\u00f3n que Rial\u00e9cticas, Jornadas Cinematogr\u00e1ficas de Guayaquil hace en su cuenta de Facebook (<a href=\"https:\/\/www.facebook.com\/rialecticas\">https:\/\/www.facebook.com\/rialecticas<\/a>). Son co-creadores de esta propuesta los directores Libertad Gills, docente de la Escuela de Cine de la UArtes, y Mart\u00edn Baus.<\/p>\n\n\n\n<p><em>Rial\u00e9cticas<\/em> es una muestra cinematogr\u00e1fica que, a partir de una inquietud geogr\u00e1fica y comprometida con las pol\u00edticas del habitar, se plantea primordialmente como un di\u00e1logo con el territorio que la acoge: la ciudad de Guayaquil.<\/p>\n\n\n\n<p>La programaci\u00f3n de esta muestra se configura a partir una relaci\u00f3n en dial\u00e9ctica entre el cine y la ciudad, entre pel\u00edcula y pel\u00edcula, entre espectadores y la experiencia cinematogr\u00e1fica, indican sus co-creadores en <a href=\"https:\/\/rialecticas.weebly.com\/\">https:\/\/rialecticas.weebly.com\/<\/a><br><br>Este espacio de encuentro se propone generar reflexi\u00f3n y discusi\u00f3n a partir de un cine, que desde sus diferencias y similitudes esboce una s\u00edntesis que intente hacer sentido en una ciudad como Guayaquil hoy en d\u00eda.<\/p>\n\n\n\n<p>La propuesta de programaci\u00f3n se llevar\u00e1 a cabo de manera intermitente a lo largo del a\u00f1o. Las presentaciones de este mes corresponden a la tercera entrega de las jornadas cinematogr\u00e1ficas. La anterior se realiz\u00f3 en marzo pasado, asimismo con dos sesiones.&nbsp;<\/p>\n\n\n\n<p>Los cortometrajes que se exhibir\u00e1n este mi\u00e9rcoles 11 son: <em>Rheinstrom<\/em>, de\u00a0Peter &amp; Zs\u00f3ka Nestler (Alemania, 1965); <em>Spiegel Van Holland<\/em>, de\u00a0Bert Haanstra (Pa\u00edses Bajos, 1950); <em>La Pesca<\/em>, de\u00a0Diego Lucero (Ecuador, 2018); <em>Commingled Containers<\/em>, de\u00a0Stan Brakhage (Canad\u00e1, 1996); <em>\u00c1gua Forte<\/em>, de\u00a0M\u00f3nica Baptista (Portugal, 2018); <em>Water for Maya<\/em>, de\u00a0Stan Brakhage (Canad\u00e1, 2000); <em>River Rites<\/em>, de\u00a0Ben Russell (EEUU-Suriname, 2011); y, <em>Memoria del r\u00edo Guayas<\/em>, de\u00a0Ecuafilm (Ecuador, 1972).<\/p>\n\n\n\n<p>Y los cortos programados para el 13 de mayo son: En la sesi\u00f3n de este viernes 13, a las 17:00, se proyectar\u00e1n los cortos: <em>El Quilpo Sue\u00f1a Cataratas,<\/em> del director\u00a0Pablo Mazzolo (2012), <em>L\u2019eau de la Seine, <\/em>de\u00a0Teo Hern\u00e1ndez (1982-1983), <em>Royaume, <\/em>de Marc Hurtado (1991), <em>Parc Central: Kyoto,<\/em> de\u00a0Dominique Gonz\u00e1lez-Foerster (1998), <em>Parc Central: Hong Kong, <\/em>de Dominique Gonz\u00e1lez-Foerster (2001-2006), <em>La Fuente de Agua,<\/em> de\u00a0Irma Cabrera (2019) y <em>The Sun Quartet, part 2: San Juan River\/Los Ingr\u00e1vidos<\/em> (2018). <\/p>\n\n\n\n<p>En imagen principal, una presentaci\u00f3n de Rial\u00e9cticas, Jornadas Cinematogr\u00e1ficas de Guayaquil. Cortes\u00eda: Libertad Gills.<\/p>","protected":false},"excerpt":{"rendered":"<p>\u00abPensar el r\u00edo y la r\u00eda en el cine\u00bb es la invitaci\u00f3n que Rial\u00e9cticas, Jornadas Cinematogr\u00e1ficas de Guayaquil hace para este mi\u00e9rcoles 11 y viernes 13 de mayo. Desde la Sala de Cine del Centro de Producci\u00f3n e Innovaci\u00f3n MZ14 de la Universidad de las Artes, se proyectar\u00e1n dos sesiones de cortos del programa \u00abA prop\u00f3sito de un cine fluvial\u00bb, que exploran los v\u00ednculos del cine con las r\u00edas.<\/p>","protected":false},"author":10,"featured_media":21416,"comment_status":"open","ping_status":"open","sticky":false,"template":"","format":"standard","meta":{"_acf_changed":false,"_uag_custom_page_level_css":"","_monsterinsights_skip_tracking":false,"_monsterinsights_sitenote_active":false,"_monsterinsights_sitenote_note":"","_monsterinsights_sitenote_category":0,"cybocfi_hide_featured_image":"","footnotes":""},"categories":[438,490,147,75,76,284],"tags":[544],"infouartes":[],"class_list":["post-21415","post","type-post","status-publish","format-standard","has-post-thumbnail","hentry","category-administrativos","category-alumni","category-cine","category-docentes","category-estudiantes","category-investigacion","tag-jornadas"],"acf":[],"yoast_head":"<!-- This site is optimized with the Yoast SEO plugin v27.4 - https:\/\/yoast.com\/product\/yoast-seo-wordpress\/ -->\n<title>Universidad de las Artes - A prop\u00f3sito de un cine fluvial, nuevo encuentro con Rial\u00e9cticas, Jornadas Cinematogr\u00e1ficas de Guayaquil<\/title>\n<meta name=\"description\" content=\"Universidad de las Artes - A prop\u00f3sito de un cine fluvial, nuevo encuentro con Rial\u00e9cticas, Jornadas Cinematogr\u00e1ficas de Guayaquil\" \/>\n<meta name=\"robots\" content=\"index, follow, max-snippet:-1, max-image-preview:large, max-video-preview:-1\" \/>\n<link rel=\"canonical\" href=\"https:\/\/www.uartes.edu.ec\/sitio\/en\/blog\/2022\/05\/09\/a-proposito-de-un-cine-fluvial-dos-nuevas-sesiones-derialecticas-jornadas-cinematograficas-de-guayaquil\/\" \/>\n<meta property=\"og:locale\" content=\"en_US\" \/>\n<meta property=\"og:type\" content=\"article\" \/>\n<meta property=\"og:title\" content=\"Universidad de las Artes - A prop\u00f3sito de un cine fluvial, nuevo encuentro con Rial\u00e9cticas, Jornadas Cinematogr\u00e1ficas de Guayaquil\" \/>\n<meta property=\"og:description\" content=\"Universidad de las Artes - A prop\u00f3sito de un cine fluvial, nuevo encuentro con Rial\u00e9cticas, Jornadas Cinematogr\u00e1ficas de Guayaquil\" \/>\n<meta property=\"og:url\" content=\"https:\/\/www.uartes.edu.ec\/sitio\/en\/blog\/2022\/05\/09\/a-proposito-de-un-cine-fluvial-dos-nuevas-sesiones-derialecticas-jornadas-cinematograficas-de-guayaquil\/\" \/>\n<meta property=\"og:site_name\" content=\"Universidad de las Artes\" \/>\n<meta property=\"article:publisher\" content=\"https:\/\/www.facebook.com\/uartesec\" \/>\n<meta property=\"article:published_time\" content=\"2022-05-09T23:30:00+00:00\" \/>\n<meta property=\"article:modified_time\" content=\"2024-07-04T16:23:42+00:00\" \/>\n<meta property=\"og:image\" content=\"https:\/\/www.uartes.edu.ec\/sitio\/wp-content\/uploads\/2022\/05\/ria-scaled.jpg\" \/>\n\t<meta property=\"og:image:width\" content=\"2560\" \/>\n\t<meta property=\"og:image:height\" content=\"1920\" \/>\n\t<meta property=\"og:image:type\" content=\"image\/jpeg\" \/>\n<meta name=\"author\" content=\"ccortez\" \/>\n<meta name=\"twitter:card\" content=\"summary_large_image\" \/>\n<meta name=\"twitter:creator\" content=\"@uartesec\" \/>\n<meta name=\"twitter:site\" content=\"@uartesec\" \/>\n<meta name=\"twitter:label1\" content=\"Written by\" \/>\n\t<meta name=\"twitter:data1\" content=\"ccortez\" \/>\n\t<meta name=\"twitter:label2\" content=\"Est. reading time\" \/>\n\t<meta name=\"twitter:data2\" content=\"3 minutes\" \/>\n<script type=\"application\/ld+json\" class=\"yoast-schema-graph\">{\"@context\":\"https:\\\/\\\/schema.org\",\"@graph\":[{\"@type\":\"Article\",\"@id\":\"https:\\\/\\\/www.uartes.edu.ec\\\/sitio\\\/en\\\/blog\\\/2022\\\/05\\\/09\\\/a-proposito-de-un-cine-fluvial-dos-nuevas-sesiones-derialecticas-jornadas-cinematograficas-de-guayaquil\\\/#article\",\"isPartOf\":{\"@id\":\"https:\\\/\\\/www.uartes.edu.ec\\\/sitio\\\/en\\\/blog\\\/2022\\\/05\\\/09\\\/a-proposito-de-un-cine-fluvial-dos-nuevas-sesiones-derialecticas-jornadas-cinematograficas-de-guayaquil\\\/\"},\"author\":{\"name\":\"ccortez\",\"@id\":\"https:\\\/\\\/www.uartes.edu.ec\\\/sitio\\\/en\\\/#\\\/schema\\\/person\\\/efa1b8275797664fd7f13a79ccc0b1f4\"},\"headline\":\"A prop\u00f3sito de un cine fluvial, nuevo encuentro con Rial\u00e9cticas, Jornadas Cinematogr\u00e1ficas de Guayaquil\",\"datePublished\":\"2022-05-09T23:30:00+00:00\",\"dateModified\":\"2024-07-04T16:23:42+00:00\",\"mainEntityOfPage\":{\"@id\":\"https:\\\/\\\/www.uartes.edu.ec\\\/sitio\\\/en\\\/blog\\\/2022\\\/05\\\/09\\\/a-proposito-de-un-cine-fluvial-dos-nuevas-sesiones-derialecticas-jornadas-cinematograficas-de-guayaquil\\\/\"},\"wordCount\":545,\"commentCount\":0,\"publisher\":{\"@id\":\"https:\\\/\\\/www.uartes.edu.ec\\\/sitio\\\/en\\\/#organization\"},\"image\":{\"@id\":\"https:\\\/\\\/www.uartes.edu.ec\\\/sitio\\\/en\\\/blog\\\/2022\\\/05\\\/09\\\/a-proposito-de-un-cine-fluvial-dos-nuevas-sesiones-derialecticas-jornadas-cinematograficas-de-guayaquil\\\/#primaryimage\"},\"thumbnailUrl\":\"https:\\\/\\\/www.uartes.edu.ec\\\/sitio\\\/wp-content\\\/uploads\\\/2022\\\/05\\\/ria-scaled.jpg\",\"keywords\":[\"jornadas\"],\"articleSection\":[\"Administrativos\",\"Alumni\",\"Cine\",\"Docentes\",\"Estudiantes\",\"Investigaci\u00f3n\"],\"inLanguage\":\"en-US\",\"potentialAction\":[{\"@type\":\"CommentAction\",\"name\":\"Comment\",\"target\":[\"https:\\\/\\\/www.uartes.edu.ec\\\/sitio\\\/en\\\/blog\\\/2022\\\/05\\\/09\\\/a-proposito-de-un-cine-fluvial-dos-nuevas-sesiones-derialecticas-jornadas-cinematograficas-de-guayaquil\\\/#respond\"]}]},{\"@type\":[\"WebPage\",\"ItemPage\"],\"@id\":\"https:\\\/\\\/www.uartes.edu.ec\\\/sitio\\\/en\\\/blog\\\/2022\\\/05\\\/09\\\/a-proposito-de-un-cine-fluvial-dos-nuevas-sesiones-derialecticas-jornadas-cinematograficas-de-guayaquil\\\/\",\"url\":\"https:\\\/\\\/www.uartes.edu.ec\\\/sitio\\\/en\\\/blog\\\/2022\\\/05\\\/09\\\/a-proposito-de-un-cine-fluvial-dos-nuevas-sesiones-derialecticas-jornadas-cinematograficas-de-guayaquil\\\/\",\"name\":\"Universidad de las Artes - A prop\u00f3sito de un cine fluvial, nuevo encuentro con Rial\u00e9cticas, Jornadas Cinematogr\u00e1ficas de Guayaquil\",\"isPartOf\":{\"@id\":\"https:\\\/\\\/www.uartes.edu.ec\\\/sitio\\\/en\\\/#website\"},\"primaryImageOfPage\":{\"@id\":\"https:\\\/\\\/www.uartes.edu.ec\\\/sitio\\\/en\\\/blog\\\/2022\\\/05\\\/09\\\/a-proposito-de-un-cine-fluvial-dos-nuevas-sesiones-derialecticas-jornadas-cinematograficas-de-guayaquil\\\/#primaryimage\"},\"image\":{\"@id\":\"https:\\\/\\\/www.uartes.edu.ec\\\/sitio\\\/en\\\/blog\\\/2022\\\/05\\\/09\\\/a-proposito-de-un-cine-fluvial-dos-nuevas-sesiones-derialecticas-jornadas-cinematograficas-de-guayaquil\\\/#primaryimage\"},\"thumbnailUrl\":\"https:\\\/\\\/www.uartes.edu.ec\\\/sitio\\\/wp-content\\\/uploads\\\/2022\\\/05\\\/ria-scaled.jpg\",\"datePublished\":\"2022-05-09T23:30:00+00:00\",\"dateModified\":\"2024-07-04T16:23:42+00:00\",\"description\":\"Universidad de las Artes - A prop\u00f3sito de un cine fluvial, nuevo encuentro con Rial\u00e9cticas, Jornadas Cinematogr\u00e1ficas de Guayaquil\",\"breadcrumb\":{\"@id\":\"https:\\\/\\\/www.uartes.edu.ec\\\/sitio\\\/en\\\/blog\\\/2022\\\/05\\\/09\\\/a-proposito-de-un-cine-fluvial-dos-nuevas-sesiones-derialecticas-jornadas-cinematograficas-de-guayaquil\\\/#breadcrumb\"},\"inLanguage\":\"en-US\",\"potentialAction\":[{\"@type\":\"ReadAction\",\"target\":[\"https:\\\/\\\/www.uartes.edu.ec\\\/sitio\\\/en\\\/blog\\\/2022\\\/05\\\/09\\\/a-proposito-de-un-cine-fluvial-dos-nuevas-sesiones-derialecticas-jornadas-cinematograficas-de-guayaquil\\\/\"]}]},{\"@type\":\"ImageObject\",\"inLanguage\":\"en-US\",\"@id\":\"https:\\\/\\\/www.uartes.edu.ec\\\/sitio\\\/en\\\/blog\\\/2022\\\/05\\\/09\\\/a-proposito-de-un-cine-fluvial-dos-nuevas-sesiones-derialecticas-jornadas-cinematograficas-de-guayaquil\\\/#primaryimage\",\"url\":\"https:\\\/\\\/www.uartes.edu.ec\\\/sitio\\\/wp-content\\\/uploads\\\/2022\\\/05\\\/ria-scaled.jpg\",\"contentUrl\":\"https:\\\/\\\/www.uartes.edu.ec\\\/sitio\\\/wp-content\\\/uploads\\\/2022\\\/05\\\/ria-scaled.jpg\",\"width\":2560,\"height\":1920},{\"@type\":\"BreadcrumbList\",\"@id\":\"https:\\\/\\\/www.uartes.edu.ec\\\/sitio\\\/en\\\/blog\\\/2022\\\/05\\\/09\\\/a-proposito-de-un-cine-fluvial-dos-nuevas-sesiones-derialecticas-jornadas-cinematograficas-de-guayaquil\\\/#breadcrumb\",\"itemListElement\":[{\"@type\":\"ListItem\",\"position\":1,\"name\":\"Inicio\",\"item\":\"https:\\\/\\\/www.uartes.edu.ec\\\/sitio\\\/\"},{\"@type\":\"ListItem\",\"position\":2,\"name\":\"A prop\u00f3sito de un cine fluvial, nuevo encuentro con Rial\u00e9cticas, Jornadas Cinematogr\u00e1ficas de Guayaquil\"}]},{\"@type\":\"WebSite\",\"@id\":\"https:\\\/\\\/www.uartes.edu.ec\\\/sitio\\\/en\\\/#website\",\"url\":\"https:\\\/\\\/www.uartes.edu.ec\\\/sitio\\\/en\\\/\",\"name\":\"Universidad de las Artes\",\"description\":\"Sitio oficial de la Universidad Nacional de las Artes del Ecuador\",\"publisher\":{\"@id\":\"https:\\\/\\\/www.uartes.edu.ec\\\/sitio\\\/en\\\/#organization\"},\"potentialAction\":[{\"@type\":\"SearchAction\",\"target\":{\"@type\":\"EntryPoint\",\"urlTemplate\":\"https:\\\/\\\/www.uartes.edu.ec\\\/sitio\\\/en\\\/?s={search_term_string}\"},\"query-input\":{\"@type\":\"PropertyValueSpecification\",\"valueRequired\":true,\"valueName\":\"search_term_string\"}}],\"inLanguage\":\"en-US\"},{\"@type\":\"Organization\",\"@id\":\"https:\\\/\\\/www.uartes.edu.ec\\\/sitio\\\/en\\\/#organization\",\"name\":\"Universidad de las Artes\",\"url\":\"https:\\\/\\\/www.uartes.edu.ec\\\/sitio\\\/en\\\/\",\"logo\":{\"@type\":\"ImageObject\",\"inLanguage\":\"en-US\",\"@id\":\"https:\\\/\\\/www.uartes.edu.ec\\\/sitio\\\/en\\\/#\\\/schema\\\/logo\\\/image\\\/\",\"url\":\"https:\\\/\\\/www.uartes.edu.ec\\\/sitio\\\/wp-content\\\/uploads\\\/2022\\\/07\\\/logo-ua-horizontal.png\",\"contentUrl\":\"https:\\\/\\\/www.uartes.edu.ec\\\/sitio\\\/wp-content\\\/uploads\\\/2022\\\/07\\\/logo-ua-horizontal.png\",\"width\":800,\"height\":276,\"caption\":\"Universidad de las Artes\"},\"image\":{\"@id\":\"https:\\\/\\\/www.uartes.edu.ec\\\/sitio\\\/en\\\/#\\\/schema\\\/logo\\\/image\\\/\"},\"sameAs\":[\"https:\\\/\\\/www.facebook.com\\\/uartesec\",\"https:\\\/\\\/x.com\\\/uartesec\",\"https:\\\/\\\/www.tiktok.com\\\/@uartesec\"]},{\"@type\":\"Person\",\"@id\":\"https:\\\/\\\/www.uartes.edu.ec\\\/sitio\\\/en\\\/#\\\/schema\\\/person\\\/efa1b8275797664fd7f13a79ccc0b1f4\",\"name\":\"ccortez\",\"image\":{\"@type\":\"ImageObject\",\"inLanguage\":\"en-US\",\"@id\":\"https:\\\/\\\/secure.gravatar.com\\\/avatar\\\/b2a6f664a3ae8e074346ef91775736c5ec479e637ecced6842de9dc98b5da9cd?s=96&d=mm&r=g\",\"url\":\"https:\\\/\\\/secure.gravatar.com\\\/avatar\\\/b2a6f664a3ae8e074346ef91775736c5ec479e637ecced6842de9dc98b5da9cd?s=96&d=mm&r=g\",\"contentUrl\":\"https:\\\/\\\/secure.gravatar.com\\\/avatar\\\/b2a6f664a3ae8e074346ef91775736c5ec479e637ecced6842de9dc98b5da9cd?s=96&d=mm&r=g\",\"caption\":\"ccortez\"},\"url\":\"https:\\\/\\\/www.uartes.edu.ec\\\/sitio\\\/en\\\/blog\\\/author\\\/ccortez\\\/\"}]}<\/script>\n<!-- \/ Yoast SEO plugin. -->","yoast_head_json":{"title":"Universidad de las Artes - A prop\u00f3sito de un cine fluvial, nuevo encuentro con Rial\u00e9cticas, Jornadas Cinematogr\u00e1ficas de Guayaquil","description":"Universidad de las Artes - A prop\u00f3sito de un cine fluvial, nuevo encuentro con Rial\u00e9cticas, Jornadas Cinematogr\u00e1ficas de Guayaquil","robots":{"index":"index","follow":"follow","max-snippet":"max-snippet:-1","max-image-preview":"max-image-preview:large","max-video-preview":"max-video-preview:-1"},"canonical":"https:\/\/www.uartes.edu.ec\/sitio\/en\/blog\/2022\/05\/09\/a-proposito-de-un-cine-fluvial-dos-nuevas-sesiones-derialecticas-jornadas-cinematograficas-de-guayaquil\/","og_locale":"en_US","og_type":"article","og_title":"Universidad de las Artes - A prop\u00f3sito de un cine fluvial, nuevo encuentro con Rial\u00e9cticas, Jornadas Cinematogr\u00e1ficas de Guayaquil","og_description":"Universidad de las Artes - A prop\u00f3sito de un cine fluvial, nuevo encuentro con Rial\u00e9cticas, Jornadas Cinematogr\u00e1ficas de Guayaquil","og_url":"https:\/\/www.uartes.edu.ec\/sitio\/en\/blog\/2022\/05\/09\/a-proposito-de-un-cine-fluvial-dos-nuevas-sesiones-derialecticas-jornadas-cinematograficas-de-guayaquil\/","og_site_name":"Universidad de las Artes","article_publisher":"https:\/\/www.facebook.com\/uartesec","article_published_time":"2022-05-09T23:30:00+00:00","article_modified_time":"2024-07-04T16:23:42+00:00","og_image":[{"width":2560,"height":1920,"url":"https:\/\/www.uartes.edu.ec\/sitio\/wp-content\/uploads\/2022\/05\/ria-scaled.jpg","type":"image\/jpeg"}],"author":"ccortez","twitter_card":"summary_large_image","twitter_creator":"@uartesec","twitter_site":"@uartesec","twitter_misc":{"Written by":"ccortez","Est. reading time":"3 minutes"},"schema":{"@context":"https:\/\/schema.org","@graph":[{"@type":"Article","@id":"https:\/\/www.uartes.edu.ec\/sitio\/en\/blog\/2022\/05\/09\/a-proposito-de-un-cine-fluvial-dos-nuevas-sesiones-derialecticas-jornadas-cinematograficas-de-guayaquil\/#article","isPartOf":{"@id":"https:\/\/www.uartes.edu.ec\/sitio\/en\/blog\/2022\/05\/09\/a-proposito-de-un-cine-fluvial-dos-nuevas-sesiones-derialecticas-jornadas-cinematograficas-de-guayaquil\/"},"author":{"name":"ccortez","@id":"https:\/\/www.uartes.edu.ec\/sitio\/en\/#\/schema\/person\/efa1b8275797664fd7f13a79ccc0b1f4"},"headline":"A prop\u00f3sito de un cine fluvial, nuevo encuentro con Rial\u00e9cticas, Jornadas Cinematogr\u00e1ficas de Guayaquil","datePublished":"2022-05-09T23:30:00+00:00","dateModified":"2024-07-04T16:23:42+00:00","mainEntityOfPage":{"@id":"https:\/\/www.uartes.edu.ec\/sitio\/en\/blog\/2022\/05\/09\/a-proposito-de-un-cine-fluvial-dos-nuevas-sesiones-derialecticas-jornadas-cinematograficas-de-guayaquil\/"},"wordCount":545,"commentCount":0,"publisher":{"@id":"https:\/\/www.uartes.edu.ec\/sitio\/en\/#organization"},"image":{"@id":"https:\/\/www.uartes.edu.ec\/sitio\/en\/blog\/2022\/05\/09\/a-proposito-de-un-cine-fluvial-dos-nuevas-sesiones-derialecticas-jornadas-cinematograficas-de-guayaquil\/#primaryimage"},"thumbnailUrl":"https:\/\/www.uartes.edu.ec\/sitio\/wp-content\/uploads\/2022\/05\/ria-scaled.jpg","keywords":["jornadas"],"articleSection":["Administrativos","Alumni","Cine","Docentes","Estudiantes","Investigaci\u00f3n"],"inLanguage":"en-US","potentialAction":[{"@type":"CommentAction","name":"Comment","target":["https:\/\/www.uartes.edu.ec\/sitio\/en\/blog\/2022\/05\/09\/a-proposito-de-un-cine-fluvial-dos-nuevas-sesiones-derialecticas-jornadas-cinematograficas-de-guayaquil\/#respond"]}]},{"@type":["WebPage","ItemPage"],"@id":"https:\/\/www.uartes.edu.ec\/sitio\/en\/blog\/2022\/05\/09\/a-proposito-de-un-cine-fluvial-dos-nuevas-sesiones-derialecticas-jornadas-cinematograficas-de-guayaquil\/","url":"https:\/\/www.uartes.edu.ec\/sitio\/en\/blog\/2022\/05\/09\/a-proposito-de-un-cine-fluvial-dos-nuevas-sesiones-derialecticas-jornadas-cinematograficas-de-guayaquil\/","name":"Universidad de las Artes - A prop\u00f3sito de un cine fluvial, nuevo encuentro con Rial\u00e9cticas, Jornadas Cinematogr\u00e1ficas de Guayaquil","isPartOf":{"@id":"https:\/\/www.uartes.edu.ec\/sitio\/en\/#website"},"primaryImageOfPage":{"@id":"https:\/\/www.uartes.edu.ec\/sitio\/en\/blog\/2022\/05\/09\/a-proposito-de-un-cine-fluvial-dos-nuevas-sesiones-derialecticas-jornadas-cinematograficas-de-guayaquil\/#primaryimage"},"image":{"@id":"https:\/\/www.uartes.edu.ec\/sitio\/en\/blog\/2022\/05\/09\/a-proposito-de-un-cine-fluvial-dos-nuevas-sesiones-derialecticas-jornadas-cinematograficas-de-guayaquil\/#primaryimage"},"thumbnailUrl":"https:\/\/www.uartes.edu.ec\/sitio\/wp-content\/uploads\/2022\/05\/ria-scaled.jpg","datePublished":"2022-05-09T23:30:00+00:00","dateModified":"2024-07-04T16:23:42+00:00","description":"Universidad de las Artes - A prop\u00f3sito de un cine fluvial, nuevo encuentro con Rial\u00e9cticas, Jornadas Cinematogr\u00e1ficas de Guayaquil","breadcrumb":{"@id":"https:\/\/www.uartes.edu.ec\/sitio\/en\/blog\/2022\/05\/09\/a-proposito-de-un-cine-fluvial-dos-nuevas-sesiones-derialecticas-jornadas-cinematograficas-de-guayaquil\/#breadcrumb"},"inLanguage":"en-US","potentialAction":[{"@type":"ReadAction","target":["https:\/\/www.uartes.edu.ec\/sitio\/en\/blog\/2022\/05\/09\/a-proposito-de-un-cine-fluvial-dos-nuevas-sesiones-derialecticas-jornadas-cinematograficas-de-guayaquil\/"]}]},{"@type":"ImageObject","inLanguage":"en-US","@id":"https:\/\/www.uartes.edu.ec\/sitio\/en\/blog\/2022\/05\/09\/a-proposito-de-un-cine-fluvial-dos-nuevas-sesiones-derialecticas-jornadas-cinematograficas-de-guayaquil\/#primaryimage","url":"https:\/\/www.uartes.edu.ec\/sitio\/wp-content\/uploads\/2022\/05\/ria-scaled.jpg","contentUrl":"https:\/\/www.uartes.edu.ec\/sitio\/wp-content\/uploads\/2022\/05\/ria-scaled.jpg","width":2560,"height":1920},{"@type":"BreadcrumbList","@id":"https:\/\/www.uartes.edu.ec\/sitio\/en\/blog\/2022\/05\/09\/a-proposito-de-un-cine-fluvial-dos-nuevas-sesiones-derialecticas-jornadas-cinematograficas-de-guayaquil\/#breadcrumb","itemListElement":[{"@type":"ListItem","position":1,"name":"Inicio","item":"https:\/\/www.uartes.edu.ec\/sitio\/"},{"@type":"ListItem","position":2,"name":"A prop\u00f3sito de un cine fluvial, nuevo encuentro con Rial\u00e9cticas, Jornadas Cinematogr\u00e1ficas de Guayaquil"}]},{"@type":"WebSite","@id":"https:\/\/www.uartes.edu.ec\/sitio\/en\/#website","url":"https:\/\/www.uartes.edu.ec\/sitio\/en\/","name":"Universidad de las Artes","description":"Sitio oficial de la Universidad Nacional de las Artes del Ecuador","publisher":{"@id":"https:\/\/www.uartes.edu.ec\/sitio\/en\/#organization"},"potentialAction":[{"@type":"SearchAction","target":{"@type":"EntryPoint","urlTemplate":"https:\/\/www.uartes.edu.ec\/sitio\/en\/?s={search_term_string}"},"query-input":{"@type":"PropertyValueSpecification","valueRequired":true,"valueName":"search_term_string"}}],"inLanguage":"en-US"},{"@type":"Organization","@id":"https:\/\/www.uartes.edu.ec\/sitio\/en\/#organization","name":"Universidad de las Artes","url":"https:\/\/www.uartes.edu.ec\/sitio\/en\/","logo":{"@type":"ImageObject","inLanguage":"en-US","@id":"https:\/\/www.uartes.edu.ec\/sitio\/en\/#\/schema\/logo\/image\/","url":"https:\/\/www.uartes.edu.ec\/sitio\/wp-content\/uploads\/2022\/07\/logo-ua-horizontal.png","contentUrl":"https:\/\/www.uartes.edu.ec\/sitio\/wp-content\/uploads\/2022\/07\/logo-ua-horizontal.png","width":800,"height":276,"caption":"Universidad de las Artes"},"image":{"@id":"https:\/\/www.uartes.edu.ec\/sitio\/en\/#\/schema\/logo\/image\/"},"sameAs":["https:\/\/www.facebook.com\/uartesec","https:\/\/x.com\/uartesec","https:\/\/www.tiktok.com\/@uartesec"]},{"@type":"Person","@id":"https:\/\/www.uartes.edu.ec\/sitio\/en\/#\/schema\/person\/efa1b8275797664fd7f13a79ccc0b1f4","name":"ccortez","image":{"@type":"ImageObject","inLanguage":"en-US","@id":"https:\/\/secure.gravatar.com\/avatar\/b2a6f664a3ae8e074346ef91775736c5ec479e637ecced6842de9dc98b5da9cd?s=96&d=mm&r=g","url":"https:\/\/secure.gravatar.com\/avatar\/b2a6f664a3ae8e074346ef91775736c5ec479e637ecced6842de9dc98b5da9cd?s=96&d=mm&r=g","contentUrl":"https:\/\/secure.gravatar.com\/avatar\/b2a6f664a3ae8e074346ef91775736c5ec479e637ecced6842de9dc98b5da9cd?s=96&d=mm&r=g","caption":"ccortez"},"url":"https:\/\/www.uartes.edu.ec\/sitio\/en\/blog\/author\/ccortez\/"}]}},"uagb_featured_image_src":{"full":["https:\/\/www.uartes.edu.ec\/sitio\/wp-content\/uploads\/2022\/05\/ria-scaled.jpg",2560,1920,false],"thumbnail":["https:\/\/www.uartes.edu.ec\/sitio\/wp-content\/uploads\/2022\/05\/ria-150x150.jpg",150,150,true],"medium":["https:\/\/www.uartes.edu.ec\/sitio\/wp-content\/uploads\/2022\/05\/ria-300x225.jpg",300,225,true],"medium_large":["https:\/\/www.uartes.edu.ec\/sitio\/wp-content\/uploads\/2022\/05\/ria-768x576.jpg",768,576,true],"large":["https:\/\/www.uartes.edu.ec\/sitio\/wp-content\/uploads\/2022\/05\/ria-644x483.jpg",644,483,true],"1536x1536":["https:\/\/www.uartes.edu.ec\/sitio\/wp-content\/uploads\/2022\/05\/ria-1536x1152.jpg",1536,1152,true],"2048x2048":["https:\/\/www.uartes.edu.ec\/sitio\/wp-content\/uploads\/2022\/05\/ria-2048x1536.jpg",2048,1536,true],"trp-custom-language-flag":["https:\/\/www.uartes.edu.ec\/sitio\/wp-content\/uploads\/2022\/05\/ria-scaled.jpg",16,12,false],"htmega_size_585x295":["https:\/\/www.uartes.edu.ec\/sitio\/wp-content\/uploads\/2022\/05\/ria-scaled.jpg",393,295,false],"htmega_size_1170x536":["https:\/\/www.uartes.edu.ec\/sitio\/wp-content\/uploads\/2022\/05\/ria-scaled.jpg",715,536,false],"htmega_size_396x360":["https:\/\/www.uartes.edu.ec\/sitio\/wp-content\/uploads\/2022\/05\/ria-scaled.jpg",396,297,false],"gb-block-post-grid-landscape":["https:\/\/www.uartes.edu.ec\/sitio\/wp-content\/uploads\/2022\/05\/ria-600x400.jpg",600,400,true],"gb-block-post-grid-square":["https:\/\/www.uartes.edu.ec\/sitio\/wp-content\/uploads\/2022\/05\/ria-600x600.jpg",600,600,true],"university-hub-thumb":["https:\/\/www.uartes.edu.ec\/sitio\/wp-content\/uploads\/2022\/05\/ria-400x300.jpg",400,300,true],"mailpoet_newsletter_max":["https:\/\/www.uartes.edu.ec\/sitio\/wp-content\/uploads\/2022\/05\/ria-scaled.jpg",1320,990,false]},"uagb_author_info":{"display_name":"ccortez","author_link":"https:\/\/www.uartes.edu.ec\/sitio\/en\/blog\/author\/ccortez\/"},"uagb_comment_info":0,"uagb_excerpt":"\"Pensar el r\u00edo y la r\u00eda en el cine\" es la invitaci\u00f3n que Rial\u00e9cticas, Jornadas Cinematogr\u00e1ficas de Guayaquil hace para este mi\u00e9rcoles 11 y viernes 13 de mayo. Desde la Sala de Cine del Centro de Producci\u00f3n e Innovaci\u00f3n MZ14 de la Universidad de las Artes, se proyectar\u00e1n dos sesiones de cortos del programa \"A&hellip;","featured_image_src":"https:\/\/www.uartes.edu.ec\/sitio\/wp-content\/uploads\/2022\/05\/ria-600x400.jpg","featured_image_src_square":"https:\/\/www.uartes.edu.ec\/sitio\/wp-content\/uploads\/2022\/05\/ria-600x600.jpg","author_info":{"display_name":"ccortez","author_link":"https:\/\/www.uartes.edu.ec\/sitio\/en\/blog\/author\/ccortez\/"},"publishpress_future_workflow_manual_trigger":{"enabledWorkflows":[]},"distributor_meta":false,"distributor_terms":false,"distributor_media":false,"distributor_original_site_name":"Universidad de las Artes","distributor_original_site_url":"https:\/\/www.uartes.edu.ec\/sitio\/en","push-errors":false,"_links":{"self":[{"href":"https:\/\/www.uartes.edu.ec\/sitio\/en\/wp-json\/wp\/v2\/posts\/21415","targetHints":{"allow":["GET"]}}],"collection":[{"href":"https:\/\/www.uartes.edu.ec\/sitio\/en\/wp-json\/wp\/v2\/posts"}],"about":[{"href":"https:\/\/www.uartes.edu.ec\/sitio\/en\/wp-json\/wp\/v2\/types\/post"}],"author":[{"embeddable":true,"href":"https:\/\/www.uartes.edu.ec\/sitio\/en\/wp-json\/wp\/v2\/users\/10"}],"replies":[{"embeddable":true,"href":"https:\/\/www.uartes.edu.ec\/sitio\/en\/wp-json\/wp\/v2\/comments?post=21415"}],"version-history":[{"count":10,"href":"https:\/\/www.uartes.edu.ec\/sitio\/en\/wp-json\/wp\/v2\/posts\/21415\/revisions"}],"predecessor-version":[{"id":21524,"href":"https:\/\/www.uartes.edu.ec\/sitio\/en\/wp-json\/wp\/v2\/posts\/21415\/revisions\/21524"}],"wp:featuredmedia":[{"embeddable":true,"href":"https:\/\/www.uartes.edu.ec\/sitio\/en\/wp-json\/wp\/v2\/media\/21416"}],"wp:attachment":[{"href":"https:\/\/www.uartes.edu.ec\/sitio\/en\/wp-json\/wp\/v2\/media?parent=21415"}],"wp:term":[{"taxonomy":"category","embeddable":true,"href":"https:\/\/www.uartes.edu.ec\/sitio\/en\/wp-json\/wp\/v2\/categories?post=21415"},{"taxonomy":"post_tag","embeddable":true,"href":"https:\/\/www.uartes.edu.ec\/sitio\/en\/wp-json\/wp\/v2\/tags?post=21415"},{"taxonomy":"infouartes","embeddable":true,"href":"https:\/\/www.uartes.edu.ec\/sitio\/en\/wp-json\/wp\/v2\/infouartes?post=21415"}],"curies":[{"name":"wp","href":"https:\/\/api.w.org\/{rel}","templated":true}]}}