{"id":21504,"date":"2022-05-11T11:04:00","date_gmt":"2022-05-11T16:04:00","guid":{"rendered":"http:\/\/www.uartes.edu.ec\/sitio\/?p=21504"},"modified":"2024-07-04T11:23:40","modified_gmt":"2024-07-04T16:23:40","slug":"proyectarte-y-su-propuesta-de-difundir-eltrabajo-profesional-de-los-graduados-uartes","status":"publish","type":"post","link":"https:\/\/www.uartes.edu.ec\/sitio\/en\/blog\/2022\/05\/11\/proyectarte-y-su-propuesta-de-difundir-eltrabajo-profesional-de-los-graduados-uartes\/","title":{"rendered":"\u201cProyectArte\u201d busca difundir el trabajo profesional de los graduados UArtes"},"content":{"rendered":"<p>Con la proyecci\u00f3n de los cortometrajes <em>Sombras envolventes,<\/em> <em>J\u00e9ssica, Arutam, Rosita <\/em>and <em>A medio camino,<\/em> dirigidos por los alumni Michael Lojano, Rafael M\u00e9ndez, Jonnathan Carchi, Ileana Matamoros y Nantu Mantilla, respectivamente, la Universidad de las Artes inaugur\u00f3 este mi\u00e9rcoles 10 de mayo \u201cProyectArte\u201d, una propuesta art\u00edstica audiovisual concebida para difundir el trabajo profesional de sus graduados.<\/p>\n\n\n\n<p>La presentaci\u00f3n de los cortos se desarroll\u00f3 de manera simult\u00e1nea en las salas de cine de los N\u00facleos del Guayas y Manab\u00ed de la Casa de la Cultura Ecuatoriana, donde se volver\u00e1n a exhibir el pr\u00f3ximo 25 de mayo, a las 19:30. Tal como sucedi\u00f3 ayer, seguidamente se realizar\u00e1n foros y conversatorios con tres de los directores de los audiovisuales presentados. La moderaci\u00f3n en nuestra ciudad corri\u00f3 a cargo de Federico Koelle Fuentes y en la de Portoviejo, sede de la CCE manabita, su director, Fidel Intriago.<\/p>\n\n\n\n<p>Sobre su concepci\u00f3n y puesta en marcha, desde la Direcci\u00f3n de Asuntos Estudiantiles y Comunidad Universitaria (DAESCU) se informa que el proyecto de circulaci\u00f3n de obra \u201cProyectARTE\u00bb, en este caso en la Categor\u00eda Cine, surgi\u00f3 de la necesidad como instituci\u00f3n de colaborar en la difusi\u00f3n y circulaci\u00f3n de la producci\u00f3n art\u00edstica de los alumni, fomentando la no precarizaci\u00f3n de la profesi\u00f3n en artes.<\/p>\n\n\n\n<p>La UArtes quiere que sus profesionales sean generadores de conocimiento y que sus trabajos, adem\u00e1s de excelencia y calidad art\u00edstica, tengan un contenido cr\u00edtico y de reflexi\u00f3n. Es por esta raz\u00f3n que, a trav\u00e9s de la DAESCU, se propuso \u201cProyectArte\u201d como iniciativa para la circulaci\u00f3n de obras de la comunidad alumni, \u201cas\u00ed como para ir sentando bases para el reconocimiento del trabajo de nuestros graduados en las diferentes ramas del arte y en distintos espacios fuera de la academia\u201d, se detalla en la propuesta.<\/p>\n\n\n\n<h3 class=\"wp-block-heading\" id=\"un-trabajo-colaborativo-entre-academia-artistas-y-espacios\">Un trabajo colaborativo entre academia, artistas y espacios<\/h3>\n\n\n\n<p>Entre los objetivos constan: reconocer y proyectar el trabajo art\u00edstico de los alumni; contribuir en la de generaci\u00f3n de mejoras y trabajo colaborativo entre la academia, el artista, los espacios culturales y la comunidad; y, activar y\/o difundir otros espacios, fuera y dentro de la ciudad.<\/p>\n\n\n\n<p>DAESCU se\u00f1ala, por tanto, que con \u201cProyectArte\u201d se busca no solo la circulaci\u00f3n de obras, sino visibilizar e integrar otros espacios culturales que no son parte de la Universidad de las Artes.<\/p>\n\n\n\n<p>Para el efecto se lanz\u00f3 una convocatoria, dirigida a los alumni de las distintas carreras de la UArtes, denominadas categor\u00edas. Un comit\u00e9 de selecci\u00f3n, integrado por directores de la universidad y de sus escuelas y un invitado\/a conocedor\/a del sector cultural y art\u00edstico.<\/p>\n\n\n\n<p>Complementaria a la presentaci\u00f3n de obras, los\/las artistas deben cumplir con una actividad de mediaci\u00f3n con el p\u00fablico, como foros, conversatorios y talleres.<\/p>\n\n\n\n<p>Las presentaciones de las obras, iniciadas en este mes, se mantendr\u00e1n hasta mayo del 2023, de acuerdo a una programaci\u00f3n previa.<\/p>\n\n\n\n<p>En la foto principal, y durante el foro, Federico Koelle Fuentes (izq.), moderador; Ileana Matamoros, directora de <em>Rosita;<\/em> Michael Lojano, director de <em>Sombras Envolventes; <\/em>y, Rafael M\u00e9ndez Meneses, director de <em>J\u00e9ssica.<\/em><\/p>","protected":false},"excerpt":{"rendered":"<p>En las salas de cine de los N\u00facleos del Guayas y Manab\u00ed de la Casa de la Cultura Ecuatoriana se presentaron este 10 de mayo los cortometrajes \u00abSombras envolventes\u00bb, \u00abJ\u00e9ssica\u00bb, \u00abArutam\u00bb, \u00abRosita\u00bb y \u00abA medio camino\u00bb, dirigidos por los alumni Michael Lojano, Rafael M\u00e9ndez, Jonnathan Carchi, Ileana Matamoros y Nantu Mantilla. La muestra es parte de \u201cProyectArte\u201d, una propuesta art\u00edstica audiovisual para difundir el trabajo profesional de graduados UArtes.<\/p>","protected":false},"author":10,"featured_media":21505,"comment_status":"open","ping_status":"open","sticky":false,"template":"","format":"standard","meta":{"_acf_changed":false,"_uag_custom_page_level_css":"","_monsterinsights_skip_tracking":false,"_monsterinsights_sitenote_active":false,"_monsterinsights_sitenote_note":"","_monsterinsights_sitenote_category":0,"cybocfi_hide_featured_image":"","footnotes":""},"categories":[490,265,147],"tags":[540],"infouartes":[],"class_list":["post-21504","post","type-post","status-publish","format-standard","has-post-thumbnail","hentry","category-alumni","category-bienestar-universitario","category-cine","tag-proyecto"],"acf":[],"yoast_head":"<!-- This site is optimized with the Yoast SEO plugin v27.4 - https:\/\/yoast.com\/product\/yoast-seo-wordpress\/ -->\n<title>Universidad de las Artes - \u201cProyectArte\u201d busca difundir el trabajo profesional de los graduados UArtes<\/title>\n<meta name=\"description\" content=\"Universidad de las Artes - \u201cProyectArte\u201d busca difundir el trabajo profesional de los graduados UArtes\" \/>\n<meta name=\"robots\" content=\"index, follow, max-snippet:-1, max-image-preview:large, max-video-preview:-1\" \/>\n<link rel=\"canonical\" href=\"https:\/\/www.uartes.edu.ec\/sitio\/en\/blog\/2022\/05\/11\/proyectarte-y-su-propuesta-de-difundir-eltrabajo-profesional-de-los-graduados-uartes\/\" \/>\n<meta property=\"og:locale\" content=\"en_US\" \/>\n<meta property=\"og:type\" content=\"article\" \/>\n<meta property=\"og:title\" content=\"Universidad de las Artes - \u201cProyectArte\u201d busca difundir el trabajo profesional de los graduados UArtes\" \/>\n<meta property=\"og:description\" content=\"Universidad de las Artes - \u201cProyectArte\u201d busca difundir el trabajo profesional de los graduados UArtes\" \/>\n<meta property=\"og:url\" content=\"https:\/\/www.uartes.edu.ec\/sitio\/en\/blog\/2022\/05\/11\/proyectarte-y-su-propuesta-de-difundir-eltrabajo-profesional-de-los-graduados-uartes\/\" \/>\n<meta property=\"og:site_name\" content=\"Universidad de las Artes\" \/>\n<meta property=\"article:publisher\" content=\"https:\/\/www.facebook.com\/uartesec\" \/>\n<meta property=\"article:published_time\" content=\"2022-05-11T16:04:00+00:00\" \/>\n<meta property=\"article:modified_time\" content=\"2024-07-04T16:23:40+00:00\" \/>\n<meta property=\"og:image\" content=\"https:\/\/www.uartes.edu.ec\/sitio\/wp-content\/uploads\/2022\/05\/PROYECTARTE-WEB.jpg\" \/>\n\t<meta property=\"og:image:width\" content=\"2000\" \/>\n\t<meta property=\"og:image:height\" content=\"1334\" \/>\n\t<meta property=\"og:image:type\" content=\"image\/jpeg\" \/>\n<meta name=\"author\" content=\"ccortez\" \/>\n<meta name=\"twitter:card\" content=\"summary_large_image\" \/>\n<meta name=\"twitter:creator\" content=\"@uartesec\" \/>\n<meta name=\"twitter:site\" content=\"@uartesec\" \/>\n<meta name=\"twitter:label1\" content=\"Written by\" \/>\n\t<meta name=\"twitter:data1\" content=\"ccortez\" \/>\n\t<meta name=\"twitter:label2\" content=\"Est. reading time\" \/>\n\t<meta name=\"twitter:data2\" content=\"3 minutes\" \/>\n<script type=\"application\/ld+json\" class=\"yoast-schema-graph\">{\"@context\":\"https:\\\/\\\/schema.org\",\"@graph\":[{\"@type\":\"Article\",\"@id\":\"https:\\\/\\\/www.uartes.edu.ec\\\/sitio\\\/en\\\/blog\\\/2022\\\/05\\\/11\\\/proyectarte-y-su-propuesta-de-difundir-eltrabajo-profesional-de-los-graduados-uartes\\\/#article\",\"isPartOf\":{\"@id\":\"https:\\\/\\\/www.uartes.edu.ec\\\/sitio\\\/en\\\/blog\\\/2022\\\/05\\\/11\\\/proyectarte-y-su-propuesta-de-difundir-eltrabajo-profesional-de-los-graduados-uartes\\\/\"},\"author\":{\"name\":\"ccortez\",\"@id\":\"https:\\\/\\\/www.uartes.edu.ec\\\/sitio\\\/en\\\/#\\\/schema\\\/person\\\/efa1b8275797664fd7f13a79ccc0b1f4\"},\"headline\":\"\u201cProyectArte\u201d busca difundir el trabajo profesional de los graduados UArtes\",\"datePublished\":\"2022-05-11T16:04:00+00:00\",\"dateModified\":\"2024-07-04T16:23:40+00:00\",\"mainEntityOfPage\":{\"@id\":\"https:\\\/\\\/www.uartes.edu.ec\\\/sitio\\\/en\\\/blog\\\/2022\\\/05\\\/11\\\/proyectarte-y-su-propuesta-de-difundir-eltrabajo-profesional-de-los-graduados-uartes\\\/\"},\"wordCount\":548,\"commentCount\":0,\"publisher\":{\"@id\":\"https:\\\/\\\/www.uartes.edu.ec\\\/sitio\\\/en\\\/#organization\"},\"image\":{\"@id\":\"https:\\\/\\\/www.uartes.edu.ec\\\/sitio\\\/en\\\/blog\\\/2022\\\/05\\\/11\\\/proyectarte-y-su-propuesta-de-difundir-eltrabajo-profesional-de-los-graduados-uartes\\\/#primaryimage\"},\"thumbnailUrl\":\"https:\\\/\\\/www.uartes.edu.ec\\\/sitio\\\/wp-content\\\/uploads\\\/2022\\\/05\\\/PROYECTARTE-WEB.jpg\",\"keywords\":[\"proyecto\"],\"articleSection\":[\"Alumni\",\"Bienestar Universitario\",\"Cine\"],\"inLanguage\":\"en-US\",\"potentialAction\":[{\"@type\":\"CommentAction\",\"name\":\"Comment\",\"target\":[\"https:\\\/\\\/www.uartes.edu.ec\\\/sitio\\\/en\\\/blog\\\/2022\\\/05\\\/11\\\/proyectarte-y-su-propuesta-de-difundir-eltrabajo-profesional-de-los-graduados-uartes\\\/#respond\"]}]},{\"@type\":[\"WebPage\",\"ItemPage\"],\"@id\":\"https:\\\/\\\/www.uartes.edu.ec\\\/sitio\\\/en\\\/blog\\\/2022\\\/05\\\/11\\\/proyectarte-y-su-propuesta-de-difundir-eltrabajo-profesional-de-los-graduados-uartes\\\/\",\"url\":\"https:\\\/\\\/www.uartes.edu.ec\\\/sitio\\\/en\\\/blog\\\/2022\\\/05\\\/11\\\/proyectarte-y-su-propuesta-de-difundir-eltrabajo-profesional-de-los-graduados-uartes\\\/\",\"name\":\"Universidad de las Artes - \u201cProyectArte\u201d busca difundir el trabajo profesional de los graduados UArtes\",\"isPartOf\":{\"@id\":\"https:\\\/\\\/www.uartes.edu.ec\\\/sitio\\\/en\\\/#website\"},\"primaryImageOfPage\":{\"@id\":\"https:\\\/\\\/www.uartes.edu.ec\\\/sitio\\\/en\\\/blog\\\/2022\\\/05\\\/11\\\/proyectarte-y-su-propuesta-de-difundir-eltrabajo-profesional-de-los-graduados-uartes\\\/#primaryimage\"},\"image\":{\"@id\":\"https:\\\/\\\/www.uartes.edu.ec\\\/sitio\\\/en\\\/blog\\\/2022\\\/05\\\/11\\\/proyectarte-y-su-propuesta-de-difundir-eltrabajo-profesional-de-los-graduados-uartes\\\/#primaryimage\"},\"thumbnailUrl\":\"https:\\\/\\\/www.uartes.edu.ec\\\/sitio\\\/wp-content\\\/uploads\\\/2022\\\/05\\\/PROYECTARTE-WEB.jpg\",\"datePublished\":\"2022-05-11T16:04:00+00:00\",\"dateModified\":\"2024-07-04T16:23:40+00:00\",\"description\":\"Universidad de las Artes - \u201cProyectArte\u201d busca difundir el trabajo profesional de los graduados UArtes\",\"breadcrumb\":{\"@id\":\"https:\\\/\\\/www.uartes.edu.ec\\\/sitio\\\/en\\\/blog\\\/2022\\\/05\\\/11\\\/proyectarte-y-su-propuesta-de-difundir-eltrabajo-profesional-de-los-graduados-uartes\\\/#breadcrumb\"},\"inLanguage\":\"en-US\",\"potentialAction\":[{\"@type\":\"ReadAction\",\"target\":[\"https:\\\/\\\/www.uartes.edu.ec\\\/sitio\\\/en\\\/blog\\\/2022\\\/05\\\/11\\\/proyectarte-y-su-propuesta-de-difundir-eltrabajo-profesional-de-los-graduados-uartes\\\/\"]}]},{\"@type\":\"ImageObject\",\"inLanguage\":\"en-US\",\"@id\":\"https:\\\/\\\/www.uartes.edu.ec\\\/sitio\\\/en\\\/blog\\\/2022\\\/05\\\/11\\\/proyectarte-y-su-propuesta-de-difundir-eltrabajo-profesional-de-los-graduados-uartes\\\/#primaryimage\",\"url\":\"https:\\\/\\\/www.uartes.edu.ec\\\/sitio\\\/wp-content\\\/uploads\\\/2022\\\/05\\\/PROYECTARTE-WEB.jpg\",\"contentUrl\":\"https:\\\/\\\/www.uartes.edu.ec\\\/sitio\\\/wp-content\\\/uploads\\\/2022\\\/05\\\/PROYECTARTE-WEB.jpg\",\"width\":2000,\"height\":1334},{\"@type\":\"BreadcrumbList\",\"@id\":\"https:\\\/\\\/www.uartes.edu.ec\\\/sitio\\\/en\\\/blog\\\/2022\\\/05\\\/11\\\/proyectarte-y-su-propuesta-de-difundir-eltrabajo-profesional-de-los-graduados-uartes\\\/#breadcrumb\",\"itemListElement\":[{\"@type\":\"ListItem\",\"position\":1,\"name\":\"Inicio\",\"item\":\"https:\\\/\\\/www.uartes.edu.ec\\\/sitio\\\/\"},{\"@type\":\"ListItem\",\"position\":2,\"name\":\"\u201cProyectArte\u201d busca difundir el trabajo profesional de los graduados UArtes\"}]},{\"@type\":\"WebSite\",\"@id\":\"https:\\\/\\\/www.uartes.edu.ec\\\/sitio\\\/en\\\/#website\",\"url\":\"https:\\\/\\\/www.uartes.edu.ec\\\/sitio\\\/en\\\/\",\"name\":\"Universidad de las Artes\",\"description\":\"Sitio oficial de la Universidad Nacional de las Artes del Ecuador\",\"publisher\":{\"@id\":\"https:\\\/\\\/www.uartes.edu.ec\\\/sitio\\\/en\\\/#organization\"},\"potentialAction\":[{\"@type\":\"SearchAction\",\"target\":{\"@type\":\"EntryPoint\",\"urlTemplate\":\"https:\\\/\\\/www.uartes.edu.ec\\\/sitio\\\/en\\\/?s={search_term_string}\"},\"query-input\":{\"@type\":\"PropertyValueSpecification\",\"valueRequired\":true,\"valueName\":\"search_term_string\"}}],\"inLanguage\":\"en-US\"},{\"@type\":\"Organization\",\"@id\":\"https:\\\/\\\/www.uartes.edu.ec\\\/sitio\\\/en\\\/#organization\",\"name\":\"Universidad de las Artes\",\"url\":\"https:\\\/\\\/www.uartes.edu.ec\\\/sitio\\\/en\\\/\",\"logo\":{\"@type\":\"ImageObject\",\"inLanguage\":\"en-US\",\"@id\":\"https:\\\/\\\/www.uartes.edu.ec\\\/sitio\\\/en\\\/#\\\/schema\\\/logo\\\/image\\\/\",\"url\":\"https:\\\/\\\/www.uartes.edu.ec\\\/sitio\\\/wp-content\\\/uploads\\\/2022\\\/07\\\/logo-ua-horizontal.png\",\"contentUrl\":\"https:\\\/\\\/www.uartes.edu.ec\\\/sitio\\\/wp-content\\\/uploads\\\/2022\\\/07\\\/logo-ua-horizontal.png\",\"width\":800,\"height\":276,\"caption\":\"Universidad de las Artes\"},\"image\":{\"@id\":\"https:\\\/\\\/www.uartes.edu.ec\\\/sitio\\\/en\\\/#\\\/schema\\\/logo\\\/image\\\/\"},\"sameAs\":[\"https:\\\/\\\/www.facebook.com\\\/uartesec\",\"https:\\\/\\\/x.com\\\/uartesec\",\"https:\\\/\\\/www.tiktok.com\\\/@uartesec\"]},{\"@type\":\"Person\",\"@id\":\"https:\\\/\\\/www.uartes.edu.ec\\\/sitio\\\/en\\\/#\\\/schema\\\/person\\\/efa1b8275797664fd7f13a79ccc0b1f4\",\"name\":\"ccortez\",\"image\":{\"@type\":\"ImageObject\",\"inLanguage\":\"en-US\",\"@id\":\"https:\\\/\\\/secure.gravatar.com\\\/avatar\\\/b2a6f664a3ae8e074346ef91775736c5ec479e637ecced6842de9dc98b5da9cd?s=96&d=mm&r=g\",\"url\":\"https:\\\/\\\/secure.gravatar.com\\\/avatar\\\/b2a6f664a3ae8e074346ef91775736c5ec479e637ecced6842de9dc98b5da9cd?s=96&d=mm&r=g\",\"contentUrl\":\"https:\\\/\\\/secure.gravatar.com\\\/avatar\\\/b2a6f664a3ae8e074346ef91775736c5ec479e637ecced6842de9dc98b5da9cd?s=96&d=mm&r=g\",\"caption\":\"ccortez\"},\"url\":\"https:\\\/\\\/www.uartes.edu.ec\\\/sitio\\\/en\\\/blog\\\/author\\\/ccortez\\\/\"}]}<\/script>\n<!-- \/ Yoast SEO plugin. -->","yoast_head_json":{"title":"Universidad de las Artes - \u201cProyectArte\u201d busca difundir el trabajo profesional de los graduados UArtes","description":"Universidad de las Artes - \u201cProyectArte\u201d busca difundir el trabajo profesional de los graduados UArtes","robots":{"index":"index","follow":"follow","max-snippet":"max-snippet:-1","max-image-preview":"max-image-preview:large","max-video-preview":"max-video-preview:-1"},"canonical":"https:\/\/www.uartes.edu.ec\/sitio\/en\/blog\/2022\/05\/11\/proyectarte-y-su-propuesta-de-difundir-eltrabajo-profesional-de-los-graduados-uartes\/","og_locale":"en_US","og_type":"article","og_title":"Universidad de las Artes - \u201cProyectArte\u201d busca difundir el trabajo profesional de los graduados UArtes","og_description":"Universidad de las Artes - \u201cProyectArte\u201d busca difundir el trabajo profesional de los graduados UArtes","og_url":"https:\/\/www.uartes.edu.ec\/sitio\/en\/blog\/2022\/05\/11\/proyectarte-y-su-propuesta-de-difundir-eltrabajo-profesional-de-los-graduados-uartes\/","og_site_name":"Universidad de las Artes","article_publisher":"https:\/\/www.facebook.com\/uartesec","article_published_time":"2022-05-11T16:04:00+00:00","article_modified_time":"2024-07-04T16:23:40+00:00","og_image":[{"width":2000,"height":1334,"url":"https:\/\/www.uartes.edu.ec\/sitio\/wp-content\/uploads\/2022\/05\/PROYECTARTE-WEB.jpg","type":"image\/jpeg"}],"author":"ccortez","twitter_card":"summary_large_image","twitter_creator":"@uartesec","twitter_site":"@uartesec","twitter_misc":{"Written by":"ccortez","Est. reading time":"3 minutes"},"schema":{"@context":"https:\/\/schema.org","@graph":[{"@type":"Article","@id":"https:\/\/www.uartes.edu.ec\/sitio\/en\/blog\/2022\/05\/11\/proyectarte-y-su-propuesta-de-difundir-eltrabajo-profesional-de-los-graduados-uartes\/#article","isPartOf":{"@id":"https:\/\/www.uartes.edu.ec\/sitio\/en\/blog\/2022\/05\/11\/proyectarte-y-su-propuesta-de-difundir-eltrabajo-profesional-de-los-graduados-uartes\/"},"author":{"name":"ccortez","@id":"https:\/\/www.uartes.edu.ec\/sitio\/en\/#\/schema\/person\/efa1b8275797664fd7f13a79ccc0b1f4"},"headline":"\u201cProyectArte\u201d busca difundir el trabajo profesional de los graduados UArtes","datePublished":"2022-05-11T16:04:00+00:00","dateModified":"2024-07-04T16:23:40+00:00","mainEntityOfPage":{"@id":"https:\/\/www.uartes.edu.ec\/sitio\/en\/blog\/2022\/05\/11\/proyectarte-y-su-propuesta-de-difundir-eltrabajo-profesional-de-los-graduados-uartes\/"},"wordCount":548,"commentCount":0,"publisher":{"@id":"https:\/\/www.uartes.edu.ec\/sitio\/en\/#organization"},"image":{"@id":"https:\/\/www.uartes.edu.ec\/sitio\/en\/blog\/2022\/05\/11\/proyectarte-y-su-propuesta-de-difundir-eltrabajo-profesional-de-los-graduados-uartes\/#primaryimage"},"thumbnailUrl":"https:\/\/www.uartes.edu.ec\/sitio\/wp-content\/uploads\/2022\/05\/PROYECTARTE-WEB.jpg","keywords":["proyecto"],"articleSection":["Alumni","Bienestar Universitario","Cine"],"inLanguage":"en-US","potentialAction":[{"@type":"CommentAction","name":"Comment","target":["https:\/\/www.uartes.edu.ec\/sitio\/en\/blog\/2022\/05\/11\/proyectarte-y-su-propuesta-de-difundir-eltrabajo-profesional-de-los-graduados-uartes\/#respond"]}]},{"@type":["WebPage","ItemPage"],"@id":"https:\/\/www.uartes.edu.ec\/sitio\/en\/blog\/2022\/05\/11\/proyectarte-y-su-propuesta-de-difundir-eltrabajo-profesional-de-los-graduados-uartes\/","url":"https:\/\/www.uartes.edu.ec\/sitio\/en\/blog\/2022\/05\/11\/proyectarte-y-su-propuesta-de-difundir-eltrabajo-profesional-de-los-graduados-uartes\/","name":"Universidad de las Artes - \u201cProyectArte\u201d busca difundir el trabajo profesional de los graduados UArtes","isPartOf":{"@id":"https:\/\/www.uartes.edu.ec\/sitio\/en\/#website"},"primaryImageOfPage":{"@id":"https:\/\/www.uartes.edu.ec\/sitio\/en\/blog\/2022\/05\/11\/proyectarte-y-su-propuesta-de-difundir-eltrabajo-profesional-de-los-graduados-uartes\/#primaryimage"},"image":{"@id":"https:\/\/www.uartes.edu.ec\/sitio\/en\/blog\/2022\/05\/11\/proyectarte-y-su-propuesta-de-difundir-eltrabajo-profesional-de-los-graduados-uartes\/#primaryimage"},"thumbnailUrl":"https:\/\/www.uartes.edu.ec\/sitio\/wp-content\/uploads\/2022\/05\/PROYECTARTE-WEB.jpg","datePublished":"2022-05-11T16:04:00+00:00","dateModified":"2024-07-04T16:23:40+00:00","description":"Universidad de las Artes - \u201cProyectArte\u201d busca difundir el trabajo profesional de los graduados UArtes","breadcrumb":{"@id":"https:\/\/www.uartes.edu.ec\/sitio\/en\/blog\/2022\/05\/11\/proyectarte-y-su-propuesta-de-difundir-eltrabajo-profesional-de-los-graduados-uartes\/#breadcrumb"},"inLanguage":"en-US","potentialAction":[{"@type":"ReadAction","target":["https:\/\/www.uartes.edu.ec\/sitio\/en\/blog\/2022\/05\/11\/proyectarte-y-su-propuesta-de-difundir-eltrabajo-profesional-de-los-graduados-uartes\/"]}]},{"@type":"ImageObject","inLanguage":"en-US","@id":"https:\/\/www.uartes.edu.ec\/sitio\/en\/blog\/2022\/05\/11\/proyectarte-y-su-propuesta-de-difundir-eltrabajo-profesional-de-los-graduados-uartes\/#primaryimage","url":"https:\/\/www.uartes.edu.ec\/sitio\/wp-content\/uploads\/2022\/05\/PROYECTARTE-WEB.jpg","contentUrl":"https:\/\/www.uartes.edu.ec\/sitio\/wp-content\/uploads\/2022\/05\/PROYECTARTE-WEB.jpg","width":2000,"height":1334},{"@type":"BreadcrumbList","@id":"https:\/\/www.uartes.edu.ec\/sitio\/en\/blog\/2022\/05\/11\/proyectarte-y-su-propuesta-de-difundir-eltrabajo-profesional-de-los-graduados-uartes\/#breadcrumb","itemListElement":[{"@type":"ListItem","position":1,"name":"Inicio","item":"https:\/\/www.uartes.edu.ec\/sitio\/"},{"@type":"ListItem","position":2,"name":"\u201cProyectArte\u201d busca difundir el trabajo profesional de los graduados UArtes"}]},{"@type":"WebSite","@id":"https:\/\/www.uartes.edu.ec\/sitio\/en\/#website","url":"https:\/\/www.uartes.edu.ec\/sitio\/en\/","name":"Universidad de las Artes","description":"Sitio oficial de la Universidad Nacional de las Artes del Ecuador","publisher":{"@id":"https:\/\/www.uartes.edu.ec\/sitio\/en\/#organization"},"potentialAction":[{"@type":"SearchAction","target":{"@type":"EntryPoint","urlTemplate":"https:\/\/www.uartes.edu.ec\/sitio\/en\/?s={search_term_string}"},"query-input":{"@type":"PropertyValueSpecification","valueRequired":true,"valueName":"search_term_string"}}],"inLanguage":"en-US"},{"@type":"Organization","@id":"https:\/\/www.uartes.edu.ec\/sitio\/en\/#organization","name":"Universidad de las Artes","url":"https:\/\/www.uartes.edu.ec\/sitio\/en\/","logo":{"@type":"ImageObject","inLanguage":"en-US","@id":"https:\/\/www.uartes.edu.ec\/sitio\/en\/#\/schema\/logo\/image\/","url":"https:\/\/www.uartes.edu.ec\/sitio\/wp-content\/uploads\/2022\/07\/logo-ua-horizontal.png","contentUrl":"https:\/\/www.uartes.edu.ec\/sitio\/wp-content\/uploads\/2022\/07\/logo-ua-horizontal.png","width":800,"height":276,"caption":"Universidad de las Artes"},"image":{"@id":"https:\/\/www.uartes.edu.ec\/sitio\/en\/#\/schema\/logo\/image\/"},"sameAs":["https:\/\/www.facebook.com\/uartesec","https:\/\/x.com\/uartesec","https:\/\/www.tiktok.com\/@uartesec"]},{"@type":"Person","@id":"https:\/\/www.uartes.edu.ec\/sitio\/en\/#\/schema\/person\/efa1b8275797664fd7f13a79ccc0b1f4","name":"ccortez","image":{"@type":"ImageObject","inLanguage":"en-US","@id":"https:\/\/secure.gravatar.com\/avatar\/b2a6f664a3ae8e074346ef91775736c5ec479e637ecced6842de9dc98b5da9cd?s=96&d=mm&r=g","url":"https:\/\/secure.gravatar.com\/avatar\/b2a6f664a3ae8e074346ef91775736c5ec479e637ecced6842de9dc98b5da9cd?s=96&d=mm&r=g","contentUrl":"https:\/\/secure.gravatar.com\/avatar\/b2a6f664a3ae8e074346ef91775736c5ec479e637ecced6842de9dc98b5da9cd?s=96&d=mm&r=g","caption":"ccortez"},"url":"https:\/\/www.uartes.edu.ec\/sitio\/en\/blog\/author\/ccortez\/"}]}},"uagb_featured_image_src":{"full":["https:\/\/www.uartes.edu.ec\/sitio\/wp-content\/uploads\/2022\/05\/PROYECTARTE-WEB.jpg",2000,1334,false],"thumbnail":["https:\/\/www.uartes.edu.ec\/sitio\/wp-content\/uploads\/2022\/05\/PROYECTARTE-WEB-150x150.jpg",150,150,true],"medium":["https:\/\/www.uartes.edu.ec\/sitio\/wp-content\/uploads\/2022\/05\/PROYECTARTE-WEB-300x200.jpg",300,200,true],"medium_large":["https:\/\/www.uartes.edu.ec\/sitio\/wp-content\/uploads\/2022\/05\/PROYECTARTE-WEB-768x512.jpg",768,512,true],"large":["https:\/\/www.uartes.edu.ec\/sitio\/wp-content\/uploads\/2022\/05\/PROYECTARTE-WEB-644x430.jpg",644,430,true],"1536x1536":["https:\/\/www.uartes.edu.ec\/sitio\/wp-content\/uploads\/2022\/05\/PROYECTARTE-WEB-1536x1025.jpg",1536,1025,true],"2048x2048":["https:\/\/www.uartes.edu.ec\/sitio\/wp-content\/uploads\/2022\/05\/PROYECTARTE-WEB.jpg",2000,1334,false],"trp-custom-language-flag":["https:\/\/www.uartes.edu.ec\/sitio\/wp-content\/uploads\/2022\/05\/PROYECTARTE-WEB.jpg",18,12,false],"htmega_size_585x295":["https:\/\/www.uartes.edu.ec\/sitio\/wp-content\/uploads\/2022\/05\/PROYECTARTE-WEB.jpg",442,295,false],"htmega_size_1170x536":["https:\/\/www.uartes.edu.ec\/sitio\/wp-content\/uploads\/2022\/05\/PROYECTARTE-WEB.jpg",804,536,false],"htmega_size_396x360":["https:\/\/www.uartes.edu.ec\/sitio\/wp-content\/uploads\/2022\/05\/PROYECTARTE-WEB.jpg",396,264,false],"gb-block-post-grid-landscape":["https:\/\/www.uartes.edu.ec\/sitio\/wp-content\/uploads\/2022\/05\/PROYECTARTE-WEB-600x400.jpg",600,400,true],"gb-block-post-grid-square":["https:\/\/www.uartes.edu.ec\/sitio\/wp-content\/uploads\/2022\/05\/PROYECTARTE-WEB-600x600.jpg",600,600,true],"university-hub-thumb":["https:\/\/www.uartes.edu.ec\/sitio\/wp-content\/uploads\/2022\/05\/PROYECTARTE-WEB-400x267.jpg",400,267,true]},"uagb_author_info":{"display_name":"ccortez","author_link":"https:\/\/www.uartes.edu.ec\/sitio\/en\/blog\/author\/ccortez\/"},"uagb_comment_info":0,"uagb_excerpt":"En las salas de cine de los N\u00facleos del Guayas y Manab\u00ed de la Casa de la Cultura Ecuatoriana se presentaron este 10 de mayo los cortometrajes \"Sombras envolventes\", \"J\u00e9ssica\", \"Arutam\", \"Rosita\" y \"A medio camino\", dirigidos por los alumni Michael Lojano, Rafael M\u00e9ndez, Jonnathan Carchi, Ileana Matamoros y Nantu Mantilla. La muestra es parte&hellip;","featured_image_src":"https:\/\/www.uartes.edu.ec\/sitio\/wp-content\/uploads\/2022\/05\/PROYECTARTE-WEB-600x400.jpg","featured_image_src_square":"https:\/\/www.uartes.edu.ec\/sitio\/wp-content\/uploads\/2022\/05\/PROYECTARTE-WEB-600x600.jpg","author_info":{"display_name":"ccortez","author_link":"https:\/\/www.uartes.edu.ec\/sitio\/en\/blog\/author\/ccortez\/"},"publishpress_future_workflow_manual_trigger":{"enabledWorkflows":[]},"distributor_meta":false,"distributor_terms":false,"distributor_media":false,"distributor_original_site_name":"Universidad de las Artes","distributor_original_site_url":"https:\/\/www.uartes.edu.ec\/sitio\/en","push-errors":false,"_links":{"self":[{"href":"https:\/\/www.uartes.edu.ec\/sitio\/en\/wp-json\/wp\/v2\/posts\/21504","targetHints":{"allow":["GET"]}}],"collection":[{"href":"https:\/\/www.uartes.edu.ec\/sitio\/en\/wp-json\/wp\/v2\/posts"}],"about":[{"href":"https:\/\/www.uartes.edu.ec\/sitio\/en\/wp-json\/wp\/v2\/types\/post"}],"author":[{"embeddable":true,"href":"https:\/\/www.uartes.edu.ec\/sitio\/en\/wp-json\/wp\/v2\/users\/10"}],"replies":[{"embeddable":true,"href":"https:\/\/www.uartes.edu.ec\/sitio\/en\/wp-json\/wp\/v2\/comments?post=21504"}],"version-history":[{"count":4,"href":"https:\/\/www.uartes.edu.ec\/sitio\/en\/wp-json\/wp\/v2\/posts\/21504\/revisions"}],"predecessor-version":[{"id":21511,"href":"https:\/\/www.uartes.edu.ec\/sitio\/en\/wp-json\/wp\/v2\/posts\/21504\/revisions\/21511"}],"wp:featuredmedia":[{"embeddable":true,"href":"https:\/\/www.uartes.edu.ec\/sitio\/en\/wp-json\/wp\/v2\/media\/21505"}],"wp:attachment":[{"href":"https:\/\/www.uartes.edu.ec\/sitio\/en\/wp-json\/wp\/v2\/media?parent=21504"}],"wp:term":[{"taxonomy":"category","embeddable":true,"href":"https:\/\/www.uartes.edu.ec\/sitio\/en\/wp-json\/wp\/v2\/categories?post=21504"},{"taxonomy":"post_tag","embeddable":true,"href":"https:\/\/www.uartes.edu.ec\/sitio\/en\/wp-json\/wp\/v2\/tags?post=21504"},{"taxonomy":"infouartes","embeddable":true,"href":"https:\/\/www.uartes.edu.ec\/sitio\/en\/wp-json\/wp\/v2\/infouartes?post=21504"}],"curies":[{"name":"wp","href":"https:\/\/api.w.org\/{rel}","templated":true}]}}