{"id":21617,"date":"2022-05-17T20:10:00","date_gmt":"2022-05-18T01:10:00","guid":{"rendered":"http:\/\/www.uartes.edu.ec\/sitio\/?p=21617"},"modified":"2024-07-04T11:23:38","modified_gmt":"2024-07-04T16:23:38","slug":"ces-analiza-con-ies-las-reformas-al-reglamento-deregimen-academico-en-temas-relacionados-al-arte","status":"publish","type":"post","link":"https:\/\/www.uartes.edu.ec\/sitio\/en\/blog\/2022\/05\/17\/ces-analiza-con-ies-las-reformas-al-reglamento-deregimen-academico-en-temas-relacionados-al-arte\/","title":{"rendered":"CES analiza con IES del pa\u00eds reformas al Reglamento de R\u00e9gimen Acad\u00e9mico en temas relacionados a carreras de artes"},"content":{"rendered":"<p>Con el prop\u00f3sito de analizar el proyecto de reforma del Reglamento de R\u00e9gimen Acad\u00e9mico (RRA) en temas relacionados a las carreras de artes, el doctor Pablo Beltr\u00e1n Ayala, presidente del Consejo de Educaci\u00f3n Superior (CES), invit\u00f3 a una reuni\u00f3n de trabajo a las autoridades de universidades e instituciones especializadas en ese \u00e1mbito. Tuvo lugar este lunes 16 de mayo, en la terraza de la Biblioteca de las Artes.<\/p>\n\n\n\n<p>Junto con la Universidad de las Artes estuvieron convocadas la Universidad de Cuenca, la Universidad Cat\u00f3lica de Cuenca, la Escuela Superior Polit\u00e9cnica del Litoral, el Instituto Superior Tecnol\u00f3gico de Estudios de Televisi\u00f3n (ITV), el Instituto Superior Tecnol\u00f3gico de Artes del Ecuador, el Conservatorio Superior de M\u00fasica y Artes Sergei Rachmaninov, el Instituto Superior Tecnol\u00f3gico Gr\u00e1fico de Artes y Ciencias Digitales, el Conservatorio Superior Particular de Arte Anton Bruckner y el Instituto Superior Tecnol\u00f3gico de Artes Visuales.<\/p>\n\n\n\n<p>El presidente del CES manifest\u00f3 que \u201cel reconocimiento a las diferencias propias de cada instituci\u00f3n de educaci\u00f3n superior, empieza por incluir a las artes, con sus propias caracter\u00edsticas, dentro de la investigaci\u00f3n y vinculaci\u00f3n con la sociedad\u201d.<\/p>\n\n\n\n<p>El doctor William Herrera, rector de la UArtes, se\u00f1al\u00f3 que la reuni\u00f3n con el nuevo presidente del CES sobre la reforma al Reglamento de R\u00e9gimen Acad\u00e9mico permiti\u00f3 abrir un espacio para presentar las propuestas de nuestra instituci\u00f3n de educaci\u00f3n superior respecto a lo relacionado con la formaci\u00f3n art\u00edstica y sus procesos de investigaci\u00f3n y vinculaci\u00f3n.<\/p>\n\n\n\n<div class=\"wp-block-image\"><figure class=\"aligncenter size-large\"><img fetchpriority=\"high\" decoding=\"async\" width=\"644\" height=\"429\" src=\"http:\/\/www.uartes.edu.ec\/sitio\/wp-content\/uploads\/2022\/05\/03-CES-UARTES-WEB-644x429.jpg\" alt=\"\" class=\"wp-image-21624\" srcset=\"https:\/\/www.uartes.edu.ec\/sitio\/wp-content\/uploads\/2022\/05\/03-CES-UARTES-WEB-644x429.jpg 644w, https:\/\/www.uartes.edu.ec\/sitio\/wp-content\/uploads\/2022\/05\/03-CES-UARTES-WEB-768x511.jpg 768w, https:\/\/www.uartes.edu.ec\/sitio\/wp-content\/uploads\/2022\/05\/03-CES-UARTES-WEB.jpg 2000w, https:\/\/www.uartes.edu.ec\/sitio\/wp-content\/uploads\/2022\/05\/03-CES-UARTES-WEB-600x399.jpg 600w, https:\/\/www.uartes.edu.ec\/sitio\/wp-content\/uploads\/2022\/05\/03-CES-UARTES-WEB-272x182.jpg 272w\" sizes=\"(max-width: 644px) 100vw, 644px\" \/><figcaption>El doctor William Herrera (d), rector de la Universidad de las Artes, en la reuni\u00f3n con el presidente del CES.<\/figcaption><\/figure><\/div>\n\n\n\n<p>\u201cFue una reuni\u00f3n positiva, ya que las propuestas de la UArtes y de los delegados de Instituciones de Educaci\u00f3n Superior con oferta acad\u00e9mica en el campo de las artes fueron acogidas\u201d, anot\u00f3 el doctor Herrera y agreg\u00f3 que esa aceptaci\u00f3n permiti\u00f3 consolidar el cap\u00edtulo sobre el campo de las artes del Reglamento de R\u00e9gimen Acad\u00e9mico.<\/p>\n\n\n\n<p>En la cita se analizaron sus art\u00edculos y se dieron a conocer tambi\u00e9n las reformas propuestas por el CES y por la UArtes. Se abord\u00f3, entre otros puntos, el T\u00edtulo XI del RRA, el cual contiene aspectos como: campo de las artes, duraci\u00f3n de las carreras y programas en artes; unidad de integraci\u00f3n curricular o unidad de titulaci\u00f3n en artes; investigaci\u00f3n en artes, procesos de creaci\u00f3n y producci\u00f3n art\u00edstica; y, pr\u00e1cticas preprofesionales en artes y colectivos acad\u00e9micos en artes.<\/p>\n\n\n\n<p>El prop\u00f3sito del RRA, se indica desde el CES, es garantizar una formaci\u00f3n de calidad, excelencia y pertinencia de acuerdo con las necesidades de la sociedad, asegurando el cumplimiento de los principios y derechos consagrados en la Constituci\u00f3n y en la Ley Org\u00e1nica de Educaci\u00f3n Superior.<\/p>\n\n\n\n<p>En la imagen principal, el presidente del CES, Pablo Beltr\u00e1n Ayala, con los representantes de las instituciones de educaci\u00f3n superior del pa\u00eds con oferta acad\u00e9mica en el campo de las artes. Abajo de estas l\u00edneas otro \u00e1ngulo de la cita.<\/p>\n\n\n\n<div class=\"wp-block-image\"><figure class=\"aligncenter size-large\"><img decoding=\"async\" width=\"644\" height=\"429\" src=\"http:\/\/www.uartes.edu.ec\/sitio\/wp-content\/uploads\/2022\/05\/02-CES-UARTES-WEB-644x429.jpg\" alt=\"\" class=\"wp-image-21625\" srcset=\"https:\/\/www.uartes.edu.ec\/sitio\/wp-content\/uploads\/2022\/05\/02-CES-UARTES-WEB-644x429.jpg 644w, https:\/\/www.uartes.edu.ec\/sitio\/wp-content\/uploads\/2022\/05\/02-CES-UARTES-WEB-768x511.jpg 768w, https:\/\/www.uartes.edu.ec\/sitio\/wp-content\/uploads\/2022\/05\/02-CES-UARTES-WEB.jpg 2000w, https:\/\/www.uartes.edu.ec\/sitio\/wp-content\/uploads\/2022\/05\/02-CES-UARTES-WEB-600x399.jpg 600w, https:\/\/www.uartes.edu.ec\/sitio\/wp-content\/uploads\/2022\/05\/02-CES-UARTES-WEB-272x182.jpg 272w\" sizes=\"(max-width: 644px) 100vw, 644px\" \/><\/figure><\/div>","protected":false},"excerpt":{"rendered":"<p>Para analizar el proyecto de reforma del Reglamento de R\u00e9gimen Acad\u00e9mico en temas relacionados a las carreras de artes, el Dr. Pablo Beltr\u00e1n Ayala, presidente del CES, se reuni\u00f3 con autoridades de IES del pa\u00eds especializadas en ese \u00e1mbito. Nuestro rector, Dr. William Herrera, se\u00f1al\u00f3 como positiva la cita, pues fueron acogidas las propuestas de la UArtes y de otras instituciones con oferta acad\u00e9mica en artes.<\/p>","protected":false},"author":10,"featured_media":21619,"comment_status":"open","ping_status":"open","sticky":false,"template":"","format":"standard","meta":{"_acf_changed":false,"_uag_custom_page_level_css":"","_monsterinsights_skip_tracking":false,"_monsterinsights_sitenote_active":false,"_monsterinsights_sitenote_note":"","_monsterinsights_sitenote_category":0,"cybocfi_hide_featured_image":"","footnotes":""},"categories":[80,82,84],"tags":[],"infouartes":[],"class_list":["post-21617","post","type-post","status-publish","format-standard","has-post-thumbnail","hentry","category-academico","category-artes","category-rectorado"],"acf":[],"yoast_head":"<!-- This site is optimized with the Yoast SEO plugin v27.4 - https:\/\/yoast.com\/product\/yoast-seo-wordpress\/ -->\n<title>Universidad de las Artes - CES analiza con IES del pa\u00eds reformas al Reglamento de R\u00e9gimen Acad\u00e9mico en temas relacionados a carreras de artes<\/title>\n<meta name=\"description\" content=\"Universidad de las Artes - CES analiza con IES del pa\u00eds reformas al Reglamento de R\u00e9gimen Acad\u00e9mico en temas relacionados a carreras de artes\" \/>\n<meta name=\"robots\" content=\"index, follow, max-snippet:-1, max-image-preview:large, max-video-preview:-1\" \/>\n<link rel=\"canonical\" href=\"https:\/\/www.uartes.edu.ec\/sitio\/en\/blog\/2022\/05\/17\/ces-analiza-con-ies-las-reformas-al-reglamento-deregimen-academico-en-temas-relacionados-al-arte\/\" \/>\n<meta property=\"og:locale\" content=\"en_US\" \/>\n<meta property=\"og:type\" content=\"article\" \/>\n<meta property=\"og:title\" content=\"Universidad de las Artes - CES analiza con IES del pa\u00eds reformas al Reglamento de R\u00e9gimen Acad\u00e9mico en temas relacionados a carreras de artes\" \/>\n<meta property=\"og:description\" content=\"Universidad de las Artes - CES analiza con IES del pa\u00eds reformas al Reglamento de R\u00e9gimen Acad\u00e9mico en temas relacionados a carreras de artes\" \/>\n<meta property=\"og:url\" content=\"https:\/\/www.uartes.edu.ec\/sitio\/en\/blog\/2022\/05\/17\/ces-analiza-con-ies-las-reformas-al-reglamento-deregimen-academico-en-temas-relacionados-al-arte\/\" \/>\n<meta property=\"og:site_name\" content=\"Universidad de las Artes\" \/>\n<meta property=\"article:publisher\" content=\"https:\/\/www.facebook.com\/uartesec\" \/>\n<meta property=\"article:published_time\" content=\"2022-05-18T01:10:00+00:00\" \/>\n<meta property=\"article:modified_time\" content=\"2024-07-04T16:23:38+00:00\" \/>\n<meta property=\"og:image\" content=\"https:\/\/www.uartes.edu.ec\/sitio\/wp-content\/uploads\/2022\/05\/01-CES-UARTES-WEB.jpg\" \/>\n\t<meta property=\"og:image:width\" content=\"2000\" \/>\n\t<meta property=\"og:image:height\" content=\"1333\" \/>\n\t<meta property=\"og:image:type\" content=\"image\/jpeg\" \/>\n<meta name=\"author\" content=\"ccortez\" \/>\n<meta name=\"twitter:card\" content=\"summary_large_image\" \/>\n<meta name=\"twitter:creator\" content=\"@uartesec\" \/>\n<meta name=\"twitter:site\" content=\"@uartesec\" \/>\n<meta name=\"twitter:label1\" content=\"Written by\" \/>\n\t<meta name=\"twitter:data1\" content=\"ccortez\" \/>\n\t<meta name=\"twitter:label2\" content=\"Est. reading time\" \/>\n\t<meta name=\"twitter:data2\" content=\"3 minutes\" \/>\n<script type=\"application\/ld+json\" class=\"yoast-schema-graph\">{\"@context\":\"https:\\\/\\\/schema.org\",\"@graph\":[{\"@type\":\"Article\",\"@id\":\"https:\\\/\\\/www.uartes.edu.ec\\\/sitio\\\/en\\\/blog\\\/2022\\\/05\\\/17\\\/ces-analiza-con-ies-las-reformas-al-reglamento-deregimen-academico-en-temas-relacionados-al-arte\\\/#article\",\"isPartOf\":{\"@id\":\"https:\\\/\\\/www.uartes.edu.ec\\\/sitio\\\/en\\\/blog\\\/2022\\\/05\\\/17\\\/ces-analiza-con-ies-las-reformas-al-reglamento-deregimen-academico-en-temas-relacionados-al-arte\\\/\"},\"author\":{\"name\":\"ccortez\",\"@id\":\"https:\\\/\\\/www.uartes.edu.ec\\\/sitio\\\/en\\\/#\\\/schema\\\/person\\\/efa1b8275797664fd7f13a79ccc0b1f4\"},\"headline\":\"CES analiza con IES del pa\u00eds reformas al Reglamento de R\u00e9gimen Acad\u00e9mico en temas relacionados a carreras de artes\",\"datePublished\":\"2022-05-18T01:10:00+00:00\",\"dateModified\":\"2024-07-04T16:23:38+00:00\",\"mainEntityOfPage\":{\"@id\":\"https:\\\/\\\/www.uartes.edu.ec\\\/sitio\\\/en\\\/blog\\\/2022\\\/05\\\/17\\\/ces-analiza-con-ies-las-reformas-al-reglamento-deregimen-academico-en-temas-relacionados-al-arte\\\/\"},\"wordCount\":557,\"commentCount\":0,\"publisher\":{\"@id\":\"https:\\\/\\\/www.uartes.edu.ec\\\/sitio\\\/en\\\/#organization\"},\"image\":{\"@id\":\"https:\\\/\\\/www.uartes.edu.ec\\\/sitio\\\/en\\\/blog\\\/2022\\\/05\\\/17\\\/ces-analiza-con-ies-las-reformas-al-reglamento-deregimen-academico-en-temas-relacionados-al-arte\\\/#primaryimage\"},\"thumbnailUrl\":\"https:\\\/\\\/www.uartes.edu.ec\\\/sitio\\\/wp-content\\\/uploads\\\/2022\\\/05\\\/01-CES-UARTES-WEB.jpg\",\"articleSection\":[\"Acad\u00e9mico\",\"Artes\",\"Rectorado\"],\"inLanguage\":\"en-US\",\"potentialAction\":[{\"@type\":\"CommentAction\",\"name\":\"Comment\",\"target\":[\"https:\\\/\\\/www.uartes.edu.ec\\\/sitio\\\/en\\\/blog\\\/2022\\\/05\\\/17\\\/ces-analiza-con-ies-las-reformas-al-reglamento-deregimen-academico-en-temas-relacionados-al-arte\\\/#respond\"]}]},{\"@type\":[\"WebPage\",\"ItemPage\"],\"@id\":\"https:\\\/\\\/www.uartes.edu.ec\\\/sitio\\\/en\\\/blog\\\/2022\\\/05\\\/17\\\/ces-analiza-con-ies-las-reformas-al-reglamento-deregimen-academico-en-temas-relacionados-al-arte\\\/\",\"url\":\"https:\\\/\\\/www.uartes.edu.ec\\\/sitio\\\/en\\\/blog\\\/2022\\\/05\\\/17\\\/ces-analiza-con-ies-las-reformas-al-reglamento-deregimen-academico-en-temas-relacionados-al-arte\\\/\",\"name\":\"Universidad de las Artes - CES analiza con IES del pa\u00eds reformas al Reglamento de R\u00e9gimen Acad\u00e9mico en temas relacionados a carreras de artes\",\"isPartOf\":{\"@id\":\"https:\\\/\\\/www.uartes.edu.ec\\\/sitio\\\/en\\\/#website\"},\"primaryImageOfPage\":{\"@id\":\"https:\\\/\\\/www.uartes.edu.ec\\\/sitio\\\/en\\\/blog\\\/2022\\\/05\\\/17\\\/ces-analiza-con-ies-las-reformas-al-reglamento-deregimen-academico-en-temas-relacionados-al-arte\\\/#primaryimage\"},\"image\":{\"@id\":\"https:\\\/\\\/www.uartes.edu.ec\\\/sitio\\\/en\\\/blog\\\/2022\\\/05\\\/17\\\/ces-analiza-con-ies-las-reformas-al-reglamento-deregimen-academico-en-temas-relacionados-al-arte\\\/#primaryimage\"},\"thumbnailUrl\":\"https:\\\/\\\/www.uartes.edu.ec\\\/sitio\\\/wp-content\\\/uploads\\\/2022\\\/05\\\/01-CES-UARTES-WEB.jpg\",\"datePublished\":\"2022-05-18T01:10:00+00:00\",\"dateModified\":\"2024-07-04T16:23:38+00:00\",\"description\":\"Universidad de las Artes - CES analiza con IES del pa\u00eds reformas al Reglamento de R\u00e9gimen Acad\u00e9mico en temas relacionados a carreras de artes\",\"breadcrumb\":{\"@id\":\"https:\\\/\\\/www.uartes.edu.ec\\\/sitio\\\/en\\\/blog\\\/2022\\\/05\\\/17\\\/ces-analiza-con-ies-las-reformas-al-reglamento-deregimen-academico-en-temas-relacionados-al-arte\\\/#breadcrumb\"},\"inLanguage\":\"en-US\",\"potentialAction\":[{\"@type\":\"ReadAction\",\"target\":[\"https:\\\/\\\/www.uartes.edu.ec\\\/sitio\\\/en\\\/blog\\\/2022\\\/05\\\/17\\\/ces-analiza-con-ies-las-reformas-al-reglamento-deregimen-academico-en-temas-relacionados-al-arte\\\/\"]}]},{\"@type\":\"ImageObject\",\"inLanguage\":\"en-US\",\"@id\":\"https:\\\/\\\/www.uartes.edu.ec\\\/sitio\\\/en\\\/blog\\\/2022\\\/05\\\/17\\\/ces-analiza-con-ies-las-reformas-al-reglamento-deregimen-academico-en-temas-relacionados-al-arte\\\/#primaryimage\",\"url\":\"https:\\\/\\\/www.uartes.edu.ec\\\/sitio\\\/wp-content\\\/uploads\\\/2022\\\/05\\\/01-CES-UARTES-WEB.jpg\",\"contentUrl\":\"https:\\\/\\\/www.uartes.edu.ec\\\/sitio\\\/wp-content\\\/uploads\\\/2022\\\/05\\\/01-CES-UARTES-WEB.jpg\",\"width\":2000,\"height\":1333},{\"@type\":\"BreadcrumbList\",\"@id\":\"https:\\\/\\\/www.uartes.edu.ec\\\/sitio\\\/en\\\/blog\\\/2022\\\/05\\\/17\\\/ces-analiza-con-ies-las-reformas-al-reglamento-deregimen-academico-en-temas-relacionados-al-arte\\\/#breadcrumb\",\"itemListElement\":[{\"@type\":\"ListItem\",\"position\":1,\"name\":\"Inicio\",\"item\":\"https:\\\/\\\/www.uartes.edu.ec\\\/sitio\\\/\"},{\"@type\":\"ListItem\",\"position\":2,\"name\":\"CES analiza con IES del pa\u00eds reformas al Reglamento de R\u00e9gimen Acad\u00e9mico en temas relacionados a carreras de artes\"}]},{\"@type\":\"WebSite\",\"@id\":\"https:\\\/\\\/www.uartes.edu.ec\\\/sitio\\\/en\\\/#website\",\"url\":\"https:\\\/\\\/www.uartes.edu.ec\\\/sitio\\\/en\\\/\",\"name\":\"Universidad de las Artes\",\"description\":\"Sitio oficial de la Universidad Nacional de las Artes del Ecuador\",\"publisher\":{\"@id\":\"https:\\\/\\\/www.uartes.edu.ec\\\/sitio\\\/en\\\/#organization\"},\"potentialAction\":[{\"@type\":\"SearchAction\",\"target\":{\"@type\":\"EntryPoint\",\"urlTemplate\":\"https:\\\/\\\/www.uartes.edu.ec\\\/sitio\\\/en\\\/?s={search_term_string}\"},\"query-input\":{\"@type\":\"PropertyValueSpecification\",\"valueRequired\":true,\"valueName\":\"search_term_string\"}}],\"inLanguage\":\"en-US\"},{\"@type\":\"Organization\",\"@id\":\"https:\\\/\\\/www.uartes.edu.ec\\\/sitio\\\/en\\\/#organization\",\"name\":\"Universidad de las Artes\",\"url\":\"https:\\\/\\\/www.uartes.edu.ec\\\/sitio\\\/en\\\/\",\"logo\":{\"@type\":\"ImageObject\",\"inLanguage\":\"en-US\",\"@id\":\"https:\\\/\\\/www.uartes.edu.ec\\\/sitio\\\/en\\\/#\\\/schema\\\/logo\\\/image\\\/\",\"url\":\"https:\\\/\\\/www.uartes.edu.ec\\\/sitio\\\/wp-content\\\/uploads\\\/2022\\\/07\\\/logo-ua-horizontal.png\",\"contentUrl\":\"https:\\\/\\\/www.uartes.edu.ec\\\/sitio\\\/wp-content\\\/uploads\\\/2022\\\/07\\\/logo-ua-horizontal.png\",\"width\":800,\"height\":276,\"caption\":\"Universidad de las Artes\"},\"image\":{\"@id\":\"https:\\\/\\\/www.uartes.edu.ec\\\/sitio\\\/en\\\/#\\\/schema\\\/logo\\\/image\\\/\"},\"sameAs\":[\"https:\\\/\\\/www.facebook.com\\\/uartesec\",\"https:\\\/\\\/x.com\\\/uartesec\",\"https:\\\/\\\/www.tiktok.com\\\/@uartesec\"]},{\"@type\":\"Person\",\"@id\":\"https:\\\/\\\/www.uartes.edu.ec\\\/sitio\\\/en\\\/#\\\/schema\\\/person\\\/efa1b8275797664fd7f13a79ccc0b1f4\",\"name\":\"ccortez\",\"image\":{\"@type\":\"ImageObject\",\"inLanguage\":\"en-US\",\"@id\":\"https:\\\/\\\/secure.gravatar.com\\\/avatar\\\/b2a6f664a3ae8e074346ef91775736c5ec479e637ecced6842de9dc98b5da9cd?s=96&d=mm&r=g\",\"url\":\"https:\\\/\\\/secure.gravatar.com\\\/avatar\\\/b2a6f664a3ae8e074346ef91775736c5ec479e637ecced6842de9dc98b5da9cd?s=96&d=mm&r=g\",\"contentUrl\":\"https:\\\/\\\/secure.gravatar.com\\\/avatar\\\/b2a6f664a3ae8e074346ef91775736c5ec479e637ecced6842de9dc98b5da9cd?s=96&d=mm&r=g\",\"caption\":\"ccortez\"},\"url\":\"https:\\\/\\\/www.uartes.edu.ec\\\/sitio\\\/en\\\/blog\\\/author\\\/ccortez\\\/\"}]}<\/script>\n<!-- \/ Yoast SEO plugin. -->","yoast_head_json":{"title":"Universidad de las Artes - CES analiza con IES del pa\u00eds reformas al Reglamento de R\u00e9gimen Acad\u00e9mico en temas relacionados a carreras de artes","description":"Universidad de las Artes - CES analiza con IES del pa\u00eds reformas al Reglamento de R\u00e9gimen Acad\u00e9mico en temas relacionados a carreras de artes","robots":{"index":"index","follow":"follow","max-snippet":"max-snippet:-1","max-image-preview":"max-image-preview:large","max-video-preview":"max-video-preview:-1"},"canonical":"https:\/\/www.uartes.edu.ec\/sitio\/en\/blog\/2022\/05\/17\/ces-analiza-con-ies-las-reformas-al-reglamento-deregimen-academico-en-temas-relacionados-al-arte\/","og_locale":"en_US","og_type":"article","og_title":"Universidad de las Artes - CES analiza con IES del pa\u00eds reformas al Reglamento de R\u00e9gimen Acad\u00e9mico en temas relacionados a carreras de artes","og_description":"Universidad de las Artes - CES analiza con IES del pa\u00eds reformas al Reglamento de R\u00e9gimen Acad\u00e9mico en temas relacionados a carreras de artes","og_url":"https:\/\/www.uartes.edu.ec\/sitio\/en\/blog\/2022\/05\/17\/ces-analiza-con-ies-las-reformas-al-reglamento-deregimen-academico-en-temas-relacionados-al-arte\/","og_site_name":"Universidad de las Artes","article_publisher":"https:\/\/www.facebook.com\/uartesec","article_published_time":"2022-05-18T01:10:00+00:00","article_modified_time":"2024-07-04T16:23:38+00:00","og_image":[{"width":2000,"height":1333,"url":"https:\/\/www.uartes.edu.ec\/sitio\/wp-content\/uploads\/2022\/05\/01-CES-UARTES-WEB.jpg","type":"image\/jpeg"}],"author":"ccortez","twitter_card":"summary_large_image","twitter_creator":"@uartesec","twitter_site":"@uartesec","twitter_misc":{"Written by":"ccortez","Est. reading time":"3 minutes"},"schema":{"@context":"https:\/\/schema.org","@graph":[{"@type":"Article","@id":"https:\/\/www.uartes.edu.ec\/sitio\/en\/blog\/2022\/05\/17\/ces-analiza-con-ies-las-reformas-al-reglamento-deregimen-academico-en-temas-relacionados-al-arte\/#article","isPartOf":{"@id":"https:\/\/www.uartes.edu.ec\/sitio\/en\/blog\/2022\/05\/17\/ces-analiza-con-ies-las-reformas-al-reglamento-deregimen-academico-en-temas-relacionados-al-arte\/"},"author":{"name":"ccortez","@id":"https:\/\/www.uartes.edu.ec\/sitio\/en\/#\/schema\/person\/efa1b8275797664fd7f13a79ccc0b1f4"},"headline":"CES analiza con IES del pa\u00eds reformas al Reglamento de R\u00e9gimen Acad\u00e9mico en temas relacionados a carreras de artes","datePublished":"2022-05-18T01:10:00+00:00","dateModified":"2024-07-04T16:23:38+00:00","mainEntityOfPage":{"@id":"https:\/\/www.uartes.edu.ec\/sitio\/en\/blog\/2022\/05\/17\/ces-analiza-con-ies-las-reformas-al-reglamento-deregimen-academico-en-temas-relacionados-al-arte\/"},"wordCount":557,"commentCount":0,"publisher":{"@id":"https:\/\/www.uartes.edu.ec\/sitio\/en\/#organization"},"image":{"@id":"https:\/\/www.uartes.edu.ec\/sitio\/en\/blog\/2022\/05\/17\/ces-analiza-con-ies-las-reformas-al-reglamento-deregimen-academico-en-temas-relacionados-al-arte\/#primaryimage"},"thumbnailUrl":"https:\/\/www.uartes.edu.ec\/sitio\/wp-content\/uploads\/2022\/05\/01-CES-UARTES-WEB.jpg","articleSection":["Acad\u00e9mico","Artes","Rectorado"],"inLanguage":"en-US","potentialAction":[{"@type":"CommentAction","name":"Comment","target":["https:\/\/www.uartes.edu.ec\/sitio\/en\/blog\/2022\/05\/17\/ces-analiza-con-ies-las-reformas-al-reglamento-deregimen-academico-en-temas-relacionados-al-arte\/#respond"]}]},{"@type":["WebPage","ItemPage"],"@id":"https:\/\/www.uartes.edu.ec\/sitio\/en\/blog\/2022\/05\/17\/ces-analiza-con-ies-las-reformas-al-reglamento-deregimen-academico-en-temas-relacionados-al-arte\/","url":"https:\/\/www.uartes.edu.ec\/sitio\/en\/blog\/2022\/05\/17\/ces-analiza-con-ies-las-reformas-al-reglamento-deregimen-academico-en-temas-relacionados-al-arte\/","name":"Universidad de las Artes - CES analiza con IES del pa\u00eds reformas al Reglamento de R\u00e9gimen Acad\u00e9mico en temas relacionados a carreras de artes","isPartOf":{"@id":"https:\/\/www.uartes.edu.ec\/sitio\/en\/#website"},"primaryImageOfPage":{"@id":"https:\/\/www.uartes.edu.ec\/sitio\/en\/blog\/2022\/05\/17\/ces-analiza-con-ies-las-reformas-al-reglamento-deregimen-academico-en-temas-relacionados-al-arte\/#primaryimage"},"image":{"@id":"https:\/\/www.uartes.edu.ec\/sitio\/en\/blog\/2022\/05\/17\/ces-analiza-con-ies-las-reformas-al-reglamento-deregimen-academico-en-temas-relacionados-al-arte\/#primaryimage"},"thumbnailUrl":"https:\/\/www.uartes.edu.ec\/sitio\/wp-content\/uploads\/2022\/05\/01-CES-UARTES-WEB.jpg","datePublished":"2022-05-18T01:10:00+00:00","dateModified":"2024-07-04T16:23:38+00:00","description":"Universidad de las Artes - CES analiza con IES del pa\u00eds reformas al Reglamento de R\u00e9gimen Acad\u00e9mico en temas relacionados a carreras de artes","breadcrumb":{"@id":"https:\/\/www.uartes.edu.ec\/sitio\/en\/blog\/2022\/05\/17\/ces-analiza-con-ies-las-reformas-al-reglamento-deregimen-academico-en-temas-relacionados-al-arte\/#breadcrumb"},"inLanguage":"en-US","potentialAction":[{"@type":"ReadAction","target":["https:\/\/www.uartes.edu.ec\/sitio\/en\/blog\/2022\/05\/17\/ces-analiza-con-ies-las-reformas-al-reglamento-deregimen-academico-en-temas-relacionados-al-arte\/"]}]},{"@type":"ImageObject","inLanguage":"en-US","@id":"https:\/\/www.uartes.edu.ec\/sitio\/en\/blog\/2022\/05\/17\/ces-analiza-con-ies-las-reformas-al-reglamento-deregimen-academico-en-temas-relacionados-al-arte\/#primaryimage","url":"https:\/\/www.uartes.edu.ec\/sitio\/wp-content\/uploads\/2022\/05\/01-CES-UARTES-WEB.jpg","contentUrl":"https:\/\/www.uartes.edu.ec\/sitio\/wp-content\/uploads\/2022\/05\/01-CES-UARTES-WEB.jpg","width":2000,"height":1333},{"@type":"BreadcrumbList","@id":"https:\/\/www.uartes.edu.ec\/sitio\/en\/blog\/2022\/05\/17\/ces-analiza-con-ies-las-reformas-al-reglamento-deregimen-academico-en-temas-relacionados-al-arte\/#breadcrumb","itemListElement":[{"@type":"ListItem","position":1,"name":"Inicio","item":"https:\/\/www.uartes.edu.ec\/sitio\/"},{"@type":"ListItem","position":2,"name":"CES analiza con IES del pa\u00eds reformas al Reglamento de R\u00e9gimen Acad\u00e9mico en temas relacionados a carreras de artes"}]},{"@type":"WebSite","@id":"https:\/\/www.uartes.edu.ec\/sitio\/en\/#website","url":"https:\/\/www.uartes.edu.ec\/sitio\/en\/","name":"Universidad de las Artes","description":"Sitio oficial de la Universidad Nacional de las Artes del Ecuador","publisher":{"@id":"https:\/\/www.uartes.edu.ec\/sitio\/en\/#organization"},"potentialAction":[{"@type":"SearchAction","target":{"@type":"EntryPoint","urlTemplate":"https:\/\/www.uartes.edu.ec\/sitio\/en\/?s={search_term_string}"},"query-input":{"@type":"PropertyValueSpecification","valueRequired":true,"valueName":"search_term_string"}}],"inLanguage":"en-US"},{"@type":"Organization","@id":"https:\/\/www.uartes.edu.ec\/sitio\/en\/#organization","name":"Universidad de las Artes","url":"https:\/\/www.uartes.edu.ec\/sitio\/en\/","logo":{"@type":"ImageObject","inLanguage":"en-US","@id":"https:\/\/www.uartes.edu.ec\/sitio\/en\/#\/schema\/logo\/image\/","url":"https:\/\/www.uartes.edu.ec\/sitio\/wp-content\/uploads\/2022\/07\/logo-ua-horizontal.png","contentUrl":"https:\/\/www.uartes.edu.ec\/sitio\/wp-content\/uploads\/2022\/07\/logo-ua-horizontal.png","width":800,"height":276,"caption":"Universidad de las Artes"},"image":{"@id":"https:\/\/www.uartes.edu.ec\/sitio\/en\/#\/schema\/logo\/image\/"},"sameAs":["https:\/\/www.facebook.com\/uartesec","https:\/\/x.com\/uartesec","https:\/\/www.tiktok.com\/@uartesec"]},{"@type":"Person","@id":"https:\/\/www.uartes.edu.ec\/sitio\/en\/#\/schema\/person\/efa1b8275797664fd7f13a79ccc0b1f4","name":"ccortez","image":{"@type":"ImageObject","inLanguage":"en-US","@id":"https:\/\/secure.gravatar.com\/avatar\/b2a6f664a3ae8e074346ef91775736c5ec479e637ecced6842de9dc98b5da9cd?s=96&d=mm&r=g","url":"https:\/\/secure.gravatar.com\/avatar\/b2a6f664a3ae8e074346ef91775736c5ec479e637ecced6842de9dc98b5da9cd?s=96&d=mm&r=g","contentUrl":"https:\/\/secure.gravatar.com\/avatar\/b2a6f664a3ae8e074346ef91775736c5ec479e637ecced6842de9dc98b5da9cd?s=96&d=mm&r=g","caption":"ccortez"},"url":"https:\/\/www.uartes.edu.ec\/sitio\/en\/blog\/author\/ccortez\/"}]}},"uagb_featured_image_src":{"full":["https:\/\/www.uartes.edu.ec\/sitio\/wp-content\/uploads\/2022\/05\/01-CES-UARTES-WEB.jpg",2000,1333,false],"thumbnail":["https:\/\/www.uartes.edu.ec\/sitio\/wp-content\/uploads\/2022\/05\/01-CES-UARTES-WEB-150x150.jpg",150,150,true],"medium":["https:\/\/www.uartes.edu.ec\/sitio\/wp-content\/uploads\/2022\/05\/01-CES-UARTES-WEB-300x200.jpg",300,200,true],"medium_large":["https:\/\/www.uartes.edu.ec\/sitio\/wp-content\/uploads\/2022\/05\/01-CES-UARTES-WEB-768x512.jpg",768,512,true],"large":["https:\/\/www.uartes.edu.ec\/sitio\/wp-content\/uploads\/2022\/05\/01-CES-UARTES-WEB-644x429.jpg",644,429,true],"1536x1536":["https:\/\/www.uartes.edu.ec\/sitio\/wp-content\/uploads\/2022\/05\/01-CES-UARTES-WEB-1536x1024.jpg",1536,1024,true],"2048x2048":["https:\/\/www.uartes.edu.ec\/sitio\/wp-content\/uploads\/2022\/05\/01-CES-UARTES-WEB.jpg",2000,1333,false],"trp-custom-language-flag":["https:\/\/www.uartes.edu.ec\/sitio\/wp-content\/uploads\/2022\/05\/01-CES-UARTES-WEB.jpg",18,12,false],"htmega_size_585x295":["https:\/\/www.uartes.edu.ec\/sitio\/wp-content\/uploads\/2022\/05\/01-CES-UARTES-WEB.jpg",443,295,false],"htmega_size_1170x536":["https:\/\/www.uartes.edu.ec\/sitio\/wp-content\/uploads\/2022\/05\/01-CES-UARTES-WEB.jpg",804,536,false],"htmega_size_396x360":["https:\/\/www.uartes.edu.ec\/sitio\/wp-content\/uploads\/2022\/05\/01-CES-UARTES-WEB.jpg",396,264,false],"gb-block-post-grid-landscape":["https:\/\/www.uartes.edu.ec\/sitio\/wp-content\/uploads\/2022\/05\/01-CES-UARTES-WEB-600x400.jpg",600,400,true],"gb-block-post-grid-square":["https:\/\/www.uartes.edu.ec\/sitio\/wp-content\/uploads\/2022\/05\/01-CES-UARTES-WEB-600x600.jpg",600,600,true],"university-hub-thumb":["https:\/\/www.uartes.edu.ec\/sitio\/wp-content\/uploads\/2022\/05\/01-CES-UARTES-WEB-400x267.jpg",400,267,true],"mailpoet_newsletter_max":["https:\/\/www.uartes.edu.ec\/sitio\/wp-content\/uploads\/2022\/05\/01-CES-UARTES-WEB.jpg",1320,880,false]},"uagb_author_info":{"display_name":"ccortez","author_link":"https:\/\/www.uartes.edu.ec\/sitio\/en\/blog\/author\/ccortez\/"},"uagb_comment_info":0,"uagb_excerpt":"Para analizar el proyecto de reforma del Reglamento de R\u00e9gimen Acad\u00e9mico en temas relacionados a las carreras de artes, el Dr. Pablo Beltr\u00e1n Ayala, presidente del CES, se reuni\u00f3 con autoridades de IES del pa\u00eds especializadas en ese \u00e1mbito. Nuestro rector, Dr. William Herrera, se\u00f1al\u00f3 como positiva la cita, pues fueron acogidas las propuestas de&hellip;","featured_image_src":"https:\/\/www.uartes.edu.ec\/sitio\/wp-content\/uploads\/2022\/05\/01-CES-UARTES-WEB-600x400.jpg","featured_image_src_square":"https:\/\/www.uartes.edu.ec\/sitio\/wp-content\/uploads\/2022\/05\/01-CES-UARTES-WEB-600x600.jpg","author_info":{"display_name":"ccortez","author_link":"https:\/\/www.uartes.edu.ec\/sitio\/en\/blog\/author\/ccortez\/"},"publishpress_future_workflow_manual_trigger":{"enabledWorkflows":[]},"distributor_meta":false,"distributor_terms":false,"distributor_media":false,"distributor_original_site_name":"Universidad de las Artes","distributor_original_site_url":"https:\/\/www.uartes.edu.ec\/sitio\/en","push-errors":false,"_links":{"self":[{"href":"https:\/\/www.uartes.edu.ec\/sitio\/en\/wp-json\/wp\/v2\/posts\/21617","targetHints":{"allow":["GET"]}}],"collection":[{"href":"https:\/\/www.uartes.edu.ec\/sitio\/en\/wp-json\/wp\/v2\/posts"}],"about":[{"href":"https:\/\/www.uartes.edu.ec\/sitio\/en\/wp-json\/wp\/v2\/types\/post"}],"author":[{"embeddable":true,"href":"https:\/\/www.uartes.edu.ec\/sitio\/en\/wp-json\/wp\/v2\/users\/10"}],"replies":[{"embeddable":true,"href":"https:\/\/www.uartes.edu.ec\/sitio\/en\/wp-json\/wp\/v2\/comments?post=21617"}],"version-history":[{"count":10,"href":"https:\/\/www.uartes.edu.ec\/sitio\/en\/wp-json\/wp\/v2\/posts\/21617\/revisions"}],"predecessor-version":[{"id":21640,"href":"https:\/\/www.uartes.edu.ec\/sitio\/en\/wp-json\/wp\/v2\/posts\/21617\/revisions\/21640"}],"wp:featuredmedia":[{"embeddable":true,"href":"https:\/\/www.uartes.edu.ec\/sitio\/en\/wp-json\/wp\/v2\/media\/21619"}],"wp:attachment":[{"href":"https:\/\/www.uartes.edu.ec\/sitio\/en\/wp-json\/wp\/v2\/media?parent=21617"}],"wp:term":[{"taxonomy":"category","embeddable":true,"href":"https:\/\/www.uartes.edu.ec\/sitio\/en\/wp-json\/wp\/v2\/categories?post=21617"},{"taxonomy":"post_tag","embeddable":true,"href":"https:\/\/www.uartes.edu.ec\/sitio\/en\/wp-json\/wp\/v2\/tags?post=21617"},{"taxonomy":"infouartes","embeddable":true,"href":"https:\/\/www.uartes.edu.ec\/sitio\/en\/wp-json\/wp\/v2\/infouartes?post=21617"}],"curies":[{"name":"wp","href":"https:\/\/api.w.org\/{rel}","templated":true}]}}