{"id":21650,"date":"2022-05-17T17:38:00","date_gmt":"2022-05-17T22:38:00","guid":{"rendered":"http:\/\/www.uartes.edu.ec\/sitio\/?p=21650"},"modified":"2024-07-04T11:23:38","modified_gmt":"2024-07-04T16:23:38","slug":"presidenta-del-caces-visito-la-uartes-paradialogar-sobre-las-evaluaciones-de-las-ies","status":"publish","type":"post","link":"https:\/\/www.uartes.edu.ec\/sitio\/en\/blog\/2022\/05\/17\/presidenta-del-caces-visito-la-uartes-paradialogar-sobre-las-evaluaciones-de-las-ies\/","title":{"rendered":"Presidenta del CACES visit\u00f3 la UArtes para tratar temas sobre la evaluaci\u00f3n en el Sistema de Educaci\u00f3n Superior"},"content":{"rendered":"<p>Una reuni\u00f3n interinstitucional, para tratar temas sobre la evaluaci\u00f3n en el Sistema de Educaci\u00f3n Superior, mantuvo el viernes 13 de mayo la presidenta del CACES, Wendy Anzules, con el rector y el vicerrector Acad\u00e9mico de la Universidad de las Artes, doctores William Herrera y Bradley Hilgert, respectivamente.<\/p>\n\n\n\n<p>La titular del Consejo de Aseguramiento de la Calidad de la Educaci\u00f3n Superior se\u00f1al\u00f3 que el CACES se encuentra desarrollando en nuevo modelo de evaluaci\u00f3n para universidades y escuelas polit\u00e9cnicas, el cual ser\u00e1 aprobado en este a\u00f1o y su aplicaci\u00f3n se har\u00e1 en el 2025.&nbsp;<\/p>\n\n\n\n<p>Uno de los principales intereses de Anzules, se anot\u00f3 durante la cita,\u00a0fue abordar el tema de la evaluaci\u00f3n y el aseguramiento de la calidad en el campo de la formaci\u00f3n art\u00edstica-cultural.<\/p>\n\n\n\n<p>Fomentar la autoevaluaci\u00f3n y el trabajo constante de aseguramiento de la calidad educativa de las universidades y escuelas polit\u00e9cnicas constan entre los objetivos del CACES, se asegur\u00f3.&nbsp;<\/p>\n\n\n\n<div class=\"wp-block-image\"><figure class=\"aligncenter size-large\"><img fetchpriority=\"high\" decoding=\"async\" width=\"644\" height=\"429\" src=\"http:\/\/www.uartes.edu.ec\/sitio\/wp-content\/uploads\/2022\/05\/REUNION-CACES-02-644x429.jpg\" alt=\"\" class=\"wp-image-21652\" srcset=\"https:\/\/www.uartes.edu.ec\/sitio\/wp-content\/uploads\/2022\/05\/REUNION-CACES-02-644x429.jpg 644w, https:\/\/www.uartes.edu.ec\/sitio\/wp-content\/uploads\/2022\/05\/REUNION-CACES-02-768x511.jpg 768w, https:\/\/www.uartes.edu.ec\/sitio\/wp-content\/uploads\/2022\/05\/REUNION-CACES-02.jpg 2000w, https:\/\/www.uartes.edu.ec\/sitio\/wp-content\/uploads\/2022\/05\/REUNION-CACES-02-600x399.jpg 600w, https:\/\/www.uartes.edu.ec\/sitio\/wp-content\/uploads\/2022\/05\/REUNION-CACES-02-272x182.jpg 272w\" sizes=\"(max-width: 644px) 100vw, 644px\" \/><\/figure><\/div>\n\n\n\n<p>En la reuni\u00f3n, la Universidad de las Artes solicit\u00f3 que el modelo de evaluaci\u00f3n que desarrolla el Consejo de Aseguramiento de la Calidad de la Educaci\u00f3n Superior vaya en armon\u00eda con el campo de estudio de la IES evaluada, en tal sentido, la raz\u00f3n de ser de nuestra instituci\u00f3n es el campo art\u00edstico-cultural. &nbsp;<\/p>\n\n\n\n<p>Junto con el rector y el vicerrector Acad\u00e9mico de la UArtes estuvieron Sara Tobar, coordinadora de Planificaci\u00f3n y Gesti\u00f3n Estrat\u00e9gica, y Tania Navarrete, directora Ejecutiva del Centro de Producci\u00f3n e Innovaci\u00f3n MZ14, el cual la presidenta del CACES y su comitiva recorrieron.<\/p>\n\n\n\n<p>En im\u00e1genes, en la foto principal la presidenta del Consejo de Aseguramiento de la Calidad de la Educaci\u00f3n Superior, Wendy Anzules, y su comitiva junto a las autoridades y funcionarios de la UArtes en el Centro de Producci\u00f3n e Innovaci\u00f3n MZ14. Constan tambi\u00e9n la reuni\u00f3n mantenida y la visita que la titular del CACES al Estudio A de la Escuela de Artes Sonoras. En <a href=\"https:\/\/www.instagram.com\/p\/CdgyCTYr2qv\/\">Instagram: https:\/\/www.instagram.com\/p\/CdgyCTYr2qv\/<\/a><\/p>\n\n\n\n<div class=\"wp-block-image\"><figure class=\"aligncenter size-large\"><img decoding=\"async\" width=\"644\" height=\"429\" src=\"http:\/\/www.uartes.edu.ec\/sitio\/wp-content\/uploads\/2022\/05\/ESTUDIO-A-MZ14-CACES-WEB-644x429.jpg\" alt=\"\" class=\"wp-image-21653\" srcset=\"https:\/\/www.uartes.edu.ec\/sitio\/wp-content\/uploads\/2022\/05\/ESTUDIO-A-MZ14-CACES-WEB-644x429.jpg 644w, https:\/\/www.uartes.edu.ec\/sitio\/wp-content\/uploads\/2022\/05\/ESTUDIO-A-MZ14-CACES-WEB-768x511.jpg 768w, https:\/\/www.uartes.edu.ec\/sitio\/wp-content\/uploads\/2022\/05\/ESTUDIO-A-MZ14-CACES-WEB.jpg 2000w, https:\/\/www.uartes.edu.ec\/sitio\/wp-content\/uploads\/2022\/05\/ESTUDIO-A-MZ14-CACES-WEB-600x399.jpg 600w, https:\/\/www.uartes.edu.ec\/sitio\/wp-content\/uploads\/2022\/05\/ESTUDIO-A-MZ14-CACES-WEB-272x182.jpg 272w\" sizes=\"(max-width: 644px) 100vw, 644px\" \/><\/figure><\/div>","protected":false},"excerpt":{"rendered":"<p>Para tratar temas sobre la evaluaci\u00f3n en el Sistema de Educaci\u00f3n Superior, la presidenta del CACES, Wendy Anzules, mantuvo una reuni\u00f3n interinstitucional con el rector y el vicerrector Acad\u00e9mico de la Universidad de las Artes, doctores William Herrera y Bradley Hilgert, respectivamente. La funcionaria indic\u00f3 que el ente a su cargo desarrolla un nuevo modelo de evaluaci\u00f3n para universidades y escuelas polit\u00e9cnicas.<\/p>","protected":false},"author":10,"featured_media":21651,"comment_status":"open","ping_status":"open","sticky":false,"template":"","format":"standard","meta":{"_acf_changed":false,"_uag_custom_page_level_css":"","_monsterinsights_skip_tracking":false,"_monsterinsights_sitenote_active":false,"_monsterinsights_sitenote_note":"","_monsterinsights_sitenote_category":0,"cybocfi_hide_featured_image":"","footnotes":""},"categories":[438,82,77,84],"tags":[],"infouartes":[],"class_list":["post-21650","post","type-post","status-publish","format-standard","has-post-thumbnail","hentry","category-administrativos","category-artes","category-gestion","category-rectorado"],"acf":[],"yoast_head":"<!-- This site is optimized with the Yoast SEO plugin v27.4 - https:\/\/yoast.com\/product\/yoast-seo-wordpress\/ -->\n<title>Universidad de las Artes - Presidenta del CACES visit\u00f3 la UArtes para tratar temas sobre la evaluaci\u00f3n en el Sistema de Educaci\u00f3n Superior<\/title>\n<meta name=\"description\" content=\"Universidad de las Artes - Presidenta del CACES visit\u00f3 la UArtes para tratar temas sobre la evaluaci\u00f3n en el Sistema de Educaci\u00f3n Superior\" \/>\n<meta name=\"robots\" content=\"index, follow, max-snippet:-1, max-image-preview:large, max-video-preview:-1\" \/>\n<link rel=\"canonical\" href=\"https:\/\/www.uartes.edu.ec\/sitio\/en\/blog\/2022\/05\/17\/presidenta-del-caces-visito-la-uartes-paradialogar-sobre-las-evaluaciones-de-las-ies\/\" \/>\n<meta property=\"og:locale\" content=\"en_US\" \/>\n<meta property=\"og:type\" content=\"article\" \/>\n<meta property=\"og:title\" content=\"Universidad de las Artes - Presidenta del CACES visit\u00f3 la UArtes para tratar temas sobre la evaluaci\u00f3n en el Sistema de Educaci\u00f3n Superior\" \/>\n<meta property=\"og:description\" content=\"Universidad de las Artes - Presidenta del CACES visit\u00f3 la UArtes para tratar temas sobre la evaluaci\u00f3n en el Sistema de Educaci\u00f3n Superior\" \/>\n<meta property=\"og:url\" content=\"https:\/\/www.uartes.edu.ec\/sitio\/en\/blog\/2022\/05\/17\/presidenta-del-caces-visito-la-uartes-paradialogar-sobre-las-evaluaciones-de-las-ies\/\" \/>\n<meta property=\"og:site_name\" content=\"Universidad de las Artes\" \/>\n<meta property=\"article:publisher\" content=\"https:\/\/www.facebook.com\/uartesec\" \/>\n<meta property=\"article:published_time\" content=\"2022-05-17T22:38:00+00:00\" \/>\n<meta property=\"article:modified_time\" content=\"2024-07-04T16:23:38+00:00\" \/>\n<meta property=\"og:image\" content=\"https:\/\/www.uartes.edu.ec\/sitio\/wp-content\/uploads\/2022\/05\/REUNION-CACES-mz14.jpg\" \/>\n\t<meta property=\"og:image:width\" content=\"2000\" \/>\n\t<meta property=\"og:image:height\" content=\"1333\" \/>\n\t<meta property=\"og:image:type\" content=\"image\/jpeg\" \/>\n<meta name=\"author\" content=\"ccortez\" \/>\n<meta name=\"twitter:card\" content=\"summary_large_image\" \/>\n<meta name=\"twitter:creator\" content=\"@uartesec\" \/>\n<meta name=\"twitter:site\" content=\"@uartesec\" \/>\n<meta name=\"twitter:label1\" content=\"Written by\" \/>\n\t<meta name=\"twitter:data1\" content=\"ccortez\" \/>\n\t<meta name=\"twitter:label2\" content=\"Est. reading time\" \/>\n\t<meta name=\"twitter:data2\" content=\"2 minutes\" \/>\n<script type=\"application\/ld+json\" class=\"yoast-schema-graph\">{\"@context\":\"https:\\\/\\\/schema.org\",\"@graph\":[{\"@type\":\"Article\",\"@id\":\"https:\\\/\\\/www.uartes.edu.ec\\\/sitio\\\/en\\\/blog\\\/2022\\\/05\\\/17\\\/presidenta-del-caces-visito-la-uartes-paradialogar-sobre-las-evaluaciones-de-las-ies\\\/#article\",\"isPartOf\":{\"@id\":\"https:\\\/\\\/www.uartes.edu.ec\\\/sitio\\\/en\\\/blog\\\/2022\\\/05\\\/17\\\/presidenta-del-caces-visito-la-uartes-paradialogar-sobre-las-evaluaciones-de-las-ies\\\/\"},\"author\":{\"name\":\"ccortez\",\"@id\":\"https:\\\/\\\/www.uartes.edu.ec\\\/sitio\\\/en\\\/#\\\/schema\\\/person\\\/efa1b8275797664fd7f13a79ccc0b1f4\"},\"headline\":\"Presidenta del CACES visit\u00f3 la UArtes para tratar temas sobre la evaluaci\u00f3n en el Sistema de Educaci\u00f3n Superior\",\"datePublished\":\"2022-05-17T22:38:00+00:00\",\"dateModified\":\"2024-07-04T16:23:38+00:00\",\"mainEntityOfPage\":{\"@id\":\"https:\\\/\\\/www.uartes.edu.ec\\\/sitio\\\/en\\\/blog\\\/2022\\\/05\\\/17\\\/presidenta-del-caces-visito-la-uartes-paradialogar-sobre-las-evaluaciones-de-las-ies\\\/\"},\"wordCount\":373,\"commentCount\":0,\"publisher\":{\"@id\":\"https:\\\/\\\/www.uartes.edu.ec\\\/sitio\\\/en\\\/#organization\"},\"image\":{\"@id\":\"https:\\\/\\\/www.uartes.edu.ec\\\/sitio\\\/en\\\/blog\\\/2022\\\/05\\\/17\\\/presidenta-del-caces-visito-la-uartes-paradialogar-sobre-las-evaluaciones-de-las-ies\\\/#primaryimage\"},\"thumbnailUrl\":\"https:\\\/\\\/www.uartes.edu.ec\\\/sitio\\\/wp-content\\\/uploads\\\/2022\\\/05\\\/REUNION-CACES-mz14.jpg\",\"articleSection\":[\"Administrativos\",\"Artes\",\"Gesti\u00f3n\",\"Rectorado\"],\"inLanguage\":\"en-US\",\"potentialAction\":[{\"@type\":\"CommentAction\",\"name\":\"Comment\",\"target\":[\"https:\\\/\\\/www.uartes.edu.ec\\\/sitio\\\/en\\\/blog\\\/2022\\\/05\\\/17\\\/presidenta-del-caces-visito-la-uartes-paradialogar-sobre-las-evaluaciones-de-las-ies\\\/#respond\"]}]},{\"@type\":[\"WebPage\",\"ItemPage\"],\"@id\":\"https:\\\/\\\/www.uartes.edu.ec\\\/sitio\\\/en\\\/blog\\\/2022\\\/05\\\/17\\\/presidenta-del-caces-visito-la-uartes-paradialogar-sobre-las-evaluaciones-de-las-ies\\\/\",\"url\":\"https:\\\/\\\/www.uartes.edu.ec\\\/sitio\\\/en\\\/blog\\\/2022\\\/05\\\/17\\\/presidenta-del-caces-visito-la-uartes-paradialogar-sobre-las-evaluaciones-de-las-ies\\\/\",\"name\":\"Universidad de las Artes - Presidenta del CACES visit\u00f3 la UArtes para tratar temas sobre la evaluaci\u00f3n en el Sistema de Educaci\u00f3n Superior\",\"isPartOf\":{\"@id\":\"https:\\\/\\\/www.uartes.edu.ec\\\/sitio\\\/en\\\/#website\"},\"primaryImageOfPage\":{\"@id\":\"https:\\\/\\\/www.uartes.edu.ec\\\/sitio\\\/en\\\/blog\\\/2022\\\/05\\\/17\\\/presidenta-del-caces-visito-la-uartes-paradialogar-sobre-las-evaluaciones-de-las-ies\\\/#primaryimage\"},\"image\":{\"@id\":\"https:\\\/\\\/www.uartes.edu.ec\\\/sitio\\\/en\\\/blog\\\/2022\\\/05\\\/17\\\/presidenta-del-caces-visito-la-uartes-paradialogar-sobre-las-evaluaciones-de-las-ies\\\/#primaryimage\"},\"thumbnailUrl\":\"https:\\\/\\\/www.uartes.edu.ec\\\/sitio\\\/wp-content\\\/uploads\\\/2022\\\/05\\\/REUNION-CACES-mz14.jpg\",\"datePublished\":\"2022-05-17T22:38:00+00:00\",\"dateModified\":\"2024-07-04T16:23:38+00:00\",\"description\":\"Universidad de las Artes - Presidenta del CACES visit\u00f3 la UArtes para tratar temas sobre la evaluaci\u00f3n en el Sistema de Educaci\u00f3n Superior\",\"breadcrumb\":{\"@id\":\"https:\\\/\\\/www.uartes.edu.ec\\\/sitio\\\/en\\\/blog\\\/2022\\\/05\\\/17\\\/presidenta-del-caces-visito-la-uartes-paradialogar-sobre-las-evaluaciones-de-las-ies\\\/#breadcrumb\"},\"inLanguage\":\"en-US\",\"potentialAction\":[{\"@type\":\"ReadAction\",\"target\":[\"https:\\\/\\\/www.uartes.edu.ec\\\/sitio\\\/en\\\/blog\\\/2022\\\/05\\\/17\\\/presidenta-del-caces-visito-la-uartes-paradialogar-sobre-las-evaluaciones-de-las-ies\\\/\"]}]},{\"@type\":\"ImageObject\",\"inLanguage\":\"en-US\",\"@id\":\"https:\\\/\\\/www.uartes.edu.ec\\\/sitio\\\/en\\\/blog\\\/2022\\\/05\\\/17\\\/presidenta-del-caces-visito-la-uartes-paradialogar-sobre-las-evaluaciones-de-las-ies\\\/#primaryimage\",\"url\":\"https:\\\/\\\/www.uartes.edu.ec\\\/sitio\\\/wp-content\\\/uploads\\\/2022\\\/05\\\/REUNION-CACES-mz14.jpg\",\"contentUrl\":\"https:\\\/\\\/www.uartes.edu.ec\\\/sitio\\\/wp-content\\\/uploads\\\/2022\\\/05\\\/REUNION-CACES-mz14.jpg\",\"width\":2000,\"height\":1333},{\"@type\":\"BreadcrumbList\",\"@id\":\"https:\\\/\\\/www.uartes.edu.ec\\\/sitio\\\/en\\\/blog\\\/2022\\\/05\\\/17\\\/presidenta-del-caces-visito-la-uartes-paradialogar-sobre-las-evaluaciones-de-las-ies\\\/#breadcrumb\",\"itemListElement\":[{\"@type\":\"ListItem\",\"position\":1,\"name\":\"Inicio\",\"item\":\"https:\\\/\\\/www.uartes.edu.ec\\\/sitio\\\/\"},{\"@type\":\"ListItem\",\"position\":2,\"name\":\"Presidenta del CACES visit\u00f3 la UArtes para tratar temas sobre la evaluaci\u00f3n en el Sistema de Educaci\u00f3n Superior\"}]},{\"@type\":\"WebSite\",\"@id\":\"https:\\\/\\\/www.uartes.edu.ec\\\/sitio\\\/en\\\/#website\",\"url\":\"https:\\\/\\\/www.uartes.edu.ec\\\/sitio\\\/en\\\/\",\"name\":\"Universidad de las Artes\",\"description\":\"Sitio oficial de la Universidad Nacional de las Artes del Ecuador\",\"publisher\":{\"@id\":\"https:\\\/\\\/www.uartes.edu.ec\\\/sitio\\\/en\\\/#organization\"},\"potentialAction\":[{\"@type\":\"SearchAction\",\"target\":{\"@type\":\"EntryPoint\",\"urlTemplate\":\"https:\\\/\\\/www.uartes.edu.ec\\\/sitio\\\/en\\\/?s={search_term_string}\"},\"query-input\":{\"@type\":\"PropertyValueSpecification\",\"valueRequired\":true,\"valueName\":\"search_term_string\"}}],\"inLanguage\":\"en-US\"},{\"@type\":\"Organization\",\"@id\":\"https:\\\/\\\/www.uartes.edu.ec\\\/sitio\\\/en\\\/#organization\",\"name\":\"Universidad de las Artes\",\"url\":\"https:\\\/\\\/www.uartes.edu.ec\\\/sitio\\\/en\\\/\",\"logo\":{\"@type\":\"ImageObject\",\"inLanguage\":\"en-US\",\"@id\":\"https:\\\/\\\/www.uartes.edu.ec\\\/sitio\\\/en\\\/#\\\/schema\\\/logo\\\/image\\\/\",\"url\":\"https:\\\/\\\/www.uartes.edu.ec\\\/sitio\\\/wp-content\\\/uploads\\\/2022\\\/07\\\/logo-ua-horizontal.png\",\"contentUrl\":\"https:\\\/\\\/www.uartes.edu.ec\\\/sitio\\\/wp-content\\\/uploads\\\/2022\\\/07\\\/logo-ua-horizontal.png\",\"width\":800,\"height\":276,\"caption\":\"Universidad de las Artes\"},\"image\":{\"@id\":\"https:\\\/\\\/www.uartes.edu.ec\\\/sitio\\\/en\\\/#\\\/schema\\\/logo\\\/image\\\/\"},\"sameAs\":[\"https:\\\/\\\/www.facebook.com\\\/uartesec\",\"https:\\\/\\\/x.com\\\/uartesec\",\"https:\\\/\\\/www.tiktok.com\\\/@uartesec\"]},{\"@type\":\"Person\",\"@id\":\"https:\\\/\\\/www.uartes.edu.ec\\\/sitio\\\/en\\\/#\\\/schema\\\/person\\\/efa1b8275797664fd7f13a79ccc0b1f4\",\"name\":\"ccortez\",\"image\":{\"@type\":\"ImageObject\",\"inLanguage\":\"en-US\",\"@id\":\"https:\\\/\\\/secure.gravatar.com\\\/avatar\\\/b2a6f664a3ae8e074346ef91775736c5ec479e637ecced6842de9dc98b5da9cd?s=96&d=mm&r=g\",\"url\":\"https:\\\/\\\/secure.gravatar.com\\\/avatar\\\/b2a6f664a3ae8e074346ef91775736c5ec479e637ecced6842de9dc98b5da9cd?s=96&d=mm&r=g\",\"contentUrl\":\"https:\\\/\\\/secure.gravatar.com\\\/avatar\\\/b2a6f664a3ae8e074346ef91775736c5ec479e637ecced6842de9dc98b5da9cd?s=96&d=mm&r=g\",\"caption\":\"ccortez\"},\"url\":\"https:\\\/\\\/www.uartes.edu.ec\\\/sitio\\\/en\\\/blog\\\/author\\\/ccortez\\\/\"}]}<\/script>\n<!-- \/ Yoast SEO plugin. -->","yoast_head_json":{"title":"Universidad de las Artes - Presidenta del CACES visit\u00f3 la UArtes para tratar temas sobre la evaluaci\u00f3n en el Sistema de Educaci\u00f3n Superior","description":"Universidad de las Artes - Presidenta del CACES visit\u00f3 la UArtes para tratar temas sobre la evaluaci\u00f3n en el Sistema de Educaci\u00f3n Superior","robots":{"index":"index","follow":"follow","max-snippet":"max-snippet:-1","max-image-preview":"max-image-preview:large","max-video-preview":"max-video-preview:-1"},"canonical":"https:\/\/www.uartes.edu.ec\/sitio\/en\/blog\/2022\/05\/17\/presidenta-del-caces-visito-la-uartes-paradialogar-sobre-las-evaluaciones-de-las-ies\/","og_locale":"en_US","og_type":"article","og_title":"Universidad de las Artes - Presidenta del CACES visit\u00f3 la UArtes para tratar temas sobre la evaluaci\u00f3n en el Sistema de Educaci\u00f3n Superior","og_description":"Universidad de las Artes - Presidenta del CACES visit\u00f3 la UArtes para tratar temas sobre la evaluaci\u00f3n en el Sistema de Educaci\u00f3n Superior","og_url":"https:\/\/www.uartes.edu.ec\/sitio\/en\/blog\/2022\/05\/17\/presidenta-del-caces-visito-la-uartes-paradialogar-sobre-las-evaluaciones-de-las-ies\/","og_site_name":"Universidad de las Artes","article_publisher":"https:\/\/www.facebook.com\/uartesec","article_published_time":"2022-05-17T22:38:00+00:00","article_modified_time":"2024-07-04T16:23:38+00:00","og_image":[{"width":2000,"height":1333,"url":"https:\/\/www.uartes.edu.ec\/sitio\/wp-content\/uploads\/2022\/05\/REUNION-CACES-mz14.jpg","type":"image\/jpeg"}],"author":"ccortez","twitter_card":"summary_large_image","twitter_creator":"@uartesec","twitter_site":"@uartesec","twitter_misc":{"Written by":"ccortez","Est. reading time":"2 minutes"},"schema":{"@context":"https:\/\/schema.org","@graph":[{"@type":"Article","@id":"https:\/\/www.uartes.edu.ec\/sitio\/en\/blog\/2022\/05\/17\/presidenta-del-caces-visito-la-uartes-paradialogar-sobre-las-evaluaciones-de-las-ies\/#article","isPartOf":{"@id":"https:\/\/www.uartes.edu.ec\/sitio\/en\/blog\/2022\/05\/17\/presidenta-del-caces-visito-la-uartes-paradialogar-sobre-las-evaluaciones-de-las-ies\/"},"author":{"name":"ccortez","@id":"https:\/\/www.uartes.edu.ec\/sitio\/en\/#\/schema\/person\/efa1b8275797664fd7f13a79ccc0b1f4"},"headline":"Presidenta del CACES visit\u00f3 la UArtes para tratar temas sobre la evaluaci\u00f3n en el Sistema de Educaci\u00f3n Superior","datePublished":"2022-05-17T22:38:00+00:00","dateModified":"2024-07-04T16:23:38+00:00","mainEntityOfPage":{"@id":"https:\/\/www.uartes.edu.ec\/sitio\/en\/blog\/2022\/05\/17\/presidenta-del-caces-visito-la-uartes-paradialogar-sobre-las-evaluaciones-de-las-ies\/"},"wordCount":373,"commentCount":0,"publisher":{"@id":"https:\/\/www.uartes.edu.ec\/sitio\/en\/#organization"},"image":{"@id":"https:\/\/www.uartes.edu.ec\/sitio\/en\/blog\/2022\/05\/17\/presidenta-del-caces-visito-la-uartes-paradialogar-sobre-las-evaluaciones-de-las-ies\/#primaryimage"},"thumbnailUrl":"https:\/\/www.uartes.edu.ec\/sitio\/wp-content\/uploads\/2022\/05\/REUNION-CACES-mz14.jpg","articleSection":["Administrativos","Artes","Gesti\u00f3n","Rectorado"],"inLanguage":"en-US","potentialAction":[{"@type":"CommentAction","name":"Comment","target":["https:\/\/www.uartes.edu.ec\/sitio\/en\/blog\/2022\/05\/17\/presidenta-del-caces-visito-la-uartes-paradialogar-sobre-las-evaluaciones-de-las-ies\/#respond"]}]},{"@type":["WebPage","ItemPage"],"@id":"https:\/\/www.uartes.edu.ec\/sitio\/en\/blog\/2022\/05\/17\/presidenta-del-caces-visito-la-uartes-paradialogar-sobre-las-evaluaciones-de-las-ies\/","url":"https:\/\/www.uartes.edu.ec\/sitio\/en\/blog\/2022\/05\/17\/presidenta-del-caces-visito-la-uartes-paradialogar-sobre-las-evaluaciones-de-las-ies\/","name":"Universidad de las Artes - Presidenta del CACES visit\u00f3 la UArtes para tratar temas sobre la evaluaci\u00f3n en el Sistema de Educaci\u00f3n Superior","isPartOf":{"@id":"https:\/\/www.uartes.edu.ec\/sitio\/en\/#website"},"primaryImageOfPage":{"@id":"https:\/\/www.uartes.edu.ec\/sitio\/en\/blog\/2022\/05\/17\/presidenta-del-caces-visito-la-uartes-paradialogar-sobre-las-evaluaciones-de-las-ies\/#primaryimage"},"image":{"@id":"https:\/\/www.uartes.edu.ec\/sitio\/en\/blog\/2022\/05\/17\/presidenta-del-caces-visito-la-uartes-paradialogar-sobre-las-evaluaciones-de-las-ies\/#primaryimage"},"thumbnailUrl":"https:\/\/www.uartes.edu.ec\/sitio\/wp-content\/uploads\/2022\/05\/REUNION-CACES-mz14.jpg","datePublished":"2022-05-17T22:38:00+00:00","dateModified":"2024-07-04T16:23:38+00:00","description":"Universidad de las Artes - Presidenta del CACES visit\u00f3 la UArtes para tratar temas sobre la evaluaci\u00f3n en el Sistema de Educaci\u00f3n Superior","breadcrumb":{"@id":"https:\/\/www.uartes.edu.ec\/sitio\/en\/blog\/2022\/05\/17\/presidenta-del-caces-visito-la-uartes-paradialogar-sobre-las-evaluaciones-de-las-ies\/#breadcrumb"},"inLanguage":"en-US","potentialAction":[{"@type":"ReadAction","target":["https:\/\/www.uartes.edu.ec\/sitio\/en\/blog\/2022\/05\/17\/presidenta-del-caces-visito-la-uartes-paradialogar-sobre-las-evaluaciones-de-las-ies\/"]}]},{"@type":"ImageObject","inLanguage":"en-US","@id":"https:\/\/www.uartes.edu.ec\/sitio\/en\/blog\/2022\/05\/17\/presidenta-del-caces-visito-la-uartes-paradialogar-sobre-las-evaluaciones-de-las-ies\/#primaryimage","url":"https:\/\/www.uartes.edu.ec\/sitio\/wp-content\/uploads\/2022\/05\/REUNION-CACES-mz14.jpg","contentUrl":"https:\/\/www.uartes.edu.ec\/sitio\/wp-content\/uploads\/2022\/05\/REUNION-CACES-mz14.jpg","width":2000,"height":1333},{"@type":"BreadcrumbList","@id":"https:\/\/www.uartes.edu.ec\/sitio\/en\/blog\/2022\/05\/17\/presidenta-del-caces-visito-la-uartes-paradialogar-sobre-las-evaluaciones-de-las-ies\/#breadcrumb","itemListElement":[{"@type":"ListItem","position":1,"name":"Inicio","item":"https:\/\/www.uartes.edu.ec\/sitio\/"},{"@type":"ListItem","position":2,"name":"Presidenta del CACES visit\u00f3 la UArtes para tratar temas sobre la evaluaci\u00f3n en el Sistema de Educaci\u00f3n Superior"}]},{"@type":"WebSite","@id":"https:\/\/www.uartes.edu.ec\/sitio\/en\/#website","url":"https:\/\/www.uartes.edu.ec\/sitio\/en\/","name":"Universidad de las Artes","description":"Sitio oficial de la Universidad Nacional de las Artes del Ecuador","publisher":{"@id":"https:\/\/www.uartes.edu.ec\/sitio\/en\/#organization"},"potentialAction":[{"@type":"SearchAction","target":{"@type":"EntryPoint","urlTemplate":"https:\/\/www.uartes.edu.ec\/sitio\/en\/?s={search_term_string}"},"query-input":{"@type":"PropertyValueSpecification","valueRequired":true,"valueName":"search_term_string"}}],"inLanguage":"en-US"},{"@type":"Organization","@id":"https:\/\/www.uartes.edu.ec\/sitio\/en\/#organization","name":"Universidad de las Artes","url":"https:\/\/www.uartes.edu.ec\/sitio\/en\/","logo":{"@type":"ImageObject","inLanguage":"en-US","@id":"https:\/\/www.uartes.edu.ec\/sitio\/en\/#\/schema\/logo\/image\/","url":"https:\/\/www.uartes.edu.ec\/sitio\/wp-content\/uploads\/2022\/07\/logo-ua-horizontal.png","contentUrl":"https:\/\/www.uartes.edu.ec\/sitio\/wp-content\/uploads\/2022\/07\/logo-ua-horizontal.png","width":800,"height":276,"caption":"Universidad de las Artes"},"image":{"@id":"https:\/\/www.uartes.edu.ec\/sitio\/en\/#\/schema\/logo\/image\/"},"sameAs":["https:\/\/www.facebook.com\/uartesec","https:\/\/x.com\/uartesec","https:\/\/www.tiktok.com\/@uartesec"]},{"@type":"Person","@id":"https:\/\/www.uartes.edu.ec\/sitio\/en\/#\/schema\/person\/efa1b8275797664fd7f13a79ccc0b1f4","name":"ccortez","image":{"@type":"ImageObject","inLanguage":"en-US","@id":"https:\/\/secure.gravatar.com\/avatar\/b2a6f664a3ae8e074346ef91775736c5ec479e637ecced6842de9dc98b5da9cd?s=96&d=mm&r=g","url":"https:\/\/secure.gravatar.com\/avatar\/b2a6f664a3ae8e074346ef91775736c5ec479e637ecced6842de9dc98b5da9cd?s=96&d=mm&r=g","contentUrl":"https:\/\/secure.gravatar.com\/avatar\/b2a6f664a3ae8e074346ef91775736c5ec479e637ecced6842de9dc98b5da9cd?s=96&d=mm&r=g","caption":"ccortez"},"url":"https:\/\/www.uartes.edu.ec\/sitio\/en\/blog\/author\/ccortez\/"}]}},"uagb_featured_image_src":{"full":["https:\/\/www.uartes.edu.ec\/sitio\/wp-content\/uploads\/2022\/05\/REUNION-CACES-mz14.jpg",2000,1333,false],"thumbnail":["https:\/\/www.uartes.edu.ec\/sitio\/wp-content\/uploads\/2022\/05\/REUNION-CACES-mz14-150x150.jpg",150,150,true],"medium":["https:\/\/www.uartes.edu.ec\/sitio\/wp-content\/uploads\/2022\/05\/REUNION-CACES-mz14-300x200.jpg",300,200,true],"medium_large":["https:\/\/www.uartes.edu.ec\/sitio\/wp-content\/uploads\/2022\/05\/REUNION-CACES-mz14-768x512.jpg",768,512,true],"large":["https:\/\/www.uartes.edu.ec\/sitio\/wp-content\/uploads\/2022\/05\/REUNION-CACES-mz14-644x429.jpg",644,429,true],"1536x1536":["https:\/\/www.uartes.edu.ec\/sitio\/wp-content\/uploads\/2022\/05\/REUNION-CACES-mz14-1536x1024.jpg",1536,1024,true],"2048x2048":["https:\/\/www.uartes.edu.ec\/sitio\/wp-content\/uploads\/2022\/05\/REUNION-CACES-mz14.jpg",2000,1333,false],"trp-custom-language-flag":["https:\/\/www.uartes.edu.ec\/sitio\/wp-content\/uploads\/2022\/05\/REUNION-CACES-mz14.jpg",18,12,false],"htmega_size_585x295":["https:\/\/www.uartes.edu.ec\/sitio\/wp-content\/uploads\/2022\/05\/REUNION-CACES-mz14.jpg",443,295,false],"htmega_size_1170x536":["https:\/\/www.uartes.edu.ec\/sitio\/wp-content\/uploads\/2022\/05\/REUNION-CACES-mz14.jpg",804,536,false],"htmega_size_396x360":["https:\/\/www.uartes.edu.ec\/sitio\/wp-content\/uploads\/2022\/05\/REUNION-CACES-mz14.jpg",396,264,false],"gb-block-post-grid-landscape":["https:\/\/www.uartes.edu.ec\/sitio\/wp-content\/uploads\/2022\/05\/REUNION-CACES-mz14-600x400.jpg",600,400,true],"gb-block-post-grid-square":["https:\/\/www.uartes.edu.ec\/sitio\/wp-content\/uploads\/2022\/05\/REUNION-CACES-mz14-600x600.jpg",600,600,true],"university-hub-thumb":["https:\/\/www.uartes.edu.ec\/sitio\/wp-content\/uploads\/2022\/05\/REUNION-CACES-mz14-400x267.jpg",400,267,true],"mailpoet_newsletter_max":["https:\/\/www.uartes.edu.ec\/sitio\/wp-content\/uploads\/2022\/05\/REUNION-CACES-mz14.jpg",1320,880,false]},"uagb_author_info":{"display_name":"ccortez","author_link":"https:\/\/www.uartes.edu.ec\/sitio\/en\/blog\/author\/ccortez\/"},"uagb_comment_info":0,"uagb_excerpt":"Para tratar temas sobre la evaluaci\u00f3n en el Sistema de Educaci\u00f3n Superior, la presidenta del CACES, Wendy Anzules, mantuvo una reuni\u00f3n interinstitucional con el rector y el vicerrector Acad\u00e9mico de la Universidad de las Artes, doctores William Herrera y Bradley Hilgert, respectivamente. La funcionaria indic\u00f3 que el ente a su cargo desarrolla un nuevo modelo&hellip;","featured_image_src":"https:\/\/www.uartes.edu.ec\/sitio\/wp-content\/uploads\/2022\/05\/REUNION-CACES-mz14-600x400.jpg","featured_image_src_square":"https:\/\/www.uartes.edu.ec\/sitio\/wp-content\/uploads\/2022\/05\/REUNION-CACES-mz14-600x600.jpg","author_info":{"display_name":"ccortez","author_link":"https:\/\/www.uartes.edu.ec\/sitio\/en\/blog\/author\/ccortez\/"},"publishpress_future_workflow_manual_trigger":{"enabledWorkflows":[]},"distributor_meta":false,"distributor_terms":false,"distributor_media":false,"distributor_original_site_name":"Universidad de las Artes","distributor_original_site_url":"https:\/\/www.uartes.edu.ec\/sitio\/en","push-errors":false,"_links":{"self":[{"href":"https:\/\/www.uartes.edu.ec\/sitio\/en\/wp-json\/wp\/v2\/posts\/21650","targetHints":{"allow":["GET"]}}],"collection":[{"href":"https:\/\/www.uartes.edu.ec\/sitio\/en\/wp-json\/wp\/v2\/posts"}],"about":[{"href":"https:\/\/www.uartes.edu.ec\/sitio\/en\/wp-json\/wp\/v2\/types\/post"}],"author":[{"embeddable":true,"href":"https:\/\/www.uartes.edu.ec\/sitio\/en\/wp-json\/wp\/v2\/users\/10"}],"replies":[{"embeddable":true,"href":"https:\/\/www.uartes.edu.ec\/sitio\/en\/wp-json\/wp\/v2\/comments?post=21650"}],"version-history":[{"count":4,"href":"https:\/\/www.uartes.edu.ec\/sitio\/en\/wp-json\/wp\/v2\/posts\/21650\/revisions"}],"predecessor-version":[{"id":21668,"href":"https:\/\/www.uartes.edu.ec\/sitio\/en\/wp-json\/wp\/v2\/posts\/21650\/revisions\/21668"}],"wp:featuredmedia":[{"embeddable":true,"href":"https:\/\/www.uartes.edu.ec\/sitio\/en\/wp-json\/wp\/v2\/media\/21651"}],"wp:attachment":[{"href":"https:\/\/www.uartes.edu.ec\/sitio\/en\/wp-json\/wp\/v2\/media?parent=21650"}],"wp:term":[{"taxonomy":"category","embeddable":true,"href":"https:\/\/www.uartes.edu.ec\/sitio\/en\/wp-json\/wp\/v2\/categories?post=21650"},{"taxonomy":"post_tag","embeddable":true,"href":"https:\/\/www.uartes.edu.ec\/sitio\/en\/wp-json\/wp\/v2\/tags?post=21650"},{"taxonomy":"infouartes","embeddable":true,"href":"https:\/\/www.uartes.edu.ec\/sitio\/en\/wp-json\/wp\/v2\/infouartes?post=21650"}],"curies":[{"name":"wp","href":"https:\/\/api.w.org\/{rel}","templated":true}]}}