{"id":229,"date":"2017-05-02T15:54:02","date_gmt":"2017-05-02T20:54:02","guid":{"rendered":"http:\/\/www.uartes.edu.ec\/infouartes\/?p=229"},"modified":"2024-07-04T11:54:21","modified_gmt":"2024-07-04T16:54:21","slug":"giada-lusardi-dicta-conferencia-en-la-uartes-sobre-proyecto-lipada","status":"publish","type":"post","link":"https:\/\/www.uartes.edu.ec\/sitio\/en\/blog\/2017\/05\/02\/giada-lusardi-dicta-conferencia-en-la-uartes-sobre-proyecto-lipada\/","title":{"rendered":"Giada Lusardi dicta conferencia en la UArtes sobre proyecto LIPADA"},"content":{"rendered":"<p><strong>Giada Lusardi<\/strong>, investigadora de la Pontificia Universidad Cat\u00f3lica del Ecuador (PUCE), dictar\u00e1 la <strong>conferencia <\/strong>sobre el proyecto <em>LIPADA, Laboratorio de Investigaci\u00f3n sobre fondos documentales del proyecto de Arquitectura, Dise\u00f1o y Artes del Ecuador del Siglo XX.<\/em> La visita a la Universidad de las Artes del Ecuador (UArtes) se realiza en el marco del convenio que firmaron ambas instituciones.<\/p>\n\n\n\n<p>LIPADA es un laboratorio\/archivo&nbsp;que conserva, investiga y difunde materiales que aportan a la consolidaci\u00f3n de la memoria de la arquitectura, el dise\u00f1o y las artes del Ecuador del siglo XX; se construye a trav\u00e9s de archivos privados donados a la Pontificia Universidad Cat\u00f3lica del Ecuador, espec\u00edficamente para el proyecto.<\/p>\n\n\n\n<p>En esta ponencia se presentar\u00e1n los antecedentes que impulsaron el proyecto,&nbsp;se&nbsp;hablar\u00e1&nbsp;de la estructura y funciones de LIPADA y se revisar\u00e1n algunos de los materiales actualmente conservados en sus tres fondos documentales: Fondo \u2018La Galer\u00eda\u2019, Fondo \u2018Karl Kohn\u2019 y Fondo \u2018Ovidio Wappenstein\u2019. La charla culminar\u00e1 reflexionando sobre las&nbsp;acciones a mediano y largo plazo y sobre posibles colaboraciones institucionales.<\/p>\n\n\n\n<p>Lusardi, de origen italiano, es profesora PUCE donde ense\u00f1a Historia del Arte del siglo XX y XXI y Curadur\u00eda de exposiciones de arte. Es M\u00e1ster en Historia del Arte Medieval, Moderno y Contempor\u00e1neo en la Facultad de Letras y Filosof\u00eda de la Universidad de Parma (2012). Licenciada en Bienes Art\u00edsticos, Teatrales, Cinematogr\u00e1ficos y de los Nuevos Medios en la Facultad de Letras y Filosof\u00eda de la Universidad de Parma (2008). Desde 2005 se ocupa de proyectos culturales y museol\u00f3gicos, de planificaci\u00f3n y desarrollo, did\u00e1ctica de museos y laboratorios de t\u00e9cnicas art\u00edsticas. En los \u00faltimos a\u00f1os sus estudios se han enfocado en el tema del Performance Art en relaci\u00f3n con su documentaci\u00f3n video y en la historia del arte moderno y contempor\u00e1neo latinoamericano.<\/p>\n\n\n<div class=\"wp-block-image\">\n<figure class=\"aligncenter\"><img decoding=\"async\" src=\"http:\/\/www.uartes.edu.ec\/infouartes\/wp-content\/uploads\/2017\/05\/Giada-Lusardi.jpg\" alt=\"\" class=\"wp-image-231\" \/><\/figure>\n<\/div>\n\n\n<p><\/p>\n\n\n\n<p>La conferencia se realizar\u00e1 el pr\u00f3ximo d\u00eda lunes 8 de mayo de 2017 a las 18h30 en la Sala de Lectura Miguel Donoso, Campus Centro UArtes, Av. Malec\u00f3n y Aguirre. La entrada es libre.<\/p>","protected":false},"excerpt":{"rendered":"<p>Giada Lusardi, investigadora de la Pontificia Universidad Cat\u00f3lica del Ecuador (PUCE), dictar\u00e1 la conferencia sobre el proyecto LIPADA, Laboratorio de Investigaci\u00f3n sobre fondos documentales del proyecto de Arquitectura, Dise\u00f1o y Artes del Ecuador del Siglo XX. La visita a la Universidad de las Artes del Ecuador (UArtes) se realiza en el marco del convenio que [&hellip;]<\/p>\n","protected":false},"author":1,"featured_media":56519,"comment_status":"closed","ping_status":"open","sticky":false,"template":"","format":"standard","meta":{"_acf_changed":false,"_uag_custom_page_level_css":"","_monsterinsights_skip_tracking":false,"_monsterinsights_sitenote_active":false,"_monsterinsights_sitenote_note":"","_monsterinsights_sitenote_category":0,"cybocfi_hide_featured_image":"","footnotes":""},"categories":[82],"tags":[],"infouartes":[],"class_list":["post-229","post","type-post","status-publish","format-standard","has-post-thumbnail","hentry","category-artes"],"acf":[],"yoast_head":"<!-- This site is optimized with the Yoast SEO plugin v27.4 - https:\/\/yoast.com\/product\/yoast-seo-wordpress\/ -->\n<title>Universidad de las Artes - Giada Lusardi dicta conferencia en la UArtes sobre proyecto LIPADA<\/title>\n<meta name=\"description\" content=\"Universidad de las Artes - Giada Lusardi dicta conferencia en la UArtes sobre proyecto LIPADA\" \/>\n<meta name=\"robots\" content=\"index, follow, max-snippet:-1, max-image-preview:large, max-video-preview:-1\" \/>\n<link rel=\"canonical\" href=\"https:\/\/www.uartes.edu.ec\/sitio\/en\/blog\/2017\/05\/02\/giada-lusardi-dicta-conferencia-en-la-uartes-sobre-proyecto-lipada\/\" \/>\n<meta property=\"og:locale\" content=\"en_US\" \/>\n<meta property=\"og:type\" content=\"article\" \/>\n<meta property=\"og:title\" content=\"Universidad de las Artes - Giada Lusardi dicta conferencia en la UArtes sobre proyecto LIPADA\" \/>\n<meta property=\"og:description\" content=\"Universidad de las Artes - Giada Lusardi dicta conferencia en la UArtes sobre proyecto LIPADA\" \/>\n<meta property=\"og:url\" content=\"https:\/\/www.uartes.edu.ec\/sitio\/en\/blog\/2017\/05\/02\/giada-lusardi-dicta-conferencia-en-la-uartes-sobre-proyecto-lipada\/\" \/>\n<meta property=\"og:site_name\" content=\"Universidad de las Artes\" \/>\n<meta property=\"article:publisher\" content=\"https:\/\/www.facebook.com\/uartesec\" \/>\n<meta property=\"article:published_time\" content=\"2017-05-02T20:54:02+00:00\" \/>\n<meta property=\"article:modified_time\" content=\"2024-07-04T16:54:21+00:00\" \/>\n<meta property=\"og:image\" content=\"https:\/\/www.uartes.edu.ec\/sitio\/wp-content\/uploads\/2017\/05\/Giada-Lusardi-dicta-conferencia-en-la-UArtes-sobre-proyecto-LIPADA.jpg\" \/>\n\t<meta property=\"og:image:width\" content=\"582\" \/>\n\t<meta property=\"og:image:height\" content=\"270\" \/>\n\t<meta property=\"og:image:type\" content=\"image\/jpeg\" \/>\n<meta name=\"author\" content=\"Universidad de las Artes\" \/>\n<meta name=\"twitter:card\" content=\"summary_large_image\" \/>\n<meta name=\"twitter:creator\" content=\"@uartesec\" \/>\n<meta name=\"twitter:site\" content=\"@uartesec\" \/>\n<meta name=\"twitter:label1\" content=\"Written by\" \/>\n\t<meta name=\"twitter:data1\" content=\"Universidad de las Artes\" \/>\n\t<meta name=\"twitter:label2\" content=\"Est. reading time\" \/>\n\t<meta name=\"twitter:data2\" content=\"2 minutes\" \/>\n<script type=\"application\/ld+json\" class=\"yoast-schema-graph\">{\"@context\":\"https:\\\/\\\/schema.org\",\"@graph\":[{\"@type\":\"Article\",\"@id\":\"https:\\\/\\\/www.uartes.edu.ec\\\/sitio\\\/en\\\/blog\\\/2017\\\/05\\\/02\\\/giada-lusardi-dicta-conferencia-en-la-uartes-sobre-proyecto-lipada\\\/#article\",\"isPartOf\":{\"@id\":\"https:\\\/\\\/www.uartes.edu.ec\\\/sitio\\\/en\\\/blog\\\/2017\\\/05\\\/02\\\/giada-lusardi-dicta-conferencia-en-la-uartes-sobre-proyecto-lipada\\\/\"},\"author\":{\"name\":\"Universidad de las Artes\",\"@id\":\"https:\\\/\\\/www.uartes.edu.ec\\\/sitio\\\/en\\\/#\\\/schema\\\/person\\\/f33f8c1d2af0d5c80a38c8abf458184a\"},\"headline\":\"Giada Lusardi dicta conferencia en la UArtes sobre proyecto LIPADA\",\"datePublished\":\"2017-05-02T20:54:02+00:00\",\"dateModified\":\"2024-07-04T16:54:21+00:00\",\"mainEntityOfPage\":{\"@id\":\"https:\\\/\\\/www.uartes.edu.ec\\\/sitio\\\/en\\\/blog\\\/2017\\\/05\\\/02\\\/giada-lusardi-dicta-conferencia-en-la-uartes-sobre-proyecto-lipada\\\/\"},\"wordCount\":367,\"publisher\":{\"@id\":\"https:\\\/\\\/www.uartes.edu.ec\\\/sitio\\\/en\\\/#organization\"},\"image\":{\"@id\":\"https:\\\/\\\/www.uartes.edu.ec\\\/sitio\\\/en\\\/blog\\\/2017\\\/05\\\/02\\\/giada-lusardi-dicta-conferencia-en-la-uartes-sobre-proyecto-lipada\\\/#primaryimage\"},\"thumbnailUrl\":\"https:\\\/\\\/www.uartes.edu.ec\\\/sitio\\\/wp-content\\\/uploads\\\/2017\\\/05\\\/Giada-Lusardi-dicta-conferencia-en-la-UArtes-sobre-proyecto-LIPADA.jpg\",\"articleSection\":[\"Artes\"],\"inLanguage\":\"en-US\"},{\"@type\":[\"WebPage\",\"ItemPage\"],\"@id\":\"https:\\\/\\\/www.uartes.edu.ec\\\/sitio\\\/en\\\/blog\\\/2017\\\/05\\\/02\\\/giada-lusardi-dicta-conferencia-en-la-uartes-sobre-proyecto-lipada\\\/\",\"url\":\"https:\\\/\\\/www.uartes.edu.ec\\\/sitio\\\/en\\\/blog\\\/2017\\\/05\\\/02\\\/giada-lusardi-dicta-conferencia-en-la-uartes-sobre-proyecto-lipada\\\/\",\"name\":\"Universidad de las Artes - Giada Lusardi dicta conferencia en la UArtes sobre proyecto LIPADA\",\"isPartOf\":{\"@id\":\"https:\\\/\\\/www.uartes.edu.ec\\\/sitio\\\/en\\\/#website\"},\"primaryImageOfPage\":{\"@id\":\"https:\\\/\\\/www.uartes.edu.ec\\\/sitio\\\/en\\\/blog\\\/2017\\\/05\\\/02\\\/giada-lusardi-dicta-conferencia-en-la-uartes-sobre-proyecto-lipada\\\/#primaryimage\"},\"image\":{\"@id\":\"https:\\\/\\\/www.uartes.edu.ec\\\/sitio\\\/en\\\/blog\\\/2017\\\/05\\\/02\\\/giada-lusardi-dicta-conferencia-en-la-uartes-sobre-proyecto-lipada\\\/#primaryimage\"},\"thumbnailUrl\":\"https:\\\/\\\/www.uartes.edu.ec\\\/sitio\\\/wp-content\\\/uploads\\\/2017\\\/05\\\/Giada-Lusardi-dicta-conferencia-en-la-UArtes-sobre-proyecto-LIPADA.jpg\",\"datePublished\":\"2017-05-02T20:54:02+00:00\",\"dateModified\":\"2024-07-04T16:54:21+00:00\",\"description\":\"Universidad de las Artes - Giada Lusardi dicta conferencia en la UArtes sobre proyecto LIPADA\",\"breadcrumb\":{\"@id\":\"https:\\\/\\\/www.uartes.edu.ec\\\/sitio\\\/en\\\/blog\\\/2017\\\/05\\\/02\\\/giada-lusardi-dicta-conferencia-en-la-uartes-sobre-proyecto-lipada\\\/#breadcrumb\"},\"inLanguage\":\"en-US\",\"potentialAction\":[{\"@type\":\"ReadAction\",\"target\":[\"https:\\\/\\\/www.uartes.edu.ec\\\/sitio\\\/en\\\/blog\\\/2017\\\/05\\\/02\\\/giada-lusardi-dicta-conferencia-en-la-uartes-sobre-proyecto-lipada\\\/\"]}]},{\"@type\":\"ImageObject\",\"inLanguage\":\"en-US\",\"@id\":\"https:\\\/\\\/www.uartes.edu.ec\\\/sitio\\\/en\\\/blog\\\/2017\\\/05\\\/02\\\/giada-lusardi-dicta-conferencia-en-la-uartes-sobre-proyecto-lipada\\\/#primaryimage\",\"url\":\"https:\\\/\\\/www.uartes.edu.ec\\\/sitio\\\/wp-content\\\/uploads\\\/2017\\\/05\\\/Giada-Lusardi-dicta-conferencia-en-la-UArtes-sobre-proyecto-LIPADA.jpg\",\"contentUrl\":\"https:\\\/\\\/www.uartes.edu.ec\\\/sitio\\\/wp-content\\\/uploads\\\/2017\\\/05\\\/Giada-Lusardi-dicta-conferencia-en-la-UArtes-sobre-proyecto-LIPADA.jpg\",\"width\":582,\"height\":270},{\"@type\":\"BreadcrumbList\",\"@id\":\"https:\\\/\\\/www.uartes.edu.ec\\\/sitio\\\/en\\\/blog\\\/2017\\\/05\\\/02\\\/giada-lusardi-dicta-conferencia-en-la-uartes-sobre-proyecto-lipada\\\/#breadcrumb\",\"itemListElement\":[{\"@type\":\"ListItem\",\"position\":1,\"name\":\"Inicio\",\"item\":\"https:\\\/\\\/www.uartes.edu.ec\\\/sitio\\\/\"},{\"@type\":\"ListItem\",\"position\":2,\"name\":\"Giada Lusardi dicta conferencia en la UArtes sobre proyecto LIPADA\"}]},{\"@type\":\"WebSite\",\"@id\":\"https:\\\/\\\/www.uartes.edu.ec\\\/sitio\\\/en\\\/#website\",\"url\":\"https:\\\/\\\/www.uartes.edu.ec\\\/sitio\\\/en\\\/\",\"name\":\"Universidad de las Artes\",\"description\":\"Sitio oficial de la Universidad Nacional de las Artes del Ecuador\",\"publisher\":{\"@id\":\"https:\\\/\\\/www.uartes.edu.ec\\\/sitio\\\/en\\\/#organization\"},\"potentialAction\":[{\"@type\":\"SearchAction\",\"target\":{\"@type\":\"EntryPoint\",\"urlTemplate\":\"https:\\\/\\\/www.uartes.edu.ec\\\/sitio\\\/en\\\/?s={search_term_string}\"},\"query-input\":{\"@type\":\"PropertyValueSpecification\",\"valueRequired\":true,\"valueName\":\"search_term_string\"}}],\"inLanguage\":\"en-US\"},{\"@type\":\"Organization\",\"@id\":\"https:\\\/\\\/www.uartes.edu.ec\\\/sitio\\\/en\\\/#organization\",\"name\":\"Universidad de las Artes\",\"url\":\"https:\\\/\\\/www.uartes.edu.ec\\\/sitio\\\/en\\\/\",\"logo\":{\"@type\":\"ImageObject\",\"inLanguage\":\"en-US\",\"@id\":\"https:\\\/\\\/www.uartes.edu.ec\\\/sitio\\\/en\\\/#\\\/schema\\\/logo\\\/image\\\/\",\"url\":\"https:\\\/\\\/www.uartes.edu.ec\\\/sitio\\\/wp-content\\\/uploads\\\/2022\\\/07\\\/logo-ua-horizontal.png\",\"contentUrl\":\"https:\\\/\\\/www.uartes.edu.ec\\\/sitio\\\/wp-content\\\/uploads\\\/2022\\\/07\\\/logo-ua-horizontal.png\",\"width\":800,\"height\":276,\"caption\":\"Universidad de las Artes\"},\"image\":{\"@id\":\"https:\\\/\\\/www.uartes.edu.ec\\\/sitio\\\/en\\\/#\\\/schema\\\/logo\\\/image\\\/\"},\"sameAs\":[\"https:\\\/\\\/www.facebook.com\\\/uartesec\",\"https:\\\/\\\/x.com\\\/uartesec\",\"https:\\\/\\\/www.tiktok.com\\\/@uartesec\"]},{\"@type\":\"Person\",\"@id\":\"https:\\\/\\\/www.uartes.edu.ec\\\/sitio\\\/en\\\/#\\\/schema\\\/person\\\/f33f8c1d2af0d5c80a38c8abf458184a\",\"name\":\"Universidad de las Artes\",\"image\":{\"@type\":\"ImageObject\",\"inLanguage\":\"en-US\",\"@id\":\"https:\\\/\\\/secure.gravatar.com\\\/avatar\\\/52e4757902f5cfa5ac52d020e5be83cae5487519154b6c35482fe08d589f3c13?s=96&d=mm&r=g\",\"url\":\"https:\\\/\\\/secure.gravatar.com\\\/avatar\\\/52e4757902f5cfa5ac52d020e5be83cae5487519154b6c35482fe08d589f3c13?s=96&d=mm&r=g\",\"contentUrl\":\"https:\\\/\\\/secure.gravatar.com\\\/avatar\\\/52e4757902f5cfa5ac52d020e5be83cae5487519154b6c35482fe08d589f3c13?s=96&d=mm&r=g\",\"caption\":\"Universidad de las Artes\"},\"url\":\"https:\\\/\\\/www.uartes.edu.ec\\\/sitio\\\/en\\\/blog\\\/author\\\/dircomadm\\\/\"}]}<\/script>\n<!-- \/ Yoast SEO plugin. -->","yoast_head_json":{"title":"Universidad de las Artes - Giada Lusardi dicta conferencia en la UArtes sobre proyecto LIPADA","description":"Universidad de las Artes - Giada Lusardi dicta conferencia en la UArtes sobre proyecto LIPADA","robots":{"index":"index","follow":"follow","max-snippet":"max-snippet:-1","max-image-preview":"max-image-preview:large","max-video-preview":"max-video-preview:-1"},"canonical":"https:\/\/www.uartes.edu.ec\/sitio\/en\/blog\/2017\/05\/02\/giada-lusardi-dicta-conferencia-en-la-uartes-sobre-proyecto-lipada\/","og_locale":"en_US","og_type":"article","og_title":"Universidad de las Artes - Giada Lusardi dicta conferencia en la UArtes sobre proyecto LIPADA","og_description":"Universidad de las Artes - Giada Lusardi dicta conferencia en la UArtes sobre proyecto LIPADA","og_url":"https:\/\/www.uartes.edu.ec\/sitio\/en\/blog\/2017\/05\/02\/giada-lusardi-dicta-conferencia-en-la-uartes-sobre-proyecto-lipada\/","og_site_name":"Universidad de las Artes","article_publisher":"https:\/\/www.facebook.com\/uartesec","article_published_time":"2017-05-02T20:54:02+00:00","article_modified_time":"2024-07-04T16:54:21+00:00","og_image":[{"width":582,"height":270,"url":"https:\/\/www.uartes.edu.ec\/sitio\/wp-content\/uploads\/2017\/05\/Giada-Lusardi-dicta-conferencia-en-la-UArtes-sobre-proyecto-LIPADA.jpg","type":"image\/jpeg"}],"author":"Universidad de las Artes","twitter_card":"summary_large_image","twitter_creator":"@uartesec","twitter_site":"@uartesec","twitter_misc":{"Written by":"Universidad de las Artes","Est. reading time":"2 minutes"},"schema":{"@context":"https:\/\/schema.org","@graph":[{"@type":"Article","@id":"https:\/\/www.uartes.edu.ec\/sitio\/en\/blog\/2017\/05\/02\/giada-lusardi-dicta-conferencia-en-la-uartes-sobre-proyecto-lipada\/#article","isPartOf":{"@id":"https:\/\/www.uartes.edu.ec\/sitio\/en\/blog\/2017\/05\/02\/giada-lusardi-dicta-conferencia-en-la-uartes-sobre-proyecto-lipada\/"},"author":{"name":"Universidad de las Artes","@id":"https:\/\/www.uartes.edu.ec\/sitio\/en\/#\/schema\/person\/f33f8c1d2af0d5c80a38c8abf458184a"},"headline":"Giada Lusardi dicta conferencia en la UArtes sobre proyecto LIPADA","datePublished":"2017-05-02T20:54:02+00:00","dateModified":"2024-07-04T16:54:21+00:00","mainEntityOfPage":{"@id":"https:\/\/www.uartes.edu.ec\/sitio\/en\/blog\/2017\/05\/02\/giada-lusardi-dicta-conferencia-en-la-uartes-sobre-proyecto-lipada\/"},"wordCount":367,"publisher":{"@id":"https:\/\/www.uartes.edu.ec\/sitio\/en\/#organization"},"image":{"@id":"https:\/\/www.uartes.edu.ec\/sitio\/en\/blog\/2017\/05\/02\/giada-lusardi-dicta-conferencia-en-la-uartes-sobre-proyecto-lipada\/#primaryimage"},"thumbnailUrl":"https:\/\/www.uartes.edu.ec\/sitio\/wp-content\/uploads\/2017\/05\/Giada-Lusardi-dicta-conferencia-en-la-UArtes-sobre-proyecto-LIPADA.jpg","articleSection":["Artes"],"inLanguage":"en-US"},{"@type":["WebPage","ItemPage"],"@id":"https:\/\/www.uartes.edu.ec\/sitio\/en\/blog\/2017\/05\/02\/giada-lusardi-dicta-conferencia-en-la-uartes-sobre-proyecto-lipada\/","url":"https:\/\/www.uartes.edu.ec\/sitio\/en\/blog\/2017\/05\/02\/giada-lusardi-dicta-conferencia-en-la-uartes-sobre-proyecto-lipada\/","name":"Universidad de las Artes - Giada Lusardi dicta conferencia en la UArtes sobre proyecto LIPADA","isPartOf":{"@id":"https:\/\/www.uartes.edu.ec\/sitio\/en\/#website"},"primaryImageOfPage":{"@id":"https:\/\/www.uartes.edu.ec\/sitio\/en\/blog\/2017\/05\/02\/giada-lusardi-dicta-conferencia-en-la-uartes-sobre-proyecto-lipada\/#primaryimage"},"image":{"@id":"https:\/\/www.uartes.edu.ec\/sitio\/en\/blog\/2017\/05\/02\/giada-lusardi-dicta-conferencia-en-la-uartes-sobre-proyecto-lipada\/#primaryimage"},"thumbnailUrl":"https:\/\/www.uartes.edu.ec\/sitio\/wp-content\/uploads\/2017\/05\/Giada-Lusardi-dicta-conferencia-en-la-UArtes-sobre-proyecto-LIPADA.jpg","datePublished":"2017-05-02T20:54:02+00:00","dateModified":"2024-07-04T16:54:21+00:00","description":"Universidad de las Artes - Giada Lusardi dicta conferencia en la UArtes sobre proyecto LIPADA","breadcrumb":{"@id":"https:\/\/www.uartes.edu.ec\/sitio\/en\/blog\/2017\/05\/02\/giada-lusardi-dicta-conferencia-en-la-uartes-sobre-proyecto-lipada\/#breadcrumb"},"inLanguage":"en-US","potentialAction":[{"@type":"ReadAction","target":["https:\/\/www.uartes.edu.ec\/sitio\/en\/blog\/2017\/05\/02\/giada-lusardi-dicta-conferencia-en-la-uartes-sobre-proyecto-lipada\/"]}]},{"@type":"ImageObject","inLanguage":"en-US","@id":"https:\/\/www.uartes.edu.ec\/sitio\/en\/blog\/2017\/05\/02\/giada-lusardi-dicta-conferencia-en-la-uartes-sobre-proyecto-lipada\/#primaryimage","url":"https:\/\/www.uartes.edu.ec\/sitio\/wp-content\/uploads\/2017\/05\/Giada-Lusardi-dicta-conferencia-en-la-UArtes-sobre-proyecto-LIPADA.jpg","contentUrl":"https:\/\/www.uartes.edu.ec\/sitio\/wp-content\/uploads\/2017\/05\/Giada-Lusardi-dicta-conferencia-en-la-UArtes-sobre-proyecto-LIPADA.jpg","width":582,"height":270},{"@type":"BreadcrumbList","@id":"https:\/\/www.uartes.edu.ec\/sitio\/en\/blog\/2017\/05\/02\/giada-lusardi-dicta-conferencia-en-la-uartes-sobre-proyecto-lipada\/#breadcrumb","itemListElement":[{"@type":"ListItem","position":1,"name":"Inicio","item":"https:\/\/www.uartes.edu.ec\/sitio\/"},{"@type":"ListItem","position":2,"name":"Giada Lusardi dicta conferencia en la UArtes sobre proyecto LIPADA"}]},{"@type":"WebSite","@id":"https:\/\/www.uartes.edu.ec\/sitio\/en\/#website","url":"https:\/\/www.uartes.edu.ec\/sitio\/en\/","name":"Universidad de las Artes","description":"Sitio oficial de la Universidad Nacional de las Artes del Ecuador","publisher":{"@id":"https:\/\/www.uartes.edu.ec\/sitio\/en\/#organization"},"potentialAction":[{"@type":"SearchAction","target":{"@type":"EntryPoint","urlTemplate":"https:\/\/www.uartes.edu.ec\/sitio\/en\/?s={search_term_string}"},"query-input":{"@type":"PropertyValueSpecification","valueRequired":true,"valueName":"search_term_string"}}],"inLanguage":"en-US"},{"@type":"Organization","@id":"https:\/\/www.uartes.edu.ec\/sitio\/en\/#organization","name":"Universidad de las Artes","url":"https:\/\/www.uartes.edu.ec\/sitio\/en\/","logo":{"@type":"ImageObject","inLanguage":"en-US","@id":"https:\/\/www.uartes.edu.ec\/sitio\/en\/#\/schema\/logo\/image\/","url":"https:\/\/www.uartes.edu.ec\/sitio\/wp-content\/uploads\/2022\/07\/logo-ua-horizontal.png","contentUrl":"https:\/\/www.uartes.edu.ec\/sitio\/wp-content\/uploads\/2022\/07\/logo-ua-horizontal.png","width":800,"height":276,"caption":"Universidad de las Artes"},"image":{"@id":"https:\/\/www.uartes.edu.ec\/sitio\/en\/#\/schema\/logo\/image\/"},"sameAs":["https:\/\/www.facebook.com\/uartesec","https:\/\/x.com\/uartesec","https:\/\/www.tiktok.com\/@uartesec"]},{"@type":"Person","@id":"https:\/\/www.uartes.edu.ec\/sitio\/en\/#\/schema\/person\/f33f8c1d2af0d5c80a38c8abf458184a","name":"Universidad de las Artes","image":{"@type":"ImageObject","inLanguage":"en-US","@id":"https:\/\/secure.gravatar.com\/avatar\/52e4757902f5cfa5ac52d020e5be83cae5487519154b6c35482fe08d589f3c13?s=96&d=mm&r=g","url":"https:\/\/secure.gravatar.com\/avatar\/52e4757902f5cfa5ac52d020e5be83cae5487519154b6c35482fe08d589f3c13?s=96&d=mm&r=g","contentUrl":"https:\/\/secure.gravatar.com\/avatar\/52e4757902f5cfa5ac52d020e5be83cae5487519154b6c35482fe08d589f3c13?s=96&d=mm&r=g","caption":"Universidad de las Artes"},"url":"https:\/\/www.uartes.edu.ec\/sitio\/en\/blog\/author\/dircomadm\/"}]}},"uagb_featured_image_src":{"full":["https:\/\/www.uartes.edu.ec\/sitio\/wp-content\/uploads\/2017\/05\/Giada-Lusardi-dicta-conferencia-en-la-UArtes-sobre-proyecto-LIPADA.jpg",582,270,false],"thumbnail":["https:\/\/www.uartes.edu.ec\/sitio\/wp-content\/uploads\/2017\/05\/Giada-Lusardi-dicta-conferencia-en-la-UArtes-sobre-proyecto-LIPADA-150x150.jpg",150,150,true],"medium":["https:\/\/www.uartes.edu.ec\/sitio\/wp-content\/uploads\/2017\/05\/Giada-Lusardi-dicta-conferencia-en-la-UArtes-sobre-proyecto-LIPADA-300x139.jpg",300,139,true],"medium_large":["https:\/\/www.uartes.edu.ec\/sitio\/wp-content\/uploads\/2017\/05\/Giada-Lusardi-dicta-conferencia-en-la-UArtes-sobre-proyecto-LIPADA.jpg",582,270,false],"large":["https:\/\/www.uartes.edu.ec\/sitio\/wp-content\/uploads\/2017\/05\/Giada-Lusardi-dicta-conferencia-en-la-UArtes-sobre-proyecto-LIPADA.jpg",582,270,false],"1536x1536":["https:\/\/www.uartes.edu.ec\/sitio\/wp-content\/uploads\/2017\/05\/Giada-Lusardi-dicta-conferencia-en-la-UArtes-sobre-proyecto-LIPADA.jpg",582,270,false],"2048x2048":["https:\/\/www.uartes.edu.ec\/sitio\/wp-content\/uploads\/2017\/05\/Giada-Lusardi-dicta-conferencia-en-la-UArtes-sobre-proyecto-LIPADA.jpg",582,270,false],"trp-custom-language-flag":["https:\/\/www.uartes.edu.ec\/sitio\/wp-content\/uploads\/2017\/05\/Giada-Lusardi-dicta-conferencia-en-la-UArtes-sobre-proyecto-LIPADA-18x8.jpg",18,8,true],"htmega_size_585x295":["https:\/\/www.uartes.edu.ec\/sitio\/wp-content\/uploads\/2017\/05\/Giada-Lusardi-dicta-conferencia-en-la-UArtes-sobre-proyecto-LIPADA.jpg",582,270,false],"htmega_size_1170x536":["https:\/\/www.uartes.edu.ec\/sitio\/wp-content\/uploads\/2017\/05\/Giada-Lusardi-dicta-conferencia-en-la-UArtes-sobre-proyecto-LIPADA.jpg",582,270,false],"htmega_size_396x360":["https:\/\/www.uartes.edu.ec\/sitio\/wp-content\/uploads\/2017\/05\/Giada-Lusardi-dicta-conferencia-en-la-UArtes-sobre-proyecto-LIPADA-396x270.jpg",396,270,true],"gb-block-post-grid-landscape":["https:\/\/www.uartes.edu.ec\/sitio\/wp-content\/uploads\/2017\/05\/Giada-Lusardi-dicta-conferencia-en-la-UArtes-sobre-proyecto-LIPADA.jpg",582,270,false],"gb-block-post-grid-square":["https:\/\/www.uartes.edu.ec\/sitio\/wp-content\/uploads\/2017\/05\/Giada-Lusardi-dicta-conferencia-en-la-UArtes-sobre-proyecto-LIPADA.jpg",582,270,false],"university-hub-thumb":["https:\/\/www.uartes.edu.ec\/sitio\/wp-content\/uploads\/2017\/05\/Giada-Lusardi-dicta-conferencia-en-la-UArtes-sobre-proyecto-LIPADA-400x186.jpg",400,186,true]},"uagb_author_info":{"display_name":"Universidad de las Artes","author_link":"https:\/\/www.uartes.edu.ec\/sitio\/en\/blog\/author\/dircomadm\/"},"uagb_comment_info":0,"uagb_excerpt":"Giada Lusardi, investigadora de la Pontificia Universidad Cat\u00f3lica del Ecuador (PUCE), dictar\u00e1 la conferencia sobre el proyecto LIPADA, Laboratorio de Investigaci\u00f3n sobre fondos documentales del proyecto de Arquitectura, Dise\u00f1o y Artes del Ecuador del Siglo XX. La visita a la Universidad de las Artes del Ecuador (UArtes) se realiza en el marco del convenio que&hellip;","featured_image_src":"https:\/\/www.uartes.edu.ec\/sitio\/wp-content\/uploads\/2017\/05\/Giada-Lusardi-dicta-conferencia-en-la-UArtes-sobre-proyecto-LIPADA.jpg","featured_image_src_square":"https:\/\/www.uartes.edu.ec\/sitio\/wp-content\/uploads\/2017\/05\/Giada-Lusardi-dicta-conferencia-en-la-UArtes-sobre-proyecto-LIPADA.jpg","author_info":{"display_name":"Universidad de las Artes","author_link":"https:\/\/www.uartes.edu.ec\/sitio\/en\/blog\/author\/dircomadm\/"},"publishpress_future_workflow_manual_trigger":{"enabledWorkflows":[]},"distributor_meta":false,"distributor_terms":false,"distributor_media":false,"distributor_original_site_name":"Universidad de las Artes","distributor_original_site_url":"https:\/\/www.uartes.edu.ec\/sitio\/en","push-errors":false,"_links":{"self":[{"href":"https:\/\/www.uartes.edu.ec\/sitio\/en\/wp-json\/wp\/v2\/posts\/229","targetHints":{"allow":["GET"]}}],"collection":[{"href":"https:\/\/www.uartes.edu.ec\/sitio\/en\/wp-json\/wp\/v2\/posts"}],"about":[{"href":"https:\/\/www.uartes.edu.ec\/sitio\/en\/wp-json\/wp\/v2\/types\/post"}],"author":[{"embeddable":true,"href":"https:\/\/www.uartes.edu.ec\/sitio\/en\/wp-json\/wp\/v2\/users\/1"}],"replies":[{"embeddable":true,"href":"https:\/\/www.uartes.edu.ec\/sitio\/en\/wp-json\/wp\/v2\/comments?post=229"}],"version-history":[{"count":4,"href":"https:\/\/www.uartes.edu.ec\/sitio\/en\/wp-json\/wp\/v2\/posts\/229\/revisions"}],"predecessor-version":[{"id":58066,"href":"https:\/\/www.uartes.edu.ec\/sitio\/en\/wp-json\/wp\/v2\/posts\/229\/revisions\/58066"}],"wp:featuredmedia":[{"embeddable":true,"href":"https:\/\/www.uartes.edu.ec\/sitio\/en\/wp-json\/wp\/v2\/media\/56519"}],"wp:attachment":[{"href":"https:\/\/www.uartes.edu.ec\/sitio\/en\/wp-json\/wp\/v2\/media?parent=229"}],"wp:term":[{"taxonomy":"category","embeddable":true,"href":"https:\/\/www.uartes.edu.ec\/sitio\/en\/wp-json\/wp\/v2\/categories?post=229"},{"taxonomy":"post_tag","embeddable":true,"href":"https:\/\/www.uartes.edu.ec\/sitio\/en\/wp-json\/wp\/v2\/tags?post=229"},{"taxonomy":"infouartes","embeddable":true,"href":"https:\/\/www.uartes.edu.ec\/sitio\/en\/wp-json\/wp\/v2\/infouartes?post=229"}],"curies":[{"name":"wp","href":"https:\/\/api.w.org\/{rel}","templated":true}]}}