{"id":24197,"date":"2022-07-11T13:09:00","date_gmt":"2022-07-11T18:09:00","guid":{"rendered":"http:\/\/www.uartes.edu.ec\/sitio\/?p=24197"},"modified":"2025-08-18T15:02:57","modified_gmt":"2025-08-18T20:02:57","slug":"obras-de-gabriela-rivadeneira-en-quiza-un-dia-el-cielosera-el-silencio-muestra-colectiva-inaugurada-en-el-cac","status":"publish","type":"post","link":"https:\/\/www.uartes.edu.ec\/sitio\/en\/blog\/2022\/07\/11\/obras-de-gabriela-rivadeneira-en-quiza-un-dia-el-cielosera-el-silencio-muestra-colectiva-inaugurada-en-el-cac\/","title":{"rendered":"Obras de Gabriela Rivadeneira en \u201cQuiz\u00e1 un d\u00eda el cielo ser\u00e1 el silencio\u201d, muestra colectiva abierta en el CAC"},"content":{"rendered":"<p>Se inaugur\u00f3 el pasado 4 de junio y se mantendr\u00e1 abierta hasta el 28 de agosto pr\u00f3ximo en el Centro de Arte Contempor\u00e1neo (CAC) de Quito. Es la muestra colectiva <em>Quiz\u00e1 un d\u00eda el cielo<\/em> <em>ser\u00e1 el silencio<\/em> en la que participa con varias de sus obras Ana Gabriela Rivadeneira Crespo, docente titular de la Escuela de Cine y de la Maestr\u00eda de Fotograf\u00eda y Sociedad en Am\u00e9rica Latina de la Universidad de las Artes.<\/p>\n\n\n\n<p>En la exposici\u00f3n tambi\u00e9n intervienen Javier Escudero, Jenny Jaramillo, C\u00e9sar Portilla y Nelson Santos, as\u00ed como el m\u00fasico Hugo Idrovo junto a Rivadeneira. Los artistas participantes est\u00e1n, igualmente, dedicados a la docencia y comparten con la profesora UArtes la investigaci\u00f3n de las pr\u00e1cticas art\u00edsticas desde ese \u00e1mbito.<\/p>\n\n\n\n<p>Las obras, se indica en sitios webs como www.quitoinforma.gob.ec, parten de la idea de la creaci\u00f3n art\u00edstica como proceso que se alimenta de las tensiones generadas al interior de cada proyecto, y tienen en com\u00fan los procesos que atraviesan el arte y la pedagog\u00eda. Sus protagonistas comparten una visi\u00f3n amplia del arte, consideran la experimentaci\u00f3n como un elemento central en sus pr\u00e1cticas. Cada uno trabaja distintos lenguajes y medios art\u00edsticos. Las obras abordadas desde el dibujo, el pensamiento audiovisual, la pintura, la fotograf\u00eda, la instalaci\u00f3n, la performance, buscan plantear una reflexi\u00f3n sobre el arte contempor\u00e1neo y su relaci\u00f3n con las problem\u00e1ticas sociales, se lee en el referido portal.<\/p>\n\n\n\n<figure class=\"wp-block-image size-full\"><img fetchpriority=\"high\" decoding=\"async\" width=\"2000\" height=\"1333\" src=\"http:\/\/www.uartes.edu.ec\/sitio\/wp-content\/uploads\/2022\/07\/ANA-GABRIELA-RIVADENEIRA-03.jpg\" alt=\"\" class=\"wp-image-24199\" srcset=\"https:\/\/www.uartes.edu.ec\/sitio\/wp-content\/uploads\/2022\/07\/ANA-GABRIELA-RIVADENEIRA-03.jpg 2000w, https:\/\/www.uartes.edu.ec\/sitio\/wp-content\/uploads\/2022\/07\/ANA-GABRIELA-RIVADENEIRA-03-644x429.jpg 644w, https:\/\/www.uartes.edu.ec\/sitio\/wp-content\/uploads\/2022\/07\/ANA-GABRIELA-RIVADENEIRA-03-768x511.jpg 768w, https:\/\/www.uartes.edu.ec\/sitio\/wp-content\/uploads\/2022\/07\/ANA-GABRIELA-RIVADENEIRA-03-600x399.jpg 600w, https:\/\/www.uartes.edu.ec\/sitio\/wp-content\/uploads\/2022\/07\/ANA-GABRIELA-RIVADENEIRA-03-272x182.jpg 272w\" sizes=\"(max-width: 2000px) 100vw, 2000px\" \/><\/figure>\n\n\n\n<p>V\u00eda correo electr\u00f3nico, Rivadeneira coment\u00f3 a InfoUArtes que su trabajo fue desarrollado en parte gracias al fondo IFCI 2021, apoyo econ\u00f3mico para el desarrollo de la obra\/compra de materiales. Asimismo, la docente comparti\u00f3 el texto curatorial de <em>Quiz\u00e1 un d\u00eda el cielo ser\u00e1 silencio, <\/em>cuya autora es la tambi\u00e9n profesora UArtes Lupe \u00c1lvarez. Aqu\u00ed un extracto:<\/p>\n\n\n\n<p>\u201cLa muestra colectiva reviste un significado especial. En ella exponen algunos de los artistas imprescindibles para bosquejar genealog\u00edas de la escena del arte contempor\u00e1neo local. La idea surgi\u00f3 de la cercan\u00eda generacional entre los creadores que la conforman, del v\u00ednculo que muchos tienen con la educaci\u00f3n art\u00edstica, pero, sobre todo, de una necesidad colectiva de conversar en torno a sus propuestas reactivando afinidades est\u00e9ticas y puliendo sus proyectos en ese intercambio. Se trata de artistas con trayectoria y reconocimiento que, en algunos casos, por compromisos con su formaci\u00f3n, mantuvieron una presencia discreta en la palestra cultural.<\/p>\n\n\n\n<p>\u201cLo que podremos ver resulta consecuente con los cauces que estos creadores han ido perfilando en a\u00f1os de trabajo. Jenny Jaramillo, Gabriela Rivadeneira Crespo, Cesar Portilla y Nelson Santos son figuras que, en los noventa, se enfrentaron cr\u00edticamente a la hegemon\u00eda de las bellas artes cuestionando nociones asentadas del objeto art\u00edstico, el lugar del espectador, el rol de los medios expresivos. Apuntaron con ello al borramiento de las fronteras entre estos y exploraron maneras en las que el acto creativo puede inscribirse en espacios y formas que discuten la artisticidad misma.<\/p>\n\n\n\n<p>\u201cEl performance, la intervenci\u00f3n, la pintura expandida, el arte procesual y los desplazamientos de la figura del artista individual araron el campo de la escena local con las contribuciones de estos artistas. Sus obras, desde entonces, ayudaron a complejizar los modos en los que el arte comenta la conflictividad de nuestras sociedades alej\u00e1ndose de est\u00e9ticas edulcoradas mediante estrategias que expand\u00edan los v\u00ednculos del arte con pr\u00e1cticas y campos de saber diversos. Ellos podr\u00edan ser calificados con esa categor\u00eda de artista. etc., que Ricardo Basbaum ha erigido para nombrar a esos creadores y algo m\u00e1s, que han contribuido a &#8216;pensar la pr\u00e1ctica art\u00edstica desde otros espacios&#8217;.<\/p>\n\n\n<div class=\"wp-block-image\">\n<figure class=\"aligncenter size-large\"><img decoding=\"async\" width=\"644\" height=\"429\" src=\"http:\/\/www.uartes.edu.ec\/sitio\/wp-content\/uploads\/2022\/07\/01-GABRIELA-RIVADENEIRA-EXTRAS-EXPOSICION-644x429.jpg\" alt=\"\" class=\"wp-image-24383\" srcset=\"https:\/\/www.uartes.edu.ec\/sitio\/wp-content\/uploads\/2022\/07\/01-GABRIELA-RIVADENEIRA-EXTRAS-EXPOSICION-644x429.jpg 644w, https:\/\/www.uartes.edu.ec\/sitio\/wp-content\/uploads\/2022\/07\/01-GABRIELA-RIVADENEIRA-EXTRAS-EXPOSICION-768x511.jpg 768w, https:\/\/www.uartes.edu.ec\/sitio\/wp-content\/uploads\/2022\/07\/01-GABRIELA-RIVADENEIRA-EXTRAS-EXPOSICION.jpg 2000w, https:\/\/www.uartes.edu.ec\/sitio\/wp-content\/uploads\/2022\/07\/01-GABRIELA-RIVADENEIRA-EXTRAS-EXPOSICION-600x399.jpg 600w, https:\/\/www.uartes.edu.ec\/sitio\/wp-content\/uploads\/2022\/07\/01-GABRIELA-RIVADENEIRA-EXTRAS-EXPOSICION-272x182.jpg 272w\" sizes=\"(max-width: 644px) 100vw, 644px\" \/><\/figure>\n<\/div>\n\n<div class=\"wp-block-image\">\n<figure class=\"aligncenter size-large\"><img decoding=\"async\" width=\"644\" height=\"429\" src=\"http:\/\/www.uartes.edu.ec\/sitio\/wp-content\/uploads\/2022\/07\/ANA-GABRIELA-RIVADENEIRA-02-644x429.jpg\" alt=\"\" class=\"wp-image-24200\" srcset=\"https:\/\/www.uartes.edu.ec\/sitio\/wp-content\/uploads\/2022\/07\/ANA-GABRIELA-RIVADENEIRA-02-644x429.jpg 644w, https:\/\/www.uartes.edu.ec\/sitio\/wp-content\/uploads\/2022\/07\/ANA-GABRIELA-RIVADENEIRA-02-768x511.jpg 768w, https:\/\/www.uartes.edu.ec\/sitio\/wp-content\/uploads\/2022\/07\/ANA-GABRIELA-RIVADENEIRA-02.jpg 2000w, https:\/\/www.uartes.edu.ec\/sitio\/wp-content\/uploads\/2022\/07\/ANA-GABRIELA-RIVADENEIRA-02-600x399.jpg 600w, https:\/\/www.uartes.edu.ec\/sitio\/wp-content\/uploads\/2022\/07\/ANA-GABRIELA-RIVADENEIRA-02-272x182.jpg 272w\" sizes=\"(max-width: 644px) 100vw, 644px\" \/><\/figure>\n<\/div>\n\n\n<p>\u201cM\u00e1s joven, Javier Escudero se incorpora a este colectivo contingente con una propuesta af\u00edn a la raigambre conceptual que se respira en la muestra y asistimos a la incursi\u00f3n del conocido m\u00fasico Hugo Idrovo formando dupla con Rivadeneira.<\/p>\n\n\n\n<p>\u201cLas propuestas exhibidas ostentan la dimensi\u00f3n procesual y de investigaci\u00f3n desde metodolog\u00edas variadas entre las que destacan: el uso cr\u00edtico de archivos, est\u00e9ticas situacionales donde arbitra la experiencia directa con el material y el espacio; variables del objet trouv\u00e9, del andar como agencia y desplazamientos intermediales que producen sentido mediante asociaciones donde el espectador juega un papel fundamental.&nbsp;&nbsp;<\/p>\n\n\n\n<p>\u201c(\u2026) La dupla Rivadeneira-Idrovo contribuye con algunas piezas concebidas para diferentes morfolog\u00edas que acent\u00faan su relaci\u00f3n con el espacio y el contexto. Quiz\u00e1s estas sean las obras de la muestra, cuyo talante subjetivo reclame un v\u00ednculo con las circunstancias actuales del pa\u00eds.<\/p>\n\n\n\n<p>\u201cEn general, la propuesta de Gabriela Rivadeneira y Hugo Idrovo est\u00e1 abocada a exorcizar esas narrativas teleol\u00f3gicas que han moldeado nuestro inconsciente colectivo: la de la naci\u00f3n, la del progreso, la de las vanguardias. Se trata de una po\u00e9tica del desvar\u00edo que, en la materialidad de los signos y en su interacci\u00f3n con los sujetos, suscita otras derivas\u201d.<\/p>\n\n\n\n<p>La muestra <em>Quiz\u00e1 un d\u00eda el cielo<\/em> <em>ser\u00e1 el silencio<\/em> se puede visitar de mi\u00e9rcoles a domingo, de 10:00 a 17:00.<\/p>\n\n\n\n<div style=\"height:60px\" aria-hidden=\"true\" class=\"wp-block-spacer\"><\/div>\n\n\n<section class='__wpdm_gb_section __wpdm_gb_package'><div class='w3eden wpdm_package_shortcode'><!-- WPDM Link Template: Call to Action 3 -->\n\n<div class=\"well c2a3\">\n    <div class=\"media\">\n        <div class=\"mr-3\" align=\"left\">\n            <img decoding=\"async\" class=\"wpdm_icon\" alt=\"Icon\" src=\"https:\/\/www.uartes.edu.ec\/sitio\/wp-content\/plugins\/download-manager\/assets\/file-type-icons\/pdf.svg\" \/>\n        <\/div>\n        <div class=\"media-body\">\n            <h3 class=\"media-heading\" style=\"padding-top: 0px;border:0px;margin: 0 0 5px 0;font-size:12pt;\">\n                <a style=\"font-weight: 700\" href=\"https:\/\/www.uartes.edu.ec\/sitio\/en\/download\/quiza-un-dia-el-cielo-sera-silencio-curatoria-de-lupe-alvarez\/\">Quiz\u00e1 un d\u00eda el cielo ser\u00e1 silencio &#8211; Curator\u00eda de Lupe Alvarez<\/a>\n                <span style=\"font-size:8pt;font-weight:300\" class=\"text-muted ml-4\">\n                    <i class=\"fas fa-hdd mr-1\"><\/i> 293.72 KB\n                    <i class=\"ml-3 far fa-arrow-alt-circle-down mr-1\"><\/i> 1046 downloads\n                <\/span>\n            <\/h3>\n            &#8230;\n        <\/div>\n        <div class=\"ml-3\" align=\"right\">\n            <a class='wpdm-download-link download-on-click btn btn-primary btn-sm'  rel='nofollow' href='#' data-downloadurl=\"https:\/\/www.uartes.edu.ec\/sitio\/en\/download\/quiza-un-dia-el-cielo-sera-silencio-curatoria-de-lupe-alvarez\/?wpdmdl=24172&#038;refresh=69f143a1361c81777419169\">Download<\/a>\n        <\/div>\n    <\/div>\n\n<\/div>\n<style>\n    .well.c2a3 .btn {\n        padding: 11px 30px;\n        font-size: 11pt;\n    }\n\n    .well.c2a3 .media-body {\n        font-size: 11pt;\n    }\n\n    .well.c2a3 .wpdm_icon {\n        height: 42px;\n        width: auto;\n    }<\/style>\n<\/div><\/section>\n\n\n<div style=\"height:60px\" aria-hidden=\"true\" class=\"wp-block-spacer\"><\/div>\n\n\n\n<p><strong>M\u00e1s informaci\u00f3n:<\/strong><br>Instagram: <a href=\"https:\/\/www.instagram.com\/ceacartecontemporaneo\/?hl=fr\">https:\/\/www.instagram.com\/ceacartecontemporaneo\/?hl=fr<\/a><\/p>","protected":false},"excerpt":{"rendered":"<p>Se inaugur\u00f3 el pasado 4 de junio y se mantendr\u00e1 abierta hasta el 28 de agosto pr\u00f3ximo en el Centro de Arte Contempor\u00e1neo (CAC) de Quito. Es la muestra colectiva Quiz\u00e1 un d\u00eda el cielo ser\u00e1 el silencio en la que participa con varias de sus obras Ana Gabriela Rivadeneira Crespo, docente titular de la Escuela de Cine y de la Maestr\u00eda de Fotograf\u00eda y Sociedad en Am\u00e9rica Latina de la Universidad de las Artes.<\/p>","protected":false},"author":10,"featured_media":24198,"comment_status":"open","ping_status":"open","sticky":false,"template":"","format":"standard","meta":{"_acf_changed":false,"_uag_custom_page_level_css":"","_monsterinsights_skip_tracking":false,"_monsterinsights_sitenote_active":false,"_monsterinsights_sitenote_note":"","_monsterinsights_sitenote_category":0,"cybocfi_hide_featured_image":"","footnotes":""},"categories":[716,75,284],"tags":[728],"infouartes":[],"class_list":["post-24197","post","type-post","status-publish","format-standard","has-post-thumbnail","hentry","category-1c","category-docentes","category-investigacion","tag-muestra-en-cac"],"acf":[],"yoast_head":"<!-- This site is optimized with the Yoast SEO plugin v27.4 - https:\/\/yoast.com\/product\/yoast-seo-wordpress\/ -->\n<title>Universidad de las Artes - Obras de Gabriela Rivadeneira en \u201cQuiz\u00e1 un d\u00eda el cielo ser\u00e1 el silencio\u201d, muestra colectiva abierta en el CAC<\/title>\n<meta name=\"description\" content=\"Universidad de las Artes - Obras de Gabriela Rivadeneira en \u201cQuiz\u00e1 un d\u00eda el cielo ser\u00e1 el silencio\u201d, muestra colectiva abierta en el CAC\" \/>\n<meta name=\"robots\" content=\"index, follow, max-snippet:-1, max-image-preview:large, max-video-preview:-1\" \/>\n<link rel=\"canonical\" href=\"https:\/\/www.uartes.edu.ec\/sitio\/en\/blog\/2022\/07\/11\/obras-de-gabriela-rivadeneira-en-quiza-un-dia-el-cielosera-el-silencio-muestra-colectiva-inaugurada-en-el-cac\/\" \/>\n<meta property=\"og:locale\" content=\"en_US\" \/>\n<meta property=\"og:type\" content=\"article\" \/>\n<meta property=\"og:title\" content=\"Universidad de las Artes - Obras de Gabriela Rivadeneira en \u201cQuiz\u00e1 un d\u00eda el cielo ser\u00e1 el silencio\u201d, muestra colectiva abierta en el CAC\" \/>\n<meta property=\"og:description\" content=\"Universidad de las Artes - Obras de Gabriela Rivadeneira en \u201cQuiz\u00e1 un d\u00eda el cielo ser\u00e1 el silencio\u201d, muestra colectiva abierta en el CAC\" \/>\n<meta property=\"og:url\" content=\"https:\/\/www.uartes.edu.ec\/sitio\/en\/blog\/2022\/07\/11\/obras-de-gabriela-rivadeneira-en-quiza-un-dia-el-cielosera-el-silencio-muestra-colectiva-inaugurada-en-el-cac\/\" \/>\n<meta property=\"og:site_name\" content=\"Universidad de las Artes\" \/>\n<meta property=\"article:publisher\" content=\"https:\/\/www.facebook.com\/uartesec\" \/>\n<meta property=\"article:published_time\" content=\"2022-07-11T18:09:00+00:00\" \/>\n<meta property=\"article:modified_time\" content=\"2025-08-18T20:02:57+00:00\" \/>\n<meta property=\"og:image\" content=\"https:\/\/www.uartes.edu.ec\/sitio\/wp-content\/uploads\/2022\/07\/ANA-GABRIELA-RIVADENEIRA-01.jpg\" \/>\n\t<meta property=\"og:image:width\" content=\"2000\" \/>\n\t<meta property=\"og:image:height\" content=\"1333\" \/>\n\t<meta property=\"og:image:type\" content=\"image\/jpeg\" \/>\n<meta name=\"author\" content=\"ccortez\" \/>\n<meta name=\"twitter:card\" content=\"summary_large_image\" \/>\n<meta name=\"twitter:creator\" content=\"@uartesec\" \/>\n<meta name=\"twitter:site\" content=\"@uartesec\" \/>\n<meta name=\"twitter:label1\" content=\"Written by\" \/>\n\t<meta name=\"twitter:data1\" content=\"ccortez\" \/>\n\t<meta name=\"twitter:label2\" content=\"Est. reading time\" \/>\n\t<meta name=\"twitter:data2\" content=\"5 minutes\" \/>\n<script type=\"application\/ld+json\" class=\"yoast-schema-graph\">{\"@context\":\"https:\\\/\\\/schema.org\",\"@graph\":[{\"@type\":\"Article\",\"@id\":\"https:\\\/\\\/www.uartes.edu.ec\\\/sitio\\\/en\\\/blog\\\/2022\\\/07\\\/11\\\/obras-de-gabriela-rivadeneira-en-quiza-un-dia-el-cielosera-el-silencio-muestra-colectiva-inaugurada-en-el-cac\\\/#article\",\"isPartOf\":{\"@id\":\"https:\\\/\\\/www.uartes.edu.ec\\\/sitio\\\/en\\\/blog\\\/2022\\\/07\\\/11\\\/obras-de-gabriela-rivadeneira-en-quiza-un-dia-el-cielosera-el-silencio-muestra-colectiva-inaugurada-en-el-cac\\\/\"},\"author\":{\"name\":\"ccortez\",\"@id\":\"https:\\\/\\\/www.uartes.edu.ec\\\/sitio\\\/en\\\/#\\\/schema\\\/person\\\/efa1b8275797664fd7f13a79ccc0b1f4\"},\"headline\":\"Obras de Gabriela Rivadeneira en \u201cQuiz\u00e1 un d\u00eda el cielo ser\u00e1 el silencio\u201d, muestra colectiva abierta en el CAC\",\"datePublished\":\"2022-07-11T18:09:00+00:00\",\"dateModified\":\"2025-08-18T20:02:57+00:00\",\"mainEntityOfPage\":{\"@id\":\"https:\\\/\\\/www.uartes.edu.ec\\\/sitio\\\/en\\\/blog\\\/2022\\\/07\\\/11\\\/obras-de-gabriela-rivadeneira-en-quiza-un-dia-el-cielosera-el-silencio-muestra-colectiva-inaugurada-en-el-cac\\\/\"},\"wordCount\":905,\"commentCount\":0,\"publisher\":{\"@id\":\"https:\\\/\\\/www.uartes.edu.ec\\\/sitio\\\/en\\\/#organization\"},\"image\":{\"@id\":\"https:\\\/\\\/www.uartes.edu.ec\\\/sitio\\\/en\\\/blog\\\/2022\\\/07\\\/11\\\/obras-de-gabriela-rivadeneira-en-quiza-un-dia-el-cielosera-el-silencio-muestra-colectiva-inaugurada-en-el-cac\\\/#primaryimage\"},\"thumbnailUrl\":\"https:\\\/\\\/www.uartes.edu.ec\\\/sitio\\\/wp-content\\\/uploads\\\/2022\\\/07\\\/ANA-GABRIELA-RIVADENEIRA-01.jpg\",\"keywords\":[\"muestra en CAC\"],\"articleSection\":[\"1C\",\"Docentes\",\"Investigaci\u00f3n\"],\"inLanguage\":\"en-US\",\"potentialAction\":[{\"@type\":\"CommentAction\",\"name\":\"Comment\",\"target\":[\"https:\\\/\\\/www.uartes.edu.ec\\\/sitio\\\/en\\\/blog\\\/2022\\\/07\\\/11\\\/obras-de-gabriela-rivadeneira-en-quiza-un-dia-el-cielosera-el-silencio-muestra-colectiva-inaugurada-en-el-cac\\\/#respond\"]}]},{\"@type\":[\"WebPage\",\"ItemPage\"],\"@id\":\"https:\\\/\\\/www.uartes.edu.ec\\\/sitio\\\/en\\\/blog\\\/2022\\\/07\\\/11\\\/obras-de-gabriela-rivadeneira-en-quiza-un-dia-el-cielosera-el-silencio-muestra-colectiva-inaugurada-en-el-cac\\\/\",\"url\":\"https:\\\/\\\/www.uartes.edu.ec\\\/sitio\\\/en\\\/blog\\\/2022\\\/07\\\/11\\\/obras-de-gabriela-rivadeneira-en-quiza-un-dia-el-cielosera-el-silencio-muestra-colectiva-inaugurada-en-el-cac\\\/\",\"name\":\"Universidad de las Artes - Obras de Gabriela Rivadeneira en \u201cQuiz\u00e1 un d\u00eda el cielo ser\u00e1 el silencio\u201d, muestra colectiva abierta en el CAC\",\"isPartOf\":{\"@id\":\"https:\\\/\\\/www.uartes.edu.ec\\\/sitio\\\/en\\\/#website\"},\"primaryImageOfPage\":{\"@id\":\"https:\\\/\\\/www.uartes.edu.ec\\\/sitio\\\/en\\\/blog\\\/2022\\\/07\\\/11\\\/obras-de-gabriela-rivadeneira-en-quiza-un-dia-el-cielosera-el-silencio-muestra-colectiva-inaugurada-en-el-cac\\\/#primaryimage\"},\"image\":{\"@id\":\"https:\\\/\\\/www.uartes.edu.ec\\\/sitio\\\/en\\\/blog\\\/2022\\\/07\\\/11\\\/obras-de-gabriela-rivadeneira-en-quiza-un-dia-el-cielosera-el-silencio-muestra-colectiva-inaugurada-en-el-cac\\\/#primaryimage\"},\"thumbnailUrl\":\"https:\\\/\\\/www.uartes.edu.ec\\\/sitio\\\/wp-content\\\/uploads\\\/2022\\\/07\\\/ANA-GABRIELA-RIVADENEIRA-01.jpg\",\"datePublished\":\"2022-07-11T18:09:00+00:00\",\"dateModified\":\"2025-08-18T20:02:57+00:00\",\"description\":\"Universidad de las Artes - Obras de Gabriela Rivadeneira en \u201cQuiz\u00e1 un d\u00eda el cielo ser\u00e1 el silencio\u201d, muestra colectiva abierta en el CAC\",\"breadcrumb\":{\"@id\":\"https:\\\/\\\/www.uartes.edu.ec\\\/sitio\\\/en\\\/blog\\\/2022\\\/07\\\/11\\\/obras-de-gabriela-rivadeneira-en-quiza-un-dia-el-cielosera-el-silencio-muestra-colectiva-inaugurada-en-el-cac\\\/#breadcrumb\"},\"inLanguage\":\"en-US\",\"potentialAction\":[{\"@type\":\"ReadAction\",\"target\":[\"https:\\\/\\\/www.uartes.edu.ec\\\/sitio\\\/en\\\/blog\\\/2022\\\/07\\\/11\\\/obras-de-gabriela-rivadeneira-en-quiza-un-dia-el-cielosera-el-silencio-muestra-colectiva-inaugurada-en-el-cac\\\/\"]}]},{\"@type\":\"ImageObject\",\"inLanguage\":\"en-US\",\"@id\":\"https:\\\/\\\/www.uartes.edu.ec\\\/sitio\\\/en\\\/blog\\\/2022\\\/07\\\/11\\\/obras-de-gabriela-rivadeneira-en-quiza-un-dia-el-cielosera-el-silencio-muestra-colectiva-inaugurada-en-el-cac\\\/#primaryimage\",\"url\":\"https:\\\/\\\/www.uartes.edu.ec\\\/sitio\\\/wp-content\\\/uploads\\\/2022\\\/07\\\/ANA-GABRIELA-RIVADENEIRA-01.jpg\",\"contentUrl\":\"https:\\\/\\\/www.uartes.edu.ec\\\/sitio\\\/wp-content\\\/uploads\\\/2022\\\/07\\\/ANA-GABRIELA-RIVADENEIRA-01.jpg\",\"width\":2000,\"height\":1333},{\"@type\":\"BreadcrumbList\",\"@id\":\"https:\\\/\\\/www.uartes.edu.ec\\\/sitio\\\/en\\\/blog\\\/2022\\\/07\\\/11\\\/obras-de-gabriela-rivadeneira-en-quiza-un-dia-el-cielosera-el-silencio-muestra-colectiva-inaugurada-en-el-cac\\\/#breadcrumb\",\"itemListElement\":[{\"@type\":\"ListItem\",\"position\":1,\"name\":\"Inicio\",\"item\":\"https:\\\/\\\/www.uartes.edu.ec\\\/sitio\\\/\"},{\"@type\":\"ListItem\",\"position\":2,\"name\":\"Obras de Gabriela Rivadeneira en \u201cQuiz\u00e1 un d\u00eda el cielo ser\u00e1 el silencio\u201d, muestra colectiva abierta en el CAC\"}]},{\"@type\":\"WebSite\",\"@id\":\"https:\\\/\\\/www.uartes.edu.ec\\\/sitio\\\/en\\\/#website\",\"url\":\"https:\\\/\\\/www.uartes.edu.ec\\\/sitio\\\/en\\\/\",\"name\":\"Universidad de las Artes\",\"description\":\"Sitio oficial de la Universidad Nacional de las Artes del Ecuador\",\"publisher\":{\"@id\":\"https:\\\/\\\/www.uartes.edu.ec\\\/sitio\\\/en\\\/#organization\"},\"potentialAction\":[{\"@type\":\"SearchAction\",\"target\":{\"@type\":\"EntryPoint\",\"urlTemplate\":\"https:\\\/\\\/www.uartes.edu.ec\\\/sitio\\\/en\\\/?s={search_term_string}\"},\"query-input\":{\"@type\":\"PropertyValueSpecification\",\"valueRequired\":true,\"valueName\":\"search_term_string\"}}],\"inLanguage\":\"en-US\"},{\"@type\":\"Organization\",\"@id\":\"https:\\\/\\\/www.uartes.edu.ec\\\/sitio\\\/en\\\/#organization\",\"name\":\"Universidad de las Artes\",\"url\":\"https:\\\/\\\/www.uartes.edu.ec\\\/sitio\\\/en\\\/\",\"logo\":{\"@type\":\"ImageObject\",\"inLanguage\":\"en-US\",\"@id\":\"https:\\\/\\\/www.uartes.edu.ec\\\/sitio\\\/en\\\/#\\\/schema\\\/logo\\\/image\\\/\",\"url\":\"https:\\\/\\\/www.uartes.edu.ec\\\/sitio\\\/wp-content\\\/uploads\\\/2022\\\/07\\\/logo-ua-horizontal.png\",\"contentUrl\":\"https:\\\/\\\/www.uartes.edu.ec\\\/sitio\\\/wp-content\\\/uploads\\\/2022\\\/07\\\/logo-ua-horizontal.png\",\"width\":800,\"height\":276,\"caption\":\"Universidad de las Artes\"},\"image\":{\"@id\":\"https:\\\/\\\/www.uartes.edu.ec\\\/sitio\\\/en\\\/#\\\/schema\\\/logo\\\/image\\\/\"},\"sameAs\":[\"https:\\\/\\\/www.facebook.com\\\/uartesec\",\"https:\\\/\\\/x.com\\\/uartesec\",\"https:\\\/\\\/www.tiktok.com\\\/@uartesec\"]},{\"@type\":\"Person\",\"@id\":\"https:\\\/\\\/www.uartes.edu.ec\\\/sitio\\\/en\\\/#\\\/schema\\\/person\\\/efa1b8275797664fd7f13a79ccc0b1f4\",\"name\":\"ccortez\",\"image\":{\"@type\":\"ImageObject\",\"inLanguage\":\"en-US\",\"@id\":\"https:\\\/\\\/secure.gravatar.com\\\/avatar\\\/b2a6f664a3ae8e074346ef91775736c5ec479e637ecced6842de9dc98b5da9cd?s=96&d=mm&r=g\",\"url\":\"https:\\\/\\\/secure.gravatar.com\\\/avatar\\\/b2a6f664a3ae8e074346ef91775736c5ec479e637ecced6842de9dc98b5da9cd?s=96&d=mm&r=g\",\"contentUrl\":\"https:\\\/\\\/secure.gravatar.com\\\/avatar\\\/b2a6f664a3ae8e074346ef91775736c5ec479e637ecced6842de9dc98b5da9cd?s=96&d=mm&r=g\",\"caption\":\"ccortez\"},\"url\":\"https:\\\/\\\/www.uartes.edu.ec\\\/sitio\\\/en\\\/blog\\\/author\\\/ccortez\\\/\"}]}<\/script>\n<!-- \/ Yoast SEO plugin. -->","yoast_head_json":{"title":"Universidad de las Artes - Obras de Gabriela Rivadeneira en \u201cQuiz\u00e1 un d\u00eda el cielo ser\u00e1 el silencio\u201d, muestra colectiva abierta en el CAC","description":"Universidad de las Artes - Obras de Gabriela Rivadeneira en \u201cQuiz\u00e1 un d\u00eda el cielo ser\u00e1 el silencio\u201d, muestra colectiva abierta en el CAC","robots":{"index":"index","follow":"follow","max-snippet":"max-snippet:-1","max-image-preview":"max-image-preview:large","max-video-preview":"max-video-preview:-1"},"canonical":"https:\/\/www.uartes.edu.ec\/sitio\/en\/blog\/2022\/07\/11\/obras-de-gabriela-rivadeneira-en-quiza-un-dia-el-cielosera-el-silencio-muestra-colectiva-inaugurada-en-el-cac\/","og_locale":"en_US","og_type":"article","og_title":"Universidad de las Artes - Obras de Gabriela Rivadeneira en \u201cQuiz\u00e1 un d\u00eda el cielo ser\u00e1 el silencio\u201d, muestra colectiva abierta en el CAC","og_description":"Universidad de las Artes - Obras de Gabriela Rivadeneira en \u201cQuiz\u00e1 un d\u00eda el cielo ser\u00e1 el silencio\u201d, muestra colectiva abierta en el CAC","og_url":"https:\/\/www.uartes.edu.ec\/sitio\/en\/blog\/2022\/07\/11\/obras-de-gabriela-rivadeneira-en-quiza-un-dia-el-cielosera-el-silencio-muestra-colectiva-inaugurada-en-el-cac\/","og_site_name":"Universidad de las Artes","article_publisher":"https:\/\/www.facebook.com\/uartesec","article_published_time":"2022-07-11T18:09:00+00:00","article_modified_time":"2025-08-18T20:02:57+00:00","og_image":[{"width":2000,"height":1333,"url":"https:\/\/www.uartes.edu.ec\/sitio\/wp-content\/uploads\/2022\/07\/ANA-GABRIELA-RIVADENEIRA-01.jpg","type":"image\/jpeg"}],"author":"ccortez","twitter_card":"summary_large_image","twitter_creator":"@uartesec","twitter_site":"@uartesec","twitter_misc":{"Written by":"ccortez","Est. reading time":"5 minutes"},"schema":{"@context":"https:\/\/schema.org","@graph":[{"@type":"Article","@id":"https:\/\/www.uartes.edu.ec\/sitio\/en\/blog\/2022\/07\/11\/obras-de-gabriela-rivadeneira-en-quiza-un-dia-el-cielosera-el-silencio-muestra-colectiva-inaugurada-en-el-cac\/#article","isPartOf":{"@id":"https:\/\/www.uartes.edu.ec\/sitio\/en\/blog\/2022\/07\/11\/obras-de-gabriela-rivadeneira-en-quiza-un-dia-el-cielosera-el-silencio-muestra-colectiva-inaugurada-en-el-cac\/"},"author":{"name":"ccortez","@id":"https:\/\/www.uartes.edu.ec\/sitio\/en\/#\/schema\/person\/efa1b8275797664fd7f13a79ccc0b1f4"},"headline":"Obras de Gabriela Rivadeneira en \u201cQuiz\u00e1 un d\u00eda el cielo ser\u00e1 el silencio\u201d, muestra colectiva abierta en el CAC","datePublished":"2022-07-11T18:09:00+00:00","dateModified":"2025-08-18T20:02:57+00:00","mainEntityOfPage":{"@id":"https:\/\/www.uartes.edu.ec\/sitio\/en\/blog\/2022\/07\/11\/obras-de-gabriela-rivadeneira-en-quiza-un-dia-el-cielosera-el-silencio-muestra-colectiva-inaugurada-en-el-cac\/"},"wordCount":905,"commentCount":0,"publisher":{"@id":"https:\/\/www.uartes.edu.ec\/sitio\/en\/#organization"},"image":{"@id":"https:\/\/www.uartes.edu.ec\/sitio\/en\/blog\/2022\/07\/11\/obras-de-gabriela-rivadeneira-en-quiza-un-dia-el-cielosera-el-silencio-muestra-colectiva-inaugurada-en-el-cac\/#primaryimage"},"thumbnailUrl":"https:\/\/www.uartes.edu.ec\/sitio\/wp-content\/uploads\/2022\/07\/ANA-GABRIELA-RIVADENEIRA-01.jpg","keywords":["muestra en CAC"],"articleSection":["1C","Docentes","Investigaci\u00f3n"],"inLanguage":"en-US","potentialAction":[{"@type":"CommentAction","name":"Comment","target":["https:\/\/www.uartes.edu.ec\/sitio\/en\/blog\/2022\/07\/11\/obras-de-gabriela-rivadeneira-en-quiza-un-dia-el-cielosera-el-silencio-muestra-colectiva-inaugurada-en-el-cac\/#respond"]}]},{"@type":["WebPage","ItemPage"],"@id":"https:\/\/www.uartes.edu.ec\/sitio\/en\/blog\/2022\/07\/11\/obras-de-gabriela-rivadeneira-en-quiza-un-dia-el-cielosera-el-silencio-muestra-colectiva-inaugurada-en-el-cac\/","url":"https:\/\/www.uartes.edu.ec\/sitio\/en\/blog\/2022\/07\/11\/obras-de-gabriela-rivadeneira-en-quiza-un-dia-el-cielosera-el-silencio-muestra-colectiva-inaugurada-en-el-cac\/","name":"Universidad de las Artes - Obras de Gabriela Rivadeneira en \u201cQuiz\u00e1 un d\u00eda el cielo ser\u00e1 el silencio\u201d, muestra colectiva abierta en el CAC","isPartOf":{"@id":"https:\/\/www.uartes.edu.ec\/sitio\/en\/#website"},"primaryImageOfPage":{"@id":"https:\/\/www.uartes.edu.ec\/sitio\/en\/blog\/2022\/07\/11\/obras-de-gabriela-rivadeneira-en-quiza-un-dia-el-cielosera-el-silencio-muestra-colectiva-inaugurada-en-el-cac\/#primaryimage"},"image":{"@id":"https:\/\/www.uartes.edu.ec\/sitio\/en\/blog\/2022\/07\/11\/obras-de-gabriela-rivadeneira-en-quiza-un-dia-el-cielosera-el-silencio-muestra-colectiva-inaugurada-en-el-cac\/#primaryimage"},"thumbnailUrl":"https:\/\/www.uartes.edu.ec\/sitio\/wp-content\/uploads\/2022\/07\/ANA-GABRIELA-RIVADENEIRA-01.jpg","datePublished":"2022-07-11T18:09:00+00:00","dateModified":"2025-08-18T20:02:57+00:00","description":"Universidad de las Artes - Obras de Gabriela Rivadeneira en \u201cQuiz\u00e1 un d\u00eda el cielo ser\u00e1 el silencio\u201d, muestra colectiva abierta en el CAC","breadcrumb":{"@id":"https:\/\/www.uartes.edu.ec\/sitio\/en\/blog\/2022\/07\/11\/obras-de-gabriela-rivadeneira-en-quiza-un-dia-el-cielosera-el-silencio-muestra-colectiva-inaugurada-en-el-cac\/#breadcrumb"},"inLanguage":"en-US","potentialAction":[{"@type":"ReadAction","target":["https:\/\/www.uartes.edu.ec\/sitio\/en\/blog\/2022\/07\/11\/obras-de-gabriela-rivadeneira-en-quiza-un-dia-el-cielosera-el-silencio-muestra-colectiva-inaugurada-en-el-cac\/"]}]},{"@type":"ImageObject","inLanguage":"en-US","@id":"https:\/\/www.uartes.edu.ec\/sitio\/en\/blog\/2022\/07\/11\/obras-de-gabriela-rivadeneira-en-quiza-un-dia-el-cielosera-el-silencio-muestra-colectiva-inaugurada-en-el-cac\/#primaryimage","url":"https:\/\/www.uartes.edu.ec\/sitio\/wp-content\/uploads\/2022\/07\/ANA-GABRIELA-RIVADENEIRA-01.jpg","contentUrl":"https:\/\/www.uartes.edu.ec\/sitio\/wp-content\/uploads\/2022\/07\/ANA-GABRIELA-RIVADENEIRA-01.jpg","width":2000,"height":1333},{"@type":"BreadcrumbList","@id":"https:\/\/www.uartes.edu.ec\/sitio\/en\/blog\/2022\/07\/11\/obras-de-gabriela-rivadeneira-en-quiza-un-dia-el-cielosera-el-silencio-muestra-colectiva-inaugurada-en-el-cac\/#breadcrumb","itemListElement":[{"@type":"ListItem","position":1,"name":"Inicio","item":"https:\/\/www.uartes.edu.ec\/sitio\/"},{"@type":"ListItem","position":2,"name":"Obras de Gabriela Rivadeneira en \u201cQuiz\u00e1 un d\u00eda el cielo ser\u00e1 el silencio\u201d, muestra colectiva abierta en el CAC"}]},{"@type":"WebSite","@id":"https:\/\/www.uartes.edu.ec\/sitio\/en\/#website","url":"https:\/\/www.uartes.edu.ec\/sitio\/en\/","name":"Universidad de las Artes","description":"Sitio oficial de la Universidad Nacional de las Artes del Ecuador","publisher":{"@id":"https:\/\/www.uartes.edu.ec\/sitio\/en\/#organization"},"potentialAction":[{"@type":"SearchAction","target":{"@type":"EntryPoint","urlTemplate":"https:\/\/www.uartes.edu.ec\/sitio\/en\/?s={search_term_string}"},"query-input":{"@type":"PropertyValueSpecification","valueRequired":true,"valueName":"search_term_string"}}],"inLanguage":"en-US"},{"@type":"Organization","@id":"https:\/\/www.uartes.edu.ec\/sitio\/en\/#organization","name":"Universidad de las Artes","url":"https:\/\/www.uartes.edu.ec\/sitio\/en\/","logo":{"@type":"ImageObject","inLanguage":"en-US","@id":"https:\/\/www.uartes.edu.ec\/sitio\/en\/#\/schema\/logo\/image\/","url":"https:\/\/www.uartes.edu.ec\/sitio\/wp-content\/uploads\/2022\/07\/logo-ua-horizontal.png","contentUrl":"https:\/\/www.uartes.edu.ec\/sitio\/wp-content\/uploads\/2022\/07\/logo-ua-horizontal.png","width":800,"height":276,"caption":"Universidad de las Artes"},"image":{"@id":"https:\/\/www.uartes.edu.ec\/sitio\/en\/#\/schema\/logo\/image\/"},"sameAs":["https:\/\/www.facebook.com\/uartesec","https:\/\/x.com\/uartesec","https:\/\/www.tiktok.com\/@uartesec"]},{"@type":"Person","@id":"https:\/\/www.uartes.edu.ec\/sitio\/en\/#\/schema\/person\/efa1b8275797664fd7f13a79ccc0b1f4","name":"ccortez","image":{"@type":"ImageObject","inLanguage":"en-US","@id":"https:\/\/secure.gravatar.com\/avatar\/b2a6f664a3ae8e074346ef91775736c5ec479e637ecced6842de9dc98b5da9cd?s=96&d=mm&r=g","url":"https:\/\/secure.gravatar.com\/avatar\/b2a6f664a3ae8e074346ef91775736c5ec479e637ecced6842de9dc98b5da9cd?s=96&d=mm&r=g","contentUrl":"https:\/\/secure.gravatar.com\/avatar\/b2a6f664a3ae8e074346ef91775736c5ec479e637ecced6842de9dc98b5da9cd?s=96&d=mm&r=g","caption":"ccortez"},"url":"https:\/\/www.uartes.edu.ec\/sitio\/en\/blog\/author\/ccortez\/"}]}},"uagb_featured_image_src":{"full":["https:\/\/www.uartes.edu.ec\/sitio\/wp-content\/uploads\/2022\/07\/ANA-GABRIELA-RIVADENEIRA-01.jpg",2000,1333,false],"thumbnail":["https:\/\/www.uartes.edu.ec\/sitio\/wp-content\/uploads\/2022\/07\/ANA-GABRIELA-RIVADENEIRA-01-150x150.jpg",150,150,true],"medium":["https:\/\/www.uartes.edu.ec\/sitio\/wp-content\/uploads\/2022\/07\/ANA-GABRIELA-RIVADENEIRA-01-300x200.jpg",300,200,true],"medium_large":["https:\/\/www.uartes.edu.ec\/sitio\/wp-content\/uploads\/2022\/07\/ANA-GABRIELA-RIVADENEIRA-01-768x512.jpg",768,512,true],"large":["https:\/\/www.uartes.edu.ec\/sitio\/wp-content\/uploads\/2022\/07\/ANA-GABRIELA-RIVADENEIRA-01-644x429.jpg",644,429,true],"1536x1536":["https:\/\/www.uartes.edu.ec\/sitio\/wp-content\/uploads\/2022\/07\/ANA-GABRIELA-RIVADENEIRA-01-1536x1024.jpg",1536,1024,true],"2048x2048":["https:\/\/www.uartes.edu.ec\/sitio\/wp-content\/uploads\/2022\/07\/ANA-GABRIELA-RIVADENEIRA-01.jpg",2000,1333,false],"trp-custom-language-flag":["https:\/\/www.uartes.edu.ec\/sitio\/wp-content\/uploads\/2022\/07\/ANA-GABRIELA-RIVADENEIRA-01.jpg",18,12,false],"htmega_size_585x295":["https:\/\/www.uartes.edu.ec\/sitio\/wp-content\/uploads\/2022\/07\/ANA-GABRIELA-RIVADENEIRA-01.jpg",443,295,false],"htmega_size_1170x536":["https:\/\/www.uartes.edu.ec\/sitio\/wp-content\/uploads\/2022\/07\/ANA-GABRIELA-RIVADENEIRA-01.jpg",804,536,false],"htmega_size_396x360":["https:\/\/www.uartes.edu.ec\/sitio\/wp-content\/uploads\/2022\/07\/ANA-GABRIELA-RIVADENEIRA-01.jpg",396,264,false],"gb-block-post-grid-landscape":["https:\/\/www.uartes.edu.ec\/sitio\/wp-content\/uploads\/2022\/07\/ANA-GABRIELA-RIVADENEIRA-01-600x400.jpg",600,400,true],"gb-block-post-grid-square":["https:\/\/www.uartes.edu.ec\/sitio\/wp-content\/uploads\/2022\/07\/ANA-GABRIELA-RIVADENEIRA-01-600x600.jpg",600,600,true],"university-hub-thumb":["https:\/\/www.uartes.edu.ec\/sitio\/wp-content\/uploads\/2022\/07\/ANA-GABRIELA-RIVADENEIRA-01-400x267.jpg",400,267,true]},"uagb_author_info":{"display_name":"ccortez","author_link":"https:\/\/www.uartes.edu.ec\/sitio\/en\/blog\/author\/ccortez\/"},"uagb_comment_info":0,"uagb_excerpt":"Se inaugur\u00f3 el pasado 4 de junio y se mantendr\u00e1 abierta hasta el 28 de agosto pr\u00f3ximo en el Centro de Arte Contempor\u00e1neo (CAC) de Quito. Es la muestra colectiva Quiz\u00e1 un d\u00eda el cielo ser\u00e1 el silencio en la que participa con varias de sus obras Ana Gabriela Rivadeneira Crespo, docente titular de la&hellip;","featured_image_src":"https:\/\/www.uartes.edu.ec\/sitio\/wp-content\/uploads\/2022\/07\/ANA-GABRIELA-RIVADENEIRA-01-600x400.jpg","featured_image_src_square":"https:\/\/www.uartes.edu.ec\/sitio\/wp-content\/uploads\/2022\/07\/ANA-GABRIELA-RIVADENEIRA-01-600x600.jpg","author_info":{"display_name":"ccortez","author_link":"https:\/\/www.uartes.edu.ec\/sitio\/en\/blog\/author\/ccortez\/"},"publishpress_future_workflow_manual_trigger":{"enabledWorkflows":[]},"distributor_meta":false,"distributor_terms":false,"distributor_media":false,"distributor_original_site_name":"Universidad de las Artes","distributor_original_site_url":"https:\/\/www.uartes.edu.ec\/sitio\/en","push-errors":false,"_links":{"self":[{"href":"https:\/\/www.uartes.edu.ec\/sitio\/en\/wp-json\/wp\/v2\/posts\/24197","targetHints":{"allow":["GET"]}}],"collection":[{"href":"https:\/\/www.uartes.edu.ec\/sitio\/en\/wp-json\/wp\/v2\/posts"}],"about":[{"href":"https:\/\/www.uartes.edu.ec\/sitio\/en\/wp-json\/wp\/v2\/types\/post"}],"author":[{"embeddable":true,"href":"https:\/\/www.uartes.edu.ec\/sitio\/en\/wp-json\/wp\/v2\/users\/10"}],"replies":[{"embeddable":true,"href":"https:\/\/www.uartes.edu.ec\/sitio\/en\/wp-json\/wp\/v2\/comments?post=24197"}],"version-history":[{"count":8,"href":"https:\/\/www.uartes.edu.ec\/sitio\/en\/wp-json\/wp\/v2\/posts\/24197\/revisions"}],"predecessor-version":[{"id":77372,"href":"https:\/\/www.uartes.edu.ec\/sitio\/en\/wp-json\/wp\/v2\/posts\/24197\/revisions\/77372"}],"wp:featuredmedia":[{"embeddable":true,"href":"https:\/\/www.uartes.edu.ec\/sitio\/en\/wp-json\/wp\/v2\/media\/24198"}],"wp:attachment":[{"href":"https:\/\/www.uartes.edu.ec\/sitio\/en\/wp-json\/wp\/v2\/media?parent=24197"}],"wp:term":[{"taxonomy":"category","embeddable":true,"href":"https:\/\/www.uartes.edu.ec\/sitio\/en\/wp-json\/wp\/v2\/categories?post=24197"},{"taxonomy":"post_tag","embeddable":true,"href":"https:\/\/www.uartes.edu.ec\/sitio\/en\/wp-json\/wp\/v2\/tags?post=24197"},{"taxonomy":"infouartes","embeddable":true,"href":"https:\/\/www.uartes.edu.ec\/sitio\/en\/wp-json\/wp\/v2\/infouartes?post=24197"}],"curies":[{"name":"wp","href":"https:\/\/api.w.org\/{rel}","templated":true}]}}