{"id":24482,"date":"2022-07-13T18:28:47","date_gmt":"2022-07-13T23:28:47","guid":{"rendered":"http:\/\/www.uartes.edu.ec\/sitio\/?p=24482"},"modified":"2024-07-04T11:23:18","modified_gmt":"2024-07-04T16:23:18","slug":"mercados-de-la-musica-y-circulacion-internacional-laboratorio-con-salvador-toache-organiza-el-mz14","status":"publish","type":"post","link":"https:\/\/www.uartes.edu.ec\/sitio\/en\/blog\/2022\/07\/13\/mercados-de-la-musica-y-circulacion-internacional-laboratorio-con-salvador-toache-organiza-el-mz14\/","title":{"rendered":"\u201cMercados de la m\u00fasica y circulaci\u00f3n internacional\u201d, laboratorio con Salvador Toache; organiza el MZ14"},"content":{"rendered":"<p>El Centro de Producci\u00f3n e Innovaci\u00f3n MZ14 de la UArtes presenta \u201cPuentes MZ14: Laboratorios de Internacionalizaci\u00f3n y Circulaci\u00f3n de las Artes\u201d, un proyecto que ofrecer\u00e1 capacitaciones para la transferencia de conocimientos y que contar\u00e1 con la participaci\u00f3n de profesionales que facilitar\u00e1n herramientas, t\u00e1cticas y estrategias para generar v\u00ednculos, intercambios y posibilidades de negocio para los actores del ecosistema de las artes dentro y fuera del pa\u00eds.<\/p>\n\n\n\n<p>Concebido para la internacionalizaci\u00f3n y circulaci\u00f3n de las artes del Ecuador, el primer laboratorio de esta propuesta de la UArtes, que cuenta con el apoyo de la Organizaci\u00f3n de Estados Iberoamericanos (OEI), es \u201cMercados de la m\u00fasica y circulaci\u00f3n internacional\u201d. Lo dictar\u00e1 el reconocido programador y productor musical mexicano Salvador Toache y se desarrollar\u00e1 los d\u00edas 21, 22 y 23 de julio, en la Sala de Experimentaci\u00f3n Sonora del MZ14, ubicado en 9 de Octubre y Panam\u00e1, esquina.<\/p>\n\n\n\n<p>Este primer laboratorio tendr\u00e1 una duraci\u00f3n de siete horas de capacitaci\u00f3n y contar\u00e1 con al menos 30 participantes, entre representantes de grupos musicales, artistas, actores del ecosistema de la m\u00fasica y exalumnos.<\/p>\n\n\n\n<p>Los \u201cMercados de la m\u00fasica y circulaci\u00f3n internacional\u201d permitir\u00e1n obtener informaci\u00f3n sobre la realidad internacional de los mercados musicales, las artes esc\u00e9nicas y el comportamiento de la industria. En sus tres d\u00edas de desarrollo, se trabajar\u00e1 con casos reales para identificar los intereses de la programaci\u00f3n art\u00edstica, seg\u00fan los mercados y territorios latinoamericanos. Adem\u00e1s, se compartir\u00e1n herramientas de trabajo que permitan entender mejor la circulaci\u00f3n y booking para contenidos musicales.<\/p>\n\n\n\n<p>Expertos nacionales y extranjeros guiar\u00e1n las actividades en las que se aprender\u00e1 haciendo, a trav\u00e9s de procesos de investigaci\u00f3n, experimentaci\u00f3n, intercambio de saberes y trabajo t\u00e9cnico.<\/p>\n\n\n\n<p>Las actividades est\u00e1n dirigidas a agrupaciones de danza, teatro, m\u00fasica, as\u00ed como para representantes, managers, agentes de booking, programadores, distribuidores, productores y trabajadores afines a las artes musicales y esc\u00e9nicas. Para participar se realizar\u00e1 una convocatoria de inscripci\u00f3n y se seleccionar\u00e1 a los beneficiados de las capacitaciones.<\/p>\n\n\n\n<h3 class=\"wp-block-heading\"><strong>Las tem\u00e1ticas<\/strong><\/h3>\n\n\n\n<p>El primer taller, \u201cMercados de la m\u00fasica\u201d, ser\u00e1 el jueves 21 de julio de 18:00 a 20:00. Se trabajar\u00e1n contenidos como los tipos de eventos y mercados musicales, funci\u00f3n de los mercados de m\u00fasica y c\u00f3mo abordarlos, y desarrollo de pitch para negociaci\u00f3n.<\/p>\n\n\n\n<p>En el mismo horario, el viernes 22 se continuar\u00e1 con el taller \u201c\u00bfQu\u00e9 buscan los promotores y programadores internacionales?\u201d. Entre los contenidos est\u00e1n: an\u00e1lisis de perfiles, comunicaci\u00f3n versus informaci\u00f3n, la diversidad en los criterios de programaci\u00f3n, y c\u00f3mo construir objetivos para dar a conocer la oferta.<\/p>\n\n\n\n<p>El s\u00e1bado 23 ser\u00e1 el \u00faltimo taller. Su tem\u00e1tica es \u201cCirculaci\u00f3n, programaci\u00f3n y booking nacional e internacional\u201d y se impartir\u00e1 desde las 10:00 hasta las 13:00. Propone en su contenido, entre otros, gesti\u00f3n y venta de artistas independientes, virtualidad como herramienta, vinculaci\u00f3n y promoci\u00f3n, y redes de trabajo.<\/p>\n\n\n\n<h3 class=\"wp-block-heading\"><strong>El tallerista<\/strong><\/h3>\n\n\n\n<p>Salvador Toache cuenta con una trayectoria de m\u00e1s de 30 a\u00f1os en el medio musical y una amplia experiencia como productor y promotor. Durante estos a\u00f1os ha unido sus dos profesiones logrando una estructura sociomusical. Ha sido invitado a festivales, universidades y ruedas de negocios en M\u00e9xico y alrededor del mundo como curador, jurado y\/o conferencista.<\/p>\n\n\n\n<p>De manera alterna a las actividades de la casa musical Discos Intolerancia, Toache mantiene una relaci\u00f3n con el cine mexicano como generador de contenidos musicales, produciendo, componiendo, gestionando derechos y musicalizando.<\/p>\n\n\n\n<p>Las inscripciones en el siguiente enlace: <a href=\"https:\/\/docs.google.com\/forms\/d\/e\/1FAIpQLSdovYIbylWzEONuX6VBWSbesoLNZpZ4qOUE4xBzLGENqrJzyA\/viewform?vc=0&amp;c=0&amp;w=1&amp;flr=0\">https:\/\/docs.google.com\/forms\/d\/e\/1FAIpQLSdovYIbylWzEONuX6VBWSbesoLNZpZ4qOUE4xBzLGENqrJzyA\/viewform?vc=0&amp;c=0&amp;w=1&amp;flr=0<\/a><\/p>","protected":false},"excerpt":{"rendered":"<p>La propuesta es la primera de \u201cPuentes MZ14: Laboratorios de Internacionalizaci\u00f3n y Circulaci\u00f3n de las Artes\u201d, un proyecto del Centro de Producci\u00f3n e Innovaci\u00f3n MZ14 que ofrecer\u00e1 capacitaciones  para la transferencia de conocimientos y contar\u00e1 con la participaci\u00f3n de reconocidos profesionales como el mexicano Savador Toache; su laboratorio ser\u00e1 el 21, 22 y 23 de julio, en la Sala de Experimentaci\u00f3n Sonora. <\/p>","protected":false},"author":10,"featured_media":24483,"comment_status":"open","ping_status":"open","sticky":false,"template":"","format":"standard","meta":{"_acf_changed":false,"_uag_custom_page_level_css":"","_monsterinsights_skip_tracking":false,"_monsterinsights_sitenote_active":false,"_monsterinsights_sitenote_note":"","_monsterinsights_sitenote_category":0,"cybocfi_hide_featured_image":"","footnotes":""},"categories":[722,80,490,76],"tags":[736,106],"infouartes":[],"class_list":["post-24482","post","type-post","status-publish","format-standard","has-post-thumbnail","hentry","category-1f","category-academico","category-alumni","category-estudiantes","tag-laboratorio-mz14","tag-mz14"],"acf":[],"yoast_head":"<!-- This site is optimized with the Yoast SEO plugin v27.4 - https:\/\/yoast.com\/product\/yoast-seo-wordpress\/ -->\n<title>Universidad de las Artes - \u201cMercados de la m\u00fasica y circulaci\u00f3n internacional\u201d, laboratorio con Salvador Toache; organiza el MZ14<\/title>\n<meta name=\"description\" content=\"Universidad de las Artes - \u201cMercados de la m\u00fasica y circulaci\u00f3n internacional\u201d, laboratorio con Salvador Toache; organiza el MZ14\" \/>\n<meta name=\"robots\" content=\"index, follow, max-snippet:-1, max-image-preview:large, max-video-preview:-1\" \/>\n<link rel=\"canonical\" href=\"https:\/\/www.uartes.edu.ec\/sitio\/en\/blog\/2022\/07\/13\/mercados-de-la-musica-y-circulacion-internacional-laboratorio-con-salvador-toache-organiza-el-mz14\/\" \/>\n<meta property=\"og:locale\" content=\"en_US\" \/>\n<meta property=\"og:type\" content=\"article\" \/>\n<meta property=\"og:title\" content=\"Universidad de las Artes - \u201cMercados de la m\u00fasica y circulaci\u00f3n internacional\u201d, laboratorio con Salvador Toache; organiza el MZ14\" \/>\n<meta property=\"og:description\" content=\"Universidad de las Artes - \u201cMercados de la m\u00fasica y circulaci\u00f3n internacional\u201d, laboratorio con Salvador Toache; organiza el MZ14\" \/>\n<meta property=\"og:url\" content=\"https:\/\/www.uartes.edu.ec\/sitio\/en\/blog\/2022\/07\/13\/mercados-de-la-musica-y-circulacion-internacional-laboratorio-con-salvador-toache-organiza-el-mz14\/\" \/>\n<meta property=\"og:site_name\" content=\"Universidad de las Artes\" \/>\n<meta property=\"article:publisher\" content=\"https:\/\/www.facebook.com\/uartesec\" \/>\n<meta property=\"article:published_time\" content=\"2022-07-13T23:28:47+00:00\" \/>\n<meta property=\"article:modified_time\" content=\"2024-07-04T16:23:18+00:00\" \/>\n<meta property=\"og:image\" content=\"https:\/\/www.uartes.edu.ec\/sitio\/wp-content\/uploads\/2022\/07\/Salvador-Toache-WEB.jpg\" \/>\n\t<meta property=\"og:image:width\" content=\"2000\" \/>\n\t<meta property=\"og:image:height\" content=\"1333\" \/>\n\t<meta property=\"og:image:type\" content=\"image\/jpeg\" \/>\n<meta name=\"author\" content=\"ccortez\" \/>\n<meta name=\"twitter:card\" content=\"summary_large_image\" \/>\n<meta name=\"twitter:creator\" content=\"@uartesec\" \/>\n<meta name=\"twitter:site\" content=\"@uartesec\" \/>\n<meta name=\"twitter:label1\" content=\"Written by\" \/>\n\t<meta name=\"twitter:data1\" content=\"ccortez\" \/>\n\t<meta name=\"twitter:label2\" content=\"Est. reading time\" \/>\n\t<meta name=\"twitter:data2\" content=\"3 minutes\" \/>\n<script type=\"application\/ld+json\" class=\"yoast-schema-graph\">{\"@context\":\"https:\\\/\\\/schema.org\",\"@graph\":[{\"@type\":\"Article\",\"@id\":\"https:\\\/\\\/www.uartes.edu.ec\\\/sitio\\\/en\\\/blog\\\/2022\\\/07\\\/13\\\/mercados-de-la-musica-y-circulacion-internacional-laboratorio-con-salvador-toache-organiza-el-mz14\\\/#article\",\"isPartOf\":{\"@id\":\"https:\\\/\\\/www.uartes.edu.ec\\\/sitio\\\/en\\\/blog\\\/2022\\\/07\\\/13\\\/mercados-de-la-musica-y-circulacion-internacional-laboratorio-con-salvador-toache-organiza-el-mz14\\\/\"},\"author\":{\"name\":\"ccortez\",\"@id\":\"https:\\\/\\\/www.uartes.edu.ec\\\/sitio\\\/en\\\/#\\\/schema\\\/person\\\/efa1b8275797664fd7f13a79ccc0b1f4\"},\"headline\":\"\u201cMercados de la m\u00fasica y circulaci\u00f3n internacional\u201d, laboratorio con Salvador Toache; organiza el MZ14\",\"datePublished\":\"2022-07-13T23:28:47+00:00\",\"dateModified\":\"2024-07-04T16:23:18+00:00\",\"mainEntityOfPage\":{\"@id\":\"https:\\\/\\\/www.uartes.edu.ec\\\/sitio\\\/en\\\/blog\\\/2022\\\/07\\\/13\\\/mercados-de-la-musica-y-circulacion-internacional-laboratorio-con-salvador-toache-organiza-el-mz14\\\/\"},\"wordCount\":641,\"commentCount\":0,\"publisher\":{\"@id\":\"https:\\\/\\\/www.uartes.edu.ec\\\/sitio\\\/en\\\/#organization\"},\"image\":{\"@id\":\"https:\\\/\\\/www.uartes.edu.ec\\\/sitio\\\/en\\\/blog\\\/2022\\\/07\\\/13\\\/mercados-de-la-musica-y-circulacion-internacional-laboratorio-con-salvador-toache-organiza-el-mz14\\\/#primaryimage\"},\"thumbnailUrl\":\"https:\\\/\\\/www.uartes.edu.ec\\\/sitio\\\/wp-content\\\/uploads\\\/2022\\\/07\\\/Salvador-Toache-WEB.jpg\",\"keywords\":[\"laboratorio MZ14\",\"mz14\"],\"articleSection\":[\"1F\",\"Acad\u00e9mico\",\"Alumni\",\"Estudiantes\"],\"inLanguage\":\"en-US\",\"potentialAction\":[{\"@type\":\"CommentAction\",\"name\":\"Comment\",\"target\":[\"https:\\\/\\\/www.uartes.edu.ec\\\/sitio\\\/en\\\/blog\\\/2022\\\/07\\\/13\\\/mercados-de-la-musica-y-circulacion-internacional-laboratorio-con-salvador-toache-organiza-el-mz14\\\/#respond\"]}]},{\"@type\":[\"WebPage\",\"ItemPage\"],\"@id\":\"https:\\\/\\\/www.uartes.edu.ec\\\/sitio\\\/en\\\/blog\\\/2022\\\/07\\\/13\\\/mercados-de-la-musica-y-circulacion-internacional-laboratorio-con-salvador-toache-organiza-el-mz14\\\/\",\"url\":\"https:\\\/\\\/www.uartes.edu.ec\\\/sitio\\\/en\\\/blog\\\/2022\\\/07\\\/13\\\/mercados-de-la-musica-y-circulacion-internacional-laboratorio-con-salvador-toache-organiza-el-mz14\\\/\",\"name\":\"Universidad de las Artes - \u201cMercados de la m\u00fasica y circulaci\u00f3n internacional\u201d, laboratorio con Salvador Toache; organiza el MZ14\",\"isPartOf\":{\"@id\":\"https:\\\/\\\/www.uartes.edu.ec\\\/sitio\\\/en\\\/#website\"},\"primaryImageOfPage\":{\"@id\":\"https:\\\/\\\/www.uartes.edu.ec\\\/sitio\\\/en\\\/blog\\\/2022\\\/07\\\/13\\\/mercados-de-la-musica-y-circulacion-internacional-laboratorio-con-salvador-toache-organiza-el-mz14\\\/#primaryimage\"},\"image\":{\"@id\":\"https:\\\/\\\/www.uartes.edu.ec\\\/sitio\\\/en\\\/blog\\\/2022\\\/07\\\/13\\\/mercados-de-la-musica-y-circulacion-internacional-laboratorio-con-salvador-toache-organiza-el-mz14\\\/#primaryimage\"},\"thumbnailUrl\":\"https:\\\/\\\/www.uartes.edu.ec\\\/sitio\\\/wp-content\\\/uploads\\\/2022\\\/07\\\/Salvador-Toache-WEB.jpg\",\"datePublished\":\"2022-07-13T23:28:47+00:00\",\"dateModified\":\"2024-07-04T16:23:18+00:00\",\"description\":\"Universidad de las Artes - \u201cMercados de la m\u00fasica y circulaci\u00f3n internacional\u201d, laboratorio con Salvador Toache; organiza el MZ14\",\"breadcrumb\":{\"@id\":\"https:\\\/\\\/www.uartes.edu.ec\\\/sitio\\\/en\\\/blog\\\/2022\\\/07\\\/13\\\/mercados-de-la-musica-y-circulacion-internacional-laboratorio-con-salvador-toache-organiza-el-mz14\\\/#breadcrumb\"},\"inLanguage\":\"en-US\",\"potentialAction\":[{\"@type\":\"ReadAction\",\"target\":[\"https:\\\/\\\/www.uartes.edu.ec\\\/sitio\\\/en\\\/blog\\\/2022\\\/07\\\/13\\\/mercados-de-la-musica-y-circulacion-internacional-laboratorio-con-salvador-toache-organiza-el-mz14\\\/\"]}]},{\"@type\":\"ImageObject\",\"inLanguage\":\"en-US\",\"@id\":\"https:\\\/\\\/www.uartes.edu.ec\\\/sitio\\\/en\\\/blog\\\/2022\\\/07\\\/13\\\/mercados-de-la-musica-y-circulacion-internacional-laboratorio-con-salvador-toache-organiza-el-mz14\\\/#primaryimage\",\"url\":\"https:\\\/\\\/www.uartes.edu.ec\\\/sitio\\\/wp-content\\\/uploads\\\/2022\\\/07\\\/Salvador-Toache-WEB.jpg\",\"contentUrl\":\"https:\\\/\\\/www.uartes.edu.ec\\\/sitio\\\/wp-content\\\/uploads\\\/2022\\\/07\\\/Salvador-Toache-WEB.jpg\",\"width\":2000,\"height\":1333},{\"@type\":\"BreadcrumbList\",\"@id\":\"https:\\\/\\\/www.uartes.edu.ec\\\/sitio\\\/en\\\/blog\\\/2022\\\/07\\\/13\\\/mercados-de-la-musica-y-circulacion-internacional-laboratorio-con-salvador-toache-organiza-el-mz14\\\/#breadcrumb\",\"itemListElement\":[{\"@type\":\"ListItem\",\"position\":1,\"name\":\"Inicio\",\"item\":\"https:\\\/\\\/www.uartes.edu.ec\\\/sitio\\\/\"},{\"@type\":\"ListItem\",\"position\":2,\"name\":\"\u201cMercados de la m\u00fasica y circulaci\u00f3n internacional\u201d, laboratorio con Salvador Toache; organiza el MZ14\"}]},{\"@type\":\"WebSite\",\"@id\":\"https:\\\/\\\/www.uartes.edu.ec\\\/sitio\\\/en\\\/#website\",\"url\":\"https:\\\/\\\/www.uartes.edu.ec\\\/sitio\\\/en\\\/\",\"name\":\"Universidad de las Artes\",\"description\":\"Sitio oficial de la Universidad Nacional de las Artes del Ecuador\",\"publisher\":{\"@id\":\"https:\\\/\\\/www.uartes.edu.ec\\\/sitio\\\/en\\\/#organization\"},\"potentialAction\":[{\"@type\":\"SearchAction\",\"target\":{\"@type\":\"EntryPoint\",\"urlTemplate\":\"https:\\\/\\\/www.uartes.edu.ec\\\/sitio\\\/en\\\/?s={search_term_string}\"},\"query-input\":{\"@type\":\"PropertyValueSpecification\",\"valueRequired\":true,\"valueName\":\"search_term_string\"}}],\"inLanguage\":\"en-US\"},{\"@type\":\"Organization\",\"@id\":\"https:\\\/\\\/www.uartes.edu.ec\\\/sitio\\\/en\\\/#organization\",\"name\":\"Universidad de las Artes\",\"url\":\"https:\\\/\\\/www.uartes.edu.ec\\\/sitio\\\/en\\\/\",\"logo\":{\"@type\":\"ImageObject\",\"inLanguage\":\"en-US\",\"@id\":\"https:\\\/\\\/www.uartes.edu.ec\\\/sitio\\\/en\\\/#\\\/schema\\\/logo\\\/image\\\/\",\"url\":\"https:\\\/\\\/www.uartes.edu.ec\\\/sitio\\\/wp-content\\\/uploads\\\/2022\\\/07\\\/logo-ua-horizontal.png\",\"contentUrl\":\"https:\\\/\\\/www.uartes.edu.ec\\\/sitio\\\/wp-content\\\/uploads\\\/2022\\\/07\\\/logo-ua-horizontal.png\",\"width\":800,\"height\":276,\"caption\":\"Universidad de las Artes\"},\"image\":{\"@id\":\"https:\\\/\\\/www.uartes.edu.ec\\\/sitio\\\/en\\\/#\\\/schema\\\/logo\\\/image\\\/\"},\"sameAs\":[\"https:\\\/\\\/www.facebook.com\\\/uartesec\",\"https:\\\/\\\/x.com\\\/uartesec\",\"https:\\\/\\\/www.tiktok.com\\\/@uartesec\"]},{\"@type\":\"Person\",\"@id\":\"https:\\\/\\\/www.uartes.edu.ec\\\/sitio\\\/en\\\/#\\\/schema\\\/person\\\/efa1b8275797664fd7f13a79ccc0b1f4\",\"name\":\"ccortez\",\"image\":{\"@type\":\"ImageObject\",\"inLanguage\":\"en-US\",\"@id\":\"https:\\\/\\\/secure.gravatar.com\\\/avatar\\\/b2a6f664a3ae8e074346ef91775736c5ec479e637ecced6842de9dc98b5da9cd?s=96&d=mm&r=g\",\"url\":\"https:\\\/\\\/secure.gravatar.com\\\/avatar\\\/b2a6f664a3ae8e074346ef91775736c5ec479e637ecced6842de9dc98b5da9cd?s=96&d=mm&r=g\",\"contentUrl\":\"https:\\\/\\\/secure.gravatar.com\\\/avatar\\\/b2a6f664a3ae8e074346ef91775736c5ec479e637ecced6842de9dc98b5da9cd?s=96&d=mm&r=g\",\"caption\":\"ccortez\"},\"url\":\"https:\\\/\\\/www.uartes.edu.ec\\\/sitio\\\/en\\\/blog\\\/author\\\/ccortez\\\/\"}]}<\/script>\n<!-- \/ Yoast SEO plugin. -->","yoast_head_json":{"title":"Universidad de las Artes - \u201cMercados de la m\u00fasica y circulaci\u00f3n internacional\u201d, laboratorio con Salvador Toache; organiza el MZ14","description":"Universidad de las Artes - \u201cMercados de la m\u00fasica y circulaci\u00f3n internacional\u201d, laboratorio con Salvador Toache; organiza el MZ14","robots":{"index":"index","follow":"follow","max-snippet":"max-snippet:-1","max-image-preview":"max-image-preview:large","max-video-preview":"max-video-preview:-1"},"canonical":"https:\/\/www.uartes.edu.ec\/sitio\/en\/blog\/2022\/07\/13\/mercados-de-la-musica-y-circulacion-internacional-laboratorio-con-salvador-toache-organiza-el-mz14\/","og_locale":"en_US","og_type":"article","og_title":"Universidad de las Artes - \u201cMercados de la m\u00fasica y circulaci\u00f3n internacional\u201d, laboratorio con Salvador Toache; organiza el MZ14","og_description":"Universidad de las Artes - \u201cMercados de la m\u00fasica y circulaci\u00f3n internacional\u201d, laboratorio con Salvador Toache; organiza el MZ14","og_url":"https:\/\/www.uartes.edu.ec\/sitio\/en\/blog\/2022\/07\/13\/mercados-de-la-musica-y-circulacion-internacional-laboratorio-con-salvador-toache-organiza-el-mz14\/","og_site_name":"Universidad de las Artes","article_publisher":"https:\/\/www.facebook.com\/uartesec","article_published_time":"2022-07-13T23:28:47+00:00","article_modified_time":"2024-07-04T16:23:18+00:00","og_image":[{"width":2000,"height":1333,"url":"https:\/\/www.uartes.edu.ec\/sitio\/wp-content\/uploads\/2022\/07\/Salvador-Toache-WEB.jpg","type":"image\/jpeg"}],"author":"ccortez","twitter_card":"summary_large_image","twitter_creator":"@uartesec","twitter_site":"@uartesec","twitter_misc":{"Written by":"ccortez","Est. reading time":"3 minutes"},"schema":{"@context":"https:\/\/schema.org","@graph":[{"@type":"Article","@id":"https:\/\/www.uartes.edu.ec\/sitio\/en\/blog\/2022\/07\/13\/mercados-de-la-musica-y-circulacion-internacional-laboratorio-con-salvador-toache-organiza-el-mz14\/#article","isPartOf":{"@id":"https:\/\/www.uartes.edu.ec\/sitio\/en\/blog\/2022\/07\/13\/mercados-de-la-musica-y-circulacion-internacional-laboratorio-con-salvador-toache-organiza-el-mz14\/"},"author":{"name":"ccortez","@id":"https:\/\/www.uartes.edu.ec\/sitio\/en\/#\/schema\/person\/efa1b8275797664fd7f13a79ccc0b1f4"},"headline":"\u201cMercados de la m\u00fasica y circulaci\u00f3n internacional\u201d, laboratorio con Salvador Toache; organiza el MZ14","datePublished":"2022-07-13T23:28:47+00:00","dateModified":"2024-07-04T16:23:18+00:00","mainEntityOfPage":{"@id":"https:\/\/www.uartes.edu.ec\/sitio\/en\/blog\/2022\/07\/13\/mercados-de-la-musica-y-circulacion-internacional-laboratorio-con-salvador-toache-organiza-el-mz14\/"},"wordCount":641,"commentCount":0,"publisher":{"@id":"https:\/\/www.uartes.edu.ec\/sitio\/en\/#organization"},"image":{"@id":"https:\/\/www.uartes.edu.ec\/sitio\/en\/blog\/2022\/07\/13\/mercados-de-la-musica-y-circulacion-internacional-laboratorio-con-salvador-toache-organiza-el-mz14\/#primaryimage"},"thumbnailUrl":"https:\/\/www.uartes.edu.ec\/sitio\/wp-content\/uploads\/2022\/07\/Salvador-Toache-WEB.jpg","keywords":["laboratorio MZ14","mz14"],"articleSection":["1F","Acad\u00e9mico","Alumni","Estudiantes"],"inLanguage":"en-US","potentialAction":[{"@type":"CommentAction","name":"Comment","target":["https:\/\/www.uartes.edu.ec\/sitio\/en\/blog\/2022\/07\/13\/mercados-de-la-musica-y-circulacion-internacional-laboratorio-con-salvador-toache-organiza-el-mz14\/#respond"]}]},{"@type":["WebPage","ItemPage"],"@id":"https:\/\/www.uartes.edu.ec\/sitio\/en\/blog\/2022\/07\/13\/mercados-de-la-musica-y-circulacion-internacional-laboratorio-con-salvador-toache-organiza-el-mz14\/","url":"https:\/\/www.uartes.edu.ec\/sitio\/en\/blog\/2022\/07\/13\/mercados-de-la-musica-y-circulacion-internacional-laboratorio-con-salvador-toache-organiza-el-mz14\/","name":"Universidad de las Artes - \u201cMercados de la m\u00fasica y circulaci\u00f3n internacional\u201d, laboratorio con Salvador Toache; organiza el MZ14","isPartOf":{"@id":"https:\/\/www.uartes.edu.ec\/sitio\/en\/#website"},"primaryImageOfPage":{"@id":"https:\/\/www.uartes.edu.ec\/sitio\/en\/blog\/2022\/07\/13\/mercados-de-la-musica-y-circulacion-internacional-laboratorio-con-salvador-toache-organiza-el-mz14\/#primaryimage"},"image":{"@id":"https:\/\/www.uartes.edu.ec\/sitio\/en\/blog\/2022\/07\/13\/mercados-de-la-musica-y-circulacion-internacional-laboratorio-con-salvador-toache-organiza-el-mz14\/#primaryimage"},"thumbnailUrl":"https:\/\/www.uartes.edu.ec\/sitio\/wp-content\/uploads\/2022\/07\/Salvador-Toache-WEB.jpg","datePublished":"2022-07-13T23:28:47+00:00","dateModified":"2024-07-04T16:23:18+00:00","description":"Universidad de las Artes - \u201cMercados de la m\u00fasica y circulaci\u00f3n internacional\u201d, laboratorio con Salvador Toache; organiza el MZ14","breadcrumb":{"@id":"https:\/\/www.uartes.edu.ec\/sitio\/en\/blog\/2022\/07\/13\/mercados-de-la-musica-y-circulacion-internacional-laboratorio-con-salvador-toache-organiza-el-mz14\/#breadcrumb"},"inLanguage":"en-US","potentialAction":[{"@type":"ReadAction","target":["https:\/\/www.uartes.edu.ec\/sitio\/en\/blog\/2022\/07\/13\/mercados-de-la-musica-y-circulacion-internacional-laboratorio-con-salvador-toache-organiza-el-mz14\/"]}]},{"@type":"ImageObject","inLanguage":"en-US","@id":"https:\/\/www.uartes.edu.ec\/sitio\/en\/blog\/2022\/07\/13\/mercados-de-la-musica-y-circulacion-internacional-laboratorio-con-salvador-toache-organiza-el-mz14\/#primaryimage","url":"https:\/\/www.uartes.edu.ec\/sitio\/wp-content\/uploads\/2022\/07\/Salvador-Toache-WEB.jpg","contentUrl":"https:\/\/www.uartes.edu.ec\/sitio\/wp-content\/uploads\/2022\/07\/Salvador-Toache-WEB.jpg","width":2000,"height":1333},{"@type":"BreadcrumbList","@id":"https:\/\/www.uartes.edu.ec\/sitio\/en\/blog\/2022\/07\/13\/mercados-de-la-musica-y-circulacion-internacional-laboratorio-con-salvador-toache-organiza-el-mz14\/#breadcrumb","itemListElement":[{"@type":"ListItem","position":1,"name":"Inicio","item":"https:\/\/www.uartes.edu.ec\/sitio\/"},{"@type":"ListItem","position":2,"name":"\u201cMercados de la m\u00fasica y circulaci\u00f3n internacional\u201d, laboratorio con Salvador Toache; organiza el MZ14"}]},{"@type":"WebSite","@id":"https:\/\/www.uartes.edu.ec\/sitio\/en\/#website","url":"https:\/\/www.uartes.edu.ec\/sitio\/en\/","name":"Universidad de las Artes","description":"Sitio oficial de la Universidad Nacional de las Artes del Ecuador","publisher":{"@id":"https:\/\/www.uartes.edu.ec\/sitio\/en\/#organization"},"potentialAction":[{"@type":"SearchAction","target":{"@type":"EntryPoint","urlTemplate":"https:\/\/www.uartes.edu.ec\/sitio\/en\/?s={search_term_string}"},"query-input":{"@type":"PropertyValueSpecification","valueRequired":true,"valueName":"search_term_string"}}],"inLanguage":"en-US"},{"@type":"Organization","@id":"https:\/\/www.uartes.edu.ec\/sitio\/en\/#organization","name":"Universidad de las Artes","url":"https:\/\/www.uartes.edu.ec\/sitio\/en\/","logo":{"@type":"ImageObject","inLanguage":"en-US","@id":"https:\/\/www.uartes.edu.ec\/sitio\/en\/#\/schema\/logo\/image\/","url":"https:\/\/www.uartes.edu.ec\/sitio\/wp-content\/uploads\/2022\/07\/logo-ua-horizontal.png","contentUrl":"https:\/\/www.uartes.edu.ec\/sitio\/wp-content\/uploads\/2022\/07\/logo-ua-horizontal.png","width":800,"height":276,"caption":"Universidad de las Artes"},"image":{"@id":"https:\/\/www.uartes.edu.ec\/sitio\/en\/#\/schema\/logo\/image\/"},"sameAs":["https:\/\/www.facebook.com\/uartesec","https:\/\/x.com\/uartesec","https:\/\/www.tiktok.com\/@uartesec"]},{"@type":"Person","@id":"https:\/\/www.uartes.edu.ec\/sitio\/en\/#\/schema\/person\/efa1b8275797664fd7f13a79ccc0b1f4","name":"ccortez","image":{"@type":"ImageObject","inLanguage":"en-US","@id":"https:\/\/secure.gravatar.com\/avatar\/b2a6f664a3ae8e074346ef91775736c5ec479e637ecced6842de9dc98b5da9cd?s=96&d=mm&r=g","url":"https:\/\/secure.gravatar.com\/avatar\/b2a6f664a3ae8e074346ef91775736c5ec479e637ecced6842de9dc98b5da9cd?s=96&d=mm&r=g","contentUrl":"https:\/\/secure.gravatar.com\/avatar\/b2a6f664a3ae8e074346ef91775736c5ec479e637ecced6842de9dc98b5da9cd?s=96&d=mm&r=g","caption":"ccortez"},"url":"https:\/\/www.uartes.edu.ec\/sitio\/en\/blog\/author\/ccortez\/"}]}},"uagb_featured_image_src":{"full":["https:\/\/www.uartes.edu.ec\/sitio\/wp-content\/uploads\/2022\/07\/Salvador-Toache-WEB.jpg",2000,1333,false],"thumbnail":["https:\/\/www.uartes.edu.ec\/sitio\/wp-content\/uploads\/2022\/07\/Salvador-Toache-WEB-150x150.jpg",150,150,true],"medium":["https:\/\/www.uartes.edu.ec\/sitio\/wp-content\/uploads\/2022\/07\/Salvador-Toache-WEB-300x200.jpg",300,200,true],"medium_large":["https:\/\/www.uartes.edu.ec\/sitio\/wp-content\/uploads\/2022\/07\/Salvador-Toache-WEB-768x512.jpg",768,512,true],"large":["https:\/\/www.uartes.edu.ec\/sitio\/wp-content\/uploads\/2022\/07\/Salvador-Toache-WEB-644x429.jpg",644,429,true],"1536x1536":["https:\/\/www.uartes.edu.ec\/sitio\/wp-content\/uploads\/2022\/07\/Salvador-Toache-WEB-1536x1024.jpg",1536,1024,true],"2048x2048":["https:\/\/www.uartes.edu.ec\/sitio\/wp-content\/uploads\/2022\/07\/Salvador-Toache-WEB.jpg",2000,1333,false],"trp-custom-language-flag":["https:\/\/www.uartes.edu.ec\/sitio\/wp-content\/uploads\/2022\/07\/Salvador-Toache-WEB.jpg",18,12,false],"htmega_size_585x295":["https:\/\/www.uartes.edu.ec\/sitio\/wp-content\/uploads\/2022\/07\/Salvador-Toache-WEB.jpg",443,295,false],"htmega_size_1170x536":["https:\/\/www.uartes.edu.ec\/sitio\/wp-content\/uploads\/2022\/07\/Salvador-Toache-WEB.jpg",804,536,false],"htmega_size_396x360":["https:\/\/www.uartes.edu.ec\/sitio\/wp-content\/uploads\/2022\/07\/Salvador-Toache-WEB.jpg",396,264,false],"gb-block-post-grid-landscape":["https:\/\/www.uartes.edu.ec\/sitio\/wp-content\/uploads\/2022\/07\/Salvador-Toache-WEB-600x400.jpg",600,400,true],"gb-block-post-grid-square":["https:\/\/www.uartes.edu.ec\/sitio\/wp-content\/uploads\/2022\/07\/Salvador-Toache-WEB-600x600.jpg",600,600,true],"university-hub-thumb":["https:\/\/www.uartes.edu.ec\/sitio\/wp-content\/uploads\/2022\/07\/Salvador-Toache-WEB-400x267.jpg",400,267,true]},"uagb_author_info":{"display_name":"ccortez","author_link":"https:\/\/www.uartes.edu.ec\/sitio\/en\/blog\/author\/ccortez\/"},"uagb_comment_info":0,"uagb_excerpt":"La propuesta es la primera de \u201cPuentes MZ14: Laboratorios de Internacionalizaci\u00f3n y Circulaci\u00f3n de las Artes\u201d, un proyecto del Centro de Producci\u00f3n e Innovaci\u00f3n MZ14 que ofrecer\u00e1 capacitaciones para la transferencia de conocimientos y contar\u00e1 con la participaci\u00f3n de reconocidos profesionales como el mexicano Savador Toache; su laboratorio ser\u00e1 el 21, 22 y 23 de&hellip;","featured_image_src":"https:\/\/www.uartes.edu.ec\/sitio\/wp-content\/uploads\/2022\/07\/Salvador-Toache-WEB-600x400.jpg","featured_image_src_square":"https:\/\/www.uartes.edu.ec\/sitio\/wp-content\/uploads\/2022\/07\/Salvador-Toache-WEB-600x600.jpg","author_info":{"display_name":"ccortez","author_link":"https:\/\/www.uartes.edu.ec\/sitio\/en\/blog\/author\/ccortez\/"},"publishpress_future_workflow_manual_trigger":{"enabledWorkflows":[]},"distributor_meta":false,"distributor_terms":false,"distributor_media":false,"distributor_original_site_name":"Universidad de las Artes","distributor_original_site_url":"https:\/\/www.uartes.edu.ec\/sitio\/en","push-errors":false,"_links":{"self":[{"href":"https:\/\/www.uartes.edu.ec\/sitio\/en\/wp-json\/wp\/v2\/posts\/24482","targetHints":{"allow":["GET"]}}],"collection":[{"href":"https:\/\/www.uartes.edu.ec\/sitio\/en\/wp-json\/wp\/v2\/posts"}],"about":[{"href":"https:\/\/www.uartes.edu.ec\/sitio\/en\/wp-json\/wp\/v2\/types\/post"}],"author":[{"embeddable":true,"href":"https:\/\/www.uartes.edu.ec\/sitio\/en\/wp-json\/wp\/v2\/users\/10"}],"replies":[{"embeddable":true,"href":"https:\/\/www.uartes.edu.ec\/sitio\/en\/wp-json\/wp\/v2\/comments?post=24482"}],"version-history":[{"count":8,"href":"https:\/\/www.uartes.edu.ec\/sitio\/en\/wp-json\/wp\/v2\/posts\/24482\/revisions"}],"predecessor-version":[{"id":24863,"href":"https:\/\/www.uartes.edu.ec\/sitio\/en\/wp-json\/wp\/v2\/posts\/24482\/revisions\/24863"}],"wp:featuredmedia":[{"embeddable":true,"href":"https:\/\/www.uartes.edu.ec\/sitio\/en\/wp-json\/wp\/v2\/media\/24483"}],"wp:attachment":[{"href":"https:\/\/www.uartes.edu.ec\/sitio\/en\/wp-json\/wp\/v2\/media?parent=24482"}],"wp:term":[{"taxonomy":"category","embeddable":true,"href":"https:\/\/www.uartes.edu.ec\/sitio\/en\/wp-json\/wp\/v2\/categories?post=24482"},{"taxonomy":"post_tag","embeddable":true,"href":"https:\/\/www.uartes.edu.ec\/sitio\/en\/wp-json\/wp\/v2\/tags?post=24482"},{"taxonomy":"infouartes","embeddable":true,"href":"https:\/\/www.uartes.edu.ec\/sitio\/en\/wp-json\/wp\/v2\/infouartes?post=24482"}],"curies":[{"name":"wp","href":"https:\/\/api.w.org\/{rel}","templated":true}]}}