{"id":25385,"date":"2022-07-22T14:14:00","date_gmt":"2022-07-22T19:14:00","guid":{"rendered":"http:\/\/www.uartes.edu.ec\/sitio\/?p=25385"},"modified":"2024-07-04T11:23:17","modified_gmt":"2024-07-04T16:23:17","slug":"la-maestria-en-cine-documental-de-la-uartes-es-unicaen-el-pais-profesionalizante-y-con-vocacion-practica","status":"publish","type":"post","link":"https:\/\/www.uartes.edu.ec\/sitio\/en\/blog\/2022\/07\/22\/la-maestria-en-cine-documental-de-la-uartes-es-unicaen-el-pais-profesionalizante-y-con-vocacion-practica\/","title":{"rendered":"Maestr\u00eda en Cine Documental UArtes, \u00fanica en el pa\u00eds, profesionalizante y con vocaci\u00f3n pr\u00e1ctica desde su inicio"},"content":{"rendered":"<p>Desde el d\u00eda de la maestr\u00eda en Cine Documental de la Universidad de las Artes los estudiantes estar\u00e1n involucrados en la realizaci\u00f3n de una pel\u00edcula, en concebirla, en desarrollar una idea, en motivarla adecuadamente, en investigarla y en encontrar la forma m\u00e1s adecuada para contarla.<\/p>\n\n\n\n<p>El cineasta ecuatoriano Manolo Sarmiento, quien es docente de la Escuela de Cine de la UArtes y coordinador de la maestr\u00eda de Cine Documental, se\u00f1ala as\u00ed una de las principales caracter\u00edsticas que tendr\u00e1 nuestra nueva oferta acad\u00e9mica de cuarto nivel. La Escuela de Posgrado y el Vicerrectorado de Posgrado e Investigaci\u00f3n en Artes hicieron su lanzamiento el 21 de julio, en la Sala de Cine del Centro de Producci\u00f3n e Innovaci\u00f3n MZ14, con la proyecci\u00f3n de los cortos <em>Shortcuts, <\/em>de Daniela Delgado Viteri, y <em>La sombra refugiada,<\/em> de Francisco \u00c1lvarez R\u00edos.<\/p>\n\n\n\n<p>La maestr\u00eda en Cine Documental es la primera y \u00fanica en el pa\u00eds. Sarmiento indica que hay posgrados relacionados a las artes visuales y a la antropolog\u00eda visual, que son de corte m\u00e1s investigativo y te\u00f3rico, caminos muy importantes y v\u00e1lidos, pero no tienen la vocaci\u00f3n pr\u00e1ctica del programa que propone la UArtes, el cual tiene soporte en la Escuela de Cine. \u201cTenemos equipamiento, cabinas de edici\u00f3n, sala de cine profesional. Es un lujo lo que ofrece nuestra universidad a los maestrantes, un campus muy rico que podr\u00e1n aprovecharlo al m\u00e1ximo\u201d.<\/p>\n\n\n<div class=\"wp-block-image\">\n<figure class=\"aligncenter size-large\"><img fetchpriority=\"high\" decoding=\"async\" width=\"644\" height=\"429\" src=\"http:\/\/www.uartes.edu.ec\/sitio\/wp-content\/uploads\/2022\/07\/MAESTRIA-DE-CINE-DOCUMENTAL-03-644x429.jpg\" alt=\"\" class=\"wp-image-25400\" srcset=\"https:\/\/www.uartes.edu.ec\/sitio\/wp-content\/uploads\/2022\/07\/MAESTRIA-DE-CINE-DOCUMENTAL-03-644x429.jpg 644w, https:\/\/www.uartes.edu.ec\/sitio\/wp-content\/uploads\/2022\/07\/MAESTRIA-DE-CINE-DOCUMENTAL-03-768x511.jpg 768w, https:\/\/www.uartes.edu.ec\/sitio\/wp-content\/uploads\/2022\/07\/MAESTRIA-DE-CINE-DOCUMENTAL-03.jpg 2000w, https:\/\/www.uartes.edu.ec\/sitio\/wp-content\/uploads\/2022\/07\/MAESTRIA-DE-CINE-DOCUMENTAL-03-600x399.jpg 600w, https:\/\/www.uartes.edu.ec\/sitio\/wp-content\/uploads\/2022\/07\/MAESTRIA-DE-CINE-DOCUMENTAL-03-272x182.jpg 272w\" sizes=\"(max-width: 644px) 100vw, 644px\" \/><\/figure>\n<\/div>\n\n\n<p>Agrega que la maestr\u00eda de Cine Documental es profesionalizante y su vocaci\u00f3n pr\u00e1ctica estructurada sobre el modelo y experiencia de los programas de posgrados exitosos de otras partes del mundo. Combina los contenidos te\u00f3ricos con los pr\u00e1cticos en los primeros semestres y una dedicaci\u00f3n a la realizaci\u00f3n en los 12 \u00faltimos.<\/p>\n\n\n\n<p>\u201cLa idea es que los tres semestres est\u00e9n en eso y, en paralelo, tengan una formaci\u00f3n te\u00f3rica del cine documental, en su historia y algunos aspectos formales. La continuidad para cada maestrante es pensar en una pel\u00edcula propia en el primer semestre y en el segundo y en el tercero en la colaborativa que se va a realizar\u201d, refiere. \u201cCada maestrante tendr\u00e1 un rol creativo en la producci\u00f3n, pero todos estar\u00e1n involucrados en la concepci\u00f3n de la pel\u00edcula\u201d.<\/p>\n\n\n\n<h3 class=\"wp-block-heading\"><strong>La cinematograf\u00eda y su historia<\/strong><\/h3>\n\n\n\n<p>El cine documental es desde el inicio un componente muy importante del arte cinematogr\u00e1fico, dice Sarmiento, quien goza de amplia trayectoria y reconocimiento a nivel nacional e internacional por producciones como <em>La muerte de Jaime Rold\u00f3s<\/em> (2013)<em>,<\/em> que dirigi\u00f3 con Lisandra Rivera.<\/p>\n\n\n\n<p>El cine nace como cine documental, como registro o representaci\u00f3n de la realidad, agrega el docente. \u201cCuando se lo inventa, los hermanos Lumi\u00e8re env\u00edan por el mundo a una serie de camar\u00f3grafos a filmar los lugares m\u00e1s ex\u00f3ticos y lejanos de Francia, donde se inventa el cinemat\u00f3grafo para celebrar esta posibilidad nueva que ten\u00eda el cine.<\/p>\n\n\n\n<p>Entonces, desde 1895 el cine tiene esta vocaci\u00f3n de mostrar la realidad, de traernos y hacernos conocer y ver lugares y pueblos lejanos y ex\u00f3ticos. Muy pronto el cine se al\u00eda con la Antropolog\u00eda para poder filmar otras culturas o pueblos colonizados, a\u00f1ade Sarmiento.<\/p>\n\n\n<div class=\"wp-block-image\">\n<figure class=\"aligncenter size-large\"><img decoding=\"async\" width=\"644\" height=\"429\" src=\"http:\/\/www.uartes.edu.ec\/sitio\/wp-content\/uploads\/2022\/07\/03-MANOLO-SARMIENTO-644x429.jpg\" alt=\"\" class=\"wp-image-25403\" srcset=\"https:\/\/www.uartes.edu.ec\/sitio\/wp-content\/uploads\/2022\/07\/03-MANOLO-SARMIENTO-644x429.jpg 644w, https:\/\/www.uartes.edu.ec\/sitio\/wp-content\/uploads\/2022\/07\/03-MANOLO-SARMIENTO-768x511.jpg 768w, https:\/\/www.uartes.edu.ec\/sitio\/wp-content\/uploads\/2022\/07\/03-MANOLO-SARMIENTO.jpg 2000w, https:\/\/www.uartes.edu.ec\/sitio\/wp-content\/uploads\/2022\/07\/03-MANOLO-SARMIENTO-600x399.jpg 600w, https:\/\/www.uartes.edu.ec\/sitio\/wp-content\/uploads\/2022\/07\/03-MANOLO-SARMIENTO-272x182.jpg 272w\" sizes=\"(max-width: 644px) 100vw, 644px\" \/><figcaption class=\"wp-element-caption\">Manolo Sarmiento, cineasta ecuatoriano, docente de la Escuela de Cine de la UArtes y coordinador de la maestr\u00eda de Cine Documental.<\/figcaption><\/figure>\n<\/div>\n\n\n<h3 class=\"wp-block-heading\"><strong>Transformaci\u00f3n del cine<\/strong><\/h3>\n\n\n\n<p>M\u00e1s adelante, a mediados del siglo XX, hay un gran momento cuando el documental contribuye a la transformaci\u00f3n del cine. Los directores se plantean el dilema de renovar ese cine excesivamente industrial y artificial que se hac\u00eda en los grandes estudios y en todo el mundo \u2013en EEUU, M\u00e9xico, Argentina y Brasil\u2013 e irrumpir con el llamado cine directo. Los avances tecnol\u00f3gicos hicieron posible hacer esa captaci\u00f3n de los sonidos e im\u00e1genes de la realidad.<\/p>\n\n\n\n<p>\u201cPosible porque las c\u00e1maras eran m\u00e1s livianas, fue posible grabar con aparatos port\u00e1tiles y ligeros. Eso transform\u00f3 el cine de ficci\u00f3n y el documental e hizo que los espectadores tuvieran acceso a unas historias m\u00e1s pr\u00f3ximas a sus vidas. Es un gran momento. El cine moderno comienza r\u00e1pidamente a evolucionar al cine documental y a tener distintos estilos o formas. Surge un cine muy pol\u00edtico, por ejemplo, ligado a las reivindicaciones pol\u00edticas y sociales de Am\u00e9rica Latina o de los pa\u00edses colonizados o de los llamados del tercer mundo\u201d.<\/p>\n\n\n\n<p>Este cine directo surge ligado al periodismo en los EEUU, que intentaba transmitir la vida tal cual, sin interferencias de un narrador o de un guionista, sino tal como sucede en la realidad. \u201cEse documental con la c\u00e1mara al hombro que sigue, por ejemplo, al presidente Kennedy en las primarias del Partido Dem\u00f3crata, con la famosa pel\u00edcula <em>Primary<\/em> (1960, dirigida por Robert Drew). Surge tambi\u00e9n quienes cuestionan la Antropolog\u00eda como una ciencia colonial y se plantean entregarles la c\u00e1mara a los sujetos filmados. Hacer un cine compartido, donde la relaci\u00f3n de autoridad entre el que filma y el que es filmado se cuestione\u201d.<\/p>\n\n\n\n<p>Surgen muchas posibilidades. Cuando hablamos de una maestr\u00eda en Cine Documental \u201chablamos de pasar revista a todas esas formas hist\u00f3ricamente, a las teor\u00edas que generaron todas esas experimentaciones, combinando distintas visiones y conceptos sobre el cine documental\u201d, anota.<\/p>\n\n\n<div class=\"wp-block-image\">\n<figure class=\"aligncenter size-large\"><img decoding=\"async\" width=\"644\" height=\"429\" src=\"http:\/\/www.uartes.edu.ec\/sitio\/wp-content\/uploads\/2022\/07\/ROSITA-ILEANA-MATAMOROS-644x429.jpg\" alt=\"\" class=\"wp-image-25402\" srcset=\"https:\/\/www.uartes.edu.ec\/sitio\/wp-content\/uploads\/2022\/07\/ROSITA-ILEANA-MATAMOROS-644x429.jpg 644w, https:\/\/www.uartes.edu.ec\/sitio\/wp-content\/uploads\/2022\/07\/ROSITA-ILEANA-MATAMOROS-768x511.jpg 768w, https:\/\/www.uartes.edu.ec\/sitio\/wp-content\/uploads\/2022\/07\/ROSITA-ILEANA-MATAMOROS.jpg 2000w, https:\/\/www.uartes.edu.ec\/sitio\/wp-content\/uploads\/2022\/07\/ROSITA-ILEANA-MATAMOROS-600x399.jpg 600w, https:\/\/www.uartes.edu.ec\/sitio\/wp-content\/uploads\/2022\/07\/ROSITA-ILEANA-MATAMOROS-272x182.jpg 272w\" sizes=\"(max-width: 644px) 100vw, 644px\" \/><\/figure>\n<\/div>\n\n<div class=\"wp-block-image\">\n<figure class=\"aligncenter size-large\"><img loading=\"lazy\" decoding=\"async\" width=\"644\" height=\"429\" src=\"http:\/\/www.uartes.edu.ec\/sitio\/wp-content\/uploads\/2022\/07\/JESSICA-RAFAEL-MENDEZ-644x429.jpg\" alt=\"\" class=\"wp-image-25407\" srcset=\"https:\/\/www.uartes.edu.ec\/sitio\/wp-content\/uploads\/2022\/07\/JESSICA-RAFAEL-MENDEZ-644x429.jpg 644w, https:\/\/www.uartes.edu.ec\/sitio\/wp-content\/uploads\/2022\/07\/JESSICA-RAFAEL-MENDEZ-768x511.jpg 768w, https:\/\/www.uartes.edu.ec\/sitio\/wp-content\/uploads\/2022\/07\/JESSICA-RAFAEL-MENDEZ-600x399.jpg 600w, https:\/\/www.uartes.edu.ec\/sitio\/wp-content\/uploads\/2022\/07\/JESSICA-RAFAEL-MENDEZ-272x182.jpg 272w\" sizes=\"(max-width: 644px) 100vw, 644px\" \/><figcaption class=\"wp-element-caption\">Capturas de los cortometrajes <em>Rosita<\/em> and <em>J\u00e9ssica,<\/em> dirigidos por Ileana Matamoros y Rafael M\u00e9ndez, respectivamente, graduados de la Escuela de Cine de la Universidad de las Artes.<\/figcaption><\/figure>\n<\/div>\n\n\n<h3 class=\"wp-block-heading\"><strong>Cinematograf\u00eda ecuatoriana<\/strong><\/h3>\n\n\n\n<p>Respecto al Ecuador, Sarmiento manifiesta que nuestra cinematograf\u00eda es peque\u00f1a en el contexto de Am\u00e9rica Latina. Un poco marginal, intermitente, espor\u00e1dica. \u201cNo podemos hablar de una larga tradici\u00f3n del cine ecuatoriano, sino de episodios espor\u00e1dicos que, afortunadamente, en las \u00faltimas d\u00e9cadas comienza a ser m\u00e1s continuo.<\/p>\n\n\n\n<p>A\u00f1ade que cuando en los 80 hubo un primer momento de financiamiento, lo primero que hicieron los cineastas fueron documentales. Se registr\u00f3 un peque\u00f1o boom, produci\u00e9ndose entre 50 y 60 pel\u00edculas documentales, algunas tambi\u00e9n de ficci\u00f3n. \u201cDe esa \u00e9poca son <em>Los Hieleros del Chimborazo,<\/em> de Gustavo e Igor Guayasam\u00edn; <em>Los mangles se van,<\/em> de Camilo Luzuriaga, que tuvieron reconocimiento internacional y son testimonio valioso de lo que era nuestro pa\u00eds\u201d.<\/p>\n\n\n\n<p>Hubo tambi\u00e9n innovaciones tecnol\u00f3gicas. El 2000 es el a\u00f1o en que se generaliza el uso de las c\u00e1maras de video digital con una excelente calidad de registro y accesibles. Se dio la expansi\u00f3n de documentales y surgieron festivales, como el de Santiago de Chile o Buenos Aires, con una gran secci\u00f3n de documentales. En Ecuador, los EDOC, de los que Sarmiento fue parte. Los cineastas ecuatorianos fueron seducidos, el p\u00fablico se volc\u00f3 a estos. Desde entonces se est\u00e1n produciendo documentales en el pa\u00eds de manera continuada y sostenida.<\/p>\n\n\n\n<p>\u201cHoy podemos decir que hay muchos documentalistas ecuatorianos haciendo obras significativas y diversas. No podemos clasificarlas en la misma l\u00ednea. Hay cine pol\u00edtico y de la memoria, como <em>Con mi coraz\u00f3n en Chambo,<\/em> de Mar\u00eda Fernanda Restrepo. En Am\u00e9rica Latina hay pel\u00edculas parecidas, realizadas por los hijos de las dictaduras; en el caso de ella fueron sus hermanos\u201d.<\/p>\n\n\n\n<p><em>M\u00e1s all\u00e1 del mall,<\/em> de Miguel Alvear, pel\u00edcula en clave de comedia sobre la producci\u00f3n de cine ecuatoriano y de qu\u00e9 sentido tiene hacerlo donde no hay una industria cinematogr\u00e1fica. <em>Un secreto en la caja,<\/em> de Javier Izquierdo, quien juega con la ficci\u00f3n y el documental, y Alexandra Cuesta con un cine m\u00e1s experimental, como lo es el cine arte. \u201cCreo que la maestr\u00eda surge en un momento en que todo llega a hacer un acumulado\u201d.<\/p>\n\n\n<div class=\"wp-block-image\">\n<figure class=\"aligncenter size-large\"><img loading=\"lazy\" decoding=\"async\" width=\"644\" height=\"429\" src=\"http:\/\/www.uartes.edu.ec\/sitio\/wp-content\/uploads\/2022\/07\/GRADUADOS-ESTUDIANTES-CINE-DOCUMENTAL-644x429.jpg\" alt=\"\" class=\"wp-image-25451\" srcset=\"https:\/\/www.uartes.edu.ec\/sitio\/wp-content\/uploads\/2022\/07\/GRADUADOS-ESTUDIANTES-CINE-DOCUMENTAL-644x429.jpg 644w, https:\/\/www.uartes.edu.ec\/sitio\/wp-content\/uploads\/2022\/07\/GRADUADOS-ESTUDIANTES-CINE-DOCUMENTAL-768x511.jpg 768w, https:\/\/www.uartes.edu.ec\/sitio\/wp-content\/uploads\/2022\/07\/GRADUADOS-ESTUDIANTES-CINE-DOCUMENTAL.jpg 2000w, https:\/\/www.uartes.edu.ec\/sitio\/wp-content\/uploads\/2022\/07\/GRADUADOS-ESTUDIANTES-CINE-DOCUMENTAL-600x399.jpg 600w, https:\/\/www.uartes.edu.ec\/sitio\/wp-content\/uploads\/2022\/07\/GRADUADOS-ESTUDIANTES-CINE-DOCUMENTAL-272x182.jpg 272w\" sizes=\"(max-width: 644px) 100vw, 644px\" \/><\/figure>\n<\/div>\n\n\n<h3 class=\"wp-block-heading\"><strong>La Escuela de Cine y la maestr\u00eda de Cine Documental<\/strong><\/h3>\n\n\n\n<p>La Escuela de Cine de la UArtes tiene una formaci\u00f3n cl\u00e1sica. Ense\u00f1a a hacer cine cl\u00e1sico de ficci\u00f3n, con un guion aristot\u00e9lico y una puesta en escena que requiere de un conjunto de personas especializadas o un trabajo especializado; la luz, la c\u00e1mara, el sonido, el montaje, los decorados, etc. \u201cNuestra escuela forma en ese \u00e1mbito, pero tambi\u00e9n tiene otros dos componentes: uno te\u00f3rico-hist\u00f3rico, y las obras como textos audiovisuales, y otro con una l\u00ednea de experimentaci\u00f3n y de documental. Hay algunas materias dedicadas a eso y es otro tipo de cine, uno m\u00e1s libre porque no requiere necesariamente de un equipo completo de t\u00e9cnicos, que puede ser hecho por muy pocas personas, puede ser hecho sin un guion o archivos, un cine donde la duraci\u00f3n de la pel\u00edcula no es tan importante. Tiene una serie de caracter\u00edsticas de libertad\u201d.&nbsp;<\/p>\n\n\n\n<p>Los estudiantes de cine de la UArtes est\u00e1n buscando expresarse art\u00edsticamente y lo m\u00e1s importante es que hallen su propia voz. No necesariamente de autor, que es un poco cuestionado porque implica una posici\u00f3n de autoridad sobre el relato y los personajes, pero s\u00ed de tener una visi\u00f3n del mundo, una propuesta, algo qu\u00e9 decir.<\/p>\n\n\n\n<p>\u201cEn ese tramo, que a mucha gente le puede tomar un tiempo, es muy importante la libertad y es muy importante nuestra maestr\u00eda de Cine Documental, que puede ayudar a contribuir a que personas interesadas en el documental encuentren una voz, esa personalidad art\u00edstica, ese lugar desde el cual hablar y mirar el mundo para producir obras s\u00f3lidas que luego puedan enmarcarse en un circuito comercial\u201d.<\/p>\n\n\n<div class=\"wp-block-image\">\n<figure class=\"aligncenter size-large\"><img loading=\"lazy\" decoding=\"async\" width=\"644\" height=\"429\" src=\"http:\/\/www.uartes.edu.ec\/sitio\/wp-content\/uploads\/2022\/07\/posgrado-cine-documental-644x429.jpg\" alt=\"\" class=\"wp-image-25411\" srcset=\"https:\/\/www.uartes.edu.ec\/sitio\/wp-content\/uploads\/2022\/07\/posgrado-cine-documental-644x429.jpg 644w, https:\/\/www.uartes.edu.ec\/sitio\/wp-content\/uploads\/2022\/07\/posgrado-cine-documental-768x511.jpg 768w, https:\/\/www.uartes.edu.ec\/sitio\/wp-content\/uploads\/2022\/07\/posgrado-cine-documental.jpg 2000w, https:\/\/www.uartes.edu.ec\/sitio\/wp-content\/uploads\/2022\/07\/posgrado-cine-documental-600x399.jpg 600w, https:\/\/www.uartes.edu.ec\/sitio\/wp-content\/uploads\/2022\/07\/posgrado-cine-documental-272x182.jpg 272w\" sizes=\"(max-width: 644px) 100vw, 644px\" \/><\/figure>\n<\/div>\n\n\n<p>En im\u00e1genes, el cineasta y docente Manolo Sarmiento, coordinador de la maestr\u00eda de Cine Documental, y la doctora Diana Medina, directora de la Escuela de Posgrados, durante el lanzamiento de la nueva propuesta acad\u00e9mica de la UArtes. En las gr\u00e1ficas siguientes, el di\u00e1logo que se mantuvo, donde incluso se mostraron cifras del Archivo de la Cinemateca Nacional del Ecuador. Tambi\u00e9n constan graduados de la Escuela de Cine en una muestra de sus producciones, mismas de las que se aprecian algunas capturas.<\/p>","protected":false},"excerpt":{"rendered":"<p>La maestr\u00eda en Cine Documental de la UArtes es la primera y \u00fanica en el pa\u00eds y desde el primer d\u00eda los maestrantes estar\u00e1n involucrados en la realizaci\u00f3n de una pel\u00edcula. El cineasta Manolo Sarmiento, su coordinador, se\u00f1ala as\u00ed la principal caracter\u00edstica de nuestra nueva oferta acad\u00e9mica. La Escuela de Posgrado y el Vicerrectorado de Posgrado e Investigaci\u00f3n en Artes la presentaron este 21 de julio.<\/p>","protected":false},"author":10,"featured_media":25399,"comment_status":"open","ping_status":"open","sticky":false,"template":"","format":"standard","meta":{"_acf_changed":false,"_uag_custom_page_level_css":"","_monsterinsights_skip_tracking":false,"_monsterinsights_sitenote_active":false,"_monsterinsights_sitenote_note":"","_monsterinsights_sitenote_category":0,"cybocfi_hide_featured_image":"","footnotes":""},"categories":[714,80,490,147,75,76,264],"tags":[744],"infouartes":[],"class_list":["post-25385","post","type-post","status-publish","format-standard","has-post-thumbnail","hentry","category-2b","category-academico","category-alumni","category-cine","category-docentes","category-estudiantes","category-maestrias","tag-maestria-de-cine-documental"],"acf":[],"yoast_head":"<!-- This site is optimized with the Yoast SEO plugin v27.4 - https:\/\/yoast.com\/product\/yoast-seo-wordpress\/ -->\n<title>Universidad de las Artes - Maestr\u00eda en Cine Documental UArtes, \u00fanica en el pa\u00eds, profesionalizante y con vocaci\u00f3n pr\u00e1ctica desde su inicio<\/title>\n<meta name=\"description\" content=\"Universidad de las Artes - Maestr\u00eda en Cine Documental UArtes, \u00fanica en el pa\u00eds, profesionalizante y con vocaci\u00f3n pr\u00e1ctica desde su inicio\" \/>\n<meta name=\"robots\" content=\"index, follow, max-snippet:-1, max-image-preview:large, max-video-preview:-1\" \/>\n<link rel=\"canonical\" href=\"https:\/\/www.uartes.edu.ec\/sitio\/en\/blog\/2022\/07\/22\/la-maestria-en-cine-documental-de-la-uartes-es-unicaen-el-pais-profesionalizante-y-con-vocacion-practica\/\" \/>\n<meta property=\"og:locale\" content=\"en_US\" \/>\n<meta property=\"og:type\" content=\"article\" \/>\n<meta property=\"og:title\" content=\"Universidad de las Artes - Maestr\u00eda en Cine Documental UArtes, \u00fanica en el pa\u00eds, profesionalizante y con vocaci\u00f3n pr\u00e1ctica desde su inicio\" \/>\n<meta property=\"og:description\" content=\"Universidad de las Artes - Maestr\u00eda en Cine Documental UArtes, \u00fanica en el pa\u00eds, profesionalizante y con vocaci\u00f3n pr\u00e1ctica desde su inicio\" \/>\n<meta property=\"og:url\" content=\"https:\/\/www.uartes.edu.ec\/sitio\/en\/blog\/2022\/07\/22\/la-maestria-en-cine-documental-de-la-uartes-es-unicaen-el-pais-profesionalizante-y-con-vocacion-practica\/\" \/>\n<meta property=\"og:site_name\" content=\"Universidad de las Artes\" \/>\n<meta property=\"article:publisher\" content=\"https:\/\/www.facebook.com\/uartesec\" \/>\n<meta property=\"article:published_time\" content=\"2022-07-22T19:14:00+00:00\" \/>\n<meta property=\"article:modified_time\" content=\"2024-07-04T16:23:17+00:00\" \/>\n<meta property=\"og:image\" content=\"https:\/\/www.uartes.edu.ec\/sitio\/wp-content\/uploads\/2022\/07\/DM-CINE-DOCUMENTAL-OK.jpg\" \/>\n\t<meta property=\"og:image:width\" content=\"2000\" \/>\n\t<meta property=\"og:image:height\" content=\"1333\" \/>\n\t<meta property=\"og:image:type\" content=\"image\/jpeg\" \/>\n<meta name=\"author\" content=\"ccortez\" \/>\n<meta name=\"twitter:card\" content=\"summary_large_image\" \/>\n<meta name=\"twitter:creator\" content=\"@uartesec\" \/>\n<meta name=\"twitter:site\" content=\"@uartesec\" \/>\n<meta name=\"twitter:label1\" content=\"Written by\" \/>\n\t<meta name=\"twitter:data1\" content=\"ccortez\" \/>\n\t<meta name=\"twitter:label2\" content=\"Est. reading time\" \/>\n\t<meta name=\"twitter:data2\" content=\"9 minutes\" \/>\n<script type=\"application\/ld+json\" class=\"yoast-schema-graph\">{\"@context\":\"https:\\\/\\\/schema.org\",\"@graph\":[{\"@type\":\"Article\",\"@id\":\"https:\\\/\\\/www.uartes.edu.ec\\\/sitio\\\/en\\\/blog\\\/2022\\\/07\\\/22\\\/la-maestria-en-cine-documental-de-la-uartes-es-unicaen-el-pais-profesionalizante-y-con-vocacion-practica\\\/#article\",\"isPartOf\":{\"@id\":\"https:\\\/\\\/www.uartes.edu.ec\\\/sitio\\\/en\\\/blog\\\/2022\\\/07\\\/22\\\/la-maestria-en-cine-documental-de-la-uartes-es-unicaen-el-pais-profesionalizante-y-con-vocacion-practica\\\/\"},\"author\":{\"name\":\"ccortez\",\"@id\":\"https:\\\/\\\/www.uartes.edu.ec\\\/sitio\\\/en\\\/#\\\/schema\\\/person\\\/efa1b8275797664fd7f13a79ccc0b1f4\"},\"headline\":\"Maestr\u00eda en Cine Documental UArtes, \u00fanica en el pa\u00eds, profesionalizante y con vocaci\u00f3n pr\u00e1ctica desde su inicio\",\"datePublished\":\"2022-07-22T19:14:00+00:00\",\"dateModified\":\"2024-07-04T16:23:17+00:00\",\"mainEntityOfPage\":{\"@id\":\"https:\\\/\\\/www.uartes.edu.ec\\\/sitio\\\/en\\\/blog\\\/2022\\\/07\\\/22\\\/la-maestria-en-cine-documental-de-la-uartes-es-unicaen-el-pais-profesionalizante-y-con-vocacion-practica\\\/\"},\"wordCount\":1724,\"commentCount\":0,\"publisher\":{\"@id\":\"https:\\\/\\\/www.uartes.edu.ec\\\/sitio\\\/en\\\/#organization\"},\"image\":{\"@id\":\"https:\\\/\\\/www.uartes.edu.ec\\\/sitio\\\/en\\\/blog\\\/2022\\\/07\\\/22\\\/la-maestria-en-cine-documental-de-la-uartes-es-unicaen-el-pais-profesionalizante-y-con-vocacion-practica\\\/#primaryimage\"},\"thumbnailUrl\":\"https:\\\/\\\/www.uartes.edu.ec\\\/sitio\\\/wp-content\\\/uploads\\\/2022\\\/07\\\/DM-CINE-DOCUMENTAL-OK.jpg\",\"keywords\":[\"Maestr\u00eda de Cine Documental\"],\"articleSection\":[\"2B\",\"Acad\u00e9mico\",\"Alumni\",\"Cine\",\"Docentes\",\"Estudiantes\",\"Maestr\u00edas\"],\"inLanguage\":\"en-US\",\"potentialAction\":[{\"@type\":\"CommentAction\",\"name\":\"Comment\",\"target\":[\"https:\\\/\\\/www.uartes.edu.ec\\\/sitio\\\/en\\\/blog\\\/2022\\\/07\\\/22\\\/la-maestria-en-cine-documental-de-la-uartes-es-unicaen-el-pais-profesionalizante-y-con-vocacion-practica\\\/#respond\"]}]},{\"@type\":[\"WebPage\",\"ItemPage\"],\"@id\":\"https:\\\/\\\/www.uartes.edu.ec\\\/sitio\\\/en\\\/blog\\\/2022\\\/07\\\/22\\\/la-maestria-en-cine-documental-de-la-uartes-es-unicaen-el-pais-profesionalizante-y-con-vocacion-practica\\\/\",\"url\":\"https:\\\/\\\/www.uartes.edu.ec\\\/sitio\\\/en\\\/blog\\\/2022\\\/07\\\/22\\\/la-maestria-en-cine-documental-de-la-uartes-es-unicaen-el-pais-profesionalizante-y-con-vocacion-practica\\\/\",\"name\":\"Universidad de las Artes - Maestr\u00eda en Cine Documental UArtes, \u00fanica en el pa\u00eds, profesionalizante y con vocaci\u00f3n pr\u00e1ctica desde su inicio\",\"isPartOf\":{\"@id\":\"https:\\\/\\\/www.uartes.edu.ec\\\/sitio\\\/en\\\/#website\"},\"primaryImageOfPage\":{\"@id\":\"https:\\\/\\\/www.uartes.edu.ec\\\/sitio\\\/en\\\/blog\\\/2022\\\/07\\\/22\\\/la-maestria-en-cine-documental-de-la-uartes-es-unicaen-el-pais-profesionalizante-y-con-vocacion-practica\\\/#primaryimage\"},\"image\":{\"@id\":\"https:\\\/\\\/www.uartes.edu.ec\\\/sitio\\\/en\\\/blog\\\/2022\\\/07\\\/22\\\/la-maestria-en-cine-documental-de-la-uartes-es-unicaen-el-pais-profesionalizante-y-con-vocacion-practica\\\/#primaryimage\"},\"thumbnailUrl\":\"https:\\\/\\\/www.uartes.edu.ec\\\/sitio\\\/wp-content\\\/uploads\\\/2022\\\/07\\\/DM-CINE-DOCUMENTAL-OK.jpg\",\"datePublished\":\"2022-07-22T19:14:00+00:00\",\"dateModified\":\"2024-07-04T16:23:17+00:00\",\"description\":\"Universidad de las Artes - Maestr\u00eda en Cine Documental UArtes, \u00fanica en el pa\u00eds, profesionalizante y con vocaci\u00f3n pr\u00e1ctica desde su inicio\",\"breadcrumb\":{\"@id\":\"https:\\\/\\\/www.uartes.edu.ec\\\/sitio\\\/en\\\/blog\\\/2022\\\/07\\\/22\\\/la-maestria-en-cine-documental-de-la-uartes-es-unicaen-el-pais-profesionalizante-y-con-vocacion-practica\\\/#breadcrumb\"},\"inLanguage\":\"en-US\",\"potentialAction\":[{\"@type\":\"ReadAction\",\"target\":[\"https:\\\/\\\/www.uartes.edu.ec\\\/sitio\\\/en\\\/blog\\\/2022\\\/07\\\/22\\\/la-maestria-en-cine-documental-de-la-uartes-es-unicaen-el-pais-profesionalizante-y-con-vocacion-practica\\\/\"]}]},{\"@type\":\"ImageObject\",\"inLanguage\":\"en-US\",\"@id\":\"https:\\\/\\\/www.uartes.edu.ec\\\/sitio\\\/en\\\/blog\\\/2022\\\/07\\\/22\\\/la-maestria-en-cine-documental-de-la-uartes-es-unicaen-el-pais-profesionalizante-y-con-vocacion-practica\\\/#primaryimage\",\"url\":\"https:\\\/\\\/www.uartes.edu.ec\\\/sitio\\\/wp-content\\\/uploads\\\/2022\\\/07\\\/DM-CINE-DOCUMENTAL-OK.jpg\",\"contentUrl\":\"https:\\\/\\\/www.uartes.edu.ec\\\/sitio\\\/wp-content\\\/uploads\\\/2022\\\/07\\\/DM-CINE-DOCUMENTAL-OK.jpg\",\"width\":2000,\"height\":1333},{\"@type\":\"BreadcrumbList\",\"@id\":\"https:\\\/\\\/www.uartes.edu.ec\\\/sitio\\\/en\\\/blog\\\/2022\\\/07\\\/22\\\/la-maestria-en-cine-documental-de-la-uartes-es-unicaen-el-pais-profesionalizante-y-con-vocacion-practica\\\/#breadcrumb\",\"itemListElement\":[{\"@type\":\"ListItem\",\"position\":1,\"name\":\"Inicio\",\"item\":\"https:\\\/\\\/www.uartes.edu.ec\\\/sitio\\\/\"},{\"@type\":\"ListItem\",\"position\":2,\"name\":\"Maestr\u00eda en Cine Documental UArtes, \u00fanica en el pa\u00eds, profesionalizante y con vocaci\u00f3n pr\u00e1ctica desde su inicio\"}]},{\"@type\":\"WebSite\",\"@id\":\"https:\\\/\\\/www.uartes.edu.ec\\\/sitio\\\/en\\\/#website\",\"url\":\"https:\\\/\\\/www.uartes.edu.ec\\\/sitio\\\/en\\\/\",\"name\":\"Universidad de las Artes\",\"description\":\"Sitio oficial de la Universidad Nacional de las Artes del Ecuador\",\"publisher\":{\"@id\":\"https:\\\/\\\/www.uartes.edu.ec\\\/sitio\\\/en\\\/#organization\"},\"potentialAction\":[{\"@type\":\"SearchAction\",\"target\":{\"@type\":\"EntryPoint\",\"urlTemplate\":\"https:\\\/\\\/www.uartes.edu.ec\\\/sitio\\\/en\\\/?s={search_term_string}\"},\"query-input\":{\"@type\":\"PropertyValueSpecification\",\"valueRequired\":true,\"valueName\":\"search_term_string\"}}],\"inLanguage\":\"en-US\"},{\"@type\":\"Organization\",\"@id\":\"https:\\\/\\\/www.uartes.edu.ec\\\/sitio\\\/en\\\/#organization\",\"name\":\"Universidad de las Artes\",\"url\":\"https:\\\/\\\/www.uartes.edu.ec\\\/sitio\\\/en\\\/\",\"logo\":{\"@type\":\"ImageObject\",\"inLanguage\":\"en-US\",\"@id\":\"https:\\\/\\\/www.uartes.edu.ec\\\/sitio\\\/en\\\/#\\\/schema\\\/logo\\\/image\\\/\",\"url\":\"https:\\\/\\\/www.uartes.edu.ec\\\/sitio\\\/wp-content\\\/uploads\\\/2022\\\/07\\\/logo-ua-horizontal.png\",\"contentUrl\":\"https:\\\/\\\/www.uartes.edu.ec\\\/sitio\\\/wp-content\\\/uploads\\\/2022\\\/07\\\/logo-ua-horizontal.png\",\"width\":800,\"height\":276,\"caption\":\"Universidad de las Artes\"},\"image\":{\"@id\":\"https:\\\/\\\/www.uartes.edu.ec\\\/sitio\\\/en\\\/#\\\/schema\\\/logo\\\/image\\\/\"},\"sameAs\":[\"https:\\\/\\\/www.facebook.com\\\/uartesec\",\"https:\\\/\\\/x.com\\\/uartesec\",\"https:\\\/\\\/www.tiktok.com\\\/@uartesec\"]},{\"@type\":\"Person\",\"@id\":\"https:\\\/\\\/www.uartes.edu.ec\\\/sitio\\\/en\\\/#\\\/schema\\\/person\\\/efa1b8275797664fd7f13a79ccc0b1f4\",\"name\":\"ccortez\",\"image\":{\"@type\":\"ImageObject\",\"inLanguage\":\"en-US\",\"@id\":\"https:\\\/\\\/secure.gravatar.com\\\/avatar\\\/b2a6f664a3ae8e074346ef91775736c5ec479e637ecced6842de9dc98b5da9cd?s=96&d=mm&r=g\",\"url\":\"https:\\\/\\\/secure.gravatar.com\\\/avatar\\\/b2a6f664a3ae8e074346ef91775736c5ec479e637ecced6842de9dc98b5da9cd?s=96&d=mm&r=g\",\"contentUrl\":\"https:\\\/\\\/secure.gravatar.com\\\/avatar\\\/b2a6f664a3ae8e074346ef91775736c5ec479e637ecced6842de9dc98b5da9cd?s=96&d=mm&r=g\",\"caption\":\"ccortez\"},\"url\":\"https:\\\/\\\/www.uartes.edu.ec\\\/sitio\\\/en\\\/blog\\\/author\\\/ccortez\\\/\"}]}<\/script>\n<!-- \/ Yoast SEO plugin. -->","yoast_head_json":{"title":"Universidad de las Artes - Maestr\u00eda en Cine Documental UArtes, \u00fanica en el pa\u00eds, profesionalizante y con vocaci\u00f3n pr\u00e1ctica desde su inicio","description":"Universidad de las Artes - Maestr\u00eda en Cine Documental UArtes, \u00fanica en el pa\u00eds, profesionalizante y con vocaci\u00f3n pr\u00e1ctica desde su inicio","robots":{"index":"index","follow":"follow","max-snippet":"max-snippet:-1","max-image-preview":"max-image-preview:large","max-video-preview":"max-video-preview:-1"},"canonical":"https:\/\/www.uartes.edu.ec\/sitio\/en\/blog\/2022\/07\/22\/la-maestria-en-cine-documental-de-la-uartes-es-unicaen-el-pais-profesionalizante-y-con-vocacion-practica\/","og_locale":"en_US","og_type":"article","og_title":"Universidad de las Artes - Maestr\u00eda en Cine Documental UArtes, \u00fanica en el pa\u00eds, profesionalizante y con vocaci\u00f3n pr\u00e1ctica desde su inicio","og_description":"Universidad de las Artes - Maestr\u00eda en Cine Documental UArtes, \u00fanica en el pa\u00eds, profesionalizante y con vocaci\u00f3n pr\u00e1ctica desde su inicio","og_url":"https:\/\/www.uartes.edu.ec\/sitio\/en\/blog\/2022\/07\/22\/la-maestria-en-cine-documental-de-la-uartes-es-unicaen-el-pais-profesionalizante-y-con-vocacion-practica\/","og_site_name":"Universidad de las Artes","article_publisher":"https:\/\/www.facebook.com\/uartesec","article_published_time":"2022-07-22T19:14:00+00:00","article_modified_time":"2024-07-04T16:23:17+00:00","og_image":[{"width":2000,"height":1333,"url":"https:\/\/www.uartes.edu.ec\/sitio\/wp-content\/uploads\/2022\/07\/DM-CINE-DOCUMENTAL-OK.jpg","type":"image\/jpeg"}],"author":"ccortez","twitter_card":"summary_large_image","twitter_creator":"@uartesec","twitter_site":"@uartesec","twitter_misc":{"Written by":"ccortez","Est. reading time":"9 minutes"},"schema":{"@context":"https:\/\/schema.org","@graph":[{"@type":"Article","@id":"https:\/\/www.uartes.edu.ec\/sitio\/en\/blog\/2022\/07\/22\/la-maestria-en-cine-documental-de-la-uartes-es-unicaen-el-pais-profesionalizante-y-con-vocacion-practica\/#article","isPartOf":{"@id":"https:\/\/www.uartes.edu.ec\/sitio\/en\/blog\/2022\/07\/22\/la-maestria-en-cine-documental-de-la-uartes-es-unicaen-el-pais-profesionalizante-y-con-vocacion-practica\/"},"author":{"name":"ccortez","@id":"https:\/\/www.uartes.edu.ec\/sitio\/en\/#\/schema\/person\/efa1b8275797664fd7f13a79ccc0b1f4"},"headline":"Maestr\u00eda en Cine Documental UArtes, \u00fanica en el pa\u00eds, profesionalizante y con vocaci\u00f3n pr\u00e1ctica desde su inicio","datePublished":"2022-07-22T19:14:00+00:00","dateModified":"2024-07-04T16:23:17+00:00","mainEntityOfPage":{"@id":"https:\/\/www.uartes.edu.ec\/sitio\/en\/blog\/2022\/07\/22\/la-maestria-en-cine-documental-de-la-uartes-es-unicaen-el-pais-profesionalizante-y-con-vocacion-practica\/"},"wordCount":1724,"commentCount":0,"publisher":{"@id":"https:\/\/www.uartes.edu.ec\/sitio\/en\/#organization"},"image":{"@id":"https:\/\/www.uartes.edu.ec\/sitio\/en\/blog\/2022\/07\/22\/la-maestria-en-cine-documental-de-la-uartes-es-unicaen-el-pais-profesionalizante-y-con-vocacion-practica\/#primaryimage"},"thumbnailUrl":"https:\/\/www.uartes.edu.ec\/sitio\/wp-content\/uploads\/2022\/07\/DM-CINE-DOCUMENTAL-OK.jpg","keywords":["Maestr\u00eda de Cine Documental"],"articleSection":["2B","Acad\u00e9mico","Alumni","Cine","Docentes","Estudiantes","Maestr\u00edas"],"inLanguage":"en-US","potentialAction":[{"@type":"CommentAction","name":"Comment","target":["https:\/\/www.uartes.edu.ec\/sitio\/en\/blog\/2022\/07\/22\/la-maestria-en-cine-documental-de-la-uartes-es-unicaen-el-pais-profesionalizante-y-con-vocacion-practica\/#respond"]}]},{"@type":["WebPage","ItemPage"],"@id":"https:\/\/www.uartes.edu.ec\/sitio\/en\/blog\/2022\/07\/22\/la-maestria-en-cine-documental-de-la-uartes-es-unicaen-el-pais-profesionalizante-y-con-vocacion-practica\/","url":"https:\/\/www.uartes.edu.ec\/sitio\/en\/blog\/2022\/07\/22\/la-maestria-en-cine-documental-de-la-uartes-es-unicaen-el-pais-profesionalizante-y-con-vocacion-practica\/","name":"Universidad de las Artes - Maestr\u00eda en Cine Documental UArtes, \u00fanica en el pa\u00eds, profesionalizante y con vocaci\u00f3n pr\u00e1ctica desde su inicio","isPartOf":{"@id":"https:\/\/www.uartes.edu.ec\/sitio\/en\/#website"},"primaryImageOfPage":{"@id":"https:\/\/www.uartes.edu.ec\/sitio\/en\/blog\/2022\/07\/22\/la-maestria-en-cine-documental-de-la-uartes-es-unicaen-el-pais-profesionalizante-y-con-vocacion-practica\/#primaryimage"},"image":{"@id":"https:\/\/www.uartes.edu.ec\/sitio\/en\/blog\/2022\/07\/22\/la-maestria-en-cine-documental-de-la-uartes-es-unicaen-el-pais-profesionalizante-y-con-vocacion-practica\/#primaryimage"},"thumbnailUrl":"https:\/\/www.uartes.edu.ec\/sitio\/wp-content\/uploads\/2022\/07\/DM-CINE-DOCUMENTAL-OK.jpg","datePublished":"2022-07-22T19:14:00+00:00","dateModified":"2024-07-04T16:23:17+00:00","description":"Universidad de las Artes - Maestr\u00eda en Cine Documental UArtes, \u00fanica en el pa\u00eds, profesionalizante y con vocaci\u00f3n pr\u00e1ctica desde su inicio","breadcrumb":{"@id":"https:\/\/www.uartes.edu.ec\/sitio\/en\/blog\/2022\/07\/22\/la-maestria-en-cine-documental-de-la-uartes-es-unicaen-el-pais-profesionalizante-y-con-vocacion-practica\/#breadcrumb"},"inLanguage":"en-US","potentialAction":[{"@type":"ReadAction","target":["https:\/\/www.uartes.edu.ec\/sitio\/en\/blog\/2022\/07\/22\/la-maestria-en-cine-documental-de-la-uartes-es-unicaen-el-pais-profesionalizante-y-con-vocacion-practica\/"]}]},{"@type":"ImageObject","inLanguage":"en-US","@id":"https:\/\/www.uartes.edu.ec\/sitio\/en\/blog\/2022\/07\/22\/la-maestria-en-cine-documental-de-la-uartes-es-unicaen-el-pais-profesionalizante-y-con-vocacion-practica\/#primaryimage","url":"https:\/\/www.uartes.edu.ec\/sitio\/wp-content\/uploads\/2022\/07\/DM-CINE-DOCUMENTAL-OK.jpg","contentUrl":"https:\/\/www.uartes.edu.ec\/sitio\/wp-content\/uploads\/2022\/07\/DM-CINE-DOCUMENTAL-OK.jpg","width":2000,"height":1333},{"@type":"BreadcrumbList","@id":"https:\/\/www.uartes.edu.ec\/sitio\/en\/blog\/2022\/07\/22\/la-maestria-en-cine-documental-de-la-uartes-es-unicaen-el-pais-profesionalizante-y-con-vocacion-practica\/#breadcrumb","itemListElement":[{"@type":"ListItem","position":1,"name":"Inicio","item":"https:\/\/www.uartes.edu.ec\/sitio\/"},{"@type":"ListItem","position":2,"name":"Maestr\u00eda en Cine Documental UArtes, \u00fanica en el pa\u00eds, profesionalizante y con vocaci\u00f3n pr\u00e1ctica desde su inicio"}]},{"@type":"WebSite","@id":"https:\/\/www.uartes.edu.ec\/sitio\/en\/#website","url":"https:\/\/www.uartes.edu.ec\/sitio\/en\/","name":"Universidad de las Artes","description":"Sitio oficial de la Universidad Nacional de las Artes del Ecuador","publisher":{"@id":"https:\/\/www.uartes.edu.ec\/sitio\/en\/#organization"},"potentialAction":[{"@type":"SearchAction","target":{"@type":"EntryPoint","urlTemplate":"https:\/\/www.uartes.edu.ec\/sitio\/en\/?s={search_term_string}"},"query-input":{"@type":"PropertyValueSpecification","valueRequired":true,"valueName":"search_term_string"}}],"inLanguage":"en-US"},{"@type":"Organization","@id":"https:\/\/www.uartes.edu.ec\/sitio\/en\/#organization","name":"Universidad de las Artes","url":"https:\/\/www.uartes.edu.ec\/sitio\/en\/","logo":{"@type":"ImageObject","inLanguage":"en-US","@id":"https:\/\/www.uartes.edu.ec\/sitio\/en\/#\/schema\/logo\/image\/","url":"https:\/\/www.uartes.edu.ec\/sitio\/wp-content\/uploads\/2022\/07\/logo-ua-horizontal.png","contentUrl":"https:\/\/www.uartes.edu.ec\/sitio\/wp-content\/uploads\/2022\/07\/logo-ua-horizontal.png","width":800,"height":276,"caption":"Universidad de las Artes"},"image":{"@id":"https:\/\/www.uartes.edu.ec\/sitio\/en\/#\/schema\/logo\/image\/"},"sameAs":["https:\/\/www.facebook.com\/uartesec","https:\/\/x.com\/uartesec","https:\/\/www.tiktok.com\/@uartesec"]},{"@type":"Person","@id":"https:\/\/www.uartes.edu.ec\/sitio\/en\/#\/schema\/person\/efa1b8275797664fd7f13a79ccc0b1f4","name":"ccortez","image":{"@type":"ImageObject","inLanguage":"en-US","@id":"https:\/\/secure.gravatar.com\/avatar\/b2a6f664a3ae8e074346ef91775736c5ec479e637ecced6842de9dc98b5da9cd?s=96&d=mm&r=g","url":"https:\/\/secure.gravatar.com\/avatar\/b2a6f664a3ae8e074346ef91775736c5ec479e637ecced6842de9dc98b5da9cd?s=96&d=mm&r=g","contentUrl":"https:\/\/secure.gravatar.com\/avatar\/b2a6f664a3ae8e074346ef91775736c5ec479e637ecced6842de9dc98b5da9cd?s=96&d=mm&r=g","caption":"ccortez"},"url":"https:\/\/www.uartes.edu.ec\/sitio\/en\/blog\/author\/ccortez\/"}]}},"uagb_featured_image_src":{"full":["https:\/\/www.uartes.edu.ec\/sitio\/wp-content\/uploads\/2022\/07\/DM-CINE-DOCUMENTAL-OK.jpg",2000,1333,false],"thumbnail":["https:\/\/www.uartes.edu.ec\/sitio\/wp-content\/uploads\/2022\/07\/DM-CINE-DOCUMENTAL-OK-150x150.jpg",150,150,true],"medium":["https:\/\/www.uartes.edu.ec\/sitio\/wp-content\/uploads\/2022\/07\/DM-CINE-DOCUMENTAL-OK-300x200.jpg",300,200,true],"medium_large":["https:\/\/www.uartes.edu.ec\/sitio\/wp-content\/uploads\/2022\/07\/DM-CINE-DOCUMENTAL-OK-768x512.jpg",768,512,true],"large":["https:\/\/www.uartes.edu.ec\/sitio\/wp-content\/uploads\/2022\/07\/DM-CINE-DOCUMENTAL-OK-644x429.jpg",644,429,true],"1536x1536":["https:\/\/www.uartes.edu.ec\/sitio\/wp-content\/uploads\/2022\/07\/DM-CINE-DOCUMENTAL-OK-1536x1024.jpg",1536,1024,true],"2048x2048":["https:\/\/www.uartes.edu.ec\/sitio\/wp-content\/uploads\/2022\/07\/DM-CINE-DOCUMENTAL-OK.jpg",2000,1333,false],"trp-custom-language-flag":["https:\/\/www.uartes.edu.ec\/sitio\/wp-content\/uploads\/2022\/07\/DM-CINE-DOCUMENTAL-OK.jpg",18,12,false],"htmega_size_585x295":["https:\/\/www.uartes.edu.ec\/sitio\/wp-content\/uploads\/2022\/07\/DM-CINE-DOCUMENTAL-OK.jpg",443,295,false],"htmega_size_1170x536":["https:\/\/www.uartes.edu.ec\/sitio\/wp-content\/uploads\/2022\/07\/DM-CINE-DOCUMENTAL-OK.jpg",804,536,false],"htmega_size_396x360":["https:\/\/www.uartes.edu.ec\/sitio\/wp-content\/uploads\/2022\/07\/DM-CINE-DOCUMENTAL-OK.jpg",396,264,false],"gb-block-post-grid-landscape":["https:\/\/www.uartes.edu.ec\/sitio\/wp-content\/uploads\/2022\/07\/DM-CINE-DOCUMENTAL-OK-600x400.jpg",600,400,true],"gb-block-post-grid-square":["https:\/\/www.uartes.edu.ec\/sitio\/wp-content\/uploads\/2022\/07\/DM-CINE-DOCUMENTAL-OK-600x600.jpg",600,600,true],"university-hub-thumb":["https:\/\/www.uartes.edu.ec\/sitio\/wp-content\/uploads\/2022\/07\/DM-CINE-DOCUMENTAL-OK-400x267.jpg",400,267,true],"mailpoet_newsletter_max":["https:\/\/www.uartes.edu.ec\/sitio\/wp-content\/uploads\/2022\/07\/DM-CINE-DOCUMENTAL-OK.jpg",1320,880,false]},"uagb_author_info":{"display_name":"ccortez","author_link":"https:\/\/www.uartes.edu.ec\/sitio\/en\/blog\/author\/ccortez\/"},"uagb_comment_info":0,"uagb_excerpt":"La maestr\u00eda en Cine Documental de la UArtes es la primera y \u00fanica en el pa\u00eds y desde el primer d\u00eda los maestrantes estar\u00e1n involucrados en la realizaci\u00f3n de una pel\u00edcula. El cineasta Manolo Sarmiento, su coordinador, se\u00f1ala as\u00ed la principal caracter\u00edstica de nuestra nueva oferta acad\u00e9mica. La Escuela de Posgrado y el Vicerrectorado de&hellip;","featured_image_src":"https:\/\/www.uartes.edu.ec\/sitio\/wp-content\/uploads\/2022\/07\/DM-CINE-DOCUMENTAL-OK-600x400.jpg","featured_image_src_square":"https:\/\/www.uartes.edu.ec\/sitio\/wp-content\/uploads\/2022\/07\/DM-CINE-DOCUMENTAL-OK-600x600.jpg","author_info":{"display_name":"ccortez","author_link":"https:\/\/www.uartes.edu.ec\/sitio\/en\/blog\/author\/ccortez\/"},"publishpress_future_workflow_manual_trigger":{"enabledWorkflows":[]},"distributor_meta":false,"distributor_terms":false,"distributor_media":false,"distributor_original_site_name":"Universidad de las Artes","distributor_original_site_url":"https:\/\/www.uartes.edu.ec\/sitio\/en","push-errors":false,"_links":{"self":[{"href":"https:\/\/www.uartes.edu.ec\/sitio\/en\/wp-json\/wp\/v2\/posts\/25385","targetHints":{"allow":["GET"]}}],"collection":[{"href":"https:\/\/www.uartes.edu.ec\/sitio\/en\/wp-json\/wp\/v2\/posts"}],"about":[{"href":"https:\/\/www.uartes.edu.ec\/sitio\/en\/wp-json\/wp\/v2\/types\/post"}],"author":[{"embeddable":true,"href":"https:\/\/www.uartes.edu.ec\/sitio\/en\/wp-json\/wp\/v2\/users\/10"}],"replies":[{"embeddable":true,"href":"https:\/\/www.uartes.edu.ec\/sitio\/en\/wp-json\/wp\/v2\/comments?post=25385"}],"version-history":[{"count":10,"href":"https:\/\/www.uartes.edu.ec\/sitio\/en\/wp-json\/wp\/v2\/posts\/25385\/revisions"}],"predecessor-version":[{"id":25452,"href":"https:\/\/www.uartes.edu.ec\/sitio\/en\/wp-json\/wp\/v2\/posts\/25385\/revisions\/25452"}],"wp:featuredmedia":[{"embeddable":true,"href":"https:\/\/www.uartes.edu.ec\/sitio\/en\/wp-json\/wp\/v2\/media\/25399"}],"wp:attachment":[{"href":"https:\/\/www.uartes.edu.ec\/sitio\/en\/wp-json\/wp\/v2\/media?parent=25385"}],"wp:term":[{"taxonomy":"category","embeddable":true,"href":"https:\/\/www.uartes.edu.ec\/sitio\/en\/wp-json\/wp\/v2\/categories?post=25385"},{"taxonomy":"post_tag","embeddable":true,"href":"https:\/\/www.uartes.edu.ec\/sitio\/en\/wp-json\/wp\/v2\/tags?post=25385"},{"taxonomy":"infouartes","embeddable":true,"href":"https:\/\/www.uartes.edu.ec\/sitio\/en\/wp-json\/wp\/v2\/infouartes?post=25385"}],"curies":[{"name":"wp","href":"https:\/\/api.w.org\/{rel}","templated":true}]}}