{"id":25551,"date":"2022-07-29T09:52:40","date_gmt":"2022-07-29T14:52:40","guid":{"rendered":"http:\/\/www.uartes.edu.ec\/sitio\/?p=25551"},"modified":"2024-07-04T11:23:14","modified_gmt":"2024-07-04T16:23:14","slug":"ponencias-plenarias-y-concierto-en-tercero-y-ultimo-dia-del-encuentro-arte-mujeres-y-espacio-publico","status":"publish","type":"post","link":"https:\/\/www.uartes.edu.ec\/sitio\/en\/blog\/2022\/07\/29\/ponencias-plenarias-y-concierto-en-tercero-y-ultimo-dia-del-encuentro-arte-mujeres-y-espacio-publico\/","title":{"rendered":"Ponencias, plenarias y concierto en tercero y \u00faltimo d\u00eda del encuentro Arte, Mujeres y Espacio P\u00fablico"},"content":{"rendered":"<p>La tercera edici\u00f3n de Arte, Mujeres y Espacio P\u00fablico tuvo su inicio este 27 de julio con una gran acogida no solo por parte de la comunidad universitaria, sino del p\u00fablico en general impactado de entrada por \u201cMujer de Piedra\u201d, una puesta en escena desarrollada en el Malakita que dej\u00f3 importantes reflexiones.<\/p>\n\n\n\n<p>En la inauguraci\u00f3n del encuentro, la noche del mismo 27 en la Galer\u00eda CIF del Centro de Producci\u00f3n e Innovaci\u00f3n MZ14 de la UArtes, su mentalizadora, doctora Mar\u00eda Fernanda L\u00f3pez, comparti\u00f3 con los presentes la experiencia ganada en cada una de las ediciones de esta propuesta, cuya tem\u00e1tica en este a\u00f1o es \u201cMujeres en resistencia, mujeres del asfalto\u201d.<\/p>\n\n\n\n<p>Mujeres que habitan el espacio comparten sus pr\u00e1cticas, t\u00e9cnicas, formas de producci\u00f3n y l\u00edneas de investigaci\u00f3n, dijo y cit\u00f3, entre otras, la presencia de la fot\u00f3grafa quite\u00f1a Martina Le\u00f3n y su indagaci\u00f3n desde un universo individual de la dimensi\u00f3n del ser en el espacio y la propuesta esc\u00e9nica de Noem\u00ed L\u00e1inez, que reflexiona sobre la mujer en los momentos de resistencia. \u201cCreemos en una academia comprometida, una militancia en la docencia y un compartir con nuestras alumnas en contextos de horizontalidad\u201d, se\u00f1al\u00f3 L\u00f3pez.<\/p>\n\n\n\n<p>La noci\u00f3n de espacio p\u00fablico desde la calle, la instituci\u00f3n, los medios de comunicaci\u00f3n, el arte y la academia se configuran en esta tercera edici\u00f3n, propiciada justamente para compartir las experiencias de varias generaciones de mujeres creadoras, gestoras y activistas; abrir espacios de di\u00e1logo y extender redes de circulaci\u00f3n de pr\u00e1cticas y conocimiento en la regi\u00f3n, agreg\u00f3.<\/p>\n\n\n\n<p>El encuentro se gestion\u00f3 desde el Departamento Transversal&nbsp;de Teor\u00edas Cr\u00edticas y Pr\u00e1cticas Experimentales en&nbsp;Artes de la UArtes, en el marco del convenio entre nuestra instituci\u00f3n de educaci\u00f3n superior y la Organizaci\u00f3n de Estados Iberoamericanos (OEI). Tambi\u00e9n interviene Emergencias Curatoriales, que dirige la doctora L\u00f3pez, gestora cultural, activista, curadora, investigadora y docente, quien est\u00e1 al frente de la cita; brinda su asistencia en la producci\u00f3n gr\u00e1fica JLA Colectivo de Artes.<\/p>\n\n\n\n<p>Hemos tenido intervenciones in situ, talleres, conversatorios y performance esc\u00e9nico y avanzamos en esta edici\u00f3n que redefine los procesos de resistencia desde el cuerpo, la imagen, la voz y las articulaciones culturales, expresa su mentalizadora, la doctora Mar\u00eda Fernanda L\u00f3pez, quien es gestora cultural, curadora y acad\u00e9mica. Menciona tambi\u00e9n las jornadas sobre gesti\u00f3n cultural que al paralelo se vienen desarrollando en la Casa de la Cultura N\u00facleo del Guayas, gracias a la apertura de su directora, doctora Martha Rizzo.<\/p>\n\n\n\n<p>Tras el desarrollo del taller de collage y fotograf\u00eda, del conversatorio y de la presentaci\u00f3n de portafolios, para hoy, viernes 29 de julio, est\u00e1n programados la inauguraci\u00f3n de las intervenciones y plenaria; 17:00, concierto con Kamikaze, La Abogada del Rap y Guabi, en el Malakita. Tambi\u00e9n, \u201cEl Arte de Calle\u201d con Gaby en Chicha, Melanie Padilla y Carolina Quilar.<\/p>","protected":false},"excerpt":{"rendered":"<p>La tercera edici\u00f3n de Arte, Mujeres y Espacio P\u00fablico tuvo su inicio este 27 de julio con una gran acogida no solo por parte de la comunidad universitaria, sino del p\u00fablico en general impactado de entrada por \u201cMujer de Piedra\u201d, una puesta en escena desarrollada en el Malakita.  Para hoy, viernes 29, est\u00e1n programados la plenaria y un concierto con Kamikaze, La Abogada del Rap y Guabi, en el Malakita. <\/p>","protected":false},"author":10,"featured_media":25753,"comment_status":"open","ping_status":"open","sticky":false,"template":"","format":"standard","meta":{"_acf_changed":false,"_uag_custom_page_level_css":"","_monsterinsights_skip_tracking":false,"_monsterinsights_sitenote_active":false,"_monsterinsights_sitenote_note":"","_monsterinsights_sitenote_category":0,"cybocfi_hide_featured_image":"","footnotes":""},"categories":[716,80,490,82,75,76,77,284],"tags":[],"infouartes":[],"class_list":["post-25551","post","type-post","status-publish","format-standard","has-post-thumbnail","hentry","category-1c","category-academico","category-alumni","category-artes","category-docentes","category-estudiantes","category-gestion","category-investigacion"],"acf":[],"yoast_head":"<!-- This site is optimized with the Yoast SEO plugin v27.4 - https:\/\/yoast.com\/product\/yoast-seo-wordpress\/ -->\n<title>Universidad de las Artes - Ponencias, plenarias y concierto en tercero y \u00faltimo d\u00eda del encuentro Arte, Mujeres y Espacio P\u00fablico<\/title>\n<meta name=\"description\" content=\"Universidad de las Artes - Ponencias, plenarias y concierto en tercero y \u00faltimo d\u00eda del encuentro Arte, Mujeres y Espacio P\u00fablico\" \/>\n<meta name=\"robots\" content=\"index, follow, max-snippet:-1, max-image-preview:large, max-video-preview:-1\" \/>\n<link rel=\"canonical\" href=\"https:\/\/www.uartes.edu.ec\/sitio\/en\/blog\/2022\/07\/29\/ponencias-plenarias-y-concierto-en-tercero-y-ultimo-dia-del-encuentro-arte-mujeres-y-espacio-publico\/\" \/>\n<meta property=\"og:locale\" content=\"en_US\" \/>\n<meta property=\"og:type\" content=\"article\" \/>\n<meta property=\"og:title\" content=\"Universidad de las Artes - Ponencias, plenarias y concierto en tercero y \u00faltimo d\u00eda del encuentro Arte, Mujeres y Espacio P\u00fablico\" \/>\n<meta property=\"og:description\" content=\"Universidad de las Artes - Ponencias, plenarias y concierto en tercero y \u00faltimo d\u00eda del encuentro Arte, Mujeres y Espacio P\u00fablico\" \/>\n<meta property=\"og:url\" content=\"https:\/\/www.uartes.edu.ec\/sitio\/en\/blog\/2022\/07\/29\/ponencias-plenarias-y-concierto-en-tercero-y-ultimo-dia-del-encuentro-arte-mujeres-y-espacio-publico\/\" \/>\n<meta property=\"og:site_name\" content=\"Universidad de las Artes\" \/>\n<meta property=\"article:publisher\" content=\"https:\/\/www.facebook.com\/uartesec\" \/>\n<meta property=\"article:published_time\" content=\"2022-07-29T14:52:40+00:00\" \/>\n<meta property=\"article:modified_time\" content=\"2024-07-04T16:23:14+00:00\" \/>\n<meta property=\"og:image\" content=\"https:\/\/www.uartes.edu.ec\/sitio\/wp-content\/uploads\/2022\/07\/ARTES-MUJERES-Y-ESPACIO-PUBLICO-WEB.jpg\" \/>\n\t<meta property=\"og:image:width\" content=\"2000\" \/>\n\t<meta property=\"og:image:height\" content=\"1333\" \/>\n\t<meta property=\"og:image:type\" content=\"image\/jpeg\" \/>\n<meta name=\"author\" content=\"ccortez\" \/>\n<meta name=\"twitter:card\" content=\"summary_large_image\" \/>\n<meta name=\"twitter:creator\" content=\"@uartesec\" \/>\n<meta name=\"twitter:site\" content=\"@uartesec\" \/>\n<meta name=\"twitter:label1\" content=\"Written by\" \/>\n\t<meta name=\"twitter:data1\" content=\"ccortez\" \/>\n\t<meta name=\"twitter:label2\" content=\"Est. reading time\" \/>\n\t<meta name=\"twitter:data2\" content=\"3 minutes\" \/>\n<script type=\"application\/ld+json\" class=\"yoast-schema-graph\">{\"@context\":\"https:\\\/\\\/schema.org\",\"@graph\":[{\"@type\":\"Article\",\"@id\":\"https:\\\/\\\/www.uartes.edu.ec\\\/sitio\\\/en\\\/blog\\\/2022\\\/07\\\/29\\\/ponencias-plenarias-y-concierto-en-tercero-y-ultimo-dia-del-encuentro-arte-mujeres-y-espacio-publico\\\/#article\",\"isPartOf\":{\"@id\":\"https:\\\/\\\/www.uartes.edu.ec\\\/sitio\\\/en\\\/blog\\\/2022\\\/07\\\/29\\\/ponencias-plenarias-y-concierto-en-tercero-y-ultimo-dia-del-encuentro-arte-mujeres-y-espacio-publico\\\/\"},\"author\":{\"name\":\"ccortez\",\"@id\":\"https:\\\/\\\/www.uartes.edu.ec\\\/sitio\\\/en\\\/#\\\/schema\\\/person\\\/efa1b8275797664fd7f13a79ccc0b1f4\"},\"headline\":\"Ponencias, plenarias y concierto en tercero y \u00faltimo d\u00eda del encuentro Arte, Mujeres y Espacio P\u00fablico\",\"datePublished\":\"2022-07-29T14:52:40+00:00\",\"dateModified\":\"2024-07-04T16:23:14+00:00\",\"mainEntityOfPage\":{\"@id\":\"https:\\\/\\\/www.uartes.edu.ec\\\/sitio\\\/en\\\/blog\\\/2022\\\/07\\\/29\\\/ponencias-plenarias-y-concierto-en-tercero-y-ultimo-dia-del-encuentro-arte-mujeres-y-espacio-publico\\\/\"},\"wordCount\":532,\"commentCount\":0,\"publisher\":{\"@id\":\"https:\\\/\\\/www.uartes.edu.ec\\\/sitio\\\/en\\\/#organization\"},\"image\":{\"@id\":\"https:\\\/\\\/www.uartes.edu.ec\\\/sitio\\\/en\\\/blog\\\/2022\\\/07\\\/29\\\/ponencias-plenarias-y-concierto-en-tercero-y-ultimo-dia-del-encuentro-arte-mujeres-y-espacio-publico\\\/#primaryimage\"},\"thumbnailUrl\":\"https:\\\/\\\/www.uartes.edu.ec\\\/sitio\\\/wp-content\\\/uploads\\\/2022\\\/07\\\/ARTES-MUJERES-Y-ESPACIO-PUBLICO-WEB.jpg\",\"articleSection\":[\"1C\",\"Acad\u00e9mico\",\"Alumni\",\"Artes\",\"Docentes\",\"Estudiantes\",\"Gesti\u00f3n\",\"Investigaci\u00f3n\"],\"inLanguage\":\"en-US\",\"potentialAction\":[{\"@type\":\"CommentAction\",\"name\":\"Comment\",\"target\":[\"https:\\\/\\\/www.uartes.edu.ec\\\/sitio\\\/en\\\/blog\\\/2022\\\/07\\\/29\\\/ponencias-plenarias-y-concierto-en-tercero-y-ultimo-dia-del-encuentro-arte-mujeres-y-espacio-publico\\\/#respond\"]}]},{\"@type\":[\"WebPage\",\"ItemPage\"],\"@id\":\"https:\\\/\\\/www.uartes.edu.ec\\\/sitio\\\/en\\\/blog\\\/2022\\\/07\\\/29\\\/ponencias-plenarias-y-concierto-en-tercero-y-ultimo-dia-del-encuentro-arte-mujeres-y-espacio-publico\\\/\",\"url\":\"https:\\\/\\\/www.uartes.edu.ec\\\/sitio\\\/en\\\/blog\\\/2022\\\/07\\\/29\\\/ponencias-plenarias-y-concierto-en-tercero-y-ultimo-dia-del-encuentro-arte-mujeres-y-espacio-publico\\\/\",\"name\":\"Universidad de las Artes - Ponencias, plenarias y concierto en tercero y \u00faltimo d\u00eda del encuentro Arte, Mujeres y Espacio P\u00fablico\",\"isPartOf\":{\"@id\":\"https:\\\/\\\/www.uartes.edu.ec\\\/sitio\\\/en\\\/#website\"},\"primaryImageOfPage\":{\"@id\":\"https:\\\/\\\/www.uartes.edu.ec\\\/sitio\\\/en\\\/blog\\\/2022\\\/07\\\/29\\\/ponencias-plenarias-y-concierto-en-tercero-y-ultimo-dia-del-encuentro-arte-mujeres-y-espacio-publico\\\/#primaryimage\"},\"image\":{\"@id\":\"https:\\\/\\\/www.uartes.edu.ec\\\/sitio\\\/en\\\/blog\\\/2022\\\/07\\\/29\\\/ponencias-plenarias-y-concierto-en-tercero-y-ultimo-dia-del-encuentro-arte-mujeres-y-espacio-publico\\\/#primaryimage\"},\"thumbnailUrl\":\"https:\\\/\\\/www.uartes.edu.ec\\\/sitio\\\/wp-content\\\/uploads\\\/2022\\\/07\\\/ARTES-MUJERES-Y-ESPACIO-PUBLICO-WEB.jpg\",\"datePublished\":\"2022-07-29T14:52:40+00:00\",\"dateModified\":\"2024-07-04T16:23:14+00:00\",\"description\":\"Universidad de las Artes - Ponencias, plenarias y concierto en tercero y \u00faltimo d\u00eda del encuentro Arte, Mujeres y Espacio P\u00fablico\",\"breadcrumb\":{\"@id\":\"https:\\\/\\\/www.uartes.edu.ec\\\/sitio\\\/en\\\/blog\\\/2022\\\/07\\\/29\\\/ponencias-plenarias-y-concierto-en-tercero-y-ultimo-dia-del-encuentro-arte-mujeres-y-espacio-publico\\\/#breadcrumb\"},\"inLanguage\":\"en-US\",\"potentialAction\":[{\"@type\":\"ReadAction\",\"target\":[\"https:\\\/\\\/www.uartes.edu.ec\\\/sitio\\\/en\\\/blog\\\/2022\\\/07\\\/29\\\/ponencias-plenarias-y-concierto-en-tercero-y-ultimo-dia-del-encuentro-arte-mujeres-y-espacio-publico\\\/\"]}]},{\"@type\":\"ImageObject\",\"inLanguage\":\"en-US\",\"@id\":\"https:\\\/\\\/www.uartes.edu.ec\\\/sitio\\\/en\\\/blog\\\/2022\\\/07\\\/29\\\/ponencias-plenarias-y-concierto-en-tercero-y-ultimo-dia-del-encuentro-arte-mujeres-y-espacio-publico\\\/#primaryimage\",\"url\":\"https:\\\/\\\/www.uartes.edu.ec\\\/sitio\\\/wp-content\\\/uploads\\\/2022\\\/07\\\/ARTES-MUJERES-Y-ESPACIO-PUBLICO-WEB.jpg\",\"contentUrl\":\"https:\\\/\\\/www.uartes.edu.ec\\\/sitio\\\/wp-content\\\/uploads\\\/2022\\\/07\\\/ARTES-MUJERES-Y-ESPACIO-PUBLICO-WEB.jpg\",\"width\":2000,\"height\":1333},{\"@type\":\"BreadcrumbList\",\"@id\":\"https:\\\/\\\/www.uartes.edu.ec\\\/sitio\\\/en\\\/blog\\\/2022\\\/07\\\/29\\\/ponencias-plenarias-y-concierto-en-tercero-y-ultimo-dia-del-encuentro-arte-mujeres-y-espacio-publico\\\/#breadcrumb\",\"itemListElement\":[{\"@type\":\"ListItem\",\"position\":1,\"name\":\"Inicio\",\"item\":\"https:\\\/\\\/www.uartes.edu.ec\\\/sitio\\\/\"},{\"@type\":\"ListItem\",\"position\":2,\"name\":\"Ponencias, plenarias y concierto en tercero y \u00faltimo d\u00eda del encuentro Arte, Mujeres y Espacio P\u00fablico\"}]},{\"@type\":\"WebSite\",\"@id\":\"https:\\\/\\\/www.uartes.edu.ec\\\/sitio\\\/en\\\/#website\",\"url\":\"https:\\\/\\\/www.uartes.edu.ec\\\/sitio\\\/en\\\/\",\"name\":\"Universidad de las Artes\",\"description\":\"Sitio oficial de la Universidad Nacional de las Artes del Ecuador\",\"publisher\":{\"@id\":\"https:\\\/\\\/www.uartes.edu.ec\\\/sitio\\\/en\\\/#organization\"},\"potentialAction\":[{\"@type\":\"SearchAction\",\"target\":{\"@type\":\"EntryPoint\",\"urlTemplate\":\"https:\\\/\\\/www.uartes.edu.ec\\\/sitio\\\/en\\\/?s={search_term_string}\"},\"query-input\":{\"@type\":\"PropertyValueSpecification\",\"valueRequired\":true,\"valueName\":\"search_term_string\"}}],\"inLanguage\":\"en-US\"},{\"@type\":\"Organization\",\"@id\":\"https:\\\/\\\/www.uartes.edu.ec\\\/sitio\\\/en\\\/#organization\",\"name\":\"Universidad de las Artes\",\"url\":\"https:\\\/\\\/www.uartes.edu.ec\\\/sitio\\\/en\\\/\",\"logo\":{\"@type\":\"ImageObject\",\"inLanguage\":\"en-US\",\"@id\":\"https:\\\/\\\/www.uartes.edu.ec\\\/sitio\\\/en\\\/#\\\/schema\\\/logo\\\/image\\\/\",\"url\":\"https:\\\/\\\/www.uartes.edu.ec\\\/sitio\\\/wp-content\\\/uploads\\\/2022\\\/07\\\/logo-ua-horizontal.png\",\"contentUrl\":\"https:\\\/\\\/www.uartes.edu.ec\\\/sitio\\\/wp-content\\\/uploads\\\/2022\\\/07\\\/logo-ua-horizontal.png\",\"width\":800,\"height\":276,\"caption\":\"Universidad de las Artes\"},\"image\":{\"@id\":\"https:\\\/\\\/www.uartes.edu.ec\\\/sitio\\\/en\\\/#\\\/schema\\\/logo\\\/image\\\/\"},\"sameAs\":[\"https:\\\/\\\/www.facebook.com\\\/uartesec\",\"https:\\\/\\\/x.com\\\/uartesec\",\"https:\\\/\\\/www.tiktok.com\\\/@uartesec\"]},{\"@type\":\"Person\",\"@id\":\"https:\\\/\\\/www.uartes.edu.ec\\\/sitio\\\/en\\\/#\\\/schema\\\/person\\\/efa1b8275797664fd7f13a79ccc0b1f4\",\"name\":\"ccortez\",\"image\":{\"@type\":\"ImageObject\",\"inLanguage\":\"en-US\",\"@id\":\"https:\\\/\\\/secure.gravatar.com\\\/avatar\\\/b2a6f664a3ae8e074346ef91775736c5ec479e637ecced6842de9dc98b5da9cd?s=96&d=mm&r=g\",\"url\":\"https:\\\/\\\/secure.gravatar.com\\\/avatar\\\/b2a6f664a3ae8e074346ef91775736c5ec479e637ecced6842de9dc98b5da9cd?s=96&d=mm&r=g\",\"contentUrl\":\"https:\\\/\\\/secure.gravatar.com\\\/avatar\\\/b2a6f664a3ae8e074346ef91775736c5ec479e637ecced6842de9dc98b5da9cd?s=96&d=mm&r=g\",\"caption\":\"ccortez\"},\"url\":\"https:\\\/\\\/www.uartes.edu.ec\\\/sitio\\\/en\\\/blog\\\/author\\\/ccortez\\\/\"}]}<\/script>\n<!-- \/ Yoast SEO plugin. -->","yoast_head_json":{"title":"Universidad de las Artes - Ponencias, plenarias y concierto en tercero y \u00faltimo d\u00eda del encuentro Arte, Mujeres y Espacio P\u00fablico","description":"Universidad de las Artes - Ponencias, plenarias y concierto en tercero y \u00faltimo d\u00eda del encuentro Arte, Mujeres y Espacio P\u00fablico","robots":{"index":"index","follow":"follow","max-snippet":"max-snippet:-1","max-image-preview":"max-image-preview:large","max-video-preview":"max-video-preview:-1"},"canonical":"https:\/\/www.uartes.edu.ec\/sitio\/en\/blog\/2022\/07\/29\/ponencias-plenarias-y-concierto-en-tercero-y-ultimo-dia-del-encuentro-arte-mujeres-y-espacio-publico\/","og_locale":"en_US","og_type":"article","og_title":"Universidad de las Artes - Ponencias, plenarias y concierto en tercero y \u00faltimo d\u00eda del encuentro Arte, Mujeres y Espacio P\u00fablico","og_description":"Universidad de las Artes - Ponencias, plenarias y concierto en tercero y \u00faltimo d\u00eda del encuentro Arte, Mujeres y Espacio P\u00fablico","og_url":"https:\/\/www.uartes.edu.ec\/sitio\/en\/blog\/2022\/07\/29\/ponencias-plenarias-y-concierto-en-tercero-y-ultimo-dia-del-encuentro-arte-mujeres-y-espacio-publico\/","og_site_name":"Universidad de las Artes","article_publisher":"https:\/\/www.facebook.com\/uartesec","article_published_time":"2022-07-29T14:52:40+00:00","article_modified_time":"2024-07-04T16:23:14+00:00","og_image":[{"width":2000,"height":1333,"url":"https:\/\/www.uartes.edu.ec\/sitio\/wp-content\/uploads\/2022\/07\/ARTES-MUJERES-Y-ESPACIO-PUBLICO-WEB.jpg","type":"image\/jpeg"}],"author":"ccortez","twitter_card":"summary_large_image","twitter_creator":"@uartesec","twitter_site":"@uartesec","twitter_misc":{"Written by":"ccortez","Est. reading time":"3 minutes"},"schema":{"@context":"https:\/\/schema.org","@graph":[{"@type":"Article","@id":"https:\/\/www.uartes.edu.ec\/sitio\/en\/blog\/2022\/07\/29\/ponencias-plenarias-y-concierto-en-tercero-y-ultimo-dia-del-encuentro-arte-mujeres-y-espacio-publico\/#article","isPartOf":{"@id":"https:\/\/www.uartes.edu.ec\/sitio\/en\/blog\/2022\/07\/29\/ponencias-plenarias-y-concierto-en-tercero-y-ultimo-dia-del-encuentro-arte-mujeres-y-espacio-publico\/"},"author":{"name":"ccortez","@id":"https:\/\/www.uartes.edu.ec\/sitio\/en\/#\/schema\/person\/efa1b8275797664fd7f13a79ccc0b1f4"},"headline":"Ponencias, plenarias y concierto en tercero y \u00faltimo d\u00eda del encuentro Arte, Mujeres y Espacio P\u00fablico","datePublished":"2022-07-29T14:52:40+00:00","dateModified":"2024-07-04T16:23:14+00:00","mainEntityOfPage":{"@id":"https:\/\/www.uartes.edu.ec\/sitio\/en\/blog\/2022\/07\/29\/ponencias-plenarias-y-concierto-en-tercero-y-ultimo-dia-del-encuentro-arte-mujeres-y-espacio-publico\/"},"wordCount":532,"commentCount":0,"publisher":{"@id":"https:\/\/www.uartes.edu.ec\/sitio\/en\/#organization"},"image":{"@id":"https:\/\/www.uartes.edu.ec\/sitio\/en\/blog\/2022\/07\/29\/ponencias-plenarias-y-concierto-en-tercero-y-ultimo-dia-del-encuentro-arte-mujeres-y-espacio-publico\/#primaryimage"},"thumbnailUrl":"https:\/\/www.uartes.edu.ec\/sitio\/wp-content\/uploads\/2022\/07\/ARTES-MUJERES-Y-ESPACIO-PUBLICO-WEB.jpg","articleSection":["1C","Acad\u00e9mico","Alumni","Artes","Docentes","Estudiantes","Gesti\u00f3n","Investigaci\u00f3n"],"inLanguage":"en-US","potentialAction":[{"@type":"CommentAction","name":"Comment","target":["https:\/\/www.uartes.edu.ec\/sitio\/en\/blog\/2022\/07\/29\/ponencias-plenarias-y-concierto-en-tercero-y-ultimo-dia-del-encuentro-arte-mujeres-y-espacio-publico\/#respond"]}]},{"@type":["WebPage","ItemPage"],"@id":"https:\/\/www.uartes.edu.ec\/sitio\/en\/blog\/2022\/07\/29\/ponencias-plenarias-y-concierto-en-tercero-y-ultimo-dia-del-encuentro-arte-mujeres-y-espacio-publico\/","url":"https:\/\/www.uartes.edu.ec\/sitio\/en\/blog\/2022\/07\/29\/ponencias-plenarias-y-concierto-en-tercero-y-ultimo-dia-del-encuentro-arte-mujeres-y-espacio-publico\/","name":"Universidad de las Artes - Ponencias, plenarias y concierto en tercero y \u00faltimo d\u00eda del encuentro Arte, Mujeres y Espacio P\u00fablico","isPartOf":{"@id":"https:\/\/www.uartes.edu.ec\/sitio\/en\/#website"},"primaryImageOfPage":{"@id":"https:\/\/www.uartes.edu.ec\/sitio\/en\/blog\/2022\/07\/29\/ponencias-plenarias-y-concierto-en-tercero-y-ultimo-dia-del-encuentro-arte-mujeres-y-espacio-publico\/#primaryimage"},"image":{"@id":"https:\/\/www.uartes.edu.ec\/sitio\/en\/blog\/2022\/07\/29\/ponencias-plenarias-y-concierto-en-tercero-y-ultimo-dia-del-encuentro-arte-mujeres-y-espacio-publico\/#primaryimage"},"thumbnailUrl":"https:\/\/www.uartes.edu.ec\/sitio\/wp-content\/uploads\/2022\/07\/ARTES-MUJERES-Y-ESPACIO-PUBLICO-WEB.jpg","datePublished":"2022-07-29T14:52:40+00:00","dateModified":"2024-07-04T16:23:14+00:00","description":"Universidad de las Artes - Ponencias, plenarias y concierto en tercero y \u00faltimo d\u00eda del encuentro Arte, Mujeres y Espacio P\u00fablico","breadcrumb":{"@id":"https:\/\/www.uartes.edu.ec\/sitio\/en\/blog\/2022\/07\/29\/ponencias-plenarias-y-concierto-en-tercero-y-ultimo-dia-del-encuentro-arte-mujeres-y-espacio-publico\/#breadcrumb"},"inLanguage":"en-US","potentialAction":[{"@type":"ReadAction","target":["https:\/\/www.uartes.edu.ec\/sitio\/en\/blog\/2022\/07\/29\/ponencias-plenarias-y-concierto-en-tercero-y-ultimo-dia-del-encuentro-arte-mujeres-y-espacio-publico\/"]}]},{"@type":"ImageObject","inLanguage":"en-US","@id":"https:\/\/www.uartes.edu.ec\/sitio\/en\/blog\/2022\/07\/29\/ponencias-plenarias-y-concierto-en-tercero-y-ultimo-dia-del-encuentro-arte-mujeres-y-espacio-publico\/#primaryimage","url":"https:\/\/www.uartes.edu.ec\/sitio\/wp-content\/uploads\/2022\/07\/ARTES-MUJERES-Y-ESPACIO-PUBLICO-WEB.jpg","contentUrl":"https:\/\/www.uartes.edu.ec\/sitio\/wp-content\/uploads\/2022\/07\/ARTES-MUJERES-Y-ESPACIO-PUBLICO-WEB.jpg","width":2000,"height":1333},{"@type":"BreadcrumbList","@id":"https:\/\/www.uartes.edu.ec\/sitio\/en\/blog\/2022\/07\/29\/ponencias-plenarias-y-concierto-en-tercero-y-ultimo-dia-del-encuentro-arte-mujeres-y-espacio-publico\/#breadcrumb","itemListElement":[{"@type":"ListItem","position":1,"name":"Inicio","item":"https:\/\/www.uartes.edu.ec\/sitio\/"},{"@type":"ListItem","position":2,"name":"Ponencias, plenarias y concierto en tercero y \u00faltimo d\u00eda del encuentro Arte, Mujeres y Espacio P\u00fablico"}]},{"@type":"WebSite","@id":"https:\/\/www.uartes.edu.ec\/sitio\/en\/#website","url":"https:\/\/www.uartes.edu.ec\/sitio\/en\/","name":"Universidad de las Artes","description":"Sitio oficial de la Universidad Nacional de las Artes del Ecuador","publisher":{"@id":"https:\/\/www.uartes.edu.ec\/sitio\/en\/#organization"},"potentialAction":[{"@type":"SearchAction","target":{"@type":"EntryPoint","urlTemplate":"https:\/\/www.uartes.edu.ec\/sitio\/en\/?s={search_term_string}"},"query-input":{"@type":"PropertyValueSpecification","valueRequired":true,"valueName":"search_term_string"}}],"inLanguage":"en-US"},{"@type":"Organization","@id":"https:\/\/www.uartes.edu.ec\/sitio\/en\/#organization","name":"Universidad de las Artes","url":"https:\/\/www.uartes.edu.ec\/sitio\/en\/","logo":{"@type":"ImageObject","inLanguage":"en-US","@id":"https:\/\/www.uartes.edu.ec\/sitio\/en\/#\/schema\/logo\/image\/","url":"https:\/\/www.uartes.edu.ec\/sitio\/wp-content\/uploads\/2022\/07\/logo-ua-horizontal.png","contentUrl":"https:\/\/www.uartes.edu.ec\/sitio\/wp-content\/uploads\/2022\/07\/logo-ua-horizontal.png","width":800,"height":276,"caption":"Universidad de las Artes"},"image":{"@id":"https:\/\/www.uartes.edu.ec\/sitio\/en\/#\/schema\/logo\/image\/"},"sameAs":["https:\/\/www.facebook.com\/uartesec","https:\/\/x.com\/uartesec","https:\/\/www.tiktok.com\/@uartesec"]},{"@type":"Person","@id":"https:\/\/www.uartes.edu.ec\/sitio\/en\/#\/schema\/person\/efa1b8275797664fd7f13a79ccc0b1f4","name":"ccortez","image":{"@type":"ImageObject","inLanguage":"en-US","@id":"https:\/\/secure.gravatar.com\/avatar\/b2a6f664a3ae8e074346ef91775736c5ec479e637ecced6842de9dc98b5da9cd?s=96&d=mm&r=g","url":"https:\/\/secure.gravatar.com\/avatar\/b2a6f664a3ae8e074346ef91775736c5ec479e637ecced6842de9dc98b5da9cd?s=96&d=mm&r=g","contentUrl":"https:\/\/secure.gravatar.com\/avatar\/b2a6f664a3ae8e074346ef91775736c5ec479e637ecced6842de9dc98b5da9cd?s=96&d=mm&r=g","caption":"ccortez"},"url":"https:\/\/www.uartes.edu.ec\/sitio\/en\/blog\/author\/ccortez\/"}]}},"uagb_featured_image_src":{"full":["https:\/\/www.uartes.edu.ec\/sitio\/wp-content\/uploads\/2022\/07\/ARTES-MUJERES-Y-ESPACIO-PUBLICO-WEB.jpg",2000,1333,false],"thumbnail":["https:\/\/www.uartes.edu.ec\/sitio\/wp-content\/uploads\/2022\/07\/ARTES-MUJERES-Y-ESPACIO-PUBLICO-WEB-150x150.jpg",150,150,true],"medium":["https:\/\/www.uartes.edu.ec\/sitio\/wp-content\/uploads\/2022\/07\/ARTES-MUJERES-Y-ESPACIO-PUBLICO-WEB-300x200.jpg",300,200,true],"medium_large":["https:\/\/www.uartes.edu.ec\/sitio\/wp-content\/uploads\/2022\/07\/ARTES-MUJERES-Y-ESPACIO-PUBLICO-WEB-768x512.jpg",768,512,true],"large":["https:\/\/www.uartes.edu.ec\/sitio\/wp-content\/uploads\/2022\/07\/ARTES-MUJERES-Y-ESPACIO-PUBLICO-WEB-644x429.jpg",644,429,true],"1536x1536":["https:\/\/www.uartes.edu.ec\/sitio\/wp-content\/uploads\/2022\/07\/ARTES-MUJERES-Y-ESPACIO-PUBLICO-WEB-1536x1024.jpg",1536,1024,true],"2048x2048":["https:\/\/www.uartes.edu.ec\/sitio\/wp-content\/uploads\/2022\/07\/ARTES-MUJERES-Y-ESPACIO-PUBLICO-WEB.jpg",2000,1333,false],"trp-custom-language-flag":["https:\/\/www.uartes.edu.ec\/sitio\/wp-content\/uploads\/2022\/07\/ARTES-MUJERES-Y-ESPACIO-PUBLICO-WEB.jpg",18,12,false],"htmega_size_585x295":["https:\/\/www.uartes.edu.ec\/sitio\/wp-content\/uploads\/2022\/07\/ARTES-MUJERES-Y-ESPACIO-PUBLICO-WEB.jpg",443,295,false],"htmega_size_1170x536":["https:\/\/www.uartes.edu.ec\/sitio\/wp-content\/uploads\/2022\/07\/ARTES-MUJERES-Y-ESPACIO-PUBLICO-WEB.jpg",804,536,false],"htmega_size_396x360":["https:\/\/www.uartes.edu.ec\/sitio\/wp-content\/uploads\/2022\/07\/ARTES-MUJERES-Y-ESPACIO-PUBLICO-WEB.jpg",396,264,false],"gb-block-post-grid-landscape":["https:\/\/www.uartes.edu.ec\/sitio\/wp-content\/uploads\/2022\/07\/ARTES-MUJERES-Y-ESPACIO-PUBLICO-WEB-600x400.jpg",600,400,true],"gb-block-post-grid-square":["https:\/\/www.uartes.edu.ec\/sitio\/wp-content\/uploads\/2022\/07\/ARTES-MUJERES-Y-ESPACIO-PUBLICO-WEB-600x600.jpg",600,600,true],"university-hub-thumb":["https:\/\/www.uartes.edu.ec\/sitio\/wp-content\/uploads\/2022\/07\/ARTES-MUJERES-Y-ESPACIO-PUBLICO-WEB-400x267.jpg",400,267,true]},"uagb_author_info":{"display_name":"ccortez","author_link":"https:\/\/www.uartes.edu.ec\/sitio\/en\/blog\/author\/ccortez\/"},"uagb_comment_info":0,"uagb_excerpt":"La tercera edici\u00f3n de Arte, Mujeres y Espacio P\u00fablico tuvo su inicio este 27 de julio con una gran acogida no solo por parte de la comunidad universitaria, sino del p\u00fablico en general impactado de entrada por \u201cMujer de Piedra\u201d, una puesta en escena desarrollada en el Malakita. Para hoy, viernes 29, est\u00e1n programados la&hellip;","featured_image_src":"https:\/\/www.uartes.edu.ec\/sitio\/wp-content\/uploads\/2022\/07\/ARTES-MUJERES-Y-ESPACIO-PUBLICO-WEB-600x400.jpg","featured_image_src_square":"https:\/\/www.uartes.edu.ec\/sitio\/wp-content\/uploads\/2022\/07\/ARTES-MUJERES-Y-ESPACIO-PUBLICO-WEB-600x600.jpg","author_info":{"display_name":"ccortez","author_link":"https:\/\/www.uartes.edu.ec\/sitio\/en\/blog\/author\/ccortez\/"},"publishpress_future_workflow_manual_trigger":{"enabledWorkflows":[]},"distributor_meta":false,"distributor_terms":false,"distributor_media":false,"distributor_original_site_name":"Universidad de las Artes","distributor_original_site_url":"https:\/\/www.uartes.edu.ec\/sitio\/en","push-errors":false,"_links":{"self":[{"href":"https:\/\/www.uartes.edu.ec\/sitio\/en\/wp-json\/wp\/v2\/posts\/25551","targetHints":{"allow":["GET"]}}],"collection":[{"href":"https:\/\/www.uartes.edu.ec\/sitio\/en\/wp-json\/wp\/v2\/posts"}],"about":[{"href":"https:\/\/www.uartes.edu.ec\/sitio\/en\/wp-json\/wp\/v2\/types\/post"}],"author":[{"embeddable":true,"href":"https:\/\/www.uartes.edu.ec\/sitio\/en\/wp-json\/wp\/v2\/users\/10"}],"replies":[{"embeddable":true,"href":"https:\/\/www.uartes.edu.ec\/sitio\/en\/wp-json\/wp\/v2\/comments?post=25551"}],"version-history":[{"count":5,"href":"https:\/\/www.uartes.edu.ec\/sitio\/en\/wp-json\/wp\/v2\/posts\/25551\/revisions"}],"predecessor-version":[{"id":25779,"href":"https:\/\/www.uartes.edu.ec\/sitio\/en\/wp-json\/wp\/v2\/posts\/25551\/revisions\/25779"}],"wp:featuredmedia":[{"embeddable":true,"href":"https:\/\/www.uartes.edu.ec\/sitio\/en\/wp-json\/wp\/v2\/media\/25753"}],"wp:attachment":[{"href":"https:\/\/www.uartes.edu.ec\/sitio\/en\/wp-json\/wp\/v2\/media?parent=25551"}],"wp:term":[{"taxonomy":"category","embeddable":true,"href":"https:\/\/www.uartes.edu.ec\/sitio\/en\/wp-json\/wp\/v2\/categories?post=25551"},{"taxonomy":"post_tag","embeddable":true,"href":"https:\/\/www.uartes.edu.ec\/sitio\/en\/wp-json\/wp\/v2\/tags?post=25551"},{"taxonomy":"infouartes","embeddable":true,"href":"https:\/\/www.uartes.edu.ec\/sitio\/en\/wp-json\/wp\/v2\/infouartes?post=25551"}],"curies":[{"name":"wp","href":"https:\/\/api.w.org\/{rel}","templated":true}]}}